{"id":5727,"date":"2022-08-26T17:52:50","date_gmt":"2022-08-26T20:52:50","guid":{"rendered":"https:\/\/www.sabra.org.br\/site\/?p=5727"},"modified":"2022-08-26T17:52:50","modified_gmt":"2022-08-26T20:52:50","slug":"instrumentista-ou-musico","status":"publish","type":"post","link":"https:\/\/www.sabra.org.br\/site\/instrumentista-ou-musico\/","title":{"rendered":"M\u00fasico e instrumentista?"},"content":{"rendered":"<p>[vc_row][vc_column][vc_column_text]<\/p>\n<h1>Qual \u00e9 a diferen\u00e7a entre m\u00fasico e instrumentista?<\/h1>\n<p>Se voc\u00ea \u00e9 apaixonado ou apaixonada por m\u00fasica, \u00e9 prov\u00e1vel que j\u00e1 tenha se pego pensando &#8220;afinal, qual a real diferen\u00e7a entre um m\u00fasico e um instrumentista\u201d? Ok, talvez isso nunca tenha lhe ocorrido, mas apostamos que o t\u00edtulo deste artigo lhe deixou curioso quanto ao assunto, certo?<\/p>\n<p>No geral, \u00e9 comum que as pessoas confundam estes dois termos, j\u00e1 que eles s\u00e3o vistos com frequ\u00eancia associados. Mas, voc\u00ea j\u00e1 parou para pensar na etimologia das palavras? J\u00e1 notou como soam de maneiras diferentes e como, simplesmente, apresentam algumas pistas de seus significados?<\/p>\n<p>N\u00e3o? Ent\u00e3o, reserve alguns minutos, sente-se confortavelmente, e venha descobrir conosco a diferen\u00e7a entre ser um m\u00fasico e um instrumentista. Vamos come\u00e7ar?<\/p>\n<h2>Mas, afinal, o que \u00e9 um m\u00fasico?<\/h2>\n<p>De forma resumida, podemos dizer que um m\u00fasico \u00e9 algu\u00e9m que possui verdadeira paix\u00e3o pelos sons e que pode, ou n\u00e3o, tocar algum tipo de instrumento. No geral, essas pessoas possuem facilidade para identificar notas, acordes e at\u00e9 mesmo quando h\u00e1 alguma desafina\u00e7\u00e3o.<\/p>\n<p>Logo, ser um m\u00fasico significa que a pessoa \u00e9 capaz de se expressar atrav\u00e9s da m\u00fasica, o que vai muito al\u00e9m de entender a din\u00e2mica de um instrumento.<\/p>\n<p>Tamb\u00e9m costumamos chamar de m\u00fasicos aqueles que s\u00e3o capazes de escrever, compor, executar e interpretar uma obra. Ou seja, o indiv\u00edduo que faz o \u201ctrabalho completo\u201d.<\/p>\n<p>Em outras palavras, ser um m\u00fasico \u00e9 possuir a capacidade de expressar algo muito maior, \u00e9 ter a habilidade de tocar muito mais do que um instrumento. \u00c9 claro que isso n\u00e3o \u00e9 algo simples, j\u00e1 que exige um senso apurado de diversas coisas, como por exemplo, de ritmo, de din\u00e2mica, de improvisa\u00e7\u00e3o.<\/p>\n<h2>Ent\u00e3o, o que seria um instrumentista?<\/h2>\n<p>Agora, quando o assunto s\u00e3o os instrumentistas, conseguimos afirmar que os mesmos podem (ou n\u00e3o) ser m\u00fasicos. Para que fique mais claro, pense em uma pessoa que toca como ningu\u00e9m algum instrumento, como um violino, por exemplo.<\/p>\n<p>Esse indiv\u00edduo pode conhecer todos os acordes, ler uma partitura com tamanha facilidade que chega a ser espantoso. Mas, voc\u00ea sente alguma emo\u00e7\u00e3o atrav\u00e9s de sua interpreta\u00e7\u00e3o? Ou apenas o v\u00ea lendo e replicando cada nota no papel?<\/p>\n<p>Um instrumentista pode ser especialista em manusear:<\/p>\n<ul>\n<li>Piano;<\/li>\n<li>Viol\u00e3o;<\/li>\n<li>Violino;<\/li>\n<li>Instrumentos de sopro, entre outros.<\/li>\n<\/ul>\n<p>Se esse for o caso, dizemos que a pessoa \u00e9 uma instrumentista. Agora, se h\u00e1 toda uma emo\u00e7\u00e3o envolvida, dizemos que a mesma \u00e9 uma musicista. Ah, tamb\u00e9m vale lembrar que muitos instrumentistas estudam arduamente para seguir tal profiss\u00e3o, dedicando anos de suas vidas para entender por completo um ou mais instrumentos.<\/p>\n<p>Ficou mais f\u00e1cil de entender a diferen\u00e7a entre os dois termos depois desta breve explica\u00e7\u00e3o?<\/p>\n<p>Claro, n\u00e3o h\u00e1 problema algum em tocar um instrumento de maneira exclusivamente profissional. No entanto, \u00e9 importante compreender que h\u00e1 diferen\u00e7as gritantes quando o assunto s\u00e3o os dois termos citados neste conte\u00fado.<\/p>\n<p>Seja voc\u00ea um m\u00fasico ou um instrumentista, \u00e9 sempre preciso ter dedica\u00e7\u00e3o e entender que a m\u00fasica \u00e9 para ser vivida, interpretada e, sobretudo, para ser sentida, assim como qualquer outro tipo de express\u00e3o art\u00edstica.<\/p>\n<blockquote class=\"wp-embedded-content\" data-secret=\"UiJ8LkRNF4\"><p><a href=\"https:\/\/www.sabra.org.br\/site\/talento-musica\/\">Afinal, \u00e9 preciso ter talento para aprender m\u00fasica?<\/a><\/p><\/blockquote>\n<p><iframe class=\"wp-embedded-content\" sandbox=\"allow-scripts\" security=\"restricted\" style=\"position: absolute; clip: rect(1px, 1px, 1px, 1px);\" title=\"&#8220;Afinal, \u00e9 preciso ter talento para aprender m\u00fasica?&#8221; &#8212; SABRA - Sociedade Art\u00edstica Brasileira\" src=\"https:\/\/www.sabra.org.br\/site\/talento-musica\/embed\/#?secret=trr1RAQb2V#?secret=UiJ8LkRNF4\" data-secret=\"UiJ8LkRNF4\" width=\"600\" height=\"338\" frameborder=\"0\" marginwidth=\"0\" marginheight=\"0\" scrolling=\"no\"><\/iframe><\/p>\n<hr \/>\n<h2>Se voc\u00ea gostou deste post:<\/h2>\n<p>&#8211; SIGA as nossas p\u00e1ginas nas redes sociais para acompanhar as nossas atualiza\u00e7\u00f5es: estamos no <a href=\"https:\/\/www.facebook.com\/sabrabrasil\" target=\"_blank\" rel=\"noopener\">Facebook<\/a>, no <a href=\"https:\/\/www.instagram.com\/sabrabrasil\/\" target=\"_blank\" rel=\"noopener\">Instagram<\/a>, no <a href=\"https:\/\/www.linkedin.com\/company\/25002088\" target=\"_blank\" rel=\"noopener\">LinkedIn<\/a>, no <a href=\"https:\/\/twitter.com\/ContatoSabra\" target=\"_blank\" rel=\"noopener\">Twitter<\/a> e no <a href=\"https:\/\/www.youtube.com\/channel\/UCJw-kbuEvzUNdeQf20Pa-eQ\" target=\"_blank\" rel=\"noopener\">YouTube<\/a>!<\/p>\n<p>&#8211; CONHE\u00c7A o trabalho da Sociedade Art\u00edstica Brasileira (SABRA) e todas as iniciativas culturais e sociais que ela mant\u00e9m. <a href=\"https:\/\/www.sabra.org.br\/site\/acoes\/\" target=\"_blank\" rel=\"noopener\">Acesse nosso site!<\/a><\/p>\n<p>&#8211; ENTRE EM CONTATO com a gente. E veja quais s\u00e3o as op\u00e7\u00f5es de ajuda na manuten\u00e7\u00e3o de nossas a\u00e7\u00f5es sociais e culturais. Basta acessar nossa p\u00e1gina <a href=\"https:\/\/www.sabra.org.br\/site\/doe-agora\/\" target=\"_blank\" rel=\"noopener\">Doe Agora!<\/a><\/p>\n<p>&#8211; COMPARTILHE este texto nas suas redes sociais e ajude os seus amigos a tamb\u00e9m dominarem o assunto!<\/p>\n<p>\u2013 Os projetos da @sabrabrasil s\u00e3o realizados com o patroci\u0301nio m\u00e1ster: @vallourec e @institutounimedbh, viabilizado pelo incentivo de mais de 5,2 mil m\u00e9dicos cooperados e colaboradores via Lei de Incentivo \u00e0 Cultura &#8211; @mturismo, @culturagovbr. Apoio: @prefeiturabetim[\/vc_column_text][\/vc_column][\/vc_row]<\/p>\n","protected":false},"excerpt":{"rendered":"<p>Voc\u00ea pode amar m\u00fasica, mas j\u00e1 parou para pensar na diferen\u00e7a entre um instrumentista e um m\u00fasico? N\u00e3o? Ent\u00e3o confira mais sobre o assunto no nosso conte\u00fado especial a seguir.<\/p>\n","protected":false},"author":39,"featured_media":5728,"comment_status":"closed","ping_status":"closed","sticky":false,"template":"","format":"standard","meta":{"jetpack_post_was_ever_published":false,"_jetpack_newsletter_access":"","_jetpack_dont_email_post_to_subs":false,"_jetpack_newsletter_tier_id":0,"_jetpack_memberships_contains_paywalled_content":false,"_jetpack_memberships_contains_paid_content":false,"footnotes":""},"categories":[1],"tags":[15,2757,3626,3623,8,3629,1285,3628,16,3519,1286,11,3622,9],"class_list":["post-5727","post","type-post","status-publish","format-standard","has-post-thumbnail","hentry","category-blog-sabra","tag-assistencia-social","tag-belo-horizonte","tag-cabo-frio","tag-campos-dos-goytacazes","tag-canto-coral","tag-contagem","tag-escola-de-musica-sabra","tag-ibirite","tag-musicalizacao-infantil","tag-nova-lima-2","tag-orquestra-infanto-juvenil-de-betim","tag-orquestra-sinfonica-de-betim","tag-raposos","tag-sociedade-artistica-brasileira"],"yoast_head":"<!-- This site is optimized with the Yoast SEO plugin v27.5 - https:\/\/yoast.com\/product\/yoast-seo-wordpress\/ -->\n<title>M\u00fasico e instrumentista? - SABRA - Sociedade Art\u00edstica Brasileira<\/title>\n<meta name=\"description\" content=\"Voc\u00ea pode amar m\u00fasica, mas j\u00e1 parou para pensar na diferen\u00e7a entre um instrumentista e um m\u00fasico? Express\u00e3o art\u00edstica-interpretada e sentida.\" \/>\n<meta name=\"robots\" content=\"index, follow, max-snippet:-1, max-image-preview:large, max-video-preview:-1\" \/>\n<link rel=\"canonical\" href=\"https:\/\/www.sabra.org.br\/site\/instrumentista-ou-musico\/\" \/>\n<meta property=\"og:locale\" content=\"pt_BR\" \/>\n<meta property=\"og:type\" content=\"article\" \/>\n<meta property=\"og:title\" content=\"M\u00fasico e instrumentista? - SABRA - Sociedade Art\u00edstica Brasileira\" \/>\n<meta property=\"og:description\" content=\"Voc\u00ea pode amar m\u00fasica, mas j\u00e1 parou para pensar na diferen\u00e7a entre um instrumentista e um m\u00fasico? Express\u00e3o art\u00edstica-interpretada e sentida.\" \/>\n<meta property=\"og:url\" content=\"https:\/\/www.sabra.org.br\/site\/instrumentista-ou-musico\/\" \/>\n<meta property=\"og:site_name\" content=\"SABRA - Sociedade Art\u00edstica Brasileira\" \/>\n<meta property=\"article:publisher\" content=\"https:\/\/www.facebook.com\/sabrabrasil\" \/>\n<meta property=\"article:published_time\" content=\"2022-08-26T20:52:50+00:00\" \/>\n<meta property=\"og:image\" content=\"https:\/\/i0.wp.com\/www.sabra.org.br\/site\/wp-content\/uploads\/2022\/08\/qual-e-a-diferenca-entre-musico-e-instrumentista-20220623120204.jpg.jpg?fit=800%2C500&ssl=1\" \/>\n\t<meta property=\"og:image:width\" content=\"800\" \/>\n\t<meta property=\"og:image:height\" content=\"500\" \/>\n\t<meta property=\"og:image:type\" content=\"image\/jpeg\" \/>\n<meta name=\"author\" content=\"M\u00e1rcio Miranda Pontes\" \/>\n<meta name=\"twitter:card\" content=\"summary_large_image\" \/>\n<meta name=\"twitter:creator\" content=\"@ContatoSabra\" \/>\n<meta name=\"twitter:site\" content=\"@ContatoSabra\" \/>\n<meta name=\"twitter:label1\" content=\"Escrito por\" \/>\n\t<meta name=\"twitter:data1\" content=\"M\u00e1rcio Miranda Pontes\" \/>\n\t<meta name=\"twitter:label2\" content=\"Est. tempo de leitura\" \/>\n\t<meta name=\"twitter:data2\" content=\"4 minutos\" \/>\n<script type=\"application\/ld+json\" class=\"yoast-schema-graph\">{\"@context\":\"https:\\\/\\\/schema.org\",\"@graph\":[{\"@type\":\"Article\",\"@id\":\"https:\\\/\\\/www.sabra.org.br\\\/site\\\/instrumentista-ou-musico\\\/#article\",\"isPartOf\":{\"@id\":\"https:\\\/\\\/www.sabra.org.br\\\/site\\\/instrumentista-ou-musico\\\/\"},\"author\":{\"name\":\"M\u00e1rcio Miranda Pontes\",\"@id\":\"https:\\\/\\\/www.sabra.org.br\\\/site\\\/#\\\/schema\\\/person\\\/7d1d222c3c8891d4c37c7b41bf6315c2\"},\"headline\":\"M\u00fasico e instrumentista?\",\"datePublished\":\"2022-08-26T20:52:50+00:00\",\"mainEntityOfPage\":{\"@id\":\"https:\\\/\\\/www.sabra.org.br\\\/site\\\/instrumentista-ou-musico\\\/\"},\"wordCount\":725,\"publisher\":{\"@id\":\"https:\\\/\\\/www.sabra.org.br\\\/site\\\/#organization\"},\"image\":{\"@id\":\"https:\\\/\\\/www.sabra.org.br\\\/site\\\/instrumentista-ou-musico\\\/#primaryimage\"},\"thumbnailUrl\":\"https:\\\/\\\/www.sabra.org.br\\\/site\\\/wp-content\\\/uploads\\\/2022\\\/08\\\/qual-e-a-diferenca-entre-musico-e-instrumentista-20220623120204.jpg.jpg\",\"keywords\":[\"Assist\u00eancia social\",\"Belo Horizonte\",\"Cabo Frio\",\"Campos dos Goytacazes\",\"Canto Coral\",\"Contagem\",\"Escola de Musica SABRA\",\"Ibirit\u00e9\",\"Musicaliza\u00e7\u00e3o Infantil\",\"nova lima\",\"Orquestra Infanto Juvenil de Betim\",\"Orquestra Sinf\u00f4nica de Betim\",\"Raposos\",\"Sociedade Art\u00edstica Brasileira\"],\"articleSection\":[\"Blog SABRA\"],\"inLanguage\":\"pt-BR\"},{\"@type\":\"WebPage\",\"@id\":\"https:\\\/\\\/www.sabra.org.br\\\/site\\\/instrumentista-ou-musico\\\/\",\"url\":\"https:\\\/\\\/www.sabra.org.br\\\/site\\\/instrumentista-ou-musico\\\/\",\"name\":\"M\u00fasico e instrumentista? - SABRA - Sociedade Art\u00edstica Brasileira\",\"isPartOf\":{\"@id\":\"https:\\\/\\\/www.sabra.org.br\\\/site\\\/#website\"},\"primaryImageOfPage\":{\"@id\":\"https:\\\/\\\/www.sabra.org.br\\\/site\\\/instrumentista-ou-musico\\\/#primaryimage\"},\"image\":{\"@id\":\"https:\\\/\\\/www.sabra.org.br\\\/site\\\/instrumentista-ou-musico\\\/#primaryimage\"},\"thumbnailUrl\":\"https:\\\/\\\/www.sabra.org.br\\\/site\\\/wp-content\\\/uploads\\\/2022\\\/08\\\/qual-e-a-diferenca-entre-musico-e-instrumentista-20220623120204.jpg.jpg\",\"datePublished\":\"2022-08-26T20:52:50+00:00\",\"description\":\"Voc\u00ea pode amar m\u00fasica, mas j\u00e1 parou para pensar na diferen\u00e7a entre um instrumentista e um m\u00fasico? Express\u00e3o art\u00edstica-interpretada e sentida.\",\"breadcrumb\":{\"@id\":\"https:\\\/\\\/www.sabra.org.br\\\/site\\\/instrumentista-ou-musico\\\/#breadcrumb\"},\"inLanguage\":\"pt-BR\",\"potentialAction\":[{\"@type\":\"ReadAction\",\"target\":[\"https:\\\/\\\/www.sabra.org.br\\\/site\\\/instrumentista-ou-musico\\\/\"]}]},{\"@type\":\"ImageObject\",\"inLanguage\":\"pt-BR\",\"@id\":\"https:\\\/\\\/www.sabra.org.br\\\/site\\\/instrumentista-ou-musico\\\/#primaryimage\",\"url\":\"https:\\\/\\\/www.sabra.org.br\\\/site\\\/wp-content\\\/uploads\\\/2022\\\/08\\\/qual-e-a-diferenca-entre-musico-e-instrumentista-20220623120204.jpg.jpg\",\"contentUrl\":\"https:\\\/\\\/www.sabra.org.br\\\/site\\\/wp-content\\\/uploads\\\/2022\\\/08\\\/qual-e-a-diferenca-entre-musico-e-instrumentista-20220623120204.jpg.jpg\",\"width\":800,\"height\":500,\"caption\":\"Sociedade Art\u00edstica Brasileira SABRA\"},{\"@type\":\"BreadcrumbList\",\"@id\":\"https:\\\/\\\/www.sabra.org.br\\\/site\\\/instrumentista-ou-musico\\\/#breadcrumb\",\"itemListElement\":[{\"@type\":\"ListItem\",\"position\":1,\"name\":\"In\u00edcio\",\"item\":\"https:\\\/\\\/www.sabra.org.br\\\/site\\\/\"},{\"@type\":\"ListItem\",\"position\":2,\"name\":\"M\u00fasico e instrumentista?\"}]},{\"@type\":\"WebSite\",\"@id\":\"https:\\\/\\\/www.sabra.org.br\\\/site\\\/#website\",\"url\":\"https:\\\/\\\/www.sabra.org.br\\\/site\\\/\",\"name\":\"SABRA - Sociedade Art\u00edstica Brasileira\",\"description\":\"Escola de M\u00fasica, Orquestra Sinf\u00f4nica, Coral e Patrim\u00f4nio Cultural e Hist\u00f3rico\",\"publisher\":{\"@id\":\"https:\\\/\\\/www.sabra.org.br\\\/site\\\/#organization\"},\"potentialAction\":[{\"@type\":\"SearchAction\",\"target\":{\"@type\":\"EntryPoint\",\"urlTemplate\":\"https:\\\/\\\/www.sabra.org.br\\\/site\\\/?s={search_term_string}\"},\"query-input\":{\"@type\":\"PropertyValueSpecification\",\"valueRequired\":true,\"valueName\":\"search_term_string\"}}],\"inLanguage\":\"pt-BR\"},{\"@type\":\"Organization\",\"@id\":\"https:\\\/\\\/www.sabra.org.br\\\/site\\\/#organization\",\"name\":\"SOCIEDADE ART\u00cdSTICA BRASILEIRA SABRA\",\"alternateName\":\"SABRA\",\"url\":\"https:\\\/\\\/www.sabra.org.br\\\/site\\\/\",\"logo\":{\"@type\":\"ImageObject\",\"inLanguage\":\"pt-BR\",\"@id\":\"https:\\\/\\\/www.sabra.org.br\\\/site\\\/#\\\/schema\\\/logo\\\/image\\\/\",\"url\":\"https:\\\/\\\/www.sabra.org.br\\\/site\\\/wp-content\\\/uploads\\\/2019\\\/06\\\/cropped-Logo_SABRA-Copia-1.webp\",\"contentUrl\":\"https:\\\/\\\/www.sabra.org.br\\\/site\\\/wp-content\\\/uploads\\\/2019\\\/06\\\/cropped-Logo_SABRA-Copia-1.webp\",\"width\":400,\"height\":128,\"caption\":\"SOCIEDADE ART\u00cdSTICA BRASILEIRA SABRA\"},\"image\":{\"@id\":\"https:\\\/\\\/www.sabra.org.br\\\/site\\\/#\\\/schema\\\/logo\\\/image\\\/\"},\"sameAs\":[\"https:\\\/\\\/www.facebook.com\\\/sabrabrasil\",\"https:\\\/\\\/x.com\\\/ContatoSabra\",\"https:\\\/\\\/www.instagram.com\\\/sabrabrasil\\\/\",\"https:\\\/\\\/www.linkedin.com\\\/company\\\/25002088\\\/\",\"https:\\\/\\\/br.pinterest.com\\\/sociedadeartisticabrasileira\\\/\",\"https:\\\/\\\/www.youtube.com\\\/c\\\/sabrabrasil\"]},{\"@type\":\"Person\",\"@id\":\"https:\\\/\\\/www.sabra.org.br\\\/site\\\/#\\\/schema\\\/person\\\/7d1d222c3c8891d4c37c7b41bf6315c2\",\"name\":\"M\u00e1rcio Miranda Pontes\",\"image\":{\"@type\":\"ImageObject\",\"inLanguage\":\"pt-BR\",\"@id\":\"https:\\\/\\\/secure.gravatar.com\\\/avatar\\\/3b45f24496a7625a3a6c436688fbe20344faaeb2979658dc4a9921f984d7df9a?s=96&d=mm&r=g\",\"url\":\"https:\\\/\\\/secure.gravatar.com\\\/avatar\\\/3b45f24496a7625a3a6c436688fbe20344faaeb2979658dc4a9921f984d7df9a?s=96&d=mm&r=g\",\"contentUrl\":\"https:\\\/\\\/secure.gravatar.com\\\/avatar\\\/3b45f24496a7625a3a6c436688fbe20344faaeb2979658dc4a9921f984d7df9a?s=96&d=mm&r=g\",\"caption\":\"M\u00e1rcio Miranda Pontes\"},\"sameAs\":[\"http:\\\/\\\/www.sabra.org.br\"],\"url\":\"https:\\\/\\\/www.sabra.org.br\\\/site\\\/author\\\/marcio-miranda-pontes\\\/\"}]}<\/script>\n<!-- \/ Yoast SEO plugin. -->","yoast_head_json":{"title":"M\u00fasico e instrumentista? - SABRA - Sociedade Art\u00edstica Brasileira","description":"Voc\u00ea pode amar m\u00fasica, mas j\u00e1 parou para pensar na diferen\u00e7a entre um instrumentista e um m\u00fasico? Express\u00e3o art\u00edstica-interpretada e sentida.","robots":{"index":"index","follow":"follow","max-snippet":"max-snippet:-1","max-image-preview":"max-image-preview:large","max-video-preview":"max-video-preview:-1"},"canonical":"https:\/\/www.sabra.org.br\/site\/instrumentista-ou-musico\/","og_locale":"pt_BR","og_type":"article","og_title":"M\u00fasico e instrumentista? - SABRA - Sociedade Art\u00edstica Brasileira","og_description":"Voc\u00ea pode amar m\u00fasica, mas j\u00e1 parou para pensar na diferen\u00e7a entre um instrumentista e um m\u00fasico? Express\u00e3o art\u00edstica-interpretada e sentida.","og_url":"https:\/\/www.sabra.org.br\/site\/instrumentista-ou-musico\/","og_site_name":"SABRA - Sociedade Art\u00edstica Brasileira","article_publisher":"https:\/\/www.facebook.com\/sabrabrasil","article_published_time":"2022-08-26T20:52:50+00:00","og_image":[{"width":800,"height":500,"url":"https:\/\/i0.wp.com\/www.sabra.org.br\/site\/wp-content\/uploads\/2022\/08\/qual-e-a-diferenca-entre-musico-e-instrumentista-20220623120204.jpg.jpg?fit=800%2C500&ssl=1","type":"image\/jpeg"}],"author":"M\u00e1rcio Miranda Pontes","twitter_card":"summary_large_image","twitter_creator":"@ContatoSabra","twitter_site":"@ContatoSabra","twitter_misc":{"Escrito por":"M\u00e1rcio Miranda Pontes","Est. tempo de leitura":"4 minutos"},"schema":{"@context":"https:\/\/schema.org","@graph":[{"@type":"Article","@id":"https:\/\/www.sabra.org.br\/site\/instrumentista-ou-musico\/#article","isPartOf":{"@id":"https:\/\/www.sabra.org.br\/site\/instrumentista-ou-musico\/"},"author":{"name":"M\u00e1rcio Miranda Pontes","@id":"https:\/\/www.sabra.org.br\/site\/#\/schema\/person\/7d1d222c3c8891d4c37c7b41bf6315c2"},"headline":"M\u00fasico e instrumentista?","datePublished":"2022-08-26T20:52:50+00:00","mainEntityOfPage":{"@id":"https:\/\/www.sabra.org.br\/site\/instrumentista-ou-musico\/"},"wordCount":725,"publisher":{"@id":"https:\/\/www.sabra.org.br\/site\/#organization"},"image":{"@id":"https:\/\/www.sabra.org.br\/site\/instrumentista-ou-musico\/#primaryimage"},"thumbnailUrl":"https:\/\/www.sabra.org.br\/site\/wp-content\/uploads\/2022\/08\/qual-e-a-diferenca-entre-musico-e-instrumentista-20220623120204.jpg.jpg","keywords":["Assist\u00eancia social","Belo Horizonte","Cabo Frio","Campos dos Goytacazes","Canto Coral","Contagem","Escola de Musica SABRA","Ibirit\u00e9","Musicaliza\u00e7\u00e3o Infantil","nova lima","Orquestra Infanto Juvenil de Betim","Orquestra Sinf\u00f4nica de Betim","Raposos","Sociedade Art\u00edstica Brasileira"],"articleSection":["Blog SABRA"],"inLanguage":"pt-BR"},{"@type":"WebPage","@id":"https:\/\/www.sabra.org.br\/site\/instrumentista-ou-musico\/","url":"https:\/\/www.sabra.org.br\/site\/instrumentista-ou-musico\/","name":"M\u00fasico e instrumentista? - SABRA - Sociedade Art\u00edstica Brasileira","isPartOf":{"@id":"https:\/\/www.sabra.org.br\/site\/#website"},"primaryImageOfPage":{"@id":"https:\/\/www.sabra.org.br\/site\/instrumentista-ou-musico\/#primaryimage"},"image":{"@id":"https:\/\/www.sabra.org.br\/site\/instrumentista-ou-musico\/#primaryimage"},"thumbnailUrl":"https:\/\/www.sabra.org.br\/site\/wp-content\/uploads\/2022\/08\/qual-e-a-diferenca-entre-musico-e-instrumentista-20220623120204.jpg.jpg","datePublished":"2022-08-26T20:52:50+00:00","description":"Voc\u00ea pode amar m\u00fasica, mas j\u00e1 parou para pensar na diferen\u00e7a entre um instrumentista e um m\u00fasico? Express\u00e3o art\u00edstica-interpretada e sentida.","breadcrumb":{"@id":"https:\/\/www.sabra.org.br\/site\/instrumentista-ou-musico\/#breadcrumb"},"inLanguage":"pt-BR","potentialAction":[{"@type":"ReadAction","target":["https:\/\/www.sabra.org.br\/site\/instrumentista-ou-musico\/"]}]},{"@type":"ImageObject","inLanguage":"pt-BR","@id":"https:\/\/www.sabra.org.br\/site\/instrumentista-ou-musico\/#primaryimage","url":"https:\/\/www.sabra.org.br\/site\/wp-content\/uploads\/2022\/08\/qual-e-a-diferenca-entre-musico-e-instrumentista-20220623120204.jpg.jpg","contentUrl":"https:\/\/www.sabra.org.br\/site\/wp-content\/uploads\/2022\/08\/qual-e-a-diferenca-entre-musico-e-instrumentista-20220623120204.jpg.jpg","width":800,"height":500,"caption":"Sociedade Art\u00edstica Brasileira SABRA"},{"@type":"BreadcrumbList","@id":"https:\/\/www.sabra.org.br\/site\/instrumentista-ou-musico\/#breadcrumb","itemListElement":[{"@type":"ListItem","position":1,"name":"In\u00edcio","item":"https:\/\/www.sabra.org.br\/site\/"},{"@type":"ListItem","position":2,"name":"M\u00fasico e instrumentista?"}]},{"@type":"WebSite","@id":"https:\/\/www.sabra.org.br\/site\/#website","url":"https:\/\/www.sabra.org.br\/site\/","name":"SABRA - Sociedade Art\u00edstica Brasileira","description":"Escola de M\u00fasica, Orquestra Sinf\u00f4nica, Coral e Patrim\u00f4nio Cultural e Hist\u00f3rico","publisher":{"@id":"https:\/\/www.sabra.org.br\/site\/#organization"},"potentialAction":[{"@type":"SearchAction","target":{"@type":"EntryPoint","urlTemplate":"https:\/\/www.sabra.org.br\/site\/?s={search_term_string}"},"query-input":{"@type":"PropertyValueSpecification","valueRequired":true,"valueName":"search_term_string"}}],"inLanguage":"pt-BR"},{"@type":"Organization","@id":"https:\/\/www.sabra.org.br\/site\/#organization","name":"SOCIEDADE ART\u00cdSTICA BRASILEIRA SABRA","alternateName":"SABRA","url":"https:\/\/www.sabra.org.br\/site\/","logo":{"@type":"ImageObject","inLanguage":"pt-BR","@id":"https:\/\/www.sabra.org.br\/site\/#\/schema\/logo\/image\/","url":"https:\/\/www.sabra.org.br\/site\/wp-content\/uploads\/2019\/06\/cropped-Logo_SABRA-Copia-1.webp","contentUrl":"https:\/\/www.sabra.org.br\/site\/wp-content\/uploads\/2019\/06\/cropped-Logo_SABRA-Copia-1.webp","width":400,"height":128,"caption":"SOCIEDADE ART\u00cdSTICA BRASILEIRA SABRA"},"image":{"@id":"https:\/\/www.sabra.org.br\/site\/#\/schema\/logo\/image\/"},"sameAs":["https:\/\/www.facebook.com\/sabrabrasil","https:\/\/x.com\/ContatoSabra","https:\/\/www.instagram.com\/sabrabrasil\/","https:\/\/www.linkedin.com\/company\/25002088\/","https:\/\/br.pinterest.com\/sociedadeartisticabrasileira\/","https:\/\/www.youtube.com\/c\/sabrabrasil"]},{"@type":"Person","@id":"https:\/\/www.sabra.org.br\/site\/#\/schema\/person\/7d1d222c3c8891d4c37c7b41bf6315c2","name":"M\u00e1rcio Miranda Pontes","image":{"@type":"ImageObject","inLanguage":"pt-BR","@id":"https:\/\/secure.gravatar.com\/avatar\/3b45f24496a7625a3a6c436688fbe20344faaeb2979658dc4a9921f984d7df9a?s=96&d=mm&r=g","url":"https:\/\/secure.gravatar.com\/avatar\/3b45f24496a7625a3a6c436688fbe20344faaeb2979658dc4a9921f984d7df9a?s=96&d=mm&r=g","contentUrl":"https:\/\/secure.gravatar.com\/avatar\/3b45f24496a7625a3a6c436688fbe20344faaeb2979658dc4a9921f984d7df9a?s=96&d=mm&r=g","caption":"M\u00e1rcio Miranda Pontes"},"sameAs":["http:\/\/www.sabra.org.br"],"url":"https:\/\/www.sabra.org.br\/site\/author\/marcio-miranda-pontes\/"}]}},"jetpack_featured_media_url":"https:\/\/www.sabra.org.br\/site\/wp-content\/uploads\/2022\/08\/qual-e-a-diferenca-entre-musico-e-instrumentista-20220623120204.jpg.jpg","jetpack_shortlink":"https:\/\/wp.me\/p95j2Z-1un","jetpack-related-posts":[{"id":5737,"url":"https:\/\/www.sabra.org.br\/site\/dicas-instrumentista\/","url_meta":{"origin":5727,"position":0},"title":"Bom instrumentista","author":"M\u00e1rcio Miranda Pontes","date":"29 de agosto de 2022","format":false,"excerpt":"Se o seu desejo \u00e9 ser um grande instrumentista, voc\u00ea precisa conferir nosso artigo abaixo, repleto de dicas especiais que te ajudar\u00e3o a trilhar esse caminho de forma eficiente e pr\u00e1tica. Vamos l\u00e1?","rel":"","context":"Em &quot;Blog SABRA&quot;","block_context":{"text":"Blog SABRA","link":"https:\/\/www.sabra.org.br\/site\/category\/blog-sabra\/"},"img":{"alt_text":"instrumentista","src":"https:\/\/i0.wp.com\/www.sabra.org.br\/site\/wp-content\/uploads\/2022\/08\/x-dicas-para-ser-um-bom-instrumentista-20220623120204.jpg.jpg?resize=350%2C200&ssl=1","width":350,"height":200,"srcset":"https:\/\/i0.wp.com\/www.sabra.org.br\/site\/wp-content\/uploads\/2022\/08\/x-dicas-para-ser-um-bom-instrumentista-20220623120204.jpg.jpg?resize=350%2C200&ssl=1 1x, https:\/\/i0.wp.com\/www.sabra.org.br\/site\/wp-content\/uploads\/2022\/08\/x-dicas-para-ser-um-bom-instrumentista-20220623120204.jpg.jpg?resize=525%2C300&ssl=1 1.5x, https:\/\/i0.wp.com\/www.sabra.org.br\/site\/wp-content\/uploads\/2022\/08\/x-dicas-para-ser-um-bom-instrumentista-20220623120204.jpg.jpg?resize=700%2C400&ssl=1 2x"},"classes":[]},{"id":8392,"url":"https:\/\/www.sabra.org.br\/site\/instrumento-sopro\/","url_meta":{"origin":5727,"position":1},"title":"T\u00e9cnicas para tocar instrumentos de sopro","author":"M\u00e1rcio Miranda Pontes","date":"17 de novembro de 2023","format":false,"excerpt":"Voc\u00ea \u00e9 apaixonado por flauta, saxofone, clarinete, trompete ou qualquer outro instrumento de sopro e gostaria de aprofundar o seu conhecimento? Confira as melhores t\u00e9cnicas para tocar instrumentos de sopro.","rel":"","context":"Em &quot;Blog SABRA&quot;","block_context":{"text":"Blog SABRA","link":"https:\/\/www.sabra.org.br\/site\/category\/blog-sabra\/"},"img":{"alt_text":"sabra-m\u00fasica-instrumento-sopro-m\u00fasicos-desenvolvimento-tocar-execu\u00e7\u00e3o-musical-t\u00e9cnica","src":"https:\/\/i0.wp.com\/www.sabra.org.br\/site\/wp-content\/uploads\/2023\/11\/tecnicas-para-tocar-instrumentos-de-sopro-20221229103337.jpg-jpg.webp?resize=350%2C200&ssl=1","width":350,"height":200,"srcset":"https:\/\/i0.wp.com\/www.sabra.org.br\/site\/wp-content\/uploads\/2023\/11\/tecnicas-para-tocar-instrumentos-de-sopro-20221229103337.jpg-jpg.webp?resize=350%2C200&ssl=1 1x, https:\/\/i0.wp.com\/www.sabra.org.br\/site\/wp-content\/uploads\/2023\/11\/tecnicas-para-tocar-instrumentos-de-sopro-20221229103337.jpg-jpg.webp?resize=525%2C300&ssl=1 1.5x, https:\/\/i0.wp.com\/www.sabra.org.br\/site\/wp-content\/uploads\/2023\/11\/tecnicas-para-tocar-instrumentos-de-sopro-20221229103337.jpg-jpg.webp?resize=700%2C400&ssl=1 2x"},"classes":[]},{"id":1554,"url":"https:\/\/www.sabra.org.br\/site\/profissao-musico\/","url_meta":{"origin":5727,"position":2},"title":"PROFISS\u00c3O M\u00daSICO","author":"M\u00e1rcio Miranda Pontes","date":"10 de outubro de 2018","format":false,"excerpt":"Atividades profissionais que os m\u00fasicos podem seguir com uma carreira Na hora de escolher uma profiss\u00e3o muitas pessoas logo apontam aquelas que possuem um mercado de trabalho supostamente mais amplo. Em geral, as carreiras atreladas \u00e0s artes ficam em segundo plano, o que \u00e9 uma injusti\u00e7a e um equ\u00edvoco. A\u2026","rel":"","context":"Em &quot;Blog SABRA&quot;","block_context":{"text":"Blog SABRA","link":"https:\/\/www.sabra.org.br\/site\/category\/blog-sabra\/"},"img":{"alt_text":"Profiss\u00e3o","src":"https:\/\/i0.wp.com\/www.sabra.org.br\/site\/wp-content\/uploads\/2018\/10\/x-profissoes-que-os-musicos-podem-seguir-com-uma-carreira-20180705134730.jpg.jpg?resize=350%2C200&ssl=1","width":350,"height":200,"srcset":"https:\/\/i0.wp.com\/www.sabra.org.br\/site\/wp-content\/uploads\/2018\/10\/x-profissoes-que-os-musicos-podem-seguir-com-uma-carreira-20180705134730.jpg.jpg?resize=350%2C200&ssl=1 1x, https:\/\/i0.wp.com\/www.sabra.org.br\/site\/wp-content\/uploads\/2018\/10\/x-profissoes-que-os-musicos-podem-seguir-com-uma-carreira-20180705134730.jpg.jpg?resize=525%2C300&ssl=1 1.5x, https:\/\/i0.wp.com\/www.sabra.org.br\/site\/wp-content\/uploads\/2018\/10\/x-profissoes-que-os-musicos-podem-seguir-com-uma-carreira-20180705134730.jpg.jpg?resize=700%2C400&ssl=1 2x"},"classes":[]},{"id":5202,"url":"https:\/\/www.sabra.org.br\/site\/musico-orquestra\/","url_meta":{"origin":5727,"position":3},"title":"Como ser m\u00fasico de orquestra?","author":"M\u00e1rcio Miranda Pontes","date":"10 de junho de 2022","format":false,"excerpt":"Fazer parte de uma orquestra \u00e9 o sonho de muitos m\u00fasicos, no entanto, \u00e9 fundamental disciplina e comprometimento para ter alguma chance. Venha conferir o que \u00e9 necess\u00e1rio para conquistar a sua vaga!","rel":"","context":"Em &quot;Blog SABRA&quot;","block_context":{"text":"Blog SABRA","link":"https:\/\/www.sabra.org.br\/site\/category\/blog-sabra\/"},"img":{"alt_text":"orquestra-m\u00fasico-instrumentista","src":"https:\/\/i0.wp.com\/www.sabra.org.br\/site\/wp-content\/uploads\/2022\/06\/como-ser-musico-de-orquestra-20220210110336.jpg.jpg?resize=350%2C200&ssl=1","width":350,"height":200,"srcset":"https:\/\/i0.wp.com\/www.sabra.org.br\/site\/wp-content\/uploads\/2022\/06\/como-ser-musico-de-orquestra-20220210110336.jpg.jpg?resize=350%2C200&ssl=1 1x, https:\/\/i0.wp.com\/www.sabra.org.br\/site\/wp-content\/uploads\/2022\/06\/como-ser-musico-de-orquestra-20220210110336.jpg.jpg?resize=525%2C300&ssl=1 1.5x, https:\/\/i0.wp.com\/www.sabra.org.br\/site\/wp-content\/uploads\/2022\/06\/como-ser-musico-de-orquestra-20220210110336.jpg.jpg?resize=700%2C400&ssl=1 2x"},"classes":[]},{"id":8452,"url":"https:\/\/www.sabra.org.br\/site\/orquestra-musica\/","url_meta":{"origin":5727,"position":4},"title":"\u00c9 dif\u00edcil entrar para uma orquestra?","author":"M\u00e1rcio Miranda Pontes","date":"21 de novembro de 2023","format":false,"excerpt":"Voc\u00ea toca algum instrumento ou tem interesse por m\u00fasica e gostaria de saber o que fazer para entrar em uma orquestra? Acesse o link a seguir e fique por dentro de tudo isso e muito mais!","rel":"","context":"Em &quot;Blog SABRA&quot;","block_context":{"text":"Blog SABRA","link":"https:\/\/www.sabra.org.br\/site\/category\/blog-sabra\/"},"img":{"alt_text":"sabra-m\u00fasica-orquestra-instrumento-musical","src":"https:\/\/i0.wp.com\/www.sabra.org.br\/site\/wp-content\/uploads\/2023\/11\/e-dificil-entrar-para-uma-orquestra-20221229103337.jpg-jpg.webp?resize=350%2C200&ssl=1","width":350,"height":200,"srcset":"https:\/\/i0.wp.com\/www.sabra.org.br\/site\/wp-content\/uploads\/2023\/11\/e-dificil-entrar-para-uma-orquestra-20221229103337.jpg-jpg.webp?resize=350%2C200&ssl=1 1x, https:\/\/i0.wp.com\/www.sabra.org.br\/site\/wp-content\/uploads\/2023\/11\/e-dificil-entrar-para-uma-orquestra-20221229103337.jpg-jpg.webp?resize=525%2C300&ssl=1 1.5x, https:\/\/i0.wp.com\/www.sabra.org.br\/site\/wp-content\/uploads\/2023\/11\/e-dificil-entrar-para-uma-orquestra-20221229103337.jpg-jpg.webp?resize=700%2C400&ssl=1 2x"},"classes":[]},{"id":13469,"url":"https:\/\/www.sabra.org.br\/site\/mercado-musico\/","url_meta":{"origin":5727,"position":5},"title":"Como est\u00e1 o crescimento do mercado de trabalho para m\u00fasicos?","author":"M\u00e1rcio Miranda Pontes","date":"17 de maio de 2025","format":false,"excerpt":"A carreira de m\u00fasico \u00e9 ampla e lucrativa. Conhe\u00e7a as diferentes \u00e1reas de atua\u00e7\u00e3o e desmistifique a profiss\u00e3o de m\u00fasico.","rel":"","context":"Em &quot;Blog SABRA&quot;","block_context":{"text":"Blog SABRA","link":"https:\/\/www.sabra.org.br\/site\/category\/blog-sabra\/"},"img":{"alt_text":"","src":"","width":0,"height":0},"classes":[]}],"jetpack_likes_enabled":true,"jetpack_sharing_enabled":true,"_links":{"self":[{"href":"https:\/\/www.sabra.org.br\/site\/wp-json\/wp\/v2\/posts\/5727","targetHints":{"allow":["GET"]}}],"collection":[{"href":"https:\/\/www.sabra.org.br\/site\/wp-json\/wp\/v2\/posts"}],"about":[{"href":"https:\/\/www.sabra.org.br\/site\/wp-json\/wp\/v2\/types\/post"}],"author":[{"embeddable":true,"href":"https:\/\/www.sabra.org.br\/site\/wp-json\/wp\/v2\/users\/39"}],"replies":[{"embeddable":true,"href":"https:\/\/www.sabra.org.br\/site\/wp-json\/wp\/v2\/comments?post=5727"}],"version-history":[{"count":0,"href":"https:\/\/www.sabra.org.br\/site\/wp-json\/wp\/v2\/posts\/5727\/revisions"}],"wp:featuredmedia":[{"embeddable":true,"href":"https:\/\/www.sabra.org.br\/site\/wp-json\/wp\/v2\/media\/5728"}],"wp:attachment":[{"href":"https:\/\/www.sabra.org.br\/site\/wp-json\/wp\/v2\/media?parent=5727"}],"wp:term":[{"taxonomy":"category","embeddable":true,"href":"https:\/\/www.sabra.org.br\/site\/wp-json\/wp\/v2\/categories?post=5727"},{"taxonomy":"post_tag","embeddable":true,"href":"https:\/\/www.sabra.org.br\/site\/wp-json\/wp\/v2\/tags?post=5727"}],"curies":[{"name":"wp","href":"https:\/\/api.w.org\/{rel}","templated":true}]}}