{"id":5748,"date":"2022-08-31T06:08:09","date_gmt":"2022-08-31T09:08:09","guid":{"rendered":"https:\/\/www.sabra.org.br\/site\/?p=5748"},"modified":"2022-08-31T06:08:09","modified_gmt":"2022-08-31T09:08:09","slug":"ciclo-quintas","status":"publish","type":"post","link":"https:\/\/www.sabra.org.br\/site\/ciclo-quintas\/","title":{"rendered":"O que \u00e9 o ciclo das quintas?"},"content":{"rendered":"<p>[vc_row][vc_column][vc_column_text]No universo musical esse termo \u00e9 um tanto quanto popular, mas n\u00e3o necessariamente conhecido por todos.<\/p>\n<p>Portanto, o artigo de hoje \u00e9 sobre o ciclo das quintas, um aspecto sobre as notas musicais que pode te auxiliar quanto ao desenvolvimento da sua m\u00fasica, a fim de torn\u00e1-la ainda mais harm\u00f4nica.<\/p>\n<h2>Mas afinal, o que significa ciclo das quintas?<\/h2>\n<p>A express\u00e3o ciclo das quintas corresponde a uma sucess\u00e3o de notas musicais que s\u00e3o distanciadas por intervalos. De forma mais clara e resumida, esse conceito se aplica em determinadas circunst\u00e2ncias onde existe a necessidade de se formar escalas maiores e armaduras de clave.<\/p>\n<p>Como exemplo podemos citar a seguinte sequ\u00eancia: F \u2013 C \u2013 G \u2013 D \u2013 A \u2013 E \u2013 B. De acordo com o exemplo, \u00e9 poss\u00edvel perceber que essa continuidade de notas musicais \u00e9 constitu\u00edda por intervalos, que nesse caso s\u00e3o denominados como quinta justa.<\/p>\n<p>Sendo assim, o ciclo das quintas nada mais \u00e9 do que um conjunto de notas musicais que possuem um certo distanciamento entre si. Mais simples do que voc\u00ea imaginava, n\u00e3o \u00e9 mesmo?!<\/p>\n<p>Agora voc\u00ea deve estar se perguntando para que serve o ciclo das quintas, certo?<\/p>\n<p>Para saber mais, continue acompanhando a leitura!<\/p>\n<h2>Qual \u00e9 a fun\u00e7\u00e3o do ciclo das quintas?<\/h2>\n<p>Uma das fun\u00e7\u00f5es desse conceito est\u00e1 relacionada \u00e0 sonoridade que causa na m\u00fasica, que se torna mais agrad\u00e1vel e suave para os ouvidos. Dessa forma, ao utilizar o ciclo das quintas, a composi\u00e7\u00e3o \u00e9 desenvolvida de forma mais harm\u00f4nica.<\/p>\n<p>Al\u00e9m disso, o intervalo das quintas pode ser considerado um aspecto musical bastante \u00fatil para alguns m\u00fasicos, como os tecladistas, por exemplo, no que diz respeito \u00e0 defini\u00e7\u00e3o sobre quantas teclas pretas tocar.<\/p>\n<p>Vamos l\u00e1. Imagine um teclado. Agora, atente-se \u00e0s cores das teclas (pretas e brancas). Imaginou? Feito isso, tente se lembrar sobre como tocar um teclado, mesmo que de forma leiga.<\/p>\n<p>Essa visualiza\u00e7\u00e3o serve para voc\u00ea conseguir imaginar como as escalas maiores aplicadas no teclado possuem desenhos diferentes e sobre como essa quantidade de altera\u00e7\u00f5es pode ser capaz de mensurar quantas teclas de cor escura a escada vai ter.<\/p>\n<p>\u00c9 v\u00e1lido dizer que al\u00e9m do ciclo das quintas h\u00e1 outros tipos de aspectos de notas musicais, como o ciclo das quartas. Esse conceito segue o mesmo contexto do ciclo das quintas, s\u00f3 que \u00e9 realizado\/visto de forma inversa.<\/p>\n<h2>Conclus\u00e3o<\/h2>\n<p>Dedicar um tempo do seu dia \u00e0 m\u00fasica \u00e9 uma forma de investimento em si mesmo, pois atrav\u00e9s deste conhecimento e\/ou desenvolvimento de sua performance enquanto m\u00fasico, consegue alcan\u00e7ar est\u00e1gios maiores no que diz respeito ao avan\u00e7o de suas potencialidades ou com rela\u00e7\u00e3o a busca pelo seu autoconhecimento. M\u00fasica \u00e9 vida!<\/p>\n<p>Agora que voc\u00ea j\u00e1 sabe o que significa o ciclo das quintas, n\u00e3o deixe de praticar e aplicar este conceito na sua m\u00fasica e de nos dizer se esse conte\u00fado foi \u00fatil para voc\u00ea! A sua opini\u00e3o \u00e9 muito importante para n\u00f3s, por isso, conte o que achou do conte\u00fado nos coment\u00e1rios e para mais informa\u00e7\u00f5es, basta acessar outros artigos dispon\u00edveis no site!<\/p>\n<blockquote class=\"wp-embedded-content\" data-secret=\"X0zvOulsJz\"><p><a href=\"https:\/\/www.sabra.org.br\/site\/tom-semitom\/\">Entenda as principais diferen\u00e7as entre tom e semitom<\/a><\/p><\/blockquote>\n<p><iframe class=\"wp-embedded-content\" sandbox=\"allow-scripts\" security=\"restricted\" style=\"position: absolute; clip: rect(1px, 1px, 1px, 1px);\" title=\"&#8220;Entenda as principais diferen\u00e7as entre tom e semitom&#8221; &#8212; SABRA - Sociedade Art\u00edstica Brasileira\" src=\"https:\/\/www.sabra.org.br\/site\/tom-semitom\/embed\/#?secret=75R9CQG4O4#?secret=X0zvOulsJz\" data-secret=\"X0zvOulsJz\" width=\"600\" height=\"338\" frameborder=\"0\" marginwidth=\"0\" marginheight=\"0\" scrolling=\"no\"><\/iframe><\/p>\n<hr \/>\n<h2>Se voc\u00ea gostou deste post:<\/h2>\n<p>&#8211; SIGA as nossas p\u00e1ginas nas redes sociais para acompanhar as nossas atualiza\u00e7\u00f5es: estamos no <a href=\"https:\/\/www.facebook.com\/sabrabrasil\" target=\"_blank\" rel=\"noopener\">Facebook<\/a>, no <a href=\"https:\/\/www.instagram.com\/sabrabrasil\/\" target=\"_blank\" rel=\"noopener\">Instagram<\/a>, no <a href=\"https:\/\/www.linkedin.com\/company\/25002088\" target=\"_blank\" rel=\"noopener\">LinkedIn<\/a>, no <a href=\"https:\/\/twitter.com\/ContatoSabra\" target=\"_blank\" rel=\"noopener\">Twitter<\/a> e no <a href=\"https:\/\/www.youtube.com\/channel\/UCJw-kbuEvzUNdeQf20Pa-eQ\" target=\"_blank\" rel=\"noopener\">YouTube<\/a>!<\/p>\n<p>&#8211; CONHE\u00c7A o trabalho da Sociedade Art\u00edstica Brasileira (SABRA) e todas as iniciativas culturais e sociais que ela mant\u00e9m. <a href=\"https:\/\/www.sabra.org.br\/site\/acoes\/\" target=\"_blank\" rel=\"noopener\">Acesse nosso site!<\/a><\/p>\n<p>&#8211; ENTRE EM CONTATO com a gente. E veja quais s\u00e3o as op\u00e7\u00f5es de ajuda na manuten\u00e7\u00e3o de nossas a\u00e7\u00f5es sociais e culturais. Basta acessar nossa p\u00e1gina <a href=\"https:\/\/www.sabra.org.br\/site\/doe-agora\/\" target=\"_blank\" rel=\"noopener\">Doe Agora!<\/a><\/p>\n<p>&#8211; COMPARTILHE este texto nas suas redes sociais e ajude os seus amigos a tamb\u00e9m dominarem o assunto!<\/p>\n<p>\u2013 Os projetos da @sabrabrasil s\u00e3o realizados com o patroci\u0301nio m\u00e1ster: @vallourec e @institutounimedbh, viabilizado pelo incentivo de mais de 5,2 mil m\u00e9dicos cooperados e colaboradores via Lei de Incentivo \u00e0 Cultura &#8211; @mturismo, @culturagovbr. Apoio: @prefeiturabetim[\/vc_column_text][\/vc_column][\/vc_row]<\/p>\n","protected":false},"excerpt":{"rendered":"<p>Voc\u00ea j\u00e1 ouviu falar sobre um termo musical conhecido como &#8220;ciclo das quintas&#8221;? Para te ajudar a entender a respeito deste tema e como aplic\u00e1-lo, preparamos um artigo informativo. Confira!<\/p>\n","protected":false},"author":39,"featured_media":5749,"comment_status":"closed","ping_status":"closed","sticky":false,"template":"","format":"standard","meta":{"jetpack_post_was_ever_published":false,"_jetpack_newsletter_access":"","_jetpack_dont_email_post_to_subs":false,"_jetpack_newsletter_tier_id":0,"_jetpack_memberships_contains_paywalled_content":false,"_jetpack_memberships_contains_paid_content":false,"footnotes":""},"categories":[1],"tags":[15,2757,3626,3623,8,3629,1285,3628,16,3519,1286,11,3622,9],"class_list":["post-5748","post","type-post","status-publish","format-standard","has-post-thumbnail","hentry","category-blog-sabra","tag-assistencia-social","tag-belo-horizonte","tag-cabo-frio","tag-campos-dos-goytacazes","tag-canto-coral","tag-contagem","tag-escola-de-musica-sabra","tag-ibirite","tag-musicalizacao-infantil","tag-nova-lima-2","tag-orquestra-infanto-juvenil-de-betim","tag-orquestra-sinfonica-de-betim","tag-raposos","tag-sociedade-artistica-brasileira"],"yoast_head":"<!-- This site is optimized with the Yoast SEO plugin v27.5 - https:\/\/yoast.com\/product\/yoast-seo-wordpress\/ -->\n<title>O que \u00e9 o ciclo das quintas? - SABRA - Sociedade Art\u00edstica Brasileira<\/title>\n<meta name=\"description\" content=\"Voc\u00ea j\u00e1 ouviu falar sobre um termo musical conhecido como &quot;ciclo das quintas&quot;? Como entender a respeito deste tema e como aplic\u00e1-lo?\" \/>\n<meta name=\"robots\" content=\"index, follow, max-snippet:-1, max-image-preview:large, max-video-preview:-1\" \/>\n<link rel=\"canonical\" href=\"https:\/\/www.sabra.org.br\/site\/ciclo-quintas\/\" \/>\n<meta property=\"og:locale\" content=\"pt_BR\" \/>\n<meta property=\"og:type\" content=\"article\" \/>\n<meta property=\"og:title\" content=\"O que \u00e9 o ciclo das quintas? - SABRA - Sociedade Art\u00edstica Brasileira\" \/>\n<meta property=\"og:description\" content=\"Voc\u00ea j\u00e1 ouviu falar sobre um termo musical conhecido como &quot;ciclo das quintas&quot;? Como entender a respeito deste tema e como aplic\u00e1-lo?\" \/>\n<meta property=\"og:url\" content=\"https:\/\/www.sabra.org.br\/site\/ciclo-quintas\/\" \/>\n<meta property=\"og:site_name\" content=\"SABRA - Sociedade Art\u00edstica Brasileira\" \/>\n<meta property=\"article:publisher\" content=\"https:\/\/www.facebook.com\/sabrabrasil\" \/>\n<meta property=\"article:published_time\" content=\"2022-08-31T09:08:09+00:00\" \/>\n<meta property=\"og:image\" content=\"https:\/\/i0.wp.com\/www.sabra.org.br\/site\/wp-content\/uploads\/2022\/08\/o-que-e-o-ciclo-das-quintas-20220623120203.jpg.jpg?fit=800%2C500&ssl=1\" \/>\n\t<meta property=\"og:image:width\" content=\"800\" \/>\n\t<meta property=\"og:image:height\" content=\"500\" \/>\n\t<meta property=\"og:image:type\" content=\"image\/jpeg\" \/>\n<meta name=\"author\" content=\"M\u00e1rcio Miranda Pontes\" \/>\n<meta name=\"twitter:card\" content=\"summary_large_image\" \/>\n<meta name=\"twitter:creator\" content=\"@ContatoSabra\" \/>\n<meta name=\"twitter:site\" content=\"@ContatoSabra\" \/>\n<meta name=\"twitter:label1\" content=\"Escrito por\" \/>\n\t<meta name=\"twitter:data1\" content=\"M\u00e1rcio Miranda Pontes\" \/>\n\t<meta name=\"twitter:label2\" content=\"Est. tempo de leitura\" \/>\n\t<meta name=\"twitter:data2\" content=\"4 minutos\" \/>\n<script type=\"application\/ld+json\" class=\"yoast-schema-graph\">{\"@context\":\"https:\\\/\\\/schema.org\",\"@graph\":[{\"@type\":\"Article\",\"@id\":\"https:\\\/\\\/www.sabra.org.br\\\/site\\\/ciclo-quintas\\\/#article\",\"isPartOf\":{\"@id\":\"https:\\\/\\\/www.sabra.org.br\\\/site\\\/ciclo-quintas\\\/\"},\"author\":{\"name\":\"M\u00e1rcio Miranda Pontes\",\"@id\":\"https:\\\/\\\/www.sabra.org.br\\\/site\\\/#\\\/schema\\\/person\\\/7d1d222c3c8891d4c37c7b41bf6315c2\"},\"headline\":\"O que \u00e9 o ciclo das quintas?\",\"datePublished\":\"2022-08-31T09:08:09+00:00\",\"mainEntityOfPage\":{\"@id\":\"https:\\\/\\\/www.sabra.org.br\\\/site\\\/ciclo-quintas\\\/\"},\"wordCount\":701,\"publisher\":{\"@id\":\"https:\\\/\\\/www.sabra.org.br\\\/site\\\/#organization\"},\"image\":{\"@id\":\"https:\\\/\\\/www.sabra.org.br\\\/site\\\/ciclo-quintas\\\/#primaryimage\"},\"thumbnailUrl\":\"https:\\\/\\\/www.sabra.org.br\\\/site\\\/wp-content\\\/uploads\\\/2022\\\/08\\\/o-que-e-o-ciclo-das-quintas-20220623120203.jpg.jpg\",\"keywords\":[\"Assist\u00eancia social\",\"Belo Horizonte\",\"Cabo Frio\",\"Campos dos Goytacazes\",\"Canto Coral\",\"Contagem\",\"Escola de Musica SABRA\",\"Ibirit\u00e9\",\"Musicaliza\u00e7\u00e3o Infantil\",\"nova lima\",\"Orquestra Infanto Juvenil de Betim\",\"Orquestra Sinf\u00f4nica de Betim\",\"Raposos\",\"Sociedade Art\u00edstica Brasileira\"],\"articleSection\":[\"Blog SABRA\"],\"inLanguage\":\"pt-BR\"},{\"@type\":\"WebPage\",\"@id\":\"https:\\\/\\\/www.sabra.org.br\\\/site\\\/ciclo-quintas\\\/\",\"url\":\"https:\\\/\\\/www.sabra.org.br\\\/site\\\/ciclo-quintas\\\/\",\"name\":\"O que \u00e9 o ciclo das quintas? - SABRA - Sociedade Art\u00edstica Brasileira\",\"isPartOf\":{\"@id\":\"https:\\\/\\\/www.sabra.org.br\\\/site\\\/#website\"},\"primaryImageOfPage\":{\"@id\":\"https:\\\/\\\/www.sabra.org.br\\\/site\\\/ciclo-quintas\\\/#primaryimage\"},\"image\":{\"@id\":\"https:\\\/\\\/www.sabra.org.br\\\/site\\\/ciclo-quintas\\\/#primaryimage\"},\"thumbnailUrl\":\"https:\\\/\\\/www.sabra.org.br\\\/site\\\/wp-content\\\/uploads\\\/2022\\\/08\\\/o-que-e-o-ciclo-das-quintas-20220623120203.jpg.jpg\",\"datePublished\":\"2022-08-31T09:08:09+00:00\",\"description\":\"Voc\u00ea j\u00e1 ouviu falar sobre um termo musical conhecido como \\\"ciclo das quintas\\\"? Como entender a respeito deste tema e como aplic\u00e1-lo?\",\"breadcrumb\":{\"@id\":\"https:\\\/\\\/www.sabra.org.br\\\/site\\\/ciclo-quintas\\\/#breadcrumb\"},\"inLanguage\":\"pt-BR\",\"potentialAction\":[{\"@type\":\"ReadAction\",\"target\":[\"https:\\\/\\\/www.sabra.org.br\\\/site\\\/ciclo-quintas\\\/\"]}]},{\"@type\":\"ImageObject\",\"inLanguage\":\"pt-BR\",\"@id\":\"https:\\\/\\\/www.sabra.org.br\\\/site\\\/ciclo-quintas\\\/#primaryimage\",\"url\":\"https:\\\/\\\/www.sabra.org.br\\\/site\\\/wp-content\\\/uploads\\\/2022\\\/08\\\/o-que-e-o-ciclo-das-quintas-20220623120203.jpg.jpg\",\"contentUrl\":\"https:\\\/\\\/www.sabra.org.br\\\/site\\\/wp-content\\\/uploads\\\/2022\\\/08\\\/o-que-e-o-ciclo-das-quintas-20220623120203.jpg.jpg\",\"width\":800,\"height\":500,\"caption\":\"Sociedade Art\u00edstica Brasileira SABRA\"},{\"@type\":\"BreadcrumbList\",\"@id\":\"https:\\\/\\\/www.sabra.org.br\\\/site\\\/ciclo-quintas\\\/#breadcrumb\",\"itemListElement\":[{\"@type\":\"ListItem\",\"position\":1,\"name\":\"In\u00edcio\",\"item\":\"https:\\\/\\\/www.sabra.org.br\\\/site\\\/\"},{\"@type\":\"ListItem\",\"position\":2,\"name\":\"O que \u00e9 o ciclo das quintas?\"}]},{\"@type\":\"WebSite\",\"@id\":\"https:\\\/\\\/www.sabra.org.br\\\/site\\\/#website\",\"url\":\"https:\\\/\\\/www.sabra.org.br\\\/site\\\/\",\"name\":\"SABRA - Sociedade Art\u00edstica Brasileira\",\"description\":\"Escola de M\u00fasica, Orquestra Sinf\u00f4nica, Coral e Patrim\u00f4nio Cultural e Hist\u00f3rico\",\"publisher\":{\"@id\":\"https:\\\/\\\/www.sabra.org.br\\\/site\\\/#organization\"},\"potentialAction\":[{\"@type\":\"SearchAction\",\"target\":{\"@type\":\"EntryPoint\",\"urlTemplate\":\"https:\\\/\\\/www.sabra.org.br\\\/site\\\/?s={search_term_string}\"},\"query-input\":{\"@type\":\"PropertyValueSpecification\",\"valueRequired\":true,\"valueName\":\"search_term_string\"}}],\"inLanguage\":\"pt-BR\"},{\"@type\":\"Organization\",\"@id\":\"https:\\\/\\\/www.sabra.org.br\\\/site\\\/#organization\",\"name\":\"SOCIEDADE ART\u00cdSTICA BRASILEIRA SABRA\",\"alternateName\":\"SABRA\",\"url\":\"https:\\\/\\\/www.sabra.org.br\\\/site\\\/\",\"logo\":{\"@type\":\"ImageObject\",\"inLanguage\":\"pt-BR\",\"@id\":\"https:\\\/\\\/www.sabra.org.br\\\/site\\\/#\\\/schema\\\/logo\\\/image\\\/\",\"url\":\"https:\\\/\\\/www.sabra.org.br\\\/site\\\/wp-content\\\/uploads\\\/2019\\\/06\\\/cropped-Logo_SABRA-Copia-1.webp\",\"contentUrl\":\"https:\\\/\\\/www.sabra.org.br\\\/site\\\/wp-content\\\/uploads\\\/2019\\\/06\\\/cropped-Logo_SABRA-Copia-1.webp\",\"width\":400,\"height\":128,\"caption\":\"SOCIEDADE ART\u00cdSTICA BRASILEIRA SABRA\"},\"image\":{\"@id\":\"https:\\\/\\\/www.sabra.org.br\\\/site\\\/#\\\/schema\\\/logo\\\/image\\\/\"},\"sameAs\":[\"https:\\\/\\\/www.facebook.com\\\/sabrabrasil\",\"https:\\\/\\\/x.com\\\/ContatoSabra\",\"https:\\\/\\\/www.instagram.com\\\/sabrabrasil\\\/\",\"https:\\\/\\\/www.linkedin.com\\\/company\\\/25002088\\\/\",\"https:\\\/\\\/br.pinterest.com\\\/sociedadeartisticabrasileira\\\/\",\"https:\\\/\\\/www.youtube.com\\\/c\\\/sabrabrasil\"]},{\"@type\":\"Person\",\"@id\":\"https:\\\/\\\/www.sabra.org.br\\\/site\\\/#\\\/schema\\\/person\\\/7d1d222c3c8891d4c37c7b41bf6315c2\",\"name\":\"M\u00e1rcio Miranda Pontes\",\"image\":{\"@type\":\"ImageObject\",\"inLanguage\":\"pt-BR\",\"@id\":\"https:\\\/\\\/secure.gravatar.com\\\/avatar\\\/3b45f24496a7625a3a6c436688fbe20344faaeb2979658dc4a9921f984d7df9a?s=96&d=mm&r=g\",\"url\":\"https:\\\/\\\/secure.gravatar.com\\\/avatar\\\/3b45f24496a7625a3a6c436688fbe20344faaeb2979658dc4a9921f984d7df9a?s=96&d=mm&r=g\",\"contentUrl\":\"https:\\\/\\\/secure.gravatar.com\\\/avatar\\\/3b45f24496a7625a3a6c436688fbe20344faaeb2979658dc4a9921f984d7df9a?s=96&d=mm&r=g\",\"caption\":\"M\u00e1rcio Miranda Pontes\"},\"sameAs\":[\"http:\\\/\\\/www.sabra.org.br\"],\"url\":\"https:\\\/\\\/www.sabra.org.br\\\/site\\\/author\\\/marcio-miranda-pontes\\\/\"}]}<\/script>\n<!-- \/ Yoast SEO plugin. -->","yoast_head_json":{"title":"O que \u00e9 o ciclo das quintas? - SABRA - Sociedade Art\u00edstica Brasileira","description":"Voc\u00ea j\u00e1 ouviu falar sobre um termo musical conhecido como \"ciclo das quintas\"? Como entender a respeito deste tema e como aplic\u00e1-lo?","robots":{"index":"index","follow":"follow","max-snippet":"max-snippet:-1","max-image-preview":"max-image-preview:large","max-video-preview":"max-video-preview:-1"},"canonical":"https:\/\/www.sabra.org.br\/site\/ciclo-quintas\/","og_locale":"pt_BR","og_type":"article","og_title":"O que \u00e9 o ciclo das quintas? - SABRA - Sociedade Art\u00edstica Brasileira","og_description":"Voc\u00ea j\u00e1 ouviu falar sobre um termo musical conhecido como \"ciclo das quintas\"? Como entender a respeito deste tema e como aplic\u00e1-lo?","og_url":"https:\/\/www.sabra.org.br\/site\/ciclo-quintas\/","og_site_name":"SABRA - Sociedade Art\u00edstica Brasileira","article_publisher":"https:\/\/www.facebook.com\/sabrabrasil","article_published_time":"2022-08-31T09:08:09+00:00","og_image":[{"width":800,"height":500,"url":"https:\/\/i0.wp.com\/www.sabra.org.br\/site\/wp-content\/uploads\/2022\/08\/o-que-e-o-ciclo-das-quintas-20220623120203.jpg.jpg?fit=800%2C500&ssl=1","type":"image\/jpeg"}],"author":"M\u00e1rcio Miranda Pontes","twitter_card":"summary_large_image","twitter_creator":"@ContatoSabra","twitter_site":"@ContatoSabra","twitter_misc":{"Escrito por":"M\u00e1rcio Miranda Pontes","Est. tempo de leitura":"4 minutos"},"schema":{"@context":"https:\/\/schema.org","@graph":[{"@type":"Article","@id":"https:\/\/www.sabra.org.br\/site\/ciclo-quintas\/#article","isPartOf":{"@id":"https:\/\/www.sabra.org.br\/site\/ciclo-quintas\/"},"author":{"name":"M\u00e1rcio Miranda Pontes","@id":"https:\/\/www.sabra.org.br\/site\/#\/schema\/person\/7d1d222c3c8891d4c37c7b41bf6315c2"},"headline":"O que \u00e9 o ciclo das quintas?","datePublished":"2022-08-31T09:08:09+00:00","mainEntityOfPage":{"@id":"https:\/\/www.sabra.org.br\/site\/ciclo-quintas\/"},"wordCount":701,"publisher":{"@id":"https:\/\/www.sabra.org.br\/site\/#organization"},"image":{"@id":"https:\/\/www.sabra.org.br\/site\/ciclo-quintas\/#primaryimage"},"thumbnailUrl":"https:\/\/www.sabra.org.br\/site\/wp-content\/uploads\/2022\/08\/o-que-e-o-ciclo-das-quintas-20220623120203.jpg.jpg","keywords":["Assist\u00eancia social","Belo Horizonte","Cabo Frio","Campos dos Goytacazes","Canto Coral","Contagem","Escola de Musica SABRA","Ibirit\u00e9","Musicaliza\u00e7\u00e3o Infantil","nova lima","Orquestra Infanto Juvenil de Betim","Orquestra Sinf\u00f4nica de Betim","Raposos","Sociedade Art\u00edstica Brasileira"],"articleSection":["Blog SABRA"],"inLanguage":"pt-BR"},{"@type":"WebPage","@id":"https:\/\/www.sabra.org.br\/site\/ciclo-quintas\/","url":"https:\/\/www.sabra.org.br\/site\/ciclo-quintas\/","name":"O que \u00e9 o ciclo das quintas? - SABRA - Sociedade Art\u00edstica Brasileira","isPartOf":{"@id":"https:\/\/www.sabra.org.br\/site\/#website"},"primaryImageOfPage":{"@id":"https:\/\/www.sabra.org.br\/site\/ciclo-quintas\/#primaryimage"},"image":{"@id":"https:\/\/www.sabra.org.br\/site\/ciclo-quintas\/#primaryimage"},"thumbnailUrl":"https:\/\/www.sabra.org.br\/site\/wp-content\/uploads\/2022\/08\/o-que-e-o-ciclo-das-quintas-20220623120203.jpg.jpg","datePublished":"2022-08-31T09:08:09+00:00","description":"Voc\u00ea j\u00e1 ouviu falar sobre um termo musical conhecido como \"ciclo das quintas\"? Como entender a respeito deste tema e como aplic\u00e1-lo?","breadcrumb":{"@id":"https:\/\/www.sabra.org.br\/site\/ciclo-quintas\/#breadcrumb"},"inLanguage":"pt-BR","potentialAction":[{"@type":"ReadAction","target":["https:\/\/www.sabra.org.br\/site\/ciclo-quintas\/"]}]},{"@type":"ImageObject","inLanguage":"pt-BR","@id":"https:\/\/www.sabra.org.br\/site\/ciclo-quintas\/#primaryimage","url":"https:\/\/www.sabra.org.br\/site\/wp-content\/uploads\/2022\/08\/o-que-e-o-ciclo-das-quintas-20220623120203.jpg.jpg","contentUrl":"https:\/\/www.sabra.org.br\/site\/wp-content\/uploads\/2022\/08\/o-que-e-o-ciclo-das-quintas-20220623120203.jpg.jpg","width":800,"height":500,"caption":"Sociedade Art\u00edstica Brasileira SABRA"},{"@type":"BreadcrumbList","@id":"https:\/\/www.sabra.org.br\/site\/ciclo-quintas\/#breadcrumb","itemListElement":[{"@type":"ListItem","position":1,"name":"In\u00edcio","item":"https:\/\/www.sabra.org.br\/site\/"},{"@type":"ListItem","position":2,"name":"O que \u00e9 o ciclo das quintas?"}]},{"@type":"WebSite","@id":"https:\/\/www.sabra.org.br\/site\/#website","url":"https:\/\/www.sabra.org.br\/site\/","name":"SABRA - Sociedade Art\u00edstica Brasileira","description":"Escola de M\u00fasica, Orquestra Sinf\u00f4nica, Coral e Patrim\u00f4nio Cultural e Hist\u00f3rico","publisher":{"@id":"https:\/\/www.sabra.org.br\/site\/#organization"},"potentialAction":[{"@type":"SearchAction","target":{"@type":"EntryPoint","urlTemplate":"https:\/\/www.sabra.org.br\/site\/?s={search_term_string}"},"query-input":{"@type":"PropertyValueSpecification","valueRequired":true,"valueName":"search_term_string"}}],"inLanguage":"pt-BR"},{"@type":"Organization","@id":"https:\/\/www.sabra.org.br\/site\/#organization","name":"SOCIEDADE ART\u00cdSTICA BRASILEIRA SABRA","alternateName":"SABRA","url":"https:\/\/www.sabra.org.br\/site\/","logo":{"@type":"ImageObject","inLanguage":"pt-BR","@id":"https:\/\/www.sabra.org.br\/site\/#\/schema\/logo\/image\/","url":"https:\/\/www.sabra.org.br\/site\/wp-content\/uploads\/2019\/06\/cropped-Logo_SABRA-Copia-1.webp","contentUrl":"https:\/\/www.sabra.org.br\/site\/wp-content\/uploads\/2019\/06\/cropped-Logo_SABRA-Copia-1.webp","width":400,"height":128,"caption":"SOCIEDADE ART\u00cdSTICA BRASILEIRA SABRA"},"image":{"@id":"https:\/\/www.sabra.org.br\/site\/#\/schema\/logo\/image\/"},"sameAs":["https:\/\/www.facebook.com\/sabrabrasil","https:\/\/x.com\/ContatoSabra","https:\/\/www.instagram.com\/sabrabrasil\/","https:\/\/www.linkedin.com\/company\/25002088\/","https:\/\/br.pinterest.com\/sociedadeartisticabrasileira\/","https:\/\/www.youtube.com\/c\/sabrabrasil"]},{"@type":"Person","@id":"https:\/\/www.sabra.org.br\/site\/#\/schema\/person\/7d1d222c3c8891d4c37c7b41bf6315c2","name":"M\u00e1rcio Miranda Pontes","image":{"@type":"ImageObject","inLanguage":"pt-BR","@id":"https:\/\/secure.gravatar.com\/avatar\/3b45f24496a7625a3a6c436688fbe20344faaeb2979658dc4a9921f984d7df9a?s=96&d=mm&r=g","url":"https:\/\/secure.gravatar.com\/avatar\/3b45f24496a7625a3a6c436688fbe20344faaeb2979658dc4a9921f984d7df9a?s=96&d=mm&r=g","contentUrl":"https:\/\/secure.gravatar.com\/avatar\/3b45f24496a7625a3a6c436688fbe20344faaeb2979658dc4a9921f984d7df9a?s=96&d=mm&r=g","caption":"M\u00e1rcio Miranda Pontes"},"sameAs":["http:\/\/www.sabra.org.br"],"url":"https:\/\/www.sabra.org.br\/site\/author\/marcio-miranda-pontes\/"}]}},"jetpack_featured_media_url":"https:\/\/www.sabra.org.br\/site\/wp-content\/uploads\/2022\/08\/o-que-e-o-ciclo-das-quintas-20220623120203.jpg.jpg","jetpack_shortlink":"https:\/\/wp.me\/p95j2Z-1uI","jetpack-related-posts":[{"id":13093,"url":"https:\/\/www.sabra.org.br\/site\/ciclo-das-quintas-o-que-e-para-que-serve-e-como-usar\/","url_meta":{"origin":5748,"position":0},"title":"Ciclo das quintas: o que \u00e9, para que serve e como usar?","author":"","date":"22 de agosto de 2025","format":false,"excerpt":"A teoria musical \u00e9 repleta de conceitos que ajudam m\u00fasicos a compreender melhor a estrutura e a harmonia das composi\u00e7\u00f5es. Entre esses conceitos, destaca-se o Ciclo das Quintas, uma ferramenta essencial para quem deseja aprofundar seus conhecimentos musicais. O Ciclo das Quintas n\u00e3o \u00e9 apenas um diagrama \u00fatil, mas um\u2026","rel":"","context":"Em &quot;Blog SABRA&quot;","block_context":{"text":"Blog SABRA","link":"https:\/\/www.sabra.org.br\/site\/category\/blog-sabra\/"},"img":{"alt_text":"","src":"","width":0,"height":0},"classes":[]},{"id":5868,"url":"https:\/\/www.sabra.org.br\/site\/notas-acordes\/","url_meta":{"origin":5748,"position":1},"title":"O que s\u00e3o acordes e como s\u00e3o classificados?","author":"M\u00e1rcio Miranda Pontes","date":"14 de setembro de 2022","format":false,"excerpt":"Voc\u00ea \u00e9 uma pessoa apaixonada por m\u00fasica e deseja entender tudo sobre essa \u00e1rea? Ent\u00e3o comece aprendendo bem desde o in\u00edcio lendo nosso texto onde falamos tudo o que voc\u00ea precisa saber cobre acordes.","rel":"","context":"Em &quot;Blog SABRA&quot;","block_context":{"text":"Blog SABRA","link":"https:\/\/www.sabra.org.br\/site\/category\/blog-sabra\/"},"img":{"alt_text":"acorde-maior-menor-musica-melodia-tonica-grau-ter\u00e7a","src":"https:\/\/i0.wp.com\/www.sabra.org.br\/site\/wp-content\/uploads\/2022\/09\/o-que-sao-acordes-e-como-sao-classificados-20220623120203.jpg.jpg?resize=350%2C200&ssl=1","width":350,"height":200,"srcset":"https:\/\/i0.wp.com\/www.sabra.org.br\/site\/wp-content\/uploads\/2022\/09\/o-que-sao-acordes-e-como-sao-classificados-20220623120203.jpg.jpg?resize=350%2C200&ssl=1 1x, https:\/\/i0.wp.com\/www.sabra.org.br\/site\/wp-content\/uploads\/2022\/09\/o-que-sao-acordes-e-como-sao-classificados-20220623120203.jpg.jpg?resize=525%2C300&ssl=1 1.5x, https:\/\/i0.wp.com\/www.sabra.org.br\/site\/wp-content\/uploads\/2022\/09\/o-que-sao-acordes-e-como-sao-classificados-20220623120203.jpg.jpg?resize=700%2C400&ssl=1 2x"},"classes":[]},{"id":7077,"url":"https:\/\/www.sabra.org.br\/site\/notas-musicais-2\/","url_meta":{"origin":5748,"position":2},"title":"Notas Musicais: representa\u00e7\u00e3o e caracter\u00edsticas sonoras","author":"M\u00e1rcio Miranda Pontes","date":"5 de maio de 2023","format":false,"excerpt":"Voc\u00ea sabe o que s\u00e3o notas musicais e como elas s\u00e3o representadas de forma gr\u00e1fica? N\u00e3o? Ent\u00e3o conhe\u00e7a mais alguns s\u00edmbolos musicais e entenda como ela pode ser representada graficamente.","rel":"","context":"Em &quot;Blog SABRA&quot;","block_context":{"text":"Blog SABRA","link":"https:\/\/www.sabra.org.br\/site\/category\/blog-sabra\/"},"img":{"alt_text":"nota-notas-musicais-representa\u00e7\u00f5es-frequ\u00eancia-sonoras-m\u00fasica","src":"https:\/\/i0.wp.com\/www.sabra.org.br\/site\/wp-content\/uploads\/2023\/05\/notas-musicais-representacao-e-caracteristicas-sonoras-20171229162457.jpg-jpg.webp?resize=350%2C200&ssl=1","width":350,"height":200,"srcset":"https:\/\/i0.wp.com\/www.sabra.org.br\/site\/wp-content\/uploads\/2023\/05\/notas-musicais-representacao-e-caracteristicas-sonoras-20171229162457.jpg-jpg.webp?resize=350%2C200&ssl=1 1x, https:\/\/i0.wp.com\/www.sabra.org.br\/site\/wp-content\/uploads\/2023\/05\/notas-musicais-representacao-e-caracteristicas-sonoras-20171229162457.jpg-jpg.webp?resize=525%2C300&ssl=1 1.5x, https:\/\/i0.wp.com\/www.sabra.org.br\/site\/wp-content\/uploads\/2023\/05\/notas-musicais-representacao-e-caracteristicas-sonoras-20171229162457.jpg-jpg.webp?resize=700%2C400&ssl=1 2x"},"classes":[]},{"id":3860,"url":"https:\/\/www.sabra.org.br\/site\/posicao-violino\/","url_meta":{"origin":5748,"position":3},"title":"Saiba quais s\u00e3o as notas e posi\u00e7\u00f5es do violino","author":"M\u00e1rcio Miranda Pontes","date":"6 de maio de 2021","format":false,"excerpt":"Saiba quais s\u00e3o as notas e posi\u00e7\u00f5es do violino O violino \u00e9 um dos instrumentos mais famosos do universo da m\u00fasica. No entanto, toc\u00e1-lo n\u00e3o \u00e9 t\u00e3o simples quanto parece, sendo necess\u00e1rio entender, para isso, suas notas e posi\u00e7\u00f5es. Voc\u00ea quer descobrir mais sobre o assunto? Ent\u00e3o, basta ler o\u2026","rel":"","context":"Em &quot;Blog SABRA&quot;","block_context":{"text":"Blog SABRA","link":"https:\/\/www.sabra.org.br\/site\/category\/blog-sabra\/"},"img":{"alt_text":"posi\u00e7\u00f5es-violino-posi\u00e7\u00e3o-nota-dedo","src":"https:\/\/i0.wp.com\/www.sabra.org.br\/site\/wp-content\/uploads\/2021\/05\/saiba-quais-sao-as-notas-e-posicoes-do-violino-20210203092956.jpg.jpg?resize=350%2C200&ssl=1","width":350,"height":200,"srcset":"https:\/\/i0.wp.com\/www.sabra.org.br\/site\/wp-content\/uploads\/2021\/05\/saiba-quais-sao-as-notas-e-posicoes-do-violino-20210203092956.jpg.jpg?resize=350%2C200&ssl=1 1x, https:\/\/i0.wp.com\/www.sabra.org.br\/site\/wp-content\/uploads\/2021\/05\/saiba-quais-sao-as-notas-e-posicoes-do-violino-20210203092956.jpg.jpg?resize=525%2C300&ssl=1 1.5x, https:\/\/i0.wp.com\/www.sabra.org.br\/site\/wp-content\/uploads\/2021\/05\/saiba-quais-sao-as-notas-e-posicoes-do-violino-20210203092956.jpg.jpg?resize=700%2C400&ssl=1 2x"},"classes":[]},{"id":1932,"url":"https:\/\/www.sabra.org.br\/site\/matematica-e-musica\/","url_meta":{"origin":5748,"position":4},"title":"Matem\u00e1tica e M\u00fasica","author":"M\u00e1rcio Miranda Pontes","date":"15 de maio de 2019","format":false,"excerpt":"trabalho da sociedade art\u00edstica brasileira sociedade art\u00edstica brasileira sabra erat\u00f3stenes arist\u00f3xenes e arquitas trabalho da sociedade art\u00edstica sociedade art\u00edstica brasileira","rel":"","context":"Em &quot;Blog SABRA&quot;","block_context":{"text":"Blog SABRA","link":"https:\/\/www.sabra.org.br\/site\/category\/blog-sabra\/"},"img":{"alt_text":"Matem\u00e1tica e M\u00fasica","src":"https:\/\/i0.wp.com\/www.sabra.org.br\/site\/wp-content\/uploads\/2019\/05\/matematica-e-musica-como-relacionar-os-dois-20181024171547.jpg.jpg?resize=350%2C200&ssl=1","width":350,"height":200,"srcset":"https:\/\/i0.wp.com\/www.sabra.org.br\/site\/wp-content\/uploads\/2019\/05\/matematica-e-musica-como-relacionar-os-dois-20181024171547.jpg.jpg?resize=350%2C200&ssl=1 1x, https:\/\/i0.wp.com\/www.sabra.org.br\/site\/wp-content\/uploads\/2019\/05\/matematica-e-musica-como-relacionar-os-dois-20181024171547.jpg.jpg?resize=525%2C300&ssl=1 1.5x, https:\/\/i0.wp.com\/www.sabra.org.br\/site\/wp-content\/uploads\/2019\/05\/matematica-e-musica-como-relacionar-os-dois-20181024171547.jpg.jpg?resize=700%2C400&ssl=1 2x"},"classes":[]},{"id":4776,"url":"https:\/\/www.sabra.org.br\/site\/notas-musicais\/","url_meta":{"origin":5748,"position":5},"title":"Afinal, como surgiram as notas musicais?","author":"M\u00e1rcio Miranda Pontes","date":"26 de fevereiro de 2022","format":false,"excerpt":"Recursos que auxiliam os m\u00fasicos na leitura de partituras, as notas musicais s\u00e3o inven\u00e7\u00f5es que podem ser representadas de diferentes formas a depender da cultura e da tradi\u00e7\u00e3o. Conhe\u00e7a as suas origens.","rel":"","context":"Em &quot;Blog SABRA&quot;","block_context":{"text":"Blog SABRA","link":"https:\/\/www.sabra.org.br\/site\/category\/blog-sabra\/"},"img":{"alt_text":"notas-musicais-musica","src":"https:\/\/i0.wp.com\/www.sabra.org.br\/site\/wp-content\/uploads\/2022\/02\/afinal-como-surgiram-as-notas-musicais-20220208141739.jpg.jpg?resize=350%2C200&ssl=1","width":350,"height":200,"srcset":"https:\/\/i0.wp.com\/www.sabra.org.br\/site\/wp-content\/uploads\/2022\/02\/afinal-como-surgiram-as-notas-musicais-20220208141739.jpg.jpg?resize=350%2C200&ssl=1 1x, https:\/\/i0.wp.com\/www.sabra.org.br\/site\/wp-content\/uploads\/2022\/02\/afinal-como-surgiram-as-notas-musicais-20220208141739.jpg.jpg?resize=525%2C300&ssl=1 1.5x, https:\/\/i0.wp.com\/www.sabra.org.br\/site\/wp-content\/uploads\/2022\/02\/afinal-como-surgiram-as-notas-musicais-20220208141739.jpg.jpg?resize=700%2C400&ssl=1 2x, https:\/\/i0.wp.com\/www.sabra.org.br\/site\/wp-content\/uploads\/2022\/02\/afinal-como-surgiram-as-notas-musicais-20220208141739.jpg.jpg?resize=1050%2C600&ssl=1 3x, https:\/\/i0.wp.com\/www.sabra.org.br\/site\/wp-content\/uploads\/2022\/02\/afinal-como-surgiram-as-notas-musicais-20220208141739.jpg.jpg?resize=1400%2C800&ssl=1 4x"},"classes":[]}],"jetpack_likes_enabled":true,"jetpack_sharing_enabled":true,"_links":{"self":[{"href":"https:\/\/www.sabra.org.br\/site\/wp-json\/wp\/v2\/posts\/5748","targetHints":{"allow":["GET"]}}],"collection":[{"href":"https:\/\/www.sabra.org.br\/site\/wp-json\/wp\/v2\/posts"}],"about":[{"href":"https:\/\/www.sabra.org.br\/site\/wp-json\/wp\/v2\/types\/post"}],"author":[{"embeddable":true,"href":"https:\/\/www.sabra.org.br\/site\/wp-json\/wp\/v2\/users\/39"}],"replies":[{"embeddable":true,"href":"https:\/\/www.sabra.org.br\/site\/wp-json\/wp\/v2\/comments?post=5748"}],"version-history":[{"count":0,"href":"https:\/\/www.sabra.org.br\/site\/wp-json\/wp\/v2\/posts\/5748\/revisions"}],"wp:featuredmedia":[{"embeddable":true,"href":"https:\/\/www.sabra.org.br\/site\/wp-json\/wp\/v2\/media\/5749"}],"wp:attachment":[{"href":"https:\/\/www.sabra.org.br\/site\/wp-json\/wp\/v2\/media?parent=5748"}],"wp:term":[{"taxonomy":"category","embeddable":true,"href":"https:\/\/www.sabra.org.br\/site\/wp-json\/wp\/v2\/categories?post=5748"},{"taxonomy":"post_tag","embeddable":true,"href":"https:\/\/www.sabra.org.br\/site\/wp-json\/wp\/v2\/tags?post=5748"}],"curies":[{"name":"wp","href":"https:\/\/api.w.org\/{rel}","templated":true}]}}