{"id":5767,"date":"2022-09-02T08:35:05","date_gmt":"2022-09-02T11:35:05","guid":{"rendered":"https:\/\/www.sabra.org.br\/site\/?p=5767"},"modified":"2022-09-02T08:35:05","modified_gmt":"2022-09-02T11:35:05","slug":"orquestra-de-papel","status":"publish","type":"post","link":"https:\/\/www.sabra.org.br\/site\/orquestra-de-papel\/","title":{"rendered":"Orquestra de Papel"},"content":{"rendered":"<p>[vc_row][vc_column][vc_column_text]A musicaliza\u00e7\u00e3o para crian\u00e7as \u00e9 uma atividade que requer adequa\u00e7\u00e3o \u00e0 idade dos pequenos, para que eles construam uma base de conhecimento sobre o assunto. E de maneira muito divertida, atividades como a orquestra de papel s\u00e3o \u00f3timas oportunidades para isso.<\/p>\n<p>Quando est\u00e1 em musicaliza\u00e7\u00e3o infantil o pequeno est\u00e1 construindo uma base para saber mais sobre m\u00fasica no futuro. Bem como desenvolve outras capacidades importantes, como a coordena\u00e7\u00e3o motora ligada a essas brincadeiras, pois s\u00e3o atividades ricas.<\/p>\n<h2>Conhe\u00e7a essa atividade de musicaliza\u00e7\u00e3o para crian\u00e7as<\/h2>\n<p>A musicaliza\u00e7\u00e3o infantil \u00e9 um processo pelo qual as crian\u00e7as passam e experimentam o primeiro contato com a m\u00fasica. De forma parecida com os primeiros anos escolares, elas aprendem aos poucos os aspectos que ajudam a forma o que conhecemos por m\u00fasica.<\/p>\n<p>Com isso, \u00e9 importante respeitar a fase em que os pequenos est\u00e3o, trazendo alternativas de atividades que sejam l\u00fadicas, mais divertidas. Assim como \u00e9 o caso da orquestra de papel, uma atividade que parece ser apenas uma brincadeira, mas colabora para um rico aprendizado.<\/p>\n<h2>Fa\u00e7a a orquestra de papel<\/h2>\n<p>A orquestra de papel funciona com simples folhas de A4, as quais podem ser coloridas para tornar a atividade ainda mais din\u00e2mica. Cada crian\u00e7as recebe uma folha e o comando para produzir algum tipo de som com ela, sendo a diversidade de comandos de acordo com a idade das crian\u00e7as.<\/p>\n<p>Pois bem, os movimentos podem ser diversos, como deitar a folha sobre a palma da m\u00e3o e bater por cima com a outra m\u00e3o. Tamb\u00e9m bater com a ponta de um dedo, dando som de estalo. Pode ser um tapa na folha, enfim, a criatividade \u00e9 bem-vinda nesse momento.<\/p>\n<p>Por fim, para que a orquestra tome forma, uma m\u00fasica de fundo pode ajudar. Portanto, o professor no comando direciona para cada aluno fazer um tipo de som no tempo certo da m\u00fasica, para acompanhamento. Outra op\u00e7\u00e3o \u00e9 que as crian\u00e7as fa\u00e7am juntas o mesmo som e depois ele seja alternado conforme a m\u00fasica se desenvolve.<\/p>\n<h2>Os objetivos por tr\u00e1s da orquestra de papel<\/h2>\n<p>Al\u00e9m de muita divers\u00e3o, o objetivo da orquestra de papel \u00e9 ajudar as crian\u00e7as a conhecerem fontes diversas de sons, bem como tipos diferentes. H\u00e1 uma amplia\u00e7\u00e3o da capacidade auditiva, porque os pequenos passam a identificar mais detalhes sobre os sons.<\/p>\n<p>Explorar o som dos objetos \u00e9 uma atividade que observamos surgir naturalmente em beb\u00eas, as crian\u00e7as, portanto, possuem essa capacidade. Quando o grupo de crian\u00e7as \u00e9 direcionado para esse tipo de atividade, os resultados s\u00e3o maravilhosos, porque elas experimentam de maneira completa essa viv\u00eancia.<\/p>\n<p>Essa \u00e9 a orquestra de papel, uma atividade para musicaliza\u00e7\u00e3o de crian\u00e7as que traz resultados completos. N\u00e3o apuramos apenas as capacidades auditivas, estimulamos a coordena\u00e7\u00e3o motora e colaboramos para socializa\u00e7\u00e3o do grupo.<\/p>\n<p>A m\u00fasica tem efeito extraordin\u00e1rio para o ser humano e isso j\u00e1 come\u00e7a desde o in\u00edcio. Portanto, a orquestra de papel \u00e9 apenas uma das diversas atividades interessantes para esse trabalho. Sem contar os benef\u00edcios para a vida dessa crian\u00e7a, que ficam al\u00e9m da sala de aula.<\/p>\n<p>Se gostou leia mais conte\u00fados como este e aproveite para saber mais sobre o nosso projeto!<\/p>\n<blockquote class=\"wp-embedded-content\" data-secret=\"KVsPQJgSg8\"><p><a href=\"https:\/\/www.sabra.org.br\/site\/patrimonio-material-imaterial\/\">Patrim\u00f4nio cultural material e imaterial: entenda as diferen\u00e7as<\/a><\/p><\/blockquote>\n<p><iframe class=\"wp-embedded-content\" sandbox=\"allow-scripts\" security=\"restricted\" style=\"position: absolute; clip: rect(1px, 1px, 1px, 1px);\" title=\"&#8220;Patrim\u00f4nio cultural material e imaterial: entenda as diferen\u00e7as&#8221; &#8212; SABRA - Sociedade Art\u00edstica Brasileira\" src=\"https:\/\/www.sabra.org.br\/site\/patrimonio-material-imaterial\/embed\/#?secret=ti49pUemZR#?secret=KVsPQJgSg8\" data-secret=\"KVsPQJgSg8\" width=\"600\" height=\"338\" frameborder=\"0\" marginwidth=\"0\" marginheight=\"0\" scrolling=\"no\"><\/iframe><\/p>\n<hr \/>\n<h2>Se voc\u00ea gostou deste post:<\/h2>\n<p>&#8211; SIGA as nossas p\u00e1ginas nas redes sociais para acompanhar as nossas atualiza\u00e7\u00f5es: estamos no <a href=\"https:\/\/www.facebook.com\/sabrabrasil\" target=\"_blank\" rel=\"noopener\">Facebook<\/a>, no <a href=\"https:\/\/www.instagram.com\/sabrabrasil\/\" target=\"_blank\" rel=\"noopener\">Instagram<\/a>, no <a href=\"https:\/\/www.linkedin.com\/company\/25002088\" target=\"_blank\" rel=\"noopener\">LinkedIn<\/a>, no <a href=\"https:\/\/twitter.com\/ContatoSabra\" target=\"_blank\" rel=\"noopener\">Twitter<\/a> e no <a href=\"https:\/\/www.youtube.com\/channel\/UCJw-kbuEvzUNdeQf20Pa-eQ\" target=\"_blank\" rel=\"noopener\">YouTube<\/a>!<\/p>\n<p>&#8211; CONHE\u00c7A o trabalho da Sociedade Art\u00edstica Brasileira (SABRA) e todas as iniciativas culturais e sociais que ela mant\u00e9m. <a href=\"https:\/\/www.sabra.org.br\/site\/acoes\/\" target=\"_blank\" rel=\"noopener\">Acesse nosso site!<\/a><\/p>\n<p>&#8211; ENTRE EM CONTATO com a gente. E veja quais s\u00e3o as op\u00e7\u00f5es de ajuda na manuten\u00e7\u00e3o de nossas a\u00e7\u00f5es sociais e culturais. Basta acessar nossa p\u00e1gina <a href=\"https:\/\/www.sabra.org.br\/site\/doe-agora\/\" target=\"_blank\" rel=\"noopener\">Doe Agora!<\/a><\/p>\n<p>&#8211; COMPARTILHE este texto nas suas redes sociais e ajude os seus amigos a tamb\u00e9m dominarem o assunto!<\/p>\n<p>\u2013 Os projetos da @sabrabrasil s\u00e3o realizados com o patroci\u0301nio m\u00e1ster: @vallourec e @institutounimedbh, viabilizado pelo incentivo de mais de 5,2 mil m\u00e9dicos cooperados e colaboradores via Lei de Incentivo \u00e0 Cultura &#8211; @mturismo, @culturagovbr. Apoio: @prefeiturabetim[\/vc_column_text][\/vc_column][\/vc_row]<\/p>\n","protected":false},"excerpt":{"rendered":"<p>Conhece a orquestra de papel? Saiba que uma simples e divertida atividade pode acrescentar em muito conhecimento para as crian\u00e7as. Leia e saiba como fazer a brincadeira que ensina m\u00fasica!<\/p>\n","protected":false},"author":39,"featured_media":5768,"comment_status":"closed","ping_status":"closed","sticky":false,"template":"","format":"standard","meta":{"jetpack_post_was_ever_published":false,"_jetpack_newsletter_access":"","_jetpack_dont_email_post_to_subs":false,"_jetpack_newsletter_tier_id":0,"_jetpack_memberships_contains_paywalled_content":false,"_jetpack_memberships_contains_paid_content":false,"footnotes":""},"categories":[1],"tags":[15,2757,3626,3623,8,3629,1285,3628,16,3519,1286,11,3622,9],"class_list":["post-5767","post","type-post","status-publish","format-standard","has-post-thumbnail","hentry","category-blog-sabra","tag-assistencia-social","tag-belo-horizonte","tag-cabo-frio","tag-campos-dos-goytacazes","tag-canto-coral","tag-contagem","tag-escola-de-musica-sabra","tag-ibirite","tag-musicalizacao-infantil","tag-nova-lima-2","tag-orquestra-infanto-juvenil-de-betim","tag-orquestra-sinfonica-de-betim","tag-raposos","tag-sociedade-artistica-brasileira"],"yoast_head":"<!-- This site is optimized with the Yoast SEO plugin v27.5 - https:\/\/yoast.com\/product\/yoast-seo-wordpress\/ -->\n<title>Orquestra de Papel - SABRA - Sociedade Art\u00edstica Brasileira<\/title>\n<meta name=\"description\" content=\"Conhece a orquestra de papel? Saiba que uma simples e divertida atividade pode acrescentar em muito conhecimento para as crian\u00e7as.\" \/>\n<meta name=\"robots\" content=\"index, follow, max-snippet:-1, max-image-preview:large, max-video-preview:-1\" \/>\n<link rel=\"canonical\" href=\"https:\/\/www.sabra.org.br\/site\/orquestra-de-papel\/\" \/>\n<meta property=\"og:locale\" content=\"pt_BR\" \/>\n<meta property=\"og:type\" content=\"article\" \/>\n<meta property=\"og:title\" content=\"Orquestra de Papel - SABRA - Sociedade Art\u00edstica Brasileira\" \/>\n<meta property=\"og:description\" content=\"Conhece a orquestra de papel? Saiba que uma simples e divertida atividade pode acrescentar em muito conhecimento para as crian\u00e7as.\" \/>\n<meta property=\"og:url\" content=\"https:\/\/www.sabra.org.br\/site\/orquestra-de-papel\/\" \/>\n<meta property=\"og:site_name\" content=\"SABRA - Sociedade Art\u00edstica Brasileira\" \/>\n<meta property=\"article:publisher\" content=\"https:\/\/www.facebook.com\/sabrabrasil\" \/>\n<meta property=\"article:published_time\" content=\"2022-09-02T11:35:05+00:00\" \/>\n<meta property=\"og:image\" content=\"https:\/\/i0.wp.com\/www.sabra.org.br\/site\/wp-content\/uploads\/2022\/09\/orquestra-de-papel-conheca-essa-atividade-de-musicalizacao-para-criancas-20220623120203.jpg.jpg?fit=800%2C500&ssl=1\" \/>\n\t<meta property=\"og:image:width\" content=\"800\" \/>\n\t<meta property=\"og:image:height\" content=\"500\" \/>\n\t<meta property=\"og:image:type\" content=\"image\/jpeg\" \/>\n<meta name=\"author\" content=\"M\u00e1rcio Miranda Pontes\" \/>\n<meta name=\"twitter:card\" content=\"summary_large_image\" \/>\n<meta name=\"twitter:creator\" content=\"@ContatoSabra\" \/>\n<meta name=\"twitter:site\" content=\"@ContatoSabra\" \/>\n<meta name=\"twitter:label1\" content=\"Escrito por\" \/>\n\t<meta name=\"twitter:data1\" content=\"M\u00e1rcio Miranda Pontes\" \/>\n\t<meta name=\"twitter:label2\" content=\"Est. tempo de leitura\" \/>\n\t<meta name=\"twitter:data2\" content=\"4 minutos\" \/>\n<script type=\"application\/ld+json\" class=\"yoast-schema-graph\">{\"@context\":\"https:\\\/\\\/schema.org\",\"@graph\":[{\"@type\":\"Article\",\"@id\":\"https:\\\/\\\/www.sabra.org.br\\\/site\\\/orquestra-de-papel\\\/#article\",\"isPartOf\":{\"@id\":\"https:\\\/\\\/www.sabra.org.br\\\/site\\\/orquestra-de-papel\\\/\"},\"author\":{\"name\":\"M\u00e1rcio Miranda Pontes\",\"@id\":\"https:\\\/\\\/www.sabra.org.br\\\/site\\\/#\\\/schema\\\/person\\\/7d1d222c3c8891d4c37c7b41bf6315c2\"},\"headline\":\"Orquestra de Papel\",\"datePublished\":\"2022-09-02T11:35:05+00:00\",\"mainEntityOfPage\":{\"@id\":\"https:\\\/\\\/www.sabra.org.br\\\/site\\\/orquestra-de-papel\\\/\"},\"wordCount\":731,\"publisher\":{\"@id\":\"https:\\\/\\\/www.sabra.org.br\\\/site\\\/#organization\"},\"image\":{\"@id\":\"https:\\\/\\\/www.sabra.org.br\\\/site\\\/orquestra-de-papel\\\/#primaryimage\"},\"thumbnailUrl\":\"https:\\\/\\\/www.sabra.org.br\\\/site\\\/wp-content\\\/uploads\\\/2022\\\/09\\\/orquestra-de-papel-conheca-essa-atividade-de-musicalizacao-para-criancas-20220623120203.jpg.jpg\",\"keywords\":[\"Assist\u00eancia social\",\"Belo Horizonte\",\"Cabo Frio\",\"Campos dos Goytacazes\",\"Canto Coral\",\"Contagem\",\"Escola de Musica SABRA\",\"Ibirit\u00e9\",\"Musicaliza\u00e7\u00e3o Infantil\",\"nova lima\",\"Orquestra Infanto Juvenil de Betim\",\"Orquestra Sinf\u00f4nica de Betim\",\"Raposos\",\"Sociedade Art\u00edstica Brasileira\"],\"articleSection\":[\"Blog SABRA\"],\"inLanguage\":\"pt-BR\"},{\"@type\":\"WebPage\",\"@id\":\"https:\\\/\\\/www.sabra.org.br\\\/site\\\/orquestra-de-papel\\\/\",\"url\":\"https:\\\/\\\/www.sabra.org.br\\\/site\\\/orquestra-de-papel\\\/\",\"name\":\"Orquestra de Papel - SABRA - Sociedade Art\u00edstica Brasileira\",\"isPartOf\":{\"@id\":\"https:\\\/\\\/www.sabra.org.br\\\/site\\\/#website\"},\"primaryImageOfPage\":{\"@id\":\"https:\\\/\\\/www.sabra.org.br\\\/site\\\/orquestra-de-papel\\\/#primaryimage\"},\"image\":{\"@id\":\"https:\\\/\\\/www.sabra.org.br\\\/site\\\/orquestra-de-papel\\\/#primaryimage\"},\"thumbnailUrl\":\"https:\\\/\\\/www.sabra.org.br\\\/site\\\/wp-content\\\/uploads\\\/2022\\\/09\\\/orquestra-de-papel-conheca-essa-atividade-de-musicalizacao-para-criancas-20220623120203.jpg.jpg\",\"datePublished\":\"2022-09-02T11:35:05+00:00\",\"description\":\"Conhece a orquestra de papel? Saiba que uma simples e divertida atividade pode acrescentar em muito conhecimento para as crian\u00e7as.\",\"breadcrumb\":{\"@id\":\"https:\\\/\\\/www.sabra.org.br\\\/site\\\/orquestra-de-papel\\\/#breadcrumb\"},\"inLanguage\":\"pt-BR\",\"potentialAction\":[{\"@type\":\"ReadAction\",\"target\":[\"https:\\\/\\\/www.sabra.org.br\\\/site\\\/orquestra-de-papel\\\/\"]}]},{\"@type\":\"ImageObject\",\"inLanguage\":\"pt-BR\",\"@id\":\"https:\\\/\\\/www.sabra.org.br\\\/site\\\/orquestra-de-papel\\\/#primaryimage\",\"url\":\"https:\\\/\\\/www.sabra.org.br\\\/site\\\/wp-content\\\/uploads\\\/2022\\\/09\\\/orquestra-de-papel-conheca-essa-atividade-de-musicalizacao-para-criancas-20220623120203.jpg.jpg\",\"contentUrl\":\"https:\\\/\\\/www.sabra.org.br\\\/site\\\/wp-content\\\/uploads\\\/2022\\\/09\\\/orquestra-de-papel-conheca-essa-atividade-de-musicalizacao-para-criancas-20220623120203.jpg.jpg\",\"width\":800,\"height\":500,\"caption\":\"Sociedade Art\u00edstica Brasileira SABRA\"},{\"@type\":\"BreadcrumbList\",\"@id\":\"https:\\\/\\\/www.sabra.org.br\\\/site\\\/orquestra-de-papel\\\/#breadcrumb\",\"itemListElement\":[{\"@type\":\"ListItem\",\"position\":1,\"name\":\"In\u00edcio\",\"item\":\"https:\\\/\\\/www.sabra.org.br\\\/site\\\/\"},{\"@type\":\"ListItem\",\"position\":2,\"name\":\"Orquestra de Papel\"}]},{\"@type\":\"WebSite\",\"@id\":\"https:\\\/\\\/www.sabra.org.br\\\/site\\\/#website\",\"url\":\"https:\\\/\\\/www.sabra.org.br\\\/site\\\/\",\"name\":\"SABRA - Sociedade Art\u00edstica Brasileira\",\"description\":\"Escola de M\u00fasica, Orquestra Sinf\u00f4nica, Coral e Patrim\u00f4nio Cultural e Hist\u00f3rico\",\"publisher\":{\"@id\":\"https:\\\/\\\/www.sabra.org.br\\\/site\\\/#organization\"},\"potentialAction\":[{\"@type\":\"SearchAction\",\"target\":{\"@type\":\"EntryPoint\",\"urlTemplate\":\"https:\\\/\\\/www.sabra.org.br\\\/site\\\/?s={search_term_string}\"},\"query-input\":{\"@type\":\"PropertyValueSpecification\",\"valueRequired\":true,\"valueName\":\"search_term_string\"}}],\"inLanguage\":\"pt-BR\"},{\"@type\":\"Organization\",\"@id\":\"https:\\\/\\\/www.sabra.org.br\\\/site\\\/#organization\",\"name\":\"SOCIEDADE ART\u00cdSTICA BRASILEIRA SABRA\",\"alternateName\":\"SABRA\",\"url\":\"https:\\\/\\\/www.sabra.org.br\\\/site\\\/\",\"logo\":{\"@type\":\"ImageObject\",\"inLanguage\":\"pt-BR\",\"@id\":\"https:\\\/\\\/www.sabra.org.br\\\/site\\\/#\\\/schema\\\/logo\\\/image\\\/\",\"url\":\"https:\\\/\\\/www.sabra.org.br\\\/site\\\/wp-content\\\/uploads\\\/2019\\\/06\\\/cropped-Logo_SABRA-Copia-1.webp\",\"contentUrl\":\"https:\\\/\\\/www.sabra.org.br\\\/site\\\/wp-content\\\/uploads\\\/2019\\\/06\\\/cropped-Logo_SABRA-Copia-1.webp\",\"width\":400,\"height\":128,\"caption\":\"SOCIEDADE ART\u00cdSTICA BRASILEIRA SABRA\"},\"image\":{\"@id\":\"https:\\\/\\\/www.sabra.org.br\\\/site\\\/#\\\/schema\\\/logo\\\/image\\\/\"},\"sameAs\":[\"https:\\\/\\\/www.facebook.com\\\/sabrabrasil\",\"https:\\\/\\\/x.com\\\/ContatoSabra\",\"https:\\\/\\\/www.instagram.com\\\/sabrabrasil\\\/\",\"https:\\\/\\\/www.linkedin.com\\\/company\\\/25002088\\\/\",\"https:\\\/\\\/br.pinterest.com\\\/sociedadeartisticabrasileira\\\/\",\"https:\\\/\\\/www.youtube.com\\\/c\\\/sabrabrasil\"]},{\"@type\":\"Person\",\"@id\":\"https:\\\/\\\/www.sabra.org.br\\\/site\\\/#\\\/schema\\\/person\\\/7d1d222c3c8891d4c37c7b41bf6315c2\",\"name\":\"M\u00e1rcio Miranda Pontes\",\"image\":{\"@type\":\"ImageObject\",\"inLanguage\":\"pt-BR\",\"@id\":\"https:\\\/\\\/secure.gravatar.com\\\/avatar\\\/3b45f24496a7625a3a6c436688fbe20344faaeb2979658dc4a9921f984d7df9a?s=96&d=mm&r=g\",\"url\":\"https:\\\/\\\/secure.gravatar.com\\\/avatar\\\/3b45f24496a7625a3a6c436688fbe20344faaeb2979658dc4a9921f984d7df9a?s=96&d=mm&r=g\",\"contentUrl\":\"https:\\\/\\\/secure.gravatar.com\\\/avatar\\\/3b45f24496a7625a3a6c436688fbe20344faaeb2979658dc4a9921f984d7df9a?s=96&d=mm&r=g\",\"caption\":\"M\u00e1rcio Miranda Pontes\"},\"sameAs\":[\"http:\\\/\\\/www.sabra.org.br\"],\"url\":\"https:\\\/\\\/www.sabra.org.br\\\/site\\\/author\\\/marcio-miranda-pontes\\\/\"}]}<\/script>\n<!-- \/ Yoast SEO plugin. -->","yoast_head_json":{"title":"Orquestra de Papel - SABRA - Sociedade Art\u00edstica Brasileira","description":"Conhece a orquestra de papel? Saiba que uma simples e divertida atividade pode acrescentar em muito conhecimento para as crian\u00e7as.","robots":{"index":"index","follow":"follow","max-snippet":"max-snippet:-1","max-image-preview":"max-image-preview:large","max-video-preview":"max-video-preview:-1"},"canonical":"https:\/\/www.sabra.org.br\/site\/orquestra-de-papel\/","og_locale":"pt_BR","og_type":"article","og_title":"Orquestra de Papel - SABRA - Sociedade Art\u00edstica Brasileira","og_description":"Conhece a orquestra de papel? Saiba que uma simples e divertida atividade pode acrescentar em muito conhecimento para as crian\u00e7as.","og_url":"https:\/\/www.sabra.org.br\/site\/orquestra-de-papel\/","og_site_name":"SABRA - Sociedade Art\u00edstica Brasileira","article_publisher":"https:\/\/www.facebook.com\/sabrabrasil","article_published_time":"2022-09-02T11:35:05+00:00","og_image":[{"width":800,"height":500,"url":"https:\/\/i0.wp.com\/www.sabra.org.br\/site\/wp-content\/uploads\/2022\/09\/orquestra-de-papel-conheca-essa-atividade-de-musicalizacao-para-criancas-20220623120203.jpg.jpg?fit=800%2C500&ssl=1","type":"image\/jpeg"}],"author":"M\u00e1rcio Miranda Pontes","twitter_card":"summary_large_image","twitter_creator":"@ContatoSabra","twitter_site":"@ContatoSabra","twitter_misc":{"Escrito por":"M\u00e1rcio Miranda Pontes","Est. tempo de leitura":"4 minutos"},"schema":{"@context":"https:\/\/schema.org","@graph":[{"@type":"Article","@id":"https:\/\/www.sabra.org.br\/site\/orquestra-de-papel\/#article","isPartOf":{"@id":"https:\/\/www.sabra.org.br\/site\/orquestra-de-papel\/"},"author":{"name":"M\u00e1rcio Miranda Pontes","@id":"https:\/\/www.sabra.org.br\/site\/#\/schema\/person\/7d1d222c3c8891d4c37c7b41bf6315c2"},"headline":"Orquestra de Papel","datePublished":"2022-09-02T11:35:05+00:00","mainEntityOfPage":{"@id":"https:\/\/www.sabra.org.br\/site\/orquestra-de-papel\/"},"wordCount":731,"publisher":{"@id":"https:\/\/www.sabra.org.br\/site\/#organization"},"image":{"@id":"https:\/\/www.sabra.org.br\/site\/orquestra-de-papel\/#primaryimage"},"thumbnailUrl":"https:\/\/www.sabra.org.br\/site\/wp-content\/uploads\/2022\/09\/orquestra-de-papel-conheca-essa-atividade-de-musicalizacao-para-criancas-20220623120203.jpg.jpg","keywords":["Assist\u00eancia social","Belo Horizonte","Cabo Frio","Campos dos Goytacazes","Canto Coral","Contagem","Escola de Musica SABRA","Ibirit\u00e9","Musicaliza\u00e7\u00e3o Infantil","nova lima","Orquestra Infanto Juvenil de Betim","Orquestra Sinf\u00f4nica de Betim","Raposos","Sociedade Art\u00edstica Brasileira"],"articleSection":["Blog SABRA"],"inLanguage":"pt-BR"},{"@type":"WebPage","@id":"https:\/\/www.sabra.org.br\/site\/orquestra-de-papel\/","url":"https:\/\/www.sabra.org.br\/site\/orquestra-de-papel\/","name":"Orquestra de Papel - SABRA - Sociedade Art\u00edstica Brasileira","isPartOf":{"@id":"https:\/\/www.sabra.org.br\/site\/#website"},"primaryImageOfPage":{"@id":"https:\/\/www.sabra.org.br\/site\/orquestra-de-papel\/#primaryimage"},"image":{"@id":"https:\/\/www.sabra.org.br\/site\/orquestra-de-papel\/#primaryimage"},"thumbnailUrl":"https:\/\/www.sabra.org.br\/site\/wp-content\/uploads\/2022\/09\/orquestra-de-papel-conheca-essa-atividade-de-musicalizacao-para-criancas-20220623120203.jpg.jpg","datePublished":"2022-09-02T11:35:05+00:00","description":"Conhece a orquestra de papel? Saiba que uma simples e divertida atividade pode acrescentar em muito conhecimento para as crian\u00e7as.","breadcrumb":{"@id":"https:\/\/www.sabra.org.br\/site\/orquestra-de-papel\/#breadcrumb"},"inLanguage":"pt-BR","potentialAction":[{"@type":"ReadAction","target":["https:\/\/www.sabra.org.br\/site\/orquestra-de-papel\/"]}]},{"@type":"ImageObject","inLanguage":"pt-BR","@id":"https:\/\/www.sabra.org.br\/site\/orquestra-de-papel\/#primaryimage","url":"https:\/\/www.sabra.org.br\/site\/wp-content\/uploads\/2022\/09\/orquestra-de-papel-conheca-essa-atividade-de-musicalizacao-para-criancas-20220623120203.jpg.jpg","contentUrl":"https:\/\/www.sabra.org.br\/site\/wp-content\/uploads\/2022\/09\/orquestra-de-papel-conheca-essa-atividade-de-musicalizacao-para-criancas-20220623120203.jpg.jpg","width":800,"height":500,"caption":"Sociedade Art\u00edstica Brasileira SABRA"},{"@type":"BreadcrumbList","@id":"https:\/\/www.sabra.org.br\/site\/orquestra-de-papel\/#breadcrumb","itemListElement":[{"@type":"ListItem","position":1,"name":"In\u00edcio","item":"https:\/\/www.sabra.org.br\/site\/"},{"@type":"ListItem","position":2,"name":"Orquestra de Papel"}]},{"@type":"WebSite","@id":"https:\/\/www.sabra.org.br\/site\/#website","url":"https:\/\/www.sabra.org.br\/site\/","name":"SABRA - Sociedade Art\u00edstica Brasileira","description":"Escola de M\u00fasica, Orquestra Sinf\u00f4nica, Coral e Patrim\u00f4nio Cultural e Hist\u00f3rico","publisher":{"@id":"https:\/\/www.sabra.org.br\/site\/#organization"},"potentialAction":[{"@type":"SearchAction","target":{"@type":"EntryPoint","urlTemplate":"https:\/\/www.sabra.org.br\/site\/?s={search_term_string}"},"query-input":{"@type":"PropertyValueSpecification","valueRequired":true,"valueName":"search_term_string"}}],"inLanguage":"pt-BR"},{"@type":"Organization","@id":"https:\/\/www.sabra.org.br\/site\/#organization","name":"SOCIEDADE ART\u00cdSTICA BRASILEIRA SABRA","alternateName":"SABRA","url":"https:\/\/www.sabra.org.br\/site\/","logo":{"@type":"ImageObject","inLanguage":"pt-BR","@id":"https:\/\/www.sabra.org.br\/site\/#\/schema\/logo\/image\/","url":"https:\/\/www.sabra.org.br\/site\/wp-content\/uploads\/2019\/06\/cropped-Logo_SABRA-Copia-1.webp","contentUrl":"https:\/\/www.sabra.org.br\/site\/wp-content\/uploads\/2019\/06\/cropped-Logo_SABRA-Copia-1.webp","width":400,"height":128,"caption":"SOCIEDADE ART\u00cdSTICA BRASILEIRA SABRA"},"image":{"@id":"https:\/\/www.sabra.org.br\/site\/#\/schema\/logo\/image\/"},"sameAs":["https:\/\/www.facebook.com\/sabrabrasil","https:\/\/x.com\/ContatoSabra","https:\/\/www.instagram.com\/sabrabrasil\/","https:\/\/www.linkedin.com\/company\/25002088\/","https:\/\/br.pinterest.com\/sociedadeartisticabrasileira\/","https:\/\/www.youtube.com\/c\/sabrabrasil"]},{"@type":"Person","@id":"https:\/\/www.sabra.org.br\/site\/#\/schema\/person\/7d1d222c3c8891d4c37c7b41bf6315c2","name":"M\u00e1rcio Miranda Pontes","image":{"@type":"ImageObject","inLanguage":"pt-BR","@id":"https:\/\/secure.gravatar.com\/avatar\/3b45f24496a7625a3a6c436688fbe20344faaeb2979658dc4a9921f984d7df9a?s=96&d=mm&r=g","url":"https:\/\/secure.gravatar.com\/avatar\/3b45f24496a7625a3a6c436688fbe20344faaeb2979658dc4a9921f984d7df9a?s=96&d=mm&r=g","contentUrl":"https:\/\/secure.gravatar.com\/avatar\/3b45f24496a7625a3a6c436688fbe20344faaeb2979658dc4a9921f984d7df9a?s=96&d=mm&r=g","caption":"M\u00e1rcio Miranda Pontes"},"sameAs":["http:\/\/www.sabra.org.br"],"url":"https:\/\/www.sabra.org.br\/site\/author\/marcio-miranda-pontes\/"}]}},"jetpack_featured_media_url":"https:\/\/www.sabra.org.br\/site\/wp-content\/uploads\/2022\/09\/orquestra-de-papel-conheca-essa-atividade-de-musicalizacao-para-criancas-20220623120203.jpg.jpg","jetpack_shortlink":"https:\/\/wp.me\/p95j2Z-1v1","jetpack-related-posts":[{"id":1709,"url":"https:\/\/www.sabra.org.br\/site\/curso-gratuito-de-musicalizacao-infantil-2019\/","url_meta":{"origin":5767,"position":0},"title":"Curso Gratuito de Musicaliza\u00e7\u00e3o Infantil &#8211; 2019","author":"M\u00e1rcio Miranda Pontes","date":"21 de janeiro de 2019","format":false,"excerpt":"Entre os dias 25 e 28 de fevereiro, as inscri\u00e7\u00f5es estar\u00e3o abertas para o curso gratuito de musicaliza\u00e7\u00e3o infantil da SABRA. O p\u00fablico alvo s\u00e3o crian\u00e7as de oito a dez anos. Essa \u00e9 a porta de entrada para participar da Orquestra Infantil de Betim, fruto da parceria entre a Secretaria\u2026","rel":"","context":"Em &quot;Not\u00edcias&quot;","block_context":{"text":"Not\u00edcias","link":"https:\/\/www.sabra.org.br\/site\/category\/noticias\/"},"img":{"alt_text":"Musicaliza\u00e7\u00e3o Infantil Escola de M\u00fasica","src":"https:\/\/i0.wp.com\/www.sabra.org.br\/site\/wp-content\/uploads\/2019\/01\/Musicaliza%C3%A7%C3%A3o.jpg?resize=350%2C200&ssl=1","width":350,"height":200,"srcset":"https:\/\/i0.wp.com\/www.sabra.org.br\/site\/wp-content\/uploads\/2019\/01\/Musicaliza%C3%A7%C3%A3o.jpg?resize=350%2C200&ssl=1 1x, https:\/\/i0.wp.com\/www.sabra.org.br\/site\/wp-content\/uploads\/2019\/01\/Musicaliza%C3%A7%C3%A3o.jpg?resize=525%2C300&ssl=1 1.5x, https:\/\/i0.wp.com\/www.sabra.org.br\/site\/wp-content\/uploads\/2019\/01\/Musicaliza%C3%A7%C3%A3o.jpg?resize=700%2C400&ssl=1 2x"},"classes":[]},{"id":1206,"url":"https:\/\/www.sabra.org.br\/site\/inscricoes-abertas-para-o-curso-gratuito-de-musicalizacao-infantil\/","url_meta":{"origin":5767,"position":1},"title":"Inscri\u00e7\u00f5es abertas para o curso gratuito de Musicaliza\u00e7\u00e3o Infantil","author":"M\u00e1rcio Miranda Pontes","date":"15 de mar\u00e7o de 2018","format":false,"excerpt":"Entre os dias 26 e 28 de mar\u00e7o, as inscri\u00e7\u00f5es est\u00e3o abertas para crian\u00e7as de sete a dez anos do curso gratuito de musicaliza\u00e7\u00e3o. Essa \u00e9 a porta de entrada para participar da Orquestra Infantil de Betim, fruto da parceria entre a Secretaria Municipal da Educa\u00e7\u00e3o (Semed), por meio da\u2026","rel":"","context":"Em &quot;Not\u00edcias&quot;","block_context":{"text":"Not\u00edcias","link":"https:\/\/www.sabra.org.br\/site\/category\/noticias\/"},"img":{"alt_text":"Violinos sonoridade musical","src":"https:\/\/i0.wp.com\/www.sabra.org.br\/site\/wp-content\/uploads\/2017\/11\/violin-1617787_960_720.jpg?resize=350%2C200&ssl=1","width":350,"height":200,"srcset":"https:\/\/i0.wp.com\/www.sabra.org.br\/site\/wp-content\/uploads\/2017\/11\/violin-1617787_960_720.jpg?resize=350%2C200&ssl=1 1x, https:\/\/i0.wp.com\/www.sabra.org.br\/site\/wp-content\/uploads\/2017\/11\/violin-1617787_960_720.jpg?resize=525%2C300&ssl=1 1.5x, https:\/\/i0.wp.com\/www.sabra.org.br\/site\/wp-content\/uploads\/2017\/11\/violin-1617787_960_720.jpg?resize=700%2C400&ssl=1 2x"},"classes":[]},{"id":2142,"url":"https:\/\/www.sabra.org.br\/site\/musicalizacao-infantil-gratuita\/","url_meta":{"origin":5767,"position":2},"title":"Musicaliza\u00e7\u00e3o Infantil gratuita","author":"M\u00e1rcio Miranda Pontes","date":"14 de junho de 2019","format":false,"excerpt":"Musicaliza\u00e7\u00e3o Infantil sociedade art\u00edstica brasileira sabra sociedade art\u00edstica brasileira art\u00edstica brasileira sabra m\u00e9dicos cooperados e colaboradores incentivo \u00e0 cultura","rel":"","context":"Em &quot;Not\u00edcias&quot;","block_context":{"text":"Not\u00edcias","link":"https:\/\/www.sabra.org.br\/site\/category\/noticias\/"},"img":{"alt_text":"Musicaliza\u00e7\u00e3o Infantil Escola de M\u00fasica","src":"https:\/\/i0.wp.com\/www.sabra.org.br\/site\/wp-content\/uploads\/2019\/01\/Musicaliza%C3%A7%C3%A3o.jpg?resize=350%2C200&ssl=1","width":350,"height":200,"srcset":"https:\/\/i0.wp.com\/www.sabra.org.br\/site\/wp-content\/uploads\/2019\/01\/Musicaliza%C3%A7%C3%A3o.jpg?resize=350%2C200&ssl=1 1x, https:\/\/i0.wp.com\/www.sabra.org.br\/site\/wp-content\/uploads\/2019\/01\/Musicaliza%C3%A7%C3%A3o.jpg?resize=525%2C300&ssl=1 1.5x, https:\/\/i0.wp.com\/www.sabra.org.br\/site\/wp-content\/uploads\/2019\/01\/Musicaliza%C3%A7%C3%A3o.jpg?resize=700%2C400&ssl=1 2x"},"classes":[]},{"id":11411,"url":"https:\/\/www.sabra.org.br\/site\/musicalizacao-coral-infantil-2025\/","url_meta":{"origin":5767,"position":3},"title":"SABRA cursos gratuitos de musicaliza\u00e7\u00e3o e coral infantil","author":"M\u00e1rcio Miranda Pontes","date":"13 de mar\u00e7o de 2025","format":false,"excerpt":"Participe do projeto 'M\u00fasica Inclusiva' e conhe\u00e7a os cursos de musicaliza\u00e7\u00e3o dispon\u00edveis para todas as idades.","rel":"","context":"Em &quot;Not\u00edcias&quot;","block_context":{"text":"Not\u00edcias","link":"https:\/\/www.sabra.org.br\/site\/category\/noticias\/"},"img":{"alt_text":"musicaliza\u00e7\u00e3o-coral-infantil-curso b\u00e1sico de m\u00fasica-curso intermedi\u00e1rio de m\u00fasica","src":"https:\/\/i0.wp.com\/www.sabra.org.br\/site\/wp-content\/uploads\/2025\/03\/Musicalizacao.jpg?resize=350%2C200&ssl=1","width":350,"height":200,"srcset":"https:\/\/i0.wp.com\/www.sabra.org.br\/site\/wp-content\/uploads\/2025\/03\/Musicalizacao.jpg?resize=350%2C200&ssl=1 1x, https:\/\/i0.wp.com\/www.sabra.org.br\/site\/wp-content\/uploads\/2025\/03\/Musicalizacao.jpg?resize=525%2C300&ssl=1 1.5x, https:\/\/i0.wp.com\/www.sabra.org.br\/site\/wp-content\/uploads\/2025\/03\/Musicalizacao.jpg?resize=700%2C400&ssl=1 2x, https:\/\/i0.wp.com\/www.sabra.org.br\/site\/wp-content\/uploads\/2025\/03\/Musicalizacao.jpg?resize=1050%2C600&ssl=1 3x, https:\/\/i0.wp.com\/www.sabra.org.br\/site\/wp-content\/uploads\/2025\/03\/Musicalizacao.jpg?resize=1400%2C800&ssl=1 4x"},"classes":[]},{"id":2418,"url":"https:\/\/www.sabra.org.br\/site\/curso-de-musicalizacao-infantil-gratuito\/","url_meta":{"origin":5767,"position":4},"title":"Curso Gratuito de Musicaliza\u00e7\u00e3o Infantil em Betim &#8211; 2020","author":"M\u00e1rcio Miranda Pontes","date":"7 de fevereiro de 2020","format":false,"excerpt":"A Sociedade Art\u00edstica Brasileira SABRA est\u00e1 oferecendo vagas para o Curso Gratuito de Musicaliza\u00e7\u00e3o Infantil em Betim. Vagas apenas para crian\u00e7as regularmente matriculadas no 2\u00ba ou 3\u00ba ano do Ensino Fundamental.","rel":"","context":"Em &quot;Not\u00edcias&quot;","block_context":{"text":"Not\u00edcias","link":"https:\/\/www.sabra.org.br\/site\/category\/noticias\/"},"img":{"alt_text":"Musicaliza\u00e7\u00e3o Infantil Escola de M\u00fasica","src":"https:\/\/i0.wp.com\/www.sabra.org.br\/site\/wp-content\/uploads\/2019\/01\/Musicaliza%C3%A7%C3%A3o.jpg?resize=350%2C200&ssl=1","width":350,"height":200,"srcset":"https:\/\/i0.wp.com\/www.sabra.org.br\/site\/wp-content\/uploads\/2019\/01\/Musicaliza%C3%A7%C3%A3o.jpg?resize=350%2C200&ssl=1 1x, https:\/\/i0.wp.com\/www.sabra.org.br\/site\/wp-content\/uploads\/2019\/01\/Musicaliza%C3%A7%C3%A3o.jpg?resize=525%2C300&ssl=1 1.5x, https:\/\/i0.wp.com\/www.sabra.org.br\/site\/wp-content\/uploads\/2019\/01\/Musicaliza%C3%A7%C3%A3o.jpg?resize=700%2C400&ssl=1 2x"},"classes":[]},{"id":7693,"url":"https:\/\/www.sabra.org.br\/site\/novidades-da-escola-de-musica-sabra-em-agosto\/","url_meta":{"origin":5767,"position":5},"title":"Escola de M\u00fasica Sabra amplia atua\u00e7\u00e3o em Contagem","author":"M\u00e1rcio Miranda Pontes","date":"25 de julho de 2023","format":false,"excerpt":"No dia 1\u00ba de agosto, a Sociedade Art\u00edstica Brasileira e a Associa\u00e7\u00e3o Eldorado de Apoio \u00e0 Vida celebram Termo de Parceria que tem por objetivo a expans\u00e3o da Escola de M\u00fasica em Contagem","rel":"","context":"Em &quot;Not\u00edcias&quot;","block_context":{"text":"Not\u00edcias","link":"https:\/\/www.sabra.org.br\/site\/category\/noticias\/"},"img":{"alt_text":"educa\u00e7\u00e3o-inclusiva-musicaliza\u00e7\u00e3o-musicoterapia-sabra-m\u00fasica-contagem-escola-unimed-bh-musicaliza\u00e7\u00e3o-cultura-gratuita-meio-trabalho-crian\u00e7as-curso-incentivo-apoio-associa\u00e7\u00e3o-brasileira-cooperados-instituto-m\u00e9dicos","src":"https:\/\/i0.wp.com\/www.sabra.org.br\/site\/wp-content\/uploads\/2023\/07\/qual-a-importancia-da-arte-na-educacao-inclusiva-20180705134730-jpg.webp?resize=350%2C200&ssl=1","width":350,"height":200,"srcset":"https:\/\/i0.wp.com\/www.sabra.org.br\/site\/wp-content\/uploads\/2023\/07\/qual-a-importancia-da-arte-na-educacao-inclusiva-20180705134730-jpg.webp?resize=350%2C200&ssl=1 1x, https:\/\/i0.wp.com\/www.sabra.org.br\/site\/wp-content\/uploads\/2023\/07\/qual-a-importancia-da-arte-na-educacao-inclusiva-20180705134730-jpg.webp?resize=525%2C300&ssl=1 1.5x, https:\/\/i0.wp.com\/www.sabra.org.br\/site\/wp-content\/uploads\/2023\/07\/qual-a-importancia-da-arte-na-educacao-inclusiva-20180705134730-jpg.webp?resize=700%2C400&ssl=1 2x"},"classes":[]}],"jetpack_likes_enabled":true,"jetpack_sharing_enabled":true,"_links":{"self":[{"href":"https:\/\/www.sabra.org.br\/site\/wp-json\/wp\/v2\/posts\/5767","targetHints":{"allow":["GET"]}}],"collection":[{"href":"https:\/\/www.sabra.org.br\/site\/wp-json\/wp\/v2\/posts"}],"about":[{"href":"https:\/\/www.sabra.org.br\/site\/wp-json\/wp\/v2\/types\/post"}],"author":[{"embeddable":true,"href":"https:\/\/www.sabra.org.br\/site\/wp-json\/wp\/v2\/users\/39"}],"replies":[{"embeddable":true,"href":"https:\/\/www.sabra.org.br\/site\/wp-json\/wp\/v2\/comments?post=5767"}],"version-history":[{"count":0,"href":"https:\/\/www.sabra.org.br\/site\/wp-json\/wp\/v2\/posts\/5767\/revisions"}],"wp:featuredmedia":[{"embeddable":true,"href":"https:\/\/www.sabra.org.br\/site\/wp-json\/wp\/v2\/media\/5768"}],"wp:attachment":[{"href":"https:\/\/www.sabra.org.br\/site\/wp-json\/wp\/v2\/media?parent=5767"}],"wp:term":[{"taxonomy":"category","embeddable":true,"href":"https:\/\/www.sabra.org.br\/site\/wp-json\/wp\/v2\/categories?post=5767"},{"taxonomy":"post_tag","embeddable":true,"href":"https:\/\/www.sabra.org.br\/site\/wp-json\/wp\/v2\/tags?post=5767"}],"curies":[{"name":"wp","href":"https:\/\/api.w.org\/{rel}","templated":true}]}}