{"id":5821,"date":"2022-09-08T10:20:14","date_gmt":"2022-09-08T13:20:14","guid":{"rendered":"https:\/\/www.sabra.org.br\/site\/?p=5821"},"modified":"2022-09-08T10:20:14","modified_gmt":"2022-09-08T13:20:14","slug":"historia-coral","status":"publish","type":"post","link":"https:\/\/www.sabra.org.br\/site\/historia-coral\/","title":{"rendered":"Hist\u00f3ria do Canto Coral"},"content":{"rendered":"<p>[vc_row][vc_column][vc_column_text]O ato de cantar est\u00e1 presente na hist\u00f3ria da humanidade desde sempre, n\u00e3o temos ideia de quando isso come\u00e7ou a fazer parte da nossa vida. Assim, o canto coral, se considerarmos primeiramente um grupo que entoa junto uma can\u00e7\u00e3o, tamb\u00e9m temos muitos anos de hist\u00f3ria.<\/p>\n<p>Isso porque as festas e momentos comemorativos de maneira geral sempre tiveram a m\u00fasica como convidada especial. Tamb\u00e9m ganhou destaque por fatores como a liturgia da Igreja Cat\u00f3lica, situa\u00e7\u00e3o em que o canto erudito estava muito presente.<\/p>\n<h2>O que podemos caracterizar como canto coral<\/h2>\n<p>O canto coral como conhecemos hoje n\u00e3o se trata apenas de uma jun\u00e7\u00e3o de pessoas que cantam juntas. Por\u00e9m, refere-se a um grupo que utiliza em coro ou a capela, o canto para express\u00e3o musical. Com isso, temos um objetivo em comum e um espa\u00e7o para tal.<\/p>\n<p>Dessa forma, podemos considerar a Igreja ou o recinto de um monarca como espa\u00e7os mais comuns para origem do coral. S\u00e3o cerim\u00f4nias que transitam entre espiritualidade, comemora\u00e7\u00f5es, entre outros tipos de festividades que fazem refer\u00eancia a diversos tempos.<\/p>\n<h2>Surgem partituras criadas para coro<\/h2>\n<p>No s\u00e9culo XII, por influ\u00eancia da Igreja Cat\u00f3lica, surgem as primeiras partituras criadas pensando em coros. O coro j\u00e1 ocupava, nessa \u00e9poca, parte da celebra\u00e7\u00e3o, tendo o seu lugar no altar, normalmente junto ao \u00f3rg\u00e3o e separado do restante de fi\u00e9is por pequenas grades.<\/p>\n<p>\u00c9 interessante entender como essas altera\u00e7\u00f5es aconteceram nesses ambientes, se moldando conforme necess\u00e1rio para suprir demandas existentes. Atualmente, o conhecimento sobre canto coral faz parte da rotina das institui\u00e7\u00f5es de ensino ligadas \u00e0 m\u00fasica.<\/p>\n<h2>A quantidade de vozes em corais<\/h2>\n<p>Outro fator caracter\u00edstico de um canto coral \u00e9 a quantidade de tipos de vozes presentes, conferindo efeito de harmonia ou separa\u00e7\u00e3o intencional. Dessa forma, temos uma primeira forma\u00e7\u00e3o que considera vozes, mas abra\u00e7ando tr\u00eas, sopranos, contraltos e bar\u00edtonos.<\/p>\n<p>Esse foi o modelo inicial para que alguns tipos de forma\u00e7\u00f5es surgissem mais tarde. A modalidade hoje mais conhecida \u00e9 a de quatro vozes. Encontramos corais em diversos espa\u00e7os, institui\u00e7\u00f5es religiosas e n\u00e3o religiosas, empresas, escolas, entre outros espa\u00e7os.<\/p>\n<h2>H\u00e1 muitos grupos dedicados ao canto coral hoje<\/h2>\n<p>Os aspectos que andam junto ao canto coral s\u00e3o a experi\u00eancia com a m\u00fasica e o fator social. Da\u00ed a presen\u00e7a de muitos corais em projetos sociais, a fim de trazer diversos benef\u00edcios presente na m\u00fasica e na atividade em grupo proporcionada por essa modalidade de canto.<\/p>\n<p>Se antes apenas encontr\u00e1vamos as belas apresenta\u00e7\u00f5es em espa\u00e7os dominados pelo rei ou pelas institui\u00e7\u00f5es religiosas, temos hoje em diversos espa\u00e7os. Os coros s\u00e3o express\u00f5es musicais antigas, que trazem hist\u00f3ria e produzem emo\u00e7\u00f5es intensas em quem tem a oportunidade de assistir.<\/p>\n<p>Agora voc\u00ea sabe a hist\u00f3ria do canto coral, essa modalidade de canto t\u00e3o antiga e que atual ao mesmo tempo. Participar de um coro traz a oportunidade de desenvolver a habilidade do canto e de aprender mais sobre a m\u00fasica. Sem contar a sensa\u00e7\u00e3o de privil\u00e9gio que \u00e9 presenciar uma apresenta\u00e7\u00e3o.<\/p>\n<p>A m\u00fasica \u00e9 capaz de enriquecer a viv\u00eancia das pessoas e o coro n\u00e3o \u00e9 diferente disso. N\u00e3o \u00e9 \u00e0 toa que passou por tantas transforma\u00e7\u00f5es e mesmo assim conseguiu manter a tradi\u00e7\u00e3o da modalidade.<\/p>\n<p>Aproveite para ler mais sobre o assunto e conhecer o nosso projeto!<\/p>\n<blockquote class=\"wp-embedded-content\" data-secret=\"1LyjfjGssf\"><p><a href=\"https:\/\/www.sabra.org.br\/site\/educacao-patrimonial-3\/\">Benef\u00edcios da educa\u00e7\u00e3o patrimonial para crian\u00e7as e adolescentes<\/a><\/p><\/blockquote>\n<p><iframe class=\"wp-embedded-content\" sandbox=\"allow-scripts\" security=\"restricted\" style=\"position: absolute; clip: rect(1px, 1px, 1px, 1px);\" title=\"&#8220;Benef\u00edcios da educa\u00e7\u00e3o patrimonial para crian\u00e7as e adolescentes&#8221; &#8212; SABRA - Sociedade Art\u00edstica Brasileira\" src=\"https:\/\/www.sabra.org.br\/site\/educacao-patrimonial-3\/embed\/#?secret=2ltlQI33QX#?secret=1LyjfjGssf\" data-secret=\"1LyjfjGssf\" width=\"600\" height=\"338\" frameborder=\"0\" marginwidth=\"0\" marginheight=\"0\" scrolling=\"no\"><\/iframe><\/p>\n<hr \/>\n<h2>Se voc\u00ea gostou deste post:<\/h2>\n<p>&#8211; SIGA as nossas p\u00e1ginas nas redes sociais para acompanhar as nossas atualiza\u00e7\u00f5es: estamos no <a href=\"https:\/\/www.facebook.com\/sabrabrasil\" target=\"_blank\" rel=\"noopener\">Facebook<\/a>, no <a href=\"https:\/\/www.instagram.com\/sabrabrasil\/\" target=\"_blank\" rel=\"noopener\">Instagram<\/a>, no <a href=\"https:\/\/www.linkedin.com\/company\/25002088\" target=\"_blank\" rel=\"noopener\">LinkedIn<\/a>, no <a href=\"https:\/\/twitter.com\/ContatoSabra\" target=\"_blank\" rel=\"noopener\">Twitter<\/a> e no <a href=\"https:\/\/www.youtube.com\/channel\/UCJw-kbuEvzUNdeQf20Pa-eQ\" target=\"_blank\" rel=\"noopener\">YouTube<\/a>!<\/p>\n<p>&#8211; CONHE\u00c7A o trabalho da Sociedade Art\u00edstica Brasileira (SABRA) e todas as iniciativas culturais e sociais que ela mant\u00e9m. <a href=\"https:\/\/www.sabra.org.br\/site\/acoes\/\" target=\"_blank\" rel=\"noopener\">Acesse nosso site!<\/a><\/p>\n<p>&#8211; ENTRE EM CONTATO com a gente. E veja quais s\u00e3o as op\u00e7\u00f5es de ajuda na manuten\u00e7\u00e3o de nossas a\u00e7\u00f5es sociais e culturais. Basta acessar nossa p\u00e1gina <a href=\"https:\/\/www.sabra.org.br\/site\/doe-agora\/\" target=\"_blank\" rel=\"noopener\">Doe Agora!<\/a><\/p>\n<p>&#8211; COMPARTILHE este texto nas suas redes sociais e ajude os seus amigos a tamb\u00e9m dominarem o assunto!<\/p>\n<p>\u2013 Os projetos da @sabrabrasil s\u00e3o realizados com o patroci\u0301nio m\u00e1ster: @vallourec e @institutounimedbh, viabilizado pelo incentivo de mais de 5,2 mil m\u00e9dicos cooperados e colaboradores via Lei de Incentivo \u00e0 Cultura &#8211; @mturismo, @culturagovbr. Apoio: @prefeiturabetim[\/vc_column_text][\/vc_column][\/vc_row]<\/p>\n","protected":false},"excerpt":{"rendered":"<p>O canto coral \u00e9 maravilhoso e surgiu s\u00e9culos atr\u00e1s, passando por transforma\u00e7\u00f5es muito interessantes. Ao mesmo tempo, consegue conservar a tradi\u00e7\u00e3o e riqueza da m\u00fasica. Leia e saiba mais sobre sua origem:<\/p>\n","protected":false},"author":39,"featured_media":5822,"comment_status":"closed","ping_status":"closed","sticky":false,"template":"","format":"standard","meta":{"jetpack_post_was_ever_published":false,"_jetpack_newsletter_access":"","_jetpack_dont_email_post_to_subs":false,"_jetpack_newsletter_tier_id":0,"_jetpack_memberships_contains_paywalled_content":false,"_jetpack_memberships_contains_paid_content":false,"footnotes":""},"categories":[1],"tags":[15,2757,3626,3623,8,3629,1285,3628,16,3519,1286,11,3622,9],"class_list":["post-5821","post","type-post","status-publish","format-standard","has-post-thumbnail","hentry","category-blog-sabra","tag-assistencia-social","tag-belo-horizonte","tag-cabo-frio","tag-campos-dos-goytacazes","tag-canto-coral","tag-contagem","tag-escola-de-musica-sabra","tag-ibirite","tag-musicalizacao-infantil","tag-nova-lima-2","tag-orquestra-infanto-juvenil-de-betim","tag-orquestra-sinfonica-de-betim","tag-raposos","tag-sociedade-artistica-brasileira"],"yoast_head":"<!-- This site is optimized with the Yoast SEO plugin v27.5 - https:\/\/yoast.com\/product\/yoast-seo-wordpress\/ -->\n<title>Hist\u00f3ria do Canto Coral - SABRA - Sociedade Art\u00edstica Brasileira<\/title>\n<meta name=\"description\" content=\"O canto coral surgiu s\u00e9culos atr\u00e1s, passando por transforma\u00e7\u00f5es muito interessantes. Consegue conservar a tradi\u00e7\u00e3o e riqueza da m\u00fasica.\" \/>\n<meta name=\"robots\" content=\"index, follow, max-snippet:-1, max-image-preview:large, max-video-preview:-1\" \/>\n<link rel=\"canonical\" href=\"https:\/\/www.sabra.org.br\/site\/historia-coral\/\" \/>\n<meta property=\"og:locale\" content=\"pt_BR\" \/>\n<meta property=\"og:type\" content=\"article\" \/>\n<meta property=\"og:title\" content=\"Hist\u00f3ria do Canto Coral - SABRA - Sociedade Art\u00edstica Brasileira\" \/>\n<meta property=\"og:description\" content=\"O canto coral surgiu s\u00e9culos atr\u00e1s, passando por transforma\u00e7\u00f5es muito interessantes. Consegue conservar a tradi\u00e7\u00e3o e riqueza da m\u00fasica.\" \/>\n<meta property=\"og:url\" content=\"https:\/\/www.sabra.org.br\/site\/historia-coral\/\" \/>\n<meta property=\"og:site_name\" content=\"SABRA - Sociedade Art\u00edstica Brasileira\" \/>\n<meta property=\"article:publisher\" content=\"https:\/\/www.facebook.com\/sabrabrasil\" \/>\n<meta property=\"article:published_time\" content=\"2022-09-08T13:20:14+00:00\" \/>\n<meta property=\"og:image\" content=\"https:\/\/i0.wp.com\/www.sabra.org.br\/site\/wp-content\/uploads\/2022\/09\/historia-do-canto-coral-20220623120203.jpg.jpg?fit=800%2C500&ssl=1\" \/>\n\t<meta property=\"og:image:width\" content=\"800\" \/>\n\t<meta property=\"og:image:height\" content=\"500\" \/>\n\t<meta property=\"og:image:type\" content=\"image\/jpeg\" \/>\n<meta name=\"author\" content=\"M\u00e1rcio Miranda Pontes\" \/>\n<meta name=\"twitter:card\" content=\"summary_large_image\" \/>\n<meta name=\"twitter:creator\" content=\"@ContatoSabra\" \/>\n<meta name=\"twitter:site\" content=\"@ContatoSabra\" \/>\n<meta name=\"twitter:label1\" content=\"Escrito por\" \/>\n\t<meta name=\"twitter:data1\" content=\"M\u00e1rcio Miranda Pontes\" \/>\n\t<meta name=\"twitter:label2\" content=\"Est. tempo de leitura\" \/>\n\t<meta name=\"twitter:data2\" content=\"4 minutos\" \/>\n<script type=\"application\/ld+json\" class=\"yoast-schema-graph\">{\"@context\":\"https:\\\/\\\/schema.org\",\"@graph\":[{\"@type\":\"Article\",\"@id\":\"https:\\\/\\\/www.sabra.org.br\\\/site\\\/historia-coral\\\/#article\",\"isPartOf\":{\"@id\":\"https:\\\/\\\/www.sabra.org.br\\\/site\\\/historia-coral\\\/\"},\"author\":{\"name\":\"M\u00e1rcio Miranda Pontes\",\"@id\":\"https:\\\/\\\/www.sabra.org.br\\\/site\\\/#\\\/schema\\\/person\\\/7d1d222c3c8891d4c37c7b41bf6315c2\"},\"headline\":\"Hist\u00f3ria do Canto Coral\",\"datePublished\":\"2022-09-08T13:20:14+00:00\",\"mainEntityOfPage\":{\"@id\":\"https:\\\/\\\/www.sabra.org.br\\\/site\\\/historia-coral\\\/\"},\"wordCount\":767,\"publisher\":{\"@id\":\"https:\\\/\\\/www.sabra.org.br\\\/site\\\/#organization\"},\"image\":{\"@id\":\"https:\\\/\\\/www.sabra.org.br\\\/site\\\/historia-coral\\\/#primaryimage\"},\"thumbnailUrl\":\"https:\\\/\\\/www.sabra.org.br\\\/site\\\/wp-content\\\/uploads\\\/2022\\\/09\\\/historia-do-canto-coral-20220623120203.jpg.jpg\",\"keywords\":[\"Assist\u00eancia social\",\"Belo Horizonte\",\"Cabo Frio\",\"Campos dos Goytacazes\",\"Canto Coral\",\"Contagem\",\"Escola de Musica SABRA\",\"Ibirit\u00e9\",\"Musicaliza\u00e7\u00e3o Infantil\",\"nova lima\",\"Orquestra Infanto Juvenil de Betim\",\"Orquestra Sinf\u00f4nica de Betim\",\"Raposos\",\"Sociedade Art\u00edstica Brasileira\"],\"articleSection\":[\"Blog SABRA\"],\"inLanguage\":\"pt-BR\"},{\"@type\":\"WebPage\",\"@id\":\"https:\\\/\\\/www.sabra.org.br\\\/site\\\/historia-coral\\\/\",\"url\":\"https:\\\/\\\/www.sabra.org.br\\\/site\\\/historia-coral\\\/\",\"name\":\"Hist\u00f3ria do Canto Coral - SABRA - Sociedade Art\u00edstica Brasileira\",\"isPartOf\":{\"@id\":\"https:\\\/\\\/www.sabra.org.br\\\/site\\\/#website\"},\"primaryImageOfPage\":{\"@id\":\"https:\\\/\\\/www.sabra.org.br\\\/site\\\/historia-coral\\\/#primaryimage\"},\"image\":{\"@id\":\"https:\\\/\\\/www.sabra.org.br\\\/site\\\/historia-coral\\\/#primaryimage\"},\"thumbnailUrl\":\"https:\\\/\\\/www.sabra.org.br\\\/site\\\/wp-content\\\/uploads\\\/2022\\\/09\\\/historia-do-canto-coral-20220623120203.jpg.jpg\",\"datePublished\":\"2022-09-08T13:20:14+00:00\",\"description\":\"O canto coral surgiu s\u00e9culos atr\u00e1s, passando por transforma\u00e7\u00f5es muito interessantes. Consegue conservar a tradi\u00e7\u00e3o e riqueza da m\u00fasica.\",\"breadcrumb\":{\"@id\":\"https:\\\/\\\/www.sabra.org.br\\\/site\\\/historia-coral\\\/#breadcrumb\"},\"inLanguage\":\"pt-BR\",\"potentialAction\":[{\"@type\":\"ReadAction\",\"target\":[\"https:\\\/\\\/www.sabra.org.br\\\/site\\\/historia-coral\\\/\"]}]},{\"@type\":\"ImageObject\",\"inLanguage\":\"pt-BR\",\"@id\":\"https:\\\/\\\/www.sabra.org.br\\\/site\\\/historia-coral\\\/#primaryimage\",\"url\":\"https:\\\/\\\/www.sabra.org.br\\\/site\\\/wp-content\\\/uploads\\\/2022\\\/09\\\/historia-do-canto-coral-20220623120203.jpg.jpg\",\"contentUrl\":\"https:\\\/\\\/www.sabra.org.br\\\/site\\\/wp-content\\\/uploads\\\/2022\\\/09\\\/historia-do-canto-coral-20220623120203.jpg.jpg\",\"width\":800,\"height\":500,\"caption\":\"Sociedade Art\u00edstica Brasileira SABRA\"},{\"@type\":\"BreadcrumbList\",\"@id\":\"https:\\\/\\\/www.sabra.org.br\\\/site\\\/historia-coral\\\/#breadcrumb\",\"itemListElement\":[{\"@type\":\"ListItem\",\"position\":1,\"name\":\"In\u00edcio\",\"item\":\"https:\\\/\\\/www.sabra.org.br\\\/site\\\/\"},{\"@type\":\"ListItem\",\"position\":2,\"name\":\"Hist\u00f3ria do Canto Coral\"}]},{\"@type\":\"WebSite\",\"@id\":\"https:\\\/\\\/www.sabra.org.br\\\/site\\\/#website\",\"url\":\"https:\\\/\\\/www.sabra.org.br\\\/site\\\/\",\"name\":\"SABRA - Sociedade Art\u00edstica Brasileira\",\"description\":\"Escola de M\u00fasica, Orquestra Sinf\u00f4nica, Coral e Patrim\u00f4nio Cultural e Hist\u00f3rico\",\"publisher\":{\"@id\":\"https:\\\/\\\/www.sabra.org.br\\\/site\\\/#organization\"},\"potentialAction\":[{\"@type\":\"SearchAction\",\"target\":{\"@type\":\"EntryPoint\",\"urlTemplate\":\"https:\\\/\\\/www.sabra.org.br\\\/site\\\/?s={search_term_string}\"},\"query-input\":{\"@type\":\"PropertyValueSpecification\",\"valueRequired\":true,\"valueName\":\"search_term_string\"}}],\"inLanguage\":\"pt-BR\"},{\"@type\":\"Organization\",\"@id\":\"https:\\\/\\\/www.sabra.org.br\\\/site\\\/#organization\",\"name\":\"SOCIEDADE ART\u00cdSTICA BRASILEIRA SABRA\",\"alternateName\":\"SABRA\",\"url\":\"https:\\\/\\\/www.sabra.org.br\\\/site\\\/\",\"logo\":{\"@type\":\"ImageObject\",\"inLanguage\":\"pt-BR\",\"@id\":\"https:\\\/\\\/www.sabra.org.br\\\/site\\\/#\\\/schema\\\/logo\\\/image\\\/\",\"url\":\"https:\\\/\\\/www.sabra.org.br\\\/site\\\/wp-content\\\/uploads\\\/2019\\\/06\\\/cropped-Logo_SABRA-Copia-1.webp\",\"contentUrl\":\"https:\\\/\\\/www.sabra.org.br\\\/site\\\/wp-content\\\/uploads\\\/2019\\\/06\\\/cropped-Logo_SABRA-Copia-1.webp\",\"width\":400,\"height\":128,\"caption\":\"SOCIEDADE ART\u00cdSTICA BRASILEIRA SABRA\"},\"image\":{\"@id\":\"https:\\\/\\\/www.sabra.org.br\\\/site\\\/#\\\/schema\\\/logo\\\/image\\\/\"},\"sameAs\":[\"https:\\\/\\\/www.facebook.com\\\/sabrabrasil\",\"https:\\\/\\\/x.com\\\/ContatoSabra\",\"https:\\\/\\\/www.instagram.com\\\/sabrabrasil\\\/\",\"https:\\\/\\\/www.linkedin.com\\\/company\\\/25002088\\\/\",\"https:\\\/\\\/br.pinterest.com\\\/sociedadeartisticabrasileira\\\/\",\"https:\\\/\\\/www.youtube.com\\\/c\\\/sabrabrasil\"]},{\"@type\":\"Person\",\"@id\":\"https:\\\/\\\/www.sabra.org.br\\\/site\\\/#\\\/schema\\\/person\\\/7d1d222c3c8891d4c37c7b41bf6315c2\",\"name\":\"M\u00e1rcio Miranda Pontes\",\"image\":{\"@type\":\"ImageObject\",\"inLanguage\":\"pt-BR\",\"@id\":\"https:\\\/\\\/secure.gravatar.com\\\/avatar\\\/3b45f24496a7625a3a6c436688fbe20344faaeb2979658dc4a9921f984d7df9a?s=96&d=mm&r=g\",\"url\":\"https:\\\/\\\/secure.gravatar.com\\\/avatar\\\/3b45f24496a7625a3a6c436688fbe20344faaeb2979658dc4a9921f984d7df9a?s=96&d=mm&r=g\",\"contentUrl\":\"https:\\\/\\\/secure.gravatar.com\\\/avatar\\\/3b45f24496a7625a3a6c436688fbe20344faaeb2979658dc4a9921f984d7df9a?s=96&d=mm&r=g\",\"caption\":\"M\u00e1rcio Miranda Pontes\"},\"sameAs\":[\"http:\\\/\\\/www.sabra.org.br\"],\"url\":\"https:\\\/\\\/www.sabra.org.br\\\/site\\\/author\\\/marcio-miranda-pontes\\\/\"}]}<\/script>\n<!-- \/ Yoast SEO plugin. -->","yoast_head_json":{"title":"Hist\u00f3ria do Canto Coral - SABRA - Sociedade Art\u00edstica Brasileira","description":"O canto coral surgiu s\u00e9culos atr\u00e1s, passando por transforma\u00e7\u00f5es muito interessantes. Consegue conservar a tradi\u00e7\u00e3o e riqueza da m\u00fasica.","robots":{"index":"index","follow":"follow","max-snippet":"max-snippet:-1","max-image-preview":"max-image-preview:large","max-video-preview":"max-video-preview:-1"},"canonical":"https:\/\/www.sabra.org.br\/site\/historia-coral\/","og_locale":"pt_BR","og_type":"article","og_title":"Hist\u00f3ria do Canto Coral - SABRA - Sociedade Art\u00edstica Brasileira","og_description":"O canto coral surgiu s\u00e9culos atr\u00e1s, passando por transforma\u00e7\u00f5es muito interessantes. Consegue conservar a tradi\u00e7\u00e3o e riqueza da m\u00fasica.","og_url":"https:\/\/www.sabra.org.br\/site\/historia-coral\/","og_site_name":"SABRA - Sociedade Art\u00edstica Brasileira","article_publisher":"https:\/\/www.facebook.com\/sabrabrasil","article_published_time":"2022-09-08T13:20:14+00:00","og_image":[{"width":800,"height":500,"url":"https:\/\/i0.wp.com\/www.sabra.org.br\/site\/wp-content\/uploads\/2022\/09\/historia-do-canto-coral-20220623120203.jpg.jpg?fit=800%2C500&ssl=1","type":"image\/jpeg"}],"author":"M\u00e1rcio Miranda Pontes","twitter_card":"summary_large_image","twitter_creator":"@ContatoSabra","twitter_site":"@ContatoSabra","twitter_misc":{"Escrito por":"M\u00e1rcio Miranda Pontes","Est. tempo de leitura":"4 minutos"},"schema":{"@context":"https:\/\/schema.org","@graph":[{"@type":"Article","@id":"https:\/\/www.sabra.org.br\/site\/historia-coral\/#article","isPartOf":{"@id":"https:\/\/www.sabra.org.br\/site\/historia-coral\/"},"author":{"name":"M\u00e1rcio Miranda Pontes","@id":"https:\/\/www.sabra.org.br\/site\/#\/schema\/person\/7d1d222c3c8891d4c37c7b41bf6315c2"},"headline":"Hist\u00f3ria do Canto Coral","datePublished":"2022-09-08T13:20:14+00:00","mainEntityOfPage":{"@id":"https:\/\/www.sabra.org.br\/site\/historia-coral\/"},"wordCount":767,"publisher":{"@id":"https:\/\/www.sabra.org.br\/site\/#organization"},"image":{"@id":"https:\/\/www.sabra.org.br\/site\/historia-coral\/#primaryimage"},"thumbnailUrl":"https:\/\/www.sabra.org.br\/site\/wp-content\/uploads\/2022\/09\/historia-do-canto-coral-20220623120203.jpg.jpg","keywords":["Assist\u00eancia social","Belo Horizonte","Cabo Frio","Campos dos Goytacazes","Canto Coral","Contagem","Escola de Musica SABRA","Ibirit\u00e9","Musicaliza\u00e7\u00e3o Infantil","nova lima","Orquestra Infanto Juvenil de Betim","Orquestra Sinf\u00f4nica de Betim","Raposos","Sociedade Art\u00edstica Brasileira"],"articleSection":["Blog SABRA"],"inLanguage":"pt-BR"},{"@type":"WebPage","@id":"https:\/\/www.sabra.org.br\/site\/historia-coral\/","url":"https:\/\/www.sabra.org.br\/site\/historia-coral\/","name":"Hist\u00f3ria do Canto Coral - SABRA - Sociedade Art\u00edstica Brasileira","isPartOf":{"@id":"https:\/\/www.sabra.org.br\/site\/#website"},"primaryImageOfPage":{"@id":"https:\/\/www.sabra.org.br\/site\/historia-coral\/#primaryimage"},"image":{"@id":"https:\/\/www.sabra.org.br\/site\/historia-coral\/#primaryimage"},"thumbnailUrl":"https:\/\/www.sabra.org.br\/site\/wp-content\/uploads\/2022\/09\/historia-do-canto-coral-20220623120203.jpg.jpg","datePublished":"2022-09-08T13:20:14+00:00","description":"O canto coral surgiu s\u00e9culos atr\u00e1s, passando por transforma\u00e7\u00f5es muito interessantes. Consegue conservar a tradi\u00e7\u00e3o e riqueza da m\u00fasica.","breadcrumb":{"@id":"https:\/\/www.sabra.org.br\/site\/historia-coral\/#breadcrumb"},"inLanguage":"pt-BR","potentialAction":[{"@type":"ReadAction","target":["https:\/\/www.sabra.org.br\/site\/historia-coral\/"]}]},{"@type":"ImageObject","inLanguage":"pt-BR","@id":"https:\/\/www.sabra.org.br\/site\/historia-coral\/#primaryimage","url":"https:\/\/www.sabra.org.br\/site\/wp-content\/uploads\/2022\/09\/historia-do-canto-coral-20220623120203.jpg.jpg","contentUrl":"https:\/\/www.sabra.org.br\/site\/wp-content\/uploads\/2022\/09\/historia-do-canto-coral-20220623120203.jpg.jpg","width":800,"height":500,"caption":"Sociedade Art\u00edstica Brasileira SABRA"},{"@type":"BreadcrumbList","@id":"https:\/\/www.sabra.org.br\/site\/historia-coral\/#breadcrumb","itemListElement":[{"@type":"ListItem","position":1,"name":"In\u00edcio","item":"https:\/\/www.sabra.org.br\/site\/"},{"@type":"ListItem","position":2,"name":"Hist\u00f3ria do Canto Coral"}]},{"@type":"WebSite","@id":"https:\/\/www.sabra.org.br\/site\/#website","url":"https:\/\/www.sabra.org.br\/site\/","name":"SABRA - Sociedade Art\u00edstica Brasileira","description":"Escola de M\u00fasica, Orquestra Sinf\u00f4nica, Coral e Patrim\u00f4nio Cultural e Hist\u00f3rico","publisher":{"@id":"https:\/\/www.sabra.org.br\/site\/#organization"},"potentialAction":[{"@type":"SearchAction","target":{"@type":"EntryPoint","urlTemplate":"https:\/\/www.sabra.org.br\/site\/?s={search_term_string}"},"query-input":{"@type":"PropertyValueSpecification","valueRequired":true,"valueName":"search_term_string"}}],"inLanguage":"pt-BR"},{"@type":"Organization","@id":"https:\/\/www.sabra.org.br\/site\/#organization","name":"SOCIEDADE ART\u00cdSTICA BRASILEIRA SABRA","alternateName":"SABRA","url":"https:\/\/www.sabra.org.br\/site\/","logo":{"@type":"ImageObject","inLanguage":"pt-BR","@id":"https:\/\/www.sabra.org.br\/site\/#\/schema\/logo\/image\/","url":"https:\/\/www.sabra.org.br\/site\/wp-content\/uploads\/2019\/06\/cropped-Logo_SABRA-Copia-1.webp","contentUrl":"https:\/\/www.sabra.org.br\/site\/wp-content\/uploads\/2019\/06\/cropped-Logo_SABRA-Copia-1.webp","width":400,"height":128,"caption":"SOCIEDADE ART\u00cdSTICA BRASILEIRA SABRA"},"image":{"@id":"https:\/\/www.sabra.org.br\/site\/#\/schema\/logo\/image\/"},"sameAs":["https:\/\/www.facebook.com\/sabrabrasil","https:\/\/x.com\/ContatoSabra","https:\/\/www.instagram.com\/sabrabrasil\/","https:\/\/www.linkedin.com\/company\/25002088\/","https:\/\/br.pinterest.com\/sociedadeartisticabrasileira\/","https:\/\/www.youtube.com\/c\/sabrabrasil"]},{"@type":"Person","@id":"https:\/\/www.sabra.org.br\/site\/#\/schema\/person\/7d1d222c3c8891d4c37c7b41bf6315c2","name":"M\u00e1rcio Miranda Pontes","image":{"@type":"ImageObject","inLanguage":"pt-BR","@id":"https:\/\/secure.gravatar.com\/avatar\/3b45f24496a7625a3a6c436688fbe20344faaeb2979658dc4a9921f984d7df9a?s=96&d=mm&r=g","url":"https:\/\/secure.gravatar.com\/avatar\/3b45f24496a7625a3a6c436688fbe20344faaeb2979658dc4a9921f984d7df9a?s=96&d=mm&r=g","contentUrl":"https:\/\/secure.gravatar.com\/avatar\/3b45f24496a7625a3a6c436688fbe20344faaeb2979658dc4a9921f984d7df9a?s=96&d=mm&r=g","caption":"M\u00e1rcio Miranda Pontes"},"sameAs":["http:\/\/www.sabra.org.br"],"url":"https:\/\/www.sabra.org.br\/site\/author\/marcio-miranda-pontes\/"}]}},"jetpack_featured_media_url":"https:\/\/www.sabra.org.br\/site\/wp-content\/uploads\/2022\/09\/historia-do-canto-coral-20220623120203.jpg.jpg","jetpack_shortlink":"https:\/\/wp.me\/p95j2Z-1vT","jetpack-related-posts":[{"id":4131,"url":"https:\/\/www.sabra.org.br\/site\/canto-coral-2\/","url_meta":{"origin":5821,"position":0},"title":"Como o canto coral ajuda na educa\u00e7\u00e3o musical da crian\u00e7a","author":"M\u00e1rcio Miranda Pontes","date":"25 de agosto de 2021","format":false,"excerpt":"Como o canto coral ajuda na educa\u00e7\u00e3o musical da crian\u00e7a O canto coral \u00e9 uma excelente forma de ajudar a crian\u00e7a a desenvolver n\u00e3o apenas sua educa\u00e7\u00e3o musical, mas diversos aspectos de sua vida, como o relacionamento interpessoal e a concentra\u00e7\u00e3o, algo que \u00e9 preciso ter no ambiente escolar e\u2026","rel":"","context":"Em &quot;Blog SABRA&quot;","block_context":{"text":"Blog SABRA","link":"https:\/\/www.sabra.org.br\/site\/category\/blog-sabra\/"},"img":{"alt_text":"canto-coral-musical","src":"https:\/\/i0.wp.com\/www.sabra.org.br\/site\/wp-content\/uploads\/2021\/08\/como-o-canto-coral-ajuda-na-educacao-musical-da-crianca-20210311095559.jpg.jpg?resize=350%2C200&ssl=1","width":350,"height":200,"srcset":"https:\/\/i0.wp.com\/www.sabra.org.br\/site\/wp-content\/uploads\/2021\/08\/como-o-canto-coral-ajuda-na-educacao-musical-da-crianca-20210311095559.jpg.jpg?resize=350%2C200&ssl=1 1x, https:\/\/i0.wp.com\/www.sabra.org.br\/site\/wp-content\/uploads\/2021\/08\/como-o-canto-coral-ajuda-na-educacao-musical-da-crianca-20210311095559.jpg.jpg?resize=525%2C300&ssl=1 1.5x, https:\/\/i0.wp.com\/www.sabra.org.br\/site\/wp-content\/uploads\/2021\/08\/como-o-canto-coral-ajuda-na-educacao-musical-da-crianca-20210311095559.jpg.jpg?resize=700%2C400&ssl=1 2x"},"classes":[]},{"id":3732,"url":"https:\/\/www.sabra.org.br\/site\/canto-coral\/","url_meta":{"origin":5821,"position":1},"title":"A import\u00e2ncia do canto coral para o desenvolvimento da coletividade","author":"M\u00e1rcio Miranda Pontes","date":"13 de abril de 2021","format":false,"excerpt":"Voc\u00ea sabia que o canto coral \u00e9 muito importante para o desenvolvimento da coletividade? O canto coral ajuda na socializa\u00e7\u00e3o de crian\u00e7as, jovens e adultos, al\u00e9m de ser uma atividade divertida.","rel":"","context":"Em &quot;Blog SABRA&quot;","block_context":{"text":"Blog SABRA","link":"https:\/\/www.sabra.org.br\/site\/category\/blog-sabra\/"},"img":{"alt_text":"m\u00fasica canto coral voz","src":"https:\/\/i0.wp.com\/www.sabra.org.br\/site\/wp-content\/uploads\/2021\/04\/a-importancia-do-canto-coral-para-o-desenvolvimento-da-coletividade-20210311095559.jpg.jpg?resize=350%2C200&ssl=1","width":350,"height":200,"srcset":"https:\/\/i0.wp.com\/www.sabra.org.br\/site\/wp-content\/uploads\/2021\/04\/a-importancia-do-canto-coral-para-o-desenvolvimento-da-coletividade-20210311095559.jpg.jpg?resize=350%2C200&ssl=1 1x, https:\/\/i0.wp.com\/www.sabra.org.br\/site\/wp-content\/uploads\/2021\/04\/a-importancia-do-canto-coral-para-o-desenvolvimento-da-coletividade-20210311095559.jpg.jpg?resize=525%2C300&ssl=1 1.5x, https:\/\/i0.wp.com\/www.sabra.org.br\/site\/wp-content\/uploads\/2021\/04\/a-importancia-do-canto-coral-para-o-desenvolvimento-da-coletividade-20210311095559.jpg.jpg?resize=700%2C400&ssl=1 2x"},"classes":[]},{"id":4713,"url":"https:\/\/www.sabra.org.br\/site\/coral\/","url_meta":{"origin":5821,"position":2},"title":"Qual \u00e9 o maior coral do mundo?","author":"M\u00e1rcio Miranda Pontes","date":"16 de fevereiro de 2022","format":false,"excerpt":"Voc\u00ea sabe qual \u00e9 o maior coral do mundo? \u00c9 o Coro do Tabern\u00e1culo da Pra\u00e7a do Templo. Conhe\u00e7a sua hist\u00f3ria, estrutura e dicas para ingressar em um, lendo o post!","rel":"","context":"Em &quot;Blog SABRA&quot;","block_context":{"text":"Blog SABRA","link":"https:\/\/www.sabra.org.br\/site\/category\/blog-sabra\/"},"img":{"alt_text":"coral-coro-cantar-canto","src":"https:\/\/i0.wp.com\/www.sabra.org.br\/site\/wp-content\/uploads\/2022\/02\/qual-e-o-maior-coral-do-mundo-20220208141739.jpg.jpg?resize=350%2C200&ssl=1","width":350,"height":200,"srcset":"https:\/\/i0.wp.com\/www.sabra.org.br\/site\/wp-content\/uploads\/2022\/02\/qual-e-o-maior-coral-do-mundo-20220208141739.jpg.jpg?resize=350%2C200&ssl=1 1x, https:\/\/i0.wp.com\/www.sabra.org.br\/site\/wp-content\/uploads\/2022\/02\/qual-e-o-maior-coral-do-mundo-20220208141739.jpg.jpg?resize=525%2C300&ssl=1 1.5x, https:\/\/i0.wp.com\/www.sabra.org.br\/site\/wp-content\/uploads\/2022\/02\/qual-e-o-maior-coral-do-mundo-20220208141739.jpg.jpg?resize=700%2C400&ssl=1 2x, https:\/\/i0.wp.com\/www.sabra.org.br\/site\/wp-content\/uploads\/2022\/02\/qual-e-o-maior-coral-do-mundo-20220208141739.jpg.jpg?resize=1050%2C600&ssl=1 3x, https:\/\/i0.wp.com\/www.sabra.org.br\/site\/wp-content\/uploads\/2022\/02\/qual-e-o-maior-coral-do-mundo-20220208141739.jpg.jpg?resize=1400%2C800&ssl=1 4x"},"classes":[]},{"id":4643,"url":"https:\/\/www.sabra.org.br\/site\/canto-coral-3\/","url_meta":{"origin":5821,"position":3},"title":"A import\u00e2ncia do canto coral na sociedade","author":"M\u00e1rcio Miranda Pontes","date":"9 de fevereiro de 2022","format":false,"excerpt":"Conhe\u00e7a os benef\u00edcios do canto coral e o seu impacto positivo para a sociabilidade dos indiv\u00edduos, incentivando a coletividade, a coopera\u00e7\u00e3o, a empatia e disseminando a arte e a cultura da m\u00fasica.","rel":"","context":"Em &quot;Blog SABRA&quot;","block_context":{"text":"Blog SABRA","link":"https:\/\/www.sabra.org.br\/site\/category\/blog-sabra\/"},"img":{"alt_text":"canto-coral-sociedade","src":"https:\/\/i0.wp.com\/www.sabra.org.br\/site\/wp-content\/uploads\/2022\/02\/a-importancia-do-canto-coral-na-sociedade-20220208141739.jpg.jpg?resize=350%2C200&ssl=1","width":350,"height":200,"srcset":"https:\/\/i0.wp.com\/www.sabra.org.br\/site\/wp-content\/uploads\/2022\/02\/a-importancia-do-canto-coral-na-sociedade-20220208141739.jpg.jpg?resize=350%2C200&ssl=1 1x, https:\/\/i0.wp.com\/www.sabra.org.br\/site\/wp-content\/uploads\/2022\/02\/a-importancia-do-canto-coral-na-sociedade-20220208141739.jpg.jpg?resize=525%2C300&ssl=1 1.5x, https:\/\/i0.wp.com\/www.sabra.org.br\/site\/wp-content\/uploads\/2022\/02\/a-importancia-do-canto-coral-na-sociedade-20220208141739.jpg.jpg?resize=700%2C400&ssl=1 2x, https:\/\/i0.wp.com\/www.sabra.org.br\/site\/wp-content\/uploads\/2022\/02\/a-importancia-do-canto-coral-na-sociedade-20220208141739.jpg.jpg?resize=1050%2C600&ssl=1 3x"},"classes":[]},{"id":609,"url":"https:\/\/www.sabra.org.br\/site\/os-beneficios-do-coral-para-a-saude-mente-e-corpo\/","url_meta":{"origin":5821,"position":4},"title":"Os benef\u00edcios do coral para a sa\u00fade &#8211; mente e corpo","author":"M\u00e1rcio Miranda Pontes","date":"30 de agosto de 2017","format":false,"excerpt":"O coral \u00e9 uma atividade totalmente coletiva. Isso quer dizer que n\u00e3o h\u00e1 incentivo para a lideran\u00e7a ou destaques individuais.","rel":"","context":"Em &quot;Blog SABRA&quot;","block_context":{"text":"Blog SABRA","link":"https:\/\/www.sabra.org.br\/site\/category\/blog-sabra\/"},"img":{"alt_text":"cantar-coral-voz-instrumento-canto","src":"https:\/\/i0.wp.com\/www.sabra.org.br\/site\/wp-content\/uploads\/2017\/08\/Canto_Coral.jpg?resize=350%2C200&ssl=1","width":350,"height":200,"srcset":"https:\/\/i0.wp.com\/www.sabra.org.br\/site\/wp-content\/uploads\/2017\/08\/Canto_Coral.jpg?resize=350%2C200&ssl=1 1x, https:\/\/i0.wp.com\/www.sabra.org.br\/site\/wp-content\/uploads\/2017\/08\/Canto_Coral.jpg?resize=525%2C300&ssl=1 1.5x, https:\/\/i0.wp.com\/www.sabra.org.br\/site\/wp-content\/uploads\/2017\/08\/Canto_Coral.jpg?resize=700%2C400&ssl=1 2x"},"classes":[]},{"id":4040,"url":"https:\/\/www.sabra.org.br\/site\/depoimento-rodrigo-pena\/","url_meta":{"origin":5821,"position":5},"title":"Rodrigo Pena &#8211; Depoimento","author":"M\u00e1rcio Miranda Pontes","date":"20 de julho de 2021","format":false,"excerpt":"Depoimento de Rodrigo Pena","rel":"","context":"Em &quot;Depoimentos&quot;","block_context":{"text":"Depoimentos","link":"https:\/\/www.sabra.org.br\/site\/category\/depoimentos\/"},"img":{"alt_text":"canto coral","src":"https:\/\/i0.wp.com\/www.sabra.org.br\/site\/wp-content\/uploads\/2021\/07\/Rodrigo.jpg?resize=350%2C200&ssl=1","width":350,"height":200,"srcset":"https:\/\/i0.wp.com\/www.sabra.org.br\/site\/wp-content\/uploads\/2021\/07\/Rodrigo.jpg?resize=350%2C200&ssl=1 1x, https:\/\/i0.wp.com\/www.sabra.org.br\/site\/wp-content\/uploads\/2021\/07\/Rodrigo.jpg?resize=525%2C300&ssl=1 1.5x, https:\/\/i0.wp.com\/www.sabra.org.br\/site\/wp-content\/uploads\/2021\/07\/Rodrigo.jpg?resize=700%2C400&ssl=1 2x"},"classes":[]}],"jetpack_likes_enabled":true,"jetpack_sharing_enabled":true,"_links":{"self":[{"href":"https:\/\/www.sabra.org.br\/site\/wp-json\/wp\/v2\/posts\/5821","targetHints":{"allow":["GET"]}}],"collection":[{"href":"https:\/\/www.sabra.org.br\/site\/wp-json\/wp\/v2\/posts"}],"about":[{"href":"https:\/\/www.sabra.org.br\/site\/wp-json\/wp\/v2\/types\/post"}],"author":[{"embeddable":true,"href":"https:\/\/www.sabra.org.br\/site\/wp-json\/wp\/v2\/users\/39"}],"replies":[{"embeddable":true,"href":"https:\/\/www.sabra.org.br\/site\/wp-json\/wp\/v2\/comments?post=5821"}],"version-history":[{"count":0,"href":"https:\/\/www.sabra.org.br\/site\/wp-json\/wp\/v2\/posts\/5821\/revisions"}],"wp:featuredmedia":[{"embeddable":true,"href":"https:\/\/www.sabra.org.br\/site\/wp-json\/wp\/v2\/media\/5822"}],"wp:attachment":[{"href":"https:\/\/www.sabra.org.br\/site\/wp-json\/wp\/v2\/media?parent=5821"}],"wp:term":[{"taxonomy":"category","embeddable":true,"href":"https:\/\/www.sabra.org.br\/site\/wp-json\/wp\/v2\/categories?post=5821"},{"taxonomy":"post_tag","embeddable":true,"href":"https:\/\/www.sabra.org.br\/site\/wp-json\/wp\/v2\/tags?post=5821"}],"curies":[{"name":"wp","href":"https:\/\/api.w.org\/{rel}","templated":true}]}}