{"id":5930,"date":"2022-09-22T08:26:38","date_gmt":"2022-09-22T11:26:38","guid":{"rendered":"https:\/\/www.sabra.org.br\/site\/?p=5930"},"modified":"2022-09-22T08:26:38","modified_gmt":"2022-09-22T11:26:38","slug":"teoria-pratica","status":"publish","type":"post","link":"https:\/\/www.sabra.org.br\/site\/teoria-pratica\/","title":{"rendered":"Devo aprender primeiro a pr\u00e1tica ou a teoria musical?"},"content":{"rendered":"<p>[vc_row][vc_column][vc_column_text]Muitas pessoas entram no universo da m\u00fasica e aprendem a tocar instrumentos, por\u00e9m, demoram a estudar teoria musical. Aprender primeiro a pr\u00e1tica ou a teoria musical \u00e9 a d\u00favida de quem est\u00e1 dando seus primeiros passos e precisamos fazer algumas considera\u00e7\u00f5es sobre isso.<\/p>\n<p>Afinal, \u00e9 fato que os grandes nomes da m\u00fasica mantiveram os dois, teoria e pr\u00e1tica. Quem sabe tocar bem um instrumento pode pensar que a teoria n\u00e3o faz falta. Por outro lado, uma barreira pode surgir em seu aprendizado, visto que n\u00e3o vai saber como ler e interpretar uma partitura, por exemplo.<\/p>\n<h2>Devo aprender primeiro a pr\u00e1tica ou a teoria musical?<\/h2>\n<p>Teoria e pr\u00e1tica podem andar juntas quando falamos sobre m\u00fasica. Afinal, trata-se de uma linguagem, que requer interpreta\u00e7\u00e3o para que a comunica\u00e7\u00e3o seja bem sucedida. Pensando nisso, voc\u00ea pode iniciar apenas na pr\u00e1tica, mas corre o risco de deixar a teoria para depois e ganhar alguns v\u00edcios.<\/p>\n<p>\u00c9 como uma pessoa que ainda n\u00e3o aprendeu a ler e a escrever. Esse indiv\u00edduo consegue comunica\u00e7\u00e3o, por\u00e9m, possui uma barreira e est\u00e1 com v\u00edcios de linguagem por n\u00e3o saber nada sobre a teoria, a gram\u00e1tica. Al\u00e9m de dificuldade em expressar, existe o desafio de interpretar e ler corretamente.<\/p>\n<h2>A m\u00fasica \u00e9 uma arte livre<\/h2>\n<p>O argumento que muitas pessoas usam para come\u00e7ar primeiro a pr\u00e1tica e se manter nela por algum tempo \u00e9 sobre a m\u00fasica ser arte e estar livre. E isso \u00e9 verdade, a m\u00fasica tem diversas possibilidades, n\u00e3o \u00e9 \u00e0 toa que os grandes nomes j\u00e1 produziram tantas pe\u00e7as de tirar o f\u00f4lego.<\/p>\n<p>Por outro lado, deixar o aprendizado da teoria para depois pode te deixar em uma zona de conforto. \u00c9 muito mais dif\u00edcil ousar e manter a m\u00fasica como arte livre se n\u00e3o temos conhecimento sobre ela. Como dissemos antes, ela \u00e9 uma comunica\u00e7\u00e3o e importa que tenhamos entendimento sobre todos os seus componentes.<\/p>\n<h2>O que devo fazer?<\/h2>\n<p>Se voc\u00ea quer dar o primeiro passo indicamos que estude e pratique ao mesmo tempo. Isso vai te ajudar a ter mais conhecimento na medida em que aperfei\u00e7oa as suas habilidades. \u00c9 um fato que muitas pessoas, por falta de oportunidade, acabaram aprendendo na pr\u00e1tica muito da teoria musical.<\/p>\n<p>O problema \u00e9 que esse \u00e9 o caminho mais dif\u00edcil. Portanto, avalie o seu caso, procure estudar a teoria caso j\u00e1 toque algu\u00e9m instrumento ou d\u00ea seus primeiros passos aproveitando o melhor dos dois mundos. Se voc\u00ea est\u00e1 aqui \u00e9 porque ama m\u00fasica, ent\u00e3o, vai se envolver com toda a gama de aprendizado que a teoria pode agregar na sua vida.<\/p>\n<p>Agora voc\u00ea sabe que aprender primeiro a pr\u00e1tica ou a teoria musical n\u00e3o faz tanta diferen\u00e7a assim, o mais importante \u00e9 trilha os dois caminhos. Voc\u00ea consegue evitar alguns v\u00edcios, abre portas para um entendimento mais completo sobre a m\u00fasica e claro, pode ousar livremente porque sabe o que est\u00e1 fazendo.<\/p>\n<p>Os g\u00eanios da m\u00fasica que n\u00e3o tiveram contato com a teoria \u00e9 porque encontram dificuldades no seu caminho. Aproveite os recursos que temos hoje com ajuda da internet, por exemplo, para dar um passo a mais na m\u00fasica.<\/p>\n<p>Se voc\u00ea ama o mundo da m\u00fasica ajude o nosso projeto a dar mais resultados, colabore conosco!<\/p>\n<blockquote class=\"wp-embedded-content\" data-secret=\"SZohe9bJdj\"><p><a href=\"https:\/\/www.sabra.org.br\/site\/teoria-musical\/\">Coisas que n\u00e3o te contaram sobre teoria musical<\/a><\/p><\/blockquote>\n<p><iframe class=\"wp-embedded-content\" sandbox=\"allow-scripts\" security=\"restricted\" style=\"position: absolute; visibility: hidden;\" title=\"&#8220;Coisas que n\u00e3o te contaram sobre teoria musical&#8221; &#8212; SABRA - Sociedade Art\u00edstica Brasileira\" src=\"https:\/\/www.sabra.org.br\/site\/teoria-musical\/embed\/#?secret=nNEj5Pm5O8#?secret=SZohe9bJdj\" data-secret=\"SZohe9bJdj\" width=\"600\" height=\"338\" frameborder=\"0\" marginwidth=\"0\" marginheight=\"0\" scrolling=\"no\"><\/iframe><\/p>\n<hr \/>\n<h2>Se voc\u00ea gostou deste post:<\/h2>\n<p>&#8211; SIGA as nossas p\u00e1ginas nas redes sociais para acompanhar as nossas atualiza\u00e7\u00f5es: estamos no <a href=\"https:\/\/www.facebook.com\/sabrabrasil\" target=\"_blank\" rel=\"noopener\">Facebook<\/a>, no <a href=\"https:\/\/www.instagram.com\/sabrabrasil\/\" target=\"_blank\" rel=\"noopener\">Instagram<\/a>, no <a href=\"https:\/\/www.linkedin.com\/company\/25002088\" target=\"_blank\" rel=\"noopener\">LinkedIn<\/a>, no <a href=\"https:\/\/twitter.com\/ContatoSabra\" target=\"_blank\" rel=\"noopener\">Twitter<\/a> e no <a href=\"https:\/\/www.youtube.com\/channel\/UCJw-kbuEvzUNdeQf20Pa-eQ\" target=\"_blank\" rel=\"noopener\">YouTube<\/a>!<\/p>\n<p>&#8211; CONHE\u00c7A o trabalho da Sociedade Art\u00edstica Brasileira (SABRA) e todas as iniciativas culturais e sociais que ela mant\u00e9m. <a href=\"https:\/\/www.sabra.org.br\/site\/acoes\/\" target=\"_blank\" rel=\"noopener\">Acesse nosso site!<\/a><\/p>\n<p>&#8211; ENTRE EM CONTATO com a gente. E veja quais s\u00e3o as op\u00e7\u00f5es de ajuda na manuten\u00e7\u00e3o de nossas a\u00e7\u00f5es sociais e culturais. Basta acessar nossa p\u00e1gina <a href=\"https:\/\/www.sabra.org.br\/site\/doe-agora\/\" target=\"_blank\" rel=\"noopener\">Doe Agora!<\/a><\/p>\n<p>&#8211; COMPARTILHE este texto nas suas redes sociais e ajude os seus amigos a tamb\u00e9m dominarem o assunto!<\/p>\n<p>\u2013 Os projetos da @sabrabrasil s\u00e3o realizados com o patroci\u0301nio m\u00e1ster: @vallourec e @institutounimedbh, viabilizado pelo incentivo de mais de 5,2 mil m\u00e9dicos cooperados e colaboradores via Lei de Incentivo \u00e0 Cultura &#8211; @mturismo, @culturagovbr. Apoio: @prefeiturabetim[\/vc_column_text][\/vc_column][\/vc_row]<\/p>\n","protected":false},"excerpt":{"rendered":"<p>Voc\u00ea sabe o que deve fazer primeiro, pr\u00e1tica ou teoria musical? Essa d\u00favida \u00e9 muito comum e devemos considerar o caminho certo para evitar algumas dificuldades. Leia e saiba quais s\u00e3o!<\/p>\n","protected":false},"author":39,"featured_media":5932,"comment_status":"closed","ping_status":"closed","sticky":false,"template":"","format":"standard","meta":{"jetpack_post_was_ever_published":false,"_jetpack_newsletter_access":"","_jetpack_dont_email_post_to_subs":false,"_jetpack_newsletter_tier_id":0,"_jetpack_memberships_contains_paywalled_content":false,"_jetpack_memberships_contains_paid_content":false,"footnotes":""},"categories":[1],"tags":[15,2757,3626,3623,8,3629,1285,3628,16,3519,1286,11,3622,9],"class_list":["post-5930","post","type-post","status-publish","format-standard","has-post-thumbnail","hentry","category-blog-sabra","tag-assistencia-social","tag-belo-horizonte","tag-cabo-frio","tag-campos-dos-goytacazes","tag-canto-coral","tag-contagem","tag-escola-de-musica-sabra","tag-ibirite","tag-musicalizacao-infantil","tag-nova-lima-2","tag-orquestra-infanto-juvenil-de-betim","tag-orquestra-sinfonica-de-betim","tag-raposos","tag-sociedade-artistica-brasileira"],"yoast_head":"<!-- This site is optimized with the Yoast SEO plugin v27.5 - https:\/\/yoast.com\/product\/yoast-seo-wordpress\/ -->\n<title>Teoria ou pr\u00e1tica? - SABRA - Sociedade Art\u00edstica Brasileira<\/title>\n<meta name=\"description\" content=\"Voc\u00ea sabe o que deve fazer primeiro, pr\u00e1tica ou teoria musical? Essa d\u00favida \u00e9 muito comum e o caminho certo evita dificuldades.\" \/>\n<meta name=\"robots\" content=\"index, follow, max-snippet:-1, max-image-preview:large, max-video-preview:-1\" \/>\n<link rel=\"canonical\" href=\"https:\/\/www.sabra.org.br\/site\/teoria-pratica\/\" \/>\n<meta property=\"og:locale\" content=\"pt_BR\" \/>\n<meta property=\"og:type\" content=\"article\" \/>\n<meta property=\"og:title\" content=\"Teoria ou pr\u00e1tica? - SABRA - Sociedade Art\u00edstica Brasileira\" \/>\n<meta property=\"og:description\" content=\"Voc\u00ea sabe o que deve fazer primeiro, pr\u00e1tica ou teoria musical? Essa d\u00favida \u00e9 muito comum e o caminho certo evita dificuldades.\" \/>\n<meta property=\"og:url\" content=\"https:\/\/www.sabra.org.br\/site\/teoria-pratica\/\" \/>\n<meta property=\"og:site_name\" content=\"SABRA - Sociedade Art\u00edstica Brasileira\" \/>\n<meta property=\"article:publisher\" content=\"https:\/\/www.facebook.com\/sabrabrasil\" \/>\n<meta property=\"article:published_time\" content=\"2022-09-22T11:26:38+00:00\" \/>\n<meta property=\"og:image\" content=\"https:\/\/i0.wp.com\/www.sabra.org.br\/site\/wp-content\/uploads\/2022\/09\/devo-aprender-primeiro-a-pratica-ou-a-teoria-musical-20220707153044.jpg.jpg?fit=800%2C533&ssl=1\" \/>\n\t<meta property=\"og:image:width\" content=\"800\" \/>\n\t<meta property=\"og:image:height\" content=\"533\" \/>\n\t<meta property=\"og:image:type\" content=\"image\/jpeg\" \/>\n<meta name=\"author\" content=\"M\u00e1rcio Miranda Pontes\" \/>\n<meta name=\"twitter:card\" content=\"summary_large_image\" \/>\n<meta name=\"twitter:creator\" content=\"@ContatoSabra\" \/>\n<meta name=\"twitter:site\" content=\"@ContatoSabra\" \/>\n<meta name=\"twitter:label1\" content=\"Escrito por\" \/>\n\t<meta name=\"twitter:data1\" content=\"M\u00e1rcio Miranda Pontes\" \/>\n\t<meta name=\"twitter:label2\" content=\"Est. tempo de leitura\" \/>\n\t<meta name=\"twitter:data2\" content=\"4 minutos\" \/>\n<script type=\"application\/ld+json\" class=\"yoast-schema-graph\">{\"@context\":\"https:\\\/\\\/schema.org\",\"@graph\":[{\"@type\":\"Article\",\"@id\":\"https:\\\/\\\/www.sabra.org.br\\\/site\\\/teoria-pratica\\\/#article\",\"isPartOf\":{\"@id\":\"https:\\\/\\\/www.sabra.org.br\\\/site\\\/teoria-pratica\\\/\"},\"author\":{\"name\":\"M\u00e1rcio Miranda Pontes\",\"@id\":\"https:\\\/\\\/www.sabra.org.br\\\/site\\\/#\\\/schema\\\/person\\\/7d1d222c3c8891d4c37c7b41bf6315c2\"},\"headline\":\"Devo aprender primeiro a pr\u00e1tica ou a teoria musical?\",\"datePublished\":\"2022-09-22T11:26:38+00:00\",\"mainEntityOfPage\":{\"@id\":\"https:\\\/\\\/www.sabra.org.br\\\/site\\\/teoria-pratica\\\/\"},\"wordCount\":746,\"publisher\":{\"@id\":\"https:\\\/\\\/www.sabra.org.br\\\/site\\\/#organization\"},\"image\":{\"@id\":\"https:\\\/\\\/www.sabra.org.br\\\/site\\\/teoria-pratica\\\/#primaryimage\"},\"thumbnailUrl\":\"https:\\\/\\\/www.sabra.org.br\\\/site\\\/wp-content\\\/uploads\\\/2022\\\/09\\\/devo-aprender-primeiro-a-pratica-ou-a-teoria-musical-20220707153044.jpg.jpg\",\"keywords\":[\"Assist\u00eancia social\",\"Belo Horizonte\",\"Cabo Frio\",\"Campos dos Goytacazes\",\"Canto Coral\",\"Contagem\",\"Escola de Musica SABRA\",\"Ibirit\u00e9\",\"Musicaliza\u00e7\u00e3o Infantil\",\"nova lima\",\"Orquestra Infanto Juvenil de Betim\",\"Orquestra Sinf\u00f4nica de Betim\",\"Raposos\",\"Sociedade Art\u00edstica Brasileira\"],\"articleSection\":[\"Blog SABRA\"],\"inLanguage\":\"pt-BR\"},{\"@type\":\"WebPage\",\"@id\":\"https:\\\/\\\/www.sabra.org.br\\\/site\\\/teoria-pratica\\\/\",\"url\":\"https:\\\/\\\/www.sabra.org.br\\\/site\\\/teoria-pratica\\\/\",\"name\":\"Teoria ou pr\u00e1tica? - SABRA - Sociedade Art\u00edstica Brasileira\",\"isPartOf\":{\"@id\":\"https:\\\/\\\/www.sabra.org.br\\\/site\\\/#website\"},\"primaryImageOfPage\":{\"@id\":\"https:\\\/\\\/www.sabra.org.br\\\/site\\\/teoria-pratica\\\/#primaryimage\"},\"image\":{\"@id\":\"https:\\\/\\\/www.sabra.org.br\\\/site\\\/teoria-pratica\\\/#primaryimage\"},\"thumbnailUrl\":\"https:\\\/\\\/www.sabra.org.br\\\/site\\\/wp-content\\\/uploads\\\/2022\\\/09\\\/devo-aprender-primeiro-a-pratica-ou-a-teoria-musical-20220707153044.jpg.jpg\",\"datePublished\":\"2022-09-22T11:26:38+00:00\",\"description\":\"Voc\u00ea sabe o que deve fazer primeiro, pr\u00e1tica ou teoria musical? Essa d\u00favida \u00e9 muito comum e o caminho certo evita dificuldades.\",\"breadcrumb\":{\"@id\":\"https:\\\/\\\/www.sabra.org.br\\\/site\\\/teoria-pratica\\\/#breadcrumb\"},\"inLanguage\":\"pt-BR\",\"potentialAction\":[{\"@type\":\"ReadAction\",\"target\":[\"https:\\\/\\\/www.sabra.org.br\\\/site\\\/teoria-pratica\\\/\"]}]},{\"@type\":\"ImageObject\",\"inLanguage\":\"pt-BR\",\"@id\":\"https:\\\/\\\/www.sabra.org.br\\\/site\\\/teoria-pratica\\\/#primaryimage\",\"url\":\"https:\\\/\\\/www.sabra.org.br\\\/site\\\/wp-content\\\/uploads\\\/2022\\\/09\\\/devo-aprender-primeiro-a-pratica-ou-a-teoria-musical-20220707153044.jpg.jpg\",\"contentUrl\":\"https:\\\/\\\/www.sabra.org.br\\\/site\\\/wp-content\\\/uploads\\\/2022\\\/09\\\/devo-aprender-primeiro-a-pratica-ou-a-teoria-musical-20220707153044.jpg.jpg\",\"width\":800,\"height\":533,\"caption\":\"Sociedade Art\u00edstica Brasileira SABRA\"},{\"@type\":\"BreadcrumbList\",\"@id\":\"https:\\\/\\\/www.sabra.org.br\\\/site\\\/teoria-pratica\\\/#breadcrumb\",\"itemListElement\":[{\"@type\":\"ListItem\",\"position\":1,\"name\":\"In\u00edcio\",\"item\":\"https:\\\/\\\/www.sabra.org.br\\\/site\\\/\"},{\"@type\":\"ListItem\",\"position\":2,\"name\":\"Devo aprender primeiro a pr\u00e1tica ou a teoria musical?\"}]},{\"@type\":\"WebSite\",\"@id\":\"https:\\\/\\\/www.sabra.org.br\\\/site\\\/#website\",\"url\":\"https:\\\/\\\/www.sabra.org.br\\\/site\\\/\",\"name\":\"SABRA - Sociedade Art\u00edstica Brasileira\",\"description\":\"Escola de M\u00fasica, Orquestra Sinf\u00f4nica, Coral e Patrim\u00f4nio Cultural e Hist\u00f3rico\",\"publisher\":{\"@id\":\"https:\\\/\\\/www.sabra.org.br\\\/site\\\/#organization\"},\"potentialAction\":[{\"@type\":\"SearchAction\",\"target\":{\"@type\":\"EntryPoint\",\"urlTemplate\":\"https:\\\/\\\/www.sabra.org.br\\\/site\\\/?s={search_term_string}\"},\"query-input\":{\"@type\":\"PropertyValueSpecification\",\"valueRequired\":true,\"valueName\":\"search_term_string\"}}],\"inLanguage\":\"pt-BR\"},{\"@type\":\"Organization\",\"@id\":\"https:\\\/\\\/www.sabra.org.br\\\/site\\\/#organization\",\"name\":\"SOCIEDADE ART\u00cdSTICA BRASILEIRA SABRA\",\"alternateName\":\"SABRA\",\"url\":\"https:\\\/\\\/www.sabra.org.br\\\/site\\\/\",\"logo\":{\"@type\":\"ImageObject\",\"inLanguage\":\"pt-BR\",\"@id\":\"https:\\\/\\\/www.sabra.org.br\\\/site\\\/#\\\/schema\\\/logo\\\/image\\\/\",\"url\":\"https:\\\/\\\/www.sabra.org.br\\\/site\\\/wp-content\\\/uploads\\\/2019\\\/06\\\/cropped-Logo_SABRA-Copia-1.webp\",\"contentUrl\":\"https:\\\/\\\/www.sabra.org.br\\\/site\\\/wp-content\\\/uploads\\\/2019\\\/06\\\/cropped-Logo_SABRA-Copia-1.webp\",\"width\":400,\"height\":128,\"caption\":\"SOCIEDADE ART\u00cdSTICA BRASILEIRA SABRA\"},\"image\":{\"@id\":\"https:\\\/\\\/www.sabra.org.br\\\/site\\\/#\\\/schema\\\/logo\\\/image\\\/\"},\"sameAs\":[\"https:\\\/\\\/www.facebook.com\\\/sabrabrasil\",\"https:\\\/\\\/x.com\\\/ContatoSabra\",\"https:\\\/\\\/www.instagram.com\\\/sabrabrasil\\\/\",\"https:\\\/\\\/www.linkedin.com\\\/company\\\/25002088\\\/\",\"https:\\\/\\\/br.pinterest.com\\\/sociedadeartisticabrasileira\\\/\",\"https:\\\/\\\/www.youtube.com\\\/c\\\/sabrabrasil\"]},{\"@type\":\"Person\",\"@id\":\"https:\\\/\\\/www.sabra.org.br\\\/site\\\/#\\\/schema\\\/person\\\/7d1d222c3c8891d4c37c7b41bf6315c2\",\"name\":\"M\u00e1rcio Miranda Pontes\",\"image\":{\"@type\":\"ImageObject\",\"inLanguage\":\"pt-BR\",\"@id\":\"https:\\\/\\\/secure.gravatar.com\\\/avatar\\\/3b45f24496a7625a3a6c436688fbe20344faaeb2979658dc4a9921f984d7df9a?s=96&d=mm&r=g\",\"url\":\"https:\\\/\\\/secure.gravatar.com\\\/avatar\\\/3b45f24496a7625a3a6c436688fbe20344faaeb2979658dc4a9921f984d7df9a?s=96&d=mm&r=g\",\"contentUrl\":\"https:\\\/\\\/secure.gravatar.com\\\/avatar\\\/3b45f24496a7625a3a6c436688fbe20344faaeb2979658dc4a9921f984d7df9a?s=96&d=mm&r=g\",\"caption\":\"M\u00e1rcio Miranda Pontes\"},\"sameAs\":[\"http:\\\/\\\/www.sabra.org.br\"],\"url\":\"https:\\\/\\\/www.sabra.org.br\\\/site\\\/author\\\/marcio-miranda-pontes\\\/\"}]}<\/script>\n<!-- \/ Yoast SEO plugin. -->","yoast_head_json":{"title":"Teoria ou pr\u00e1tica? - SABRA - Sociedade Art\u00edstica Brasileira","description":"Voc\u00ea sabe o que deve fazer primeiro, pr\u00e1tica ou teoria musical? Essa d\u00favida \u00e9 muito comum e o caminho certo evita dificuldades.","robots":{"index":"index","follow":"follow","max-snippet":"max-snippet:-1","max-image-preview":"max-image-preview:large","max-video-preview":"max-video-preview:-1"},"canonical":"https:\/\/www.sabra.org.br\/site\/teoria-pratica\/","og_locale":"pt_BR","og_type":"article","og_title":"Teoria ou pr\u00e1tica? - SABRA - Sociedade Art\u00edstica Brasileira","og_description":"Voc\u00ea sabe o que deve fazer primeiro, pr\u00e1tica ou teoria musical? Essa d\u00favida \u00e9 muito comum e o caminho certo evita dificuldades.","og_url":"https:\/\/www.sabra.org.br\/site\/teoria-pratica\/","og_site_name":"SABRA - Sociedade Art\u00edstica Brasileira","article_publisher":"https:\/\/www.facebook.com\/sabrabrasil","article_published_time":"2022-09-22T11:26:38+00:00","og_image":[{"width":800,"height":533,"url":"https:\/\/i0.wp.com\/www.sabra.org.br\/site\/wp-content\/uploads\/2022\/09\/devo-aprender-primeiro-a-pratica-ou-a-teoria-musical-20220707153044.jpg.jpg?fit=800%2C533&ssl=1","type":"image\/jpeg"}],"author":"M\u00e1rcio Miranda Pontes","twitter_card":"summary_large_image","twitter_creator":"@ContatoSabra","twitter_site":"@ContatoSabra","twitter_misc":{"Escrito por":"M\u00e1rcio Miranda Pontes","Est. tempo de leitura":"4 minutos"},"schema":{"@context":"https:\/\/schema.org","@graph":[{"@type":"Article","@id":"https:\/\/www.sabra.org.br\/site\/teoria-pratica\/#article","isPartOf":{"@id":"https:\/\/www.sabra.org.br\/site\/teoria-pratica\/"},"author":{"name":"M\u00e1rcio Miranda Pontes","@id":"https:\/\/www.sabra.org.br\/site\/#\/schema\/person\/7d1d222c3c8891d4c37c7b41bf6315c2"},"headline":"Devo aprender primeiro a pr\u00e1tica ou a teoria musical?","datePublished":"2022-09-22T11:26:38+00:00","mainEntityOfPage":{"@id":"https:\/\/www.sabra.org.br\/site\/teoria-pratica\/"},"wordCount":746,"publisher":{"@id":"https:\/\/www.sabra.org.br\/site\/#organization"},"image":{"@id":"https:\/\/www.sabra.org.br\/site\/teoria-pratica\/#primaryimage"},"thumbnailUrl":"https:\/\/www.sabra.org.br\/site\/wp-content\/uploads\/2022\/09\/devo-aprender-primeiro-a-pratica-ou-a-teoria-musical-20220707153044.jpg.jpg","keywords":["Assist\u00eancia social","Belo Horizonte","Cabo Frio","Campos dos Goytacazes","Canto Coral","Contagem","Escola de Musica SABRA","Ibirit\u00e9","Musicaliza\u00e7\u00e3o Infantil","nova lima","Orquestra Infanto Juvenil de Betim","Orquestra Sinf\u00f4nica de Betim","Raposos","Sociedade Art\u00edstica Brasileira"],"articleSection":["Blog SABRA"],"inLanguage":"pt-BR"},{"@type":"WebPage","@id":"https:\/\/www.sabra.org.br\/site\/teoria-pratica\/","url":"https:\/\/www.sabra.org.br\/site\/teoria-pratica\/","name":"Teoria ou pr\u00e1tica? - SABRA - Sociedade Art\u00edstica Brasileira","isPartOf":{"@id":"https:\/\/www.sabra.org.br\/site\/#website"},"primaryImageOfPage":{"@id":"https:\/\/www.sabra.org.br\/site\/teoria-pratica\/#primaryimage"},"image":{"@id":"https:\/\/www.sabra.org.br\/site\/teoria-pratica\/#primaryimage"},"thumbnailUrl":"https:\/\/www.sabra.org.br\/site\/wp-content\/uploads\/2022\/09\/devo-aprender-primeiro-a-pratica-ou-a-teoria-musical-20220707153044.jpg.jpg","datePublished":"2022-09-22T11:26:38+00:00","description":"Voc\u00ea sabe o que deve fazer primeiro, pr\u00e1tica ou teoria musical? Essa d\u00favida \u00e9 muito comum e o caminho certo evita dificuldades.","breadcrumb":{"@id":"https:\/\/www.sabra.org.br\/site\/teoria-pratica\/#breadcrumb"},"inLanguage":"pt-BR","potentialAction":[{"@type":"ReadAction","target":["https:\/\/www.sabra.org.br\/site\/teoria-pratica\/"]}]},{"@type":"ImageObject","inLanguage":"pt-BR","@id":"https:\/\/www.sabra.org.br\/site\/teoria-pratica\/#primaryimage","url":"https:\/\/www.sabra.org.br\/site\/wp-content\/uploads\/2022\/09\/devo-aprender-primeiro-a-pratica-ou-a-teoria-musical-20220707153044.jpg.jpg","contentUrl":"https:\/\/www.sabra.org.br\/site\/wp-content\/uploads\/2022\/09\/devo-aprender-primeiro-a-pratica-ou-a-teoria-musical-20220707153044.jpg.jpg","width":800,"height":533,"caption":"Sociedade Art\u00edstica Brasileira SABRA"},{"@type":"BreadcrumbList","@id":"https:\/\/www.sabra.org.br\/site\/teoria-pratica\/#breadcrumb","itemListElement":[{"@type":"ListItem","position":1,"name":"In\u00edcio","item":"https:\/\/www.sabra.org.br\/site\/"},{"@type":"ListItem","position":2,"name":"Devo aprender primeiro a pr\u00e1tica ou a teoria musical?"}]},{"@type":"WebSite","@id":"https:\/\/www.sabra.org.br\/site\/#website","url":"https:\/\/www.sabra.org.br\/site\/","name":"SABRA - Sociedade Art\u00edstica Brasileira","description":"Escola de M\u00fasica, Orquestra Sinf\u00f4nica, Coral e Patrim\u00f4nio Cultural e Hist\u00f3rico","publisher":{"@id":"https:\/\/www.sabra.org.br\/site\/#organization"},"potentialAction":[{"@type":"SearchAction","target":{"@type":"EntryPoint","urlTemplate":"https:\/\/www.sabra.org.br\/site\/?s={search_term_string}"},"query-input":{"@type":"PropertyValueSpecification","valueRequired":true,"valueName":"search_term_string"}}],"inLanguage":"pt-BR"},{"@type":"Organization","@id":"https:\/\/www.sabra.org.br\/site\/#organization","name":"SOCIEDADE ART\u00cdSTICA BRASILEIRA SABRA","alternateName":"SABRA","url":"https:\/\/www.sabra.org.br\/site\/","logo":{"@type":"ImageObject","inLanguage":"pt-BR","@id":"https:\/\/www.sabra.org.br\/site\/#\/schema\/logo\/image\/","url":"https:\/\/www.sabra.org.br\/site\/wp-content\/uploads\/2019\/06\/cropped-Logo_SABRA-Copia-1.webp","contentUrl":"https:\/\/www.sabra.org.br\/site\/wp-content\/uploads\/2019\/06\/cropped-Logo_SABRA-Copia-1.webp","width":400,"height":128,"caption":"SOCIEDADE ART\u00cdSTICA BRASILEIRA SABRA"},"image":{"@id":"https:\/\/www.sabra.org.br\/site\/#\/schema\/logo\/image\/"},"sameAs":["https:\/\/www.facebook.com\/sabrabrasil","https:\/\/x.com\/ContatoSabra","https:\/\/www.instagram.com\/sabrabrasil\/","https:\/\/www.linkedin.com\/company\/25002088\/","https:\/\/br.pinterest.com\/sociedadeartisticabrasileira\/","https:\/\/www.youtube.com\/c\/sabrabrasil"]},{"@type":"Person","@id":"https:\/\/www.sabra.org.br\/site\/#\/schema\/person\/7d1d222c3c8891d4c37c7b41bf6315c2","name":"M\u00e1rcio Miranda Pontes","image":{"@type":"ImageObject","inLanguage":"pt-BR","@id":"https:\/\/secure.gravatar.com\/avatar\/3b45f24496a7625a3a6c436688fbe20344faaeb2979658dc4a9921f984d7df9a?s=96&d=mm&r=g","url":"https:\/\/secure.gravatar.com\/avatar\/3b45f24496a7625a3a6c436688fbe20344faaeb2979658dc4a9921f984d7df9a?s=96&d=mm&r=g","contentUrl":"https:\/\/secure.gravatar.com\/avatar\/3b45f24496a7625a3a6c436688fbe20344faaeb2979658dc4a9921f984d7df9a?s=96&d=mm&r=g","caption":"M\u00e1rcio Miranda Pontes"},"sameAs":["http:\/\/www.sabra.org.br"],"url":"https:\/\/www.sabra.org.br\/site\/author\/marcio-miranda-pontes\/"}]}},"jetpack_featured_media_url":"https:\/\/www.sabra.org.br\/site\/wp-content\/uploads\/2022\/09\/devo-aprender-primeiro-a-pratica-ou-a-teoria-musical-20220707153044.jpg.jpg","jetpack_shortlink":"https:\/\/wp.me\/p95j2Z-1xE","jetpack-related-posts":[{"id":5293,"url":"https:\/\/www.sabra.org.br\/site\/teoria-musical\/","url_meta":{"origin":5930,"position":0},"title":"Coisas que n\u00e3o te contaram sobre teoria musical","author":"M\u00e1rcio Miranda Pontes","date":"29 de junho de 2022","format":false,"excerpt":"Est\u00e1 iniciando seus estudos sobre teoria musical ou tem interesse em come\u00e7ar? Ent\u00e3o confira nosso artigo sobre coisas que ningu\u00e9m fala sobre teoria musical para te incentivar e ajudar na decis\u00e3o!","rel":"","context":"Em &quot;Blog SABRA&quot;","block_context":{"text":"Blog SABRA","link":"https:\/\/www.sabra.org.br\/site\/category\/blog-sabra\/"},"img":{"alt_text":"teoria-musical-musica-estudo-conhecimento-entender-pratica","src":"https:\/\/i0.wp.com\/www.sabra.org.br\/site\/wp-content\/uploads\/2022\/06\/x-coisas-que-nao-te-contaram-sobre-teoria-musical-20171219145022.jpg.jpg?resize=350%2C200&ssl=1","width":350,"height":200,"srcset":"https:\/\/i0.wp.com\/www.sabra.org.br\/site\/wp-content\/uploads\/2022\/06\/x-coisas-que-nao-te-contaram-sobre-teoria-musical-20171219145022.jpg.jpg?resize=350%2C200&ssl=1 1x, https:\/\/i0.wp.com\/www.sabra.org.br\/site\/wp-content\/uploads\/2022\/06\/x-coisas-que-nao-te-contaram-sobre-teoria-musical-20171219145022.jpg.jpg?resize=525%2C300&ssl=1 1.5x, https:\/\/i0.wp.com\/www.sabra.org.br\/site\/wp-content\/uploads\/2022\/06\/x-coisas-que-nao-te-contaram-sobre-teoria-musical-20171219145022.jpg.jpg?resize=700%2C400&ssl=1 2x, https:\/\/i0.wp.com\/www.sabra.org.br\/site\/wp-content\/uploads\/2022\/06\/x-coisas-que-nao-te-contaram-sobre-teoria-musical-20171219145022.jpg.jpg?resize=1050%2C600&ssl=1 3x"},"classes":[]},{"id":2248,"url":"https:\/\/www.sabra.org.br\/site\/estudar-instrumento-musical\/","url_meta":{"origin":5930,"position":1},"title":"Estudar instrumento musical","author":"M\u00e1rcio Miranda Pontes","date":"19 de julho de 2019","format":false,"excerpt":"\u00c9 bastante comum uma pessoa decidir aprender a tocar um instrumento e n\u00e3o saber como come\u00e7ar. Se esse \u00e9 o seu caso, leia o texto e veja nossas dicas para iniciantes!","rel":"","context":"Em &quot;Blog SABRA&quot;","block_context":{"text":"Blog SABRA","link":"https:\/\/www.sabra.org.br\/site\/category\/blog-sabra\/"},"img":{"alt_text":"","src":"https:\/\/i0.wp.com\/www.sabra.org.br\/site\/wp-content\/uploads\/2019\/07\/quer-aprender-a-tocar-algum-instrumento-saiba-por-onde-comecar-20171219145022.jpg.jpg?resize=350%2C200&ssl=1","width":350,"height":200},"classes":[]},{"id":3020,"url":"https:\/\/www.sabra.org.br\/site\/tocar-um-instrumento\/","url_meta":{"origin":5930,"position":2},"title":"Tocar um instrumento","author":"M\u00e1rcio Miranda Pontes","date":"22 de junho de 2020","format":false,"excerpt":"Quer come\u00e7ar a tocar algum instrumento? \u00c9 normal que muitas d\u00favidas se fa\u00e7am presentes nesse momento. Por isso, fizemos esse post com algumas dicas para estar iniciando na m\u00fasica, veja!","rel":"","context":"Em &quot;Blog SABRA&quot;","block_context":{"text":"Blog SABRA","link":"https:\/\/www.sabra.org.br\/site\/category\/blog-sabra\/"},"img":{"alt_text":"tocar-um-instrumento","src":"https:\/\/i0.wp.com\/www.sabra.org.br\/site\/wp-content\/uploads\/2020\/06\/x-dicas-essenciais-para-quem-quer-comecar-a-tocar-algum-instrumento-20200602154116.jpg.jpg?resize=350%2C200&ssl=1","width":350,"height":200,"srcset":"https:\/\/i0.wp.com\/www.sabra.org.br\/site\/wp-content\/uploads\/2020\/06\/x-dicas-essenciais-para-quem-quer-comecar-a-tocar-algum-instrumento-20200602154116.jpg.jpg?resize=350%2C200&ssl=1 1x, https:\/\/i0.wp.com\/www.sabra.org.br\/site\/wp-content\/uploads\/2020\/06\/x-dicas-essenciais-para-quem-quer-comecar-a-tocar-algum-instrumento-20200602154116.jpg.jpg?resize=525%2C300&ssl=1 1.5x, https:\/\/i0.wp.com\/www.sabra.org.br\/site\/wp-content\/uploads\/2020\/06\/x-dicas-essenciais-para-quem-quer-comecar-a-tocar-algum-instrumento-20200602154116.jpg.jpg?resize=700%2C400&ssl=1 2x"},"classes":[]},{"id":711,"url":"https:\/\/www.sabra.org.br\/site\/5-motivos-para-estudar-teoria-musical\/","url_meta":{"origin":5930,"position":3},"title":"5 motivos para estudar Teoria Musical","author":"M\u00e1rcio Miranda Pontes","date":"9 de outubro de 2017","format":false,"excerpt":"Descubra como se tornar um bom m\u00fasico exige disciplina, dedica\u00e7\u00e3o e pr\u00e1tica. Aprenda sobre o caminho para o sucesso musical.","rel":"","context":"Em &quot;Blog SABRA&quot;","block_context":{"text":"Blog SABRA","link":"https:\/\/www.sabra.org.br\/site\/category\/blog-sabra\/"},"img":{"alt_text":"m\u00fasico-teoria-musical-instrumento-estudar","src":"https:\/\/i0.wp.com\/www.sabra.org.br\/site\/wp-content\/uploads\/2017\/10\/5-motivos-para-estudar-teoria-musical-20170920155615.jpg.png?resize=350%2C200&ssl=1","width":350,"height":200,"srcset":"https:\/\/i0.wp.com\/www.sabra.org.br\/site\/wp-content\/uploads\/2017\/10\/5-motivos-para-estudar-teoria-musical-20170920155615.jpg.png?resize=350%2C200&ssl=1 1x, https:\/\/i0.wp.com\/www.sabra.org.br\/site\/wp-content\/uploads\/2017\/10\/5-motivos-para-estudar-teoria-musical-20170920155615.jpg.png?resize=525%2C300&ssl=1 1.5x"},"classes":[]},{"id":13000,"url":"https:\/\/www.sabra.org.br\/site\/guia-pratico-para-organizar-seus-estudos-de-musica\/","url_meta":{"origin":5930,"position":4},"title":"Guia pr\u00e1tico para organizar seus estudos de m\u00fasica","author":"","date":"22 de agosto de 2025","format":false,"excerpt":"Estudar m\u00fasica pode parecer um desafio imenso, mas com a abordagem correta, voc\u00ea pode transformar esse processo em uma jornada prazerosa e eficiente. Organizar seus estudos de forma estrat\u00e9gica \u00e9 a chave para o sucesso, e uma boa estrutura pode n\u00e3o s\u00f3 melhorar seu desempenho, mas tamb\u00e9m otimizar o tempo\u2026","rel":"","context":"Em &quot;Blog SABRA&quot;","block_context":{"text":"Blog SABRA","link":"https:\/\/www.sabra.org.br\/site\/category\/blog-sabra\/"},"img":{"alt_text":"","src":"","width":0,"height":0},"classes":[]},{"id":3872,"url":"https:\/\/www.sabra.org.br\/site\/coral-dicas-para-quem-quer-participar\/","url_meta":{"origin":5930,"position":5},"title":"Coral &#8211; dicas para quem quer participar","author":"M\u00e1rcio Miranda Pontes","date":"11 de maio de 2021","format":false,"excerpt":"Coral - dicas para quem quer participar Um coral bem entrosado faz toda a diferen\u00e7a para o sucesso e a longevidade de todo o grupo. Se voc\u00ea quer fazer parte de um coral confira algumas dicas neste artigo.","rel":"","context":"Em &quot;Blog SABRA&quot;","block_context":{"text":"Blog SABRA","link":"https:\/\/www.sabra.org.br\/site\/category\/blog-sabra\/"},"img":{"alt_text":"coral estudo voz","src":"https:\/\/i0.wp.com\/www.sabra.org.br\/site\/wp-content\/uploads\/2021\/05\/x-dicas-para-quem-quer-fazer-parte-de-um-coral-20210203092956.jpg.jpg?resize=350%2C200&ssl=1","width":350,"height":200,"srcset":"https:\/\/i0.wp.com\/www.sabra.org.br\/site\/wp-content\/uploads\/2021\/05\/x-dicas-para-quem-quer-fazer-parte-de-um-coral-20210203092956.jpg.jpg?resize=350%2C200&ssl=1 1x, https:\/\/i0.wp.com\/www.sabra.org.br\/site\/wp-content\/uploads\/2021\/05\/x-dicas-para-quem-quer-fazer-parte-de-um-coral-20210203092956.jpg.jpg?resize=525%2C300&ssl=1 1.5x, https:\/\/i0.wp.com\/www.sabra.org.br\/site\/wp-content\/uploads\/2021\/05\/x-dicas-para-quem-quer-fazer-parte-de-um-coral-20210203092956.jpg.jpg?resize=700%2C400&ssl=1 2x"},"classes":[]}],"jetpack_likes_enabled":true,"jetpack_sharing_enabled":true,"_links":{"self":[{"href":"https:\/\/www.sabra.org.br\/site\/wp-json\/wp\/v2\/posts\/5930","targetHints":{"allow":["GET"]}}],"collection":[{"href":"https:\/\/www.sabra.org.br\/site\/wp-json\/wp\/v2\/posts"}],"about":[{"href":"https:\/\/www.sabra.org.br\/site\/wp-json\/wp\/v2\/types\/post"}],"author":[{"embeddable":true,"href":"https:\/\/www.sabra.org.br\/site\/wp-json\/wp\/v2\/users\/39"}],"replies":[{"embeddable":true,"href":"https:\/\/www.sabra.org.br\/site\/wp-json\/wp\/v2\/comments?post=5930"}],"version-history":[{"count":0,"href":"https:\/\/www.sabra.org.br\/site\/wp-json\/wp\/v2\/posts\/5930\/revisions"}],"wp:featuredmedia":[{"embeddable":true,"href":"https:\/\/www.sabra.org.br\/site\/wp-json\/wp\/v2\/media\/5932"}],"wp:attachment":[{"href":"https:\/\/www.sabra.org.br\/site\/wp-json\/wp\/v2\/media?parent=5930"}],"wp:term":[{"taxonomy":"category","embeddable":true,"href":"https:\/\/www.sabra.org.br\/site\/wp-json\/wp\/v2\/categories?post=5930"},{"taxonomy":"post_tag","embeddable":true,"href":"https:\/\/www.sabra.org.br\/site\/wp-json\/wp\/v2\/tags?post=5930"}],"curies":[{"name":"wp","href":"https:\/\/api.w.org\/{rel}","templated":true}]}}