{"id":5965,"date":"2022-09-28T08:19:50","date_gmt":"2022-09-28T11:19:50","guid":{"rendered":"https:\/\/www.sabra.org.br\/site\/?p=5965"},"modified":"2022-09-28T08:19:50","modified_gmt":"2022-09-28T11:19:50","slug":"falsete","status":"publish","type":"post","link":"https:\/\/www.sabra.org.br\/site\/falsete\/","title":{"rendered":"O que \u00e9 falsete?"},"content":{"rendered":"<p>[vc_row][vc_column][vc_column_text]Existem alguns mitos quando o assunto \u00e9 falsete, por exemplo, dizendo que ele \u00e9 um recurso usado quando n\u00e3o aguentamos uma nota. Mas isso n\u00e3o \u00e9 verdade. Ent\u00e3o, \u00e9 preciso saber o que \u00e9 falsete, como podemos cantar e fazer um com qualidade.<\/p>\n<p>Se voc\u00ea ama estudar canto ou mesmo \u00e9 algu\u00e9m que est\u00e1 dando os primeiros passos na m\u00fasica, vai ter dica aqui. Afinal, todos deveriam ter acesso \u00e0 t\u00e9cnica vocal para aprender a cantar melhor e at\u00e9 a apreciar ainda mais as m\u00fasicas que mais gosta.<\/p>\n<h2>O que \u00e9 falsete?<\/h2>\n<p>Podemos colocar o falsete como uma nota que possui uma carga maior de ar na hora que cantamos. H\u00e1 uma jun\u00e7\u00e3o de um canto mais agudo e mais cheio de ar. Chamamos de registro vocal, bem como a voz de peito, a voz de cabe\u00e7a, entre outros.<\/p>\n<p>\u00c9 parecido com a voz de cabe\u00e7a, que \u00e9 mais aguda, por\u00e9m, ao ouvirmos as duas varia\u00e7\u00f5es, percebemos o quanto o falsete possui muito escape de ar. Dentro do nosso organismo, as pregas vocais no momento do falsete est\u00e3o com uma vibra\u00e7\u00e3o com mais espa\u00e7o entre elas, justamente para maior passagem de ar.<\/p>\n<p>Interessante entender tamb\u00e9m que se trata de um recurso para tornar a m\u00fasica mais bonita. Ambas as vozes, masculinas e femininas, conseguem desfrutar do falsete para produzir um canto embelezado. H\u00e1 um mito dizendo que apenas vozes masculinas apresentam falsete.<\/p>\n<p>A verdade \u00e9 que no come\u00e7o dos estudos sobre a voz ainda acreditava-se que falsete e voz de cabe\u00e7a eram a mesma coisa. Portanto, apenas homens conseguiam produzir, visto que as mulheres j\u00e1 possuem uma voz mais afeminada, aguda se comparada \u00e0s masculinas.<\/p>\n<h2>Como cantar com falsete<\/h2>\n<p>Acessar o falsete \u00e9 mais simples do que parece, mas precisamos entender a partir da nossa anatomia. Uma dica \u00e9 recorrer \u00e0quele som mais fino que fazemos ap\u00f3s um bocejo. Voc\u00ea consegue identificar de forma mais simples e treinar a sua percep\u00e7\u00e3o.<\/p>\n<p>Prolongando esse som voc\u00ea j\u00e1 est\u00e1 cantando com falsete, observando a quantidade de ar para terminar a frase musical. Exerc\u00edcios como esse ajudam voc\u00ea a identificar seu falsete e a reproduzir em momentos pontuais para enriquecer a m\u00fasica.<\/p>\n<p>Outro truque \u00e9 cantar aquela m\u00fasica que voc\u00ea gosta e na qual use uma regi\u00e3o um pouco mais aguda da sua voz. Dessa forma fica mais simples sair e voltar de um falsete sem problemas. Com treinamento e entendimento de proje\u00e7\u00e3o da voz fica cada vez mais confort\u00e1vel.<\/p>\n<p>Agora voc\u00ea sabe o que \u00e9 falsete, vai ouvir m\u00fasicas com o seu ouvido treinado. Tamb\u00e9m \u00e9 capaz de derrubar at\u00e9 mitos sobre o assunto, o que nos ajuda a compreender mais sobre a t\u00e9cnica. Al\u00e9m disso, vai fazer o exerc\u00edcio para treinar e identificar o seu falsete.<\/p>\n<p>Dessa forma, n\u00e3o vai mais confundir com a voz de cabe\u00e7a, que tamb\u00e9m \u00e9 aguda, mas n\u00e3o carrega tanto ar ou n\u00e3o sair da mesma forma nas pregas vocais. Continue estudando e se aperfei\u00e7oando.<\/p>\n<p>Contamos com sua contribui\u00e7\u00e3o para transformar por meio da arte, seja um apoiador no nosso trabalho!<\/p>\n<blockquote class=\"wp-embedded-content\" data-secret=\"1VpOewn8H5\"><p><a href=\"https:\/\/www.sabra.org.br\/site\/tipos-de-voz-voce-sabe-qual-e-a-sua-no-canto\/\">Tipos de voz: voc\u00ea sabe qual \u00e9 a sua no canto?<\/a><\/p><\/blockquote>\n<p><iframe class=\"wp-embedded-content\" sandbox=\"allow-scripts\" security=\"restricted\" style=\"position: absolute; clip: rect(1px, 1px, 1px, 1px);\" title=\"&#8220;Tipos de voz: voc\u00ea sabe qual \u00e9 a sua no canto?&#8221; &#8212; SABRA - Sociedade Art\u00edstica Brasileira\" src=\"https:\/\/www.sabra.org.br\/site\/tipos-de-voz-voce-sabe-qual-e-a-sua-no-canto\/embed\/#?secret=7NiSl5hbH8#?secret=1VpOewn8H5\" data-secret=\"1VpOewn8H5\" width=\"600\" height=\"338\" frameborder=\"0\" marginwidth=\"0\" marginheight=\"0\" scrolling=\"no\"><\/iframe><\/p>\n<hr \/>\n<h2>Se voc\u00ea gostou deste post:<\/h2>\n<p>&#8211; SIGA as nossas p\u00e1ginas nas redes sociais para acompanhar as nossas atualiza\u00e7\u00f5es: estamos no <a href=\"https:\/\/www.facebook.com\/sabrabrasil\" target=\"_blank\" rel=\"noopener\">Facebook<\/a>, no <a href=\"https:\/\/www.instagram.com\/sabrabrasil\/\" target=\"_blank\" rel=\"noopener\">Instagram<\/a>, no <a href=\"https:\/\/www.linkedin.com\/company\/25002088\" target=\"_blank\" rel=\"noopener\">LinkedIn<\/a>, no <a href=\"https:\/\/twitter.com\/ContatoSabra\" target=\"_blank\" rel=\"noopener\">Twitter<\/a> e no <a href=\"https:\/\/www.youtube.com\/channel\/UCJw-kbuEvzUNdeQf20Pa-eQ\" target=\"_blank\" rel=\"noopener\">YouTube<\/a>!<\/p>\n<p>&#8211; CONHE\u00c7A o trabalho da Sociedade Art\u00edstica Brasileira (SABRA) e todas as iniciativas culturais e sociais que ela mant\u00e9m. <a href=\"https:\/\/www.sabra.org.br\/site\/acoes\/\" target=\"_blank\" rel=\"noopener\">Acesse nosso site!<\/a><\/p>\n<p>&#8211; ENTRE EM CONTATO com a gente. E veja quais s\u00e3o as op\u00e7\u00f5es de ajuda na manuten\u00e7\u00e3o de nossas a\u00e7\u00f5es sociais e culturais. Basta acessar nossa p\u00e1gina <a href=\"https:\/\/www.sabra.org.br\/site\/doe-agora\/\" target=\"_blank\" rel=\"noopener\">Doe Agora!<\/a><\/p>\n<p>&#8211; COMPARTILHE este texto nas suas redes sociais e ajude os seus amigos a tamb\u00e9m dominarem o assunto!<\/p>\n<p>\u2013 Os projetos da @sabrabrasil s\u00e3o realizados com o patroci\u0301nio m\u00e1ster: @vallourec e @institutounimedbh, viabilizado pelo incentivo de mais de 5,2 mil m\u00e9dicos cooperados e colaboradores via Lei de Incentivo \u00e0 Cultura &#8211; @mturismo, @culturagovbr. Apoio: @prefeiturabetim[\/vc_column_text][\/vc_column][\/vc_row]<\/p>\n","protected":false},"excerpt":{"rendered":"<p>Falsete \u00e9 confundido com outro tipo de voz, al\u00e9m de vir carregado com alguns mitos. Se voc\u00ea gosta do assunto venha ler esse material, porque falamos sobre o que \u00e9 e trouxemos dicas para voc\u00ea identificar seu falsete!<\/p>\n","protected":false},"author":39,"featured_media":5967,"comment_status":"closed","ping_status":"closed","sticky":false,"template":"","format":"standard","meta":{"jetpack_post_was_ever_published":false,"_jetpack_newsletter_access":"","_jetpack_dont_email_post_to_subs":false,"_jetpack_newsletter_tier_id":0,"_jetpack_memberships_contains_paywalled_content":false,"_jetpack_memberships_contains_paid_content":false,"footnotes":""},"categories":[1],"tags":[15,2757,3626,3623,8,3629,1285,3628,16,3519,1286,11,3622,9],"class_list":["post-5965","post","type-post","status-publish","format-standard","has-post-thumbnail","hentry","category-blog-sabra","tag-assistencia-social","tag-belo-horizonte","tag-cabo-frio","tag-campos-dos-goytacazes","tag-canto-coral","tag-contagem","tag-escola-de-musica-sabra","tag-ibirite","tag-musicalizacao-infantil","tag-nova-lima-2","tag-orquestra-infanto-juvenil-de-betim","tag-orquestra-sinfonica-de-betim","tag-raposos","tag-sociedade-artistica-brasileira"],"yoast_head":"<!-- This site is optimized with the Yoast SEO plugin v27.5 - https:\/\/yoast.com\/product\/yoast-seo-wordpress\/ -->\n<title>O que \u00e9 falsete? - SABRA - Sociedade Art\u00edstica Brasileira<\/title>\n<meta name=\"description\" content=\"Falsete \u00e9 confundido com outro tipo de voz, al\u00e9m de vir carregado com alguns mitos. Conhe\u00e7a dicas para voc\u00ea identificar seu falsete!\" \/>\n<meta name=\"robots\" content=\"index, follow, max-snippet:-1, max-image-preview:large, max-video-preview:-1\" \/>\n<link rel=\"canonical\" href=\"https:\/\/www.sabra.org.br\/site\/falsete\/\" \/>\n<meta property=\"og:locale\" content=\"pt_BR\" \/>\n<meta property=\"og:type\" content=\"article\" \/>\n<meta property=\"og:title\" content=\"O que \u00e9 falsete? - SABRA - Sociedade Art\u00edstica Brasileira\" \/>\n<meta property=\"og:description\" content=\"Falsete \u00e9 confundido com outro tipo de voz, al\u00e9m de vir carregado com alguns mitos. Conhe\u00e7a dicas para voc\u00ea identificar seu falsete!\" \/>\n<meta property=\"og:url\" content=\"https:\/\/www.sabra.org.br\/site\/falsete\/\" \/>\n<meta property=\"og:site_name\" content=\"SABRA - Sociedade Art\u00edstica Brasileira\" \/>\n<meta property=\"article:publisher\" content=\"https:\/\/www.facebook.com\/sabrabrasil\" \/>\n<meta property=\"article:published_time\" content=\"2022-09-28T11:19:50+00:00\" \/>\n<meta property=\"og:image\" content=\"https:\/\/i0.wp.com\/www.sabra.org.br\/site\/wp-content\/uploads\/2022\/09\/o-que-e-falsete-saiba-aqui-20220707153044.jpg.jpg?fit=800%2C533&ssl=1\" \/>\n\t<meta property=\"og:image:width\" content=\"800\" \/>\n\t<meta property=\"og:image:height\" content=\"533\" \/>\n\t<meta property=\"og:image:type\" content=\"image\/jpeg\" \/>\n<meta name=\"author\" content=\"M\u00e1rcio Miranda Pontes\" \/>\n<meta name=\"twitter:card\" content=\"summary_large_image\" \/>\n<meta name=\"twitter:creator\" content=\"@ContatoSabra\" \/>\n<meta name=\"twitter:site\" content=\"@ContatoSabra\" \/>\n<meta name=\"twitter:label1\" content=\"Escrito por\" \/>\n\t<meta name=\"twitter:data1\" content=\"M\u00e1rcio Miranda Pontes\" \/>\n\t<meta name=\"twitter:label2\" content=\"Est. tempo de leitura\" \/>\n\t<meta name=\"twitter:data2\" content=\"4 minutos\" \/>\n<script type=\"application\/ld+json\" class=\"yoast-schema-graph\">{\"@context\":\"https:\\\/\\\/schema.org\",\"@graph\":[{\"@type\":\"Article\",\"@id\":\"https:\\\/\\\/www.sabra.org.br\\\/site\\\/falsete\\\/#article\",\"isPartOf\":{\"@id\":\"https:\\\/\\\/www.sabra.org.br\\\/site\\\/falsete\\\/\"},\"author\":{\"name\":\"M\u00e1rcio Miranda Pontes\",\"@id\":\"https:\\\/\\\/www.sabra.org.br\\\/site\\\/#\\\/schema\\\/person\\\/7d1d222c3c8891d4c37c7b41bf6315c2\"},\"headline\":\"O que \u00e9 falsete?\",\"datePublished\":\"2022-09-28T11:19:50+00:00\",\"mainEntityOfPage\":{\"@id\":\"https:\\\/\\\/www.sabra.org.br\\\/site\\\/falsete\\\/\"},\"wordCount\":699,\"publisher\":{\"@id\":\"https:\\\/\\\/www.sabra.org.br\\\/site\\\/#organization\"},\"image\":{\"@id\":\"https:\\\/\\\/www.sabra.org.br\\\/site\\\/falsete\\\/#primaryimage\"},\"thumbnailUrl\":\"https:\\\/\\\/www.sabra.org.br\\\/site\\\/wp-content\\\/uploads\\\/2022\\\/09\\\/o-que-e-falsete-saiba-aqui-20220707153044.jpg.jpg\",\"keywords\":[\"Assist\u00eancia social\",\"Belo Horizonte\",\"Cabo Frio\",\"Campos dos Goytacazes\",\"Canto Coral\",\"Contagem\",\"Escola de Musica SABRA\",\"Ibirit\u00e9\",\"Musicaliza\u00e7\u00e3o Infantil\",\"nova lima\",\"Orquestra Infanto Juvenil de Betim\",\"Orquestra Sinf\u00f4nica de Betim\",\"Raposos\",\"Sociedade Art\u00edstica Brasileira\"],\"articleSection\":[\"Blog SABRA\"],\"inLanguage\":\"pt-BR\"},{\"@type\":\"WebPage\",\"@id\":\"https:\\\/\\\/www.sabra.org.br\\\/site\\\/falsete\\\/\",\"url\":\"https:\\\/\\\/www.sabra.org.br\\\/site\\\/falsete\\\/\",\"name\":\"O que \u00e9 falsete? - SABRA - Sociedade Art\u00edstica Brasileira\",\"isPartOf\":{\"@id\":\"https:\\\/\\\/www.sabra.org.br\\\/site\\\/#website\"},\"primaryImageOfPage\":{\"@id\":\"https:\\\/\\\/www.sabra.org.br\\\/site\\\/falsete\\\/#primaryimage\"},\"image\":{\"@id\":\"https:\\\/\\\/www.sabra.org.br\\\/site\\\/falsete\\\/#primaryimage\"},\"thumbnailUrl\":\"https:\\\/\\\/www.sabra.org.br\\\/site\\\/wp-content\\\/uploads\\\/2022\\\/09\\\/o-que-e-falsete-saiba-aqui-20220707153044.jpg.jpg\",\"datePublished\":\"2022-09-28T11:19:50+00:00\",\"description\":\"Falsete \u00e9 confundido com outro tipo de voz, al\u00e9m de vir carregado com alguns mitos. Conhe\u00e7a dicas para voc\u00ea identificar seu falsete!\",\"breadcrumb\":{\"@id\":\"https:\\\/\\\/www.sabra.org.br\\\/site\\\/falsete\\\/#breadcrumb\"},\"inLanguage\":\"pt-BR\",\"potentialAction\":[{\"@type\":\"ReadAction\",\"target\":[\"https:\\\/\\\/www.sabra.org.br\\\/site\\\/falsete\\\/\"]}]},{\"@type\":\"ImageObject\",\"inLanguage\":\"pt-BR\",\"@id\":\"https:\\\/\\\/www.sabra.org.br\\\/site\\\/falsete\\\/#primaryimage\",\"url\":\"https:\\\/\\\/www.sabra.org.br\\\/site\\\/wp-content\\\/uploads\\\/2022\\\/09\\\/o-que-e-falsete-saiba-aqui-20220707153044.jpg.jpg\",\"contentUrl\":\"https:\\\/\\\/www.sabra.org.br\\\/site\\\/wp-content\\\/uploads\\\/2022\\\/09\\\/o-que-e-falsete-saiba-aqui-20220707153044.jpg.jpg\",\"width\":800,\"height\":533,\"caption\":\"Sociedade Art\u00edstica Brasileira SABRA\"},{\"@type\":\"BreadcrumbList\",\"@id\":\"https:\\\/\\\/www.sabra.org.br\\\/site\\\/falsete\\\/#breadcrumb\",\"itemListElement\":[{\"@type\":\"ListItem\",\"position\":1,\"name\":\"In\u00edcio\",\"item\":\"https:\\\/\\\/www.sabra.org.br\\\/site\\\/\"},{\"@type\":\"ListItem\",\"position\":2,\"name\":\"O que \u00e9 falsete?\"}]},{\"@type\":\"WebSite\",\"@id\":\"https:\\\/\\\/www.sabra.org.br\\\/site\\\/#website\",\"url\":\"https:\\\/\\\/www.sabra.org.br\\\/site\\\/\",\"name\":\"SABRA - Sociedade Art\u00edstica Brasileira\",\"description\":\"Escola de M\u00fasica, Orquestra Sinf\u00f4nica, Coral e Patrim\u00f4nio Cultural e Hist\u00f3rico\",\"publisher\":{\"@id\":\"https:\\\/\\\/www.sabra.org.br\\\/site\\\/#organization\"},\"potentialAction\":[{\"@type\":\"SearchAction\",\"target\":{\"@type\":\"EntryPoint\",\"urlTemplate\":\"https:\\\/\\\/www.sabra.org.br\\\/site\\\/?s={search_term_string}\"},\"query-input\":{\"@type\":\"PropertyValueSpecification\",\"valueRequired\":true,\"valueName\":\"search_term_string\"}}],\"inLanguage\":\"pt-BR\"},{\"@type\":\"Organization\",\"@id\":\"https:\\\/\\\/www.sabra.org.br\\\/site\\\/#organization\",\"name\":\"SOCIEDADE ART\u00cdSTICA BRASILEIRA SABRA\",\"alternateName\":\"SABRA\",\"url\":\"https:\\\/\\\/www.sabra.org.br\\\/site\\\/\",\"logo\":{\"@type\":\"ImageObject\",\"inLanguage\":\"pt-BR\",\"@id\":\"https:\\\/\\\/www.sabra.org.br\\\/site\\\/#\\\/schema\\\/logo\\\/image\\\/\",\"url\":\"https:\\\/\\\/www.sabra.org.br\\\/site\\\/wp-content\\\/uploads\\\/2019\\\/06\\\/cropped-Logo_SABRA-Copia-1.webp\",\"contentUrl\":\"https:\\\/\\\/www.sabra.org.br\\\/site\\\/wp-content\\\/uploads\\\/2019\\\/06\\\/cropped-Logo_SABRA-Copia-1.webp\",\"width\":400,\"height\":128,\"caption\":\"SOCIEDADE ART\u00cdSTICA BRASILEIRA SABRA\"},\"image\":{\"@id\":\"https:\\\/\\\/www.sabra.org.br\\\/site\\\/#\\\/schema\\\/logo\\\/image\\\/\"},\"sameAs\":[\"https:\\\/\\\/www.facebook.com\\\/sabrabrasil\",\"https:\\\/\\\/x.com\\\/ContatoSabra\",\"https:\\\/\\\/www.instagram.com\\\/sabrabrasil\\\/\",\"https:\\\/\\\/www.linkedin.com\\\/company\\\/25002088\\\/\",\"https:\\\/\\\/br.pinterest.com\\\/sociedadeartisticabrasileira\\\/\",\"https:\\\/\\\/www.youtube.com\\\/c\\\/sabrabrasil\"]},{\"@type\":\"Person\",\"@id\":\"https:\\\/\\\/www.sabra.org.br\\\/site\\\/#\\\/schema\\\/person\\\/7d1d222c3c8891d4c37c7b41bf6315c2\",\"name\":\"M\u00e1rcio Miranda Pontes\",\"image\":{\"@type\":\"ImageObject\",\"inLanguage\":\"pt-BR\",\"@id\":\"https:\\\/\\\/secure.gravatar.com\\\/avatar\\\/3b45f24496a7625a3a6c436688fbe20344faaeb2979658dc4a9921f984d7df9a?s=96&d=mm&r=g\",\"url\":\"https:\\\/\\\/secure.gravatar.com\\\/avatar\\\/3b45f24496a7625a3a6c436688fbe20344faaeb2979658dc4a9921f984d7df9a?s=96&d=mm&r=g\",\"contentUrl\":\"https:\\\/\\\/secure.gravatar.com\\\/avatar\\\/3b45f24496a7625a3a6c436688fbe20344faaeb2979658dc4a9921f984d7df9a?s=96&d=mm&r=g\",\"caption\":\"M\u00e1rcio Miranda Pontes\"},\"sameAs\":[\"http:\\\/\\\/www.sabra.org.br\"],\"url\":\"https:\\\/\\\/www.sabra.org.br\\\/site\\\/author\\\/marcio-miranda-pontes\\\/\"}]}<\/script>\n<!-- \/ Yoast SEO plugin. -->","yoast_head_json":{"title":"O que \u00e9 falsete? - SABRA - Sociedade Art\u00edstica Brasileira","description":"Falsete \u00e9 confundido com outro tipo de voz, al\u00e9m de vir carregado com alguns mitos. Conhe\u00e7a dicas para voc\u00ea identificar seu falsete!","robots":{"index":"index","follow":"follow","max-snippet":"max-snippet:-1","max-image-preview":"max-image-preview:large","max-video-preview":"max-video-preview:-1"},"canonical":"https:\/\/www.sabra.org.br\/site\/falsete\/","og_locale":"pt_BR","og_type":"article","og_title":"O que \u00e9 falsete? - SABRA - Sociedade Art\u00edstica Brasileira","og_description":"Falsete \u00e9 confundido com outro tipo de voz, al\u00e9m de vir carregado com alguns mitos. Conhe\u00e7a dicas para voc\u00ea identificar seu falsete!","og_url":"https:\/\/www.sabra.org.br\/site\/falsete\/","og_site_name":"SABRA - Sociedade Art\u00edstica Brasileira","article_publisher":"https:\/\/www.facebook.com\/sabrabrasil","article_published_time":"2022-09-28T11:19:50+00:00","og_image":[{"width":800,"height":533,"url":"https:\/\/i0.wp.com\/www.sabra.org.br\/site\/wp-content\/uploads\/2022\/09\/o-que-e-falsete-saiba-aqui-20220707153044.jpg.jpg?fit=800%2C533&ssl=1","type":"image\/jpeg"}],"author":"M\u00e1rcio Miranda Pontes","twitter_card":"summary_large_image","twitter_creator":"@ContatoSabra","twitter_site":"@ContatoSabra","twitter_misc":{"Escrito por":"M\u00e1rcio Miranda Pontes","Est. tempo de leitura":"4 minutos"},"schema":{"@context":"https:\/\/schema.org","@graph":[{"@type":"Article","@id":"https:\/\/www.sabra.org.br\/site\/falsete\/#article","isPartOf":{"@id":"https:\/\/www.sabra.org.br\/site\/falsete\/"},"author":{"name":"M\u00e1rcio Miranda Pontes","@id":"https:\/\/www.sabra.org.br\/site\/#\/schema\/person\/7d1d222c3c8891d4c37c7b41bf6315c2"},"headline":"O que \u00e9 falsete?","datePublished":"2022-09-28T11:19:50+00:00","mainEntityOfPage":{"@id":"https:\/\/www.sabra.org.br\/site\/falsete\/"},"wordCount":699,"publisher":{"@id":"https:\/\/www.sabra.org.br\/site\/#organization"},"image":{"@id":"https:\/\/www.sabra.org.br\/site\/falsete\/#primaryimage"},"thumbnailUrl":"https:\/\/www.sabra.org.br\/site\/wp-content\/uploads\/2022\/09\/o-que-e-falsete-saiba-aqui-20220707153044.jpg.jpg","keywords":["Assist\u00eancia social","Belo Horizonte","Cabo Frio","Campos dos Goytacazes","Canto Coral","Contagem","Escola de Musica SABRA","Ibirit\u00e9","Musicaliza\u00e7\u00e3o Infantil","nova lima","Orquestra Infanto Juvenil de Betim","Orquestra Sinf\u00f4nica de Betim","Raposos","Sociedade Art\u00edstica Brasileira"],"articleSection":["Blog SABRA"],"inLanguage":"pt-BR"},{"@type":"WebPage","@id":"https:\/\/www.sabra.org.br\/site\/falsete\/","url":"https:\/\/www.sabra.org.br\/site\/falsete\/","name":"O que \u00e9 falsete? - SABRA - Sociedade Art\u00edstica Brasileira","isPartOf":{"@id":"https:\/\/www.sabra.org.br\/site\/#website"},"primaryImageOfPage":{"@id":"https:\/\/www.sabra.org.br\/site\/falsete\/#primaryimage"},"image":{"@id":"https:\/\/www.sabra.org.br\/site\/falsete\/#primaryimage"},"thumbnailUrl":"https:\/\/www.sabra.org.br\/site\/wp-content\/uploads\/2022\/09\/o-que-e-falsete-saiba-aqui-20220707153044.jpg.jpg","datePublished":"2022-09-28T11:19:50+00:00","description":"Falsete \u00e9 confundido com outro tipo de voz, al\u00e9m de vir carregado com alguns mitos. Conhe\u00e7a dicas para voc\u00ea identificar seu falsete!","breadcrumb":{"@id":"https:\/\/www.sabra.org.br\/site\/falsete\/#breadcrumb"},"inLanguage":"pt-BR","potentialAction":[{"@type":"ReadAction","target":["https:\/\/www.sabra.org.br\/site\/falsete\/"]}]},{"@type":"ImageObject","inLanguage":"pt-BR","@id":"https:\/\/www.sabra.org.br\/site\/falsete\/#primaryimage","url":"https:\/\/www.sabra.org.br\/site\/wp-content\/uploads\/2022\/09\/o-que-e-falsete-saiba-aqui-20220707153044.jpg.jpg","contentUrl":"https:\/\/www.sabra.org.br\/site\/wp-content\/uploads\/2022\/09\/o-que-e-falsete-saiba-aqui-20220707153044.jpg.jpg","width":800,"height":533,"caption":"Sociedade Art\u00edstica Brasileira SABRA"},{"@type":"BreadcrumbList","@id":"https:\/\/www.sabra.org.br\/site\/falsete\/#breadcrumb","itemListElement":[{"@type":"ListItem","position":1,"name":"In\u00edcio","item":"https:\/\/www.sabra.org.br\/site\/"},{"@type":"ListItem","position":2,"name":"O que \u00e9 falsete?"}]},{"@type":"WebSite","@id":"https:\/\/www.sabra.org.br\/site\/#website","url":"https:\/\/www.sabra.org.br\/site\/","name":"SABRA - Sociedade Art\u00edstica Brasileira","description":"Escola de M\u00fasica, Orquestra Sinf\u00f4nica, Coral e Patrim\u00f4nio Cultural e Hist\u00f3rico","publisher":{"@id":"https:\/\/www.sabra.org.br\/site\/#organization"},"potentialAction":[{"@type":"SearchAction","target":{"@type":"EntryPoint","urlTemplate":"https:\/\/www.sabra.org.br\/site\/?s={search_term_string}"},"query-input":{"@type":"PropertyValueSpecification","valueRequired":true,"valueName":"search_term_string"}}],"inLanguage":"pt-BR"},{"@type":"Organization","@id":"https:\/\/www.sabra.org.br\/site\/#organization","name":"SOCIEDADE ART\u00cdSTICA BRASILEIRA SABRA","alternateName":"SABRA","url":"https:\/\/www.sabra.org.br\/site\/","logo":{"@type":"ImageObject","inLanguage":"pt-BR","@id":"https:\/\/www.sabra.org.br\/site\/#\/schema\/logo\/image\/","url":"https:\/\/www.sabra.org.br\/site\/wp-content\/uploads\/2019\/06\/cropped-Logo_SABRA-Copia-1.webp","contentUrl":"https:\/\/www.sabra.org.br\/site\/wp-content\/uploads\/2019\/06\/cropped-Logo_SABRA-Copia-1.webp","width":400,"height":128,"caption":"SOCIEDADE ART\u00cdSTICA BRASILEIRA SABRA"},"image":{"@id":"https:\/\/www.sabra.org.br\/site\/#\/schema\/logo\/image\/"},"sameAs":["https:\/\/www.facebook.com\/sabrabrasil","https:\/\/x.com\/ContatoSabra","https:\/\/www.instagram.com\/sabrabrasil\/","https:\/\/www.linkedin.com\/company\/25002088\/","https:\/\/br.pinterest.com\/sociedadeartisticabrasileira\/","https:\/\/www.youtube.com\/c\/sabrabrasil"]},{"@type":"Person","@id":"https:\/\/www.sabra.org.br\/site\/#\/schema\/person\/7d1d222c3c8891d4c37c7b41bf6315c2","name":"M\u00e1rcio Miranda Pontes","image":{"@type":"ImageObject","inLanguage":"pt-BR","@id":"https:\/\/secure.gravatar.com\/avatar\/3b45f24496a7625a3a6c436688fbe20344faaeb2979658dc4a9921f984d7df9a?s=96&d=mm&r=g","url":"https:\/\/secure.gravatar.com\/avatar\/3b45f24496a7625a3a6c436688fbe20344faaeb2979658dc4a9921f984d7df9a?s=96&d=mm&r=g","contentUrl":"https:\/\/secure.gravatar.com\/avatar\/3b45f24496a7625a3a6c436688fbe20344faaeb2979658dc4a9921f984d7df9a?s=96&d=mm&r=g","caption":"M\u00e1rcio Miranda Pontes"},"sameAs":["http:\/\/www.sabra.org.br"],"url":"https:\/\/www.sabra.org.br\/site\/author\/marcio-miranda-pontes\/"}]}},"jetpack_featured_media_url":"https:\/\/www.sabra.org.br\/site\/wp-content\/uploads\/2022\/09\/o-que-e-falsete-saiba-aqui-20220707153044.jpg.jpg","jetpack_shortlink":"https:\/\/wp.me\/s95j2Z-falsete","jetpack-related-posts":[{"id":13081,"url":"https:\/\/www.sabra.org.br\/site\/guia-pratico-de-tecnicas-avancadas-de-canto-para-dominar-notas-altas\/","url_meta":{"origin":5965,"position":0},"title":"Guia pr\u00e1tico de t\u00e9cnicas avan\u00e7adas de canto para dominar notas altas","author":"","date":"22 de agosto de 2025","format":false,"excerpt":"Cantar notas altas com precis\u00e3o e controle \u00e9 um dos maiores desafios para qualquer cantor, seja ele iniciante ou profissional. O dom\u00ednio dessas notas exige n\u00e3o apenas talento natural, mas tamb\u00e9m uma t\u00e9cnica refinada e muita pr\u00e1tica. Este guia pr\u00e1tico abordar\u00e1 algumas das t\u00e9cnicas avan\u00e7adas de canto que podem ajudar\u2026","rel":"","context":"Em &quot;Blog SABRA&quot;","block_context":{"text":"Blog SABRA","link":"https:\/\/www.sabra.org.br\/site\/category\/blog-sabra\/"},"img":{"alt_text":"","src":"","width":0,"height":0},"classes":[]},{"id":13462,"url":"https:\/\/www.sabra.org.br\/site\/voz-canto\/","url_meta":{"origin":5965,"position":1},"title":"Voz: descubra qual o seu tipo e como trabalhar da forma correta","author":"M\u00e1rcio Miranda Pontes","date":"19 de maio de 2025","format":false,"excerpt":"Entenda a import\u00e2ncia do timbre e da tessitura para identificar seu tipo de voz e aperfei\u00e7oar sua t\u00e9cnica vocal.","rel":"","context":"Em &quot;Blog SABRA&quot;","block_context":{"text":"Blog SABRA","link":"https:\/\/www.sabra.org.br\/site\/category\/blog-sabra\/"},"img":{"alt_text":"","src":"","width":0,"height":0},"classes":[]},{"id":4958,"url":"https:\/\/www.sabra.org.br\/site\/contratenor\/","url_meta":{"origin":5965,"position":2},"title":"O que \u00e9 contratenor?","author":"M\u00e1rcio Miranda Pontes","date":"7 de abril de 2022","format":false,"excerpt":"Dos v\u00e1rios tipos de voz, o contratenor \u00e9 um dos mais raros. Leia o nosso texto para entender melhor esse timbre de voz masculino capaz de emular as vozes femininas.","rel":"","context":"Em &quot;Blog SABRA&quot;","block_context":{"text":"Blog SABRA","link":"https:\/\/www.sabra.org.br\/site\/category\/blog-sabra\/"},"img":{"alt_text":"contratenor-voz-castrati","src":"https:\/\/i0.wp.com\/www.sabra.org.br\/site\/wp-content\/uploads\/2022\/04\/o-que-e-contratenor-20211111161807.jpg.jpg?resize=350%2C200&ssl=1","width":350,"height":200,"srcset":"https:\/\/i0.wp.com\/www.sabra.org.br\/site\/wp-content\/uploads\/2022\/04\/o-que-e-contratenor-20211111161807.jpg.jpg?resize=350%2C200&ssl=1 1x, https:\/\/i0.wp.com\/www.sabra.org.br\/site\/wp-content\/uploads\/2022\/04\/o-que-e-contratenor-20211111161807.jpg.jpg?resize=525%2C300&ssl=1 1.5x, https:\/\/i0.wp.com\/www.sabra.org.br\/site\/wp-content\/uploads\/2022\/04\/o-que-e-contratenor-20211111161807.jpg.jpg?resize=700%2C400&ssl=1 2x"},"classes":[]},{"id":4985,"url":"https:\/\/www.sabra.org.br\/site\/cantar-dom\/","url_meta":{"origin":5965,"position":3},"title":"Afinal, cantar \u00e9 um dom?","author":"M\u00e1rcio Miranda Pontes","date":"13 de abril de 2022","format":false,"excerpt":"\u00c9 muito comum ouvir que determinados cantores nasceram para cantar ou que t\u00eam o dom de cantar. Mas, afinal, cantar \u00e9 mesmo um dom ou qualquer pessoa pode aprender a cantar?","rel":"","context":"Em &quot;Blog SABRA&quot;","block_context":{"text":"Blog SABRA","link":"https:\/\/www.sabra.org.br\/site\/category\/blog-sabra\/"},"img":{"alt_text":"cantar-pessoa-aprender-voz","src":"https:\/\/i0.wp.com\/www.sabra.org.br\/site\/wp-content\/uploads\/2022\/04\/afinal-cantar-e-um-dom-20211111161807.jpg.jpg?resize=350%2C200&ssl=1","width":350,"height":200,"srcset":"https:\/\/i0.wp.com\/www.sabra.org.br\/site\/wp-content\/uploads\/2022\/04\/afinal-cantar-e-um-dom-20211111161807.jpg.jpg?resize=350%2C200&ssl=1 1x, https:\/\/i0.wp.com\/www.sabra.org.br\/site\/wp-content\/uploads\/2022\/04\/afinal-cantar-e-um-dom-20211111161807.jpg.jpg?resize=525%2C300&ssl=1 1.5x, https:\/\/i0.wp.com\/www.sabra.org.br\/site\/wp-content\/uploads\/2022\/04\/afinal-cantar-e-um-dom-20211111161807.jpg.jpg?resize=700%2C400&ssl=1 2x"},"classes":[]},{"id":13085,"url":"https:\/\/www.sabra.org.br\/site\/guia-rapido-para-descobrir-o-seu-tipo-de-voz\/","url_meta":{"origin":5965,"position":4},"title":"Guia r\u00e1pido para descobrir o seu tipo de voz","author":"","date":"22 de agosto de 2025","format":false,"excerpt":"Descobrir o seu tipo de voz \u00e9 uma etapa essencial para qualquer pessoa que queira desenvolver suas habilidades vocais, seja para canto, locu\u00e7\u00e3o ou simplesmente para melhorar a comunica\u00e7\u00e3o di\u00e1ria. Conhecer seu tipo de voz permite escolher as m\u00fasicas mais adequadas para cantar, ajustar sua t\u00e9cnica vocal e evitar les\u00f5es\u2026","rel":"","context":"Em &quot;Blog SABRA&quot;","block_context":{"text":"Blog SABRA","link":"https:\/\/www.sabra.org.br\/site\/category\/blog-sabra\/"},"img":{"alt_text":"","src":"","width":0,"height":0},"classes":[]},{"id":12990,"url":"https:\/\/www.sabra.org.br\/site\/os-fundamentos-do-canto-como-comecar-do-zero\/","url_meta":{"origin":5965,"position":5},"title":"Os fundamentos do canto: como come\u00e7ar do zero?","author":"","date":"22 de agosto de 2025","format":false,"excerpt":"Cantar \u00e9 uma das formas mais antigas e universais de express\u00e3o humana. Desde cerim\u00f4nias culturais at\u00e9 performances em grandes palcos, o canto conecta emo\u00e7\u00f5es, hist\u00f3rias e pessoas. Para muitos, aprender a cantar pode parecer um talento inato reservado a poucos, mas a verdade \u00e9 que qualquer pessoa pode desenvolver essa\u2026","rel":"","context":"Em &quot;Blog SABRA&quot;","block_context":{"text":"Blog SABRA","link":"https:\/\/www.sabra.org.br\/site\/category\/blog-sabra\/"},"img":{"alt_text":"","src":"","width":0,"height":0},"classes":[]}],"jetpack_likes_enabled":true,"jetpack_sharing_enabled":true,"_links":{"self":[{"href":"https:\/\/www.sabra.org.br\/site\/wp-json\/wp\/v2\/posts\/5965","targetHints":{"allow":["GET"]}}],"collection":[{"href":"https:\/\/www.sabra.org.br\/site\/wp-json\/wp\/v2\/posts"}],"about":[{"href":"https:\/\/www.sabra.org.br\/site\/wp-json\/wp\/v2\/types\/post"}],"author":[{"embeddable":true,"href":"https:\/\/www.sabra.org.br\/site\/wp-json\/wp\/v2\/users\/39"}],"replies":[{"embeddable":true,"href":"https:\/\/www.sabra.org.br\/site\/wp-json\/wp\/v2\/comments?post=5965"}],"version-history":[{"count":0,"href":"https:\/\/www.sabra.org.br\/site\/wp-json\/wp\/v2\/posts\/5965\/revisions"}],"wp:featuredmedia":[{"embeddable":true,"href":"https:\/\/www.sabra.org.br\/site\/wp-json\/wp\/v2\/media\/5967"}],"wp:attachment":[{"href":"https:\/\/www.sabra.org.br\/site\/wp-json\/wp\/v2\/media?parent=5965"}],"wp:term":[{"taxonomy":"category","embeddable":true,"href":"https:\/\/www.sabra.org.br\/site\/wp-json\/wp\/v2\/categories?post=5965"},{"taxonomy":"post_tag","embeddable":true,"href":"https:\/\/www.sabra.org.br\/site\/wp-json\/wp\/v2\/tags?post=5965"}],"curies":[{"name":"wp","href":"https:\/\/api.w.org\/{rel}","templated":true}]}}