{"id":5991,"date":"2022-10-03T09:47:03","date_gmt":"2022-10-03T12:47:03","guid":{"rendered":"https:\/\/www.sabra.org.br\/site\/?p=5991"},"modified":"2022-10-03T09:47:03","modified_gmt":"2022-10-03T12:47:03","slug":"ler-partitura","status":"publish","type":"post","link":"https:\/\/www.sabra.org.br\/site\/ler-partitura\/","title":{"rendered":"Como aprender a ler partitura?"},"content":{"rendered":"<p>[vc_row][vc_column][vc_column_text]A <strong>partitura<\/strong> ainda \u00e9 um tema tabu no Brasil. Os m\u00fasicos profissionais muitas vezes abrem m\u00e3o desse documento, enquanto os iniciantes n\u00e3o fazem ideia de como ler o material para ent\u00e3o traduzi-lo na forma de melodia.<\/p>\n<p>O que essas pessoas n\u00e3o sabem \u00e9 que est\u00e3o <strong>perdendo<\/strong> uma excelente ferramenta de comunica\u00e7\u00e3o para registrar e compartilhar as suas composi\u00e7\u00f5es de maneira profissional e definitiva.<\/p>\n<p>Assim como um novo idioma, ningu\u00e9m se torna especialista em partitura de um dia para o outro. Portanto, criamos um guia curtinho para que voc\u00ea aprenda a ler aos poucos para se tornar um mestre na arte. Confira!<\/p>\n<h2>Entenda o pentagrama<\/h2>\n<p>Quando pegamos uma partitura, vemos que ela tem a apar\u00eancia de um caderno de caligrafia. S\u00e3o nessas 5 linhas, e entre elas, em 4 espa\u00e7os, que escrevemos as notas musicais a serem executadas.<\/p>\n<p>As notas possuem tr\u00eas posi\u00e7\u00f5es poss\u00edveis em rela\u00e7\u00e3o a cada linha. Logo abaixo dela, bem no centro, ou logo acima dela. A primeira nota sempre precisa ser definida. Imagine uma sequ\u00eancia formando uma escadinha subindo.<\/p>\n<p>Se a primeira nota \u00e9 D\u00d3, ent\u00e3o as duas seguintes ser\u00e3o RE e MI. Agora, se a escadinha est\u00e1 descendo, ser\u00e1 D\u00d3, SI e LA.<\/p>\n<p>Vale lembrar que a contagem sempre \u00e9 feita de baixo para cima!<\/p>\n<h2>Onde entra a clave de sol e a clave de f\u00e1?<\/h2>\n<p>Elas servem como indicadores de onde come\u00e7a a melodia. Se voc\u00ea tem uma clave de sol na sua partitura, ela estar\u00e1 representada sempre \u00e0 esquerda, apoiada na primeira linha, ent\u00e3o, a segunda linha sempre, SEMPRE, ser\u00e1 SOL.<\/p>\n<p>A clave de F\u00c1 \u00e9 usada para identificar os instrumentos graves, sempre sendo escrita na quarta linha. Com essas duas refer\u00eancias voc\u00ea j\u00e1 conseguir\u00e1 encontrar as primeiras notas com muito mais facilidade.<\/p>\n<h2>Entenda o tempo da m\u00fasica<\/h2>\n<p>Quando ouvimos uma m\u00fasica \u00e9 autom\u00e1tico identificar a sua batida. Essa batida que se repete do come\u00e7o ao fim, \u00e9 o que chamamos de <strong>tempo<\/strong>.<\/p>\n<p>Nesse contexto entramos com as <strong>figuras de nota<\/strong>, que simbolizam os tempos de cada nota dentro da m\u00fasica.<\/p>\n<p>Por exemplo, um c\u00edrculo fechado \u00e9 chamado de <em>semibreve<\/em>, equivalente a 4 tempos. A m\u00ednima indica dois tempos, a sem\u00ednima, 1 tempo, e assim por diante.<\/p>\n<p>O mesmo vale para as pausas. Afinal, a m\u00fasica tamb\u00e9m \u00e9 feita pelos sil\u00eancios entre as notas, e eles devem ser respeitados para que toda a harmonia final seja atingida.<\/p>\n<p>Infelizmente, tudo isso at\u00e9 agora precisa ser <strong>decorado<\/strong>, afinal, s\u00e3o s\u00edmbolos que representam alguma informa\u00e7\u00e3o importante para o bom andamento da melodia. Com o tempo, tudo isso passar\u00e1 a ser mais autom\u00e1tico.<\/p>\n<h2>Reconhe\u00e7a o compasso<\/h2>\n<p>O compasso \u00e9 uma maneira de dividir a sua partitura com base no n\u00famero de batidas e pausas a cada intervalo de tempo. Isso, geralmente, \u00e9 mais subjetivo, por\u00e9m, existem algumas regras que precisam ser seguidas de acordo com a melodia que se deseja atingir.<\/p>\n<p>Na partitura, um compasso \u00e9 o espa\u00e7o entre duas retas verticais que cruzam as cinco linhas.<\/p>\n<p>Para aprender o compasso, ser\u00e1 necess\u00e1rio treinar com o seu instrumento favorito, ou at\u00e9 mesmo come\u00e7ando uma jornada com um novo.<\/p>\n<blockquote class=\"wp-embedded-content\" data-secret=\"UWe1gzoaXE\"><p><a href=\"https:\/\/www.sabra.org.br\/site\/habito-ler-leitura\/\">H\u00e1bito da leitura<\/a><\/p><\/blockquote>\n<p><iframe class=\"wp-embedded-content\" sandbox=\"allow-scripts\" security=\"restricted\" style=\"position: absolute; clip: rect(1px, 1px, 1px, 1px);\" title=\"&#8220;H\u00e1bito da leitura&#8221; &#8212; SABRA - Sociedade Art\u00edstica Brasileira\" src=\"https:\/\/www.sabra.org.br\/site\/habito-ler-leitura\/embed\/#?secret=QhJbRlQt6j#?secret=UWe1gzoaXE\" data-secret=\"UWe1gzoaXE\" width=\"600\" height=\"338\" frameborder=\"0\" marginwidth=\"0\" marginheight=\"0\" scrolling=\"no\"><\/iframe><\/p>\n<hr \/>\n<h2>Se voc\u00ea gostou deste post:<\/h2>\n<p>&#8211; SIGA as nossas p\u00e1ginas nas redes sociais para acompanhar as nossas atualiza\u00e7\u00f5es: estamos no <a href=\"https:\/\/www.facebook.com\/sabrabrasil\" target=\"_blank\" rel=\"noopener\">Facebook<\/a>, no <a href=\"https:\/\/www.instagram.com\/sabrabrasil\/\" target=\"_blank\" rel=\"noopener\">Instagram<\/a>, no <a href=\"https:\/\/www.linkedin.com\/company\/25002088\" target=\"_blank\" rel=\"noopener\">LinkedIn<\/a>, no <a href=\"https:\/\/twitter.com\/ContatoSabra\" target=\"_blank\" rel=\"noopener\">Twitter<\/a> e no <a href=\"https:\/\/www.youtube.com\/channel\/UCJw-kbuEvzUNdeQf20Pa-eQ\" target=\"_blank\" rel=\"noopener\">YouTube<\/a>!<\/p>\n<p>&#8211; CONHE\u00c7A o trabalho da Sociedade Art\u00edstica Brasileira (SABRA) e todas as iniciativas culturais e sociais que ela mant\u00e9m. <a href=\"https:\/\/www.sabra.org.br\/site\/acoes\/\" target=\"_blank\" rel=\"noopener\">Acesse nosso site!<\/a><\/p>\n<p>&#8211; ENTRE EM CONTATO com a gente. E veja quais s\u00e3o as op\u00e7\u00f5es de ajuda na manuten\u00e7\u00e3o de nossas a\u00e7\u00f5es sociais e culturais. Basta acessar nossa p\u00e1gina <a href=\"https:\/\/www.sabra.org.br\/site\/doe-agora\/\" target=\"_blank\" rel=\"noopener\">Doe Agora!<\/a><\/p>\n<p>&#8211; COMPARTILHE este texto nas suas redes sociais e ajude os seus amigos a tamb\u00e9m dominarem o assunto!<\/p>\n<p>\u2013 Os projetos da @sabrabrasil s\u00e3o realizados com o patroci\u0301nio m\u00e1ster: @vallourec e @institutounimedbh, viabilizado pelo incentivo de mais de 5,2 mil m\u00e9dicos cooperados e colaboradores via Lei de Incentivo \u00e0 Cultura &#8211; @mturismo, @culturagovbr. Apoio: @prefeiturabetim[\/vc_column_text][\/vc_column][\/vc_row]<\/p>\n","protected":false},"excerpt":{"rendered":"<p>A partitura \u00e9 uma ferramenta de comunica\u00e7\u00e3o fundamental para quem deseja se profissionalizar na m\u00fasica ou tocar cada vez com mais rigor e t\u00e9cnica. Com isso, separamos um pequeno guia com os primeiros passos nessa \u00e1rea. Confira!<\/p>\n","protected":false},"author":39,"featured_media":5993,"comment_status":"closed","ping_status":"closed","sticky":false,"template":"","format":"standard","meta":{"jetpack_post_was_ever_published":false,"_jetpack_newsletter_access":"","_jetpack_dont_email_post_to_subs":false,"_jetpack_newsletter_tier_id":0,"_jetpack_memberships_contains_paywalled_content":false,"_jetpack_memberships_contains_paid_content":false,"footnotes":""},"categories":[1],"tags":[15,2757,3626,3623,8,3629,1285,3628,16,3519,1286,11,3622,9],"class_list":["post-5991","post","type-post","status-publish","format-standard","has-post-thumbnail","hentry","category-blog-sabra","tag-assistencia-social","tag-belo-horizonte","tag-cabo-frio","tag-campos-dos-goytacazes","tag-canto-coral","tag-contagem","tag-escola-de-musica-sabra","tag-ibirite","tag-musicalizacao-infantil","tag-nova-lima-2","tag-orquestra-infanto-juvenil-de-betim","tag-orquestra-sinfonica-de-betim","tag-raposos","tag-sociedade-artistica-brasileira"],"yoast_head":"<!-- This site is optimized with the Yoast SEO plugin v27.5 - https:\/\/yoast.com\/product\/yoast-seo-wordpress\/ -->\n<title>Aprender a ler partitura - SABRA - Sociedade Art\u00edstica Brasileira<\/title>\n<meta name=\"description\" content=\"A partitura \u00e9 uma ferramenta de comunica\u00e7\u00e3o fundamental para quem deseja se profissionalizar na m\u00fasica ou tocar com mais rigor e t\u00e9cnica.\" \/>\n<meta name=\"robots\" content=\"index, follow, max-snippet:-1, max-image-preview:large, max-video-preview:-1\" \/>\n<link rel=\"canonical\" href=\"https:\/\/www.sabra.org.br\/site\/ler-partitura\/\" \/>\n<meta property=\"og:locale\" content=\"pt_BR\" \/>\n<meta property=\"og:type\" content=\"article\" \/>\n<meta property=\"og:title\" content=\"Aprender a ler partitura - SABRA - Sociedade Art\u00edstica Brasileira\" \/>\n<meta property=\"og:description\" content=\"A partitura \u00e9 uma ferramenta de comunica\u00e7\u00e3o fundamental para quem deseja se profissionalizar na m\u00fasica ou tocar com mais rigor e t\u00e9cnica.\" \/>\n<meta property=\"og:url\" content=\"https:\/\/www.sabra.org.br\/site\/ler-partitura\/\" \/>\n<meta property=\"og:site_name\" content=\"SABRA - Sociedade Art\u00edstica Brasileira\" \/>\n<meta property=\"article:publisher\" content=\"https:\/\/www.facebook.com\/sabrabrasil\" \/>\n<meta property=\"article:published_time\" content=\"2022-10-03T12:47:03+00:00\" \/>\n<meta property=\"og:image\" content=\"https:\/\/i0.wp.com\/www.sabra.org.br\/site\/wp-content\/uploads\/2022\/10\/como-aprender-a-ler-partitura-20220707153044.jpg.jpg?fit=800%2C533&ssl=1\" \/>\n\t<meta property=\"og:image:width\" content=\"800\" \/>\n\t<meta property=\"og:image:height\" content=\"533\" \/>\n\t<meta property=\"og:image:type\" content=\"image\/jpeg\" \/>\n<meta name=\"author\" content=\"M\u00e1rcio Miranda Pontes\" \/>\n<meta name=\"twitter:card\" content=\"summary_large_image\" \/>\n<meta name=\"twitter:creator\" content=\"@ContatoSabra\" \/>\n<meta name=\"twitter:site\" content=\"@ContatoSabra\" \/>\n<meta name=\"twitter:label1\" content=\"Escrito por\" \/>\n\t<meta name=\"twitter:data1\" content=\"M\u00e1rcio Miranda Pontes\" \/>\n\t<meta name=\"twitter:label2\" content=\"Est. tempo de leitura\" \/>\n\t<meta name=\"twitter:data2\" content=\"4 minutos\" \/>\n<script type=\"application\/ld+json\" class=\"yoast-schema-graph\">{\"@context\":\"https:\\\/\\\/schema.org\",\"@graph\":[{\"@type\":\"Article\",\"@id\":\"https:\\\/\\\/www.sabra.org.br\\\/site\\\/ler-partitura\\\/#article\",\"isPartOf\":{\"@id\":\"https:\\\/\\\/www.sabra.org.br\\\/site\\\/ler-partitura\\\/\"},\"author\":{\"name\":\"M\u00e1rcio Miranda Pontes\",\"@id\":\"https:\\\/\\\/www.sabra.org.br\\\/site\\\/#\\\/schema\\\/person\\\/7d1d222c3c8891d4c37c7b41bf6315c2\"},\"headline\":\"Como aprender a ler partitura?\",\"datePublished\":\"2022-10-03T12:47:03+00:00\",\"mainEntityOfPage\":{\"@id\":\"https:\\\/\\\/www.sabra.org.br\\\/site\\\/ler-partitura\\\/\"},\"wordCount\":710,\"publisher\":{\"@id\":\"https:\\\/\\\/www.sabra.org.br\\\/site\\\/#organization\"},\"image\":{\"@id\":\"https:\\\/\\\/www.sabra.org.br\\\/site\\\/ler-partitura\\\/#primaryimage\"},\"thumbnailUrl\":\"https:\\\/\\\/www.sabra.org.br\\\/site\\\/wp-content\\\/uploads\\\/2022\\\/10\\\/como-aprender-a-ler-partitura-20220707153044.jpg.jpg\",\"keywords\":[\"Assist\u00eancia social\",\"Belo Horizonte\",\"Cabo Frio\",\"Campos dos Goytacazes\",\"Canto Coral\",\"Contagem\",\"Escola de Musica SABRA\",\"Ibirit\u00e9\",\"Musicaliza\u00e7\u00e3o Infantil\",\"nova lima\",\"Orquestra Infanto Juvenil de Betim\",\"Orquestra Sinf\u00f4nica de Betim\",\"Raposos\",\"Sociedade Art\u00edstica Brasileira\"],\"articleSection\":[\"Blog SABRA\"],\"inLanguage\":\"pt-BR\"},{\"@type\":\"WebPage\",\"@id\":\"https:\\\/\\\/www.sabra.org.br\\\/site\\\/ler-partitura\\\/\",\"url\":\"https:\\\/\\\/www.sabra.org.br\\\/site\\\/ler-partitura\\\/\",\"name\":\"Aprender a ler partitura - SABRA - Sociedade Art\u00edstica Brasileira\",\"isPartOf\":{\"@id\":\"https:\\\/\\\/www.sabra.org.br\\\/site\\\/#website\"},\"primaryImageOfPage\":{\"@id\":\"https:\\\/\\\/www.sabra.org.br\\\/site\\\/ler-partitura\\\/#primaryimage\"},\"image\":{\"@id\":\"https:\\\/\\\/www.sabra.org.br\\\/site\\\/ler-partitura\\\/#primaryimage\"},\"thumbnailUrl\":\"https:\\\/\\\/www.sabra.org.br\\\/site\\\/wp-content\\\/uploads\\\/2022\\\/10\\\/como-aprender-a-ler-partitura-20220707153044.jpg.jpg\",\"datePublished\":\"2022-10-03T12:47:03+00:00\",\"description\":\"A partitura \u00e9 uma ferramenta de comunica\u00e7\u00e3o fundamental para quem deseja se profissionalizar na m\u00fasica ou tocar com mais rigor e t\u00e9cnica.\",\"breadcrumb\":{\"@id\":\"https:\\\/\\\/www.sabra.org.br\\\/site\\\/ler-partitura\\\/#breadcrumb\"},\"inLanguage\":\"pt-BR\",\"potentialAction\":[{\"@type\":\"ReadAction\",\"target\":[\"https:\\\/\\\/www.sabra.org.br\\\/site\\\/ler-partitura\\\/\"]}]},{\"@type\":\"ImageObject\",\"inLanguage\":\"pt-BR\",\"@id\":\"https:\\\/\\\/www.sabra.org.br\\\/site\\\/ler-partitura\\\/#primaryimage\",\"url\":\"https:\\\/\\\/www.sabra.org.br\\\/site\\\/wp-content\\\/uploads\\\/2022\\\/10\\\/como-aprender-a-ler-partitura-20220707153044.jpg.jpg\",\"contentUrl\":\"https:\\\/\\\/www.sabra.org.br\\\/site\\\/wp-content\\\/uploads\\\/2022\\\/10\\\/como-aprender-a-ler-partitura-20220707153044.jpg.jpg\",\"width\":800,\"height\":533,\"caption\":\"Sociedade Art\u00edstica Brasileira SABRA\"},{\"@type\":\"BreadcrumbList\",\"@id\":\"https:\\\/\\\/www.sabra.org.br\\\/site\\\/ler-partitura\\\/#breadcrumb\",\"itemListElement\":[{\"@type\":\"ListItem\",\"position\":1,\"name\":\"In\u00edcio\",\"item\":\"https:\\\/\\\/www.sabra.org.br\\\/site\\\/\"},{\"@type\":\"ListItem\",\"position\":2,\"name\":\"Como aprender a ler partitura?\"}]},{\"@type\":\"WebSite\",\"@id\":\"https:\\\/\\\/www.sabra.org.br\\\/site\\\/#website\",\"url\":\"https:\\\/\\\/www.sabra.org.br\\\/site\\\/\",\"name\":\"SABRA - Sociedade Art\u00edstica Brasileira\",\"description\":\"Escola de M\u00fasica, Orquestra Sinf\u00f4nica, Coral e Patrim\u00f4nio Cultural e Hist\u00f3rico\",\"publisher\":{\"@id\":\"https:\\\/\\\/www.sabra.org.br\\\/site\\\/#organization\"},\"potentialAction\":[{\"@type\":\"SearchAction\",\"target\":{\"@type\":\"EntryPoint\",\"urlTemplate\":\"https:\\\/\\\/www.sabra.org.br\\\/site\\\/?s={search_term_string}\"},\"query-input\":{\"@type\":\"PropertyValueSpecification\",\"valueRequired\":true,\"valueName\":\"search_term_string\"}}],\"inLanguage\":\"pt-BR\"},{\"@type\":\"Organization\",\"@id\":\"https:\\\/\\\/www.sabra.org.br\\\/site\\\/#organization\",\"name\":\"SOCIEDADE ART\u00cdSTICA BRASILEIRA SABRA\",\"alternateName\":\"SABRA\",\"url\":\"https:\\\/\\\/www.sabra.org.br\\\/site\\\/\",\"logo\":{\"@type\":\"ImageObject\",\"inLanguage\":\"pt-BR\",\"@id\":\"https:\\\/\\\/www.sabra.org.br\\\/site\\\/#\\\/schema\\\/logo\\\/image\\\/\",\"url\":\"https:\\\/\\\/www.sabra.org.br\\\/site\\\/wp-content\\\/uploads\\\/2019\\\/06\\\/cropped-Logo_SABRA-Copia-1.webp\",\"contentUrl\":\"https:\\\/\\\/www.sabra.org.br\\\/site\\\/wp-content\\\/uploads\\\/2019\\\/06\\\/cropped-Logo_SABRA-Copia-1.webp\",\"width\":400,\"height\":128,\"caption\":\"SOCIEDADE ART\u00cdSTICA BRASILEIRA SABRA\"},\"image\":{\"@id\":\"https:\\\/\\\/www.sabra.org.br\\\/site\\\/#\\\/schema\\\/logo\\\/image\\\/\"},\"sameAs\":[\"https:\\\/\\\/www.facebook.com\\\/sabrabrasil\",\"https:\\\/\\\/x.com\\\/ContatoSabra\",\"https:\\\/\\\/www.instagram.com\\\/sabrabrasil\\\/\",\"https:\\\/\\\/www.linkedin.com\\\/company\\\/25002088\\\/\",\"https:\\\/\\\/br.pinterest.com\\\/sociedadeartisticabrasileira\\\/\",\"https:\\\/\\\/www.youtube.com\\\/c\\\/sabrabrasil\"]},{\"@type\":\"Person\",\"@id\":\"https:\\\/\\\/www.sabra.org.br\\\/site\\\/#\\\/schema\\\/person\\\/7d1d222c3c8891d4c37c7b41bf6315c2\",\"name\":\"M\u00e1rcio Miranda Pontes\",\"image\":{\"@type\":\"ImageObject\",\"inLanguage\":\"pt-BR\",\"@id\":\"https:\\\/\\\/secure.gravatar.com\\\/avatar\\\/3b45f24496a7625a3a6c436688fbe20344faaeb2979658dc4a9921f984d7df9a?s=96&d=mm&r=g\",\"url\":\"https:\\\/\\\/secure.gravatar.com\\\/avatar\\\/3b45f24496a7625a3a6c436688fbe20344faaeb2979658dc4a9921f984d7df9a?s=96&d=mm&r=g\",\"contentUrl\":\"https:\\\/\\\/secure.gravatar.com\\\/avatar\\\/3b45f24496a7625a3a6c436688fbe20344faaeb2979658dc4a9921f984d7df9a?s=96&d=mm&r=g\",\"caption\":\"M\u00e1rcio Miranda Pontes\"},\"sameAs\":[\"http:\\\/\\\/www.sabra.org.br\"],\"url\":\"https:\\\/\\\/www.sabra.org.br\\\/site\\\/author\\\/marcio-miranda-pontes\\\/\"}]}<\/script>\n<!-- \/ Yoast SEO plugin. -->","yoast_head_json":{"title":"Aprender a ler partitura - SABRA - Sociedade Art\u00edstica Brasileira","description":"A partitura \u00e9 uma ferramenta de comunica\u00e7\u00e3o fundamental para quem deseja se profissionalizar na m\u00fasica ou tocar com mais rigor e t\u00e9cnica.","robots":{"index":"index","follow":"follow","max-snippet":"max-snippet:-1","max-image-preview":"max-image-preview:large","max-video-preview":"max-video-preview:-1"},"canonical":"https:\/\/www.sabra.org.br\/site\/ler-partitura\/","og_locale":"pt_BR","og_type":"article","og_title":"Aprender a ler partitura - SABRA - Sociedade Art\u00edstica Brasileira","og_description":"A partitura \u00e9 uma ferramenta de comunica\u00e7\u00e3o fundamental para quem deseja se profissionalizar na m\u00fasica ou tocar com mais rigor e t\u00e9cnica.","og_url":"https:\/\/www.sabra.org.br\/site\/ler-partitura\/","og_site_name":"SABRA - Sociedade Art\u00edstica Brasileira","article_publisher":"https:\/\/www.facebook.com\/sabrabrasil","article_published_time":"2022-10-03T12:47:03+00:00","og_image":[{"width":800,"height":533,"url":"https:\/\/i0.wp.com\/www.sabra.org.br\/site\/wp-content\/uploads\/2022\/10\/como-aprender-a-ler-partitura-20220707153044.jpg.jpg?fit=800%2C533&ssl=1","type":"image\/jpeg"}],"author":"M\u00e1rcio Miranda Pontes","twitter_card":"summary_large_image","twitter_creator":"@ContatoSabra","twitter_site":"@ContatoSabra","twitter_misc":{"Escrito por":"M\u00e1rcio Miranda Pontes","Est. tempo de leitura":"4 minutos"},"schema":{"@context":"https:\/\/schema.org","@graph":[{"@type":"Article","@id":"https:\/\/www.sabra.org.br\/site\/ler-partitura\/#article","isPartOf":{"@id":"https:\/\/www.sabra.org.br\/site\/ler-partitura\/"},"author":{"name":"M\u00e1rcio Miranda Pontes","@id":"https:\/\/www.sabra.org.br\/site\/#\/schema\/person\/7d1d222c3c8891d4c37c7b41bf6315c2"},"headline":"Como aprender a ler partitura?","datePublished":"2022-10-03T12:47:03+00:00","mainEntityOfPage":{"@id":"https:\/\/www.sabra.org.br\/site\/ler-partitura\/"},"wordCount":710,"publisher":{"@id":"https:\/\/www.sabra.org.br\/site\/#organization"},"image":{"@id":"https:\/\/www.sabra.org.br\/site\/ler-partitura\/#primaryimage"},"thumbnailUrl":"https:\/\/www.sabra.org.br\/site\/wp-content\/uploads\/2022\/10\/como-aprender-a-ler-partitura-20220707153044.jpg.jpg","keywords":["Assist\u00eancia social","Belo Horizonte","Cabo Frio","Campos dos Goytacazes","Canto Coral","Contagem","Escola de Musica SABRA","Ibirit\u00e9","Musicaliza\u00e7\u00e3o Infantil","nova lima","Orquestra Infanto Juvenil de Betim","Orquestra Sinf\u00f4nica de Betim","Raposos","Sociedade Art\u00edstica Brasileira"],"articleSection":["Blog SABRA"],"inLanguage":"pt-BR"},{"@type":"WebPage","@id":"https:\/\/www.sabra.org.br\/site\/ler-partitura\/","url":"https:\/\/www.sabra.org.br\/site\/ler-partitura\/","name":"Aprender a ler partitura - SABRA - Sociedade Art\u00edstica Brasileira","isPartOf":{"@id":"https:\/\/www.sabra.org.br\/site\/#website"},"primaryImageOfPage":{"@id":"https:\/\/www.sabra.org.br\/site\/ler-partitura\/#primaryimage"},"image":{"@id":"https:\/\/www.sabra.org.br\/site\/ler-partitura\/#primaryimage"},"thumbnailUrl":"https:\/\/www.sabra.org.br\/site\/wp-content\/uploads\/2022\/10\/como-aprender-a-ler-partitura-20220707153044.jpg.jpg","datePublished":"2022-10-03T12:47:03+00:00","description":"A partitura \u00e9 uma ferramenta de comunica\u00e7\u00e3o fundamental para quem deseja se profissionalizar na m\u00fasica ou tocar com mais rigor e t\u00e9cnica.","breadcrumb":{"@id":"https:\/\/www.sabra.org.br\/site\/ler-partitura\/#breadcrumb"},"inLanguage":"pt-BR","potentialAction":[{"@type":"ReadAction","target":["https:\/\/www.sabra.org.br\/site\/ler-partitura\/"]}]},{"@type":"ImageObject","inLanguage":"pt-BR","@id":"https:\/\/www.sabra.org.br\/site\/ler-partitura\/#primaryimage","url":"https:\/\/www.sabra.org.br\/site\/wp-content\/uploads\/2022\/10\/como-aprender-a-ler-partitura-20220707153044.jpg.jpg","contentUrl":"https:\/\/www.sabra.org.br\/site\/wp-content\/uploads\/2022\/10\/como-aprender-a-ler-partitura-20220707153044.jpg.jpg","width":800,"height":533,"caption":"Sociedade Art\u00edstica Brasileira SABRA"},{"@type":"BreadcrumbList","@id":"https:\/\/www.sabra.org.br\/site\/ler-partitura\/#breadcrumb","itemListElement":[{"@type":"ListItem","position":1,"name":"In\u00edcio","item":"https:\/\/www.sabra.org.br\/site\/"},{"@type":"ListItem","position":2,"name":"Como aprender a ler partitura?"}]},{"@type":"WebSite","@id":"https:\/\/www.sabra.org.br\/site\/#website","url":"https:\/\/www.sabra.org.br\/site\/","name":"SABRA - Sociedade Art\u00edstica Brasileira","description":"Escola de M\u00fasica, Orquestra Sinf\u00f4nica, Coral e Patrim\u00f4nio Cultural e Hist\u00f3rico","publisher":{"@id":"https:\/\/www.sabra.org.br\/site\/#organization"},"potentialAction":[{"@type":"SearchAction","target":{"@type":"EntryPoint","urlTemplate":"https:\/\/www.sabra.org.br\/site\/?s={search_term_string}"},"query-input":{"@type":"PropertyValueSpecification","valueRequired":true,"valueName":"search_term_string"}}],"inLanguage":"pt-BR"},{"@type":"Organization","@id":"https:\/\/www.sabra.org.br\/site\/#organization","name":"SOCIEDADE ART\u00cdSTICA BRASILEIRA SABRA","alternateName":"SABRA","url":"https:\/\/www.sabra.org.br\/site\/","logo":{"@type":"ImageObject","inLanguage":"pt-BR","@id":"https:\/\/www.sabra.org.br\/site\/#\/schema\/logo\/image\/","url":"https:\/\/www.sabra.org.br\/site\/wp-content\/uploads\/2019\/06\/cropped-Logo_SABRA-Copia-1.webp","contentUrl":"https:\/\/www.sabra.org.br\/site\/wp-content\/uploads\/2019\/06\/cropped-Logo_SABRA-Copia-1.webp","width":400,"height":128,"caption":"SOCIEDADE ART\u00cdSTICA BRASILEIRA SABRA"},"image":{"@id":"https:\/\/www.sabra.org.br\/site\/#\/schema\/logo\/image\/"},"sameAs":["https:\/\/www.facebook.com\/sabrabrasil","https:\/\/x.com\/ContatoSabra","https:\/\/www.instagram.com\/sabrabrasil\/","https:\/\/www.linkedin.com\/company\/25002088\/","https:\/\/br.pinterest.com\/sociedadeartisticabrasileira\/","https:\/\/www.youtube.com\/c\/sabrabrasil"]},{"@type":"Person","@id":"https:\/\/www.sabra.org.br\/site\/#\/schema\/person\/7d1d222c3c8891d4c37c7b41bf6315c2","name":"M\u00e1rcio Miranda Pontes","image":{"@type":"ImageObject","inLanguage":"pt-BR","@id":"https:\/\/secure.gravatar.com\/avatar\/3b45f24496a7625a3a6c436688fbe20344faaeb2979658dc4a9921f984d7df9a?s=96&d=mm&r=g","url":"https:\/\/secure.gravatar.com\/avatar\/3b45f24496a7625a3a6c436688fbe20344faaeb2979658dc4a9921f984d7df9a?s=96&d=mm&r=g","contentUrl":"https:\/\/secure.gravatar.com\/avatar\/3b45f24496a7625a3a6c436688fbe20344faaeb2979658dc4a9921f984d7df9a?s=96&d=mm&r=g","caption":"M\u00e1rcio Miranda Pontes"},"sameAs":["http:\/\/www.sabra.org.br"],"url":"https:\/\/www.sabra.org.br\/site\/author\/marcio-miranda-pontes\/"}]}},"jetpack_featured_media_url":"https:\/\/www.sabra.org.br\/site\/wp-content\/uploads\/2022\/10\/como-aprender-a-ler-partitura-20220707153044.jpg.jpg","jetpack_shortlink":"https:\/\/wp.me\/p95j2Z-1yD","jetpack-related-posts":[{"id":730,"url":"https:\/\/www.sabra.org.br\/site\/aprenda-a-ler-partitura-mais-rapido\/","url_meta":{"origin":5991,"position":0},"title":"LER PARTITURA","author":"M\u00e1rcio Miranda Pontes","date":"13 de outubro de 2017","format":false,"excerpt":"ler mais r\u00e1pido ler partituras linguagem musical redes sociais ler","rel":"","context":"Em &quot;Blog SABRA&quot;","block_context":{"text":"Blog SABRA","link":"https:\/\/www.sabra.org.br\/site\/category\/blog-sabra\/"},"img":{"alt_text":"ler partitura linguarem musical","src":"https:\/\/i0.wp.com\/www.sabra.org.br\/site\/wp-content\/uploads\/2017\/10\/aprenda-a-ler-partituras-mais-rapido-20170920155615-1.jpg-1.jpg?resize=350%2C200&ssl=1","width":350,"height":200,"srcset":"https:\/\/i0.wp.com\/www.sabra.org.br\/site\/wp-content\/uploads\/2017\/10\/aprenda-a-ler-partituras-mais-rapido-20170920155615-1.jpg-1.jpg?resize=350%2C200&ssl=1 1x, https:\/\/i0.wp.com\/www.sabra.org.br\/site\/wp-content\/uploads\/2017\/10\/aprenda-a-ler-partituras-mais-rapido-20170920155615-1.jpg-1.jpg?resize=525%2C300&ssl=1 1.5x, https:\/\/i0.wp.com\/www.sabra.org.br\/site\/wp-content\/uploads\/2017\/10\/aprenda-a-ler-partituras-mais-rapido-20170920155615-1.jpg-1.jpg?resize=700%2C400&ssl=1 2x"},"classes":[]},{"id":3203,"url":"https:\/\/www.sabra.org.br\/site\/partitura-musical\/","url_meta":{"origin":5991,"position":1},"title":"Partitura musical","author":"M\u00e1rcio Miranda Pontes","date":"29 de outubro de 2020","format":false,"excerpt":"Voc\u00ea sabe o que \u00e9 uma partitura? No post de hoje n\u00f3s falaremos sobre esse sistema de escrita musical universal e mostraremos como s\u00e3o feitas as partituras de uma m\u00fasica. Confira!","rel":"","context":"Em &quot;Blog SABRA&quot;","block_context":{"text":"Blog SABRA","link":"https:\/\/www.sabra.org.br\/site\/category\/blog-sabra\/"},"img":{"alt_text":"partitura-musical","src":"https:\/\/i0.wp.com\/www.sabra.org.br\/site\/wp-content\/uploads\/2020\/10\/entenda-como-sao-feitas-as-partituras-de-uma-musica-20201001161911.jpg.jpg?resize=350%2C200&ssl=1","width":350,"height":200,"srcset":"https:\/\/i0.wp.com\/www.sabra.org.br\/site\/wp-content\/uploads\/2020\/10\/entenda-como-sao-feitas-as-partituras-de-uma-musica-20201001161911.jpg.jpg?resize=350%2C200&ssl=1 1x, https:\/\/i0.wp.com\/www.sabra.org.br\/site\/wp-content\/uploads\/2020\/10\/entenda-como-sao-feitas-as-partituras-de-uma-musica-20201001161911.jpg.jpg?resize=525%2C300&ssl=1 1.5x, https:\/\/i0.wp.com\/www.sabra.org.br\/site\/wp-content\/uploads\/2020\/10\/entenda-como-sao-feitas-as-partituras-de-uma-musica-20201001161911.jpg.jpg?resize=700%2C400&ssl=1 2x"},"classes":[]},{"id":2831,"url":"https:\/\/www.sabra.org.br\/site\/percepcao-musical\/","url_meta":{"origin":5991,"position":2},"title":"Percep\u00e7\u00e3o musical","author":"M\u00e1rcio Miranda Pontes","date":"16 de abril de 2020","format":false,"excerpt":"Entre as v\u00e1rias habilidades que s\u00e3o \u00fateis para um m\u00fasico, est\u00e1 a percep\u00e7\u00e3o musical. \u00c9 essa habilidade que permite que o m\u00fasico \"tire de ouvido\" melodias e composi\u00e7\u00f5es, ou consiga improvisar em cima de can\u00e7\u00f5es existentes.","rel":"","context":"Em &quot;Blog SABRA&quot;","block_context":{"text":"Blog SABRA","link":"https:\/\/www.sabra.org.br\/site\/category\/blog-sabra\/"},"img":{"alt_text":"percepcao-musical","src":"https:\/\/i0.wp.com\/www.sabra.org.br\/site\/wp-content\/uploads\/2020\/04\/percepcao-musical-a-importancia-desse-estudo-para-a-vida-dos-musicos-20191202180617.jpg.jpg?resize=350%2C200&ssl=1","width":350,"height":200,"srcset":"https:\/\/i0.wp.com\/www.sabra.org.br\/site\/wp-content\/uploads\/2020\/04\/percepcao-musical-a-importancia-desse-estudo-para-a-vida-dos-musicos-20191202180617.jpg.jpg?resize=350%2C200&ssl=1 1x, https:\/\/i0.wp.com\/www.sabra.org.br\/site\/wp-content\/uploads\/2020\/04\/percepcao-musical-a-importancia-desse-estudo-para-a-vida-dos-musicos-20191202180617.jpg.jpg?resize=525%2C300&ssl=1 1.5x, https:\/\/i0.wp.com\/www.sabra.org.br\/site\/wp-content\/uploads\/2020\/04\/percepcao-musical-a-importancia-desse-estudo-para-a-vida-dos-musicos-20191202180617.jpg.jpg?resize=700%2C400&ssl=1 2x"},"classes":[]},{"id":2646,"url":"https:\/\/www.sabra.org.br\/site\/habito-ler-leitura\/","url_meta":{"origin":5991,"position":3},"title":"H\u00e1bito da leitura","author":"M\u00e1rcio Miranda Pontes","date":"30 de mar\u00e7o de 2020","format":false,"excerpt":"Quer aprender a gostar de ler? Ent\u00e3o, o mais importante \u00e9 tornar esse processo mais f\u00e1cil e gostoso. Portanto, confira esta lista com 5 livros perfeitos para quem quer criar o h\u00e1bito da leitura!","rel":"","context":"Em &quot;Blog SABRA&quot;","block_context":{"text":"Blog SABRA","link":"https:\/\/www.sabra.org.br\/site\/category\/blog-sabra\/"},"img":{"alt_text":"habito-ler-leitura","src":"https:\/\/i0.wp.com\/www.sabra.org.br\/site\/wp-content\/uploads\/2020\/03\/x-livros-para-quem-nao-tem-habito-de-ler-comecar-20200110125630.jpg.jpg?resize=350%2C200&ssl=1","width":350,"height":200,"srcset":"https:\/\/i0.wp.com\/www.sabra.org.br\/site\/wp-content\/uploads\/2020\/03\/x-livros-para-quem-nao-tem-habito-de-ler-comecar-20200110125630.jpg.jpg?resize=350%2C200&ssl=1 1x, https:\/\/i0.wp.com\/www.sabra.org.br\/site\/wp-content\/uploads\/2020\/03\/x-livros-para-quem-nao-tem-habito-de-ler-comecar-20200110125630.jpg.jpg?resize=525%2C300&ssl=1 1.5x, https:\/\/i0.wp.com\/www.sabra.org.br\/site\/wp-content\/uploads\/2020\/03\/x-livros-para-quem-nao-tem-habito-de-ler-comecar-20200110125630.jpg.jpg?resize=700%2C400&ssl=1 2x"},"classes":[]},{"id":5930,"url":"https:\/\/www.sabra.org.br\/site\/teoria-pratica\/","url_meta":{"origin":5991,"position":4},"title":"Devo aprender primeiro a pr\u00e1tica ou a teoria musical?","author":"M\u00e1rcio Miranda Pontes","date":"22 de setembro de 2022","format":false,"excerpt":"Voc\u00ea sabe o que deve fazer primeiro, pr\u00e1tica ou teoria musical? Essa d\u00favida \u00e9 muito comum e devemos considerar o caminho certo para evitar algumas dificuldades. Leia e saiba quais s\u00e3o!","rel":"","context":"Em &quot;Blog SABRA&quot;","block_context":{"text":"Blog SABRA","link":"https:\/\/www.sabra.org.br\/site\/category\/blog-sabra\/"},"img":{"alt_text":"teoria-m\u00fasica-pr\u00e1tica-aprend-ajudar-musical-sabe","src":"https:\/\/i0.wp.com\/www.sabra.org.br\/site\/wp-content\/uploads\/2022\/09\/devo-aprender-primeiro-a-pratica-ou-a-teoria-musical-20220707153044.jpg.jpg?resize=350%2C200&ssl=1","width":350,"height":200,"srcset":"https:\/\/i0.wp.com\/www.sabra.org.br\/site\/wp-content\/uploads\/2022\/09\/devo-aprender-primeiro-a-pratica-ou-a-teoria-musical-20220707153044.jpg.jpg?resize=350%2C200&ssl=1 1x, https:\/\/i0.wp.com\/www.sabra.org.br\/site\/wp-content\/uploads\/2022\/09\/devo-aprender-primeiro-a-pratica-ou-a-teoria-musical-20220707153044.jpg.jpg?resize=525%2C300&ssl=1 1.5x, https:\/\/i0.wp.com\/www.sabra.org.br\/site\/wp-content\/uploads\/2022\/09\/devo-aprender-primeiro-a-pratica-ou-a-teoria-musical-20220707153044.jpg.jpg?resize=700%2C400&ssl=1 2x"},"classes":[]},{"id":711,"url":"https:\/\/www.sabra.org.br\/site\/5-motivos-para-estudar-teoria-musical\/","url_meta":{"origin":5991,"position":5},"title":"5 motivos para estudar Teoria Musical","author":"M\u00e1rcio Miranda Pontes","date":"9 de outubro de 2017","format":false,"excerpt":"Descubra como se tornar um bom m\u00fasico exige disciplina, dedica\u00e7\u00e3o e pr\u00e1tica. Aprenda sobre o caminho para o sucesso musical.","rel":"","context":"Em &quot;Blog SABRA&quot;","block_context":{"text":"Blog SABRA","link":"https:\/\/www.sabra.org.br\/site\/category\/blog-sabra\/"},"img":{"alt_text":"m\u00fasico-teoria-musical-instrumento-estudar","src":"https:\/\/i0.wp.com\/www.sabra.org.br\/site\/wp-content\/uploads\/2017\/10\/5-motivos-para-estudar-teoria-musical-20170920155615.jpg.png?resize=350%2C200&ssl=1","width":350,"height":200,"srcset":"https:\/\/i0.wp.com\/www.sabra.org.br\/site\/wp-content\/uploads\/2017\/10\/5-motivos-para-estudar-teoria-musical-20170920155615.jpg.png?resize=350%2C200&ssl=1 1x, https:\/\/i0.wp.com\/www.sabra.org.br\/site\/wp-content\/uploads\/2017\/10\/5-motivos-para-estudar-teoria-musical-20170920155615.jpg.png?resize=525%2C300&ssl=1 1.5x"},"classes":[]}],"jetpack_likes_enabled":true,"jetpack_sharing_enabled":true,"_links":{"self":[{"href":"https:\/\/www.sabra.org.br\/site\/wp-json\/wp\/v2\/posts\/5991","targetHints":{"allow":["GET"]}}],"collection":[{"href":"https:\/\/www.sabra.org.br\/site\/wp-json\/wp\/v2\/posts"}],"about":[{"href":"https:\/\/www.sabra.org.br\/site\/wp-json\/wp\/v2\/types\/post"}],"author":[{"embeddable":true,"href":"https:\/\/www.sabra.org.br\/site\/wp-json\/wp\/v2\/users\/39"}],"replies":[{"embeddable":true,"href":"https:\/\/www.sabra.org.br\/site\/wp-json\/wp\/v2\/comments?post=5991"}],"version-history":[{"count":0,"href":"https:\/\/www.sabra.org.br\/site\/wp-json\/wp\/v2\/posts\/5991\/revisions"}],"wp:featuredmedia":[{"embeddable":true,"href":"https:\/\/www.sabra.org.br\/site\/wp-json\/wp\/v2\/media\/5993"}],"wp:attachment":[{"href":"https:\/\/www.sabra.org.br\/site\/wp-json\/wp\/v2\/media?parent=5991"}],"wp:term":[{"taxonomy":"category","embeddable":true,"href":"https:\/\/www.sabra.org.br\/site\/wp-json\/wp\/v2\/categories?post=5991"},{"taxonomy":"post_tag","embeddable":true,"href":"https:\/\/www.sabra.org.br\/site\/wp-json\/wp\/v2\/tags?post=5991"}],"curies":[{"name":"wp","href":"https:\/\/api.w.org\/{rel}","templated":true}]}}