{"id":6144,"date":"2022-10-27T08:44:09","date_gmt":"2022-10-27T11:44:09","guid":{"rendered":"https:\/\/www.sabra.org.br\/site\/?p=6144"},"modified":"2022-10-27T08:44:09","modified_gmt":"2022-10-27T11:44:09","slug":"musicas-mais-conhecidas","status":"publish","type":"post","link":"https:\/\/www.sabra.org.br\/site\/musicas-mais-conhecidas\/","title":{"rendered":"M\u00fasicas mais populares de todos os tempos"},"content":{"rendered":"<p>[vc_row][vc_column][vc_column_text]Todo mundo deve concordar que sempre tem aquela m\u00fasica que todos conhecem e sabem cantar a letra de cor e salteado, n\u00e3o \u00e9 mesmo? Estamos falando das m\u00fasicas populares que, por alguma raz\u00e3o, est\u00e3o na boca de muitas pessoas.<\/p>\n<p>Quer conhecer algumas delas? N\u00f3s listamos para voc\u00eas as m\u00fasicas brasileiras que, caso ainda n\u00e3o saiba, voc\u00ea precisa conhecer.<\/p>\n<p>Confira!<\/p>\n<h2>\u00c1guas de mar\u00e7o<\/h2>\n<p>De autoria de Ant\u00f4nio Carlos Brasileiro de Almeida Jobim, mais conhecido como Tom Jobim, esta m\u00fasica foi composta em 1972, mas at\u00e9 hoje em dia, ainda faz parte do repert\u00f3rio de muita gente que a escuta no dia a dia ou em momentos especiais, principalmente a vers\u00e3o mais hist\u00f3rica, que foi gravada em 1974 em um dueto com Elis Regina.<\/p>\n<h2>Asa Branca<\/h2>\n<p>Luiz Gonzaga e Humberto Teixeira realmente capricharam nesta can\u00e7\u00e3o de 1974, que se refere ao sert\u00e3o do Brasil e as dificuldades de se viver naquela regi\u00e3o, fazendo com que muitos brasileiros se identificassem com a m\u00fasica.<\/p>\n<h2>Eu sei que vou te amar<\/h2>\n<p>Foi considerada uma das m\u00fasicas brasileiras que teve um grande alcance entre a popula\u00e7\u00e3o. De autoria de Tom Jobim e Vin\u00edcius de Moraes, ela composta em 1958, sendo gravada posteriormente por Maysa Matarazzo, fazendo um grande sucesso.<\/p>\n<h2>Roda Viva<\/h2>\n<p>Trata-se de uma m\u00fasica que ganhou o terceiro lugar no 3\u00ba Festival de M\u00fasica Popular Brasileira, o que j\u00e1 deixa claro a sua popularidade. Chico Buarque de Hollanda colocou em som toda a realidade e as emo\u00e7\u00f5es dos brasileiros numa \u00e9poca hist\u00f3rica.<\/p>\n<h2>O B\u00eabado e a Equilibrista<\/h2>\n<p>De autoria de Jo\u00e3o Bosco e Aldir Blanc, esta m\u00fasica faz refer\u00eancia ao hist\u00f3rico momento da ditadura militar no Brasil e diz respeito aos presos pol\u00edticos absolvidos. Ela foi feita ainda num momento anterior \u00e0 Lei da Anistia de 1979. Sua vers\u00e3o mais conhecida \u00e9 a que foi gravada pela inesquec\u00edvel voz de Elis Regina.<\/p>\n<h2>Mas que Nada<\/h2>\n<p>Composta no ano de 1963, \u00e9 uma das m\u00fasicas brasileiras bastante conhecidas no exterior, em especial na Am\u00e9rica do Norte. Esta can\u00e7\u00e3o \u00e9 um dos primeiros sucessos do cantor Jorge Bem Jor, que se tornou popular nos Estados Unidos, principalmente, ap\u00f3s a composi\u00e7\u00e3o e arranjo do pianista e maestro S\u00e9rio Mendes.<\/p>\n<h2>M\u00fasica \u00e9 arte, \u00e9 vida<\/h2>\n<p>M\u00fasica faz bem para o corpo e alma e traz outros in\u00fameros benef\u00edcios para a nossa vida como um todo. E por que n\u00e3o utilizar suas principais caracter\u00edsticas para fazer o bem para a sociedade?<\/p>\n<p>Saiba que com projetos espec\u00edficos para inclus\u00e3o e integra\u00e7\u00e3o de crian\u00e7as e adolescentes carentes e seus familiares, a <a href=\"\/\/www.sabra.org.br\/\u201d\"> Sociedade Art\u00edstica Brasileira <\/a> atende as comunidades carentes em Belo Horizonte e Betim.<\/p>\n<p>Est\u00e3o em funcionamento a Orquestra Sinf\u00f4nica de Betim, a Oficina Musical de Betim, o Coro e Orquestra de C\u00e2mara Lobo de Mesquita e Corais Adultos e Infantis, entre muitas outras atividades, que contribuem de modo muito efetivo para a melhoria de qualidade de vida, bem-estar e as mais diferentes oportunidades poss\u00edveis, que se estendem para a vida das pessoas como um todo.<\/p>\n<p>Visite nosso site conhe\u00e7a nossos trabalhos e entre em contato.<\/p>\n<blockquote class=\"wp-embedded-content\" data-secret=\"o7GGzBrEEP\"><p><a href=\"https:\/\/www.sabra.org.br\/site\/cultura-erudita-x-popular-x-de-massa\/\">Cultura erudita x cultura popular x cultura de massa<\/a><\/p><\/blockquote>\n<p><iframe class=\"wp-embedded-content\" sandbox=\"allow-scripts\" security=\"restricted\" style=\"position: absolute; clip: rect(1px, 1px, 1px, 1px);\" title=\"&#8220;Cultura erudita x cultura popular x cultura de massa&#8221; &#8212; SABRA - Sociedade Art\u00edstica Brasileira\" src=\"https:\/\/www.sabra.org.br\/site\/cultura-erudita-x-popular-x-de-massa\/embed\/#?secret=5fKvsDFIGi#?secret=o7GGzBrEEP\" data-secret=\"o7GGzBrEEP\" width=\"600\" height=\"338\" frameborder=\"0\" marginwidth=\"0\" marginheight=\"0\" scrolling=\"no\"><\/iframe><\/p>\n<hr \/>\n<h2>Se voc\u00ea gostou deste post:<\/h2>\n<p>&#8211; SIGA as nossas p\u00e1ginas nas redes sociais para acompanhar as nossas atualiza\u00e7\u00f5es: estamos no <a href=\"https:\/\/www.facebook.com\/sabrabrasil\" target=\"_blank\" rel=\"noopener\">Facebook<\/a>, no <a href=\"https:\/\/www.instagram.com\/sabrabrasil\/\" target=\"_blank\" rel=\"noopener\">Instagram<\/a>, no <a href=\"https:\/\/www.linkedin.com\/company\/25002088\" target=\"_blank\" rel=\"noopener\">LinkedIn<\/a>, no <a href=\"https:\/\/twitter.com\/ContatoSabra\" target=\"_blank\" rel=\"noopener\">Twitter<\/a> e no <a href=\"https:\/\/www.youtube.com\/channel\/UCJw-kbuEvzUNdeQf20Pa-eQ\" target=\"_blank\" rel=\"noopener\">YouTube<\/a>!<\/p>\n<p>&#8211; CONHE\u00c7A o trabalho da Sociedade Art\u00edstica Brasileira (SABRA) e todas as iniciativas culturais e sociais que ela mant\u00e9m. <a href=\"https:\/\/www.sabra.org.br\/site\/acoes\/\" target=\"_blank\" rel=\"noopener\">Acesse nosso site!<\/a><\/p>\n<p>&#8211; ENTRE EM CONTATO com a gente. E veja quais s\u00e3o as op\u00e7\u00f5es de ajuda na manuten\u00e7\u00e3o de nossas a\u00e7\u00f5es sociais e culturais. Basta acessar nossa p\u00e1gina <a href=\"https:\/\/www.sabra.org.br\/site\/doe-agora\/\" target=\"_blank\" rel=\"noopener\">Doe Agora!<\/a><\/p>\n<p>&#8211; COMPARTILHE este texto nas suas redes sociais e ajude os seus amigos a tamb\u00e9m dominarem o assunto!<\/p>\n<p>\u2013 Os projetos da @sabrabrasil s\u00e3o realizados com o patroci\u0301nio m\u00e1ster: @vallourec e @institutounimedbh, viabilizado pelo incentivo de mais de 5,2 mil m\u00e9dicos cooperados e colaboradores via Lei de Incentivo \u00e0 Cultura &#8211; @mturismo, @culturagovbr. Apoio: @prefeiturabetim<br \/>\n[\/vc_column_text][\/vc_column][\/vc_row]<\/p>\n","protected":false},"excerpt":{"rendered":"<p>Seja por fatores culturais, acontecimentos hist\u00f3ricos ou outras quest\u00f5es, algumas m\u00fasicas se tornam conhecidas e acabam por perdurarem por anos na vida das pessoas. Separamos para voc\u00ea, leitor, algumas m\u00fasicas brasileiras mais populares:<\/p>\n","protected":false},"author":39,"featured_media":6146,"comment_status":"closed","ping_status":"closed","sticky":false,"template":"","format":"standard","meta":{"jetpack_post_was_ever_published":false,"_jetpack_newsletter_access":"","_jetpack_dont_email_post_to_subs":false,"_jetpack_newsletter_tier_id":0,"_jetpack_memberships_contains_paywalled_content":false,"_jetpack_memberships_contains_paid_content":false,"footnotes":""},"categories":[1],"tags":[15,2757,3626,3623,8,3629,1285,3628,16,3519,1286,11,3622,9],"class_list":["post-6144","post","type-post","status-publish","format-standard","has-post-thumbnail","hentry","category-blog-sabra","tag-assistencia-social","tag-belo-horizonte","tag-cabo-frio","tag-campos-dos-goytacazes","tag-canto-coral","tag-contagem","tag-escola-de-musica-sabra","tag-ibirite","tag-musicalizacao-infantil","tag-nova-lima-2","tag-orquestra-infanto-juvenil-de-betim","tag-orquestra-sinfonica-de-betim","tag-raposos","tag-sociedade-artistica-brasileira"],"yoast_head":"<!-- This site is optimized with the Yoast SEO plugin v27.5 - https:\/\/yoast.com\/product\/yoast-seo-wordpress\/ -->\n<title>M\u00fasicas mais conhecidas - SABRA - Sociedade Art\u00edstica Brasileira<\/title>\n<meta name=\"description\" content=\"Seja por fatores culturais, acontecimentos hist\u00f3ricos ou outras quest\u00f5es, algumas m\u00fasicas se tornam conhecidas.\" \/>\n<meta name=\"robots\" content=\"index, follow, max-snippet:-1, max-image-preview:large, max-video-preview:-1\" \/>\n<link rel=\"canonical\" href=\"https:\/\/www.sabra.org.br\/site\/musicas-mais-conhecidas\/\" \/>\n<meta property=\"og:locale\" content=\"pt_BR\" \/>\n<meta property=\"og:type\" content=\"article\" \/>\n<meta property=\"og:title\" content=\"M\u00fasicas mais conhecidas - SABRA - Sociedade Art\u00edstica Brasileira\" \/>\n<meta property=\"og:description\" content=\"Seja por fatores culturais, acontecimentos hist\u00f3ricos ou outras quest\u00f5es, algumas m\u00fasicas se tornam conhecidas.\" \/>\n<meta property=\"og:url\" content=\"https:\/\/www.sabra.org.br\/site\/musicas-mais-conhecidas\/\" \/>\n<meta property=\"og:site_name\" content=\"SABRA - Sociedade Art\u00edstica Brasileira\" \/>\n<meta property=\"article:publisher\" content=\"https:\/\/www.facebook.com\/sabrabrasil\" \/>\n<meta property=\"article:published_time\" content=\"2022-10-27T11:44:09+00:00\" \/>\n<meta property=\"og:image\" content=\"https:\/\/i0.wp.com\/www.sabra.org.br\/site\/wp-content\/uploads\/2022\/10\/x-musicas-mais-populares-de-todos-os-temposjpg-20220908094423.jpg.jpg?fit=800%2C480&ssl=1\" \/>\n\t<meta property=\"og:image:width\" content=\"800\" \/>\n\t<meta property=\"og:image:height\" content=\"480\" \/>\n\t<meta property=\"og:image:type\" content=\"image\/jpeg\" \/>\n<meta name=\"author\" content=\"M\u00e1rcio Miranda Pontes\" \/>\n<meta name=\"twitter:card\" content=\"summary_large_image\" \/>\n<meta name=\"twitter:creator\" content=\"@ContatoSabra\" \/>\n<meta name=\"twitter:site\" content=\"@ContatoSabra\" \/>\n<meta name=\"twitter:label1\" content=\"Escrito por\" \/>\n\t<meta name=\"twitter:data1\" content=\"M\u00e1rcio Miranda Pontes\" \/>\n\t<meta name=\"twitter:label2\" content=\"Est. tempo de leitura\" \/>\n\t<meta name=\"twitter:data2\" content=\"4 minutos\" \/>\n<script type=\"application\/ld+json\" class=\"yoast-schema-graph\">{\"@context\":\"https:\\\/\\\/schema.org\",\"@graph\":[{\"@type\":\"Article\",\"@id\":\"https:\\\/\\\/www.sabra.org.br\\\/site\\\/musicas-mais-conhecidas\\\/#article\",\"isPartOf\":{\"@id\":\"https:\\\/\\\/www.sabra.org.br\\\/site\\\/musicas-mais-conhecidas\\\/\"},\"author\":{\"name\":\"M\u00e1rcio Miranda Pontes\",\"@id\":\"https:\\\/\\\/www.sabra.org.br\\\/site\\\/#\\\/schema\\\/person\\\/7d1d222c3c8891d4c37c7b41bf6315c2\"},\"headline\":\"M\u00fasicas mais populares de todos os tempos\",\"datePublished\":\"2022-10-27T11:44:09+00:00\",\"mainEntityOfPage\":{\"@id\":\"https:\\\/\\\/www.sabra.org.br\\\/site\\\/musicas-mais-conhecidas\\\/\"},\"wordCount\":722,\"publisher\":{\"@id\":\"https:\\\/\\\/www.sabra.org.br\\\/site\\\/#organization\"},\"image\":{\"@id\":\"https:\\\/\\\/www.sabra.org.br\\\/site\\\/musicas-mais-conhecidas\\\/#primaryimage\"},\"thumbnailUrl\":\"https:\\\/\\\/www.sabra.org.br\\\/site\\\/wp-content\\\/uploads\\\/2022\\\/10\\\/x-musicas-mais-populares-de-todos-os-temposjpg-20220908094423.jpg.jpg\",\"keywords\":[\"Assist\u00eancia social\",\"Belo Horizonte\",\"Cabo Frio\",\"Campos dos Goytacazes\",\"Canto Coral\",\"Contagem\",\"Escola de Musica SABRA\",\"Ibirit\u00e9\",\"Musicaliza\u00e7\u00e3o Infantil\",\"nova lima\",\"Orquestra Infanto Juvenil de Betim\",\"Orquestra Sinf\u00f4nica de Betim\",\"Raposos\",\"Sociedade Art\u00edstica Brasileira\"],\"articleSection\":[\"Blog SABRA\"],\"inLanguage\":\"pt-BR\"},{\"@type\":\"WebPage\",\"@id\":\"https:\\\/\\\/www.sabra.org.br\\\/site\\\/musicas-mais-conhecidas\\\/\",\"url\":\"https:\\\/\\\/www.sabra.org.br\\\/site\\\/musicas-mais-conhecidas\\\/\",\"name\":\"M\u00fasicas mais conhecidas - SABRA - Sociedade Art\u00edstica Brasileira\",\"isPartOf\":{\"@id\":\"https:\\\/\\\/www.sabra.org.br\\\/site\\\/#website\"},\"primaryImageOfPage\":{\"@id\":\"https:\\\/\\\/www.sabra.org.br\\\/site\\\/musicas-mais-conhecidas\\\/#primaryimage\"},\"image\":{\"@id\":\"https:\\\/\\\/www.sabra.org.br\\\/site\\\/musicas-mais-conhecidas\\\/#primaryimage\"},\"thumbnailUrl\":\"https:\\\/\\\/www.sabra.org.br\\\/site\\\/wp-content\\\/uploads\\\/2022\\\/10\\\/x-musicas-mais-populares-de-todos-os-temposjpg-20220908094423.jpg.jpg\",\"datePublished\":\"2022-10-27T11:44:09+00:00\",\"description\":\"Seja por fatores culturais, acontecimentos hist\u00f3ricos ou outras quest\u00f5es, algumas m\u00fasicas se tornam conhecidas.\",\"breadcrumb\":{\"@id\":\"https:\\\/\\\/www.sabra.org.br\\\/site\\\/musicas-mais-conhecidas\\\/#breadcrumb\"},\"inLanguage\":\"pt-BR\",\"potentialAction\":[{\"@type\":\"ReadAction\",\"target\":[\"https:\\\/\\\/www.sabra.org.br\\\/site\\\/musicas-mais-conhecidas\\\/\"]}]},{\"@type\":\"ImageObject\",\"inLanguage\":\"pt-BR\",\"@id\":\"https:\\\/\\\/www.sabra.org.br\\\/site\\\/musicas-mais-conhecidas\\\/#primaryimage\",\"url\":\"https:\\\/\\\/www.sabra.org.br\\\/site\\\/wp-content\\\/uploads\\\/2022\\\/10\\\/x-musicas-mais-populares-de-todos-os-temposjpg-20220908094423.jpg.jpg\",\"contentUrl\":\"https:\\\/\\\/www.sabra.org.br\\\/site\\\/wp-content\\\/uploads\\\/2022\\\/10\\\/x-musicas-mais-populares-de-todos-os-temposjpg-20220908094423.jpg.jpg\",\"width\":800,\"height\":480,\"caption\":\"Sociedade Art\u00edstica Brasileira SABRA\"},{\"@type\":\"BreadcrumbList\",\"@id\":\"https:\\\/\\\/www.sabra.org.br\\\/site\\\/musicas-mais-conhecidas\\\/#breadcrumb\",\"itemListElement\":[{\"@type\":\"ListItem\",\"position\":1,\"name\":\"In\u00edcio\",\"item\":\"https:\\\/\\\/www.sabra.org.br\\\/site\\\/\"},{\"@type\":\"ListItem\",\"position\":2,\"name\":\"M\u00fasicas mais populares de todos os tempos\"}]},{\"@type\":\"WebSite\",\"@id\":\"https:\\\/\\\/www.sabra.org.br\\\/site\\\/#website\",\"url\":\"https:\\\/\\\/www.sabra.org.br\\\/site\\\/\",\"name\":\"SABRA - Sociedade Art\u00edstica Brasileira\",\"description\":\"Escola de M\u00fasica, Orquestra Sinf\u00f4nica, Coral e Patrim\u00f4nio Cultural e Hist\u00f3rico\",\"publisher\":{\"@id\":\"https:\\\/\\\/www.sabra.org.br\\\/site\\\/#organization\"},\"potentialAction\":[{\"@type\":\"SearchAction\",\"target\":{\"@type\":\"EntryPoint\",\"urlTemplate\":\"https:\\\/\\\/www.sabra.org.br\\\/site\\\/?s={search_term_string}\"},\"query-input\":{\"@type\":\"PropertyValueSpecification\",\"valueRequired\":true,\"valueName\":\"search_term_string\"}}],\"inLanguage\":\"pt-BR\"},{\"@type\":\"Organization\",\"@id\":\"https:\\\/\\\/www.sabra.org.br\\\/site\\\/#organization\",\"name\":\"SOCIEDADE ART\u00cdSTICA BRASILEIRA SABRA\",\"alternateName\":\"SABRA\",\"url\":\"https:\\\/\\\/www.sabra.org.br\\\/site\\\/\",\"logo\":{\"@type\":\"ImageObject\",\"inLanguage\":\"pt-BR\",\"@id\":\"https:\\\/\\\/www.sabra.org.br\\\/site\\\/#\\\/schema\\\/logo\\\/image\\\/\",\"url\":\"https:\\\/\\\/www.sabra.org.br\\\/site\\\/wp-content\\\/uploads\\\/2019\\\/06\\\/cropped-Logo_SABRA-Copia-1.webp\",\"contentUrl\":\"https:\\\/\\\/www.sabra.org.br\\\/site\\\/wp-content\\\/uploads\\\/2019\\\/06\\\/cropped-Logo_SABRA-Copia-1.webp\",\"width\":400,\"height\":128,\"caption\":\"SOCIEDADE ART\u00cdSTICA BRASILEIRA SABRA\"},\"image\":{\"@id\":\"https:\\\/\\\/www.sabra.org.br\\\/site\\\/#\\\/schema\\\/logo\\\/image\\\/\"},\"sameAs\":[\"https:\\\/\\\/www.facebook.com\\\/sabrabrasil\",\"https:\\\/\\\/x.com\\\/ContatoSabra\",\"https:\\\/\\\/www.instagram.com\\\/sabrabrasil\\\/\",\"https:\\\/\\\/www.linkedin.com\\\/company\\\/25002088\\\/\",\"https:\\\/\\\/br.pinterest.com\\\/sociedadeartisticabrasileira\\\/\",\"https:\\\/\\\/www.youtube.com\\\/c\\\/sabrabrasil\"]},{\"@type\":\"Person\",\"@id\":\"https:\\\/\\\/www.sabra.org.br\\\/site\\\/#\\\/schema\\\/person\\\/7d1d222c3c8891d4c37c7b41bf6315c2\",\"name\":\"M\u00e1rcio Miranda Pontes\",\"image\":{\"@type\":\"ImageObject\",\"inLanguage\":\"pt-BR\",\"@id\":\"https:\\\/\\\/secure.gravatar.com\\\/avatar\\\/3b45f24496a7625a3a6c436688fbe20344faaeb2979658dc4a9921f984d7df9a?s=96&d=mm&r=g\",\"url\":\"https:\\\/\\\/secure.gravatar.com\\\/avatar\\\/3b45f24496a7625a3a6c436688fbe20344faaeb2979658dc4a9921f984d7df9a?s=96&d=mm&r=g\",\"contentUrl\":\"https:\\\/\\\/secure.gravatar.com\\\/avatar\\\/3b45f24496a7625a3a6c436688fbe20344faaeb2979658dc4a9921f984d7df9a?s=96&d=mm&r=g\",\"caption\":\"M\u00e1rcio Miranda Pontes\"},\"sameAs\":[\"http:\\\/\\\/www.sabra.org.br\"],\"url\":\"https:\\\/\\\/www.sabra.org.br\\\/site\\\/author\\\/marcio-miranda-pontes\\\/\"}]}<\/script>\n<!-- \/ Yoast SEO plugin. -->","yoast_head_json":{"title":"M\u00fasicas mais conhecidas - SABRA - Sociedade Art\u00edstica Brasileira","description":"Seja por fatores culturais, acontecimentos hist\u00f3ricos ou outras quest\u00f5es, algumas m\u00fasicas se tornam conhecidas.","robots":{"index":"index","follow":"follow","max-snippet":"max-snippet:-1","max-image-preview":"max-image-preview:large","max-video-preview":"max-video-preview:-1"},"canonical":"https:\/\/www.sabra.org.br\/site\/musicas-mais-conhecidas\/","og_locale":"pt_BR","og_type":"article","og_title":"M\u00fasicas mais conhecidas - SABRA - Sociedade Art\u00edstica Brasileira","og_description":"Seja por fatores culturais, acontecimentos hist\u00f3ricos ou outras quest\u00f5es, algumas m\u00fasicas se tornam conhecidas.","og_url":"https:\/\/www.sabra.org.br\/site\/musicas-mais-conhecidas\/","og_site_name":"SABRA - Sociedade Art\u00edstica Brasileira","article_publisher":"https:\/\/www.facebook.com\/sabrabrasil","article_published_time":"2022-10-27T11:44:09+00:00","og_image":[{"width":800,"height":480,"url":"https:\/\/i0.wp.com\/www.sabra.org.br\/site\/wp-content\/uploads\/2022\/10\/x-musicas-mais-populares-de-todos-os-temposjpg-20220908094423.jpg.jpg?fit=800%2C480&ssl=1","type":"image\/jpeg"}],"author":"M\u00e1rcio Miranda Pontes","twitter_card":"summary_large_image","twitter_creator":"@ContatoSabra","twitter_site":"@ContatoSabra","twitter_misc":{"Escrito por":"M\u00e1rcio Miranda Pontes","Est. tempo de leitura":"4 minutos"},"schema":{"@context":"https:\/\/schema.org","@graph":[{"@type":"Article","@id":"https:\/\/www.sabra.org.br\/site\/musicas-mais-conhecidas\/#article","isPartOf":{"@id":"https:\/\/www.sabra.org.br\/site\/musicas-mais-conhecidas\/"},"author":{"name":"M\u00e1rcio Miranda Pontes","@id":"https:\/\/www.sabra.org.br\/site\/#\/schema\/person\/7d1d222c3c8891d4c37c7b41bf6315c2"},"headline":"M\u00fasicas mais populares de todos os tempos","datePublished":"2022-10-27T11:44:09+00:00","mainEntityOfPage":{"@id":"https:\/\/www.sabra.org.br\/site\/musicas-mais-conhecidas\/"},"wordCount":722,"publisher":{"@id":"https:\/\/www.sabra.org.br\/site\/#organization"},"image":{"@id":"https:\/\/www.sabra.org.br\/site\/musicas-mais-conhecidas\/#primaryimage"},"thumbnailUrl":"https:\/\/www.sabra.org.br\/site\/wp-content\/uploads\/2022\/10\/x-musicas-mais-populares-de-todos-os-temposjpg-20220908094423.jpg.jpg","keywords":["Assist\u00eancia social","Belo Horizonte","Cabo Frio","Campos dos Goytacazes","Canto Coral","Contagem","Escola de Musica SABRA","Ibirit\u00e9","Musicaliza\u00e7\u00e3o Infantil","nova lima","Orquestra Infanto Juvenil de Betim","Orquestra Sinf\u00f4nica de Betim","Raposos","Sociedade Art\u00edstica Brasileira"],"articleSection":["Blog SABRA"],"inLanguage":"pt-BR"},{"@type":"WebPage","@id":"https:\/\/www.sabra.org.br\/site\/musicas-mais-conhecidas\/","url":"https:\/\/www.sabra.org.br\/site\/musicas-mais-conhecidas\/","name":"M\u00fasicas mais conhecidas - SABRA - Sociedade Art\u00edstica Brasileira","isPartOf":{"@id":"https:\/\/www.sabra.org.br\/site\/#website"},"primaryImageOfPage":{"@id":"https:\/\/www.sabra.org.br\/site\/musicas-mais-conhecidas\/#primaryimage"},"image":{"@id":"https:\/\/www.sabra.org.br\/site\/musicas-mais-conhecidas\/#primaryimage"},"thumbnailUrl":"https:\/\/www.sabra.org.br\/site\/wp-content\/uploads\/2022\/10\/x-musicas-mais-populares-de-todos-os-temposjpg-20220908094423.jpg.jpg","datePublished":"2022-10-27T11:44:09+00:00","description":"Seja por fatores culturais, acontecimentos hist\u00f3ricos ou outras quest\u00f5es, algumas m\u00fasicas se tornam conhecidas.","breadcrumb":{"@id":"https:\/\/www.sabra.org.br\/site\/musicas-mais-conhecidas\/#breadcrumb"},"inLanguage":"pt-BR","potentialAction":[{"@type":"ReadAction","target":["https:\/\/www.sabra.org.br\/site\/musicas-mais-conhecidas\/"]}]},{"@type":"ImageObject","inLanguage":"pt-BR","@id":"https:\/\/www.sabra.org.br\/site\/musicas-mais-conhecidas\/#primaryimage","url":"https:\/\/www.sabra.org.br\/site\/wp-content\/uploads\/2022\/10\/x-musicas-mais-populares-de-todos-os-temposjpg-20220908094423.jpg.jpg","contentUrl":"https:\/\/www.sabra.org.br\/site\/wp-content\/uploads\/2022\/10\/x-musicas-mais-populares-de-todos-os-temposjpg-20220908094423.jpg.jpg","width":800,"height":480,"caption":"Sociedade Art\u00edstica Brasileira SABRA"},{"@type":"BreadcrumbList","@id":"https:\/\/www.sabra.org.br\/site\/musicas-mais-conhecidas\/#breadcrumb","itemListElement":[{"@type":"ListItem","position":1,"name":"In\u00edcio","item":"https:\/\/www.sabra.org.br\/site\/"},{"@type":"ListItem","position":2,"name":"M\u00fasicas mais populares de todos os tempos"}]},{"@type":"WebSite","@id":"https:\/\/www.sabra.org.br\/site\/#website","url":"https:\/\/www.sabra.org.br\/site\/","name":"SABRA - Sociedade Art\u00edstica Brasileira","description":"Escola de M\u00fasica, Orquestra Sinf\u00f4nica, Coral e Patrim\u00f4nio Cultural e Hist\u00f3rico","publisher":{"@id":"https:\/\/www.sabra.org.br\/site\/#organization"},"potentialAction":[{"@type":"SearchAction","target":{"@type":"EntryPoint","urlTemplate":"https:\/\/www.sabra.org.br\/site\/?s={search_term_string}"},"query-input":{"@type":"PropertyValueSpecification","valueRequired":true,"valueName":"search_term_string"}}],"inLanguage":"pt-BR"},{"@type":"Organization","@id":"https:\/\/www.sabra.org.br\/site\/#organization","name":"SOCIEDADE ART\u00cdSTICA BRASILEIRA SABRA","alternateName":"SABRA","url":"https:\/\/www.sabra.org.br\/site\/","logo":{"@type":"ImageObject","inLanguage":"pt-BR","@id":"https:\/\/www.sabra.org.br\/site\/#\/schema\/logo\/image\/","url":"https:\/\/www.sabra.org.br\/site\/wp-content\/uploads\/2019\/06\/cropped-Logo_SABRA-Copia-1.webp","contentUrl":"https:\/\/www.sabra.org.br\/site\/wp-content\/uploads\/2019\/06\/cropped-Logo_SABRA-Copia-1.webp","width":400,"height":128,"caption":"SOCIEDADE ART\u00cdSTICA BRASILEIRA SABRA"},"image":{"@id":"https:\/\/www.sabra.org.br\/site\/#\/schema\/logo\/image\/"},"sameAs":["https:\/\/www.facebook.com\/sabrabrasil","https:\/\/x.com\/ContatoSabra","https:\/\/www.instagram.com\/sabrabrasil\/","https:\/\/www.linkedin.com\/company\/25002088\/","https:\/\/br.pinterest.com\/sociedadeartisticabrasileira\/","https:\/\/www.youtube.com\/c\/sabrabrasil"]},{"@type":"Person","@id":"https:\/\/www.sabra.org.br\/site\/#\/schema\/person\/7d1d222c3c8891d4c37c7b41bf6315c2","name":"M\u00e1rcio Miranda Pontes","image":{"@type":"ImageObject","inLanguage":"pt-BR","@id":"https:\/\/secure.gravatar.com\/avatar\/3b45f24496a7625a3a6c436688fbe20344faaeb2979658dc4a9921f984d7df9a?s=96&d=mm&r=g","url":"https:\/\/secure.gravatar.com\/avatar\/3b45f24496a7625a3a6c436688fbe20344faaeb2979658dc4a9921f984d7df9a?s=96&d=mm&r=g","contentUrl":"https:\/\/secure.gravatar.com\/avatar\/3b45f24496a7625a3a6c436688fbe20344faaeb2979658dc4a9921f984d7df9a?s=96&d=mm&r=g","caption":"M\u00e1rcio Miranda Pontes"},"sameAs":["http:\/\/www.sabra.org.br"],"url":"https:\/\/www.sabra.org.br\/site\/author\/marcio-miranda-pontes\/"}]}},"jetpack_featured_media_url":"https:\/\/www.sabra.org.br\/site\/wp-content\/uploads\/2022\/10\/x-musicas-mais-populares-de-todos-os-temposjpg-20220908094423.jpg.jpg","jetpack_shortlink":"https:\/\/wp.me\/p95j2Z-1B6","jetpack-related-posts":[{"id":5388,"url":"https:\/\/www.sabra.org.br\/site\/inspiradora\/","url_meta":{"origin":6144,"position":0},"title":"Mulheres que inspiraram sucessos da MPB","author":"M\u00e1rcio Miranda Pontes","date":"27 de julho de 2022","format":false,"excerpt":"Cada m\u00fasica possui uma hist\u00f3ria ou motivo para existir. O mito da Musa Inspiradora \u00e9 antigo, e na MPB podemos encontrar in\u00fameros casos de mulheres que se tornaram belas composi\u00e7\u00f5es. Venha conferir as mais importantes entre elas!","rel":"","context":"Em &quot;Blog SABRA&quot;","block_context":{"text":"Blog SABRA","link":"https:\/\/www.sabra.org.br\/site\/category\/blog-sabra\/"},"img":{"alt_text":"musa-inspiradora-mpb","src":"https:\/\/i0.wp.com\/www.sabra.org.br\/site\/wp-content\/uploads\/2022\/07\/x-mulheres-que-inspiraram-sucessos-da-mpb-20220513105253.jpg.jpg?resize=350%2C200&ssl=1","width":350,"height":200,"srcset":"https:\/\/i0.wp.com\/www.sabra.org.br\/site\/wp-content\/uploads\/2022\/07\/x-mulheres-que-inspiraram-sucessos-da-mpb-20220513105253.jpg.jpg?resize=350%2C200&ssl=1 1x, https:\/\/i0.wp.com\/www.sabra.org.br\/site\/wp-content\/uploads\/2022\/07\/x-mulheres-que-inspiraram-sucessos-da-mpb-20220513105253.jpg.jpg?resize=525%2C300&ssl=1 1.5x, https:\/\/i0.wp.com\/www.sabra.org.br\/site\/wp-content\/uploads\/2022\/07\/x-mulheres-que-inspiraram-sucessos-da-mpb-20220513105253.jpg.jpg?resize=700%2C400&ssl=1 2x"},"classes":[]},{"id":6185,"url":"https:\/\/www.sabra.org.br\/site\/livros-musica\/","url_meta":{"origin":6144,"position":1},"title":"Dicas de livros para quem ama m\u00fasica","author":"M\u00e1rcio Miranda Pontes","date":"3 de novembro de 2022","format":false,"excerpt":"A m\u00fasica est\u00e1 diretamente associada a outros fatores culturais, hist\u00f3ricos e comportamentais de uma sociedade. Para saber mais sobre o universo musical, conhe\u00e7a algumas obras que v\u00e3o enriquecer suas experi\u00eancias com as m\u00fasicas.","rel":"","context":"Em &quot;Blog SABRA&quot;","block_context":{"text":"Blog SABRA","link":"https:\/\/www.sabra.org.br\/site\/category\/blog-sabra\/"},"img":{"alt_text":"m\u00fasica-brasileira-livro-editora-hist\u00f3ria","src":"https:\/\/i0.wp.com\/www.sabra.org.br\/site\/wp-content\/uploads\/2022\/11\/x-dicas-de-livros-para-quem-ama-musica-20221007143620.jpg.jpg?resize=350%2C200&ssl=1","width":350,"height":200,"srcset":"https:\/\/i0.wp.com\/www.sabra.org.br\/site\/wp-content\/uploads\/2022\/11\/x-dicas-de-livros-para-quem-ama-musica-20221007143620.jpg.jpg?resize=350%2C200&ssl=1 1x, https:\/\/i0.wp.com\/www.sabra.org.br\/site\/wp-content\/uploads\/2022\/11\/x-dicas-de-livros-para-quem-ama-musica-20221007143620.jpg.jpg?resize=525%2C300&ssl=1 1.5x, https:\/\/i0.wp.com\/www.sabra.org.br\/site\/wp-content\/uploads\/2022\/11\/x-dicas-de-livros-para-quem-ama-musica-20221007143620.jpg.jpg?resize=700%2C400&ssl=1 2x"},"classes":[]},{"id":5366,"url":"https:\/\/www.sabra.org.br\/site\/tom-jobim\/","url_meta":{"origin":6144,"position":2},"title":"Curiosidades sobre Tom Jobim","author":"M\u00e1rcio Miranda Pontes","date":"20 de julho de 2022","format":false,"excerpt":"Tom Jobim \u00e9, indiscutivelmente, um dos maiores m\u00fasicos e compositores brasileiros de todos os tempos. Ent\u00e3o, que tal celebr\u00e1-lo conhecendo algumas curiosidades sobre sua vida e obra? Para isso, basta acompanhar este conte\u00fado especial.","rel":"","context":"Em &quot;Blog SABRA&quot;","block_context":{"text":"Blog SABRA","link":"https:\/\/www.sabra.org.br\/site\/category\/blog-sabra\/"},"img":{"alt_text":"tom-jobim-m\u00fasico","src":"https:\/\/i0.wp.com\/www.sabra.org.br\/site\/wp-content\/uploads\/2022\/07\/x-curiosidades-sobre-tom-jobim-20220513105253.jpg.jpg?resize=350%2C200&ssl=1","width":350,"height":200,"srcset":"https:\/\/i0.wp.com\/www.sabra.org.br\/site\/wp-content\/uploads\/2022\/07\/x-curiosidades-sobre-tom-jobim-20220513105253.jpg.jpg?resize=350%2C200&ssl=1 1x, https:\/\/i0.wp.com\/www.sabra.org.br\/site\/wp-content\/uploads\/2022\/07\/x-curiosidades-sobre-tom-jobim-20220513105253.jpg.jpg?resize=525%2C300&ssl=1 1.5x, https:\/\/i0.wp.com\/www.sabra.org.br\/site\/wp-content\/uploads\/2022\/07\/x-curiosidades-sobre-tom-jobim-20220513105253.jpg.jpg?resize=700%2C400&ssl=1 2x"},"classes":[]},{"id":5192,"url":"https:\/\/www.sabra.org.br\/site\/musica-classica-famosa\/","url_meta":{"origin":6144,"position":3},"title":"Quais s\u00e3o as m\u00fasicas cl\u00e1ssicas mais famosas?","author":"M\u00e1rcio Miranda Pontes","date":"8 de junho de 2022","format":false,"excerpt":"Mesmo as pessoas que entendem pouco de m\u00fasica cl\u00e1ssica provavelmente j\u00e1 escutaram algumas das mais famosas composi\u00e7\u00f5es do g\u00eanero. Voc\u00ea duvida? Ent\u00e3o, confira conosco uma lista incr\u00edvel com pe\u00e7as que ultrapassam o tempo e espa\u00e7o.","rel":"","context":"Em &quot;Blog SABRA&quot;","block_context":{"text":"Blog SABRA","link":"https:\/\/www.sabra.org.br\/site\/category\/blog-sabra\/"},"img":{"alt_text":"classica-musica-famosa","src":"https:\/\/i0.wp.com\/www.sabra.org.br\/site\/wp-content\/uploads\/2022\/06\/quais-sao-as-musicas-classicas-mais-famosas-20220210110336.jpg.jpg?resize=350%2C200&ssl=1","width":350,"height":200,"srcset":"https:\/\/i0.wp.com\/www.sabra.org.br\/site\/wp-content\/uploads\/2022\/06\/quais-sao-as-musicas-classicas-mais-famosas-20220210110336.jpg.jpg?resize=350%2C200&ssl=1 1x, https:\/\/i0.wp.com\/www.sabra.org.br\/site\/wp-content\/uploads\/2022\/06\/quais-sao-as-musicas-classicas-mais-famosas-20220210110336.jpg.jpg?resize=525%2C300&ssl=1 1.5x, https:\/\/i0.wp.com\/www.sabra.org.br\/site\/wp-content\/uploads\/2022\/06\/quais-sao-as-musicas-classicas-mais-famosas-20220210110336.jpg.jpg?resize=700%2C400&ssl=1 2x"},"classes":[]},{"id":3216,"url":"https:\/\/www.sabra.org.br\/site\/musica-musicas-infantis\/","url_meta":{"origin":6144,"position":4},"title":"M\u00fasicas infantis","author":"M\u00e1rcio Miranda Pontes","date":"31 de outubro de 2020","format":false,"excerpt":"As m\u00fasicas infantis possuem v\u00e1rios prop\u00f3sitos, desde a divers\u00e3o da crian\u00e7a, at\u00e9 o seu desenvolvimento emocional e cultural. Acompanhe neste post as m\u00fasicas que mais fizeram sucesso com a garotada em 2020.","rel":"","context":"Em &quot;Blog SABRA&quot;","block_context":{"text":"Blog SABRA","link":"https:\/\/www.sabra.org.br\/site\/category\/blog-sabra\/"},"img":{"alt_text":"musica infantil musicas infantis","src":"https:\/\/i0.wp.com\/www.sabra.org.br\/site\/wp-content\/uploads\/2020\/10\/x-musicas-infantis-que-bombaram-em-20201001161911.jpg.jpg?resize=350%2C200&ssl=1","width":350,"height":200,"srcset":"https:\/\/i0.wp.com\/www.sabra.org.br\/site\/wp-content\/uploads\/2020\/10\/x-musicas-infantis-que-bombaram-em-20201001161911.jpg.jpg?resize=350%2C200&ssl=1 1x, https:\/\/i0.wp.com\/www.sabra.org.br\/site\/wp-content\/uploads\/2020\/10\/x-musicas-infantis-que-bombaram-em-20201001161911.jpg.jpg?resize=525%2C300&ssl=1 1.5x, https:\/\/i0.wp.com\/www.sabra.org.br\/site\/wp-content\/uploads\/2020\/10\/x-musicas-infantis-que-bombaram-em-20201001161911.jpg.jpg?resize=700%2C400&ssl=1 2x"},"classes":[]},{"id":8314,"url":"https:\/\/www.sabra.org.br\/site\/mpb-cantores\/","url_meta":{"origin":6144,"position":5},"title":"Quais artistas fazem sucesso no MPB atualmente?","author":"M\u00e1rcio Miranda Pontes","date":"26 de outubro de 2023","format":false,"excerpt":"A MPB \u00e9 muito vasta e seus \u00edcones mudam de gera\u00e7\u00e3o em gera\u00e7\u00e3o. Que tal conhecer alguns cantores que fazem sucesso hoje nesse g\u00eanero? Falamos sobre alguns deles em nosso blog.","rel":"","context":"Em &quot;Blog SABRA&quot;","block_context":{"text":"Blog SABRA","link":"https:\/\/www.sabra.org.br\/site\/category\/blog-sabra\/"},"img":{"alt_text":"sabra-m\u00fasica-cantor-lan\u00e7ado-sucesso-mpb-dupla-cantores","src":"https:\/\/i0.wp.com\/www.sabra.org.br\/site\/wp-content\/uploads\/2023\/10\/quais-artistas-fazem-sucesso-no-mpb-atualmente-20221229103337.jpg-jpg.webp?resize=350%2C200&ssl=1","width":350,"height":200,"srcset":"https:\/\/i0.wp.com\/www.sabra.org.br\/site\/wp-content\/uploads\/2023\/10\/quais-artistas-fazem-sucesso-no-mpb-atualmente-20221229103337.jpg-jpg.webp?resize=350%2C200&ssl=1 1x, https:\/\/i0.wp.com\/www.sabra.org.br\/site\/wp-content\/uploads\/2023\/10\/quais-artistas-fazem-sucesso-no-mpb-atualmente-20221229103337.jpg-jpg.webp?resize=525%2C300&ssl=1 1.5x, https:\/\/i0.wp.com\/www.sabra.org.br\/site\/wp-content\/uploads\/2023\/10\/quais-artistas-fazem-sucesso-no-mpb-atualmente-20221229103337.jpg-jpg.webp?resize=700%2C400&ssl=1 2x"},"classes":[]}],"jetpack_likes_enabled":true,"jetpack_sharing_enabled":true,"_links":{"self":[{"href":"https:\/\/www.sabra.org.br\/site\/wp-json\/wp\/v2\/posts\/6144","targetHints":{"allow":["GET"]}}],"collection":[{"href":"https:\/\/www.sabra.org.br\/site\/wp-json\/wp\/v2\/posts"}],"about":[{"href":"https:\/\/www.sabra.org.br\/site\/wp-json\/wp\/v2\/types\/post"}],"author":[{"embeddable":true,"href":"https:\/\/www.sabra.org.br\/site\/wp-json\/wp\/v2\/users\/39"}],"replies":[{"embeddable":true,"href":"https:\/\/www.sabra.org.br\/site\/wp-json\/wp\/v2\/comments?post=6144"}],"version-history":[{"count":0,"href":"https:\/\/www.sabra.org.br\/site\/wp-json\/wp\/v2\/posts\/6144\/revisions"}],"wp:featuredmedia":[{"embeddable":true,"href":"https:\/\/www.sabra.org.br\/site\/wp-json\/wp\/v2\/media\/6146"}],"wp:attachment":[{"href":"https:\/\/www.sabra.org.br\/site\/wp-json\/wp\/v2\/media?parent=6144"}],"wp:term":[{"taxonomy":"category","embeddable":true,"href":"https:\/\/www.sabra.org.br\/site\/wp-json\/wp\/v2\/categories?post=6144"},{"taxonomy":"post_tag","embeddable":true,"href":"https:\/\/www.sabra.org.br\/site\/wp-json\/wp\/v2\/tags?post=6144"}],"curies":[{"name":"wp","href":"https:\/\/api.w.org\/{rel}","templated":true}]}}