{"id":6179,"date":"2022-11-02T09:47:39","date_gmt":"2022-11-02T12:47:39","guid":{"rendered":"https:\/\/www.sabra.org.br\/site\/?p=6179"},"modified":"2022-11-02T09:47:39","modified_gmt":"2022-11-02T12:47:39","slug":"musica-gestacao","status":"publish","type":"post","link":"https:\/\/www.sabra.org.br\/site\/musica-gestacao\/","title":{"rendered":"Benef\u00edcios da m\u00fasica na gesta\u00e7\u00e3o"},"content":{"rendered":"<p>[vc_row][vc_column][vc_column_text]Ouvir m\u00fasica s\u00f3 traz benef\u00edcios para a sa\u00fade e bem-estar como um todo para qualquer pessoa. E quando se trata de gestantes, essa quest\u00e3o de amplia de forma bastante significativa na sa\u00fade f\u00edsica e psicol\u00f3gica tanto do beb\u00ea como para a m\u00e3e, contribuindo assim para uma gesta\u00e7\u00e3o tranquila.<\/p>\n<p>Considerando que o beb\u00ea desenvolve os sentidos ainda dentro do \u00fatero, principalmente a audi\u00e7\u00e3o, as m\u00fasicas que ele ouve mesmo antes de nascer j\u00e1 trazem benef\u00edcios para o seu bem-estar. Nesse contexto, as t\u00e9cnicas da musicoterapia s\u00e3o indicadas para que a exposi\u00e7\u00e3o aos sons seja feita de maneira e na intensidade corretas.<\/p>\n<p>Quer conhecer mais benef\u00edcios da m\u00fasica durante a gesta\u00e7\u00e3o? Ent\u00e3o, confira alguns dos principais ganhos que se pode usufruir com esta forma de arte que faz muito bem para a sa\u00fade de modo geral. Confira abaixo:<\/p>\n<h2>Auxilia no desenvolvimento cerebral da crian\u00e7a<\/h2>\n<p>A audi\u00e7\u00e3o \u00e9 o primeiro sentido a ser desenvolvido pelo feto. Sendo assim, j\u00e1 no in\u00edcio da gesta\u00e7\u00e3o \u00e9 poss\u00edvel fazer o uso das m\u00fasicas para estimular o desenvolvimento do beb\u00ea, trazer conforto e se beneficiar de tudo o que ela pode oferecer. Visto isso, estudos mostram que os beb\u00eas que s\u00e3o expostos a m\u00fasicas apresentam mais atividades cerebrais.<\/p>\n<h2>Traz conforto e acalma o beb\u00ea ap\u00f3s o nascimento<\/h2>\n<p>Se durante a gesta\u00e7\u00e3o o beb\u00ea ouve determinadas m\u00fasicas e, ap\u00f3s o seu nascimento, continua ouvindo, \u00e9 poss\u00edvel que ele identifique os sons, o que gera conforto, seguran\u00e7a e bem-estar. Uma situa\u00e7\u00e3o que ajuda muito na adapta\u00e7\u00e3o do beb\u00ea ao seu lar, \u00e0 rotina, aos pais e demais fatores envolvidos na sua vida que est\u00e1 se formando.<\/p>\n<h2>Contribuiu na cria\u00e7\u00e3o de v\u00ednculos<\/h2>\n<p>A m\u00fasica tem o poder de fortalecer a comunica\u00e7\u00e3o entre pais e beb\u00ea, principalmente quando os pais cantam para os filhos. A identifica\u00e7\u00e3o da voz e do seu tom tranquilizam o beb\u00ea. Ademais, com o tempo e o crescimento da crian\u00e7a, a mesma passar\u00e1 a aprender e a cantar junto com os pais, criando v\u00ednculos e gerando importantes momentos de intera\u00e7\u00e3o e conviv\u00eancia familiar.<br \/>\nAjuda na sa\u00fade mental da mulher<\/p>\n<p>De maneira geral, a m\u00fasica tem forte influ\u00eancia nas quest\u00f5es emocionais, auxiliando no combate, preven\u00e7\u00e3o e tratamento de depress\u00e3o, ins\u00f4nia, ansiedade e outras quest\u00f5es relacionadas \u00e0 sa\u00fade mental. Sendo assim, as gestantes podem contar com a contribui\u00e7\u00e3o das m\u00fasicas para controlar os poss\u00edveis sintomas, preocupa\u00e7\u00f5es e outros fatores relacionadas ao per\u00edodo gestacional.<\/p>\n<h2>M\u00fasica para melhorar a vida<\/h2>\n<p>Al\u00e9m de contribuir de modo muito efetivo para a qualidade da gesta\u00e7\u00e3o, para o bem-estar da m\u00e3e e do beb\u00ea, a m\u00fasica tamb\u00e9m pode auxiliar em outras diversas quest\u00f5es da nossa vida. Nesse contexto, a a <a href=\"\/\/www.sabra.org.br\/\u201d\"> Sociedade Art\u00edstica Brasileira <\/a> faz o bom uso das artes, especialmente a m\u00fasica, para promover atividades para crian\u00e7as e adolescentes de comunidades carentes das regi\u00f5es de Belo Horizonte e Betim.<\/p>\n<p>A institui\u00e7\u00e3o trabalha em prol do desenvolvimento dos participantes como um todo, no sentido de inclus\u00e3o e integra\u00e7\u00e3o na sociedade. Dentre as atividades, est\u00e3o corais e orquestras, por exemplo. Acesse nosso site, entre em contato e conhe\u00e7a nossa equipe e nossos servi\u00e7os.<\/p>\n<blockquote class=\"wp-embedded-content\" data-secret=\"ftLJhnEovk\"><p><a href=\"https:\/\/www.sabra.org.br\/site\/bebe-falar-ou-cantar\/\">Beb\u00ea &#8211; falar ou cantar?<\/a><\/p><\/blockquote>\n<p><iframe class=\"wp-embedded-content\" sandbox=\"allow-scripts\" security=\"restricted\" style=\"position: absolute; clip: rect(1px, 1px, 1px, 1px);\" title=\"&#8220;Beb\u00ea &#8211; falar ou cantar?&#8221; &#8212; SABRA - Sociedade Art\u00edstica Brasileira\" src=\"https:\/\/www.sabra.org.br\/site\/bebe-falar-ou-cantar\/embed\/#?secret=s8Y5zLu8J2#?secret=ftLJhnEovk\" data-secret=\"ftLJhnEovk\" width=\"600\" height=\"338\" frameborder=\"0\" marginwidth=\"0\" marginheight=\"0\" scrolling=\"no\"><\/iframe><\/p>\n<hr \/>\n<h2>Se voc\u00ea gostou deste post:<\/h2>\n<p>&#8211; SIGA as nossas p\u00e1ginas nas redes sociais para acompanhar as nossas atualiza\u00e7\u00f5es: estamos no <a href=\"https:\/\/www.facebook.com\/sabrabrasil\" target=\"_blank\" rel=\"noopener\">Facebook<\/a>, no <a href=\"https:\/\/www.instagram.com\/sabrabrasil\/\" target=\"_blank\" rel=\"noopener\">Instagram<\/a>, no <a href=\"https:\/\/www.linkedin.com\/company\/25002088\" target=\"_blank\" rel=\"noopener\">LinkedIn<\/a>, no <a href=\"https:\/\/twitter.com\/ContatoSabra\" target=\"_blank\" rel=\"noopener\">Twitter<\/a> e no <a href=\"https:\/\/www.youtube.com\/channel\/UCJw-kbuEvzUNdeQf20Pa-eQ\" target=\"_blank\" rel=\"noopener\">YouTube<\/a>!<\/p>\n<p>&#8211; CONHE\u00c7A o trabalho da Sociedade Art\u00edstica Brasileira (SABRA) e todas as iniciativas culturais e sociais que ela mant\u00e9m. <a href=\"https:\/\/www.sabra.org.br\/site\/acoes\/\" target=\"_blank\" rel=\"noopener\">Acesse nosso site!<\/a><\/p>\n<p>&#8211; ENTRE EM CONTATO com a gente. E veja quais s\u00e3o as op\u00e7\u00f5es de ajuda na manuten\u00e7\u00e3o de nossas a\u00e7\u00f5es sociais e culturais. Basta acessar nossa p\u00e1gina <a href=\"https:\/\/www.sabra.org.br\/site\/doe-agora\/\" target=\"_blank\" rel=\"noopener\">Doe Agora!<\/a><\/p>\n<p>&#8211; COMPARTILHE este texto nas suas redes sociais e ajude os seus amigos a tamb\u00e9m dominarem o assunto!<\/p>\n<p>\u2013 Os projetos da @sabrabrasil s\u00e3o realizados com o patroci\u0301nio m\u00e1ster: @vallourec e @institutounimedbh, viabilizado pelo incentivo de mais de 5,2 mil m\u00e9dicos cooperados e colaboradores via Lei de Incentivo \u00e0 Cultura &#8211; @mturismo, @culturagovbr. Apoio: @prefeiturabetim[\/vc_column_text][\/vc_column][\/vc_row]<\/p>\n","protected":false},"excerpt":{"rendered":"<p>Se a m\u00fasica j\u00e1 traz uma grande quantidade de benef\u00edcios para todas as pessoas, imagina para as gestantes e todas as quest\u00f5es emocionais e f\u00edsicas que est\u00e3o envolvidas? Conhe\u00e7a os principais benef\u00edcios.<\/p>\n","protected":false},"author":39,"featured_media":6181,"comment_status":"closed","ping_status":"closed","sticky":false,"template":"","format":"standard","meta":{"jetpack_post_was_ever_published":false,"_jetpack_newsletter_access":"","_jetpack_dont_email_post_to_subs":false,"_jetpack_newsletter_tier_id":0,"_jetpack_memberships_contains_paywalled_content":false,"_jetpack_memberships_contains_paid_content":false,"footnotes":""},"categories":[1],"tags":[15,2757,3626,3623,8,3629,1285,3628,16,3519,1286,11,3622,9],"class_list":["post-6179","post","type-post","status-publish","format-standard","has-post-thumbnail","hentry","category-blog-sabra","tag-assistencia-social","tag-belo-horizonte","tag-cabo-frio","tag-campos-dos-goytacazes","tag-canto-coral","tag-contagem","tag-escola-de-musica-sabra","tag-ibirite","tag-musicalizacao-infantil","tag-nova-lima-2","tag-orquestra-infanto-juvenil-de-betim","tag-orquestra-sinfonica-de-betim","tag-raposos","tag-sociedade-artistica-brasileira"],"yoast_head":"<!-- This site is optimized with the Yoast SEO plugin v27.5 - https:\/\/yoast.com\/product\/yoast-seo-wordpress\/ -->\n<title>M\u00fasica e gesta\u00e7\u00e3o - SABRA - Sociedade Art\u00edstica Brasileira<\/title>\n<meta name=\"description\" content=\"A m\u00fasica traz uma grande quantidade de benef\u00edcios para todas as pessoas. Imagina na gesta\u00e7\u00e3o? E suas quest\u00f5es emocionais e f\u00edsicas?\" \/>\n<meta name=\"robots\" content=\"index, follow, max-snippet:-1, max-image-preview:large, max-video-preview:-1\" \/>\n<link rel=\"canonical\" href=\"https:\/\/www.sabra.org.br\/site\/musica-gestacao\/\" \/>\n<meta property=\"og:locale\" content=\"pt_BR\" \/>\n<meta property=\"og:type\" content=\"article\" \/>\n<meta property=\"og:title\" content=\"M\u00fasica e gesta\u00e7\u00e3o - SABRA - Sociedade Art\u00edstica Brasileira\" \/>\n<meta property=\"og:description\" content=\"A m\u00fasica traz uma grande quantidade de benef\u00edcios para todas as pessoas. Imagina na gesta\u00e7\u00e3o? E suas quest\u00f5es emocionais e f\u00edsicas?\" \/>\n<meta property=\"og:url\" content=\"https:\/\/www.sabra.org.br\/site\/musica-gestacao\/\" \/>\n<meta property=\"og:site_name\" content=\"SABRA - Sociedade Art\u00edstica Brasileira\" \/>\n<meta property=\"article:publisher\" content=\"https:\/\/www.facebook.com\/sabrabrasil\" \/>\n<meta property=\"article:published_time\" content=\"2022-11-02T12:47:39+00:00\" \/>\n<meta property=\"og:image\" content=\"https:\/\/i0.wp.com\/www.sabra.org.br\/site\/wp-content\/uploads\/2022\/11\/x-beneficios-da-musica-na-gestacao-20221007143620.jpg.jpg?fit=800%2C533&ssl=1\" \/>\n\t<meta property=\"og:image:width\" content=\"800\" \/>\n\t<meta property=\"og:image:height\" content=\"533\" \/>\n\t<meta property=\"og:image:type\" content=\"image\/jpeg\" \/>\n<meta name=\"author\" content=\"M\u00e1rcio Miranda Pontes\" \/>\n<meta name=\"twitter:card\" content=\"summary_large_image\" \/>\n<meta name=\"twitter:creator\" content=\"@ContatoSabra\" \/>\n<meta name=\"twitter:site\" content=\"@ContatoSabra\" \/>\n<meta name=\"twitter:label1\" content=\"Escrito por\" \/>\n\t<meta name=\"twitter:data1\" content=\"M\u00e1rcio Miranda Pontes\" \/>\n\t<meta name=\"twitter:label2\" content=\"Est. tempo de leitura\" \/>\n\t<meta name=\"twitter:data2\" content=\"4 minutos\" \/>\n<script type=\"application\/ld+json\" class=\"yoast-schema-graph\">{\"@context\":\"https:\\\/\\\/schema.org\",\"@graph\":[{\"@type\":\"Article\",\"@id\":\"https:\\\/\\\/www.sabra.org.br\\\/site\\\/musica-gestacao\\\/#article\",\"isPartOf\":{\"@id\":\"https:\\\/\\\/www.sabra.org.br\\\/site\\\/musica-gestacao\\\/\"},\"author\":{\"name\":\"M\u00e1rcio Miranda Pontes\",\"@id\":\"https:\\\/\\\/www.sabra.org.br\\\/site\\\/#\\\/schema\\\/person\\\/7d1d222c3c8891d4c37c7b41bf6315c2\"},\"headline\":\"Benef\u00edcios da m\u00fasica na gesta\u00e7\u00e3o\",\"datePublished\":\"2022-11-02T12:47:39+00:00\",\"mainEntityOfPage\":{\"@id\":\"https:\\\/\\\/www.sabra.org.br\\\/site\\\/musica-gestacao\\\/\"},\"wordCount\":755,\"publisher\":{\"@id\":\"https:\\\/\\\/www.sabra.org.br\\\/site\\\/#organization\"},\"image\":{\"@id\":\"https:\\\/\\\/www.sabra.org.br\\\/site\\\/musica-gestacao\\\/#primaryimage\"},\"thumbnailUrl\":\"https:\\\/\\\/www.sabra.org.br\\\/site\\\/wp-content\\\/uploads\\\/2022\\\/11\\\/x-beneficios-da-musica-na-gestacao-20221007143620.jpg.jpg\",\"keywords\":[\"Assist\u00eancia social\",\"Belo Horizonte\",\"Cabo Frio\",\"Campos dos Goytacazes\",\"Canto Coral\",\"Contagem\",\"Escola de Musica SABRA\",\"Ibirit\u00e9\",\"Musicaliza\u00e7\u00e3o Infantil\",\"nova lima\",\"Orquestra Infanto Juvenil de Betim\",\"Orquestra Sinf\u00f4nica de Betim\",\"Raposos\",\"Sociedade Art\u00edstica Brasileira\"],\"articleSection\":[\"Blog SABRA\"],\"inLanguage\":\"pt-BR\"},{\"@type\":\"WebPage\",\"@id\":\"https:\\\/\\\/www.sabra.org.br\\\/site\\\/musica-gestacao\\\/\",\"url\":\"https:\\\/\\\/www.sabra.org.br\\\/site\\\/musica-gestacao\\\/\",\"name\":\"M\u00fasica e gesta\u00e7\u00e3o - SABRA - Sociedade Art\u00edstica Brasileira\",\"isPartOf\":{\"@id\":\"https:\\\/\\\/www.sabra.org.br\\\/site\\\/#website\"},\"primaryImageOfPage\":{\"@id\":\"https:\\\/\\\/www.sabra.org.br\\\/site\\\/musica-gestacao\\\/#primaryimage\"},\"image\":{\"@id\":\"https:\\\/\\\/www.sabra.org.br\\\/site\\\/musica-gestacao\\\/#primaryimage\"},\"thumbnailUrl\":\"https:\\\/\\\/www.sabra.org.br\\\/site\\\/wp-content\\\/uploads\\\/2022\\\/11\\\/x-beneficios-da-musica-na-gestacao-20221007143620.jpg.jpg\",\"datePublished\":\"2022-11-02T12:47:39+00:00\",\"description\":\"A m\u00fasica traz uma grande quantidade de benef\u00edcios para todas as pessoas. Imagina na gesta\u00e7\u00e3o? E suas quest\u00f5es emocionais e f\u00edsicas?\",\"breadcrumb\":{\"@id\":\"https:\\\/\\\/www.sabra.org.br\\\/site\\\/musica-gestacao\\\/#breadcrumb\"},\"inLanguage\":\"pt-BR\",\"potentialAction\":[{\"@type\":\"ReadAction\",\"target\":[\"https:\\\/\\\/www.sabra.org.br\\\/site\\\/musica-gestacao\\\/\"]}]},{\"@type\":\"ImageObject\",\"inLanguage\":\"pt-BR\",\"@id\":\"https:\\\/\\\/www.sabra.org.br\\\/site\\\/musica-gestacao\\\/#primaryimage\",\"url\":\"https:\\\/\\\/www.sabra.org.br\\\/site\\\/wp-content\\\/uploads\\\/2022\\\/11\\\/x-beneficios-da-musica-na-gestacao-20221007143620.jpg.jpg\",\"contentUrl\":\"https:\\\/\\\/www.sabra.org.br\\\/site\\\/wp-content\\\/uploads\\\/2022\\\/11\\\/x-beneficios-da-musica-na-gestacao-20221007143620.jpg.jpg\",\"width\":800,\"height\":533,\"caption\":\"Sociedade Art\u00edstica Brasileira SABRA\"},{\"@type\":\"BreadcrumbList\",\"@id\":\"https:\\\/\\\/www.sabra.org.br\\\/site\\\/musica-gestacao\\\/#breadcrumb\",\"itemListElement\":[{\"@type\":\"ListItem\",\"position\":1,\"name\":\"In\u00edcio\",\"item\":\"https:\\\/\\\/www.sabra.org.br\\\/site\\\/\"},{\"@type\":\"ListItem\",\"position\":2,\"name\":\"Benef\u00edcios da m\u00fasica na gesta\u00e7\u00e3o\"}]},{\"@type\":\"WebSite\",\"@id\":\"https:\\\/\\\/www.sabra.org.br\\\/site\\\/#website\",\"url\":\"https:\\\/\\\/www.sabra.org.br\\\/site\\\/\",\"name\":\"SABRA - Sociedade Art\u00edstica Brasileira\",\"description\":\"Escola de M\u00fasica, Orquestra Sinf\u00f4nica, Coral e Patrim\u00f4nio Cultural e Hist\u00f3rico\",\"publisher\":{\"@id\":\"https:\\\/\\\/www.sabra.org.br\\\/site\\\/#organization\"},\"potentialAction\":[{\"@type\":\"SearchAction\",\"target\":{\"@type\":\"EntryPoint\",\"urlTemplate\":\"https:\\\/\\\/www.sabra.org.br\\\/site\\\/?s={search_term_string}\"},\"query-input\":{\"@type\":\"PropertyValueSpecification\",\"valueRequired\":true,\"valueName\":\"search_term_string\"}}],\"inLanguage\":\"pt-BR\"},{\"@type\":\"Organization\",\"@id\":\"https:\\\/\\\/www.sabra.org.br\\\/site\\\/#organization\",\"name\":\"SOCIEDADE ART\u00cdSTICA BRASILEIRA SABRA\",\"alternateName\":\"SABRA\",\"url\":\"https:\\\/\\\/www.sabra.org.br\\\/site\\\/\",\"logo\":{\"@type\":\"ImageObject\",\"inLanguage\":\"pt-BR\",\"@id\":\"https:\\\/\\\/www.sabra.org.br\\\/site\\\/#\\\/schema\\\/logo\\\/image\\\/\",\"url\":\"https:\\\/\\\/www.sabra.org.br\\\/site\\\/wp-content\\\/uploads\\\/2019\\\/06\\\/cropped-Logo_SABRA-Copia-1.webp\",\"contentUrl\":\"https:\\\/\\\/www.sabra.org.br\\\/site\\\/wp-content\\\/uploads\\\/2019\\\/06\\\/cropped-Logo_SABRA-Copia-1.webp\",\"width\":400,\"height\":128,\"caption\":\"SOCIEDADE ART\u00cdSTICA BRASILEIRA SABRA\"},\"image\":{\"@id\":\"https:\\\/\\\/www.sabra.org.br\\\/site\\\/#\\\/schema\\\/logo\\\/image\\\/\"},\"sameAs\":[\"https:\\\/\\\/www.facebook.com\\\/sabrabrasil\",\"https:\\\/\\\/x.com\\\/ContatoSabra\",\"https:\\\/\\\/www.instagram.com\\\/sabrabrasil\\\/\",\"https:\\\/\\\/www.linkedin.com\\\/company\\\/25002088\\\/\",\"https:\\\/\\\/br.pinterest.com\\\/sociedadeartisticabrasileira\\\/\",\"https:\\\/\\\/www.youtube.com\\\/c\\\/sabrabrasil\"]},{\"@type\":\"Person\",\"@id\":\"https:\\\/\\\/www.sabra.org.br\\\/site\\\/#\\\/schema\\\/person\\\/7d1d222c3c8891d4c37c7b41bf6315c2\",\"name\":\"M\u00e1rcio Miranda Pontes\",\"image\":{\"@type\":\"ImageObject\",\"inLanguage\":\"pt-BR\",\"@id\":\"https:\\\/\\\/secure.gravatar.com\\\/avatar\\\/3b45f24496a7625a3a6c436688fbe20344faaeb2979658dc4a9921f984d7df9a?s=96&d=mm&r=g\",\"url\":\"https:\\\/\\\/secure.gravatar.com\\\/avatar\\\/3b45f24496a7625a3a6c436688fbe20344faaeb2979658dc4a9921f984d7df9a?s=96&d=mm&r=g\",\"contentUrl\":\"https:\\\/\\\/secure.gravatar.com\\\/avatar\\\/3b45f24496a7625a3a6c436688fbe20344faaeb2979658dc4a9921f984d7df9a?s=96&d=mm&r=g\",\"caption\":\"M\u00e1rcio Miranda Pontes\"},\"sameAs\":[\"http:\\\/\\\/www.sabra.org.br\"],\"url\":\"https:\\\/\\\/www.sabra.org.br\\\/site\\\/author\\\/marcio-miranda-pontes\\\/\"}]}<\/script>\n<!-- \/ Yoast SEO plugin. -->","yoast_head_json":{"title":"M\u00fasica e gesta\u00e7\u00e3o - SABRA - Sociedade Art\u00edstica Brasileira","description":"A m\u00fasica traz uma grande quantidade de benef\u00edcios para todas as pessoas. Imagina na gesta\u00e7\u00e3o? E suas quest\u00f5es emocionais e f\u00edsicas?","robots":{"index":"index","follow":"follow","max-snippet":"max-snippet:-1","max-image-preview":"max-image-preview:large","max-video-preview":"max-video-preview:-1"},"canonical":"https:\/\/www.sabra.org.br\/site\/musica-gestacao\/","og_locale":"pt_BR","og_type":"article","og_title":"M\u00fasica e gesta\u00e7\u00e3o - SABRA - Sociedade Art\u00edstica Brasileira","og_description":"A m\u00fasica traz uma grande quantidade de benef\u00edcios para todas as pessoas. Imagina na gesta\u00e7\u00e3o? E suas quest\u00f5es emocionais e f\u00edsicas?","og_url":"https:\/\/www.sabra.org.br\/site\/musica-gestacao\/","og_site_name":"SABRA - Sociedade Art\u00edstica Brasileira","article_publisher":"https:\/\/www.facebook.com\/sabrabrasil","article_published_time":"2022-11-02T12:47:39+00:00","og_image":[{"width":800,"height":533,"url":"https:\/\/i0.wp.com\/www.sabra.org.br\/site\/wp-content\/uploads\/2022\/11\/x-beneficios-da-musica-na-gestacao-20221007143620.jpg.jpg?fit=800%2C533&ssl=1","type":"image\/jpeg"}],"author":"M\u00e1rcio Miranda Pontes","twitter_card":"summary_large_image","twitter_creator":"@ContatoSabra","twitter_site":"@ContatoSabra","twitter_misc":{"Escrito por":"M\u00e1rcio Miranda Pontes","Est. tempo de leitura":"4 minutos"},"schema":{"@context":"https:\/\/schema.org","@graph":[{"@type":"Article","@id":"https:\/\/www.sabra.org.br\/site\/musica-gestacao\/#article","isPartOf":{"@id":"https:\/\/www.sabra.org.br\/site\/musica-gestacao\/"},"author":{"name":"M\u00e1rcio Miranda Pontes","@id":"https:\/\/www.sabra.org.br\/site\/#\/schema\/person\/7d1d222c3c8891d4c37c7b41bf6315c2"},"headline":"Benef\u00edcios da m\u00fasica na gesta\u00e7\u00e3o","datePublished":"2022-11-02T12:47:39+00:00","mainEntityOfPage":{"@id":"https:\/\/www.sabra.org.br\/site\/musica-gestacao\/"},"wordCount":755,"publisher":{"@id":"https:\/\/www.sabra.org.br\/site\/#organization"},"image":{"@id":"https:\/\/www.sabra.org.br\/site\/musica-gestacao\/#primaryimage"},"thumbnailUrl":"https:\/\/www.sabra.org.br\/site\/wp-content\/uploads\/2022\/11\/x-beneficios-da-musica-na-gestacao-20221007143620.jpg.jpg","keywords":["Assist\u00eancia social","Belo Horizonte","Cabo Frio","Campos dos Goytacazes","Canto Coral","Contagem","Escola de Musica SABRA","Ibirit\u00e9","Musicaliza\u00e7\u00e3o Infantil","nova lima","Orquestra Infanto Juvenil de Betim","Orquestra Sinf\u00f4nica de Betim","Raposos","Sociedade Art\u00edstica Brasileira"],"articleSection":["Blog SABRA"],"inLanguage":"pt-BR"},{"@type":"WebPage","@id":"https:\/\/www.sabra.org.br\/site\/musica-gestacao\/","url":"https:\/\/www.sabra.org.br\/site\/musica-gestacao\/","name":"M\u00fasica e gesta\u00e7\u00e3o - SABRA - Sociedade Art\u00edstica Brasileira","isPartOf":{"@id":"https:\/\/www.sabra.org.br\/site\/#website"},"primaryImageOfPage":{"@id":"https:\/\/www.sabra.org.br\/site\/musica-gestacao\/#primaryimage"},"image":{"@id":"https:\/\/www.sabra.org.br\/site\/musica-gestacao\/#primaryimage"},"thumbnailUrl":"https:\/\/www.sabra.org.br\/site\/wp-content\/uploads\/2022\/11\/x-beneficios-da-musica-na-gestacao-20221007143620.jpg.jpg","datePublished":"2022-11-02T12:47:39+00:00","description":"A m\u00fasica traz uma grande quantidade de benef\u00edcios para todas as pessoas. Imagina na gesta\u00e7\u00e3o? E suas quest\u00f5es emocionais e f\u00edsicas?","breadcrumb":{"@id":"https:\/\/www.sabra.org.br\/site\/musica-gestacao\/#breadcrumb"},"inLanguage":"pt-BR","potentialAction":[{"@type":"ReadAction","target":["https:\/\/www.sabra.org.br\/site\/musica-gestacao\/"]}]},{"@type":"ImageObject","inLanguage":"pt-BR","@id":"https:\/\/www.sabra.org.br\/site\/musica-gestacao\/#primaryimage","url":"https:\/\/www.sabra.org.br\/site\/wp-content\/uploads\/2022\/11\/x-beneficios-da-musica-na-gestacao-20221007143620.jpg.jpg","contentUrl":"https:\/\/www.sabra.org.br\/site\/wp-content\/uploads\/2022\/11\/x-beneficios-da-musica-na-gestacao-20221007143620.jpg.jpg","width":800,"height":533,"caption":"Sociedade Art\u00edstica Brasileira SABRA"},{"@type":"BreadcrumbList","@id":"https:\/\/www.sabra.org.br\/site\/musica-gestacao\/#breadcrumb","itemListElement":[{"@type":"ListItem","position":1,"name":"In\u00edcio","item":"https:\/\/www.sabra.org.br\/site\/"},{"@type":"ListItem","position":2,"name":"Benef\u00edcios da m\u00fasica na gesta\u00e7\u00e3o"}]},{"@type":"WebSite","@id":"https:\/\/www.sabra.org.br\/site\/#website","url":"https:\/\/www.sabra.org.br\/site\/","name":"SABRA - Sociedade Art\u00edstica Brasileira","description":"Escola de M\u00fasica, Orquestra Sinf\u00f4nica, Coral e Patrim\u00f4nio Cultural e Hist\u00f3rico","publisher":{"@id":"https:\/\/www.sabra.org.br\/site\/#organization"},"potentialAction":[{"@type":"SearchAction","target":{"@type":"EntryPoint","urlTemplate":"https:\/\/www.sabra.org.br\/site\/?s={search_term_string}"},"query-input":{"@type":"PropertyValueSpecification","valueRequired":true,"valueName":"search_term_string"}}],"inLanguage":"pt-BR"},{"@type":"Organization","@id":"https:\/\/www.sabra.org.br\/site\/#organization","name":"SOCIEDADE ART\u00cdSTICA BRASILEIRA SABRA","alternateName":"SABRA","url":"https:\/\/www.sabra.org.br\/site\/","logo":{"@type":"ImageObject","inLanguage":"pt-BR","@id":"https:\/\/www.sabra.org.br\/site\/#\/schema\/logo\/image\/","url":"https:\/\/www.sabra.org.br\/site\/wp-content\/uploads\/2019\/06\/cropped-Logo_SABRA-Copia-1.webp","contentUrl":"https:\/\/www.sabra.org.br\/site\/wp-content\/uploads\/2019\/06\/cropped-Logo_SABRA-Copia-1.webp","width":400,"height":128,"caption":"SOCIEDADE ART\u00cdSTICA BRASILEIRA SABRA"},"image":{"@id":"https:\/\/www.sabra.org.br\/site\/#\/schema\/logo\/image\/"},"sameAs":["https:\/\/www.facebook.com\/sabrabrasil","https:\/\/x.com\/ContatoSabra","https:\/\/www.instagram.com\/sabrabrasil\/","https:\/\/www.linkedin.com\/company\/25002088\/","https:\/\/br.pinterest.com\/sociedadeartisticabrasileira\/","https:\/\/www.youtube.com\/c\/sabrabrasil"]},{"@type":"Person","@id":"https:\/\/www.sabra.org.br\/site\/#\/schema\/person\/7d1d222c3c8891d4c37c7b41bf6315c2","name":"M\u00e1rcio Miranda Pontes","image":{"@type":"ImageObject","inLanguage":"pt-BR","@id":"https:\/\/secure.gravatar.com\/avatar\/3b45f24496a7625a3a6c436688fbe20344faaeb2979658dc4a9921f984d7df9a?s=96&d=mm&r=g","url":"https:\/\/secure.gravatar.com\/avatar\/3b45f24496a7625a3a6c436688fbe20344faaeb2979658dc4a9921f984d7df9a?s=96&d=mm&r=g","contentUrl":"https:\/\/secure.gravatar.com\/avatar\/3b45f24496a7625a3a6c436688fbe20344faaeb2979658dc4a9921f984d7df9a?s=96&d=mm&r=g","caption":"M\u00e1rcio Miranda Pontes"},"sameAs":["http:\/\/www.sabra.org.br"],"url":"https:\/\/www.sabra.org.br\/site\/author\/marcio-miranda-pontes\/"}]}},"jetpack_featured_media_url":"https:\/\/www.sabra.org.br\/site\/wp-content\/uploads\/2022\/11\/x-beneficios-da-musica-na-gestacao-20221007143620.jpg.jpg","jetpack_shortlink":"https:\/\/wp.me\/p95j2Z-1BF","jetpack-related-posts":[{"id":13321,"url":"https:\/\/www.sabra.org.br\/site\/a-influencia-da-musica-na-gestacao\/","url_meta":{"origin":6179,"position":0},"title":"A influ\u00eancia da m\u00fasica na gesta\u00e7\u00e3o","author":"","date":"22 de agosto de 2025","format":false,"excerpt":"Que a m\u00fasica \u00e9 capaz de relaxar, entreter, servir como companhia, entre uma s\u00e9rie de outras possibilidades, promovendo in\u00fameros benef\u00edcios para a sa\u00fade e o bem-estar, n\u00e3o \u00e9 surpresa para ningu\u00e9m. O que talvez nem todos saibam s\u00e3o os impactos positivos que a m\u00fasica proporciona no desenvolvimento de uma crian\u00e7a\u2026","rel":"","context":"Em &quot;Blog SABRA&quot;","block_context":{"text":"Blog SABRA","link":"https:\/\/www.sabra.org.br\/site\/category\/blog-sabra\/"},"img":{"alt_text":"","src":"","width":0,"height":0},"classes":[]},{"id":2364,"url":"https:\/\/www.sabra.org.br\/site\/musica-para-bebes\/","url_meta":{"origin":6179,"position":1},"title":"M\u00fasica para os beb\u00eas","author":"M\u00e1rcio Miranda Pontes","date":"4 de outubro de 2019","format":false,"excerpt":"Ouvir m\u00fasica \u00e9 uma del\u00edcia a qualquer momento do dia. Voc\u00ea sabia que a m\u00fasica tamb\u00e9m faz muito bem para os beb\u00eas? Conhe\u00e7a na mat\u00e9ria benef\u00edcios da m\u00fasica para os beb\u00eas!","rel":"","context":"Em &quot;Blog SABRA&quot;","block_context":{"text":"Blog SABRA","link":"https:\/\/www.sabra.org.br\/site\/category\/blog-sabra\/"},"img":{"alt_text":"musica-bebes","src":"https:\/\/i0.wp.com\/www.sabra.org.br\/site\/wp-content\/uploads\/2019\/10\/x-beneficios-das-musicas-para-os-bebes-20171219145022.jpg.jpg?resize=350%2C200&ssl=1","width":350,"height":200,"srcset":"https:\/\/i0.wp.com\/www.sabra.org.br\/site\/wp-content\/uploads\/2019\/10\/x-beneficios-das-musicas-para-os-bebes-20171219145022.jpg.jpg?resize=350%2C200&ssl=1 1x, https:\/\/i0.wp.com\/www.sabra.org.br\/site\/wp-content\/uploads\/2019\/10\/x-beneficios-das-musicas-para-os-bebes-20171219145022.jpg.jpg?resize=525%2C300&ssl=1 1.5x, https:\/\/i0.wp.com\/www.sabra.org.br\/site\/wp-content\/uploads\/2019\/10\/x-beneficios-das-musicas-para-os-bebes-20171219145022.jpg.jpg?resize=700%2C400&ssl=1 2x, https:\/\/i0.wp.com\/www.sabra.org.br\/site\/wp-content\/uploads\/2019\/10\/x-beneficios-das-musicas-para-os-bebes-20171219145022.jpg.jpg?resize=1050%2C600&ssl=1 3x"},"classes":[]},{"id":4140,"url":"https:\/\/www.sabra.org.br\/site\/musica-beneficios\/","url_meta":{"origin":6179,"position":2},"title":"A m\u00fasica e seu poder de nos inspirar","author":"M\u00e1rcio Miranda Pontes","date":"27 de agosto de 2021","format":false,"excerpt":"A m\u00fasica e seu poder de nos inspirar Sabemos que a m\u00fasica ocupa um papel importante no mundo e na vida das pessoas. Mas voc\u00ea sabe quais s\u00e3o os seus benef\u00edcios sa\u00fade mental e sociabilidade? Aprenda neste artigo! Patroci\u0301nio m\u00e1ster: @institutounimedbh, viabilizado pelo incentivo de mais de 5,2 mil m\u00e9dicos\u2026","rel":"","context":"Em &quot;Blog SABRA&quot;","block_context":{"text":"Blog SABRA","link":"https:\/\/www.sabra.org.br\/site\/category\/blog-sabra\/"},"img":{"alt_text":"m\u00fasica-social-benef\u00edcios-cultura","src":"https:\/\/i0.wp.com\/www.sabra.org.br\/site\/wp-content\/uploads\/2021\/08\/a-musica-e-seu-poder-de-nos-inspirar-20210125102928.jpg.jpg?resize=350%2C200&ssl=1","width":350,"height":200,"srcset":"https:\/\/i0.wp.com\/www.sabra.org.br\/site\/wp-content\/uploads\/2021\/08\/a-musica-e-seu-poder-de-nos-inspirar-20210125102928.jpg.jpg?resize=350%2C200&ssl=1 1x, https:\/\/i0.wp.com\/www.sabra.org.br\/site\/wp-content\/uploads\/2021\/08\/a-musica-e-seu-poder-de-nos-inspirar-20210125102928.jpg.jpg?resize=525%2C300&ssl=1 1.5x, https:\/\/i0.wp.com\/www.sabra.org.br\/site\/wp-content\/uploads\/2021\/08\/a-musica-e-seu-poder-de-nos-inspirar-20210125102928.jpg.jpg?resize=700%2C400&ssl=1 2x"},"classes":[]},{"id":9312,"url":"https:\/\/www.sabra.org.br\/site\/cognitivas-cerebro\/","url_meta":{"origin":6179,"position":3},"title":"Como a pr\u00e1tica musical pode retardar o decl\u00ednio cognitivo em idosos?","author":"M\u00e1rcio Miranda Pontes","date":"15 de abril de 2024","format":false,"excerpt":"Prepare-se para descobrir os benef\u00edcios surpreendentes da m\u00fasica para a sa\u00fade cognitiva e emocional dos idosos. N\u00e3o perca a oportunidade de desvendar esse fascinante segredo para uma mente ativa e saud\u00e1vel.","rel":"","context":"Em &quot;Blog SABRA&quot;","block_context":{"text":"Blog SABRA","link":"https:\/\/www.sabra.org.br\/site\/category\/blog-sabra\/"},"img":{"alt_text":"sabra-m\u00fasica-c\u00e9rebro-cognitiva-musical-sa\u00fade-pr\u00e1tica-est\u00edmulo-instrumento","src":"https:\/\/i0.wp.com\/www.sabra.org.br\/site\/wp-content\/uploads\/2024\/04\/como-a-pratica-musical-pode-retardar-o-declinio-cognitivo-em-idososjpg-20240229111914.jpg-jpg.webp?resize=350%2C200&ssl=1","width":350,"height":200,"srcset":"https:\/\/i0.wp.com\/www.sabra.org.br\/site\/wp-content\/uploads\/2024\/04\/como-a-pratica-musical-pode-retardar-o-declinio-cognitivo-em-idososjpg-20240229111914.jpg-jpg.webp?resize=350%2C200&ssl=1 1x, https:\/\/i0.wp.com\/www.sabra.org.br\/site\/wp-content\/uploads\/2024\/04\/como-a-pratica-musical-pode-retardar-o-declinio-cognitivo-em-idososjpg-20240229111914.jpg-jpg.webp?resize=525%2C300&ssl=1 1.5x, https:\/\/i0.wp.com\/www.sabra.org.br\/site\/wp-content\/uploads\/2024\/04\/como-a-pratica-musical-pode-retardar-o-declinio-cognitivo-em-idososjpg-20240229111914.jpg-jpg.webp?resize=700%2C400&ssl=1 2x"},"classes":[]},{"id":5346,"url":"https:\/\/www.sabra.org.br\/site\/musica-classica-criancas\/","url_meta":{"origin":6179,"position":4},"title":"Benef\u00edcios da m\u00fasica cl\u00e1ssica para as crian\u00e7as","author":"M\u00e1rcio Miranda Pontes","date":"13 de julho de 2022","format":false,"excerpt":"Que escutar e aprender m\u00fasica cl\u00e1ssica traz in\u00fameras vantagens para nossa vida voc\u00ea j\u00e1 sabe. Mas voc\u00ea conhece os benef\u00edcios desse g\u00eanero musical na vida das crian\u00e7as?","rel":"","context":"Em &quot;Blog SABRA&quot;","block_context":{"text":"Blog SABRA","link":"https:\/\/www.sabra.org.br\/site\/category\/blog-sabra\/"},"img":{"alt_text":"beneficio-musica-classica-crian\u00e7a","src":"https:\/\/i0.wp.com\/www.sabra.org.br\/site\/wp-content\/uploads\/2022\/07\/x-beneficios-da-musica-classica-para-as-criancas-20220513105253.jpg.jpg?resize=350%2C200&ssl=1","width":350,"height":200,"srcset":"https:\/\/i0.wp.com\/www.sabra.org.br\/site\/wp-content\/uploads\/2022\/07\/x-beneficios-da-musica-classica-para-as-criancas-20220513105253.jpg.jpg?resize=350%2C200&ssl=1 1x, https:\/\/i0.wp.com\/www.sabra.org.br\/site\/wp-content\/uploads\/2022\/07\/x-beneficios-da-musica-classica-para-as-criancas-20220513105253.jpg.jpg?resize=525%2C300&ssl=1 1.5x, https:\/\/i0.wp.com\/www.sabra.org.br\/site\/wp-content\/uploads\/2022\/07\/x-beneficios-da-musica-classica-para-as-criancas-20220513105253.jpg.jpg?resize=700%2C400&ssl=1 2x"},"classes":[]},{"id":2266,"url":"https:\/\/www.sabra.org.br\/site\/musica-saude\/","url_meta":{"origin":6179,"position":5},"title":"M\u00fasica e sa\u00fade","author":"M\u00e1rcio Miranda Pontes","date":"25 de julho de 2019","format":false,"excerpt":"A m\u00fasica \u00e9 uma arte que encanta e emociona, mas voc\u00ea sabia que ela tamb\u00e9m tem uma forte rela\u00e7\u00e3o com a sa\u00fade? Entenda melhor esse assunto!","rel":"","context":"Em &quot;Blog SABRA&quot;","block_context":{"text":"Blog SABRA","link":"https:\/\/www.sabra.org.br\/site\/category\/blog-sabra\/"},"img":{"alt_text":"musica-saude","src":"https:\/\/i0.wp.com\/www.sabra.org.br\/site\/wp-content\/uploads\/2019\/07\/musica-e-saude-qual-a-relacao-20171219145022.jpg.jpg?resize=350%2C200&ssl=1","width":350,"height":200,"srcset":"https:\/\/i0.wp.com\/www.sabra.org.br\/site\/wp-content\/uploads\/2019\/07\/musica-e-saude-qual-a-relacao-20171219145022.jpg.jpg?resize=350%2C200&ssl=1 1x, https:\/\/i0.wp.com\/www.sabra.org.br\/site\/wp-content\/uploads\/2019\/07\/musica-e-saude-qual-a-relacao-20171219145022.jpg.jpg?resize=525%2C300&ssl=1 1.5x, https:\/\/i0.wp.com\/www.sabra.org.br\/site\/wp-content\/uploads\/2019\/07\/musica-e-saude-qual-a-relacao-20171219145022.jpg.jpg?resize=700%2C400&ssl=1 2x"},"classes":[]}],"jetpack_likes_enabled":true,"jetpack_sharing_enabled":true,"_links":{"self":[{"href":"https:\/\/www.sabra.org.br\/site\/wp-json\/wp\/v2\/posts\/6179","targetHints":{"allow":["GET"]}}],"collection":[{"href":"https:\/\/www.sabra.org.br\/site\/wp-json\/wp\/v2\/posts"}],"about":[{"href":"https:\/\/www.sabra.org.br\/site\/wp-json\/wp\/v2\/types\/post"}],"author":[{"embeddable":true,"href":"https:\/\/www.sabra.org.br\/site\/wp-json\/wp\/v2\/users\/39"}],"replies":[{"embeddable":true,"href":"https:\/\/www.sabra.org.br\/site\/wp-json\/wp\/v2\/comments?post=6179"}],"version-history":[{"count":0,"href":"https:\/\/www.sabra.org.br\/site\/wp-json\/wp\/v2\/posts\/6179\/revisions"}],"wp:featuredmedia":[{"embeddable":true,"href":"https:\/\/www.sabra.org.br\/site\/wp-json\/wp\/v2\/media\/6181"}],"wp:attachment":[{"href":"https:\/\/www.sabra.org.br\/site\/wp-json\/wp\/v2\/media?parent=6179"}],"wp:term":[{"taxonomy":"category","embeddable":true,"href":"https:\/\/www.sabra.org.br\/site\/wp-json\/wp\/v2\/categories?post=6179"},{"taxonomy":"post_tag","embeddable":true,"href":"https:\/\/www.sabra.org.br\/site\/wp-json\/wp\/v2\/tags?post=6179"}],"curies":[{"name":"wp","href":"https:\/\/api.w.org\/{rel}","templated":true}]}}