{"id":623,"date":"2017-09-04T13:17:27","date_gmt":"2017-09-04T16:17:27","guid":{"rendered":"http:\/\/www.sabra.org.br\/site\/?p=623"},"modified":"2025-04-20T19:11:59","modified_gmt":"2025-04-20T22:11:59","slug":"coral-exercicios-para-aquecimento-vocal","status":"publish","type":"post","link":"https:\/\/www.sabra.org.br\/site\/coral-exercicios-para-aquecimento-vocal\/","title":{"rendered":"Coral: exerc\u00edcios para aquecimento vocal"},"content":{"rendered":"<p>&nbsp;<\/p>\n<p>O coral \u00e9 uma atividade coletiva, que re\u00fane diversas pessoas em torno da m\u00fasica, mais especificamente do coro ou canto. Mas para entrar na frequ\u00eancia do som e garantir afina\u00e7\u00e3o \u00e9 muito importante realizar exerc\u00edcios de aquecimento vocal.<\/p>\n<p>Al\u00e9m deles, existe outra etapa posterior que muitas vezes \u00e9 negligenciada: o desaquecimento da voz. Ambos s\u00e3o fundamentais para garantir a sa\u00fade do profissional por meio da conserva\u00e7\u00e3o do aparelho fonador e dos m\u00fasculos envolvidos no canto.<\/p>\n<p>Aprenda alguns exerc\u00edcios para preparar e afinar a sua voz antes e depois do espet\u00e1culo.<\/p>\n<h3>Aquecimento e desaquecimento vocal<\/h3>\n<p>No mundo dos esportes os praticantes t\u00eam o h\u00e1bito de aquecer o corpo antes de qualquer atividade f\u00edsica para prepar\u00e1-lo e evitar les\u00f5es. Tamb\u00e9m depois dos exerc\u00edcios \u00e9 feito um alongamento e\/ou relaxamento para a soltura dos m\u00fasculos.<\/p>\n<p>Assim tamb\u00e9m funciona com o canto. Os exerc\u00edcios iniciais servem para preparar a respira\u00e7\u00e3o, as cordas vocais e todos os \u00f3rg\u00e3os envolvidos na atividade, bem como aumentar o fluxo sangu\u00edneo e preservar o aparelho fonador. Al\u00e9m disso, tamb\u00e9m melhoram o timbre, o controle vocal e a afina\u00e7\u00e3o, e funcionam como uma concentra\u00e7\u00e3o para o canto coletivo que vir\u00e1. J\u00e1 o desaquecimento ajuda o ajuste fono-respirat\u00f3rio a voltar ao normal da voz coloquial.<\/p>\n<p>A consequ\u00eancia de n\u00e3o ter uma rotina de aquecimento e desaquecimento \u00e9 de longo prazo, ou seja, aparece somente com o tempo e, geralmente, quando se manifesta j\u00e1 \u00e9 preciso interven\u00e7\u00e3o m\u00e9dica.<\/p>\n<h3>Exerc\u00edcios vocais<\/h3>\n<p>Para o aquecimento vocal, o tempo recomendado varia de 10 a 30 minutos. Os exerc\u00edcios envolvem a soltura do corpo e o preparo da respira\u00e7\u00e3o e da voz. Por isso, recomenda-se iniciar o treino com o alongamento de todas as articula\u00e7\u00f5es do corpo (bra\u00e7os, ombros, cervical, pernas, etc.).<\/p>\n<p>Em seguida, um ou dois exerc\u00edcios de respira\u00e7\u00e3o s\u00e3o suficientes para trabalhar os pulm\u00f5es e a expans\u00e3o do abd\u00f4men, costelas e diafragma. Uma op\u00e7\u00e3o \u00e9 inspirar pelo nariz e expirar pela boca, soltando o ar de forma lenta enquanto busca ampliar o per\u00edodo de inspira\u00e7\u00e3o e de expira\u00e7\u00e3o.<\/p>\n<p>Por fim, o aquecimento vocal propriamente pode ser feito com diversos exerc\u00edcios, inclusive variando a sequ\u00eancia em cada aquecimento. Para come\u00e7ar, por exemplo, o grupo pode vibrar os l\u00e1bios emitindo o som \u201cBrrrrrrrrrr\u201d e depois vibrar a l\u00edngua emitindo o som \u201cTrrrrrrrrrr\u201d por 3 minutos cada exerc\u00edcio. O treino pode ser feito de forma continuada ou em escala do grave para o agudo.<\/p>\n<p>Tamb\u00e9m recomenda-se emitir um \u201chmmmm\u201d mastigado em escala ascendente e depois sons nasais \u201cm\u201d e \u201cn\u201d em conjunto com movimentos de l\u00edngua e mastiga\u00e7\u00e3o. Vocalizar a sequ\u00eancia de vogais (a, \u00e9, \u00ea, i, \u00f3, \u00f4, u) \u00e9 outra pr\u00e1tica comum e pode ser feita com um trabalho de extens\u00e3o vocal e controle de intensidade, seguido de suspiros e bocejos.<\/p>\n<p>J\u00e1 o desaquecimento \u00e9 uma pr\u00e1tica menos comum, mas igualmente importante. Uma das formas de faz\u00ea-lo \u00e9 manter-se em sil\u00eancio por cerca de 5 minutos. Outras op\u00e7\u00f5es s\u00e3o a realiza\u00e7\u00e3o de exerc\u00edcios de baixa intensidade por 5 a 10 minutos, como a rota\u00e7\u00e3o da cabe\u00e7a enquanto pronuncia as vogais \u201cA\u201d, \u201cO\u201d e \u201cU\u201d, fazer massagens digitais na laringe, vocalizar s\u00edlabas em voz salmodiada, bocejos, suspiros, engolir e mastigar.<\/p>\n<blockquote class=\"wp-embedded-content\" data-secret=\"6lWOar8BIK\"><p><a href=\"https:\/\/www.sabra.org.br\/site\/exercicios-fisicos\/\">Exerc\u00edcios e M\u00fasica: uma combina\u00e7\u00e3o perfeita<\/a><\/p><\/blockquote>\n<p><iframe class=\"wp-embedded-content\" sandbox=\"allow-scripts\" security=\"restricted\" style=\"position: absolute; visibility: hidden;\" title=\"&#8220;Exerc\u00edcios e M\u00fasica: uma combina\u00e7\u00e3o perfeita&#8221; &#8212; SABRA - Sociedade Art\u00edstica Brasileira\" src=\"https:\/\/www.sabra.org.br\/site\/exercicios-fisicos\/embed\/#?secret=d4NJIFBQSn#?secret=6lWOar8BIK\" data-secret=\"6lWOar8BIK\" width=\"600\" height=\"338\" frameborder=\"0\" marginwidth=\"0\" marginheight=\"0\" scrolling=\"no\"><\/iframe><\/p>\n<hr \/>\n<h2>Se voc\u00ea gostou deste post:<\/h2>\n<p>&#8211; SIGA as nossas p\u00e1ginas nas redes sociais para acompanhar as nossas atualiza\u00e7\u00f5es: estamos no <a href=\"https:\/\/www.facebook.com\/sabrabrasil\" target=\"_blank\" rel=\"noopener\">Facebook<\/a>, no <a href=\"https:\/\/www.instagram.com\/sabrabrasil\/\" target=\"_blank\" rel=\"noopener\">Instagram<\/a>, no <a href=\"https:\/\/www.linkedin.com\/company\/25002088\" target=\"_blank\" rel=\"noopener\">LinkedIn<\/a>, no <a href=\"https:\/\/x.com\/ContatoSabra\" target=\"_blank\" rel=\"noopener\">X<\/a> e no <a href=\"https:\/\/www.youtube.com\/channel\/UCJw-kbuEvzUNdeQf20Pa-eQ\" target=\"_blank\" rel=\"noopener\">YouTube<\/a>!<\/p>\n<p>&#8211; CONHE\u00c7A o trabalho da Sociedade Art\u00edstica Brasileira (SABRA) e todas as iniciativas culturais e sociais que ela mant\u00e9m. <a href=\"https:\/\/www.sabra.org.br\/site\/acoes\/\" target=\"_blank\" rel=\"noopener\">Acesse nosso site!<\/a><\/p>\n<p>&#8211; ENTRE EM CONTATO com a gente. E veja quais s\u00e3o as op\u00e7\u00f5es de ajuda na manuten\u00e7\u00e3o de nossas a\u00e7\u00f5es sociais e culturais. Basta acessar nossa p\u00e1gina <a href=\"https:\/\/www.sabra.org.br\/site\/doe-agora\/\" target=\"_blank\" rel=\"noopener\">Doe Agora!<\/a><\/p>\n<p>&#8211; COMPARTILHE este texto nas suas redes sociais e ajude os seus amigos a tamb\u00e9m dominarem o assunto!<\/p>\n<p>\u2013   Os projetos da @sabrabrasil s\u00e3o realizados com o patroci\u0301nio m\u00e1ster: @institutounimedbh, viabilizado pelo incentivo de mais de 5,7 mil m\u00e9dicos cooperados e colaboradores via Lei de Incentivo \u00e0 Cultura &#8211; @culturagovbr<\/p>\n","protected":false},"excerpt":{"rendered":"<p>Transforme sua performance com dicas sobre aquecimento vocal e desaquecimento da voz para cantores e coralistas.<\/p>\n","protected":false},"author":39,"featured_media":624,"comment_status":"closed","ping_status":"closed","sticky":false,"template":"","format":"standard","meta":{"jetpack_post_was_ever_published":false,"_jetpack_newsletter_access":"","_jetpack_dont_email_post_to_subs":false,"_jetpack_newsletter_tier_id":0,"_jetpack_memberships_contains_paywalled_content":false,"_jetpack_memberships_contains_paid_content":false,"footnotes":""},"categories":[1],"tags":[1738,15,2757,3626,3623,8,3629,1285,16,1286,11,3622,9],"class_list":["post-623","post","type-post","status-publish","format-standard","has-post-thumbnail","hentry","category-blog-sabra","tag-nova-lima","tag-assistencia-social","tag-belo-horizonte","tag-cabo-frio","tag-campos-dos-goytacazes","tag-canto-coral","tag-contagem","tag-escola-de-musica-sabra","tag-musicalizacao-infantil","tag-orquestra-infanto-juvenil-de-betim","tag-orquestra-sinfonica-de-betim","tag-raposos","tag-sociedade-artistica-brasileira"],"yoast_head":"<!-- This site is optimized with the Yoast SEO plugin v27.5 - https:\/\/yoast.com\/product\/yoast-seo-wordpress\/ -->\n<title>Aquecimento vocal e desaquecimento da voz - SABRA - Sociedade Art\u00edstica Brasileira<\/title>\n<meta name=\"description\" content=\"Transforme sua performance com dicas sobre aquecimento vocal e desaquecimento da voz para cantores e coralistas.\" \/>\n<meta name=\"robots\" content=\"index, follow, max-snippet:-1, max-image-preview:large, max-video-preview:-1\" \/>\n<link rel=\"canonical\" href=\"https:\/\/www.sabra.org.br\/site\/coral-exercicios-para-aquecimento-vocal\/\" \/>\n<meta property=\"og:locale\" content=\"pt_BR\" \/>\n<meta property=\"og:type\" content=\"article\" \/>\n<meta property=\"og:title\" content=\"Aquecimento vocal e desaquecimento da voz - SABRA - Sociedade Art\u00edstica Brasileira\" \/>\n<meta property=\"og:description\" content=\"Transforme sua performance com dicas sobre aquecimento vocal e desaquecimento da voz para cantores e coralistas.\" \/>\n<meta property=\"og:url\" content=\"https:\/\/www.sabra.org.br\/site\/coral-exercicios-para-aquecimento-vocal\/\" \/>\n<meta property=\"og:site_name\" content=\"SABRA - Sociedade Art\u00edstica Brasileira\" \/>\n<meta property=\"article:publisher\" content=\"https:\/\/www.facebook.com\/sabrabrasil\" \/>\n<meta property=\"article:published_time\" content=\"2017-09-04T16:17:27+00:00\" \/>\n<meta property=\"article:modified_time\" content=\"2025-04-20T22:11:59+00:00\" \/>\n<meta property=\"og:image\" content=\"https:\/\/www.sabra.org.br\/site\/wp-content\/uploads\/2017\/09\/AquecimentoVocal.jpg\" \/>\n\t<meta property=\"og:image:width\" content=\"465\" \/>\n\t<meta property=\"og:image:height\" content=\"399\" \/>\n\t<meta property=\"og:image:type\" content=\"image\/jpeg\" \/>\n<meta name=\"author\" content=\"M\u00e1rcio Miranda Pontes\" \/>\n<meta name=\"twitter:card\" content=\"summary_large_image\" \/>\n<meta name=\"twitter:creator\" content=\"@ContatoSabra\" \/>\n<meta name=\"twitter:site\" content=\"@ContatoSabra\" \/>\n<meta name=\"twitter:label1\" content=\"Escrito por\" \/>\n\t<meta name=\"twitter:data1\" content=\"M\u00e1rcio Miranda Pontes\" \/>\n\t<meta name=\"twitter:label2\" content=\"Est. tempo de leitura\" \/>\n\t<meta name=\"twitter:data2\" content=\"4 minutos\" \/>\n<script type=\"application\/ld+json\" class=\"yoast-schema-graph\">{\"@context\":\"https:\\\/\\\/schema.org\",\"@graph\":[{\"@type\":\"Article\",\"@id\":\"https:\\\/\\\/www.sabra.org.br\\\/site\\\/coral-exercicios-para-aquecimento-vocal\\\/#article\",\"isPartOf\":{\"@id\":\"https:\\\/\\\/www.sabra.org.br\\\/site\\\/coral-exercicios-para-aquecimento-vocal\\\/\"},\"author\":{\"name\":\"M\u00e1rcio Miranda Pontes\",\"@id\":\"https:\\\/\\\/www.sabra.org.br\\\/site\\\/#\\\/schema\\\/person\\\/7d1d222c3c8891d4c37c7b41bf6315c2\"},\"headline\":\"Coral: exerc\u00edcios para aquecimento vocal\",\"datePublished\":\"2017-09-04T16:17:27+00:00\",\"dateModified\":\"2025-04-20T22:11:59+00:00\",\"mainEntityOfPage\":{\"@id\":\"https:\\\/\\\/www.sabra.org.br\\\/site\\\/coral-exercicios-para-aquecimento-vocal\\\/\"},\"wordCount\":733,\"publisher\":{\"@id\":\"https:\\\/\\\/www.sabra.org.br\\\/site\\\/#organization\"},\"image\":{\"@id\":\"https:\\\/\\\/www.sabra.org.br\\\/site\\\/coral-exercicios-para-aquecimento-vocal\\\/#primaryimage\"},\"thumbnailUrl\":\"https:\\\/\\\/www.sabra.org.br\\\/site\\\/wp-content\\\/uploads\\\/2017\\\/09\\\/AquecimentoVocal.jpg\",\"keywords\":[\"#nova lima\",\"Assist\u00eancia social\",\"Belo Horizonte\",\"Cabo Frio\",\"Campos dos Goytacazes\",\"Canto Coral\",\"Contagem\",\"Escola de Musica SABRA\",\"Musicaliza\u00e7\u00e3o Infantil\",\"Orquestra Infanto Juvenil de Betim\",\"Orquestra Sinf\u00f4nica de Betim\",\"Raposos\",\"Sociedade Art\u00edstica Brasileira\"],\"articleSection\":[\"Blog SABRA\"],\"inLanguage\":\"pt-BR\"},{\"@type\":\"WebPage\",\"@id\":\"https:\\\/\\\/www.sabra.org.br\\\/site\\\/coral-exercicios-para-aquecimento-vocal\\\/\",\"url\":\"https:\\\/\\\/www.sabra.org.br\\\/site\\\/coral-exercicios-para-aquecimento-vocal\\\/\",\"name\":\"Aquecimento vocal e desaquecimento da voz - SABRA - Sociedade Art\u00edstica Brasileira\",\"isPartOf\":{\"@id\":\"https:\\\/\\\/www.sabra.org.br\\\/site\\\/#website\"},\"primaryImageOfPage\":{\"@id\":\"https:\\\/\\\/www.sabra.org.br\\\/site\\\/coral-exercicios-para-aquecimento-vocal\\\/#primaryimage\"},\"image\":{\"@id\":\"https:\\\/\\\/www.sabra.org.br\\\/site\\\/coral-exercicios-para-aquecimento-vocal\\\/#primaryimage\"},\"thumbnailUrl\":\"https:\\\/\\\/www.sabra.org.br\\\/site\\\/wp-content\\\/uploads\\\/2017\\\/09\\\/AquecimentoVocal.jpg\",\"datePublished\":\"2017-09-04T16:17:27+00:00\",\"dateModified\":\"2025-04-20T22:11:59+00:00\",\"description\":\"Transforme sua performance com dicas sobre aquecimento vocal e desaquecimento da voz para cantores e coralistas.\",\"breadcrumb\":{\"@id\":\"https:\\\/\\\/www.sabra.org.br\\\/site\\\/coral-exercicios-para-aquecimento-vocal\\\/#breadcrumb\"},\"inLanguage\":\"pt-BR\",\"potentialAction\":[{\"@type\":\"ReadAction\",\"target\":[\"https:\\\/\\\/www.sabra.org.br\\\/site\\\/coral-exercicios-para-aquecimento-vocal\\\/\"]}]},{\"@type\":\"ImageObject\",\"inLanguage\":\"pt-BR\",\"@id\":\"https:\\\/\\\/www.sabra.org.br\\\/site\\\/coral-exercicios-para-aquecimento-vocal\\\/#primaryimage\",\"url\":\"https:\\\/\\\/www.sabra.org.br\\\/site\\\/wp-content\\\/uploads\\\/2017\\\/09\\\/AquecimentoVocal.jpg\",\"contentUrl\":\"https:\\\/\\\/www.sabra.org.br\\\/site\\\/wp-content\\\/uploads\\\/2017\\\/09\\\/AquecimentoVocal.jpg\",\"width\":465,\"height\":399,\"caption\":\"Sociedade Art\u00edstica Brasileira SABRA\"},{\"@type\":\"BreadcrumbList\",\"@id\":\"https:\\\/\\\/www.sabra.org.br\\\/site\\\/coral-exercicios-para-aquecimento-vocal\\\/#breadcrumb\",\"itemListElement\":[{\"@type\":\"ListItem\",\"position\":1,\"name\":\"In\u00edcio\",\"item\":\"https:\\\/\\\/www.sabra.org.br\\\/site\\\/\"},{\"@type\":\"ListItem\",\"position\":2,\"name\":\"Coral: exerc\u00edcios para aquecimento vocal\"}]},{\"@type\":\"WebSite\",\"@id\":\"https:\\\/\\\/www.sabra.org.br\\\/site\\\/#website\",\"url\":\"https:\\\/\\\/www.sabra.org.br\\\/site\\\/\",\"name\":\"SABRA - Sociedade Art\u00edstica Brasileira\",\"description\":\"Escola de M\u00fasica, Orquestra Sinf\u00f4nica, Coral e Patrim\u00f4nio Cultural e Hist\u00f3rico\",\"publisher\":{\"@id\":\"https:\\\/\\\/www.sabra.org.br\\\/site\\\/#organization\"},\"potentialAction\":[{\"@type\":\"SearchAction\",\"target\":{\"@type\":\"EntryPoint\",\"urlTemplate\":\"https:\\\/\\\/www.sabra.org.br\\\/site\\\/?s={search_term_string}\"},\"query-input\":{\"@type\":\"PropertyValueSpecification\",\"valueRequired\":true,\"valueName\":\"search_term_string\"}}],\"inLanguage\":\"pt-BR\"},{\"@type\":\"Organization\",\"@id\":\"https:\\\/\\\/www.sabra.org.br\\\/site\\\/#organization\",\"name\":\"SOCIEDADE ART\u00cdSTICA BRASILEIRA SABRA\",\"alternateName\":\"SABRA\",\"url\":\"https:\\\/\\\/www.sabra.org.br\\\/site\\\/\",\"logo\":{\"@type\":\"ImageObject\",\"inLanguage\":\"pt-BR\",\"@id\":\"https:\\\/\\\/www.sabra.org.br\\\/site\\\/#\\\/schema\\\/logo\\\/image\\\/\",\"url\":\"https:\\\/\\\/www.sabra.org.br\\\/site\\\/wp-content\\\/uploads\\\/2019\\\/06\\\/cropped-Logo_SABRA-Copia-1.webp\",\"contentUrl\":\"https:\\\/\\\/www.sabra.org.br\\\/site\\\/wp-content\\\/uploads\\\/2019\\\/06\\\/cropped-Logo_SABRA-Copia-1.webp\",\"width\":400,\"height\":128,\"caption\":\"SOCIEDADE ART\u00cdSTICA BRASILEIRA SABRA\"},\"image\":{\"@id\":\"https:\\\/\\\/www.sabra.org.br\\\/site\\\/#\\\/schema\\\/logo\\\/image\\\/\"},\"sameAs\":[\"https:\\\/\\\/www.facebook.com\\\/sabrabrasil\",\"https:\\\/\\\/x.com\\\/ContatoSabra\",\"https:\\\/\\\/www.instagram.com\\\/sabrabrasil\\\/\",\"https:\\\/\\\/www.linkedin.com\\\/company\\\/25002088\\\/\",\"https:\\\/\\\/br.pinterest.com\\\/sociedadeartisticabrasileira\\\/\",\"https:\\\/\\\/www.youtube.com\\\/c\\\/sabrabrasil\"]},{\"@type\":\"Person\",\"@id\":\"https:\\\/\\\/www.sabra.org.br\\\/site\\\/#\\\/schema\\\/person\\\/7d1d222c3c8891d4c37c7b41bf6315c2\",\"name\":\"M\u00e1rcio Miranda Pontes\",\"image\":{\"@type\":\"ImageObject\",\"inLanguage\":\"pt-BR\",\"@id\":\"https:\\\/\\\/secure.gravatar.com\\\/avatar\\\/3b45f24496a7625a3a6c436688fbe20344faaeb2979658dc4a9921f984d7df9a?s=96&d=mm&r=g\",\"url\":\"https:\\\/\\\/secure.gravatar.com\\\/avatar\\\/3b45f24496a7625a3a6c436688fbe20344faaeb2979658dc4a9921f984d7df9a?s=96&d=mm&r=g\",\"contentUrl\":\"https:\\\/\\\/secure.gravatar.com\\\/avatar\\\/3b45f24496a7625a3a6c436688fbe20344faaeb2979658dc4a9921f984d7df9a?s=96&d=mm&r=g\",\"caption\":\"M\u00e1rcio Miranda Pontes\"},\"sameAs\":[\"http:\\\/\\\/www.sabra.org.br\"],\"url\":\"https:\\\/\\\/www.sabra.org.br\\\/site\\\/author\\\/marcio-miranda-pontes\\\/\"}]}<\/script>\n<!-- \/ Yoast SEO plugin. -->","yoast_head_json":{"title":"Aquecimento vocal e desaquecimento da voz - SABRA - Sociedade Art\u00edstica Brasileira","description":"Transforme sua performance com dicas sobre aquecimento vocal e desaquecimento da voz para cantores e coralistas.","robots":{"index":"index","follow":"follow","max-snippet":"max-snippet:-1","max-image-preview":"max-image-preview:large","max-video-preview":"max-video-preview:-1"},"canonical":"https:\/\/www.sabra.org.br\/site\/coral-exercicios-para-aquecimento-vocal\/","og_locale":"pt_BR","og_type":"article","og_title":"Aquecimento vocal e desaquecimento da voz - SABRA - Sociedade Art\u00edstica Brasileira","og_description":"Transforme sua performance com dicas sobre aquecimento vocal e desaquecimento da voz para cantores e coralistas.","og_url":"https:\/\/www.sabra.org.br\/site\/coral-exercicios-para-aquecimento-vocal\/","og_site_name":"SABRA - Sociedade Art\u00edstica Brasileira","article_publisher":"https:\/\/www.facebook.com\/sabrabrasil","article_published_time":"2017-09-04T16:17:27+00:00","article_modified_time":"2025-04-20T22:11:59+00:00","og_image":[{"width":465,"height":399,"url":"https:\/\/www.sabra.org.br\/site\/wp-content\/uploads\/2017\/09\/AquecimentoVocal.jpg","type":"image\/jpeg"}],"author":"M\u00e1rcio Miranda Pontes","twitter_card":"summary_large_image","twitter_creator":"@ContatoSabra","twitter_site":"@ContatoSabra","twitter_misc":{"Escrito por":"M\u00e1rcio Miranda Pontes","Est. tempo de leitura":"4 minutos"},"schema":{"@context":"https:\/\/schema.org","@graph":[{"@type":"Article","@id":"https:\/\/www.sabra.org.br\/site\/coral-exercicios-para-aquecimento-vocal\/#article","isPartOf":{"@id":"https:\/\/www.sabra.org.br\/site\/coral-exercicios-para-aquecimento-vocal\/"},"author":{"name":"M\u00e1rcio Miranda Pontes","@id":"https:\/\/www.sabra.org.br\/site\/#\/schema\/person\/7d1d222c3c8891d4c37c7b41bf6315c2"},"headline":"Coral: exerc\u00edcios para aquecimento vocal","datePublished":"2017-09-04T16:17:27+00:00","dateModified":"2025-04-20T22:11:59+00:00","mainEntityOfPage":{"@id":"https:\/\/www.sabra.org.br\/site\/coral-exercicios-para-aquecimento-vocal\/"},"wordCount":733,"publisher":{"@id":"https:\/\/www.sabra.org.br\/site\/#organization"},"image":{"@id":"https:\/\/www.sabra.org.br\/site\/coral-exercicios-para-aquecimento-vocal\/#primaryimage"},"thumbnailUrl":"https:\/\/www.sabra.org.br\/site\/wp-content\/uploads\/2017\/09\/AquecimentoVocal.jpg","keywords":["#nova lima","Assist\u00eancia social","Belo Horizonte","Cabo Frio","Campos dos Goytacazes","Canto Coral","Contagem","Escola de Musica SABRA","Musicaliza\u00e7\u00e3o Infantil","Orquestra Infanto Juvenil de Betim","Orquestra Sinf\u00f4nica de Betim","Raposos","Sociedade Art\u00edstica Brasileira"],"articleSection":["Blog SABRA"],"inLanguage":"pt-BR"},{"@type":"WebPage","@id":"https:\/\/www.sabra.org.br\/site\/coral-exercicios-para-aquecimento-vocal\/","url":"https:\/\/www.sabra.org.br\/site\/coral-exercicios-para-aquecimento-vocal\/","name":"Aquecimento vocal e desaquecimento da voz - SABRA - Sociedade Art\u00edstica Brasileira","isPartOf":{"@id":"https:\/\/www.sabra.org.br\/site\/#website"},"primaryImageOfPage":{"@id":"https:\/\/www.sabra.org.br\/site\/coral-exercicios-para-aquecimento-vocal\/#primaryimage"},"image":{"@id":"https:\/\/www.sabra.org.br\/site\/coral-exercicios-para-aquecimento-vocal\/#primaryimage"},"thumbnailUrl":"https:\/\/www.sabra.org.br\/site\/wp-content\/uploads\/2017\/09\/AquecimentoVocal.jpg","datePublished":"2017-09-04T16:17:27+00:00","dateModified":"2025-04-20T22:11:59+00:00","description":"Transforme sua performance com dicas sobre aquecimento vocal e desaquecimento da voz para cantores e coralistas.","breadcrumb":{"@id":"https:\/\/www.sabra.org.br\/site\/coral-exercicios-para-aquecimento-vocal\/#breadcrumb"},"inLanguage":"pt-BR","potentialAction":[{"@type":"ReadAction","target":["https:\/\/www.sabra.org.br\/site\/coral-exercicios-para-aquecimento-vocal\/"]}]},{"@type":"ImageObject","inLanguage":"pt-BR","@id":"https:\/\/www.sabra.org.br\/site\/coral-exercicios-para-aquecimento-vocal\/#primaryimage","url":"https:\/\/www.sabra.org.br\/site\/wp-content\/uploads\/2017\/09\/AquecimentoVocal.jpg","contentUrl":"https:\/\/www.sabra.org.br\/site\/wp-content\/uploads\/2017\/09\/AquecimentoVocal.jpg","width":465,"height":399,"caption":"Sociedade Art\u00edstica Brasileira SABRA"},{"@type":"BreadcrumbList","@id":"https:\/\/www.sabra.org.br\/site\/coral-exercicios-para-aquecimento-vocal\/#breadcrumb","itemListElement":[{"@type":"ListItem","position":1,"name":"In\u00edcio","item":"https:\/\/www.sabra.org.br\/site\/"},{"@type":"ListItem","position":2,"name":"Coral: exerc\u00edcios para aquecimento vocal"}]},{"@type":"WebSite","@id":"https:\/\/www.sabra.org.br\/site\/#website","url":"https:\/\/www.sabra.org.br\/site\/","name":"SABRA - Sociedade Art\u00edstica Brasileira","description":"Escola de M\u00fasica, Orquestra Sinf\u00f4nica, Coral e Patrim\u00f4nio Cultural e Hist\u00f3rico","publisher":{"@id":"https:\/\/www.sabra.org.br\/site\/#organization"},"potentialAction":[{"@type":"SearchAction","target":{"@type":"EntryPoint","urlTemplate":"https:\/\/www.sabra.org.br\/site\/?s={search_term_string}"},"query-input":{"@type":"PropertyValueSpecification","valueRequired":true,"valueName":"search_term_string"}}],"inLanguage":"pt-BR"},{"@type":"Organization","@id":"https:\/\/www.sabra.org.br\/site\/#organization","name":"SOCIEDADE ART\u00cdSTICA BRASILEIRA SABRA","alternateName":"SABRA","url":"https:\/\/www.sabra.org.br\/site\/","logo":{"@type":"ImageObject","inLanguage":"pt-BR","@id":"https:\/\/www.sabra.org.br\/site\/#\/schema\/logo\/image\/","url":"https:\/\/www.sabra.org.br\/site\/wp-content\/uploads\/2019\/06\/cropped-Logo_SABRA-Copia-1.webp","contentUrl":"https:\/\/www.sabra.org.br\/site\/wp-content\/uploads\/2019\/06\/cropped-Logo_SABRA-Copia-1.webp","width":400,"height":128,"caption":"SOCIEDADE ART\u00cdSTICA BRASILEIRA SABRA"},"image":{"@id":"https:\/\/www.sabra.org.br\/site\/#\/schema\/logo\/image\/"},"sameAs":["https:\/\/www.facebook.com\/sabrabrasil","https:\/\/x.com\/ContatoSabra","https:\/\/www.instagram.com\/sabrabrasil\/","https:\/\/www.linkedin.com\/company\/25002088\/","https:\/\/br.pinterest.com\/sociedadeartisticabrasileira\/","https:\/\/www.youtube.com\/c\/sabrabrasil"]},{"@type":"Person","@id":"https:\/\/www.sabra.org.br\/site\/#\/schema\/person\/7d1d222c3c8891d4c37c7b41bf6315c2","name":"M\u00e1rcio Miranda Pontes","image":{"@type":"ImageObject","inLanguage":"pt-BR","@id":"https:\/\/secure.gravatar.com\/avatar\/3b45f24496a7625a3a6c436688fbe20344faaeb2979658dc4a9921f984d7df9a?s=96&d=mm&r=g","url":"https:\/\/secure.gravatar.com\/avatar\/3b45f24496a7625a3a6c436688fbe20344faaeb2979658dc4a9921f984d7df9a?s=96&d=mm&r=g","contentUrl":"https:\/\/secure.gravatar.com\/avatar\/3b45f24496a7625a3a6c436688fbe20344faaeb2979658dc4a9921f984d7df9a?s=96&d=mm&r=g","caption":"M\u00e1rcio Miranda Pontes"},"sameAs":["http:\/\/www.sabra.org.br"],"url":"https:\/\/www.sabra.org.br\/site\/author\/marcio-miranda-pontes\/"}]}},"jetpack_featured_media_url":"https:\/\/www.sabra.org.br\/site\/wp-content\/uploads\/2017\/09\/AquecimentoVocal.jpg","jetpack_shortlink":"https:\/\/wp.me\/p95j2Z-a3","jetpack-related-posts":[{"id":2863,"url":"https:\/\/www.sabra.org.br\/site\/aquecimento-vocal\/","url_meta":{"origin":623,"position":0},"title":"Aquecimento vocal","author":"M\u00e1rcio Miranda Pontes","date":"24 de abril de 2020","format":false,"excerpt":"Cuidar da voz requer disciplina e muito exerc\u00edcio. Confira nossos artigos e companhe nossas dicas para garantir uma voz saud\u00e1vel com exerc\u00edcios que promovem uma melhor entona\u00e7\u00e3o e vibra\u00e7\u00e3o vocal.","rel":"","context":"Em &quot;Blog SABRA&quot;","block_context":{"text":"Blog SABRA","link":"https:\/\/www.sabra.org.br\/site\/category\/blog-sabra\/"},"img":{"alt_text":"aquecimento vocal","src":"https:\/\/i0.wp.com\/www.sabra.org.br\/site\/wp-content\/uploads\/2020\/04\/x-beneficios-que-fazer-o-aquecimento-vocal-antes-de-cantar-pode-trazer-20191202180617.jpg.jpg?resize=350%2C200&ssl=1","width":350,"height":200,"srcset":"https:\/\/i0.wp.com\/www.sabra.org.br\/site\/wp-content\/uploads\/2020\/04\/x-beneficios-que-fazer-o-aquecimento-vocal-antes-de-cantar-pode-trazer-20191202180617.jpg.jpg?resize=350%2C200&ssl=1 1x, https:\/\/i0.wp.com\/www.sabra.org.br\/site\/wp-content\/uploads\/2020\/04\/x-beneficios-que-fazer-o-aquecimento-vocal-antes-de-cantar-pode-trazer-20191202180617.jpg.jpg?resize=525%2C300&ssl=1 1.5x, https:\/\/i0.wp.com\/www.sabra.org.br\/site\/wp-content\/uploads\/2020\/04\/x-beneficios-que-fazer-o-aquecimento-vocal-antes-de-cantar-pode-trazer-20191202180617.jpg.jpg?resize=700%2C400&ssl=1 2x"},"classes":[]},{"id":4845,"url":"https:\/\/www.sabra.org.br\/site\/aquecimento-vocal-2\/","url_meta":{"origin":623,"position":1},"title":"Aquecimento vocal: entenda a import\u00e2ncia","author":"M\u00e1rcio Miranda Pontes","date":"21 de mar\u00e7o de 2022","format":false,"excerpt":"A voz \u00e9 instrumento de trabalho para muitas pessoas. E assim como qualquer fun\u00e7\u00e3o do nosso corpo humano, ela exige cuidados! Exerc\u00edcios s\u00e3o muito importantes para melhorar a sa\u00fade vocal. Quer saber mais sobre aquecimento vocal? Ent\u00e3o confira!","rel":"","context":"Em &quot;Blog SABRA&quot;","block_context":{"text":"Blog SABRA","link":"https:\/\/www.sabra.org.br\/site\/category\/blog-sabra\/"},"img":{"alt_text":"voz-aquecimento-sa\u00fade-vocal-exerc\u00edcios-vocais","src":"https:\/\/i0.wp.com\/www.sabra.org.br\/site\/wp-content\/uploads\/2022\/03\/aquecimento-vocal-entenda-a-importancia-20211210160934.jpg.jpg?resize=350%2C200&ssl=1","width":350,"height":200,"srcset":"https:\/\/i0.wp.com\/www.sabra.org.br\/site\/wp-content\/uploads\/2022\/03\/aquecimento-vocal-entenda-a-importancia-20211210160934.jpg.jpg?resize=350%2C200&ssl=1 1x, https:\/\/i0.wp.com\/www.sabra.org.br\/site\/wp-content\/uploads\/2022\/03\/aquecimento-vocal-entenda-a-importancia-20211210160934.jpg.jpg?resize=525%2C300&ssl=1 1.5x, https:\/\/i0.wp.com\/www.sabra.org.br\/site\/wp-content\/uploads\/2022\/03\/aquecimento-vocal-entenda-a-importancia-20211210160934.jpg.jpg?resize=700%2C400&ssl=1 2x"},"classes":[]},{"id":739,"url":"https:\/\/www.sabra.org.br\/site\/cuidados-vocais-para-coristas\/","url_meta":{"origin":623,"position":2},"title":"CUIDADOS VOCAIS","author":"M\u00e1rcio Miranda Pontes","date":"18 de outubro de 2017","format":false,"excerpt":"cuidados vocais clima frio cordas vocais aparelho fonador redes sociais","rel":"","context":"Em &quot;Blog SABRA&quot;","block_context":{"text":"Blog SABRA","link":"https:\/\/www.sabra.org.br\/site\/category\/blog-sabra\/"},"img":{"alt_text":"Cuidados vocais","src":"https:\/\/i0.wp.com\/www.sabra.org.br\/site\/wp-content\/uploads\/2017\/10\/o-que-significa-cantar-a-capela-20170920155615-1.jpg-1.jpg?resize=350%2C200&ssl=1","width":350,"height":200,"srcset":"https:\/\/i0.wp.com\/www.sabra.org.br\/site\/wp-content\/uploads\/2017\/10\/o-que-significa-cantar-a-capela-20170920155615-1.jpg-1.jpg?resize=350%2C200&ssl=1 1x, https:\/\/i0.wp.com\/www.sabra.org.br\/site\/wp-content\/uploads\/2017\/10\/o-que-significa-cantar-a-capela-20170920155615-1.jpg-1.jpg?resize=525%2C300&ssl=1 1.5x, https:\/\/i0.wp.com\/www.sabra.org.br\/site\/wp-content\/uploads\/2017\/10\/o-que-significa-cantar-a-capela-20170920155615-1.jpg-1.jpg?resize=700%2C400&ssl=1 2x"},"classes":[]},{"id":4807,"url":"https:\/\/www.sabra.org.br\/site\/tecnica-vocal\/","url_meta":{"origin":623,"position":3},"title":"T\u00e9cnicas vocais: saiba como aprimorar sua voz","author":"M\u00e1rcio Miranda Pontes","date":"8 de mar\u00e7o de 2022","format":false,"excerpt":"Voc\u00ea est\u00e1 em busca de t\u00e9cnicas vocais eficientes? Saiba que elas s\u00e3o extremamente necess\u00e1rias para manter a boa qualidade da sua voz. Por isso fizemos um artigo contendo alguns procedimentos fundamentais para o seu aparelho fonador. Confira!","rel":"","context":"Em &quot;Blog SABRA&quot;","block_context":{"text":"Blog SABRA","link":"https:\/\/www.sabra.org.br\/site\/category\/blog-sabra\/"},"img":{"alt_text":"canto-vocal-tecnicas-voz-exercicios","src":"https:\/\/i0.wp.com\/www.sabra.org.br\/site\/wp-content\/uploads\/2022\/03\/tecnicas-vocais-saiba-como-aprimorar-sua-voz-20211210160934.jpg.jpg?resize=350%2C200&ssl=1","width":350,"height":200,"srcset":"https:\/\/i0.wp.com\/www.sabra.org.br\/site\/wp-content\/uploads\/2022\/03\/tecnicas-vocais-saiba-como-aprimorar-sua-voz-20211210160934.jpg.jpg?resize=350%2C200&ssl=1 1x, https:\/\/i0.wp.com\/www.sabra.org.br\/site\/wp-content\/uploads\/2022\/03\/tecnicas-vocais-saiba-como-aprimorar-sua-voz-20211210160934.jpg.jpg?resize=525%2C300&ssl=1 1.5x, https:\/\/i0.wp.com\/www.sabra.org.br\/site\/wp-content\/uploads\/2022\/03\/tecnicas-vocais-saiba-como-aprimorar-sua-voz-20211210160934.jpg.jpg?resize=700%2C400&ssl=1 2x"},"classes":[]},{"id":13463,"url":"https:\/\/www.sabra.org.br\/site\/aquecimento-voz\/","url_meta":{"origin":623,"position":4},"title":"Por que o aquecimento vocal \u00e9 importante para o coral?","author":"M\u00e1rcio Miranda Pontes","date":"19 de maio de 2025","format":false,"excerpt":"Mantenha sua voz saud\u00e1vel com o aquecimento vocal. Veja como essa pr\u00e1tica pode evitar fadiga e promover um melhor desempenho.","rel":"","context":"Em &quot;Blog SABRA&quot;","block_context":{"text":"Blog SABRA","link":"https:\/\/www.sabra.org.br\/site\/category\/blog-sabra\/"},"img":{"alt_text":"","src":"","width":0,"height":0},"classes":[]},{"id":789,"url":"https:\/\/www.sabra.org.br\/site\/qual-e-a-melhor-idade-para-aprender-a-cantar\/","url_meta":{"origin":623,"position":5},"title":"CANTAR, QUANDO COME\u00c7AR?","author":"M\u00e1rcio Miranda Pontes","date":"10 de novembro de 2017","format":false,"excerpt":"Qual \u00e9 a melhor idade para aprender a cantar? Cantar \u00e9 algo natural para o ser humano. Afinal, quem n\u00e3o gosta de cantar no chuveiro, acompanhar a m\u00fasica da banda preferida na r\u00e1dio, ou ainda cantarolar despercebido uma m\u00fasica que \u201cficou na cabe\u00e7a\u201d? Mas quando o assunto \u00e9 \u201ccantar bem\u201d,\u2026","rel":"","context":"Em &quot;Blog SABRA&quot;","block_context":{"text":"Blog SABRA","link":"https:\/\/www.sabra.org.br\/site\/category\/blog-sabra\/"},"img":{"alt_text":"Cantar voz","src":"https:\/\/i0.wp.com\/www.sabra.org.br\/site\/wp-content\/uploads\/2017\/11\/qual-e-a-melhor-idade-para-aprender-a-cantar-20171027170016.jpg.jpg?resize=350%2C200&ssl=1","width":350,"height":200,"srcset":"https:\/\/i0.wp.com\/www.sabra.org.br\/site\/wp-content\/uploads\/2017\/11\/qual-e-a-melhor-idade-para-aprender-a-cantar-20171027170016.jpg.jpg?resize=350%2C200&ssl=1 1x, https:\/\/i0.wp.com\/www.sabra.org.br\/site\/wp-content\/uploads\/2017\/11\/qual-e-a-melhor-idade-para-aprender-a-cantar-20171027170016.jpg.jpg?resize=525%2C300&ssl=1 1.5x, https:\/\/i0.wp.com\/www.sabra.org.br\/site\/wp-content\/uploads\/2017\/11\/qual-e-a-melhor-idade-para-aprender-a-cantar-20171027170016.jpg.jpg?resize=700%2C400&ssl=1 2x"},"classes":[]}],"jetpack_likes_enabled":true,"jetpack_sharing_enabled":true,"_links":{"self":[{"href":"https:\/\/www.sabra.org.br\/site\/wp-json\/wp\/v2\/posts\/623","targetHints":{"allow":["GET"]}}],"collection":[{"href":"https:\/\/www.sabra.org.br\/site\/wp-json\/wp\/v2\/posts"}],"about":[{"href":"https:\/\/www.sabra.org.br\/site\/wp-json\/wp\/v2\/types\/post"}],"author":[{"embeddable":true,"href":"https:\/\/www.sabra.org.br\/site\/wp-json\/wp\/v2\/users\/39"}],"replies":[{"embeddable":true,"href":"https:\/\/www.sabra.org.br\/site\/wp-json\/wp\/v2\/comments?post=623"}],"version-history":[{"count":0,"href":"https:\/\/www.sabra.org.br\/site\/wp-json\/wp\/v2\/posts\/623\/revisions"}],"wp:featuredmedia":[{"embeddable":true,"href":"https:\/\/www.sabra.org.br\/site\/wp-json\/wp\/v2\/media\/624"}],"wp:attachment":[{"href":"https:\/\/www.sabra.org.br\/site\/wp-json\/wp\/v2\/media?parent=623"}],"wp:term":[{"taxonomy":"category","embeddable":true,"href":"https:\/\/www.sabra.org.br\/site\/wp-json\/wp\/v2\/categories?post=623"},{"taxonomy":"post_tag","embeddable":true,"href":"https:\/\/www.sabra.org.br\/site\/wp-json\/wp\/v2\/tags?post=623"}],"curies":[{"name":"wp","href":"https:\/\/api.w.org\/{rel}","templated":true}]}}