{"id":632,"date":"2017-09-08T10:15:37","date_gmt":"2017-09-08T13:15:37","guid":{"rendered":"http:\/\/www.sabra.org.br\/site\/?p=632"},"modified":"2025-04-20T19:12:01","modified_gmt":"2025-04-20T22:12:01","slug":"historia","status":"publish","type":"post","link":"https:\/\/www.sabra.org.br\/site\/historia\/","title":{"rendered":"Hist\u00f3ria da m\u00fasica cl\u00e1ssica: da m\u00fasica antiga \u00e0 contempor\u00e2nea"},"content":{"rendered":"<p>Curiosidades hist\u00f3ricas: da m\u00fasica antiga \u00e0 contempor\u00e2nea<\/p>\n<p>A m\u00fasica faz parte da humanidade desde os tempos mais antigos. Ela \u00e9 um entretenimento, uma fonte de inspira\u00e7\u00e3o, \u00e9 fundamental em cerim\u00f4nias religiosa e militares e tem o poder de alterar o desenvolvimento cognitivo e motor das pessoas. Nesse texto, fazemos uma linha do tempo da m\u00fasica e contamos algumas curiosidades sobre cada per\u00edodo hist\u00f3rico. Venha descobrir!<\/p>\n<p>M\u00fasica na Pr\u00e9-hist\u00f3ria<\/p>\n<p>Voc\u00ea sabia que muito antes da escrita, da roda e mesmo da agricultura o ser humano j\u00e1 produzia m\u00fasica com a voz e com instrumentos musicais? Os primeiros instrumentos eram de percuss\u00e3o, e envolviam batidas com bast\u00f5es e objetos, bem como o uso do corpo para emitir som.<\/p>\n<p>Os primeiros instrumentos musicais constru\u00eddos e control\u00e1veis surgiram entre 40 e 9 mil anos atr\u00e1s, como os tambores, as flautas e os xilofones. Eles eram feitos com pedras, ossos e madeira. J\u00e1 os metais foram criados muito tempo depois, cerca de 5 mil anos a.C., e com eles foram constru\u00eddos instrumentos um pouco mais sofisticados. Como nesse per\u00edodo j\u00e1 haviam civiliza\u00e7\u00f5es relativamente desenvolvidas, elas foram capazes de criar sistemas musicais pr\u00f3prios.<\/p>\n<p>M\u00fasica na Antiguidade<\/p>\n<p>Para quem ainda n\u00e3o sabia, havia muita m\u00fasica na Antiguidade! Os sum\u00e9rios utilizavam hinos e cantos salmodiados e os eg\u00edpcios, por volta de 4 mil a.C., j\u00e1 constitu\u00edam uma civiliza\u00e7\u00e3o avan\u00e7ada e sofisticada. A m\u00fasica era utilizada em cerim\u00f4nias religiosas nos templos e registros apontam para a exist\u00eancia de harpas, flautas e elementos de percuss\u00e3o, bem como tambores e trompetes.<\/p>\n<p>Nesse mesmo per\u00edodo os chineses utilizavam uma escala pentat\u00f4nica e os indianos tinham uma profunda rela\u00e7\u00e3o com a m\u00fasica e com instrumentos. Mas foi na Gr\u00e9cia Antiga que a teoria musical come\u00e7ou a ser desenvolvida como conhecemos atualmente.<\/p>\n<p>Os fil\u00f3sofos gregos apreciavam a m\u00fasica e percebiam uma profunda rela\u00e7\u00e3o entre a linguagem musical e a matem\u00e1tica. Ela fazia parte da vida cotidiana e das artes, como dan\u00e7a e teatro, e os instrumentos mais utilizados inclu\u00edam lira, c\u00edtara, flauta e hidraulo. Os romanos herdaram todo o conhecimento grego nessa seara.<\/p>\n<p>M\u00fasica na Idade M\u00e9dia<\/p>\n<p>A m\u00fasica medieval \u00e9 caracter\u00edstica da Europa ocidental entre os s\u00e9culos V e XV e, como nesse per\u00edodo a Igreja Cat\u00f3lica coordenava todas as atividades culturais, a m\u00fasica sofreu forte influ\u00eancia da religi\u00e3o. O canto gregoriano, por exemplo, foi muito popular nesse per\u00edodo. Ele \u00e9 original do Oriente M\u00e9dio, mas foi incorporado na tradi\u00e7\u00e3o cat\u00f3lica.<\/p>\n<p>Tamb\u00e9m neste longo per\u00edodo hist\u00f3rico foi criado o trovadorismo (m\u00fasica popular cantada por camponeses que propagou-se em todo o continente) e o sistema de nota\u00e7\u00e3o musical em D\u00f3, R\u00e9, Mi, F\u00e1, Sol, L\u00e1 e Si.<\/p>\n<p>M\u00fasica Renascentista<\/p>\n<p>J\u00e1 no final da Idade M\u00e9dia muitos m\u00fasicos queriam distanciar-se da produ\u00e7\u00e3o ligada \u00e0 Igreja para criar m\u00fasicas mais livres e universais. A caracter\u00edstica desse per\u00edodo acabou sendo a polifonia.<\/p>\n<p>M\u00fasica Barroca<\/p>\n<p>Um dos grandes acontecimentos do per\u00edodo barroco \u00e9 o surgimento das orquestras e da \u00f3pera, que inovou ao dar mais import\u00e2ncia para os instrumentos musicais do que para a voz humana. Tamb\u00e9m os concertos, que at\u00e9 ent\u00e3o eram privados, foram aos poucos tornando-se p\u00fablicos por meio da constru\u00e7\u00e3o e populariza\u00e7\u00e3o das casas de \u00f3pera e teatros. Vivaldi e Bach s\u00e3o dois nomes ilustres da m\u00fasica barroca.<\/p>\n<p>M\u00fasica Cl\u00e1ssica<\/p>\n<p>Grandes compositores que viveram nos s\u00e9culos XVIII e XIX s\u00e3o conhecidos e apreciados at\u00e9 hoje, como Haydn, Vivaldi, Mozart e Beethoven. V\u00e1rios estilos musicais foram criados, como as sonatas, as sinfonias, os concertos, os quartetos de cordas, etc., e tamb\u00e9m instrumentos musicais. O formato atual das orquestras foi herdado principalmente dessa \u00e9poca.<\/p>\n<p>M\u00fasica Rom\u00e2ntica<\/p>\n<p>As orquestras cresceram de tamanho com a m\u00fasica cl\u00e1ssica do per\u00edodo rom\u00e2ntico. A \u201cSinfonia do Mil\u201d de Gustav Mahler, por exemplo, reuniu mais de 150 instrumentistas e de 300 pessoas no coro. Tamb\u00e9m foram criadas novas formas, como noturnos e prel\u00fadios, e a populariza\u00e7\u00e3o atingiu tamb\u00e9m as classes m\u00e9dias, abandonando a exclusividade dos nobre e burgueses.<\/p>\n<p>M\u00fasica Contempor\u00e2nea<\/p>\n<p>Desde o s\u00e9culo XX, o mundo mudou em todos os sentidos. O desenvolvimento tecnol\u00f3gico, aliado \u00e0 difus\u00e3o dos r\u00e1dios e da TV, bem como equipamentos de grava\u00e7\u00e3o, edi\u00e7\u00e3o, reprodu\u00e7\u00e3o e compartilhamento de \u00e1udio e v\u00eddeo revolucionaram a maneira como a sociedade interage com a m\u00fasica.<\/p>\n<p>Al\u00e9m disso, os \u00faltimos 100 anos foram marcados por uma maior experimenta\u00e7\u00e3o musical e emerg\u00eancia de novos g\u00eaneros, tanto na m\u00fasica erudita como na cultura pop, desafiando paradigmas anteriores e propondo inova\u00e7\u00f5es no campo musical.<\/p>\n<blockquote class=\"wp-embedded-content\" data-secret=\"RbxEYvQVRd\"><p><a href=\"https:\/\/www.sabra.org.br\/site\/arte-contemporanea\/\">Arte contempor\u00e2nea<\/a><\/p><\/blockquote>\n<p><iframe class=\"wp-embedded-content\" sandbox=\"allow-scripts\" security=\"restricted\" style=\"position: absolute; visibility: hidden;\" title=\"&#8220;Arte contempor\u00e2nea&#8221; &#8212; SABRA - Sociedade Art\u00edstica Brasileira\" src=\"https:\/\/www.sabra.org.br\/site\/arte-contemporanea\/embed\/#?secret=68m7T1z0EG#?secret=RbxEYvQVRd\" data-secret=\"RbxEYvQVRd\" width=\"600\" height=\"338\" frameborder=\"0\" marginwidth=\"0\" marginheight=\"0\" scrolling=\"no\"><\/iframe><\/p>\n<hr \/>\n<h2>Se voc\u00ea gostou deste post:<\/h2>\n<p>&#8211; SIGA as nossas p\u00e1ginas nas redes sociais para acompanhar as nossas atualiza\u00e7\u00f5es: estamos no <a href=\"https:\/\/www.facebook.com\/sabrabrasil\" target=\"_blank\" rel=\"noopener\">Facebook<\/a>, no <a href=\"https:\/\/www.instagram.com\/sabrabrasil\/\" target=\"_blank\" rel=\"noopener\">Instagram<\/a>, no <a href=\"https:\/\/www.linkedin.com\/company\/25002088\" target=\"_blank\" rel=\"noopener\">LinkedIn<\/a>, no <a href=\"https:\/\/twitter.com\/ContatoSabra\" target=\"_blank\" rel=\"noopener\">Twitter<\/a> e no <a href=\"https:\/\/www.youtube.com\/channel\/UCJw-kbuEvzUNdeQf20Pa-eQ\" target=\"_blank\" rel=\"noopener\">YouTube<\/a>!<\/p>\n<p>&#8211; CONHE\u00c7A o trabalho da Sociedade Art\u00edstica Brasileira (SABRA) e todas as iniciativas culturais e sociais que ela mant\u00e9m. <a href=\"https:\/\/www.sabra.org.br\/site\/acoes\/\" target=\"_blank\" rel=\"noopener\">Acesse nosso site!<\/a><\/p>\n<p>&#8211; ENTRE EM CONTATO com a gente. E veja quais s\u00e3o as op\u00e7\u00f5es de ajuda na manuten\u00e7\u00e3o de nossas a\u00e7\u00f5es sociais e culturais. Basta acessar nossa p\u00e1gina <a href=\"https:\/\/www.sabra.org.br\/site\/doe-agora\/\" target=\"_blank\" rel=\"noopener\">Doe Agora!<\/a><\/p>\n<p>&#8211; COMPARTILHE este texto nas suas redes sociais e ajude os seus amigos a tamb\u00e9m dominarem o assunto!<\/p>\n<p>\u2013 Os projetos da @sabrabrasil s\u00e3o realizados com o patroci\u0301nio m\u00e1ster: @institutounimedbh, viabilizado pelo incentivo de mais de 5,2 mil m\u00e9dicos cooperados e colaboradores via Lei de Incentivo \u00e0 Cultura &#8211; @mturismo, @culturagovbr. Patroc\u00ednio prata: @vallourec e apoio: @prefeiturabetim<\/p>\n","protected":false},"excerpt":{"rendered":"<p>Curiosidades hist\u00f3ricas: da m\u00fasica antiga \u00e0 contempor\u00e2nea A m\u00fasica faz parte da humanidade desde os tempos mais antigos. Ela \u00e9 um entretenimento, uma fonte de&hellip;<\/p>\n","protected":false},"author":39,"featured_media":633,"comment_status":"closed","ping_status":"closed","sticky":false,"template":"","format":"standard","meta":{"jetpack_post_was_ever_published":false,"_jetpack_newsletter_access":"","_jetpack_dont_email_post_to_subs":false,"_jetpack_newsletter_tier_id":0,"_jetpack_memberships_contains_paywalled_content":false,"_jetpack_memberships_contains_paid_content":false,"footnotes":""},"categories":[1],"tags":[1738,15,3623,8,1285,16,1286,11,3622,9],"class_list":["post-632","post","type-post","status-publish","format-standard","has-post-thumbnail","hentry","category-blog-sabra","tag-nova-lima","tag-assistencia-social","tag-campos-dos-goytacazes","tag-canto-coral","tag-escola-de-musica-sabra","tag-musicalizacao-infantil","tag-orquestra-infanto-juvenil-de-betim","tag-orquestra-sinfonica-de-betim","tag-raposos","tag-sociedade-artistica-brasileira"],"yoast_head":"<!-- This site is optimized with the Yoast SEO plugin v27.5 - https:\/\/yoast.com\/product\/yoast-seo-wordpress\/ -->\n<title>M\u00fasica: A Hist\u00f3ria do Entretenimento Humano - SABRA - Sociedade Art\u00edstica Brasileira<\/title>\n<meta name=\"description\" content=\"Voc\u00ea sabia que muito antes da escrita, da roda e mesmo da agricultura o ser humano j\u00e1 produzia m\u00fasica com a voz e com instrumentos musicais?\" \/>\n<meta name=\"robots\" content=\"index, follow, max-snippet:-1, max-image-preview:large, max-video-preview:-1\" \/>\n<link rel=\"canonical\" href=\"https:\/\/www.sabra.org.br\/site\/historia\/\" \/>\n<meta property=\"og:locale\" content=\"pt_BR\" \/>\n<meta property=\"og:type\" content=\"article\" \/>\n<meta property=\"og:title\" content=\"M\u00fasica: A Hist\u00f3ria do Entretenimento Humano - SABRA - Sociedade Art\u00edstica Brasileira\" \/>\n<meta property=\"og:description\" content=\"Voc\u00ea sabia que muito antes da escrita, da roda e mesmo da agricultura o ser humano j\u00e1 produzia m\u00fasica com a voz e com instrumentos musicais?\" \/>\n<meta property=\"og:url\" content=\"https:\/\/www.sabra.org.br\/site\/historia\/\" \/>\n<meta property=\"og:site_name\" content=\"SABRA - Sociedade Art\u00edstica Brasileira\" \/>\n<meta property=\"article:publisher\" content=\"https:\/\/www.facebook.com\/sabrabrasil\" \/>\n<meta property=\"article:published_time\" content=\"2017-09-08T13:15:37+00:00\" \/>\n<meta property=\"article:modified_time\" content=\"2025-04-20T22:12:01+00:00\" \/>\n<meta property=\"og:image\" content=\"https:\/\/www.sabra.org.br\/site\/wp-content\/uploads\/2017\/09\/Ift00054vb00.jpg\" \/>\n\t<meta property=\"og:image:width\" content=\"900\" \/>\n\t<meta property=\"og:image:height\" content=\"584\" \/>\n\t<meta property=\"og:image:type\" content=\"image\/jpeg\" \/>\n<meta name=\"author\" content=\"M\u00e1rcio Miranda Pontes\" \/>\n<meta name=\"twitter:card\" content=\"summary_large_image\" \/>\n<meta name=\"twitter:creator\" content=\"@ContatoSabra\" \/>\n<meta name=\"twitter:site\" content=\"@ContatoSabra\" \/>\n<meta name=\"twitter:label1\" content=\"Escrito por\" \/>\n\t<meta name=\"twitter:data1\" content=\"M\u00e1rcio Miranda Pontes\" \/>\n\t<meta name=\"twitter:label2\" content=\"Est. tempo de leitura\" \/>\n\t<meta name=\"twitter:data2\" content=\"5 minutos\" \/>\n<script type=\"application\/ld+json\" class=\"yoast-schema-graph\">{\"@context\":\"https:\\\/\\\/schema.org\",\"@graph\":[{\"@type\":\"Article\",\"@id\":\"https:\\\/\\\/www.sabra.org.br\\\/site\\\/historia\\\/#article\",\"isPartOf\":{\"@id\":\"https:\\\/\\\/www.sabra.org.br\\\/site\\\/historia\\\/\"},\"author\":{\"name\":\"M\u00e1rcio Miranda Pontes\",\"@id\":\"https:\\\/\\\/www.sabra.org.br\\\/site\\\/#\\\/schema\\\/person\\\/7d1d222c3c8891d4c37c7b41bf6315c2\"},\"headline\":\"Hist\u00f3ria da m\u00fasica cl\u00e1ssica: da m\u00fasica antiga \u00e0 contempor\u00e2nea\",\"datePublished\":\"2017-09-08T13:15:37+00:00\",\"dateModified\":\"2025-04-20T22:12:01+00:00\",\"mainEntityOfPage\":{\"@id\":\"https:\\\/\\\/www.sabra.org.br\\\/site\\\/historia\\\/\"},\"wordCount\":1002,\"publisher\":{\"@id\":\"https:\\\/\\\/www.sabra.org.br\\\/site\\\/#organization\"},\"image\":{\"@id\":\"https:\\\/\\\/www.sabra.org.br\\\/site\\\/historia\\\/#primaryimage\"},\"thumbnailUrl\":\"https:\\\/\\\/www.sabra.org.br\\\/site\\\/wp-content\\\/uploads\\\/2017\\\/09\\\/Ift00054vb00.jpg\",\"keywords\":[\"#nova lima\",\"Assist\u00eancia social\",\"Campos dos Goytacazes\",\"Canto Coral\",\"Escola de Musica SABRA\",\"Musicaliza\u00e7\u00e3o Infantil\",\"Orquestra Infanto Juvenil de Betim\",\"Orquestra Sinf\u00f4nica de Betim\",\"Raposos\",\"Sociedade Art\u00edstica Brasileira\"],\"articleSection\":[\"Blog SABRA\"],\"inLanguage\":\"pt-BR\"},{\"@type\":\"WebPage\",\"@id\":\"https:\\\/\\\/www.sabra.org.br\\\/site\\\/historia\\\/\",\"url\":\"https:\\\/\\\/www.sabra.org.br\\\/site\\\/historia\\\/\",\"name\":\"M\u00fasica: A Hist\u00f3ria do Entretenimento Humano - SABRA - Sociedade Art\u00edstica Brasileira\",\"isPartOf\":{\"@id\":\"https:\\\/\\\/www.sabra.org.br\\\/site\\\/#website\"},\"primaryImageOfPage\":{\"@id\":\"https:\\\/\\\/www.sabra.org.br\\\/site\\\/historia\\\/#primaryimage\"},\"image\":{\"@id\":\"https:\\\/\\\/www.sabra.org.br\\\/site\\\/historia\\\/#primaryimage\"},\"thumbnailUrl\":\"https:\\\/\\\/www.sabra.org.br\\\/site\\\/wp-content\\\/uploads\\\/2017\\\/09\\\/Ift00054vb00.jpg\",\"datePublished\":\"2017-09-08T13:15:37+00:00\",\"dateModified\":\"2025-04-20T22:12:01+00:00\",\"description\":\"Voc\u00ea sabia que muito antes da escrita, da roda e mesmo da agricultura o ser humano j\u00e1 produzia m\u00fasica com a voz e com instrumentos musicais?\",\"breadcrumb\":{\"@id\":\"https:\\\/\\\/www.sabra.org.br\\\/site\\\/historia\\\/#breadcrumb\"},\"inLanguage\":\"pt-BR\",\"potentialAction\":[{\"@type\":\"ReadAction\",\"target\":[\"https:\\\/\\\/www.sabra.org.br\\\/site\\\/historia\\\/\"]}]},{\"@type\":\"ImageObject\",\"inLanguage\":\"pt-BR\",\"@id\":\"https:\\\/\\\/www.sabra.org.br\\\/site\\\/historia\\\/#primaryimage\",\"url\":\"https:\\\/\\\/www.sabra.org.br\\\/site\\\/wp-content\\\/uploads\\\/2017\\\/09\\\/Ift00054vb00.jpg\",\"contentUrl\":\"https:\\\/\\\/www.sabra.org.br\\\/site\\\/wp-content\\\/uploads\\\/2017\\\/09\\\/Ift00054vb00.jpg\",\"width\":900,\"height\":584,\"caption\":\"Sociedade Art\u00edstica Brasileira SABRA\"},{\"@type\":\"BreadcrumbList\",\"@id\":\"https:\\\/\\\/www.sabra.org.br\\\/site\\\/historia\\\/#breadcrumb\",\"itemListElement\":[{\"@type\":\"ListItem\",\"position\":1,\"name\":\"In\u00edcio\",\"item\":\"https:\\\/\\\/www.sabra.org.br\\\/site\\\/\"},{\"@type\":\"ListItem\",\"position\":2,\"name\":\"Hist\u00f3ria da m\u00fasica cl\u00e1ssica: da m\u00fasica antiga \u00e0 contempor\u00e2nea\"}]},{\"@type\":\"WebSite\",\"@id\":\"https:\\\/\\\/www.sabra.org.br\\\/site\\\/#website\",\"url\":\"https:\\\/\\\/www.sabra.org.br\\\/site\\\/\",\"name\":\"SABRA - Sociedade Art\u00edstica Brasileira\",\"description\":\"Escola de M\u00fasica, Orquestra Sinf\u00f4nica, Coral e Patrim\u00f4nio Cultural e Hist\u00f3rico\",\"publisher\":{\"@id\":\"https:\\\/\\\/www.sabra.org.br\\\/site\\\/#organization\"},\"potentialAction\":[{\"@type\":\"SearchAction\",\"target\":{\"@type\":\"EntryPoint\",\"urlTemplate\":\"https:\\\/\\\/www.sabra.org.br\\\/site\\\/?s={search_term_string}\"},\"query-input\":{\"@type\":\"PropertyValueSpecification\",\"valueRequired\":true,\"valueName\":\"search_term_string\"}}],\"inLanguage\":\"pt-BR\"},{\"@type\":\"Organization\",\"@id\":\"https:\\\/\\\/www.sabra.org.br\\\/site\\\/#organization\",\"name\":\"SOCIEDADE ART\u00cdSTICA BRASILEIRA SABRA\",\"alternateName\":\"SABRA\",\"url\":\"https:\\\/\\\/www.sabra.org.br\\\/site\\\/\",\"logo\":{\"@type\":\"ImageObject\",\"inLanguage\":\"pt-BR\",\"@id\":\"https:\\\/\\\/www.sabra.org.br\\\/site\\\/#\\\/schema\\\/logo\\\/image\\\/\",\"url\":\"https:\\\/\\\/www.sabra.org.br\\\/site\\\/wp-content\\\/uploads\\\/2019\\\/06\\\/cropped-Logo_SABRA-Copia-1.webp\",\"contentUrl\":\"https:\\\/\\\/www.sabra.org.br\\\/site\\\/wp-content\\\/uploads\\\/2019\\\/06\\\/cropped-Logo_SABRA-Copia-1.webp\",\"width\":400,\"height\":128,\"caption\":\"SOCIEDADE ART\u00cdSTICA BRASILEIRA SABRA\"},\"image\":{\"@id\":\"https:\\\/\\\/www.sabra.org.br\\\/site\\\/#\\\/schema\\\/logo\\\/image\\\/\"},\"sameAs\":[\"https:\\\/\\\/www.facebook.com\\\/sabrabrasil\",\"https:\\\/\\\/x.com\\\/ContatoSabra\",\"https:\\\/\\\/www.instagram.com\\\/sabrabrasil\\\/\",\"https:\\\/\\\/www.linkedin.com\\\/company\\\/25002088\\\/\",\"https:\\\/\\\/br.pinterest.com\\\/sociedadeartisticabrasileira\\\/\",\"https:\\\/\\\/www.youtube.com\\\/c\\\/sabrabrasil\"]},{\"@type\":\"Person\",\"@id\":\"https:\\\/\\\/www.sabra.org.br\\\/site\\\/#\\\/schema\\\/person\\\/7d1d222c3c8891d4c37c7b41bf6315c2\",\"name\":\"M\u00e1rcio Miranda Pontes\",\"image\":{\"@type\":\"ImageObject\",\"inLanguage\":\"pt-BR\",\"@id\":\"https:\\\/\\\/secure.gravatar.com\\\/avatar\\\/3b45f24496a7625a3a6c436688fbe20344faaeb2979658dc4a9921f984d7df9a?s=96&d=mm&r=g\",\"url\":\"https:\\\/\\\/secure.gravatar.com\\\/avatar\\\/3b45f24496a7625a3a6c436688fbe20344faaeb2979658dc4a9921f984d7df9a?s=96&d=mm&r=g\",\"contentUrl\":\"https:\\\/\\\/secure.gravatar.com\\\/avatar\\\/3b45f24496a7625a3a6c436688fbe20344faaeb2979658dc4a9921f984d7df9a?s=96&d=mm&r=g\",\"caption\":\"M\u00e1rcio Miranda Pontes\"},\"sameAs\":[\"http:\\\/\\\/www.sabra.org.br\"],\"url\":\"https:\\\/\\\/www.sabra.org.br\\\/site\\\/author\\\/marcio-miranda-pontes\\\/\"}]}<\/script>\n<!-- \/ Yoast SEO plugin. -->","yoast_head_json":{"title":"M\u00fasica: A Hist\u00f3ria do Entretenimento Humano - SABRA - Sociedade Art\u00edstica Brasileira","description":"Voc\u00ea sabia que muito antes da escrita, da roda e mesmo da agricultura o ser humano j\u00e1 produzia m\u00fasica com a voz e com instrumentos musicais?","robots":{"index":"index","follow":"follow","max-snippet":"max-snippet:-1","max-image-preview":"max-image-preview:large","max-video-preview":"max-video-preview:-1"},"canonical":"https:\/\/www.sabra.org.br\/site\/historia\/","og_locale":"pt_BR","og_type":"article","og_title":"M\u00fasica: A Hist\u00f3ria do Entretenimento Humano - SABRA - Sociedade Art\u00edstica Brasileira","og_description":"Voc\u00ea sabia que muito antes da escrita, da roda e mesmo da agricultura o ser humano j\u00e1 produzia m\u00fasica com a voz e com instrumentos musicais?","og_url":"https:\/\/www.sabra.org.br\/site\/historia\/","og_site_name":"SABRA - Sociedade Art\u00edstica Brasileira","article_publisher":"https:\/\/www.facebook.com\/sabrabrasil","article_published_time":"2017-09-08T13:15:37+00:00","article_modified_time":"2025-04-20T22:12:01+00:00","og_image":[{"width":900,"height":584,"url":"https:\/\/www.sabra.org.br\/site\/wp-content\/uploads\/2017\/09\/Ift00054vb00.jpg","type":"image\/jpeg"}],"author":"M\u00e1rcio Miranda Pontes","twitter_card":"summary_large_image","twitter_creator":"@ContatoSabra","twitter_site":"@ContatoSabra","twitter_misc":{"Escrito por":"M\u00e1rcio Miranda Pontes","Est. tempo de leitura":"5 minutos"},"schema":{"@context":"https:\/\/schema.org","@graph":[{"@type":"Article","@id":"https:\/\/www.sabra.org.br\/site\/historia\/#article","isPartOf":{"@id":"https:\/\/www.sabra.org.br\/site\/historia\/"},"author":{"name":"M\u00e1rcio Miranda Pontes","@id":"https:\/\/www.sabra.org.br\/site\/#\/schema\/person\/7d1d222c3c8891d4c37c7b41bf6315c2"},"headline":"Hist\u00f3ria da m\u00fasica cl\u00e1ssica: da m\u00fasica antiga \u00e0 contempor\u00e2nea","datePublished":"2017-09-08T13:15:37+00:00","dateModified":"2025-04-20T22:12:01+00:00","mainEntityOfPage":{"@id":"https:\/\/www.sabra.org.br\/site\/historia\/"},"wordCount":1002,"publisher":{"@id":"https:\/\/www.sabra.org.br\/site\/#organization"},"image":{"@id":"https:\/\/www.sabra.org.br\/site\/historia\/#primaryimage"},"thumbnailUrl":"https:\/\/www.sabra.org.br\/site\/wp-content\/uploads\/2017\/09\/Ift00054vb00.jpg","keywords":["#nova lima","Assist\u00eancia social","Campos dos Goytacazes","Canto Coral","Escola de Musica SABRA","Musicaliza\u00e7\u00e3o Infantil","Orquestra Infanto Juvenil de Betim","Orquestra Sinf\u00f4nica de Betim","Raposos","Sociedade Art\u00edstica Brasileira"],"articleSection":["Blog SABRA"],"inLanguage":"pt-BR"},{"@type":"WebPage","@id":"https:\/\/www.sabra.org.br\/site\/historia\/","url":"https:\/\/www.sabra.org.br\/site\/historia\/","name":"M\u00fasica: A Hist\u00f3ria do Entretenimento Humano - SABRA - Sociedade Art\u00edstica Brasileira","isPartOf":{"@id":"https:\/\/www.sabra.org.br\/site\/#website"},"primaryImageOfPage":{"@id":"https:\/\/www.sabra.org.br\/site\/historia\/#primaryimage"},"image":{"@id":"https:\/\/www.sabra.org.br\/site\/historia\/#primaryimage"},"thumbnailUrl":"https:\/\/www.sabra.org.br\/site\/wp-content\/uploads\/2017\/09\/Ift00054vb00.jpg","datePublished":"2017-09-08T13:15:37+00:00","dateModified":"2025-04-20T22:12:01+00:00","description":"Voc\u00ea sabia que muito antes da escrita, da roda e mesmo da agricultura o ser humano j\u00e1 produzia m\u00fasica com a voz e com instrumentos musicais?","breadcrumb":{"@id":"https:\/\/www.sabra.org.br\/site\/historia\/#breadcrumb"},"inLanguage":"pt-BR","potentialAction":[{"@type":"ReadAction","target":["https:\/\/www.sabra.org.br\/site\/historia\/"]}]},{"@type":"ImageObject","inLanguage":"pt-BR","@id":"https:\/\/www.sabra.org.br\/site\/historia\/#primaryimage","url":"https:\/\/www.sabra.org.br\/site\/wp-content\/uploads\/2017\/09\/Ift00054vb00.jpg","contentUrl":"https:\/\/www.sabra.org.br\/site\/wp-content\/uploads\/2017\/09\/Ift00054vb00.jpg","width":900,"height":584,"caption":"Sociedade Art\u00edstica Brasileira SABRA"},{"@type":"BreadcrumbList","@id":"https:\/\/www.sabra.org.br\/site\/historia\/#breadcrumb","itemListElement":[{"@type":"ListItem","position":1,"name":"In\u00edcio","item":"https:\/\/www.sabra.org.br\/site\/"},{"@type":"ListItem","position":2,"name":"Hist\u00f3ria da m\u00fasica cl\u00e1ssica: da m\u00fasica antiga \u00e0 contempor\u00e2nea"}]},{"@type":"WebSite","@id":"https:\/\/www.sabra.org.br\/site\/#website","url":"https:\/\/www.sabra.org.br\/site\/","name":"SABRA - Sociedade Art\u00edstica Brasileira","description":"Escola de M\u00fasica, Orquestra Sinf\u00f4nica, Coral e Patrim\u00f4nio Cultural e Hist\u00f3rico","publisher":{"@id":"https:\/\/www.sabra.org.br\/site\/#organization"},"potentialAction":[{"@type":"SearchAction","target":{"@type":"EntryPoint","urlTemplate":"https:\/\/www.sabra.org.br\/site\/?s={search_term_string}"},"query-input":{"@type":"PropertyValueSpecification","valueRequired":true,"valueName":"search_term_string"}}],"inLanguage":"pt-BR"},{"@type":"Organization","@id":"https:\/\/www.sabra.org.br\/site\/#organization","name":"SOCIEDADE ART\u00cdSTICA BRASILEIRA SABRA","alternateName":"SABRA","url":"https:\/\/www.sabra.org.br\/site\/","logo":{"@type":"ImageObject","inLanguage":"pt-BR","@id":"https:\/\/www.sabra.org.br\/site\/#\/schema\/logo\/image\/","url":"https:\/\/www.sabra.org.br\/site\/wp-content\/uploads\/2019\/06\/cropped-Logo_SABRA-Copia-1.webp","contentUrl":"https:\/\/www.sabra.org.br\/site\/wp-content\/uploads\/2019\/06\/cropped-Logo_SABRA-Copia-1.webp","width":400,"height":128,"caption":"SOCIEDADE ART\u00cdSTICA BRASILEIRA SABRA"},"image":{"@id":"https:\/\/www.sabra.org.br\/site\/#\/schema\/logo\/image\/"},"sameAs":["https:\/\/www.facebook.com\/sabrabrasil","https:\/\/x.com\/ContatoSabra","https:\/\/www.instagram.com\/sabrabrasil\/","https:\/\/www.linkedin.com\/company\/25002088\/","https:\/\/br.pinterest.com\/sociedadeartisticabrasileira\/","https:\/\/www.youtube.com\/c\/sabrabrasil"]},{"@type":"Person","@id":"https:\/\/www.sabra.org.br\/site\/#\/schema\/person\/7d1d222c3c8891d4c37c7b41bf6315c2","name":"M\u00e1rcio Miranda Pontes","image":{"@type":"ImageObject","inLanguage":"pt-BR","@id":"https:\/\/secure.gravatar.com\/avatar\/3b45f24496a7625a3a6c436688fbe20344faaeb2979658dc4a9921f984d7df9a?s=96&d=mm&r=g","url":"https:\/\/secure.gravatar.com\/avatar\/3b45f24496a7625a3a6c436688fbe20344faaeb2979658dc4a9921f984d7df9a?s=96&d=mm&r=g","contentUrl":"https:\/\/secure.gravatar.com\/avatar\/3b45f24496a7625a3a6c436688fbe20344faaeb2979658dc4a9921f984d7df9a?s=96&d=mm&r=g","caption":"M\u00e1rcio Miranda Pontes"},"sameAs":["http:\/\/www.sabra.org.br"],"url":"https:\/\/www.sabra.org.br\/site\/author\/marcio-miranda-pontes\/"}]}},"jetpack_featured_media_url":"https:\/\/www.sabra.org.br\/site\/wp-content\/uploads\/2017\/09\/Ift00054vb00.jpg","jetpack_shortlink":"https:\/\/wp.me\/s95j2Z-historia","jetpack-related-posts":[{"id":4772,"url":"https:\/\/www.sabra.org.br\/site\/historia-musica\/","url_meta":{"origin":632,"position":0},"title":"Hist\u00f3ria da m\u00fasica: livros que voc\u00ea precisa conhecer","author":"M\u00e1rcio Miranda Pontes","date":"25 de fevereiro de 2022","format":false,"excerpt":"A m\u00fasica faz parte da nossa vida, de muitas maneiras e g\u00eaneros, e a sua hist\u00f3ria se confunde com a da pr\u00f3pria humanidade. Confira nesse texto quatro livros que voc\u00ea precisa conhecer para ficar mais por dentro da hist\u00f3ria da m\u00fasica!","rel":"","context":"Em &quot;Blog SABRA&quot;","block_context":{"text":"Blog SABRA","link":"https:\/\/www.sabra.org.br\/site\/category\/blog-sabra\/"},"img":{"alt_text":"musica-livros-historia","src":"https:\/\/i0.wp.com\/www.sabra.org.br\/site\/wp-content\/uploads\/2022\/02\/historia-da-musica-x-livros-que-voce-precisa-conhecer-20220208141739.jpg.jpg?resize=350%2C200&ssl=1","width":350,"height":200,"srcset":"https:\/\/i0.wp.com\/www.sabra.org.br\/site\/wp-content\/uploads\/2022\/02\/historia-da-musica-x-livros-que-voce-precisa-conhecer-20220208141739.jpg.jpg?resize=350%2C200&ssl=1 1x, https:\/\/i0.wp.com\/www.sabra.org.br\/site\/wp-content\/uploads\/2022\/02\/historia-da-musica-x-livros-que-voce-precisa-conhecer-20220208141739.jpg.jpg?resize=525%2C300&ssl=1 1.5x, https:\/\/i0.wp.com\/www.sabra.org.br\/site\/wp-content\/uploads\/2022\/02\/historia-da-musica-x-livros-que-voce-precisa-conhecer-20220208141739.jpg.jpg?resize=700%2C400&ssl=1 2x, https:\/\/i0.wp.com\/www.sabra.org.br\/site\/wp-content\/uploads\/2022\/02\/historia-da-musica-x-livros-que-voce-precisa-conhecer-20220208141739.jpg.jpg?resize=1050%2C600&ssl=1 3x"},"classes":[]},{"id":4858,"url":"https:\/\/www.sabra.org.br\/site\/orquestra-historia\/","url_meta":{"origin":632,"position":1},"title":"Hist\u00f3ria da orquestra","author":"M\u00e1rcio Miranda Pontes","date":"24 de mar\u00e7o de 2022","format":false,"excerpt":"Nos prim\u00f3rdios, a m\u00fasica era protagonizada somente por cantores, o que hoje conhecemos como orquestra sinf\u00f4nica \u00e9 resultado de uma evolu\u00e7\u00e3o. Leia o post e entenda mais acerca da hist\u00f3ria da orquestra.","rel":"","context":"Em &quot;Blog SABRA&quot;","block_context":{"text":"Blog SABRA","link":"https:\/\/www.sabra.org.br\/site\/category\/blog-sabra\/"},"img":{"alt_text":"orquestra-conhecemos-conceito-m\u00fasica-instrumento","src":"https:\/\/i0.wp.com\/www.sabra.org.br\/site\/wp-content\/uploads\/2022\/03\/historia-da-orquestra-20211210160934.jpg.jpg?resize=350%2C200&ssl=1","width":350,"height":200,"srcset":"https:\/\/i0.wp.com\/www.sabra.org.br\/site\/wp-content\/uploads\/2022\/03\/historia-da-orquestra-20211210160934.jpg.jpg?resize=350%2C200&ssl=1 1x, https:\/\/i0.wp.com\/www.sabra.org.br\/site\/wp-content\/uploads\/2022\/03\/historia-da-orquestra-20211210160934.jpg.jpg?resize=525%2C300&ssl=1 1.5x, https:\/\/i0.wp.com\/www.sabra.org.br\/site\/wp-content\/uploads\/2022\/03\/historia-da-orquestra-20211210160934.jpg.jpg?resize=700%2C400&ssl=1 2x"},"classes":[]},{"id":7388,"url":"https:\/\/www.sabra.org.br\/site\/estilo-musica-contemporanea\/","url_meta":{"origin":632,"position":2},"title":"Tudo que voc\u00ea precisa saber sobre m\u00fasica contempor\u00e2nea","author":"M\u00e1rcio Miranda Pontes","date":"21 de junho de 2023","format":false,"excerpt":"Conhe\u00e7a nossa plataforma de ensino \u00e0 dist\u00e2ncia. Nela voc\u00ea pode conferir todos os cursos dispon\u00edveis nessa modalidade e come\u00e7ar a estudar algo que voc\u00ea gosta! N\u00e3o perca essa oportunidade valiosa.","rel":"","context":"Em &quot;Blog SABRA&quot;","block_context":{"text":"Blog SABRA","link":"https:\/\/www.sabra.org.br\/site\/category\/blog-sabra\/"},"img":{"alt_text":"m\u00fasica-contempor\u00e2nea-estilo-cultura-musicais influ\u00eancia-g\u00eanero-sociais-artistas-evolu\u00e7\u00e3o-experimentais-sonora-sabra","src":"https:\/\/i0.wp.com\/www.sabra.org.br\/site\/wp-content\/uploads\/2023\/06\/tudo-que-voce-precisa-saber-sobre-musica-contemporaneajpg-20230522113605.jpg-jpg.webp?resize=350%2C200&ssl=1","width":350,"height":200,"srcset":"https:\/\/i0.wp.com\/www.sabra.org.br\/site\/wp-content\/uploads\/2023\/06\/tudo-que-voce-precisa-saber-sobre-musica-contemporaneajpg-20230522113605.jpg-jpg.webp?resize=350%2C200&ssl=1 1x, https:\/\/i0.wp.com\/www.sabra.org.br\/site\/wp-content\/uploads\/2023\/06\/tudo-que-voce-precisa-saber-sobre-musica-contemporaneajpg-20230522113605.jpg-jpg.webp?resize=525%2C300&ssl=1 1.5x, https:\/\/i0.wp.com\/www.sabra.org.br\/site\/wp-content\/uploads\/2023\/06\/tudo-que-voce-precisa-saber-sobre-musica-contemporaneajpg-20230522113605.jpg-jpg.webp?resize=700%2C400&ssl=1 2x"},"classes":[]},{"id":7380,"url":"https:\/\/www.sabra.org.br\/site\/fatos-orquestras\/","url_meta":{"origin":632,"position":3},"title":"Fatos interessantes sobre as orquestras","author":"M\u00e1rcio Miranda Pontes","date":"20 de junho de 2023","format":false,"excerpt":"Conhe\u00e7a fatos interessantes sobre essas forma\u00e7\u00f5es musicais grandiosas. Da sua hist\u00f3ria milenar \u00e0 composi\u00e7\u00e3o intricada, mergulhe no mundo sinf\u00f4nico e surpreenda-se com o que as orquestras t\u00eam a oferecer. Um universo musical cheio de curiosidades aguarda por voc\u00ea!","rel":"","context":"Em &quot;Blog SABRA&quot;","block_context":{"text":"Blog SABRA","link":"https:\/\/www.sabra.org.br\/site\/category\/blog-sabra\/"},"img":{"alt_text":"orquestra-m\u00fasico-musicais-sinf\u00f4nica-sabra","src":"https:\/\/i0.wp.com\/www.sabra.org.br\/site\/wp-content\/uploads\/2023\/06\/x-fatos-interessantes-sobre-as-orquestrasjpg-20230522113605.jpg-jpg.webp?resize=350%2C200&ssl=1","width":350,"height":200,"srcset":"https:\/\/i0.wp.com\/www.sabra.org.br\/site\/wp-content\/uploads\/2023\/06\/x-fatos-interessantes-sobre-as-orquestrasjpg-20230522113605.jpg-jpg.webp?resize=350%2C200&ssl=1 1x, https:\/\/i0.wp.com\/www.sabra.org.br\/site\/wp-content\/uploads\/2023\/06\/x-fatos-interessantes-sobre-as-orquestrasjpg-20230522113605.jpg-jpg.webp?resize=525%2C300&ssl=1 1.5x, https:\/\/i0.wp.com\/www.sabra.org.br\/site\/wp-content\/uploads\/2023\/06\/x-fatos-interessantes-sobre-as-orquestrasjpg-20230522113605.jpg-jpg.webp?resize=700%2C400&ssl=1 2x"},"classes":[]},{"id":2808,"url":"https:\/\/www.sabra.org.br\/site\/musica-classica-evolucao\/","url_meta":{"origin":632,"position":4},"title":"M\u00fasica cl\u00e1ssica","author":"M\u00e1rcio Miranda Pontes","date":"11 de abril de 2020","format":false,"excerpt":"A m\u00fasica cl\u00e1ssica, mais conhecida como m\u00fasica erudita, cresceu ao longo dos anos, datando sua origem no s\u00e9culo IX. Era utilizada em cerim\u00f4nias religiosas e para alegrar os nobres da \u00e9poca.","rel":"","context":"Em &quot;Blog SABRA&quot;","block_context":{"text":"Blog SABRA","link":"https:\/\/www.sabra.org.br\/site\/category\/blog-sabra\/"},"img":{"alt_text":"musica-classica-evolu\u00e7\u00e3o-erudita-s\u00e9culo-sabra","src":"https:\/\/i0.wp.com\/www.sabra.org.br\/site\/wp-content\/uploads\/2020\/04\/musica-classica-conheca-a-sua-origem-e-evolucao-ao-longo-dos-anos-20191202180617.jpg.jpg?resize=350%2C200&ssl=1","width":350,"height":200,"srcset":"https:\/\/i0.wp.com\/www.sabra.org.br\/site\/wp-content\/uploads\/2020\/04\/musica-classica-conheca-a-sua-origem-e-evolucao-ao-longo-dos-anos-20191202180617.jpg.jpg?resize=350%2C200&ssl=1 1x, https:\/\/i0.wp.com\/www.sabra.org.br\/site\/wp-content\/uploads\/2020\/04\/musica-classica-conheca-a-sua-origem-e-evolucao-ao-longo-dos-anos-20191202180617.jpg.jpg?resize=525%2C300&ssl=1 1.5x, https:\/\/i0.wp.com\/www.sabra.org.br\/site\/wp-content\/uploads\/2020\/04\/musica-classica-conheca-a-sua-origem-e-evolucao-ao-longo-dos-anos-20191202180617.jpg.jpg?resize=700%2C400&ssl=1 2x"},"classes":[]},{"id":8237,"url":"https:\/\/www.sabra.org.br\/site\/danca-contemporanea\/","url_meta":{"origin":632,"position":5},"title":"Conhe\u00e7a mais sobre a dan\u00e7a contempor\u00e2nea","author":"M\u00e1rcio Miranda Pontes","date":"18 de outubro de 2023","format":false,"excerpt":"Se voc\u00ea \u00e9 um amante da dan\u00e7a e gosta de saber curiosidades sobre os v\u00e1rios estilos, leia nosso texto onde falamos sobre diversos aspectos da dan\u00e7a contempor\u00e2nea, desde seu desenvolvimento at\u00e9 as suas principais caracter\u00edsticas.","rel":"","context":"Em &quot;Blog SABRA&quot;","block_context":{"text":"Blog SABRA","link":"https:\/\/www.sabra.org.br\/site\/category\/blog-sabra\/"},"img":{"alt_text":"sabra-m\u00fasica-dan\u00e7a-diferentes-tipos-estilos-arte-contempor\u00e2nea","src":"https:\/\/i0.wp.com\/www.sabra.org.br\/site\/wp-content\/uploads\/2023\/10\/conheca-mais-sobre-a-danca-contemporanea-20221124141249.jpg-jpg.webp?resize=350%2C200&ssl=1","width":350,"height":200,"srcset":"https:\/\/i0.wp.com\/www.sabra.org.br\/site\/wp-content\/uploads\/2023\/10\/conheca-mais-sobre-a-danca-contemporanea-20221124141249.jpg-jpg.webp?resize=350%2C200&ssl=1 1x, https:\/\/i0.wp.com\/www.sabra.org.br\/site\/wp-content\/uploads\/2023\/10\/conheca-mais-sobre-a-danca-contemporanea-20221124141249.jpg-jpg.webp?resize=525%2C300&ssl=1 1.5x, https:\/\/i0.wp.com\/www.sabra.org.br\/site\/wp-content\/uploads\/2023\/10\/conheca-mais-sobre-a-danca-contemporanea-20221124141249.jpg-jpg.webp?resize=700%2C400&ssl=1 2x"},"classes":[]}],"jetpack_likes_enabled":true,"jetpack_sharing_enabled":true,"_links":{"self":[{"href":"https:\/\/www.sabra.org.br\/site\/wp-json\/wp\/v2\/posts\/632","targetHints":{"allow":["GET"]}}],"collection":[{"href":"https:\/\/www.sabra.org.br\/site\/wp-json\/wp\/v2\/posts"}],"about":[{"href":"https:\/\/www.sabra.org.br\/site\/wp-json\/wp\/v2\/types\/post"}],"author":[{"embeddable":true,"href":"https:\/\/www.sabra.org.br\/site\/wp-json\/wp\/v2\/users\/39"}],"replies":[{"embeddable":true,"href":"https:\/\/www.sabra.org.br\/site\/wp-json\/wp\/v2\/comments?post=632"}],"version-history":[{"count":0,"href":"https:\/\/www.sabra.org.br\/site\/wp-json\/wp\/v2\/posts\/632\/revisions"}],"wp:featuredmedia":[{"embeddable":true,"href":"https:\/\/www.sabra.org.br\/site\/wp-json\/wp\/v2\/media\/633"}],"wp:attachment":[{"href":"https:\/\/www.sabra.org.br\/site\/wp-json\/wp\/v2\/media?parent=632"}],"wp:term":[{"taxonomy":"category","embeddable":true,"href":"https:\/\/www.sabra.org.br\/site\/wp-json\/wp\/v2\/categories?post=632"},{"taxonomy":"post_tag","embeddable":true,"href":"https:\/\/www.sabra.org.br\/site\/wp-json\/wp\/v2\/tags?post=632"}],"curies":[{"name":"wp","href":"https:\/\/api.w.org\/{rel}","templated":true}]}}