{"id":6368,"date":"2022-12-07T08:07:48","date_gmt":"2022-12-07T11:07:48","guid":{"rendered":"https:\/\/www.sabra.org.br\/site\/?p=6368"},"modified":"2025-04-18T18:19:38","modified_gmt":"2025-04-18T21:19:38","slug":"influencia-africana","status":"publish","type":"post","link":"https:\/\/www.sabra.org.br\/site\/influencia-africana\/","title":{"rendered":"A influ\u00eancia da cultura africana na m\u00fasica brasileira"},"content":{"rendered":"<p>[vc_row][vc_column][vc_column_text]O per\u00edodo da escravid\u00e3o, com a vinda dos negros escravizados da \u00c1frica para o Brasil, foi um per\u00edodo muito triste da hist\u00f3ria brasileira e que reverbera at\u00e9 hoje. Mas essa popula\u00e7\u00e3o, que foi retirada \u00e0 for\u00e7a de suas origens, contribuiu muito para forma\u00e7\u00e3o cultural do nosso pa\u00eds.<\/p>\n<p>Com influ\u00eancia em diversos campos art\u00edsticos, com a m\u00fasica n\u00e3o seria diferente. Hoje vamos conhecer alguns dos ritmos que t\u00eam suas ra\u00edzes na cultura africana.<\/p>\n<p>Boa leitura!<\/p>\n<h2>Instrumentos musicais<\/h2>\n<p>Para come\u00e7ar, podemos falar dos instrumentos musicais de origem africana e que s\u00e3o utilizados at\u00e9 hoje em composi\u00e7\u00f5es pelo mundo. Um exemplo \u00e9 o agog\u00f4. Formado por diversos pequenos sinos, geralmente tr\u00eas ou quatro, esse instrumento \u00e9 muito importante para a m\u00fasica iorub\u00e1. O instrumento percussivo \u00e9 utilizado para acompanhar a m\u00fasica ou sinalizar movimentos dentro da composi\u00e7\u00e3o.<\/p>\n<p>Outro instrumento \u00e9 o berimbau, mais conhecido pelos praticantes da capoeira. Ele \u00e9 t\u00e3o importante para os capoeiristas que h\u00e1 um momento de rever\u00eancia especial ao objeto antes de iniciar um jogo. Composto por uma corda que envolve uma longa vara, geralmente de bambu, al\u00e9m de uma caba\u00e7a, que funciona como caixa de resson\u00e2ncia; esse instrumento \u00e9 de origem angolana j\u00e1 esteve presente em composi\u00e7\u00f5es at\u00e9 de Vin\u00edcius de Moraes.<\/p>\n<h2>Ritmos musicais<\/h2>\n<p>O samba \u00e9 quase uma unanimidade quando falamos de algo que representa o Brasil pelo mundo. O samba nasceu no Brasil, mas at\u00e9 o seu nome \u00e9 inspirado em uma palavra de origem angolana, semba, que significa umbigada. Com a chegada dos ritmos africanos no Brasil, onde j\u00e1 havia uma mistura de culturas, os ritmos africanos encontraram um solo f\u00e9rtil e floresceram em novos frutos, sendo um deles o samba.<\/p>\n<p>O choro, a bossa nova e o maxixe tamb\u00e9m s\u00e3o ritmos que tiveram como base os g\u00eaneros musicais africanos como o lundu. O lundu \u00e9 um ritmo que nasceu na Angola e tem como instrumentos a rabeca, o reco-reco, maracas, bandolim e at\u00e9 o cavaquinho. Isso te lembra alguma coisa? Sim, esses instrumentos s\u00e3o muito utilizados em composi\u00e7\u00f5es famosas como as de Noel Rosa, Chiquinha Gonzaga e at\u00e9 hoje est\u00e3o presentes no samba e pagode modernos.<\/p>\n<p>A pr\u00f3pria capoeira, que citamos acima, tamb\u00e9m pode ser considera uma mistura de m\u00fasica e dan\u00e7a que influencia a m\u00fasica brasileira, sendo praticada em todo o territ\u00f3rio nacional.<\/p>\n<h2>Manifesta\u00e7\u00f5es populares<\/h2>\n<p>Como falamos de samba, n\u00e3o podemos deixar de citar o Carnaval. Os desfiles em volta das aldeias s\u00e3o a base para os blocos carnavalescos, assim como as m\u00e1scaras de pedras e ossos que espantavam as energias ruins s\u00e3o a base para todo o tipo de fantasias que vemos hoje. Outras manifesta\u00e7\u00f5es populares que podemos citar s\u00e3o o maracatu, a congada e jongo.<\/p>\n<p>E ent\u00e3o, voc\u00ea j\u00e1 sabia de alguma dessas influ\u00eancias africanas nos sons do Brasil? Somos um pa\u00eds diverso e cheio de refer\u00eancias que nos tornam \u00fanicos e especiais. E se voc\u00ea quer saber mais sobre m\u00fasica e arte, que tal conhecer a nossa escola a e ampliar seus horizontes culturais? Fale com a gente para saber mais sobre.<\/p>\n<blockquote class=\"wp-embedded-content\" data-secret=\"PopoKiANfH\"><p><a href=\"https:\/\/www.sabra.org.br\/site\/os-pilares-da-musica-brasileira-generos\/\">Os pilares da m\u00fasica brasileira<\/a><\/p><\/blockquote>\n<p><iframe class=\"wp-embedded-content\" sandbox=\"allow-scripts\" security=\"restricted\" style=\"position: absolute; visibility: hidden;\" title=\"&#8220;Os pilares da m\u00fasica brasileira&#8221; &#8212; SABRA - Sociedade Art\u00edstica Brasileira\" src=\"https:\/\/www.sabra.org.br\/site\/os-pilares-da-musica-brasileira-generos\/embed\/#?secret=70Eaf8KhaV#?secret=PopoKiANfH\" data-secret=\"PopoKiANfH\" width=\"600\" height=\"338\" frameborder=\"0\" marginwidth=\"0\" marginheight=\"0\" scrolling=\"no\"><\/iframe><\/p>\n<hr \/>\n<h2>Se voc\u00ea gostou deste post:<\/h2>\n<p>&#8211; SIGA as nossas p\u00e1ginas nas redes sociais para acompanhar as nossas atualiza\u00e7\u00f5es: estamos no <a href=\"https:\/\/www.facebook.com\/sabrabrasil\" target=\"_blank\" rel=\"noopener\">Facebook<\/a>, no <a href=\"https:\/\/www.instagram.com\/sabrabrasil\/\" target=\"_blank\" rel=\"noopener\">Instagram<\/a>, no <a href=\"https:\/\/www.linkedin.com\/company\/25002088\" target=\"_blank\" rel=\"noopener\">LinkedIn<\/a>, no <a href=\"https:\/\/twitter.com\/ContatoSabra\" target=\"_blank\" rel=\"noopener\">Twitter<\/a> e no <a href=\"https:\/\/www.youtube.com\/channel\/UCJw-kbuEvzUNdeQf20Pa-eQ\" target=\"_blank\" rel=\"noopener\">YouTube<\/a>!<\/p>\n<p>&#8211; CONHE\u00c7A o trabalho da Sociedade Art\u00edstica Brasileira (SABRA) e todas as iniciativas culturais e sociais que ela mant\u00e9m. <a href=\"https:\/\/www.sabra.org.br\/site\/acoes\/\" target=\"_blank\" rel=\"noopener\">Acesse nosso site!<\/a><\/p>\n<p>&#8211; ENTRE EM CONTATO com a gente. E veja quais s\u00e3o as op\u00e7\u00f5es de ajuda na manuten\u00e7\u00e3o de nossas a\u00e7\u00f5es sociais e culturais. Basta acessar nossa p\u00e1gina <a href=\"https:\/\/www.sabra.org.br\/site\/doe-agora\/\" target=\"_blank\" rel=\"noopener\">Doe Agora!<\/a><\/p>\n<p>&#8211; COMPARTILHE este texto nas suas redes sociais e ajude os seus amigos a tamb\u00e9m dominarem o assunto!<\/p>\n<p>\u2013 Os projetos da @sabrabrasil s\u00e3o realizados com o patroci\u0301nio m\u00e1ster: @vallourec e @institutounimedbh, viabilizado pelo incentivo de mais de 5,2 mil m\u00e9dicos cooperados e colaboradores via Lei de Incentivo \u00e0 Cultura &#8211; @mturismo, @culturagovbr. Apoio: @prefeiturabetim[\/vc_column_text][\/vc_column][\/vc_row]<\/p>\n","protected":false},"excerpt":{"rendered":"<p>A cultura africana \u00e9 base para diversos estilos musicais e manifesta\u00e7\u00f5es culturais brasileiras. Uma das mais conhecidas \u00e9 o samba e o carnaval, mas voc\u00ea conhece outras? Descubra aqui onde mais encontramos essas influ\u00eancias.<\/p>\n","protected":false},"author":39,"featured_media":6370,"comment_status":"closed","ping_status":"closed","sticky":false,"template":"","format":"standard","meta":{"jetpack_post_was_ever_published":false,"_jetpack_newsletter_access":"","_jetpack_dont_email_post_to_subs":false,"_jetpack_newsletter_tier_id":0,"_jetpack_memberships_contains_paywalled_content":false,"_jetpack_memberships_contains_paid_content":false,"footnotes":""},"categories":[1],"tags":[15,2757,3626,3623,8,3629,1285,3628,16,3519,1286,11,3622,9],"class_list":["post-6368","post","type-post","status-publish","format-standard","has-post-thumbnail","hentry","category-blog-sabra","tag-assistencia-social","tag-belo-horizonte","tag-cabo-frio","tag-campos-dos-goytacazes","tag-canto-coral","tag-contagem","tag-escola-de-musica-sabra","tag-ibirite","tag-musicalizacao-infantil","tag-nova-lima-2","tag-orquestra-infanto-juvenil-de-betim","tag-orquestra-sinfonica-de-betim","tag-raposos","tag-sociedade-artistica-brasileira"],"yoast_head":"<!-- This site is optimized with the Yoast SEO plugin v27.5 - https:\/\/yoast.com\/product\/yoast-seo-wordpress\/ -->\n<title>Africana: A Influ\u00eancia na M\u00fasica Brasileira<\/title>\n<meta name=\"description\" content=\"Aperfei\u00e7oe seu conhecimento sobre a africana e sua contribui\u00e7\u00e3o para a m\u00fasica no Brasil, com ritmos e instrumentos \u00fanicos.\" \/>\n<meta name=\"robots\" content=\"index, follow, max-snippet:-1, max-image-preview:large, max-video-preview:-1\" \/>\n<link rel=\"canonical\" href=\"https:\/\/www.sabra.org.br\/site\/influencia-africana\/\" \/>\n<meta property=\"og:locale\" content=\"pt_BR\" \/>\n<meta property=\"og:type\" content=\"article\" \/>\n<meta property=\"og:title\" content=\"Africana: A Influ\u00eancia na M\u00fasica Brasileira\" \/>\n<meta property=\"og:description\" content=\"Aperfei\u00e7oe seu conhecimento sobre a africana e sua contribui\u00e7\u00e3o para a m\u00fasica no Brasil, com ritmos e instrumentos \u00fanicos.\" \/>\n<meta property=\"og:url\" content=\"https:\/\/www.sabra.org.br\/site\/influencia-africana\/\" \/>\n<meta property=\"og:site_name\" content=\"SABRA - Sociedade Art\u00edstica Brasileira\" \/>\n<meta property=\"article:publisher\" content=\"https:\/\/www.facebook.com\/sabrabrasil\" \/>\n<meta property=\"article:published_time\" content=\"2022-12-07T11:07:48+00:00\" \/>\n<meta property=\"article:modified_time\" content=\"2025-04-18T21:19:38+00:00\" \/>\n<meta property=\"og:image\" content=\"https:\/\/www.sabra.org.br\/site\/wp-content\/uploads\/2022\/12\/a-influencia-da-cultura-africana-na-musica-brasileira-20221024103355.jpg.jpg\" \/>\n\t<meta property=\"og:image:width\" content=\"800\" \/>\n\t<meta property=\"og:image:height\" content=\"533\" \/>\n\t<meta property=\"og:image:type\" content=\"image\/jpeg\" \/>\n<meta name=\"author\" content=\"M\u00e1rcio Miranda Pontes\" \/>\n<meta name=\"twitter:card\" content=\"summary_large_image\" \/>\n<meta name=\"twitter:creator\" content=\"@ContatoSabra\" \/>\n<meta name=\"twitter:site\" content=\"@ContatoSabra\" \/>\n<meta name=\"twitter:label1\" content=\"Escrito por\" \/>\n\t<meta name=\"twitter:data1\" content=\"M\u00e1rcio Miranda Pontes\" \/>\n\t<meta name=\"twitter:label2\" content=\"Est. tempo de leitura\" \/>\n\t<meta name=\"twitter:data2\" content=\"4 minutos\" \/>\n<script type=\"application\/ld+json\" class=\"yoast-schema-graph\">{\"@context\":\"https:\\\/\\\/schema.org\",\"@graph\":[{\"@type\":\"Article\",\"@id\":\"https:\\\/\\\/www.sabra.org.br\\\/site\\\/influencia-africana\\\/#article\",\"isPartOf\":{\"@id\":\"https:\\\/\\\/www.sabra.org.br\\\/site\\\/influencia-africana\\\/\"},\"author\":{\"name\":\"M\u00e1rcio Miranda Pontes\",\"@id\":\"https:\\\/\\\/www.sabra.org.br\\\/site\\\/#\\\/schema\\\/person\\\/7d1d222c3c8891d4c37c7b41bf6315c2\"},\"headline\":\"A influ\u00eancia da cultura africana na m\u00fasica brasileira\",\"datePublished\":\"2022-12-07T11:07:48+00:00\",\"dateModified\":\"2025-04-18T21:19:38+00:00\",\"mainEntityOfPage\":{\"@id\":\"https:\\\/\\\/www.sabra.org.br\\\/site\\\/influencia-africana\\\/\"},\"wordCount\":724,\"publisher\":{\"@id\":\"https:\\\/\\\/www.sabra.org.br\\\/site\\\/#organization\"},\"image\":{\"@id\":\"https:\\\/\\\/www.sabra.org.br\\\/site\\\/influencia-africana\\\/#primaryimage\"},\"thumbnailUrl\":\"https:\\\/\\\/www.sabra.org.br\\\/site\\\/wp-content\\\/uploads\\\/2022\\\/12\\\/a-influencia-da-cultura-africana-na-musica-brasileira-20221024103355.jpg.jpg\",\"keywords\":[\"Assist\u00eancia social\",\"Belo Horizonte\",\"Cabo Frio\",\"Campos dos Goytacazes\",\"Canto Coral\",\"Contagem\",\"Escola de Musica SABRA\",\"Ibirit\u00e9\",\"Musicaliza\u00e7\u00e3o Infantil\",\"nova lima\",\"Orquestra Infanto Juvenil de Betim\",\"Orquestra Sinf\u00f4nica de Betim\",\"Raposos\",\"Sociedade Art\u00edstica Brasileira\"],\"articleSection\":[\"Blog SABRA\"],\"inLanguage\":\"pt-BR\"},{\"@type\":\"WebPage\",\"@id\":\"https:\\\/\\\/www.sabra.org.br\\\/site\\\/influencia-africana\\\/\",\"url\":\"https:\\\/\\\/www.sabra.org.br\\\/site\\\/influencia-africana\\\/\",\"name\":\"Africana: A Influ\u00eancia na M\u00fasica Brasileira\",\"isPartOf\":{\"@id\":\"https:\\\/\\\/www.sabra.org.br\\\/site\\\/#website\"},\"primaryImageOfPage\":{\"@id\":\"https:\\\/\\\/www.sabra.org.br\\\/site\\\/influencia-africana\\\/#primaryimage\"},\"image\":{\"@id\":\"https:\\\/\\\/www.sabra.org.br\\\/site\\\/influencia-africana\\\/#primaryimage\"},\"thumbnailUrl\":\"https:\\\/\\\/www.sabra.org.br\\\/site\\\/wp-content\\\/uploads\\\/2022\\\/12\\\/a-influencia-da-cultura-africana-na-musica-brasileira-20221024103355.jpg.jpg\",\"datePublished\":\"2022-12-07T11:07:48+00:00\",\"dateModified\":\"2025-04-18T21:19:38+00:00\",\"description\":\"Aperfei\u00e7oe seu conhecimento sobre a africana e sua contribui\u00e7\u00e3o para a m\u00fasica no Brasil, com ritmos e instrumentos \u00fanicos.\",\"breadcrumb\":{\"@id\":\"https:\\\/\\\/www.sabra.org.br\\\/site\\\/influencia-africana\\\/#breadcrumb\"},\"inLanguage\":\"pt-BR\",\"potentialAction\":[{\"@type\":\"ReadAction\",\"target\":[\"https:\\\/\\\/www.sabra.org.br\\\/site\\\/influencia-africana\\\/\"]}]},{\"@type\":\"ImageObject\",\"inLanguage\":\"pt-BR\",\"@id\":\"https:\\\/\\\/www.sabra.org.br\\\/site\\\/influencia-africana\\\/#primaryimage\",\"url\":\"https:\\\/\\\/www.sabra.org.br\\\/site\\\/wp-content\\\/uploads\\\/2022\\\/12\\\/a-influencia-da-cultura-africana-na-musica-brasileira-20221024103355.jpg.jpg\",\"contentUrl\":\"https:\\\/\\\/www.sabra.org.br\\\/site\\\/wp-content\\\/uploads\\\/2022\\\/12\\\/a-influencia-da-cultura-africana-na-musica-brasileira-20221024103355.jpg.jpg\",\"width\":800,\"height\":533,\"caption\":\"Sociedade Art\u00edstica Brasileira SABRA\"},{\"@type\":\"BreadcrumbList\",\"@id\":\"https:\\\/\\\/www.sabra.org.br\\\/site\\\/influencia-africana\\\/#breadcrumb\",\"itemListElement\":[{\"@type\":\"ListItem\",\"position\":1,\"name\":\"In\u00edcio\",\"item\":\"https:\\\/\\\/www.sabra.org.br\\\/site\\\/\"},{\"@type\":\"ListItem\",\"position\":2,\"name\":\"A influ\u00eancia da cultura africana na m\u00fasica brasileira\"}]},{\"@type\":\"WebSite\",\"@id\":\"https:\\\/\\\/www.sabra.org.br\\\/site\\\/#website\",\"url\":\"https:\\\/\\\/www.sabra.org.br\\\/site\\\/\",\"name\":\"SABRA - Sociedade Art\u00edstica Brasileira\",\"description\":\"Escola de M\u00fasica, Orquestra Sinf\u00f4nica, Coral e Patrim\u00f4nio Cultural e Hist\u00f3rico\",\"publisher\":{\"@id\":\"https:\\\/\\\/www.sabra.org.br\\\/site\\\/#organization\"},\"potentialAction\":[{\"@type\":\"SearchAction\",\"target\":{\"@type\":\"EntryPoint\",\"urlTemplate\":\"https:\\\/\\\/www.sabra.org.br\\\/site\\\/?s={search_term_string}\"},\"query-input\":{\"@type\":\"PropertyValueSpecification\",\"valueRequired\":true,\"valueName\":\"search_term_string\"}}],\"inLanguage\":\"pt-BR\"},{\"@type\":\"Organization\",\"@id\":\"https:\\\/\\\/www.sabra.org.br\\\/site\\\/#organization\",\"name\":\"SOCIEDADE ART\u00cdSTICA BRASILEIRA SABRA\",\"alternateName\":\"SABRA\",\"url\":\"https:\\\/\\\/www.sabra.org.br\\\/site\\\/\",\"logo\":{\"@type\":\"ImageObject\",\"inLanguage\":\"pt-BR\",\"@id\":\"https:\\\/\\\/www.sabra.org.br\\\/site\\\/#\\\/schema\\\/logo\\\/image\\\/\",\"url\":\"https:\\\/\\\/www.sabra.org.br\\\/site\\\/wp-content\\\/uploads\\\/2019\\\/06\\\/cropped-Logo_SABRA-Copia-1.webp\",\"contentUrl\":\"https:\\\/\\\/www.sabra.org.br\\\/site\\\/wp-content\\\/uploads\\\/2019\\\/06\\\/cropped-Logo_SABRA-Copia-1.webp\",\"width\":400,\"height\":128,\"caption\":\"SOCIEDADE ART\u00cdSTICA BRASILEIRA SABRA\"},\"image\":{\"@id\":\"https:\\\/\\\/www.sabra.org.br\\\/site\\\/#\\\/schema\\\/logo\\\/image\\\/\"},\"sameAs\":[\"https:\\\/\\\/www.facebook.com\\\/sabrabrasil\",\"https:\\\/\\\/x.com\\\/ContatoSabra\",\"https:\\\/\\\/www.instagram.com\\\/sabrabrasil\\\/\",\"https:\\\/\\\/www.linkedin.com\\\/company\\\/25002088\\\/\",\"https:\\\/\\\/br.pinterest.com\\\/sociedadeartisticabrasileira\\\/\",\"https:\\\/\\\/www.youtube.com\\\/c\\\/sabrabrasil\"]},{\"@type\":\"Person\",\"@id\":\"https:\\\/\\\/www.sabra.org.br\\\/site\\\/#\\\/schema\\\/person\\\/7d1d222c3c8891d4c37c7b41bf6315c2\",\"name\":\"M\u00e1rcio Miranda Pontes\",\"image\":{\"@type\":\"ImageObject\",\"inLanguage\":\"pt-BR\",\"@id\":\"https:\\\/\\\/secure.gravatar.com\\\/avatar\\\/3b45f24496a7625a3a6c436688fbe20344faaeb2979658dc4a9921f984d7df9a?s=96&d=mm&r=g\",\"url\":\"https:\\\/\\\/secure.gravatar.com\\\/avatar\\\/3b45f24496a7625a3a6c436688fbe20344faaeb2979658dc4a9921f984d7df9a?s=96&d=mm&r=g\",\"contentUrl\":\"https:\\\/\\\/secure.gravatar.com\\\/avatar\\\/3b45f24496a7625a3a6c436688fbe20344faaeb2979658dc4a9921f984d7df9a?s=96&d=mm&r=g\",\"caption\":\"M\u00e1rcio Miranda Pontes\"},\"sameAs\":[\"http:\\\/\\\/www.sabra.org.br\"],\"url\":\"https:\\\/\\\/www.sabra.org.br\\\/site\\\/author\\\/marcio-miranda-pontes\\\/\"}]}<\/script>\n<!-- \/ Yoast SEO plugin. -->","yoast_head_json":{"title":"Africana: A Influ\u00eancia na M\u00fasica Brasileira","description":"Aperfei\u00e7oe seu conhecimento sobre a africana e sua contribui\u00e7\u00e3o para a m\u00fasica no Brasil, com ritmos e instrumentos \u00fanicos.","robots":{"index":"index","follow":"follow","max-snippet":"max-snippet:-1","max-image-preview":"max-image-preview:large","max-video-preview":"max-video-preview:-1"},"canonical":"https:\/\/www.sabra.org.br\/site\/influencia-africana\/","og_locale":"pt_BR","og_type":"article","og_title":"Africana: A Influ\u00eancia na M\u00fasica Brasileira","og_description":"Aperfei\u00e7oe seu conhecimento sobre a africana e sua contribui\u00e7\u00e3o para a m\u00fasica no Brasil, com ritmos e instrumentos \u00fanicos.","og_url":"https:\/\/www.sabra.org.br\/site\/influencia-africana\/","og_site_name":"SABRA - Sociedade Art\u00edstica Brasileira","article_publisher":"https:\/\/www.facebook.com\/sabrabrasil","article_published_time":"2022-12-07T11:07:48+00:00","article_modified_time":"2025-04-18T21:19:38+00:00","og_image":[{"width":800,"height":533,"url":"https:\/\/www.sabra.org.br\/site\/wp-content\/uploads\/2022\/12\/a-influencia-da-cultura-africana-na-musica-brasileira-20221024103355.jpg.jpg","type":"image\/jpeg"}],"author":"M\u00e1rcio Miranda Pontes","twitter_card":"summary_large_image","twitter_creator":"@ContatoSabra","twitter_site":"@ContatoSabra","twitter_misc":{"Escrito por":"M\u00e1rcio Miranda Pontes","Est. tempo de leitura":"4 minutos"},"schema":{"@context":"https:\/\/schema.org","@graph":[{"@type":"Article","@id":"https:\/\/www.sabra.org.br\/site\/influencia-africana\/#article","isPartOf":{"@id":"https:\/\/www.sabra.org.br\/site\/influencia-africana\/"},"author":{"name":"M\u00e1rcio Miranda Pontes","@id":"https:\/\/www.sabra.org.br\/site\/#\/schema\/person\/7d1d222c3c8891d4c37c7b41bf6315c2"},"headline":"A influ\u00eancia da cultura africana na m\u00fasica brasileira","datePublished":"2022-12-07T11:07:48+00:00","dateModified":"2025-04-18T21:19:38+00:00","mainEntityOfPage":{"@id":"https:\/\/www.sabra.org.br\/site\/influencia-africana\/"},"wordCount":724,"publisher":{"@id":"https:\/\/www.sabra.org.br\/site\/#organization"},"image":{"@id":"https:\/\/www.sabra.org.br\/site\/influencia-africana\/#primaryimage"},"thumbnailUrl":"https:\/\/www.sabra.org.br\/site\/wp-content\/uploads\/2022\/12\/a-influencia-da-cultura-africana-na-musica-brasileira-20221024103355.jpg.jpg","keywords":["Assist\u00eancia social","Belo Horizonte","Cabo Frio","Campos dos Goytacazes","Canto Coral","Contagem","Escola de Musica SABRA","Ibirit\u00e9","Musicaliza\u00e7\u00e3o Infantil","nova lima","Orquestra Infanto Juvenil de Betim","Orquestra Sinf\u00f4nica de Betim","Raposos","Sociedade Art\u00edstica Brasileira"],"articleSection":["Blog SABRA"],"inLanguage":"pt-BR"},{"@type":"WebPage","@id":"https:\/\/www.sabra.org.br\/site\/influencia-africana\/","url":"https:\/\/www.sabra.org.br\/site\/influencia-africana\/","name":"Africana: A Influ\u00eancia na M\u00fasica Brasileira","isPartOf":{"@id":"https:\/\/www.sabra.org.br\/site\/#website"},"primaryImageOfPage":{"@id":"https:\/\/www.sabra.org.br\/site\/influencia-africana\/#primaryimage"},"image":{"@id":"https:\/\/www.sabra.org.br\/site\/influencia-africana\/#primaryimage"},"thumbnailUrl":"https:\/\/www.sabra.org.br\/site\/wp-content\/uploads\/2022\/12\/a-influencia-da-cultura-africana-na-musica-brasileira-20221024103355.jpg.jpg","datePublished":"2022-12-07T11:07:48+00:00","dateModified":"2025-04-18T21:19:38+00:00","description":"Aperfei\u00e7oe seu conhecimento sobre a africana e sua contribui\u00e7\u00e3o para a m\u00fasica no Brasil, com ritmos e instrumentos \u00fanicos.","breadcrumb":{"@id":"https:\/\/www.sabra.org.br\/site\/influencia-africana\/#breadcrumb"},"inLanguage":"pt-BR","potentialAction":[{"@type":"ReadAction","target":["https:\/\/www.sabra.org.br\/site\/influencia-africana\/"]}]},{"@type":"ImageObject","inLanguage":"pt-BR","@id":"https:\/\/www.sabra.org.br\/site\/influencia-africana\/#primaryimage","url":"https:\/\/www.sabra.org.br\/site\/wp-content\/uploads\/2022\/12\/a-influencia-da-cultura-africana-na-musica-brasileira-20221024103355.jpg.jpg","contentUrl":"https:\/\/www.sabra.org.br\/site\/wp-content\/uploads\/2022\/12\/a-influencia-da-cultura-africana-na-musica-brasileira-20221024103355.jpg.jpg","width":800,"height":533,"caption":"Sociedade Art\u00edstica Brasileira SABRA"},{"@type":"BreadcrumbList","@id":"https:\/\/www.sabra.org.br\/site\/influencia-africana\/#breadcrumb","itemListElement":[{"@type":"ListItem","position":1,"name":"In\u00edcio","item":"https:\/\/www.sabra.org.br\/site\/"},{"@type":"ListItem","position":2,"name":"A influ\u00eancia da cultura africana na m\u00fasica brasileira"}]},{"@type":"WebSite","@id":"https:\/\/www.sabra.org.br\/site\/#website","url":"https:\/\/www.sabra.org.br\/site\/","name":"SABRA - Sociedade Art\u00edstica Brasileira","description":"Escola de M\u00fasica, Orquestra Sinf\u00f4nica, Coral e Patrim\u00f4nio Cultural e Hist\u00f3rico","publisher":{"@id":"https:\/\/www.sabra.org.br\/site\/#organization"},"potentialAction":[{"@type":"SearchAction","target":{"@type":"EntryPoint","urlTemplate":"https:\/\/www.sabra.org.br\/site\/?s={search_term_string}"},"query-input":{"@type":"PropertyValueSpecification","valueRequired":true,"valueName":"search_term_string"}}],"inLanguage":"pt-BR"},{"@type":"Organization","@id":"https:\/\/www.sabra.org.br\/site\/#organization","name":"SOCIEDADE ART\u00cdSTICA BRASILEIRA SABRA","alternateName":"SABRA","url":"https:\/\/www.sabra.org.br\/site\/","logo":{"@type":"ImageObject","inLanguage":"pt-BR","@id":"https:\/\/www.sabra.org.br\/site\/#\/schema\/logo\/image\/","url":"https:\/\/www.sabra.org.br\/site\/wp-content\/uploads\/2019\/06\/cropped-Logo_SABRA-Copia-1.webp","contentUrl":"https:\/\/www.sabra.org.br\/site\/wp-content\/uploads\/2019\/06\/cropped-Logo_SABRA-Copia-1.webp","width":400,"height":128,"caption":"SOCIEDADE ART\u00cdSTICA BRASILEIRA SABRA"},"image":{"@id":"https:\/\/www.sabra.org.br\/site\/#\/schema\/logo\/image\/"},"sameAs":["https:\/\/www.facebook.com\/sabrabrasil","https:\/\/x.com\/ContatoSabra","https:\/\/www.instagram.com\/sabrabrasil\/","https:\/\/www.linkedin.com\/company\/25002088\/","https:\/\/br.pinterest.com\/sociedadeartisticabrasileira\/","https:\/\/www.youtube.com\/c\/sabrabrasil"]},{"@type":"Person","@id":"https:\/\/www.sabra.org.br\/site\/#\/schema\/person\/7d1d222c3c8891d4c37c7b41bf6315c2","name":"M\u00e1rcio Miranda Pontes","image":{"@type":"ImageObject","inLanguage":"pt-BR","@id":"https:\/\/secure.gravatar.com\/avatar\/3b45f24496a7625a3a6c436688fbe20344faaeb2979658dc4a9921f984d7df9a?s=96&d=mm&r=g","url":"https:\/\/secure.gravatar.com\/avatar\/3b45f24496a7625a3a6c436688fbe20344faaeb2979658dc4a9921f984d7df9a?s=96&d=mm&r=g","contentUrl":"https:\/\/secure.gravatar.com\/avatar\/3b45f24496a7625a3a6c436688fbe20344faaeb2979658dc4a9921f984d7df9a?s=96&d=mm&r=g","caption":"M\u00e1rcio Miranda Pontes"},"sameAs":["http:\/\/www.sabra.org.br"],"url":"https:\/\/www.sabra.org.br\/site\/author\/marcio-miranda-pontes\/"}]}},"jetpack_featured_media_url":"https:\/\/www.sabra.org.br\/site\/wp-content\/uploads\/2022\/12\/a-influencia-da-cultura-africana-na-musica-brasileira-20221024103355.jpg.jpg","jetpack_shortlink":"https:\/\/wp.me\/p95j2Z-1EI","jetpack-related-posts":[{"id":2665,"url":"https:\/\/www.sabra.org.br\/site\/arte-africana\/","url_meta":{"origin":6368,"position":0},"title":"Influ\u00eancia Africana","author":"M\u00e1rcio Miranda Pontes","date":"1 de abril de 2020","format":false,"excerpt":"A diversidade cultural brasileira \u00e9 o resultado da interven\u00e7\u00e3o dos diversos povos que por aqui passaram. A influ\u00eancia africana em nossa arte \u00e9 inconfund\u00edvel e agrega riqueza aos nossos costumes.","rel":"","context":"Em &quot;Blog SABRA&quot;","block_context":{"text":"Blog SABRA","link":"https:\/\/www.sabra.org.br\/site\/category\/blog-sabra\/"},"img":{"alt_text":"arte-africa-africana-africano","src":"https:\/\/i0.wp.com\/www.sabra.org.br\/site\/wp-content\/uploads\/2020\/04\/as-influencias-da-cultura-africana-na-arte-brasileira-20200110125630.jpg.jpg?resize=350%2C200&ssl=1","width":350,"height":200,"srcset":"https:\/\/i0.wp.com\/www.sabra.org.br\/site\/wp-content\/uploads\/2020\/04\/as-influencias-da-cultura-africana-na-arte-brasileira-20200110125630.jpg.jpg?resize=350%2C200&ssl=1 1x, https:\/\/i0.wp.com\/www.sabra.org.br\/site\/wp-content\/uploads\/2020\/04\/as-influencias-da-cultura-africana-na-arte-brasileira-20200110125630.jpg.jpg?resize=525%2C300&ssl=1 1.5x, https:\/\/i0.wp.com\/www.sabra.org.br\/site\/wp-content\/uploads\/2020\/04\/as-influencias-da-cultura-africana-na-arte-brasileira-20200110125630.jpg.jpg?resize=700%2C400&ssl=1 2x"},"classes":[]},{"id":6241,"url":"https:\/\/www.sabra.org.br\/site\/instrumentos-musicais-diferentes\/","url_meta":{"origin":6368,"position":1},"title":"5 instrumentos musicais diferentes","author":"M\u00e1rcio Miranda Pontes","date":"14 de novembro de 2022","format":false,"excerpt":"Todo mundo conhece os instrumentos mais b\u00e1sicos, certo? Mas voc\u00ea sabia que existem muitos outros tipos de instrumento por a\u00ed, que \u00e0s vezes nem mesmo conhecemos e s\u00e3o utilizados em m\u00fasicas muito populares? Saiba mais lendo nosso texto!","rel":"","context":"Em &quot;Blog SABRA&quot;","block_context":{"text":"Blog SABRA","link":"https:\/\/www.sabra.org.br\/site\/category\/blog-sabra\/"},"img":{"alt_text":"m\u00fasica-som-instrumento-conhece-sociais","src":"https:\/\/i0.wp.com\/www.sabra.org.br\/site\/wp-content\/uploads\/2022\/11\/x-instrumentos-musicais-diferentes-20221007143620.jpg.jpg?resize=350%2C200&ssl=1","width":350,"height":200,"srcset":"https:\/\/i0.wp.com\/www.sabra.org.br\/site\/wp-content\/uploads\/2022\/11\/x-instrumentos-musicais-diferentes-20221007143620.jpg.jpg?resize=350%2C200&ssl=1 1x, https:\/\/i0.wp.com\/www.sabra.org.br\/site\/wp-content\/uploads\/2022\/11\/x-instrumentos-musicais-diferentes-20221007143620.jpg.jpg?resize=525%2C300&ssl=1 1.5x, https:\/\/i0.wp.com\/www.sabra.org.br\/site\/wp-content\/uploads\/2022\/11\/x-instrumentos-musicais-diferentes-20221007143620.jpg.jpg?resize=700%2C400&ssl=1 2x"},"classes":[]},{"id":9004,"url":"https:\/\/www.sabra.org.br\/site\/cantores-culturas\/","url_meta":{"origin":6368,"position":2},"title":"Cantores: a Influ\u00eancia na Identidade Cultural Brasileira","author":"M\u00e1rcio Miranda Pontes","date":"11 de mar\u00e7o de 2024","format":false,"excerpt":"Venha conosco em uma jornada envolvente pelo vibrante mundo da m\u00fasica brasileira e descubra como os cantores desempenham um papel fundamental na constru\u00e7\u00e3o da identidade cultural do Brasil.","rel":"","context":"Em &quot;Blog SABRA&quot;","block_context":{"text":"Blog SABRA","link":"https:\/\/www.sabra.org.br\/site\/category\/blog-sabra\/"},"img":{"alt_text":"sabra-m\u00fasica-brasileira-cantores-culturas-cultural-identidade-sociais-desempenha-pa\u00eds-papel-elemento-influ\u00eancia","src":"https:\/\/i0.wp.com\/www.sabra.org.br\/site\/wp-content\/uploads\/2024\/03\/a-influencia-dos-cantautores-na-formacao-da-identidade-cultural-brasileirajpg-20240130121258.jpg-jpg.webp?resize=350%2C200&ssl=1","width":350,"height":200,"srcset":"https:\/\/i0.wp.com\/www.sabra.org.br\/site\/wp-content\/uploads\/2024\/03\/a-influencia-dos-cantautores-na-formacao-da-identidade-cultural-brasileirajpg-20240130121258.jpg-jpg.webp?resize=350%2C200&ssl=1 1x, https:\/\/i0.wp.com\/www.sabra.org.br\/site\/wp-content\/uploads\/2024\/03\/a-influencia-dos-cantautores-na-formacao-da-identidade-cultural-brasileirajpg-20240130121258.jpg-jpg.webp?resize=525%2C300&ssl=1 1.5x, https:\/\/i0.wp.com\/www.sabra.org.br\/site\/wp-content\/uploads\/2024\/03\/a-influencia-dos-cantautores-na-formacao-da-identidade-cultural-brasileirajpg-20240130121258.jpg-jpg.webp?resize=700%2C400&ssl=1 2x"},"classes":[]},{"id":13231,"url":"https:\/\/www.sabra.org.br\/site\/a-influencia-da-musica-africana-nas-tradicoes-musicais-latino-americanas\/","url_meta":{"origin":6368,"position":3},"title":"A influ\u00eancia da m\u00fasica africana nas tradi\u00e7\u00f5es musicais latino-americanas","author":"","date":"22 de agosto de 2025","format":false,"excerpt":"A m\u00fasica \u00e9 uma das manifesta\u00e7\u00f5es culturais mais poderosas e significativas da humanidade. Ela transcende fronteiras, l\u00ednguas e culturas, conectando pessoas de diferentes partes do mundo. Na Am\u00e9rica Latina, a m\u00fasica desempenha um papel central na express\u00e3o da identidade e da hist\u00f3ria da regi\u00e3o. Uma das influ\u00eancias mais marcantes na\u2026","rel":"","context":"Em &quot;Blog SABRA&quot;","block_context":{"text":"Blog SABRA","link":"https:\/\/www.sabra.org.br\/site\/category\/blog-sabra\/"},"img":{"alt_text":"","src":"","width":0,"height":0},"classes":[]},{"id":632,"url":"https:\/\/www.sabra.org.br\/site\/historia\/","url_meta":{"origin":6368,"position":4},"title":"Hist\u00f3ria da m\u00fasica cl\u00e1ssica: da m\u00fasica antiga \u00e0 contempor\u00e2nea","author":"M\u00e1rcio Miranda Pontes","date":"8 de setembro de 2017","format":false,"excerpt":"Curiosidades hist\u00f3ricas: da m\u00fasica antiga \u00e0 contempor\u00e2nea A m\u00fasica faz parte da humanidade desde os tempos mais antigos. Ela \u00e9 um entretenimento, uma fonte de inspira\u00e7\u00e3o, \u00e9 fundamental em cerim\u00f4nias religiosa e militares e tem o poder de alterar o desenvolvimento cognitivo e motor das pessoas. Nesse texto, fazemos uma\u2026","rel":"","context":"Em &quot;Blog SABRA&quot;","block_context":{"text":"Blog SABRA","link":"https:\/\/www.sabra.org.br\/site\/category\/blog-sabra\/"},"img":{"alt_text":"m\u00fasica-instrumentos","src":"https:\/\/i0.wp.com\/www.sabra.org.br\/site\/wp-content\/uploads\/2017\/09\/Ift00054vb00.jpg?resize=350%2C200&ssl=1","width":350,"height":200,"srcset":"https:\/\/i0.wp.com\/www.sabra.org.br\/site\/wp-content\/uploads\/2017\/09\/Ift00054vb00.jpg?resize=350%2C200&ssl=1 1x, https:\/\/i0.wp.com\/www.sabra.org.br\/site\/wp-content\/uploads\/2017\/09\/Ift00054vb00.jpg?resize=525%2C300&ssl=1 1.5x, https:\/\/i0.wp.com\/www.sabra.org.br\/site\/wp-content\/uploads\/2017\/09\/Ift00054vb00.jpg?resize=700%2C400&ssl=1 2x"},"classes":[]},{"id":4642,"url":"https:\/\/www.sabra.org.br\/site\/instrumentos-musicais-2\/","url_meta":{"origin":6368,"position":5},"title":"Instrumentos Musicais brasileiros: conhe\u00e7a os principais","author":"M\u00e1rcio Miranda Pontes","date":"15 de fevereiro de 2022","format":false,"excerpt":"Alguns instrumentos musicais brasileiros marcam forte presen\u00e7a em diversos estilos comuns ao redor do Brasil, n\u00e3o \u00e9 mesmo? Hoje, voc\u00ea vai conhecer alguns desses instrumentos. Acompanhe esse artigo com bastante aten\u00e7\u00e3o!","rel":"","context":"Em &quot;Blog SABRA&quot;","block_context":{"text":"Blog SABRA","link":"https:\/\/www.sabra.org.br\/site\/category\/blog-sabra\/"},"img":{"alt_text":"Instrumentos-musicais-brasileiros-instrumento","src":"https:\/\/i0.wp.com\/www.sabra.org.br\/site\/wp-content\/uploads\/2022\/02\/instrumentos-musicais-brasileiros-conheca-os-principaisjpg-20220210110336.jpg.jpg?resize=350%2C200&ssl=1","width":350,"height":200,"srcset":"https:\/\/i0.wp.com\/www.sabra.org.br\/site\/wp-content\/uploads\/2022\/02\/instrumentos-musicais-brasileiros-conheca-os-principaisjpg-20220210110336.jpg.jpg?resize=350%2C200&ssl=1 1x, https:\/\/i0.wp.com\/www.sabra.org.br\/site\/wp-content\/uploads\/2022\/02\/instrumentos-musicais-brasileiros-conheca-os-principaisjpg-20220210110336.jpg.jpg?resize=525%2C300&ssl=1 1.5x, https:\/\/i0.wp.com\/www.sabra.org.br\/site\/wp-content\/uploads\/2022\/02\/instrumentos-musicais-brasileiros-conheca-os-principaisjpg-20220210110336.jpg.jpg?resize=700%2C400&ssl=1 2x"},"classes":[]}],"jetpack_likes_enabled":true,"jetpack_sharing_enabled":true,"_links":{"self":[{"href":"https:\/\/www.sabra.org.br\/site\/wp-json\/wp\/v2\/posts\/6368","targetHints":{"allow":["GET"]}}],"collection":[{"href":"https:\/\/www.sabra.org.br\/site\/wp-json\/wp\/v2\/posts"}],"about":[{"href":"https:\/\/www.sabra.org.br\/site\/wp-json\/wp\/v2\/types\/post"}],"author":[{"embeddable":true,"href":"https:\/\/www.sabra.org.br\/site\/wp-json\/wp\/v2\/users\/39"}],"replies":[{"embeddable":true,"href":"https:\/\/www.sabra.org.br\/site\/wp-json\/wp\/v2\/comments?post=6368"}],"version-history":[{"count":0,"href":"https:\/\/www.sabra.org.br\/site\/wp-json\/wp\/v2\/posts\/6368\/revisions"}],"wp:featuredmedia":[{"embeddable":true,"href":"https:\/\/www.sabra.org.br\/site\/wp-json\/wp\/v2\/media\/6370"}],"wp:attachment":[{"href":"https:\/\/www.sabra.org.br\/site\/wp-json\/wp\/v2\/media?parent=6368"}],"wp:term":[{"taxonomy":"category","embeddable":true,"href":"https:\/\/www.sabra.org.br\/site\/wp-json\/wp\/v2\/categories?post=6368"},{"taxonomy":"post_tag","embeddable":true,"href":"https:\/\/www.sabra.org.br\/site\/wp-json\/wp\/v2\/tags?post=6368"}],"curies":[{"name":"wp","href":"https:\/\/api.w.org\/{rel}","templated":true}]}}