{"id":6384,"date":"2022-12-08T08:40:45","date_gmt":"2022-12-08T11:40:45","guid":{"rendered":"https:\/\/www.sabra.org.br\/site\/?p=6384"},"modified":"2022-12-08T08:40:45","modified_gmt":"2022-12-08T11:40:45","slug":"musica-poesia","status":"publish","type":"post","link":"https:\/\/www.sabra.org.br\/site\/musica-poesia\/","title":{"rendered":"O v\u00ednculo entre a poesia e a m\u00fasica"},"content":{"rendered":"<p>[vc_row][vc_column][vc_column_text]&#8221;A m\u00fasica \u00e9 o v\u00ednculo que une a vida do esp\u00edrito \u00e0 vida dos sentidos. A melodia \u00e9 a vida sens\u00edvel da poesia&#8221;. Essa frase do compositor Ludwig van Beethoven j\u00e1 nos mostra o quanto a m\u00fasica pode se assemelhar \u00e0 poesia, aproximando a arte e sensibilidade para o nosso dia a dia.<\/p>\n<h2>As ra\u00edzes dessa uni\u00e3o<\/h2>\n<p>Apesar de serem express\u00f5es art\u00edsticas que podem existir muito bem separadamente, a hist\u00f3ria nos mostra que a m\u00fasica e a literatura sempre caminharam juntas. Se voltarmos no tempo, mais especificamente para a antiguidade cl\u00e1ssica, podemos lembrar da poesia l\u00edrica, onde instrumentos musicais acompanham todo o momento de declama\u00e7\u00e3o.<\/p>\n<p>Um pouco mais a frente no tempo, podemos lembrar do trovadorismo. Esse estilo que surgiu na idade m\u00e9dia, muito marcado pelo teocentrismo, tendo Deus como o centro de tudo, trouxe consigo as cantigas trovadorescas, ou tamb\u00e9m conhecidas como proven\u00e7ais. Todos os poemas eram escritos como cantigas l\u00edricas, que falavam de amor e outros temas intr\u00ednsecos, ou as sat\u00edricas que, como o pr\u00f3prio nome j\u00e1 diz, satirizavam cenas do cotidiano; mas sempre com acompanhamentos musicais. A \u00f3pera renascentista tamb\u00e9m \u00e9 um outro \u00f3timo exemplo dessa mescla entre as duas artes, afinal, toda a narrativa escrita era contada de forma cantada.<\/p>\n<h2>E atualmente?<\/h2>\n<p>Mas se voc\u00ea ainda est\u00e1 se perguntando: e agora, nos tempos atuais, como a m\u00fasica e a poesia ainda se encontram? Podemos te lembrar de c\u00e9lebres poetas, dentre eles um brasileiro, que dominada de forma ex\u00edmia essa arte. Estamos falando dele, o poeta da paix\u00e3o, Vin\u00edcius de Moraes. Um dos autores do movimento da Bossa Nova, Vinicius sabia como ningu\u00e9m unir o liter\u00e1rio, o verbal e o mel\u00f3dico, sendo um importante autor de diversas can\u00e7\u00f5es t\u00e3o conhecidas do p\u00fablico como Onde Anda Voc\u00ea, Samba da B\u00ean\u00e7\u00e3o e Sei que Vou te Amar.<\/p>\n<p>O movimento contr\u00e1rio tamb\u00e9m pode acontecer e grandes m\u00fasicos se tornam grandes escritores e poetas, como o sambista Noel Rosa. A noiva do condutor \u00e9 uma de suas obras liter\u00e1rias mais famosas, mas antes dela ele contribuiu fantasticamente para a hist\u00f3ria da m\u00fasica popular brasileira com seus sambas como &#8220;Com que roupa?&#8221; e &#8220;Eu vou pra vila&#8221;.<\/p>\n<p>E como esquecer das m\u00fasicas que s\u00e3o inspiradas em livros? Amor I love You, de Marisa Monte, foi inspirada no livro O Primo Bas\u00edlio, do escritor portugu\u00eas E\u00e7a de Queiroz, e traduz em versos e melodias a hist\u00f3ria retratada nesse cl\u00e1ssico da l\u00edngua portuguesa. Outro exemplo \u00e9 o livro O Apanhador no Campo de Centeio, de J.D. Salinger, que inspirou Milton Nascimento a compor os versos<br \/>\n&#8220;Preso a can\u00e7\u00f5es<br \/>\nEntregue a paix\u00f5es<br \/>\nQue nunca tiveram fim<br \/>\nVou me encontrar<br \/>\nLonge do meu lugar<br \/>\nEu, ca\u00e7ador de mim&#8221;.<\/p>\n<p>Ent\u00e3o, podemos ver que a rela\u00e7\u00e3o entre a poesia e m\u00fasica vem de longos tempos, e que apesar de serem artes que existem distintamente, elas podem se unir em obras memor\u00e1veis atrav\u00e9s dos tempos. E se voc\u00ea que saber um pouco mais sobre m\u00fasica, arte e cultura, venha nos conhecer e ampliar seus horizontes para as artes.<\/p>\n<blockquote class=\"wp-embedded-content\" data-secret=\"xVQyg3FBH9\"><p><a href=\"https:\/\/www.sabra.org.br\/site\/inclusao-social-2\/\">Inclus\u00e3o social<\/a><\/p><\/blockquote>\n<p><iframe class=\"wp-embedded-content\" sandbox=\"allow-scripts\" security=\"restricted\" style=\"position: absolute; clip: rect(1px, 1px, 1px, 1px);\" title=\"&#8220;Inclus\u00e3o social&#8221; &#8212; SABRA - Sociedade Art\u00edstica Brasileira\" src=\"https:\/\/www.sabra.org.br\/site\/inclusao-social-2\/embed\/#?secret=ugOHiw9Rg3#?secret=xVQyg3FBH9\" data-secret=\"xVQyg3FBH9\" width=\"600\" height=\"338\" frameborder=\"0\" marginwidth=\"0\" marginheight=\"0\" scrolling=\"no\"><\/iframe><\/p>\n<hr \/>\n<h2>Se voc\u00ea gostou deste post:<\/h2>\n<p>&#8211; SIGA as nossas p\u00e1ginas nas redes sociais para acompanhar as nossas atualiza\u00e7\u00f5es: estamos no <a href=\"https:\/\/www.facebook.com\/sabrabrasil\" target=\"_blank\" rel=\"noopener\">Facebook<\/a>, no <a href=\"https:\/\/www.instagram.com\/sabrabrasil\/\" target=\"_blank\" rel=\"noopener\">Instagram<\/a>, no <a href=\"https:\/\/www.linkedin.com\/company\/25002088\" target=\"_blank\" rel=\"noopener\">LinkedIn<\/a>, no <a href=\"https:\/\/twitter.com\/ContatoSabra\" target=\"_blank\" rel=\"noopener\">Twitter<\/a> e no <a href=\"https:\/\/www.youtube.com\/channel\/UCJw-kbuEvzUNdeQf20Pa-eQ\" target=\"_blank\" rel=\"noopener\">YouTube<\/a>!<\/p>\n<p>&#8211; CONHE\u00c7A o trabalho da Sociedade Art\u00edstica Brasileira (SABRA) e todas as iniciativas culturais e sociais que ela mant\u00e9m. <a href=\"https:\/\/www.sabra.org.br\/site\/acoes\/\" target=\"_blank\" rel=\"noopener\">Acesse nosso site!<\/a><\/p>\n<p>&#8211; ENTRE EM CONTATO com a gente. E veja quais s\u00e3o as op\u00e7\u00f5es de ajuda na manuten\u00e7\u00e3o de nossas a\u00e7\u00f5es sociais e culturais. Basta acessar nossa p\u00e1gina <a href=\"https:\/\/www.sabra.org.br\/site\/doe-agora\/\" target=\"_blank\" rel=\"noopener\">Doe Agora!<\/a><\/p>\n<p>&#8211; COMPARTILHE este texto nas suas redes sociais e ajude os seus amigos a tamb\u00e9m dominarem o assunto!<\/p>\n<p>\u2013 Os projetos da @sabrabrasil s\u00e3o realizados com o patroci\u0301nio m\u00e1ster: @vallourec e @institutounimedbh, viabilizado pelo incentivo de mais de 5,2 mil m\u00e9dicos cooperados e colaboradores via Lei de Incentivo \u00e0 Cultura &#8211; @mturismo, @culturagovbr. Apoio: @prefeiturabetim[\/vc_column_text][\/vc_column][\/vc_row]<\/p>\n","protected":false},"excerpt":{"rendered":"<p>A poesia e a m\u00fasica, apesar de serem express\u00f5es art\u00edsticas que podem existir muito bem separadamente, t\u00eam uma hist\u00f3ria em comum, que prova este v\u00ednculo.<\/p>\n","protected":false},"author":39,"featured_media":6386,"comment_status":"closed","ping_status":"closed","sticky":false,"template":"","format":"standard","meta":{"jetpack_post_was_ever_published":false,"_jetpack_newsletter_access":"","_jetpack_dont_email_post_to_subs":false,"_jetpack_newsletter_tier_id":0,"_jetpack_memberships_contains_paywalled_content":false,"_jetpack_memberships_contains_paid_content":false,"footnotes":""},"categories":[1],"tags":[15,2757,3626,3623,8,3629,1285,3628,16,3519,1286,11,3622,9],"class_list":["post-6384","post","type-post","status-publish","format-standard","has-post-thumbnail","hentry","category-blog-sabra","tag-assistencia-social","tag-belo-horizonte","tag-cabo-frio","tag-campos-dos-goytacazes","tag-canto-coral","tag-contagem","tag-escola-de-musica-sabra","tag-ibirite","tag-musicalizacao-infantil","tag-nova-lima-2","tag-orquestra-infanto-juvenil-de-betim","tag-orquestra-sinfonica-de-betim","tag-raposos","tag-sociedade-artistica-brasileira"],"yoast_head":"<!-- This site is optimized with the Yoast SEO plugin v27.5 - https:\/\/yoast.com\/product\/yoast-seo-wordpress\/ -->\n<title>Poesia e M\u00fasica - SABRA - Sociedade Art\u00edstica Brasileira<\/title>\n<meta name=\"description\" content=\"A poesia e a m\u00fasica, apesar de serem express\u00f5es art\u00edsticas que podem existir muito bem separadamente, t\u00eam uma hist\u00f3ria em comum.\" \/>\n<meta name=\"robots\" content=\"index, follow, max-snippet:-1, max-image-preview:large, max-video-preview:-1\" \/>\n<link rel=\"canonical\" href=\"https:\/\/www.sabra.org.br\/site\/musica-poesia\/\" \/>\n<meta property=\"og:locale\" content=\"pt_BR\" \/>\n<meta property=\"og:type\" content=\"article\" \/>\n<meta property=\"og:title\" content=\"Poesia e M\u00fasica - SABRA - Sociedade Art\u00edstica Brasileira\" \/>\n<meta property=\"og:description\" content=\"A poesia e a m\u00fasica, apesar de serem express\u00f5es art\u00edsticas que podem existir muito bem separadamente, t\u00eam uma hist\u00f3ria em comum.\" \/>\n<meta property=\"og:url\" content=\"https:\/\/www.sabra.org.br\/site\/musica-poesia\/\" \/>\n<meta property=\"og:site_name\" content=\"SABRA - Sociedade Art\u00edstica Brasileira\" \/>\n<meta property=\"article:publisher\" content=\"https:\/\/www.facebook.com\/sabrabrasil\" \/>\n<meta property=\"article:published_time\" content=\"2022-12-08T11:40:45+00:00\" \/>\n<meta property=\"og:image\" content=\"https:\/\/i0.wp.com\/www.sabra.org.br\/site\/wp-content\/uploads\/2022\/12\/o-vinculo-entre-a-poesia-e-a-musica-20221024103355.jpg.jpg?fit=800%2C505&ssl=1\" \/>\n\t<meta property=\"og:image:width\" content=\"800\" \/>\n\t<meta property=\"og:image:height\" content=\"505\" \/>\n\t<meta property=\"og:image:type\" content=\"image\/jpeg\" \/>\n<meta name=\"author\" content=\"M\u00e1rcio Miranda Pontes\" \/>\n<meta name=\"twitter:card\" content=\"summary_large_image\" \/>\n<meta name=\"twitter:creator\" content=\"@ContatoSabra\" \/>\n<meta name=\"twitter:site\" content=\"@ContatoSabra\" \/>\n<meta name=\"twitter:label1\" content=\"Escrito por\" \/>\n\t<meta name=\"twitter:data1\" content=\"M\u00e1rcio Miranda Pontes\" \/>\n\t<meta name=\"twitter:label2\" content=\"Est. tempo de leitura\" \/>\n\t<meta name=\"twitter:data2\" content=\"4 minutos\" \/>\n<script type=\"application\/ld+json\" class=\"yoast-schema-graph\">{\"@context\":\"https:\\\/\\\/schema.org\",\"@graph\":[{\"@type\":\"Article\",\"@id\":\"https:\\\/\\\/www.sabra.org.br\\\/site\\\/musica-poesia\\\/#article\",\"isPartOf\":{\"@id\":\"https:\\\/\\\/www.sabra.org.br\\\/site\\\/musica-poesia\\\/\"},\"author\":{\"name\":\"M\u00e1rcio Miranda Pontes\",\"@id\":\"https:\\\/\\\/www.sabra.org.br\\\/site\\\/#\\\/schema\\\/person\\\/7d1d222c3c8891d4c37c7b41bf6315c2\"},\"headline\":\"O v\u00ednculo entre a poesia e a m\u00fasica\",\"datePublished\":\"2022-12-08T11:40:45+00:00\",\"mainEntityOfPage\":{\"@id\":\"https:\\\/\\\/www.sabra.org.br\\\/site\\\/musica-poesia\\\/\"},\"wordCount\":730,\"publisher\":{\"@id\":\"https:\\\/\\\/www.sabra.org.br\\\/site\\\/#organization\"},\"image\":{\"@id\":\"https:\\\/\\\/www.sabra.org.br\\\/site\\\/musica-poesia\\\/#primaryimage\"},\"thumbnailUrl\":\"https:\\\/\\\/www.sabra.org.br\\\/site\\\/wp-content\\\/uploads\\\/2022\\\/12\\\/o-vinculo-entre-a-poesia-e-a-musica-20221024103355.jpg.jpg\",\"keywords\":[\"Assist\u00eancia social\",\"Belo Horizonte\",\"Cabo Frio\",\"Campos dos Goytacazes\",\"Canto Coral\",\"Contagem\",\"Escola de Musica SABRA\",\"Ibirit\u00e9\",\"Musicaliza\u00e7\u00e3o Infantil\",\"nova lima\",\"Orquestra Infanto Juvenil de Betim\",\"Orquestra Sinf\u00f4nica de Betim\",\"Raposos\",\"Sociedade Art\u00edstica Brasileira\"],\"articleSection\":[\"Blog SABRA\"],\"inLanguage\":\"pt-BR\"},{\"@type\":\"WebPage\",\"@id\":\"https:\\\/\\\/www.sabra.org.br\\\/site\\\/musica-poesia\\\/\",\"url\":\"https:\\\/\\\/www.sabra.org.br\\\/site\\\/musica-poesia\\\/\",\"name\":\"Poesia e M\u00fasica - SABRA - Sociedade Art\u00edstica Brasileira\",\"isPartOf\":{\"@id\":\"https:\\\/\\\/www.sabra.org.br\\\/site\\\/#website\"},\"primaryImageOfPage\":{\"@id\":\"https:\\\/\\\/www.sabra.org.br\\\/site\\\/musica-poesia\\\/#primaryimage\"},\"image\":{\"@id\":\"https:\\\/\\\/www.sabra.org.br\\\/site\\\/musica-poesia\\\/#primaryimage\"},\"thumbnailUrl\":\"https:\\\/\\\/www.sabra.org.br\\\/site\\\/wp-content\\\/uploads\\\/2022\\\/12\\\/o-vinculo-entre-a-poesia-e-a-musica-20221024103355.jpg.jpg\",\"datePublished\":\"2022-12-08T11:40:45+00:00\",\"description\":\"A poesia e a m\u00fasica, apesar de serem express\u00f5es art\u00edsticas que podem existir muito bem separadamente, t\u00eam uma hist\u00f3ria em comum.\",\"breadcrumb\":{\"@id\":\"https:\\\/\\\/www.sabra.org.br\\\/site\\\/musica-poesia\\\/#breadcrumb\"},\"inLanguage\":\"pt-BR\",\"potentialAction\":[{\"@type\":\"ReadAction\",\"target\":[\"https:\\\/\\\/www.sabra.org.br\\\/site\\\/musica-poesia\\\/\"]}]},{\"@type\":\"ImageObject\",\"inLanguage\":\"pt-BR\",\"@id\":\"https:\\\/\\\/www.sabra.org.br\\\/site\\\/musica-poesia\\\/#primaryimage\",\"url\":\"https:\\\/\\\/www.sabra.org.br\\\/site\\\/wp-content\\\/uploads\\\/2022\\\/12\\\/o-vinculo-entre-a-poesia-e-a-musica-20221024103355.jpg.jpg\",\"contentUrl\":\"https:\\\/\\\/www.sabra.org.br\\\/site\\\/wp-content\\\/uploads\\\/2022\\\/12\\\/o-vinculo-entre-a-poesia-e-a-musica-20221024103355.jpg.jpg\",\"width\":800,\"height\":505,\"caption\":\"Sociedade Art\u00edstica Brasileira SABRA\"},{\"@type\":\"BreadcrumbList\",\"@id\":\"https:\\\/\\\/www.sabra.org.br\\\/site\\\/musica-poesia\\\/#breadcrumb\",\"itemListElement\":[{\"@type\":\"ListItem\",\"position\":1,\"name\":\"In\u00edcio\",\"item\":\"https:\\\/\\\/www.sabra.org.br\\\/site\\\/\"},{\"@type\":\"ListItem\",\"position\":2,\"name\":\"O v\u00ednculo entre a poesia e a m\u00fasica\"}]},{\"@type\":\"WebSite\",\"@id\":\"https:\\\/\\\/www.sabra.org.br\\\/site\\\/#website\",\"url\":\"https:\\\/\\\/www.sabra.org.br\\\/site\\\/\",\"name\":\"SABRA - Sociedade Art\u00edstica Brasileira\",\"description\":\"Escola de M\u00fasica, Orquestra Sinf\u00f4nica, Coral e Patrim\u00f4nio Cultural e Hist\u00f3rico\",\"publisher\":{\"@id\":\"https:\\\/\\\/www.sabra.org.br\\\/site\\\/#organization\"},\"potentialAction\":[{\"@type\":\"SearchAction\",\"target\":{\"@type\":\"EntryPoint\",\"urlTemplate\":\"https:\\\/\\\/www.sabra.org.br\\\/site\\\/?s={search_term_string}\"},\"query-input\":{\"@type\":\"PropertyValueSpecification\",\"valueRequired\":true,\"valueName\":\"search_term_string\"}}],\"inLanguage\":\"pt-BR\"},{\"@type\":\"Organization\",\"@id\":\"https:\\\/\\\/www.sabra.org.br\\\/site\\\/#organization\",\"name\":\"SOCIEDADE ART\u00cdSTICA BRASILEIRA SABRA\",\"alternateName\":\"SABRA\",\"url\":\"https:\\\/\\\/www.sabra.org.br\\\/site\\\/\",\"logo\":{\"@type\":\"ImageObject\",\"inLanguage\":\"pt-BR\",\"@id\":\"https:\\\/\\\/www.sabra.org.br\\\/site\\\/#\\\/schema\\\/logo\\\/image\\\/\",\"url\":\"https:\\\/\\\/www.sabra.org.br\\\/site\\\/wp-content\\\/uploads\\\/2019\\\/06\\\/cropped-Logo_SABRA-Copia-1.webp\",\"contentUrl\":\"https:\\\/\\\/www.sabra.org.br\\\/site\\\/wp-content\\\/uploads\\\/2019\\\/06\\\/cropped-Logo_SABRA-Copia-1.webp\",\"width\":400,\"height\":128,\"caption\":\"SOCIEDADE ART\u00cdSTICA BRASILEIRA SABRA\"},\"image\":{\"@id\":\"https:\\\/\\\/www.sabra.org.br\\\/site\\\/#\\\/schema\\\/logo\\\/image\\\/\"},\"sameAs\":[\"https:\\\/\\\/www.facebook.com\\\/sabrabrasil\",\"https:\\\/\\\/x.com\\\/ContatoSabra\",\"https:\\\/\\\/www.instagram.com\\\/sabrabrasil\\\/\",\"https:\\\/\\\/www.linkedin.com\\\/company\\\/25002088\\\/\",\"https:\\\/\\\/br.pinterest.com\\\/sociedadeartisticabrasileira\\\/\",\"https:\\\/\\\/www.youtube.com\\\/c\\\/sabrabrasil\"]},{\"@type\":\"Person\",\"@id\":\"https:\\\/\\\/www.sabra.org.br\\\/site\\\/#\\\/schema\\\/person\\\/7d1d222c3c8891d4c37c7b41bf6315c2\",\"name\":\"M\u00e1rcio Miranda Pontes\",\"image\":{\"@type\":\"ImageObject\",\"inLanguage\":\"pt-BR\",\"@id\":\"https:\\\/\\\/secure.gravatar.com\\\/avatar\\\/3b45f24496a7625a3a6c436688fbe20344faaeb2979658dc4a9921f984d7df9a?s=96&d=mm&r=g\",\"url\":\"https:\\\/\\\/secure.gravatar.com\\\/avatar\\\/3b45f24496a7625a3a6c436688fbe20344faaeb2979658dc4a9921f984d7df9a?s=96&d=mm&r=g\",\"contentUrl\":\"https:\\\/\\\/secure.gravatar.com\\\/avatar\\\/3b45f24496a7625a3a6c436688fbe20344faaeb2979658dc4a9921f984d7df9a?s=96&d=mm&r=g\",\"caption\":\"M\u00e1rcio Miranda Pontes\"},\"sameAs\":[\"http:\\\/\\\/www.sabra.org.br\"],\"url\":\"https:\\\/\\\/www.sabra.org.br\\\/site\\\/author\\\/marcio-miranda-pontes\\\/\"}]}<\/script>\n<!-- \/ Yoast SEO plugin. -->","yoast_head_json":{"title":"Poesia e M\u00fasica - SABRA - Sociedade Art\u00edstica Brasileira","description":"A poesia e a m\u00fasica, apesar de serem express\u00f5es art\u00edsticas que podem existir muito bem separadamente, t\u00eam uma hist\u00f3ria em comum.","robots":{"index":"index","follow":"follow","max-snippet":"max-snippet:-1","max-image-preview":"max-image-preview:large","max-video-preview":"max-video-preview:-1"},"canonical":"https:\/\/www.sabra.org.br\/site\/musica-poesia\/","og_locale":"pt_BR","og_type":"article","og_title":"Poesia e M\u00fasica - SABRA - Sociedade Art\u00edstica Brasileira","og_description":"A poesia e a m\u00fasica, apesar de serem express\u00f5es art\u00edsticas que podem existir muito bem separadamente, t\u00eam uma hist\u00f3ria em comum.","og_url":"https:\/\/www.sabra.org.br\/site\/musica-poesia\/","og_site_name":"SABRA - Sociedade Art\u00edstica Brasileira","article_publisher":"https:\/\/www.facebook.com\/sabrabrasil","article_published_time":"2022-12-08T11:40:45+00:00","og_image":[{"width":800,"height":505,"url":"https:\/\/i0.wp.com\/www.sabra.org.br\/site\/wp-content\/uploads\/2022\/12\/o-vinculo-entre-a-poesia-e-a-musica-20221024103355.jpg.jpg?fit=800%2C505&ssl=1","type":"image\/jpeg"}],"author":"M\u00e1rcio Miranda Pontes","twitter_card":"summary_large_image","twitter_creator":"@ContatoSabra","twitter_site":"@ContatoSabra","twitter_misc":{"Escrito por":"M\u00e1rcio Miranda Pontes","Est. tempo de leitura":"4 minutos"},"schema":{"@context":"https:\/\/schema.org","@graph":[{"@type":"Article","@id":"https:\/\/www.sabra.org.br\/site\/musica-poesia\/#article","isPartOf":{"@id":"https:\/\/www.sabra.org.br\/site\/musica-poesia\/"},"author":{"name":"M\u00e1rcio Miranda Pontes","@id":"https:\/\/www.sabra.org.br\/site\/#\/schema\/person\/7d1d222c3c8891d4c37c7b41bf6315c2"},"headline":"O v\u00ednculo entre a poesia e a m\u00fasica","datePublished":"2022-12-08T11:40:45+00:00","mainEntityOfPage":{"@id":"https:\/\/www.sabra.org.br\/site\/musica-poesia\/"},"wordCount":730,"publisher":{"@id":"https:\/\/www.sabra.org.br\/site\/#organization"},"image":{"@id":"https:\/\/www.sabra.org.br\/site\/musica-poesia\/#primaryimage"},"thumbnailUrl":"https:\/\/www.sabra.org.br\/site\/wp-content\/uploads\/2022\/12\/o-vinculo-entre-a-poesia-e-a-musica-20221024103355.jpg.jpg","keywords":["Assist\u00eancia social","Belo Horizonte","Cabo Frio","Campos dos Goytacazes","Canto Coral","Contagem","Escola de Musica SABRA","Ibirit\u00e9","Musicaliza\u00e7\u00e3o Infantil","nova lima","Orquestra Infanto Juvenil de Betim","Orquestra Sinf\u00f4nica de Betim","Raposos","Sociedade Art\u00edstica Brasileira"],"articleSection":["Blog SABRA"],"inLanguage":"pt-BR"},{"@type":"WebPage","@id":"https:\/\/www.sabra.org.br\/site\/musica-poesia\/","url":"https:\/\/www.sabra.org.br\/site\/musica-poesia\/","name":"Poesia e M\u00fasica - SABRA - Sociedade Art\u00edstica Brasileira","isPartOf":{"@id":"https:\/\/www.sabra.org.br\/site\/#website"},"primaryImageOfPage":{"@id":"https:\/\/www.sabra.org.br\/site\/musica-poesia\/#primaryimage"},"image":{"@id":"https:\/\/www.sabra.org.br\/site\/musica-poesia\/#primaryimage"},"thumbnailUrl":"https:\/\/www.sabra.org.br\/site\/wp-content\/uploads\/2022\/12\/o-vinculo-entre-a-poesia-e-a-musica-20221024103355.jpg.jpg","datePublished":"2022-12-08T11:40:45+00:00","description":"A poesia e a m\u00fasica, apesar de serem express\u00f5es art\u00edsticas que podem existir muito bem separadamente, t\u00eam uma hist\u00f3ria em comum.","breadcrumb":{"@id":"https:\/\/www.sabra.org.br\/site\/musica-poesia\/#breadcrumb"},"inLanguage":"pt-BR","potentialAction":[{"@type":"ReadAction","target":["https:\/\/www.sabra.org.br\/site\/musica-poesia\/"]}]},{"@type":"ImageObject","inLanguage":"pt-BR","@id":"https:\/\/www.sabra.org.br\/site\/musica-poesia\/#primaryimage","url":"https:\/\/www.sabra.org.br\/site\/wp-content\/uploads\/2022\/12\/o-vinculo-entre-a-poesia-e-a-musica-20221024103355.jpg.jpg","contentUrl":"https:\/\/www.sabra.org.br\/site\/wp-content\/uploads\/2022\/12\/o-vinculo-entre-a-poesia-e-a-musica-20221024103355.jpg.jpg","width":800,"height":505,"caption":"Sociedade Art\u00edstica Brasileira SABRA"},{"@type":"BreadcrumbList","@id":"https:\/\/www.sabra.org.br\/site\/musica-poesia\/#breadcrumb","itemListElement":[{"@type":"ListItem","position":1,"name":"In\u00edcio","item":"https:\/\/www.sabra.org.br\/site\/"},{"@type":"ListItem","position":2,"name":"O v\u00ednculo entre a poesia e a m\u00fasica"}]},{"@type":"WebSite","@id":"https:\/\/www.sabra.org.br\/site\/#website","url":"https:\/\/www.sabra.org.br\/site\/","name":"SABRA - Sociedade Art\u00edstica Brasileira","description":"Escola de M\u00fasica, Orquestra Sinf\u00f4nica, Coral e Patrim\u00f4nio Cultural e Hist\u00f3rico","publisher":{"@id":"https:\/\/www.sabra.org.br\/site\/#organization"},"potentialAction":[{"@type":"SearchAction","target":{"@type":"EntryPoint","urlTemplate":"https:\/\/www.sabra.org.br\/site\/?s={search_term_string}"},"query-input":{"@type":"PropertyValueSpecification","valueRequired":true,"valueName":"search_term_string"}}],"inLanguage":"pt-BR"},{"@type":"Organization","@id":"https:\/\/www.sabra.org.br\/site\/#organization","name":"SOCIEDADE ART\u00cdSTICA BRASILEIRA SABRA","alternateName":"SABRA","url":"https:\/\/www.sabra.org.br\/site\/","logo":{"@type":"ImageObject","inLanguage":"pt-BR","@id":"https:\/\/www.sabra.org.br\/site\/#\/schema\/logo\/image\/","url":"https:\/\/www.sabra.org.br\/site\/wp-content\/uploads\/2019\/06\/cropped-Logo_SABRA-Copia-1.webp","contentUrl":"https:\/\/www.sabra.org.br\/site\/wp-content\/uploads\/2019\/06\/cropped-Logo_SABRA-Copia-1.webp","width":400,"height":128,"caption":"SOCIEDADE ART\u00cdSTICA BRASILEIRA SABRA"},"image":{"@id":"https:\/\/www.sabra.org.br\/site\/#\/schema\/logo\/image\/"},"sameAs":["https:\/\/www.facebook.com\/sabrabrasil","https:\/\/x.com\/ContatoSabra","https:\/\/www.instagram.com\/sabrabrasil\/","https:\/\/www.linkedin.com\/company\/25002088\/","https:\/\/br.pinterest.com\/sociedadeartisticabrasileira\/","https:\/\/www.youtube.com\/c\/sabrabrasil"]},{"@type":"Person","@id":"https:\/\/www.sabra.org.br\/site\/#\/schema\/person\/7d1d222c3c8891d4c37c7b41bf6315c2","name":"M\u00e1rcio Miranda Pontes","image":{"@type":"ImageObject","inLanguage":"pt-BR","@id":"https:\/\/secure.gravatar.com\/avatar\/3b45f24496a7625a3a6c436688fbe20344faaeb2979658dc4a9921f984d7df9a?s=96&d=mm&r=g","url":"https:\/\/secure.gravatar.com\/avatar\/3b45f24496a7625a3a6c436688fbe20344faaeb2979658dc4a9921f984d7df9a?s=96&d=mm&r=g","contentUrl":"https:\/\/secure.gravatar.com\/avatar\/3b45f24496a7625a3a6c436688fbe20344faaeb2979658dc4a9921f984d7df9a?s=96&d=mm&r=g","caption":"M\u00e1rcio Miranda Pontes"},"sameAs":["http:\/\/www.sabra.org.br"],"url":"https:\/\/www.sabra.org.br\/site\/author\/marcio-miranda-pontes\/"}]}},"jetpack_featured_media_url":"https:\/\/www.sabra.org.br\/site\/wp-content\/uploads\/2022\/12\/o-vinculo-entre-a-poesia-e-a-musica-20221024103355.jpg.jpg","jetpack_shortlink":"https:\/\/wp.me\/p95j2Z-1EY","jetpack-related-posts":[{"id":2119,"url":"https:\/\/www.sabra.org.br\/site\/concerto-orquestra-sinfonica-de-betim-06-06-2019\/","url_meta":{"origin":6384,"position":0},"title":"Concerto Orquestra Sinf\u00f4nica de Betim &#8211; 06\/06\/2019","author":"M\u00e1rcio Miranda Pontes","date":"3 de junho de 2019","format":false,"excerpt":"Orquestra infanto-juvenil de Betim participa de concerto da Orquestra Sinf\u00f4nica de Betim Orquestra Sinf\u00f4nica de Betim apresenta cl\u00e1ssicos da m\u00fasica em concerto no dia 06 de junho, com participa\u00e7\u00e3o especial da Orquestra Infanto-Juvenil de Betim. Concerto aberto \u00e0 comunidade traz obras de Mozart e Beethoven Data: 06 de junho, quinta-feira\u2026","rel":"","context":"Em &quot;Not\u00edcias&quot;","block_context":{"text":"Not\u00edcias","link":"https:\/\/www.sabra.org.br\/site\/category\/noticias\/"},"img":{"alt_text":"Orquestra Infanto Juvenil de Betim","src":"https:\/\/i0.wp.com\/www.sabra.org.br\/site\/wp-content\/uploads\/2019\/06\/20190531-OrqInfantJuvenil.jpg?resize=350%2C200&ssl=1","width":350,"height":200},"classes":[]},{"id":2294,"url":"https:\/\/www.sabra.org.br\/site\/thayla\/","url_meta":{"origin":6384,"position":1},"title":"Thayla da Paix\u00e3o &#8211; Depoimento","author":"M\u00e1rcio Miranda Pontes","date":"2 de agosto de 2019","format":false,"excerpt":"Depoimento dos pais de Maria Cec\u00edlia Dias aluna da Escola de M\u00fasica SABRA em Betim - Curso de Musicaliza\u00e7\u00e3o Infantil e Pr\u00e1tica de Orquestra.","rel":"","context":"Em &quot;Depoimentos&quot;","block_context":{"text":"Depoimentos","link":"https:\/\/www.sabra.org.br\/site\/category\/depoimentos\/"},"img":{"alt_text":"Thayla","src":"https:\/\/i0.wp.com\/www.sabra.org.br\/site\/wp-content\/uploads\/2019\/07\/Tayla1.jpeg?resize=350%2C200&ssl=1","width":350,"height":200,"srcset":"https:\/\/i0.wp.com\/www.sabra.org.br\/site\/wp-content\/uploads\/2019\/07\/Tayla1.jpeg?resize=350%2C200&ssl=1 1x, https:\/\/i0.wp.com\/www.sabra.org.br\/site\/wp-content\/uploads\/2019\/07\/Tayla1.jpeg?resize=525%2C300&ssl=1 1.5x, https:\/\/i0.wp.com\/www.sabra.org.br\/site\/wp-content\/uploads\/2019\/07\/Tayla1.jpeg?resize=700%2C400&ssl=1 2x"},"classes":[]},{"id":3175,"url":"https:\/\/www.sabra.org.br\/site\/musica-lirica\/","url_meta":{"origin":6384,"position":2},"title":"M\u00fasica l\u00edrica","author":"M\u00e1rcio Miranda Pontes","date":"17 de outubro de 2020","format":false,"excerpt":"Voc\u00ea sabe o que \u00e9 canto l\u00edrico? Esse estilo de m\u00fasica cl\u00e1ssica est\u00e1 muito associado \u00e0 poesia medieval e principalmente \u00e0s \u00f3peras. Quer conhecer um pouquinho mais? Ent\u00e3o clica nesse texto e vem se encantar com a gente!","rel":"","context":"Em &quot;Blog SABRA&quot;","block_context":{"text":"Blog SABRA","link":"https:\/\/www.sabra.org.br\/site\/category\/blog-sabra\/"},"img":{"alt_text":"musica-lirica","src":"https:\/\/i0.wp.com\/www.sabra.org.br\/site\/wp-content\/uploads\/2020\/10\/as-principais-caracteristicas-da-musica-lirica-20201001161911.jpg.jpg?resize=350%2C200&ssl=1","width":350,"height":200,"srcset":"https:\/\/i0.wp.com\/www.sabra.org.br\/site\/wp-content\/uploads\/2020\/10\/as-principais-caracteristicas-da-musica-lirica-20201001161911.jpg.jpg?resize=350%2C200&ssl=1 1x, https:\/\/i0.wp.com\/www.sabra.org.br\/site\/wp-content\/uploads\/2020\/10\/as-principais-caracteristicas-da-musica-lirica-20201001161911.jpg.jpg?resize=525%2C300&ssl=1 1.5x, https:\/\/i0.wp.com\/www.sabra.org.br\/site\/wp-content\/uploads\/2020\/10\/as-principais-caracteristicas-da-musica-lirica-20201001161911.jpg.jpg?resize=700%2C400&ssl=1 2x"},"classes":[]},{"id":2980,"url":"https:\/\/www.sabra.org.br\/site\/discos-para-playlist\/","url_meta":{"origin":6384,"position":3},"title":"Discos para sua playlist","author":"M\u00e1rcio Miranda Pontes","date":"4 de junho de 2020","format":false,"excerpt":"Anda meio perdido, sem saber o que colocar na sua playlist? Acesse o nosso link a seguir e descubra os 5 discos de m\u00fasica que voc\u00ea precisa ouvir ainda este ano!","rel":"","context":"Em &quot;Blog SABRA&quot;","block_context":{"text":"Blog SABRA","link":"https:\/\/www.sabra.org.br\/site\/category\/blog-sabra\/"},"img":{"alt_text":"playlist-discos","src":"https:\/\/i0.wp.com\/www.sabra.org.br\/site\/wp-content\/uploads\/2020\/06\/x-discos-de-musica-que-voce-precisa-ouvir-ainda-esse-ano-20200430180602.jpg.jpg?resize=350%2C200&ssl=1","width":350,"height":200,"srcset":"https:\/\/i0.wp.com\/www.sabra.org.br\/site\/wp-content\/uploads\/2020\/06\/x-discos-de-musica-que-voce-precisa-ouvir-ainda-esse-ano-20200430180602.jpg.jpg?resize=350%2C200&ssl=1 1x, https:\/\/i0.wp.com\/www.sabra.org.br\/site\/wp-content\/uploads\/2020\/06\/x-discos-de-musica-que-voce-precisa-ouvir-ainda-esse-ano-20200430180602.jpg.jpg?resize=525%2C300&ssl=1 1.5x, https:\/\/i0.wp.com\/www.sabra.org.br\/site\/wp-content\/uploads\/2020\/06\/x-discos-de-musica-que-voce-precisa-ouvir-ainda-esse-ano-20200430180602.jpg.jpg?resize=700%2C400&ssl=1 2x"},"classes":[]},{"id":3894,"url":"https:\/\/www.sabra.org.br\/site\/estilo\/","url_meta":{"origin":6384,"position":4},"title":"M\u00fasicas para voc\u00ea desligar do mundo e relaxar","author":"M\u00e1rcio Miranda Pontes","date":"15 de maio de 2021","format":false,"excerpt":"M\u00fasicas para voc\u00ea desligar do mundo e relaxar Somos uma organiza\u00e7\u00e3o que busca levar trabalhos sociais para as pessoas promovendo a\u00e7\u00f5es que busquem profissionalizar jovens para o mercado de trabalho. Acesse nossas p\u00e1ginas, venha conhecer nossos trabalhos e nos ajudar a impulsionar jovens vidas.","rel":"","context":"Em &quot;Blog SABRA&quot;","block_context":{"text":"Blog SABRA","link":"https:\/\/www.sabra.org.br\/site\/category\/blog-sabra\/"},"img":{"alt_text":"estilo-relaxar-m\u00fasica","src":"https:\/\/i0.wp.com\/www.sabra.org.br\/site\/wp-content\/uploads\/2021\/05\/x-musicas-para-voce-desligar-do-mundo-e-relaxar-20210125102928.jpg.jpg?resize=350%2C200&ssl=1","width":350,"height":200,"srcset":"https:\/\/i0.wp.com\/www.sabra.org.br\/site\/wp-content\/uploads\/2021\/05\/x-musicas-para-voce-desligar-do-mundo-e-relaxar-20210125102928.jpg.jpg?resize=350%2C200&ssl=1 1x, https:\/\/i0.wp.com\/www.sabra.org.br\/site\/wp-content\/uploads\/2021\/05\/x-musicas-para-voce-desligar-do-mundo-e-relaxar-20210125102928.jpg.jpg?resize=525%2C300&ssl=1 1.5x, https:\/\/i0.wp.com\/www.sabra.org.br\/site\/wp-content\/uploads\/2021\/05\/x-musicas-para-voce-desligar-do-mundo-e-relaxar-20210125102928.jpg.jpg?resize=700%2C400&ssl=1 2x"},"classes":[]},{"id":3692,"url":"https:\/\/www.sabra.org.br\/site\/criancas\/","url_meta":{"origin":6384,"position":5},"title":"Entenda como a m\u00fasica melhora o desenvolvimento das crian\u00e7as","author":"M\u00e1rcio Miranda Pontes","date":"18 de fevereiro de 2021","format":false,"excerpt":"Escola de Musica SABRA, Orquestra Sinf\u00f4nica de Betim, Sociedade Art\u00edstica Brasileira, Musicaliza\u00e7\u00e3o Infantil, Assistencia Social, Canto Coral, Orquestra Infanto Juvenil de Betim, Nova Lima","rel":"","context":"Em &quot;Blog SABRA&quot;","block_context":{"text":"Blog SABRA","link":"https:\/\/www.sabra.org.br\/site\/category\/blog-sabra\/"},"img":{"alt_text":"crian\u00e7as","src":"https:\/\/i0.wp.com\/www.sabra.org.br\/site\/wp-content\/uploads\/2021\/02\/entenda-como-a-musica-melhora-o-desenvolvimento-das-criancas-20210203092956.jpg.jpg?resize=350%2C200&ssl=1","width":350,"height":200,"srcset":"https:\/\/i0.wp.com\/www.sabra.org.br\/site\/wp-content\/uploads\/2021\/02\/entenda-como-a-musica-melhora-o-desenvolvimento-das-criancas-20210203092956.jpg.jpg?resize=350%2C200&ssl=1 1x, https:\/\/i0.wp.com\/www.sabra.org.br\/site\/wp-content\/uploads\/2021\/02\/entenda-como-a-musica-melhora-o-desenvolvimento-das-criancas-20210203092956.jpg.jpg?resize=525%2C300&ssl=1 1.5x, https:\/\/i0.wp.com\/www.sabra.org.br\/site\/wp-content\/uploads\/2021\/02\/entenda-como-a-musica-melhora-o-desenvolvimento-das-criancas-20210203092956.jpg.jpg?resize=700%2C400&ssl=1 2x"},"classes":[]}],"jetpack_likes_enabled":true,"jetpack_sharing_enabled":true,"_links":{"self":[{"href":"https:\/\/www.sabra.org.br\/site\/wp-json\/wp\/v2\/posts\/6384","targetHints":{"allow":["GET"]}}],"collection":[{"href":"https:\/\/www.sabra.org.br\/site\/wp-json\/wp\/v2\/posts"}],"about":[{"href":"https:\/\/www.sabra.org.br\/site\/wp-json\/wp\/v2\/types\/post"}],"author":[{"embeddable":true,"href":"https:\/\/www.sabra.org.br\/site\/wp-json\/wp\/v2\/users\/39"}],"replies":[{"embeddable":true,"href":"https:\/\/www.sabra.org.br\/site\/wp-json\/wp\/v2\/comments?post=6384"}],"version-history":[{"count":0,"href":"https:\/\/www.sabra.org.br\/site\/wp-json\/wp\/v2\/posts\/6384\/revisions"}],"wp:featuredmedia":[{"embeddable":true,"href":"https:\/\/www.sabra.org.br\/site\/wp-json\/wp\/v2\/media\/6386"}],"wp:attachment":[{"href":"https:\/\/www.sabra.org.br\/site\/wp-json\/wp\/v2\/media?parent=6384"}],"wp:term":[{"taxonomy":"category","embeddable":true,"href":"https:\/\/www.sabra.org.br\/site\/wp-json\/wp\/v2\/categories?post=6384"},{"taxonomy":"post_tag","embeddable":true,"href":"https:\/\/www.sabra.org.br\/site\/wp-json\/wp\/v2\/tags?post=6384"}],"curies":[{"name":"wp","href":"https:\/\/api.w.org\/{rel}","templated":true}]}}