{"id":6489,"date":"2022-12-16T10:03:15","date_gmt":"2022-12-16T13:03:15","guid":{"rendered":"https:\/\/www.sabra.org.br\/site\/?p=6489"},"modified":"2022-12-16T10:03:15","modified_gmt":"2022-12-16T13:03:15","slug":"emocoes-musica","status":"publish","type":"post","link":"https:\/\/www.sabra.org.br\/site\/emocoes-musica\/","title":{"rendered":"A influ\u00eancia da m\u00fasica nas nossa emo\u00e7\u00f5es"},"content":{"rendered":"<p>[vc_row][vc_column][vc_column_text]A influ\u00eancia da m\u00fasica nas emo\u00e7\u00f5es humanas \u00e9 percept\u00edvel desde as \u00e9pocas mais remotas. Ali\u00e1s, o som \u00e9 um recurso t\u00e3o poderoso que tem a capacidade de impactar todo o ambiente submetido a ele. As melodias podem oferecer uma harmonia perfeita por meio do ritmo e at\u00e9 mesmo da tonalidade.<\/p>\n<p>Mas como a m\u00fasica consegue influenciar tanto as nossas emo\u00e7\u00f5es? \u00c9 justamente essa resposta que voc\u00ea ter\u00e1 neste artigo. Ent\u00e3o aproveite a leitura!<\/p>\n<h2>Qual \u00e9 a influ\u00eancia da m\u00fasica na emo\u00e7\u00e3o humana?<\/h2>\n<p>A influ\u00eancia da m\u00fasica na emo\u00e7\u00e3o humana pode ser percebida por diversos aspectos. Ali\u00e1s, n\u00e3o \u00e9 novidade que muitas pessoas gostam de expressar os sentimentos por meio do som. Por isso \u00e9 importante mencionar que a emo\u00e7\u00e3o causada pelas can\u00e7\u00f5es tamb\u00e9m pode estar inclu\u00edda em um contexto social.<\/p>\n<p>Como assim? Um exemplo se encontra em algumas tribos ind\u00edgenas que entoam determinados c\u00e2nticos em seus rituais. Do mesmo modo, os evang\u00e9licos utilizam louvores para manifestar a adora\u00e7\u00e3o a Deus. Nessas situa\u00e7\u00f5es \u00e9 poss\u00edvel dizer que a emo\u00e7\u00e3o sentida na m\u00fasica \u00e9 capaz de despertar um sentimento religioso.<\/p>\n<p>Al\u00e9m disso, as melodias tamb\u00e9m podem transmitir uma sensa\u00e7\u00e3o particular. Esse processo vai depender da bagagem cultural do indiv\u00edduo. Ali\u00e1s, essa bagagem pode variar de pessoa para pessoa.<\/p>\n<p>Por que algumas m\u00fasicas conseguem mexer com o seu imagin\u00e1rio? A letra faz voc\u00ea lembrar alguma situa\u00e7\u00e3o vivenciada? Os acordes utilizados nela conseguem <a href=\"https:\/\/www.sabra.org.br\/site\/musica-sensacoes\/\"> provocar arrepios<\/a> na sua pele? Essa can\u00e7\u00e3o fez parte de algum momento especial na sua vida?<\/p>\n<p>Diante disso, \u00e9 poss\u00edvel mencionar que algumas can\u00e7\u00f5es provocam uma mem\u00f3ria afetiva nos seres humanos. Al\u00e9m disso, n\u00e3o \u00e9 novidade que muitas pesquisas v\u00eam apontando que a m\u00fasica pode ser usada como uma grande aliada no tratamento de determinadas doen\u00e7as.<\/p>\n<p>Nesse contexto, a <a href=\"https:\/\/saude.abril.com.br\/bem-estar\/o-que-e-a-musicoterapia\/\" target=\"_blank\" rel=\"noopener\"> musicoterapia<\/a> vem ganhando cada vez mais espa\u00e7o dentro da sociedade. As nossas rea\u00e7\u00f5es podem comprovar os benef\u00edcios dela. At\u00e9 porque quando ouvimos uma m\u00fasica agrad\u00e1vel o nosso c\u00e9rebro tende a liberar a famosa endorfina. Esse processo proporciona um al\u00edvio natural para as dores.<\/p>\n<p>A dopamina tamb\u00e9m \u00e9 liberada nesse momento, tendo a capacidade de provocar sensa\u00e7\u00e3o de for\u00e7a, vivacidade, otimismo e energia. Al\u00e9m disso, por meio da influ\u00eancia da m\u00fasica tamb\u00e9m conseguimos aumentar a imunidade.<\/p>\n<h2>Como a m\u00fasica beneficia as nossas emo\u00e7\u00f5es?<\/h2>\n<p>Antes de tudo, \u00e9 essencial entender que a m\u00fasica cont\u00e9m ondas sonoras potentes. Al\u00e9m disso, a velocidade dessas ondas tem a capacidade de influenciar as nossas emo\u00e7\u00f5es. As can\u00e7\u00f5es mais agitadas ajudam a elevar a disposi\u00e7\u00e3o. J\u00e1 as m\u00fasicas mais lentas estimulam o estado de relaxamento. N\u00e3o \u00e9 por acaso que, na maior parte das vezes, escutamos m\u00fasicas que est\u00e3o em sintonia com as nossas emo\u00e7\u00f5es.<\/p>\n<p>A m\u00fasica pode ser entendida como uma das formas de express\u00e3o mais antiga. Al\u00e9m disso, ela tem a capacidade de ativar diversas regi\u00f5es do nosso c\u00e9rebro. Por isso ela tem impacta o campo mental e emocional dos seres humanos.<\/p>\n<p>Gostou do post sobre a influ\u00eancia da m\u00fasica? Ent\u00e3o aproveite a ocasi\u00e3o para navegar no <a href=\"https:\/\/www.sabra.org.br\/site\/acoes\/escola-de-musica\/blog-sabra\/\"> nosso blog<\/a>. Nele voc\u00ea poder\u00e1 aumentar ainda mais o seu conhecimento sobre a m\u00fasica. Vale a pena conferir!<\/p>\n<blockquote class=\"wp-embedded-content\" data-secret=\"V4m6zb2vrO\"><p><a href=\"https:\/\/www.sabra.org.br\/site\/musica-classica-criancas\/\">Benef\u00edcios da m\u00fasica cl\u00e1ssica para as crian\u00e7as<\/a><\/p><\/blockquote>\n<p><iframe class=\"wp-embedded-content\" sandbox=\"allow-scripts\" security=\"restricted\" style=\"position: absolute; clip: rect(1px, 1px, 1px, 1px);\" title=\"&#8220;Benef\u00edcios da m\u00fasica cl\u00e1ssica para as crian\u00e7as&#8221; &#8212; SABRA - Sociedade Art\u00edstica Brasileira\" src=\"https:\/\/www.sabra.org.br\/site\/musica-classica-criancas\/embed\/#?secret=y6RhAQINxl#?secret=V4m6zb2vrO\" data-secret=\"V4m6zb2vrO\" width=\"600\" height=\"338\" frameborder=\"0\" marginwidth=\"0\" marginheight=\"0\" scrolling=\"no\"><\/iframe><\/p>\n<hr \/>\n<h2>Se voc\u00ea gostou deste post:<\/h2>\n<p>&#8211; SIGA as nossas p\u00e1ginas nas redes sociais para acompanhar as nossas atualiza\u00e7\u00f5es: estamos no <a href=\"https:\/\/www.facebook.com\/sabrabrasil\" target=\"_blank\" rel=\"noopener\">Facebook<\/a>, no <a href=\"https:\/\/www.instagram.com\/sabrabrasil\/\" target=\"_blank\" rel=\"noopener\">Instagram<\/a>, no <a href=\"https:\/\/www.linkedin.com\/company\/25002088\" target=\"_blank\" rel=\"noopener\">LinkedIn<\/a>, no <a href=\"https:\/\/twitter.com\/ContatoSabra\" target=\"_blank\" rel=\"noopener\">Twitter<\/a> e no <a href=\"https:\/\/www.youtube.com\/channel\/UCJw-kbuEvzUNdeQf20Pa-eQ\" target=\"_blank\" rel=\"noopener\">YouTube<\/a>!<\/p>\n<p>&#8211; CONHE\u00c7A o trabalho da Sociedade Art\u00edstica Brasileira (SABRA) e todas as iniciativas culturais e sociais que ela mant\u00e9m. <a href=\"https:\/\/www.sabra.org.br\/site\/acoes\/\" target=\"_blank\" rel=\"noopener\">Acesse nosso site!<\/a><\/p>\n<p>&#8211; ENTRE EM CONTATO com a gente. E veja quais s\u00e3o as op\u00e7\u00f5es de ajuda na manuten\u00e7\u00e3o de nossas a\u00e7\u00f5es sociais e culturais. Basta acessar nossa p\u00e1gina <a href=\"https:\/\/www.sabra.org.br\/site\/doe-agora\/\" target=\"_blank\" rel=\"noopener\">Doe Agora!<\/a><\/p>\n<p>&#8211; COMPARTILHE este texto nas suas redes sociais e ajude os seus amigos a tamb\u00e9m dominarem o assunto!<\/p>\n<p>\u2013 Os projetos da @sabrabrasil s\u00e3o realizados com o patroci\u0301nio m\u00e1ster: @vallourec e @institutounimedbh, viabilizado pelo incentivo de mais de 5,2 mil m\u00e9dicos cooperados e colaboradores via Lei de Incentivo \u00e0 Cultura &#8211; @mturismo, @culturagovbr. Apoio: @prefeiturabetim[\/vc_column_text][\/vc_column][\/vc_row]<\/p>\n","protected":false},"excerpt":{"rendered":"<p>A influencia da m\u00fasica nas emo\u00e7\u00f5es dos seres humanos pode ser percebida por meio de alguns aspectos. Eles est\u00e3o presentes nas quest\u00f5es culturais e individuais. Quer saber mais? Ent\u00e3o leia o nosso artigo!<\/p>\n","protected":false},"author":39,"featured_media":6491,"comment_status":"closed","ping_status":"closed","sticky":false,"template":"","format":"standard","meta":{"jetpack_post_was_ever_published":false,"_jetpack_newsletter_access":"","_jetpack_dont_email_post_to_subs":false,"_jetpack_newsletter_tier_id":0,"_jetpack_memberships_contains_paywalled_content":false,"_jetpack_memberships_contains_paid_content":false,"footnotes":""},"categories":[1],"tags":[15,2757,3626,3623,8,3629,1285,3628,16,3519,1286,11,3622,9],"class_list":["post-6489","post","type-post","status-publish","format-standard","has-post-thumbnail","hentry","category-blog-sabra","tag-assistencia-social","tag-belo-horizonte","tag-cabo-frio","tag-campos-dos-goytacazes","tag-canto-coral","tag-contagem","tag-escola-de-musica-sabra","tag-ibirite","tag-musicalizacao-infantil","tag-nova-lima-2","tag-orquestra-infanto-juvenil-de-betim","tag-orquestra-sinfonica-de-betim","tag-raposos","tag-sociedade-artistica-brasileira"],"yoast_head":"<!-- This site is optimized with the Yoast SEO plugin v27.5 - https:\/\/yoast.com\/product\/yoast-seo-wordpress\/ -->\n<title>Emo\u00e7\u00f5es e m\u00fasica - SABRA - Sociedade Art\u00edstica Brasileira<\/title>\n<meta name=\"description\" content=\"A influencia da m\u00fasica nas emo\u00e7\u00f5es dos seres humanos pode ser percebida por meio de quest\u00f5es culturais e individuais.\" \/>\n<meta name=\"robots\" content=\"index, follow, max-snippet:-1, max-image-preview:large, max-video-preview:-1\" \/>\n<link rel=\"canonical\" href=\"https:\/\/www.sabra.org.br\/site\/emocoes-musica\/\" \/>\n<meta property=\"og:locale\" content=\"pt_BR\" \/>\n<meta property=\"og:type\" content=\"article\" \/>\n<meta property=\"og:title\" content=\"Emo\u00e7\u00f5es e m\u00fasica - SABRA - Sociedade Art\u00edstica Brasileira\" \/>\n<meta property=\"og:description\" content=\"A influencia da m\u00fasica nas emo\u00e7\u00f5es dos seres humanos pode ser percebida por meio de quest\u00f5es culturais e individuais.\" \/>\n<meta property=\"og:url\" content=\"https:\/\/www.sabra.org.br\/site\/emocoes-musica\/\" \/>\n<meta property=\"og:site_name\" content=\"SABRA - Sociedade Art\u00edstica Brasileira\" \/>\n<meta property=\"article:publisher\" content=\"https:\/\/www.facebook.com\/sabrabrasil\" \/>\n<meta property=\"article:published_time\" content=\"2022-12-16T13:03:15+00:00\" \/>\n<meta property=\"og:image\" content=\"https:\/\/i0.wp.com\/www.sabra.org.br\/site\/wp-content\/uploads\/2022\/12\/a-influencia-da-musica-nas-nossa-emocoes-20221027111319.jpg.jpg?fit=800%2C533&ssl=1\" \/>\n\t<meta property=\"og:image:width\" content=\"800\" \/>\n\t<meta property=\"og:image:height\" content=\"533\" \/>\n\t<meta property=\"og:image:type\" content=\"image\/jpeg\" \/>\n<meta name=\"author\" content=\"M\u00e1rcio Miranda Pontes\" \/>\n<meta name=\"twitter:card\" content=\"summary_large_image\" \/>\n<meta name=\"twitter:creator\" content=\"@ContatoSabra\" \/>\n<meta name=\"twitter:site\" content=\"@ContatoSabra\" \/>\n<meta name=\"twitter:label1\" content=\"Escrito por\" \/>\n\t<meta name=\"twitter:data1\" content=\"M\u00e1rcio Miranda Pontes\" \/>\n\t<meta name=\"twitter:label2\" content=\"Est. tempo de leitura\" \/>\n\t<meta name=\"twitter:data2\" content=\"4 minutos\" \/>\n<script type=\"application\/ld+json\" class=\"yoast-schema-graph\">{\"@context\":\"https:\\\/\\\/schema.org\",\"@graph\":[{\"@type\":\"Article\",\"@id\":\"https:\\\/\\\/www.sabra.org.br\\\/site\\\/emocoes-musica\\\/#article\",\"isPartOf\":{\"@id\":\"https:\\\/\\\/www.sabra.org.br\\\/site\\\/emocoes-musica\\\/\"},\"author\":{\"name\":\"M\u00e1rcio Miranda Pontes\",\"@id\":\"https:\\\/\\\/www.sabra.org.br\\\/site\\\/#\\\/schema\\\/person\\\/7d1d222c3c8891d4c37c7b41bf6315c2\"},\"headline\":\"A influ\u00eancia da m\u00fasica nas nossa emo\u00e7\u00f5es\",\"datePublished\":\"2022-12-16T13:03:15+00:00\",\"mainEntityOfPage\":{\"@id\":\"https:\\\/\\\/www.sabra.org.br\\\/site\\\/emocoes-musica\\\/\"},\"wordCount\":757,\"publisher\":{\"@id\":\"https:\\\/\\\/www.sabra.org.br\\\/site\\\/#organization\"},\"image\":{\"@id\":\"https:\\\/\\\/www.sabra.org.br\\\/site\\\/emocoes-musica\\\/#primaryimage\"},\"thumbnailUrl\":\"https:\\\/\\\/www.sabra.org.br\\\/site\\\/wp-content\\\/uploads\\\/2022\\\/12\\\/a-influencia-da-musica-nas-nossa-emocoes-20221027111319.jpg.jpg\",\"keywords\":[\"Assist\u00eancia social\",\"Belo Horizonte\",\"Cabo Frio\",\"Campos dos Goytacazes\",\"Canto Coral\",\"Contagem\",\"Escola de Musica SABRA\",\"Ibirit\u00e9\",\"Musicaliza\u00e7\u00e3o Infantil\",\"nova lima\",\"Orquestra Infanto Juvenil de Betim\",\"Orquestra Sinf\u00f4nica de Betim\",\"Raposos\",\"Sociedade Art\u00edstica Brasileira\"],\"articleSection\":[\"Blog SABRA\"],\"inLanguage\":\"pt-BR\"},{\"@type\":\"WebPage\",\"@id\":\"https:\\\/\\\/www.sabra.org.br\\\/site\\\/emocoes-musica\\\/\",\"url\":\"https:\\\/\\\/www.sabra.org.br\\\/site\\\/emocoes-musica\\\/\",\"name\":\"Emo\u00e7\u00f5es e m\u00fasica - SABRA - Sociedade Art\u00edstica Brasileira\",\"isPartOf\":{\"@id\":\"https:\\\/\\\/www.sabra.org.br\\\/site\\\/#website\"},\"primaryImageOfPage\":{\"@id\":\"https:\\\/\\\/www.sabra.org.br\\\/site\\\/emocoes-musica\\\/#primaryimage\"},\"image\":{\"@id\":\"https:\\\/\\\/www.sabra.org.br\\\/site\\\/emocoes-musica\\\/#primaryimage\"},\"thumbnailUrl\":\"https:\\\/\\\/www.sabra.org.br\\\/site\\\/wp-content\\\/uploads\\\/2022\\\/12\\\/a-influencia-da-musica-nas-nossa-emocoes-20221027111319.jpg.jpg\",\"datePublished\":\"2022-12-16T13:03:15+00:00\",\"description\":\"A influencia da m\u00fasica nas emo\u00e7\u00f5es dos seres humanos pode ser percebida por meio de quest\u00f5es culturais e individuais.\",\"breadcrumb\":{\"@id\":\"https:\\\/\\\/www.sabra.org.br\\\/site\\\/emocoes-musica\\\/#breadcrumb\"},\"inLanguage\":\"pt-BR\",\"potentialAction\":[{\"@type\":\"ReadAction\",\"target\":[\"https:\\\/\\\/www.sabra.org.br\\\/site\\\/emocoes-musica\\\/\"]}]},{\"@type\":\"ImageObject\",\"inLanguage\":\"pt-BR\",\"@id\":\"https:\\\/\\\/www.sabra.org.br\\\/site\\\/emocoes-musica\\\/#primaryimage\",\"url\":\"https:\\\/\\\/www.sabra.org.br\\\/site\\\/wp-content\\\/uploads\\\/2022\\\/12\\\/a-influencia-da-musica-nas-nossa-emocoes-20221027111319.jpg.jpg\",\"contentUrl\":\"https:\\\/\\\/www.sabra.org.br\\\/site\\\/wp-content\\\/uploads\\\/2022\\\/12\\\/a-influencia-da-musica-nas-nossa-emocoes-20221027111319.jpg.jpg\",\"width\":800,\"height\":533,\"caption\":\"Sociedade Art\u00edstica Brasileira SABRA\"},{\"@type\":\"BreadcrumbList\",\"@id\":\"https:\\\/\\\/www.sabra.org.br\\\/site\\\/emocoes-musica\\\/#breadcrumb\",\"itemListElement\":[{\"@type\":\"ListItem\",\"position\":1,\"name\":\"In\u00edcio\",\"item\":\"https:\\\/\\\/www.sabra.org.br\\\/site\\\/\"},{\"@type\":\"ListItem\",\"position\":2,\"name\":\"A influ\u00eancia da m\u00fasica nas nossa emo\u00e7\u00f5es\"}]},{\"@type\":\"WebSite\",\"@id\":\"https:\\\/\\\/www.sabra.org.br\\\/site\\\/#website\",\"url\":\"https:\\\/\\\/www.sabra.org.br\\\/site\\\/\",\"name\":\"SABRA - Sociedade Art\u00edstica Brasileira\",\"description\":\"Escola de M\u00fasica, Orquestra Sinf\u00f4nica, Coral e Patrim\u00f4nio Cultural e Hist\u00f3rico\",\"publisher\":{\"@id\":\"https:\\\/\\\/www.sabra.org.br\\\/site\\\/#organization\"},\"potentialAction\":[{\"@type\":\"SearchAction\",\"target\":{\"@type\":\"EntryPoint\",\"urlTemplate\":\"https:\\\/\\\/www.sabra.org.br\\\/site\\\/?s={search_term_string}\"},\"query-input\":{\"@type\":\"PropertyValueSpecification\",\"valueRequired\":true,\"valueName\":\"search_term_string\"}}],\"inLanguage\":\"pt-BR\"},{\"@type\":\"Organization\",\"@id\":\"https:\\\/\\\/www.sabra.org.br\\\/site\\\/#organization\",\"name\":\"SOCIEDADE ART\u00cdSTICA BRASILEIRA SABRA\",\"alternateName\":\"SABRA\",\"url\":\"https:\\\/\\\/www.sabra.org.br\\\/site\\\/\",\"logo\":{\"@type\":\"ImageObject\",\"inLanguage\":\"pt-BR\",\"@id\":\"https:\\\/\\\/www.sabra.org.br\\\/site\\\/#\\\/schema\\\/logo\\\/image\\\/\",\"url\":\"https:\\\/\\\/www.sabra.org.br\\\/site\\\/wp-content\\\/uploads\\\/2019\\\/06\\\/cropped-Logo_SABRA-Copia-1.webp\",\"contentUrl\":\"https:\\\/\\\/www.sabra.org.br\\\/site\\\/wp-content\\\/uploads\\\/2019\\\/06\\\/cropped-Logo_SABRA-Copia-1.webp\",\"width\":400,\"height\":128,\"caption\":\"SOCIEDADE ART\u00cdSTICA BRASILEIRA SABRA\"},\"image\":{\"@id\":\"https:\\\/\\\/www.sabra.org.br\\\/site\\\/#\\\/schema\\\/logo\\\/image\\\/\"},\"sameAs\":[\"https:\\\/\\\/www.facebook.com\\\/sabrabrasil\",\"https:\\\/\\\/x.com\\\/ContatoSabra\",\"https:\\\/\\\/www.instagram.com\\\/sabrabrasil\\\/\",\"https:\\\/\\\/www.linkedin.com\\\/company\\\/25002088\\\/\",\"https:\\\/\\\/br.pinterest.com\\\/sociedadeartisticabrasileira\\\/\",\"https:\\\/\\\/www.youtube.com\\\/c\\\/sabrabrasil\"]},{\"@type\":\"Person\",\"@id\":\"https:\\\/\\\/www.sabra.org.br\\\/site\\\/#\\\/schema\\\/person\\\/7d1d222c3c8891d4c37c7b41bf6315c2\",\"name\":\"M\u00e1rcio Miranda Pontes\",\"image\":{\"@type\":\"ImageObject\",\"inLanguage\":\"pt-BR\",\"@id\":\"https:\\\/\\\/secure.gravatar.com\\\/avatar\\\/3b45f24496a7625a3a6c436688fbe20344faaeb2979658dc4a9921f984d7df9a?s=96&d=mm&r=g\",\"url\":\"https:\\\/\\\/secure.gravatar.com\\\/avatar\\\/3b45f24496a7625a3a6c436688fbe20344faaeb2979658dc4a9921f984d7df9a?s=96&d=mm&r=g\",\"contentUrl\":\"https:\\\/\\\/secure.gravatar.com\\\/avatar\\\/3b45f24496a7625a3a6c436688fbe20344faaeb2979658dc4a9921f984d7df9a?s=96&d=mm&r=g\",\"caption\":\"M\u00e1rcio Miranda Pontes\"},\"sameAs\":[\"http:\\\/\\\/www.sabra.org.br\"],\"url\":\"https:\\\/\\\/www.sabra.org.br\\\/site\\\/author\\\/marcio-miranda-pontes\\\/\"}]}<\/script>\n<!-- \/ Yoast SEO plugin. -->","yoast_head_json":{"title":"Emo\u00e7\u00f5es e m\u00fasica - SABRA - Sociedade Art\u00edstica Brasileira","description":"A influencia da m\u00fasica nas emo\u00e7\u00f5es dos seres humanos pode ser percebida por meio de quest\u00f5es culturais e individuais.","robots":{"index":"index","follow":"follow","max-snippet":"max-snippet:-1","max-image-preview":"max-image-preview:large","max-video-preview":"max-video-preview:-1"},"canonical":"https:\/\/www.sabra.org.br\/site\/emocoes-musica\/","og_locale":"pt_BR","og_type":"article","og_title":"Emo\u00e7\u00f5es e m\u00fasica - SABRA - Sociedade Art\u00edstica Brasileira","og_description":"A influencia da m\u00fasica nas emo\u00e7\u00f5es dos seres humanos pode ser percebida por meio de quest\u00f5es culturais e individuais.","og_url":"https:\/\/www.sabra.org.br\/site\/emocoes-musica\/","og_site_name":"SABRA - Sociedade Art\u00edstica Brasileira","article_publisher":"https:\/\/www.facebook.com\/sabrabrasil","article_published_time":"2022-12-16T13:03:15+00:00","og_image":[{"width":800,"height":533,"url":"https:\/\/i0.wp.com\/www.sabra.org.br\/site\/wp-content\/uploads\/2022\/12\/a-influencia-da-musica-nas-nossa-emocoes-20221027111319.jpg.jpg?fit=800%2C533&ssl=1","type":"image\/jpeg"}],"author":"M\u00e1rcio Miranda Pontes","twitter_card":"summary_large_image","twitter_creator":"@ContatoSabra","twitter_site":"@ContatoSabra","twitter_misc":{"Escrito por":"M\u00e1rcio Miranda Pontes","Est. tempo de leitura":"4 minutos"},"schema":{"@context":"https:\/\/schema.org","@graph":[{"@type":"Article","@id":"https:\/\/www.sabra.org.br\/site\/emocoes-musica\/#article","isPartOf":{"@id":"https:\/\/www.sabra.org.br\/site\/emocoes-musica\/"},"author":{"name":"M\u00e1rcio Miranda Pontes","@id":"https:\/\/www.sabra.org.br\/site\/#\/schema\/person\/7d1d222c3c8891d4c37c7b41bf6315c2"},"headline":"A influ\u00eancia da m\u00fasica nas nossa emo\u00e7\u00f5es","datePublished":"2022-12-16T13:03:15+00:00","mainEntityOfPage":{"@id":"https:\/\/www.sabra.org.br\/site\/emocoes-musica\/"},"wordCount":757,"publisher":{"@id":"https:\/\/www.sabra.org.br\/site\/#organization"},"image":{"@id":"https:\/\/www.sabra.org.br\/site\/emocoes-musica\/#primaryimage"},"thumbnailUrl":"https:\/\/www.sabra.org.br\/site\/wp-content\/uploads\/2022\/12\/a-influencia-da-musica-nas-nossa-emocoes-20221027111319.jpg.jpg","keywords":["Assist\u00eancia social","Belo Horizonte","Cabo Frio","Campos dos Goytacazes","Canto Coral","Contagem","Escola de Musica SABRA","Ibirit\u00e9","Musicaliza\u00e7\u00e3o Infantil","nova lima","Orquestra Infanto Juvenil de Betim","Orquestra Sinf\u00f4nica de Betim","Raposos","Sociedade Art\u00edstica Brasileira"],"articleSection":["Blog SABRA"],"inLanguage":"pt-BR"},{"@type":"WebPage","@id":"https:\/\/www.sabra.org.br\/site\/emocoes-musica\/","url":"https:\/\/www.sabra.org.br\/site\/emocoes-musica\/","name":"Emo\u00e7\u00f5es e m\u00fasica - SABRA - Sociedade Art\u00edstica Brasileira","isPartOf":{"@id":"https:\/\/www.sabra.org.br\/site\/#website"},"primaryImageOfPage":{"@id":"https:\/\/www.sabra.org.br\/site\/emocoes-musica\/#primaryimage"},"image":{"@id":"https:\/\/www.sabra.org.br\/site\/emocoes-musica\/#primaryimage"},"thumbnailUrl":"https:\/\/www.sabra.org.br\/site\/wp-content\/uploads\/2022\/12\/a-influencia-da-musica-nas-nossa-emocoes-20221027111319.jpg.jpg","datePublished":"2022-12-16T13:03:15+00:00","description":"A influencia da m\u00fasica nas emo\u00e7\u00f5es dos seres humanos pode ser percebida por meio de quest\u00f5es culturais e individuais.","breadcrumb":{"@id":"https:\/\/www.sabra.org.br\/site\/emocoes-musica\/#breadcrumb"},"inLanguage":"pt-BR","potentialAction":[{"@type":"ReadAction","target":["https:\/\/www.sabra.org.br\/site\/emocoes-musica\/"]}]},{"@type":"ImageObject","inLanguage":"pt-BR","@id":"https:\/\/www.sabra.org.br\/site\/emocoes-musica\/#primaryimage","url":"https:\/\/www.sabra.org.br\/site\/wp-content\/uploads\/2022\/12\/a-influencia-da-musica-nas-nossa-emocoes-20221027111319.jpg.jpg","contentUrl":"https:\/\/www.sabra.org.br\/site\/wp-content\/uploads\/2022\/12\/a-influencia-da-musica-nas-nossa-emocoes-20221027111319.jpg.jpg","width":800,"height":533,"caption":"Sociedade Art\u00edstica Brasileira SABRA"},{"@type":"BreadcrumbList","@id":"https:\/\/www.sabra.org.br\/site\/emocoes-musica\/#breadcrumb","itemListElement":[{"@type":"ListItem","position":1,"name":"In\u00edcio","item":"https:\/\/www.sabra.org.br\/site\/"},{"@type":"ListItem","position":2,"name":"A influ\u00eancia da m\u00fasica nas nossa emo\u00e7\u00f5es"}]},{"@type":"WebSite","@id":"https:\/\/www.sabra.org.br\/site\/#website","url":"https:\/\/www.sabra.org.br\/site\/","name":"SABRA - Sociedade Art\u00edstica Brasileira","description":"Escola de M\u00fasica, Orquestra Sinf\u00f4nica, Coral e Patrim\u00f4nio Cultural e Hist\u00f3rico","publisher":{"@id":"https:\/\/www.sabra.org.br\/site\/#organization"},"potentialAction":[{"@type":"SearchAction","target":{"@type":"EntryPoint","urlTemplate":"https:\/\/www.sabra.org.br\/site\/?s={search_term_string}"},"query-input":{"@type":"PropertyValueSpecification","valueRequired":true,"valueName":"search_term_string"}}],"inLanguage":"pt-BR"},{"@type":"Organization","@id":"https:\/\/www.sabra.org.br\/site\/#organization","name":"SOCIEDADE ART\u00cdSTICA BRASILEIRA SABRA","alternateName":"SABRA","url":"https:\/\/www.sabra.org.br\/site\/","logo":{"@type":"ImageObject","inLanguage":"pt-BR","@id":"https:\/\/www.sabra.org.br\/site\/#\/schema\/logo\/image\/","url":"https:\/\/www.sabra.org.br\/site\/wp-content\/uploads\/2019\/06\/cropped-Logo_SABRA-Copia-1.webp","contentUrl":"https:\/\/www.sabra.org.br\/site\/wp-content\/uploads\/2019\/06\/cropped-Logo_SABRA-Copia-1.webp","width":400,"height":128,"caption":"SOCIEDADE ART\u00cdSTICA BRASILEIRA SABRA"},"image":{"@id":"https:\/\/www.sabra.org.br\/site\/#\/schema\/logo\/image\/"},"sameAs":["https:\/\/www.facebook.com\/sabrabrasil","https:\/\/x.com\/ContatoSabra","https:\/\/www.instagram.com\/sabrabrasil\/","https:\/\/www.linkedin.com\/company\/25002088\/","https:\/\/br.pinterest.com\/sociedadeartisticabrasileira\/","https:\/\/www.youtube.com\/c\/sabrabrasil"]},{"@type":"Person","@id":"https:\/\/www.sabra.org.br\/site\/#\/schema\/person\/7d1d222c3c8891d4c37c7b41bf6315c2","name":"M\u00e1rcio Miranda Pontes","image":{"@type":"ImageObject","inLanguage":"pt-BR","@id":"https:\/\/secure.gravatar.com\/avatar\/3b45f24496a7625a3a6c436688fbe20344faaeb2979658dc4a9921f984d7df9a?s=96&d=mm&r=g","url":"https:\/\/secure.gravatar.com\/avatar\/3b45f24496a7625a3a6c436688fbe20344faaeb2979658dc4a9921f984d7df9a?s=96&d=mm&r=g","contentUrl":"https:\/\/secure.gravatar.com\/avatar\/3b45f24496a7625a3a6c436688fbe20344faaeb2979658dc4a9921f984d7df9a?s=96&d=mm&r=g","caption":"M\u00e1rcio Miranda Pontes"},"sameAs":["http:\/\/www.sabra.org.br"],"url":"https:\/\/www.sabra.org.br\/site\/author\/marcio-miranda-pontes\/"}]}},"jetpack_featured_media_url":"https:\/\/www.sabra.org.br\/site\/wp-content\/uploads\/2022\/12\/a-influencia-da-musica-nas-nossa-emocoes-20221027111319.jpg.jpg","jetpack_shortlink":"https:\/\/wp.me\/p95j2Z-1GF","jetpack-related-posts":[{"id":9327,"url":"https:\/\/www.sabra.org.br\/site\/psicologia-evolutiva\/","url_meta":{"origin":6489,"position":0},"title":"Psicologia evolutiva e m\u00fasica: uma conex\u00e3o ancestral.","author":"M\u00e1rcio Miranda Pontes","date":"17 de abril de 2024","format":false,"excerpt":"Descubra as origens ancestrais da m\u00fasica, explore como ela moldou nossa evolu\u00e7\u00e3o como esp\u00e9cie e desvende os segredos por tr\u00e1s da capacidade \u00fanica da m\u00fasica de nos conectar uns aos outros.","rel":"","context":"Em &quot;Blog SABRA&quot;","block_context":{"text":"Blog SABRA","link":"https:\/\/www.sabra.org.br\/site\/category\/blog-sabra\/"},"img":{"alt_text":"sabra-m\u00fasica-evolutiva-humana-emo\u00e7\u00f5es-psicologia","src":"https:\/\/i0.wp.com\/www.sabra.org.br\/site\/wp-content\/uploads\/2024\/04\/entendendo-um-pouco-mais-sobre-a-conexao-entre-a-musica-e-psicologia-evolutiva-20240229111914.jpg-jpg.webp?resize=350%2C200&ssl=1","width":350,"height":200,"srcset":"https:\/\/i0.wp.com\/www.sabra.org.br\/site\/wp-content\/uploads\/2024\/04\/entendendo-um-pouco-mais-sobre-a-conexao-entre-a-musica-e-psicologia-evolutiva-20240229111914.jpg-jpg.webp?resize=350%2C200&ssl=1 1x, https:\/\/i0.wp.com\/www.sabra.org.br\/site\/wp-content\/uploads\/2024\/04\/entendendo-um-pouco-mais-sobre-a-conexao-entre-a-musica-e-psicologia-evolutiva-20240229111914.jpg-jpg.webp?resize=525%2C300&ssl=1 1.5x, https:\/\/i0.wp.com\/www.sabra.org.br\/site\/wp-content\/uploads\/2024\/04\/entendendo-um-pouco-mais-sobre-a-conexao-entre-a-musica-e-psicologia-evolutiva-20240229111914.jpg-jpg.webp?resize=700%2C400&ssl=1 2x"},"classes":[]},{"id":9492,"url":"https:\/\/www.sabra.org.br\/site\/trilha-sonora\/","url_meta":{"origin":6489,"position":1},"title":"Trilha sonora: a import\u00e2ncia da m\u00fasica no cinema","author":"M\u00e1rcio Miranda Pontes","date":"30 de abril de 2024","format":false,"excerpt":"Prepare-se para uma imers\u00e3o cinematogr\u00e1fica como nunca antes! Em nosso texto exclusivo, exploramos o fascinante mundo da trilha sonora no cinema e sua influ\u00eancia profunda na experi\u00eancia do espectador.","rel":"","context":"Em &quot;Blog SABRA&quot;","block_context":{"text":"Blog SABRA","link":"https:\/\/www.sabra.org.br\/site\/category\/blog-sabra\/"},"img":{"alt_text":"sabra-m\u00fasica-filmes-sonora-trilha-elementos-emo\u00e7\u00f5es-espectador-narrativo-acompanha-experi\u00eancia","src":"https:\/\/i0.wp.com\/www.sabra.org.br\/site\/wp-content\/uploads\/2024\/04\/trilha-sonora-a-importancia-da-musica-no-cinemajpg-20240229111914.jpg-jpg.webp?resize=350%2C200&ssl=1","width":350,"height":200,"srcset":"https:\/\/i0.wp.com\/www.sabra.org.br\/site\/wp-content\/uploads\/2024\/04\/trilha-sonora-a-importancia-da-musica-no-cinemajpg-20240229111914.jpg-jpg.webp?resize=350%2C200&ssl=1 1x, https:\/\/i0.wp.com\/www.sabra.org.br\/site\/wp-content\/uploads\/2024\/04\/trilha-sonora-a-importancia-da-musica-no-cinemajpg-20240229111914.jpg-jpg.webp?resize=525%2C300&ssl=1 1.5x, https:\/\/i0.wp.com\/www.sabra.org.br\/site\/wp-content\/uploads\/2024\/04\/trilha-sonora-a-importancia-da-musica-no-cinemajpg-20240229111914.jpg-jpg.webp?resize=700%2C400&ssl=1 2x"},"classes":[]},{"id":9675,"url":"https:\/\/www.sabra.org.br\/site\/transmitir-emocao\/","url_meta":{"origin":6489,"position":2},"title":"Emo\u00e7\u00e3o: como transmitir atrav\u00e9s da m\u00fasica?","author":"M\u00e1rcio Miranda Pontes","date":"5 de junho de 2024","format":false,"excerpt":"Desvende o segredo de transmitir emo\u00e7\u00e3o atrav\u00e9s da m\u00fasica! Explore t\u00e9cnicas poderosas para express\u00e3o musical genu\u00edna. Encontre inspira\u00e7\u00e3o e aprofunde sua conex\u00e3o com seu p\u00fablico. Leia agora a mat\u00e9ria completa!","rel":"","context":"Em &quot;Blog SABRA&quot;","block_context":{"text":"Blog SABRA","link":"https:\/\/www.sabra.org.br\/site\/category\/blog-sabra\/"},"img":{"alt_text":"sabra-m\u00fasica-emo\u00e7\u00e3o-t\u00e9cnicas-transmitir-emo\u00e7\u00f5es-interpretada-criativa-dominando-encontrando-explorar-express\u00e3o-pessoal-pr\u00f3prias","src":"https:\/\/i0.wp.com\/www.sabra.org.br\/site\/wp-content\/uploads\/2024\/06\/saiba-como-transmitir-emocao-atraves-da-musicajpg-20240411091445.jpg-jpg.webp?resize=350%2C200&ssl=1","width":350,"height":200,"srcset":"https:\/\/i0.wp.com\/www.sabra.org.br\/site\/wp-content\/uploads\/2024\/06\/saiba-como-transmitir-emocao-atraves-da-musicajpg-20240411091445.jpg-jpg.webp?resize=350%2C200&ssl=1 1x, https:\/\/i0.wp.com\/www.sabra.org.br\/site\/wp-content\/uploads\/2024\/06\/saiba-como-transmitir-emocao-atraves-da-musicajpg-20240411091445.jpg-jpg.webp?resize=525%2C300&ssl=1 1.5x, https:\/\/i0.wp.com\/www.sabra.org.br\/site\/wp-content\/uploads\/2024\/06\/saiba-como-transmitir-emocao-atraves-da-musicajpg-20240411091445.jpg-jpg.webp?resize=700%2C400&ssl=1 2x"},"classes":[]},{"id":9284,"url":"https:\/\/www.sabra.org.br\/site\/memoria-musica\/","url_meta":{"origin":6489,"position":3},"title":"Entenda mais sobre a influ\u00eancia da m\u00fasica na recupera\u00e7\u00e3o de mem\u00f3rias","author":"M\u00e1rcio Miranda Pontes","date":"11 de abril de 2024","format":false,"excerpt":"Explore conosco o papel da m\u00fasica na recupera\u00e7\u00e3o de mem\u00f3rias, descubra os efeitos neurobiol\u00f3gicos envolvidos e aprenda sobre as aplica\u00e7\u00f5es pr\u00e1ticas e terap\u00eauticas dessa poderosa conex\u00e3o.","rel":"","context":"Em &quot;Blog SABRA&quot;","block_context":{"text":"Blog SABRA","link":"https:\/\/www.sabra.org.br\/site\/category\/blog-sabra\/"},"img":{"alt_text":"sabra-m\u00fasica-mem\u00f3ria-recurpera\u00e7\u00e3o-momentos","src":"https:\/\/i0.wp.com\/www.sabra.org.br\/site\/wp-content\/uploads\/2024\/04\/entenda-mais-sobre-a-influencia-da-musica-na-recuperacao-de-memoriasjpg-20240229111914.jpg-jpg.webp?resize=350%2C200&ssl=1","width":350,"height":200,"srcset":"https:\/\/i0.wp.com\/www.sabra.org.br\/site\/wp-content\/uploads\/2024\/04\/entenda-mais-sobre-a-influencia-da-musica-na-recuperacao-de-memoriasjpg-20240229111914.jpg-jpg.webp?resize=350%2C200&ssl=1 1x, https:\/\/i0.wp.com\/www.sabra.org.br\/site\/wp-content\/uploads\/2024\/04\/entenda-mais-sobre-a-influencia-da-musica-na-recuperacao-de-memoriasjpg-20240229111914.jpg-jpg.webp?resize=525%2C300&ssl=1 1.5x, https:\/\/i0.wp.com\/www.sabra.org.br\/site\/wp-content\/uploads\/2024\/04\/entenda-mais-sobre-a-influencia-da-musica-na-recuperacao-de-memoriasjpg-20240229111914.jpg-jpg.webp?resize=700%2C400&ssl=1 2x"},"classes":[]},{"id":2362,"url":"https:\/\/www.sabra.org.br\/site\/universo-da-musica-classica\/","url_meta":{"origin":6489,"position":4},"title":"Universo da m\u00fasica cl\u00e1ssica","author":"M\u00e1rcio Miranda Pontes","date":"2 de outubro de 2019","format":false,"excerpt":"A m\u00fasica cl\u00e1ssica encanta, apaixona e emociona. Diversos estudos comprovam seu poder de cura, sua influ\u00eancia nas emo\u00e7\u00f5es e no humor e at\u00e9 mesmo sua influ\u00eancia positiva na hora de estudar. Entretanto, existem diversas informa\u00e7\u00f5es interessantes sobre o mundo cl\u00e1ssico que nem todo mundo sabe. Confira 8 curiosidades sobre o\u2026","rel":"","context":"Em &quot;Blog SABRA&quot;","block_context":{"text":"Blog SABRA","link":"https:\/\/www.sabra.org.br\/site\/category\/blog-sabra\/"},"img":{"alt_text":"universo-musica-classica","src":"https:\/\/i0.wp.com\/www.sabra.org.br\/site\/wp-content\/uploads\/2016\/07\/754A1425peq.jpg?resize=350%2C200&ssl=1","width":350,"height":200,"srcset":"https:\/\/i0.wp.com\/www.sabra.org.br\/site\/wp-content\/uploads\/2016\/07\/754A1425peq.jpg?resize=350%2C200&ssl=1 1x, https:\/\/i0.wp.com\/www.sabra.org.br\/site\/wp-content\/uploads\/2016\/07\/754A1425peq.jpg?resize=525%2C300&ssl=1 1.5x"},"classes":[]},{"id":9211,"url":"https:\/\/www.sabra.org.br\/site\/jovens-e-musica\/","url_meta":{"origin":6489,"position":5},"title":"Jovens e a Influ\u00eancia Transformadora da M\u00fasica","author":"M\u00e1rcio Miranda Pontes","date":"2 de abril de 2024","format":false,"excerpt":"Explore como a m\u00fasica tem o poder de estabelecer trocas, experimentar, se relacionar e produzir identidades culturais entre os jovens.","rel":"","context":"Em &quot;Blog SABRA&quot;","block_context":{"text":"Blog SABRA","link":"https:\/\/www.sabra.org.br\/site\/category\/blog-sabra\/"},"img":{"alt_text":"sabra-m\u00fasica-jovens-culturais-exploraremos-cultural-diferentes-experimentar-identidade-mundo","src":"https:\/\/i0.wp.com\/www.sabra.org.br\/site\/wp-content\/uploads\/2024\/04\/a-influencia-da-musica-na-formacao-da-identidade-cultural-dos-jovensjpg-20240130121258.jpg-jpg.webp?resize=350%2C200&ssl=1","width":350,"height":200,"srcset":"https:\/\/i0.wp.com\/www.sabra.org.br\/site\/wp-content\/uploads\/2024\/04\/a-influencia-da-musica-na-formacao-da-identidade-cultural-dos-jovensjpg-20240130121258.jpg-jpg.webp?resize=350%2C200&ssl=1 1x, https:\/\/i0.wp.com\/www.sabra.org.br\/site\/wp-content\/uploads\/2024\/04\/a-influencia-da-musica-na-formacao-da-identidade-cultural-dos-jovensjpg-20240130121258.jpg-jpg.webp?resize=525%2C300&ssl=1 1.5x, https:\/\/i0.wp.com\/www.sabra.org.br\/site\/wp-content\/uploads\/2024\/04\/a-influencia-da-musica-na-formacao-da-identidade-cultural-dos-jovensjpg-20240130121258.jpg-jpg.webp?resize=700%2C400&ssl=1 2x"},"classes":[]}],"jetpack_likes_enabled":true,"jetpack_sharing_enabled":true,"_links":{"self":[{"href":"https:\/\/www.sabra.org.br\/site\/wp-json\/wp\/v2\/posts\/6489","targetHints":{"allow":["GET"]}}],"collection":[{"href":"https:\/\/www.sabra.org.br\/site\/wp-json\/wp\/v2\/posts"}],"about":[{"href":"https:\/\/www.sabra.org.br\/site\/wp-json\/wp\/v2\/types\/post"}],"author":[{"embeddable":true,"href":"https:\/\/www.sabra.org.br\/site\/wp-json\/wp\/v2\/users\/39"}],"replies":[{"embeddable":true,"href":"https:\/\/www.sabra.org.br\/site\/wp-json\/wp\/v2\/comments?post=6489"}],"version-history":[{"count":0,"href":"https:\/\/www.sabra.org.br\/site\/wp-json\/wp\/v2\/posts\/6489\/revisions"}],"wp:featuredmedia":[{"embeddable":true,"href":"https:\/\/www.sabra.org.br\/site\/wp-json\/wp\/v2\/media\/6491"}],"wp:attachment":[{"href":"https:\/\/www.sabra.org.br\/site\/wp-json\/wp\/v2\/media?parent=6489"}],"wp:term":[{"taxonomy":"category","embeddable":true,"href":"https:\/\/www.sabra.org.br\/site\/wp-json\/wp\/v2\/categories?post=6489"},{"taxonomy":"post_tag","embeddable":true,"href":"https:\/\/www.sabra.org.br\/site\/wp-json\/wp\/v2\/tags?post=6489"}],"curies":[{"name":"wp","href":"https:\/\/api.w.org\/{rel}","templated":true}]}}