{"id":6867,"date":"2023-04-04T07:39:39","date_gmt":"2023-04-04T10:39:39","guid":{"rendered":"https:\/\/www.sabra.org.br\/site\/?p=6867"},"modified":"2023-04-04T07:39:39","modified_gmt":"2023-04-04T10:39:39","slug":"violao","status":"publish","type":"post","link":"https:\/\/www.sabra.org.br\/site\/violao\/","title":{"rendered":"Viol\u00e3o cl\u00e1ssico X Viol\u00e3o popular: conhe\u00e7a as principais diferen\u00e7as entre eles"},"content":{"rendered":"<p>Tocar um instrumento musical pode ter v\u00e1rios significados para as pessoas em diferentes contextos da vida em sociedade.<\/p>\n<p>Seja por profiss\u00e3o, por lazer ou qualquer outra inten\u00e7\u00e3o, \u00e9 uma a\u00e7\u00e3o que pode trazer in\u00fameros benef\u00edcios, tanto para quem toca, como para quem ouve. Sensa\u00e7\u00e3o de bem-estar e prazer s\u00e3o alguns deles, al\u00e9m da melhora do humor, o racioc\u00ednio e a mem\u00f3ria.<\/p>\n<p>Nesse contexto, o viol\u00e3o \u00e9 um dos instrumentos mais tocados mundialmente e \u00e9 um fator essencial em ocasi\u00f5es em intera\u00e7\u00f5es e rela\u00e7\u00f5es sociais. Sua origem tem deriva\u00e7\u00e3o incertas com ind\u00edcios nos mais diferentes povos. No entanto, o come\u00e7o de sua hist\u00f3ria acontece a cerca de 2.000 anos a.C.<\/p>\n<p>Ao longo dos anos, o instrumento passou por v\u00e1rias modifica\u00e7\u00f5es. E o que vamos conhecer hoje s\u00e3o as principais caracter\u00edsticas e diferen\u00e7as a respeito do viol\u00e3o cl\u00e1ssico e popular.<\/p>\n<h2>Viol\u00e3o Popular<\/h2>\n<p>Caracterizado pelo foco no ritmo e os acordes da m\u00fasica, o viol\u00e3o cl\u00e1ssico se conceitua por acompanhar a harmonia cifrada das m\u00fasicas populares, tais como bossa nova, mpb, blues, samba, entre outros.<\/p>\n<p>Para tocar um viol\u00e3o cl\u00e1ssico, \u00e9 preciso adquirir muita t\u00e9cnica na execu\u00e7\u00e3o e composi\u00e7\u00e3o das can\u00e7\u00f5es.<\/p>\n<p>Quando se fala em viol\u00e3o popular, de modo geral, as aten\u00e7\u00f5es se voltam para a harmonia, improvisa\u00e7\u00e3o e ritmo mais populares. Para isso, \u00e9 preciso compreender as batidas de tais m\u00fasicas.<\/p>\n<p>Ademais, normalmente as composi\u00e7\u00f5es com o viol\u00e3o cl\u00e1ssico s\u00e3o acompanhadas pela atua\u00e7\u00e3o de outros instrumentos ou alguma voz.<\/p>\n<h2>Viol\u00e3o Cl\u00e1ssico<\/h2>\n<p>J\u00e1 o viol\u00e3o cl\u00e1ssico, que tamb\u00e9m \u00e9 conhecido como viol\u00e3o erudito, \u00e9 mais destinado \u00e0s m\u00fasicas instrumentais e se caracteriza pela aus\u00eancia da voz humana ou outro instrumento em conjunto nas can\u00e7\u00f5es.<\/p>\n<p>O foco deste instrumento \u00e9 o desenvolvimento mais preciso na divis\u00e3o dos ritmos e na leitura musical, sendo as m\u00fasicas sendo em partituras.<\/p>\n<p>Al\u00e9m de conhecer as partituras, os violinistas que tocam viol\u00e3o cl\u00e1ssico, precisam dominar as t\u00e9cnicas de solo e dedilhado, para colocar em pr\u00e1tica as m\u00fasicas cl\u00e1ssicas.<\/p>\n<p>Trata-se de uma maneira de colocar em pr\u00e1tica a harmonia e a melodia de forma clara, de acordo com as principais caracter\u00edsticas e finalidade deste tipo de m\u00fasica e instrumento.<\/p>\n<h2>Os benef\u00edcios do contato com artes musicais<\/h2>\n<p>Conhecer e estar perto de qualquer tipo de arte \u00e9 um fator de extrema import\u00e2ncia para o bem-estar e qualidade de vida. Considerando que a m\u00fasica est\u00e1 presente de modo muito ativo em nosso dia a dia, \u00e9 preciso valoriz\u00e1-la. E nessa quest\u00e3o, a <a href=\"\/\/www.sabra.org.br\/\u201d\"> Sociedade Art\u00edstica Brasileira <\/a> \u00e9 refer\u00eancia.<\/p>\n<p>A institui\u00e7\u00e3o \u00e9 respons\u00e1vel pelo desenvolvimento de in\u00fameros projetos que visam a socializa\u00e7\u00e3o, inclus\u00e3o e integra\u00e7\u00e3o de crian\u00e7as e jovens de comunidades carentes das regi\u00f5es de Belo Horizonte e Minas Gerais.<\/p>\n<p>As a\u00e7\u00f5es giram em torno da m\u00fasica e as melhorias que elas podem trazer para a vida das pessoas. Orquestras e corais est\u00e3o entre as atividades realizadas.<\/p>\n<p>No site da institui\u00e7\u00e3o, voc\u00ea tamb\u00e9m pode ter contato com conte\u00fados relacionados e curiosidades sobre esta arte, como a mat\u00e9ria <a href=\"\u201c\"> Por que a m\u00fasica provoca arrepios? <\/a>. Quer conhecer mais sobre a Sabra? Entre em contato.<\/p>\n<hr \/>\n<h2>Se voc\u00ea gostou deste post:<\/h2>\n<p>&#8211; SIGA as nossas p\u00e1ginas nas redes sociais para acompanhar as nossas atualiza\u00e7\u00f5es: estamos no <a href=\"https:\/\/www.facebook.com\/sabrabrasil\" target=\"_blank\" rel=\"noopener\">Facebook<\/a>, no <a href=\"https:\/\/www.instagram.com\/sabrabrasil\/\" target=\"_blank\" rel=\"noopener\">Instagram<\/a>, no <a href=\"https:\/\/www.linkedin.com\/company\/25002088\" target=\"_blank\" rel=\"noopener\">LinkedIn<\/a>, no <a href=\"https:\/\/twitter.com\/ContatoSabra\" target=\"_blank\" rel=\"noopener\">Twitter<\/a> e no <a href=\"https:\/\/www.youtube.com\/channel\/UCJw-kbuEvzUNdeQf20Pa-eQ\" target=\"_blank\" rel=\"noopener\">YouTube<\/a>!<\/p>\n<p>&#8211; CONHE\u00c7A o trabalho da Sociedade Art\u00edstica Brasileira (SABRA) e todas as iniciativas culturais e sociais que ela mant\u00e9m. <a href=\"https:\/\/www.sabra.org.br\/site\/acoes\/\" target=\"_blank\" rel=\"noopener\">Acesse nosso site!<\/a><\/p>\n<p>&#8211; ENTRE EM CONTATO com a gente. E veja quais s\u00e3o as op\u00e7\u00f5es de ajuda na manuten\u00e7\u00e3o de nossas a\u00e7\u00f5es sociais e culturais. Basta acessar nossa p\u00e1gina <a href=\"https:\/\/www.sabra.org.br\/site\/doe-agora\/\" target=\"_blank\" rel=\"noopener\">Doe Agora!<\/a><\/p>\n<p>&#8211; COMPARTILHE este texto nas suas redes sociais e ajude os seus amigos a tamb\u00e9m dominarem o assunto!<\/p>\n<p>\u2013 Os projetos da @sabrabrasil s\u00e3o realizados com o patroci\u0301nio m\u00e1ster: @institutounimedbh, viabilizado pelo incentivo de mais de 5,2 mil m\u00e9dicos cooperados e colaboradores via Lei de Incentivo \u00e0 Cultura &#8211; @culturagovbr<\/p>\n<blockquote class=\"wp-embedded-content\" data-secret=\"afEHCA87f0\"><p><a href=\"https:\/\/www.sabra.org.br\/site\/violao-violino-e-violoncelo\/\">Viol\u00e3o, violino e violoncelo<\/a><\/p><\/blockquote>\n<p><iframe class=\"wp-embedded-content\" sandbox=\"allow-scripts\" security=\"restricted\" style=\"position: absolute; clip: rect(1px, 1px, 1px, 1px);\" title=\"&#8220;Viol\u00e3o, violino e violoncelo&#8221; &#8212; SABRA - Sociedade Art\u00edstica Brasileira\" src=\"https:\/\/www.sabra.org.br\/site\/violao-violino-e-violoncelo\/embed\/#?secret=aiYDKrEaox#?secret=afEHCA87f0\" data-secret=\"afEHCA87f0\" width=\"600\" height=\"338\" frameborder=\"0\" marginwidth=\"0\" marginheight=\"0\" scrolling=\"no\"><\/iframe><\/p>\n","protected":false},"excerpt":{"rendered":"<p>Em uma roda de conversa, uma festa, uma reuni\u00e3o familiar ou com amigos, num show ou em qualquer outra situa\u00e7\u00e3o, as m\u00fasicas tocadas com viol\u00e3o podem estar presentes. Mas voc\u00ea sabe que h\u00e1 diferentes tipos de viol\u00e3o? Conhe\u00e7a mais sobre o popular e o cl\u00e1ssico.<\/p>\n","protected":false},"author":39,"featured_media":6869,"comment_status":"closed","ping_status":"closed","sticky":false,"template":"","format":"standard","meta":{"jetpack_post_was_ever_published":false,"_jetpack_newsletter_access":"","_jetpack_dont_email_post_to_subs":false,"_jetpack_newsletter_tier_id":0,"_jetpack_memberships_contains_paywalled_content":false,"_jetpack_memberships_contains_paid_content":false,"footnotes":""},"categories":[1],"tags":[15,2757,3626,3623,8,3629,1285,3628,16,3519,1286,11,3622,9],"class_list":["post-6867","post","type-post","status-publish","format-standard","has-post-thumbnail","hentry","category-blog-sabra","tag-assistencia-social","tag-belo-horizonte","tag-cabo-frio","tag-campos-dos-goytacazes","tag-canto-coral","tag-contagem","tag-escola-de-musica-sabra","tag-ibirite","tag-musicalizacao-infantil","tag-nova-lima-2","tag-orquestra-infanto-juvenil-de-betim","tag-orquestra-sinfonica-de-betim","tag-raposos","tag-sociedade-artistica-brasileira"],"yoast_head":"<!-- This site is optimized with the Yoast SEO plugin v27.5 - https:\/\/yoast.com\/product\/yoast-seo-wordpress\/ -->\n<title>Viol\u00e3o cl\u00e1ssico x viol\u00e3o popular<\/title>\n<meta name=\"description\" content=\"Voc\u00ea sabe que h\u00e1 diferentes tipos de viol\u00e3o? Em uma festa, num show ou em qualquer outra situa\u00e7\u00e3o, o viol\u00e3o pode estar presente.\" \/>\n<meta name=\"robots\" content=\"index, follow, max-snippet:-1, max-image-preview:large, max-video-preview:-1\" \/>\n<link rel=\"canonical\" href=\"https:\/\/www.sabra.org.br\/site\/violao\/\" \/>\n<meta property=\"og:locale\" content=\"pt_BR\" \/>\n<meta property=\"og:type\" content=\"article\" \/>\n<meta property=\"og:title\" content=\"Viol\u00e3o cl\u00e1ssico x viol\u00e3o popular\" \/>\n<meta property=\"og:description\" content=\"Voc\u00ea sabe que h\u00e1 diferentes tipos de viol\u00e3o? Em uma festa, num show ou em qualquer outra situa\u00e7\u00e3o, o viol\u00e3o pode estar presente.\" \/>\n<meta property=\"og:url\" content=\"https:\/\/www.sabra.org.br\/site\/violao\/\" \/>\n<meta property=\"og:site_name\" content=\"SABRA - Sociedade Art\u00edstica Brasileira\" \/>\n<meta property=\"article:publisher\" content=\"https:\/\/www.facebook.com\/sabrabrasil\" \/>\n<meta property=\"article:published_time\" content=\"2023-04-04T10:39:39+00:00\" \/>\n<meta property=\"og:image\" content=\"https:\/\/i0.wp.com\/www.sabra.org.br\/site\/wp-content\/uploads\/2023\/04\/violao-classico-x-violao-popular-conheca-as-principais-diferencas-entre-eles-20221027111319.jpg.jpg?fit=800%2C533&ssl=1\" \/>\n\t<meta property=\"og:image:width\" content=\"800\" \/>\n\t<meta property=\"og:image:height\" content=\"533\" \/>\n\t<meta property=\"og:image:type\" content=\"image\/jpeg\" \/>\n<meta name=\"author\" content=\"M\u00e1rcio Miranda Pontes\" \/>\n<meta name=\"twitter:card\" content=\"summary_large_image\" \/>\n<meta name=\"twitter:creator\" content=\"@ContatoSabra\" \/>\n<meta name=\"twitter:site\" content=\"@ContatoSabra\" \/>\n<meta name=\"twitter:label1\" content=\"Escrito por\" \/>\n\t<meta name=\"twitter:data1\" content=\"M\u00e1rcio Miranda Pontes\" \/>\n\t<meta name=\"twitter:label2\" content=\"Est. tempo de leitura\" \/>\n\t<meta name=\"twitter:data2\" content=\"4 minutos\" \/>\n<script type=\"application\/ld+json\" class=\"yoast-schema-graph\">{\"@context\":\"https:\\\/\\\/schema.org\",\"@graph\":[{\"@type\":\"Article\",\"@id\":\"https:\\\/\\\/www.sabra.org.br\\\/site\\\/violao\\\/#article\",\"isPartOf\":{\"@id\":\"https:\\\/\\\/www.sabra.org.br\\\/site\\\/violao\\\/\"},\"author\":{\"name\":\"M\u00e1rcio Miranda Pontes\",\"@id\":\"https:\\\/\\\/www.sabra.org.br\\\/site\\\/#\\\/schema\\\/person\\\/7d1d222c3c8891d4c37c7b41bf6315c2\"},\"headline\":\"Viol\u00e3o cl\u00e1ssico X Viol\u00e3o popular: conhe\u00e7a as principais diferen\u00e7as entre eles\",\"datePublished\":\"2023-04-04T10:39:39+00:00\",\"mainEntityOfPage\":{\"@id\":\"https:\\\/\\\/www.sabra.org.br\\\/site\\\/violao\\\/\"},\"wordCount\":743,\"publisher\":{\"@id\":\"https:\\\/\\\/www.sabra.org.br\\\/site\\\/#organization\"},\"image\":{\"@id\":\"https:\\\/\\\/www.sabra.org.br\\\/site\\\/violao\\\/#primaryimage\"},\"thumbnailUrl\":\"https:\\\/\\\/www.sabra.org.br\\\/site\\\/wp-content\\\/uploads\\\/2023\\\/04\\\/violao-classico-x-violao-popular-conheca-as-principais-diferencas-entre-eles-20221027111319.jpg.jpg\",\"keywords\":[\"Assist\u00eancia social\",\"Belo Horizonte\",\"Cabo Frio\",\"Campos dos Goytacazes\",\"Canto Coral\",\"Contagem\",\"Escola de Musica SABRA\",\"Ibirit\u00e9\",\"Musicaliza\u00e7\u00e3o Infantil\",\"nova lima\",\"Orquestra Infanto Juvenil de Betim\",\"Orquestra Sinf\u00f4nica de Betim\",\"Raposos\",\"Sociedade Art\u00edstica Brasileira\"],\"articleSection\":[\"Blog SABRA\"],\"inLanguage\":\"pt-BR\"},{\"@type\":\"WebPage\",\"@id\":\"https:\\\/\\\/www.sabra.org.br\\\/site\\\/violao\\\/\",\"url\":\"https:\\\/\\\/www.sabra.org.br\\\/site\\\/violao\\\/\",\"name\":\"Viol\u00e3o cl\u00e1ssico x viol\u00e3o popular\",\"isPartOf\":{\"@id\":\"https:\\\/\\\/www.sabra.org.br\\\/site\\\/#website\"},\"primaryImageOfPage\":{\"@id\":\"https:\\\/\\\/www.sabra.org.br\\\/site\\\/violao\\\/#primaryimage\"},\"image\":{\"@id\":\"https:\\\/\\\/www.sabra.org.br\\\/site\\\/violao\\\/#primaryimage\"},\"thumbnailUrl\":\"https:\\\/\\\/www.sabra.org.br\\\/site\\\/wp-content\\\/uploads\\\/2023\\\/04\\\/violao-classico-x-violao-popular-conheca-as-principais-diferencas-entre-eles-20221027111319.jpg.jpg\",\"datePublished\":\"2023-04-04T10:39:39+00:00\",\"description\":\"Voc\u00ea sabe que h\u00e1 diferentes tipos de viol\u00e3o? Em uma festa, num show ou em qualquer outra situa\u00e7\u00e3o, o viol\u00e3o pode estar presente.\",\"breadcrumb\":{\"@id\":\"https:\\\/\\\/www.sabra.org.br\\\/site\\\/violao\\\/#breadcrumb\"},\"inLanguage\":\"pt-BR\",\"potentialAction\":[{\"@type\":\"ReadAction\",\"target\":[\"https:\\\/\\\/www.sabra.org.br\\\/site\\\/violao\\\/\"]}]},{\"@type\":\"ImageObject\",\"inLanguage\":\"pt-BR\",\"@id\":\"https:\\\/\\\/www.sabra.org.br\\\/site\\\/violao\\\/#primaryimage\",\"url\":\"https:\\\/\\\/www.sabra.org.br\\\/site\\\/wp-content\\\/uploads\\\/2023\\\/04\\\/violao-classico-x-violao-popular-conheca-as-principais-diferencas-entre-eles-20221027111319.jpg.jpg\",\"contentUrl\":\"https:\\\/\\\/www.sabra.org.br\\\/site\\\/wp-content\\\/uploads\\\/2023\\\/04\\\/violao-classico-x-violao-popular-conheca-as-principais-diferencas-entre-eles-20221027111319.jpg.jpg\",\"width\":800,\"height\":533,\"caption\":\"Sociedade Art\u00edstica Brasileira SABRA\"},{\"@type\":\"BreadcrumbList\",\"@id\":\"https:\\\/\\\/www.sabra.org.br\\\/site\\\/violao\\\/#breadcrumb\",\"itemListElement\":[{\"@type\":\"ListItem\",\"position\":1,\"name\":\"In\u00edcio\",\"item\":\"https:\\\/\\\/www.sabra.org.br\\\/site\\\/\"},{\"@type\":\"ListItem\",\"position\":2,\"name\":\"Viol\u00e3o cl\u00e1ssico X Viol\u00e3o popular: conhe\u00e7a as principais diferen\u00e7as entre eles\"}]},{\"@type\":\"WebSite\",\"@id\":\"https:\\\/\\\/www.sabra.org.br\\\/site\\\/#website\",\"url\":\"https:\\\/\\\/www.sabra.org.br\\\/site\\\/\",\"name\":\"SABRA - Sociedade Art\u00edstica Brasileira\",\"description\":\"Escola de M\u00fasica, Orquestra Sinf\u00f4nica, Coral e Patrim\u00f4nio Cultural e Hist\u00f3rico\",\"publisher\":{\"@id\":\"https:\\\/\\\/www.sabra.org.br\\\/site\\\/#organization\"},\"potentialAction\":[{\"@type\":\"SearchAction\",\"target\":{\"@type\":\"EntryPoint\",\"urlTemplate\":\"https:\\\/\\\/www.sabra.org.br\\\/site\\\/?s={search_term_string}\"},\"query-input\":{\"@type\":\"PropertyValueSpecification\",\"valueRequired\":true,\"valueName\":\"search_term_string\"}}],\"inLanguage\":\"pt-BR\"},{\"@type\":\"Organization\",\"@id\":\"https:\\\/\\\/www.sabra.org.br\\\/site\\\/#organization\",\"name\":\"SOCIEDADE ART\u00cdSTICA BRASILEIRA SABRA\",\"alternateName\":\"SABRA\",\"url\":\"https:\\\/\\\/www.sabra.org.br\\\/site\\\/\",\"logo\":{\"@type\":\"ImageObject\",\"inLanguage\":\"pt-BR\",\"@id\":\"https:\\\/\\\/www.sabra.org.br\\\/site\\\/#\\\/schema\\\/logo\\\/image\\\/\",\"url\":\"https:\\\/\\\/www.sabra.org.br\\\/site\\\/wp-content\\\/uploads\\\/2019\\\/06\\\/cropped-Logo_SABRA-Copia-1.webp\",\"contentUrl\":\"https:\\\/\\\/www.sabra.org.br\\\/site\\\/wp-content\\\/uploads\\\/2019\\\/06\\\/cropped-Logo_SABRA-Copia-1.webp\",\"width\":400,\"height\":128,\"caption\":\"SOCIEDADE ART\u00cdSTICA BRASILEIRA SABRA\"},\"image\":{\"@id\":\"https:\\\/\\\/www.sabra.org.br\\\/site\\\/#\\\/schema\\\/logo\\\/image\\\/\"},\"sameAs\":[\"https:\\\/\\\/www.facebook.com\\\/sabrabrasil\",\"https:\\\/\\\/x.com\\\/ContatoSabra\",\"https:\\\/\\\/www.instagram.com\\\/sabrabrasil\\\/\",\"https:\\\/\\\/www.linkedin.com\\\/company\\\/25002088\\\/\",\"https:\\\/\\\/br.pinterest.com\\\/sociedadeartisticabrasileira\\\/\",\"https:\\\/\\\/www.youtube.com\\\/c\\\/sabrabrasil\"]},{\"@type\":\"Person\",\"@id\":\"https:\\\/\\\/www.sabra.org.br\\\/site\\\/#\\\/schema\\\/person\\\/7d1d222c3c8891d4c37c7b41bf6315c2\",\"name\":\"M\u00e1rcio Miranda Pontes\",\"image\":{\"@type\":\"ImageObject\",\"inLanguage\":\"pt-BR\",\"@id\":\"https:\\\/\\\/secure.gravatar.com\\\/avatar\\\/3b45f24496a7625a3a6c436688fbe20344faaeb2979658dc4a9921f984d7df9a?s=96&d=mm&r=g\",\"url\":\"https:\\\/\\\/secure.gravatar.com\\\/avatar\\\/3b45f24496a7625a3a6c436688fbe20344faaeb2979658dc4a9921f984d7df9a?s=96&d=mm&r=g\",\"contentUrl\":\"https:\\\/\\\/secure.gravatar.com\\\/avatar\\\/3b45f24496a7625a3a6c436688fbe20344faaeb2979658dc4a9921f984d7df9a?s=96&d=mm&r=g\",\"caption\":\"M\u00e1rcio Miranda Pontes\"},\"sameAs\":[\"http:\\\/\\\/www.sabra.org.br\"],\"url\":\"https:\\\/\\\/www.sabra.org.br\\\/site\\\/author\\\/marcio-miranda-pontes\\\/\"}]}<\/script>\n<!-- \/ Yoast SEO plugin. -->","yoast_head_json":{"title":"Viol\u00e3o cl\u00e1ssico x viol\u00e3o popular","description":"Voc\u00ea sabe que h\u00e1 diferentes tipos de viol\u00e3o? Em uma festa, num show ou em qualquer outra situa\u00e7\u00e3o, o viol\u00e3o pode estar presente.","robots":{"index":"index","follow":"follow","max-snippet":"max-snippet:-1","max-image-preview":"max-image-preview:large","max-video-preview":"max-video-preview:-1"},"canonical":"https:\/\/www.sabra.org.br\/site\/violao\/","og_locale":"pt_BR","og_type":"article","og_title":"Viol\u00e3o cl\u00e1ssico x viol\u00e3o popular","og_description":"Voc\u00ea sabe que h\u00e1 diferentes tipos de viol\u00e3o? Em uma festa, num show ou em qualquer outra situa\u00e7\u00e3o, o viol\u00e3o pode estar presente.","og_url":"https:\/\/www.sabra.org.br\/site\/violao\/","og_site_name":"SABRA - Sociedade Art\u00edstica Brasileira","article_publisher":"https:\/\/www.facebook.com\/sabrabrasil","article_published_time":"2023-04-04T10:39:39+00:00","og_image":[{"width":800,"height":533,"url":"https:\/\/i0.wp.com\/www.sabra.org.br\/site\/wp-content\/uploads\/2023\/04\/violao-classico-x-violao-popular-conheca-as-principais-diferencas-entre-eles-20221027111319.jpg.jpg?fit=800%2C533&ssl=1","type":"image\/jpeg"}],"author":"M\u00e1rcio Miranda Pontes","twitter_card":"summary_large_image","twitter_creator":"@ContatoSabra","twitter_site":"@ContatoSabra","twitter_misc":{"Escrito por":"M\u00e1rcio Miranda Pontes","Est. tempo de leitura":"4 minutos"},"schema":{"@context":"https:\/\/schema.org","@graph":[{"@type":"Article","@id":"https:\/\/www.sabra.org.br\/site\/violao\/#article","isPartOf":{"@id":"https:\/\/www.sabra.org.br\/site\/violao\/"},"author":{"name":"M\u00e1rcio Miranda Pontes","@id":"https:\/\/www.sabra.org.br\/site\/#\/schema\/person\/7d1d222c3c8891d4c37c7b41bf6315c2"},"headline":"Viol\u00e3o cl\u00e1ssico X Viol\u00e3o popular: conhe\u00e7a as principais diferen\u00e7as entre eles","datePublished":"2023-04-04T10:39:39+00:00","mainEntityOfPage":{"@id":"https:\/\/www.sabra.org.br\/site\/violao\/"},"wordCount":743,"publisher":{"@id":"https:\/\/www.sabra.org.br\/site\/#organization"},"image":{"@id":"https:\/\/www.sabra.org.br\/site\/violao\/#primaryimage"},"thumbnailUrl":"https:\/\/www.sabra.org.br\/site\/wp-content\/uploads\/2023\/04\/violao-classico-x-violao-popular-conheca-as-principais-diferencas-entre-eles-20221027111319.jpg.jpg","keywords":["Assist\u00eancia social","Belo Horizonte","Cabo Frio","Campos dos Goytacazes","Canto Coral","Contagem","Escola de Musica SABRA","Ibirit\u00e9","Musicaliza\u00e7\u00e3o Infantil","nova lima","Orquestra Infanto Juvenil de Betim","Orquestra Sinf\u00f4nica de Betim","Raposos","Sociedade Art\u00edstica Brasileira"],"articleSection":["Blog SABRA"],"inLanguage":"pt-BR"},{"@type":"WebPage","@id":"https:\/\/www.sabra.org.br\/site\/violao\/","url":"https:\/\/www.sabra.org.br\/site\/violao\/","name":"Viol\u00e3o cl\u00e1ssico x viol\u00e3o popular","isPartOf":{"@id":"https:\/\/www.sabra.org.br\/site\/#website"},"primaryImageOfPage":{"@id":"https:\/\/www.sabra.org.br\/site\/violao\/#primaryimage"},"image":{"@id":"https:\/\/www.sabra.org.br\/site\/violao\/#primaryimage"},"thumbnailUrl":"https:\/\/www.sabra.org.br\/site\/wp-content\/uploads\/2023\/04\/violao-classico-x-violao-popular-conheca-as-principais-diferencas-entre-eles-20221027111319.jpg.jpg","datePublished":"2023-04-04T10:39:39+00:00","description":"Voc\u00ea sabe que h\u00e1 diferentes tipos de viol\u00e3o? Em uma festa, num show ou em qualquer outra situa\u00e7\u00e3o, o viol\u00e3o pode estar presente.","breadcrumb":{"@id":"https:\/\/www.sabra.org.br\/site\/violao\/#breadcrumb"},"inLanguage":"pt-BR","potentialAction":[{"@type":"ReadAction","target":["https:\/\/www.sabra.org.br\/site\/violao\/"]}]},{"@type":"ImageObject","inLanguage":"pt-BR","@id":"https:\/\/www.sabra.org.br\/site\/violao\/#primaryimage","url":"https:\/\/www.sabra.org.br\/site\/wp-content\/uploads\/2023\/04\/violao-classico-x-violao-popular-conheca-as-principais-diferencas-entre-eles-20221027111319.jpg.jpg","contentUrl":"https:\/\/www.sabra.org.br\/site\/wp-content\/uploads\/2023\/04\/violao-classico-x-violao-popular-conheca-as-principais-diferencas-entre-eles-20221027111319.jpg.jpg","width":800,"height":533,"caption":"Sociedade Art\u00edstica Brasileira SABRA"},{"@type":"BreadcrumbList","@id":"https:\/\/www.sabra.org.br\/site\/violao\/#breadcrumb","itemListElement":[{"@type":"ListItem","position":1,"name":"In\u00edcio","item":"https:\/\/www.sabra.org.br\/site\/"},{"@type":"ListItem","position":2,"name":"Viol\u00e3o cl\u00e1ssico X Viol\u00e3o popular: conhe\u00e7a as principais diferen\u00e7as entre eles"}]},{"@type":"WebSite","@id":"https:\/\/www.sabra.org.br\/site\/#website","url":"https:\/\/www.sabra.org.br\/site\/","name":"SABRA - Sociedade Art\u00edstica Brasileira","description":"Escola de M\u00fasica, Orquestra Sinf\u00f4nica, Coral e Patrim\u00f4nio Cultural e Hist\u00f3rico","publisher":{"@id":"https:\/\/www.sabra.org.br\/site\/#organization"},"potentialAction":[{"@type":"SearchAction","target":{"@type":"EntryPoint","urlTemplate":"https:\/\/www.sabra.org.br\/site\/?s={search_term_string}"},"query-input":{"@type":"PropertyValueSpecification","valueRequired":true,"valueName":"search_term_string"}}],"inLanguage":"pt-BR"},{"@type":"Organization","@id":"https:\/\/www.sabra.org.br\/site\/#organization","name":"SOCIEDADE ART\u00cdSTICA BRASILEIRA SABRA","alternateName":"SABRA","url":"https:\/\/www.sabra.org.br\/site\/","logo":{"@type":"ImageObject","inLanguage":"pt-BR","@id":"https:\/\/www.sabra.org.br\/site\/#\/schema\/logo\/image\/","url":"https:\/\/www.sabra.org.br\/site\/wp-content\/uploads\/2019\/06\/cropped-Logo_SABRA-Copia-1.webp","contentUrl":"https:\/\/www.sabra.org.br\/site\/wp-content\/uploads\/2019\/06\/cropped-Logo_SABRA-Copia-1.webp","width":400,"height":128,"caption":"SOCIEDADE ART\u00cdSTICA BRASILEIRA SABRA"},"image":{"@id":"https:\/\/www.sabra.org.br\/site\/#\/schema\/logo\/image\/"},"sameAs":["https:\/\/www.facebook.com\/sabrabrasil","https:\/\/x.com\/ContatoSabra","https:\/\/www.instagram.com\/sabrabrasil\/","https:\/\/www.linkedin.com\/company\/25002088\/","https:\/\/br.pinterest.com\/sociedadeartisticabrasileira\/","https:\/\/www.youtube.com\/c\/sabrabrasil"]},{"@type":"Person","@id":"https:\/\/www.sabra.org.br\/site\/#\/schema\/person\/7d1d222c3c8891d4c37c7b41bf6315c2","name":"M\u00e1rcio Miranda Pontes","image":{"@type":"ImageObject","inLanguage":"pt-BR","@id":"https:\/\/secure.gravatar.com\/avatar\/3b45f24496a7625a3a6c436688fbe20344faaeb2979658dc4a9921f984d7df9a?s=96&d=mm&r=g","url":"https:\/\/secure.gravatar.com\/avatar\/3b45f24496a7625a3a6c436688fbe20344faaeb2979658dc4a9921f984d7df9a?s=96&d=mm&r=g","contentUrl":"https:\/\/secure.gravatar.com\/avatar\/3b45f24496a7625a3a6c436688fbe20344faaeb2979658dc4a9921f984d7df9a?s=96&d=mm&r=g","caption":"M\u00e1rcio Miranda Pontes"},"sameAs":["http:\/\/www.sabra.org.br"],"url":"https:\/\/www.sabra.org.br\/site\/author\/marcio-miranda-pontes\/"}]}},"jetpack_featured_media_url":"https:\/\/www.sabra.org.br\/site\/wp-content\/uploads\/2023\/04\/violao-classico-x-violao-popular-conheca-as-principais-diferencas-entre-eles-20221027111319.jpg.jpg","jetpack_shortlink":"https:\/\/wp.me\/s95j2Z-violao","jetpack-related-posts":[{"id":2827,"url":"https:\/\/www.sabra.org.br\/site\/instrumentos-musicais\/","url_meta":{"origin":6867,"position":0},"title":"Instrumentos musicais","author":"M\u00e1rcio Miranda Pontes","date":"15 de abril de 2020","format":false,"excerpt":"A m\u00fasica tem o dom de nos enfeiti\u00e7ar e tornar nosso dia mais alegre ou nos trazer alguma lembran\u00e7a por meio de sua melodia. Os instrumentos musicais s\u00e3o o acompanhamento perfeito para isso.","rel":"","context":"Em &quot;Blog SABRA&quot;","block_context":{"text":"Blog SABRA","link":"https:\/\/www.sabra.org.br\/site\/category\/blog-sabra\/"},"img":{"alt_text":"instrumentos-musicais-som-m\u00fasica-ouvir-sabra-valor","src":"https:\/\/i0.wp.com\/www.sabra.org.br\/site\/wp-content\/uploads\/2020\/04\/instrumentos-musicais-voce-sabe-quais-sao-os-mais-tocados-no-mundo-20191202180617.jpg.jpg?resize=350%2C200&ssl=1","width":350,"height":200,"srcset":"https:\/\/i0.wp.com\/www.sabra.org.br\/site\/wp-content\/uploads\/2020\/04\/instrumentos-musicais-voce-sabe-quais-sao-os-mais-tocados-no-mundo-20191202180617.jpg.jpg?resize=350%2C200&ssl=1 1x, https:\/\/i0.wp.com\/www.sabra.org.br\/site\/wp-content\/uploads\/2020\/04\/instrumentos-musicais-voce-sabe-quais-sao-os-mais-tocados-no-mundo-20191202180617.jpg.jpg?resize=525%2C300&ssl=1 1.5x, https:\/\/i0.wp.com\/www.sabra.org.br\/site\/wp-content\/uploads\/2020\/04\/instrumentos-musicais-voce-sabe-quais-sao-os-mais-tocados-no-mundo-20191202180617.jpg.jpg?resize=700%2C400&ssl=1 2x"},"classes":[]},{"id":8064,"url":"https:\/\/www.sabra.org.br\/site\/violao-acessorios\/","url_meta":{"origin":6867,"position":1},"title":"Acess\u00f3rios essenciais para quem toca viol\u00e3o","author":"M\u00e1rcio Miranda Pontes","date":"26 de setembro de 2023","format":false,"excerpt":"Aperfei\u00e7oe sua paix\u00e3o pelo viol\u00e3o com os acess\u00f3rios essenciais que transformar\u00e3o sua m\u00fasica e a sua maneira de tocar! Explore o artigo completo em nosso blog e eleve sua jornada musical para novas alturas!","rel":"","context":"Em &quot;Blog SABRA&quot;","block_context":{"text":"Blog SABRA","link":"https:\/\/www.sabra.org.br\/site\/category\/blog-sabra\/"},"img":{"alt_text":"sabra-m\u00fasica-cordas-viol\u00e3o-afinador-acess\u00f3rios-digital-musical-qualidade-capotraste-explorar-som-sonoridade","src":"https:\/\/i0.wp.com\/www.sabra.org.br\/site\/wp-content\/uploads\/2023\/09\/acessorios-essenciais-para-quem-toca-violaojpg-20230804102938.jpg-jpg.webp?resize=350%2C200&ssl=1","width":350,"height":200,"srcset":"https:\/\/i0.wp.com\/www.sabra.org.br\/site\/wp-content\/uploads\/2023\/09\/acessorios-essenciais-para-quem-toca-violaojpg-20230804102938.jpg-jpg.webp?resize=350%2C200&ssl=1 1x, https:\/\/i0.wp.com\/www.sabra.org.br\/site\/wp-content\/uploads\/2023\/09\/acessorios-essenciais-para-quem-toca-violaojpg-20230804102938.jpg-jpg.webp?resize=525%2C300&ssl=1 1.5x, https:\/\/i0.wp.com\/www.sabra.org.br\/site\/wp-content\/uploads\/2023\/09\/acessorios-essenciais-para-quem-toca-violaojpg-20230804102938.jpg-jpg.webp?resize=700%2C400&ssl=1 2x"},"classes":[]},{"id":8563,"url":"https:\/\/www.sabra.org.br\/site\/calos-violao\/","url_meta":{"origin":6867,"position":2},"title":"Calos nos dedos para tocar viol\u00e3o?","author":"M\u00e1rcio Miranda Pontes","date":"28 de novembro de 2023","format":false,"excerpt":"O desenvolvimento de calos nas pontas dos dedos \u00e9 um processo natural e at\u00e9 necess\u00e1rio para a pr\u00e1tica de viol\u00e3o. Os calos facilitam o aprendizado do instrumento, na medida em que as cordas precisam ser fortemente pressionadas para se obter os sons desejados. Desse modo, quanto mais calejados os dedos,\u2026","rel":"","context":"Em &quot;Blog SABRA&quot;","block_context":{"text":"Blog SABRA","link":"https:\/\/www.sabra.org.br\/site\/category\/blog-sabra\/"},"img":{"alt_text":"sabra-m\u00fasica-instrumento-aprender-dedos-tocar-viol\u00e3o-calos-cordas-habilidades","src":"https:\/\/i0.wp.com\/www.sabra.org.br\/site\/wp-content\/uploads\/2023\/11\/por-que-e-necessario-ter-calos-nos-dedos-para-tocar-violaojpg-20221229103337.jpg-jpg.webp?resize=350%2C200&ssl=1","width":350,"height":200,"srcset":"https:\/\/i0.wp.com\/www.sabra.org.br\/site\/wp-content\/uploads\/2023\/11\/por-que-e-necessario-ter-calos-nos-dedos-para-tocar-violaojpg-20221229103337.jpg-jpg.webp?resize=350%2C200&ssl=1 1x, https:\/\/i0.wp.com\/www.sabra.org.br\/site\/wp-content\/uploads\/2023\/11\/por-que-e-necessario-ter-calos-nos-dedos-para-tocar-violaojpg-20221229103337.jpg-jpg.webp?resize=525%2C300&ssl=1 1.5x, https:\/\/i0.wp.com\/www.sabra.org.br\/site\/wp-content\/uploads\/2023\/11\/por-que-e-necessario-ter-calos-nos-dedos-para-tocar-violaojpg-20221229103337.jpg-jpg.webp?resize=700%2C400&ssl=1 2x"},"classes":[]},{"id":3188,"url":"https:\/\/www.sabra.org.br\/site\/violao-violino-e-violoncelo\/","url_meta":{"origin":6867,"position":3},"title":"Viol\u00e3o, violino e violoncelo","author":"M\u00e1rcio Miranda Pontes","date":"21 de outubro de 2020","format":false,"excerpt":"Os instrumentos de corda possuem caracter\u00edsticas \u00fanicas, que influenciam na produ\u00e7\u00e3o do som e forma de aprendizado. Neste artigo, respondemos a d\u00favida de quantas cordas possuem o viol\u00e3o, violino e violoncelo, e separamos algumas curiosidades e particularidades de cada um. Confira.","rel":"","context":"Em &quot;Blog SABRA&quot;","block_context":{"text":"Blog SABRA","link":"https:\/\/www.sabra.org.br\/site\/category\/blog-sabra\/"},"img":{"alt_text":"viol\u00e3o-violino-violoncelo-instrumento-corda","src":"https:\/\/i0.wp.com\/www.sabra.org.br\/site\/wp-content\/uploads\/2020\/10\/violao-violino-e-violoncelo-quantas-cordas-cada-um-possui-20201001161911.jpg.jpg?resize=350%2C200&ssl=1","width":350,"height":200,"srcset":"https:\/\/i0.wp.com\/www.sabra.org.br\/site\/wp-content\/uploads\/2020\/10\/violao-violino-e-violoncelo-quantas-cordas-cada-um-possui-20201001161911.jpg.jpg?resize=350%2C200&ssl=1 1x, https:\/\/i0.wp.com\/www.sabra.org.br\/site\/wp-content\/uploads\/2020\/10\/violao-violino-e-violoncelo-quantas-cordas-cada-um-possui-20201001161911.jpg.jpg?resize=525%2C300&ssl=1 1.5x, https:\/\/i0.wp.com\/www.sabra.org.br\/site\/wp-content\/uploads\/2020\/10\/violao-violino-e-violoncelo-quantas-cordas-cada-um-possui-20201001161911.jpg.jpg?resize=700%2C400&ssl=1 2x"},"classes":[]},{"id":3221,"url":"https:\/\/www.sabra.org.br\/site\/instrumentos-corda\/","url_meta":{"origin":6867,"position":4},"title":"Instrumentos de corda","author":"M\u00e1rcio Miranda Pontes","date":"1 de novembro de 2020","format":false,"excerpt":"Apesar de conhecermos e sabermos tocar viol\u00e3o, guitarra ou v\u00e1rios outros instrumentos de corda, \u00e9 sempre interesse saber onde tudo come\u00e7ou. Descubra a origem de muitos desses instrumentos t\u00e3o conhecidos no universo musical.","rel":"","context":"Em &quot;Blog SABRA&quot;","block_context":{"text":"Blog SABRA","link":"https:\/\/www.sabra.org.br\/site\/category\/blog-sabra\/"},"img":{"alt_text":"instrumentos-corda","src":"https:\/\/i0.wp.com\/www.sabra.org.br\/site\/wp-content\/uploads\/2020\/11\/conheca-a-origem-dos-principais-instrumentos-de-corda-20201001161911.jpg.jpg?resize=350%2C200&ssl=1","width":350,"height":200,"srcset":"https:\/\/i0.wp.com\/www.sabra.org.br\/site\/wp-content\/uploads\/2020\/11\/conheca-a-origem-dos-principais-instrumentos-de-corda-20201001161911.jpg.jpg?resize=350%2C200&ssl=1 1x, https:\/\/i0.wp.com\/www.sabra.org.br\/site\/wp-content\/uploads\/2020\/11\/conheca-a-origem-dos-principais-instrumentos-de-corda-20201001161911.jpg.jpg?resize=525%2C300&ssl=1 1.5x, https:\/\/i0.wp.com\/www.sabra.org.br\/site\/wp-content\/uploads\/2020\/11\/conheca-a-origem-dos-principais-instrumentos-de-corda-20201001161911.jpg.jpg?resize=700%2C400&ssl=1 2x"},"classes":[]},{"id":5905,"url":"https:\/\/www.sabra.org.br\/site\/app-afinacao\/","url_meta":{"origin":6867,"position":5},"title":"Aplicativos para afinar viol\u00e3o e outros instrumentos","author":"M\u00e1rcio Miranda Pontes","date":"20 de setembro de 2022","format":false,"excerpt":"N\u00e3o importa se voc\u00ea \u00e9 um m\u00fasico amador ou profissional, afinar seu instrumento \u00e9 essencial para que a m\u00fasica soe bonita e bem executada. Conhe\u00e7a os melhores afinadores para o seu smartphone!","rel":"","context":"Em &quot;Blog SABRA&quot;","block_context":{"text":"Blog SABRA","link":"https:\/\/www.sabra.org.br\/site\/category\/blog-sabra\/"},"img":{"alt_text":"afinar-instrumento-m\u00fasico-app-gratuito","src":"https:\/\/i0.wp.com\/www.sabra.org.br\/site\/wp-content\/uploads\/2022\/09\/x-aplicativos-para-afinar-violao-e-outros-instrumentos-20220707153044.jpg.jpg?resize=350%2C200&ssl=1","width":350,"height":200,"srcset":"https:\/\/i0.wp.com\/www.sabra.org.br\/site\/wp-content\/uploads\/2022\/09\/x-aplicativos-para-afinar-violao-e-outros-instrumentos-20220707153044.jpg.jpg?resize=350%2C200&ssl=1 1x, https:\/\/i0.wp.com\/www.sabra.org.br\/site\/wp-content\/uploads\/2022\/09\/x-aplicativos-para-afinar-violao-e-outros-instrumentos-20220707153044.jpg.jpg?resize=525%2C300&ssl=1 1.5x, https:\/\/i0.wp.com\/www.sabra.org.br\/site\/wp-content\/uploads\/2022\/09\/x-aplicativos-para-afinar-violao-e-outros-instrumentos-20220707153044.jpg.jpg?resize=700%2C400&ssl=1 2x"},"classes":[]}],"jetpack_likes_enabled":true,"jetpack_sharing_enabled":true,"_links":{"self":[{"href":"https:\/\/www.sabra.org.br\/site\/wp-json\/wp\/v2\/posts\/6867","targetHints":{"allow":["GET"]}}],"collection":[{"href":"https:\/\/www.sabra.org.br\/site\/wp-json\/wp\/v2\/posts"}],"about":[{"href":"https:\/\/www.sabra.org.br\/site\/wp-json\/wp\/v2\/types\/post"}],"author":[{"embeddable":true,"href":"https:\/\/www.sabra.org.br\/site\/wp-json\/wp\/v2\/users\/39"}],"replies":[{"embeddable":true,"href":"https:\/\/www.sabra.org.br\/site\/wp-json\/wp\/v2\/comments?post=6867"}],"version-history":[{"count":0,"href":"https:\/\/www.sabra.org.br\/site\/wp-json\/wp\/v2\/posts\/6867\/revisions"}],"wp:featuredmedia":[{"embeddable":true,"href":"https:\/\/www.sabra.org.br\/site\/wp-json\/wp\/v2\/media\/6869"}],"wp:attachment":[{"href":"https:\/\/www.sabra.org.br\/site\/wp-json\/wp\/v2\/media?parent=6867"}],"wp:term":[{"taxonomy":"category","embeddable":true,"href":"https:\/\/www.sabra.org.br\/site\/wp-json\/wp\/v2\/categories?post=6867"},{"taxonomy":"post_tag","embeddable":true,"href":"https:\/\/www.sabra.org.br\/site\/wp-json\/wp\/v2\/tags?post=6867"}],"curies":[{"name":"wp","href":"https:\/\/api.w.org\/{rel}","templated":true}]}}