{"id":693,"date":"2017-10-03T11:54:10","date_gmt":"2017-10-03T14:54:10","guid":{"rendered":"http:\/\/www.sabra.org.br\/site\/?p=693"},"modified":"2025-04-20T19:12:09","modified_gmt":"2025-04-20T22:12:09","slug":"conheca-6-grandes-mulheres-compositoras-da-musica-erudita","status":"publish","type":"post","link":"https:\/\/www.sabra.org.br\/site\/conheca-6-grandes-mulheres-compositoras-da-musica-erudita\/","title":{"rendered":"Conhe\u00e7a 6 grandes mulheres compositoras da m\u00fasica erudita"},"content":{"rendered":"<p>Grandes nomes da m\u00fasica cl\u00e1ssica, como Beethoven, Mozart e Bach, s\u00e3o citados com frequ\u00eancia nos meios de comunica\u00e7\u00e3o &#8211; inclusive j\u00e1 escrevemos sobre eles em outro artigo. Al\u00e9m disso, suas obras s\u00e3o interpretadas nas casas de \u00f3pera mais renomadas do mundo. Mas o que poucas pessoas conhecem s\u00e3o nomes femininos de grandes e talentosas compositoras eruditas.<\/p>\n<p>Apesar da presen\u00e7a expressiva nas orquestras, nos coros, na pesquisa musical, na doc\u00eancia e na reg\u00eancia, as mulheres n\u00e3o s\u00e3o t\u00e3o estudadas quando o assunto \u00e9 composi\u00e7\u00e3o de m\u00fasica cl\u00e1ssica. Por isso, preparamos uma sele\u00e7\u00e3o com 6 grandes compositoras que influenciaram a m\u00fasica desde a Idade M\u00e9dia.<\/p>\n<p>#1 HILDEGARD VON BILGEN (1098-1179)<\/p>\n<p>Um dos nomes mais conhecidos do universo feminino na m\u00fasica erudita e o \u00fanico da era medieval, Hildegard von Bilgen comp\u00f4s aproximadamente 70 obras. Foi uma monja beneditina alem\u00e3, al\u00e9m de mestra do Mosteiro de Rupertsberg, te\u00f3loga, compositora, naturalista, poetisa e dramaturga. Viveu na Europa, no s\u00e9culo XI e uma de suas obras mais conhecidas \u00e9 o bel\u00edssimo \u201cOrdo Virtutum\u201d, que narra o drama de uma alma contra o Dem\u00f4nio e em busca da reden\u00e7\u00e3o. De forma geral, sua produ\u00e7\u00e3o enquadra-se no g\u00eanero do canto gregoriano.<\/p>\n<p>#2 FRANCESCA CACCINI (1587-1640)<\/p>\n<p>O segundo nome da nossa lista nasceu na It\u00e1lia, mais precisamente na cidade de Floren\u00e7a, e era a filha do grande compositor renascentista Giulio Caccini. Apesar da enorme influ\u00eancia que a compositora exerceu na m\u00fasica europeia do s\u00e9culo XVI, poucas de suas obras sobreviveram ao tempo. O trabalho intitulado \u201cLa Liberazione di Ruggiero\u201d destaca-se por ser considerada a primeira \u00f3pera criada por uma mulher na hist\u00f3ria.<\/p>\n<p>#3 BARBARA STROZZI (1619-1677)<\/p>\n<p>Outra italiana filha de artistas, Barbara Strozzi viveu em Veneza e foi introduzida na m\u00fasica pelo pai adotivo Giulio Strozzi. No s\u00e9culo XVII, ela desenvolveu uma m\u00fasica vocal secular e escreveu obras principalmente para soprano. Um dos trabalhos mais conhecidos at\u00e9 hoje se chama \u201cSino Alla Morte\u201d.<\/p>\n<p>#4 CLARA SCHUMANN (1819-1896)<\/p>\n<p>Filha de m\u00fasicos, Clara Wieck foi iniciada no piano durante a inf\u00e2ncia e na adolesc\u00eancia come\u00e7ou a atuar profissionalmente nos palcos europeus, tendo escrito seu \u201cConcerto para Piano\u201d aos 14 anos de idade.<\/p>\n<p>Clara j\u00e1 era famosa quando se casou com o renomado compositor Robert Schumann e adotou o sobrenome dele. Apesar da produtiva parceria entre os dois, a pianista sofreu com as obriga\u00e7\u00f5es da vida familiar, como as 8 gesta\u00e7\u00f5es e a cria\u00e7\u00e3o dos filhos, o que abalou o seu trabalho na m\u00fasica. Com o passar dos anos, inclusive, quase perdeu total confian\u00e7a na sua capacidade e talento.<\/p>\n<p>Ap\u00f3s a morte do marido, a c\u00e9lebre pianista voltou a dedicar-se \u00e0 carreira e, quando faleceu aos 76 anos, detinha enorme prest\u00edgio e uma trajet\u00f3ria profissional de seis d\u00e9cadas.<\/p>\n<p>#5 AMY BEACH (1867-1944)<\/p>\n<p>Foi a primeira compositora a alcan\u00e7ar o sucesso nos Estados Unidos. O talento de Amy foi notado ainda na inf\u00e2ncia quando, aos 4 anos de idade, j\u00e1 tocava obras de compositores cl\u00e1ssicos. Na juventude, estudou no conservat\u00f3rio em Boston e apresentou-se em teatros da cidade, nos quais foi aclamada.<\/p>\n<p>Quando se casou, a distinta pianista limitou suas apresenta\u00e7\u00f5es em um recital por ano, voltando com for\u00e7a total ap\u00f3s ficar vi\u00fava em 1910. Sua primeira composi\u00e7\u00e3o de sucesso foi \u201cMass em Mi bemol maior\u201d, e \u201cGaelic Symphony\u201d foi a primeira sinfonia composta por uma mulher norte-americana.<\/p>\n<p>#6 ETHEL SMYTH (1858-1944)<\/p>\n<p>Compositora brit\u00e2nica, Ethel integrou o grupo das sufragistas que lutou pelos direitos civis e pol\u00edticos das mulheres. A obra \u201cThe March of the Women\u201d tornou-se, inclusive, o hino do movimento.<\/p>\n<blockquote class=\"wp-embedded-content\" data-secret=\"UGeL34WRrc\"><p><a href=\"https:\/\/www.sabra.org.br\/site\/empoderamento\/\">Igualdade de g\u00eanero: a import\u00e2ncia do empoderamento feminino<\/a><\/p><\/blockquote>\n<p><iframe class=\"wp-embedded-content\" sandbox=\"allow-scripts\" security=\"restricted\" style=\"position: absolute; clip: rect(1px, 1px, 1px, 1px);\" title=\"&#8220;Igualdade de g\u00eanero: a import\u00e2ncia do empoderamento feminino&#8221; &#8212; SABRA - Sociedade Art\u00edstica Brasileira\" src=\"https:\/\/www.sabra.org.br\/site\/empoderamento\/embed\/#?secret=UGeL34WRrc\" data-secret=\"UGeL34WRrc\" width=\"600\" height=\"338\" frameborder=\"0\" marginwidth=\"0\" marginheight=\"0\" scrolling=\"no\"><\/iframe><\/p>\n<hr \/>\n<h2>Se voc\u00ea gostou deste post:<\/h2>\n<p>&#8211; SIGA as nossas p\u00e1ginas nas redes sociais para acompanhar as nossas atualiza\u00e7\u00f5es: estamos no <a href=\"https:\/\/www.facebook.com\/sabrabrasil\" target=\"_blank\" rel=\"noopener\">Facebook<\/a>, no <a href=\"https:\/\/www.instagram.com\/sabrabrasil\/\" target=\"_blank\" rel=\"noopener\">Instagram<\/a>, no <a href=\"https:\/\/www.linkedin.com\/company\/25002088\" target=\"_blank\" rel=\"noopener\">LinkedIn<\/a>, no <a href=\"https:\/\/twitter.com\/ContatoSabra\" target=\"_blank\" rel=\"noopener\">Twitter<\/a> e no <a href=\"https:\/\/www.youtube.com\/channel\/UCJw-kbuEvzUNdeQf20Pa-eQ\" target=\"_blank\" rel=\"noopener\">YouTube<\/a>!<\/p>\n<p>&#8211; CONHE\u00c7A o trabalho da Sociedade Art\u00edstica Brasileira (SABRA) e todas as iniciativas culturais e sociais que ela mant\u00e9m. <a href=\"https:\/\/www.sabra.org.br\/site\/acoes\/\" target=\"_blank\" rel=\"noopener\">Acesse nosso site!<\/a><\/p>\n<p>&#8211; ENTRE EM CONTATO com a gente. E veja quais s\u00e3o as op\u00e7\u00f5es de ajuda na manuten\u00e7\u00e3o de nossas a\u00e7\u00f5es sociais e culturais. Basta acessar nossa p\u00e1gina <a href=\"https:\/\/www.sabra.org.br\/site\/doe-agora\/\" target=\"_blank\" rel=\"noopener\">Doe Agora!<\/a><\/p>\n<p>&#8211; COMPARTILHE este texto nas suas redes sociais e ajude os seus amigos a tamb\u00e9m dominarem o assunto!<\/p>\n<p>\u2013   Os projetos da @sabrabrasil s\u00e3o realizados com o patroci\u0301nio m\u00e1ster: @institutounimedbh, viabilizado pelo incentivo de mais de 5,2 mil m\u00e9dicos cooperados e colaboradores via Lei de Incentivo \u00e0 Cultura &#8211; @mturismo, @culturagovbr. Patroc\u00ednio prata: @vallourec e apoio: @prefeiturabetim<\/p>\n","protected":false},"excerpt":{"rendered":"<p>Apesar da presen\u00e7a expressiva nas orquestras, nos coros, na pesquisa musical, na doc\u00eancia e na reg\u00eancia, as mulheres n\u00e3o s\u00e3o t\u00e3o estudadas quando o assunto \u00e9 composi\u00e7\u00e3o de m\u00fasica cl\u00e1ssica.<\/p>\n","protected":false},"author":39,"featured_media":694,"comment_status":"closed","ping_status":"closed","sticky":false,"template":"","format":"standard","meta":{"jetpack_post_was_ever_published":false,"_jetpack_newsletter_access":"","_jetpack_dont_email_post_to_subs":false,"_jetpack_newsletter_tier_id":0,"_jetpack_memberships_contains_paywalled_content":false,"_jetpack_memberships_contains_paid_content":false,"footnotes":""},"categories":[1],"tags":[15,16,12,11,9],"class_list":["post-693","post","type-post","status-publish","format-standard","has-post-thumbnail","hentry","category-blog-sabra","tag-assistencia-social","tag-musicalizacao-infantil","tag-oficina-musical-sabra","tag-orquestra-sinfonica-de-betim","tag-sociedade-artistica-brasileira"],"yoast_head":"<!-- This site is optimized with the Yoast SEO plugin v27.5 - https:\/\/yoast.com\/product\/yoast-seo-wordpress\/ -->\n<title>Conhe\u00e7a 6 grandes mulheres compositoras da m\u00fasica erudita - SABRA - Sociedade Art\u00edstica Brasileira<\/title>\n<meta name=\"description\" content=\"Apesar da presen\u00e7a expressiva nas orquestras, nos coros, na pesquisa musical, na doc\u00eancia e na reg\u00eancia, as mulheres n\u00e3o s\u00e3o t\u00e3o estudadas quando o assunto \u00e9 composi\u00e7\u00e3o de m\u00fasica cl\u00e1ssica.\" \/>\n<meta name=\"robots\" content=\"index, follow, max-snippet:-1, max-image-preview:large, max-video-preview:-1\" \/>\n<link rel=\"canonical\" href=\"https:\/\/www.sabra.org.br\/site\/conheca-6-grandes-mulheres-compositoras-da-musica-erudita\/\" \/>\n<meta property=\"og:locale\" content=\"pt_BR\" \/>\n<meta property=\"og:type\" content=\"article\" \/>\n<meta property=\"og:title\" content=\"Conhe\u00e7a 6 grandes mulheres compositoras da m\u00fasica erudita - SABRA - Sociedade Art\u00edstica Brasileira\" \/>\n<meta property=\"og:description\" content=\"Apesar da presen\u00e7a expressiva nas orquestras, nos coros, na pesquisa musical, na doc\u00eancia e na reg\u00eancia, as mulheres n\u00e3o s\u00e3o t\u00e3o estudadas quando o assunto \u00e9 composi\u00e7\u00e3o de m\u00fasica cl\u00e1ssica.\" \/>\n<meta property=\"og:url\" content=\"https:\/\/www.sabra.org.br\/site\/conheca-6-grandes-mulheres-compositoras-da-musica-erudita\/\" \/>\n<meta property=\"og:site_name\" content=\"SABRA - Sociedade Art\u00edstica Brasileira\" \/>\n<meta property=\"article:publisher\" content=\"https:\/\/www.facebook.com\/sabrabrasil\" \/>\n<meta property=\"article:published_time\" content=\"2017-10-03T14:54:10+00:00\" \/>\n<meta property=\"article:modified_time\" content=\"2025-04-20T22:12:09+00:00\" \/>\n<meta property=\"og:image\" content=\"https:\/\/www.sabra.org.br\/site\/wp-content\/uploads\/2017\/10\/conheca-6-grandes-mulheres-compositoras-da-musica-erudita-20170920155615.jpg.jpg\" \/>\n\t<meta property=\"og:image:width\" content=\"1697\" \/>\n\t<meta property=\"og:image:height\" content=\"1131\" \/>\n\t<meta property=\"og:image:type\" content=\"image\/jpeg\" \/>\n<meta name=\"author\" content=\"M\u00e1rcio Miranda Pontes\" \/>\n<meta name=\"twitter:card\" content=\"summary_large_image\" \/>\n<meta name=\"twitter:creator\" content=\"@ContatoSabra\" \/>\n<meta name=\"twitter:site\" content=\"@ContatoSabra\" \/>\n<meta name=\"twitter:label1\" content=\"Escrito por\" \/>\n\t<meta name=\"twitter:data1\" content=\"M\u00e1rcio Miranda Pontes\" \/>\n\t<meta name=\"twitter:label2\" content=\"Est. tempo de leitura\" \/>\n\t<meta name=\"twitter:data2\" content=\"3 minutos\" \/>\n<script type=\"application\/ld+json\" class=\"yoast-schema-graph\">{\"@context\":\"https:\\\/\\\/schema.org\",\"@graph\":[{\"@type\":\"Article\",\"@id\":\"https:\\\/\\\/www.sabra.org.br\\\/site\\\/conheca-6-grandes-mulheres-compositoras-da-musica-erudita\\\/#article\",\"isPartOf\":{\"@id\":\"https:\\\/\\\/www.sabra.org.br\\\/site\\\/conheca-6-grandes-mulheres-compositoras-da-musica-erudita\\\/\"},\"author\":{\"name\":\"M\u00e1rcio Miranda Pontes\",\"@id\":\"https:\\\/\\\/www.sabra.org.br\\\/site\\\/#\\\/schema\\\/person\\\/7d1d222c3c8891d4c37c7b41bf6315c2\"},\"headline\":\"Conhe\u00e7a 6 grandes mulheres compositoras da m\u00fasica erudita\",\"datePublished\":\"2017-10-03T14:54:10+00:00\",\"dateModified\":\"2025-04-20T22:12:09+00:00\",\"mainEntityOfPage\":{\"@id\":\"https:\\\/\\\/www.sabra.org.br\\\/site\\\/conheca-6-grandes-mulheres-compositoras-da-musica-erudita\\\/\"},\"wordCount\":795,\"publisher\":{\"@id\":\"https:\\\/\\\/www.sabra.org.br\\\/site\\\/#organization\"},\"image\":{\"@id\":\"https:\\\/\\\/www.sabra.org.br\\\/site\\\/conheca-6-grandes-mulheres-compositoras-da-musica-erudita\\\/#primaryimage\"},\"thumbnailUrl\":\"https:\\\/\\\/www.sabra.org.br\\\/site\\\/wp-content\\\/uploads\\\/2017\\\/10\\\/conheca-6-grandes-mulheres-compositoras-da-musica-erudita-20170920155615.jpg.jpg\",\"keywords\":[\"Assist\u00eancia social\",\"Musicaliza\u00e7\u00e3o Infantil\",\"Oficina Musical SABRA\",\"Orquestra Sinf\u00f4nica de Betim\",\"Sociedade Art\u00edstica Brasileira\"],\"articleSection\":[\"Blog SABRA\"],\"inLanguage\":\"pt-BR\"},{\"@type\":\"WebPage\",\"@id\":\"https:\\\/\\\/www.sabra.org.br\\\/site\\\/conheca-6-grandes-mulheres-compositoras-da-musica-erudita\\\/\",\"url\":\"https:\\\/\\\/www.sabra.org.br\\\/site\\\/conheca-6-grandes-mulheres-compositoras-da-musica-erudita\\\/\",\"name\":\"Conhe\u00e7a 6 grandes mulheres compositoras da m\u00fasica erudita - SABRA - Sociedade Art\u00edstica Brasileira\",\"isPartOf\":{\"@id\":\"https:\\\/\\\/www.sabra.org.br\\\/site\\\/#website\"},\"primaryImageOfPage\":{\"@id\":\"https:\\\/\\\/www.sabra.org.br\\\/site\\\/conheca-6-grandes-mulheres-compositoras-da-musica-erudita\\\/#primaryimage\"},\"image\":{\"@id\":\"https:\\\/\\\/www.sabra.org.br\\\/site\\\/conheca-6-grandes-mulheres-compositoras-da-musica-erudita\\\/#primaryimage\"},\"thumbnailUrl\":\"https:\\\/\\\/www.sabra.org.br\\\/site\\\/wp-content\\\/uploads\\\/2017\\\/10\\\/conheca-6-grandes-mulheres-compositoras-da-musica-erudita-20170920155615.jpg.jpg\",\"datePublished\":\"2017-10-03T14:54:10+00:00\",\"dateModified\":\"2025-04-20T22:12:09+00:00\",\"description\":\"Apesar da presen\u00e7a expressiva nas orquestras, nos coros, na pesquisa musical, na doc\u00eancia e na reg\u00eancia, as mulheres n\u00e3o s\u00e3o t\u00e3o estudadas quando o assunto \u00e9 composi\u00e7\u00e3o de m\u00fasica cl\u00e1ssica.\",\"breadcrumb\":{\"@id\":\"https:\\\/\\\/www.sabra.org.br\\\/site\\\/conheca-6-grandes-mulheres-compositoras-da-musica-erudita\\\/#breadcrumb\"},\"inLanguage\":\"pt-BR\",\"potentialAction\":[{\"@type\":\"ReadAction\",\"target\":[\"https:\\\/\\\/www.sabra.org.br\\\/site\\\/conheca-6-grandes-mulheres-compositoras-da-musica-erudita\\\/\"]}]},{\"@type\":\"ImageObject\",\"inLanguage\":\"pt-BR\",\"@id\":\"https:\\\/\\\/www.sabra.org.br\\\/site\\\/conheca-6-grandes-mulheres-compositoras-da-musica-erudita\\\/#primaryimage\",\"url\":\"https:\\\/\\\/www.sabra.org.br\\\/site\\\/wp-content\\\/uploads\\\/2017\\\/10\\\/conheca-6-grandes-mulheres-compositoras-da-musica-erudita-20170920155615.jpg.jpg\",\"contentUrl\":\"https:\\\/\\\/www.sabra.org.br\\\/site\\\/wp-content\\\/uploads\\\/2017\\\/10\\\/conheca-6-grandes-mulheres-compositoras-da-musica-erudita-20170920155615.jpg.jpg\",\"width\":1697,\"height\":1131,\"caption\":\"Sociedade Art\u00edstica Brasileira SABRA\"},{\"@type\":\"BreadcrumbList\",\"@id\":\"https:\\\/\\\/www.sabra.org.br\\\/site\\\/conheca-6-grandes-mulheres-compositoras-da-musica-erudita\\\/#breadcrumb\",\"itemListElement\":[{\"@type\":\"ListItem\",\"position\":1,\"name\":\"In\u00edcio\",\"item\":\"https:\\\/\\\/www.sabra.org.br\\\/site\\\/\"},{\"@type\":\"ListItem\",\"position\":2,\"name\":\"Conhe\u00e7a 6 grandes mulheres compositoras da m\u00fasica erudita\"}]},{\"@type\":\"WebSite\",\"@id\":\"https:\\\/\\\/www.sabra.org.br\\\/site\\\/#website\",\"url\":\"https:\\\/\\\/www.sabra.org.br\\\/site\\\/\",\"name\":\"SABRA - Sociedade Art\u00edstica Brasileira\",\"description\":\"Escola de M\u00fasica, Orquestra Sinf\u00f4nica, Coral e Patrim\u00f4nio Cultural e Hist\u00f3rico\",\"publisher\":{\"@id\":\"https:\\\/\\\/www.sabra.org.br\\\/site\\\/#organization\"},\"potentialAction\":[{\"@type\":\"SearchAction\",\"target\":{\"@type\":\"EntryPoint\",\"urlTemplate\":\"https:\\\/\\\/www.sabra.org.br\\\/site\\\/?s={search_term_string}\"},\"query-input\":{\"@type\":\"PropertyValueSpecification\",\"valueRequired\":true,\"valueName\":\"search_term_string\"}}],\"inLanguage\":\"pt-BR\"},{\"@type\":\"Organization\",\"@id\":\"https:\\\/\\\/www.sabra.org.br\\\/site\\\/#organization\",\"name\":\"SOCIEDADE ART\u00cdSTICA BRASILEIRA SABRA\",\"alternateName\":\"SABRA\",\"url\":\"https:\\\/\\\/www.sabra.org.br\\\/site\\\/\",\"logo\":{\"@type\":\"ImageObject\",\"inLanguage\":\"pt-BR\",\"@id\":\"https:\\\/\\\/www.sabra.org.br\\\/site\\\/#\\\/schema\\\/logo\\\/image\\\/\",\"url\":\"https:\\\/\\\/www.sabra.org.br\\\/site\\\/wp-content\\\/uploads\\\/2019\\\/06\\\/cropped-Logo_SABRA-Copia-1.webp\",\"contentUrl\":\"https:\\\/\\\/www.sabra.org.br\\\/site\\\/wp-content\\\/uploads\\\/2019\\\/06\\\/cropped-Logo_SABRA-Copia-1.webp\",\"width\":400,\"height\":128,\"caption\":\"SOCIEDADE ART\u00cdSTICA BRASILEIRA SABRA\"},\"image\":{\"@id\":\"https:\\\/\\\/www.sabra.org.br\\\/site\\\/#\\\/schema\\\/logo\\\/image\\\/\"},\"sameAs\":[\"https:\\\/\\\/www.facebook.com\\\/sabrabrasil\",\"https:\\\/\\\/x.com\\\/ContatoSabra\",\"https:\\\/\\\/www.instagram.com\\\/sabrabrasil\\\/\",\"https:\\\/\\\/www.linkedin.com\\\/company\\\/25002088\\\/\",\"https:\\\/\\\/br.pinterest.com\\\/sociedadeartisticabrasileira\\\/\",\"https:\\\/\\\/www.youtube.com\\\/c\\\/sabrabrasil\"]},{\"@type\":\"Person\",\"@id\":\"https:\\\/\\\/www.sabra.org.br\\\/site\\\/#\\\/schema\\\/person\\\/7d1d222c3c8891d4c37c7b41bf6315c2\",\"name\":\"M\u00e1rcio Miranda Pontes\",\"image\":{\"@type\":\"ImageObject\",\"inLanguage\":\"pt-BR\",\"@id\":\"https:\\\/\\\/secure.gravatar.com\\\/avatar\\\/3b45f24496a7625a3a6c436688fbe20344faaeb2979658dc4a9921f984d7df9a?s=96&d=mm&r=g\",\"url\":\"https:\\\/\\\/secure.gravatar.com\\\/avatar\\\/3b45f24496a7625a3a6c436688fbe20344faaeb2979658dc4a9921f984d7df9a?s=96&d=mm&r=g\",\"contentUrl\":\"https:\\\/\\\/secure.gravatar.com\\\/avatar\\\/3b45f24496a7625a3a6c436688fbe20344faaeb2979658dc4a9921f984d7df9a?s=96&d=mm&r=g\",\"caption\":\"M\u00e1rcio Miranda Pontes\"},\"sameAs\":[\"http:\\\/\\\/www.sabra.org.br\"],\"url\":\"https:\\\/\\\/www.sabra.org.br\\\/site\\\/author\\\/marcio-miranda-pontes\\\/\"}]}<\/script>\n<!-- \/ Yoast SEO plugin. -->","yoast_head_json":{"title":"Conhe\u00e7a 6 grandes mulheres compositoras da m\u00fasica erudita - SABRA - Sociedade Art\u00edstica Brasileira","description":"Apesar da presen\u00e7a expressiva nas orquestras, nos coros, na pesquisa musical, na doc\u00eancia e na reg\u00eancia, as mulheres n\u00e3o s\u00e3o t\u00e3o estudadas quando o assunto \u00e9 composi\u00e7\u00e3o de m\u00fasica cl\u00e1ssica.","robots":{"index":"index","follow":"follow","max-snippet":"max-snippet:-1","max-image-preview":"max-image-preview:large","max-video-preview":"max-video-preview:-1"},"canonical":"https:\/\/www.sabra.org.br\/site\/conheca-6-grandes-mulheres-compositoras-da-musica-erudita\/","og_locale":"pt_BR","og_type":"article","og_title":"Conhe\u00e7a 6 grandes mulheres compositoras da m\u00fasica erudita - SABRA - Sociedade Art\u00edstica Brasileira","og_description":"Apesar da presen\u00e7a expressiva nas orquestras, nos coros, na pesquisa musical, na doc\u00eancia e na reg\u00eancia, as mulheres n\u00e3o s\u00e3o t\u00e3o estudadas quando o assunto \u00e9 composi\u00e7\u00e3o de m\u00fasica cl\u00e1ssica.","og_url":"https:\/\/www.sabra.org.br\/site\/conheca-6-grandes-mulheres-compositoras-da-musica-erudita\/","og_site_name":"SABRA - Sociedade Art\u00edstica Brasileira","article_publisher":"https:\/\/www.facebook.com\/sabrabrasil","article_published_time":"2017-10-03T14:54:10+00:00","article_modified_time":"2025-04-20T22:12:09+00:00","og_image":[{"width":1697,"height":1131,"url":"https:\/\/www.sabra.org.br\/site\/wp-content\/uploads\/2017\/10\/conheca-6-grandes-mulheres-compositoras-da-musica-erudita-20170920155615.jpg.jpg","type":"image\/jpeg"}],"author":"M\u00e1rcio Miranda Pontes","twitter_card":"summary_large_image","twitter_creator":"@ContatoSabra","twitter_site":"@ContatoSabra","twitter_misc":{"Escrito por":"M\u00e1rcio Miranda Pontes","Est. tempo de leitura":"3 minutos"},"schema":{"@context":"https:\/\/schema.org","@graph":[{"@type":"Article","@id":"https:\/\/www.sabra.org.br\/site\/conheca-6-grandes-mulheres-compositoras-da-musica-erudita\/#article","isPartOf":{"@id":"https:\/\/www.sabra.org.br\/site\/conheca-6-grandes-mulheres-compositoras-da-musica-erudita\/"},"author":{"name":"M\u00e1rcio Miranda Pontes","@id":"https:\/\/www.sabra.org.br\/site\/#\/schema\/person\/7d1d222c3c8891d4c37c7b41bf6315c2"},"headline":"Conhe\u00e7a 6 grandes mulheres compositoras da m\u00fasica erudita","datePublished":"2017-10-03T14:54:10+00:00","dateModified":"2025-04-20T22:12:09+00:00","mainEntityOfPage":{"@id":"https:\/\/www.sabra.org.br\/site\/conheca-6-grandes-mulheres-compositoras-da-musica-erudita\/"},"wordCount":795,"publisher":{"@id":"https:\/\/www.sabra.org.br\/site\/#organization"},"image":{"@id":"https:\/\/www.sabra.org.br\/site\/conheca-6-grandes-mulheres-compositoras-da-musica-erudita\/#primaryimage"},"thumbnailUrl":"https:\/\/www.sabra.org.br\/site\/wp-content\/uploads\/2017\/10\/conheca-6-grandes-mulheres-compositoras-da-musica-erudita-20170920155615.jpg.jpg","keywords":["Assist\u00eancia social","Musicaliza\u00e7\u00e3o Infantil","Oficina Musical SABRA","Orquestra Sinf\u00f4nica de Betim","Sociedade Art\u00edstica Brasileira"],"articleSection":["Blog SABRA"],"inLanguage":"pt-BR"},{"@type":"WebPage","@id":"https:\/\/www.sabra.org.br\/site\/conheca-6-grandes-mulheres-compositoras-da-musica-erudita\/","url":"https:\/\/www.sabra.org.br\/site\/conheca-6-grandes-mulheres-compositoras-da-musica-erudita\/","name":"Conhe\u00e7a 6 grandes mulheres compositoras da m\u00fasica erudita - SABRA - Sociedade Art\u00edstica Brasileira","isPartOf":{"@id":"https:\/\/www.sabra.org.br\/site\/#website"},"primaryImageOfPage":{"@id":"https:\/\/www.sabra.org.br\/site\/conheca-6-grandes-mulheres-compositoras-da-musica-erudita\/#primaryimage"},"image":{"@id":"https:\/\/www.sabra.org.br\/site\/conheca-6-grandes-mulheres-compositoras-da-musica-erudita\/#primaryimage"},"thumbnailUrl":"https:\/\/www.sabra.org.br\/site\/wp-content\/uploads\/2017\/10\/conheca-6-grandes-mulheres-compositoras-da-musica-erudita-20170920155615.jpg.jpg","datePublished":"2017-10-03T14:54:10+00:00","dateModified":"2025-04-20T22:12:09+00:00","description":"Apesar da presen\u00e7a expressiva nas orquestras, nos coros, na pesquisa musical, na doc\u00eancia e na reg\u00eancia, as mulheres n\u00e3o s\u00e3o t\u00e3o estudadas quando o assunto \u00e9 composi\u00e7\u00e3o de m\u00fasica cl\u00e1ssica.","breadcrumb":{"@id":"https:\/\/www.sabra.org.br\/site\/conheca-6-grandes-mulheres-compositoras-da-musica-erudita\/#breadcrumb"},"inLanguage":"pt-BR","potentialAction":[{"@type":"ReadAction","target":["https:\/\/www.sabra.org.br\/site\/conheca-6-grandes-mulheres-compositoras-da-musica-erudita\/"]}]},{"@type":"ImageObject","inLanguage":"pt-BR","@id":"https:\/\/www.sabra.org.br\/site\/conheca-6-grandes-mulheres-compositoras-da-musica-erudita\/#primaryimage","url":"https:\/\/www.sabra.org.br\/site\/wp-content\/uploads\/2017\/10\/conheca-6-grandes-mulheres-compositoras-da-musica-erudita-20170920155615.jpg.jpg","contentUrl":"https:\/\/www.sabra.org.br\/site\/wp-content\/uploads\/2017\/10\/conheca-6-grandes-mulheres-compositoras-da-musica-erudita-20170920155615.jpg.jpg","width":1697,"height":1131,"caption":"Sociedade Art\u00edstica Brasileira SABRA"},{"@type":"BreadcrumbList","@id":"https:\/\/www.sabra.org.br\/site\/conheca-6-grandes-mulheres-compositoras-da-musica-erudita\/#breadcrumb","itemListElement":[{"@type":"ListItem","position":1,"name":"In\u00edcio","item":"https:\/\/www.sabra.org.br\/site\/"},{"@type":"ListItem","position":2,"name":"Conhe\u00e7a 6 grandes mulheres compositoras da m\u00fasica erudita"}]},{"@type":"WebSite","@id":"https:\/\/www.sabra.org.br\/site\/#website","url":"https:\/\/www.sabra.org.br\/site\/","name":"SABRA - Sociedade Art\u00edstica Brasileira","description":"Escola de M\u00fasica, Orquestra Sinf\u00f4nica, Coral e Patrim\u00f4nio Cultural e Hist\u00f3rico","publisher":{"@id":"https:\/\/www.sabra.org.br\/site\/#organization"},"potentialAction":[{"@type":"SearchAction","target":{"@type":"EntryPoint","urlTemplate":"https:\/\/www.sabra.org.br\/site\/?s={search_term_string}"},"query-input":{"@type":"PropertyValueSpecification","valueRequired":true,"valueName":"search_term_string"}}],"inLanguage":"pt-BR"},{"@type":"Organization","@id":"https:\/\/www.sabra.org.br\/site\/#organization","name":"SOCIEDADE ART\u00cdSTICA BRASILEIRA SABRA","alternateName":"SABRA","url":"https:\/\/www.sabra.org.br\/site\/","logo":{"@type":"ImageObject","inLanguage":"pt-BR","@id":"https:\/\/www.sabra.org.br\/site\/#\/schema\/logo\/image\/","url":"https:\/\/www.sabra.org.br\/site\/wp-content\/uploads\/2019\/06\/cropped-Logo_SABRA-Copia-1.webp","contentUrl":"https:\/\/www.sabra.org.br\/site\/wp-content\/uploads\/2019\/06\/cropped-Logo_SABRA-Copia-1.webp","width":400,"height":128,"caption":"SOCIEDADE ART\u00cdSTICA BRASILEIRA SABRA"},"image":{"@id":"https:\/\/www.sabra.org.br\/site\/#\/schema\/logo\/image\/"},"sameAs":["https:\/\/www.facebook.com\/sabrabrasil","https:\/\/x.com\/ContatoSabra","https:\/\/www.instagram.com\/sabrabrasil\/","https:\/\/www.linkedin.com\/company\/25002088\/","https:\/\/br.pinterest.com\/sociedadeartisticabrasileira\/","https:\/\/www.youtube.com\/c\/sabrabrasil"]},{"@type":"Person","@id":"https:\/\/www.sabra.org.br\/site\/#\/schema\/person\/7d1d222c3c8891d4c37c7b41bf6315c2","name":"M\u00e1rcio Miranda Pontes","image":{"@type":"ImageObject","inLanguage":"pt-BR","@id":"https:\/\/secure.gravatar.com\/avatar\/3b45f24496a7625a3a6c436688fbe20344faaeb2979658dc4a9921f984d7df9a?s=96&d=mm&r=g","url":"https:\/\/secure.gravatar.com\/avatar\/3b45f24496a7625a3a6c436688fbe20344faaeb2979658dc4a9921f984d7df9a?s=96&d=mm&r=g","contentUrl":"https:\/\/secure.gravatar.com\/avatar\/3b45f24496a7625a3a6c436688fbe20344faaeb2979658dc4a9921f984d7df9a?s=96&d=mm&r=g","caption":"M\u00e1rcio Miranda Pontes"},"sameAs":["http:\/\/www.sabra.org.br"],"url":"https:\/\/www.sabra.org.br\/site\/author\/marcio-miranda-pontes\/"}]}},"jetpack_featured_media_url":"https:\/\/www.sabra.org.br\/site\/wp-content\/uploads\/2017\/10\/conheca-6-grandes-mulheres-compositoras-da-musica-erudita-20170920155615.jpg.jpg","jetpack_shortlink":"https:\/\/wp.me\/p95j2Z-bb","jetpack-related-posts":[{"id":13461,"url":"https:\/\/www.sabra.org.br\/site\/mulher-compositora\/","url_meta":{"origin":693,"position":0},"title":"Que diferen\u00e7a as mulheres compositoras fizeram na m\u00fasica erudita?","author":"M\u00e1rcio Miranda Pontes","date":"19 de maio de 2025","format":false,"excerpt":"Explore a presen\u00e7a da mulher na m\u00fasica erudita e sua import\u00e2ncia na hist\u00f3ria musical. Conhe\u00e7a as compositoras influentes.","rel":"","context":"Em &quot;Blog SABRA&quot;","block_context":{"text":"Blog SABRA","link":"https:\/\/www.sabra.org.br\/site\/category\/blog-sabra\/"},"img":{"alt_text":"","src":"","width":0,"height":0},"classes":[]},{"id":13283,"url":"https:\/\/www.sabra.org.br\/site\/conheca-x-mulheres-que-mudaram-a-musica-classica\/","url_meta":{"origin":693,"position":1},"title":"Conhe\u00e7a X mulheres que mudaram a m\u00fasica cl\u00e1ssica","author":"","date":"22 de agosto de 2025","format":false,"excerpt":"A m\u00fasica cl\u00e1ssica \u00e9 uma forma de arte que tem sido dominada pelos homens ao longo da hist\u00f3ria. No entanto, as mulheres t\u00eam desempenhado um papel importante na evolu\u00e7\u00e3o da m\u00fasica cl\u00e1ssica, e muitas vezes n\u00e3o recebem o reconhecimento que merecem. Neste post, apresentaremos 5 mulheres que mudaram a m\u00fasica\u2026","rel":"","context":"Em &quot;Blog SABRA&quot;","block_context":{"text":"Blog SABRA","link":"https:\/\/www.sabra.org.br\/site\/category\/blog-sabra\/"},"img":{"alt_text":"","src":"","width":0,"height":0},"classes":[]},{"id":13498,"url":"https:\/\/www.sabra.org.br\/site\/mulheres-na-musica-2\/","url_meta":{"origin":693,"position":2},"title":"Como as mulheres vem conquistando cada vez mais o seu espa\u00e7o no mundo da m\u00fasica?","author":"M\u00e1rcio Miranda Pontes","date":"15 de maio de 2025","format":false,"excerpt":"Descubra como as mulheres enfrentam preconceitos na ind\u00fastria musical e conquistam seu espa\u00e7o apesar da adversidade.","rel":"","context":"Em &quot;Blog SABRA&quot;","block_context":{"text":"Blog SABRA","link":"https:\/\/www.sabra.org.br\/site\/category\/blog-sabra\/"},"img":{"alt_text":"","src":"","width":0,"height":0},"classes":[]},{"id":3825,"url":"https:\/\/www.sabra.org.br\/site\/mulher-musica\/","url_meta":{"origin":693,"position":3},"title":"O crescente destaque das mulheres no cen\u00e1rio musical brasileiro","author":"M\u00e1rcio Miranda Pontes","date":"24 de abril de 2021","format":false,"excerpt":"O crescente destaque das mulheres no cen\u00e1rio musical brasileiro O papel da mulher na m\u00fasica brasileira \u00e9 bastante significativo e transgressor. Acesse o nosso texto e entenda como vem acontecendo o crescimento significativo das mulheres no panorama da m\u00fasica brasileira.","rel":"","context":"Em &quot;Blog SABRA&quot;","block_context":{"text":"Blog SABRA","link":"https:\/\/www.sabra.org.br\/site\/category\/blog-sabra\/"},"img":{"alt_text":"mulher compositora m\u00fasica","src":"https:\/\/i0.wp.com\/www.sabra.org.br\/site\/wp-content\/uploads\/2021\/04\/o-crescente-destaque-das-mulheres-no-cenario-musical-brasileiro-20200731145705.jpg.jpg?resize=350%2C200&ssl=1","width":350,"height":200,"srcset":"https:\/\/i0.wp.com\/www.sabra.org.br\/site\/wp-content\/uploads\/2021\/04\/o-crescente-destaque-das-mulheres-no-cenario-musical-brasileiro-20200731145705.jpg.jpg?resize=350%2C200&ssl=1 1x, https:\/\/i0.wp.com\/www.sabra.org.br\/site\/wp-content\/uploads\/2021\/04\/o-crescente-destaque-das-mulheres-no-cenario-musical-brasileiro-20200731145705.jpg.jpg?resize=525%2C300&ssl=1 1.5x, https:\/\/i0.wp.com\/www.sabra.org.br\/site\/wp-content\/uploads\/2021\/04\/o-crescente-destaque-das-mulheres-no-cenario-musical-brasileiro-20200731145705.jpg.jpg?resize=700%2C400&ssl=1 2x"},"classes":[]},{"id":4790,"url":"https:\/\/www.sabra.org.br\/site\/musica-erudita-brasileira\/","url_meta":{"origin":693,"position":4},"title":"O que \u00e9 a m\u00fasica erudita brasileira?","author":"M\u00e1rcio Miranda Pontes","date":"3 de mar\u00e7o de 2022","format":false,"excerpt":"Voc\u00ea conhece um pouco da m\u00fasica erudita brasileira? Neste texto, entenda do que se trata, quais as origens da m\u00fasica erudita brasileira e quais os seus principais compositores. Confira conosco!","rel":"","context":"Em &quot;Blog SABRA&quot;","block_context":{"text":"Blog SABRA","link":"https:\/\/www.sabra.org.br\/site\/category\/blog-sabra\/"},"img":{"alt_text":"musica-erudita-brasileira-brasileiro","src":"https:\/\/i0.wp.com\/www.sabra.org.br\/site\/wp-content\/uploads\/2022\/03\/o-que-e-a-musica-erudita-brasileira-20220208141739.jpg.jpg?resize=350%2C200&ssl=1","width":350,"height":200,"srcset":"https:\/\/i0.wp.com\/www.sabra.org.br\/site\/wp-content\/uploads\/2022\/03\/o-que-e-a-musica-erudita-brasileira-20220208141739.jpg.jpg?resize=350%2C200&ssl=1 1x, https:\/\/i0.wp.com\/www.sabra.org.br\/site\/wp-content\/uploads\/2022\/03\/o-que-e-a-musica-erudita-brasileira-20220208141739.jpg.jpg?resize=525%2C300&ssl=1 1.5x, https:\/\/i0.wp.com\/www.sabra.org.br\/site\/wp-content\/uploads\/2022\/03\/o-que-e-a-musica-erudita-brasileira-20220208141739.jpg.jpg?resize=700%2C400&ssl=1 2x"},"classes":[]},{"id":7961,"url":"https:\/\/www.sabra.org.br\/site\/compositores-classica\/","url_meta":{"origin":693,"position":5},"title":"6 grandes nomes que marcaram a m\u00fasica cl\u00e1ssica","author":"M\u00e1rcio Miranda Pontes","date":"13 de setembro de 2023","format":false,"excerpt":"Descubra os 6 grandes nomes que deixaram um legado indel\u00e9vel na m\u00fasica cl\u00e1ssica. Explore suas obras ic\u00f4nicas e mergulhe na magia da m\u00fasica cl\u00e1ssica. Prepare-se para uma viagem pelo tempo e pela genialidade desses mestres da m\u00fasica!","rel":"","context":"Em &quot;Blog SABRA&quot;","block_context":{"text":"Blog SABRA","link":"https:\/\/www.sabra.org.br\/site\/category\/blog-sabra\/"},"img":{"alt_text":"sabra-m\u00fasica-compositores-cl\u00e1ssica-nascido-bach-chopin-obras","src":"https:\/\/i0.wp.com\/www.sabra.org.br\/site\/wp-content\/uploads\/2023\/09\/x-grandes-nomes-que-marcaram-a-musica-classicajpg-20230628095402.jpg-jpg.webp?resize=350%2C200&ssl=1","width":350,"height":200,"srcset":"https:\/\/i0.wp.com\/www.sabra.org.br\/site\/wp-content\/uploads\/2023\/09\/x-grandes-nomes-que-marcaram-a-musica-classicajpg-20230628095402.jpg-jpg.webp?resize=350%2C200&ssl=1 1x, https:\/\/i0.wp.com\/www.sabra.org.br\/site\/wp-content\/uploads\/2023\/09\/x-grandes-nomes-que-marcaram-a-musica-classicajpg-20230628095402.jpg-jpg.webp?resize=525%2C300&ssl=1 1.5x, https:\/\/i0.wp.com\/www.sabra.org.br\/site\/wp-content\/uploads\/2023\/09\/x-grandes-nomes-que-marcaram-a-musica-classicajpg-20230628095402.jpg-jpg.webp?resize=700%2C400&ssl=1 2x"},"classes":[]}],"jetpack_likes_enabled":true,"jetpack_sharing_enabled":true,"_links":{"self":[{"href":"https:\/\/www.sabra.org.br\/site\/wp-json\/wp\/v2\/posts\/693","targetHints":{"allow":["GET"]}}],"collection":[{"href":"https:\/\/www.sabra.org.br\/site\/wp-json\/wp\/v2\/posts"}],"about":[{"href":"https:\/\/www.sabra.org.br\/site\/wp-json\/wp\/v2\/types\/post"}],"author":[{"embeddable":true,"href":"https:\/\/www.sabra.org.br\/site\/wp-json\/wp\/v2\/users\/39"}],"replies":[{"embeddable":true,"href":"https:\/\/www.sabra.org.br\/site\/wp-json\/wp\/v2\/comments?post=693"}],"version-history":[{"count":0,"href":"https:\/\/www.sabra.org.br\/site\/wp-json\/wp\/v2\/posts\/693\/revisions"}],"wp:featuredmedia":[{"embeddable":true,"href":"https:\/\/www.sabra.org.br\/site\/wp-json\/wp\/v2\/media\/694"}],"wp:attachment":[{"href":"https:\/\/www.sabra.org.br\/site\/wp-json\/wp\/v2\/media?parent=693"}],"wp:term":[{"taxonomy":"category","embeddable":true,"href":"https:\/\/www.sabra.org.br\/site\/wp-json\/wp\/v2\/categories?post=693"},{"taxonomy":"post_tag","embeddable":true,"href":"https:\/\/www.sabra.org.br\/site\/wp-json\/wp\/v2\/tags?post=693"}],"curies":[{"name":"wp","href":"https:\/\/api.w.org\/{rel}","templated":true}]}}