{"id":706,"date":"2017-10-06T05:03:38","date_gmt":"2017-10-06T08:03:38","guid":{"rendered":"http:\/\/www.sabra.org.br\/site\/?p=706"},"modified":"2025-04-20T19:12:40","modified_gmt":"2025-04-20T22:12:40","slug":"o-que-significa-cantar-a-capela","status":"publish","type":"post","link":"https:\/\/www.sabra.org.br\/site\/o-que-significa-cantar-a-capela\/","title":{"rendered":"O que significa \u201ccantar \u00e0 capela\u201d?"},"content":{"rendered":"<p>Muito popular nos dias de hoje, o canto \u00e0 capela \u00e9 uma t\u00e9cnica musical que utiliza apenas a voz humana para executar composi\u00e7\u00f5es, sem o aux\u00edlio de instrumentos musicais ou de recursos tecnol\u00f3gicos para modificar a qualidade vocal. Apesar do elevado grau de dificuldade, o resultado \u00e9 bel\u00edssimo: encanta cora\u00e7\u00f5es e toca os sentidos.<\/p>\n<p>Como surgiu o canto \u00e0 capela?<\/p>\n<p>O canto \u201c\u00e0 capela\u201d, ou \u201ca capela\u201d sem o uso da crase, vem do italiano, e quer dizer \u201ccantar \u00e0 moda da capela\u201d. O nome revela muito sobre as origens da t\u00e9cnica musical, que foi desenvolvida pelos monges e membros do cl\u00e9rigo cat\u00f3lico para as liturgias religiosas \u2013 apesar de tamb\u00e9m haver ind\u00edcios da uma vertente bizantina nos rituais da igreja ortodoxa, outra mu\u00e7ulmana e outra judaica nas sinagogas.<\/p>\n<p>Enquanto nas grandes catedrais, o coro era geralmente acompanhado por um imponente \u00f3rg\u00e3o central, nas pequenas capelas criou-se a tradi\u00e7\u00e3o do canto baseado somente na voz humana. Por isso, a express\u00e3o \u201ccantar a capela\u201d, ou da forma que se cantava nas pequenas igrejas e espa\u00e7os reduzidos.<\/p>\n<p>O estilo surgiu na Europa e alguns relatos hist\u00f3ricos apontam que as primeiras composi\u00e7\u00f5es polif\u00f4nicas utilizando a t\u00e9cnica contavam com o acompanhamento de um instrumento musical. Um exemplo cl\u00e1ssico de m\u00fasica \u00e0 capela deste per\u00edodo (e que ainda \u00e9 popular) \u00e9 o canto gregoriano.<\/p>\n<p>Apesar da origem religiosa, compositores como Johann Sebastian Bach e Wolfgang Amadeus Mozart criaram diversas obras nesse estilo, como por exemplo a \u201cMissa em Si Menor\u201d (BWV 232) de Bach. Mas o grande destaque das composi\u00e7\u00f5es foi mesmo Giovanni Pierluigi da Palestrina, que desenvolveu inclusive o estilo Palestrina de m\u00fasica \u00e0 capela.<\/p>\n<p>Enquanto as produ\u00e7\u00f5es dos templos, igrejas e sinagogas s\u00e3o chamadas de canto religioso ou canto sagrado, o estilo independente de credo \u00e9 conhecido por m\u00fasica secular. Como exemplo desta \u00faltima tem-se os madrigais, uma forma de canto secular a capela muito comum no per\u00edodo medieval e renascentista que, em oposi\u00e7\u00e3o \u00e0 m\u00fasica sacra, abordava temas profanos como o amor, a paix\u00e3o e a bebida com amigos.<\/p>\n<p>Atualmente os cantos \u00e0 capela fazem parte da rotina de diversas religi\u00f5es crist\u00e3s, como cat\u00f3licos, batistas, menonitas, entre outros. Mas a t\u00e9cnica n\u00e3o \u00e9 exclusivamente ocidental, pois h\u00e1 s\u00e9culos templos judeus e mu\u00e7ulmanos tamb\u00e9m utilizam m\u00fasicas \u00e0 capela em suas celebra\u00e7\u00f5es.<\/p>\n<p>Voz e imita\u00e7\u00e3o de instrumentos musicais<\/p>\n<p>A despeito das ra\u00edzes religiosas, esse estilo tem feito muito sucesso nas \u00faltimas d\u00e9cadas, principalmente com a incorpora\u00e7\u00e3o de novos elementos, como a percuss\u00e3o vocal e a interpreta\u00e7\u00e3o de melodias pop \u00e0 moda da capela.<\/p>\n<p>Mantendo a caracter\u00edstica de contar somente com a voz humana, m\u00fasicos modernos imitam o som de instrumentos para complementar performances. S\u00e3o cantores com muita habilidade que, sem utilizar playback ou outros artif\u00edcios tecnol\u00f3gicos, reproduzem perfeitamente as notas musicais da bateria, do baixo, do viol\u00e3o, do naipe dos metais e mesmo de efeitos eletr\u00f4nicos dos DJs.<\/p>\n<p>O beatbox, por exemplo, \u00e9 um estilo de canto \u00e0 capela bastante recente e difundido, que surgiu nos guetos dos Estados Unidos em meados dos anos 1980 e tornou-se popular na cena hip-hop mundial.<\/p>\n<blockquote class=\"wp-embedded-content\" data-secret=\"r3pAdyr9kx\"><p><a href=\"https:\/\/www.sabra.org.br\/site\/os-beneficios-do-coral-para-a-saude-mente-e-corpo\/\">Os benef\u00edcios do coral para a sa\u00fade &#8211; mente e corpo<\/a><\/p><\/blockquote>\n<p><iframe class=\"wp-embedded-content\" sandbox=\"allow-scripts\" security=\"restricted\" style=\"position: absolute; visibility: hidden;\" title=\"&#8220;Os benef\u00edcios do coral para a sa\u00fade &#8211; mente e corpo&#8221; &#8212; SABRA - Sociedade Art\u00edstica Brasileira\" src=\"https:\/\/www.sabra.org.br\/site\/os-beneficios-do-coral-para-a-saude-mente-e-corpo\/embed\/#?secret=MgHnZP3rRP#?secret=r3pAdyr9kx\" data-secret=\"r3pAdyr9kx\" width=\"600\" height=\"338\" frameborder=\"0\" marginwidth=\"0\" marginheight=\"0\" scrolling=\"no\"><\/iframe><\/p>\n<hr \/>\n<h2>Se voc\u00ea gostou deste post:<\/h2>\n<p>&#8211; SIGA as nossas p\u00e1ginas nas redes sociais para acompanhar as nossas atualiza\u00e7\u00f5es: estamos no <a href=\"https:\/\/www.facebook.com\/sabrabrasil\" target=\"_blank\" rel=\"noopener\">Facebook<\/a>, no <a href=\"https:\/\/www.instagram.com\/sabrabrasil\/\" target=\"_blank\" rel=\"noopener\">Instagram<\/a>, no <a href=\"https:\/\/www.linkedin.com\/company\/25002088\" target=\"_blank\" rel=\"noopener\">LinkedIn<\/a>, no <a href=\"https:\/\/twitter.com\/ContatoSabra\" target=\"_blank\" rel=\"noopener\">Twitter<\/a> e no <a href=\"https:\/\/www.youtube.com\/channel\/UCJw-kbuEvzUNdeQf20Pa-eQ\" target=\"_blank\" rel=\"noopener\">YouTube<\/a>!<\/p>\n<p>&#8211; CONHE\u00c7A o trabalho da Sociedade Art\u00edstica Brasileira (SABRA) e todas as iniciativas culturais e sociais que ela mant\u00e9m. <a href=\"https:\/\/www.sabra.org.br\/site\/acoes\/\" target=\"_blank\" rel=\"noopener\">Acesse nosso site!<\/a><\/p>\n<p>&#8211; ENTRE EM CONTATO com a gente. E veja quais s\u00e3o as op\u00e7\u00f5es de ajuda na manuten\u00e7\u00e3o de nossas a\u00e7\u00f5es sociais e culturais. Basta acessar nossa p\u00e1gina <a href=\"https:\/\/www.sabra.org.br\/site\/doe-agora\/\" target=\"_blank\" rel=\"noopener\">Doe Agora!<\/a><\/p>\n<p>&#8211; COMPARTILHE este texto nas suas redes sociais e ajude os seus amigos a tamb\u00e9m dominarem o assunto!<\/p>\n<p>\u2013 Os projetos da @sabrabrasil s\u00e3o realizados com o patroci\u0301nio m\u00e1ster: @institutounimedbh, viabilizado pelo incentivo de mais de 5,2 mil m\u00e9dicos cooperados e colaboradores via Lei de Incentivo \u00e0 Cultura &#8211; @mturismo, @culturagovbr. Patroc\u00ednio prata: @vallourec e apoio: @prefeiturabetim<\/p>\n","protected":false},"excerpt":{"rendered":"<p>o canto \u00e0 capela \u00e9 uma t\u00e9cnica musical que utiliza apenas a voz humana para executar composi\u00e7\u00f5es, sem o aux\u00edlio de instrumentos musicais ou de recursos tecnol\u00f3gicos para modificar a qualidade vocal.<\/p>\n","protected":false},"author":39,"featured_media":707,"comment_status":"closed","ping_status":"closed","sticky":false,"template":"","format":"standard","meta":{"jetpack_post_was_ever_published":false,"_jetpack_newsletter_access":"","_jetpack_dont_email_post_to_subs":false,"_jetpack_newsletter_tier_id":0,"_jetpack_memberships_contains_paywalled_content":false,"_jetpack_memberships_contains_paid_content":false,"footnotes":""},"categories":[1],"tags":[1738,15,3623,8,1285,16,12,1286,11,3622,9],"class_list":["post-706","post","type-post","status-publish","format-standard","has-post-thumbnail","hentry","category-blog-sabra","tag-nova-lima","tag-assistencia-social","tag-campos-dos-goytacazes","tag-canto-coral","tag-escola-de-musica-sabra","tag-musicalizacao-infantil","tag-oficina-musical-sabra","tag-orquestra-infanto-juvenil-de-betim","tag-orquestra-sinfonica-de-betim","tag-raposos","tag-sociedade-artistica-brasileira"],"yoast_head":"<!-- This site is optimized with the Yoast SEO plugin v27.5 - https:\/\/yoast.com\/product\/yoast-seo-wordpress\/ -->\n<title>O que significa \u201ccantar \u00e0 capela\u201d? - SABRA - Sociedade Art\u00edstica Brasileira<\/title>\n<meta name=\"description\" content=\"O canto \u00e0 capela \u00e9 uma t\u00e9cnica musical que utiliza apenas a voz humana para executar composi\u00e7\u00f5es, sem o aux\u00edlio de instrumentos musicais.\" \/>\n<meta name=\"robots\" content=\"index, follow, max-snippet:-1, max-image-preview:large, max-video-preview:-1\" \/>\n<link rel=\"canonical\" href=\"https:\/\/www.sabra.org.br\/site\/o-que-significa-cantar-a-capela\/\" \/>\n<meta property=\"og:locale\" content=\"pt_BR\" \/>\n<meta property=\"og:type\" content=\"article\" \/>\n<meta property=\"og:title\" content=\"O que significa \u201ccantar \u00e0 capela\u201d? - SABRA - Sociedade Art\u00edstica Brasileira\" \/>\n<meta property=\"og:description\" content=\"O canto \u00e0 capela \u00e9 uma t\u00e9cnica musical que utiliza apenas a voz humana para executar composi\u00e7\u00f5es, sem o aux\u00edlio de instrumentos musicais.\" \/>\n<meta property=\"og:url\" content=\"https:\/\/www.sabra.org.br\/site\/o-que-significa-cantar-a-capela\/\" \/>\n<meta property=\"og:site_name\" content=\"SABRA - Sociedade Art\u00edstica Brasileira\" \/>\n<meta property=\"article:publisher\" content=\"https:\/\/www.facebook.com\/sabrabrasil\" \/>\n<meta property=\"article:published_time\" content=\"2017-10-06T08:03:38+00:00\" \/>\n<meta property=\"article:modified_time\" content=\"2025-04-20T22:12:40+00:00\" \/>\n<meta property=\"og:image\" content=\"https:\/\/www.sabra.org.br\/site\/wp-content\/uploads\/2017\/10\/o-que-significa-cantar-a-capela-20170920155615.jpg.jpg\" \/>\n\t<meta property=\"og:image:width\" content=\"1024\" \/>\n\t<meta property=\"og:image:height\" content=\"682\" \/>\n\t<meta property=\"og:image:type\" content=\"image\/jpeg\" \/>\n<meta name=\"author\" content=\"M\u00e1rcio Miranda Pontes\" \/>\n<meta name=\"twitter:card\" content=\"summary_large_image\" \/>\n<meta name=\"twitter:creator\" content=\"@ContatoSabra\" \/>\n<meta name=\"twitter:site\" content=\"@ContatoSabra\" \/>\n<meta name=\"twitter:label1\" content=\"Escrito por\" \/>\n\t<meta name=\"twitter:data1\" content=\"M\u00e1rcio Miranda Pontes\" \/>\n\t<meta name=\"twitter:label2\" content=\"Est. tempo de leitura\" \/>\n\t<meta name=\"twitter:data2\" content=\"4 minutos\" \/>\n<script type=\"application\/ld+json\" class=\"yoast-schema-graph\">{\"@context\":\"https:\\\/\\\/schema.org\",\"@graph\":[{\"@type\":\"Article\",\"@id\":\"https:\\\/\\\/www.sabra.org.br\\\/site\\\/o-que-significa-cantar-a-capela\\\/#article\",\"isPartOf\":{\"@id\":\"https:\\\/\\\/www.sabra.org.br\\\/site\\\/o-que-significa-cantar-a-capela\\\/\"},\"author\":{\"name\":\"M\u00e1rcio Miranda Pontes\",\"@id\":\"https:\\\/\\\/www.sabra.org.br\\\/site\\\/#\\\/schema\\\/person\\\/7d1d222c3c8891d4c37c7b41bf6315c2\"},\"headline\":\"O que significa \u201ccantar \u00e0 capela\u201d?\",\"datePublished\":\"2017-10-06T08:03:38+00:00\",\"dateModified\":\"2025-04-20T22:12:40+00:00\",\"mainEntityOfPage\":{\"@id\":\"https:\\\/\\\/www.sabra.org.br\\\/site\\\/o-que-significa-cantar-a-capela\\\/\"},\"wordCount\":705,\"publisher\":{\"@id\":\"https:\\\/\\\/www.sabra.org.br\\\/site\\\/#organization\"},\"image\":{\"@id\":\"https:\\\/\\\/www.sabra.org.br\\\/site\\\/o-que-significa-cantar-a-capela\\\/#primaryimage\"},\"thumbnailUrl\":\"https:\\\/\\\/www.sabra.org.br\\\/site\\\/wp-content\\\/uploads\\\/2017\\\/10\\\/o-que-significa-cantar-a-capela-20170920155615.jpg.jpg\",\"keywords\":[\"#nova lima\",\"Assist\u00eancia social\",\"Campos dos Goytacazes\",\"Canto Coral\",\"Escola de Musica SABRA\",\"Musicaliza\u00e7\u00e3o Infantil\",\"Oficina Musical SABRA\",\"Orquestra Infanto Juvenil de Betim\",\"Orquestra Sinf\u00f4nica de Betim\",\"Raposos\",\"Sociedade Art\u00edstica Brasileira\"],\"articleSection\":[\"Blog SABRA\"],\"inLanguage\":\"pt-BR\"},{\"@type\":\"WebPage\",\"@id\":\"https:\\\/\\\/www.sabra.org.br\\\/site\\\/o-que-significa-cantar-a-capela\\\/\",\"url\":\"https:\\\/\\\/www.sabra.org.br\\\/site\\\/o-que-significa-cantar-a-capela\\\/\",\"name\":\"O que significa \u201ccantar \u00e0 capela\u201d? - SABRA - Sociedade Art\u00edstica Brasileira\",\"isPartOf\":{\"@id\":\"https:\\\/\\\/www.sabra.org.br\\\/site\\\/#website\"},\"primaryImageOfPage\":{\"@id\":\"https:\\\/\\\/www.sabra.org.br\\\/site\\\/o-que-significa-cantar-a-capela\\\/#primaryimage\"},\"image\":{\"@id\":\"https:\\\/\\\/www.sabra.org.br\\\/site\\\/o-que-significa-cantar-a-capela\\\/#primaryimage\"},\"thumbnailUrl\":\"https:\\\/\\\/www.sabra.org.br\\\/site\\\/wp-content\\\/uploads\\\/2017\\\/10\\\/o-que-significa-cantar-a-capela-20170920155615.jpg.jpg\",\"datePublished\":\"2017-10-06T08:03:38+00:00\",\"dateModified\":\"2025-04-20T22:12:40+00:00\",\"description\":\"O canto \u00e0 capela \u00e9 uma t\u00e9cnica musical que utiliza apenas a voz humana para executar composi\u00e7\u00f5es, sem o aux\u00edlio de instrumentos musicais.\",\"breadcrumb\":{\"@id\":\"https:\\\/\\\/www.sabra.org.br\\\/site\\\/o-que-significa-cantar-a-capela\\\/#breadcrumb\"},\"inLanguage\":\"pt-BR\",\"potentialAction\":[{\"@type\":\"ReadAction\",\"target\":[\"https:\\\/\\\/www.sabra.org.br\\\/site\\\/o-que-significa-cantar-a-capela\\\/\"]}]},{\"@type\":\"ImageObject\",\"inLanguage\":\"pt-BR\",\"@id\":\"https:\\\/\\\/www.sabra.org.br\\\/site\\\/o-que-significa-cantar-a-capela\\\/#primaryimage\",\"url\":\"https:\\\/\\\/www.sabra.org.br\\\/site\\\/wp-content\\\/uploads\\\/2017\\\/10\\\/o-que-significa-cantar-a-capela-20170920155615.jpg.jpg\",\"contentUrl\":\"https:\\\/\\\/www.sabra.org.br\\\/site\\\/wp-content\\\/uploads\\\/2017\\\/10\\\/o-que-significa-cantar-a-capela-20170920155615.jpg.jpg\",\"width\":1024,\"height\":682,\"caption\":\"Sociedade Art\u00edstica Brasileira SABRA\"},{\"@type\":\"BreadcrumbList\",\"@id\":\"https:\\\/\\\/www.sabra.org.br\\\/site\\\/o-que-significa-cantar-a-capela\\\/#breadcrumb\",\"itemListElement\":[{\"@type\":\"ListItem\",\"position\":1,\"name\":\"In\u00edcio\",\"item\":\"https:\\\/\\\/www.sabra.org.br\\\/site\\\/\"},{\"@type\":\"ListItem\",\"position\":2,\"name\":\"O que significa \u201ccantar \u00e0 capela\u201d?\"}]},{\"@type\":\"WebSite\",\"@id\":\"https:\\\/\\\/www.sabra.org.br\\\/site\\\/#website\",\"url\":\"https:\\\/\\\/www.sabra.org.br\\\/site\\\/\",\"name\":\"SABRA - Sociedade Art\u00edstica Brasileira\",\"description\":\"Escola de M\u00fasica, Orquestra Sinf\u00f4nica, Coral e Patrim\u00f4nio Cultural e Hist\u00f3rico\",\"publisher\":{\"@id\":\"https:\\\/\\\/www.sabra.org.br\\\/site\\\/#organization\"},\"potentialAction\":[{\"@type\":\"SearchAction\",\"target\":{\"@type\":\"EntryPoint\",\"urlTemplate\":\"https:\\\/\\\/www.sabra.org.br\\\/site\\\/?s={search_term_string}\"},\"query-input\":{\"@type\":\"PropertyValueSpecification\",\"valueRequired\":true,\"valueName\":\"search_term_string\"}}],\"inLanguage\":\"pt-BR\"},{\"@type\":\"Organization\",\"@id\":\"https:\\\/\\\/www.sabra.org.br\\\/site\\\/#organization\",\"name\":\"SOCIEDADE ART\u00cdSTICA BRASILEIRA SABRA\",\"alternateName\":\"SABRA\",\"url\":\"https:\\\/\\\/www.sabra.org.br\\\/site\\\/\",\"logo\":{\"@type\":\"ImageObject\",\"inLanguage\":\"pt-BR\",\"@id\":\"https:\\\/\\\/www.sabra.org.br\\\/site\\\/#\\\/schema\\\/logo\\\/image\\\/\",\"url\":\"https:\\\/\\\/www.sabra.org.br\\\/site\\\/wp-content\\\/uploads\\\/2019\\\/06\\\/cropped-Logo_SABRA-Copia-1.webp\",\"contentUrl\":\"https:\\\/\\\/www.sabra.org.br\\\/site\\\/wp-content\\\/uploads\\\/2019\\\/06\\\/cropped-Logo_SABRA-Copia-1.webp\",\"width\":400,\"height\":128,\"caption\":\"SOCIEDADE ART\u00cdSTICA BRASILEIRA SABRA\"},\"image\":{\"@id\":\"https:\\\/\\\/www.sabra.org.br\\\/site\\\/#\\\/schema\\\/logo\\\/image\\\/\"},\"sameAs\":[\"https:\\\/\\\/www.facebook.com\\\/sabrabrasil\",\"https:\\\/\\\/x.com\\\/ContatoSabra\",\"https:\\\/\\\/www.instagram.com\\\/sabrabrasil\\\/\",\"https:\\\/\\\/www.linkedin.com\\\/company\\\/25002088\\\/\",\"https:\\\/\\\/br.pinterest.com\\\/sociedadeartisticabrasileira\\\/\",\"https:\\\/\\\/www.youtube.com\\\/c\\\/sabrabrasil\"]},{\"@type\":\"Person\",\"@id\":\"https:\\\/\\\/www.sabra.org.br\\\/site\\\/#\\\/schema\\\/person\\\/7d1d222c3c8891d4c37c7b41bf6315c2\",\"name\":\"M\u00e1rcio Miranda Pontes\",\"image\":{\"@type\":\"ImageObject\",\"inLanguage\":\"pt-BR\",\"@id\":\"https:\\\/\\\/secure.gravatar.com\\\/avatar\\\/3b45f24496a7625a3a6c436688fbe20344faaeb2979658dc4a9921f984d7df9a?s=96&d=mm&r=g\",\"url\":\"https:\\\/\\\/secure.gravatar.com\\\/avatar\\\/3b45f24496a7625a3a6c436688fbe20344faaeb2979658dc4a9921f984d7df9a?s=96&d=mm&r=g\",\"contentUrl\":\"https:\\\/\\\/secure.gravatar.com\\\/avatar\\\/3b45f24496a7625a3a6c436688fbe20344faaeb2979658dc4a9921f984d7df9a?s=96&d=mm&r=g\",\"caption\":\"M\u00e1rcio Miranda Pontes\"},\"sameAs\":[\"http:\\\/\\\/www.sabra.org.br\"],\"url\":\"https:\\\/\\\/www.sabra.org.br\\\/site\\\/author\\\/marcio-miranda-pontes\\\/\"}]}<\/script>\n<!-- \/ Yoast SEO plugin. -->","yoast_head_json":{"title":"O que significa \u201ccantar \u00e0 capela\u201d? - SABRA - Sociedade Art\u00edstica Brasileira","description":"O canto \u00e0 capela \u00e9 uma t\u00e9cnica musical que utiliza apenas a voz humana para executar composi\u00e7\u00f5es, sem o aux\u00edlio de instrumentos musicais.","robots":{"index":"index","follow":"follow","max-snippet":"max-snippet:-1","max-image-preview":"max-image-preview:large","max-video-preview":"max-video-preview:-1"},"canonical":"https:\/\/www.sabra.org.br\/site\/o-que-significa-cantar-a-capela\/","og_locale":"pt_BR","og_type":"article","og_title":"O que significa \u201ccantar \u00e0 capela\u201d? - SABRA - Sociedade Art\u00edstica Brasileira","og_description":"O canto \u00e0 capela \u00e9 uma t\u00e9cnica musical que utiliza apenas a voz humana para executar composi\u00e7\u00f5es, sem o aux\u00edlio de instrumentos musicais.","og_url":"https:\/\/www.sabra.org.br\/site\/o-que-significa-cantar-a-capela\/","og_site_name":"SABRA - Sociedade Art\u00edstica Brasileira","article_publisher":"https:\/\/www.facebook.com\/sabrabrasil","article_published_time":"2017-10-06T08:03:38+00:00","article_modified_time":"2025-04-20T22:12:40+00:00","og_image":[{"width":1024,"height":682,"url":"https:\/\/www.sabra.org.br\/site\/wp-content\/uploads\/2017\/10\/o-que-significa-cantar-a-capela-20170920155615.jpg.jpg","type":"image\/jpeg"}],"author":"M\u00e1rcio Miranda Pontes","twitter_card":"summary_large_image","twitter_creator":"@ContatoSabra","twitter_site":"@ContatoSabra","twitter_misc":{"Escrito por":"M\u00e1rcio Miranda Pontes","Est. tempo de leitura":"4 minutos"},"schema":{"@context":"https:\/\/schema.org","@graph":[{"@type":"Article","@id":"https:\/\/www.sabra.org.br\/site\/o-que-significa-cantar-a-capela\/#article","isPartOf":{"@id":"https:\/\/www.sabra.org.br\/site\/o-que-significa-cantar-a-capela\/"},"author":{"name":"M\u00e1rcio Miranda Pontes","@id":"https:\/\/www.sabra.org.br\/site\/#\/schema\/person\/7d1d222c3c8891d4c37c7b41bf6315c2"},"headline":"O que significa \u201ccantar \u00e0 capela\u201d?","datePublished":"2017-10-06T08:03:38+00:00","dateModified":"2025-04-20T22:12:40+00:00","mainEntityOfPage":{"@id":"https:\/\/www.sabra.org.br\/site\/o-que-significa-cantar-a-capela\/"},"wordCount":705,"publisher":{"@id":"https:\/\/www.sabra.org.br\/site\/#organization"},"image":{"@id":"https:\/\/www.sabra.org.br\/site\/o-que-significa-cantar-a-capela\/#primaryimage"},"thumbnailUrl":"https:\/\/www.sabra.org.br\/site\/wp-content\/uploads\/2017\/10\/o-que-significa-cantar-a-capela-20170920155615.jpg.jpg","keywords":["#nova lima","Assist\u00eancia social","Campos dos Goytacazes","Canto Coral","Escola de Musica SABRA","Musicaliza\u00e7\u00e3o Infantil","Oficina Musical SABRA","Orquestra Infanto Juvenil de Betim","Orquestra Sinf\u00f4nica de Betim","Raposos","Sociedade Art\u00edstica Brasileira"],"articleSection":["Blog SABRA"],"inLanguage":"pt-BR"},{"@type":"WebPage","@id":"https:\/\/www.sabra.org.br\/site\/o-que-significa-cantar-a-capela\/","url":"https:\/\/www.sabra.org.br\/site\/o-que-significa-cantar-a-capela\/","name":"O que significa \u201ccantar \u00e0 capela\u201d? - SABRA - Sociedade Art\u00edstica Brasileira","isPartOf":{"@id":"https:\/\/www.sabra.org.br\/site\/#website"},"primaryImageOfPage":{"@id":"https:\/\/www.sabra.org.br\/site\/o-que-significa-cantar-a-capela\/#primaryimage"},"image":{"@id":"https:\/\/www.sabra.org.br\/site\/o-que-significa-cantar-a-capela\/#primaryimage"},"thumbnailUrl":"https:\/\/www.sabra.org.br\/site\/wp-content\/uploads\/2017\/10\/o-que-significa-cantar-a-capela-20170920155615.jpg.jpg","datePublished":"2017-10-06T08:03:38+00:00","dateModified":"2025-04-20T22:12:40+00:00","description":"O canto \u00e0 capela \u00e9 uma t\u00e9cnica musical que utiliza apenas a voz humana para executar composi\u00e7\u00f5es, sem o aux\u00edlio de instrumentos musicais.","breadcrumb":{"@id":"https:\/\/www.sabra.org.br\/site\/o-que-significa-cantar-a-capela\/#breadcrumb"},"inLanguage":"pt-BR","potentialAction":[{"@type":"ReadAction","target":["https:\/\/www.sabra.org.br\/site\/o-que-significa-cantar-a-capela\/"]}]},{"@type":"ImageObject","inLanguage":"pt-BR","@id":"https:\/\/www.sabra.org.br\/site\/o-que-significa-cantar-a-capela\/#primaryimage","url":"https:\/\/www.sabra.org.br\/site\/wp-content\/uploads\/2017\/10\/o-que-significa-cantar-a-capela-20170920155615.jpg.jpg","contentUrl":"https:\/\/www.sabra.org.br\/site\/wp-content\/uploads\/2017\/10\/o-que-significa-cantar-a-capela-20170920155615.jpg.jpg","width":1024,"height":682,"caption":"Sociedade Art\u00edstica Brasileira SABRA"},{"@type":"BreadcrumbList","@id":"https:\/\/www.sabra.org.br\/site\/o-que-significa-cantar-a-capela\/#breadcrumb","itemListElement":[{"@type":"ListItem","position":1,"name":"In\u00edcio","item":"https:\/\/www.sabra.org.br\/site\/"},{"@type":"ListItem","position":2,"name":"O que significa \u201ccantar \u00e0 capela\u201d?"}]},{"@type":"WebSite","@id":"https:\/\/www.sabra.org.br\/site\/#website","url":"https:\/\/www.sabra.org.br\/site\/","name":"SABRA - Sociedade Art\u00edstica Brasileira","description":"Escola de M\u00fasica, Orquestra Sinf\u00f4nica, Coral e Patrim\u00f4nio Cultural e Hist\u00f3rico","publisher":{"@id":"https:\/\/www.sabra.org.br\/site\/#organization"},"potentialAction":[{"@type":"SearchAction","target":{"@type":"EntryPoint","urlTemplate":"https:\/\/www.sabra.org.br\/site\/?s={search_term_string}"},"query-input":{"@type":"PropertyValueSpecification","valueRequired":true,"valueName":"search_term_string"}}],"inLanguage":"pt-BR"},{"@type":"Organization","@id":"https:\/\/www.sabra.org.br\/site\/#organization","name":"SOCIEDADE ART\u00cdSTICA BRASILEIRA SABRA","alternateName":"SABRA","url":"https:\/\/www.sabra.org.br\/site\/","logo":{"@type":"ImageObject","inLanguage":"pt-BR","@id":"https:\/\/www.sabra.org.br\/site\/#\/schema\/logo\/image\/","url":"https:\/\/www.sabra.org.br\/site\/wp-content\/uploads\/2019\/06\/cropped-Logo_SABRA-Copia-1.webp","contentUrl":"https:\/\/www.sabra.org.br\/site\/wp-content\/uploads\/2019\/06\/cropped-Logo_SABRA-Copia-1.webp","width":400,"height":128,"caption":"SOCIEDADE ART\u00cdSTICA BRASILEIRA SABRA"},"image":{"@id":"https:\/\/www.sabra.org.br\/site\/#\/schema\/logo\/image\/"},"sameAs":["https:\/\/www.facebook.com\/sabrabrasil","https:\/\/x.com\/ContatoSabra","https:\/\/www.instagram.com\/sabrabrasil\/","https:\/\/www.linkedin.com\/company\/25002088\/","https:\/\/br.pinterest.com\/sociedadeartisticabrasileira\/","https:\/\/www.youtube.com\/c\/sabrabrasil"]},{"@type":"Person","@id":"https:\/\/www.sabra.org.br\/site\/#\/schema\/person\/7d1d222c3c8891d4c37c7b41bf6315c2","name":"M\u00e1rcio Miranda Pontes","image":{"@type":"ImageObject","inLanguage":"pt-BR","@id":"https:\/\/secure.gravatar.com\/avatar\/3b45f24496a7625a3a6c436688fbe20344faaeb2979658dc4a9921f984d7df9a?s=96&d=mm&r=g","url":"https:\/\/secure.gravatar.com\/avatar\/3b45f24496a7625a3a6c436688fbe20344faaeb2979658dc4a9921f984d7df9a?s=96&d=mm&r=g","contentUrl":"https:\/\/secure.gravatar.com\/avatar\/3b45f24496a7625a3a6c436688fbe20344faaeb2979658dc4a9921f984d7df9a?s=96&d=mm&r=g","caption":"M\u00e1rcio Miranda Pontes"},"sameAs":["http:\/\/www.sabra.org.br"],"url":"https:\/\/www.sabra.org.br\/site\/author\/marcio-miranda-pontes\/"}]}},"jetpack_featured_media_url":"https:\/\/www.sabra.org.br\/site\/wp-content\/uploads\/2017\/10\/o-que-significa-cantar-a-capela-20170920155615.jpg.jpg","jetpack_shortlink":"https:\/\/wp.me\/p95j2Z-bo","jetpack-related-posts":[{"id":13467,"url":"https:\/\/www.sabra.org.br\/site\/cantar-a-capella\/","url_meta":{"origin":706,"position":0},"title":"Dicas para quem deseja ter sucesso na hora de cantar A Cappella?","author":"M\u00e1rcio Miranda Pontes","date":"17 de maio de 2025","format":false,"excerpt":"Cantar requer dedica\u00e7\u00e3o. Conhe\u00e7a as melhores dicas para aquecer sua voz e arrasar em performances \u00e0 capela.","rel":"","context":"Em &quot;Blog SABRA&quot;","block_context":{"text":"Blog SABRA","link":"https:\/\/www.sabra.org.br\/site\/category\/blog-sabra\/"},"img":{"alt_text":"","src":"","width":0,"height":0},"classes":[]},{"id":5821,"url":"https:\/\/www.sabra.org.br\/site\/historia-coral\/","url_meta":{"origin":706,"position":1},"title":"Hist\u00f3ria do Canto Coral","author":"M\u00e1rcio Miranda Pontes","date":"8 de setembro de 2022","format":false,"excerpt":"O canto coral \u00e9 maravilhoso e surgiu s\u00e9culos atr\u00e1s, passando por transforma\u00e7\u00f5es muito interessantes. Ao mesmo tempo, consegue conservar a tradi\u00e7\u00e3o e riqueza da m\u00fasica. Leia e saiba mais sobre sua origem:","rel":"","context":"Em &quot;Blog SABRA&quot;","block_context":{"text":"Blog SABRA","link":"https:\/\/www.sabra.org.br\/site\/category\/blog-sabra\/"},"img":{"alt_text":"cantar-coro-coral-sociais","src":"https:\/\/i0.wp.com\/www.sabra.org.br\/site\/wp-content\/uploads\/2022\/09\/historia-do-canto-coral-20220623120203.jpg.jpg?resize=350%2C200&ssl=1","width":350,"height":200,"srcset":"https:\/\/i0.wp.com\/www.sabra.org.br\/site\/wp-content\/uploads\/2022\/09\/historia-do-canto-coral-20220623120203.jpg.jpg?resize=350%2C200&ssl=1 1x, https:\/\/i0.wp.com\/www.sabra.org.br\/site\/wp-content\/uploads\/2022\/09\/historia-do-canto-coral-20220623120203.jpg.jpg?resize=525%2C300&ssl=1 1.5x, https:\/\/i0.wp.com\/www.sabra.org.br\/site\/wp-content\/uploads\/2022\/09\/historia-do-canto-coral-20220623120203.jpg.jpg?resize=700%2C400&ssl=1 2x"},"classes":[]},{"id":1458,"url":"https:\/\/www.sabra.org.br\/site\/coro-significado-conceito-definicao\/","url_meta":{"origin":706,"position":2},"title":"Coro &#8211; O que \u00e9?","author":"M\u00e1rcio Miranda Pontes","date":"30 de agosto de 2018","format":false,"excerpt":"Significado, conceito e defini\u00e7\u00e3o. Voc\u00ea com certeza j\u00e1 ouviu\/viu, um coral ao longo de sua vida. Mas voc\u00ea sabe, exatamente, o que define um coro? N\u00e3o? Descubra mais neste texto! Um coro \u00e9 um conjunto musical de cantores. A m\u00fasica coral, por sua vez, \u00e9 a m\u00fasica escrita especificamente para\u2026","rel":"","context":"Em &quot;Blog SABRA&quot;","block_context":{"text":"Blog SABRA","link":"https:\/\/www.sabra.org.br\/site\/category\/blog-sabra\/"},"img":{"alt_text":"Coro","src":"https:\/\/i0.wp.com\/www.sabra.org.br\/site\/wp-content\/uploads\/2018\/08\/o-que-e-coro-significado-conceito-e-definicao-20180702161300.jpg.png?resize=350%2C200&ssl=1","width":350,"height":200,"srcset":"https:\/\/i0.wp.com\/www.sabra.org.br\/site\/wp-content\/uploads\/2018\/08\/o-que-e-coro-significado-conceito-e-definicao-20180702161300.jpg.png?resize=350%2C200&ssl=1 1x, https:\/\/i0.wp.com\/www.sabra.org.br\/site\/wp-content\/uploads\/2018\/08\/o-que-e-coro-significado-conceito-e-definicao-20180702161300.jpg.png?resize=525%2C300&ssl=1 1.5x, https:\/\/i0.wp.com\/www.sabra.org.br\/site\/wp-content\/uploads\/2018\/08\/o-que-e-coro-significado-conceito-e-definicao-20180702161300.jpg.png?resize=700%2C400&ssl=1 2x"},"classes":[]},{"id":2617,"url":"https:\/\/www.sabra.org.br\/site\/michelangelo\/","url_meta":{"origin":706,"position":3},"title":"Michelangelo","author":"M\u00e1rcio Miranda Pontes","date":"24 de mar\u00e7o de 2020","format":false,"excerpt":"Michelangelo foi um dos maiores artistas italianos e fez parte do movimento renascentista. Suas obras s\u00e3o conhecidas em todo mundo e sua ineg\u00e1vel import\u00e2ncia para o mundo das artes tamb\u00e9m. https:\/\/sabra.page.link\/yLjD","rel":"","context":"Em &quot;Blog SABRA&quot;","block_context":{"text":"Blog SABRA","link":"https:\/\/www.sabra.org.br\/site\/category\/blog-sabra\/"},"img":{"alt_text":"michelangelo","src":"https:\/\/i0.wp.com\/www.sabra.org.br\/site\/wp-content\/uploads\/2020\/03\/conheca-a-historia-de-michelangelo-e-sua-importancia-para-artes-plasticas-20200110125630.jpg.jpg?resize=350%2C200&ssl=1","width":350,"height":200,"srcset":"https:\/\/i0.wp.com\/www.sabra.org.br\/site\/wp-content\/uploads\/2020\/03\/conheca-a-historia-de-michelangelo-e-sua-importancia-para-artes-plasticas-20200110125630.jpg.jpg?resize=350%2C200&ssl=1 1x, https:\/\/i0.wp.com\/www.sabra.org.br\/site\/wp-content\/uploads\/2020\/03\/conheca-a-historia-de-michelangelo-e-sua-importancia-para-artes-plasticas-20200110125630.jpg.jpg?resize=525%2C300&ssl=1 1.5x, https:\/\/i0.wp.com\/www.sabra.org.br\/site\/wp-content\/uploads\/2020\/03\/conheca-a-historia-de-michelangelo-e-sua-importancia-para-artes-plasticas-20200110125630.jpg.jpg?resize=700%2C400&ssl=1 2x"},"classes":[]},{"id":6779,"url":"https:\/\/www.sabra.org.br\/site\/coraladulto2023\/","url_meta":{"origin":706,"position":4},"title":"Vagas para Coral Adulto","author":"M\u00e1rcio Miranda Pontes","date":"21 de mar\u00e7o de 2023","format":false,"excerpt":"A Sociedade Art\u00edstica Brasileira (SABRA) est\u00e1 com inscri\u00e7\u00f5es abertas para seu curso de Coral Adulto. Para participar \u00e9 preciso ter 18 anos ou mais e comprovar resid\u00eancia em Minas Gerais. O edital prev\u00ea 42 vagas para trainee (para cantores amadores), oito vagas para surdos com conhecimento de Libras e oito\u2026","rel":"","context":"Em &quot;Not\u00edcias&quot;","block_context":{"text":"Not\u00edcias","link":"https:\/\/www.sabra.org.br\/site\/category\/noticias\/"},"img":{"alt_text":"coral-adulto-sabra-escola-m\u00fasica","src":"https:\/\/i0.wp.com\/www.sabra.org.br\/site\/wp-content\/uploads\/2023\/03\/Coral-Adulto-3.jpg?resize=350%2C200&ssl=1","width":350,"height":200,"srcset":"https:\/\/i0.wp.com\/www.sabra.org.br\/site\/wp-content\/uploads\/2023\/03\/Coral-Adulto-3.jpg?resize=350%2C200&ssl=1 1x, https:\/\/i0.wp.com\/www.sabra.org.br\/site\/wp-content\/uploads\/2023\/03\/Coral-Adulto-3.jpg?resize=525%2C300&ssl=1 1.5x, https:\/\/i0.wp.com\/www.sabra.org.br\/site\/wp-content\/uploads\/2023\/03\/Coral-Adulto-3.jpg?resize=700%2C400&ssl=1 2x"},"classes":[]},{"id":2235,"url":"https:\/\/www.sabra.org.br\/site\/formacao-e-mercado-de-trabalho-para-o-canto\/","url_meta":{"origin":706,"position":5},"title":"Cantar, cantar, cantar &#8230;","author":"M\u00e1rcio Miranda Pontes","date":"16 de julho de 2019","format":false,"excerpt":"Cantar \u00e9 uma das mais belas atividades humanas, ao lado da literatura, da poesia, do cinema e de outras formas de realiza\u00e7\u00e3o art\u00edstica. O canto \u00e9 uma linguagem que expressa a humanidade com a qual cada um foi dotado.","rel":"","context":"Em &quot;Blog SABRA&quot;","block_context":{"text":"Blog SABRA","link":"https:\/\/www.sabra.org.br\/site\/category\/blog-sabra\/"},"img":{"alt_text":"formacao-e-mercado-de-trabalho-para-o-canto","src":"https:\/\/i0.wp.com\/www.sabra.org.br\/site\/wp-content\/uploads\/2019\/07\/formacao-e-mercado-de-trabalho-para-o-canto.jpg?resize=350%2C200&ssl=1","width":350,"height":200,"srcset":"https:\/\/i0.wp.com\/www.sabra.org.br\/site\/wp-content\/uploads\/2019\/07\/formacao-e-mercado-de-trabalho-para-o-canto.jpg?resize=350%2C200&ssl=1 1x, https:\/\/i0.wp.com\/www.sabra.org.br\/site\/wp-content\/uploads\/2019\/07\/formacao-e-mercado-de-trabalho-para-o-canto.jpg?resize=525%2C300&ssl=1 1.5x"},"classes":[]}],"jetpack_likes_enabled":true,"jetpack_sharing_enabled":true,"_links":{"self":[{"href":"https:\/\/www.sabra.org.br\/site\/wp-json\/wp\/v2\/posts\/706","targetHints":{"allow":["GET"]}}],"collection":[{"href":"https:\/\/www.sabra.org.br\/site\/wp-json\/wp\/v2\/posts"}],"about":[{"href":"https:\/\/www.sabra.org.br\/site\/wp-json\/wp\/v2\/types\/post"}],"author":[{"embeddable":true,"href":"https:\/\/www.sabra.org.br\/site\/wp-json\/wp\/v2\/users\/39"}],"replies":[{"embeddable":true,"href":"https:\/\/www.sabra.org.br\/site\/wp-json\/wp\/v2\/comments?post=706"}],"version-history":[{"count":0,"href":"https:\/\/www.sabra.org.br\/site\/wp-json\/wp\/v2\/posts\/706\/revisions"}],"wp:featuredmedia":[{"embeddable":true,"href":"https:\/\/www.sabra.org.br\/site\/wp-json\/wp\/v2\/media\/707"}],"wp:attachment":[{"href":"https:\/\/www.sabra.org.br\/site\/wp-json\/wp\/v2\/media?parent=706"}],"wp:term":[{"taxonomy":"category","embeddable":true,"href":"https:\/\/www.sabra.org.br\/site\/wp-json\/wp\/v2\/categories?post=706"},{"taxonomy":"post_tag","embeddable":true,"href":"https:\/\/www.sabra.org.br\/site\/wp-json\/wp\/v2\/tags?post=706"}],"curies":[{"name":"wp","href":"https:\/\/api.w.org\/{rel}","templated":true}]}}