{"id":7063,"date":"2023-05-03T09:48:15","date_gmt":"2023-05-03T12:48:15","guid":{"rendered":"https:\/\/www.sabra.org.br\/site\/?p=7063"},"modified":"2025-04-18T11:47:23","modified_gmt":"2025-04-18T14:47:23","slug":"curso-regencia-sinfonica","status":"publish","type":"post","link":"https:\/\/www.sabra.org.br\/site\/curso-regencia-sinfonica\/","title":{"rendered":"Curso de Inicia\u00e7\u00e3o \u00e0 Reg\u00eancia Sinf\u00f4nica"},"content":{"rendered":"<p>Inserir um jovem na m\u00fasica gera muitas consequ\u00eancias positivas para o seu desenvolvimento pessoal, profissional, social e cultural. Por\u00e9m, muitas vezes \u00e9 dif\u00edcil seja por falta de op\u00e7\u00e3o ou condi\u00e7\u00f5es. Felizmente, a SABRA oferece um curso gratuito de Inicia\u00e7\u00e3o \u00e0 Reg\u00eancia Sinf\u00f4nica, que tem objetivo de inserir crian\u00e7as e adolescentes nesse tipo de atividade cultural.<\/p>\n<p>Para saber mais, vamos ver um pouco sobre o curso, al\u00e9m de seus benef\u00edcios.<\/p>\n<h3>O Curso<\/h3>\n<p>O Curso de Inicia\u00e7\u00e3o \u00e0 Reg\u00eancia Sinf\u00f4nica tem como objetivo facilitar a integra\u00e7\u00e3o social e cultural de jovens em situa\u00e7\u00e3o de risco, atrav\u00e9s de um contato com a m\u00fasica cl\u00e1ssica. Al\u00e9m disso, as aulas buscam ensinar ao aluno certas caracter\u00edsticas positivas que ir\u00e3o acompanh\u00e1-lo para toda a vida.<\/p>\n<p>Para ajudar na inicializa\u00e7\u00e3o da educa\u00e7\u00e3o musical a SABRA mant\u00e9m a Orquestra Sinf\u00f4nica de Betim que, al\u00e9m de trazer um importante aspecto cultural para uma parte da popula\u00e7\u00e3o, beneficia jovens com aulas pr\u00f3prias e apoio de profissionais das Orquestras Sinf\u00f4nicas e Filarm\u00f4nicas de Minas Gerais e do Centro de Forma\u00e7\u00e3o Art\u00edstica da Funda\u00e7\u00e3o Cl\u00f3vis Salgado.<\/p>\n<h3>Os Benef\u00edcios<\/h3>\n<p>O curso de inicia\u00e7\u00e3o \u00e0 reg\u00eancia sinf\u00f4nica tem diversos benef\u00edcios. Em primeiro lugar, \u00e9 uma excelente maneira de introduzir os jovens \u00e0 m\u00fasica e aproveitar as suas consequ\u00eancias. O estudo musical tem um impacto positivo no desenvolvimento tanto de crian\u00e7as quanto de adolescentes. A arte trabalha partes espec\u00edficas do c\u00e9rebro, pois envolvem criatividade e capacidades cognitivas.<\/p>\n<p>A socializa\u00e7\u00e3o tamb\u00e9m \u00e9 um benef\u00edcio interessante de inserir uma crian\u00e7a nesse tipo de atividade. Uma orquestra sinf\u00f4nica \u00e9 o produto de todos os m\u00fasicos agindo em conjunto e com sincronia e, portanto, ensina \u00e0s crian\u00e7as e adolescentes, desde cedo, que \u00e9 fundamental trabalhar em equipe, uma caracter\u00edstica importante para a toda a vida profissional.<\/p>\n<p>Al\u00e9m disso, a condi\u00e7\u00e3o de regente invoca certos aspectos de lideran\u00e7a, promovendo no aluno uma facilidade em estar no centro das aten\u00e7\u00f5es do p\u00fablico, podendo ter influ\u00eancias positivas no futuro. Essa experi\u00eancia pode ajudar a eliminar ou diminuir um dos problemas mais comuns em crian\u00e7as e pessoas de um modo geral, o medo de falar em p\u00fablico. Sem falar ainda, do aumento natural de confian\u00e7a.<\/p>\n<h3>Disciplina<\/h3>\n<p>A disciplina tamb\u00e9m \u00e9 uma boa consequ\u00eancia do curso de inicia\u00e7\u00e3o \u00e0 reg\u00eancia, pois esta \u00e9 uma caracter\u00edstica muito necess\u00e1ria para o funcionamento perfeito de uma orquestra. E como regente, o aluno est\u00e1 em posi\u00e7\u00e3o de responsabilidade, pois ele est\u00e1 encarregado da performance.<\/p>\n<p>Mesmo sem pensar nos aspectos mais profissionais dessa atividade, os benef\u00edcios pr\u00e1ticos tamb\u00e9m s\u00e3o \u00f3timos. A inclus\u00e3o social e cultural de fam\u00edlias, crian\u00e7as e adolescentes em uma comunidade positiva traz boas consequ\u00eancias. Os alunos formam amizades de maneira mais f\u00e1cil, pois esse tipo de atividade leva a coopera\u00e7\u00e3o e um compartilhamento de gostos em comum.<\/p>\n<p>Al\u00e9m do exerc\u00edcio de todas essas caracter\u00edsticas que v\u00e3o ter um impacto positivo por toda a vida, o curso pode ainda se tornar uma op\u00e7\u00e3o profissional, levando a uma carreira de condutor.<\/p>\n<p>Vale lembrar que todos esses benef\u00edcios s\u00e3o gratuitos, pois a SABRA \u00e9 uma organiza\u00e7\u00e3o civil sem fins lucrativos.<\/p>\n<blockquote class=\"wp-embedded-content\" data-secret=\"zsM3oO1zHv\"><p><a href=\"https:\/\/www.sabra.org.br\/site\/aplicativo-reconhecimento-musica\/\">Conhe\u00e7a 5 aplicativos para reconhecer m\u00fasica<\/a><\/p><\/blockquote>\n<p><iframe class=\"wp-embedded-content\" sandbox=\"allow-scripts\" security=\"restricted\" style=\"position: absolute; visibility: hidden;\" title=\"&#8220;Conhe\u00e7a 5 aplicativos para reconhecer m\u00fasica&#8221; &#8212; SABRA - Sociedade Art\u00edstica Brasileira\" src=\"https:\/\/www.sabra.org.br\/site\/aplicativo-reconhecimento-musica\/embed\/#?secret=FkHKVnOY0U#?secret=zsM3oO1zHv\" data-secret=\"zsM3oO1zHv\" width=\"600\" height=\"338\" frameborder=\"0\" marginwidth=\"0\" marginheight=\"0\" scrolling=\"no\"><\/iframe><\/p>\n<hr \/>\n<h2>Se voc\u00ea gostou deste post:<\/h2>\n<ul>\n<li>SIGA as nossas p\u00e1ginas nas redes sociais para acompanhar as nossas atualiza\u00e7\u00f5es: estamos no <a href=\"https:\/\/www.facebook.com\/sabrabrasil\" target=\"_blank\" rel=\"noopener\">Facebook<\/a>, no <a href=\"https:\/\/www.instagram.com\/sabrabrasil\/\" target=\"_blank\" rel=\"noopener\">Instagram<\/a>, no <a href=\"https:\/\/www.linkedin.com\/company\/25002088\" target=\"_blank\" rel=\"noopener\">LinkedIn<\/a>, no <a href=\"https:\/\/twitter.com\/ContatoSabra\" target=\"_blank\" rel=\"noopener\">Twitter<\/a> e no <a href=\"https:\/\/www.youtube.com\/channel\/UCJw-kbuEvzUNdeQf20Pa-eQ\" target=\"_blank\" rel=\"noopener\">YouTube<\/a>!<\/li>\n<li>CONHE\u00c7A o trabalho da Sociedade Art\u00edstica Brasileira (SABRA) e todas as iniciativas culturais e sociais que ela mant\u00e9m. <a href=\"https:\/\/www.sabra.org.br\/site\/acoes\/\" target=\"_blank\" rel=\"noopener\">Acesse nosso site!<\/a><\/li>\n<li>ENTRE EM CONTATO com a gente. E veja quais s\u00e3o as op\u00e7\u00f5es de ajuda na manuten\u00e7\u00e3o de nossas a\u00e7\u00f5es sociais e culturais. Basta acessar nossa p\u00e1gina <a href=\"https:\/\/www.sabra.org.br\/site\/doe-agora\/\" target=\"_blank\" rel=\"noopener\">Doe Agora!<\/a><\/li>\n<li>COMPARTILHE este texto nas suas redes sociais e ajude os seus amigos a tamb\u00e9m dominarem o assunto!<\/li>\n<\/ul>\n<p>\u2013 Os projetos da @sabrabrasil s\u00e3o realizados com o patroci\u0301nio m\u00e1ster: @institutounimedbh, viabilizado pelo incentivo de mais de 5,2 mil m\u00e9dicos cooperados e colaboradores via Lei de Incentivo \u00e0 Cultura &#8211; @culturagovbr<\/p>\n<blockquote class=\"wp-embedded-content\" data-secret=\"mcjEupk8re\"><p><a href=\"https:\/\/www.sabra.org.br\/site\/regente-maestro-curiosidades\/\">Curiosidades sobre a arte da reg\u00eancia<\/a><\/p><\/blockquote>\n<p><iframe class=\"wp-embedded-content\" sandbox=\"allow-scripts\" security=\"restricted\" style=\"position: absolute; visibility: hidden;\" title=\"&#8220;Curiosidades sobre a arte da reg\u00eancia&#8221; &#8212; SABRA - Sociedade Art\u00edstica Brasileira\" src=\"https:\/\/www.sabra.org.br\/site\/regente-maestro-curiosidades\/embed\/#?secret=OXHPAUwHh1#?secret=mcjEupk8re\" data-secret=\"mcjEupk8re\" width=\"600\" height=\"338\" frameborder=\"0\" marginwidth=\"0\" marginheight=\"0\" scrolling=\"no\"><\/iframe><\/p>\n","protected":false},"excerpt":{"rendered":"<p>Ser o Regente de uma Orquestra Sinf\u00f4nica \u00e9 uma atividade que requer por parte de quem o faz muita dedica\u00e7\u00e3o e conhecimento. Por isso, \u00e9 indispens\u00e1vel investir em um curso de Inicia\u00e7\u00e3o \u00e0 Reg\u00eancia Sinf\u00f4nica.<\/p>\n","protected":false},"author":39,"featured_media":7065,"comment_status":"closed","ping_status":"closed","sticky":false,"template":"","format":"standard","meta":{"jetpack_post_was_ever_published":false,"_jetpack_newsletter_access":"","_jetpack_dont_email_post_to_subs":false,"_jetpack_newsletter_tier_id":0,"_jetpack_memberships_contains_paywalled_content":false,"_jetpack_memberships_contains_paid_content":false,"footnotes":""},"categories":[1],"tags":[15,2757,3626,3623,8,3629,1285,3628,16,3519,1286,11,3622,9],"class_list":["post-7063","post","type-post","status-publish","format-standard","has-post-thumbnail","hentry","category-blog-sabra","tag-assistencia-social","tag-belo-horizonte","tag-cabo-frio","tag-campos-dos-goytacazes","tag-canto-coral","tag-contagem","tag-escola-de-musica-sabra","tag-ibirite","tag-musicalizacao-infantil","tag-nova-lima-2","tag-orquestra-infanto-juvenil-de-betim","tag-orquestra-sinfonica-de-betim","tag-raposos","tag-sociedade-artistica-brasileira"],"yoast_head":"<!-- This site is optimized with the Yoast SEO plugin v27.5 - https:\/\/yoast.com\/product\/yoast-seo-wordpress\/ -->\n<title>Curso de Inicia\u00e7\u00e3o \u00e0 Reg\u00eancia Sinf\u00f4nica<\/title>\n<meta name=\"description\" content=\"Ser o Regente de uma Orquestra Sinf\u00f4nica \u00e9 uma atividade que requer por parte de quem o faz muita dedica\u00e7\u00e3o e conhecimento.\" \/>\n<meta name=\"robots\" content=\"index, follow, max-snippet:-1, max-image-preview:large, max-video-preview:-1\" \/>\n<link rel=\"canonical\" href=\"https:\/\/www.sabra.org.br\/site\/curso-regencia-sinfonica\/\" \/>\n<meta property=\"og:locale\" content=\"pt_BR\" \/>\n<meta property=\"og:type\" content=\"article\" \/>\n<meta property=\"og:title\" content=\"Curso de Inicia\u00e7\u00e3o \u00e0 Reg\u00eancia Sinf\u00f4nica\" \/>\n<meta property=\"og:description\" content=\"Ser o Regente de uma Orquestra Sinf\u00f4nica \u00e9 uma atividade que requer por parte de quem o faz muita dedica\u00e7\u00e3o e conhecimento.\" \/>\n<meta property=\"og:url\" content=\"https:\/\/www.sabra.org.br\/site\/curso-regencia-sinfonica\/\" \/>\n<meta property=\"og:site_name\" content=\"SABRA - Sociedade Art\u00edstica Brasileira\" \/>\n<meta property=\"article:publisher\" content=\"https:\/\/www.facebook.com\/sabrabrasil\" \/>\n<meta property=\"article:published_time\" content=\"2023-05-03T12:48:15+00:00\" \/>\n<meta property=\"article:modified_time\" content=\"2025-04-18T14:47:23+00:00\" \/>\n<meta property=\"og:image\" content=\"https:\/\/www.sabra.org.br\/site\/wp-content\/uploads\/2023\/05\/curso-de-iniciacao-a-regencia-sinfonica-20171229162457.jpg.jpg\" \/>\n\t<meta property=\"og:image:width\" content=\"1024\" \/>\n\t<meta property=\"og:image:height\" content=\"649\" \/>\n\t<meta property=\"og:image:type\" content=\"image\/jpeg\" \/>\n<meta name=\"author\" content=\"M\u00e1rcio Miranda Pontes\" \/>\n<meta name=\"twitter:card\" content=\"summary_large_image\" \/>\n<meta name=\"twitter:creator\" content=\"@ContatoSabra\" \/>\n<meta name=\"twitter:site\" content=\"@ContatoSabra\" \/>\n<meta name=\"twitter:label1\" content=\"Escrito por\" \/>\n\t<meta name=\"twitter:data1\" content=\"M\u00e1rcio Miranda Pontes\" \/>\n\t<meta name=\"twitter:label2\" content=\"Est. tempo de leitura\" \/>\n\t<meta name=\"twitter:data2\" content=\"4 minutos\" \/>\n<script type=\"application\/ld+json\" class=\"yoast-schema-graph\">{\"@context\":\"https:\\\/\\\/schema.org\",\"@graph\":[{\"@type\":\"Article\",\"@id\":\"https:\\\/\\\/www.sabra.org.br\\\/site\\\/curso-regencia-sinfonica\\\/#article\",\"isPartOf\":{\"@id\":\"https:\\\/\\\/www.sabra.org.br\\\/site\\\/curso-regencia-sinfonica\\\/\"},\"author\":{\"name\":\"M\u00e1rcio Miranda Pontes\",\"@id\":\"https:\\\/\\\/www.sabra.org.br\\\/site\\\/#\\\/schema\\\/person\\\/7d1d222c3c8891d4c37c7b41bf6315c2\"},\"headline\":\"Curso de Inicia\u00e7\u00e3o \u00e0 Reg\u00eancia Sinf\u00f4nica\",\"datePublished\":\"2023-05-03T12:48:15+00:00\",\"dateModified\":\"2025-04-18T14:47:23+00:00\",\"mainEntityOfPage\":{\"@id\":\"https:\\\/\\\/www.sabra.org.br\\\/site\\\/curso-regencia-sinfonica\\\/\"},\"wordCount\":739,\"publisher\":{\"@id\":\"https:\\\/\\\/www.sabra.org.br\\\/site\\\/#organization\"},\"image\":{\"@id\":\"https:\\\/\\\/www.sabra.org.br\\\/site\\\/curso-regencia-sinfonica\\\/#primaryimage\"},\"thumbnailUrl\":\"https:\\\/\\\/www.sabra.org.br\\\/site\\\/wp-content\\\/uploads\\\/2023\\\/05\\\/curso-de-iniciacao-a-regencia-sinfonica-20171229162457.jpg.jpg\",\"keywords\":[\"Assist\u00eancia social\",\"Belo Horizonte\",\"Cabo Frio\",\"Campos dos Goytacazes\",\"Canto Coral\",\"Contagem\",\"Escola de Musica SABRA\",\"Ibirit\u00e9\",\"Musicaliza\u00e7\u00e3o Infantil\",\"nova lima\",\"Orquestra Infanto Juvenil de Betim\",\"Orquestra Sinf\u00f4nica de Betim\",\"Raposos\",\"Sociedade Art\u00edstica Brasileira\"],\"articleSection\":[\"Blog SABRA\"],\"inLanguage\":\"pt-BR\"},{\"@type\":\"WebPage\",\"@id\":\"https:\\\/\\\/www.sabra.org.br\\\/site\\\/curso-regencia-sinfonica\\\/\",\"url\":\"https:\\\/\\\/www.sabra.org.br\\\/site\\\/curso-regencia-sinfonica\\\/\",\"name\":\"Curso de Inicia\u00e7\u00e3o \u00e0 Reg\u00eancia Sinf\u00f4nica\",\"isPartOf\":{\"@id\":\"https:\\\/\\\/www.sabra.org.br\\\/site\\\/#website\"},\"primaryImageOfPage\":{\"@id\":\"https:\\\/\\\/www.sabra.org.br\\\/site\\\/curso-regencia-sinfonica\\\/#primaryimage\"},\"image\":{\"@id\":\"https:\\\/\\\/www.sabra.org.br\\\/site\\\/curso-regencia-sinfonica\\\/#primaryimage\"},\"thumbnailUrl\":\"https:\\\/\\\/www.sabra.org.br\\\/site\\\/wp-content\\\/uploads\\\/2023\\\/05\\\/curso-de-iniciacao-a-regencia-sinfonica-20171229162457.jpg.jpg\",\"datePublished\":\"2023-05-03T12:48:15+00:00\",\"dateModified\":\"2025-04-18T14:47:23+00:00\",\"description\":\"Ser o Regente de uma Orquestra Sinf\u00f4nica \u00e9 uma atividade que requer por parte de quem o faz muita dedica\u00e7\u00e3o e conhecimento.\",\"breadcrumb\":{\"@id\":\"https:\\\/\\\/www.sabra.org.br\\\/site\\\/curso-regencia-sinfonica\\\/#breadcrumb\"},\"inLanguage\":\"pt-BR\",\"potentialAction\":[{\"@type\":\"ReadAction\",\"target\":[\"https:\\\/\\\/www.sabra.org.br\\\/site\\\/curso-regencia-sinfonica\\\/\"]}]},{\"@type\":\"ImageObject\",\"inLanguage\":\"pt-BR\",\"@id\":\"https:\\\/\\\/www.sabra.org.br\\\/site\\\/curso-regencia-sinfonica\\\/#primaryimage\",\"url\":\"https:\\\/\\\/www.sabra.org.br\\\/site\\\/wp-content\\\/uploads\\\/2023\\\/05\\\/curso-de-iniciacao-a-regencia-sinfonica-20171229162457.jpg.jpg\",\"contentUrl\":\"https:\\\/\\\/www.sabra.org.br\\\/site\\\/wp-content\\\/uploads\\\/2023\\\/05\\\/curso-de-iniciacao-a-regencia-sinfonica-20171229162457.jpg.jpg\",\"width\":1024,\"height\":649,\"caption\":\"Sociedade Art\u00edstica Brasileira SABRA\"},{\"@type\":\"BreadcrumbList\",\"@id\":\"https:\\\/\\\/www.sabra.org.br\\\/site\\\/curso-regencia-sinfonica\\\/#breadcrumb\",\"itemListElement\":[{\"@type\":\"ListItem\",\"position\":1,\"name\":\"In\u00edcio\",\"item\":\"https:\\\/\\\/www.sabra.org.br\\\/site\\\/\"},{\"@type\":\"ListItem\",\"position\":2,\"name\":\"Curso de Inicia\u00e7\u00e3o \u00e0 Reg\u00eancia Sinf\u00f4nica\"}]},{\"@type\":\"WebSite\",\"@id\":\"https:\\\/\\\/www.sabra.org.br\\\/site\\\/#website\",\"url\":\"https:\\\/\\\/www.sabra.org.br\\\/site\\\/\",\"name\":\"SABRA - Sociedade Art\u00edstica Brasileira\",\"description\":\"Escola de M\u00fasica, Orquestra Sinf\u00f4nica, Coral e Patrim\u00f4nio Cultural e Hist\u00f3rico\",\"publisher\":{\"@id\":\"https:\\\/\\\/www.sabra.org.br\\\/site\\\/#organization\"},\"potentialAction\":[{\"@type\":\"SearchAction\",\"target\":{\"@type\":\"EntryPoint\",\"urlTemplate\":\"https:\\\/\\\/www.sabra.org.br\\\/site\\\/?s={search_term_string}\"},\"query-input\":{\"@type\":\"PropertyValueSpecification\",\"valueRequired\":true,\"valueName\":\"search_term_string\"}}],\"inLanguage\":\"pt-BR\"},{\"@type\":\"Organization\",\"@id\":\"https:\\\/\\\/www.sabra.org.br\\\/site\\\/#organization\",\"name\":\"SOCIEDADE ART\u00cdSTICA BRASILEIRA SABRA\",\"alternateName\":\"SABRA\",\"url\":\"https:\\\/\\\/www.sabra.org.br\\\/site\\\/\",\"logo\":{\"@type\":\"ImageObject\",\"inLanguage\":\"pt-BR\",\"@id\":\"https:\\\/\\\/www.sabra.org.br\\\/site\\\/#\\\/schema\\\/logo\\\/image\\\/\",\"url\":\"https:\\\/\\\/www.sabra.org.br\\\/site\\\/wp-content\\\/uploads\\\/2019\\\/06\\\/cropped-Logo_SABRA-Copia-1.webp\",\"contentUrl\":\"https:\\\/\\\/www.sabra.org.br\\\/site\\\/wp-content\\\/uploads\\\/2019\\\/06\\\/cropped-Logo_SABRA-Copia-1.webp\",\"width\":400,\"height\":128,\"caption\":\"SOCIEDADE ART\u00cdSTICA BRASILEIRA SABRA\"},\"image\":{\"@id\":\"https:\\\/\\\/www.sabra.org.br\\\/site\\\/#\\\/schema\\\/logo\\\/image\\\/\"},\"sameAs\":[\"https:\\\/\\\/www.facebook.com\\\/sabrabrasil\",\"https:\\\/\\\/x.com\\\/ContatoSabra\",\"https:\\\/\\\/www.instagram.com\\\/sabrabrasil\\\/\",\"https:\\\/\\\/www.linkedin.com\\\/company\\\/25002088\\\/\",\"https:\\\/\\\/br.pinterest.com\\\/sociedadeartisticabrasileira\\\/\",\"https:\\\/\\\/www.youtube.com\\\/c\\\/sabrabrasil\"]},{\"@type\":\"Person\",\"@id\":\"https:\\\/\\\/www.sabra.org.br\\\/site\\\/#\\\/schema\\\/person\\\/7d1d222c3c8891d4c37c7b41bf6315c2\",\"name\":\"M\u00e1rcio Miranda Pontes\",\"image\":{\"@type\":\"ImageObject\",\"inLanguage\":\"pt-BR\",\"@id\":\"https:\\\/\\\/secure.gravatar.com\\\/avatar\\\/3b45f24496a7625a3a6c436688fbe20344faaeb2979658dc4a9921f984d7df9a?s=96&d=mm&r=g\",\"url\":\"https:\\\/\\\/secure.gravatar.com\\\/avatar\\\/3b45f24496a7625a3a6c436688fbe20344faaeb2979658dc4a9921f984d7df9a?s=96&d=mm&r=g\",\"contentUrl\":\"https:\\\/\\\/secure.gravatar.com\\\/avatar\\\/3b45f24496a7625a3a6c436688fbe20344faaeb2979658dc4a9921f984d7df9a?s=96&d=mm&r=g\",\"caption\":\"M\u00e1rcio Miranda Pontes\"},\"sameAs\":[\"http:\\\/\\\/www.sabra.org.br\"],\"url\":\"https:\\\/\\\/www.sabra.org.br\\\/site\\\/author\\\/marcio-miranda-pontes\\\/\"}]}<\/script>\n<!-- \/ Yoast SEO plugin. -->","yoast_head_json":{"title":"Curso de Inicia\u00e7\u00e3o \u00e0 Reg\u00eancia Sinf\u00f4nica","description":"Ser o Regente de uma Orquestra Sinf\u00f4nica \u00e9 uma atividade que requer por parte de quem o faz muita dedica\u00e7\u00e3o e conhecimento.","robots":{"index":"index","follow":"follow","max-snippet":"max-snippet:-1","max-image-preview":"max-image-preview:large","max-video-preview":"max-video-preview:-1"},"canonical":"https:\/\/www.sabra.org.br\/site\/curso-regencia-sinfonica\/","og_locale":"pt_BR","og_type":"article","og_title":"Curso de Inicia\u00e7\u00e3o \u00e0 Reg\u00eancia Sinf\u00f4nica","og_description":"Ser o Regente de uma Orquestra Sinf\u00f4nica \u00e9 uma atividade que requer por parte de quem o faz muita dedica\u00e7\u00e3o e conhecimento.","og_url":"https:\/\/www.sabra.org.br\/site\/curso-regencia-sinfonica\/","og_site_name":"SABRA - Sociedade Art\u00edstica Brasileira","article_publisher":"https:\/\/www.facebook.com\/sabrabrasil","article_published_time":"2023-05-03T12:48:15+00:00","article_modified_time":"2025-04-18T14:47:23+00:00","og_image":[{"width":1024,"height":649,"url":"https:\/\/www.sabra.org.br\/site\/wp-content\/uploads\/2023\/05\/curso-de-iniciacao-a-regencia-sinfonica-20171229162457.jpg.jpg","type":"image\/jpeg"}],"author":"M\u00e1rcio Miranda Pontes","twitter_card":"summary_large_image","twitter_creator":"@ContatoSabra","twitter_site":"@ContatoSabra","twitter_misc":{"Escrito por":"M\u00e1rcio Miranda Pontes","Est. tempo de leitura":"4 minutos"},"schema":{"@context":"https:\/\/schema.org","@graph":[{"@type":"Article","@id":"https:\/\/www.sabra.org.br\/site\/curso-regencia-sinfonica\/#article","isPartOf":{"@id":"https:\/\/www.sabra.org.br\/site\/curso-regencia-sinfonica\/"},"author":{"name":"M\u00e1rcio Miranda Pontes","@id":"https:\/\/www.sabra.org.br\/site\/#\/schema\/person\/7d1d222c3c8891d4c37c7b41bf6315c2"},"headline":"Curso de Inicia\u00e7\u00e3o \u00e0 Reg\u00eancia Sinf\u00f4nica","datePublished":"2023-05-03T12:48:15+00:00","dateModified":"2025-04-18T14:47:23+00:00","mainEntityOfPage":{"@id":"https:\/\/www.sabra.org.br\/site\/curso-regencia-sinfonica\/"},"wordCount":739,"publisher":{"@id":"https:\/\/www.sabra.org.br\/site\/#organization"},"image":{"@id":"https:\/\/www.sabra.org.br\/site\/curso-regencia-sinfonica\/#primaryimage"},"thumbnailUrl":"https:\/\/www.sabra.org.br\/site\/wp-content\/uploads\/2023\/05\/curso-de-iniciacao-a-regencia-sinfonica-20171229162457.jpg.jpg","keywords":["Assist\u00eancia social","Belo Horizonte","Cabo Frio","Campos dos Goytacazes","Canto Coral","Contagem","Escola de Musica SABRA","Ibirit\u00e9","Musicaliza\u00e7\u00e3o Infantil","nova lima","Orquestra Infanto Juvenil de Betim","Orquestra Sinf\u00f4nica de Betim","Raposos","Sociedade Art\u00edstica Brasileira"],"articleSection":["Blog SABRA"],"inLanguage":"pt-BR"},{"@type":"WebPage","@id":"https:\/\/www.sabra.org.br\/site\/curso-regencia-sinfonica\/","url":"https:\/\/www.sabra.org.br\/site\/curso-regencia-sinfonica\/","name":"Curso de Inicia\u00e7\u00e3o \u00e0 Reg\u00eancia Sinf\u00f4nica","isPartOf":{"@id":"https:\/\/www.sabra.org.br\/site\/#website"},"primaryImageOfPage":{"@id":"https:\/\/www.sabra.org.br\/site\/curso-regencia-sinfonica\/#primaryimage"},"image":{"@id":"https:\/\/www.sabra.org.br\/site\/curso-regencia-sinfonica\/#primaryimage"},"thumbnailUrl":"https:\/\/www.sabra.org.br\/site\/wp-content\/uploads\/2023\/05\/curso-de-iniciacao-a-regencia-sinfonica-20171229162457.jpg.jpg","datePublished":"2023-05-03T12:48:15+00:00","dateModified":"2025-04-18T14:47:23+00:00","description":"Ser o Regente de uma Orquestra Sinf\u00f4nica \u00e9 uma atividade que requer por parte de quem o faz muita dedica\u00e7\u00e3o e conhecimento.","breadcrumb":{"@id":"https:\/\/www.sabra.org.br\/site\/curso-regencia-sinfonica\/#breadcrumb"},"inLanguage":"pt-BR","potentialAction":[{"@type":"ReadAction","target":["https:\/\/www.sabra.org.br\/site\/curso-regencia-sinfonica\/"]}]},{"@type":"ImageObject","inLanguage":"pt-BR","@id":"https:\/\/www.sabra.org.br\/site\/curso-regencia-sinfonica\/#primaryimage","url":"https:\/\/www.sabra.org.br\/site\/wp-content\/uploads\/2023\/05\/curso-de-iniciacao-a-regencia-sinfonica-20171229162457.jpg.jpg","contentUrl":"https:\/\/www.sabra.org.br\/site\/wp-content\/uploads\/2023\/05\/curso-de-iniciacao-a-regencia-sinfonica-20171229162457.jpg.jpg","width":1024,"height":649,"caption":"Sociedade Art\u00edstica Brasileira SABRA"},{"@type":"BreadcrumbList","@id":"https:\/\/www.sabra.org.br\/site\/curso-regencia-sinfonica\/#breadcrumb","itemListElement":[{"@type":"ListItem","position":1,"name":"In\u00edcio","item":"https:\/\/www.sabra.org.br\/site\/"},{"@type":"ListItem","position":2,"name":"Curso de Inicia\u00e7\u00e3o \u00e0 Reg\u00eancia Sinf\u00f4nica"}]},{"@type":"WebSite","@id":"https:\/\/www.sabra.org.br\/site\/#website","url":"https:\/\/www.sabra.org.br\/site\/","name":"SABRA - Sociedade Art\u00edstica Brasileira","description":"Escola de M\u00fasica, Orquestra Sinf\u00f4nica, Coral e Patrim\u00f4nio Cultural e Hist\u00f3rico","publisher":{"@id":"https:\/\/www.sabra.org.br\/site\/#organization"},"potentialAction":[{"@type":"SearchAction","target":{"@type":"EntryPoint","urlTemplate":"https:\/\/www.sabra.org.br\/site\/?s={search_term_string}"},"query-input":{"@type":"PropertyValueSpecification","valueRequired":true,"valueName":"search_term_string"}}],"inLanguage":"pt-BR"},{"@type":"Organization","@id":"https:\/\/www.sabra.org.br\/site\/#organization","name":"SOCIEDADE ART\u00cdSTICA BRASILEIRA SABRA","alternateName":"SABRA","url":"https:\/\/www.sabra.org.br\/site\/","logo":{"@type":"ImageObject","inLanguage":"pt-BR","@id":"https:\/\/www.sabra.org.br\/site\/#\/schema\/logo\/image\/","url":"https:\/\/www.sabra.org.br\/site\/wp-content\/uploads\/2019\/06\/cropped-Logo_SABRA-Copia-1.webp","contentUrl":"https:\/\/www.sabra.org.br\/site\/wp-content\/uploads\/2019\/06\/cropped-Logo_SABRA-Copia-1.webp","width":400,"height":128,"caption":"SOCIEDADE ART\u00cdSTICA BRASILEIRA SABRA"},"image":{"@id":"https:\/\/www.sabra.org.br\/site\/#\/schema\/logo\/image\/"},"sameAs":["https:\/\/www.facebook.com\/sabrabrasil","https:\/\/x.com\/ContatoSabra","https:\/\/www.instagram.com\/sabrabrasil\/","https:\/\/www.linkedin.com\/company\/25002088\/","https:\/\/br.pinterest.com\/sociedadeartisticabrasileira\/","https:\/\/www.youtube.com\/c\/sabrabrasil"]},{"@type":"Person","@id":"https:\/\/www.sabra.org.br\/site\/#\/schema\/person\/7d1d222c3c8891d4c37c7b41bf6315c2","name":"M\u00e1rcio Miranda Pontes","image":{"@type":"ImageObject","inLanguage":"pt-BR","@id":"https:\/\/secure.gravatar.com\/avatar\/3b45f24496a7625a3a6c436688fbe20344faaeb2979658dc4a9921f984d7df9a?s=96&d=mm&r=g","url":"https:\/\/secure.gravatar.com\/avatar\/3b45f24496a7625a3a6c436688fbe20344faaeb2979658dc4a9921f984d7df9a?s=96&d=mm&r=g","contentUrl":"https:\/\/secure.gravatar.com\/avatar\/3b45f24496a7625a3a6c436688fbe20344faaeb2979658dc4a9921f984d7df9a?s=96&d=mm&r=g","caption":"M\u00e1rcio Miranda Pontes"},"sameAs":["http:\/\/www.sabra.org.br"],"url":"https:\/\/www.sabra.org.br\/site\/author\/marcio-miranda-pontes\/"}]}},"jetpack_featured_media_url":"https:\/\/www.sabra.org.br\/site\/wp-content\/uploads\/2023\/05\/curso-de-iniciacao-a-regencia-sinfonica-20171229162457.jpg.jpg","jetpack_shortlink":"https:\/\/wp.me\/p95j2Z-1PV","jetpack-related-posts":[{"id":7107,"url":"https:\/\/www.sabra.org.br\/site\/orquestra-sinfonica-curso\/","url_meta":{"origin":7063,"position":0},"title":"Curso de Orquestra Sinf\u00f4nica","author":"M\u00e1rcio Miranda Pontes","date":"11 de maio de 2023","format":false,"excerpt":"N\u00e3o \u00e9 segredo para ningu\u00e9m que a perfeita simetria \u00e9 o que rege uma orquestra sinf\u00f4nica (depois do regente, \u00e9 claro). E, para isso, \u00e9 indispens\u00e1vel investir em um curso de Orquestra Sinf\u00f4nica. Saiba mais sobre o assunto.","rel":"","context":"Em &quot;Blog SABRA&quot;","block_context":{"text":"Blog SABRA","link":"https:\/\/www.sabra.org.br\/site\/category\/blog-sabra\/"},"img":{"alt_text":"m\u00fasica-orquestra-curso-sociais-trabalha-culturais-sinf\u00f4nica","src":"https:\/\/i0.wp.com\/www.sabra.org.br\/site\/wp-content\/uploads\/2023\/05\/curso-de-orquestra-sinfonica-20171229162457.jpg-jpg.webp?resize=350%2C200&ssl=1","width":350,"height":200,"srcset":"https:\/\/i0.wp.com\/www.sabra.org.br\/site\/wp-content\/uploads\/2023\/05\/curso-de-orquestra-sinfonica-20171229162457.jpg-jpg.webp?resize=350%2C200&ssl=1 1x, https:\/\/i0.wp.com\/www.sabra.org.br\/site\/wp-content\/uploads\/2023\/05\/curso-de-orquestra-sinfonica-20171229162457.jpg-jpg.webp?resize=525%2C300&ssl=1 1.5x"},"classes":[]},{"id":3052,"url":"https:\/\/www.sabra.org.br\/site\/cursos-online\/","url_meta":{"origin":7063,"position":1},"title":"Cursos de Arte e Cultura","author":"M\u00e1rcio Miranda Pontes","date":"3 de agosto de 2020","format":false,"excerpt":"Conhe\u00e7a cursos sobre cultura e artes online gr\u00e1tis para fazer durante o per\u00edodo de isolamento e aproveite as horas livres para adquirir conhecimento.","rel":"","context":"Em &quot;Blog SABRA&quot;","block_context":{"text":"Blog SABRA","link":"https:\/\/www.sabra.org.br\/site\/category\/blog-sabra\/"},"img":{"alt_text":"cursos-cultura-acessado-certificado-artes-inicia\u00e7\u00e3o-online-dique-conhe\u00e7a-conte\u00fado","src":"https:\/\/i0.wp.com\/www.sabra.org.br\/site\/wp-content\/uploads\/2020\/08\/x-cursos-online-sobre-arte-e-cultura-para-voce-fazer-durante-a-pandemia-20200709133439.jpg.jpg?resize=350%2C200&ssl=1","width":350,"height":200,"srcset":"https:\/\/i0.wp.com\/www.sabra.org.br\/site\/wp-content\/uploads\/2020\/08\/x-cursos-online-sobre-arte-e-cultura-para-voce-fazer-durante-a-pandemia-20200709133439.jpg.jpg?resize=350%2C200&ssl=1 1x, https:\/\/i0.wp.com\/www.sabra.org.br\/site\/wp-content\/uploads\/2020\/08\/x-cursos-online-sobre-arte-e-cultura-para-voce-fazer-durante-a-pandemia-20200709133439.jpg.jpg?resize=525%2C300&ssl=1 1.5x, https:\/\/i0.wp.com\/www.sabra.org.br\/site\/wp-content\/uploads\/2020\/08\/x-cursos-online-sobre-arte-e-cultura-para-voce-fazer-durante-a-pandemia-20200709133439.jpg.jpg?resize=700%2C400&ssl=1 2x"},"classes":[]},{"id":1206,"url":"https:\/\/www.sabra.org.br\/site\/inscricoes-abertas-para-o-curso-gratuito-de-musicalizacao-infantil\/","url_meta":{"origin":7063,"position":2},"title":"Inscri\u00e7\u00f5es abertas para o curso gratuito de Musicaliza\u00e7\u00e3o Infantil","author":"M\u00e1rcio Miranda Pontes","date":"15 de mar\u00e7o de 2018","format":false,"excerpt":"Entre os dias 26 e 28 de mar\u00e7o, as inscri\u00e7\u00f5es est\u00e3o abertas para crian\u00e7as de sete a dez anos do curso gratuito de musicaliza\u00e7\u00e3o. Essa \u00e9 a porta de entrada para participar da Orquestra Infantil de Betim, fruto da parceria entre a Secretaria Municipal da Educa\u00e7\u00e3o (Semed), por meio da\u2026","rel":"","context":"Em &quot;Not\u00edcias&quot;","block_context":{"text":"Not\u00edcias","link":"https:\/\/www.sabra.org.br\/site\/category\/noticias\/"},"img":{"alt_text":"Violinos sonoridade musical","src":"https:\/\/i0.wp.com\/www.sabra.org.br\/site\/wp-content\/uploads\/2017\/11\/violin-1617787_960_720.jpg?resize=350%2C200&ssl=1","width":350,"height":200,"srcset":"https:\/\/i0.wp.com\/www.sabra.org.br\/site\/wp-content\/uploads\/2017\/11\/violin-1617787_960_720.jpg?resize=350%2C200&ssl=1 1x, https:\/\/i0.wp.com\/www.sabra.org.br\/site\/wp-content\/uploads\/2017\/11\/violin-1617787_960_720.jpg?resize=525%2C300&ssl=1 1.5x, https:\/\/i0.wp.com\/www.sabra.org.br\/site\/wp-content\/uploads\/2017\/11\/violin-1617787_960_720.jpg?resize=700%2C400&ssl=1 2x"},"classes":[]},{"id":9422,"url":"https:\/\/www.sabra.org.br\/site\/curso-gratuito-contagem\/","url_meta":{"origin":7063,"position":3},"title":"Curso de M\u00fasica Gratuito em Contagem: Inscri\u00e7\u00f5es Abertas","author":"M\u00e1rcio Miranda Pontes","date":"24 de abril de 2024","format":false,"excerpt":"A Escola de M\u00fasica SABRA , com o patroc\u00ednio do Instituto Unimed-BH e parceria da Secretaria Municipal de Cultura de Contagem, abre inscri\u00e7\u00f5es para o Curso B\u00e1sico de M\u00fasica gratuito, com 200 vagas dispon\u00edveis para crian\u00e7as, adolescentes, jovens e adultos.","rel":"","context":"Em &quot;Not\u00edcias&quot;","block_context":{"text":"Not\u00edcias","link":"https:\/\/www.sabra.org.br\/site\/category\/noticias\/"},"img":{"alt_text":"sabra-m\u00fasica-escola-curso-gratuito-unimed-bh-contagem-inscri\u00e7\u00f5es-instituto-meio-qualidade","src":"https:\/\/i0.wp.com\/www.sabra.org.br\/site\/wp-content\/uploads\/2024\/04\/Inscricoes-contagem-2024-jpg.webp?resize=350%2C200&ssl=1","width":350,"height":200,"srcset":"https:\/\/i0.wp.com\/www.sabra.org.br\/site\/wp-content\/uploads\/2024\/04\/Inscricoes-contagem-2024-jpg.webp?resize=350%2C200&ssl=1 1x, https:\/\/i0.wp.com\/www.sabra.org.br\/site\/wp-content\/uploads\/2024\/04\/Inscricoes-contagem-2024-jpg.webp?resize=525%2C300&ssl=1 1.5x, https:\/\/i0.wp.com\/www.sabra.org.br\/site\/wp-content\/uploads\/2024\/04\/Inscricoes-contagem-2024-jpg.webp?resize=700%2C400&ssl=1 2x, https:\/\/i0.wp.com\/www.sabra.org.br\/site\/wp-content\/uploads\/2024\/04\/Inscricoes-contagem-2024-jpg.webp?resize=1050%2C600&ssl=1 3x"},"classes":[]},{"id":850,"url":"https:\/\/www.sabra.org.br\/site\/sexta-sinfonica-no-monte-carmo-shopping\/","url_meta":{"origin":7063,"position":4},"title":"Sexta Sinf\u00f4nica no Monte Carmo Shopping","author":"M\u00e1rcio Miranda Pontes","date":"29 de novembro de 2017","format":false,"excerpt":"Orquestra Sinf\u00f4nica de Betim encerra a temporada da s\u00e9rie Sexta Sinf\u00f4nica Concertos foram realizados de mar\u00e7o a dezembro com a presen\u00e7a de solistas e outros convidados \u00a0 A Orquestra Sinf\u00f4nica de Betim encerra a s\u00e9rie de concertos \u201cSexta Sinf\u00f4nica\u201d, \u00e0s 15h do dia primeiro de dezembro, no Monte Carmo Shopping,\u2026","rel":"","context":"Em &quot;Not\u00edcias&quot;","block_context":{"text":"Not\u00edcias","link":"https:\/\/www.sabra.org.br\/site\/category\/noticias\/"},"img":{"alt_text":"Sociedade Art\u00edstica Brasileira SABRA","src":"https:\/\/i0.wp.com\/www.sabra.org.br\/site\/wp-content\/uploads\/2017\/11\/754A1986peq.jpg?resize=350%2C200&ssl=1","width":350,"height":200,"srcset":"https:\/\/i0.wp.com\/www.sabra.org.br\/site\/wp-content\/uploads\/2017\/11\/754A1986peq.jpg?resize=350%2C200&ssl=1 1x, https:\/\/i0.wp.com\/www.sabra.org.br\/site\/wp-content\/uploads\/2017\/11\/754A1986peq.jpg?resize=525%2C300&ssl=1 1.5x, https:\/\/i0.wp.com\/www.sabra.org.br\/site\/wp-content\/uploads\/2017\/11\/754A1986peq.jpg?resize=700%2C400&ssl=1 2x, https:\/\/i0.wp.com\/www.sabra.org.br\/site\/wp-content\/uploads\/2017\/11\/754A1986peq.jpg?resize=1050%2C600&ssl=1 3x"},"classes":[]},{"id":6773,"url":"https:\/\/www.sabra.org.br\/site\/orquestra2023\/","url_meta":{"origin":7063,"position":5},"title":"Orquestra Sinf\u00f4nica de Betim 2023","author":"M\u00e1rcio Miranda Pontes","date":"21 de mar\u00e7o de 2023","format":false,"excerpt":"A Sociedade Art\u00edstica Brasileira (SABRA) est\u00e1 com vagas abertas para o curso de Orquestra Sinf\u00f4nica. S\u00e3o 55 vagas abertas, sendo 53 para instrumentistas e duas para assistente de produ\u00e7\u00e3o. Podem participar candidatos com 16 anos ou mais, que morem na Regi\u00e3o Metropolitana de Belo Horizonte. \u00c9 preciso comprovar conhecimento dos\u2026","rel":"","context":"Em &quot;Not\u00edcias&quot;","block_context":{"text":"Not\u00edcias","link":"https:\/\/www.sabra.org.br\/site\/category\/noticias\/"},"img":{"alt_text":"orquestra-sinf\u00f4nica-sabra-betim-escola-m\u00fasica","src":"https:\/\/i0.wp.com\/www.sabra.org.br\/site\/wp-content\/uploads\/2023\/03\/Orquestra-Sinfonica-1.jpg?resize=350%2C200&ssl=1","width":350,"height":200,"srcset":"https:\/\/i0.wp.com\/www.sabra.org.br\/site\/wp-content\/uploads\/2023\/03\/Orquestra-Sinfonica-1.jpg?resize=350%2C200&ssl=1 1x, https:\/\/i0.wp.com\/www.sabra.org.br\/site\/wp-content\/uploads\/2023\/03\/Orquestra-Sinfonica-1.jpg?resize=525%2C300&ssl=1 1.5x, https:\/\/i0.wp.com\/www.sabra.org.br\/site\/wp-content\/uploads\/2023\/03\/Orquestra-Sinfonica-1.jpg?resize=700%2C400&ssl=1 2x, https:\/\/i0.wp.com\/www.sabra.org.br\/site\/wp-content\/uploads\/2023\/03\/Orquestra-Sinfonica-1.jpg?resize=1050%2C600&ssl=1 3x, https:\/\/i0.wp.com\/www.sabra.org.br\/site\/wp-content\/uploads\/2023\/03\/Orquestra-Sinfonica-1.jpg?resize=1400%2C800&ssl=1 4x"},"classes":[]}],"jetpack_likes_enabled":true,"jetpack_sharing_enabled":true,"_links":{"self":[{"href":"https:\/\/www.sabra.org.br\/site\/wp-json\/wp\/v2\/posts\/7063","targetHints":{"allow":["GET"]}}],"collection":[{"href":"https:\/\/www.sabra.org.br\/site\/wp-json\/wp\/v2\/posts"}],"about":[{"href":"https:\/\/www.sabra.org.br\/site\/wp-json\/wp\/v2\/types\/post"}],"author":[{"embeddable":true,"href":"https:\/\/www.sabra.org.br\/site\/wp-json\/wp\/v2\/users\/39"}],"replies":[{"embeddable":true,"href":"https:\/\/www.sabra.org.br\/site\/wp-json\/wp\/v2\/comments?post=7063"}],"version-history":[{"count":0,"href":"https:\/\/www.sabra.org.br\/site\/wp-json\/wp\/v2\/posts\/7063\/revisions"}],"wp:featuredmedia":[{"embeddable":true,"href":"https:\/\/www.sabra.org.br\/site\/wp-json\/wp\/v2\/media\/7065"}],"wp:attachment":[{"href":"https:\/\/www.sabra.org.br\/site\/wp-json\/wp\/v2\/media?parent=7063"}],"wp:term":[{"taxonomy":"category","embeddable":true,"href":"https:\/\/www.sabra.org.br\/site\/wp-json\/wp\/v2\/categories?post=7063"},{"taxonomy":"post_tag","embeddable":true,"href":"https:\/\/www.sabra.org.br\/site\/wp-json\/wp\/v2\/tags?post=7063"}],"curies":[{"name":"wp","href":"https:\/\/api.w.org\/{rel}","templated":true}]}}