{"id":7130,"date":"2023-05-15T08:34:41","date_gmt":"2023-05-15T11:34:41","guid":{"rendered":"https:\/\/www.sabra.org.br\/site\/?p=7130"},"modified":"2025-04-18T11:37:06","modified_gmt":"2025-04-18T14:37:06","slug":"musica-e-coral","status":"publish","type":"post","link":"https:\/\/www.sabra.org.br\/site\/musica-e-coral\/","title":{"rendered":"Curso\u00a0M\u00fasica\u00a0e\u00a0Coral"},"content":{"rendered":"<p>Educa\u00e7\u00e3o musical \u00e9 fundamental para transformar jovens em adultos capazes e competentes. Ainda que exista uma vis\u00e3o da m\u00fasica voltada exclusivamente para a divers\u00e3o e o entretenimento, n\u00f3s, da SABRA (Sociedade Art\u00edstica Brasileira), compartilhamos uma vis\u00e3o musical pautada pela pesquisa, ensino e divulga\u00e7\u00e3o e, principalmente, pelo entendimento de que a m\u00fasica \u00e9 uma forma de express\u00e3o art\u00edstica capaz de agregar pessoas, desenvolvendo a sensibilidade e a percep\u00e7\u00e3o.<br \/>\nNosso projeto de educa\u00e7\u00e3o musical est\u00e1 inserido na sociedade mineira, a partir de um ponto de vista social, hist\u00f3rico e econ\u00f4mico, visando oferecer, a jovens que se encontram numa situa\u00e7\u00e3o de vulnerabilidade, alternativas para crescer e se desenvolver pessoal e profissionalmente.<\/p>\n<h3>Objetivos do Curso de M\u00fasica e Coral:<\/h3>\n<p>Um dos objetivos centrais do nosso curso \u00e9 fornecer educa\u00e7\u00e3o musical, ensinando os princ\u00edpios b\u00e1sicos da teoria e oferecendo recursos para o desenvolvimento da percep\u00e7\u00e3o musical. Fazendo isso, acreditamos estar colaborando para a constru\u00e7\u00e3o de uma sociedade mais justa, baseada em princ\u00edpios como trabalho, disciplina, esfor\u00e7o e valoriza\u00e7\u00e3o da cultura nacional.<\/p>\n<p>Nossa ideia \u00e9 ajudar jovens carentes a encontrarem um caminho para desenvolver suas potencialidades. No campo musical, nossos alunos s\u00e3o incentivados a ingressarem no mercado de trabalho buscando carreiras como professores de m\u00fasica, m\u00fasicos profissionais, engenharia de som e produ\u00e7\u00e3o musicais, ou ainda, como t\u00e9cnicos para o mercado do audiovisual.<\/p>\n<p>Contudo, nosso curso de M\u00fasica e Coral n\u00e3o desenvolve apenas as habilidades musicais do aprendiz. Ele tamb\u00e9m trabalha a autoestima e a cren\u00e7a de poder conquistar objetivos por meio do esfor\u00e7o e da persist\u00eancia.<\/p>\n<p>Assim, o curso visa a integra\u00e7\u00e3o social do jovem pelas vias da arte e da cultura. Al\u00e9m disso, estimulamos a aprendizagem pela valoriza\u00e7\u00e3o do elemento local, acentuando a percep\u00e7\u00e3o de pertencimento \u00e0 comunidade. Nossos cursos servem como espa\u00e7o de discuss\u00e3o e ideias, valoriza\u00e7\u00e3o da cultura local e integra\u00e7\u00e3o com a fam\u00edlia.<\/p>\n<p>Como desenvolvemos atividades de pesquisa e divulga\u00e7\u00e3o da m\u00fasica e da cultura brasileira, com foco na produ\u00e7\u00e3o dos s\u00e9culos XVIII e XIX, o Curso de M\u00fasica e Coral tamb\u00e9m oferece ao aluno a possibilidade de imers\u00e3o na hist\u00f3ria do pa\u00eds, reconhecendo o valor art\u00edstico de nossas produ\u00e7\u00f5es nacionais.<\/p>\n<h3>Por que apoiar a SABRA?<\/h3>\n<p>Nosso Curso de M\u00fasica e Coral \u00e9 totalmente gratuito. Em 2022, pudemos atender mais de 2.000 crian\u00e7as com idade de 7 a 11 anos, contando com o apoio da UNIMED-BH e de leis de incentivo \u00e0 cultura. Al\u00e9m disso, tamb\u00e9m contamos com doa\u00e7\u00f5es individuais, de pessoas que reconhecem o valor de nosso projeto.<br \/>\nS\u00f3 deve colaborar com o projeto, aqueles que possuem uma vis\u00e3o da m\u00fasica parecida com a nossa. Aqueles que entendem a educa\u00e7\u00e3o musical como uma forma de formar cidad\u00e3os respons\u00e1veis e percebem o valor que a m\u00fasica ocupa na cultura de um pa\u00eds.<br \/>\nQuem tem filhos e reconhece a import\u00e2ncia da educa\u00e7\u00e3o, preocupa-se com qual pa\u00eds estamos construindo. Aqueles que valorizam a juventude, percebendo-a como respons\u00e1veis pela constru\u00e7\u00e3o do futuro, sabem da import\u00e2ncia de investir num projeto como o da SABRA.<br \/>\nAs empresas que gerenciam neg\u00f3cios visando agregar valor \u00e0 sociedade t\u00eam muito em comum com nosso projeto de educa\u00e7\u00e3o musical. Tamb\u00e9m visamos uma sociedade mais fortalecida em termos econ\u00f4micos e sociais, e acreditamos que projetos educacionais, como o nosso Curso de M\u00fasica e Coral, t\u00eam muito a oferecer em termos de forma\u00e7\u00e3o profissional e valores cidad\u00e3os.<\/p>\n<blockquote class=\"wp-embedded-content\" data-secret=\"V4sCqgDTF3\"><p><a href=\"https:\/\/www.sabra.org.br\/site\/orquestra-sinfonica-curso\/\">Curso de Orquestra Sinf\u00f4nica<\/a><\/p><\/blockquote>\n<p><iframe class=\"wp-embedded-content\" sandbox=\"allow-scripts\" security=\"restricted\" style=\"position: absolute; visibility: hidden;\" title=\"&#8220;Curso de Orquestra Sinf\u00f4nica&#8221; &#8212; SABRA - Sociedade Art\u00edstica Brasileira\" src=\"https:\/\/www.sabra.org.br\/site\/orquestra-sinfonica-curso\/embed\/#?secret=2I3Hjp8t2F#?secret=V4sCqgDTF3\" data-secret=\"V4sCqgDTF3\" width=\"600\" height=\"338\" frameborder=\"0\" marginwidth=\"0\" marginheight=\"0\" scrolling=\"no\"><\/iframe><\/p>\n<hr \/>\n<h2>Se voc\u00ea gostou deste post:<\/h2>\n<ul>\n<li>SIGA as nossas p\u00e1ginas nas redes sociais para acompanhar as nossas atualiza\u00e7\u00f5es: estamos no <a href=\"https:\/\/www.facebook.com\/sabrabrasil\" target=\"_blank\" rel=\"noopener\">Facebook<\/a>, no <a href=\"https:\/\/www.instagram.com\/sabrabrasil\/\" target=\"_blank\" rel=\"noopener\">Instagram<\/a>, no <a href=\"https:\/\/www.linkedin.com\/company\/25002088\" target=\"_blank\" rel=\"noopener\">LinkedIn<\/a>, no <a href=\"https:\/\/twitter.com\/ContatoSabra\" target=\"_blank\" rel=\"noopener\">Twitter<\/a> e no <a href=\"https:\/\/www.youtube.com\/channel\/UCJw-kbuEvzUNdeQf20Pa-eQ\" target=\"_blank\" rel=\"noopener\">YouTube<\/a>!<\/li>\n<li>CONHE\u00c7A o trabalho da Sociedade Art\u00edstica Brasileira (SABRA) e todas as iniciativas culturais e sociais que ela mant\u00e9m. <a href=\"https:\/\/www.sabra.org.br\/site\/acoes\/\" target=\"_blank\" rel=\"noopener\">Acesse nosso site!<\/a><\/li>\n<li>ENTRE EM CONTATO com a gente. E veja quais s\u00e3o as op\u00e7\u00f5es de ajuda na manuten\u00e7\u00e3o de nossas a\u00e7\u00f5es sociais e culturais. Basta acessar nossa p\u00e1gina <a href=\"https:\/\/www.sabra.org.br\/site\/doe-agora\/\" target=\"_blank\" rel=\"noopener\">Doe Agora!<\/a><\/li>\n<li>COMPARTILHE este texto nas suas redes sociais e ajude os seus amigos a tamb\u00e9m dominarem o assunto!<\/li>\n<\/ul>\n<p>\u2013 Os projetos da @sabrabrasil s\u00e3o realizados com o patroci\u0301nio m\u00e1ster: @institutounimedbh, viabilizado pelo incentivo de mais de 5,2 mil m\u00e9dicos cooperados e colaboradores via Lei de Incentivo \u00e0 Cultura &#8211; @culturagovbr<\/p>\n<blockquote class=\"wp-embedded-content\" data-secret=\"FdEENpc33W\"><p><a href=\"https:\/\/www.sabra.org.br\/site\/cultura-vida-social-2\/\">Cultura e vida social<\/a><\/p><\/blockquote>\n<p><iframe class=\"wp-embedded-content\" sandbox=\"allow-scripts\" security=\"restricted\" style=\"position: absolute; visibility: hidden;\" title=\"&#8220;Cultura e vida social&#8221; &#8212; SABRA - Sociedade Art\u00edstica Brasileira\" src=\"https:\/\/www.sabra.org.br\/site\/cultura-vida-social-2\/embed\/#?secret=54bwjtLsPe#?secret=FdEENpc33W\" data-secret=\"FdEENpc33W\" width=\"600\" height=\"338\" frameborder=\"0\" marginwidth=\"0\" marginheight=\"0\" scrolling=\"no\"><\/iframe><\/p>\n","protected":false},"excerpt":{"rendered":"<p>Voc\u00ea sempre se interessou pela \u00e1rea musical, mas nunca teve coragem de se inscrever em um coral por achar que n\u00e3o nasceu para isso? Pois saiba que investindo em um curso M\u00fasica e Coral isso \u00e9 perfeitamente poss\u00edvel.<\/p>\n","protected":false},"author":39,"featured_media":7132,"comment_status":"closed","ping_status":"closed","sticky":false,"template":"","format":"standard","meta":{"jetpack_post_was_ever_published":false,"_jetpack_newsletter_access":"","_jetpack_dont_email_post_to_subs":false,"_jetpack_newsletter_tier_id":0,"_jetpack_memberships_contains_paywalled_content":false,"_jetpack_memberships_contains_paid_content":false,"footnotes":""},"categories":[1],"tags":[15,2757,3626,3623,8,3629,1285,3628,16,3519,1286,11,3622,9],"class_list":["post-7130","post","type-post","status-publish","format-standard","has-post-thumbnail","hentry","category-blog-sabra","tag-assistencia-social","tag-belo-horizonte","tag-cabo-frio","tag-campos-dos-goytacazes","tag-canto-coral","tag-contagem","tag-escola-de-musica-sabra","tag-ibirite","tag-musicalizacao-infantil","tag-nova-lima-2","tag-orquestra-infanto-juvenil-de-betim","tag-orquestra-sinfonica-de-betim","tag-raposos","tag-sociedade-artistica-brasileira"],"yoast_head":"<!-- This site is optimized with the Yoast SEO plugin v27.5 - https:\/\/yoast.com\/product\/yoast-seo-wordpress\/ -->\n<title>Curso\u00a0M\u00fasica\u00a0e\u00a0Coral<\/title>\n<meta name=\"description\" content=\"Nunca teve coragem de participar de um coral por achar que n\u00e3o nasceu para isso? Investir num curso M\u00fasica e Coral \u00e9 perfeitamente poss\u00edvel.\" \/>\n<meta name=\"robots\" content=\"index, follow, max-snippet:-1, max-image-preview:large, max-video-preview:-1\" \/>\n<link rel=\"canonical\" href=\"https:\/\/www.sabra.org.br\/site\/musica-e-coral\/\" \/>\n<meta property=\"og:locale\" content=\"pt_BR\" \/>\n<meta property=\"og:type\" content=\"article\" \/>\n<meta property=\"og:title\" content=\"Curso\u00a0M\u00fasica\u00a0e\u00a0Coral\" \/>\n<meta property=\"og:description\" content=\"Nunca teve coragem de participar de um coral por achar que n\u00e3o nasceu para isso? Investir num curso M\u00fasica e Coral \u00e9 perfeitamente poss\u00edvel.\" \/>\n<meta property=\"og:url\" content=\"https:\/\/www.sabra.org.br\/site\/musica-e-coral\/\" \/>\n<meta property=\"og:site_name\" content=\"SABRA - Sociedade Art\u00edstica Brasileira\" \/>\n<meta property=\"article:publisher\" content=\"https:\/\/www.facebook.com\/sabrabrasil\" \/>\n<meta property=\"article:published_time\" content=\"2023-05-15T11:34:41+00:00\" \/>\n<meta property=\"article:modified_time\" content=\"2025-04-18T14:37:06+00:00\" \/>\n<meta property=\"og:image\" content=\"https:\/\/www.sabra.org.br\/site\/wp-content\/uploads\/2023\/05\/curso-musica-e-coral-20171229162457.jpg-jpg.webp\" \/>\n\t<meta property=\"og:image:width\" content=\"590\" \/>\n\t<meta property=\"og:image:height\" content=\"395\" \/>\n\t<meta property=\"og:image:type\" content=\"image\/jpeg\" \/>\n<meta name=\"author\" content=\"M\u00e1rcio Miranda Pontes\" \/>\n<meta name=\"twitter:card\" content=\"summary_large_image\" \/>\n<meta name=\"twitter:creator\" content=\"@ContatoSabra\" \/>\n<meta name=\"twitter:site\" content=\"@ContatoSabra\" \/>\n<meta name=\"twitter:label1\" content=\"Escrito por\" \/>\n\t<meta name=\"twitter:data1\" content=\"M\u00e1rcio Miranda Pontes\" \/>\n\t<meta name=\"twitter:label2\" content=\"Est. tempo de leitura\" \/>\n\t<meta name=\"twitter:data2\" content=\"4 minutos\" \/>\n<script type=\"application\/ld+json\" class=\"yoast-schema-graph\">{\"@context\":\"https:\\\/\\\/schema.org\",\"@graph\":[{\"@type\":\"Article\",\"@id\":\"https:\\\/\\\/www.sabra.org.br\\\/site\\\/musica-e-coral\\\/#article\",\"isPartOf\":{\"@id\":\"https:\\\/\\\/www.sabra.org.br\\\/site\\\/musica-e-coral\\\/\"},\"author\":{\"name\":\"M\u00e1rcio Miranda Pontes\",\"@id\":\"https:\\\/\\\/www.sabra.org.br\\\/site\\\/#\\\/schema\\\/person\\\/7d1d222c3c8891d4c37c7b41bf6315c2\"},\"headline\":\"Curso\u00a0M\u00fasica\u00a0e\u00a0Coral\",\"datePublished\":\"2023-05-15T11:34:41+00:00\",\"dateModified\":\"2025-04-18T14:37:06+00:00\",\"mainEntityOfPage\":{\"@id\":\"https:\\\/\\\/www.sabra.org.br\\\/site\\\/musica-e-coral\\\/\"},\"wordCount\":773,\"publisher\":{\"@id\":\"https:\\\/\\\/www.sabra.org.br\\\/site\\\/#organization\"},\"image\":{\"@id\":\"https:\\\/\\\/www.sabra.org.br\\\/site\\\/musica-e-coral\\\/#primaryimage\"},\"thumbnailUrl\":\"https:\\\/\\\/www.sabra.org.br\\\/site\\\/wp-content\\\/uploads\\\/2023\\\/05\\\/curso-musica-e-coral-20171229162457.jpg-jpg.webp\",\"keywords\":[\"Assist\u00eancia social\",\"Belo Horizonte\",\"Cabo Frio\",\"Campos dos Goytacazes\",\"Canto Coral\",\"Contagem\",\"Escola de Musica SABRA\",\"Ibirit\u00e9\",\"Musicaliza\u00e7\u00e3o Infantil\",\"nova lima\",\"Orquestra Infanto Juvenil de Betim\",\"Orquestra Sinf\u00f4nica de Betim\",\"Raposos\",\"Sociedade Art\u00edstica Brasileira\"],\"articleSection\":[\"Blog SABRA\"],\"inLanguage\":\"pt-BR\"},{\"@type\":\"WebPage\",\"@id\":\"https:\\\/\\\/www.sabra.org.br\\\/site\\\/musica-e-coral\\\/\",\"url\":\"https:\\\/\\\/www.sabra.org.br\\\/site\\\/musica-e-coral\\\/\",\"name\":\"Curso\u00a0M\u00fasica\u00a0e\u00a0Coral\",\"isPartOf\":{\"@id\":\"https:\\\/\\\/www.sabra.org.br\\\/site\\\/#website\"},\"primaryImageOfPage\":{\"@id\":\"https:\\\/\\\/www.sabra.org.br\\\/site\\\/musica-e-coral\\\/#primaryimage\"},\"image\":{\"@id\":\"https:\\\/\\\/www.sabra.org.br\\\/site\\\/musica-e-coral\\\/#primaryimage\"},\"thumbnailUrl\":\"https:\\\/\\\/www.sabra.org.br\\\/site\\\/wp-content\\\/uploads\\\/2023\\\/05\\\/curso-musica-e-coral-20171229162457.jpg-jpg.webp\",\"datePublished\":\"2023-05-15T11:34:41+00:00\",\"dateModified\":\"2025-04-18T14:37:06+00:00\",\"description\":\"Nunca teve coragem de participar de um coral por achar que n\u00e3o nasceu para isso? Investir num curso M\u00fasica e Coral \u00e9 perfeitamente poss\u00edvel.\",\"breadcrumb\":{\"@id\":\"https:\\\/\\\/www.sabra.org.br\\\/site\\\/musica-e-coral\\\/#breadcrumb\"},\"inLanguage\":\"pt-BR\",\"potentialAction\":[{\"@type\":\"ReadAction\",\"target\":[\"https:\\\/\\\/www.sabra.org.br\\\/site\\\/musica-e-coral\\\/\"]}]},{\"@type\":\"ImageObject\",\"inLanguage\":\"pt-BR\",\"@id\":\"https:\\\/\\\/www.sabra.org.br\\\/site\\\/musica-e-coral\\\/#primaryimage\",\"url\":\"https:\\\/\\\/www.sabra.org.br\\\/site\\\/wp-content\\\/uploads\\\/2023\\\/05\\\/curso-musica-e-coral-20171229162457.jpg-jpg.webp\",\"contentUrl\":\"https:\\\/\\\/www.sabra.org.br\\\/site\\\/wp-content\\\/uploads\\\/2023\\\/05\\\/curso-musica-e-coral-20171229162457.jpg-jpg.webp\",\"width\":590,\"height\":395,\"caption\":\"Sociedade Art\u00edstica Brasileira SABRA\"},{\"@type\":\"BreadcrumbList\",\"@id\":\"https:\\\/\\\/www.sabra.org.br\\\/site\\\/musica-e-coral\\\/#breadcrumb\",\"itemListElement\":[{\"@type\":\"ListItem\",\"position\":1,\"name\":\"In\u00edcio\",\"item\":\"https:\\\/\\\/www.sabra.org.br\\\/site\\\/\"},{\"@type\":\"ListItem\",\"position\":2,\"name\":\"Curso\u00a0M\u00fasica\u00a0e\u00a0Coral\"}]},{\"@type\":\"WebSite\",\"@id\":\"https:\\\/\\\/www.sabra.org.br\\\/site\\\/#website\",\"url\":\"https:\\\/\\\/www.sabra.org.br\\\/site\\\/\",\"name\":\"SABRA - Sociedade Art\u00edstica Brasileira\",\"description\":\"Escola de M\u00fasica, Orquestra Sinf\u00f4nica, Coral e Patrim\u00f4nio Cultural e Hist\u00f3rico\",\"publisher\":{\"@id\":\"https:\\\/\\\/www.sabra.org.br\\\/site\\\/#organization\"},\"potentialAction\":[{\"@type\":\"SearchAction\",\"target\":{\"@type\":\"EntryPoint\",\"urlTemplate\":\"https:\\\/\\\/www.sabra.org.br\\\/site\\\/?s={search_term_string}\"},\"query-input\":{\"@type\":\"PropertyValueSpecification\",\"valueRequired\":true,\"valueName\":\"search_term_string\"}}],\"inLanguage\":\"pt-BR\"},{\"@type\":\"Organization\",\"@id\":\"https:\\\/\\\/www.sabra.org.br\\\/site\\\/#organization\",\"name\":\"SOCIEDADE ART\u00cdSTICA BRASILEIRA SABRA\",\"alternateName\":\"SABRA\",\"url\":\"https:\\\/\\\/www.sabra.org.br\\\/site\\\/\",\"logo\":{\"@type\":\"ImageObject\",\"inLanguage\":\"pt-BR\",\"@id\":\"https:\\\/\\\/www.sabra.org.br\\\/site\\\/#\\\/schema\\\/logo\\\/image\\\/\",\"url\":\"https:\\\/\\\/www.sabra.org.br\\\/site\\\/wp-content\\\/uploads\\\/2019\\\/06\\\/cropped-Logo_SABRA-Copia-1.webp\",\"contentUrl\":\"https:\\\/\\\/www.sabra.org.br\\\/site\\\/wp-content\\\/uploads\\\/2019\\\/06\\\/cropped-Logo_SABRA-Copia-1.webp\",\"width\":400,\"height\":128,\"caption\":\"SOCIEDADE ART\u00cdSTICA BRASILEIRA SABRA\"},\"image\":{\"@id\":\"https:\\\/\\\/www.sabra.org.br\\\/site\\\/#\\\/schema\\\/logo\\\/image\\\/\"},\"sameAs\":[\"https:\\\/\\\/www.facebook.com\\\/sabrabrasil\",\"https:\\\/\\\/x.com\\\/ContatoSabra\",\"https:\\\/\\\/www.instagram.com\\\/sabrabrasil\\\/\",\"https:\\\/\\\/www.linkedin.com\\\/company\\\/25002088\\\/\",\"https:\\\/\\\/br.pinterest.com\\\/sociedadeartisticabrasileira\\\/\",\"https:\\\/\\\/www.youtube.com\\\/c\\\/sabrabrasil\"]},{\"@type\":\"Person\",\"@id\":\"https:\\\/\\\/www.sabra.org.br\\\/site\\\/#\\\/schema\\\/person\\\/7d1d222c3c8891d4c37c7b41bf6315c2\",\"name\":\"M\u00e1rcio Miranda Pontes\",\"image\":{\"@type\":\"ImageObject\",\"inLanguage\":\"pt-BR\",\"@id\":\"https:\\\/\\\/secure.gravatar.com\\\/avatar\\\/3b45f24496a7625a3a6c436688fbe20344faaeb2979658dc4a9921f984d7df9a?s=96&d=mm&r=g\",\"url\":\"https:\\\/\\\/secure.gravatar.com\\\/avatar\\\/3b45f24496a7625a3a6c436688fbe20344faaeb2979658dc4a9921f984d7df9a?s=96&d=mm&r=g\",\"contentUrl\":\"https:\\\/\\\/secure.gravatar.com\\\/avatar\\\/3b45f24496a7625a3a6c436688fbe20344faaeb2979658dc4a9921f984d7df9a?s=96&d=mm&r=g\",\"caption\":\"M\u00e1rcio Miranda Pontes\"},\"sameAs\":[\"http:\\\/\\\/www.sabra.org.br\"],\"url\":\"https:\\\/\\\/www.sabra.org.br\\\/site\\\/author\\\/marcio-miranda-pontes\\\/\"}]}<\/script>\n<!-- \/ Yoast SEO plugin. -->","yoast_head_json":{"title":"Curso\u00a0M\u00fasica\u00a0e\u00a0Coral","description":"Nunca teve coragem de participar de um coral por achar que n\u00e3o nasceu para isso? Investir num curso M\u00fasica e Coral \u00e9 perfeitamente poss\u00edvel.","robots":{"index":"index","follow":"follow","max-snippet":"max-snippet:-1","max-image-preview":"max-image-preview:large","max-video-preview":"max-video-preview:-1"},"canonical":"https:\/\/www.sabra.org.br\/site\/musica-e-coral\/","og_locale":"pt_BR","og_type":"article","og_title":"Curso\u00a0M\u00fasica\u00a0e\u00a0Coral","og_description":"Nunca teve coragem de participar de um coral por achar que n\u00e3o nasceu para isso? Investir num curso M\u00fasica e Coral \u00e9 perfeitamente poss\u00edvel.","og_url":"https:\/\/www.sabra.org.br\/site\/musica-e-coral\/","og_site_name":"SABRA - Sociedade Art\u00edstica Brasileira","article_publisher":"https:\/\/www.facebook.com\/sabrabrasil","article_published_time":"2023-05-15T11:34:41+00:00","article_modified_time":"2025-04-18T14:37:06+00:00","og_image":[{"width":590,"height":395,"url":"https:\/\/www.sabra.org.br\/site\/wp-content\/uploads\/2023\/05\/curso-musica-e-coral-20171229162457.jpg-jpg.webp","type":"image\/jpeg"}],"author":"M\u00e1rcio Miranda Pontes","twitter_card":"summary_large_image","twitter_creator":"@ContatoSabra","twitter_site":"@ContatoSabra","twitter_misc":{"Escrito por":"M\u00e1rcio Miranda Pontes","Est. tempo de leitura":"4 minutos"},"schema":{"@context":"https:\/\/schema.org","@graph":[{"@type":"Article","@id":"https:\/\/www.sabra.org.br\/site\/musica-e-coral\/#article","isPartOf":{"@id":"https:\/\/www.sabra.org.br\/site\/musica-e-coral\/"},"author":{"name":"M\u00e1rcio Miranda Pontes","@id":"https:\/\/www.sabra.org.br\/site\/#\/schema\/person\/7d1d222c3c8891d4c37c7b41bf6315c2"},"headline":"Curso\u00a0M\u00fasica\u00a0e\u00a0Coral","datePublished":"2023-05-15T11:34:41+00:00","dateModified":"2025-04-18T14:37:06+00:00","mainEntityOfPage":{"@id":"https:\/\/www.sabra.org.br\/site\/musica-e-coral\/"},"wordCount":773,"publisher":{"@id":"https:\/\/www.sabra.org.br\/site\/#organization"},"image":{"@id":"https:\/\/www.sabra.org.br\/site\/musica-e-coral\/#primaryimage"},"thumbnailUrl":"https:\/\/www.sabra.org.br\/site\/wp-content\/uploads\/2023\/05\/curso-musica-e-coral-20171229162457.jpg-jpg.webp","keywords":["Assist\u00eancia social","Belo Horizonte","Cabo Frio","Campos dos Goytacazes","Canto Coral","Contagem","Escola de Musica SABRA","Ibirit\u00e9","Musicaliza\u00e7\u00e3o Infantil","nova lima","Orquestra Infanto Juvenil de Betim","Orquestra Sinf\u00f4nica de Betim","Raposos","Sociedade Art\u00edstica Brasileira"],"articleSection":["Blog SABRA"],"inLanguage":"pt-BR"},{"@type":"WebPage","@id":"https:\/\/www.sabra.org.br\/site\/musica-e-coral\/","url":"https:\/\/www.sabra.org.br\/site\/musica-e-coral\/","name":"Curso\u00a0M\u00fasica\u00a0e\u00a0Coral","isPartOf":{"@id":"https:\/\/www.sabra.org.br\/site\/#website"},"primaryImageOfPage":{"@id":"https:\/\/www.sabra.org.br\/site\/musica-e-coral\/#primaryimage"},"image":{"@id":"https:\/\/www.sabra.org.br\/site\/musica-e-coral\/#primaryimage"},"thumbnailUrl":"https:\/\/www.sabra.org.br\/site\/wp-content\/uploads\/2023\/05\/curso-musica-e-coral-20171229162457.jpg-jpg.webp","datePublished":"2023-05-15T11:34:41+00:00","dateModified":"2025-04-18T14:37:06+00:00","description":"Nunca teve coragem de participar de um coral por achar que n\u00e3o nasceu para isso? Investir num curso M\u00fasica e Coral \u00e9 perfeitamente poss\u00edvel.","breadcrumb":{"@id":"https:\/\/www.sabra.org.br\/site\/musica-e-coral\/#breadcrumb"},"inLanguage":"pt-BR","potentialAction":[{"@type":"ReadAction","target":["https:\/\/www.sabra.org.br\/site\/musica-e-coral\/"]}]},{"@type":"ImageObject","inLanguage":"pt-BR","@id":"https:\/\/www.sabra.org.br\/site\/musica-e-coral\/#primaryimage","url":"https:\/\/www.sabra.org.br\/site\/wp-content\/uploads\/2023\/05\/curso-musica-e-coral-20171229162457.jpg-jpg.webp","contentUrl":"https:\/\/www.sabra.org.br\/site\/wp-content\/uploads\/2023\/05\/curso-musica-e-coral-20171229162457.jpg-jpg.webp","width":590,"height":395,"caption":"Sociedade Art\u00edstica Brasileira SABRA"},{"@type":"BreadcrumbList","@id":"https:\/\/www.sabra.org.br\/site\/musica-e-coral\/#breadcrumb","itemListElement":[{"@type":"ListItem","position":1,"name":"In\u00edcio","item":"https:\/\/www.sabra.org.br\/site\/"},{"@type":"ListItem","position":2,"name":"Curso\u00a0M\u00fasica\u00a0e\u00a0Coral"}]},{"@type":"WebSite","@id":"https:\/\/www.sabra.org.br\/site\/#website","url":"https:\/\/www.sabra.org.br\/site\/","name":"SABRA - Sociedade Art\u00edstica Brasileira","description":"Escola de M\u00fasica, Orquestra Sinf\u00f4nica, Coral e Patrim\u00f4nio Cultural e Hist\u00f3rico","publisher":{"@id":"https:\/\/www.sabra.org.br\/site\/#organization"},"potentialAction":[{"@type":"SearchAction","target":{"@type":"EntryPoint","urlTemplate":"https:\/\/www.sabra.org.br\/site\/?s={search_term_string}"},"query-input":{"@type":"PropertyValueSpecification","valueRequired":true,"valueName":"search_term_string"}}],"inLanguage":"pt-BR"},{"@type":"Organization","@id":"https:\/\/www.sabra.org.br\/site\/#organization","name":"SOCIEDADE ART\u00cdSTICA BRASILEIRA SABRA","alternateName":"SABRA","url":"https:\/\/www.sabra.org.br\/site\/","logo":{"@type":"ImageObject","inLanguage":"pt-BR","@id":"https:\/\/www.sabra.org.br\/site\/#\/schema\/logo\/image\/","url":"https:\/\/www.sabra.org.br\/site\/wp-content\/uploads\/2019\/06\/cropped-Logo_SABRA-Copia-1.webp","contentUrl":"https:\/\/www.sabra.org.br\/site\/wp-content\/uploads\/2019\/06\/cropped-Logo_SABRA-Copia-1.webp","width":400,"height":128,"caption":"SOCIEDADE ART\u00cdSTICA BRASILEIRA SABRA"},"image":{"@id":"https:\/\/www.sabra.org.br\/site\/#\/schema\/logo\/image\/"},"sameAs":["https:\/\/www.facebook.com\/sabrabrasil","https:\/\/x.com\/ContatoSabra","https:\/\/www.instagram.com\/sabrabrasil\/","https:\/\/www.linkedin.com\/company\/25002088\/","https:\/\/br.pinterest.com\/sociedadeartisticabrasileira\/","https:\/\/www.youtube.com\/c\/sabrabrasil"]},{"@type":"Person","@id":"https:\/\/www.sabra.org.br\/site\/#\/schema\/person\/7d1d222c3c8891d4c37c7b41bf6315c2","name":"M\u00e1rcio Miranda Pontes","image":{"@type":"ImageObject","inLanguage":"pt-BR","@id":"https:\/\/secure.gravatar.com\/avatar\/3b45f24496a7625a3a6c436688fbe20344faaeb2979658dc4a9921f984d7df9a?s=96&d=mm&r=g","url":"https:\/\/secure.gravatar.com\/avatar\/3b45f24496a7625a3a6c436688fbe20344faaeb2979658dc4a9921f984d7df9a?s=96&d=mm&r=g","contentUrl":"https:\/\/secure.gravatar.com\/avatar\/3b45f24496a7625a3a6c436688fbe20344faaeb2979658dc4a9921f984d7df9a?s=96&d=mm&r=g","caption":"M\u00e1rcio Miranda Pontes"},"sameAs":["http:\/\/www.sabra.org.br"],"url":"https:\/\/www.sabra.org.br\/site\/author\/marcio-miranda-pontes\/"}]}},"jetpack_featured_media_url":"https:\/\/www.sabra.org.br\/site\/wp-content\/uploads\/2023\/05\/curso-musica-e-coral-20171229162457.jpg-jpg.webp","jetpack_shortlink":"https:\/\/wp.me\/p95j2Z-1R0","jetpack-related-posts":[{"id":1913,"url":"https:\/\/www.sabra.org.br\/site\/inclusao-social\/","url_meta":{"origin":7130,"position":0},"title":"Inclus\u00e3o Social","author":"M\u00e1rcio Miranda Pontes","date":"16 de maio de 2019","format":false,"excerpt":"trabalho da sociedade art\u00edstica brasileira educa\u00e7\u00e3o musical SABRA Inclus\u00e3o Social Assistente Social","rel":"","context":"Em &quot;Blog SABRA&quot;","block_context":{"text":"Blog SABRA","link":"https:\/\/www.sabra.org.br\/site\/category\/blog-sabra\/"},"img":{"alt_text":"","src":"https:\/\/i0.wp.com\/www.sabra.org.br\/site\/wp-content\/uploads\/2019\/05\/Assitente-Social-1.jpg?resize=350%2C200&ssl=1","width":350,"height":200},"classes":[]},{"id":504,"url":"https:\/\/www.sabra.org.br\/site\/material-curso-professoras-educacao-infantil-betim\/","url_meta":{"origin":7130,"position":1},"title":"Material Curso Professoras Educa\u00e7\u00e3o Infantil &#8211; Betim","author":"M\u00e1rcio Miranda Pontes","date":"31 de maio de 2017","format":false,"excerpt":"Baixe material do Curso M\u00fasica e Coral e capacite-se para uma pr\u00e1tica musical de qualidade em grupos e corais.","rel":"","context":"Em &quot;Blog SABRA&quot;","block_context":{"text":"Blog SABRA","link":"https:\/\/www.sabra.org.br\/site\/category\/blog-sabra\/"},"img":{"alt_text":"sabra-m\u00fasica-criada-musical-ritmo-melodia-harmonia-composi\u00e7\u00e3o-notas-teoria-can\u00e7\u00f5es-m\u00fasica-coral","src":"https:\/\/i0.wp.com\/www.sabra.org.br\/site\/wp-content\/uploads\/2024\/04\/teoria-musical-conceitos-basicos-de-harmonia-melodia-ritmo-e-composicao-20240229111914.jpg-jpg.webp?resize=350%2C200&ssl=1","width":350,"height":200,"srcset":"https:\/\/i0.wp.com\/www.sabra.org.br\/site\/wp-content\/uploads\/2024\/04\/teoria-musical-conceitos-basicos-de-harmonia-melodia-ritmo-e-composicao-20240229111914.jpg-jpg.webp?resize=350%2C200&ssl=1 1x, https:\/\/i0.wp.com\/www.sabra.org.br\/site\/wp-content\/uploads\/2024\/04\/teoria-musical-conceitos-basicos-de-harmonia-melodia-ritmo-e-composicao-20240229111914.jpg-jpg.webp?resize=525%2C300&ssl=1 1.5x, https:\/\/i0.wp.com\/www.sabra.org.br\/site\/wp-content\/uploads\/2024\/04\/teoria-musical-conceitos-basicos-de-harmonia-melodia-ritmo-e-composicao-20240229111914.jpg-jpg.webp?resize=700%2C400&ssl=1 2x"},"classes":[]},{"id":7138,"url":"https:\/\/www.sabra.org.br\/site\/jovem-solista\/","url_meta":{"origin":7130,"position":2},"title":"Premio Jovem Solista da Orquestra Sinfonica de Betim","author":"M\u00e1rcio Miranda Pontes","date":"16 de maio de 2023","format":false,"excerpt":"Estimular a competi\u00e7\u00e3o musical \u00e9 uma excelente maneira de incentivar de forma saud\u00e1vel que os indiv\u00edduos disputem entre si sem que hajam desentendimentos ou algo do tipo. Conhe\u00e7a um pouco mais sobre o Premio Jovem Solista da Orquestra Sinfonica de Betim","rel":"","context":"Em &quot;Blog SABRA&quot;","block_context":{"text":"Blog SABRA","link":"https:\/\/www.sabra.org.br\/site\/category\/blog-sabra\/"},"img":{"alt_text":"m\u00fasica-orquestra-betim-sinf\u00f4nica-pr\u00eamio-solista-art\u00edtica-jovem-jovens-projetos-proporcionar-sabra","src":"https:\/\/i0.wp.com\/www.sabra.org.br\/site\/wp-content\/uploads\/2023\/05\/premio-jovem-solista-da-orquestra-sinfonica-de-betim-20171229162457.jpg-jpg.webp?resize=350%2C200&ssl=1","width":350,"height":200,"srcset":"https:\/\/i0.wp.com\/www.sabra.org.br\/site\/wp-content\/uploads\/2023\/05\/premio-jovem-solista-da-orquestra-sinfonica-de-betim-20171229162457.jpg-jpg.webp?resize=350%2C200&ssl=1 1x, https:\/\/i0.wp.com\/www.sabra.org.br\/site\/wp-content\/uploads\/2023\/05\/premio-jovem-solista-da-orquestra-sinfonica-de-betim-20171229162457.jpg-jpg.webp?resize=525%2C300&ssl=1 1.5x, https:\/\/i0.wp.com\/www.sabra.org.br\/site\/wp-content\/uploads\/2023\/05\/premio-jovem-solista-da-orquestra-sinfonica-de-betim-20171229162457.jpg-jpg.webp?resize=700%2C400&ssl=1 2x"},"classes":[]},{"id":1729,"url":"https:\/\/www.sabra.org.br\/site\/projetos-sociais-transformacao-de-vidas\/","url_meta":{"origin":7130,"position":3},"title":"PROJETOS SOCIAIS &#8211; TRANSFORMA\u00c7\u00c3O DE VIDAS","author":"M\u00e1rcio Miranda Pontes","date":"14 de fevereiro de 2019","format":false,"excerpt":"Diante de um Estado que n\u00e3o \u00e9 capaz de oferecer plena assist\u00eancia aos mais necessitados, os projetos sociais se transformam em ferramentas muito \u00fateis na transforma\u00e7\u00e3o de vidas. A cada dia que passa, iniciativas que estimulam pessoas e jovens a estarem mais em contato com cultura est\u00e3o presentes em todo\u2026","rel":"","context":"Em &quot;Blog SABRA&quot;","block_context":{"text":"Blog SABRA","link":"https:\/\/www.sabra.org.br\/site\/category\/blog-sabra\/"},"img":{"alt_text":"Transforma\u00e7\u00e3o de vida","src":"https:\/\/i0.wp.com\/www.sabra.org.br\/site\/wp-content\/uploads\/2019\/02\/projetos-sociais-como-uma-ferramenta-de-transformacao-de-vidas-20180918131645.jpg.jpg?resize=350%2C200&ssl=1","width":350,"height":200,"srcset":"https:\/\/i0.wp.com\/www.sabra.org.br\/site\/wp-content\/uploads\/2019\/02\/projetos-sociais-como-uma-ferramenta-de-transformacao-de-vidas-20180918131645.jpg.jpg?resize=350%2C200&ssl=1 1x, https:\/\/i0.wp.com\/www.sabra.org.br\/site\/wp-content\/uploads\/2019\/02\/projetos-sociais-como-uma-ferramenta-de-transformacao-de-vidas-20180918131645.jpg.jpg?resize=525%2C300&ssl=1 1.5x, https:\/\/i0.wp.com\/www.sabra.org.br\/site\/wp-content\/uploads\/2019\/02\/projetos-sociais-como-uma-ferramenta-de-transformacao-de-vidas-20180918131645.jpg.jpg?resize=700%2C400&ssl=1 2x"},"classes":[]},{"id":7280,"url":"https:\/\/www.sabra.org.br\/site\/vida-jovens\/","url_meta":{"origin":7130,"position":4},"title":"Quais os benef\u00edcios que uma a\u00e7\u00e3o social traz para as vida dos jovens?","author":"M\u00e1rcio Miranda Pontes","date":"6 de junho de 2023","format":false,"excerpt":"Al\u00e9m de integra\u00e7\u00e3o social, voc\u00ea sabia que uma a\u00e7\u00e3o social pode ajudar os jovens a desenvolverem seu lado human\u00edstico e solid\u00e1rio, contribuindo para se tornarem pessoas melhores? Conhe\u00e7a no texto abaixo outros benef\u00edcios que uma a\u00e7\u00e3o social pode proporcionar aos jovens!","rel":"","context":"Em &quot;Blog SABRA&quot;","block_context":{"text":"Blog SABRA","link":"https:\/\/www.sabra.org.br\/site\/category\/blog-sabra\/"},"img":{"alt_text":"culturais-jovens-vida-orquestra-sociais-musical-social-sabra","src":"https:\/\/i0.wp.com\/www.sabra.org.br\/site\/wp-content\/uploads\/2023\/06\/quais-os-beneficios-que-uma-acao-social-traz-para-as-vida-dos-jovens-20181024171547.jpg-jpg.webp?resize=350%2C200&ssl=1","width":350,"height":200,"srcset":"https:\/\/i0.wp.com\/www.sabra.org.br\/site\/wp-content\/uploads\/2023\/06\/quais-os-beneficios-que-uma-acao-social-traz-para-as-vida-dos-jovens-20181024171547.jpg-jpg.webp?resize=350%2C200&ssl=1 1x, https:\/\/i0.wp.com\/www.sabra.org.br\/site\/wp-content\/uploads\/2023\/06\/quais-os-beneficios-que-uma-acao-social-traz-para-as-vida-dos-jovens-20181024171547.jpg-jpg.webp?resize=525%2C300&ssl=1 1.5x, https:\/\/i0.wp.com\/www.sabra.org.br\/site\/wp-content\/uploads\/2023\/06\/quais-os-beneficios-que-uma-acao-social-traz-para-as-vida-dos-jovens-20181024171547.jpg-jpg.webp?resize=700%2C400&ssl=1 2x"},"classes":[]},{"id":1709,"url":"https:\/\/www.sabra.org.br\/site\/curso-gratuito-de-musicalizacao-infantil-2019\/","url_meta":{"origin":7130,"position":5},"title":"Curso Gratuito de Musicaliza\u00e7\u00e3o Infantil &#8211; 2019","author":"M\u00e1rcio Miranda Pontes","date":"21 de janeiro de 2019","format":false,"excerpt":"Entre os dias 25 e 28 de fevereiro, as inscri\u00e7\u00f5es estar\u00e3o abertas para o curso gratuito de musicaliza\u00e7\u00e3o infantil da SABRA. O p\u00fablico alvo s\u00e3o crian\u00e7as de oito a dez anos. Essa \u00e9 a porta de entrada para participar da Orquestra Infantil de Betim, fruto da parceria entre a Secretaria\u2026","rel":"","context":"Em &quot;Not\u00edcias&quot;","block_context":{"text":"Not\u00edcias","link":"https:\/\/www.sabra.org.br\/site\/category\/noticias\/"},"img":{"alt_text":"Musicaliza\u00e7\u00e3o Infantil Escola de M\u00fasica","src":"https:\/\/i0.wp.com\/www.sabra.org.br\/site\/wp-content\/uploads\/2019\/01\/Musicaliza%C3%A7%C3%A3o.jpg?resize=350%2C200&ssl=1","width":350,"height":200,"srcset":"https:\/\/i0.wp.com\/www.sabra.org.br\/site\/wp-content\/uploads\/2019\/01\/Musicaliza%C3%A7%C3%A3o.jpg?resize=350%2C200&ssl=1 1x, https:\/\/i0.wp.com\/www.sabra.org.br\/site\/wp-content\/uploads\/2019\/01\/Musicaliza%C3%A7%C3%A3o.jpg?resize=525%2C300&ssl=1 1.5x, https:\/\/i0.wp.com\/www.sabra.org.br\/site\/wp-content\/uploads\/2019\/01\/Musicaliza%C3%A7%C3%A3o.jpg?resize=700%2C400&ssl=1 2x"},"classes":[]}],"jetpack_likes_enabled":true,"jetpack_sharing_enabled":true,"_links":{"self":[{"href":"https:\/\/www.sabra.org.br\/site\/wp-json\/wp\/v2\/posts\/7130","targetHints":{"allow":["GET"]}}],"collection":[{"href":"https:\/\/www.sabra.org.br\/site\/wp-json\/wp\/v2\/posts"}],"about":[{"href":"https:\/\/www.sabra.org.br\/site\/wp-json\/wp\/v2\/types\/post"}],"author":[{"embeddable":true,"href":"https:\/\/www.sabra.org.br\/site\/wp-json\/wp\/v2\/users\/39"}],"replies":[{"embeddable":true,"href":"https:\/\/www.sabra.org.br\/site\/wp-json\/wp\/v2\/comments?post=7130"}],"version-history":[{"count":0,"href":"https:\/\/www.sabra.org.br\/site\/wp-json\/wp\/v2\/posts\/7130\/revisions"}],"wp:featuredmedia":[{"embeddable":true,"href":"https:\/\/www.sabra.org.br\/site\/wp-json\/wp\/v2\/media\/7132"}],"wp:attachment":[{"href":"https:\/\/www.sabra.org.br\/site\/wp-json\/wp\/v2\/media?parent=7130"}],"wp:term":[{"taxonomy":"category","embeddable":true,"href":"https:\/\/www.sabra.org.br\/site\/wp-json\/wp\/v2\/categories?post=7130"},{"taxonomy":"post_tag","embeddable":true,"href":"https:\/\/www.sabra.org.br\/site\/wp-json\/wp\/v2\/tags?post=7130"}],"curies":[{"name":"wp","href":"https:\/\/api.w.org\/{rel}","templated":true}]}}