{"id":7173,"date":"2023-05-22T09:10:40","date_gmt":"2023-05-22T12:10:40","guid":{"rendered":"https:\/\/www.sabra.org.br\/site\/?p=7173"},"modified":"2025-04-18T11:35:02","modified_gmt":"2025-04-18T14:35:02","slug":"mulher-direitos-sociais","status":"publish","type":"post","link":"https:\/\/www.sabra.org.br\/site\/mulher-direitos-sociais\/","title":{"rendered":"Como o servi\u00e7o social contribui com a defesa dos direitos das mulheres?"},"content":{"rendered":"<p>O nosso pa\u00eds sofre diariamente com a viol\u00eancia contra a mulher. S\u00e3o diversos casos por dia de agress\u00f5es f\u00edsicas, verbais e at\u00e9 mortes de mulheres em praticamente todos os estados brasileiros, o que nos alerta para a necessidade de olhar para esse problema. Mas al\u00e9m de perceber, \u00e9 necess\u00e1rio tomar atitudes para que pol\u00edticas p\u00fablicas sejam aprovadas e cumpridas para a prote\u00e7\u00e3o desse grupo e puni\u00e7\u00e3o dos culpados \u2013 e \u00e9 nessa luta incessante que o profissional de assist\u00eancia social atua.<\/p>\n<h2>A import\u00e2ncia da assist\u00eancia social<\/h2>\n<p>Nunca a profiss\u00e3o de assistente social foi t\u00e3o necess\u00e1ria e valorizada como atualmente. Com a abertura para a discuss\u00e3o e para a aceita\u00e7\u00e3o das diferen\u00e7as, como de homossexuais, negros, \u00edndios e mais den\u00fancias de viol\u00eancia contra a mulher, mais procurados os assistentes passaram a ser.<\/p>\n<p>Estes s\u00e3o os respons\u00e1veis por lutar pela melhora da qualidade de vida e o acesso aos direitos b\u00e1sicos, principalmente daquelas pessoas mais vulner\u00e1veis socialmente, como as crian\u00e7as, os homossexuais, os mais pobres, os idosos, negros, dependentes qu\u00edmicos e as mulheres que sofrem com viol\u00eancia.<\/p>\n<p>Geralmente, essa viol\u00eancia contra as mulheres \u00e9 dom\u00e9stica e parte principalmente do pr\u00f3prio parceiro. Muitas t\u00eam receio de denunciar e procurar seus direitos junto a uma delegacia, mas \u00e9 papel do servi\u00e7o social auxiliar essas mulheres no incentivo \u00e0 den\u00fancia, a livr\u00e1-la do agressor e garantir que a mesma tenha seus direitos de prote\u00e7\u00e3o garantidos ap\u00f3s essa atitude.<\/p>\n<p>Por isso, podemos afirmar que um assistente social tem quase que uma obriga\u00e7\u00e3o moral de ser feminista, ou seja, que acredita na igualdade de g\u00eanero, pois s\u00f3 assim ele ser\u00e1 capaz de entender e de lutar junto \u00e0s frentes de repress\u00e3o da viol\u00eancia, para que essas mulheres voltem a ter uma qualidade de vida e para evitar que novas viol\u00eancias aconte\u00e7am com essas e outras mulheres.<\/p>\n<h2>O papel da assist\u00eancia social<\/h2>\n<p>Existem tr\u00eas dimens\u00f5es do servi\u00e7o social que norteiam a atua\u00e7\u00e3o desses profissionais: \u00e9tico-pol\u00edtica, te\u00f3rico-metodol\u00f3gica e t\u00e9cnico-operativa. Para o caso da viol\u00eancia contra a mulher, a dimens\u00e3o \u00e9tico-pol\u00edtica \u00e9 a mais utilizada pelos assistentes sociais, uma vez que procura democratizar o acesso da popula\u00e7\u00e3o mais vulner\u00e1vel a direitos humanos e sociais, bens, servi\u00e7os, pol\u00edticas sociais, entre outras necessidades.<\/p>\n<p>Assim, as a\u00e7\u00f5es desses profissionais ser\u00e3o direcionadas para que as mulheres procurem seus direitos, sociais e jur\u00eddicos, sobre a agress\u00e3o, al\u00e9m de promover a\u00e7\u00f5es que incentivem pol\u00edticas p\u00fablicas sociais que sejam sempre remodeladas para melhor proteger essas mulheres. Nisso, a a\u00e7\u00e3o conjunta com coletivos feministas s\u00f3 aumenta a for\u00e7a da luta pelos direitos e pela prote\u00e7\u00e3o da mulher contra os agressores. Em suma, \u00e9 uma a\u00e7\u00e3o composta por preven\u00e7\u00e3o e combate \u00e0 viol\u00eancia contra a mulher.<\/p>\n<h2>Empecilhos<\/h2>\n<p>Apesar de a assist\u00eancia social ser respons\u00e1vel por procurar melhorar a vida das mulheres e proteg\u00ea-las atrav\u00e9s da luta por direitos, a maioria das pol\u00edticas p\u00fablicas e projetos sociais n\u00e3o conseguem atingir e proteger efetivamente todas as necessitadas. O investimento nesse tipo de assunto ainda \u00e9 muito baixo no Estado, onde as discuss\u00f5es s\u00f3 tem ganhado corpo somente agora. \u00c9 preciso criar leis que apoiem essa luta, a fim de que o trabalho dos assistentes sociais seja realmente efetivo e funcione para quem necessita.<\/p>\n<blockquote class=\"wp-embedded-content\" data-secret=\"Nh4UxDIKao\"><p><a href=\"https:\/\/www.sabra.org.br\/site\/musica-relaxar-beneficio\/\">Benef\u00edcios das m\u00fasicas para relaxar<\/a><\/p><\/blockquote>\n<p><iframe class=\"wp-embedded-content\" sandbox=\"allow-scripts\" security=\"restricted\" style=\"position: absolute; visibility: hidden;\" title=\"&#8220;Benef\u00edcios das m\u00fasicas para relaxar&#8221; &#8212; SABRA - Sociedade Art\u00edstica Brasileira\" src=\"https:\/\/www.sabra.org.br\/site\/musica-relaxar-beneficio\/embed\/#?secret=Lt6LVShJBZ#?secret=Nh4UxDIKao\" data-secret=\"Nh4UxDIKao\" width=\"600\" height=\"338\" frameborder=\"0\" marginwidth=\"0\" marginheight=\"0\" scrolling=\"no\"><\/iframe><\/p>\n<hr \/>\n<h2>Se voc\u00ea gostou deste post:<\/h2>\n<ul>\n<li>SIGA as nossas p\u00e1ginas nas redes sociais para acompanhar as nossas atualiza\u00e7\u00f5es: estamos no <a href=\"https:\/\/www.facebook.com\/sabrabrasil\" target=\"_blank\" rel=\"noopener\">Facebook<\/a>, no <a href=\"https:\/\/www.instagram.com\/sabrabrasil\/\" target=\"_blank\" rel=\"noopener\">Instagram<\/a>, no <a href=\"https:\/\/www.linkedin.com\/company\/25002088\" target=\"_blank\" rel=\"noopener\">LinkedIn<\/a>, no <a href=\"https:\/\/twitter.com\/ContatoSabra\" target=\"_blank\" rel=\"noopener\">Twitter<\/a> e no <a href=\"https:\/\/www.youtube.com\/channel\/UCJw-kbuEvzUNdeQf20Pa-eQ\" target=\"_blank\" rel=\"noopener\">YouTube<\/a>!<\/li>\n<li>CONHE\u00c7A o trabalho da Sociedade Art\u00edstica Brasileira (SABRA) e todas as iniciativas culturais e sociais que ela mant\u00e9m. <a href=\"https:\/\/www.sabra.org.br\/site\/acoes\/\" target=\"_blank\" rel=\"noopener\">Acesse nosso site!<\/a><\/li>\n<li>ENTRE EM CONTATO com a gente. E veja quais s\u00e3o as op\u00e7\u00f5es de ajuda na manuten\u00e7\u00e3o de nossas a\u00e7\u00f5es sociais e culturais. Basta acessar nossa p\u00e1gina <a href=\"https:\/\/www.sabra.org.br\/site\/doe-agora\/\" target=\"_blank\" rel=\"noopener\">Doe Agora!<\/a><\/li>\n<li>COMPARTILHE este texto nas suas redes sociais e ajude os seus amigos a tamb\u00e9m dominarem o assunto!<\/li>\n<\/ul>\n<p>\u2013 Os projetos da @sabrabrasil s\u00e3o realizados com o patroci\u0301nio m\u00e1ster: @institutounimedbh, viabilizado pelo incentivo de mais de 5,2 mil m\u00e9dicos cooperados e colaboradores via Lei de Incentivo \u00e0 Cultura &#8211; @culturagovbr<\/p>\n<blockquote class=\"wp-embedded-content\" data-secret=\"7myAFVz8AN\"><p><a href=\"https:\/\/www.sabra.org.br\/site\/vulnerabilidade-social\/\">Vulnerabilidade Social<\/a><\/p><\/blockquote>\n<p><iframe class=\"wp-embedded-content\" sandbox=\"allow-scripts\" security=\"restricted\" style=\"position: absolute; visibility: hidden;\" title=\"&#8220;Vulnerabilidade Social&#8221; &#8212; SABRA - Sociedade Art\u00edstica Brasileira\" src=\"https:\/\/www.sabra.org.br\/site\/vulnerabilidade-social\/embed\/#?secret=5sDA8RbMJf#?secret=7myAFVz8AN\" data-secret=\"7myAFVz8AN\" width=\"600\" height=\"338\" frameborder=\"0\" marginwidth=\"0\" marginheight=\"0\" scrolling=\"no\"><\/iframe><\/p>\n","protected":false},"excerpt":{"rendered":"<p>O servi\u00e7o social atua nas mais variadas inst\u00e2ncias da sociedade, sendo uma delas a defesa dos direitos das mulheres. Deseja saber como os profissionais dessa \u00e1rea contribuem nesse sentido? Veja agora este artigo!<\/p>\n","protected":false},"author":39,"featured_media":7176,"comment_status":"closed","ping_status":"closed","sticky":false,"template":"","format":"standard","meta":{"jetpack_post_was_ever_published":false,"_jetpack_newsletter_access":"","_jetpack_dont_email_post_to_subs":false,"_jetpack_newsletter_tier_id":0,"_jetpack_memberships_contains_paywalled_content":false,"_jetpack_memberships_contains_paid_content":false,"footnotes":""},"categories":[1],"tags":[15,2757,3626,3623,8,3629,1285,3628,16,3519,1286,11,3622,9],"class_list":["post-7173","post","type-post","status-publish","format-standard","has-post-thumbnail","hentry","category-blog-sabra","tag-assistencia-social","tag-belo-horizonte","tag-cabo-frio","tag-campos-dos-goytacazes","tag-canto-coral","tag-contagem","tag-escola-de-musica-sabra","tag-ibirite","tag-musicalizacao-infantil","tag-nova-lima-2","tag-orquestra-infanto-juvenil-de-betim","tag-orquestra-sinfonica-de-betim","tag-raposos","tag-sociedade-artistica-brasileira"],"yoast_head":"<!-- This site is optimized with the Yoast SEO plugin v27.5 - https:\/\/yoast.com\/product\/yoast-seo-wordpress\/ -->\n<title>Mulher - defesa dos direitos e servi\u00e7o social<\/title>\n<meta name=\"description\" content=\"O servi\u00e7o social atua nas mais variadas inst\u00e2ncias da sociedade, sendo uma delas a defesa dos direitos das mulheres.\" \/>\n<meta name=\"robots\" content=\"index, follow, max-snippet:-1, max-image-preview:large, max-video-preview:-1\" \/>\n<link rel=\"canonical\" href=\"https:\/\/www.sabra.org.br\/site\/mulher-direitos-sociais\/\" \/>\n<meta property=\"og:locale\" content=\"pt_BR\" \/>\n<meta property=\"og:type\" content=\"article\" \/>\n<meta property=\"og:title\" content=\"Mulher - defesa dos direitos e servi\u00e7o social\" \/>\n<meta property=\"og:description\" content=\"O servi\u00e7o social atua nas mais variadas inst\u00e2ncias da sociedade, sendo uma delas a defesa dos direitos das mulheres.\" \/>\n<meta property=\"og:url\" content=\"https:\/\/www.sabra.org.br\/site\/mulher-direitos-sociais\/\" \/>\n<meta property=\"og:site_name\" content=\"SABRA - Sociedade Art\u00edstica Brasileira\" \/>\n<meta property=\"article:publisher\" content=\"https:\/\/www.facebook.com\/sabrabrasil\" \/>\n<meta property=\"article:published_time\" content=\"2023-05-22T12:10:40+00:00\" \/>\n<meta property=\"article:modified_time\" content=\"2025-04-18T14:35:02+00:00\" \/>\n<meta property=\"og:image\" content=\"https:\/\/www.sabra.org.br\/site\/wp-content\/uploads\/2023\/05\/como-o-servico-social-contribui-com-a-defesa-dos-direitos-das-mulheres-20181029144609.jpg-jpg.webp\" \/>\n\t<meta property=\"og:image:width\" content=\"800\" \/>\n\t<meta property=\"og:image:height\" content=\"601\" \/>\n\t<meta property=\"og:image:type\" content=\"image\/jpeg\" \/>\n<meta name=\"author\" content=\"M\u00e1rcio Miranda Pontes\" \/>\n<meta name=\"twitter:card\" content=\"summary_large_image\" \/>\n<meta name=\"twitter:creator\" content=\"@ContatoSabra\" \/>\n<meta name=\"twitter:site\" content=\"@ContatoSabra\" \/>\n<meta name=\"twitter:label1\" content=\"Escrito por\" \/>\n\t<meta name=\"twitter:data1\" content=\"M\u00e1rcio Miranda Pontes\" \/>\n\t<meta name=\"twitter:label2\" content=\"Est. tempo de leitura\" \/>\n\t<meta name=\"twitter:data2\" content=\"4 minutos\" \/>\n<script type=\"application\/ld+json\" class=\"yoast-schema-graph\">{\"@context\":\"https:\\\/\\\/schema.org\",\"@graph\":[{\"@type\":\"Article\",\"@id\":\"https:\\\/\\\/www.sabra.org.br\\\/site\\\/mulher-direitos-sociais\\\/#article\",\"isPartOf\":{\"@id\":\"https:\\\/\\\/www.sabra.org.br\\\/site\\\/mulher-direitos-sociais\\\/\"},\"author\":{\"name\":\"M\u00e1rcio Miranda Pontes\",\"@id\":\"https:\\\/\\\/www.sabra.org.br\\\/site\\\/#\\\/schema\\\/person\\\/7d1d222c3c8891d4c37c7b41bf6315c2\"},\"headline\":\"Como o servi\u00e7o social contribui com a defesa dos direitos das mulheres?\",\"datePublished\":\"2023-05-22T12:10:40+00:00\",\"dateModified\":\"2025-04-18T14:35:02+00:00\",\"mainEntityOfPage\":{\"@id\":\"https:\\\/\\\/www.sabra.org.br\\\/site\\\/mulher-direitos-sociais\\\/\"},\"wordCount\":759,\"publisher\":{\"@id\":\"https:\\\/\\\/www.sabra.org.br\\\/site\\\/#organization\"},\"image\":{\"@id\":\"https:\\\/\\\/www.sabra.org.br\\\/site\\\/mulher-direitos-sociais\\\/#primaryimage\"},\"thumbnailUrl\":\"https:\\\/\\\/www.sabra.org.br\\\/site\\\/wp-content\\\/uploads\\\/2023\\\/05\\\/como-o-servico-social-contribui-com-a-defesa-dos-direitos-das-mulheres-20181029144609.jpg-jpg.webp\",\"keywords\":[\"Assist\u00eancia social\",\"Belo Horizonte\",\"Cabo Frio\",\"Campos dos Goytacazes\",\"Canto Coral\",\"Contagem\",\"Escola de Musica SABRA\",\"Ibirit\u00e9\",\"Musicaliza\u00e7\u00e3o Infantil\",\"nova lima\",\"Orquestra Infanto Juvenil de Betim\",\"Orquestra Sinf\u00f4nica de Betim\",\"Raposos\",\"Sociedade Art\u00edstica Brasileira\"],\"articleSection\":[\"Blog SABRA\"],\"inLanguage\":\"pt-BR\"},{\"@type\":\"WebPage\",\"@id\":\"https:\\\/\\\/www.sabra.org.br\\\/site\\\/mulher-direitos-sociais\\\/\",\"url\":\"https:\\\/\\\/www.sabra.org.br\\\/site\\\/mulher-direitos-sociais\\\/\",\"name\":\"Mulher - defesa dos direitos e servi\u00e7o social\",\"isPartOf\":{\"@id\":\"https:\\\/\\\/www.sabra.org.br\\\/site\\\/#website\"},\"primaryImageOfPage\":{\"@id\":\"https:\\\/\\\/www.sabra.org.br\\\/site\\\/mulher-direitos-sociais\\\/#primaryimage\"},\"image\":{\"@id\":\"https:\\\/\\\/www.sabra.org.br\\\/site\\\/mulher-direitos-sociais\\\/#primaryimage\"},\"thumbnailUrl\":\"https:\\\/\\\/www.sabra.org.br\\\/site\\\/wp-content\\\/uploads\\\/2023\\\/05\\\/como-o-servico-social-contribui-com-a-defesa-dos-direitos-das-mulheres-20181029144609.jpg-jpg.webp\",\"datePublished\":\"2023-05-22T12:10:40+00:00\",\"dateModified\":\"2025-04-18T14:35:02+00:00\",\"description\":\"O servi\u00e7o social atua nas mais variadas inst\u00e2ncias da sociedade, sendo uma delas a defesa dos direitos das mulheres.\",\"breadcrumb\":{\"@id\":\"https:\\\/\\\/www.sabra.org.br\\\/site\\\/mulher-direitos-sociais\\\/#breadcrumb\"},\"inLanguage\":\"pt-BR\",\"potentialAction\":[{\"@type\":\"ReadAction\",\"target\":[\"https:\\\/\\\/www.sabra.org.br\\\/site\\\/mulher-direitos-sociais\\\/\"]}]},{\"@type\":\"ImageObject\",\"inLanguage\":\"pt-BR\",\"@id\":\"https:\\\/\\\/www.sabra.org.br\\\/site\\\/mulher-direitos-sociais\\\/#primaryimage\",\"url\":\"https:\\\/\\\/www.sabra.org.br\\\/site\\\/wp-content\\\/uploads\\\/2023\\\/05\\\/como-o-servico-social-contribui-com-a-defesa-dos-direitos-das-mulheres-20181029144609.jpg-jpg.webp\",\"contentUrl\":\"https:\\\/\\\/www.sabra.org.br\\\/site\\\/wp-content\\\/uploads\\\/2023\\\/05\\\/como-o-servico-social-contribui-com-a-defesa-dos-direitos-das-mulheres-20181029144609.jpg-jpg.webp\",\"width\":800,\"height\":601,\"caption\":\"Sociedade Art\u00edstica Brasileira SABRA\"},{\"@type\":\"BreadcrumbList\",\"@id\":\"https:\\\/\\\/www.sabra.org.br\\\/site\\\/mulher-direitos-sociais\\\/#breadcrumb\",\"itemListElement\":[{\"@type\":\"ListItem\",\"position\":1,\"name\":\"In\u00edcio\",\"item\":\"https:\\\/\\\/www.sabra.org.br\\\/site\\\/\"},{\"@type\":\"ListItem\",\"position\":2,\"name\":\"Como o servi\u00e7o social contribui com a defesa dos direitos das mulheres?\"}]},{\"@type\":\"WebSite\",\"@id\":\"https:\\\/\\\/www.sabra.org.br\\\/site\\\/#website\",\"url\":\"https:\\\/\\\/www.sabra.org.br\\\/site\\\/\",\"name\":\"SABRA - Sociedade Art\u00edstica Brasileira\",\"description\":\"Escola de M\u00fasica, Orquestra Sinf\u00f4nica, Coral e Patrim\u00f4nio Cultural e Hist\u00f3rico\",\"publisher\":{\"@id\":\"https:\\\/\\\/www.sabra.org.br\\\/site\\\/#organization\"},\"potentialAction\":[{\"@type\":\"SearchAction\",\"target\":{\"@type\":\"EntryPoint\",\"urlTemplate\":\"https:\\\/\\\/www.sabra.org.br\\\/site\\\/?s={search_term_string}\"},\"query-input\":{\"@type\":\"PropertyValueSpecification\",\"valueRequired\":true,\"valueName\":\"search_term_string\"}}],\"inLanguage\":\"pt-BR\"},{\"@type\":\"Organization\",\"@id\":\"https:\\\/\\\/www.sabra.org.br\\\/site\\\/#organization\",\"name\":\"SOCIEDADE ART\u00cdSTICA BRASILEIRA SABRA\",\"alternateName\":\"SABRA\",\"url\":\"https:\\\/\\\/www.sabra.org.br\\\/site\\\/\",\"logo\":{\"@type\":\"ImageObject\",\"inLanguage\":\"pt-BR\",\"@id\":\"https:\\\/\\\/www.sabra.org.br\\\/site\\\/#\\\/schema\\\/logo\\\/image\\\/\",\"url\":\"https:\\\/\\\/www.sabra.org.br\\\/site\\\/wp-content\\\/uploads\\\/2019\\\/06\\\/cropped-Logo_SABRA-Copia-1.webp\",\"contentUrl\":\"https:\\\/\\\/www.sabra.org.br\\\/site\\\/wp-content\\\/uploads\\\/2019\\\/06\\\/cropped-Logo_SABRA-Copia-1.webp\",\"width\":400,\"height\":128,\"caption\":\"SOCIEDADE ART\u00cdSTICA BRASILEIRA SABRA\"},\"image\":{\"@id\":\"https:\\\/\\\/www.sabra.org.br\\\/site\\\/#\\\/schema\\\/logo\\\/image\\\/\"},\"sameAs\":[\"https:\\\/\\\/www.facebook.com\\\/sabrabrasil\",\"https:\\\/\\\/x.com\\\/ContatoSabra\",\"https:\\\/\\\/www.instagram.com\\\/sabrabrasil\\\/\",\"https:\\\/\\\/www.linkedin.com\\\/company\\\/25002088\\\/\",\"https:\\\/\\\/br.pinterest.com\\\/sociedadeartisticabrasileira\\\/\",\"https:\\\/\\\/www.youtube.com\\\/c\\\/sabrabrasil\"]},{\"@type\":\"Person\",\"@id\":\"https:\\\/\\\/www.sabra.org.br\\\/site\\\/#\\\/schema\\\/person\\\/7d1d222c3c8891d4c37c7b41bf6315c2\",\"name\":\"M\u00e1rcio Miranda Pontes\",\"image\":{\"@type\":\"ImageObject\",\"inLanguage\":\"pt-BR\",\"@id\":\"https:\\\/\\\/secure.gravatar.com\\\/avatar\\\/3b45f24496a7625a3a6c436688fbe20344faaeb2979658dc4a9921f984d7df9a?s=96&d=mm&r=g\",\"url\":\"https:\\\/\\\/secure.gravatar.com\\\/avatar\\\/3b45f24496a7625a3a6c436688fbe20344faaeb2979658dc4a9921f984d7df9a?s=96&d=mm&r=g\",\"contentUrl\":\"https:\\\/\\\/secure.gravatar.com\\\/avatar\\\/3b45f24496a7625a3a6c436688fbe20344faaeb2979658dc4a9921f984d7df9a?s=96&d=mm&r=g\",\"caption\":\"M\u00e1rcio Miranda Pontes\"},\"sameAs\":[\"http:\\\/\\\/www.sabra.org.br\"],\"url\":\"https:\\\/\\\/www.sabra.org.br\\\/site\\\/author\\\/marcio-miranda-pontes\\\/\"}]}<\/script>\n<!-- \/ Yoast SEO plugin. -->","yoast_head_json":{"title":"Mulher - defesa dos direitos e servi\u00e7o social","description":"O servi\u00e7o social atua nas mais variadas inst\u00e2ncias da sociedade, sendo uma delas a defesa dos direitos das mulheres.","robots":{"index":"index","follow":"follow","max-snippet":"max-snippet:-1","max-image-preview":"max-image-preview:large","max-video-preview":"max-video-preview:-1"},"canonical":"https:\/\/www.sabra.org.br\/site\/mulher-direitos-sociais\/","og_locale":"pt_BR","og_type":"article","og_title":"Mulher - defesa dos direitos e servi\u00e7o social","og_description":"O servi\u00e7o social atua nas mais variadas inst\u00e2ncias da sociedade, sendo uma delas a defesa dos direitos das mulheres.","og_url":"https:\/\/www.sabra.org.br\/site\/mulher-direitos-sociais\/","og_site_name":"SABRA - Sociedade Art\u00edstica Brasileira","article_publisher":"https:\/\/www.facebook.com\/sabrabrasil","article_published_time":"2023-05-22T12:10:40+00:00","article_modified_time":"2025-04-18T14:35:02+00:00","og_image":[{"width":800,"height":601,"url":"https:\/\/www.sabra.org.br\/site\/wp-content\/uploads\/2023\/05\/como-o-servico-social-contribui-com-a-defesa-dos-direitos-das-mulheres-20181029144609.jpg-jpg.webp","type":"image\/jpeg"}],"author":"M\u00e1rcio Miranda Pontes","twitter_card":"summary_large_image","twitter_creator":"@ContatoSabra","twitter_site":"@ContatoSabra","twitter_misc":{"Escrito por":"M\u00e1rcio Miranda Pontes","Est. tempo de leitura":"4 minutos"},"schema":{"@context":"https:\/\/schema.org","@graph":[{"@type":"Article","@id":"https:\/\/www.sabra.org.br\/site\/mulher-direitos-sociais\/#article","isPartOf":{"@id":"https:\/\/www.sabra.org.br\/site\/mulher-direitos-sociais\/"},"author":{"name":"M\u00e1rcio Miranda Pontes","@id":"https:\/\/www.sabra.org.br\/site\/#\/schema\/person\/7d1d222c3c8891d4c37c7b41bf6315c2"},"headline":"Como o servi\u00e7o social contribui com a defesa dos direitos das mulheres?","datePublished":"2023-05-22T12:10:40+00:00","dateModified":"2025-04-18T14:35:02+00:00","mainEntityOfPage":{"@id":"https:\/\/www.sabra.org.br\/site\/mulher-direitos-sociais\/"},"wordCount":759,"publisher":{"@id":"https:\/\/www.sabra.org.br\/site\/#organization"},"image":{"@id":"https:\/\/www.sabra.org.br\/site\/mulher-direitos-sociais\/#primaryimage"},"thumbnailUrl":"https:\/\/www.sabra.org.br\/site\/wp-content\/uploads\/2023\/05\/como-o-servico-social-contribui-com-a-defesa-dos-direitos-das-mulheres-20181029144609.jpg-jpg.webp","keywords":["Assist\u00eancia social","Belo Horizonte","Cabo Frio","Campos dos Goytacazes","Canto Coral","Contagem","Escola de Musica SABRA","Ibirit\u00e9","Musicaliza\u00e7\u00e3o Infantil","nova lima","Orquestra Infanto Juvenil de Betim","Orquestra Sinf\u00f4nica de Betim","Raposos","Sociedade Art\u00edstica Brasileira"],"articleSection":["Blog SABRA"],"inLanguage":"pt-BR"},{"@type":"WebPage","@id":"https:\/\/www.sabra.org.br\/site\/mulher-direitos-sociais\/","url":"https:\/\/www.sabra.org.br\/site\/mulher-direitos-sociais\/","name":"Mulher - defesa dos direitos e servi\u00e7o social","isPartOf":{"@id":"https:\/\/www.sabra.org.br\/site\/#website"},"primaryImageOfPage":{"@id":"https:\/\/www.sabra.org.br\/site\/mulher-direitos-sociais\/#primaryimage"},"image":{"@id":"https:\/\/www.sabra.org.br\/site\/mulher-direitos-sociais\/#primaryimage"},"thumbnailUrl":"https:\/\/www.sabra.org.br\/site\/wp-content\/uploads\/2023\/05\/como-o-servico-social-contribui-com-a-defesa-dos-direitos-das-mulheres-20181029144609.jpg-jpg.webp","datePublished":"2023-05-22T12:10:40+00:00","dateModified":"2025-04-18T14:35:02+00:00","description":"O servi\u00e7o social atua nas mais variadas inst\u00e2ncias da sociedade, sendo uma delas a defesa dos direitos das mulheres.","breadcrumb":{"@id":"https:\/\/www.sabra.org.br\/site\/mulher-direitos-sociais\/#breadcrumb"},"inLanguage":"pt-BR","potentialAction":[{"@type":"ReadAction","target":["https:\/\/www.sabra.org.br\/site\/mulher-direitos-sociais\/"]}]},{"@type":"ImageObject","inLanguage":"pt-BR","@id":"https:\/\/www.sabra.org.br\/site\/mulher-direitos-sociais\/#primaryimage","url":"https:\/\/www.sabra.org.br\/site\/wp-content\/uploads\/2023\/05\/como-o-servico-social-contribui-com-a-defesa-dos-direitos-das-mulheres-20181029144609.jpg-jpg.webp","contentUrl":"https:\/\/www.sabra.org.br\/site\/wp-content\/uploads\/2023\/05\/como-o-servico-social-contribui-com-a-defesa-dos-direitos-das-mulheres-20181029144609.jpg-jpg.webp","width":800,"height":601,"caption":"Sociedade Art\u00edstica Brasileira SABRA"},{"@type":"BreadcrumbList","@id":"https:\/\/www.sabra.org.br\/site\/mulher-direitos-sociais\/#breadcrumb","itemListElement":[{"@type":"ListItem","position":1,"name":"In\u00edcio","item":"https:\/\/www.sabra.org.br\/site\/"},{"@type":"ListItem","position":2,"name":"Como o servi\u00e7o social contribui com a defesa dos direitos das mulheres?"}]},{"@type":"WebSite","@id":"https:\/\/www.sabra.org.br\/site\/#website","url":"https:\/\/www.sabra.org.br\/site\/","name":"SABRA - Sociedade Art\u00edstica Brasileira","description":"Escola de M\u00fasica, Orquestra Sinf\u00f4nica, Coral e Patrim\u00f4nio Cultural e Hist\u00f3rico","publisher":{"@id":"https:\/\/www.sabra.org.br\/site\/#organization"},"potentialAction":[{"@type":"SearchAction","target":{"@type":"EntryPoint","urlTemplate":"https:\/\/www.sabra.org.br\/site\/?s={search_term_string}"},"query-input":{"@type":"PropertyValueSpecification","valueRequired":true,"valueName":"search_term_string"}}],"inLanguage":"pt-BR"},{"@type":"Organization","@id":"https:\/\/www.sabra.org.br\/site\/#organization","name":"SOCIEDADE ART\u00cdSTICA BRASILEIRA SABRA","alternateName":"SABRA","url":"https:\/\/www.sabra.org.br\/site\/","logo":{"@type":"ImageObject","inLanguage":"pt-BR","@id":"https:\/\/www.sabra.org.br\/site\/#\/schema\/logo\/image\/","url":"https:\/\/www.sabra.org.br\/site\/wp-content\/uploads\/2019\/06\/cropped-Logo_SABRA-Copia-1.webp","contentUrl":"https:\/\/www.sabra.org.br\/site\/wp-content\/uploads\/2019\/06\/cropped-Logo_SABRA-Copia-1.webp","width":400,"height":128,"caption":"SOCIEDADE ART\u00cdSTICA BRASILEIRA SABRA"},"image":{"@id":"https:\/\/www.sabra.org.br\/site\/#\/schema\/logo\/image\/"},"sameAs":["https:\/\/www.facebook.com\/sabrabrasil","https:\/\/x.com\/ContatoSabra","https:\/\/www.instagram.com\/sabrabrasil\/","https:\/\/www.linkedin.com\/company\/25002088\/","https:\/\/br.pinterest.com\/sociedadeartisticabrasileira\/","https:\/\/www.youtube.com\/c\/sabrabrasil"]},{"@type":"Person","@id":"https:\/\/www.sabra.org.br\/site\/#\/schema\/person\/7d1d222c3c8891d4c37c7b41bf6315c2","name":"M\u00e1rcio Miranda Pontes","image":{"@type":"ImageObject","inLanguage":"pt-BR","@id":"https:\/\/secure.gravatar.com\/avatar\/3b45f24496a7625a3a6c436688fbe20344faaeb2979658dc4a9921f984d7df9a?s=96&d=mm&r=g","url":"https:\/\/secure.gravatar.com\/avatar\/3b45f24496a7625a3a6c436688fbe20344faaeb2979658dc4a9921f984d7df9a?s=96&d=mm&r=g","contentUrl":"https:\/\/secure.gravatar.com\/avatar\/3b45f24496a7625a3a6c436688fbe20344faaeb2979658dc4a9921f984d7df9a?s=96&d=mm&r=g","caption":"M\u00e1rcio Miranda Pontes"},"sameAs":["http:\/\/www.sabra.org.br"],"url":"https:\/\/www.sabra.org.br\/site\/author\/marcio-miranda-pontes\/"}]}},"jetpack_featured_media_url":"https:\/\/www.sabra.org.br\/site\/wp-content\/uploads\/2023\/05\/como-o-servico-social-contribui-com-a-defesa-dos-direitos-das-mulheres-20181029144609.jpg-jpg.webp","jetpack_shortlink":"https:\/\/wp.me\/p95j2Z-1RH","jetpack-related-posts":[{"id":5285,"url":"https:\/\/www.sabra.org.br\/site\/direitos-mulher\/","url_meta":{"origin":7173,"position":0},"title":"M\u00fasicas para homenagear as Mulheres","author":"M\u00e1rcio Miranda Pontes","date":"27 de junho de 2022","format":false,"excerpt":"Elza Soares, Beyonc\u00e9, Madonna, Maria Gad\u00fa... S\u00e3o muitas as artistas que falam sobre o empoderamento feminino em suas m\u00fasicas. Para celebrar as Mulheres, separamos 25 can\u00e7\u00f5es incr\u00edveis que valem a pena dar o play. Aumente o som e cante com a gente!","rel":"","context":"Em &quot;Blog SABRA&quot;","block_context":{"text":"Blog SABRA","link":"https:\/\/www.sabra.org.br\/site\/category\/blog-sabra\/"},"img":{"alt_text":"mulher-direito-internacional","src":"https:\/\/i0.wp.com\/www.sabra.org.br\/site\/wp-content\/uploads\/2022\/06\/musicas-para-homenagear-o-dia-das-mulheres-20220303163637.jpg.jpg?resize=350%2C200&ssl=1","width":350,"height":200,"srcset":"https:\/\/i0.wp.com\/www.sabra.org.br\/site\/wp-content\/uploads\/2022\/06\/musicas-para-homenagear-o-dia-das-mulheres-20220303163637.jpg.jpg?resize=350%2C200&ssl=1 1x, https:\/\/i0.wp.com\/www.sabra.org.br\/site\/wp-content\/uploads\/2022\/06\/musicas-para-homenagear-o-dia-das-mulheres-20220303163637.jpg.jpg?resize=525%2C300&ssl=1 1.5x, https:\/\/i0.wp.com\/www.sabra.org.br\/site\/wp-content\/uploads\/2022\/06\/musicas-para-homenagear-o-dia-das-mulheres-20220303163637.jpg.jpg?resize=700%2C400&ssl=1 2x"},"classes":[]},{"id":8150,"url":"https:\/\/www.sabra.org.br\/site\/mulheres-arte\/","url_meta":{"origin":7173,"position":1},"title":"A for\u00e7a feminina na Arte e na Cultura","author":"M\u00e1rcio Miranda Pontes","date":"5 de outubro de 2023","format":false,"excerpt":"Hoje as mulheres ocupam um lugar de destaque em todos os campos art\u00edsticos, mas foi um longo caminho para chegar at\u00e9 aqui. Saiba mais sobre a for\u00e7a feminina na Arte e na Cultura.","rel":"","context":"Em &quot;Blog SABRA&quot;","block_context":{"text":"Blog SABRA","link":"https:\/\/www.sabra.org.br\/site\/category\/blog-sabra\/"},"img":{"alt_text":"sabra-m\u00fasica-cultura-arte-artistas-mulheres-obras-trabalhar","src":"https:\/\/i0.wp.com\/www.sabra.org.br\/site\/wp-content\/uploads\/2023\/10\/a-forca-feminina-na-arte-e-na-culturajpg-20221124141249.jpg-jpg.webp?resize=350%2C200&ssl=1","width":350,"height":200,"srcset":"https:\/\/i0.wp.com\/www.sabra.org.br\/site\/wp-content\/uploads\/2023\/10\/a-forca-feminina-na-arte-e-na-culturajpg-20221124141249.jpg-jpg.webp?resize=350%2C200&ssl=1 1x, https:\/\/i0.wp.com\/www.sabra.org.br\/site\/wp-content\/uploads\/2023\/10\/a-forca-feminina-na-arte-e-na-culturajpg-20221124141249.jpg-jpg.webp?resize=525%2C300&ssl=1 1.5x, https:\/\/i0.wp.com\/www.sabra.org.br\/site\/wp-content\/uploads\/2023\/10\/a-forca-feminina-na-arte-e-na-culturajpg-20221124141249.jpg-jpg.webp?resize=700%2C400&ssl=1 2x"},"classes":[]},{"id":2178,"url":"https:\/\/www.sabra.org.br\/site\/mercado-de-trabalho\/","url_meta":{"origin":7173,"position":2},"title":"Mercado de Trabalho","author":"M\u00e1rcio Miranda Pontes","date":"28 de junho de 2019","format":false,"excerpt":"mercado de trabalho sociedade art\u00edstica brasileira sabra encontrados pelos jovens no mercado jovens no mercado de trabalho desafios encontrados pelos jovens","rel":"","context":"Em &quot;Blog SABRA&quot;","block_context":{"text":"Blog SABRA","link":"https:\/\/www.sabra.org.br\/site\/category\/blog-sabra\/"},"img":{"alt_text":"Mercado de Trabalho","src":"https:\/\/i0.wp.com\/www.sabra.org.br\/site\/wp-content\/uploads\/2019\/06\/quais-os-desafios-encontrados-pelos-jovens-no-mercado-de-trabalho-20190114103708.jpg.jpg?resize=350%2C200&ssl=1","width":350,"height":200,"srcset":"https:\/\/i0.wp.com\/www.sabra.org.br\/site\/wp-content\/uploads\/2019\/06\/quais-os-desafios-encontrados-pelos-jovens-no-mercado-de-trabalho-20190114103708.jpg.jpg?resize=350%2C200&ssl=1 1x, https:\/\/i0.wp.com\/www.sabra.org.br\/site\/wp-content\/uploads\/2019\/06\/quais-os-desafios-encontrados-pelos-jovens-no-mercado-de-trabalho-20190114103708.jpg.jpg?resize=525%2C300&ssl=1 1.5x, https:\/\/i0.wp.com\/www.sabra.org.br\/site\/wp-content\/uploads\/2019\/06\/quais-os-desafios-encontrados-pelos-jovens-no-mercado-de-trabalho-20190114103708.jpg.jpg?resize=700%2C400&ssl=1 2x"},"classes":[]},{"id":783,"url":"https:\/\/www.sabra.org.br\/site\/sabra-e-orquestra-sinfonica-de-betim-promovem-concerto-didatico-para-surdos\/","url_meta":{"origin":7173,"position":3},"title":"SABRA e Orquestra Sinf\u00f4nica de Betim promovem Concerto Did\u00e1tico para Surdos","author":"M\u00e1rcio Miranda Pontes","date":"6 de novembro de 2017","format":false,"excerpt":"A Sociedade Art\u00edstica Brasileira (SABRA) promove, no dia 10 de novembro, o Concerto Did\u00e1tico para Surdos, em Betim, Minas Gerais. Sob a reg\u00eancia de M\u00e1rcio Miranda Pontes, 74 instrumentistas da Orquestra Sinf\u00f4nica de Betim, em forma\u00e7\u00e3o completa, interpretam obras como Finlandia de Sibelius, Capriccio Italiano e o 4\u00ba movimento da\u2026","rel":"","context":"Em &quot;Not\u00edcias&quot;","block_context":{"text":"Not\u00edcias","link":"https:\/\/www.sabra.org.br\/site\/category\/noticias\/"},"img":{"alt_text":"M\u00e1rcio Miranda Pontes","src":"https:\/\/i0.wp.com\/www.sabra.org.br\/site\/wp-content\/uploads\/2017\/11\/release-2-20171027133315.jpg.jpg?resize=350%2C200&ssl=1","width":350,"height":200,"srcset":"https:\/\/i0.wp.com\/www.sabra.org.br\/site\/wp-content\/uploads\/2017\/11\/release-2-20171027133315.jpg.jpg?resize=350%2C200&ssl=1 1x, https:\/\/i0.wp.com\/www.sabra.org.br\/site\/wp-content\/uploads\/2017\/11\/release-2-20171027133315.jpg.jpg?resize=525%2C300&ssl=1 1.5x, https:\/\/i0.wp.com\/www.sabra.org.br\/site\/wp-content\/uploads\/2017\/11\/release-2-20171027133315.jpg.jpg?resize=700%2C400&ssl=1 2x"},"classes":[]},{"id":822,"url":"https:\/\/www.sabra.org.br\/site\/concertos-com-a-orquestra-sinfonica-de-betim-ccbb-bh-novembro-2017\/","url_meta":{"origin":7173,"position":4},"title":"Concertos com a Orquestra Sinf\u00f4nica de Betim &#8211; CCBB-BH &#8211; novembro 2017","author":"M\u00e1rcio Miranda Pontes","date":"18 de novembro de 2017","format":false,"excerpt":"Na primeira apresenta\u00e7\u00e3o da s\u00e9rie de concertos, a Orquestra acompanhada de 4 jovens solistas executa obras de compositores como Stamitz, Haydn, Koussevitzky e Tchaikovsky. Sob a reg\u00eancia de M\u00e1rcio Miranda Pontes, a s\u00e9rie Concertos com a Orquestra Sinf\u00f4nica de Betim realiza em Belo Horizonte a primeira apresenta\u00e7\u00e3o no dia 29\u2026","rel":"","context":"Em &quot;Not\u00edcias&quot;","block_context":{"text":"Not\u00edcias","link":"https:\/\/www.sabra.org.br\/site\/category\/noticias\/"},"img":{"alt_text":"Concertos","src":"https:\/\/i0.wp.com\/www.sabra.org.br\/site\/wp-content\/uploads\/2017\/11\/IMG_6263.jpg?resize=350%2C200&ssl=1","width":350,"height":200,"srcset":"https:\/\/i0.wp.com\/www.sabra.org.br\/site\/wp-content\/uploads\/2017\/11\/IMG_6263.jpg?resize=350%2C200&ssl=1 1x, https:\/\/i0.wp.com\/www.sabra.org.br\/site\/wp-content\/uploads\/2017\/11\/IMG_6263.jpg?resize=525%2C300&ssl=1 1.5x, https:\/\/i0.wp.com\/www.sabra.org.br\/site\/wp-content\/uploads\/2017\/11\/IMG_6263.jpg?resize=700%2C400&ssl=1 2x, https:\/\/i0.wp.com\/www.sabra.org.br\/site\/wp-content\/uploads\/2017\/11\/IMG_6263.jpg?resize=1050%2C600&ssl=1 3x, https:\/\/i0.wp.com\/www.sabra.org.br\/site\/wp-content\/uploads\/2017\/11\/IMG_6263.jpg?resize=1400%2C800&ssl=1 4x"},"classes":[]},{"id":12433,"url":"https:\/\/www.sabra.org.br\/site\/textos-fundamentais-3\/","url_meta":{"origin":7173,"position":5},"title":"Textos fundamentais 3","author":"M\u00e1rcio Miranda Pontes","date":"18 de abril de 2025","format":false,"excerpt":"https:\/\/www.sabra.org.br\/site\/sexta-sinfonica-em-maio-de-2018\/ https:\/\/www.sabra.org.br\/site\/orquestra-sinfonica-de-betim-abre-temporada-no-ccbb-bh\/ https:\/\/www.sabra.org.br\/site\/fundo-para-infancia-e-adolescencia\/ https:\/\/www.sabra.org.br\/site\/aprovados-para-o-curso-orquestra-sinfonica-de-betim-2018\/ https:\/\/www.sabra.org.br\/site\/inscricoes-abertas-para-o-curso-gratuito-de-musicalizacao-infantil\/ https:\/\/www.sabra.org.br\/site\/concerto-beneficente\/ https:\/\/www.sabra.org.br\/site\/natal-luz-promete-encantar-mariana\/ https:\/\/www.sabra.org.br\/site\/orquestra-sinfonica-de-betim-celebra-a-musica-lirica-em-concerto\/ https:\/\/www.sabra.org.br\/site\/sou-do-mundo-sou-minas-gerais\/ https:\/\/www.sabra.org.br\/site\/sexta-sinfonica-no-monte-carmo-shopping\/ https:\/\/www.sabra.org.br\/site\/concertos-com-a-orquestra-sinfonica-de-betim-ccbb-bh-novembro-2017\/ https:\/\/www.sabra.org.br\/site\/cronograma-orquestra-sinfonica-de-betim-11-e-122017\/ https:\/\/www.sabra.org.br\/site\/sexta-sinfonica-27102017\/ https:\/\/www.sabra.org.br\/site\/sexta-sinfonica-27-10-2017\/ https:\/\/www.sabra.org.br\/site\/sabra-no-conselho-municipal-de-assistencia-social-de-betim\/ https:\/\/www.sabra.org.br\/site\/sexta-sinfonica-setembro\/ https:\/\/www.sabra.org.br\/site\/doacoes-dos-correios-resultam-em-musica-para-criancas\/ https:\/\/www.sabra.org.br\/site\/concerto-na-praca-orquestra-sinfonica-de-betim-e-coral-unimed-bh\/ https:\/\/www.sabra.org.br\/site\/concertos-com-a-orquestra-sinfonica-de-betim-20172018\/ https:\/\/www.sabra.org.br\/site\/ensaio-pre-geral-do-concerto-para-trompa-de-r-strauss\/ \u00a0 \u00a0 \u00a0","rel":"","context":"Em &quot;Blog SABRA&quot;","block_context":{"text":"Blog SABRA","link":"https:\/\/www.sabra.org.br\/site\/category\/blog-sabra\/"},"img":{"alt_text":"","src":"","width":0,"height":0},"classes":[]}],"jetpack_likes_enabled":true,"jetpack_sharing_enabled":true,"_links":{"self":[{"href":"https:\/\/www.sabra.org.br\/site\/wp-json\/wp\/v2\/posts\/7173","targetHints":{"allow":["GET"]}}],"collection":[{"href":"https:\/\/www.sabra.org.br\/site\/wp-json\/wp\/v2\/posts"}],"about":[{"href":"https:\/\/www.sabra.org.br\/site\/wp-json\/wp\/v2\/types\/post"}],"author":[{"embeddable":true,"href":"https:\/\/www.sabra.org.br\/site\/wp-json\/wp\/v2\/users\/39"}],"replies":[{"embeddable":true,"href":"https:\/\/www.sabra.org.br\/site\/wp-json\/wp\/v2\/comments?post=7173"}],"version-history":[{"count":0,"href":"https:\/\/www.sabra.org.br\/site\/wp-json\/wp\/v2\/posts\/7173\/revisions"}],"wp:featuredmedia":[{"embeddable":true,"href":"https:\/\/www.sabra.org.br\/site\/wp-json\/wp\/v2\/media\/7176"}],"wp:attachment":[{"href":"https:\/\/www.sabra.org.br\/site\/wp-json\/wp\/v2\/media?parent=7173"}],"wp:term":[{"taxonomy":"category","embeddable":true,"href":"https:\/\/www.sabra.org.br\/site\/wp-json\/wp\/v2\/categories?post=7173"},{"taxonomy":"post_tag","embeddable":true,"href":"https:\/\/www.sabra.org.br\/site\/wp-json\/wp\/v2\/tags?post=7173"}],"curies":[{"name":"wp","href":"https:\/\/api.w.org\/{rel}","templated":true}]}}