{"id":7217,"date":"2023-05-29T07:39:59","date_gmt":"2023-05-29T10:39:59","guid":{"rendered":"https:\/\/www.sabra.org.br\/site\/?p=7217"},"modified":"2023-05-29T07:39:59","modified_gmt":"2023-05-29T10:39:59","slug":"concerto-ludico","status":"publish","type":"post","link":"https:\/\/www.sabra.org.br\/site\/concerto-ludico\/","title":{"rendered":"Raz\u00f5es para ensinar m\u00fasica a crian\u00e7as atrav\u00e9s de concertos l\u00fadicos"},"content":{"rendered":"<p>A m\u00fasica pode ser um meio de educa\u00e7\u00e3o pedag\u00f3gica que proporcione melhor resultado disciplinar do que as mat\u00e9rias convencionais em sala de aula. A educa\u00e7\u00e3o musical para crian\u00e7as tem um vi\u00e9s mais apelativo e divertido, prendendo a aten\u00e7\u00e3o delas e gerando mais interesse.<br \/>\nAl\u00e9m da m\u00fasica em si j\u00e1 despertar a curiosidade, concertos l\u00fadicos tendem a ser ainda mais efetivos dentro deste contexto. A jun\u00e7\u00e3o do entretenimento com o ensino faz com que as crian\u00e7as se interessem pelo que est\u00e3o aprendendo, se dedicando e se identificando dentro do aprendizado.<br \/>\nO concerto pedag\u00f3gico nas condi\u00e7\u00f5es adequadas de ensino pode despertar o sentimento de pertencimento e identidade, bem como a disciplina e comprometimento que a m\u00fasica exige. A express\u00e3o art\u00edstica seja ela qual for, cumpre um papel importante: de dar ao aluno uma tarefa da qual ele se orgulhe, um esfor\u00e7o que vale a pena, assim como a integra\u00e7\u00e3o e inclus\u00e3o social que a arte e a cultura promovem.<\/p>\n<h2>A inclus\u00e3o social atrav\u00e9s da cultura<\/h2>\n<p>Ao contr\u00e1rio do que se pensa, de que a cultura est\u00e1 restrita a um determinado grupo que normalmente fazem parte da elite, ela pode ser acess\u00edvel a qualquer grupo social contanto que garanta o reconhecimento da identidade deste grupo, suas cren\u00e7as e valores. Projetos sociais e a inclus\u00e3o da m\u00fasica como educa\u00e7\u00e3o pedag\u00f3gica podem proporcionar uma diferente realidade a quem pense em seguir carreira nessa \u00e1rea.<br \/>\nA crian\u00e7a quando introduzida \u00e0 express\u00e3o art\u00edstica, independente da sua idade, al\u00e9m de desenvolver o senso cr\u00edtico v\u00ea a\u00ed uma oportunidade de um futuro diferente. A m\u00fasica d\u00e1 autonomia \u00e0s crian\u00e7as e jovens em situa\u00e7\u00e3o de vulnerabilidade social, al\u00e9m de mais controle sobre sua vida e uma oportunidade de integra\u00e7\u00e3o ao mercado de trabalho atrav\u00e9s de corais, orquestra sinf\u00f4nica e educa\u00e7\u00e3o musical no geral.<br \/>\nA integra\u00e7\u00e3o social entre crian\u00e7as de diferentes realidades trabalhando juntas para um mesmo prop\u00f3sito faz com que elas aprendam a conviver e lidar com as diferen\u00e7as e dificuldades juntas.<\/p>\n<h2>Concertos l\u00fadicos como ensino de educa\u00e7\u00e3o musical infantil<\/h2>\n<p>As orquestras podem parecer um ambiente muito adulto e profissional, sendo assim pouco apelativo para as crian\u00e7as. Neste contexto, a did\u00e1tica da educa\u00e7\u00e3o musical pode ser adaptada conforme a faixa et\u00e1ria dos alunos e os interesses deles na m\u00fasica. A mistura de teatro com m\u00fasica e humor pode ser mais chamativa para crian\u00e7as e uma abordagem menos s\u00e9ria pode criar maior aproxima\u00e7\u00e3o deles em rela\u00e7\u00e3o \u00e0 m\u00fasica instrumental.<br \/>\nA melhor maneira de introduzir a m\u00fasica na vida das crian\u00e7as \u00e9 fazendo com que aprendam de forma divertida, sem cobran\u00e7as e prazos, com mais descontra\u00e7\u00e3o. Levar uma crian\u00e7a para assistir uma orquestra sinf\u00f4nica, ou mesmo apresenta\u00e7\u00e3o de um coral, n\u00e3o cria a mesma conex\u00e3o e sensa\u00e7\u00e3o de pertencimento que o concerto l\u00fadico proporciona.<br \/>\nO diferencial \u00e9 que nesses concertos eles de fato dialogam com as crian\u00e7as atrav\u00e9s de personagens, brincadeiras, intera\u00e7\u00e3o e perguntas, tudo isso faz com que as crian\u00e7as tenham a sensa\u00e7\u00e3o de que s\u00e3o partes do espet\u00e1culo, criando um maior v\u00ednculo, curiosidade e abrindo portas para um mundo que muitos n\u00e3o conhecem. O concerto l\u00fadico \u00e9 um \u00f3timo incentivo para que crian\u00e7as demonstrem mais interesse na m\u00fasica e se aproximem dessa \u00e1rea.<\/p>\n<hr \/>\n<h2>Se voc\u00ea gostou deste post:<\/h2>\n<ul>\n<li>SIGA as nossas p\u00e1ginas nas redes sociais para acompanhar as nossas atualiza\u00e7\u00f5es: estamos no <a href=\"https:\/\/www.facebook.com\/sabrabrasil\" target=\"_blank\" rel=\"noopener\">Facebook<\/a>, no <a href=\"https:\/\/www.instagram.com\/sabrabrasil\/\" target=\"_blank\" rel=\"noopener\">Instagram<\/a>, no <a href=\"https:\/\/www.linkedin.com\/company\/25002088\" target=\"_blank\" rel=\"noopener\">LinkedIn<\/a>, no <a href=\"https:\/\/twitter.com\/ContatoSabra\" target=\"_blank\" rel=\"noopener\">Twitter<\/a> e no <a href=\"https:\/\/www.youtube.com\/channel\/UCJw-kbuEvzUNdeQf20Pa-eQ\" target=\"_blank\" rel=\"noopener\">YouTube<\/a>!<\/p>\n<\/li>\n<li>\n<p>CONHE\u00c7A o trabalho da Sociedade Art\u00edstica Brasileira (SABRA) e todas as iniciativas culturais e sociais que ela mant\u00e9m. <a href=\"https:\/\/www.sabra.org.br\/site\/acoes\/\" target=\"_blank\" rel=\"noopener\">Acesse nosso site!<\/a><\/p>\n<\/li>\n<li>\n<p>ENTRE EM CONTATO com a gente. E veja quais s\u00e3o as op\u00e7\u00f5es de ajuda na manuten\u00e7\u00e3o de nossas a\u00e7\u00f5es sociais e culturais. Basta acessar nossa p\u00e1gina <a href=\"https:\/\/www.sabra.org.br\/site\/doe-agora\/\" target=\"_blank\" rel=\"noopener\">Doe Agora!<\/a><\/p>\n<\/li>\n<li>\n<p>COMPARTILHE este texto nas suas redes sociais e ajude os seus amigos a tamb\u00e9m dominarem o assunto!<\/p>\n<\/li>\n<\/ul>\n<p>\u2013 Os projetos da @sabrabrasil s\u00e3o realizados com o patroci\u0301nio m\u00e1ster: @institutounimedbh, viabilizado pelo incentivo de mais de 5,2 mil m\u00e9dicos cooperados e colaboradores via Lei de Incentivo \u00e0 Cultura &#8211; @culturagovbr<\/p>\n<blockquote class=\"wp-embedded-content\" data-secret=\"TFzR7DQDsc\"><p><a href=\"https:\/\/www.sabra.org.br\/site\/criancas\/\">Entenda como a m\u00fasica melhora o desenvolvimento das crian\u00e7as<\/a><\/p><\/blockquote>\n<p><iframe class=\"wp-embedded-content\" sandbox=\"allow-scripts\" security=\"restricted\" style=\"position: absolute; visibility: hidden;\" title=\"&#8220;Entenda como a m\u00fasica melhora o desenvolvimento das crian\u00e7as&#8221; &#8212; SABRA - Sociedade Art\u00edstica Brasileira\" src=\"https:\/\/www.sabra.org.br\/site\/criancas\/embed\/#?secret=YPQg9fRiLO#?secret=TFzR7DQDsc\" data-secret=\"TFzR7DQDsc\" width=\"600\" height=\"338\" frameborder=\"0\" marginwidth=\"0\" marginheight=\"0\" scrolling=\"no\"><\/iframe><\/p>\n","protected":false},"excerpt":{"rendered":"<p>Voc\u00ea j\u00e1 ouviu falar sobre os benef\u00edcios que o ensino de m\u00fasica atrav\u00e9s de concertos l\u00fadicos pode trazer a crian\u00e7as das mais variadas idades? Hoje, vamos falar um pouco mais sobre o assunto. Confira!<\/p>\n","protected":false},"author":39,"featured_media":7219,"comment_status":"closed","ping_status":"closed","sticky":false,"template":"","format":"standard","meta":{"jetpack_post_was_ever_published":false,"_jetpack_newsletter_access":"","_jetpack_dont_email_post_to_subs":false,"_jetpack_newsletter_tier_id":0,"_jetpack_memberships_contains_paywalled_content":false,"_jetpack_memberships_contains_paid_content":false,"footnotes":""},"categories":[1],"tags":[15,2757,3626,3623,8,3629,1285,3628,16,3519,1286,11,3622,9],"class_list":["post-7217","post","type-post","status-publish","format-standard","has-post-thumbnail","hentry","category-blog-sabra","tag-assistencia-social","tag-belo-horizonte","tag-cabo-frio","tag-campos-dos-goytacazes","tag-canto-coral","tag-contagem","tag-escola-de-musica-sabra","tag-ibirite","tag-musicalizacao-infantil","tag-nova-lima-2","tag-orquestra-infanto-juvenil-de-betim","tag-orquestra-sinfonica-de-betim","tag-raposos","tag-sociedade-artistica-brasileira"],"yoast_head":"<!-- This site is optimized with the Yoast SEO plugin v27.5 - https:\/\/yoast.com\/product\/yoast-seo-wordpress\/ -->\n<title>Ensinar m\u00fasica a crian\u00e7as atrav\u00e9s de concertos l\u00fadicos<\/title>\n<meta name=\"description\" content=\"Voc\u00ea j\u00e1 ouviu falar sobre os benef\u00edcios que o ensino de m\u00fasica atrav\u00e9s de concertos l\u00fadicos pode trazer a crian\u00e7as das mais variadas idades?\" \/>\n<meta name=\"robots\" content=\"index, follow, max-snippet:-1, max-image-preview:large, max-video-preview:-1\" \/>\n<link rel=\"canonical\" href=\"https:\/\/www.sabra.org.br\/site\/concerto-ludico\/\" \/>\n<meta property=\"og:locale\" content=\"pt_BR\" \/>\n<meta property=\"og:type\" content=\"article\" \/>\n<meta property=\"og:title\" content=\"Ensinar m\u00fasica a crian\u00e7as atrav\u00e9s de concertos l\u00fadicos\" \/>\n<meta property=\"og:description\" content=\"Voc\u00ea j\u00e1 ouviu falar sobre os benef\u00edcios que o ensino de m\u00fasica atrav\u00e9s de concertos l\u00fadicos pode trazer a crian\u00e7as das mais variadas idades?\" \/>\n<meta property=\"og:url\" content=\"https:\/\/www.sabra.org.br\/site\/concerto-ludico\/\" \/>\n<meta property=\"og:site_name\" content=\"SABRA - Sociedade Art\u00edstica Brasileira\" \/>\n<meta property=\"article:publisher\" content=\"https:\/\/www.facebook.com\/sabrabrasil\" \/>\n<meta property=\"article:published_time\" content=\"2023-05-29T10:39:59+00:00\" \/>\n<meta property=\"og:image\" content=\"https:\/\/i0.wp.com\/www.sabra.org.br\/site\/wp-content\/uploads\/2023\/05\/x-razoes-para-ensinar-musica-a-criancas-atraves-de-concertos-ludicos-20181030105249.jpg-jpg.webp?fit=800%2C342&ssl=1\" \/>\n\t<meta property=\"og:image:width\" content=\"800\" \/>\n\t<meta property=\"og:image:height\" content=\"342\" \/>\n\t<meta property=\"og:image:type\" content=\"image\/jpeg\" \/>\n<meta name=\"author\" content=\"M\u00e1rcio Miranda Pontes\" \/>\n<meta name=\"twitter:card\" content=\"summary_large_image\" \/>\n<meta name=\"twitter:creator\" content=\"@ContatoSabra\" \/>\n<meta name=\"twitter:site\" content=\"@ContatoSabra\" \/>\n<meta name=\"twitter:label1\" content=\"Escrito por\" \/>\n\t<meta name=\"twitter:data1\" content=\"M\u00e1rcio Miranda Pontes\" \/>\n\t<meta name=\"twitter:label2\" content=\"Est. tempo de leitura\" \/>\n\t<meta name=\"twitter:data2\" content=\"4 minutos\" \/>\n<script type=\"application\/ld+json\" class=\"yoast-schema-graph\">{\"@context\":\"https:\\\/\\\/schema.org\",\"@graph\":[{\"@type\":\"Article\",\"@id\":\"https:\\\/\\\/www.sabra.org.br\\\/site\\\/concerto-ludico\\\/#article\",\"isPartOf\":{\"@id\":\"https:\\\/\\\/www.sabra.org.br\\\/site\\\/concerto-ludico\\\/\"},\"author\":{\"name\":\"M\u00e1rcio Miranda Pontes\",\"@id\":\"https:\\\/\\\/www.sabra.org.br\\\/site\\\/#\\\/schema\\\/person\\\/7d1d222c3c8891d4c37c7b41bf6315c2\"},\"headline\":\"Raz\u00f5es para ensinar m\u00fasica a crian\u00e7as atrav\u00e9s de concertos l\u00fadicos\",\"datePublished\":\"2023-05-29T10:39:59+00:00\",\"mainEntityOfPage\":{\"@id\":\"https:\\\/\\\/www.sabra.org.br\\\/site\\\/concerto-ludico\\\/\"},\"wordCount\":763,\"publisher\":{\"@id\":\"https:\\\/\\\/www.sabra.org.br\\\/site\\\/#organization\"},\"image\":{\"@id\":\"https:\\\/\\\/www.sabra.org.br\\\/site\\\/concerto-ludico\\\/#primaryimage\"},\"thumbnailUrl\":\"https:\\\/\\\/www.sabra.org.br\\\/site\\\/wp-content\\\/uploads\\\/2023\\\/05\\\/x-razoes-para-ensinar-musica-a-criancas-atraves-de-concertos-ludicos-20181030105249.jpg-jpg.webp\",\"keywords\":[\"Assist\u00eancia social\",\"Belo Horizonte\",\"Cabo Frio\",\"Campos dos Goytacazes\",\"Canto Coral\",\"Contagem\",\"Escola de Musica SABRA\",\"Ibirit\u00e9\",\"Musicaliza\u00e7\u00e3o Infantil\",\"nova lima\",\"Orquestra Infanto Juvenil de Betim\",\"Orquestra Sinf\u00f4nica de Betim\",\"Raposos\",\"Sociedade Art\u00edstica Brasileira\"],\"articleSection\":[\"Blog SABRA\"],\"inLanguage\":\"pt-BR\"},{\"@type\":\"WebPage\",\"@id\":\"https:\\\/\\\/www.sabra.org.br\\\/site\\\/concerto-ludico\\\/\",\"url\":\"https:\\\/\\\/www.sabra.org.br\\\/site\\\/concerto-ludico\\\/\",\"name\":\"Ensinar m\u00fasica a crian\u00e7as atrav\u00e9s de concertos l\u00fadicos\",\"isPartOf\":{\"@id\":\"https:\\\/\\\/www.sabra.org.br\\\/site\\\/#website\"},\"primaryImageOfPage\":{\"@id\":\"https:\\\/\\\/www.sabra.org.br\\\/site\\\/concerto-ludico\\\/#primaryimage\"},\"image\":{\"@id\":\"https:\\\/\\\/www.sabra.org.br\\\/site\\\/concerto-ludico\\\/#primaryimage\"},\"thumbnailUrl\":\"https:\\\/\\\/www.sabra.org.br\\\/site\\\/wp-content\\\/uploads\\\/2023\\\/05\\\/x-razoes-para-ensinar-musica-a-criancas-atraves-de-concertos-ludicos-20181030105249.jpg-jpg.webp\",\"datePublished\":\"2023-05-29T10:39:59+00:00\",\"description\":\"Voc\u00ea j\u00e1 ouviu falar sobre os benef\u00edcios que o ensino de m\u00fasica atrav\u00e9s de concertos l\u00fadicos pode trazer a crian\u00e7as das mais variadas idades?\",\"breadcrumb\":{\"@id\":\"https:\\\/\\\/www.sabra.org.br\\\/site\\\/concerto-ludico\\\/#breadcrumb\"},\"inLanguage\":\"pt-BR\",\"potentialAction\":[{\"@type\":\"ReadAction\",\"target\":[\"https:\\\/\\\/www.sabra.org.br\\\/site\\\/concerto-ludico\\\/\"]}]},{\"@type\":\"ImageObject\",\"inLanguage\":\"pt-BR\",\"@id\":\"https:\\\/\\\/www.sabra.org.br\\\/site\\\/concerto-ludico\\\/#primaryimage\",\"url\":\"https:\\\/\\\/www.sabra.org.br\\\/site\\\/wp-content\\\/uploads\\\/2023\\\/05\\\/x-razoes-para-ensinar-musica-a-criancas-atraves-de-concertos-ludicos-20181030105249.jpg-jpg.webp\",\"contentUrl\":\"https:\\\/\\\/www.sabra.org.br\\\/site\\\/wp-content\\\/uploads\\\/2023\\\/05\\\/x-razoes-para-ensinar-musica-a-criancas-atraves-de-concertos-ludicos-20181030105249.jpg-jpg.webp\",\"width\":800,\"height\":342,\"caption\":\"Sociedade Art\u00edstica Brasileira SABRA\"},{\"@type\":\"BreadcrumbList\",\"@id\":\"https:\\\/\\\/www.sabra.org.br\\\/site\\\/concerto-ludico\\\/#breadcrumb\",\"itemListElement\":[{\"@type\":\"ListItem\",\"position\":1,\"name\":\"In\u00edcio\",\"item\":\"https:\\\/\\\/www.sabra.org.br\\\/site\\\/\"},{\"@type\":\"ListItem\",\"position\":2,\"name\":\"Raz\u00f5es para ensinar m\u00fasica a crian\u00e7as atrav\u00e9s de concertos l\u00fadicos\"}]},{\"@type\":\"WebSite\",\"@id\":\"https:\\\/\\\/www.sabra.org.br\\\/site\\\/#website\",\"url\":\"https:\\\/\\\/www.sabra.org.br\\\/site\\\/\",\"name\":\"SABRA - Sociedade Art\u00edstica Brasileira\",\"description\":\"Escola de M\u00fasica, Orquestra Sinf\u00f4nica, Coral e Patrim\u00f4nio Cultural e Hist\u00f3rico\",\"publisher\":{\"@id\":\"https:\\\/\\\/www.sabra.org.br\\\/site\\\/#organization\"},\"potentialAction\":[{\"@type\":\"SearchAction\",\"target\":{\"@type\":\"EntryPoint\",\"urlTemplate\":\"https:\\\/\\\/www.sabra.org.br\\\/site\\\/?s={search_term_string}\"},\"query-input\":{\"@type\":\"PropertyValueSpecification\",\"valueRequired\":true,\"valueName\":\"search_term_string\"}}],\"inLanguage\":\"pt-BR\"},{\"@type\":\"Organization\",\"@id\":\"https:\\\/\\\/www.sabra.org.br\\\/site\\\/#organization\",\"name\":\"SOCIEDADE ART\u00cdSTICA BRASILEIRA SABRA\",\"alternateName\":\"SABRA\",\"url\":\"https:\\\/\\\/www.sabra.org.br\\\/site\\\/\",\"logo\":{\"@type\":\"ImageObject\",\"inLanguage\":\"pt-BR\",\"@id\":\"https:\\\/\\\/www.sabra.org.br\\\/site\\\/#\\\/schema\\\/logo\\\/image\\\/\",\"url\":\"https:\\\/\\\/www.sabra.org.br\\\/site\\\/wp-content\\\/uploads\\\/2019\\\/06\\\/cropped-Logo_SABRA-Copia-1.webp\",\"contentUrl\":\"https:\\\/\\\/www.sabra.org.br\\\/site\\\/wp-content\\\/uploads\\\/2019\\\/06\\\/cropped-Logo_SABRA-Copia-1.webp\",\"width\":400,\"height\":128,\"caption\":\"SOCIEDADE ART\u00cdSTICA BRASILEIRA SABRA\"},\"image\":{\"@id\":\"https:\\\/\\\/www.sabra.org.br\\\/site\\\/#\\\/schema\\\/logo\\\/image\\\/\"},\"sameAs\":[\"https:\\\/\\\/www.facebook.com\\\/sabrabrasil\",\"https:\\\/\\\/x.com\\\/ContatoSabra\",\"https:\\\/\\\/www.instagram.com\\\/sabrabrasil\\\/\",\"https:\\\/\\\/www.linkedin.com\\\/company\\\/25002088\\\/\",\"https:\\\/\\\/br.pinterest.com\\\/sociedadeartisticabrasileira\\\/\",\"https:\\\/\\\/www.youtube.com\\\/c\\\/sabrabrasil\"]},{\"@type\":\"Person\",\"@id\":\"https:\\\/\\\/www.sabra.org.br\\\/site\\\/#\\\/schema\\\/person\\\/7d1d222c3c8891d4c37c7b41bf6315c2\",\"name\":\"M\u00e1rcio Miranda Pontes\",\"image\":{\"@type\":\"ImageObject\",\"inLanguage\":\"pt-BR\",\"@id\":\"https:\\\/\\\/secure.gravatar.com\\\/avatar\\\/3b45f24496a7625a3a6c436688fbe20344faaeb2979658dc4a9921f984d7df9a?s=96&d=mm&r=g\",\"url\":\"https:\\\/\\\/secure.gravatar.com\\\/avatar\\\/3b45f24496a7625a3a6c436688fbe20344faaeb2979658dc4a9921f984d7df9a?s=96&d=mm&r=g\",\"contentUrl\":\"https:\\\/\\\/secure.gravatar.com\\\/avatar\\\/3b45f24496a7625a3a6c436688fbe20344faaeb2979658dc4a9921f984d7df9a?s=96&d=mm&r=g\",\"caption\":\"M\u00e1rcio Miranda Pontes\"},\"sameAs\":[\"http:\\\/\\\/www.sabra.org.br\"],\"url\":\"https:\\\/\\\/www.sabra.org.br\\\/site\\\/author\\\/marcio-miranda-pontes\\\/\"}]}<\/script>\n<!-- \/ Yoast SEO plugin. -->","yoast_head_json":{"title":"Ensinar m\u00fasica a crian\u00e7as atrav\u00e9s de concertos l\u00fadicos","description":"Voc\u00ea j\u00e1 ouviu falar sobre os benef\u00edcios que o ensino de m\u00fasica atrav\u00e9s de concertos l\u00fadicos pode trazer a crian\u00e7as das mais variadas idades?","robots":{"index":"index","follow":"follow","max-snippet":"max-snippet:-1","max-image-preview":"max-image-preview:large","max-video-preview":"max-video-preview:-1"},"canonical":"https:\/\/www.sabra.org.br\/site\/concerto-ludico\/","og_locale":"pt_BR","og_type":"article","og_title":"Ensinar m\u00fasica a crian\u00e7as atrav\u00e9s de concertos l\u00fadicos","og_description":"Voc\u00ea j\u00e1 ouviu falar sobre os benef\u00edcios que o ensino de m\u00fasica atrav\u00e9s de concertos l\u00fadicos pode trazer a crian\u00e7as das mais variadas idades?","og_url":"https:\/\/www.sabra.org.br\/site\/concerto-ludico\/","og_site_name":"SABRA - Sociedade Art\u00edstica Brasileira","article_publisher":"https:\/\/www.facebook.com\/sabrabrasil","article_published_time":"2023-05-29T10:39:59+00:00","og_image":[{"width":800,"height":342,"url":"https:\/\/i0.wp.com\/www.sabra.org.br\/site\/wp-content\/uploads\/2023\/05\/x-razoes-para-ensinar-musica-a-criancas-atraves-de-concertos-ludicos-20181030105249.jpg-jpg.webp?fit=800%2C342&ssl=1","type":"image\/jpeg"}],"author":"M\u00e1rcio Miranda Pontes","twitter_card":"summary_large_image","twitter_creator":"@ContatoSabra","twitter_site":"@ContatoSabra","twitter_misc":{"Escrito por":"M\u00e1rcio Miranda Pontes","Est. tempo de leitura":"4 minutos"},"schema":{"@context":"https:\/\/schema.org","@graph":[{"@type":"Article","@id":"https:\/\/www.sabra.org.br\/site\/concerto-ludico\/#article","isPartOf":{"@id":"https:\/\/www.sabra.org.br\/site\/concerto-ludico\/"},"author":{"name":"M\u00e1rcio Miranda Pontes","@id":"https:\/\/www.sabra.org.br\/site\/#\/schema\/person\/7d1d222c3c8891d4c37c7b41bf6315c2"},"headline":"Raz\u00f5es para ensinar m\u00fasica a crian\u00e7as atrav\u00e9s de concertos l\u00fadicos","datePublished":"2023-05-29T10:39:59+00:00","mainEntityOfPage":{"@id":"https:\/\/www.sabra.org.br\/site\/concerto-ludico\/"},"wordCount":763,"publisher":{"@id":"https:\/\/www.sabra.org.br\/site\/#organization"},"image":{"@id":"https:\/\/www.sabra.org.br\/site\/concerto-ludico\/#primaryimage"},"thumbnailUrl":"https:\/\/www.sabra.org.br\/site\/wp-content\/uploads\/2023\/05\/x-razoes-para-ensinar-musica-a-criancas-atraves-de-concertos-ludicos-20181030105249.jpg-jpg.webp","keywords":["Assist\u00eancia social","Belo Horizonte","Cabo Frio","Campos dos Goytacazes","Canto Coral","Contagem","Escola de Musica SABRA","Ibirit\u00e9","Musicaliza\u00e7\u00e3o Infantil","nova lima","Orquestra Infanto Juvenil de Betim","Orquestra Sinf\u00f4nica de Betim","Raposos","Sociedade Art\u00edstica Brasileira"],"articleSection":["Blog SABRA"],"inLanguage":"pt-BR"},{"@type":"WebPage","@id":"https:\/\/www.sabra.org.br\/site\/concerto-ludico\/","url":"https:\/\/www.sabra.org.br\/site\/concerto-ludico\/","name":"Ensinar m\u00fasica a crian\u00e7as atrav\u00e9s de concertos l\u00fadicos","isPartOf":{"@id":"https:\/\/www.sabra.org.br\/site\/#website"},"primaryImageOfPage":{"@id":"https:\/\/www.sabra.org.br\/site\/concerto-ludico\/#primaryimage"},"image":{"@id":"https:\/\/www.sabra.org.br\/site\/concerto-ludico\/#primaryimage"},"thumbnailUrl":"https:\/\/www.sabra.org.br\/site\/wp-content\/uploads\/2023\/05\/x-razoes-para-ensinar-musica-a-criancas-atraves-de-concertos-ludicos-20181030105249.jpg-jpg.webp","datePublished":"2023-05-29T10:39:59+00:00","description":"Voc\u00ea j\u00e1 ouviu falar sobre os benef\u00edcios que o ensino de m\u00fasica atrav\u00e9s de concertos l\u00fadicos pode trazer a crian\u00e7as das mais variadas idades?","breadcrumb":{"@id":"https:\/\/www.sabra.org.br\/site\/concerto-ludico\/#breadcrumb"},"inLanguage":"pt-BR","potentialAction":[{"@type":"ReadAction","target":["https:\/\/www.sabra.org.br\/site\/concerto-ludico\/"]}]},{"@type":"ImageObject","inLanguage":"pt-BR","@id":"https:\/\/www.sabra.org.br\/site\/concerto-ludico\/#primaryimage","url":"https:\/\/www.sabra.org.br\/site\/wp-content\/uploads\/2023\/05\/x-razoes-para-ensinar-musica-a-criancas-atraves-de-concertos-ludicos-20181030105249.jpg-jpg.webp","contentUrl":"https:\/\/www.sabra.org.br\/site\/wp-content\/uploads\/2023\/05\/x-razoes-para-ensinar-musica-a-criancas-atraves-de-concertos-ludicos-20181030105249.jpg-jpg.webp","width":800,"height":342,"caption":"Sociedade Art\u00edstica Brasileira SABRA"},{"@type":"BreadcrumbList","@id":"https:\/\/www.sabra.org.br\/site\/concerto-ludico\/#breadcrumb","itemListElement":[{"@type":"ListItem","position":1,"name":"In\u00edcio","item":"https:\/\/www.sabra.org.br\/site\/"},{"@type":"ListItem","position":2,"name":"Raz\u00f5es para ensinar m\u00fasica a crian\u00e7as atrav\u00e9s de concertos l\u00fadicos"}]},{"@type":"WebSite","@id":"https:\/\/www.sabra.org.br\/site\/#website","url":"https:\/\/www.sabra.org.br\/site\/","name":"SABRA - Sociedade Art\u00edstica Brasileira","description":"Escola de M\u00fasica, Orquestra Sinf\u00f4nica, Coral e Patrim\u00f4nio Cultural e Hist\u00f3rico","publisher":{"@id":"https:\/\/www.sabra.org.br\/site\/#organization"},"potentialAction":[{"@type":"SearchAction","target":{"@type":"EntryPoint","urlTemplate":"https:\/\/www.sabra.org.br\/site\/?s={search_term_string}"},"query-input":{"@type":"PropertyValueSpecification","valueRequired":true,"valueName":"search_term_string"}}],"inLanguage":"pt-BR"},{"@type":"Organization","@id":"https:\/\/www.sabra.org.br\/site\/#organization","name":"SOCIEDADE ART\u00cdSTICA BRASILEIRA SABRA","alternateName":"SABRA","url":"https:\/\/www.sabra.org.br\/site\/","logo":{"@type":"ImageObject","inLanguage":"pt-BR","@id":"https:\/\/www.sabra.org.br\/site\/#\/schema\/logo\/image\/","url":"https:\/\/www.sabra.org.br\/site\/wp-content\/uploads\/2019\/06\/cropped-Logo_SABRA-Copia-1.webp","contentUrl":"https:\/\/www.sabra.org.br\/site\/wp-content\/uploads\/2019\/06\/cropped-Logo_SABRA-Copia-1.webp","width":400,"height":128,"caption":"SOCIEDADE ART\u00cdSTICA BRASILEIRA SABRA"},"image":{"@id":"https:\/\/www.sabra.org.br\/site\/#\/schema\/logo\/image\/"},"sameAs":["https:\/\/www.facebook.com\/sabrabrasil","https:\/\/x.com\/ContatoSabra","https:\/\/www.instagram.com\/sabrabrasil\/","https:\/\/www.linkedin.com\/company\/25002088\/","https:\/\/br.pinterest.com\/sociedadeartisticabrasileira\/","https:\/\/www.youtube.com\/c\/sabrabrasil"]},{"@type":"Person","@id":"https:\/\/www.sabra.org.br\/site\/#\/schema\/person\/7d1d222c3c8891d4c37c7b41bf6315c2","name":"M\u00e1rcio Miranda Pontes","image":{"@type":"ImageObject","inLanguage":"pt-BR","@id":"https:\/\/secure.gravatar.com\/avatar\/3b45f24496a7625a3a6c436688fbe20344faaeb2979658dc4a9921f984d7df9a?s=96&d=mm&r=g","url":"https:\/\/secure.gravatar.com\/avatar\/3b45f24496a7625a3a6c436688fbe20344faaeb2979658dc4a9921f984d7df9a?s=96&d=mm&r=g","contentUrl":"https:\/\/secure.gravatar.com\/avatar\/3b45f24496a7625a3a6c436688fbe20344faaeb2979658dc4a9921f984d7df9a?s=96&d=mm&r=g","caption":"M\u00e1rcio Miranda Pontes"},"sameAs":["http:\/\/www.sabra.org.br"],"url":"https:\/\/www.sabra.org.br\/site\/author\/marcio-miranda-pontes\/"}]}},"jetpack_featured_media_url":"https:\/\/www.sabra.org.br\/site\/wp-content\/uploads\/2023\/05\/x-razoes-para-ensinar-musica-a-criancas-atraves-de-concertos-ludicos-20181030105249.jpg-jpg.webp","jetpack_shortlink":"https:\/\/wp.me\/p95j2Z-1Sp","jetpack-related-posts":[{"id":1709,"url":"https:\/\/www.sabra.org.br\/site\/curso-gratuito-de-musicalizacao-infantil-2019\/","url_meta":{"origin":7217,"position":0},"title":"Curso Gratuito de Musicaliza\u00e7\u00e3o Infantil &#8211; 2019","author":"M\u00e1rcio Miranda Pontes","date":"21 de janeiro de 2019","format":false,"excerpt":"Entre os dias 25 e 28 de fevereiro, as inscri\u00e7\u00f5es estar\u00e3o abertas para o curso gratuito de musicaliza\u00e7\u00e3o infantil da SABRA. O p\u00fablico alvo s\u00e3o crian\u00e7as de oito a dez anos. Essa \u00e9 a porta de entrada para participar da Orquestra Infantil de Betim, fruto da parceria entre a Secretaria\u2026","rel":"","context":"Em &quot;Not\u00edcias&quot;","block_context":{"text":"Not\u00edcias","link":"https:\/\/www.sabra.org.br\/site\/category\/noticias\/"},"img":{"alt_text":"Musicaliza\u00e7\u00e3o Infantil Escola de M\u00fasica","src":"https:\/\/i0.wp.com\/www.sabra.org.br\/site\/wp-content\/uploads\/2019\/01\/Musicaliza%C3%A7%C3%A3o.jpg?resize=350%2C200&ssl=1","width":350,"height":200,"srcset":"https:\/\/i0.wp.com\/www.sabra.org.br\/site\/wp-content\/uploads\/2019\/01\/Musicaliza%C3%A7%C3%A3o.jpg?resize=350%2C200&ssl=1 1x, https:\/\/i0.wp.com\/www.sabra.org.br\/site\/wp-content\/uploads\/2019\/01\/Musicaliza%C3%A7%C3%A3o.jpg?resize=525%2C300&ssl=1 1.5x, https:\/\/i0.wp.com\/www.sabra.org.br\/site\/wp-content\/uploads\/2019\/01\/Musicaliza%C3%A7%C3%A3o.jpg?resize=700%2C400&ssl=1 2x"},"classes":[]},{"id":1913,"url":"https:\/\/www.sabra.org.br\/site\/inclusao-social\/","url_meta":{"origin":7217,"position":1},"title":"Inclus\u00e3o Social","author":"M\u00e1rcio Miranda Pontes","date":"16 de maio de 2019","format":false,"excerpt":"trabalho da sociedade art\u00edstica brasileira educa\u00e7\u00e3o musical SABRA Inclus\u00e3o Social Assistente Social","rel":"","context":"Em &quot;Blog SABRA&quot;","block_context":{"text":"Blog SABRA","link":"https:\/\/www.sabra.org.br\/site\/category\/blog-sabra\/"},"img":{"alt_text":"","src":"https:\/\/i0.wp.com\/www.sabra.org.br\/site\/wp-content\/uploads\/2019\/05\/Assitente-Social-1.jpg?resize=350%2C200&ssl=1","width":350,"height":200},"classes":[]},{"id":7805,"url":"https:\/\/www.sabra.org.br\/site\/experiencias-escolas-de-musica-infantis\/","url_meta":{"origin":7217,"position":2},"title":"Experi\u00eancias emocionantes em escolas de m\u00fasica infantis","author":"M\u00e1rcio Miranda Pontes","date":"10 de agosto de 2023","format":false,"excerpt":"Descubra a magia da m\u00fasica nas escolas de m\u00fasica infantis! Conhe\u00e7a as experi\u00eancias emocionantes que v\u00e3o despertar o amor pela m\u00fasica nas crian\u00e7as. N\u00e3o perca essa oportunidade de vivenciar momentos inesquec\u00edveis ao som da m\u00fasica!","rel":"","context":"Em &quot;Blog SABRA&quot;","block_context":{"text":"Blog SABRA","link":"https:\/\/www.sabra.org.br\/site\/category\/blog-sabra\/"},"img":{"alt_text":"sabra-m\u00fasica-crian\u00e7as-musicais-experi\u00eancias-emocionantes-escolas-explorar-infantis-instrumentos-desenvolvimento-diferentes-projetos","src":"https:\/\/i0.wp.com\/www.sabra.org.br\/site\/wp-content\/uploads\/2023\/08\/x-experiencias-emocionantes-em-escolas-de-musica-infantisjpg-20230628095402.jpg-jpg.webp?resize=350%2C200&ssl=1","width":350,"height":200,"srcset":"https:\/\/i0.wp.com\/www.sabra.org.br\/site\/wp-content\/uploads\/2023\/08\/x-experiencias-emocionantes-em-escolas-de-musica-infantisjpg-20230628095402.jpg-jpg.webp?resize=350%2C200&ssl=1 1x, https:\/\/i0.wp.com\/www.sabra.org.br\/site\/wp-content\/uploads\/2023\/08\/x-experiencias-emocionantes-em-escolas-de-musica-infantisjpg-20230628095402.jpg-jpg.webp?resize=525%2C300&ssl=1 1.5x, https:\/\/i0.wp.com\/www.sabra.org.br\/site\/wp-content\/uploads\/2023\/08\/x-experiencias-emocionantes-em-escolas-de-musica-infantisjpg-20230628095402.jpg-jpg.webp?resize=700%2C400&ssl=1 2x"},"classes":[]},{"id":7250,"url":"https:\/\/www.sabra.org.br\/site\/concerto-orquestra\/","url_meta":{"origin":7217,"position":3},"title":"Nova s\u00e9rie de concertos com a Orquestra Sinf\u00f4nica de Betim","author":"M\u00e1rcio Miranda Pontes","date":"2 de junho de 2023","format":false,"excerpt":"Voc\u00ea sabia que a m\u00fasica pode ser uma excelente aliada do ensino de ci\u00eancias para as crian\u00e7as na escola? \u00c9 isso mesmo! Quer saber como isso acontece? Confira o texto a seguir!","rel":"","context":"Em &quot;Not\u00edcias&quot;","block_context":{"text":"Not\u00edcias","link":"https:\/\/www.sabra.org.br\/site\/category\/noticias\/"},"img":{"alt_text":"orquestra-sinf\u00f4nica-betim-juvenil-infantil-infanto-sabra-concerto","src":"https:\/\/i0.wp.com\/www.sabra.org.br\/site\/wp-content\/uploads\/2022\/12\/IMG_9406-scaled.jpg?resize=350%2C200&ssl=1","width":350,"height":200,"srcset":"https:\/\/i0.wp.com\/www.sabra.org.br\/site\/wp-content\/uploads\/2022\/12\/IMG_9406-scaled.jpg?resize=350%2C200&ssl=1 1x, https:\/\/i0.wp.com\/www.sabra.org.br\/site\/wp-content\/uploads\/2022\/12\/IMG_9406-scaled.jpg?resize=525%2C300&ssl=1 1.5x, https:\/\/i0.wp.com\/www.sabra.org.br\/site\/wp-content\/uploads\/2022\/12\/IMG_9406-scaled.jpg?resize=700%2C400&ssl=1 2x, https:\/\/i0.wp.com\/www.sabra.org.br\/site\/wp-content\/uploads\/2022\/12\/IMG_9406-scaled.jpg?resize=1050%2C600&ssl=1 3x, https:\/\/i0.wp.com\/www.sabra.org.br\/site\/wp-content\/uploads\/2022\/12\/IMG_9406-scaled.jpg?resize=1400%2C800&ssl=1 4x"},"classes":[]},{"id":2364,"url":"https:\/\/www.sabra.org.br\/site\/musica-para-bebes\/","url_meta":{"origin":7217,"position":4},"title":"M\u00fasica para os beb\u00eas","author":"M\u00e1rcio Miranda Pontes","date":"4 de outubro de 2019","format":false,"excerpt":"Ouvir m\u00fasica \u00e9 uma del\u00edcia a qualquer momento do dia. Voc\u00ea sabia que a m\u00fasica tamb\u00e9m faz muito bem para os beb\u00eas? Conhe\u00e7a na mat\u00e9ria benef\u00edcios da m\u00fasica para os beb\u00eas!","rel":"","context":"Em &quot;Blog SABRA&quot;","block_context":{"text":"Blog SABRA","link":"https:\/\/www.sabra.org.br\/site\/category\/blog-sabra\/"},"img":{"alt_text":"musica-bebes","src":"https:\/\/i0.wp.com\/www.sabra.org.br\/site\/wp-content\/uploads\/2019\/10\/x-beneficios-das-musicas-para-os-bebes-20171219145022.jpg.jpg?resize=350%2C200&ssl=1","width":350,"height":200,"srcset":"https:\/\/i0.wp.com\/www.sabra.org.br\/site\/wp-content\/uploads\/2019\/10\/x-beneficios-das-musicas-para-os-bebes-20171219145022.jpg.jpg?resize=350%2C200&ssl=1 1x, https:\/\/i0.wp.com\/www.sabra.org.br\/site\/wp-content\/uploads\/2019\/10\/x-beneficios-das-musicas-para-os-bebes-20171219145022.jpg.jpg?resize=525%2C300&ssl=1 1.5x, https:\/\/i0.wp.com\/www.sabra.org.br\/site\/wp-content\/uploads\/2019\/10\/x-beneficios-das-musicas-para-os-bebes-20171219145022.jpg.jpg?resize=700%2C400&ssl=1 2x, https:\/\/i0.wp.com\/www.sabra.org.br\/site\/wp-content\/uploads\/2019\/10\/x-beneficios-das-musicas-para-os-bebes-20171219145022.jpg.jpg?resize=1050%2C600&ssl=1 3x"},"classes":[]},{"id":2067,"url":"https:\/\/www.sabra.org.br\/site\/qual-o-papel-do-professor-na-educacao-musical-para-criancas\/","url_meta":{"origin":7217,"position":5},"title":"Professor e educa\u00e7\u00e3o musical","author":"M\u00e1rcio Miranda Pontes","date":"22 de maio de 2019","format":false,"excerpt":"Explore a import\u00e2ncia do ensino das artes e como ele pode enriquecer a educa\u00e7\u00e3o de crian\u00e7as e adolescentes.","rel":"","context":"Em &quot;Blog SABRA&quot;","block_context":{"text":"Blog SABRA","link":"https:\/\/www.sabra.org.br\/site\/category\/blog-sabra\/"},"img":{"alt_text":"Professor-e-educacao-musical-ensino-crian\u00e7a","src":"https:\/\/i0.wp.com\/www.sabra.org.br\/site\/wp-content\/uploads\/2019\/05\/qual-o-papel-do-professor-na-educacao-musical-para-criancas-20181030105249.jpg.jpg?resize=350%2C200&ssl=1","width":350,"height":200,"srcset":"https:\/\/i0.wp.com\/www.sabra.org.br\/site\/wp-content\/uploads\/2019\/05\/qual-o-papel-do-professor-na-educacao-musical-para-criancas-20181030105249.jpg.jpg?resize=350%2C200&ssl=1 1x, https:\/\/i0.wp.com\/www.sabra.org.br\/site\/wp-content\/uploads\/2019\/05\/qual-o-papel-do-professor-na-educacao-musical-para-criancas-20181030105249.jpg.jpg?resize=525%2C300&ssl=1 1.5x, https:\/\/i0.wp.com\/www.sabra.org.br\/site\/wp-content\/uploads\/2019\/05\/qual-o-papel-do-professor-na-educacao-musical-para-criancas-20181030105249.jpg.jpg?resize=700%2C400&ssl=1 2x"},"classes":[]}],"jetpack_likes_enabled":true,"jetpack_sharing_enabled":true,"_links":{"self":[{"href":"https:\/\/www.sabra.org.br\/site\/wp-json\/wp\/v2\/posts\/7217","targetHints":{"allow":["GET"]}}],"collection":[{"href":"https:\/\/www.sabra.org.br\/site\/wp-json\/wp\/v2\/posts"}],"about":[{"href":"https:\/\/www.sabra.org.br\/site\/wp-json\/wp\/v2\/types\/post"}],"author":[{"embeddable":true,"href":"https:\/\/www.sabra.org.br\/site\/wp-json\/wp\/v2\/users\/39"}],"replies":[{"embeddable":true,"href":"https:\/\/www.sabra.org.br\/site\/wp-json\/wp\/v2\/comments?post=7217"}],"version-history":[{"count":0,"href":"https:\/\/www.sabra.org.br\/site\/wp-json\/wp\/v2\/posts\/7217\/revisions"}],"wp:featuredmedia":[{"embeddable":true,"href":"https:\/\/www.sabra.org.br\/site\/wp-json\/wp\/v2\/media\/7219"}],"wp:attachment":[{"href":"https:\/\/www.sabra.org.br\/site\/wp-json\/wp\/v2\/media?parent=7217"}],"wp:term":[{"taxonomy":"category","embeddable":true,"href":"https:\/\/www.sabra.org.br\/site\/wp-json\/wp\/v2\/categories?post=7217"},{"taxonomy":"post_tag","embeddable":true,"href":"https:\/\/www.sabra.org.br\/site\/wp-json\/wp\/v2\/tags?post=7217"}],"curies":[{"name":"wp","href":"https:\/\/api.w.org\/{rel}","templated":true}]}}