{"id":7329,"date":"2023-06-16T18:06:04","date_gmt":"2023-06-16T21:06:04","guid":{"rendered":"https:\/\/www.sabra.org.br\/site\/?p=7329"},"modified":"2023-06-16T19:02:44","modified_gmt":"2023-06-16T22:02:44","slug":"concerto-didatico-13-06-2023","status":"publish","type":"post","link":"https:\/\/www.sabra.org.br\/site\/concerto-didatico-13-06-2023\/","title":{"rendered":"Concerto Did\u00e1tico &#8211; 13\/06\/2023"},"content":{"rendered":"<p>Concerto Did\u00e1tico com a Orquestra Sinf\u00f4nica de Betim realizado na Escola Estadual Sim\u00e3o da Cunha em Betim &#8211; MG no dia 13\/06\/2023.<\/p>\n<p><strong>Veja as fotos no Flickr:<\/strong> <a href=\"https:\/\/flic.kr\/s\/aHBqjAHX3h\" target=\"_blank\" rel=\"noopener\">https:\/\/flic.kr\/s\/aHBqjAHX3h<\/a><\/p>\n<hr \/>\n<h2>Se voc\u00ea gostou deste post:<\/h2>\n<ul>\n<li>SIGA as nossas p\u00e1ginas nas redes sociais para acompanhar as nossas atualiza\u00e7\u00f5es: estamos no <a href=\"https:\/\/www.facebook.com\/sabrabrasil\" target=\"_blank\" rel=\"noopener\">Facebook<\/a>, no <a href=\"https:\/\/www.instagram.com\/sabrabrasil\/\" target=\"_blank\" rel=\"noopener\">Instagram<\/a>, no <a href=\"https:\/\/www.linkedin.com\/company\/25002088\" target=\"_blank\" rel=\"noopener\">LinkedIn<\/a>, no <a href=\"https:\/\/twitter.com\/ContatoSabra\" target=\"_blank\" rel=\"noopener\">Twitter<\/a> e no <a href=\"https:\/\/www.youtube.com\/channel\/UCJw-kbuEvzUNdeQf20Pa-eQ\" target=\"_blank\" rel=\"noopener\">YouTube<\/a>!<\/li>\n<li>CONHE\u00c7A o trabalho da Sociedade Art\u00edstica Brasileira (SABRA) e todas as iniciativas culturais e sociais que ela mant\u00e9m. <a href=\"https:\/\/www.sabra.org.br\/site\/acoes\/\" target=\"_blank\" rel=\"noopener\">Acesse nosso site!<\/a><\/li>\n<li>ENTRE EM CONTATO com a gente. E veja quais s\u00e3o as op\u00e7\u00f5es de ajuda na manuten\u00e7\u00e3o de nossas a\u00e7\u00f5es sociais e culturais. Basta acessar nossa p\u00e1gina <a href=\"https:\/\/www.sabra.org.br\/site\/doe-agora\/\" target=\"_blank\" rel=\"noopener\">Doe Agora!<\/a><\/li>\n<li>COMPARTILHE este texto nas suas redes sociais e ajude os seus amigos a tamb\u00e9m dominarem o assunto!<\/li>\n<\/ul>\n","protected":false},"excerpt":{"rendered":"<p>Concerto Did\u00e1tico com a Orquestra Sinf\u00f4nica de Betim realizado na Escola Estadual Sim\u00e3o da Cunha em Betim &#8211; MG no dia 13\/06\/2023. Veja as fotos&hellip;<\/p>\n","protected":false},"author":39,"featured_media":7336,"comment_status":"open","ping_status":"open","sticky":false,"template":"","format":"standard","meta":{"jetpack_post_was_ever_published":false,"_jetpack_newsletter_access":"","_jetpack_dont_email_post_to_subs":false,"_jetpack_newsletter_tier_id":0,"_jetpack_memberships_contains_paywalled_content":false,"_jetpack_memberships_contains_paid_content":false,"footnotes":""},"categories":[4],"tags":[3635],"class_list":["post-7329","post","type-post","status-publish","format-standard","has-post-thumbnail","hentry","category-noticias","tag-sabra-betim-concerto-didatico"],"yoast_head":"<!-- This site is optimized with the Yoast SEO plugin v27.5 - https:\/\/yoast.com\/product\/yoast-seo-wordpress\/ -->\n<title>Concerto Did\u00e1tico - 13\/06\/2023<\/title>\n<meta name=\"description\" content=\"Orquestra Sinf\u00f4nica de Betim - Escola Estadual Sim\u00e3o da Cunha - Betim - MG - 13\/06\/2023 - Concerto Did\u00e1tico\" \/>\n<meta name=\"robots\" content=\"index, follow, max-snippet:-1, max-image-preview:large, max-video-preview:-1\" \/>\n<link rel=\"canonical\" href=\"https:\/\/www.sabra.org.br\/site\/concerto-didatico-13-06-2023\/\" \/>\n<meta property=\"og:locale\" content=\"pt_BR\" \/>\n<meta property=\"og:type\" content=\"article\" \/>\n<meta property=\"og:title\" content=\"Concerto Did\u00e1tico - 13\/06\/2023\" \/>\n<meta property=\"og:description\" content=\"Orquestra Sinf\u00f4nica de Betim - Escola Estadual Sim\u00e3o da Cunha - Betim - MG - 13\/06\/2023 - Concerto Did\u00e1tico\" \/>\n<meta property=\"og:url\" content=\"https:\/\/www.sabra.org.br\/site\/concerto-didatico-13-06-2023\/\" \/>\n<meta property=\"og:site_name\" content=\"SABRA - Sociedade Art\u00edstica Brasileira\" \/>\n<meta property=\"article:publisher\" content=\"https:\/\/www.facebook.com\/sabrabrasil\" \/>\n<meta property=\"article:published_time\" content=\"2023-06-16T21:06:04+00:00\" \/>\n<meta property=\"article:modified_time\" content=\"2023-06-16T22:02:44+00:00\" \/>\n<meta property=\"og:image\" content=\"https:\/\/i0.wp.com\/www.sabra.org.br\/site\/wp-content\/uploads\/2023\/06\/52979206628_323ddf3d2e_z-jpg.webp?fit=640%2C480&ssl=1\" \/>\n\t<meta property=\"og:image:width\" content=\"640\" \/>\n\t<meta property=\"og:image:height\" content=\"480\" \/>\n\t<meta property=\"og:image:type\" content=\"image\/jpeg\" \/>\n<meta name=\"author\" content=\"M\u00e1rcio Miranda Pontes\" \/>\n<meta name=\"twitter:card\" content=\"summary_large_image\" \/>\n<meta name=\"twitter:creator\" content=\"@ContatoSabra\" \/>\n<meta name=\"twitter:site\" content=\"@ContatoSabra\" \/>\n<meta name=\"twitter:label1\" content=\"Escrito por\" \/>\n\t<meta name=\"twitter:data1\" content=\"M\u00e1rcio Miranda Pontes\" \/>\n\t<meta name=\"twitter:label2\" content=\"Est. tempo de leitura\" \/>\n\t<meta name=\"twitter:data2\" content=\"1 minuto\" \/>\n<script type=\"application\/ld+json\" class=\"yoast-schema-graph\">{\"@context\":\"https:\\\/\\\/schema.org\",\"@graph\":[{\"@type\":\"Article\",\"@id\":\"https:\\\/\\\/www.sabra.org.br\\\/site\\\/concerto-didatico-13-06-2023\\\/#article\",\"isPartOf\":{\"@id\":\"https:\\\/\\\/www.sabra.org.br\\\/site\\\/concerto-didatico-13-06-2023\\\/\"},\"author\":{\"name\":\"M\u00e1rcio Miranda Pontes\",\"@id\":\"https:\\\/\\\/www.sabra.org.br\\\/site\\\/#\\\/schema\\\/person\\\/7d1d222c3c8891d4c37c7b41bf6315c2\"},\"headline\":\"Concerto Did\u00e1tico &#8211; 13\\\/06\\\/2023\",\"datePublished\":\"2023-06-16T21:06:04+00:00\",\"dateModified\":\"2023-06-16T22:02:44+00:00\",\"mainEntityOfPage\":{\"@id\":\"https:\\\/\\\/www.sabra.org.br\\\/site\\\/concerto-didatico-13-06-2023\\\/\"},\"wordCount\":145,\"commentCount\":0,\"publisher\":{\"@id\":\"https:\\\/\\\/www.sabra.org.br\\\/site\\\/#organization\"},\"image\":{\"@id\":\"https:\\\/\\\/www.sabra.org.br\\\/site\\\/concerto-didatico-13-06-2023\\\/#primaryimage\"},\"thumbnailUrl\":\"https:\\\/\\\/www.sabra.org.br\\\/site\\\/wp-content\\\/uploads\\\/2023\\\/06\\\/52979206628_323ddf3d2e_z-jpg.webp\",\"keywords\":[\"Sabra-Betim-concerto-did\u00e1tico\"],\"articleSection\":[\"Not\u00edcias\"],\"inLanguage\":\"pt-BR\",\"potentialAction\":[{\"@type\":\"CommentAction\",\"name\":\"Comment\",\"target\":[\"https:\\\/\\\/www.sabra.org.br\\\/site\\\/concerto-didatico-13-06-2023\\\/#respond\"]}]},{\"@type\":\"WebPage\",\"@id\":\"https:\\\/\\\/www.sabra.org.br\\\/site\\\/concerto-didatico-13-06-2023\\\/\",\"url\":\"https:\\\/\\\/www.sabra.org.br\\\/site\\\/concerto-didatico-13-06-2023\\\/\",\"name\":\"Concerto Did\u00e1tico - 13\\\/06\\\/2023\",\"isPartOf\":{\"@id\":\"https:\\\/\\\/www.sabra.org.br\\\/site\\\/#website\"},\"primaryImageOfPage\":{\"@id\":\"https:\\\/\\\/www.sabra.org.br\\\/site\\\/concerto-didatico-13-06-2023\\\/#primaryimage\"},\"image\":{\"@id\":\"https:\\\/\\\/www.sabra.org.br\\\/site\\\/concerto-didatico-13-06-2023\\\/#primaryimage\"},\"thumbnailUrl\":\"https:\\\/\\\/www.sabra.org.br\\\/site\\\/wp-content\\\/uploads\\\/2023\\\/06\\\/52979206628_323ddf3d2e_z-jpg.webp\",\"datePublished\":\"2023-06-16T21:06:04+00:00\",\"dateModified\":\"2023-06-16T22:02:44+00:00\",\"description\":\"Orquestra Sinf\u00f4nica de Betim - Escola Estadual Sim\u00e3o da Cunha - Betim - MG - 13\\\/06\\\/2023 - Concerto Did\u00e1tico\",\"breadcrumb\":{\"@id\":\"https:\\\/\\\/www.sabra.org.br\\\/site\\\/concerto-didatico-13-06-2023\\\/#breadcrumb\"},\"inLanguage\":\"pt-BR\",\"potentialAction\":[{\"@type\":\"ReadAction\",\"target\":[\"https:\\\/\\\/www.sabra.org.br\\\/site\\\/concerto-didatico-13-06-2023\\\/\"]}]},{\"@type\":\"ImageObject\",\"inLanguage\":\"pt-BR\",\"@id\":\"https:\\\/\\\/www.sabra.org.br\\\/site\\\/concerto-didatico-13-06-2023\\\/#primaryimage\",\"url\":\"https:\\\/\\\/www.sabra.org.br\\\/site\\\/wp-content\\\/uploads\\\/2023\\\/06\\\/52979206628_323ddf3d2e_z-jpg.webp\",\"contentUrl\":\"https:\\\/\\\/www.sabra.org.br\\\/site\\\/wp-content\\\/uploads\\\/2023\\\/06\\\/52979206628_323ddf3d2e_z-jpg.webp\",\"width\":640,\"height\":480},{\"@type\":\"BreadcrumbList\",\"@id\":\"https:\\\/\\\/www.sabra.org.br\\\/site\\\/concerto-didatico-13-06-2023\\\/#breadcrumb\",\"itemListElement\":[{\"@type\":\"ListItem\",\"position\":1,\"name\":\"In\u00edcio\",\"item\":\"https:\\\/\\\/www.sabra.org.br\\\/site\\\/\"},{\"@type\":\"ListItem\",\"position\":2,\"name\":\"Concerto Did\u00e1tico &#8211; 13\\\/06\\\/2023\"}]},{\"@type\":\"WebSite\",\"@id\":\"https:\\\/\\\/www.sabra.org.br\\\/site\\\/#website\",\"url\":\"https:\\\/\\\/www.sabra.org.br\\\/site\\\/\",\"name\":\"SABRA - Sociedade Art\u00edstica Brasileira\",\"description\":\"Escola de M\u00fasica, Orquestra Sinf\u00f4nica, Coral e Patrim\u00f4nio Cultural e Hist\u00f3rico\",\"publisher\":{\"@id\":\"https:\\\/\\\/www.sabra.org.br\\\/site\\\/#organization\"},\"potentialAction\":[{\"@type\":\"SearchAction\",\"target\":{\"@type\":\"EntryPoint\",\"urlTemplate\":\"https:\\\/\\\/www.sabra.org.br\\\/site\\\/?s={search_term_string}\"},\"query-input\":{\"@type\":\"PropertyValueSpecification\",\"valueRequired\":true,\"valueName\":\"search_term_string\"}}],\"inLanguage\":\"pt-BR\"},{\"@type\":\"Organization\",\"@id\":\"https:\\\/\\\/www.sabra.org.br\\\/site\\\/#organization\",\"name\":\"SOCIEDADE ART\u00cdSTICA BRASILEIRA SABRA\",\"alternateName\":\"SABRA\",\"url\":\"https:\\\/\\\/www.sabra.org.br\\\/site\\\/\",\"logo\":{\"@type\":\"ImageObject\",\"inLanguage\":\"pt-BR\",\"@id\":\"https:\\\/\\\/www.sabra.org.br\\\/site\\\/#\\\/schema\\\/logo\\\/image\\\/\",\"url\":\"https:\\\/\\\/www.sabra.org.br\\\/site\\\/wp-content\\\/uploads\\\/2019\\\/06\\\/cropped-Logo_SABRA-Copia-1.webp\",\"contentUrl\":\"https:\\\/\\\/www.sabra.org.br\\\/site\\\/wp-content\\\/uploads\\\/2019\\\/06\\\/cropped-Logo_SABRA-Copia-1.webp\",\"width\":400,\"height\":128,\"caption\":\"SOCIEDADE ART\u00cdSTICA BRASILEIRA SABRA\"},\"image\":{\"@id\":\"https:\\\/\\\/www.sabra.org.br\\\/site\\\/#\\\/schema\\\/logo\\\/image\\\/\"},\"sameAs\":[\"https:\\\/\\\/www.facebook.com\\\/sabrabrasil\",\"https:\\\/\\\/x.com\\\/ContatoSabra\",\"https:\\\/\\\/www.instagram.com\\\/sabrabrasil\\\/\",\"https:\\\/\\\/www.linkedin.com\\\/company\\\/25002088\\\/\",\"https:\\\/\\\/br.pinterest.com\\\/sociedadeartisticabrasileira\\\/\",\"https:\\\/\\\/www.youtube.com\\\/c\\\/sabrabrasil\"]},{\"@type\":\"Person\",\"@id\":\"https:\\\/\\\/www.sabra.org.br\\\/site\\\/#\\\/schema\\\/person\\\/7d1d222c3c8891d4c37c7b41bf6315c2\",\"name\":\"M\u00e1rcio Miranda Pontes\",\"image\":{\"@type\":\"ImageObject\",\"inLanguage\":\"pt-BR\",\"@id\":\"https:\\\/\\\/secure.gravatar.com\\\/avatar\\\/3b45f24496a7625a3a6c436688fbe20344faaeb2979658dc4a9921f984d7df9a?s=96&d=mm&r=g\",\"url\":\"https:\\\/\\\/secure.gravatar.com\\\/avatar\\\/3b45f24496a7625a3a6c436688fbe20344faaeb2979658dc4a9921f984d7df9a?s=96&d=mm&r=g\",\"contentUrl\":\"https:\\\/\\\/secure.gravatar.com\\\/avatar\\\/3b45f24496a7625a3a6c436688fbe20344faaeb2979658dc4a9921f984d7df9a?s=96&d=mm&r=g\",\"caption\":\"M\u00e1rcio Miranda Pontes\"},\"sameAs\":[\"http:\\\/\\\/www.sabra.org.br\"],\"url\":\"https:\\\/\\\/www.sabra.org.br\\\/site\\\/author\\\/marcio-miranda-pontes\\\/\"}]}<\/script>\n<!-- \/ Yoast SEO plugin. -->","yoast_head_json":{"title":"Concerto Did\u00e1tico - 13\/06\/2023","description":"Orquestra Sinf\u00f4nica de Betim - Escola Estadual Sim\u00e3o da Cunha - Betim - MG - 13\/06\/2023 - Concerto Did\u00e1tico","robots":{"index":"index","follow":"follow","max-snippet":"max-snippet:-1","max-image-preview":"max-image-preview:large","max-video-preview":"max-video-preview:-1"},"canonical":"https:\/\/www.sabra.org.br\/site\/concerto-didatico-13-06-2023\/","og_locale":"pt_BR","og_type":"article","og_title":"Concerto Did\u00e1tico - 13\/06\/2023","og_description":"Orquestra Sinf\u00f4nica de Betim - Escola Estadual Sim\u00e3o da Cunha - Betim - MG - 13\/06\/2023 - Concerto Did\u00e1tico","og_url":"https:\/\/www.sabra.org.br\/site\/concerto-didatico-13-06-2023\/","og_site_name":"SABRA - Sociedade Art\u00edstica Brasileira","article_publisher":"https:\/\/www.facebook.com\/sabrabrasil","article_published_time":"2023-06-16T21:06:04+00:00","article_modified_time":"2023-06-16T22:02:44+00:00","og_image":[{"width":640,"height":480,"url":"https:\/\/i0.wp.com\/www.sabra.org.br\/site\/wp-content\/uploads\/2023\/06\/52979206628_323ddf3d2e_z-jpg.webp?fit=640%2C480&ssl=1","type":"image\/jpeg"}],"author":"M\u00e1rcio Miranda Pontes","twitter_card":"summary_large_image","twitter_creator":"@ContatoSabra","twitter_site":"@ContatoSabra","twitter_misc":{"Escrito por":"M\u00e1rcio Miranda Pontes","Est. tempo de leitura":"1 minuto"},"schema":{"@context":"https:\/\/schema.org","@graph":[{"@type":"Article","@id":"https:\/\/www.sabra.org.br\/site\/concerto-didatico-13-06-2023\/#article","isPartOf":{"@id":"https:\/\/www.sabra.org.br\/site\/concerto-didatico-13-06-2023\/"},"author":{"name":"M\u00e1rcio Miranda Pontes","@id":"https:\/\/www.sabra.org.br\/site\/#\/schema\/person\/7d1d222c3c8891d4c37c7b41bf6315c2"},"headline":"Concerto Did\u00e1tico &#8211; 13\/06\/2023","datePublished":"2023-06-16T21:06:04+00:00","dateModified":"2023-06-16T22:02:44+00:00","mainEntityOfPage":{"@id":"https:\/\/www.sabra.org.br\/site\/concerto-didatico-13-06-2023\/"},"wordCount":145,"commentCount":0,"publisher":{"@id":"https:\/\/www.sabra.org.br\/site\/#organization"},"image":{"@id":"https:\/\/www.sabra.org.br\/site\/concerto-didatico-13-06-2023\/#primaryimage"},"thumbnailUrl":"https:\/\/www.sabra.org.br\/site\/wp-content\/uploads\/2023\/06\/52979206628_323ddf3d2e_z-jpg.webp","keywords":["Sabra-Betim-concerto-did\u00e1tico"],"articleSection":["Not\u00edcias"],"inLanguage":"pt-BR","potentialAction":[{"@type":"CommentAction","name":"Comment","target":["https:\/\/www.sabra.org.br\/site\/concerto-didatico-13-06-2023\/#respond"]}]},{"@type":"WebPage","@id":"https:\/\/www.sabra.org.br\/site\/concerto-didatico-13-06-2023\/","url":"https:\/\/www.sabra.org.br\/site\/concerto-didatico-13-06-2023\/","name":"Concerto Did\u00e1tico - 13\/06\/2023","isPartOf":{"@id":"https:\/\/www.sabra.org.br\/site\/#website"},"primaryImageOfPage":{"@id":"https:\/\/www.sabra.org.br\/site\/concerto-didatico-13-06-2023\/#primaryimage"},"image":{"@id":"https:\/\/www.sabra.org.br\/site\/concerto-didatico-13-06-2023\/#primaryimage"},"thumbnailUrl":"https:\/\/www.sabra.org.br\/site\/wp-content\/uploads\/2023\/06\/52979206628_323ddf3d2e_z-jpg.webp","datePublished":"2023-06-16T21:06:04+00:00","dateModified":"2023-06-16T22:02:44+00:00","description":"Orquestra Sinf\u00f4nica de Betim - Escola Estadual Sim\u00e3o da Cunha - Betim - MG - 13\/06\/2023 - Concerto Did\u00e1tico","breadcrumb":{"@id":"https:\/\/www.sabra.org.br\/site\/concerto-didatico-13-06-2023\/#breadcrumb"},"inLanguage":"pt-BR","potentialAction":[{"@type":"ReadAction","target":["https:\/\/www.sabra.org.br\/site\/concerto-didatico-13-06-2023\/"]}]},{"@type":"ImageObject","inLanguage":"pt-BR","@id":"https:\/\/www.sabra.org.br\/site\/concerto-didatico-13-06-2023\/#primaryimage","url":"https:\/\/www.sabra.org.br\/site\/wp-content\/uploads\/2023\/06\/52979206628_323ddf3d2e_z-jpg.webp","contentUrl":"https:\/\/www.sabra.org.br\/site\/wp-content\/uploads\/2023\/06\/52979206628_323ddf3d2e_z-jpg.webp","width":640,"height":480},{"@type":"BreadcrumbList","@id":"https:\/\/www.sabra.org.br\/site\/concerto-didatico-13-06-2023\/#breadcrumb","itemListElement":[{"@type":"ListItem","position":1,"name":"In\u00edcio","item":"https:\/\/www.sabra.org.br\/site\/"},{"@type":"ListItem","position":2,"name":"Concerto Did\u00e1tico &#8211; 13\/06\/2023"}]},{"@type":"WebSite","@id":"https:\/\/www.sabra.org.br\/site\/#website","url":"https:\/\/www.sabra.org.br\/site\/","name":"SABRA - Sociedade Art\u00edstica Brasileira","description":"Escola de M\u00fasica, Orquestra Sinf\u00f4nica, Coral e Patrim\u00f4nio Cultural e Hist\u00f3rico","publisher":{"@id":"https:\/\/www.sabra.org.br\/site\/#organization"},"potentialAction":[{"@type":"SearchAction","target":{"@type":"EntryPoint","urlTemplate":"https:\/\/www.sabra.org.br\/site\/?s={search_term_string}"},"query-input":{"@type":"PropertyValueSpecification","valueRequired":true,"valueName":"search_term_string"}}],"inLanguage":"pt-BR"},{"@type":"Organization","@id":"https:\/\/www.sabra.org.br\/site\/#organization","name":"SOCIEDADE ART\u00cdSTICA BRASILEIRA SABRA","alternateName":"SABRA","url":"https:\/\/www.sabra.org.br\/site\/","logo":{"@type":"ImageObject","inLanguage":"pt-BR","@id":"https:\/\/www.sabra.org.br\/site\/#\/schema\/logo\/image\/","url":"https:\/\/www.sabra.org.br\/site\/wp-content\/uploads\/2019\/06\/cropped-Logo_SABRA-Copia-1.webp","contentUrl":"https:\/\/www.sabra.org.br\/site\/wp-content\/uploads\/2019\/06\/cropped-Logo_SABRA-Copia-1.webp","width":400,"height":128,"caption":"SOCIEDADE ART\u00cdSTICA BRASILEIRA SABRA"},"image":{"@id":"https:\/\/www.sabra.org.br\/site\/#\/schema\/logo\/image\/"},"sameAs":["https:\/\/www.facebook.com\/sabrabrasil","https:\/\/x.com\/ContatoSabra","https:\/\/www.instagram.com\/sabrabrasil\/","https:\/\/www.linkedin.com\/company\/25002088\/","https:\/\/br.pinterest.com\/sociedadeartisticabrasileira\/","https:\/\/www.youtube.com\/c\/sabrabrasil"]},{"@type":"Person","@id":"https:\/\/www.sabra.org.br\/site\/#\/schema\/person\/7d1d222c3c8891d4c37c7b41bf6315c2","name":"M\u00e1rcio Miranda Pontes","image":{"@type":"ImageObject","inLanguage":"pt-BR","@id":"https:\/\/secure.gravatar.com\/avatar\/3b45f24496a7625a3a6c436688fbe20344faaeb2979658dc4a9921f984d7df9a?s=96&d=mm&r=g","url":"https:\/\/secure.gravatar.com\/avatar\/3b45f24496a7625a3a6c436688fbe20344faaeb2979658dc4a9921f984d7df9a?s=96&d=mm&r=g","contentUrl":"https:\/\/secure.gravatar.com\/avatar\/3b45f24496a7625a3a6c436688fbe20344faaeb2979658dc4a9921f984d7df9a?s=96&d=mm&r=g","caption":"M\u00e1rcio Miranda Pontes"},"sameAs":["http:\/\/www.sabra.org.br"],"url":"https:\/\/www.sabra.org.br\/site\/author\/marcio-miranda-pontes\/"}]}},"jetpack_featured_media_url":"https:\/\/www.sabra.org.br\/site\/wp-content\/uploads\/2023\/06\/52979206628_323ddf3d2e_z-jpg.webp","jetpack_shortlink":"https:\/\/wp.me\/p95j2Z-1Ud","jetpack-related-posts":[{"id":364,"url":"https:\/\/www.sabra.org.br\/site\/concerto-com-e-para-criancas\/","url_meta":{"origin":7329,"position":0},"title":"Concerto das crian\u00e7as","author":"M\u00e1rcio Miranda Pontes","date":"4 de outubro de 2016","format":false,"excerpt":"[vc_row][vc_column][vc_column_text css=\"\"]A SABRA realizar\u00e1 um concerto comemorativo do m\u00eas das crian\u00e7as com a participa\u00e7\u00e3o da Orquestra Sinf\u00f4nica de Betim e Corais Infantis, e voc\u00ea est\u00e1 convidado a participar como espectador e patrocinador DATA: 28 de outubro de 2016 HOR\u00c1RIO: 14 horas LOCAL: Tattersal do Parque de Exposi\u00e7\u00f5es de Betim Entrada\u2026","rel":"","context":"Em &quot;Not\u00edcias&quot;","block_context":{"text":"Not\u00edcias","link":"https:\/\/www.sabra.org.br\/site\/category\/noticias\/"},"img":{"alt_text":"Concerto did\u00e1tico","src":"https:\/\/i0.wp.com\/www.sabra.org.br\/site\/wp-content\/uploads\/2016\/10\/DSCN1085.jpg?resize=350%2C200&ssl=1","width":350,"height":200,"srcset":"https:\/\/i0.wp.com\/www.sabra.org.br\/site\/wp-content\/uploads\/2016\/10\/DSCN1085.jpg?resize=350%2C200&ssl=1 1x, https:\/\/i0.wp.com\/www.sabra.org.br\/site\/wp-content\/uploads\/2016\/10\/DSCN1085.jpg?resize=525%2C300&ssl=1 1.5x, https:\/\/i0.wp.com\/www.sabra.org.br\/site\/wp-content\/uploads\/2016\/10\/DSCN1085.jpg?resize=700%2C400&ssl=1 2x, https:\/\/i0.wp.com\/www.sabra.org.br\/site\/wp-content\/uploads\/2016\/10\/DSCN1085.jpg?resize=1050%2C600&ssl=1 3x, https:\/\/i0.wp.com\/www.sabra.org.br\/site\/wp-content\/uploads\/2016\/10\/DSCN1085.jpg?resize=1400%2C800&ssl=1 4x"},"classes":[]},{"id":783,"url":"https:\/\/www.sabra.org.br\/site\/sabra-e-orquestra-sinfonica-de-betim-promovem-concerto-didatico-para-surdos\/","url_meta":{"origin":7329,"position":1},"title":"SABRA e Orquestra Sinf\u00f4nica de Betim promovem Concerto Did\u00e1tico para Surdos","author":"M\u00e1rcio Miranda Pontes","date":"6 de novembro de 2017","format":false,"excerpt":"A Sociedade Art\u00edstica Brasileira (SABRA) promove, no dia 10 de novembro, o Concerto Did\u00e1tico para Surdos, em Betim, Minas Gerais. Sob a reg\u00eancia de M\u00e1rcio Miranda Pontes, 74 instrumentistas da Orquestra Sinf\u00f4nica de Betim, em forma\u00e7\u00e3o completa, interpretam obras como Finlandia de Sibelius, Capriccio Italiano e o 4\u00ba movimento da\u2026","rel":"","context":"Em &quot;Not\u00edcias&quot;","block_context":{"text":"Not\u00edcias","link":"https:\/\/www.sabra.org.br\/site\/category\/noticias\/"},"img":{"alt_text":"M\u00e1rcio Miranda Pontes","src":"https:\/\/i0.wp.com\/www.sabra.org.br\/site\/wp-content\/uploads\/2017\/11\/release-2-20171027133315.jpg.jpg?resize=350%2C200&ssl=1","width":350,"height":200,"srcset":"https:\/\/i0.wp.com\/www.sabra.org.br\/site\/wp-content\/uploads\/2017\/11\/release-2-20171027133315.jpg.jpg?resize=350%2C200&ssl=1 1x, https:\/\/i0.wp.com\/www.sabra.org.br\/site\/wp-content\/uploads\/2017\/11\/release-2-20171027133315.jpg.jpg?resize=525%2C300&ssl=1 1.5x, https:\/\/i0.wp.com\/www.sabra.org.br\/site\/wp-content\/uploads\/2017\/11\/release-2-20171027133315.jpg.jpg?resize=700%2C400&ssl=1 2x"},"classes":[]},{"id":2477,"url":"https:\/\/www.sabra.org.br\/site\/material-didatico\/","url_meta":{"origin":7329,"position":2},"title":"Material Did\u00e1tico","author":"M\u00e1rcio Miranda Pontes","date":"6 de mar\u00e7o de 2020","format":false,"excerpt":"Escola de M\u00fasica SABRA Material did\u00e1tico Papel de M\u00fasica (9 pautas) Palestra \"M\u00fasica na Escola - Orquestra Sinf\u00f4nica\" \u00a0 \u00a0 Doe parte do seu Imposto de Renda 2020 para a Escola de M\u00fasica SABRA \u00a0 FIA - IRPF 2023 - DOE PARA A SABRA. Voc\u00ea escolhe onde parte de seu\u2026","rel":"","context":"Em &quot;Blog SABRA&quot;","block_context":{"text":"Blog SABRA","link":"https:\/\/www.sabra.org.br\/site\/category\/blog-sabra\/"},"img":{"alt_text":"FIA - Fundo da Inf\u00e2ncia e Adolesc\u00eancia","src":"https:\/\/i0.wp.com\/www.sabra.org.br\/site\/wp-content\/uploads\/2020\/02\/01-Novo-1.jpg?resize=350%2C200&ssl=1","width":350,"height":200,"srcset":"https:\/\/i0.wp.com\/www.sabra.org.br\/site\/wp-content\/uploads\/2020\/02\/01-Novo-1.jpg?resize=350%2C200&ssl=1 1x, https:\/\/i0.wp.com\/www.sabra.org.br\/site\/wp-content\/uploads\/2020\/02\/01-Novo-1.jpg?resize=525%2C300&ssl=1 1.5x, https:\/\/i0.wp.com\/www.sabra.org.br\/site\/wp-content\/uploads\/2020\/02\/01-Novo-1.jpg?resize=700%2C400&ssl=1 2x, https:\/\/i0.wp.com\/www.sabra.org.br\/site\/wp-content\/uploads\/2020\/02\/01-Novo-1.jpg?resize=1050%2C600&ssl=1 3x"},"classes":[]},{"id":504,"url":"https:\/\/www.sabra.org.br\/site\/material-curso-professoras-educacao-infantil-betim\/","url_meta":{"origin":7329,"position":3},"title":"Material Curso Professoras Educa\u00e7\u00e3o Infantil &#8211; Betim","author":"M\u00e1rcio Miranda Pontes","date":"31 de maio de 2017","format":false,"excerpt":"Baixe material do Curso M\u00fasica e Coral e capacite-se para uma pr\u00e1tica musical de qualidade em grupos e corais.","rel":"","context":"Em &quot;Blog SABRA&quot;","block_context":{"text":"Blog SABRA","link":"https:\/\/www.sabra.org.br\/site\/category\/blog-sabra\/"},"img":{"alt_text":"sabra-m\u00fasica-criada-musical-ritmo-melodia-harmonia-composi\u00e7\u00e3o-notas-teoria-can\u00e7\u00f5es-m\u00fasica-coral","src":"https:\/\/i0.wp.com\/www.sabra.org.br\/site\/wp-content\/uploads\/2024\/04\/teoria-musical-conceitos-basicos-de-harmonia-melodia-ritmo-e-composicao-20240229111914.jpg-jpg.webp?resize=350%2C200&ssl=1","width":350,"height":200,"srcset":"https:\/\/i0.wp.com\/www.sabra.org.br\/site\/wp-content\/uploads\/2024\/04\/teoria-musical-conceitos-basicos-de-harmonia-melodia-ritmo-e-composicao-20240229111914.jpg-jpg.webp?resize=350%2C200&ssl=1 1x, https:\/\/i0.wp.com\/www.sabra.org.br\/site\/wp-content\/uploads\/2024\/04\/teoria-musical-conceitos-basicos-de-harmonia-melodia-ritmo-e-composicao-20240229111914.jpg-jpg.webp?resize=525%2C300&ssl=1 1.5x, https:\/\/i0.wp.com\/www.sabra.org.br\/site\/wp-content\/uploads\/2024\/04\/teoria-musical-conceitos-basicos-de-harmonia-melodia-ritmo-e-composicao-20240229111914.jpg-jpg.webp?resize=700%2C400&ssl=1 2x"},"classes":[]},{"id":1525,"url":"https:\/\/www.sabra.org.br\/site\/o-que-voce-precisa-saber-sobre-a-funcao-didatico-pedagogica-da-linguagem-musical\/","url_meta":{"origin":7329,"position":4},"title":"Fun\u00e7\u00e3o did\u00e1tico-pedag\u00f3gica da linguagem musical?","author":"M\u00e1rcio Miranda Pontes","date":"19 de setembro de 2018","format":false,"excerpt":"O que voc\u00ea precisa saber sobre a fun\u00e7\u00e3o did\u00e1tico-pedag\u00f3gica da linguagem musical? Diz-se que a m\u00fasica \u00e9 a linguagem universal da humanidade. A l\u00f3gica envolvida nesta frase \u00e9 a de que o poder comunicacional da m\u00fasica ultrapassa as barreiras culturais, religiosas, pol\u00edticas e sociais, criando uma liga\u00e7\u00e3o forte entre os\u2026","rel":"","context":"Em &quot;Blog SABRA&quot;","block_context":{"text":"Blog SABRA","link":"https:\/\/www.sabra.org.br\/site\/category\/blog-sabra\/"},"img":{"alt_text":"linguagem-musical-m\u00fasica-desenvolvimento-estudos-processos-conhecem-did\u00e1tico-pedag\u00f3gica-sociais","src":"https:\/\/i0.wp.com\/www.sabra.org.br\/site\/wp-content\/uploads\/2018\/09\/o-que-voce-precisa-saber-sobre-a-funcao-didatico-pedagogica-da-linguagem-musical-20180702161300.jpg.jpg?resize=350%2C200&ssl=1","width":350,"height":200,"srcset":"https:\/\/i0.wp.com\/www.sabra.org.br\/site\/wp-content\/uploads\/2018\/09\/o-que-voce-precisa-saber-sobre-a-funcao-didatico-pedagogica-da-linguagem-musical-20180702161300.jpg.jpg?resize=350%2C200&ssl=1 1x, https:\/\/i0.wp.com\/www.sabra.org.br\/site\/wp-content\/uploads\/2018\/09\/o-que-voce-precisa-saber-sobre-a-funcao-didatico-pedagogica-da-linguagem-musical-20180702161300.jpg.jpg?resize=525%2C300&ssl=1 1.5x, https:\/\/i0.wp.com\/www.sabra.org.br\/site\/wp-content\/uploads\/2018\/09\/o-que-voce-precisa-saber-sobre-a-funcao-didatico-pedagogica-da-linguagem-musical-20180702161300.jpg.jpg?resize=700%2C400&ssl=1 2x, https:\/\/i0.wp.com\/www.sabra.org.br\/site\/wp-content\/uploads\/2018\/09\/o-que-voce-precisa-saber-sobre-a-funcao-didatico-pedagogica-da-linguagem-musical-20180702161300.jpg.jpg?resize=1050%2C600&ssl=1 3x, https:\/\/i0.wp.com\/www.sabra.org.br\/site\/wp-content\/uploads\/2018\/09\/o-que-voce-precisa-saber-sobre-a-funcao-didatico-pedagogica-da-linguagem-musical-20180702161300.jpg.jpg?resize=1400%2C800&ssl=1 4x"},"classes":[]},{"id":628,"url":"https:\/\/www.sabra.org.br\/site\/orquestra-infantil-de-betim-concerto\/","url_meta":{"origin":7329,"position":5},"title":"Orquestra Infantil de Betim ensaia suas primeiras melodias","author":"M\u00e1rcio Miranda Pontes","date":"6 de setembro de 2017","format":false,"excerpt":"Confira o concerto da Orquestra Infantil de Betim no dia 1 de dezembro, onde alunos de violino mostrar\u00e3o seu talento.","rel":"","context":"Em &quot;Blog SABRA&quot;","block_context":{"text":"Blog SABRA","link":"https:\/\/www.sabra.org.br\/site\/category\/blog-sabra\/"},"img":{"alt_text":"concerto-orquestra-infantil-sinf\u00f4nica-cultura","src":"https:\/\/i0.wp.com\/www.sabra.org.br\/site\/wp-content\/uploads\/2017\/09\/Violino-e1765390873703.jpg?resize=350%2C200&ssl=1","width":350,"height":200},"classes":[]}],"jetpack_likes_enabled":true,"jetpack_sharing_enabled":true,"_links":{"self":[{"href":"https:\/\/www.sabra.org.br\/site\/wp-json\/wp\/v2\/posts\/7329","targetHints":{"allow":["GET"]}}],"collection":[{"href":"https:\/\/www.sabra.org.br\/site\/wp-json\/wp\/v2\/posts"}],"about":[{"href":"https:\/\/www.sabra.org.br\/site\/wp-json\/wp\/v2\/types\/post"}],"author":[{"embeddable":true,"href":"https:\/\/www.sabra.org.br\/site\/wp-json\/wp\/v2\/users\/39"}],"replies":[{"embeddable":true,"href":"https:\/\/www.sabra.org.br\/site\/wp-json\/wp\/v2\/comments?post=7329"}],"version-history":[{"count":0,"href":"https:\/\/www.sabra.org.br\/site\/wp-json\/wp\/v2\/posts\/7329\/revisions"}],"wp:featuredmedia":[{"embeddable":true,"href":"https:\/\/www.sabra.org.br\/site\/wp-json\/wp\/v2\/media\/7336"}],"wp:attachment":[{"href":"https:\/\/www.sabra.org.br\/site\/wp-json\/wp\/v2\/media?parent=7329"}],"wp:term":[{"taxonomy":"category","embeddable":true,"href":"https:\/\/www.sabra.org.br\/site\/wp-json\/wp\/v2\/categories?post=7329"},{"taxonomy":"post_tag","embeddable":true,"href":"https:\/\/www.sabra.org.br\/site\/wp-json\/wp\/v2\/tags?post=7329"}],"curies":[{"name":"wp","href":"https:\/\/api.w.org\/{rel}","templated":true}]}}