{"id":7368,"date":"2023-06-19T10:31:45","date_gmt":"2023-06-19T13:31:45","guid":{"rendered":"https:\/\/www.sabra.org.br\/site\/?p=7368"},"modified":"2023-06-19T13:21:22","modified_gmt":"2023-06-19T16:21:22","slug":"encontro-corais-2306","status":"publish","type":"post","link":"https:\/\/www.sabra.org.br\/site\/encontro-corais-2306\/","title":{"rendered":"Coral Unimed-BH convida"},"content":{"rendered":"<p>Minist\u00e9rio do Turismo e Instituto Unimed-BH apresentam:<br \/>\nEncontro de Corais &#8211; Coral Unimed-BH convida.<br \/>\n21\/06\/2023 &#8211; 19:00 horas<br \/>\nAudit\u00f3rio do HU &#8211; Rua Ponta Por\u00e3, 45 &#8211; Santa Efig\u00eania<br \/>\nParticipa\u00e7\u00e3o: Coral Unimed-BH, Coral da FALE (UFMG) e Coral Campus Em Canto (UFMG)<br \/>\nEntrada Franca<\/p>\n<hr \/>\n<h2>Se voc\u00ea gostou deste post:<\/h2>\n<ul>\n<li>SIGA as nossas p\u00e1ginas nas redes sociais para acompanhar as nossas atualiza\u00e7\u00f5es: estamos no <a href=\"https:\/\/www.facebook.com\/sabrabrasil\" target=\"_blank\" rel=\"noopener\">Facebook<\/a>, no <a href=\"https:\/\/www.instagram.com\/sabrabrasil\/\" target=\"_blank\" rel=\"noopener\">Instagram<\/a>, no <a href=\"https:\/\/www.linkedin.com\/company\/25002088\" target=\"_blank\" rel=\"noopener\">LinkedIn<\/a>, no <a href=\"https:\/\/twitter.com\/ContatoSabra\" target=\"_blank\" rel=\"noopener\">Twitter<\/a> e no <a href=\"https:\/\/www.youtube.com\/channel\/UCJw-kbuEvzUNdeQf20Pa-eQ\" target=\"_blank\" rel=\"noopener\">YouTube<\/a>!<\/p>\n<\/li>\n<li>\n<p>CONHE\u00c7A o trabalho da Sociedade Art\u00edstica Brasileira (SABRA) e todas as iniciativas culturais e sociais que ela mant\u00e9m. <a href=\"https:\/\/www.sabra.org.br\/site\/acoes\/\" target=\"_blank\" rel=\"noopener\">Acesse nosso site!<\/a><\/p>\n<\/li>\n<li>\n<p>ENTRE EM CONTATO com a gente. E veja quais s\u00e3o as op\u00e7\u00f5es de ajuda na manuten\u00e7\u00e3o de nossas a\u00e7\u00f5es sociais e culturais. Basta acessar nossa p\u00e1gina <a href=\"https:\/\/www.sabra.org.br\/site\/doe-agora\/\" target=\"_blank\" rel=\"noopener\">Doe Agora!<\/a><\/p>\n<\/li>\n<li>\n<p>COMPARTILHE este texto nas suas redes sociais e ajude os seus amigos a tamb\u00e9m dominarem o assunto!<\/p>\n<\/li>\n<\/ul>\n<p>\u2013 Os projetos da @sabrabrasil s\u00e3o realizados com o patroci\u0301nio m\u00e1ster: @institutounimedbh, viabilizado pelo incentivo de mais de 5,2 mil m\u00e9dicos cooperados e colaboradores via Lei de Incentivo \u00e0 Cultura &#8211; @culturagovbr<\/p>\n<blockquote class=\"wp-embedded-content\" data-secret=\"xgWIdEma27\"><p><a href=\"https:\/\/www.sabra.org.br\/site\/coral-escola\/\">Por que as escolas deveriam investir em um coral?<\/a><\/p><\/blockquote>\n<p><iframe class=\"wp-embedded-content\" sandbox=\"allow-scripts\" security=\"restricted\" style=\"position: absolute; visibility: hidden;\" title=\"&#8220;Por que as escolas deveriam investir em um coral?&#8221; &#8212; SABRA - Sociedade Art\u00edstica Brasileira\" src=\"https:\/\/www.sabra.org.br\/site\/coral-escola\/embed\/#?secret=Kc7nDjudGE#?secret=xgWIdEma27\" data-secret=\"xgWIdEma27\" width=\"600\" height=\"338\" frameborder=\"0\" marginwidth=\"0\" marginheight=\"0\" scrolling=\"no\"><\/iframe><\/p>\n","protected":false},"excerpt":{"rendered":"<p>Encontro de Corais &#8211; Coral Unimed-BH convida.<br \/>\n21\/06\/2023 &#8211; 19:00 horas<br \/>\nAudit\u00f3rio do HU &#8211; Rua Ponta Por\u00e3, 45 &#8211; Santa Efig\u00eania<\/p>\n","protected":false},"author":39,"featured_media":7378,"comment_status":"open","ping_status":"open","sticky":false,"template":"","format":"standard","meta":{"jetpack_post_was_ever_published":false,"_jetpack_newsletter_access":"","_jetpack_dont_email_post_to_subs":false,"_jetpack_newsletter_tier_id":0,"_jetpack_memberships_contains_paywalled_content":false,"_jetpack_memberships_contains_paid_content":false,"footnotes":""},"categories":[4],"tags":[],"class_list":["post-7368","post","type-post","status-publish","format-standard","has-post-thumbnail","hentry","category-noticias"],"yoast_head":"<!-- This site is optimized with the Yoast SEO plugin v27.5 - https:\/\/yoast.com\/product\/yoast-seo-wordpress\/ -->\n<title>Coral Unimed-BH convida - SABRA - Sociedade Art\u00edstica Brasileira<\/title>\n<meta name=\"description\" content=\"Encontro de Corais - Coral Unimed-BH convida.21\/06\/2023 - 19:00 horasAudit\u00f3rio do HU - Rua Ponta Por\u00e3, 45 - Santa Efig\u00eania\" \/>\n<meta name=\"robots\" content=\"index, follow, max-snippet:-1, max-image-preview:large, max-video-preview:-1\" \/>\n<link rel=\"canonical\" href=\"https:\/\/www.sabra.org.br\/site\/encontro-corais-2306\/\" \/>\n<meta property=\"og:locale\" content=\"pt_BR\" \/>\n<meta property=\"og:type\" content=\"article\" \/>\n<meta property=\"og:title\" content=\"Coral Unimed-BH convida - SABRA - Sociedade Art\u00edstica Brasileira\" \/>\n<meta property=\"og:description\" content=\"Encontro de Corais - Coral Unimed-BH convida.21\/06\/2023 - 19:00 horasAudit\u00f3rio do HU - Rua Ponta Por\u00e3, 45 - Santa Efig\u00eania\" \/>\n<meta property=\"og:url\" content=\"https:\/\/www.sabra.org.br\/site\/encontro-corais-2306\/\" \/>\n<meta property=\"og:site_name\" content=\"SABRA - Sociedade Art\u00edstica Brasileira\" \/>\n<meta property=\"article:publisher\" content=\"https:\/\/www.facebook.com\/sabrabrasil\" \/>\n<meta property=\"article:published_time\" content=\"2023-06-19T13:31:45+00:00\" \/>\n<meta property=\"article:modified_time\" content=\"2023-06-19T16:21:22+00:00\" \/>\n<meta property=\"og:image\" content=\"https:\/\/i0.wp.com\/www.sabra.org.br\/site\/wp-content\/uploads\/2023\/06\/Coral-Unimed-BH-convida-2306-jpg.webp?fit=1080%2C1080&ssl=1\" \/>\n\t<meta property=\"og:image:width\" content=\"1080\" \/>\n\t<meta property=\"og:image:height\" content=\"1080\" \/>\n\t<meta property=\"og:image:type\" content=\"image\/jpeg\" \/>\n<meta name=\"author\" content=\"M\u00e1rcio Miranda Pontes\" \/>\n<meta name=\"twitter:card\" content=\"summary_large_image\" \/>\n<meta name=\"twitter:creator\" content=\"@ContatoSabra\" \/>\n<meta name=\"twitter:site\" content=\"@ContatoSabra\" \/>\n<meta name=\"twitter:label1\" content=\"Escrito por\" \/>\n\t<meta name=\"twitter:data1\" content=\"M\u00e1rcio Miranda Pontes\" \/>\n\t<meta name=\"twitter:label2\" content=\"Est. tempo de leitura\" \/>\n\t<meta name=\"twitter:data2\" content=\"1 minuto\" \/>\n<script type=\"application\/ld+json\" class=\"yoast-schema-graph\">{\"@context\":\"https:\\\/\\\/schema.org\",\"@graph\":[{\"@type\":\"Article\",\"@id\":\"https:\\\/\\\/www.sabra.org.br\\\/site\\\/encontro-corais-2306\\\/#article\",\"isPartOf\":{\"@id\":\"https:\\\/\\\/www.sabra.org.br\\\/site\\\/encontro-corais-2306\\\/\"},\"author\":{\"name\":\"M\u00e1rcio Miranda Pontes\",\"@id\":\"https:\\\/\\\/www.sabra.org.br\\\/site\\\/#\\\/schema\\\/person\\\/7d1d222c3c8891d4c37c7b41bf6315c2\"},\"headline\":\"Coral Unimed-BH convida\",\"datePublished\":\"2023-06-19T13:31:45+00:00\",\"dateModified\":\"2023-06-19T16:21:22+00:00\",\"mainEntityOfPage\":{\"@id\":\"https:\\\/\\\/www.sabra.org.br\\\/site\\\/encontro-corais-2306\\\/\"},\"wordCount\":194,\"commentCount\":0,\"publisher\":{\"@id\":\"https:\\\/\\\/www.sabra.org.br\\\/site\\\/#organization\"},\"image\":{\"@id\":\"https:\\\/\\\/www.sabra.org.br\\\/site\\\/encontro-corais-2306\\\/#primaryimage\"},\"thumbnailUrl\":\"https:\\\/\\\/www.sabra.org.br\\\/site\\\/wp-content\\\/uploads\\\/2023\\\/06\\\/Coral-Unimed-BH-convida-2306-jpg.webp\",\"articleSection\":[\"Not\u00edcias\"],\"inLanguage\":\"pt-BR\",\"potentialAction\":[{\"@type\":\"CommentAction\",\"name\":\"Comment\",\"target\":[\"https:\\\/\\\/www.sabra.org.br\\\/site\\\/encontro-corais-2306\\\/#respond\"]}]},{\"@type\":\"WebPage\",\"@id\":\"https:\\\/\\\/www.sabra.org.br\\\/site\\\/encontro-corais-2306\\\/\",\"url\":\"https:\\\/\\\/www.sabra.org.br\\\/site\\\/encontro-corais-2306\\\/\",\"name\":\"Coral Unimed-BH convida - SABRA - Sociedade Art\u00edstica Brasileira\",\"isPartOf\":{\"@id\":\"https:\\\/\\\/www.sabra.org.br\\\/site\\\/#website\"},\"primaryImageOfPage\":{\"@id\":\"https:\\\/\\\/www.sabra.org.br\\\/site\\\/encontro-corais-2306\\\/#primaryimage\"},\"image\":{\"@id\":\"https:\\\/\\\/www.sabra.org.br\\\/site\\\/encontro-corais-2306\\\/#primaryimage\"},\"thumbnailUrl\":\"https:\\\/\\\/www.sabra.org.br\\\/site\\\/wp-content\\\/uploads\\\/2023\\\/06\\\/Coral-Unimed-BH-convida-2306-jpg.webp\",\"datePublished\":\"2023-06-19T13:31:45+00:00\",\"dateModified\":\"2023-06-19T16:21:22+00:00\",\"description\":\"Encontro de Corais - Coral Unimed-BH convida.21\\\/06\\\/2023 - 19:00 horasAudit\u00f3rio do HU - Rua Ponta Por\u00e3, 45 - Santa Efig\u00eania\",\"breadcrumb\":{\"@id\":\"https:\\\/\\\/www.sabra.org.br\\\/site\\\/encontro-corais-2306\\\/#breadcrumb\"},\"inLanguage\":\"pt-BR\",\"potentialAction\":[{\"@type\":\"ReadAction\",\"target\":[\"https:\\\/\\\/www.sabra.org.br\\\/site\\\/encontro-corais-2306\\\/\"]}]},{\"@type\":\"ImageObject\",\"inLanguage\":\"pt-BR\",\"@id\":\"https:\\\/\\\/www.sabra.org.br\\\/site\\\/encontro-corais-2306\\\/#primaryimage\",\"url\":\"https:\\\/\\\/www.sabra.org.br\\\/site\\\/wp-content\\\/uploads\\\/2023\\\/06\\\/Coral-Unimed-BH-convida-2306-jpg.webp\",\"contentUrl\":\"https:\\\/\\\/www.sabra.org.br\\\/site\\\/wp-content\\\/uploads\\\/2023\\\/06\\\/Coral-Unimed-BH-convida-2306-jpg.webp\",\"width\":1080,\"height\":1080,\"caption\":\"Sociedade Art\u00edstica Brasileira SABRA\"},{\"@type\":\"BreadcrumbList\",\"@id\":\"https:\\\/\\\/www.sabra.org.br\\\/site\\\/encontro-corais-2306\\\/#breadcrumb\",\"itemListElement\":[{\"@type\":\"ListItem\",\"position\":1,\"name\":\"In\u00edcio\",\"item\":\"https:\\\/\\\/www.sabra.org.br\\\/site\\\/\"},{\"@type\":\"ListItem\",\"position\":2,\"name\":\"Coral Unimed-BH convida\"}]},{\"@type\":\"WebSite\",\"@id\":\"https:\\\/\\\/www.sabra.org.br\\\/site\\\/#website\",\"url\":\"https:\\\/\\\/www.sabra.org.br\\\/site\\\/\",\"name\":\"SABRA - Sociedade Art\u00edstica Brasileira\",\"description\":\"Escola de M\u00fasica, Orquestra Sinf\u00f4nica, Coral e Patrim\u00f4nio Cultural e Hist\u00f3rico\",\"publisher\":{\"@id\":\"https:\\\/\\\/www.sabra.org.br\\\/site\\\/#organization\"},\"potentialAction\":[{\"@type\":\"SearchAction\",\"target\":{\"@type\":\"EntryPoint\",\"urlTemplate\":\"https:\\\/\\\/www.sabra.org.br\\\/site\\\/?s={search_term_string}\"},\"query-input\":{\"@type\":\"PropertyValueSpecification\",\"valueRequired\":true,\"valueName\":\"search_term_string\"}}],\"inLanguage\":\"pt-BR\"},{\"@type\":\"Organization\",\"@id\":\"https:\\\/\\\/www.sabra.org.br\\\/site\\\/#organization\",\"name\":\"SOCIEDADE ART\u00cdSTICA BRASILEIRA SABRA\",\"alternateName\":\"SABRA\",\"url\":\"https:\\\/\\\/www.sabra.org.br\\\/site\\\/\",\"logo\":{\"@type\":\"ImageObject\",\"inLanguage\":\"pt-BR\",\"@id\":\"https:\\\/\\\/www.sabra.org.br\\\/site\\\/#\\\/schema\\\/logo\\\/image\\\/\",\"url\":\"https:\\\/\\\/www.sabra.org.br\\\/site\\\/wp-content\\\/uploads\\\/2019\\\/06\\\/cropped-Logo_SABRA-Copia-1.webp\",\"contentUrl\":\"https:\\\/\\\/www.sabra.org.br\\\/site\\\/wp-content\\\/uploads\\\/2019\\\/06\\\/cropped-Logo_SABRA-Copia-1.webp\",\"width\":400,\"height\":128,\"caption\":\"SOCIEDADE ART\u00cdSTICA BRASILEIRA SABRA\"},\"image\":{\"@id\":\"https:\\\/\\\/www.sabra.org.br\\\/site\\\/#\\\/schema\\\/logo\\\/image\\\/\"},\"sameAs\":[\"https:\\\/\\\/www.facebook.com\\\/sabrabrasil\",\"https:\\\/\\\/x.com\\\/ContatoSabra\",\"https:\\\/\\\/www.instagram.com\\\/sabrabrasil\\\/\",\"https:\\\/\\\/www.linkedin.com\\\/company\\\/25002088\\\/\",\"https:\\\/\\\/br.pinterest.com\\\/sociedadeartisticabrasileira\\\/\",\"https:\\\/\\\/www.youtube.com\\\/c\\\/sabrabrasil\"]},{\"@type\":\"Person\",\"@id\":\"https:\\\/\\\/www.sabra.org.br\\\/site\\\/#\\\/schema\\\/person\\\/7d1d222c3c8891d4c37c7b41bf6315c2\",\"name\":\"M\u00e1rcio Miranda Pontes\",\"image\":{\"@type\":\"ImageObject\",\"inLanguage\":\"pt-BR\",\"@id\":\"https:\\\/\\\/secure.gravatar.com\\\/avatar\\\/3b45f24496a7625a3a6c436688fbe20344faaeb2979658dc4a9921f984d7df9a?s=96&d=mm&r=g\",\"url\":\"https:\\\/\\\/secure.gravatar.com\\\/avatar\\\/3b45f24496a7625a3a6c436688fbe20344faaeb2979658dc4a9921f984d7df9a?s=96&d=mm&r=g\",\"contentUrl\":\"https:\\\/\\\/secure.gravatar.com\\\/avatar\\\/3b45f24496a7625a3a6c436688fbe20344faaeb2979658dc4a9921f984d7df9a?s=96&d=mm&r=g\",\"caption\":\"M\u00e1rcio Miranda Pontes\"},\"sameAs\":[\"http:\\\/\\\/www.sabra.org.br\"],\"url\":\"https:\\\/\\\/www.sabra.org.br\\\/site\\\/author\\\/marcio-miranda-pontes\\\/\"}]}<\/script>\n<!-- \/ Yoast SEO plugin. -->","yoast_head_json":{"title":"Coral Unimed-BH convida - SABRA - Sociedade Art\u00edstica Brasileira","description":"Encontro de Corais - Coral Unimed-BH convida.21\/06\/2023 - 19:00 horasAudit\u00f3rio do HU - Rua Ponta Por\u00e3, 45 - Santa Efig\u00eania","robots":{"index":"index","follow":"follow","max-snippet":"max-snippet:-1","max-image-preview":"max-image-preview:large","max-video-preview":"max-video-preview:-1"},"canonical":"https:\/\/www.sabra.org.br\/site\/encontro-corais-2306\/","og_locale":"pt_BR","og_type":"article","og_title":"Coral Unimed-BH convida - SABRA - Sociedade Art\u00edstica Brasileira","og_description":"Encontro de Corais - Coral Unimed-BH convida.21\/06\/2023 - 19:00 horasAudit\u00f3rio do HU - Rua Ponta Por\u00e3, 45 - Santa Efig\u00eania","og_url":"https:\/\/www.sabra.org.br\/site\/encontro-corais-2306\/","og_site_name":"SABRA - Sociedade Art\u00edstica Brasileira","article_publisher":"https:\/\/www.facebook.com\/sabrabrasil","article_published_time":"2023-06-19T13:31:45+00:00","article_modified_time":"2023-06-19T16:21:22+00:00","og_image":[{"width":1080,"height":1080,"url":"https:\/\/i0.wp.com\/www.sabra.org.br\/site\/wp-content\/uploads\/2023\/06\/Coral-Unimed-BH-convida-2306-jpg.webp?fit=1080%2C1080&ssl=1","type":"image\/jpeg"}],"author":"M\u00e1rcio Miranda Pontes","twitter_card":"summary_large_image","twitter_creator":"@ContatoSabra","twitter_site":"@ContatoSabra","twitter_misc":{"Escrito por":"M\u00e1rcio Miranda Pontes","Est. tempo de leitura":"1 minuto"},"schema":{"@context":"https:\/\/schema.org","@graph":[{"@type":"Article","@id":"https:\/\/www.sabra.org.br\/site\/encontro-corais-2306\/#article","isPartOf":{"@id":"https:\/\/www.sabra.org.br\/site\/encontro-corais-2306\/"},"author":{"name":"M\u00e1rcio Miranda Pontes","@id":"https:\/\/www.sabra.org.br\/site\/#\/schema\/person\/7d1d222c3c8891d4c37c7b41bf6315c2"},"headline":"Coral Unimed-BH convida","datePublished":"2023-06-19T13:31:45+00:00","dateModified":"2023-06-19T16:21:22+00:00","mainEntityOfPage":{"@id":"https:\/\/www.sabra.org.br\/site\/encontro-corais-2306\/"},"wordCount":194,"commentCount":0,"publisher":{"@id":"https:\/\/www.sabra.org.br\/site\/#organization"},"image":{"@id":"https:\/\/www.sabra.org.br\/site\/encontro-corais-2306\/#primaryimage"},"thumbnailUrl":"https:\/\/www.sabra.org.br\/site\/wp-content\/uploads\/2023\/06\/Coral-Unimed-BH-convida-2306-jpg.webp","articleSection":["Not\u00edcias"],"inLanguage":"pt-BR","potentialAction":[{"@type":"CommentAction","name":"Comment","target":["https:\/\/www.sabra.org.br\/site\/encontro-corais-2306\/#respond"]}]},{"@type":"WebPage","@id":"https:\/\/www.sabra.org.br\/site\/encontro-corais-2306\/","url":"https:\/\/www.sabra.org.br\/site\/encontro-corais-2306\/","name":"Coral Unimed-BH convida - SABRA - Sociedade Art\u00edstica Brasileira","isPartOf":{"@id":"https:\/\/www.sabra.org.br\/site\/#website"},"primaryImageOfPage":{"@id":"https:\/\/www.sabra.org.br\/site\/encontro-corais-2306\/#primaryimage"},"image":{"@id":"https:\/\/www.sabra.org.br\/site\/encontro-corais-2306\/#primaryimage"},"thumbnailUrl":"https:\/\/www.sabra.org.br\/site\/wp-content\/uploads\/2023\/06\/Coral-Unimed-BH-convida-2306-jpg.webp","datePublished":"2023-06-19T13:31:45+00:00","dateModified":"2023-06-19T16:21:22+00:00","description":"Encontro de Corais - Coral Unimed-BH convida.21\/06\/2023 - 19:00 horasAudit\u00f3rio do HU - Rua Ponta Por\u00e3, 45 - Santa Efig\u00eania","breadcrumb":{"@id":"https:\/\/www.sabra.org.br\/site\/encontro-corais-2306\/#breadcrumb"},"inLanguage":"pt-BR","potentialAction":[{"@type":"ReadAction","target":["https:\/\/www.sabra.org.br\/site\/encontro-corais-2306\/"]}]},{"@type":"ImageObject","inLanguage":"pt-BR","@id":"https:\/\/www.sabra.org.br\/site\/encontro-corais-2306\/#primaryimage","url":"https:\/\/www.sabra.org.br\/site\/wp-content\/uploads\/2023\/06\/Coral-Unimed-BH-convida-2306-jpg.webp","contentUrl":"https:\/\/www.sabra.org.br\/site\/wp-content\/uploads\/2023\/06\/Coral-Unimed-BH-convida-2306-jpg.webp","width":1080,"height":1080,"caption":"Sociedade Art\u00edstica Brasileira SABRA"},{"@type":"BreadcrumbList","@id":"https:\/\/www.sabra.org.br\/site\/encontro-corais-2306\/#breadcrumb","itemListElement":[{"@type":"ListItem","position":1,"name":"In\u00edcio","item":"https:\/\/www.sabra.org.br\/site\/"},{"@type":"ListItem","position":2,"name":"Coral Unimed-BH convida"}]},{"@type":"WebSite","@id":"https:\/\/www.sabra.org.br\/site\/#website","url":"https:\/\/www.sabra.org.br\/site\/","name":"SABRA - Sociedade Art\u00edstica Brasileira","description":"Escola de M\u00fasica, Orquestra Sinf\u00f4nica, Coral e Patrim\u00f4nio Cultural e Hist\u00f3rico","publisher":{"@id":"https:\/\/www.sabra.org.br\/site\/#organization"},"potentialAction":[{"@type":"SearchAction","target":{"@type":"EntryPoint","urlTemplate":"https:\/\/www.sabra.org.br\/site\/?s={search_term_string}"},"query-input":{"@type":"PropertyValueSpecification","valueRequired":true,"valueName":"search_term_string"}}],"inLanguage":"pt-BR"},{"@type":"Organization","@id":"https:\/\/www.sabra.org.br\/site\/#organization","name":"SOCIEDADE ART\u00cdSTICA BRASILEIRA SABRA","alternateName":"SABRA","url":"https:\/\/www.sabra.org.br\/site\/","logo":{"@type":"ImageObject","inLanguage":"pt-BR","@id":"https:\/\/www.sabra.org.br\/site\/#\/schema\/logo\/image\/","url":"https:\/\/www.sabra.org.br\/site\/wp-content\/uploads\/2019\/06\/cropped-Logo_SABRA-Copia-1.webp","contentUrl":"https:\/\/www.sabra.org.br\/site\/wp-content\/uploads\/2019\/06\/cropped-Logo_SABRA-Copia-1.webp","width":400,"height":128,"caption":"SOCIEDADE ART\u00cdSTICA BRASILEIRA SABRA"},"image":{"@id":"https:\/\/www.sabra.org.br\/site\/#\/schema\/logo\/image\/"},"sameAs":["https:\/\/www.facebook.com\/sabrabrasil","https:\/\/x.com\/ContatoSabra","https:\/\/www.instagram.com\/sabrabrasil\/","https:\/\/www.linkedin.com\/company\/25002088\/","https:\/\/br.pinterest.com\/sociedadeartisticabrasileira\/","https:\/\/www.youtube.com\/c\/sabrabrasil"]},{"@type":"Person","@id":"https:\/\/www.sabra.org.br\/site\/#\/schema\/person\/7d1d222c3c8891d4c37c7b41bf6315c2","name":"M\u00e1rcio Miranda Pontes","image":{"@type":"ImageObject","inLanguage":"pt-BR","@id":"https:\/\/secure.gravatar.com\/avatar\/3b45f24496a7625a3a6c436688fbe20344faaeb2979658dc4a9921f984d7df9a?s=96&d=mm&r=g","url":"https:\/\/secure.gravatar.com\/avatar\/3b45f24496a7625a3a6c436688fbe20344faaeb2979658dc4a9921f984d7df9a?s=96&d=mm&r=g","contentUrl":"https:\/\/secure.gravatar.com\/avatar\/3b45f24496a7625a3a6c436688fbe20344faaeb2979658dc4a9921f984d7df9a?s=96&d=mm&r=g","caption":"M\u00e1rcio Miranda Pontes"},"sameAs":["http:\/\/www.sabra.org.br"],"url":"https:\/\/www.sabra.org.br\/site\/author\/marcio-miranda-pontes\/"}]}},"jetpack_featured_media_url":"https:\/\/www.sabra.org.br\/site\/wp-content\/uploads\/2023\/06\/Coral-Unimed-BH-convida-2306-jpg.webp","jetpack_shortlink":"https:\/\/wp.me\/p95j2Z-1UQ","jetpack-related-posts":[{"id":155,"url":"https:\/\/www.sabra.org.br\/site\/fic-festival-de-corais-e-bandas-2016\/","url_meta":{"origin":7368,"position":0},"title":"Coral Unimed-BH se apresenta em Hospital","author":"M\u00e1rcio Miranda Pontes","date":"8 de agosto de 2016","format":false,"excerpt":"Na \u00faltima quarta-feira, 29 de maio, o Coral Unimed-BH se apresentou no Hospital Unimed - Unidade Contorno. Visando\u00a0disseminar a alegria e proporcionar um momento de descontra\u00e7\u00e3o, mais de 40 pessoas, entre colaboradores,\u00a0cooperados e convidados, percorreram todos os andares da Unidade de Interna\u00e7\u00e3o cantando m\u00fasicas MPB\u00a0e eruditas. A a\u00e7\u00e3o da SABRA,\u2026","rel":"","context":"Em &quot;Not\u00edcias&quot;","block_context":{"text":"Not\u00edcias","link":"https:\/\/www.sabra.org.br\/site\/category\/noticias\/"},"img":{"alt_text":"","src":"https:\/\/i0.wp.com\/www.sabra.org.br\/site\/wp-content\/uploads\/2016\/07\/coralunimedbh-crop-u1624.jpg?resize=350%2C200&ssl=1","width":350,"height":200,"srcset":"https:\/\/i0.wp.com\/www.sabra.org.br\/site\/wp-content\/uploads\/2016\/07\/coralunimedbh-crop-u1624.jpg?resize=350%2C200&ssl=1 1x, https:\/\/i0.wp.com\/www.sabra.org.br\/site\/wp-content\/uploads\/2016\/07\/coralunimedbh-crop-u1624.jpg?resize=525%2C300&ssl=1 1.5x, https:\/\/i0.wp.com\/www.sabra.org.br\/site\/wp-content\/uploads\/2016\/07\/coralunimedbh-crop-u1624.jpg?resize=700%2C400&ssl=1 2x"},"classes":[]},{"id":596,"url":"https:\/\/www.sabra.org.br\/site\/concerto-na-praca-orquestra-sinfonica-de-betim-e-coral-unimed-bh\/","url_meta":{"origin":7368,"position":1},"title":"Concerto na Pra\u00e7a \u2013 Orquestra Sinf\u00f4nica de Betim e Coral Unimed-BH","author":"M\u00e1rcio Miranda Pontes","date":"29 de agosto de 2017","format":false,"excerpt":"Sob a reg\u00eancia do maestro M\u00e1rcio Miranda Pontes, a Orquestra Sinf\u00f4nica de Betim e o Coral Unimed-BH celebram a m\u00fasica cl\u00e1ssica e popular em concerto, \u00e0s 10h30 do dia 17 de setembro, na Pra\u00e7a Floriano Peixoto, em Belo Horizonte. O repert\u00f3rio traz obras do russo Pyotr Tchaikovsky, do belga Cesar\u2026","rel":"","context":"Em &quot;Not\u00edcias&quot;","block_context":{"text":"Not\u00edcias","link":"https:\/\/www.sabra.org.br\/site\/category\/noticias\/"},"img":{"alt_text":"universo-musica-classica","src":"https:\/\/i0.wp.com\/www.sabra.org.br\/site\/wp-content\/uploads\/2016\/07\/754A1425peq.jpg?resize=350%2C200&ssl=1","width":350,"height":200,"srcset":"https:\/\/i0.wp.com\/www.sabra.org.br\/site\/wp-content\/uploads\/2016\/07\/754A1425peq.jpg?resize=350%2C200&ssl=1 1x, https:\/\/i0.wp.com\/www.sabra.org.br\/site\/wp-content\/uploads\/2016\/07\/754A1425peq.jpg?resize=525%2C300&ssl=1 1.5x"},"classes":[]},{"id":7184,"url":"https:\/\/www.sabra.org.br\/site\/30-festa-israel\/","url_meta":{"origin":7368,"position":2},"title":"30\u00aa Festa de Israel","author":"M\u00e1rcio Miranda Pontes","date":"22 de maio de 2023","format":false,"excerpt":"Abertura da 30a Festa de Israel com a participa\u00e7\u00e3o especial do Coral Unimed-BH. No repert\u00f3rio m\u00fasicas jud\u00e1icas e brasileiras.","rel":"","context":"Em &quot;Not\u00edcias&quot;","block_context":{"text":"Not\u00edcias","link":"https:\/\/www.sabra.org.br\/site\/category\/noticias\/"},"img":{"alt_text":"festa-israel-coral-unimed-bh-instituto-sabra-cultura","src":"https:\/\/i0.wp.com\/www.sabra.org.br\/site\/wp-content\/uploads\/2023\/05\/Festa-de-israel-2023-jpg.webp?resize=350%2C200&ssl=1","width":350,"height":200,"srcset":"https:\/\/i0.wp.com\/www.sabra.org.br\/site\/wp-content\/uploads\/2023\/05\/Festa-de-israel-2023-jpg.webp?resize=350%2C200&ssl=1 1x, https:\/\/i0.wp.com\/www.sabra.org.br\/site\/wp-content\/uploads\/2023\/05\/Festa-de-israel-2023-jpg.webp?resize=525%2C300&ssl=1 1.5x, https:\/\/i0.wp.com\/www.sabra.org.br\/site\/wp-content\/uploads\/2023\/05\/Festa-de-israel-2023-jpg.webp?resize=700%2C400&ssl=1 2x"},"classes":[]},{"id":1272,"url":"https:\/\/www.sabra.org.br\/site\/orquestra-sinfonica-de-betim-no-ccbb-bh-em-maio-de-2018\/","url_meta":{"origin":7368,"position":3},"title":"Orquestra Sinf\u00f4nica de Betim no CCBB-BH em maio de 2018","author":"M\u00e1rcio Miranda Pontes","date":"8 de maio de 2018","format":false,"excerpt":"Minist\u00e9rio da Cultura, Instituto Unimed-BH e SABRA apresentam: Concerto com a Orquestra Sinf\u00f4nica de Betim e Coral Unimed-BH Concertos ser\u00e3o realizados de abril o a dezembro com a presen\u00e7a de solistas e outros convidados No segundo concerto da s\u00e9rie de apresenta\u00e7\u00f5es da Orquestra Sinf\u00f4nica de Betim e Coral Unimed-BH\u00a0homenageiam os\u2026","rel":"","context":"Em &quot;Not\u00edcias&quot;","block_context":{"text":"Not\u00edcias","link":"https:\/\/www.sabra.org.br\/site\/category\/noticias\/"},"img":{"alt_text":"","src":"https:\/\/i0.wp.com\/www.sabra.org.br\/site\/wp-content\/uploads\/2017\/03\/Coral-Unimed-BH.jpg?resize=350%2C200&ssl=1","width":350,"height":200},"classes":[]},{"id":8056,"url":"https:\/\/www.sabra.org.br\/site\/sabra-concerto\/","url_meta":{"origin":7368,"position":4},"title":"SABRA promove Concerto Noturno.","author":"M\u00e1rcio Miranda Pontes","date":"25 de setembro de 2023","format":false,"excerpt":"SABRA promove Concerto Noturno com diversos grupos musicais para comemorar seus 10 anos de funda\u00e7\u00e3o. O evento acontece no pr\u00f3ximo dia 28 de setembro, , \u00e0s 19h30no Sal\u00e3o de Eventos do CAR em Betim.","rel":"","context":"Em &quot;Blog SABRA&quot;","block_context":{"text":"Blog SABRA","link":"https:\/\/www.sabra.org.br\/site\/category\/blog-sabra\/"},"img":{"alt_text":"sabra-m\u00fasica-coral-meio-concerto-cultura-trabalho-betim-cooperado-escola-evento-incentivo-sinf\u00f4nica-projeto-social","src":"https:\/\/i0.wp.com\/www.sabra.org.br\/site\/wp-content\/uploads\/2023\/09\/unnamed-jpg.webp?resize=350%2C200&ssl=1","width":350,"height":200,"srcset":"https:\/\/i0.wp.com\/www.sabra.org.br\/site\/wp-content\/uploads\/2023\/09\/unnamed-jpg.webp?resize=350%2C200&ssl=1 1x, https:\/\/i0.wp.com\/www.sabra.org.br\/site\/wp-content\/uploads\/2023\/09\/unnamed-jpg.webp?resize=525%2C300&ssl=1 1.5x, https:\/\/i0.wp.com\/www.sabra.org.br\/site\/wp-content\/uploads\/2023\/09\/unnamed-jpg.webp?resize=700%2C400&ssl=1 2x, https:\/\/i0.wp.com\/www.sabra.org.br\/site\/wp-content\/uploads\/2023\/09\/unnamed-jpg.webp?resize=1050%2C600&ssl=1 3x"},"classes":[]},{"id":7693,"url":"https:\/\/www.sabra.org.br\/site\/novidades-da-escola-de-musica-sabra-em-agosto\/","url_meta":{"origin":7368,"position":5},"title":"Escola de M\u00fasica Sabra amplia atua\u00e7\u00e3o em Contagem","author":"M\u00e1rcio Miranda Pontes","date":"25 de julho de 2023","format":false,"excerpt":"No dia 1\u00ba de agosto, a Sociedade Art\u00edstica Brasileira e a Associa\u00e7\u00e3o Eldorado de Apoio \u00e0 Vida celebram Termo de Parceria que tem por objetivo a expans\u00e3o da Escola de M\u00fasica em Contagem","rel":"","context":"Em &quot;Not\u00edcias&quot;","block_context":{"text":"Not\u00edcias","link":"https:\/\/www.sabra.org.br\/site\/category\/noticias\/"},"img":{"alt_text":"educa\u00e7\u00e3o-inclusiva-musicaliza\u00e7\u00e3o-musicoterapia-sabra-m\u00fasica-contagem-escola-unimed-bh-musicaliza\u00e7\u00e3o-cultura-gratuita-meio-trabalho-crian\u00e7as-curso-incentivo-apoio-associa\u00e7\u00e3o-brasileira-cooperados-instituto-m\u00e9dicos","src":"https:\/\/i0.wp.com\/www.sabra.org.br\/site\/wp-content\/uploads\/2023\/07\/qual-a-importancia-da-arte-na-educacao-inclusiva-20180705134730-jpg.webp?resize=350%2C200&ssl=1","width":350,"height":200,"srcset":"https:\/\/i0.wp.com\/www.sabra.org.br\/site\/wp-content\/uploads\/2023\/07\/qual-a-importancia-da-arte-na-educacao-inclusiva-20180705134730-jpg.webp?resize=350%2C200&ssl=1 1x, https:\/\/i0.wp.com\/www.sabra.org.br\/site\/wp-content\/uploads\/2023\/07\/qual-a-importancia-da-arte-na-educacao-inclusiva-20180705134730-jpg.webp?resize=525%2C300&ssl=1 1.5x, https:\/\/i0.wp.com\/www.sabra.org.br\/site\/wp-content\/uploads\/2023\/07\/qual-a-importancia-da-arte-na-educacao-inclusiva-20180705134730-jpg.webp?resize=700%2C400&ssl=1 2x"},"classes":[]}],"jetpack_likes_enabled":true,"jetpack_sharing_enabled":true,"_links":{"self":[{"href":"https:\/\/www.sabra.org.br\/site\/wp-json\/wp\/v2\/posts\/7368","targetHints":{"allow":["GET"]}}],"collection":[{"href":"https:\/\/www.sabra.org.br\/site\/wp-json\/wp\/v2\/posts"}],"about":[{"href":"https:\/\/www.sabra.org.br\/site\/wp-json\/wp\/v2\/types\/post"}],"author":[{"embeddable":true,"href":"https:\/\/www.sabra.org.br\/site\/wp-json\/wp\/v2\/users\/39"}],"replies":[{"embeddable":true,"href":"https:\/\/www.sabra.org.br\/site\/wp-json\/wp\/v2\/comments?post=7368"}],"version-history":[{"count":0,"href":"https:\/\/www.sabra.org.br\/site\/wp-json\/wp\/v2\/posts\/7368\/revisions"}],"wp:featuredmedia":[{"embeddable":true,"href":"https:\/\/www.sabra.org.br\/site\/wp-json\/wp\/v2\/media\/7378"}],"wp:attachment":[{"href":"https:\/\/www.sabra.org.br\/site\/wp-json\/wp\/v2\/media?parent=7368"}],"wp:term":[{"taxonomy":"category","embeddable":true,"href":"https:\/\/www.sabra.org.br\/site\/wp-json\/wp\/v2\/categories?post=7368"},{"taxonomy":"post_tag","embeddable":true,"href":"https:\/\/www.sabra.org.br\/site\/wp-json\/wp\/v2\/tags?post=7368"}],"curies":[{"name":"wp","href":"https:\/\/api.w.org\/{rel}","templated":true}]}}