{"id":742,"date":"2017-10-19T23:30:08","date_gmt":"2017-10-20T01:30:08","guid":{"rendered":"http:\/\/www.sabra.org.br\/site\/?p=742"},"modified":"2025-04-20T19:12:43","modified_gmt":"2025-04-20T22:12:43","slug":"o-que-e-uma-opera","status":"publish","type":"post","link":"https:\/\/www.sabra.org.br\/site\/o-que-e-uma-opera\/","title":{"rendered":"\u00d3PERA E CANTO."},"content":{"rendered":"<h3>O que \u00e9 uma \u00f3pera?<\/h3>\n<p>Mesmo quem nunca assistiu uma \u00f3pera ao vivo, sabe identific\u00e1-la quando v\u00ea nos desenhos animados e nos programas televisivos. Afinal, o canto singular e marcante dos cantores e cantoras desta forma de espet\u00e1culo \u00e9 t\u00e3o marcante que impressiona at\u00e9 mesmo os leigos.<\/p>\n<p>A \u00f3pera \u00e9 um g\u00eanero teatral que mescla canto, interpreta\u00e7\u00e3o, poesia e m\u00fasica cl\u00e1ssica. As apresenta\u00e7\u00f5es, que ocorrem nas chamadas \u201cOpera House\u201d e nos teatros, s\u00e3o acompanhadas por uma orquestra ou forma\u00e7\u00e3o musical menor sob a orienta\u00e7\u00e3o de um maestro. \u00c9 uma verdadeira experi\u00eancia alqu\u00edmica!<\/p>\n<p>Ficou interessado? Ent\u00e3o descubra mais sobre o maravilhoso universo das \u00f3peras nas pr\u00f3ximas linhas.<\/p>\n<h3>Breve hist\u00f3rico: como surgiram as \u00f3peras?<\/h3>\n<p>Genuinamente italiana, a \u00f3pera surgiu em meados do s\u00e9culo XVII como uma nova forma dram\u00e1tica de mesclar elementos teatrais e musicais sobre o palco. O termo vem do latim \u201copus\u201d, que significa \u201cobra\u201d, e foi utilizado para denominar as cria\u00e7\u00f5es que estavam florescendo durante o Renascimento, principalmente nas cidades de Floren\u00e7a, Veneza, Roma e N\u00e1poles. A primeira obra da hist\u00f3ria considerada uma \u00f3pera foi criada pelo veneziano Claudio Monteverdi, no s\u00e9culo XVI.<\/p>\n<p>Em poucas d\u00e9cadas, a burguesia em ascens\u00e3o criou gosto pelas \u00f3peras e as apresenta\u00e7\u00f5es espalharam-se pela Europa, estimulando a constru\u00e7\u00e3o de grandes teatros e espa\u00e7os dedicados \u00e0s apresenta\u00e7\u00f5es do g\u00eanero.<\/p>\n<p>Por causa das origens, a maior parte das \u00f3peras \u00e9 cantada em latim e em italiano. Por\u00e9m, extraordin\u00e1rios compositores de outros pa\u00edses tamb\u00e9m al\u00e7aram \u00f3peras francesas e alem\u00e3s ao hall da fama da m\u00fasica cl\u00e1ssica.<\/p>\n<h3>O que caracteriza as \u00f3peras?<\/h3>\n<p>Elas s\u00e3o apresenta\u00e7\u00f5es dram\u00e1ticas que combinam o canto com a m\u00fasica instrumental. Geralmente os di\u00e1logos entre os personagens do enredo s\u00e3o substitu\u00eddos pelos recitativos, que se situam entre o canto e a fala. Essa \u00e9 uma caracter\u00edstica forte das \u00f3peras italianas, mas n\u00e3o tanto das alem\u00e3s, que utilizam mais o di\u00e1logo falado (chamado de Singspiel), a exemplo da \u201cDie Zauberfl\u00f6te\u201d de Mozart.<\/p>\n<p>Os cantores de \u00f3pera s\u00e3o classificados de acordo com o timbre vocal: enquanto os homens podem ser tenores, contratenores, bar\u00edtonos, baixos-bar\u00edtonos e baixos, as mulheres s\u00e3o classificadas como sopranos, mezzo-sopranos e contraltos (pode haver tamb\u00e9m outras subcategorias). J\u00e1 o \u201clibretto\u201d \u00e9 o roteiro ou a letra da \u00f3pera e orienta toda a apresenta\u00e7\u00e3o.<\/p>\n<p>As \u00f3peras podem ser divididas em diversos tipos, como a \u00f3pera-balada francesa, a \u00f3pera buffa ou \u00f3pera c\u00f4mica italiana, a \u00f3pera s\u00e9ria do per\u00edodo barroco, o bel-canto italiano, a grand-\u00f3pera, a opereta, entre outras. Tamb\u00e9m pode ser classificada conforme o per\u00edodo, \u00e0 exemplo da \u00f3pera barroca, da cl\u00e1ssica, da rom\u00e2ntica e da contempor\u00e2nea.<\/p>\n<h3>Quais s\u00e3o as \u00f3peras mais famosas?<\/h3>\n<p>Listar as melhoras e mais populares \u00f3peras de todos os tempos \u00e9 uma tarefa \u00e1rdua e certamente demandaria algumas p\u00e1ginas de explica\u00e7\u00f5es e justificativas para os crit\u00e9rios de escolha. Mas n\u00e3o restam d\u00favidas de que algumas obras certamente estariam na sele\u00e7\u00e3o, como \u201cA\u00edda\u201d e \u201cLa Traviata\u201d de Giuseppe Verdi, \u201cDon Giovanni\u201d e \u201cDie Zauberfl\u00f6te\u201d (A Flauta M\u00e1gica) de Wolfgang Amadeus Mozart, \u201cIl Barbiere di Siviglia\u201d (O Barbeiro de Sevilha) de Gioacchino Rossini, \u201cCarmen\u201d de Georges Bizet, e \u201cLa boh\u00e8me\u201d e \u201cMadama Butterfly\u201d de Giacomo Puccini.<\/p>\n<h3>Se voc\u00ea gostou deste post:<\/h3>\n<p>&#8211; siga as nossas p\u00e1ginas nas redes sociais para acompanhar as nossas atualiza\u00e7\u00f5es: estamos no <a href=\"https:\/\/www.facebook.com\/sabrabrasil\" target=\"_blank\" rel=\"noopener\">Facebook<\/a>, no <a href=\"https:\/\/www.instagram.com\/sabrabrasil\/\" target=\"_blank\" rel=\"noopener\">Instagram<\/a>, no <a href=\"https:\/\/www.linkedin.com\/company\/25002088\" target=\"_blank\" rel=\"noopener\">LinkedIn<\/a>, no <a href=\"https:\/\/twitter.com\/ContatoSabra\" target=\"_blank\" rel=\"noopener\">Twitter<\/a> e no <a href=\"https:\/\/www.youtube.com\/channel\/UCJw-kbuEvzUNdeQf20Pa-eQ\" target=\"_blank\" rel=\"noopener\">YouTube<\/a>!<\/p>\n<p>&#8211; Conhe\u00e7a o trabalho da Sociedade Art\u00edstica Brasileira (SABRA) e todas as iniciativas culturais e sociais que ela mant\u00e9m. <a href=\"https:\/\/www.sabra.org.br\/site\/acoes\/\" target=\"_blank\" rel=\"noopener\">Acesse nosso site!<\/a><\/p>\n<p>&#8211; entre em contato com a gente. E veja quais s\u00e3o as op\u00e7\u00f5es de ajuda na manuten\u00e7\u00e3o de nossas a\u00e7\u00f5es sociais e culturais. Basta acessar nossa p\u00e1gina <a href=\"https:\/\/www.sabra.org.br\/site\/doe-agora\/\" target=\"_blank\" rel=\"noopener\">Doe Agora!<\/a><\/p>\n<p>&#8211; Compartilhe este texto nas suas redes sociais e ajude os seus amigos a tamb\u00e9m dominarem o assunto!<\/p>\n","protected":false},"excerpt":{"rendered":"<p>italiana a \u00f3pera<br \/>\n\u00f3pera<br \/>\n\u00f3peras<br \/>\nm\u00fasica cl\u00e1ssica<br \/>\ndie zauberfl\u00f6te<\/p>\n","protected":false},"author":39,"featured_media":716,"comment_status":"closed","ping_status":"closed","sticky":false,"template":"","format":"standard","meta":{"jetpack_post_was_ever_published":false,"_jetpack_newsletter_access":"","_jetpack_dont_email_post_to_subs":false,"_jetpack_newsletter_tier_id":0,"_jetpack_memberships_contains_paywalled_content":false,"_jetpack_memberships_contains_paid_content":false,"footnotes":""},"categories":[1],"tags":[15,8,16,12,17,11,9],"class_list":["post-742","post","type-post","status-publish","format-standard","has-post-thumbnail","hentry","category-blog-sabra","tag-assistencia-social","tag-canto-coral","tag-musicalizacao-infantil","tag-oficina-musical-sabra","tag-opera","tag-orquestra-sinfonica-de-betim","tag-sociedade-artistica-brasileira"],"yoast_head":"<!-- This site is optimized with the Yoast SEO plugin v27.5 - https:\/\/yoast.com\/product\/yoast-seo-wordpress\/ -->\n<title>\u00d3PERA E CANTO. - SABRA - Sociedade Art\u00edstica Brasileira<\/title>\n<meta name=\"description\" content=\"A \u00f3pera \u00e9 um g\u00eanero teatral que mescla canto, interpreta\u00e7\u00e3o, poesia e m\u00fasica cl\u00e1ssica. \u00c9 uma verdadeira experi\u00eancia alqu\u00edmica!\" \/>\n<meta name=\"robots\" content=\"index, follow, max-snippet:-1, max-image-preview:large, max-video-preview:-1\" \/>\n<link rel=\"canonical\" href=\"https:\/\/www.sabra.org.br\/site\/o-que-e-uma-opera\/\" \/>\n<meta property=\"og:locale\" content=\"pt_BR\" \/>\n<meta property=\"og:type\" content=\"article\" \/>\n<meta property=\"og:title\" content=\"\u00d3PERA E CANTO. - SABRA - Sociedade Art\u00edstica Brasileira\" \/>\n<meta property=\"og:description\" content=\"A \u00f3pera \u00e9 um g\u00eanero teatral que mescla canto, interpreta\u00e7\u00e3o, poesia e m\u00fasica cl\u00e1ssica. \u00c9 uma verdadeira experi\u00eancia alqu\u00edmica!\" \/>\n<meta property=\"og:url\" content=\"https:\/\/www.sabra.org.br\/site\/o-que-e-uma-opera\/\" \/>\n<meta property=\"og:site_name\" content=\"SABRA - Sociedade Art\u00edstica Brasileira\" \/>\n<meta property=\"article:publisher\" content=\"https:\/\/www.facebook.com\/sabrabrasil\" \/>\n<meta property=\"article:published_time\" content=\"2017-10-20T01:30:08+00:00\" \/>\n<meta property=\"article:modified_time\" content=\"2025-04-20T22:12:43+00:00\" \/>\n<meta property=\"og:image\" content=\"https:\/\/www.sabra.org.br\/site\/wp-content\/uploads\/2017\/10\/o-que-e-uma-opera-20170920155615.jpg.jpg\" \/>\n\t<meta property=\"og:image:width\" content=\"800\" \/>\n\t<meta property=\"og:image:height\" content=\"600\" \/>\n\t<meta property=\"og:image:type\" content=\"image\/jpeg\" \/>\n<meta name=\"author\" content=\"M\u00e1rcio Miranda Pontes\" \/>\n<meta name=\"twitter:card\" content=\"summary_large_image\" \/>\n<meta name=\"twitter:creator\" content=\"@ContatoSabra\" \/>\n<meta name=\"twitter:site\" content=\"@ContatoSabra\" \/>\n<meta name=\"twitter:label1\" content=\"Escrito por\" \/>\n\t<meta name=\"twitter:data1\" content=\"M\u00e1rcio Miranda Pontes\" \/>\n\t<meta name=\"twitter:label2\" content=\"Est. tempo de leitura\" \/>\n\t<meta name=\"twitter:data2\" content=\"3 minutos\" \/>\n<script type=\"application\/ld+json\" class=\"yoast-schema-graph\">{\"@context\":\"https:\\\/\\\/schema.org\",\"@graph\":[{\"@type\":\"Article\",\"@id\":\"https:\\\/\\\/www.sabra.org.br\\\/site\\\/o-que-e-uma-opera\\\/#article\",\"isPartOf\":{\"@id\":\"https:\\\/\\\/www.sabra.org.br\\\/site\\\/o-que-e-uma-opera\\\/\"},\"author\":{\"name\":\"M\u00e1rcio Miranda Pontes\",\"@id\":\"https:\\\/\\\/www.sabra.org.br\\\/site\\\/#\\\/schema\\\/person\\\/7d1d222c3c8891d4c37c7b41bf6315c2\"},\"headline\":\"\u00d3PERA E CANTO.\",\"datePublished\":\"2017-10-20T01:30:08+00:00\",\"dateModified\":\"2025-04-20T22:12:43+00:00\",\"mainEntityOfPage\":{\"@id\":\"https:\\\/\\\/www.sabra.org.br\\\/site\\\/o-que-e-uma-opera\\\/\"},\"wordCount\":693,\"publisher\":{\"@id\":\"https:\\\/\\\/www.sabra.org.br\\\/site\\\/#organization\"},\"image\":{\"@id\":\"https:\\\/\\\/www.sabra.org.br\\\/site\\\/o-que-e-uma-opera\\\/#primaryimage\"},\"thumbnailUrl\":\"https:\\\/\\\/www.sabra.org.br\\\/site\\\/wp-content\\\/uploads\\\/2017\\\/10\\\/o-que-e-uma-opera-20170920155615.jpg.jpg\",\"keywords\":[\"Assist\u00eancia social\",\"Canto Coral\",\"Musicaliza\u00e7\u00e3o Infantil\",\"Oficina Musical SABRA\",\"\u00d3pera\",\"Orquestra Sinf\u00f4nica de Betim\",\"Sociedade Art\u00edstica Brasileira\"],\"articleSection\":[\"Blog SABRA\"],\"inLanguage\":\"pt-BR\"},{\"@type\":\"WebPage\",\"@id\":\"https:\\\/\\\/www.sabra.org.br\\\/site\\\/o-que-e-uma-opera\\\/\",\"url\":\"https:\\\/\\\/www.sabra.org.br\\\/site\\\/o-que-e-uma-opera\\\/\",\"name\":\"\u00d3PERA E CANTO. - SABRA - Sociedade Art\u00edstica Brasileira\",\"isPartOf\":{\"@id\":\"https:\\\/\\\/www.sabra.org.br\\\/site\\\/#website\"},\"primaryImageOfPage\":{\"@id\":\"https:\\\/\\\/www.sabra.org.br\\\/site\\\/o-que-e-uma-opera\\\/#primaryimage\"},\"image\":{\"@id\":\"https:\\\/\\\/www.sabra.org.br\\\/site\\\/o-que-e-uma-opera\\\/#primaryimage\"},\"thumbnailUrl\":\"https:\\\/\\\/www.sabra.org.br\\\/site\\\/wp-content\\\/uploads\\\/2017\\\/10\\\/o-que-e-uma-opera-20170920155615.jpg.jpg\",\"datePublished\":\"2017-10-20T01:30:08+00:00\",\"dateModified\":\"2025-04-20T22:12:43+00:00\",\"description\":\"A \u00f3pera \u00e9 um g\u00eanero teatral que mescla canto, interpreta\u00e7\u00e3o, poesia e m\u00fasica cl\u00e1ssica. \u00c9 uma verdadeira experi\u00eancia alqu\u00edmica!\",\"breadcrumb\":{\"@id\":\"https:\\\/\\\/www.sabra.org.br\\\/site\\\/o-que-e-uma-opera\\\/#breadcrumb\"},\"inLanguage\":\"pt-BR\",\"potentialAction\":[{\"@type\":\"ReadAction\",\"target\":[\"https:\\\/\\\/www.sabra.org.br\\\/site\\\/o-que-e-uma-opera\\\/\"]}]},{\"@type\":\"ImageObject\",\"inLanguage\":\"pt-BR\",\"@id\":\"https:\\\/\\\/www.sabra.org.br\\\/site\\\/o-que-e-uma-opera\\\/#primaryimage\",\"url\":\"https:\\\/\\\/www.sabra.org.br\\\/site\\\/wp-content\\\/uploads\\\/2017\\\/10\\\/o-que-e-uma-opera-20170920155615.jpg.jpg\",\"contentUrl\":\"https:\\\/\\\/www.sabra.org.br\\\/site\\\/wp-content\\\/uploads\\\/2017\\\/10\\\/o-que-e-uma-opera-20170920155615.jpg.jpg\",\"width\":800,\"height\":600,\"caption\":\"Sociedade Art\u00edstica Brasileira\"},{\"@type\":\"BreadcrumbList\",\"@id\":\"https:\\\/\\\/www.sabra.org.br\\\/site\\\/o-que-e-uma-opera\\\/#breadcrumb\",\"itemListElement\":[{\"@type\":\"ListItem\",\"position\":1,\"name\":\"In\u00edcio\",\"item\":\"https:\\\/\\\/www.sabra.org.br\\\/site\\\/\"},{\"@type\":\"ListItem\",\"position\":2,\"name\":\"\u00d3PERA E CANTO.\"}]},{\"@type\":\"WebSite\",\"@id\":\"https:\\\/\\\/www.sabra.org.br\\\/site\\\/#website\",\"url\":\"https:\\\/\\\/www.sabra.org.br\\\/site\\\/\",\"name\":\"SABRA - Sociedade Art\u00edstica Brasileira\",\"description\":\"Escola de M\u00fasica, Orquestra Sinf\u00f4nica, Coral e Patrim\u00f4nio Cultural e Hist\u00f3rico\",\"publisher\":{\"@id\":\"https:\\\/\\\/www.sabra.org.br\\\/site\\\/#organization\"},\"potentialAction\":[{\"@type\":\"SearchAction\",\"target\":{\"@type\":\"EntryPoint\",\"urlTemplate\":\"https:\\\/\\\/www.sabra.org.br\\\/site\\\/?s={search_term_string}\"},\"query-input\":{\"@type\":\"PropertyValueSpecification\",\"valueRequired\":true,\"valueName\":\"search_term_string\"}}],\"inLanguage\":\"pt-BR\"},{\"@type\":\"Organization\",\"@id\":\"https:\\\/\\\/www.sabra.org.br\\\/site\\\/#organization\",\"name\":\"SOCIEDADE ART\u00cdSTICA BRASILEIRA SABRA\",\"alternateName\":\"SABRA\",\"url\":\"https:\\\/\\\/www.sabra.org.br\\\/site\\\/\",\"logo\":{\"@type\":\"ImageObject\",\"inLanguage\":\"pt-BR\",\"@id\":\"https:\\\/\\\/www.sabra.org.br\\\/site\\\/#\\\/schema\\\/logo\\\/image\\\/\",\"url\":\"https:\\\/\\\/www.sabra.org.br\\\/site\\\/wp-content\\\/uploads\\\/2019\\\/06\\\/cropped-Logo_SABRA-Copia-1.webp\",\"contentUrl\":\"https:\\\/\\\/www.sabra.org.br\\\/site\\\/wp-content\\\/uploads\\\/2019\\\/06\\\/cropped-Logo_SABRA-Copia-1.webp\",\"width\":400,\"height\":128,\"caption\":\"SOCIEDADE ART\u00cdSTICA BRASILEIRA SABRA\"},\"image\":{\"@id\":\"https:\\\/\\\/www.sabra.org.br\\\/site\\\/#\\\/schema\\\/logo\\\/image\\\/\"},\"sameAs\":[\"https:\\\/\\\/www.facebook.com\\\/sabrabrasil\",\"https:\\\/\\\/x.com\\\/ContatoSabra\",\"https:\\\/\\\/www.instagram.com\\\/sabrabrasil\\\/\",\"https:\\\/\\\/www.linkedin.com\\\/company\\\/25002088\\\/\",\"https:\\\/\\\/br.pinterest.com\\\/sociedadeartisticabrasileira\\\/\",\"https:\\\/\\\/www.youtube.com\\\/c\\\/sabrabrasil\"]},{\"@type\":\"Person\",\"@id\":\"https:\\\/\\\/www.sabra.org.br\\\/site\\\/#\\\/schema\\\/person\\\/7d1d222c3c8891d4c37c7b41bf6315c2\",\"name\":\"M\u00e1rcio Miranda Pontes\",\"image\":{\"@type\":\"ImageObject\",\"inLanguage\":\"pt-BR\",\"@id\":\"https:\\\/\\\/secure.gravatar.com\\\/avatar\\\/3b45f24496a7625a3a6c436688fbe20344faaeb2979658dc4a9921f984d7df9a?s=96&d=mm&r=g\",\"url\":\"https:\\\/\\\/secure.gravatar.com\\\/avatar\\\/3b45f24496a7625a3a6c436688fbe20344faaeb2979658dc4a9921f984d7df9a?s=96&d=mm&r=g\",\"contentUrl\":\"https:\\\/\\\/secure.gravatar.com\\\/avatar\\\/3b45f24496a7625a3a6c436688fbe20344faaeb2979658dc4a9921f984d7df9a?s=96&d=mm&r=g\",\"caption\":\"M\u00e1rcio Miranda Pontes\"},\"sameAs\":[\"http:\\\/\\\/www.sabra.org.br\"],\"url\":\"https:\\\/\\\/www.sabra.org.br\\\/site\\\/author\\\/marcio-miranda-pontes\\\/\"}]}<\/script>\n<!-- \/ Yoast SEO plugin. -->","yoast_head_json":{"title":"\u00d3PERA E CANTO. - SABRA - Sociedade Art\u00edstica Brasileira","description":"A \u00f3pera \u00e9 um g\u00eanero teatral que mescla canto, interpreta\u00e7\u00e3o, poesia e m\u00fasica cl\u00e1ssica. \u00c9 uma verdadeira experi\u00eancia alqu\u00edmica!","robots":{"index":"index","follow":"follow","max-snippet":"max-snippet:-1","max-image-preview":"max-image-preview:large","max-video-preview":"max-video-preview:-1"},"canonical":"https:\/\/www.sabra.org.br\/site\/o-que-e-uma-opera\/","og_locale":"pt_BR","og_type":"article","og_title":"\u00d3PERA E CANTO. - SABRA - Sociedade Art\u00edstica Brasileira","og_description":"A \u00f3pera \u00e9 um g\u00eanero teatral que mescla canto, interpreta\u00e7\u00e3o, poesia e m\u00fasica cl\u00e1ssica. \u00c9 uma verdadeira experi\u00eancia alqu\u00edmica!","og_url":"https:\/\/www.sabra.org.br\/site\/o-que-e-uma-opera\/","og_site_name":"SABRA - Sociedade Art\u00edstica Brasileira","article_publisher":"https:\/\/www.facebook.com\/sabrabrasil","article_published_time":"2017-10-20T01:30:08+00:00","article_modified_time":"2025-04-20T22:12:43+00:00","og_image":[{"width":800,"height":600,"url":"https:\/\/www.sabra.org.br\/site\/wp-content\/uploads\/2017\/10\/o-que-e-uma-opera-20170920155615.jpg.jpg","type":"image\/jpeg"}],"author":"M\u00e1rcio Miranda Pontes","twitter_card":"summary_large_image","twitter_creator":"@ContatoSabra","twitter_site":"@ContatoSabra","twitter_misc":{"Escrito por":"M\u00e1rcio Miranda Pontes","Est. tempo de leitura":"3 minutos"},"schema":{"@context":"https:\/\/schema.org","@graph":[{"@type":"Article","@id":"https:\/\/www.sabra.org.br\/site\/o-que-e-uma-opera\/#article","isPartOf":{"@id":"https:\/\/www.sabra.org.br\/site\/o-que-e-uma-opera\/"},"author":{"name":"M\u00e1rcio Miranda Pontes","@id":"https:\/\/www.sabra.org.br\/site\/#\/schema\/person\/7d1d222c3c8891d4c37c7b41bf6315c2"},"headline":"\u00d3PERA E CANTO.","datePublished":"2017-10-20T01:30:08+00:00","dateModified":"2025-04-20T22:12:43+00:00","mainEntityOfPage":{"@id":"https:\/\/www.sabra.org.br\/site\/o-que-e-uma-opera\/"},"wordCount":693,"publisher":{"@id":"https:\/\/www.sabra.org.br\/site\/#organization"},"image":{"@id":"https:\/\/www.sabra.org.br\/site\/o-que-e-uma-opera\/#primaryimage"},"thumbnailUrl":"https:\/\/www.sabra.org.br\/site\/wp-content\/uploads\/2017\/10\/o-que-e-uma-opera-20170920155615.jpg.jpg","keywords":["Assist\u00eancia social","Canto Coral","Musicaliza\u00e7\u00e3o Infantil","Oficina Musical SABRA","\u00d3pera","Orquestra Sinf\u00f4nica de Betim","Sociedade Art\u00edstica Brasileira"],"articleSection":["Blog SABRA"],"inLanguage":"pt-BR"},{"@type":"WebPage","@id":"https:\/\/www.sabra.org.br\/site\/o-que-e-uma-opera\/","url":"https:\/\/www.sabra.org.br\/site\/o-que-e-uma-opera\/","name":"\u00d3PERA E CANTO. - SABRA - Sociedade Art\u00edstica Brasileira","isPartOf":{"@id":"https:\/\/www.sabra.org.br\/site\/#website"},"primaryImageOfPage":{"@id":"https:\/\/www.sabra.org.br\/site\/o-que-e-uma-opera\/#primaryimage"},"image":{"@id":"https:\/\/www.sabra.org.br\/site\/o-que-e-uma-opera\/#primaryimage"},"thumbnailUrl":"https:\/\/www.sabra.org.br\/site\/wp-content\/uploads\/2017\/10\/o-que-e-uma-opera-20170920155615.jpg.jpg","datePublished":"2017-10-20T01:30:08+00:00","dateModified":"2025-04-20T22:12:43+00:00","description":"A \u00f3pera \u00e9 um g\u00eanero teatral que mescla canto, interpreta\u00e7\u00e3o, poesia e m\u00fasica cl\u00e1ssica. \u00c9 uma verdadeira experi\u00eancia alqu\u00edmica!","breadcrumb":{"@id":"https:\/\/www.sabra.org.br\/site\/o-que-e-uma-opera\/#breadcrumb"},"inLanguage":"pt-BR","potentialAction":[{"@type":"ReadAction","target":["https:\/\/www.sabra.org.br\/site\/o-que-e-uma-opera\/"]}]},{"@type":"ImageObject","inLanguage":"pt-BR","@id":"https:\/\/www.sabra.org.br\/site\/o-que-e-uma-opera\/#primaryimage","url":"https:\/\/www.sabra.org.br\/site\/wp-content\/uploads\/2017\/10\/o-que-e-uma-opera-20170920155615.jpg.jpg","contentUrl":"https:\/\/www.sabra.org.br\/site\/wp-content\/uploads\/2017\/10\/o-que-e-uma-opera-20170920155615.jpg.jpg","width":800,"height":600,"caption":"Sociedade Art\u00edstica Brasileira"},{"@type":"BreadcrumbList","@id":"https:\/\/www.sabra.org.br\/site\/o-que-e-uma-opera\/#breadcrumb","itemListElement":[{"@type":"ListItem","position":1,"name":"In\u00edcio","item":"https:\/\/www.sabra.org.br\/site\/"},{"@type":"ListItem","position":2,"name":"\u00d3PERA E CANTO."}]},{"@type":"WebSite","@id":"https:\/\/www.sabra.org.br\/site\/#website","url":"https:\/\/www.sabra.org.br\/site\/","name":"SABRA - Sociedade Art\u00edstica Brasileira","description":"Escola de M\u00fasica, Orquestra Sinf\u00f4nica, Coral e Patrim\u00f4nio Cultural e Hist\u00f3rico","publisher":{"@id":"https:\/\/www.sabra.org.br\/site\/#organization"},"potentialAction":[{"@type":"SearchAction","target":{"@type":"EntryPoint","urlTemplate":"https:\/\/www.sabra.org.br\/site\/?s={search_term_string}"},"query-input":{"@type":"PropertyValueSpecification","valueRequired":true,"valueName":"search_term_string"}}],"inLanguage":"pt-BR"},{"@type":"Organization","@id":"https:\/\/www.sabra.org.br\/site\/#organization","name":"SOCIEDADE ART\u00cdSTICA BRASILEIRA SABRA","alternateName":"SABRA","url":"https:\/\/www.sabra.org.br\/site\/","logo":{"@type":"ImageObject","inLanguage":"pt-BR","@id":"https:\/\/www.sabra.org.br\/site\/#\/schema\/logo\/image\/","url":"https:\/\/www.sabra.org.br\/site\/wp-content\/uploads\/2019\/06\/cropped-Logo_SABRA-Copia-1.webp","contentUrl":"https:\/\/www.sabra.org.br\/site\/wp-content\/uploads\/2019\/06\/cropped-Logo_SABRA-Copia-1.webp","width":400,"height":128,"caption":"SOCIEDADE ART\u00cdSTICA BRASILEIRA SABRA"},"image":{"@id":"https:\/\/www.sabra.org.br\/site\/#\/schema\/logo\/image\/"},"sameAs":["https:\/\/www.facebook.com\/sabrabrasil","https:\/\/x.com\/ContatoSabra","https:\/\/www.instagram.com\/sabrabrasil\/","https:\/\/www.linkedin.com\/company\/25002088\/","https:\/\/br.pinterest.com\/sociedadeartisticabrasileira\/","https:\/\/www.youtube.com\/c\/sabrabrasil"]},{"@type":"Person","@id":"https:\/\/www.sabra.org.br\/site\/#\/schema\/person\/7d1d222c3c8891d4c37c7b41bf6315c2","name":"M\u00e1rcio Miranda Pontes","image":{"@type":"ImageObject","inLanguage":"pt-BR","@id":"https:\/\/secure.gravatar.com\/avatar\/3b45f24496a7625a3a6c436688fbe20344faaeb2979658dc4a9921f984d7df9a?s=96&d=mm&r=g","url":"https:\/\/secure.gravatar.com\/avatar\/3b45f24496a7625a3a6c436688fbe20344faaeb2979658dc4a9921f984d7df9a?s=96&d=mm&r=g","contentUrl":"https:\/\/secure.gravatar.com\/avatar\/3b45f24496a7625a3a6c436688fbe20344faaeb2979658dc4a9921f984d7df9a?s=96&d=mm&r=g","caption":"M\u00e1rcio Miranda Pontes"},"sameAs":["http:\/\/www.sabra.org.br"],"url":"https:\/\/www.sabra.org.br\/site\/author\/marcio-miranda-pontes\/"}]}},"jetpack_featured_media_url":"https:\/\/www.sabra.org.br\/site\/wp-content\/uploads\/2017\/10\/o-que-e-uma-opera-20170920155615.jpg.jpg","jetpack_shortlink":"https:\/\/wp.me\/p95j2Z-bY","jetpack-related-posts":[{"id":7397,"url":"https:\/\/www.sabra.org.br\/site\/opera-classica\/","url_meta":{"origin":742,"position":0},"title":"A \u00f3pera e a m\u00fasica cl\u00e1ssica","author":"M\u00e1rcio Miranda Pontes","date":"22 de junho de 2023","format":false,"excerpt":"\u00d3pera e m\u00fasica cl\u00e1ssica: uma sinergia transcendente. Explore a evolu\u00e7\u00e3o desses g\u00eaneros e sua influ\u00eancia nos dias de hoje. Descubra como a majestade e a beleza da \u00f3pera e da m\u00fasica cl\u00e1ssica continuam a encantar e inspirar o p\u00fablico contempor\u00e2neo.","rel":"","context":"Em &quot;Blog SABRA&quot;","block_context":{"text":"Blog SABRA","link":"https:\/\/www.sabra.org.br\/site\/category\/blog-sabra\/"},"img":{"alt_text":"m\u00fasica-cl\u00e1ssica-\u00f3pera-arta-cultura-g\u00eanero-hist\u00f3ria-composi\u00e7\u00f5es-sabra","src":"https:\/\/i0.wp.com\/www.sabra.org.br\/site\/wp-content\/uploads\/2023\/06\/a-opera-e-a-musica-classicajpg-20230522113605.jpg-jpg.webp?resize=350%2C200&ssl=1","width":350,"height":200,"srcset":"https:\/\/i0.wp.com\/www.sabra.org.br\/site\/wp-content\/uploads\/2023\/06\/a-opera-e-a-musica-classicajpg-20230522113605.jpg-jpg.webp?resize=350%2C200&ssl=1 1x, https:\/\/i0.wp.com\/www.sabra.org.br\/site\/wp-content\/uploads\/2023\/06\/a-opera-e-a-musica-classicajpg-20230522113605.jpg-jpg.webp?resize=525%2C300&ssl=1 1.5x, https:\/\/i0.wp.com\/www.sabra.org.br\/site\/wp-content\/uploads\/2023\/06\/a-opera-e-a-musica-classicajpg-20230522113605.jpg-jpg.webp?resize=700%2C400&ssl=1 2x"},"classes":[]},{"id":3175,"url":"https:\/\/www.sabra.org.br\/site\/musica-lirica\/","url_meta":{"origin":742,"position":1},"title":"M\u00fasica l\u00edrica","author":"M\u00e1rcio Miranda Pontes","date":"17 de outubro de 2020","format":false,"excerpt":"Voc\u00ea sabe o que \u00e9 canto l\u00edrico? Esse estilo de m\u00fasica cl\u00e1ssica est\u00e1 muito associado \u00e0 poesia medieval e principalmente \u00e0s \u00f3peras. Quer conhecer um pouquinho mais? Ent\u00e3o clica nesse texto e vem se encantar com a gente!","rel":"","context":"Em &quot;Blog SABRA&quot;","block_context":{"text":"Blog SABRA","link":"https:\/\/www.sabra.org.br\/site\/category\/blog-sabra\/"},"img":{"alt_text":"musica-lirica","src":"https:\/\/i0.wp.com\/www.sabra.org.br\/site\/wp-content\/uploads\/2020\/10\/as-principais-caracteristicas-da-musica-lirica-20201001161911.jpg.jpg?resize=350%2C200&ssl=1","width":350,"height":200,"srcset":"https:\/\/i0.wp.com\/www.sabra.org.br\/site\/wp-content\/uploads\/2020\/10\/as-principais-caracteristicas-da-musica-lirica-20201001161911.jpg.jpg?resize=350%2C200&ssl=1 1x, https:\/\/i0.wp.com\/www.sabra.org.br\/site\/wp-content\/uploads\/2020\/10\/as-principais-caracteristicas-da-musica-lirica-20201001161911.jpg.jpg?resize=525%2C300&ssl=1 1.5x, https:\/\/i0.wp.com\/www.sabra.org.br\/site\/wp-content\/uploads\/2020\/10\/as-principais-caracteristicas-da-musica-lirica-20201001161911.jpg.jpg?resize=700%2C400&ssl=1 2x"},"classes":[]},{"id":4724,"url":"https:\/\/www.sabra.org.br\/site\/cantores-liricos\/","url_meta":{"origin":742,"position":2},"title":"Cantores l\u00edricos que voc\u00ea precisa conhecer","author":"M\u00e1rcio Miranda Pontes","date":"18 de fevereiro de 2022","format":false,"excerpt":"A m\u00fasica erudita possui diversos cantores l\u00edricos reconhecidos mundialmente. Ainda que voc\u00ea n\u00e3o seja um profundo entendedor do g\u00eanero, \u00e9 prov\u00e1vel que alguns deles estejam na sua lista mental de grandes artistas. Duvida? Ent\u00e3o, confira conosco!","rel":"","context":"Em &quot;Blog SABRA&quot;","block_context":{"text":"Blog SABRA","link":"https:\/\/www.sabra.org.br\/site\/category\/blog-sabra\/"},"img":{"alt_text":"l\u00edrico-canto-cantores","src":"https:\/\/i0.wp.com\/www.sabra.org.br\/site\/wp-content\/uploads\/2022\/02\/x-cantores-liricos-que-voce-precisa-conhecer-20220208141739.jpg.jpg?resize=350%2C200&ssl=1","width":350,"height":200,"srcset":"https:\/\/i0.wp.com\/www.sabra.org.br\/site\/wp-content\/uploads\/2022\/02\/x-cantores-liricos-que-voce-precisa-conhecer-20220208141739.jpg.jpg?resize=350%2C200&ssl=1 1x, https:\/\/i0.wp.com\/www.sabra.org.br\/site\/wp-content\/uploads\/2022\/02\/x-cantores-liricos-que-voce-precisa-conhecer-20220208141739.jpg.jpg?resize=525%2C300&ssl=1 1.5x, https:\/\/i0.wp.com\/www.sabra.org.br\/site\/wp-content\/uploads\/2022\/02\/x-cantores-liricos-que-voce-precisa-conhecer-20220208141739.jpg.jpg?resize=700%2C400&ssl=1 2x, https:\/\/i0.wp.com\/www.sabra.org.br\/site\/wp-content\/uploads\/2022\/02\/x-cantores-liricos-que-voce-precisa-conhecer-20220208141739.jpg.jpg?resize=1050%2C600&ssl=1 3x, https:\/\/i0.wp.com\/www.sabra.org.br\/site\/wp-content\/uploads\/2022\/02\/x-cantores-liricos-que-voce-precisa-conhecer-20220208141739.jpg.jpg?resize=1400%2C800&ssl=1 4x"},"classes":[]},{"id":5008,"url":"https:\/\/www.sabra.org.br\/site\/soprano\/","url_meta":{"origin":742,"position":3},"title":"Caracter\u00edsticas da voz soprano","author":"M\u00e1rcio Miranda Pontes","date":"25 de abril de 2022","format":false,"excerpt":"Soprano \u00e9 a classifica\u00e7\u00e3o vocal feminina mais aguda. Apesar de n\u00e3o ser t\u00e3o comum na m\u00fasica popular, ela \u00e9 destaque no teatro e na \u00f3pera. Leia o texto para conhecer melhor essa voz.","rel":"","context":"Em &quot;Blog SABRA&quot;","block_context":{"text":"Blog SABRA","link":"https:\/\/www.sabra.org.br\/site\/category\/blog-sabra\/"},"img":{"alt_text":"soprano-voz-classifica\u00e7\u00f5es-aguda","src":"https:\/\/i0.wp.com\/www.sabra.org.br\/site\/wp-content\/uploads\/2022\/04\/x-caracteristicas-da-voz-da-soprano-20211111161807.jpg.jpg?resize=350%2C200&ssl=1","width":350,"height":200,"srcset":"https:\/\/i0.wp.com\/www.sabra.org.br\/site\/wp-content\/uploads\/2022\/04\/x-caracteristicas-da-voz-da-soprano-20211111161807.jpg.jpg?resize=350%2C200&ssl=1 1x, https:\/\/i0.wp.com\/www.sabra.org.br\/site\/wp-content\/uploads\/2022\/04\/x-caracteristicas-da-voz-da-soprano-20211111161807.jpg.jpg?resize=525%2C300&ssl=1 1.5x, https:\/\/i0.wp.com\/www.sabra.org.br\/site\/wp-content\/uploads\/2022\/04\/x-caracteristicas-da-voz-da-soprano-20211111161807.jpg.jpg?resize=700%2C400&ssl=1 2x"},"classes":[]},{"id":1429,"url":"https:\/\/www.sabra.org.br\/site\/curiosidades-do-teatro-musical\/","url_meta":{"origin":742,"position":4},"title":"Teatro musical &#8211; curiosidades","author":"M\u00e1rcio Miranda Pontes","date":"23 de agosto de 2018","format":false,"excerpt":"O teatro \u00e9 conhecido em grande medida pela sua natureza de arte dram\u00e1tica. Talvez por isso quando essa forma de espet\u00e1culo vem \u00e0 nossa mente n\u00e3o costumamos associ\u00e1-la de forma expressiva \u00e0 m\u00fasica. Mas voc\u00ea j\u00e1 ouviu falar no teatro musical? Uma defini\u00e7\u00e3o muito breve \u00e9 que o teatro musical\u2026","rel":"","context":"Em &quot;Blog SABRA&quot;","block_context":{"text":"Blog SABRA","link":"https:\/\/www.sabra.org.br\/site\/category\/blog-sabra\/"},"img":{"alt_text":"Teatro Musical","src":"https:\/\/i0.wp.com\/www.sabra.org.br\/site\/wp-content\/uploads\/2018\/08\/x-curiosidades-do-teatro-musical-20180417140635.jpg.jpg?resize=350%2C200&ssl=1","width":350,"height":200,"srcset":"https:\/\/i0.wp.com\/www.sabra.org.br\/site\/wp-content\/uploads\/2018\/08\/x-curiosidades-do-teatro-musical-20180417140635.jpg.jpg?resize=350%2C200&ssl=1 1x, https:\/\/i0.wp.com\/www.sabra.org.br\/site\/wp-content\/uploads\/2018\/08\/x-curiosidades-do-teatro-musical-20180417140635.jpg.jpg?resize=525%2C300&ssl=1 1.5x"},"classes":[]},{"id":4958,"url":"https:\/\/www.sabra.org.br\/site\/contratenor\/","url_meta":{"origin":742,"position":5},"title":"O que \u00e9 contratenor?","author":"M\u00e1rcio Miranda Pontes","date":"7 de abril de 2022","format":false,"excerpt":"Dos v\u00e1rios tipos de voz, o contratenor \u00e9 um dos mais raros. Leia o nosso texto para entender melhor esse timbre de voz masculino capaz de emular as vozes femininas.","rel":"","context":"Em &quot;Blog SABRA&quot;","block_context":{"text":"Blog SABRA","link":"https:\/\/www.sabra.org.br\/site\/category\/blog-sabra\/"},"img":{"alt_text":"contratenor-voz-castrati","src":"https:\/\/i0.wp.com\/www.sabra.org.br\/site\/wp-content\/uploads\/2022\/04\/o-que-e-contratenor-20211111161807.jpg.jpg?resize=350%2C200&ssl=1","width":350,"height":200,"srcset":"https:\/\/i0.wp.com\/www.sabra.org.br\/site\/wp-content\/uploads\/2022\/04\/o-que-e-contratenor-20211111161807.jpg.jpg?resize=350%2C200&ssl=1 1x, https:\/\/i0.wp.com\/www.sabra.org.br\/site\/wp-content\/uploads\/2022\/04\/o-que-e-contratenor-20211111161807.jpg.jpg?resize=525%2C300&ssl=1 1.5x, https:\/\/i0.wp.com\/www.sabra.org.br\/site\/wp-content\/uploads\/2022\/04\/o-que-e-contratenor-20211111161807.jpg.jpg?resize=700%2C400&ssl=1 2x"},"classes":[]}],"jetpack_likes_enabled":true,"jetpack_sharing_enabled":true,"_links":{"self":[{"href":"https:\/\/www.sabra.org.br\/site\/wp-json\/wp\/v2\/posts\/742","targetHints":{"allow":["GET"]}}],"collection":[{"href":"https:\/\/www.sabra.org.br\/site\/wp-json\/wp\/v2\/posts"}],"about":[{"href":"https:\/\/www.sabra.org.br\/site\/wp-json\/wp\/v2\/types\/post"}],"author":[{"embeddable":true,"href":"https:\/\/www.sabra.org.br\/site\/wp-json\/wp\/v2\/users\/39"}],"replies":[{"embeddable":true,"href":"https:\/\/www.sabra.org.br\/site\/wp-json\/wp\/v2\/comments?post=742"}],"version-history":[{"count":0,"href":"https:\/\/www.sabra.org.br\/site\/wp-json\/wp\/v2\/posts\/742\/revisions"}],"wp:featuredmedia":[{"embeddable":true,"href":"https:\/\/www.sabra.org.br\/site\/wp-json\/wp\/v2\/media\/716"}],"wp:attachment":[{"href":"https:\/\/www.sabra.org.br\/site\/wp-json\/wp\/v2\/media?parent=742"}],"wp:term":[{"taxonomy":"category","embeddable":true,"href":"https:\/\/www.sabra.org.br\/site\/wp-json\/wp\/v2\/categories?post=742"},{"taxonomy":"post_tag","embeddable":true,"href":"https:\/\/www.sabra.org.br\/site\/wp-json\/wp\/v2\/tags?post=742"}],"curies":[{"name":"wp","href":"https:\/\/api.w.org\/{rel}","templated":true}]}}