{"id":7709,"date":"2023-08-23T08:39:39","date_gmt":"2023-08-23T11:39:39","guid":{"rendered":"https:\/\/www.sabra.org.br\/site\/?p=7709"},"modified":"2025-04-18T11:18:56","modified_gmt":"2025-04-18T14:18:56","slug":"rock-orquestra-2","status":"publish","type":"post","link":"https:\/\/www.sabra.org.br\/site\/rock-orquestra-2\/","title":{"rendered":"Voc\u00ea sabe como o rock pode ser utilizado em orquestras?"},"content":{"rendered":"<p>Conhecidos como \u201ccrossovers\u201d, orquestras tocando com bandas de rock ou apresentando uma can\u00e7\u00e3o de rock sem um maestro s\u00e3o elementos de um movimento musical que tem crescido muito nos \u00faltimos trinta anos: o rock sinf\u00f4nico tocado por uma orquestra rock.<\/p>\n<p>Tradicionalmente, o rock sinf\u00f4nico \u00e9 executado por m\u00fasicos com forma\u00e7\u00e3o erudita que incorporam estilos e criam uma sonoridade diferenciada, tocando cl\u00e1ssicos do rock e misturando essa sonoridade com a m\u00fasica cl\u00e1ssica tradicional.<\/p>\n<p>No artigo a seguir, apresentaremos melhor o conceito de orquestras tocando Rock\u2019n\u2019Roll e como esse estilo musical pode ser utilizado em um concerto orquestrado. Boa leitura!<\/p>\n<h2>Muito al\u00e9m dos cl\u00e1ssicos<\/h2>\n<p>Enquanto Mozart, Bach e Schubert certamente possuem seu espa\u00e7o na m\u00fasica orquestrada, o trabalho de bandas e artistas de rock tamb\u00e9m tem sido adotado por orquestras do mundo inteiro, seja em apresenta\u00e7\u00f5es especiais ou em orquestras inteiramente dedicadas ao estilo musical. Ent\u00e3o, n\u00e3o se espante ao ir a um concerto e se deparar com can\u00e7\u00f5es do Queen, David Bowie ou The Beatles.<\/p>\n<p>Apesar de n\u00e3o ser t\u00e3o popular no Brasil, as apresenta\u00e7\u00f5es de orquestras executando composi\u00e7\u00f5es de rock tem se tornado cada vez mais populares no mundo inteiro, especialmente nos Estados Unidos, Canad\u00e1, Jap\u00e3o e Europa.<\/p>\n<p>\u00c9 esperado que esses grupos de m\u00fasicos possuam treinamento cl\u00e1ssico e n\u00e3o sejam conduzidos por um maestro. Al\u00e9m disso, a estrutura das se\u00e7\u00f5es e os tipos de instrumentos da orquestra rock tamb\u00e9m apresentam diferen\u00e7as em rela\u00e7\u00e3o a uma orquestra que executa exclusivamente composi\u00e7\u00f5es cl\u00e1ssicas.<\/p>\n<h2>Diferen\u00e7as estruturais<\/h2>\n<p>Em primeiro lugar, orquestras rock geralmente possuem uma menor quantidade de membros do que uma orquestra sinf\u00f4nica tradicional. Isso ocorre, principalmente, porque os arranjos s\u00e3o adaptados de composi\u00e7\u00f5es que utilizam notas de poucos instrumentos. Assim, n\u00e3o existe a necessidade de muitos m\u00fasicos.<\/p>\n<p>Outra diferen\u00e7a \u00e9 que a aus\u00eancia de um maestro faz com que as orquestras que executam composi\u00e7\u00f5es de rock tenham um estilo mais livre, muitas vezes sem uma partitura de refer\u00eancia.<\/p>\n<p>Como \u00e9 esperado que a apresenta\u00e7\u00e3o tenha uma sonoridade cl\u00e1ssica com toques de rock, outros instrumentos incomuns s\u00e3o adicionados \u00e0s se\u00e7\u00f5es de cordas, instrumentos de sopro de madeiras e metais, como um naipe de saxofones e uma se\u00e7\u00e3o com os instrumentos musicais tradicionalmente usados no rock, como guitarras, baixos, bateria e piano.<\/p>\n<h2>Como utilizar rock em orquestras<\/h2>\n<p>Se formos avaliar como o rock sinf\u00f4nico vem sendo executado atualmente, as orquestras t\u00eam entre dez e quarenta pessoas, todas com treinamento cl\u00e1ssico e amor ao rock. Esse tipo de estrutura de orquestra tem uma sonoridade mais suja do que a m\u00fasica erudita tradicional \u2014 n\u00e3o que isso seja ruim, esta \u00e9 uma parte importante do rock \u2014, o que cria um impacto muitas vezes superior \u00e0s performances originais.<\/p>\n<p>No entanto, \u00e9 importante n\u00e3o depender demais de instrumentos de rock nos arranjos. Afinal, \u00e9 preciso criar um som que tenha a \u201cpimenta\u201d do rock, e n\u00e3o uma orquestra com 15 baixos, 15 guitarras e duas baterias. Esse \u00e9 um equil\u00edbrio complicado, mas as grandes orquestras rock t\u00eam conseguido resolver essa quest\u00e3o de forma satisfat\u00f3ria, criando um som original e experi\u00eancias grandiosas para o p\u00fablico.<\/p>\n<p>Quer saber mais sobre o assunto? Leia tamb\u00e9m: \u201cBandas de Rock e Orquestras\u201d.<\/p>\n<blockquote class=\"wp-embedded-content\" data-secret=\"sQXCtL5Prq\"><p><a href=\"https:\/\/www.sabra.org.br\/site\/trabalho-2\/\">Trabalho decente: saiba o que \u00e9 e qual a realidade do pa\u00eds<\/a><\/p><\/blockquote>\n<p><iframe class=\"wp-embedded-content\" sandbox=\"allow-scripts\" security=\"restricted\" style=\"position: absolute; visibility: hidden;\" title=\"&#8220;Trabalho decente: saiba o que \u00e9 e qual a realidade do pa\u00eds&#8221; &#8212; SABRA - Sociedade Art\u00edstica Brasileira\" src=\"https:\/\/www.sabra.org.br\/site\/trabalho-2\/embed\/#?secret=wcSe6UrfAx#?secret=sQXCtL5Prq\" data-secret=\"sQXCtL5Prq\" width=\"600\" height=\"338\" frameborder=\"0\" marginwidth=\"0\" marginheight=\"0\" scrolling=\"no\"><\/iframe><\/p>\n<hr \/>\n<h2>Se voc\u00ea gostou deste post:<\/h2>\n<ul>\n<li>SIGA as nossas p\u00e1ginas nas redes sociais para acompanhar as nossas atualiza\u00e7\u00f5es: estamos no <a href=\"https:\/\/www.facebook.com\/sabrabrasil\" target=\"_blank\" rel=\"noopener\">Facebook<\/a>, no <a href=\"https:\/\/www.instagram.com\/sabrabrasil\/\" target=\"_blank\" rel=\"noopener\">Instagram<\/a>, no <a href=\"https:\/\/www.linkedin.com\/company\/25002088\" target=\"_blank\" rel=\"noopener\">LinkedIn<\/a>, no <a href=\"https:\/\/twitter.com\/ContatoSabra\" target=\"_blank\" rel=\"noopener\">Twitter<\/a> e no <a href=\"https:\/\/www.youtube.com\/channel\/UCJw-kbuEvzUNdeQf20Pa-eQ\" target=\"_blank\" rel=\"noopener\">YouTube<\/a>!<\/li>\n<li>CONHE\u00c7A o trabalho da Sociedade Art\u00edstica Brasileira (SABRA) e todas as iniciativas culturais e sociais que ela mant\u00e9m. <a href=\"https:\/\/www.sabra.org.br\/site\/acoes\/\" target=\"_blank\" rel=\"noopener\">Acesse nosso site!<\/a><\/li>\n<li>ENTRE EM CONTATO com a gente. E veja quais s\u00e3o as op\u00e7\u00f5es de ajuda na manuten\u00e7\u00e3o de nossas a\u00e7\u00f5es sociais e culturais. Basta acessar nossa p\u00e1gina <a href=\"https:\/\/www.sabra.org.br\/site\/doe-agora\/\" target=\"_blank\" rel=\"noopener\">Doe Agora!<\/a><\/li>\n<li>COMPARTILHE este texto nas suas redes sociais e ajude os seus amigos a tamb\u00e9m dominarem o assunto!<\/li>\n<\/ul>\n<p>\u2013 Os projetos da @sabrabrasil s\u00e3o realizados com o patroci\u0301nio m\u00e1ster: @institutounimedbh, viabilizado pelo incentivo de mais de 5,3 mil m\u00e9dicos cooperados e colaboradores via Lei de Incentivo \u00e0 Cultura &#8211; @culturagovbr<\/p>\n<blockquote class=\"wp-embedded-content\" data-secret=\"VzHjpq7gpo\"><p><a href=\"https:\/\/www.sabra.org.br\/site\/rock\/\">Voc\u00ea conhece a hist\u00f3ria e surgimento do rock?<\/a><\/p><\/blockquote>\n<p><iframe class=\"wp-embedded-content\" sandbox=\"allow-scripts\" security=\"restricted\" style=\"position: absolute; visibility: hidden;\" title=\"&#8220;Voc\u00ea conhece a hist\u00f3ria e surgimento do rock?&#8221; &#8212; SABRA - Sociedade Art\u00edstica Brasileira\" src=\"https:\/\/www.sabra.org.br\/site\/rock\/embed\/#?secret=5LAj57Cb2X#?secret=VzHjpq7gpo\" data-secret=\"VzHjpq7gpo\" width=\"600\" height=\"338\" frameborder=\"0\" marginwidth=\"0\" marginheight=\"0\" scrolling=\"no\"><\/iframe><br \/>\nConte\u00fado por RedaWeb &#8211; <a href=\"https:\/\/redaweb.com.br\/conteudo\/marketing-de-conteudo\">Marketing de Conte\u00fado<\/a><\/p>\n","protected":false},"excerpt":{"rendered":"<p>Apresentaremos melhor o conceito de orquestras tocando Rock\u2019n\u2019Roll e como esse estilo musical pode ser utilizado em um concerto orquestrado.<\/p>\n","protected":false},"author":39,"featured_media":6884,"comment_status":"closed","ping_status":"closed","sticky":false,"template":"","format":"standard","meta":{"jetpack_post_was_ever_published":false,"_jetpack_newsletter_access":"","_jetpack_dont_email_post_to_subs":false,"_jetpack_newsletter_tier_id":0,"_jetpack_memberships_contains_paywalled_content":false,"_jetpack_memberships_contains_paid_content":false,"footnotes":""},"categories":[1],"tags":[15,2757,3636,3626,3623,8,3629,1285,3628,16,3519,1286,11,3622,9],"class_list":["post-7709","post","type-post","status-publish","format-standard","has-post-thumbnail","hentry","category-blog-sabra","tag-assistencia-social","tag-belo-horizonte","tag-belo-horizonteescola-de-musica-sabra","tag-cabo-frio","tag-campos-dos-goytacazes","tag-canto-coral","tag-contagem","tag-escola-de-musica-sabra","tag-ibirite","tag-musicalizacao-infantil","tag-nova-lima-2","tag-orquestra-infanto-juvenil-de-betim","tag-orquestra-sinfonica-de-betim","tag-raposos","tag-sociedade-artistica-brasileira"],"yoast_head":"<!-- This site is optimized with the Yoast SEO plugin v27.5 - https:\/\/yoast.com\/product\/yoast-seo-wordpress\/ -->\n<title>Voc\u00ea sabe como o rock pode ser utilizado em orquestras? - SABRA - Sociedade Art\u00edstica Brasileira<\/title>\n<meta name=\"description\" content=\"Apresentaremos melhor o conceito de orquestras tocando Rock\u2019n\u2019Roll e como esse estilo musical pode ser utilizado em um concerto orquestrado.\" \/>\n<meta name=\"robots\" content=\"index, follow, max-snippet:-1, max-image-preview:large, max-video-preview:-1\" \/>\n<link rel=\"canonical\" href=\"https:\/\/www.sabra.org.br\/site\/rock-orquestra-2\/\" \/>\n<meta property=\"og:locale\" content=\"pt_BR\" \/>\n<meta property=\"og:type\" content=\"article\" \/>\n<meta property=\"og:title\" content=\"Voc\u00ea sabe como o rock pode ser utilizado em orquestras? - SABRA - Sociedade Art\u00edstica Brasileira\" \/>\n<meta property=\"og:description\" content=\"Apresentaremos melhor o conceito de orquestras tocando Rock\u2019n\u2019Roll e como esse estilo musical pode ser utilizado em um concerto orquestrado.\" \/>\n<meta property=\"og:url\" content=\"https:\/\/www.sabra.org.br\/site\/rock-orquestra-2\/\" \/>\n<meta property=\"og:site_name\" content=\"SABRA - Sociedade Art\u00edstica Brasileira\" \/>\n<meta property=\"article:publisher\" content=\"https:\/\/www.facebook.com\/sabrabrasil\" \/>\n<meta property=\"article:published_time\" content=\"2023-08-23T11:39:39+00:00\" \/>\n<meta property=\"article:modified_time\" content=\"2025-04-18T14:18:56+00:00\" \/>\n<meta property=\"og:image\" content=\"https:\/\/www.sabra.org.br\/site\/wp-content\/uploads\/2023\/04\/Orquestra-resultado-2023.jpg\" \/>\n\t<meta property=\"og:image:width\" content=\"1080\" \/>\n\t<meta property=\"og:image:height\" content=\"1080\" \/>\n\t<meta property=\"og:image:type\" content=\"image\/jpeg\" \/>\n<meta name=\"author\" content=\"M\u00e1rcio Miranda Pontes\" \/>\n<meta name=\"twitter:card\" content=\"summary_large_image\" \/>\n<meta name=\"twitter:creator\" content=\"@ContatoSabra\" \/>\n<meta name=\"twitter:site\" content=\"@ContatoSabra\" \/>\n<meta name=\"twitter:label1\" content=\"Escrito por\" \/>\n\t<meta name=\"twitter:data1\" content=\"M\u00e1rcio Miranda Pontes\" \/>\n\t<meta name=\"twitter:label2\" content=\"Est. tempo de leitura\" \/>\n\t<meta name=\"twitter:data2\" content=\"4 minutos\" \/>\n<script type=\"application\/ld+json\" class=\"yoast-schema-graph\">{\"@context\":\"https:\\\/\\\/schema.org\",\"@graph\":[{\"@type\":\"Article\",\"@id\":\"https:\\\/\\\/www.sabra.org.br\\\/site\\\/rock-orquestra-2\\\/#article\",\"isPartOf\":{\"@id\":\"https:\\\/\\\/www.sabra.org.br\\\/site\\\/rock-orquestra-2\\\/\"},\"author\":{\"name\":\"M\u00e1rcio Miranda Pontes\",\"@id\":\"https:\\\/\\\/www.sabra.org.br\\\/site\\\/#\\\/schema\\\/person\\\/7d1d222c3c8891d4c37c7b41bf6315c2\"},\"headline\":\"Voc\u00ea sabe como o rock pode ser utilizado em orquestras?\",\"datePublished\":\"2023-08-23T11:39:39+00:00\",\"dateModified\":\"2025-04-18T14:18:56+00:00\",\"mainEntityOfPage\":{\"@id\":\"https:\\\/\\\/www.sabra.org.br\\\/site\\\/rock-orquestra-2\\\/\"},\"wordCount\":745,\"publisher\":{\"@id\":\"https:\\\/\\\/www.sabra.org.br\\\/site\\\/#organization\"},\"image\":{\"@id\":\"https:\\\/\\\/www.sabra.org.br\\\/site\\\/rock-orquestra-2\\\/#primaryimage\"},\"thumbnailUrl\":\"https:\\\/\\\/www.sabra.org.br\\\/site\\\/wp-content\\\/uploads\\\/2023\\\/04\\\/Orquestra-resultado-2023-e1765391313729.jpg\",\"keywords\":[\"Assist\u00eancia social\",\"Belo Horizonte\",\"Belo HorizonteEscola de Musica SABRA\",\"Cabo Frio\",\"Campos dos Goytacazes\",\"Canto Coral\",\"Contagem\",\"Escola de Musica SABRA\",\"Ibirit\u00e9\",\"Musicaliza\u00e7\u00e3o Infantil\",\"nova lima\",\"Orquestra Infanto Juvenil de Betim\",\"Orquestra Sinf\u00f4nica de Betim\",\"Raposos\",\"Sociedade Art\u00edstica Brasileira\"],\"articleSection\":[\"Blog SABRA\"],\"inLanguage\":\"pt-BR\"},{\"@type\":\"WebPage\",\"@id\":\"https:\\\/\\\/www.sabra.org.br\\\/site\\\/rock-orquestra-2\\\/\",\"url\":\"https:\\\/\\\/www.sabra.org.br\\\/site\\\/rock-orquestra-2\\\/\",\"name\":\"Voc\u00ea sabe como o rock pode ser utilizado em orquestras? - SABRA - Sociedade Art\u00edstica Brasileira\",\"isPartOf\":{\"@id\":\"https:\\\/\\\/www.sabra.org.br\\\/site\\\/#website\"},\"primaryImageOfPage\":{\"@id\":\"https:\\\/\\\/www.sabra.org.br\\\/site\\\/rock-orquestra-2\\\/#primaryimage\"},\"image\":{\"@id\":\"https:\\\/\\\/www.sabra.org.br\\\/site\\\/rock-orquestra-2\\\/#primaryimage\"},\"thumbnailUrl\":\"https:\\\/\\\/www.sabra.org.br\\\/site\\\/wp-content\\\/uploads\\\/2023\\\/04\\\/Orquestra-resultado-2023-e1765391313729.jpg\",\"datePublished\":\"2023-08-23T11:39:39+00:00\",\"dateModified\":\"2025-04-18T14:18:56+00:00\",\"description\":\"Apresentaremos melhor o conceito de orquestras tocando Rock\u2019n\u2019Roll e como esse estilo musical pode ser utilizado em um concerto orquestrado.\",\"breadcrumb\":{\"@id\":\"https:\\\/\\\/www.sabra.org.br\\\/site\\\/rock-orquestra-2\\\/#breadcrumb\"},\"inLanguage\":\"pt-BR\",\"potentialAction\":[{\"@type\":\"ReadAction\",\"target\":[\"https:\\\/\\\/www.sabra.org.br\\\/site\\\/rock-orquestra-2\\\/\"]}]},{\"@type\":\"ImageObject\",\"inLanguage\":\"pt-BR\",\"@id\":\"https:\\\/\\\/www.sabra.org.br\\\/site\\\/rock-orquestra-2\\\/#primaryimage\",\"url\":\"https:\\\/\\\/www.sabra.org.br\\\/site\\\/wp-content\\\/uploads\\\/2023\\\/04\\\/Orquestra-resultado-2023-e1765391313729.jpg\",\"contentUrl\":\"https:\\\/\\\/www.sabra.org.br\\\/site\\\/wp-content\\\/uploads\\\/2023\\\/04\\\/Orquestra-resultado-2023-e1765391313729.jpg\",\"width\":560,\"height\":560,\"caption\":\"Sociedade Art\u00edstica Brasileira SABRA\"},{\"@type\":\"BreadcrumbList\",\"@id\":\"https:\\\/\\\/www.sabra.org.br\\\/site\\\/rock-orquestra-2\\\/#breadcrumb\",\"itemListElement\":[{\"@type\":\"ListItem\",\"position\":1,\"name\":\"In\u00edcio\",\"item\":\"https:\\\/\\\/www.sabra.org.br\\\/site\\\/\"},{\"@type\":\"ListItem\",\"position\":2,\"name\":\"Voc\u00ea sabe como o rock pode ser utilizado em orquestras?\"}]},{\"@type\":\"WebSite\",\"@id\":\"https:\\\/\\\/www.sabra.org.br\\\/site\\\/#website\",\"url\":\"https:\\\/\\\/www.sabra.org.br\\\/site\\\/\",\"name\":\"SABRA - Sociedade Art\u00edstica Brasileira\",\"description\":\"Escola de M\u00fasica, Orquestra Sinf\u00f4nica, Coral e Patrim\u00f4nio Cultural e Hist\u00f3rico\",\"publisher\":{\"@id\":\"https:\\\/\\\/www.sabra.org.br\\\/site\\\/#organization\"},\"potentialAction\":[{\"@type\":\"SearchAction\",\"target\":{\"@type\":\"EntryPoint\",\"urlTemplate\":\"https:\\\/\\\/www.sabra.org.br\\\/site\\\/?s={search_term_string}\"},\"query-input\":{\"@type\":\"PropertyValueSpecification\",\"valueRequired\":true,\"valueName\":\"search_term_string\"}}],\"inLanguage\":\"pt-BR\"},{\"@type\":\"Organization\",\"@id\":\"https:\\\/\\\/www.sabra.org.br\\\/site\\\/#organization\",\"name\":\"SOCIEDADE ART\u00cdSTICA BRASILEIRA SABRA\",\"alternateName\":\"SABRA\",\"url\":\"https:\\\/\\\/www.sabra.org.br\\\/site\\\/\",\"logo\":{\"@type\":\"ImageObject\",\"inLanguage\":\"pt-BR\",\"@id\":\"https:\\\/\\\/www.sabra.org.br\\\/site\\\/#\\\/schema\\\/logo\\\/image\\\/\",\"url\":\"https:\\\/\\\/www.sabra.org.br\\\/site\\\/wp-content\\\/uploads\\\/2019\\\/06\\\/cropped-Logo_SABRA-Copia-1.webp\",\"contentUrl\":\"https:\\\/\\\/www.sabra.org.br\\\/site\\\/wp-content\\\/uploads\\\/2019\\\/06\\\/cropped-Logo_SABRA-Copia-1.webp\",\"width\":400,\"height\":128,\"caption\":\"SOCIEDADE ART\u00cdSTICA BRASILEIRA SABRA\"},\"image\":{\"@id\":\"https:\\\/\\\/www.sabra.org.br\\\/site\\\/#\\\/schema\\\/logo\\\/image\\\/\"},\"sameAs\":[\"https:\\\/\\\/www.facebook.com\\\/sabrabrasil\",\"https:\\\/\\\/x.com\\\/ContatoSabra\",\"https:\\\/\\\/www.instagram.com\\\/sabrabrasil\\\/\",\"https:\\\/\\\/www.linkedin.com\\\/company\\\/25002088\\\/\",\"https:\\\/\\\/br.pinterest.com\\\/sociedadeartisticabrasileira\\\/\",\"https:\\\/\\\/www.youtube.com\\\/c\\\/sabrabrasil\"]},{\"@type\":\"Person\",\"@id\":\"https:\\\/\\\/www.sabra.org.br\\\/site\\\/#\\\/schema\\\/person\\\/7d1d222c3c8891d4c37c7b41bf6315c2\",\"name\":\"M\u00e1rcio Miranda Pontes\",\"image\":{\"@type\":\"ImageObject\",\"inLanguage\":\"pt-BR\",\"@id\":\"https:\\\/\\\/secure.gravatar.com\\\/avatar\\\/3b45f24496a7625a3a6c436688fbe20344faaeb2979658dc4a9921f984d7df9a?s=96&d=mm&r=g\",\"url\":\"https:\\\/\\\/secure.gravatar.com\\\/avatar\\\/3b45f24496a7625a3a6c436688fbe20344faaeb2979658dc4a9921f984d7df9a?s=96&d=mm&r=g\",\"contentUrl\":\"https:\\\/\\\/secure.gravatar.com\\\/avatar\\\/3b45f24496a7625a3a6c436688fbe20344faaeb2979658dc4a9921f984d7df9a?s=96&d=mm&r=g\",\"caption\":\"M\u00e1rcio Miranda Pontes\"},\"sameAs\":[\"http:\\\/\\\/www.sabra.org.br\"],\"url\":\"https:\\\/\\\/www.sabra.org.br\\\/site\\\/author\\\/marcio-miranda-pontes\\\/\"}]}<\/script>\n<!-- \/ Yoast SEO plugin. -->","yoast_head_json":{"title":"Voc\u00ea sabe como o rock pode ser utilizado em orquestras? - SABRA - Sociedade Art\u00edstica Brasileira","description":"Apresentaremos melhor o conceito de orquestras tocando Rock\u2019n\u2019Roll e como esse estilo musical pode ser utilizado em um concerto orquestrado.","robots":{"index":"index","follow":"follow","max-snippet":"max-snippet:-1","max-image-preview":"max-image-preview:large","max-video-preview":"max-video-preview:-1"},"canonical":"https:\/\/www.sabra.org.br\/site\/rock-orquestra-2\/","og_locale":"pt_BR","og_type":"article","og_title":"Voc\u00ea sabe como o rock pode ser utilizado em orquestras? - SABRA - Sociedade Art\u00edstica Brasileira","og_description":"Apresentaremos melhor o conceito de orquestras tocando Rock\u2019n\u2019Roll e como esse estilo musical pode ser utilizado em um concerto orquestrado.","og_url":"https:\/\/www.sabra.org.br\/site\/rock-orquestra-2\/","og_site_name":"SABRA - Sociedade Art\u00edstica Brasileira","article_publisher":"https:\/\/www.facebook.com\/sabrabrasil","article_published_time":"2023-08-23T11:39:39+00:00","article_modified_time":"2025-04-18T14:18:56+00:00","og_image":[{"width":1080,"height":1080,"url":"https:\/\/www.sabra.org.br\/site\/wp-content\/uploads\/2023\/04\/Orquestra-resultado-2023.jpg","type":"image\/jpeg"}],"author":"M\u00e1rcio Miranda Pontes","twitter_card":"summary_large_image","twitter_creator":"@ContatoSabra","twitter_site":"@ContatoSabra","twitter_misc":{"Escrito por":"M\u00e1rcio Miranda Pontes","Est. tempo de leitura":"4 minutos"},"schema":{"@context":"https:\/\/schema.org","@graph":[{"@type":"Article","@id":"https:\/\/www.sabra.org.br\/site\/rock-orquestra-2\/#article","isPartOf":{"@id":"https:\/\/www.sabra.org.br\/site\/rock-orquestra-2\/"},"author":{"name":"M\u00e1rcio Miranda Pontes","@id":"https:\/\/www.sabra.org.br\/site\/#\/schema\/person\/7d1d222c3c8891d4c37c7b41bf6315c2"},"headline":"Voc\u00ea sabe como o rock pode ser utilizado em orquestras?","datePublished":"2023-08-23T11:39:39+00:00","dateModified":"2025-04-18T14:18:56+00:00","mainEntityOfPage":{"@id":"https:\/\/www.sabra.org.br\/site\/rock-orquestra-2\/"},"wordCount":745,"publisher":{"@id":"https:\/\/www.sabra.org.br\/site\/#organization"},"image":{"@id":"https:\/\/www.sabra.org.br\/site\/rock-orquestra-2\/#primaryimage"},"thumbnailUrl":"https:\/\/www.sabra.org.br\/site\/wp-content\/uploads\/2023\/04\/Orquestra-resultado-2023-e1765391313729.jpg","keywords":["Assist\u00eancia social","Belo Horizonte","Belo HorizonteEscola de Musica SABRA","Cabo Frio","Campos dos Goytacazes","Canto Coral","Contagem","Escola de Musica SABRA","Ibirit\u00e9","Musicaliza\u00e7\u00e3o Infantil","nova lima","Orquestra Infanto Juvenil de Betim","Orquestra Sinf\u00f4nica de Betim","Raposos","Sociedade Art\u00edstica Brasileira"],"articleSection":["Blog SABRA"],"inLanguage":"pt-BR"},{"@type":"WebPage","@id":"https:\/\/www.sabra.org.br\/site\/rock-orquestra-2\/","url":"https:\/\/www.sabra.org.br\/site\/rock-orquestra-2\/","name":"Voc\u00ea sabe como o rock pode ser utilizado em orquestras? - SABRA - Sociedade Art\u00edstica Brasileira","isPartOf":{"@id":"https:\/\/www.sabra.org.br\/site\/#website"},"primaryImageOfPage":{"@id":"https:\/\/www.sabra.org.br\/site\/rock-orquestra-2\/#primaryimage"},"image":{"@id":"https:\/\/www.sabra.org.br\/site\/rock-orquestra-2\/#primaryimage"},"thumbnailUrl":"https:\/\/www.sabra.org.br\/site\/wp-content\/uploads\/2023\/04\/Orquestra-resultado-2023-e1765391313729.jpg","datePublished":"2023-08-23T11:39:39+00:00","dateModified":"2025-04-18T14:18:56+00:00","description":"Apresentaremos melhor o conceito de orquestras tocando Rock\u2019n\u2019Roll e como esse estilo musical pode ser utilizado em um concerto orquestrado.","breadcrumb":{"@id":"https:\/\/www.sabra.org.br\/site\/rock-orquestra-2\/#breadcrumb"},"inLanguage":"pt-BR","potentialAction":[{"@type":"ReadAction","target":["https:\/\/www.sabra.org.br\/site\/rock-orquestra-2\/"]}]},{"@type":"ImageObject","inLanguage":"pt-BR","@id":"https:\/\/www.sabra.org.br\/site\/rock-orquestra-2\/#primaryimage","url":"https:\/\/www.sabra.org.br\/site\/wp-content\/uploads\/2023\/04\/Orquestra-resultado-2023-e1765391313729.jpg","contentUrl":"https:\/\/www.sabra.org.br\/site\/wp-content\/uploads\/2023\/04\/Orquestra-resultado-2023-e1765391313729.jpg","width":560,"height":560,"caption":"Sociedade Art\u00edstica Brasileira SABRA"},{"@type":"BreadcrumbList","@id":"https:\/\/www.sabra.org.br\/site\/rock-orquestra-2\/#breadcrumb","itemListElement":[{"@type":"ListItem","position":1,"name":"In\u00edcio","item":"https:\/\/www.sabra.org.br\/site\/"},{"@type":"ListItem","position":2,"name":"Voc\u00ea sabe como o rock pode ser utilizado em orquestras?"}]},{"@type":"WebSite","@id":"https:\/\/www.sabra.org.br\/site\/#website","url":"https:\/\/www.sabra.org.br\/site\/","name":"SABRA - Sociedade Art\u00edstica Brasileira","description":"Escola de M\u00fasica, Orquestra Sinf\u00f4nica, Coral e Patrim\u00f4nio Cultural e Hist\u00f3rico","publisher":{"@id":"https:\/\/www.sabra.org.br\/site\/#organization"},"potentialAction":[{"@type":"SearchAction","target":{"@type":"EntryPoint","urlTemplate":"https:\/\/www.sabra.org.br\/site\/?s={search_term_string}"},"query-input":{"@type":"PropertyValueSpecification","valueRequired":true,"valueName":"search_term_string"}}],"inLanguage":"pt-BR"},{"@type":"Organization","@id":"https:\/\/www.sabra.org.br\/site\/#organization","name":"SOCIEDADE ART\u00cdSTICA BRASILEIRA SABRA","alternateName":"SABRA","url":"https:\/\/www.sabra.org.br\/site\/","logo":{"@type":"ImageObject","inLanguage":"pt-BR","@id":"https:\/\/www.sabra.org.br\/site\/#\/schema\/logo\/image\/","url":"https:\/\/www.sabra.org.br\/site\/wp-content\/uploads\/2019\/06\/cropped-Logo_SABRA-Copia-1.webp","contentUrl":"https:\/\/www.sabra.org.br\/site\/wp-content\/uploads\/2019\/06\/cropped-Logo_SABRA-Copia-1.webp","width":400,"height":128,"caption":"SOCIEDADE ART\u00cdSTICA BRASILEIRA SABRA"},"image":{"@id":"https:\/\/www.sabra.org.br\/site\/#\/schema\/logo\/image\/"},"sameAs":["https:\/\/www.facebook.com\/sabrabrasil","https:\/\/x.com\/ContatoSabra","https:\/\/www.instagram.com\/sabrabrasil\/","https:\/\/www.linkedin.com\/company\/25002088\/","https:\/\/br.pinterest.com\/sociedadeartisticabrasileira\/","https:\/\/www.youtube.com\/c\/sabrabrasil"]},{"@type":"Person","@id":"https:\/\/www.sabra.org.br\/site\/#\/schema\/person\/7d1d222c3c8891d4c37c7b41bf6315c2","name":"M\u00e1rcio Miranda Pontes","image":{"@type":"ImageObject","inLanguage":"pt-BR","@id":"https:\/\/secure.gravatar.com\/avatar\/3b45f24496a7625a3a6c436688fbe20344faaeb2979658dc4a9921f984d7df9a?s=96&d=mm&r=g","url":"https:\/\/secure.gravatar.com\/avatar\/3b45f24496a7625a3a6c436688fbe20344faaeb2979658dc4a9921f984d7df9a?s=96&d=mm&r=g","contentUrl":"https:\/\/secure.gravatar.com\/avatar\/3b45f24496a7625a3a6c436688fbe20344faaeb2979658dc4a9921f984d7df9a?s=96&d=mm&r=g","caption":"M\u00e1rcio Miranda Pontes"},"sameAs":["http:\/\/www.sabra.org.br"],"url":"https:\/\/www.sabra.org.br\/site\/author\/marcio-miranda-pontes\/"}]}},"jetpack_featured_media_url":"https:\/\/www.sabra.org.br\/site\/wp-content\/uploads\/2023\/04\/Orquestra-resultado-2023-e1765391313729.jpg","jetpack_shortlink":"https:\/\/wp.me\/p95j2Z-20l","jetpack-related-posts":[{"id":7380,"url":"https:\/\/www.sabra.org.br\/site\/fatos-orquestras\/","url_meta":{"origin":7709,"position":0},"title":"Fatos interessantes sobre as orquestras","author":"M\u00e1rcio Miranda Pontes","date":"20 de junho de 2023","format":false,"excerpt":"Conhe\u00e7a fatos interessantes sobre essas forma\u00e7\u00f5es musicais grandiosas. Da sua hist\u00f3ria milenar \u00e0 composi\u00e7\u00e3o intricada, mergulhe no mundo sinf\u00f4nico e surpreenda-se com o que as orquestras t\u00eam a oferecer. Um universo musical cheio de curiosidades aguarda por voc\u00ea!","rel":"","context":"Em &quot;Blog SABRA&quot;","block_context":{"text":"Blog SABRA","link":"https:\/\/www.sabra.org.br\/site\/category\/blog-sabra\/"},"img":{"alt_text":"orquestra-m\u00fasico-musicais-sinf\u00f4nica-sabra","src":"https:\/\/i0.wp.com\/www.sabra.org.br\/site\/wp-content\/uploads\/2023\/06\/x-fatos-interessantes-sobre-as-orquestrasjpg-20230522113605.jpg-jpg.webp?resize=350%2C200&ssl=1","width":350,"height":200,"srcset":"https:\/\/i0.wp.com\/www.sabra.org.br\/site\/wp-content\/uploads\/2023\/06\/x-fatos-interessantes-sobre-as-orquestrasjpg-20230522113605.jpg-jpg.webp?resize=350%2C200&ssl=1 1x, https:\/\/i0.wp.com\/www.sabra.org.br\/site\/wp-content\/uploads\/2023\/06\/x-fatos-interessantes-sobre-as-orquestrasjpg-20230522113605.jpg-jpg.webp?resize=525%2C300&ssl=1 1.5x, https:\/\/i0.wp.com\/www.sabra.org.br\/site\/wp-content\/uploads\/2023\/06\/x-fatos-interessantes-sobre-as-orquestrasjpg-20230522113605.jpg-jpg.webp?resize=700%2C400&ssl=1 2x"},"classes":[]},{"id":7760,"url":"https:\/\/www.sabra.org.br\/site\/musicas-classicas-orquestras-famosas\/","url_meta":{"origin":7709,"position":1},"title":"Conhe\u00e7a as melhores m\u00fasicas cl\u00e1ssicas tocadas por orquestras famosas","author":"M\u00e1rcio Miranda Pontes","date":"3 de agosto de 2023","format":false,"excerpt":"As maiores orquestras do mundo emocionam atrav\u00e9s das obras mais famosas da m\u00fasica cl\u00e1ssica. Hist\u00f3ria e atemporalidade alimentam a cultura em concertos inesquec\u00edveis. Leia nosso texto e conhe\u00e7a as composi\u00e7\u00f5es favoritas das grandes orquestras.","rel":"","context":"Em &quot;Blog SABRA&quot;","block_context":{"text":"Blog SABRA","link":"https:\/\/www.sabra.org.br\/site\/category\/blog-sabra\/"},"img":{"alt_text":"sabra-m\u00fasica-sinfonia-cl\u00e1ssica-conhecimentos","src":"https:\/\/i0.wp.com\/www.sabra.org.br\/site\/wp-content\/uploads\/2023\/08\/conheca-as-melhores-musicas-classicas-tocadas-por-orquestras-famosasjpg-20230504105610.jpg-jpg.webp?resize=350%2C200&ssl=1","width":350,"height":200,"srcset":"https:\/\/i0.wp.com\/www.sabra.org.br\/site\/wp-content\/uploads\/2023\/08\/conheca-as-melhores-musicas-classicas-tocadas-por-orquestras-famosasjpg-20230504105610.jpg-jpg.webp?resize=350%2C200&ssl=1 1x, https:\/\/i0.wp.com\/www.sabra.org.br\/site\/wp-content\/uploads\/2023\/08\/conheca-as-melhores-musicas-classicas-tocadas-por-orquestras-famosasjpg-20230504105610.jpg-jpg.webp?resize=525%2C300&ssl=1 1.5x, https:\/\/i0.wp.com\/www.sabra.org.br\/site\/wp-content\/uploads\/2023\/08\/conheca-as-melhores-musicas-classicas-tocadas-por-orquestras-famosasjpg-20230504105610.jpg-jpg.webp?resize=700%2C400&ssl=1 2x"},"classes":[]},{"id":4811,"url":"https:\/\/www.sabra.org.br\/site\/contrabaixo\/","url_meta":{"origin":7709,"position":2},"title":"Instrumento de orquestra: conhe\u00e7a o contrabaixo","author":"M\u00e1rcio Miranda Pontes","date":"9 de mar\u00e7o de 2022","format":false,"excerpt":"Instrumento de orquestra: conhe\u00e7a o contrabaixo O contrabaixo \u00e9 um dos instrumentos mais importantes dentro de uma orquestra, uma vez que ele conduz e cria uma coes\u00e3o entre todos os outros. Vamos conhecer melhor esse instrumento e entender como ele surgiu na hist\u00f3ria da m\u00fasica.","rel":"","context":"Em &quot;Blog SABRA&quot;","block_context":{"text":"Blog SABRA","link":"https:\/\/www.sabra.org.br\/site\/category\/blog-sabra\/"},"img":{"alt_text":"contrabaixo-instrumento","src":"https:\/\/i0.wp.com\/www.sabra.org.br\/site\/wp-content\/uploads\/2022\/03\/instrumento-de-orquestra-conheca-o-contrabaixo-20211210160934.jpg.jpg?resize=350%2C200&ssl=1","width":350,"height":200,"srcset":"https:\/\/i0.wp.com\/www.sabra.org.br\/site\/wp-content\/uploads\/2022\/03\/instrumento-de-orquestra-conheca-o-contrabaixo-20211210160934.jpg.jpg?resize=350%2C200&ssl=1 1x, https:\/\/i0.wp.com\/www.sabra.org.br\/site\/wp-content\/uploads\/2022\/03\/instrumento-de-orquestra-conheca-o-contrabaixo-20211210160934.jpg.jpg?resize=525%2C300&ssl=1 1.5x, https:\/\/i0.wp.com\/www.sabra.org.br\/site\/wp-content\/uploads\/2022\/03\/instrumento-de-orquestra-conheca-o-contrabaixo-20211210160934.jpg.jpg?resize=700%2C400&ssl=1 2x"},"classes":[]},{"id":2230,"url":"https:\/\/www.sabra.org.br\/site\/rock-orquestra\/","url_meta":{"origin":7709,"position":3},"title":"Bandas de Rock e Orquestras","author":"M\u00e1rcio Miranda Pontes","date":"15 de julho de 2019","format":false,"excerpt":"rock'n roll m\u00fasica cl\u00e1ssica philharmonic orchestra deep purple redes sociais","rel":"","context":"Em &quot;Blog SABRA&quot;","block_context":{"text":"Blog SABRA","link":"https:\/\/www.sabra.org.br\/site\/category\/blog-sabra\/"},"img":{"alt_text":"bandas-de-rock-orquestra-sinf\u00f4nica","src":"https:\/\/i0.wp.com\/www.sabra.org.br\/site\/wp-content\/uploads\/2019\/07\/bandas-de-rock-e-orquestras-uma-parceria-de-sucesso-20171027133213.jpg.jpg?resize=350%2C200&ssl=1","width":350,"height":200,"srcset":"https:\/\/i0.wp.com\/www.sabra.org.br\/site\/wp-content\/uploads\/2019\/07\/bandas-de-rock-e-orquestras-uma-parceria-de-sucesso-20171027133213.jpg.jpg?resize=350%2C200&ssl=1 1x, https:\/\/i0.wp.com\/www.sabra.org.br\/site\/wp-content\/uploads\/2019\/07\/bandas-de-rock-e-orquestras-uma-parceria-de-sucesso-20171027133213.jpg.jpg?resize=525%2C300&ssl=1 1.5x, https:\/\/i0.wp.com\/www.sabra.org.br\/site\/wp-content\/uploads\/2019\/07\/bandas-de-rock-e-orquestras-uma-parceria-de-sucesso-20171027133213.jpg.jpg?resize=700%2C400&ssl=1 2x, https:\/\/i0.wp.com\/www.sabra.org.br\/site\/wp-content\/uploads\/2019\/07\/bandas-de-rock-e-orquestras-uma-parceria-de-sucesso-20171027133213.jpg.jpg?resize=1050%2C600&ssl=1 3x"},"classes":[]},{"id":3889,"url":"https:\/\/www.sabra.org.br\/site\/tipos-orquestras\/","url_meta":{"origin":7709,"position":4},"title":"Saiba quais s\u00e3o os tipos de orquestra que existem","author":"M\u00e1rcio Miranda Pontes","date":"14 de maio de 2021","format":false,"excerpt":"Saiba quais s\u00e3o os tipos de orquestra que existem As orquestras s\u00e3o manifesta\u00e7\u00f5es culturais que causam emo\u00e7\u00f5es fortes, possui uma longa hist\u00f3ria por todas as sociedades que j\u00e1 passou, mas voc\u00ea sabe os tipos de orquestras que existem? Confira aqui.","rel":"","context":"Em &quot;Blog SABRA&quot;","block_context":{"text":"Blog SABRA","link":"https:\/\/www.sabra.org.br\/site\/category\/blog-sabra\/"},"img":{"alt_text":"orquestra-m\u00fasica-tipo","src":"https:\/\/i0.wp.com\/www.sabra.org.br\/site\/wp-content\/uploads\/2021\/05\/saiba-quais-sao-os-tipos-de-orquestra-existem-20210203092956.jpg.jpg?resize=350%2C200&ssl=1","width":350,"height":200,"srcset":"https:\/\/i0.wp.com\/www.sabra.org.br\/site\/wp-content\/uploads\/2021\/05\/saiba-quais-sao-os-tipos-de-orquestra-existem-20210203092956.jpg.jpg?resize=350%2C200&ssl=1 1x, https:\/\/i0.wp.com\/www.sabra.org.br\/site\/wp-content\/uploads\/2021\/05\/saiba-quais-sao-os-tipos-de-orquestra-existem-20210203092956.jpg.jpg?resize=525%2C300&ssl=1 1.5x, https:\/\/i0.wp.com\/www.sabra.org.br\/site\/wp-content\/uploads\/2021\/05\/saiba-quais-sao-os-tipos-de-orquestra-existem-20210203092956.jpg.jpg?resize=700%2C400&ssl=1 2x"},"classes":[]},{"id":5380,"url":"https:\/\/www.sabra.org.br\/site\/cultural-musica-mineira\/","url_meta":{"origin":7709,"position":5},"title":"A import\u00e2ncia da m\u00fasica mineira no cen\u00e1rio musical nacional","author":"M\u00e1rcio Miranda Pontes","date":"25 de julho de 2022","format":false,"excerpt":"Estado com uma grande riqueza cultural e hist\u00f3rica, Minas Gerais \u00e9 uma refer\u00eancia musical para o pa\u00eds, com movimentos que influenciaram diversas gera\u00e7\u00f5es. Conhe\u00e7a um pouco sobre a import\u00e2ncia da m\u00fasica mineira no desenvolvimento da cultura nacional.","rel":"","context":"Em &quot;Blog SABRA&quot;","block_context":{"text":"Blog SABRA","link":"https:\/\/www.sabra.org.br\/site\/category\/blog-sabra\/"},"img":{"alt_text":"cultural-hist\u00f3rica-minas-gerais-minira-clube-esquina","src":"https:\/\/i0.wp.com\/www.sabra.org.br\/site\/wp-content\/uploads\/2022\/07\/a-importancia-da-musica-mineira-no-cenario-musical-nacional-20220513105240.jpg.jpg?resize=350%2C200&ssl=1","width":350,"height":200,"srcset":"https:\/\/i0.wp.com\/www.sabra.org.br\/site\/wp-content\/uploads\/2022\/07\/a-importancia-da-musica-mineira-no-cenario-musical-nacional-20220513105240.jpg.jpg?resize=350%2C200&ssl=1 1x, https:\/\/i0.wp.com\/www.sabra.org.br\/site\/wp-content\/uploads\/2022\/07\/a-importancia-da-musica-mineira-no-cenario-musical-nacional-20220513105240.jpg.jpg?resize=525%2C300&ssl=1 1.5x, https:\/\/i0.wp.com\/www.sabra.org.br\/site\/wp-content\/uploads\/2022\/07\/a-importancia-da-musica-mineira-no-cenario-musical-nacional-20220513105240.jpg.jpg?resize=700%2C400&ssl=1 2x"},"classes":[]}],"jetpack_likes_enabled":true,"jetpack_sharing_enabled":true,"_links":{"self":[{"href":"https:\/\/www.sabra.org.br\/site\/wp-json\/wp\/v2\/posts\/7709","targetHints":{"allow":["GET"]}}],"collection":[{"href":"https:\/\/www.sabra.org.br\/site\/wp-json\/wp\/v2\/posts"}],"about":[{"href":"https:\/\/www.sabra.org.br\/site\/wp-json\/wp\/v2\/types\/post"}],"author":[{"embeddable":true,"href":"https:\/\/www.sabra.org.br\/site\/wp-json\/wp\/v2\/users\/39"}],"replies":[{"embeddable":true,"href":"https:\/\/www.sabra.org.br\/site\/wp-json\/wp\/v2\/comments?post=7709"}],"version-history":[{"count":0,"href":"https:\/\/www.sabra.org.br\/site\/wp-json\/wp\/v2\/posts\/7709\/revisions"}],"wp:featuredmedia":[{"embeddable":true,"href":"https:\/\/www.sabra.org.br\/site\/wp-json\/wp\/v2\/media\/6884"}],"wp:attachment":[{"href":"https:\/\/www.sabra.org.br\/site\/wp-json\/wp\/v2\/media?parent=7709"}],"wp:term":[{"taxonomy":"category","embeddable":true,"href":"https:\/\/www.sabra.org.br\/site\/wp-json\/wp\/v2\/categories?post=7709"},{"taxonomy":"post_tag","embeddable":true,"href":"https:\/\/www.sabra.org.br\/site\/wp-json\/wp\/v2\/tags?post=7709"}],"curies":[{"name":"wp","href":"https:\/\/api.w.org\/{rel}","templated":true}]}}