{"id":7755,"date":"2023-08-02T15:11:42","date_gmt":"2023-08-02T18:11:42","guid":{"rendered":"https:\/\/www.sabra.org.br\/site\/?p=7755"},"modified":"2023-08-03T10:20:21","modified_gmt":"2023-08-03T13:20:21","slug":"sabra-ajuda","status":"publish","type":"post","link":"https:\/\/www.sabra.org.br\/site\/sabra-ajuda\/","title":{"rendered":"Saiba como a Sociedade Art\u00edstica Brasileira pode ajudar voc\u00ea"},"content":{"rendered":"<p>A Sociedade Art\u00edstica Brasileira (SABRA) nasceu em 2013, em Betim\/MG, com a miss\u00e3o de promover a inclus\u00e3o social e a preserva\u00e7\u00e3o do patrim\u00f4nio cultural brasileiro de forma gratuita.<\/p>\n<p>Trabalhamos sem fins lucrativos e buscamos atrav\u00e9s de a\u00e7\u00f5es culturais e sociais levar capacita\u00e7\u00e3o e arte para o p\u00fablico.<\/p>\n<p>Nossa empresa procura, principalmente, promover a forma\u00e7\u00e3o de plateia para a m\u00fasica sinf\u00f4nica, al\u00e9m da forma\u00e7\u00e3o de instrumentistas para Orquestras Sinf\u00f4nicas, por meio do acompanhamento di\u00e1rio de servi\u00e7o social especializado e acolhimento de portadores de necessidades especiais.<\/p>\n<h2>Acreditamos na forma da arte e da musicalidade<\/h2>\n<p>Acreditamos que essas a\u00e7\u00f5es s\u00e3o fundamentais para o fortalecimento do bem-estar dos envolvidos em nossos projetos.<\/p>\n<p>Buscamos tamb\u00e9m refor\u00e7ar a concretiza\u00e7\u00e3o dos direitos sociais dos indiv\u00edduos, criando uma experi\u00eancia viva de intera\u00e7\u00e3o entre a Institui\u00e7\u00e3o e as Comunidades atendidas.<\/p>\n<h2>Objetivos da SABRA<\/h2>\n<h3>Inclus\u00e3o e integra\u00e7\u00e3o social atrav\u00e9s da Arte e da Cultura<\/h3>\n<p>Acreditamos no poder transformador da arte e da cultura para promover a inclus\u00e3o e a integra\u00e7\u00e3o social.<\/p>\n<p>Utilizamos a m\u00fasica sinf\u00f4nica como ferramenta para criar oportunidades de acesso \u00e0 cultura, proporcionando, assim, experi\u00eancias enriquecedoras para os participantes.<\/p>\n<p>Ao envolver pessoas de diferentes origens e condi\u00e7\u00f5es sociais, contribu\u00edmos para a quebra de barreiras e preconceitos, construindo uma sociedade mais justa e igualit\u00e1ria, respeitando a diversidade e os direitos de cada um.<\/p>\n<h3>Integra\u00e7\u00e3o de jovens ao mercado de trabalho<\/h3>\n<p>Reconhecemos a import\u00e2ncia do mercado de trabalho na vida dos jovens como ferramenta de inclus\u00e3o social e buscamos promover a sua integra\u00e7\u00e3o por meio da m\u00fasica.<\/p>\n<p>A SABRA oferece oportunidade de aprendizado e capacita\u00e7\u00e3o, visando o desenvolvimento de habilidades musicais e profissionais. Al\u00e9m de formar m\u00fasicos talentosos, n\u00f3s os preparamos para o mercado de trabalho, ampliando as perspectivas de futuro.<\/p>\n<h3>Apoio a crian\u00e7as, adolescentes, jovens e fam\u00edlias em situa\u00e7\u00e3o de vulnerabilidade<\/h3>\n<p>Entendemos a import\u00e2ncia de oferecer suporte e assist\u00eancia a pessoas em situa\u00e7\u00e3o de vulnerabilidade.<\/p>\n<p>Por meio do servi\u00e7o social especializado, buscamos auxiliar crian\u00e7as, adolescentes, jovens e suas fam\u00edlias na constru\u00e7\u00e3o de um futuro melhor e na conquista da autonomia.<\/p>\n<p>Tamb\u00e9m faz parte do nosso projeto o desenvolvimento de um ambiente familiar e comunit\u00e1rio, protetor e confort\u00e1vel, onde todos se sintam acolhidos e amparados.<\/p>\n<h2>Nossos valores refletem a nossa miss\u00e3o<\/h2>\n<p>A SABRA trabalha com \u00e9tica e transpar\u00eancia, focada no desenvolvimento sustent\u00e1vel e na melhora da qualidade de vida de crian\u00e7as, jovens e adultos que chegam at\u00e9 n\u00f3s em busca de uma vida melhor.<\/p>\n<p>A preserva\u00e7\u00e3o do patrim\u00f4nio cultural \u00e9 o que nos move. Mantemos em funcionamento diversos projetos, que incluem:<\/p>\n<ul>\n<li>Escola de M\u00fasica Sabra (Belo Horizonte, Betim, Contagem, Ibirit\u00e9, Nova Lima e Raposos)<\/li>\n<li>Curso de Musicaliza\u00e7\u00e3o Inclusiva<\/li>\n<li>Orquestra Sinf\u00f4nica de Betim<\/li>\n<li>Coro e Orquestra de C\u00e2mara Lobo de Mesquita<\/li>\n<li>Orquestras, Grupos de C\u00e2mara e Corais Adultos, Juvenis e Infantis na Escola de M\u00fasica Sabra<\/li>\n<li>Pesquisa, restaura\u00e7\u00e3o e edi\u00e7\u00e3o de m\u00fasica brasileira dos s\u00e9culos XVIII e XIX<\/li>\n<li>Restaura\u00e7\u00e3o de bens im\u00f3veis tombados pelo Iphan em Campos dos Goytacazes<\/li>\n<li style=\"list-style-type: none;\">Essas s\u00e3o apenas algumas das nossas iniciativas, a fim de formar m\u00fasicos e elevar a consci\u00eancia cultural atrav\u00e9s de apresenta\u00e7\u00f5es art\u00edsticas de qualidade. Isso traz riqueza individual e coletiva ao intelecto das pessoas em nossa regi\u00e3o.Refor\u00e7amos o universalismo de direitos e deveres, enquanto assumimos a nossa responsabilidade social, valorizando a diversidade de nossos alunos e futuros m\u00fasicos.\n<p>Em nosso site, voc\u00ea conhece os\u00a0<a href=\"https:\/\/www.sabra.org.br\/site\/parceiros\/\">parceiros da SABRA<\/a>\u00a0e descobre\u00a0<a href=\"https:\/\/www.sabra.org.br\/site\/doe-agora\/\">como se tornar um apoiador<\/a>.<\/p>\n<p><a href=\"https:\/\/www.sabra.org.br\/site\/\">Acesse nossa p\u00e1gina e conhe\u00e7a um pouco mais da nossa hist\u00f3ria e como podemos ajudar voc\u00ea.<\/a><\/p>\n<hr \/>\n<h2>Se voc\u00ea gostou deste post:<\/h2>\n<p>&#8211; SIGA as nossas p\u00e1ginas nas redes sociais para acompanhar as nossas atualiza\u00e7\u00f5es: estamos no <a href=\"https:\/\/www.facebook.com\/sabrabrasil\" target=\"_blank\" rel=\"noopener\">Facebook<\/a>, no <a href=\"https:\/\/www.instagram.com\/sabrabrasil\/\" target=\"_blank\" rel=\"noopener\">Instagram<\/a>, no <a href=\"https:\/\/www.linkedin.com\/company\/25002088\" target=\"_blank\" rel=\"noopener\">LinkedIn<\/a>, no <a href=\"https:\/\/twitter.com\/ContatoSabra\" target=\"_blank\" rel=\"noopener\">Twitter<\/a> e no <a href=\"https:\/\/www.youtube.com\/channel\/UCJw-kbuEvzUNdeQf20Pa-eQ\" target=\"_blank\" rel=\"noopener\">YouTube<\/a>!<\/p>\n<p>&#8211; CONHE\u00c7A o trabalho da Sociedade Art\u00edstica Brasileira (SABRA) e todas as iniciativas culturais e sociais que ela mant\u00e9m. <a href=\"https:\/\/www.sabra.org.br\/site\/acoes\/\" target=\"_blank\" rel=\"noopener\">Acesse nosso site!<\/a><\/p>\n<p>&#8211; ENTRE EM CONTATO com a gente. E veja quais s\u00e3o as op\u00e7\u00f5es de ajuda na manuten\u00e7\u00e3o de nossas a\u00e7\u00f5es sociais e culturais. Basta acessar nossa p\u00e1gina <a href=\"https:\/\/www.sabra.org.br\/site\/doe-agora\/\" target=\"_blank\" rel=\"noopener\">Doe Agora!<\/a><\/p>\n<p>&#8211; COMPARTILHE este texto nas suas redes sociais e ajude os seus amigos a tamb\u00e9m dominarem o assunto!<\/p>\n<p>\u2013 Os projetos da @sabrabrasil s\u00e3o realizados com o patroci\u0301nio m\u00e1ster: @institutounimedbh, viabilizado pelo incentivo de mais de 5,2 mil m\u00e9dicos cooperados e colaboradores via Lei de Incentivo \u00e0 Cultura &#8211; @culturagovbr<\/p>\n<blockquote class=\"wp-embedded-content\" data-secret=\"q5Can6t0Dk\"><p><a href=\"https:\/\/www.sabra.org.br\/site\/jovem-inclusao-mercado-trabalho\/\">Como os projetos sociais ajudam na inclus\u00e3o dos jovens no mercado de trabalho?<\/a><\/p><\/blockquote>\n<p><iframe class=\"wp-embedded-content\" sandbox=\"allow-scripts\" security=\"restricted\" style=\"position: absolute; visibility: hidden;\" title=\"&#8220;Como os projetos sociais ajudam na inclus\u00e3o dos jovens no mercado de trabalho?&#8221; &#8212; SABRA - Sociedade Art\u00edstica Brasileira\" src=\"https:\/\/www.sabra.org.br\/site\/jovem-inclusao-mercado-trabalho\/embed\/#?secret=Av7oUHxK3o#?secret=q5Can6t0Dk\" data-secret=\"q5Can6t0Dk\" width=\"600\" height=\"338\" frameborder=\"0\" marginwidth=\"0\" marginheight=\"0\" scrolling=\"no\"><\/iframe><\/p>\n<p>&nbsp;<\/li>\n<\/ul>\n","protected":false},"excerpt":{"rendered":"<p>Focada em promover inclus\u00e3o social e enriquecimento cultural atrav\u00e9s da m\u00fasica, a SABRA, Sociedade Art\u00edstica Brasileira utiliza a arte e a m\u00fasica para transformar a nossa sociedade. Leia o texto e saiba mais sobre o nosso trabalho.<\/p>\n","protected":false},"author":39,"featured_media":7756,"comment_status":"open","ping_status":"open","sticky":false,"template":"","format":"standard","meta":{"jetpack_post_was_ever_published":false,"_jetpack_newsletter_access":"","_jetpack_dont_email_post_to_subs":false,"_jetpack_newsletter_tier_id":0,"_jetpack_memberships_contains_paywalled_content":false,"_jetpack_memberships_contains_paid_content":false,"footnotes":""},"categories":[1],"tags":[15,2757,3626,3623,8,3629,1285,3628,16,3519,1286,11,3622,9],"class_list":["post-7755","post","type-post","status-publish","format-standard","has-post-thumbnail","hentry","category-blog-sabra","tag-assistencia-social","tag-belo-horizonte","tag-cabo-frio","tag-campos-dos-goytacazes","tag-canto-coral","tag-contagem","tag-escola-de-musica-sabra","tag-ibirite","tag-musicalizacao-infantil","tag-nova-lima-2","tag-orquestra-infanto-juvenil-de-betim","tag-orquestra-sinfonica-de-betim","tag-raposos","tag-sociedade-artistica-brasileira"],"yoast_head":"<!-- This site is optimized with the Yoast SEO plugin v27.5 - https:\/\/yoast.com\/product\/yoast-seo-wordpress\/ -->\n<title>Saiba como a Sociedade Art\u00edstica Brasileira pode ajudar voc\u00ea - SABRA - Sociedade Art\u00edstica Brasileira<\/title>\n<meta name=\"description\" content=\"Focada em promover inclus\u00e3o social e enriquecimento cultural atrav\u00e9s da m\u00fasica, a SABRA utiliza a m\u00fasica para transformar a nossa sociedade.\" \/>\n<meta name=\"robots\" content=\"index, follow, max-snippet:-1, max-image-preview:large, max-video-preview:-1\" \/>\n<link rel=\"canonical\" href=\"https:\/\/www.sabra.org.br\/site\/sabra-ajuda\/\" \/>\n<meta property=\"og:locale\" content=\"pt_BR\" \/>\n<meta property=\"og:type\" content=\"article\" \/>\n<meta property=\"og:title\" content=\"Saiba como a Sociedade Art\u00edstica Brasileira pode ajudar voc\u00ea - SABRA - Sociedade Art\u00edstica Brasileira\" \/>\n<meta property=\"og:description\" content=\"Focada em promover inclus\u00e3o social e enriquecimento cultural atrav\u00e9s da m\u00fasica, a SABRA utiliza a m\u00fasica para transformar a nossa sociedade.\" \/>\n<meta property=\"og:url\" content=\"https:\/\/www.sabra.org.br\/site\/sabra-ajuda\/\" \/>\n<meta property=\"og:site_name\" content=\"SABRA - Sociedade Art\u00edstica Brasileira\" \/>\n<meta property=\"article:publisher\" content=\"https:\/\/www.facebook.com\/sabrabrasil\" \/>\n<meta property=\"article:published_time\" content=\"2023-08-02T18:11:42+00:00\" \/>\n<meta property=\"article:modified_time\" content=\"2023-08-03T13:20:21+00:00\" \/>\n<meta property=\"og:image\" content=\"https:\/\/i0.wp.com\/www.sabra.org.br\/site\/wp-content\/uploads\/2023\/08\/saiba-como-a-sociedade-artistica-brasileira-pode-ajudar-vocejpg-20230504105610-1.jpg-1-jpg.webp?fit=800%2C533&ssl=1\" \/>\n\t<meta property=\"og:image:width\" content=\"800\" \/>\n\t<meta property=\"og:image:height\" content=\"533\" \/>\n\t<meta property=\"og:image:type\" content=\"image\/jpeg\" \/>\n<meta name=\"author\" content=\"M\u00e1rcio Miranda Pontes\" \/>\n<meta name=\"twitter:card\" content=\"summary_large_image\" \/>\n<meta name=\"twitter:creator\" content=\"@ContatoSabra\" \/>\n<meta name=\"twitter:site\" content=\"@ContatoSabra\" \/>\n<meta name=\"twitter:label1\" content=\"Escrito por\" \/>\n\t<meta name=\"twitter:data1\" content=\"M\u00e1rcio Miranda Pontes\" \/>\n\t<meta name=\"twitter:label2\" content=\"Est. tempo de leitura\" \/>\n\t<meta name=\"twitter:data2\" content=\"4 minutos\" \/>\n<script type=\"application\/ld+json\" class=\"yoast-schema-graph\">{\"@context\":\"https:\\\/\\\/schema.org\",\"@graph\":[{\"@type\":\"Article\",\"@id\":\"https:\\\/\\\/www.sabra.org.br\\\/site\\\/sabra-ajuda\\\/#article\",\"isPartOf\":{\"@id\":\"https:\\\/\\\/www.sabra.org.br\\\/site\\\/sabra-ajuda\\\/\"},\"author\":{\"name\":\"M\u00e1rcio Miranda Pontes\",\"@id\":\"https:\\\/\\\/www.sabra.org.br\\\/site\\\/#\\\/schema\\\/person\\\/7d1d222c3c8891d4c37c7b41bf6315c2\"},\"headline\":\"Saiba como a Sociedade Art\u00edstica Brasileira pode ajudar voc\u00ea\",\"datePublished\":\"2023-08-02T18:11:42+00:00\",\"dateModified\":\"2023-08-03T13:20:21+00:00\",\"mainEntityOfPage\":{\"@id\":\"https:\\\/\\\/www.sabra.org.br\\\/site\\\/sabra-ajuda\\\/\"},\"wordCount\":817,\"commentCount\":0,\"publisher\":{\"@id\":\"https:\\\/\\\/www.sabra.org.br\\\/site\\\/#organization\"},\"image\":{\"@id\":\"https:\\\/\\\/www.sabra.org.br\\\/site\\\/sabra-ajuda\\\/#primaryimage\"},\"thumbnailUrl\":\"https:\\\/\\\/www.sabra.org.br\\\/site\\\/wp-content\\\/uploads\\\/2023\\\/08\\\/saiba-como-a-sociedade-artistica-brasileira-pode-ajudar-vocejpg-20230504105610-1.jpg-1-jpg.webp\",\"keywords\":[\"Assist\u00eancia social\",\"Belo Horizonte\",\"Cabo Frio\",\"Campos dos Goytacazes\",\"Canto Coral\",\"Contagem\",\"Escola de Musica SABRA\",\"Ibirit\u00e9\",\"Musicaliza\u00e7\u00e3o Infantil\",\"nova lima\",\"Orquestra Infanto Juvenil de Betim\",\"Orquestra Sinf\u00f4nica de Betim\",\"Raposos\",\"Sociedade Art\u00edstica Brasileira\"],\"articleSection\":[\"Blog SABRA\"],\"inLanguage\":\"pt-BR\",\"potentialAction\":[{\"@type\":\"CommentAction\",\"name\":\"Comment\",\"target\":[\"https:\\\/\\\/www.sabra.org.br\\\/site\\\/sabra-ajuda\\\/#respond\"]}]},{\"@type\":\"WebPage\",\"@id\":\"https:\\\/\\\/www.sabra.org.br\\\/site\\\/sabra-ajuda\\\/\",\"url\":\"https:\\\/\\\/www.sabra.org.br\\\/site\\\/sabra-ajuda\\\/\",\"name\":\"Saiba como a Sociedade Art\u00edstica Brasileira pode ajudar voc\u00ea - SABRA - Sociedade Art\u00edstica Brasileira\",\"isPartOf\":{\"@id\":\"https:\\\/\\\/www.sabra.org.br\\\/site\\\/#website\"},\"primaryImageOfPage\":{\"@id\":\"https:\\\/\\\/www.sabra.org.br\\\/site\\\/sabra-ajuda\\\/#primaryimage\"},\"image\":{\"@id\":\"https:\\\/\\\/www.sabra.org.br\\\/site\\\/sabra-ajuda\\\/#primaryimage\"},\"thumbnailUrl\":\"https:\\\/\\\/www.sabra.org.br\\\/site\\\/wp-content\\\/uploads\\\/2023\\\/08\\\/saiba-como-a-sociedade-artistica-brasileira-pode-ajudar-vocejpg-20230504105610-1.jpg-1-jpg.webp\",\"datePublished\":\"2023-08-02T18:11:42+00:00\",\"dateModified\":\"2023-08-03T13:20:21+00:00\",\"description\":\"Focada em promover inclus\u00e3o social e enriquecimento cultural atrav\u00e9s da m\u00fasica, a SABRA utiliza a m\u00fasica para transformar a nossa sociedade.\",\"breadcrumb\":{\"@id\":\"https:\\\/\\\/www.sabra.org.br\\\/site\\\/sabra-ajuda\\\/#breadcrumb\"},\"inLanguage\":\"pt-BR\",\"potentialAction\":[{\"@type\":\"ReadAction\",\"target\":[\"https:\\\/\\\/www.sabra.org.br\\\/site\\\/sabra-ajuda\\\/\"]}]},{\"@type\":\"ImageObject\",\"inLanguage\":\"pt-BR\",\"@id\":\"https:\\\/\\\/www.sabra.org.br\\\/site\\\/sabra-ajuda\\\/#primaryimage\",\"url\":\"https:\\\/\\\/www.sabra.org.br\\\/site\\\/wp-content\\\/uploads\\\/2023\\\/08\\\/saiba-como-a-sociedade-artistica-brasileira-pode-ajudar-vocejpg-20230504105610-1.jpg-1-jpg.webp\",\"contentUrl\":\"https:\\\/\\\/www.sabra.org.br\\\/site\\\/wp-content\\\/uploads\\\/2023\\\/08\\\/saiba-como-a-sociedade-artistica-brasileira-pode-ajudar-vocejpg-20230504105610-1.jpg-1-jpg.webp\",\"width\":800,\"height\":533,\"caption\":\"Sociedade Art\u00edstica Brasileira SABRA\"},{\"@type\":\"BreadcrumbList\",\"@id\":\"https:\\\/\\\/www.sabra.org.br\\\/site\\\/sabra-ajuda\\\/#breadcrumb\",\"itemListElement\":[{\"@type\":\"ListItem\",\"position\":1,\"name\":\"In\u00edcio\",\"item\":\"https:\\\/\\\/www.sabra.org.br\\\/site\\\/\"},{\"@type\":\"ListItem\",\"position\":2,\"name\":\"Saiba como a Sociedade Art\u00edstica Brasileira pode ajudar voc\u00ea\"}]},{\"@type\":\"WebSite\",\"@id\":\"https:\\\/\\\/www.sabra.org.br\\\/site\\\/#website\",\"url\":\"https:\\\/\\\/www.sabra.org.br\\\/site\\\/\",\"name\":\"SABRA - Sociedade Art\u00edstica Brasileira\",\"description\":\"Escola de M\u00fasica, Orquestra Sinf\u00f4nica, Coral e Patrim\u00f4nio Cultural e Hist\u00f3rico\",\"publisher\":{\"@id\":\"https:\\\/\\\/www.sabra.org.br\\\/site\\\/#organization\"},\"potentialAction\":[{\"@type\":\"SearchAction\",\"target\":{\"@type\":\"EntryPoint\",\"urlTemplate\":\"https:\\\/\\\/www.sabra.org.br\\\/site\\\/?s={search_term_string}\"},\"query-input\":{\"@type\":\"PropertyValueSpecification\",\"valueRequired\":true,\"valueName\":\"search_term_string\"}}],\"inLanguage\":\"pt-BR\"},{\"@type\":\"Organization\",\"@id\":\"https:\\\/\\\/www.sabra.org.br\\\/site\\\/#organization\",\"name\":\"SOCIEDADE ART\u00cdSTICA BRASILEIRA SABRA\",\"alternateName\":\"SABRA\",\"url\":\"https:\\\/\\\/www.sabra.org.br\\\/site\\\/\",\"logo\":{\"@type\":\"ImageObject\",\"inLanguage\":\"pt-BR\",\"@id\":\"https:\\\/\\\/www.sabra.org.br\\\/site\\\/#\\\/schema\\\/logo\\\/image\\\/\",\"url\":\"https:\\\/\\\/www.sabra.org.br\\\/site\\\/wp-content\\\/uploads\\\/2019\\\/06\\\/cropped-Logo_SABRA-Copia-1.webp\",\"contentUrl\":\"https:\\\/\\\/www.sabra.org.br\\\/site\\\/wp-content\\\/uploads\\\/2019\\\/06\\\/cropped-Logo_SABRA-Copia-1.webp\",\"width\":400,\"height\":128,\"caption\":\"SOCIEDADE ART\u00cdSTICA BRASILEIRA SABRA\"},\"image\":{\"@id\":\"https:\\\/\\\/www.sabra.org.br\\\/site\\\/#\\\/schema\\\/logo\\\/image\\\/\"},\"sameAs\":[\"https:\\\/\\\/www.facebook.com\\\/sabrabrasil\",\"https:\\\/\\\/x.com\\\/ContatoSabra\",\"https:\\\/\\\/www.instagram.com\\\/sabrabrasil\\\/\",\"https:\\\/\\\/www.linkedin.com\\\/company\\\/25002088\\\/\",\"https:\\\/\\\/br.pinterest.com\\\/sociedadeartisticabrasileira\\\/\",\"https:\\\/\\\/www.youtube.com\\\/c\\\/sabrabrasil\"]},{\"@type\":\"Person\",\"@id\":\"https:\\\/\\\/www.sabra.org.br\\\/site\\\/#\\\/schema\\\/person\\\/7d1d222c3c8891d4c37c7b41bf6315c2\",\"name\":\"M\u00e1rcio Miranda Pontes\",\"image\":{\"@type\":\"ImageObject\",\"inLanguage\":\"pt-BR\",\"@id\":\"https:\\\/\\\/secure.gravatar.com\\\/avatar\\\/3b45f24496a7625a3a6c436688fbe20344faaeb2979658dc4a9921f984d7df9a?s=96&d=mm&r=g\",\"url\":\"https:\\\/\\\/secure.gravatar.com\\\/avatar\\\/3b45f24496a7625a3a6c436688fbe20344faaeb2979658dc4a9921f984d7df9a?s=96&d=mm&r=g\",\"contentUrl\":\"https:\\\/\\\/secure.gravatar.com\\\/avatar\\\/3b45f24496a7625a3a6c436688fbe20344faaeb2979658dc4a9921f984d7df9a?s=96&d=mm&r=g\",\"caption\":\"M\u00e1rcio Miranda Pontes\"},\"sameAs\":[\"http:\\\/\\\/www.sabra.org.br\"],\"url\":\"https:\\\/\\\/www.sabra.org.br\\\/site\\\/author\\\/marcio-miranda-pontes\\\/\"}]}<\/script>\n<!-- \/ Yoast SEO plugin. -->","yoast_head_json":{"title":"Saiba como a Sociedade Art\u00edstica Brasileira pode ajudar voc\u00ea - SABRA - Sociedade Art\u00edstica Brasileira","description":"Focada em promover inclus\u00e3o social e enriquecimento cultural atrav\u00e9s da m\u00fasica, a SABRA utiliza a m\u00fasica para transformar a nossa sociedade.","robots":{"index":"index","follow":"follow","max-snippet":"max-snippet:-1","max-image-preview":"max-image-preview:large","max-video-preview":"max-video-preview:-1"},"canonical":"https:\/\/www.sabra.org.br\/site\/sabra-ajuda\/","og_locale":"pt_BR","og_type":"article","og_title":"Saiba como a Sociedade Art\u00edstica Brasileira pode ajudar voc\u00ea - SABRA - Sociedade Art\u00edstica Brasileira","og_description":"Focada em promover inclus\u00e3o social e enriquecimento cultural atrav\u00e9s da m\u00fasica, a SABRA utiliza a m\u00fasica para transformar a nossa sociedade.","og_url":"https:\/\/www.sabra.org.br\/site\/sabra-ajuda\/","og_site_name":"SABRA - Sociedade Art\u00edstica Brasileira","article_publisher":"https:\/\/www.facebook.com\/sabrabrasil","article_published_time":"2023-08-02T18:11:42+00:00","article_modified_time":"2023-08-03T13:20:21+00:00","og_image":[{"width":800,"height":533,"url":"https:\/\/i0.wp.com\/www.sabra.org.br\/site\/wp-content\/uploads\/2023\/08\/saiba-como-a-sociedade-artistica-brasileira-pode-ajudar-vocejpg-20230504105610-1.jpg-1-jpg.webp?fit=800%2C533&ssl=1","type":"image\/jpeg"}],"author":"M\u00e1rcio Miranda Pontes","twitter_card":"summary_large_image","twitter_creator":"@ContatoSabra","twitter_site":"@ContatoSabra","twitter_misc":{"Escrito por":"M\u00e1rcio Miranda Pontes","Est. tempo de leitura":"4 minutos"},"schema":{"@context":"https:\/\/schema.org","@graph":[{"@type":"Article","@id":"https:\/\/www.sabra.org.br\/site\/sabra-ajuda\/#article","isPartOf":{"@id":"https:\/\/www.sabra.org.br\/site\/sabra-ajuda\/"},"author":{"name":"M\u00e1rcio Miranda Pontes","@id":"https:\/\/www.sabra.org.br\/site\/#\/schema\/person\/7d1d222c3c8891d4c37c7b41bf6315c2"},"headline":"Saiba como a Sociedade Art\u00edstica Brasileira pode ajudar voc\u00ea","datePublished":"2023-08-02T18:11:42+00:00","dateModified":"2023-08-03T13:20:21+00:00","mainEntityOfPage":{"@id":"https:\/\/www.sabra.org.br\/site\/sabra-ajuda\/"},"wordCount":817,"commentCount":0,"publisher":{"@id":"https:\/\/www.sabra.org.br\/site\/#organization"},"image":{"@id":"https:\/\/www.sabra.org.br\/site\/sabra-ajuda\/#primaryimage"},"thumbnailUrl":"https:\/\/www.sabra.org.br\/site\/wp-content\/uploads\/2023\/08\/saiba-como-a-sociedade-artistica-brasileira-pode-ajudar-vocejpg-20230504105610-1.jpg-1-jpg.webp","keywords":["Assist\u00eancia social","Belo Horizonte","Cabo Frio","Campos dos Goytacazes","Canto Coral","Contagem","Escola de Musica SABRA","Ibirit\u00e9","Musicaliza\u00e7\u00e3o Infantil","nova lima","Orquestra Infanto Juvenil de Betim","Orquestra Sinf\u00f4nica de Betim","Raposos","Sociedade Art\u00edstica Brasileira"],"articleSection":["Blog SABRA"],"inLanguage":"pt-BR","potentialAction":[{"@type":"CommentAction","name":"Comment","target":["https:\/\/www.sabra.org.br\/site\/sabra-ajuda\/#respond"]}]},{"@type":"WebPage","@id":"https:\/\/www.sabra.org.br\/site\/sabra-ajuda\/","url":"https:\/\/www.sabra.org.br\/site\/sabra-ajuda\/","name":"Saiba como a Sociedade Art\u00edstica Brasileira pode ajudar voc\u00ea - SABRA - Sociedade Art\u00edstica Brasileira","isPartOf":{"@id":"https:\/\/www.sabra.org.br\/site\/#website"},"primaryImageOfPage":{"@id":"https:\/\/www.sabra.org.br\/site\/sabra-ajuda\/#primaryimage"},"image":{"@id":"https:\/\/www.sabra.org.br\/site\/sabra-ajuda\/#primaryimage"},"thumbnailUrl":"https:\/\/www.sabra.org.br\/site\/wp-content\/uploads\/2023\/08\/saiba-como-a-sociedade-artistica-brasileira-pode-ajudar-vocejpg-20230504105610-1.jpg-1-jpg.webp","datePublished":"2023-08-02T18:11:42+00:00","dateModified":"2023-08-03T13:20:21+00:00","description":"Focada em promover inclus\u00e3o social e enriquecimento cultural atrav\u00e9s da m\u00fasica, a SABRA utiliza a m\u00fasica para transformar a nossa sociedade.","breadcrumb":{"@id":"https:\/\/www.sabra.org.br\/site\/sabra-ajuda\/#breadcrumb"},"inLanguage":"pt-BR","potentialAction":[{"@type":"ReadAction","target":["https:\/\/www.sabra.org.br\/site\/sabra-ajuda\/"]}]},{"@type":"ImageObject","inLanguage":"pt-BR","@id":"https:\/\/www.sabra.org.br\/site\/sabra-ajuda\/#primaryimage","url":"https:\/\/www.sabra.org.br\/site\/wp-content\/uploads\/2023\/08\/saiba-como-a-sociedade-artistica-brasileira-pode-ajudar-vocejpg-20230504105610-1.jpg-1-jpg.webp","contentUrl":"https:\/\/www.sabra.org.br\/site\/wp-content\/uploads\/2023\/08\/saiba-como-a-sociedade-artistica-brasileira-pode-ajudar-vocejpg-20230504105610-1.jpg-1-jpg.webp","width":800,"height":533,"caption":"Sociedade Art\u00edstica Brasileira SABRA"},{"@type":"BreadcrumbList","@id":"https:\/\/www.sabra.org.br\/site\/sabra-ajuda\/#breadcrumb","itemListElement":[{"@type":"ListItem","position":1,"name":"In\u00edcio","item":"https:\/\/www.sabra.org.br\/site\/"},{"@type":"ListItem","position":2,"name":"Saiba como a Sociedade Art\u00edstica Brasileira pode ajudar voc\u00ea"}]},{"@type":"WebSite","@id":"https:\/\/www.sabra.org.br\/site\/#website","url":"https:\/\/www.sabra.org.br\/site\/","name":"SABRA - Sociedade Art\u00edstica Brasileira","description":"Escola de M\u00fasica, Orquestra Sinf\u00f4nica, Coral e Patrim\u00f4nio Cultural e Hist\u00f3rico","publisher":{"@id":"https:\/\/www.sabra.org.br\/site\/#organization"},"potentialAction":[{"@type":"SearchAction","target":{"@type":"EntryPoint","urlTemplate":"https:\/\/www.sabra.org.br\/site\/?s={search_term_string}"},"query-input":{"@type":"PropertyValueSpecification","valueRequired":true,"valueName":"search_term_string"}}],"inLanguage":"pt-BR"},{"@type":"Organization","@id":"https:\/\/www.sabra.org.br\/site\/#organization","name":"SOCIEDADE ART\u00cdSTICA BRASILEIRA SABRA","alternateName":"SABRA","url":"https:\/\/www.sabra.org.br\/site\/","logo":{"@type":"ImageObject","inLanguage":"pt-BR","@id":"https:\/\/www.sabra.org.br\/site\/#\/schema\/logo\/image\/","url":"https:\/\/www.sabra.org.br\/site\/wp-content\/uploads\/2019\/06\/cropped-Logo_SABRA-Copia-1.webp","contentUrl":"https:\/\/www.sabra.org.br\/site\/wp-content\/uploads\/2019\/06\/cropped-Logo_SABRA-Copia-1.webp","width":400,"height":128,"caption":"SOCIEDADE ART\u00cdSTICA BRASILEIRA SABRA"},"image":{"@id":"https:\/\/www.sabra.org.br\/site\/#\/schema\/logo\/image\/"},"sameAs":["https:\/\/www.facebook.com\/sabrabrasil","https:\/\/x.com\/ContatoSabra","https:\/\/www.instagram.com\/sabrabrasil\/","https:\/\/www.linkedin.com\/company\/25002088\/","https:\/\/br.pinterest.com\/sociedadeartisticabrasileira\/","https:\/\/www.youtube.com\/c\/sabrabrasil"]},{"@type":"Person","@id":"https:\/\/www.sabra.org.br\/site\/#\/schema\/person\/7d1d222c3c8891d4c37c7b41bf6315c2","name":"M\u00e1rcio Miranda Pontes","image":{"@type":"ImageObject","inLanguage":"pt-BR","@id":"https:\/\/secure.gravatar.com\/avatar\/3b45f24496a7625a3a6c436688fbe20344faaeb2979658dc4a9921f984d7df9a?s=96&d=mm&r=g","url":"https:\/\/secure.gravatar.com\/avatar\/3b45f24496a7625a3a6c436688fbe20344faaeb2979658dc4a9921f984d7df9a?s=96&d=mm&r=g","contentUrl":"https:\/\/secure.gravatar.com\/avatar\/3b45f24496a7625a3a6c436688fbe20344faaeb2979658dc4a9921f984d7df9a?s=96&d=mm&r=g","caption":"M\u00e1rcio Miranda Pontes"},"sameAs":["http:\/\/www.sabra.org.br"],"url":"https:\/\/www.sabra.org.br\/site\/author\/marcio-miranda-pontes\/"}]}},"jetpack_featured_media_url":"https:\/\/www.sabra.org.br\/site\/wp-content\/uploads\/2023\/08\/saiba-como-a-sociedade-artistica-brasileira-pode-ajudar-vocejpg-20230504105610-1.jpg-1-jpg.webp","jetpack_shortlink":"https:\/\/wp.me\/p95j2Z-215","jetpack-related-posts":[{"id":7138,"url":"https:\/\/www.sabra.org.br\/site\/jovem-solista\/","url_meta":{"origin":7755,"position":0},"title":"Premio Jovem Solista da Orquestra Sinfonica de Betim","author":"M\u00e1rcio Miranda Pontes","date":"16 de maio de 2023","format":false,"excerpt":"Estimular a competi\u00e7\u00e3o musical \u00e9 uma excelente maneira de incentivar de forma saud\u00e1vel que os indiv\u00edduos disputem entre si sem que hajam desentendimentos ou algo do tipo. Conhe\u00e7a um pouco mais sobre o Premio Jovem Solista da Orquestra Sinfonica de Betim","rel":"","context":"Em &quot;Blog SABRA&quot;","block_context":{"text":"Blog SABRA","link":"https:\/\/www.sabra.org.br\/site\/category\/blog-sabra\/"},"img":{"alt_text":"m\u00fasica-orquestra-betim-sinf\u00f4nica-pr\u00eamio-solista-art\u00edtica-jovem-jovens-projetos-proporcionar-sabra","src":"https:\/\/i0.wp.com\/www.sabra.org.br\/site\/wp-content\/uploads\/2023\/05\/premio-jovem-solista-da-orquestra-sinfonica-de-betim-20171229162457.jpg-jpg.webp?resize=350%2C200&ssl=1","width":350,"height":200,"srcset":"https:\/\/i0.wp.com\/www.sabra.org.br\/site\/wp-content\/uploads\/2023\/05\/premio-jovem-solista-da-orquestra-sinfonica-de-betim-20171229162457.jpg-jpg.webp?resize=350%2C200&ssl=1 1x, https:\/\/i0.wp.com\/www.sabra.org.br\/site\/wp-content\/uploads\/2023\/05\/premio-jovem-solista-da-orquestra-sinfonica-de-betim-20171229162457.jpg-jpg.webp?resize=525%2C300&ssl=1 1.5x, https:\/\/i0.wp.com\/www.sabra.org.br\/site\/wp-content\/uploads\/2023\/05\/premio-jovem-solista-da-orquestra-sinfonica-de-betim-20171229162457.jpg-jpg.webp?resize=700%2C400&ssl=1 2x"},"classes":[]},{"id":783,"url":"https:\/\/www.sabra.org.br\/site\/sabra-e-orquestra-sinfonica-de-betim-promovem-concerto-didatico-para-surdos\/","url_meta":{"origin":7755,"position":1},"title":"SABRA e Orquestra Sinf\u00f4nica de Betim promovem Concerto Did\u00e1tico para Surdos","author":"M\u00e1rcio Miranda Pontes","date":"6 de novembro de 2017","format":false,"excerpt":"A Sociedade Art\u00edstica Brasileira (SABRA) promove, no dia 10 de novembro, o Concerto Did\u00e1tico para Surdos, em Betim, Minas Gerais. Sob a reg\u00eancia de M\u00e1rcio Miranda Pontes, 74 instrumentistas da Orquestra Sinf\u00f4nica de Betim, em forma\u00e7\u00e3o completa, interpretam obras como Finlandia de Sibelius, Capriccio Italiano e o 4\u00ba movimento da\u2026","rel":"","context":"Em &quot;Not\u00edcias&quot;","block_context":{"text":"Not\u00edcias","link":"https:\/\/www.sabra.org.br\/site\/category\/noticias\/"},"img":{"alt_text":"M\u00e1rcio Miranda Pontes","src":"https:\/\/i0.wp.com\/www.sabra.org.br\/site\/wp-content\/uploads\/2017\/11\/release-2-20171027133315.jpg.jpg?resize=350%2C200&ssl=1","width":350,"height":200,"srcset":"https:\/\/i0.wp.com\/www.sabra.org.br\/site\/wp-content\/uploads\/2017\/11\/release-2-20171027133315.jpg.jpg?resize=350%2C200&ssl=1 1x, https:\/\/i0.wp.com\/www.sabra.org.br\/site\/wp-content\/uploads\/2017\/11\/release-2-20171027133315.jpg.jpg?resize=525%2C300&ssl=1 1.5x, https:\/\/i0.wp.com\/www.sabra.org.br\/site\/wp-content\/uploads\/2017\/11\/release-2-20171027133315.jpg.jpg?resize=700%2C400&ssl=1 2x"},"classes":[]},{"id":1913,"url":"https:\/\/www.sabra.org.br\/site\/inclusao-social\/","url_meta":{"origin":7755,"position":2},"title":"Inclus\u00e3o Social","author":"M\u00e1rcio Miranda Pontes","date":"16 de maio de 2019","format":false,"excerpt":"trabalho da sociedade art\u00edstica brasileira educa\u00e7\u00e3o musical SABRA Inclus\u00e3o Social Assistente Social","rel":"","context":"Em &quot;Blog SABRA&quot;","block_context":{"text":"Blog SABRA","link":"https:\/\/www.sabra.org.br\/site\/category\/blog-sabra\/"},"img":{"alt_text":"","src":"https:\/\/i0.wp.com\/www.sabra.org.br\/site\/wp-content\/uploads\/2019\/05\/Assitente-Social-1.jpg?resize=350%2C200&ssl=1","width":350,"height":200},"classes":[]},{"id":1448,"url":"https:\/\/www.sabra.org.br\/site\/musica-para-todos-concerto-gratuito-em-betim\/","url_meta":{"origin":7755,"position":3},"title":"M\u00fasica para Todos promove concerto gratuito em Betim","author":"M\u00e1rcio Miranda Pontes","date":"28 de agosto de 2018","format":false,"excerpt":"Orquestra Sinf\u00f4nica de Betim se apresenta no domingo em projeto de valoriza\u00e7\u00e3o da m\u00fasica erudita \u00a0 A Orquestra Sinf\u00f4nica de Betim se apresenta neste domingo, 02\/09, \u00e0s 10h30, no bairro Bueno Franco, em Betim, dentro da programa\u00e7\u00e3o do M\u00fasica para Todos. O projeto promove concertos itinerantes nos bairros da cidade\u2026","rel":"","context":"Em &quot;Not\u00edcias&quot;","block_context":{"text":"Not\u00edcias","link":"https:\/\/www.sabra.org.br\/site\/category\/noticias\/"},"img":{"alt_text":"M\u00fasica para todos","src":"https:\/\/i0.wp.com\/www.sabra.org.br\/site\/wp-content\/uploads\/2018\/08\/M%C3%BAsica-para-todos.jpg?resize=350%2C200&ssl=1","width":350,"height":200,"srcset":"https:\/\/i0.wp.com\/www.sabra.org.br\/site\/wp-content\/uploads\/2018\/08\/M%C3%BAsica-para-todos.jpg?resize=350%2C200&ssl=1 1x, https:\/\/i0.wp.com\/www.sabra.org.br\/site\/wp-content\/uploads\/2018\/08\/M%C3%BAsica-para-todos.jpg?resize=525%2C300&ssl=1 1.5x, https:\/\/i0.wp.com\/www.sabra.org.br\/site\/wp-content\/uploads\/2018\/08\/M%C3%BAsica-para-todos.jpg?resize=700%2C400&ssl=1 2x"},"classes":[]},{"id":859,"url":"https:\/\/www.sabra.org.br\/site\/orquestra-sinfonica-de-betim-celebra-a-musica-lirica-em-concerto\/","url_meta":{"origin":7755,"position":4},"title":"Orquestra Sinf\u00f4nica de Betim celebra a m\u00fasica l\u00edrica em concerto","author":"M\u00e1rcio Miranda Pontes","date":"9 de dezembro de 2017","format":false,"excerpt":"Orquestra Sinf\u00f4nica de Betim se apresenta no CCBB Data: 14 de dezembro, quinta-feira Hor\u00e1rio: 20h00 Local: Centro Cultural Banco do Brasil - Pra\u00e7a da Liberdade, 450 - Funcion\u00e1rios, Belo Horizonte - MG. Ingressos: Inteira: R$ 20,00 meia: R$ 10,00 Clique aqui para comprar seu ingresso. Sob a reg\u00eancia do maestro\u2026","rel":"","context":"Em &quot;Not\u00edcias&quot;","block_context":{"text":"Not\u00edcias","link":"https:\/\/www.sabra.org.br\/site\/category\/noticias\/"},"img":{"alt_text":"Sociedade Art\u00edstica Brasileira SABRA","src":"https:\/\/i0.wp.com\/www.sabra.org.br\/site\/wp-content\/uploads\/2017\/12\/15940406_10153983478431946_7047361238975298962_n.jpg?resize=350%2C200&ssl=1","width":350,"height":200,"srcset":"https:\/\/i0.wp.com\/www.sabra.org.br\/site\/wp-content\/uploads\/2017\/12\/15940406_10153983478431946_7047361238975298962_n.jpg?resize=350%2C200&ssl=1 1x, https:\/\/i0.wp.com\/www.sabra.org.br\/site\/wp-content\/uploads\/2017\/12\/15940406_10153983478431946_7047361238975298962_n.jpg?resize=525%2C300&ssl=1 1.5x"},"classes":[]},{"id":822,"url":"https:\/\/www.sabra.org.br\/site\/concertos-com-a-orquestra-sinfonica-de-betim-ccbb-bh-novembro-2017\/","url_meta":{"origin":7755,"position":5},"title":"Concertos com a Orquestra Sinf\u00f4nica de Betim &#8211; CCBB-BH &#8211; novembro 2017","author":"M\u00e1rcio Miranda Pontes","date":"18 de novembro de 2017","format":false,"excerpt":"Na primeira apresenta\u00e7\u00e3o da s\u00e9rie de concertos, a Orquestra acompanhada de 4 jovens solistas executa obras de compositores como Stamitz, Haydn, Koussevitzky e Tchaikovsky. Sob a reg\u00eancia de M\u00e1rcio Miranda Pontes, a s\u00e9rie Concertos com a Orquestra Sinf\u00f4nica de Betim realiza em Belo Horizonte a primeira apresenta\u00e7\u00e3o no dia 29\u2026","rel":"","context":"Em &quot;Not\u00edcias&quot;","block_context":{"text":"Not\u00edcias","link":"https:\/\/www.sabra.org.br\/site\/category\/noticias\/"},"img":{"alt_text":"Concertos","src":"https:\/\/i0.wp.com\/www.sabra.org.br\/site\/wp-content\/uploads\/2017\/11\/IMG_6263.jpg?resize=350%2C200&ssl=1","width":350,"height":200,"srcset":"https:\/\/i0.wp.com\/www.sabra.org.br\/site\/wp-content\/uploads\/2017\/11\/IMG_6263.jpg?resize=350%2C200&ssl=1 1x, https:\/\/i0.wp.com\/www.sabra.org.br\/site\/wp-content\/uploads\/2017\/11\/IMG_6263.jpg?resize=525%2C300&ssl=1 1.5x, https:\/\/i0.wp.com\/www.sabra.org.br\/site\/wp-content\/uploads\/2017\/11\/IMG_6263.jpg?resize=700%2C400&ssl=1 2x, https:\/\/i0.wp.com\/www.sabra.org.br\/site\/wp-content\/uploads\/2017\/11\/IMG_6263.jpg?resize=1050%2C600&ssl=1 3x, https:\/\/i0.wp.com\/www.sabra.org.br\/site\/wp-content\/uploads\/2017\/11\/IMG_6263.jpg?resize=1400%2C800&ssl=1 4x"},"classes":[]}],"jetpack_likes_enabled":true,"jetpack_sharing_enabled":true,"_links":{"self":[{"href":"https:\/\/www.sabra.org.br\/site\/wp-json\/wp\/v2\/posts\/7755","targetHints":{"allow":["GET"]}}],"collection":[{"href":"https:\/\/www.sabra.org.br\/site\/wp-json\/wp\/v2\/posts"}],"about":[{"href":"https:\/\/www.sabra.org.br\/site\/wp-json\/wp\/v2\/types\/post"}],"author":[{"embeddable":true,"href":"https:\/\/www.sabra.org.br\/site\/wp-json\/wp\/v2\/users\/39"}],"replies":[{"embeddable":true,"href":"https:\/\/www.sabra.org.br\/site\/wp-json\/wp\/v2\/comments?post=7755"}],"version-history":[{"count":0,"href":"https:\/\/www.sabra.org.br\/site\/wp-json\/wp\/v2\/posts\/7755\/revisions"}],"wp:featuredmedia":[{"embeddable":true,"href":"https:\/\/www.sabra.org.br\/site\/wp-json\/wp\/v2\/media\/7756"}],"wp:attachment":[{"href":"https:\/\/www.sabra.org.br\/site\/wp-json\/wp\/v2\/media?parent=7755"}],"wp:term":[{"taxonomy":"category","embeddable":true,"href":"https:\/\/www.sabra.org.br\/site\/wp-json\/wp\/v2\/categories?post=7755"},{"taxonomy":"post_tag","embeddable":true,"href":"https:\/\/www.sabra.org.br\/site\/wp-json\/wp\/v2\/tags?post=7755"}],"curies":[{"name":"wp","href":"https:\/\/api.w.org\/{rel}","templated":true}]}}