{"id":7784,"date":"2023-08-07T11:24:49","date_gmt":"2023-08-07T14:24:49","guid":{"rendered":"https:\/\/www.sabra.org.br\/site\/?p=7784"},"modified":"2025-04-18T11:26:14","modified_gmt":"2025-04-18T14:26:14","slug":"repertorio-orquestra","status":"publish","type":"post","link":"https:\/\/www.sabra.org.br\/site\/repertorio-orquestra\/","title":{"rendered":"Como \u00e9 feita a sele\u00e7\u00e3o do repert\u00f3rio em uma orquestra?"},"content":{"rendered":"<p>A sele\u00e7\u00e3o do repert\u00f3rio em uma orquestra \u00e9 um processo cuidadoso que envolve a considera\u00e7\u00e3o de v\u00e1rios fatores. Em primeiro lugar, o diretor, maestro e m\u00fasicos consideram suas vis\u00f5es art\u00edsticas para selecionar um repert\u00f3rio. Toda a equipe tamb\u00e9m \u00e9 respons\u00e1vel por pesquisar e elaborar uma programa\u00e7\u00e3o, de acordo com os objetivos do espet\u00e1culo.<\/p>\n<p>Ent\u00e3o, quer saber como \u00e9 feita a sele\u00e7\u00e3o do repert\u00f3rio em uma orquestra? Continue a leitura e saiba mais detalhes sobre esse processo.<\/p>\n<h2>Vis\u00e3o art\u00edstica<\/h2>\n<p>O diretor musical da orquestra desempenha um papel fundamental na sele\u00e7\u00e3o do repert\u00f3rio. Eles t\u00eam uma vis\u00e3o art\u00edstica geral para a temporada, levando em considera\u00e7\u00e3o o equil\u00edbrio entre os diferentes estilos musicais, per\u00edodos hist\u00f3ricos e obras populares menos conhecidas. Eles tamb\u00e9m podem querer explorar temas espec\u00edficos ao longo da temporada ou comemorar anivers\u00e1rios de compositores.<\/p>\n<h2>Pesquisa e programa\u00e7\u00e3o<\/h2>\n<p>A equipe da orquestra, incluindo o diretor musical, os m\u00fasicos e o comit\u00ea de programa\u00e7\u00e3o, pesquisa obras musicais que se encaixam na vis\u00e3o art\u00edstica estabelecida. Eles podem analisar sinopses, partituras, grava\u00e7\u00f5es anteriores e coment\u00e1rios de cr\u00edticos para avaliar o potencial de uma pe\u00e7a.<\/p>\n<h2>Audi\u00eancia e p\u00fablico-alvo<\/h2>\n<p>A orquestra leva em considera\u00e7\u00e3o o seu p\u00fablico-alvo e as prefer\u00eancias musicais da comunidade. Eles podem fazer pesquisas, realizar enquetes ou solicitar feedback dos assinantes para entender quais pe\u00e7as ou estilos musicais s\u00e3o mais populares. Isso ajuda a equilibrar a sele\u00e7\u00e3o do repert\u00f3rio entre obras cl\u00e1ssicas conhecidas e composi\u00e7\u00f5es contempor\u00e2neas.<\/p>\n<h2>Desafios t\u00e9cnicos e musicais<\/h2>\n<p>A orquestra leva em considera\u00e7\u00e3o as habilidades e a disponibilidade dos m\u00fasicos para executar determinadas obras. Algumas pe\u00e7as podem exigir habilidades t\u00e9cnicas especiais de um determinado instrumento ou podem ser muito desafiadoras para os m\u00fasicos. Al\u00e9m disso, a orquestra deve considerar a combina\u00e7\u00e3o e a variedade de pe\u00e7as para manter os m\u00fasicos engajados e oferecer um desafio musical interessante.<\/p>\n<h2>Equil\u00edbrio e variedade<\/h2>\n<p>Uma preocupa\u00e7\u00e3o importante \u00e9 criar um equil\u00edbrio e variedade no repert\u00f3rio. Isso pode incluir obras de diferentes per\u00edodos, estilos e compositores, bem como uma combina\u00e7\u00e3o de obras mais conhecidas e menos conhecidas. Tamb\u00e9m pode haver varia\u00e7\u00e3o entre pe\u00e7as sinf\u00f4nicas, concertos solistas, m\u00fasica de c\u00e2mara e programas tem\u00e1ticos especiais.<\/p>\n<h2>Log\u00edstica e recursos<\/h2>\n<p>A orquestra tamb\u00e9m considera quest\u00f5es log\u00edsticas e recursos dispon\u00edveis. Isso inclui disponibilidade de solistas convidados, ensaios necess\u00e1rios para aprender novas pe\u00e7as, tamanho da orquestra necess\u00e1rio para cada obra e considera\u00e7\u00f5es financeiras para adquirir partituras e licen\u00e7as de apresenta\u00e7\u00e3o.<\/p>\n<h2>Interpreta\u00e7\u00e3o da equipe<\/h2>\n<p>A orquestra precisa estabelecer uma programa\u00e7\u00e3o de ensaios regulares, na qual os m\u00fasicos se re\u00fanem para praticar e aprimorar as pe\u00e7as musicais selecionadas. Isso tamb\u00e9m envolve trabalhar em estreita colabora\u00e7\u00e3o com o diretor musical para interpretar a m\u00fasica e alcan\u00e7ar a vis\u00e3o art\u00edstica desejada. Portanto, a sele\u00e7\u00e3o tamb\u00e9m depende da interpreta\u00e7\u00e3o de toda a equipe e pode envolver ajustes no repert\u00f3rio.<\/p>\n<p>Depois de considerar todos esses fatores, a orquestra finaliza a sele\u00e7\u00e3o do repert\u00f3rio para a temporada, criando um programa coerente e atraente para seus m\u00fasicos e p\u00fablico. \u00c9 um processo que requer equil\u00edbrio entre os objetivos art\u00edsticos, as expectativas do p\u00fablico e as limita\u00e7\u00f5es pr\u00e1ticas da orquestra.<\/p>\n<p>A Sociedade Art\u00edstica Brasileira (SABRA) promove a inclus\u00e3o social, preservando o patrim\u00f4nio cultural brasileiro e garantindo o acesso de forma gratuita e continuada. Fa\u00e7a parte dessa causa e <a href=\"https:\/\/www.sabra.org.br\/site\/doe-agora\/\">seja um parceiro<\/a>!<\/p>\n<blockquote class=\"wp-embedded-content\" data-secret=\"58pFXRAA4V\"><p><a href=\"https:\/\/www.sabra.org.br\/site\/musical-artista\/\">SABRA te incentivando no caminho da m\u00fasica<\/a><\/p><\/blockquote>\n<p><iframe class=\"wp-embedded-content\" sandbox=\"allow-scripts\" security=\"restricted\" style=\"position: absolute; visibility: hidden;\" title=\"&#8220;SABRA te incentivando no caminho da m\u00fasica&#8221; &#8212; SABRA - Sociedade Art\u00edstica Brasileira\" src=\"https:\/\/www.sabra.org.br\/site\/musical-artista\/embed\/#?secret=QLsdT6DL1z#?secret=58pFXRAA4V\" data-secret=\"58pFXRAA4V\" width=\"600\" height=\"338\" frameborder=\"0\" marginwidth=\"0\" marginheight=\"0\" scrolling=\"no\"><\/iframe><\/p>\n<hr \/>\n<h2>Se voc\u00ea gostou deste post:<\/h2>\n<ul>\n<li>SIGA as nossas p\u00e1ginas nas redes sociais para acompanhar as nossas atualiza\u00e7\u00f5es: estamos no <a href=\"https:\/\/www.facebook.com\/sabrabrasil\" target=\"_blank\" rel=\"noopener\">Facebook<\/a>, no <a href=\"https:\/\/www.instagram.com\/sabrabrasil\/\" target=\"_blank\" rel=\"noopener\">Instagram<\/a>, no <a href=\"https:\/\/www.linkedin.com\/company\/25002088\" target=\"_blank\" rel=\"noopener\">LinkedIn<\/a>, no <a href=\"https:\/\/twitter.com\/ContatoSabra\" target=\"_blank\" rel=\"noopener\">Twitter<\/a> e no <a href=\"https:\/\/www.youtube.com\/channel\/UCJw-kbuEvzUNdeQf20Pa-eQ\" target=\"_blank\" rel=\"noopener\">YouTube<\/a>!<\/li>\n<li>CONHE\u00c7A o trabalho da Sociedade Art\u00edstica Brasileira (SABRA) e todas as iniciativas culturais e sociais que ela mant\u00e9m. <a href=\"https:\/\/www.sabra.org.br\/site\/acoes\/\" target=\"_blank\" rel=\"noopener\">Acesse nosso site!<\/a><\/li>\n<li>ENTRE EM CONTATO com a gente. E veja quais s\u00e3o as op\u00e7\u00f5es de ajuda na manuten\u00e7\u00e3o de nossas a\u00e7\u00f5es sociais e culturais. Basta acessar nossa p\u00e1gina <a href=\"https:\/\/www.sabra.org.br\/site\/doe-agora\/\" target=\"_blank\" rel=\"noopener\">Doe Agora!<\/a><\/li>\n<li>COMPARTILHE este texto nas suas redes sociais e ajude os seus amigos a tamb\u00e9m dominarem o assunto!<\/li>\n<\/ul>\n<p>\u2013 Os projetos da @sabrabrasil s\u00e3o realizados com o patroci\u0301nio m\u00e1ster: @institutounimedbh, viabilizado pelo incentivo de mais de 5,2 mil m\u00e9dicos cooperados e colaboradores via Lei de Incentivo \u00e0 Cultura &#8211; @culturagovbr<\/p>\n<blockquote class=\"wp-embedded-content\" data-secret=\"VCEiqKywvD\"><p><a href=\"https:\/\/www.sabra.org.br\/site\/faculdade-de-musica\/\">Estudar m\u00fasica na faculdade, vale a pena?<\/a><\/p><\/blockquote>\n<p><iframe class=\"wp-embedded-content\" sandbox=\"allow-scripts\" security=\"restricted\" style=\"position: absolute; visibility: hidden;\" title=\"&#8220;Estudar m\u00fasica na faculdade, vale a pena?&#8221; &#8212; SABRA - Sociedade Art\u00edstica Brasileira\" src=\"https:\/\/www.sabra.org.br\/site\/faculdade-de-musica\/embed\/#?secret=HXpn6z2ZrO#?secret=VCEiqKywvD\" data-secret=\"VCEiqKywvD\" width=\"600\" height=\"338\" frameborder=\"0\" marginwidth=\"0\" marginheight=\"0\" scrolling=\"no\"><\/iframe><\/p>\n<p>Conte\u00fado por RedaWeb &#8211; <a href=\"https:\/\/redaweb.com.br\/conteudo\/marketing-de-conteudo\">Marketing de Conte\u00fado<\/a><\/p>\n","protected":false},"excerpt":{"rendered":"<p>Tem curiosidade em saber como \u00e9 feita a sele\u00e7\u00e3o do repert\u00f3rio em uma orquestra? Neste post explicamos os crit\u00e9rios envolvidos dessa sele\u00e7\u00e3o. Leia e saiba mais detalhes sobre esse assunto.<\/p>\n","protected":false},"author":39,"featured_media":7786,"comment_status":"closed","ping_status":"closed","sticky":false,"template":"","format":"standard","meta":{"jetpack_post_was_ever_published":false,"_jetpack_newsletter_access":"","_jetpack_dont_email_post_to_subs":false,"_jetpack_newsletter_tier_id":0,"_jetpack_memberships_contains_paywalled_content":false,"_jetpack_memberships_contains_paid_content":false,"footnotes":""},"categories":[1],"tags":[15,2757,3626,3623,8,3629,1285,3628,16,3519,1286,11,3622,9],"class_list":["post-7784","post","type-post","status-publish","format-standard","has-post-thumbnail","hentry","category-blog-sabra","tag-assistencia-social","tag-belo-horizonte","tag-cabo-frio","tag-campos-dos-goytacazes","tag-canto-coral","tag-contagem","tag-escola-de-musica-sabra","tag-ibirite","tag-musicalizacao-infantil","tag-nova-lima-2","tag-orquestra-infanto-juvenil-de-betim","tag-orquestra-sinfonica-de-betim","tag-raposos","tag-sociedade-artistica-brasileira"],"yoast_head":"<!-- This site is optimized with the Yoast SEO plugin v27.5 - https:\/\/yoast.com\/product\/yoast-seo-wordpress\/ -->\n<title>Repert\u00f3rio de orquestra. Como \u00e9 feita a sele\u00e7\u00e3o? - SABRA - Sociedade Art\u00edstica Brasileira<\/title>\n<meta name=\"description\" content=\"Tem curiosidade em saber como \u00e9 feita a sele\u00e7\u00e3o do repert\u00f3rio em uma orquestra? Neste post explicamos os crit\u00e9rios envolvidos dessa sele\u00e7\u00e3o.\" \/>\n<meta name=\"robots\" content=\"index, follow, max-snippet:-1, max-image-preview:large, max-video-preview:-1\" \/>\n<link rel=\"canonical\" href=\"https:\/\/www.sabra.org.br\/site\/repertorio-orquestra\/\" \/>\n<meta property=\"og:locale\" content=\"pt_BR\" \/>\n<meta property=\"og:type\" content=\"article\" \/>\n<meta property=\"og:title\" content=\"Repert\u00f3rio de orquestra. Como \u00e9 feita a sele\u00e7\u00e3o? - SABRA - Sociedade Art\u00edstica Brasileira\" \/>\n<meta property=\"og:description\" content=\"Tem curiosidade em saber como \u00e9 feita a sele\u00e7\u00e3o do repert\u00f3rio em uma orquestra? Neste post explicamos os crit\u00e9rios envolvidos dessa sele\u00e7\u00e3o.\" \/>\n<meta property=\"og:url\" content=\"https:\/\/www.sabra.org.br\/site\/repertorio-orquestra\/\" \/>\n<meta property=\"og:site_name\" content=\"SABRA - Sociedade Art\u00edstica Brasileira\" \/>\n<meta property=\"article:publisher\" content=\"https:\/\/www.facebook.com\/sabrabrasil\" \/>\n<meta property=\"article:published_time\" content=\"2023-08-07T14:24:49+00:00\" \/>\n<meta property=\"article:modified_time\" content=\"2025-04-18T14:26:14+00:00\" \/>\n<meta property=\"og:image\" content=\"https:\/\/www.sabra.org.br\/site\/wp-content\/uploads\/2023\/08\/como-e-feita-a-selecao-do-repertorio-em-uma-orquestrajpg-20230504105610.jpg-1-jpg.webp\" \/>\n\t<meta property=\"og:image:width\" content=\"800\" \/>\n\t<meta property=\"og:image:height\" content=\"530\" \/>\n\t<meta property=\"og:image:type\" content=\"image\/jpeg\" \/>\n<meta name=\"author\" content=\"M\u00e1rcio Miranda Pontes\" \/>\n<meta name=\"twitter:card\" content=\"summary_large_image\" \/>\n<meta name=\"twitter:creator\" content=\"@ContatoSabra\" \/>\n<meta name=\"twitter:site\" content=\"@ContatoSabra\" \/>\n<meta name=\"twitter:label1\" content=\"Escrito por\" \/>\n\t<meta name=\"twitter:data1\" content=\"M\u00e1rcio Miranda Pontes\" \/>\n\t<meta name=\"twitter:label2\" content=\"Est. tempo de leitura\" \/>\n\t<meta name=\"twitter:data2\" content=\"4 minutos\" \/>\n<script type=\"application\/ld+json\" class=\"yoast-schema-graph\">{\"@context\":\"https:\\\/\\\/schema.org\",\"@graph\":[{\"@type\":\"Article\",\"@id\":\"https:\\\/\\\/www.sabra.org.br\\\/site\\\/repertorio-orquestra\\\/#article\",\"isPartOf\":{\"@id\":\"https:\\\/\\\/www.sabra.org.br\\\/site\\\/repertorio-orquestra\\\/\"},\"author\":{\"name\":\"M\u00e1rcio Miranda Pontes\",\"@id\":\"https:\\\/\\\/www.sabra.org.br\\\/site\\\/#\\\/schema\\\/person\\\/7d1d222c3c8891d4c37c7b41bf6315c2\"},\"headline\":\"Como \u00e9 feita a sele\u00e7\u00e3o do repert\u00f3rio em uma orquestra?\",\"datePublished\":\"2023-08-07T14:24:49+00:00\",\"dateModified\":\"2025-04-18T14:26:14+00:00\",\"mainEntityOfPage\":{\"@id\":\"https:\\\/\\\/www.sabra.org.br\\\/site\\\/repertorio-orquestra\\\/\"},\"wordCount\":809,\"publisher\":{\"@id\":\"https:\\\/\\\/www.sabra.org.br\\\/site\\\/#organization\"},\"image\":{\"@id\":\"https:\\\/\\\/www.sabra.org.br\\\/site\\\/repertorio-orquestra\\\/#primaryimage\"},\"thumbnailUrl\":\"https:\\\/\\\/www.sabra.org.br\\\/site\\\/wp-content\\\/uploads\\\/2023\\\/08\\\/como-e-feita-a-selecao-do-repertorio-em-uma-orquestrajpg-20230504105610.jpg-1-jpg.webp\",\"keywords\":[\"Assist\u00eancia social\",\"Belo Horizonte\",\"Cabo Frio\",\"Campos dos Goytacazes\",\"Canto Coral\",\"Contagem\",\"Escola de Musica SABRA\",\"Ibirit\u00e9\",\"Musicaliza\u00e7\u00e3o Infantil\",\"nova lima\",\"Orquestra Infanto Juvenil de Betim\",\"Orquestra Sinf\u00f4nica de Betim\",\"Raposos\",\"Sociedade Art\u00edstica Brasileira\"],\"articleSection\":[\"Blog SABRA\"],\"inLanguage\":\"pt-BR\"},{\"@type\":\"WebPage\",\"@id\":\"https:\\\/\\\/www.sabra.org.br\\\/site\\\/repertorio-orquestra\\\/\",\"url\":\"https:\\\/\\\/www.sabra.org.br\\\/site\\\/repertorio-orquestra\\\/\",\"name\":\"Repert\u00f3rio de orquestra. Como \u00e9 feita a sele\u00e7\u00e3o? - SABRA - Sociedade Art\u00edstica Brasileira\",\"isPartOf\":{\"@id\":\"https:\\\/\\\/www.sabra.org.br\\\/site\\\/#website\"},\"primaryImageOfPage\":{\"@id\":\"https:\\\/\\\/www.sabra.org.br\\\/site\\\/repertorio-orquestra\\\/#primaryimage\"},\"image\":{\"@id\":\"https:\\\/\\\/www.sabra.org.br\\\/site\\\/repertorio-orquestra\\\/#primaryimage\"},\"thumbnailUrl\":\"https:\\\/\\\/www.sabra.org.br\\\/site\\\/wp-content\\\/uploads\\\/2023\\\/08\\\/como-e-feita-a-selecao-do-repertorio-em-uma-orquestrajpg-20230504105610.jpg-1-jpg.webp\",\"datePublished\":\"2023-08-07T14:24:49+00:00\",\"dateModified\":\"2025-04-18T14:26:14+00:00\",\"description\":\"Tem curiosidade em saber como \u00e9 feita a sele\u00e7\u00e3o do repert\u00f3rio em uma orquestra? Neste post explicamos os crit\u00e9rios envolvidos dessa sele\u00e7\u00e3o.\",\"breadcrumb\":{\"@id\":\"https:\\\/\\\/www.sabra.org.br\\\/site\\\/repertorio-orquestra\\\/#breadcrumb\"},\"inLanguage\":\"pt-BR\",\"potentialAction\":[{\"@type\":\"ReadAction\",\"target\":[\"https:\\\/\\\/www.sabra.org.br\\\/site\\\/repertorio-orquestra\\\/\"]}]},{\"@type\":\"ImageObject\",\"inLanguage\":\"pt-BR\",\"@id\":\"https:\\\/\\\/www.sabra.org.br\\\/site\\\/repertorio-orquestra\\\/#primaryimage\",\"url\":\"https:\\\/\\\/www.sabra.org.br\\\/site\\\/wp-content\\\/uploads\\\/2023\\\/08\\\/como-e-feita-a-selecao-do-repertorio-em-uma-orquestrajpg-20230504105610.jpg-1-jpg.webp\",\"contentUrl\":\"https:\\\/\\\/www.sabra.org.br\\\/site\\\/wp-content\\\/uploads\\\/2023\\\/08\\\/como-e-feita-a-selecao-do-repertorio-em-uma-orquestrajpg-20230504105610.jpg-1-jpg.webp\",\"width\":800,\"height\":530,\"caption\":\"Sociedade Art\u00edstica Brasileira SABRA\"},{\"@type\":\"BreadcrumbList\",\"@id\":\"https:\\\/\\\/www.sabra.org.br\\\/site\\\/repertorio-orquestra\\\/#breadcrumb\",\"itemListElement\":[{\"@type\":\"ListItem\",\"position\":1,\"name\":\"In\u00edcio\",\"item\":\"https:\\\/\\\/www.sabra.org.br\\\/site\\\/\"},{\"@type\":\"ListItem\",\"position\":2,\"name\":\"Como \u00e9 feita a sele\u00e7\u00e3o do repert\u00f3rio em uma orquestra?\"}]},{\"@type\":\"WebSite\",\"@id\":\"https:\\\/\\\/www.sabra.org.br\\\/site\\\/#website\",\"url\":\"https:\\\/\\\/www.sabra.org.br\\\/site\\\/\",\"name\":\"SABRA - Sociedade Art\u00edstica Brasileira\",\"description\":\"Escola de M\u00fasica, Orquestra Sinf\u00f4nica, Coral e Patrim\u00f4nio Cultural e Hist\u00f3rico\",\"publisher\":{\"@id\":\"https:\\\/\\\/www.sabra.org.br\\\/site\\\/#organization\"},\"potentialAction\":[{\"@type\":\"SearchAction\",\"target\":{\"@type\":\"EntryPoint\",\"urlTemplate\":\"https:\\\/\\\/www.sabra.org.br\\\/site\\\/?s={search_term_string}\"},\"query-input\":{\"@type\":\"PropertyValueSpecification\",\"valueRequired\":true,\"valueName\":\"search_term_string\"}}],\"inLanguage\":\"pt-BR\"},{\"@type\":\"Organization\",\"@id\":\"https:\\\/\\\/www.sabra.org.br\\\/site\\\/#organization\",\"name\":\"SOCIEDADE ART\u00cdSTICA BRASILEIRA SABRA\",\"alternateName\":\"SABRA\",\"url\":\"https:\\\/\\\/www.sabra.org.br\\\/site\\\/\",\"logo\":{\"@type\":\"ImageObject\",\"inLanguage\":\"pt-BR\",\"@id\":\"https:\\\/\\\/www.sabra.org.br\\\/site\\\/#\\\/schema\\\/logo\\\/image\\\/\",\"url\":\"https:\\\/\\\/www.sabra.org.br\\\/site\\\/wp-content\\\/uploads\\\/2019\\\/06\\\/cropped-Logo_SABRA-Copia-1.webp\",\"contentUrl\":\"https:\\\/\\\/www.sabra.org.br\\\/site\\\/wp-content\\\/uploads\\\/2019\\\/06\\\/cropped-Logo_SABRA-Copia-1.webp\",\"width\":400,\"height\":128,\"caption\":\"SOCIEDADE ART\u00cdSTICA BRASILEIRA SABRA\"},\"image\":{\"@id\":\"https:\\\/\\\/www.sabra.org.br\\\/site\\\/#\\\/schema\\\/logo\\\/image\\\/\"},\"sameAs\":[\"https:\\\/\\\/www.facebook.com\\\/sabrabrasil\",\"https:\\\/\\\/x.com\\\/ContatoSabra\",\"https:\\\/\\\/www.instagram.com\\\/sabrabrasil\\\/\",\"https:\\\/\\\/www.linkedin.com\\\/company\\\/25002088\\\/\",\"https:\\\/\\\/br.pinterest.com\\\/sociedadeartisticabrasileira\\\/\",\"https:\\\/\\\/www.youtube.com\\\/c\\\/sabrabrasil\"]},{\"@type\":\"Person\",\"@id\":\"https:\\\/\\\/www.sabra.org.br\\\/site\\\/#\\\/schema\\\/person\\\/7d1d222c3c8891d4c37c7b41bf6315c2\",\"name\":\"M\u00e1rcio Miranda Pontes\",\"image\":{\"@type\":\"ImageObject\",\"inLanguage\":\"pt-BR\",\"@id\":\"https:\\\/\\\/secure.gravatar.com\\\/avatar\\\/3b45f24496a7625a3a6c436688fbe20344faaeb2979658dc4a9921f984d7df9a?s=96&d=mm&r=g\",\"url\":\"https:\\\/\\\/secure.gravatar.com\\\/avatar\\\/3b45f24496a7625a3a6c436688fbe20344faaeb2979658dc4a9921f984d7df9a?s=96&d=mm&r=g\",\"contentUrl\":\"https:\\\/\\\/secure.gravatar.com\\\/avatar\\\/3b45f24496a7625a3a6c436688fbe20344faaeb2979658dc4a9921f984d7df9a?s=96&d=mm&r=g\",\"caption\":\"M\u00e1rcio Miranda Pontes\"},\"sameAs\":[\"http:\\\/\\\/www.sabra.org.br\"],\"url\":\"https:\\\/\\\/www.sabra.org.br\\\/site\\\/author\\\/marcio-miranda-pontes\\\/\"}]}<\/script>\n<!-- \/ Yoast SEO plugin. -->","yoast_head_json":{"title":"Repert\u00f3rio de orquestra. Como \u00e9 feita a sele\u00e7\u00e3o? - SABRA - Sociedade Art\u00edstica Brasileira","description":"Tem curiosidade em saber como \u00e9 feita a sele\u00e7\u00e3o do repert\u00f3rio em uma orquestra? Neste post explicamos os crit\u00e9rios envolvidos dessa sele\u00e7\u00e3o.","robots":{"index":"index","follow":"follow","max-snippet":"max-snippet:-1","max-image-preview":"max-image-preview:large","max-video-preview":"max-video-preview:-1"},"canonical":"https:\/\/www.sabra.org.br\/site\/repertorio-orquestra\/","og_locale":"pt_BR","og_type":"article","og_title":"Repert\u00f3rio de orquestra. Como \u00e9 feita a sele\u00e7\u00e3o? - SABRA - Sociedade Art\u00edstica Brasileira","og_description":"Tem curiosidade em saber como \u00e9 feita a sele\u00e7\u00e3o do repert\u00f3rio em uma orquestra? Neste post explicamos os crit\u00e9rios envolvidos dessa sele\u00e7\u00e3o.","og_url":"https:\/\/www.sabra.org.br\/site\/repertorio-orquestra\/","og_site_name":"SABRA - Sociedade Art\u00edstica Brasileira","article_publisher":"https:\/\/www.facebook.com\/sabrabrasil","article_published_time":"2023-08-07T14:24:49+00:00","article_modified_time":"2025-04-18T14:26:14+00:00","og_image":[{"width":800,"height":530,"url":"https:\/\/www.sabra.org.br\/site\/wp-content\/uploads\/2023\/08\/como-e-feita-a-selecao-do-repertorio-em-uma-orquestrajpg-20230504105610.jpg-1-jpg.webp","type":"image\/jpeg"}],"author":"M\u00e1rcio Miranda Pontes","twitter_card":"summary_large_image","twitter_creator":"@ContatoSabra","twitter_site":"@ContatoSabra","twitter_misc":{"Escrito por":"M\u00e1rcio Miranda Pontes","Est. tempo de leitura":"4 minutos"},"schema":{"@context":"https:\/\/schema.org","@graph":[{"@type":"Article","@id":"https:\/\/www.sabra.org.br\/site\/repertorio-orquestra\/#article","isPartOf":{"@id":"https:\/\/www.sabra.org.br\/site\/repertorio-orquestra\/"},"author":{"name":"M\u00e1rcio Miranda Pontes","@id":"https:\/\/www.sabra.org.br\/site\/#\/schema\/person\/7d1d222c3c8891d4c37c7b41bf6315c2"},"headline":"Como \u00e9 feita a sele\u00e7\u00e3o do repert\u00f3rio em uma orquestra?","datePublished":"2023-08-07T14:24:49+00:00","dateModified":"2025-04-18T14:26:14+00:00","mainEntityOfPage":{"@id":"https:\/\/www.sabra.org.br\/site\/repertorio-orquestra\/"},"wordCount":809,"publisher":{"@id":"https:\/\/www.sabra.org.br\/site\/#organization"},"image":{"@id":"https:\/\/www.sabra.org.br\/site\/repertorio-orquestra\/#primaryimage"},"thumbnailUrl":"https:\/\/www.sabra.org.br\/site\/wp-content\/uploads\/2023\/08\/como-e-feita-a-selecao-do-repertorio-em-uma-orquestrajpg-20230504105610.jpg-1-jpg.webp","keywords":["Assist\u00eancia social","Belo Horizonte","Cabo Frio","Campos dos Goytacazes","Canto Coral","Contagem","Escola de Musica SABRA","Ibirit\u00e9","Musicaliza\u00e7\u00e3o Infantil","nova lima","Orquestra Infanto Juvenil de Betim","Orquestra Sinf\u00f4nica de Betim","Raposos","Sociedade Art\u00edstica Brasileira"],"articleSection":["Blog SABRA"],"inLanguage":"pt-BR"},{"@type":"WebPage","@id":"https:\/\/www.sabra.org.br\/site\/repertorio-orquestra\/","url":"https:\/\/www.sabra.org.br\/site\/repertorio-orquestra\/","name":"Repert\u00f3rio de orquestra. Como \u00e9 feita a sele\u00e7\u00e3o? - SABRA - Sociedade Art\u00edstica Brasileira","isPartOf":{"@id":"https:\/\/www.sabra.org.br\/site\/#website"},"primaryImageOfPage":{"@id":"https:\/\/www.sabra.org.br\/site\/repertorio-orquestra\/#primaryimage"},"image":{"@id":"https:\/\/www.sabra.org.br\/site\/repertorio-orquestra\/#primaryimage"},"thumbnailUrl":"https:\/\/www.sabra.org.br\/site\/wp-content\/uploads\/2023\/08\/como-e-feita-a-selecao-do-repertorio-em-uma-orquestrajpg-20230504105610.jpg-1-jpg.webp","datePublished":"2023-08-07T14:24:49+00:00","dateModified":"2025-04-18T14:26:14+00:00","description":"Tem curiosidade em saber como \u00e9 feita a sele\u00e7\u00e3o do repert\u00f3rio em uma orquestra? Neste post explicamos os crit\u00e9rios envolvidos dessa sele\u00e7\u00e3o.","breadcrumb":{"@id":"https:\/\/www.sabra.org.br\/site\/repertorio-orquestra\/#breadcrumb"},"inLanguage":"pt-BR","potentialAction":[{"@type":"ReadAction","target":["https:\/\/www.sabra.org.br\/site\/repertorio-orquestra\/"]}]},{"@type":"ImageObject","inLanguage":"pt-BR","@id":"https:\/\/www.sabra.org.br\/site\/repertorio-orquestra\/#primaryimage","url":"https:\/\/www.sabra.org.br\/site\/wp-content\/uploads\/2023\/08\/como-e-feita-a-selecao-do-repertorio-em-uma-orquestrajpg-20230504105610.jpg-1-jpg.webp","contentUrl":"https:\/\/www.sabra.org.br\/site\/wp-content\/uploads\/2023\/08\/como-e-feita-a-selecao-do-repertorio-em-uma-orquestrajpg-20230504105610.jpg-1-jpg.webp","width":800,"height":530,"caption":"Sociedade Art\u00edstica Brasileira SABRA"},{"@type":"BreadcrumbList","@id":"https:\/\/www.sabra.org.br\/site\/repertorio-orquestra\/#breadcrumb","itemListElement":[{"@type":"ListItem","position":1,"name":"In\u00edcio","item":"https:\/\/www.sabra.org.br\/site\/"},{"@type":"ListItem","position":2,"name":"Como \u00e9 feita a sele\u00e7\u00e3o do repert\u00f3rio em uma orquestra?"}]},{"@type":"WebSite","@id":"https:\/\/www.sabra.org.br\/site\/#website","url":"https:\/\/www.sabra.org.br\/site\/","name":"SABRA - Sociedade Art\u00edstica Brasileira","description":"Escola de M\u00fasica, Orquestra Sinf\u00f4nica, Coral e Patrim\u00f4nio Cultural e Hist\u00f3rico","publisher":{"@id":"https:\/\/www.sabra.org.br\/site\/#organization"},"potentialAction":[{"@type":"SearchAction","target":{"@type":"EntryPoint","urlTemplate":"https:\/\/www.sabra.org.br\/site\/?s={search_term_string}"},"query-input":{"@type":"PropertyValueSpecification","valueRequired":true,"valueName":"search_term_string"}}],"inLanguage":"pt-BR"},{"@type":"Organization","@id":"https:\/\/www.sabra.org.br\/site\/#organization","name":"SOCIEDADE ART\u00cdSTICA BRASILEIRA SABRA","alternateName":"SABRA","url":"https:\/\/www.sabra.org.br\/site\/","logo":{"@type":"ImageObject","inLanguage":"pt-BR","@id":"https:\/\/www.sabra.org.br\/site\/#\/schema\/logo\/image\/","url":"https:\/\/www.sabra.org.br\/site\/wp-content\/uploads\/2019\/06\/cropped-Logo_SABRA-Copia-1.webp","contentUrl":"https:\/\/www.sabra.org.br\/site\/wp-content\/uploads\/2019\/06\/cropped-Logo_SABRA-Copia-1.webp","width":400,"height":128,"caption":"SOCIEDADE ART\u00cdSTICA BRASILEIRA SABRA"},"image":{"@id":"https:\/\/www.sabra.org.br\/site\/#\/schema\/logo\/image\/"},"sameAs":["https:\/\/www.facebook.com\/sabrabrasil","https:\/\/x.com\/ContatoSabra","https:\/\/www.instagram.com\/sabrabrasil\/","https:\/\/www.linkedin.com\/company\/25002088\/","https:\/\/br.pinterest.com\/sociedadeartisticabrasileira\/","https:\/\/www.youtube.com\/c\/sabrabrasil"]},{"@type":"Person","@id":"https:\/\/www.sabra.org.br\/site\/#\/schema\/person\/7d1d222c3c8891d4c37c7b41bf6315c2","name":"M\u00e1rcio Miranda Pontes","image":{"@type":"ImageObject","inLanguage":"pt-BR","@id":"https:\/\/secure.gravatar.com\/avatar\/3b45f24496a7625a3a6c436688fbe20344faaeb2979658dc4a9921f984d7df9a?s=96&d=mm&r=g","url":"https:\/\/secure.gravatar.com\/avatar\/3b45f24496a7625a3a6c436688fbe20344faaeb2979658dc4a9921f984d7df9a?s=96&d=mm&r=g","contentUrl":"https:\/\/secure.gravatar.com\/avatar\/3b45f24496a7625a3a6c436688fbe20344faaeb2979658dc4a9921f984d7df9a?s=96&d=mm&r=g","caption":"M\u00e1rcio Miranda Pontes"},"sameAs":["http:\/\/www.sabra.org.br"],"url":"https:\/\/www.sabra.org.br\/site\/author\/marcio-miranda-pontes\/"}]}},"jetpack_featured_media_url":"https:\/\/www.sabra.org.br\/site\/wp-content\/uploads\/2023\/08\/como-e-feita-a-selecao-do-repertorio-em-uma-orquestrajpg-20230504105610.jpg-1-jpg.webp","jetpack_shortlink":"https:\/\/wp.me\/p95j2Z-21y","jetpack-related-posts":[{"id":5202,"url":"https:\/\/www.sabra.org.br\/site\/musico-orquestra\/","url_meta":{"origin":7784,"position":0},"title":"Como ser m\u00fasico de orquestra?","author":"M\u00e1rcio Miranda Pontes","date":"10 de junho de 2022","format":false,"excerpt":"Fazer parte de uma orquestra \u00e9 o sonho de muitos m\u00fasicos, no entanto, \u00e9 fundamental disciplina e comprometimento para ter alguma chance. Venha conferir o que \u00e9 necess\u00e1rio para conquistar a sua vaga!","rel":"","context":"Em &quot;Blog SABRA&quot;","block_context":{"text":"Blog SABRA","link":"https:\/\/www.sabra.org.br\/site\/category\/blog-sabra\/"},"img":{"alt_text":"orquestra-m\u00fasico-instrumentista","src":"https:\/\/i0.wp.com\/www.sabra.org.br\/site\/wp-content\/uploads\/2022\/06\/como-ser-musico-de-orquestra-20220210110336.jpg.jpg?resize=350%2C200&ssl=1","width":350,"height":200,"srcset":"https:\/\/i0.wp.com\/www.sabra.org.br\/site\/wp-content\/uploads\/2022\/06\/como-ser-musico-de-orquestra-20220210110336.jpg.jpg?resize=350%2C200&ssl=1 1x, https:\/\/i0.wp.com\/www.sabra.org.br\/site\/wp-content\/uploads\/2022\/06\/como-ser-musico-de-orquestra-20220210110336.jpg.jpg?resize=525%2C300&ssl=1 1.5x, https:\/\/i0.wp.com\/www.sabra.org.br\/site\/wp-content\/uploads\/2022\/06\/como-ser-musico-de-orquestra-20220210110336.jpg.jpg?resize=700%2C400&ssl=1 2x"},"classes":[]},{"id":2327,"url":"https:\/\/www.sabra.org.br\/site\/mozart-sinfonica\/","url_meta":{"origin":7784,"position":1},"title":"Mozart, a vida de um g\u00eanio!","author":"M\u00e1rcio Miranda Pontes","date":"23 de agosto de 2019","format":false,"excerpt":"Com um repert\u00f3rio inteiramente dedicado a Mozart, a Orquestra Sinf\u00f4nica de Betim ir\u00e1 apresentar obras que tra\u00e7am uma linha do tempo na vida do compositor, da inf\u00e2ncia \u00e0 sua morte prematura, tudo regado a uma fala bem did\u00e1tica e a belas imagens que ser\u00e3o projetadas durante o concerto.","rel":"","context":"Em &quot;Not\u00edcias&quot;","block_context":{"text":"Not\u00edcias","link":"https:\/\/www.sabra.org.br\/site\/category\/noticias\/"},"img":{"alt_text":"Mozart","src":"https:\/\/i0.wp.com\/www.sabra.org.br\/site\/wp-content\/uploads\/2019\/08\/RedesSociais_OrquestraBetim_FEA-V5.jpg?resize=350%2C200&ssl=1","width":350,"height":200,"srcset":"https:\/\/i0.wp.com\/www.sabra.org.br\/site\/wp-content\/uploads\/2019\/08\/RedesSociais_OrquestraBetim_FEA-V5.jpg?resize=350%2C200&ssl=1 1x, https:\/\/i0.wp.com\/www.sabra.org.br\/site\/wp-content\/uploads\/2019\/08\/RedesSociais_OrquestraBetim_FEA-V5.jpg?resize=525%2C300&ssl=1 1.5x, https:\/\/i0.wp.com\/www.sabra.org.br\/site\/wp-content\/uploads\/2019\/08\/RedesSociais_OrquestraBetim_FEA-V5.jpg?resize=700%2C400&ssl=1 2x, https:\/\/i0.wp.com\/www.sabra.org.br\/site\/wp-content\/uploads\/2019\/08\/RedesSociais_OrquestraBetim_FEA-V5.jpg?resize=1050%2C600&ssl=1 3x"},"classes":[]},{"id":4097,"url":"https:\/\/www.sabra.org.br\/site\/repertorio-cultural\/","url_meta":{"origin":7784,"position":2},"title":"A import\u00e2ncia de ampliar o repert\u00f3rio cultural de crian\u00e7as e adolescentes","author":"M\u00e1rcio Miranda Pontes","date":"17 de agosto de 2021","format":false,"excerpt":"A import\u00e2ncia de ampliar o repert\u00f3rio cultural de crian\u00e7as e adolescentes Ampliar o repert\u00f3rio cultural de crian\u00e7as e adolescentes pode fazer com que elas desenvolvam senso de responsabilidade, colabora\u00e7\u00e3o e empatia. Para saber mais sobre este assunto, leia o conte\u00fado a seguir! Patroci\u0301nio master: @unimedbh e @institutounimedbh, viabilizado pela #leifederaldeincentivoacultura.\u2026","rel":"","context":"Em &quot;Blog SABRA&quot;","block_context":{"text":"Blog SABRA","link":"https:\/\/www.sabra.org.br\/site\/category\/blog-sabra\/"},"img":{"alt_text":"repert\u00f3rio-cultural-crian\u00e7as-adolescentes","src":"https:\/\/i0.wp.com\/www.sabra.org.br\/site\/wp-content\/uploads\/2021\/08\/a-importancia-de-ampliar-o-repertorio-cultural-de-criancas-e-adolescentes-20210803101037.jpg.jpg?resize=350%2C200&ssl=1","width":350,"height":200,"srcset":"https:\/\/i0.wp.com\/www.sabra.org.br\/site\/wp-content\/uploads\/2021\/08\/a-importancia-de-ampliar-o-repertorio-cultural-de-criancas-e-adolescentes-20210803101037.jpg.jpg?resize=350%2C200&ssl=1 1x, https:\/\/i0.wp.com\/www.sabra.org.br\/site\/wp-content\/uploads\/2021\/08\/a-importancia-de-ampliar-o-repertorio-cultural-de-criancas-e-adolescentes-20210803101037.jpg.jpg?resize=525%2C300&ssl=1 1.5x, https:\/\/i0.wp.com\/www.sabra.org.br\/site\/wp-content\/uploads\/2021\/08\/a-importancia-de-ampliar-o-repertorio-cultural-de-criancas-e-adolescentes-20210803101037.jpg.jpg?resize=700%2C400&ssl=1 2x"},"classes":[]},{"id":859,"url":"https:\/\/www.sabra.org.br\/site\/orquestra-sinfonica-de-betim-celebra-a-musica-lirica-em-concerto\/","url_meta":{"origin":7784,"position":3},"title":"Orquestra Sinf\u00f4nica de Betim celebra a m\u00fasica l\u00edrica em concerto","author":"M\u00e1rcio Miranda Pontes","date":"9 de dezembro de 2017","format":false,"excerpt":"Orquestra Sinf\u00f4nica de Betim se apresenta no CCBB Data: 14 de dezembro, quinta-feira Hor\u00e1rio: 20h00 Local: Centro Cultural Banco do Brasil - Pra\u00e7a da Liberdade, 450 - Funcion\u00e1rios, Belo Horizonte - MG. Ingressos: Inteira: R$ 20,00 meia: R$ 10,00 Clique aqui para comprar seu ingresso. Sob a reg\u00eancia do maestro\u2026","rel":"","context":"Em &quot;Not\u00edcias&quot;","block_context":{"text":"Not\u00edcias","link":"https:\/\/www.sabra.org.br\/site\/category\/noticias\/"},"img":{"alt_text":"Sociedade Art\u00edstica Brasileira SABRA","src":"https:\/\/i0.wp.com\/www.sabra.org.br\/site\/wp-content\/uploads\/2017\/12\/15940406_10153983478431946_7047361238975298962_n.jpg?resize=350%2C200&ssl=1","width":350,"height":200,"srcset":"https:\/\/i0.wp.com\/www.sabra.org.br\/site\/wp-content\/uploads\/2017\/12\/15940406_10153983478431946_7047361238975298962_n.jpg?resize=350%2C200&ssl=1 1x, https:\/\/i0.wp.com\/www.sabra.org.br\/site\/wp-content\/uploads\/2017\/12\/15940406_10153983478431946_7047361238975298962_n.jpg?resize=525%2C300&ssl=1 1.5x"},"classes":[]},{"id":1212,"url":"https:\/\/www.sabra.org.br\/site\/edital-para-a-orquestra-sinfonica-de-betim-2018\/","url_meta":{"origin":7784,"position":4},"title":"Edital para a Orquestra Sinf\u00f4nica de Betim 2018","author":"M\u00e1rcio Miranda Pontes","date":"15 de mar\u00e7o de 2018","format":false,"excerpt":"Est\u00e1 dispon\u00edvel o Edital de sele\u00e7\u00e3o de candidatos para preenchimento de vagas para a Orquestra Sinf\u00f4nica de Betim em 2018. Download A Orquestra Sinf\u00f4nica de Betim teve o in\u00edcio de suas atividades em 2014 como uma Orquestra de C\u00e2mara, formada exclusivamente por instrumentos de corda. Em 2015 foram abertas vagas\u2026","rel":"","context":"Em &quot;Not\u00edcias&quot;","block_context":{"text":"Not\u00edcias","link":"https:\/\/www.sabra.org.br\/site\/category\/noticias\/"},"img":{"alt_text":"","src":"","width":0,"height":0},"classes":[]},{"id":1712,"url":"https:\/\/www.sabra.org.br\/site\/orquestra-sinfonica-de-betim-2019\/","url_meta":{"origin":7784,"position":5},"title":"Edital do curso Orquestra Sinf\u00f4nica em Betim 2019","author":"M\u00e1rcio Miranda Pontes","date":"22 de janeiro de 2019","format":false,"excerpt":"Est\u00e1 dispon\u00edvel o Edital de sele\u00e7\u00e3o de candidatos para preenchimento de vagas para o Curso de Orquestra Sinf\u00f4nica em Betim - 2019. A Orquestra Sinf\u00f4nica de Betim teve o in\u00edcio de suas atividades em 2014 como uma Orquestra de C\u00e2mara, formada exclusivamente por instrumentos de corda. Em 2015 foram abertas\u2026","rel":"","context":"Em &quot;Not\u00edcias&quot;","block_context":{"text":"Not\u00edcias","link":"https:\/\/www.sabra.org.br\/site\/category\/noticias\/"},"img":{"alt_text":"Orquestra Sinf\u00f4nica de Betim","src":"https:\/\/i0.wp.com\/www.sabra.org.br\/site\/wp-content\/uploads\/2017\/12\/OSBetim.png?resize=350%2C200&ssl=1","width":350,"height":200,"srcset":"https:\/\/i0.wp.com\/www.sabra.org.br\/site\/wp-content\/uploads\/2017\/12\/OSBetim.png?resize=350%2C200&ssl=1 1x, https:\/\/i0.wp.com\/www.sabra.org.br\/site\/wp-content\/uploads\/2017\/12\/OSBetim.png?resize=525%2C300&ssl=1 1.5x, https:\/\/i0.wp.com\/www.sabra.org.br\/site\/wp-content\/uploads\/2017\/12\/OSBetim.png?resize=700%2C400&ssl=1 2x"},"classes":[]}],"jetpack_likes_enabled":true,"jetpack_sharing_enabled":true,"_links":{"self":[{"href":"https:\/\/www.sabra.org.br\/site\/wp-json\/wp\/v2\/posts\/7784","targetHints":{"allow":["GET"]}}],"collection":[{"href":"https:\/\/www.sabra.org.br\/site\/wp-json\/wp\/v2\/posts"}],"about":[{"href":"https:\/\/www.sabra.org.br\/site\/wp-json\/wp\/v2\/types\/post"}],"author":[{"embeddable":true,"href":"https:\/\/www.sabra.org.br\/site\/wp-json\/wp\/v2\/users\/39"}],"replies":[{"embeddable":true,"href":"https:\/\/www.sabra.org.br\/site\/wp-json\/wp\/v2\/comments?post=7784"}],"version-history":[{"count":0,"href":"https:\/\/www.sabra.org.br\/site\/wp-json\/wp\/v2\/posts\/7784\/revisions"}],"wp:featuredmedia":[{"embeddable":true,"href":"https:\/\/www.sabra.org.br\/site\/wp-json\/wp\/v2\/media\/7786"}],"wp:attachment":[{"href":"https:\/\/www.sabra.org.br\/site\/wp-json\/wp\/v2\/media?parent=7784"}],"wp:term":[{"taxonomy":"category","embeddable":true,"href":"https:\/\/www.sabra.org.br\/site\/wp-json\/wp\/v2\/categories?post=7784"},{"taxonomy":"post_tag","embeddable":true,"href":"https:\/\/www.sabra.org.br\/site\/wp-json\/wp\/v2\/tags?post=7784"}],"curies":[{"name":"wp","href":"https:\/\/api.w.org\/{rel}","templated":true}]}}