{"id":7830,"date":"2023-08-17T20:40:20","date_gmt":"2023-08-17T23:40:20","guid":{"rendered":"https:\/\/www.sabra.org.br\/site\/?p=7830"},"modified":"2023-08-17T20:40:20","modified_gmt":"2023-08-17T23:40:20","slug":"criatividade-infantil","status":"publish","type":"post","link":"https:\/\/www.sabra.org.br\/site\/criatividade-infantil\/","title":{"rendered":"Criatividade em harmonia: Passos para estimular a express\u00e3o infantil"},"content":{"rendered":"<p>A criatividade \u00e9 uma habilidade fundamental para o desenvolvimento das crian\u00e7as, pois estimula a imagina\u00e7\u00e3o, a resolu\u00e7\u00e3o de problemas e a express\u00e3o individual. Quando a express\u00e3o infantil \u00e9 incentivada, as crian\u00e7as se sentem encorajadas a explorar o mundo ao seu redor, descobrir novas possibilidades e desenvolver sua identidade.<\/p>\n<p>Neste post, ser\u00e3o apresentados 6 <strong>passos para estimular a express\u00e3o infantil<\/strong> de forma harmoniosa e promover um ambiente criativo e enriquecedor.<\/p>\n<h2>1. Estimule o jogo livre e imaginativo<\/h2>\n<p>O jogo \u00e9 uma forma natural de express\u00e3o infantil, permitindo que as crian\u00e7as criem seu pr\u00f3prio mundo imagin\u00e1rio. Proporcione tempo e espa\u00e7o para que elas possam brincar livremente, sem restri\u00e7\u00f5es ou expectativas. Forne\u00e7a materiais variados, como blocos de constru\u00e7\u00e3o, bonecos, tintas, papel e fantasias, para que possam explorar diferentes formas de express\u00e3o.<\/p>\n<h2>2. Ofere\u00e7a oportunidades de experimenta\u00e7\u00e3o art\u00edstica<\/h2>\n<p>A arte \u00e9 uma maneira poderosa de express\u00e3o. Proporcione \u00e0s crian\u00e7as materiais art\u00edsticos, como tintas, l\u00e1pis de cor, giz de cera e argila, e incentive-as a criar livremente. N\u00e3o se preocupe com o resultado final, mas valorize o processo criativo e a imagina\u00e7\u00e3o das crian\u00e7as. Elogie seus esfor\u00e7os e mostre interesse genu\u00edno por suas cria\u00e7\u00f5es.<\/p>\n<h2>3. Incentive a leitura e a escrita criativa<\/h2>\n<p>A leitura \u00e9 uma fonte inesgot\u00e1vel de inspira\u00e7\u00e3o e imagina\u00e7\u00e3o. Estimule o h\u00e1bito da leitura desde cedo, proporcionando livros adequados \u00e0 idade e explorando diferentes g\u00eaneros liter\u00e1rios.<\/p>\n<p>Tamb\u00e9m incentive a escrita criativa, oferecendo cadernos e l\u00e1pis para que as crian\u00e7as possam escrever suas pr\u00f3prias hist\u00f3rias, poemas ou di\u00e1rios. Valorize suas ideias e d\u00ea espa\u00e7o para que compartilhem suas hist\u00f3rias.<\/p>\n<h2>4. Promova o di\u00e1logo e a express\u00e3o verbal<\/h2>\n<p>A express\u00e3o verbal \u00e9 essencial para que as crian\u00e7as possam expressar suas emo\u00e7\u00f5es, pensamentos e ideias. Crie um ambiente acolhedor e estimulante, onde elas se sintam \u00e0 vontade para se expressar livremente. Ou\u00e7a atentamente, fa\u00e7a perguntas abertas e incentive o di\u00e1logo, valorizando suas opini\u00f5es e contribui\u00e7\u00f5es. Essa pr\u00e1tica promove o desenvolvimento da linguagem e estimula a criatividade na comunica\u00e7\u00e3o.<\/p>\n<h2>5. Explore a m\u00fasica e a dan\u00e7a<\/h2>\n<p>A m\u00fasica e a dan\u00e7a s\u00e3o formas de express\u00e3o que estimulam a criatividade e a coordena\u00e7\u00e3o motora das crian\u00e7as. Proporcione momentos de explora\u00e7\u00e3o musical, permitindo que elas toquem instrumentos simples, cantem e dancem.<\/p>\n<p>Ademais, incentive a cria\u00e7\u00e3o de coreografias e a improvisa\u00e7\u00e3o, estimulando a express\u00e3o corporal e a liberdade de movimento.<\/p>\n<h2>6. Incentive o pensamento cr\u00edtico e a resolu\u00e7\u00e3o de problemas<\/h2>\n<p>A express\u00e3o infantil tamb\u00e9m est\u00e1 relacionada \u00e0 capacidade de pensar de forma cr\u00edtica e resolver problemas. Estimule as crian\u00e7as a questionarem, a formarem suas pr\u00f3prias opini\u00f5es e a encontrarem solu\u00e7\u00f5es para desafios cotidianos. Proporcione atividades que incentivem a criatividade e a busca por solu\u00e7\u00f5es inovadoras, como quebra-cabe\u00e7as, jogos de constru\u00e7\u00e3o e quebra-cabe\u00e7as l\u00f3gicos.<\/p>\n<p>Estimular a express\u00e3o infantil \u00e9 essencial para o desenvolvimento das crian\u00e7as. Ao seguir os 6 passos mencionados neste artigo, estaremos proporcionando um ambiente enriquecedor, onde as crian\u00e7as se sentir\u00e3o encorajadas a explorar suas pr\u00f3prias capacidades e a expressar sua individualidade de forma saud\u00e1vel e criativa.<\/p>\n<p><a href=\"https:\/\/www.sabra.org.br\/site\/acoes\/escola-de-musica\/blog-sabra\/\">Acesse nosso blog<\/a> e tenha acesso a diversos conte\u00fados interessantes como este.<\/p>\n<hr \/>\n<h2>Se voc\u00ea gostou deste post:<\/h2>\n<ul>\n<li>SIGA as nossas p\u00e1ginas nas redes sociais para acompanhar as nossas atualiza\u00e7\u00f5es: estamos no <a href=\"https:\/\/www.facebook.com\/sabrabrasil\" target=\"_blank\" rel=\"noopener\">Facebook<\/a>, no <a href=\"https:\/\/www.instagram.com\/sabrabrasil\/\" target=\"_blank\" rel=\"noopener\">Instagram<\/a>, no <a href=\"https:\/\/www.linkedin.com\/company\/25002088\" target=\"_blank\" rel=\"noopener\">LinkedIn<\/a>, no <a href=\"https:\/\/twitter.com\/ContatoSabra\" target=\"_blank\" rel=\"noopener\">Twitter<\/a> e no <a href=\"https:\/\/www.youtube.com\/channel\/UCJw-kbuEvzUNdeQf20Pa-eQ\" target=\"_blank\" rel=\"noopener\">YouTube<\/a>!<\/p>\n<\/li>\n<li>\n<p>CONHE\u00c7A o trabalho da Sociedade Art\u00edstica Brasileira (SABRA) e todas as iniciativas culturais e sociais que ela mant\u00e9m. <a href=\"https:\/\/www.sabra.org.br\/site\/acoes\/\" target=\"_blank\" rel=\"noopener\">Acesse nosso site!<\/a><\/p>\n<\/li>\n<li>\n<p>ENTRE EM CONTATO com a gente. E veja quais s\u00e3o as op\u00e7\u00f5es de ajuda na manuten\u00e7\u00e3o de nossas a\u00e7\u00f5es sociais e culturais. Basta acessar nossa p\u00e1gina <a href=\"https:\/\/www.sabra.org.br\/site\/doe-agora\/\" target=\"_blank\" rel=\"noopener\">Doe Agora!<\/a><\/p>\n<\/li>\n<li>\n<p>COMPARTILHE este texto nas suas redes sociais e ajude os seus amigos a tamb\u00e9m dominarem o assunto!<\/p>\n<\/li>\n<\/ul>\n<p>\u2013 Os projetos da @sabrabrasil s\u00e3o realizados com o patroci\u0301nio m\u00e1ster: @institutounimedbh, viabilizado pelo incentivo de mais de 5,2 mil m\u00e9dicos cooperados e colaboradores via Lei de Incentivo \u00e0 Cultura &#8211; @culturagovbr<\/p>\n<blockquote class=\"wp-embedded-content\" data-secret=\"G7SOuEdUjV\"><p><a href=\"https:\/\/www.sabra.org.br\/site\/aprendizado-desenvolvimento\/\">O desenvolvimento cognitivo das crian\u00e7as a partir do aprendizado<\/a><\/p><\/blockquote>\n<p><iframe class=\"wp-embedded-content\" sandbox=\"allow-scripts\" security=\"restricted\" style=\"position: absolute; visibility: hidden;\" title=\"&#8220;O desenvolvimento cognitivo das crian\u00e7as a partir do aprendizado&#8221; &#8212; SABRA - Sociedade Art\u00edstica Brasileira\" src=\"https:\/\/www.sabra.org.br\/site\/aprendizado-desenvolvimento\/embed\/#?secret=siCnHNbPAt#?secret=G7SOuEdUjV\" data-secret=\"G7SOuEdUjV\" width=\"600\" height=\"338\" frameborder=\"0\" marginwidth=\"0\" marginheight=\"0\" scrolling=\"no\"><\/iframe><\/p>\n<p>Conte\u00fado por RedaWeb &#8211; <a href=\"https:\/\/redaweb.com.br\/conteudo\/marketing-de-conteudo\">Marketing de Conte\u00fado<\/a><\/p>\n","protected":false},"excerpt":{"rendered":"<p>Descubra 6 passos essenciais para estimular a criatividade e express\u00e3o infantil de forma harmoniosa! Confira agora mesmo como proporcionar um ambiente enriquecedor e encorajar as crian\u00e7as a explorarem suas habilidades criativas.<\/p>\n","protected":false},"author":39,"featured_media":7832,"comment_status":"closed","ping_status":"closed","sticky":false,"template":"","format":"standard","meta":{"jetpack_post_was_ever_published":false,"_jetpack_newsletter_access":"","_jetpack_dont_email_post_to_subs":false,"_jetpack_newsletter_tier_id":0,"_jetpack_memberships_contains_paywalled_content":false,"_jetpack_memberships_contains_paid_content":false,"footnotes":""},"categories":[1],"tags":[15,2757,3626,3623,8,3629,1285,3628,16,3519,1286,11,3622,9],"class_list":["post-7830","post","type-post","status-publish","format-standard","has-post-thumbnail","hentry","category-blog-sabra","tag-assistencia-social","tag-belo-horizonte","tag-cabo-frio","tag-campos-dos-goytacazes","tag-canto-coral","tag-contagem","tag-escola-de-musica-sabra","tag-ibirite","tag-musicalizacao-infantil","tag-nova-lima-2","tag-orquestra-infanto-juvenil-de-betim","tag-orquestra-sinfonica-de-betim","tag-raposos","tag-sociedade-artistica-brasileira"],"yoast_head":"<!-- This site is optimized with the Yoast SEO plugin v27.5 - https:\/\/yoast.com\/product\/yoast-seo-wordpress\/ -->\n<title>Passos para estimular a express\u00e3o infantil<\/title>\n<meta name=\"description\" content=\"Passos essenciais para estimular a criatividade e express\u00e3o infantil. Ambiente enriquecedor para crian\u00e7as criativas.\" \/>\n<meta name=\"robots\" content=\"index, follow, max-snippet:-1, max-image-preview:large, max-video-preview:-1\" \/>\n<link rel=\"canonical\" href=\"https:\/\/www.sabra.org.br\/site\/criatividade-infantil\/\" \/>\n<meta property=\"og:locale\" content=\"pt_BR\" \/>\n<meta property=\"og:type\" content=\"article\" \/>\n<meta property=\"og:title\" content=\"Passos para estimular a express\u00e3o infantil\" \/>\n<meta property=\"og:description\" content=\"Passos essenciais para estimular a criatividade e express\u00e3o infantil. Ambiente enriquecedor para crian\u00e7as criativas.\" \/>\n<meta property=\"og:url\" content=\"https:\/\/www.sabra.org.br\/site\/criatividade-infantil\/\" \/>\n<meta property=\"og:site_name\" content=\"SABRA - Sociedade Art\u00edstica Brasileira\" \/>\n<meta property=\"article:publisher\" content=\"https:\/\/www.facebook.com\/sabrabrasil\" \/>\n<meta property=\"article:published_time\" content=\"2023-08-17T23:40:20+00:00\" \/>\n<meta property=\"og:image\" content=\"https:\/\/i0.wp.com\/www.sabra.org.br\/site\/wp-content\/uploads\/2023\/08\/criatividade-em-harmonia-x-passos-para-estimular-a-expressao-infantiljpg-20230628095402.jpg-jpg.webp?fit=800%2C484&ssl=1\" \/>\n\t<meta property=\"og:image:width\" content=\"800\" \/>\n\t<meta property=\"og:image:height\" content=\"484\" \/>\n\t<meta property=\"og:image:type\" content=\"image\/jpeg\" \/>\n<meta name=\"author\" content=\"M\u00e1rcio Miranda Pontes\" \/>\n<meta name=\"twitter:card\" content=\"summary_large_image\" \/>\n<meta name=\"twitter:creator\" content=\"@ContatoSabra\" \/>\n<meta name=\"twitter:site\" content=\"@ContatoSabra\" \/>\n<meta name=\"twitter:label1\" content=\"Escrito por\" \/>\n\t<meta name=\"twitter:data1\" content=\"M\u00e1rcio Miranda Pontes\" \/>\n\t<meta name=\"twitter:label2\" content=\"Est. tempo de leitura\" \/>\n\t<meta name=\"twitter:data2\" content=\"4 minutos\" \/>\n<script type=\"application\/ld+json\" class=\"yoast-schema-graph\">{\"@context\":\"https:\\\/\\\/schema.org\",\"@graph\":[{\"@type\":\"Article\",\"@id\":\"https:\\\/\\\/www.sabra.org.br\\\/site\\\/criatividade-infantil\\\/#article\",\"isPartOf\":{\"@id\":\"https:\\\/\\\/www.sabra.org.br\\\/site\\\/criatividade-infantil\\\/\"},\"author\":{\"name\":\"M\u00e1rcio Miranda Pontes\",\"@id\":\"https:\\\/\\\/www.sabra.org.br\\\/site\\\/#\\\/schema\\\/person\\\/7d1d222c3c8891d4c37c7b41bf6315c2\"},\"headline\":\"Criatividade em harmonia: Passos para estimular a express\u00e3o infantil\",\"datePublished\":\"2023-08-17T23:40:20+00:00\",\"mainEntityOfPage\":{\"@id\":\"https:\\\/\\\/www.sabra.org.br\\\/site\\\/criatividade-infantil\\\/\"},\"wordCount\":737,\"publisher\":{\"@id\":\"https:\\\/\\\/www.sabra.org.br\\\/site\\\/#organization\"},\"image\":{\"@id\":\"https:\\\/\\\/www.sabra.org.br\\\/site\\\/criatividade-infantil\\\/#primaryimage\"},\"thumbnailUrl\":\"https:\\\/\\\/www.sabra.org.br\\\/site\\\/wp-content\\\/uploads\\\/2023\\\/08\\\/criatividade-em-harmonia-x-passos-para-estimular-a-expressao-infantiljpg-20230628095402.jpg-jpg.webp\",\"keywords\":[\"Assist\u00eancia social\",\"Belo Horizonte\",\"Cabo Frio\",\"Campos dos Goytacazes\",\"Canto Coral\",\"Contagem\",\"Escola de Musica SABRA\",\"Ibirit\u00e9\",\"Musicaliza\u00e7\u00e3o Infantil\",\"nova lima\",\"Orquestra Infanto Juvenil de Betim\",\"Orquestra Sinf\u00f4nica de Betim\",\"Raposos\",\"Sociedade Art\u00edstica Brasileira\"],\"articleSection\":[\"Blog SABRA\"],\"inLanguage\":\"pt-BR\"},{\"@type\":\"WebPage\",\"@id\":\"https:\\\/\\\/www.sabra.org.br\\\/site\\\/criatividade-infantil\\\/\",\"url\":\"https:\\\/\\\/www.sabra.org.br\\\/site\\\/criatividade-infantil\\\/\",\"name\":\"Passos para estimular a express\u00e3o infantil\",\"isPartOf\":{\"@id\":\"https:\\\/\\\/www.sabra.org.br\\\/site\\\/#website\"},\"primaryImageOfPage\":{\"@id\":\"https:\\\/\\\/www.sabra.org.br\\\/site\\\/criatividade-infantil\\\/#primaryimage\"},\"image\":{\"@id\":\"https:\\\/\\\/www.sabra.org.br\\\/site\\\/criatividade-infantil\\\/#primaryimage\"},\"thumbnailUrl\":\"https:\\\/\\\/www.sabra.org.br\\\/site\\\/wp-content\\\/uploads\\\/2023\\\/08\\\/criatividade-em-harmonia-x-passos-para-estimular-a-expressao-infantiljpg-20230628095402.jpg-jpg.webp\",\"datePublished\":\"2023-08-17T23:40:20+00:00\",\"description\":\"Passos essenciais para estimular a criatividade e express\u00e3o infantil. Ambiente enriquecedor para crian\u00e7as criativas.\",\"breadcrumb\":{\"@id\":\"https:\\\/\\\/www.sabra.org.br\\\/site\\\/criatividade-infantil\\\/#breadcrumb\"},\"inLanguage\":\"pt-BR\",\"potentialAction\":[{\"@type\":\"ReadAction\",\"target\":[\"https:\\\/\\\/www.sabra.org.br\\\/site\\\/criatividade-infantil\\\/\"]}]},{\"@type\":\"ImageObject\",\"inLanguage\":\"pt-BR\",\"@id\":\"https:\\\/\\\/www.sabra.org.br\\\/site\\\/criatividade-infantil\\\/#primaryimage\",\"url\":\"https:\\\/\\\/www.sabra.org.br\\\/site\\\/wp-content\\\/uploads\\\/2023\\\/08\\\/criatividade-em-harmonia-x-passos-para-estimular-a-expressao-infantiljpg-20230628095402.jpg-jpg.webp\",\"contentUrl\":\"https:\\\/\\\/www.sabra.org.br\\\/site\\\/wp-content\\\/uploads\\\/2023\\\/08\\\/criatividade-em-harmonia-x-passos-para-estimular-a-expressao-infantiljpg-20230628095402.jpg-jpg.webp\",\"width\":800,\"height\":484,\"caption\":\"Sociedade Art\u00edstica Brasileira SABRA\"},{\"@type\":\"BreadcrumbList\",\"@id\":\"https:\\\/\\\/www.sabra.org.br\\\/site\\\/criatividade-infantil\\\/#breadcrumb\",\"itemListElement\":[{\"@type\":\"ListItem\",\"position\":1,\"name\":\"In\u00edcio\",\"item\":\"https:\\\/\\\/www.sabra.org.br\\\/site\\\/\"},{\"@type\":\"ListItem\",\"position\":2,\"name\":\"Criatividade em harmonia: Passos para estimular a express\u00e3o infantil\"}]},{\"@type\":\"WebSite\",\"@id\":\"https:\\\/\\\/www.sabra.org.br\\\/site\\\/#website\",\"url\":\"https:\\\/\\\/www.sabra.org.br\\\/site\\\/\",\"name\":\"SABRA - Sociedade Art\u00edstica Brasileira\",\"description\":\"Escola de M\u00fasica, Orquestra Sinf\u00f4nica, Coral e Patrim\u00f4nio Cultural e Hist\u00f3rico\",\"publisher\":{\"@id\":\"https:\\\/\\\/www.sabra.org.br\\\/site\\\/#organization\"},\"potentialAction\":[{\"@type\":\"SearchAction\",\"target\":{\"@type\":\"EntryPoint\",\"urlTemplate\":\"https:\\\/\\\/www.sabra.org.br\\\/site\\\/?s={search_term_string}\"},\"query-input\":{\"@type\":\"PropertyValueSpecification\",\"valueRequired\":true,\"valueName\":\"search_term_string\"}}],\"inLanguage\":\"pt-BR\"},{\"@type\":\"Organization\",\"@id\":\"https:\\\/\\\/www.sabra.org.br\\\/site\\\/#organization\",\"name\":\"SOCIEDADE ART\u00cdSTICA BRASILEIRA SABRA\",\"alternateName\":\"SABRA\",\"url\":\"https:\\\/\\\/www.sabra.org.br\\\/site\\\/\",\"logo\":{\"@type\":\"ImageObject\",\"inLanguage\":\"pt-BR\",\"@id\":\"https:\\\/\\\/www.sabra.org.br\\\/site\\\/#\\\/schema\\\/logo\\\/image\\\/\",\"url\":\"https:\\\/\\\/www.sabra.org.br\\\/site\\\/wp-content\\\/uploads\\\/2019\\\/06\\\/cropped-Logo_SABRA-Copia-1.webp\",\"contentUrl\":\"https:\\\/\\\/www.sabra.org.br\\\/site\\\/wp-content\\\/uploads\\\/2019\\\/06\\\/cropped-Logo_SABRA-Copia-1.webp\",\"width\":400,\"height\":128,\"caption\":\"SOCIEDADE ART\u00cdSTICA BRASILEIRA SABRA\"},\"image\":{\"@id\":\"https:\\\/\\\/www.sabra.org.br\\\/site\\\/#\\\/schema\\\/logo\\\/image\\\/\"},\"sameAs\":[\"https:\\\/\\\/www.facebook.com\\\/sabrabrasil\",\"https:\\\/\\\/x.com\\\/ContatoSabra\",\"https:\\\/\\\/www.instagram.com\\\/sabrabrasil\\\/\",\"https:\\\/\\\/www.linkedin.com\\\/company\\\/25002088\\\/\",\"https:\\\/\\\/br.pinterest.com\\\/sociedadeartisticabrasileira\\\/\",\"https:\\\/\\\/www.youtube.com\\\/c\\\/sabrabrasil\"]},{\"@type\":\"Person\",\"@id\":\"https:\\\/\\\/www.sabra.org.br\\\/site\\\/#\\\/schema\\\/person\\\/7d1d222c3c8891d4c37c7b41bf6315c2\",\"name\":\"M\u00e1rcio Miranda Pontes\",\"image\":{\"@type\":\"ImageObject\",\"inLanguage\":\"pt-BR\",\"@id\":\"https:\\\/\\\/secure.gravatar.com\\\/avatar\\\/3b45f24496a7625a3a6c436688fbe20344faaeb2979658dc4a9921f984d7df9a?s=96&d=mm&r=g\",\"url\":\"https:\\\/\\\/secure.gravatar.com\\\/avatar\\\/3b45f24496a7625a3a6c436688fbe20344faaeb2979658dc4a9921f984d7df9a?s=96&d=mm&r=g\",\"contentUrl\":\"https:\\\/\\\/secure.gravatar.com\\\/avatar\\\/3b45f24496a7625a3a6c436688fbe20344faaeb2979658dc4a9921f984d7df9a?s=96&d=mm&r=g\",\"caption\":\"M\u00e1rcio Miranda Pontes\"},\"sameAs\":[\"http:\\\/\\\/www.sabra.org.br\"],\"url\":\"https:\\\/\\\/www.sabra.org.br\\\/site\\\/author\\\/marcio-miranda-pontes\\\/\"}]}<\/script>\n<!-- \/ Yoast SEO plugin. -->","yoast_head_json":{"title":"Passos para estimular a express\u00e3o infantil","description":"Passos essenciais para estimular a criatividade e express\u00e3o infantil. Ambiente enriquecedor para crian\u00e7as criativas.","robots":{"index":"index","follow":"follow","max-snippet":"max-snippet:-1","max-image-preview":"max-image-preview:large","max-video-preview":"max-video-preview:-1"},"canonical":"https:\/\/www.sabra.org.br\/site\/criatividade-infantil\/","og_locale":"pt_BR","og_type":"article","og_title":"Passos para estimular a express\u00e3o infantil","og_description":"Passos essenciais para estimular a criatividade e express\u00e3o infantil. Ambiente enriquecedor para crian\u00e7as criativas.","og_url":"https:\/\/www.sabra.org.br\/site\/criatividade-infantil\/","og_site_name":"SABRA - Sociedade Art\u00edstica Brasileira","article_publisher":"https:\/\/www.facebook.com\/sabrabrasil","article_published_time":"2023-08-17T23:40:20+00:00","og_image":[{"width":800,"height":484,"url":"https:\/\/i0.wp.com\/www.sabra.org.br\/site\/wp-content\/uploads\/2023\/08\/criatividade-em-harmonia-x-passos-para-estimular-a-expressao-infantiljpg-20230628095402.jpg-jpg.webp?fit=800%2C484&ssl=1","type":"image\/jpeg"}],"author":"M\u00e1rcio Miranda Pontes","twitter_card":"summary_large_image","twitter_creator":"@ContatoSabra","twitter_site":"@ContatoSabra","twitter_misc":{"Escrito por":"M\u00e1rcio Miranda Pontes","Est. tempo de leitura":"4 minutos"},"schema":{"@context":"https:\/\/schema.org","@graph":[{"@type":"Article","@id":"https:\/\/www.sabra.org.br\/site\/criatividade-infantil\/#article","isPartOf":{"@id":"https:\/\/www.sabra.org.br\/site\/criatividade-infantil\/"},"author":{"name":"M\u00e1rcio Miranda Pontes","@id":"https:\/\/www.sabra.org.br\/site\/#\/schema\/person\/7d1d222c3c8891d4c37c7b41bf6315c2"},"headline":"Criatividade em harmonia: Passos para estimular a express\u00e3o infantil","datePublished":"2023-08-17T23:40:20+00:00","mainEntityOfPage":{"@id":"https:\/\/www.sabra.org.br\/site\/criatividade-infantil\/"},"wordCount":737,"publisher":{"@id":"https:\/\/www.sabra.org.br\/site\/#organization"},"image":{"@id":"https:\/\/www.sabra.org.br\/site\/criatividade-infantil\/#primaryimage"},"thumbnailUrl":"https:\/\/www.sabra.org.br\/site\/wp-content\/uploads\/2023\/08\/criatividade-em-harmonia-x-passos-para-estimular-a-expressao-infantiljpg-20230628095402.jpg-jpg.webp","keywords":["Assist\u00eancia social","Belo Horizonte","Cabo Frio","Campos dos Goytacazes","Canto Coral","Contagem","Escola de Musica SABRA","Ibirit\u00e9","Musicaliza\u00e7\u00e3o Infantil","nova lima","Orquestra Infanto Juvenil de Betim","Orquestra Sinf\u00f4nica de Betim","Raposos","Sociedade Art\u00edstica Brasileira"],"articleSection":["Blog SABRA"],"inLanguage":"pt-BR"},{"@type":"WebPage","@id":"https:\/\/www.sabra.org.br\/site\/criatividade-infantil\/","url":"https:\/\/www.sabra.org.br\/site\/criatividade-infantil\/","name":"Passos para estimular a express\u00e3o infantil","isPartOf":{"@id":"https:\/\/www.sabra.org.br\/site\/#website"},"primaryImageOfPage":{"@id":"https:\/\/www.sabra.org.br\/site\/criatividade-infantil\/#primaryimage"},"image":{"@id":"https:\/\/www.sabra.org.br\/site\/criatividade-infantil\/#primaryimage"},"thumbnailUrl":"https:\/\/www.sabra.org.br\/site\/wp-content\/uploads\/2023\/08\/criatividade-em-harmonia-x-passos-para-estimular-a-expressao-infantiljpg-20230628095402.jpg-jpg.webp","datePublished":"2023-08-17T23:40:20+00:00","description":"Passos essenciais para estimular a criatividade e express\u00e3o infantil. Ambiente enriquecedor para crian\u00e7as criativas.","breadcrumb":{"@id":"https:\/\/www.sabra.org.br\/site\/criatividade-infantil\/#breadcrumb"},"inLanguage":"pt-BR","potentialAction":[{"@type":"ReadAction","target":["https:\/\/www.sabra.org.br\/site\/criatividade-infantil\/"]}]},{"@type":"ImageObject","inLanguage":"pt-BR","@id":"https:\/\/www.sabra.org.br\/site\/criatividade-infantil\/#primaryimage","url":"https:\/\/www.sabra.org.br\/site\/wp-content\/uploads\/2023\/08\/criatividade-em-harmonia-x-passos-para-estimular-a-expressao-infantiljpg-20230628095402.jpg-jpg.webp","contentUrl":"https:\/\/www.sabra.org.br\/site\/wp-content\/uploads\/2023\/08\/criatividade-em-harmonia-x-passos-para-estimular-a-expressao-infantiljpg-20230628095402.jpg-jpg.webp","width":800,"height":484,"caption":"Sociedade Art\u00edstica Brasileira SABRA"},{"@type":"BreadcrumbList","@id":"https:\/\/www.sabra.org.br\/site\/criatividade-infantil\/#breadcrumb","itemListElement":[{"@type":"ListItem","position":1,"name":"In\u00edcio","item":"https:\/\/www.sabra.org.br\/site\/"},{"@type":"ListItem","position":2,"name":"Criatividade em harmonia: Passos para estimular a express\u00e3o infantil"}]},{"@type":"WebSite","@id":"https:\/\/www.sabra.org.br\/site\/#website","url":"https:\/\/www.sabra.org.br\/site\/","name":"SABRA - Sociedade Art\u00edstica Brasileira","description":"Escola de M\u00fasica, Orquestra Sinf\u00f4nica, Coral e Patrim\u00f4nio Cultural e Hist\u00f3rico","publisher":{"@id":"https:\/\/www.sabra.org.br\/site\/#organization"},"potentialAction":[{"@type":"SearchAction","target":{"@type":"EntryPoint","urlTemplate":"https:\/\/www.sabra.org.br\/site\/?s={search_term_string}"},"query-input":{"@type":"PropertyValueSpecification","valueRequired":true,"valueName":"search_term_string"}}],"inLanguage":"pt-BR"},{"@type":"Organization","@id":"https:\/\/www.sabra.org.br\/site\/#organization","name":"SOCIEDADE ART\u00cdSTICA BRASILEIRA SABRA","alternateName":"SABRA","url":"https:\/\/www.sabra.org.br\/site\/","logo":{"@type":"ImageObject","inLanguage":"pt-BR","@id":"https:\/\/www.sabra.org.br\/site\/#\/schema\/logo\/image\/","url":"https:\/\/www.sabra.org.br\/site\/wp-content\/uploads\/2019\/06\/cropped-Logo_SABRA-Copia-1.webp","contentUrl":"https:\/\/www.sabra.org.br\/site\/wp-content\/uploads\/2019\/06\/cropped-Logo_SABRA-Copia-1.webp","width":400,"height":128,"caption":"SOCIEDADE ART\u00cdSTICA BRASILEIRA SABRA"},"image":{"@id":"https:\/\/www.sabra.org.br\/site\/#\/schema\/logo\/image\/"},"sameAs":["https:\/\/www.facebook.com\/sabrabrasil","https:\/\/x.com\/ContatoSabra","https:\/\/www.instagram.com\/sabrabrasil\/","https:\/\/www.linkedin.com\/company\/25002088\/","https:\/\/br.pinterest.com\/sociedadeartisticabrasileira\/","https:\/\/www.youtube.com\/c\/sabrabrasil"]},{"@type":"Person","@id":"https:\/\/www.sabra.org.br\/site\/#\/schema\/person\/7d1d222c3c8891d4c37c7b41bf6315c2","name":"M\u00e1rcio Miranda Pontes","image":{"@type":"ImageObject","inLanguage":"pt-BR","@id":"https:\/\/secure.gravatar.com\/avatar\/3b45f24496a7625a3a6c436688fbe20344faaeb2979658dc4a9921f984d7df9a?s=96&d=mm&r=g","url":"https:\/\/secure.gravatar.com\/avatar\/3b45f24496a7625a3a6c436688fbe20344faaeb2979658dc4a9921f984d7df9a?s=96&d=mm&r=g","contentUrl":"https:\/\/secure.gravatar.com\/avatar\/3b45f24496a7625a3a6c436688fbe20344faaeb2979658dc4a9921f984d7df9a?s=96&d=mm&r=g","caption":"M\u00e1rcio Miranda Pontes"},"sameAs":["http:\/\/www.sabra.org.br"],"url":"https:\/\/www.sabra.org.br\/site\/author\/marcio-miranda-pontes\/"}]}},"jetpack_featured_media_url":"https:\/\/www.sabra.org.br\/site\/wp-content\/uploads\/2023\/08\/criatividade-em-harmonia-x-passos-para-estimular-a-expressao-infantiljpg-20230628095402.jpg-jpg.webp","jetpack_shortlink":"https:\/\/wp.me\/p95j2Z-22i","jetpack-related-posts":[{"id":13298,"url":"https:\/\/www.sabra.org.br\/site\/x-passos-para-incentivar-a-paixao-pela-musica-desde-cedo\/","url_meta":{"origin":7830,"position":0},"title":"X passos para incentivar a paix\u00e3o pela m\u00fasica desde cedo","author":"","date":"22 de agosto de 2025","format":false,"excerpt":"A m\u00fasica \u00e9 uma forma de express\u00e3o universal que pode trazer in\u00fameros benef\u00edcios para o desenvolvimento das crian\u00e7as. Ela estimula a criatividade, promove a socializa\u00e7\u00e3o e contribui para o crescimento emocional e cognitivo dos pequenos. Pensando nisso, a nossa empresa, a Sabra, tem como objetivo promover a inclus\u00e3o social e\u2026","rel":"","context":"Em &quot;Blog SABRA&quot;","block_context":{"text":"Blog SABRA","link":"https:\/\/www.sabra.org.br\/site\/category\/blog-sabra\/"},"img":{"alt_text":"","src":"","width":0,"height":0},"classes":[]},{"id":1620,"url":"https:\/\/www.sabra.org.br\/site\/desenvolvimento-infantil-arte\/","url_meta":{"origin":7830,"position":1},"title":"DESENVOLVIMENTO INFANTIL E ARTE","author":"M\u00e1rcio Miranda Pontes","date":"6 de novembro de 2018","format":false,"excerpt":"A import\u00e2ncia da arte no desenvolvimento infantil Os primeiros anos de vida s\u00e3o de muito aprendizado e tudo ao redor influencia no desenvolvimento, por isso vale destacar a import\u00e2ncia da arte no desenvolvimento infantil. Em um per\u00edodo da vida onde acontecem tantas descobertas, a arte influencia no desenvolvimento social e\u2026","rel":"","context":"Em &quot;Blog SABRA&quot;","block_context":{"text":"Blog SABRA","link":"https:\/\/www.sabra.org.br\/site\/category\/blog-sabra\/"},"img":{"alt_text":"Desenvolvimento Infantil e Arte","src":"https:\/\/i0.wp.com\/www.sabra.org.br\/site\/wp-content\/uploads\/2018\/11\/a-importancia-da-arte-no-desenvolvimento-infantil-20180705134730.jpg.jpg?resize=350%2C200&ssl=1","width":350,"height":200,"srcset":"https:\/\/i0.wp.com\/www.sabra.org.br\/site\/wp-content\/uploads\/2018\/11\/a-importancia-da-arte-no-desenvolvimento-infantil-20180705134730.jpg.jpg?resize=350%2C200&ssl=1 1x, https:\/\/i0.wp.com\/www.sabra.org.br\/site\/wp-content\/uploads\/2018\/11\/a-importancia-da-arte-no-desenvolvimento-infantil-20180705134730.jpg.jpg?resize=525%2C300&ssl=1 1.5x, https:\/\/i0.wp.com\/www.sabra.org.br\/site\/wp-content\/uploads\/2018\/11\/a-importancia-da-arte-no-desenvolvimento-infantil-20180705134730.jpg.jpg?resize=700%2C400&ssl=1 2x"},"classes":[]},{"id":13124,"url":"https:\/\/www.sabra.org.br\/site\/o-papel-da-musica-no-desenvolvimento-da-inteligencia-emocional-infantil\/","url_meta":{"origin":7830,"position":2},"title":"O papel da m\u00fasica no desenvolvimento da intelig\u00eancia emocional infantil","author":"","date":"22 de agosto de 2025","format":false,"excerpt":"A m\u00fasica desempenha um papel fundamental no desenvolvimento da intelig\u00eancia emocional infantil, oferecendo uma plataforma \u00fanica para a express\u00e3o e compreens\u00e3o das emo\u00e7\u00f5es. Desde tenra idade, as crian\u00e7as s\u00e3o expostas a uma variedade de est\u00edmulos musicais que moldam suas experi\u00eancias emocionais e cognitivas. Express\u00e3o Emocional Atrav\u00e9s da M\u00fasica A m\u00fasica\u2026","rel":"","context":"Em &quot;Blog SABRA&quot;","block_context":{"text":"Blog SABRA","link":"https:\/\/www.sabra.org.br\/site\/category\/blog-sabra\/"},"img":{"alt_text":"","src":"","width":0,"height":0},"classes":[]},{"id":13084,"url":"https:\/\/www.sabra.org.br\/site\/como-a-musicalizacao-infantil-estimula-a-criatividade-e-a-coordenacao-motora\/","url_meta":{"origin":7830,"position":3},"title":"Como a musicaliza\u00e7\u00e3o infantil estimula a criatividade e a coordena\u00e7\u00e3o motora?","author":"","date":"22 de agosto de 2025","format":false,"excerpt":"A musicaliza\u00e7\u00e3o infantil \u00e9 um processo educativo que utiliza a m\u00fasica como ferramenta para desenvolver habilidades cognitivas, motoras e emocionais nas crian\u00e7as. Este m\u00e9todo vai al\u00e9m do simples aprendizado de notas musicais ou can\u00e7\u00f5es; trata-se de uma abordagem integral que incorpora movimentos corporais, improvisa\u00e7\u00e3o e explora\u00e7\u00e3o sonora. Estudos t\u00eam demonstrado\u2026","rel":"","context":"Em &quot;Blog SABRA&quot;","block_context":{"text":"Blog SABRA","link":"https:\/\/www.sabra.org.br\/site\/category\/blog-sabra\/"},"img":{"alt_text":"","src":"","width":0,"height":0},"classes":[]},{"id":13299,"url":"https:\/\/www.sabra.org.br\/site\/musicalizacao-infantil-uma-jornada-de-descoberta-e-expressao-musical\/","url_meta":{"origin":7830,"position":4},"title":"Musicaliza\u00e7\u00e3o infantil: uma jornada de descoberta e express\u00e3o musical","author":"","date":"22 de agosto de 2025","format":false,"excerpt":"A musicaliza\u00e7\u00e3o infantil \u00e9 uma abordagem pedag\u00f3gica que visa desenvolver a sensibilidade musical e a express\u00e3o art\u00edstica nas crian\u00e7as desde os primeiros anos de vida. Essa pr\u00e1tica proporciona uma s\u00e9rie de benef\u00edcios, tanto cognitivos quanto emocionais, contribuindo para o desenvolvimento integral dos pequenos. Ao explorar sons, ritmos e melodias, as\u2026","rel":"","context":"Em &quot;Blog SABRA&quot;","block_context":{"text":"Blog SABRA","link":"https:\/\/www.sabra.org.br\/site\/category\/blog-sabra\/"},"img":{"alt_text":"","src":"","width":0,"height":0},"classes":[]},{"id":580,"url":"https:\/\/www.sabra.org.br\/site\/com-qual-idade-as-criancas-podem-aprender-a-tocar-instrumentos-musicais\/","url_meta":{"origin":7830,"position":5},"title":"Com qual idade as crian\u00e7as podem aprender a tocar instrumentos musicais?","author":"M\u00e1rcio Miranda Pontes","date":"27 de agosto de 2017","format":false,"excerpt":"H\u00e1 diversas raz\u00f5es para uma crian\u00e7a ter contato com o universo musical, como estimular o seu desenvolvimento cognitivo e motor, a criatividade, a auto-express\u00e3o e a capacidade de resolver problemas de l\u00f3gica e linguagem.","rel":"","context":"Em &quot;Blog SABRA&quot;","block_context":{"text":"Blog SABRA","link":"https:\/\/www.sabra.org.br\/site\/category\/blog-sabra\/"},"img":{"alt_text":"instrumentos-crian\u00e7a-idade","src":"https:\/\/i0.wp.com\/www.sabra.org.br\/site\/wp-content\/uploads\/2017\/08\/Band-musicians-4.jpg?resize=350%2C200&ssl=1","width":350,"height":200},"classes":[]}],"jetpack_likes_enabled":true,"jetpack_sharing_enabled":true,"_links":{"self":[{"href":"https:\/\/www.sabra.org.br\/site\/wp-json\/wp\/v2\/posts\/7830","targetHints":{"allow":["GET"]}}],"collection":[{"href":"https:\/\/www.sabra.org.br\/site\/wp-json\/wp\/v2\/posts"}],"about":[{"href":"https:\/\/www.sabra.org.br\/site\/wp-json\/wp\/v2\/types\/post"}],"author":[{"embeddable":true,"href":"https:\/\/www.sabra.org.br\/site\/wp-json\/wp\/v2\/users\/39"}],"replies":[{"embeddable":true,"href":"https:\/\/www.sabra.org.br\/site\/wp-json\/wp\/v2\/comments?post=7830"}],"version-history":[{"count":0,"href":"https:\/\/www.sabra.org.br\/site\/wp-json\/wp\/v2\/posts\/7830\/revisions"}],"wp:featuredmedia":[{"embeddable":true,"href":"https:\/\/www.sabra.org.br\/site\/wp-json\/wp\/v2\/media\/7832"}],"wp:attachment":[{"href":"https:\/\/www.sabra.org.br\/site\/wp-json\/wp\/v2\/media?parent=7830"}],"wp:term":[{"taxonomy":"category","embeddable":true,"href":"https:\/\/www.sabra.org.br\/site\/wp-json\/wp\/v2\/categories?post=7830"},{"taxonomy":"post_tag","embeddable":true,"href":"https:\/\/www.sabra.org.br\/site\/wp-json\/wp\/v2\/tags?post=7830"}],"curies":[{"name":"wp","href":"https:\/\/api.w.org\/{rel}","templated":true}]}}