{"id":7845,"date":"2023-08-21T11:46:13","date_gmt":"2023-08-21T14:46:13","guid":{"rendered":"https:\/\/www.sabra.org.br\/site\/?p=7845"},"modified":"2025-04-18T11:24:21","modified_gmt":"2025-04-18T14:24:21","slug":"talentos-infantis","status":"publish","type":"post","link":"https:\/\/www.sabra.org.br\/site\/talentos-infantis\/","title":{"rendered":"Como descobrir talentos musicais ainda na inf\u00e2ncia?"},"content":{"rendered":"<p>A m\u00fasica exerce um poderoso impacto nas nossas vidas, e <strong>descobrir talentos musicais<\/strong> desde a inf\u00e2ncia pode ser uma oportunidade \u00fanica para nutrir a paix\u00e3o e o potencial de uma crian\u00e7a. Muitas vezes, as habilidades musicais se revelam precocemente, permitindo que pais, educadores e mentores identifiquem e incentivem o desenvolvimento desses talentos.<\/p>\n<p>Neste artigo, exploraremos estrat\u00e9gias e abordagens para ajudar a descobrir e nutrir <strong>talentos musicais em crian\u00e7as<\/strong>, oferecendo-lhes oportunidades enriquecedoras para florescerem artisticamente.<\/p>\n<h2>Estimulando a express\u00e3o musical<\/h2>\n<p>A m\u00fasica est\u00e1 intrinsecamente ligada \u00e0 express\u00e3o emocional, e \u00e9 importante criar um ambiente prop\u00edcio para que as crian\u00e7as possam explorar e expressar suas emo\u00e7\u00f5es atrav\u00e9s da m\u00fasica.<\/p>\n<p>Desde cedo, \u00e9 poss\u00edvel expor as crian\u00e7as a diferentes g\u00eaneros musicais, cantar e dan\u00e7ar junto com elas, oferecer instrumentos musicais adequados \u00e0 sua idade e estimular a improvisa\u00e7\u00e3o e a cria\u00e7\u00e3o de m\u00fasicas pr\u00f3prias. Ao proporcionar um ambiente acolhedor e encorajador, as crian\u00e7as sentir\u00e3o confian\u00e7a para experimentar e expressar sua musicalidade.<\/p>\n<h2>Identificando o interesse e a aptid\u00e3o<\/h2>\n<p>Observe atentamente as prefer\u00eancias e rea\u00e7\u00f5es da crian\u00e7a em rela\u00e7\u00e3o \u00e0 m\u00fasica. Algumas crian\u00e7as podem demonstrar um interesse natural e entusiasmo quando expostas a diferentes estilos musicais, enquanto outras podem exibir uma inclina\u00e7\u00e3o para tocar instrumentos ou cantar.<\/p>\n<p>Preste aten\u00e7\u00e3o \u00e0 concentra\u00e7\u00e3o que a crian\u00e7a dedica \u00e0 m\u00fasica, bem como \u00e0 sua capacidade de reproduzir ritmos, melodias ou at\u00e9 mesmo criar suas pr\u00f3prias composi\u00e7\u00f5es. Esses sinais podem indicar um talento musical latente.<\/p>\n<h2>Exposi\u00e7\u00e3o a diferentes instrumentos musicais<\/h2>\n<p>Oferecer uma ampla variedade de instrumentos musicais para a crian\u00e7a experimentar \u00e9 uma excelente forma de identificar suas prefer\u00eancias e talentos. Pianos, viol\u00f5es, violinos, flautas e baterias s\u00e3o apenas alguns exemplos de instrumentos que podem cativar a curiosidade e o interesse da crian\u00e7a.<\/p>\n<p>Ademais, aulas introdut\u00f3rias de m\u00fasica em grupo podem fornecer uma base s\u00f3lida para o desenvolvimento musical, enquanto permitem que as crian\u00e7as explorem diferentes sons e instrumentos em um ambiente socialmente estimulante.<\/p>\n<h2>A import\u00e2ncia do apoio familiar e educativo<\/h2>\n<p>Para descobrir e nutrir talentos musicais na inf\u00e2ncia, o apoio familiar e educativo \u00e9 essencial. Os pais podem incentivar a crian\u00e7a a explorar a m\u00fasica, fornecer recursos musicais em casa, assistir a apresenta\u00e7\u00f5es musicais juntos e at\u00e9 mesmo matricul\u00e1-la em aulas de m\u00fasica ou grupos corais.<\/p>\n<p>Os educadores tamb\u00e9m desempenham um papel crucial ao incorporar a m\u00fasica no curr\u00edculo escolar, oferecendo aulas de m\u00fasica regulares e incentivando o envolvimento dos alunos em atividades musicais extracurriculares.<\/p>\n<h2>Colabora\u00e7\u00e3o com profissionais da m\u00fasica<\/h2>\n<p>Quando um talento musical promissor \u00e9 identificado, \u00e9 recomend\u00e1vel buscar orienta\u00e7\u00e3o profissional. Professores de m\u00fasica especializados podem oferecer aulas individuais adaptadas \u00e0s necessidades e interesses espec\u00edficos da crian\u00e7a. Esses profissionais podem ajudar a aprimorar habilidades t\u00e9cnicas, fornecer uma base te\u00f3rica s\u00f3lida e orientar o desenvolvimento musical de maneira progressiva.<\/p>\n<p>Tamb\u00e9m \u00e9 importante incentivar a participa\u00e7\u00e3o em apresenta\u00e7\u00f5es p\u00fablicas, concursos musicais e grupos musicais locais, oferecendo \u00e0 crian\u00e7a a oportunidade de compartilhar seu talento com o p\u00fablico e ganhar experi\u00eancia no palco.<\/p>\n<p>Descobrir talentos musicais na inf\u00e2ncia \u00e9 um processo que requer observa\u00e7\u00e3o cuidadosa, est\u00edmulo adequado e apoio cont\u00ednuo.<\/p>\n<p><a href=\"https:\/\/www.sabra.org.br\/site\/\">Acesse nosso site<\/a> e conhe\u00e7a o nosso trabalho.<\/p>\n<blockquote class=\"wp-embedded-content\" data-secret=\"g9IkbEqEMx\"><p><a href=\"https:\/\/www.sabra.org.br\/site\/aprendendo-em-grupo\/\">Aprendendo em grupo<\/a><\/p><\/blockquote>\n<p><iframe class=\"wp-embedded-content\" sandbox=\"allow-scripts\" security=\"restricted\" style=\"position: absolute; visibility: hidden;\" title=\"&#8220;Aprendendo em grupo&#8221; &#8212; SABRA - Sociedade Art\u00edstica Brasileira\" src=\"https:\/\/www.sabra.org.br\/site\/aprendendo-em-grupo\/embed\/#?secret=YgVaZd7Rpa#?secret=g9IkbEqEMx\" data-secret=\"g9IkbEqEMx\" width=\"600\" height=\"338\" frameborder=\"0\" marginwidth=\"0\" marginheight=\"0\" scrolling=\"no\"><\/iframe><\/p>\n<h2>Se voc\u00ea gostou deste post:<\/h2>\n<ul>\n<li>SIGA as nossas p\u00e1ginas nas redes sociais para acompanhar as nossas atualiza\u00e7\u00f5es: estamos no <a href=\"https:\/\/www.facebook.com\/sabrabrasil\" target=\"_blank\" rel=\"noopener\">Facebook<\/a>, no <a href=\"https:\/\/www.instagram.com\/sabrabrasil\/\" target=\"_blank\" rel=\"noopener\">Instagram<\/a>, no <a href=\"https:\/\/www.linkedin.com\/company\/25002088\" target=\"_blank\" rel=\"noopener\">LinkedIn<\/a>, no <a href=\"https:\/\/twitter.com\/ContatoSabra\" target=\"_blank\" rel=\"noopener\">Twitter<\/a> e no <a href=\"https:\/\/www.youtube.com\/channel\/UCJw-kbuEvzUNdeQf20Pa-eQ\" target=\"_blank\" rel=\"noopener\">YouTube<\/a>!<\/li>\n<li>CONHE\u00c7A o trabalho da Sociedade Art\u00edstica Brasileira (SABRA) e todas as iniciativas culturais e sociais que ela mant\u00e9m. <a href=\"https:\/\/www.sabra.org.br\/site\/acoes\/\" target=\"_blank\" rel=\"noopener\">Acesse nosso site!<\/a><\/li>\n<li>ENTRE EM CONTATO com a gente. E veja quais s\u00e3o as op\u00e7\u00f5es de ajuda na manuten\u00e7\u00e3o de nossas a\u00e7\u00f5es sociais e culturais. Basta acessar nossa p\u00e1gina <a href=\"https:\/\/www.sabra.org.br\/site\/doe-agora\/\" target=\"_blank\" rel=\"noopener\">Doe Agora!<\/a><\/li>\n<li>COMPARTILHE este texto nas suas redes sociais e ajude os seus amigos a tamb\u00e9m dominarem o assunto!<\/li>\n<\/ul>\n<p>\u2013 Os projetos da @sabrabrasil s\u00e3o realizados com o patroci\u0301nio m\u00e1ster: @institutounimedbh, viabilizado pelo incentivo de mais de 5,3 mil m\u00e9dicos cooperados e colaboradores via Lei de Incentivo \u00e0 Cultura &#8211; @culturagovbr<\/p>\n<blockquote class=\"wp-embedded-content\" data-secret=\"J0zYOLCB4I\"><p><a href=\"https:\/\/www.sabra.org.br\/site\/talento-musica\/\">Afinal, \u00e9 preciso ter talento para aprender m\u00fasica?<\/a><\/p><\/blockquote>\n<p><iframe class=\"wp-embedded-content\" sandbox=\"allow-scripts\" security=\"restricted\" style=\"position: absolute; visibility: hidden;\" title=\"&#8220;Afinal, \u00e9 preciso ter talento para aprender m\u00fasica?&#8221; &#8212; SABRA - Sociedade Art\u00edstica Brasileira\" src=\"https:\/\/www.sabra.org.br\/site\/talento-musica\/embed\/#?secret=ic8oTHmX7p#?secret=J0zYOLCB4I\" data-secret=\"J0zYOLCB4I\" width=\"600\" height=\"338\" frameborder=\"0\" marginwidth=\"0\" marginheight=\"0\" scrolling=\"no\"><\/iframe><\/p>\n<p>Texto por: <a href=\"https:\/\/redaweb.com.br\/conteudo\/marketing-digital\">RedaWeb &#8211; Marketing Digital<\/a><\/p>\n","protected":false},"excerpt":{"rendered":"<p>Aprenda estrat\u00e9gias para identificar e incentivar o potencial musical das crian\u00e7as, proporcionando um ambiente acolhedor, exposi\u00e7\u00e3o a diferentes instrumentos e colabora\u00e7\u00e3o com profissionais da m\u00fasica. Leia o post e saiba mais.<\/p>\n","protected":false},"author":39,"featured_media":7846,"comment_status":"closed","ping_status":"closed","sticky":false,"template":"","format":"standard","meta":{"jetpack_post_was_ever_published":false,"_jetpack_newsletter_access":"","_jetpack_dont_email_post_to_subs":false,"_jetpack_newsletter_tier_id":0,"_jetpack_memberships_contains_paywalled_content":false,"_jetpack_memberships_contains_paid_content":false,"footnotes":""},"categories":[1],"tags":[15,2757,3626,3623,8,3629,1285,3628,16,3519,1286,11,3622,9],"class_list":["post-7845","post","type-post","status-publish","format-standard","has-post-thumbnail","hentry","category-blog-sabra","tag-assistencia-social","tag-belo-horizonte","tag-cabo-frio","tag-campos-dos-goytacazes","tag-canto-coral","tag-contagem","tag-escola-de-musica-sabra","tag-ibirite","tag-musicalizacao-infantil","tag-nova-lima-2","tag-orquestra-infanto-juvenil-de-betim","tag-orquestra-sinfonica-de-betim","tag-raposos","tag-sociedade-artistica-brasileira"],"yoast_head":"<!-- This site is optimized with the Yoast SEO plugin v27.5 - https:\/\/yoast.com\/product\/yoast-seo-wordpress\/ -->\n<title>Como descobrir talentos musicais ainda na inf\u00e2ncia? - SABRA - Sociedade Art\u00edstica Brasileira<\/title>\n<meta name=\"description\" content=\"Identificar e incentivar o potencial musical das crian\u00e7as. Proporcionar um ambiente acolhedor, exposi\u00e7\u00e3o a instrumentos e profissionais.\" \/>\n<meta name=\"robots\" content=\"index, follow, max-snippet:-1, max-image-preview:large, max-video-preview:-1\" \/>\n<link rel=\"canonical\" href=\"https:\/\/www.sabra.org.br\/site\/talentos-infantis\/\" \/>\n<meta property=\"og:locale\" content=\"pt_BR\" \/>\n<meta property=\"og:type\" content=\"article\" \/>\n<meta property=\"og:title\" content=\"Como descobrir talentos musicais ainda na inf\u00e2ncia? - SABRA - Sociedade Art\u00edstica Brasileira\" \/>\n<meta property=\"og:description\" content=\"Identificar e incentivar o potencial musical das crian\u00e7as. Proporcionar um ambiente acolhedor, exposi\u00e7\u00e3o a instrumentos e profissionais.\" \/>\n<meta property=\"og:url\" content=\"https:\/\/www.sabra.org.br\/site\/talentos-infantis\/\" \/>\n<meta property=\"og:site_name\" content=\"SABRA - Sociedade Art\u00edstica Brasileira\" \/>\n<meta property=\"article:publisher\" content=\"https:\/\/www.facebook.com\/sabrabrasil\" \/>\n<meta property=\"article:published_time\" content=\"2023-08-21T14:46:13+00:00\" \/>\n<meta property=\"article:modified_time\" content=\"2025-04-18T14:24:21+00:00\" \/>\n<meta property=\"og:image\" content=\"https:\/\/www.sabra.org.br\/site\/wp-content\/uploads\/2023\/08\/como-descobrir-talentos-musicais-ainda-na-infanciajpg-20230628095402.jpg-jpg.webp\" \/>\n\t<meta property=\"og:image:width\" content=\"800\" \/>\n\t<meta property=\"og:image:height\" content=\"533\" \/>\n\t<meta property=\"og:image:type\" content=\"image\/jpeg\" \/>\n<meta name=\"author\" content=\"M\u00e1rcio Miranda Pontes\" \/>\n<meta name=\"twitter:card\" content=\"summary_large_image\" \/>\n<meta name=\"twitter:creator\" content=\"@ContatoSabra\" \/>\n<meta name=\"twitter:site\" content=\"@ContatoSabra\" \/>\n<meta name=\"twitter:label1\" content=\"Escrito por\" \/>\n\t<meta name=\"twitter:data1\" content=\"M\u00e1rcio Miranda Pontes\" \/>\n\t<meta name=\"twitter:label2\" content=\"Est. tempo de leitura\" \/>\n\t<meta name=\"twitter:data2\" content=\"4 minutos\" \/>\n<script type=\"application\/ld+json\" class=\"yoast-schema-graph\">{\"@context\":\"https:\\\/\\\/schema.org\",\"@graph\":[{\"@type\":\"Article\",\"@id\":\"https:\\\/\\\/www.sabra.org.br\\\/site\\\/talentos-infantis\\\/#article\",\"isPartOf\":{\"@id\":\"https:\\\/\\\/www.sabra.org.br\\\/site\\\/talentos-infantis\\\/\"},\"author\":{\"name\":\"M\u00e1rcio Miranda Pontes\",\"@id\":\"https:\\\/\\\/www.sabra.org.br\\\/site\\\/#\\\/schema\\\/person\\\/7d1d222c3c8891d4c37c7b41bf6315c2\"},\"headline\":\"Como descobrir talentos musicais ainda na inf\u00e2ncia?\",\"datePublished\":\"2023-08-21T14:46:13+00:00\",\"dateModified\":\"2025-04-18T14:24:21+00:00\",\"mainEntityOfPage\":{\"@id\":\"https:\\\/\\\/www.sabra.org.br\\\/site\\\/talentos-infantis\\\/\"},\"wordCount\":741,\"publisher\":{\"@id\":\"https:\\\/\\\/www.sabra.org.br\\\/site\\\/#organization\"},\"image\":{\"@id\":\"https:\\\/\\\/www.sabra.org.br\\\/site\\\/talentos-infantis\\\/#primaryimage\"},\"thumbnailUrl\":\"https:\\\/\\\/www.sabra.org.br\\\/site\\\/wp-content\\\/uploads\\\/2023\\\/08\\\/como-descobrir-talentos-musicais-ainda-na-infanciajpg-20230628095402.jpg-jpg.webp\",\"keywords\":[\"Assist\u00eancia social\",\"Belo Horizonte\",\"Cabo Frio\",\"Campos dos Goytacazes\",\"Canto Coral\",\"Contagem\",\"Escola de Musica SABRA\",\"Ibirit\u00e9\",\"Musicaliza\u00e7\u00e3o Infantil\",\"nova lima\",\"Orquestra Infanto Juvenil de Betim\",\"Orquestra Sinf\u00f4nica de Betim\",\"Raposos\",\"Sociedade Art\u00edstica Brasileira\"],\"articleSection\":[\"Blog SABRA\"],\"inLanguage\":\"pt-BR\"},{\"@type\":\"WebPage\",\"@id\":\"https:\\\/\\\/www.sabra.org.br\\\/site\\\/talentos-infantis\\\/\",\"url\":\"https:\\\/\\\/www.sabra.org.br\\\/site\\\/talentos-infantis\\\/\",\"name\":\"Como descobrir talentos musicais ainda na inf\u00e2ncia? - SABRA - Sociedade Art\u00edstica Brasileira\",\"isPartOf\":{\"@id\":\"https:\\\/\\\/www.sabra.org.br\\\/site\\\/#website\"},\"primaryImageOfPage\":{\"@id\":\"https:\\\/\\\/www.sabra.org.br\\\/site\\\/talentos-infantis\\\/#primaryimage\"},\"image\":{\"@id\":\"https:\\\/\\\/www.sabra.org.br\\\/site\\\/talentos-infantis\\\/#primaryimage\"},\"thumbnailUrl\":\"https:\\\/\\\/www.sabra.org.br\\\/site\\\/wp-content\\\/uploads\\\/2023\\\/08\\\/como-descobrir-talentos-musicais-ainda-na-infanciajpg-20230628095402.jpg-jpg.webp\",\"datePublished\":\"2023-08-21T14:46:13+00:00\",\"dateModified\":\"2025-04-18T14:24:21+00:00\",\"description\":\"Identificar e incentivar o potencial musical das crian\u00e7as. Proporcionar um ambiente acolhedor, exposi\u00e7\u00e3o a instrumentos e profissionais.\",\"breadcrumb\":{\"@id\":\"https:\\\/\\\/www.sabra.org.br\\\/site\\\/talentos-infantis\\\/#breadcrumb\"},\"inLanguage\":\"pt-BR\",\"potentialAction\":[{\"@type\":\"ReadAction\",\"target\":[\"https:\\\/\\\/www.sabra.org.br\\\/site\\\/talentos-infantis\\\/\"]}]},{\"@type\":\"ImageObject\",\"inLanguage\":\"pt-BR\",\"@id\":\"https:\\\/\\\/www.sabra.org.br\\\/site\\\/talentos-infantis\\\/#primaryimage\",\"url\":\"https:\\\/\\\/www.sabra.org.br\\\/site\\\/wp-content\\\/uploads\\\/2023\\\/08\\\/como-descobrir-talentos-musicais-ainda-na-infanciajpg-20230628095402.jpg-jpg.webp\",\"contentUrl\":\"https:\\\/\\\/www.sabra.org.br\\\/site\\\/wp-content\\\/uploads\\\/2023\\\/08\\\/como-descobrir-talentos-musicais-ainda-na-infanciajpg-20230628095402.jpg-jpg.webp\",\"width\":800,\"height\":533,\"caption\":\"Sociedade Art\u00edstica Brasileira SABRA\"},{\"@type\":\"BreadcrumbList\",\"@id\":\"https:\\\/\\\/www.sabra.org.br\\\/site\\\/talentos-infantis\\\/#breadcrumb\",\"itemListElement\":[{\"@type\":\"ListItem\",\"position\":1,\"name\":\"In\u00edcio\",\"item\":\"https:\\\/\\\/www.sabra.org.br\\\/site\\\/\"},{\"@type\":\"ListItem\",\"position\":2,\"name\":\"Como descobrir talentos musicais ainda na inf\u00e2ncia?\"}]},{\"@type\":\"WebSite\",\"@id\":\"https:\\\/\\\/www.sabra.org.br\\\/site\\\/#website\",\"url\":\"https:\\\/\\\/www.sabra.org.br\\\/site\\\/\",\"name\":\"SABRA - Sociedade Art\u00edstica Brasileira\",\"description\":\"Escola de M\u00fasica, Orquestra Sinf\u00f4nica, Coral e Patrim\u00f4nio Cultural e Hist\u00f3rico\",\"publisher\":{\"@id\":\"https:\\\/\\\/www.sabra.org.br\\\/site\\\/#organization\"},\"potentialAction\":[{\"@type\":\"SearchAction\",\"target\":{\"@type\":\"EntryPoint\",\"urlTemplate\":\"https:\\\/\\\/www.sabra.org.br\\\/site\\\/?s={search_term_string}\"},\"query-input\":{\"@type\":\"PropertyValueSpecification\",\"valueRequired\":true,\"valueName\":\"search_term_string\"}}],\"inLanguage\":\"pt-BR\"},{\"@type\":\"Organization\",\"@id\":\"https:\\\/\\\/www.sabra.org.br\\\/site\\\/#organization\",\"name\":\"SOCIEDADE ART\u00cdSTICA BRASILEIRA SABRA\",\"alternateName\":\"SABRA\",\"url\":\"https:\\\/\\\/www.sabra.org.br\\\/site\\\/\",\"logo\":{\"@type\":\"ImageObject\",\"inLanguage\":\"pt-BR\",\"@id\":\"https:\\\/\\\/www.sabra.org.br\\\/site\\\/#\\\/schema\\\/logo\\\/image\\\/\",\"url\":\"https:\\\/\\\/www.sabra.org.br\\\/site\\\/wp-content\\\/uploads\\\/2019\\\/06\\\/cropped-Logo_SABRA-Copia-1.webp\",\"contentUrl\":\"https:\\\/\\\/www.sabra.org.br\\\/site\\\/wp-content\\\/uploads\\\/2019\\\/06\\\/cropped-Logo_SABRA-Copia-1.webp\",\"width\":400,\"height\":128,\"caption\":\"SOCIEDADE ART\u00cdSTICA BRASILEIRA SABRA\"},\"image\":{\"@id\":\"https:\\\/\\\/www.sabra.org.br\\\/site\\\/#\\\/schema\\\/logo\\\/image\\\/\"},\"sameAs\":[\"https:\\\/\\\/www.facebook.com\\\/sabrabrasil\",\"https:\\\/\\\/x.com\\\/ContatoSabra\",\"https:\\\/\\\/www.instagram.com\\\/sabrabrasil\\\/\",\"https:\\\/\\\/www.linkedin.com\\\/company\\\/25002088\\\/\",\"https:\\\/\\\/br.pinterest.com\\\/sociedadeartisticabrasileira\\\/\",\"https:\\\/\\\/www.youtube.com\\\/c\\\/sabrabrasil\"]},{\"@type\":\"Person\",\"@id\":\"https:\\\/\\\/www.sabra.org.br\\\/site\\\/#\\\/schema\\\/person\\\/7d1d222c3c8891d4c37c7b41bf6315c2\",\"name\":\"M\u00e1rcio Miranda Pontes\",\"image\":{\"@type\":\"ImageObject\",\"inLanguage\":\"pt-BR\",\"@id\":\"https:\\\/\\\/secure.gravatar.com\\\/avatar\\\/3b45f24496a7625a3a6c436688fbe20344faaeb2979658dc4a9921f984d7df9a?s=96&d=mm&r=g\",\"url\":\"https:\\\/\\\/secure.gravatar.com\\\/avatar\\\/3b45f24496a7625a3a6c436688fbe20344faaeb2979658dc4a9921f984d7df9a?s=96&d=mm&r=g\",\"contentUrl\":\"https:\\\/\\\/secure.gravatar.com\\\/avatar\\\/3b45f24496a7625a3a6c436688fbe20344faaeb2979658dc4a9921f984d7df9a?s=96&d=mm&r=g\",\"caption\":\"M\u00e1rcio Miranda Pontes\"},\"sameAs\":[\"http:\\\/\\\/www.sabra.org.br\"],\"url\":\"https:\\\/\\\/www.sabra.org.br\\\/site\\\/author\\\/marcio-miranda-pontes\\\/\"}]}<\/script>\n<!-- \/ Yoast SEO plugin. -->","yoast_head_json":{"title":"Como descobrir talentos musicais ainda na inf\u00e2ncia? - SABRA - Sociedade Art\u00edstica Brasileira","description":"Identificar e incentivar o potencial musical das crian\u00e7as. Proporcionar um ambiente acolhedor, exposi\u00e7\u00e3o a instrumentos e profissionais.","robots":{"index":"index","follow":"follow","max-snippet":"max-snippet:-1","max-image-preview":"max-image-preview:large","max-video-preview":"max-video-preview:-1"},"canonical":"https:\/\/www.sabra.org.br\/site\/talentos-infantis\/","og_locale":"pt_BR","og_type":"article","og_title":"Como descobrir talentos musicais ainda na inf\u00e2ncia? - SABRA - Sociedade Art\u00edstica Brasileira","og_description":"Identificar e incentivar o potencial musical das crian\u00e7as. Proporcionar um ambiente acolhedor, exposi\u00e7\u00e3o a instrumentos e profissionais.","og_url":"https:\/\/www.sabra.org.br\/site\/talentos-infantis\/","og_site_name":"SABRA - Sociedade Art\u00edstica Brasileira","article_publisher":"https:\/\/www.facebook.com\/sabrabrasil","article_published_time":"2023-08-21T14:46:13+00:00","article_modified_time":"2025-04-18T14:24:21+00:00","og_image":[{"width":800,"height":533,"url":"https:\/\/www.sabra.org.br\/site\/wp-content\/uploads\/2023\/08\/como-descobrir-talentos-musicais-ainda-na-infanciajpg-20230628095402.jpg-jpg.webp","type":"image\/jpeg"}],"author":"M\u00e1rcio Miranda Pontes","twitter_card":"summary_large_image","twitter_creator":"@ContatoSabra","twitter_site":"@ContatoSabra","twitter_misc":{"Escrito por":"M\u00e1rcio Miranda Pontes","Est. tempo de leitura":"4 minutos"},"schema":{"@context":"https:\/\/schema.org","@graph":[{"@type":"Article","@id":"https:\/\/www.sabra.org.br\/site\/talentos-infantis\/#article","isPartOf":{"@id":"https:\/\/www.sabra.org.br\/site\/talentos-infantis\/"},"author":{"name":"M\u00e1rcio Miranda Pontes","@id":"https:\/\/www.sabra.org.br\/site\/#\/schema\/person\/7d1d222c3c8891d4c37c7b41bf6315c2"},"headline":"Como descobrir talentos musicais ainda na inf\u00e2ncia?","datePublished":"2023-08-21T14:46:13+00:00","dateModified":"2025-04-18T14:24:21+00:00","mainEntityOfPage":{"@id":"https:\/\/www.sabra.org.br\/site\/talentos-infantis\/"},"wordCount":741,"publisher":{"@id":"https:\/\/www.sabra.org.br\/site\/#organization"},"image":{"@id":"https:\/\/www.sabra.org.br\/site\/talentos-infantis\/#primaryimage"},"thumbnailUrl":"https:\/\/www.sabra.org.br\/site\/wp-content\/uploads\/2023\/08\/como-descobrir-talentos-musicais-ainda-na-infanciajpg-20230628095402.jpg-jpg.webp","keywords":["Assist\u00eancia social","Belo Horizonte","Cabo Frio","Campos dos Goytacazes","Canto Coral","Contagem","Escola de Musica SABRA","Ibirit\u00e9","Musicaliza\u00e7\u00e3o Infantil","nova lima","Orquestra Infanto Juvenil de Betim","Orquestra Sinf\u00f4nica de Betim","Raposos","Sociedade Art\u00edstica Brasileira"],"articleSection":["Blog SABRA"],"inLanguage":"pt-BR"},{"@type":"WebPage","@id":"https:\/\/www.sabra.org.br\/site\/talentos-infantis\/","url":"https:\/\/www.sabra.org.br\/site\/talentos-infantis\/","name":"Como descobrir talentos musicais ainda na inf\u00e2ncia? - SABRA - Sociedade Art\u00edstica Brasileira","isPartOf":{"@id":"https:\/\/www.sabra.org.br\/site\/#website"},"primaryImageOfPage":{"@id":"https:\/\/www.sabra.org.br\/site\/talentos-infantis\/#primaryimage"},"image":{"@id":"https:\/\/www.sabra.org.br\/site\/talentos-infantis\/#primaryimage"},"thumbnailUrl":"https:\/\/www.sabra.org.br\/site\/wp-content\/uploads\/2023\/08\/como-descobrir-talentos-musicais-ainda-na-infanciajpg-20230628095402.jpg-jpg.webp","datePublished":"2023-08-21T14:46:13+00:00","dateModified":"2025-04-18T14:24:21+00:00","description":"Identificar e incentivar o potencial musical das crian\u00e7as. Proporcionar um ambiente acolhedor, exposi\u00e7\u00e3o a instrumentos e profissionais.","breadcrumb":{"@id":"https:\/\/www.sabra.org.br\/site\/talentos-infantis\/#breadcrumb"},"inLanguage":"pt-BR","potentialAction":[{"@type":"ReadAction","target":["https:\/\/www.sabra.org.br\/site\/talentos-infantis\/"]}]},{"@type":"ImageObject","inLanguage":"pt-BR","@id":"https:\/\/www.sabra.org.br\/site\/talentos-infantis\/#primaryimage","url":"https:\/\/www.sabra.org.br\/site\/wp-content\/uploads\/2023\/08\/como-descobrir-talentos-musicais-ainda-na-infanciajpg-20230628095402.jpg-jpg.webp","contentUrl":"https:\/\/www.sabra.org.br\/site\/wp-content\/uploads\/2023\/08\/como-descobrir-talentos-musicais-ainda-na-infanciajpg-20230628095402.jpg-jpg.webp","width":800,"height":533,"caption":"Sociedade Art\u00edstica Brasileira SABRA"},{"@type":"BreadcrumbList","@id":"https:\/\/www.sabra.org.br\/site\/talentos-infantis\/#breadcrumb","itemListElement":[{"@type":"ListItem","position":1,"name":"In\u00edcio","item":"https:\/\/www.sabra.org.br\/site\/"},{"@type":"ListItem","position":2,"name":"Como descobrir talentos musicais ainda na inf\u00e2ncia?"}]},{"@type":"WebSite","@id":"https:\/\/www.sabra.org.br\/site\/#website","url":"https:\/\/www.sabra.org.br\/site\/","name":"SABRA - Sociedade Art\u00edstica Brasileira","description":"Escola de M\u00fasica, Orquestra Sinf\u00f4nica, Coral e Patrim\u00f4nio Cultural e Hist\u00f3rico","publisher":{"@id":"https:\/\/www.sabra.org.br\/site\/#organization"},"potentialAction":[{"@type":"SearchAction","target":{"@type":"EntryPoint","urlTemplate":"https:\/\/www.sabra.org.br\/site\/?s={search_term_string}"},"query-input":{"@type":"PropertyValueSpecification","valueRequired":true,"valueName":"search_term_string"}}],"inLanguage":"pt-BR"},{"@type":"Organization","@id":"https:\/\/www.sabra.org.br\/site\/#organization","name":"SOCIEDADE ART\u00cdSTICA BRASILEIRA SABRA","alternateName":"SABRA","url":"https:\/\/www.sabra.org.br\/site\/","logo":{"@type":"ImageObject","inLanguage":"pt-BR","@id":"https:\/\/www.sabra.org.br\/site\/#\/schema\/logo\/image\/","url":"https:\/\/www.sabra.org.br\/site\/wp-content\/uploads\/2019\/06\/cropped-Logo_SABRA-Copia-1.webp","contentUrl":"https:\/\/www.sabra.org.br\/site\/wp-content\/uploads\/2019\/06\/cropped-Logo_SABRA-Copia-1.webp","width":400,"height":128,"caption":"SOCIEDADE ART\u00cdSTICA BRASILEIRA SABRA"},"image":{"@id":"https:\/\/www.sabra.org.br\/site\/#\/schema\/logo\/image\/"},"sameAs":["https:\/\/www.facebook.com\/sabrabrasil","https:\/\/x.com\/ContatoSabra","https:\/\/www.instagram.com\/sabrabrasil\/","https:\/\/www.linkedin.com\/company\/25002088\/","https:\/\/br.pinterest.com\/sociedadeartisticabrasileira\/","https:\/\/www.youtube.com\/c\/sabrabrasil"]},{"@type":"Person","@id":"https:\/\/www.sabra.org.br\/site\/#\/schema\/person\/7d1d222c3c8891d4c37c7b41bf6315c2","name":"M\u00e1rcio Miranda Pontes","image":{"@type":"ImageObject","inLanguage":"pt-BR","@id":"https:\/\/secure.gravatar.com\/avatar\/3b45f24496a7625a3a6c436688fbe20344faaeb2979658dc4a9921f984d7df9a?s=96&d=mm&r=g","url":"https:\/\/secure.gravatar.com\/avatar\/3b45f24496a7625a3a6c436688fbe20344faaeb2979658dc4a9921f984d7df9a?s=96&d=mm&r=g","contentUrl":"https:\/\/secure.gravatar.com\/avatar\/3b45f24496a7625a3a6c436688fbe20344faaeb2979658dc4a9921f984d7df9a?s=96&d=mm&r=g","caption":"M\u00e1rcio Miranda Pontes"},"sameAs":["http:\/\/www.sabra.org.br"],"url":"https:\/\/www.sabra.org.br\/site\/author\/marcio-miranda-pontes\/"}]}},"jetpack_featured_media_url":"https:\/\/www.sabra.org.br\/site\/wp-content\/uploads\/2023\/08\/como-descobrir-talentos-musicais-ainda-na-infanciajpg-20230628095402.jpg-jpg.webp","jetpack_shortlink":"https:\/\/wp.me\/p95j2Z-22x","jetpack-related-posts":[{"id":13298,"url":"https:\/\/www.sabra.org.br\/site\/x-passos-para-incentivar-a-paixao-pela-musica-desde-cedo\/","url_meta":{"origin":7845,"position":0},"title":"X passos para incentivar a paix\u00e3o pela m\u00fasica desde cedo","author":"","date":"22 de agosto de 2025","format":false,"excerpt":"A m\u00fasica \u00e9 uma forma de express\u00e3o universal que pode trazer in\u00fameros benef\u00edcios para o desenvolvimento das crian\u00e7as. Ela estimula a criatividade, promove a socializa\u00e7\u00e3o e contribui para o crescimento emocional e cognitivo dos pequenos. Pensando nisso, a nossa empresa, a Sabra, tem como objetivo promover a inclus\u00e3o social e\u2026","rel":"","context":"Em &quot;Blog SABRA&quot;","block_context":{"text":"Blog SABRA","link":"https:\/\/www.sabra.org.br\/site\/category\/blog-sabra\/"},"img":{"alt_text":"","src":"","width":0,"height":0},"classes":[]},{"id":13286,"url":"https:\/\/www.sabra.org.br\/site\/descubra-aqui-x-musicistas-brasileiros-pouco-conhecidos\/","url_meta":{"origin":7845,"position":1},"title":"Descubra aqui X musicistas brasileiros pouco conhecidos","author":"","date":"22 de agosto de 2025","format":false,"excerpt":"O Brasil \u00e9 um pa\u00eds repleto de talentos musicais, com artistas renomados e mundialmente famosos como Tom Jobim, Caetano Veloso, Gilberto Gil, entre outros. No entanto, existem muitos m\u00fasicos brasileiros menos conhecidos que tamb\u00e9m merecem destaque por sua arte \u00fanica e criativa. Neste post, vamos apresentar 5 musicistas brasileiros pouco\u2026","rel":"","context":"Em &quot;Blog SABRA&quot;","block_context":{"text":"Blog SABRA","link":"https:\/\/www.sabra.org.br\/site\/category\/blog-sabra\/"},"img":{"alt_text":"","src":"","width":0,"height":0},"classes":[]},{"id":7805,"url":"https:\/\/www.sabra.org.br\/site\/experiencias-escolas-de-musica-infantis\/","url_meta":{"origin":7845,"position":2},"title":"Experi\u00eancias emocionantes em escolas de m\u00fasica infantis","author":"M\u00e1rcio Miranda Pontes","date":"10 de agosto de 2023","format":false,"excerpt":"Descubra a magia da m\u00fasica nas escolas de m\u00fasica infantis! Conhe\u00e7a as experi\u00eancias emocionantes que v\u00e3o despertar o amor pela m\u00fasica nas crian\u00e7as. N\u00e3o perca essa oportunidade de vivenciar momentos inesquec\u00edveis ao som da m\u00fasica!","rel":"","context":"Em &quot;Blog SABRA&quot;","block_context":{"text":"Blog SABRA","link":"https:\/\/www.sabra.org.br\/site\/category\/blog-sabra\/"},"img":{"alt_text":"sabra-m\u00fasica-crian\u00e7as-musicais-experi\u00eancias-emocionantes-escolas-explorar-infantis-instrumentos-desenvolvimento-diferentes-projetos","src":"https:\/\/i0.wp.com\/www.sabra.org.br\/site\/wp-content\/uploads\/2023\/08\/x-experiencias-emocionantes-em-escolas-de-musica-infantisjpg-20230628095402.jpg-jpg.webp?resize=350%2C200&ssl=1","width":350,"height":200,"srcset":"https:\/\/i0.wp.com\/www.sabra.org.br\/site\/wp-content\/uploads\/2023\/08\/x-experiencias-emocionantes-em-escolas-de-musica-infantisjpg-20230628095402.jpg-jpg.webp?resize=350%2C200&ssl=1 1x, https:\/\/i0.wp.com\/www.sabra.org.br\/site\/wp-content\/uploads\/2023\/08\/x-experiencias-emocionantes-em-escolas-de-musica-infantisjpg-20230628095402.jpg-jpg.webp?resize=525%2C300&ssl=1 1.5x, https:\/\/i0.wp.com\/www.sabra.org.br\/site\/wp-content\/uploads\/2023\/08\/x-experiencias-emocionantes-em-escolas-de-musica-infantisjpg-20230628095402.jpg-jpg.webp?resize=700%2C400&ssl=1 2x"},"classes":[]},{"id":7138,"url":"https:\/\/www.sabra.org.br\/site\/jovem-solista\/","url_meta":{"origin":7845,"position":3},"title":"Premio Jovem Solista da Orquestra Sinfonica de Betim","author":"M\u00e1rcio Miranda Pontes","date":"16 de maio de 2023","format":false,"excerpt":"Estimular a competi\u00e7\u00e3o musical \u00e9 uma excelente maneira de incentivar de forma saud\u00e1vel que os indiv\u00edduos disputem entre si sem que hajam desentendimentos ou algo do tipo. Conhe\u00e7a um pouco mais sobre o Premio Jovem Solista da Orquestra Sinfonica de Betim","rel":"","context":"Em &quot;Blog SABRA&quot;","block_context":{"text":"Blog SABRA","link":"https:\/\/www.sabra.org.br\/site\/category\/blog-sabra\/"},"img":{"alt_text":"m\u00fasica-orquestra-betim-sinf\u00f4nica-pr\u00eamio-solista-art\u00edtica-jovem-jovens-projetos-proporcionar-sabra","src":"https:\/\/i0.wp.com\/www.sabra.org.br\/site\/wp-content\/uploads\/2023\/05\/premio-jovem-solista-da-orquestra-sinfonica-de-betim-20171229162457.jpg-jpg.webp?resize=350%2C200&ssl=1","width":350,"height":200,"srcset":"https:\/\/i0.wp.com\/www.sabra.org.br\/site\/wp-content\/uploads\/2023\/05\/premio-jovem-solista-da-orquestra-sinfonica-de-betim-20171229162457.jpg-jpg.webp?resize=350%2C200&ssl=1 1x, https:\/\/i0.wp.com\/www.sabra.org.br\/site\/wp-content\/uploads\/2023\/05\/premio-jovem-solista-da-orquestra-sinfonica-de-betim-20171229162457.jpg-jpg.webp?resize=525%2C300&ssl=1 1.5x, https:\/\/i0.wp.com\/www.sabra.org.br\/site\/wp-content\/uploads\/2023\/05\/premio-jovem-solista-da-orquestra-sinfonica-de-betim-20171229162457.jpg-jpg.webp?resize=700%2C400&ssl=1 2x"},"classes":[]},{"id":2621,"url":"https:\/\/www.sabra.org.br\/site\/musica-ao-redor-do-mundo\/","url_meta":{"origin":7845,"position":4},"title":"M\u00fasica ao redor do mundo","author":"M\u00e1rcio Miranda Pontes","date":"25 de mar\u00e7o de 2020","format":false,"excerpt":"A m\u00fasica \u00e9 um instrumento de uni\u00e3o e conex\u00e3o cultural. Pensando nisso, trouxemos uma lista com algumas das principais m\u00fasicas tradicionais e modernas de diversos pa\u00edses ao redor do mundo.","rel":"","context":"Em &quot;Blog SABRA&quot;","block_context":{"text":"Blog SABRA","link":"https:\/\/www.sabra.org.br\/site\/category\/blog-sabra\/"},"img":{"alt_text":"musica-mundo","src":"https:\/\/i0.wp.com\/www.sabra.org.br\/site\/wp-content\/uploads\/2020\/03\/conheca-as-musicas-locais-de-diferentes-paises-ao-redor-do-mundo-20200110125630.jpg.jpg?resize=350%2C200&ssl=1","width":350,"height":200,"srcset":"https:\/\/i0.wp.com\/www.sabra.org.br\/site\/wp-content\/uploads\/2020\/03\/conheca-as-musicas-locais-de-diferentes-paises-ao-redor-do-mundo-20200110125630.jpg.jpg?resize=350%2C200&ssl=1 1x, https:\/\/i0.wp.com\/www.sabra.org.br\/site\/wp-content\/uploads\/2020\/03\/conheca-as-musicas-locais-de-diferentes-paises-ao-redor-do-mundo-20200110125630.jpg.jpg?resize=525%2C300&ssl=1 1.5x, https:\/\/i0.wp.com\/www.sabra.org.br\/site\/wp-content\/uploads\/2020\/03\/conheca-as-musicas-locais-de-diferentes-paises-ao-redor-do-mundo-20200110125630.jpg.jpg?resize=700%2C400&ssl=1 2x"},"classes":[]},{"id":7865,"url":"https:\/\/www.sabra.org.br\/site\/aprendendo-em-grupo\/","url_meta":{"origin":7845,"position":5},"title":"Aprendendo em grupo","author":"M\u00e1rcio Miranda Pontes","date":"22 de agosto de 2023","format":false,"excerpt":"Descubra os incr\u00edveis benef\u00edcios sociais que as escolas de m\u00fasica oferecem \u00e0s crian\u00e7as! Aprenda em grupo, desenvolva habilidades sociais, construa amizades duradouras e fortale\u00e7a a autoconfian\u00e7a. Leia o post agora mesmo!","rel":"","context":"Em &quot;Blog SABRA&quot;","block_context":{"text":"Blog SABRA","link":"https:\/\/www.sabra.org.br\/site\/category\/blog-sabra\/"},"img":{"alt_text":"sabra-m\u00fasica-crian\u00e7as-desenvolvimento-sociais-habilidades-aprender-grupo-escolas-ajuda-alunos-musicais-trabalho","src":"https:\/\/i0.wp.com\/www.sabra.org.br\/site\/wp-content\/uploads\/2023\/08\/aprendendo-em-grupo-x-beneficios-sociais-das-escolas-de-musica-para-criancasjpg-20230628095402.jpg-jpg.webp?resize=350%2C200&ssl=1","width":350,"height":200,"srcset":"https:\/\/i0.wp.com\/www.sabra.org.br\/site\/wp-content\/uploads\/2023\/08\/aprendendo-em-grupo-x-beneficios-sociais-das-escolas-de-musica-para-criancasjpg-20230628095402.jpg-jpg.webp?resize=350%2C200&ssl=1 1x, https:\/\/i0.wp.com\/www.sabra.org.br\/site\/wp-content\/uploads\/2023\/08\/aprendendo-em-grupo-x-beneficios-sociais-das-escolas-de-musica-para-criancasjpg-20230628095402.jpg-jpg.webp?resize=525%2C300&ssl=1 1.5x, https:\/\/i0.wp.com\/www.sabra.org.br\/site\/wp-content\/uploads\/2023\/08\/aprendendo-em-grupo-x-beneficios-sociais-das-escolas-de-musica-para-criancasjpg-20230628095402.jpg-jpg.webp?resize=700%2C400&ssl=1 2x"},"classes":[]}],"jetpack_likes_enabled":true,"jetpack_sharing_enabled":true,"_links":{"self":[{"href":"https:\/\/www.sabra.org.br\/site\/wp-json\/wp\/v2\/posts\/7845","targetHints":{"allow":["GET"]}}],"collection":[{"href":"https:\/\/www.sabra.org.br\/site\/wp-json\/wp\/v2\/posts"}],"about":[{"href":"https:\/\/www.sabra.org.br\/site\/wp-json\/wp\/v2\/types\/post"}],"author":[{"embeddable":true,"href":"https:\/\/www.sabra.org.br\/site\/wp-json\/wp\/v2\/users\/39"}],"replies":[{"embeddable":true,"href":"https:\/\/www.sabra.org.br\/site\/wp-json\/wp\/v2\/comments?post=7845"}],"version-history":[{"count":0,"href":"https:\/\/www.sabra.org.br\/site\/wp-json\/wp\/v2\/posts\/7845\/revisions"}],"wp:featuredmedia":[{"embeddable":true,"href":"https:\/\/www.sabra.org.br\/site\/wp-json\/wp\/v2\/media\/7846"}],"wp:attachment":[{"href":"https:\/\/www.sabra.org.br\/site\/wp-json\/wp\/v2\/media?parent=7845"}],"wp:term":[{"taxonomy":"category","embeddable":true,"href":"https:\/\/www.sabra.org.br\/site\/wp-json\/wp\/v2\/categories?post=7845"},{"taxonomy":"post_tag","embeddable":true,"href":"https:\/\/www.sabra.org.br\/site\/wp-json\/wp\/v2\/tags?post=7845"}],"curies":[{"name":"wp","href":"https:\/\/api.w.org\/{rel}","templated":true}]}}