{"id":789,"date":"2017-11-10T06:09:39","date_gmt":"2017-11-10T08:09:39","guid":{"rendered":"http:\/\/www.sabra.org.br\/site\/?p=789"},"modified":"2025-04-20T19:12:49","modified_gmt":"2025-04-20T22:12:49","slug":"qual-e-a-melhor-idade-para-aprender-a-cantar","status":"publish","type":"post","link":"https:\/\/www.sabra.org.br\/site\/qual-e-a-melhor-idade-para-aprender-a-cantar\/","title":{"rendered":"CANTAR, QUANDO COME\u00c7AR?"},"content":{"rendered":"<h3>Qual \u00e9 a melhor idade para aprender a cantar?<\/h3>\n<p>Cantar \u00e9 algo natural para o ser humano. Afinal, quem n\u00e3o gosta de cantar no chuveiro, acompanhar a m\u00fasica da banda preferida na r\u00e1dio, ou ainda cantarolar despercebido uma m\u00fasica que \u201cficou na cabe\u00e7a\u201d? Mas quando o assunto \u00e9 \u201ccantar bem\u201d, muitas pessoas ficam com vergonha e acham que n\u00e3o t\u00eam idade para aperfei\u00e7oar a voz.<\/p>\n<p>S\u00f3 que n\u00e3o existe idade para isso. Ao contr\u00e1rio do que acontece com o aprendizado de instrumentos musicais, que depende de habilidades cognitivas e motoras muito complexas para crian\u00e7as pequenas e pessoas mais velhas, o coral est\u00e1 dispon\u00edvel para qualquer um. Basta um pouco de disciplina e dedica\u00e7\u00e3o para expandir a capacidade respirat\u00f3ria e treinar o aparelho fonador.<\/p>\n<p>Enquanto na inf\u00e2ncia o incentivo depende dos pais e da fam\u00edlia, bem como de um espa\u00e7o adequado para desenvolver as habilidades, na idade adulta \u00e9 o comprometimento individual que ir\u00e1 definir o n\u00edvel de progresso do cantor.<\/p>\n<p>Descubra dicas para aperfei\u00e7oar a voz em cada etapa da vida e, assim, usufruir dos v\u00e1rios benef\u00edcios do canto.<\/p>\n<h3>Canto para os mais jovens<\/h3>\n<p>O mais importante nos primeiros anos de vida \u00e9 se divertir enquanto canta. Muitos cantores famosos aprenderam primeiro a tocar instrumentos; somente mais tarde, talvez na banda do col\u00e9gio ou da universidade, come\u00e7aram a buscar aulas de canto.<\/p>\n<p>Como o tamanho das cordas vocais ainda \u00e9 menor em crian\u00e7as, nessa fase \u00e9 mais importante trabalhar a postura, a respira\u00e7\u00e3o e o prazer em cantar do que necessariamente treinar t\u00e9cnicas vocais. Outros aspectos que os pequenos conseguem absorver quando come\u00e7am no canto incluem treinar o ouvido para harmonias, incorporar a movimenta\u00e7\u00e3o do maestro e aprender a cantar em grupo.<\/p>\n<p>J\u00e1 na adolesc\u00eancia, come\u00e7a a ser interessante praticar t\u00e9cnicas de aquecimento e desaquecimento vocal (https:\/\/www.sabra.org.br\/site\/coral-exercicios-para-aquecimento-vocal\/ e https:\/\/www.sabra.org.br\/site\/respiracao-e-canto\/), bem como outras t\u00e9cnicas para aperfei\u00e7oar a voz.<\/p>\n<p>\u00c9 claro que a voz muda bastante ao longo da vida, principalmente na transi\u00e7\u00e3o da inf\u00e2ncia para a juventude. \u00c9 nesse per\u00edodo que a voz masculina, por exemplo, come\u00e7a a engrossar, e enquanto n\u00e3o estabiliza, ela pode desafinar facilmente e soar at\u00e9 mesmo engra\u00e7ada devido \u00e0 varia\u00e7\u00e3o entre graves e agudos. Por isso, n\u00e3o deve haver muita autocobran\u00e7a nessa fase da vida, j\u00e1 que as pregas vocais ainda ir\u00e3o crescer.<\/p>\n<h3>Canto para adultos e idosos<\/h3>\n<p>O fator que mais atrapalha a evolu\u00e7\u00e3o dos alunos n\u00e3o \u00e9 propriamente a idade e sim a cabe\u00e7a, principalmente entre adultos e pessoas mais velhas. \u00c9 comum esse grupo acreditar que j\u00e1 n\u00e3o tem mais idade para aprender coisas novas na vida.<\/p>\n<p>Quem nunca ouviu: \u201cAh, se eu fosse mais jovem\u201d, \u201cQue besteira, n\u00e3o tenho mais idade para isso\u201d, ou ainda \u201cN\u00e3o estou melhorando porque comecei muito tarde\u201d? A verdade \u00e9 que, pelo menos na esfera vocal, nenhuma dessas afirma\u00e7\u00f5es t\u00eam base cient\u00edfica. Portanto, quanto antes o aluno come\u00e7ar a superar os bloqueios da mente, mais r\u00e1pida ser\u00e1 a sua evolu\u00e7\u00e3o.<\/p>\n<p>Outro aspecto que atrapalha o aprendizado em adultos e idosos \u00e9 a paci\u00eancia ou a perspectiva temporal. Treinar m\u00fasculos lar\u00edngeos e cantar bem leva tempo, mas \u00e0s vezes os alunos acham que n\u00e3o est\u00e3o evoluindo e ficam desestimulados. Nesse momento, \u00e9 fundamental lembrar que o processo do canto \u00e9 como aprender uma nova l\u00edngua ou fazer uma nova gradua\u00e7\u00e3o: demora.<\/p>\n<p>Enquanto isso, estabele\u00e7a objetivos de curto prazo como:<\/p>\n<p>&#8211; Ampliar um pouco o alcance da voz;<br \/>\n&#8211; Ganhar confian\u00e7a para cantar em p\u00fablico;<br \/>\n&#8211; Cante em grupo ou busque um grupo de coral;<br \/>\n&#8211; Fortale\u00e7a um aspecto espec\u00edfico da voz.<\/p>\n<p>Com objetivos de menor prazo, a sensa\u00e7\u00e3o de estar evoluindo \u00e9 mais palp\u00e1vel, o que aumenta a autoestima e incentiva a dedica\u00e7\u00e3o.<\/p>\n<p>Viu como a \u00fanica barreira \u00e9 a que colocamos a n\u00f3s mesmos? Toda idade \u00e9 boa para come\u00e7ar a cantar, ent\u00e3o se voc\u00ea tem vontade, n\u00e3o perca tempo e junte-se a um coral.<\/p>\n<h3>Se voc\u00ea gostou deste post:<\/h3>\n<p>&#8211; siga as nossas p\u00e1ginas nas redes sociais para acompanhar as nossas atualiza\u00e7\u00f5es: estamos no <a href=\"https:\/\/www.facebook.com\/sabrabrasil\" target=\"_blank\" rel=\"noopener\">Facebook<\/a>, no <a href=\"https:\/\/www.instagram.com\/sabrabrasil\/\" target=\"_blank\" rel=\"noopener\">Instagram<\/a>, no <a href=\"https:\/\/www.linkedin.com\/company\/25002088\" target=\"_blank\" rel=\"noopener\">LinkedIn<\/a>, no <a href=\"https:\/\/twitter.com\/ContatoSabra\" target=\"_blank\" rel=\"noopener\">Twitter<\/a> e no <a href=\"https:\/\/www.youtube.com\/channel\/UCJw-kbuEvzUNdeQf20Pa-eQ\" target=\"_blank\" rel=\"noopener\">YouTube<\/a>!<\/p>\n<p>&#8211; Conhe\u00e7a o trabalho da Sociedade Art\u00edstica Brasileira (SABRA) e todas as iniciativas culturais e sociais que ela mant\u00e9m. <a href=\"https:\/\/www.sabra.org.br\/site\/acoes\/\" target=\"_blank\" rel=\"noopener\">Acesse nosso site!<\/a><\/p>\n<p>&#8211; entre em contato com a gente. E veja quais s\u00e3o as op\u00e7\u00f5es de ajuda na manuten\u00e7\u00e3o de nossas a\u00e7\u00f5es sociais e culturais. Basta acessar nossa p\u00e1gina <a href=\"https:\/\/www.sabra.org.br\/site\/doe-agora\/\" target=\"_blank\" rel=\"noopener\">Doe Agora!<\/a><\/p>\n<p>&#8211; Compartilhe este texto nas suas redes sociais e ajude os seus amigos a tamb\u00e9m dominarem o assunto!<\/p>\n","protected":false},"excerpt":{"rendered":"<p>Qual \u00e9 a melhor idade para aprender a cantar? Cantar \u00e9 algo natural para o ser humano. Afinal, quem n\u00e3o gosta de cantar no chuveiro,&hellip;<\/p>\n","protected":false},"author":39,"featured_media":790,"comment_status":"closed","ping_status":"closed","sticky":false,"template":"","format":"standard","meta":{"_customify_content_layout":"","_customify_sidebar":"","_customify_page_header_display":"","_customify_disable_header":"","_customify_disable_header_top":"","_customify_disable_header_main":"","_customify_disable_header_bottom":"","_customify_disable_page_title":"","_customify_disable_content_vertical_padding":"","_customify_disable_footer_top":"","_customify_disable_footer_main":"","_customify_disable_footer_bottom":"","_customify_breadcrumb_display":"","_customify_header_transparent_display":"","_jetpack_feature_clip_id":0,"_jetpack_memberships_contains_paid_content":false,"footnotes":""},"categories":[1],"tags":[15,8,16,12,11,9],"class_list":["post-789","post","type-post","status-publish","format-standard","has-post-thumbnail","hentry","category-blog-sabra","tag-assistencia-social","tag-canto-coral","tag-musicalizacao-infantil","tag-oficina-musical-sabra","tag-orquestra-sinfonica-de-betim","tag-sociedade-artistica-brasileira"],"jetpack_shortlink":"https:\/\/wp.me\/p95j2Z-cJ","jetpack-related-posts":[{"id":4985,"url":"https:\/\/www.sabra.org.br\/site\/cantar-dom\/","url_meta":{"origin":789,"position":0},"title":"Afinal, cantar \u00e9 um dom?","author":"M\u00e1rcio Miranda Pontes","date":"13 de abril de 2022","format":false,"excerpt":"\u00c9 muito comum ouvir que determinados cantores nasceram para cantar ou que t\u00eam o dom de cantar. Mas, afinal, cantar \u00e9 mesmo um dom ou qualquer pessoa pode aprender a cantar?","rel":"","context":"Em &quot;Blog SABRA&quot;","block_context":{"text":"Blog SABRA","link":"https:\/\/www.sabra.org.br\/site\/category\/blog-sabra\/"},"img":{"alt_text":"cantar-pessoa-aprender-voz","src":"https:\/\/i0.wp.com\/www.sabra.org.br\/site\/wp-content\/uploads\/2022\/04\/afinal-cantar-e-um-dom-20211111161807.jpg.jpg?resize=350%2C200&ssl=1","width":350,"height":200,"srcset":"https:\/\/i0.wp.com\/www.sabra.org.br\/site\/wp-content\/uploads\/2022\/04\/afinal-cantar-e-um-dom-20211111161807.jpg.jpg?resize=350%2C200&ssl=1 1x, https:\/\/i0.wp.com\/www.sabra.org.br\/site\/wp-content\/uploads\/2022\/04\/afinal-cantar-e-um-dom-20211111161807.jpg.jpg?resize=525%2C300&ssl=1 1.5x, https:\/\/i0.wp.com\/www.sabra.org.br\/site\/wp-content\/uploads\/2022\/04\/afinal-cantar-e-um-dom-20211111161807.jpg.jpg?resize=700%2C400&ssl=1 2x"},"classes":[]},{"id":3732,"url":"https:\/\/www.sabra.org.br\/site\/canto-coral\/","url_meta":{"origin":789,"position":1},"title":"A import\u00e2ncia do canto coral para o desenvolvimento da coletividade","author":"M\u00e1rcio Miranda Pontes","date":"13 de abril de 2021","format":false,"excerpt":"Voc\u00ea sabia que o canto coral \u00e9 muito importante para o desenvolvimento da coletividade? O canto coral ajuda na socializa\u00e7\u00e3o de crian\u00e7as, jovens e adultos, al\u00e9m de ser uma atividade divertida.","rel":"","context":"Em &quot;Blog SABRA&quot;","block_context":{"text":"Blog SABRA","link":"https:\/\/www.sabra.org.br\/site\/category\/blog-sabra\/"},"img":{"alt_text":"m\u00fasica canto coral voz","src":"https:\/\/i0.wp.com\/www.sabra.org.br\/site\/wp-content\/uploads\/2021\/04\/a-importancia-do-canto-coral-para-o-desenvolvimento-da-coletividade-20210311095559.jpg.jpg?resize=350%2C200&ssl=1","width":350,"height":200,"srcset":"https:\/\/i0.wp.com\/www.sabra.org.br\/site\/wp-content\/uploads\/2021\/04\/a-importancia-do-canto-coral-para-o-desenvolvimento-da-coletividade-20210311095559.jpg.jpg?resize=350%2C200&ssl=1 1x, https:\/\/i0.wp.com\/www.sabra.org.br\/site\/wp-content\/uploads\/2021\/04\/a-importancia-do-canto-coral-para-o-desenvolvimento-da-coletividade-20210311095559.jpg.jpg?resize=525%2C300&ssl=1 1.5x, https:\/\/i0.wp.com\/www.sabra.org.br\/site\/wp-content\/uploads\/2021\/04\/a-importancia-do-canto-coral-para-o-desenvolvimento-da-coletividade-20210311095559.jpg.jpg?resize=700%2C400&ssl=1 2x"},"classes":[]},{"id":2964,"url":"https:\/\/www.sabra.org.br\/site\/bebe-falar-ou-cantar\/","url_meta":{"origin":789,"position":2},"title":"Beb\u00ea &#8211; falar ou cantar?","author":"M\u00e1rcio Miranda Pontes","date":"1 de junho de 2020","format":false,"excerpt":"Voc\u00ea sabia que cantar para o beb\u00ea fortalece o v\u00ednculo com ele ap\u00f3s o parto? Al\u00e9m disso, ajuda a acalmar o beb\u00ea em momentos de crise como choros e c\u00f3licas.","rel":"","context":"Em &quot;Blog SABRA&quot;","block_context":{"text":"Blog SABRA","link":"https:\/\/www.sabra.org.br\/site\/category\/blog-sabra\/"},"img":{"alt_text":"bebe-falar-cantar","src":"https:\/\/i0.wp.com\/www.sabra.org.br\/site\/wp-content\/uploads\/2020\/06\/voce-sabia-que-e-melhor-cantar-do-que-falar-com-um-bebe-20200317174456.jpg.jpg?resize=350%2C200&ssl=1","width":350,"height":200,"srcset":"https:\/\/i0.wp.com\/www.sabra.org.br\/site\/wp-content\/uploads\/2020\/06\/voce-sabia-que-e-melhor-cantar-do-que-falar-com-um-bebe-20200317174456.jpg.jpg?resize=350%2C200&ssl=1 1x, https:\/\/i0.wp.com\/www.sabra.org.br\/site\/wp-content\/uploads\/2020\/06\/voce-sabia-que-e-melhor-cantar-do-que-falar-com-um-bebe-20200317174456.jpg.jpg?resize=525%2C300&ssl=1 1.5x, https:\/\/i0.wp.com\/www.sabra.org.br\/site\/wp-content\/uploads\/2020\/06\/voce-sabia-que-e-melhor-cantar-do-que-falar-com-um-bebe-20200317174456.jpg.jpg?resize=700%2C400&ssl=1 2x"},"classes":[]},{"id":12987,"url":"https:\/\/www.sabra.org.br\/site\/os-beneficios-de-participar-de-corais\/","url_meta":{"origin":789,"position":3},"title":"Os benef\u00edcios de participar de corais","author":"","date":"22 de agosto de 2025","format":false,"excerpt":"Participar de um coral \u00e9 muito mais do que apenas cantar em grupo. Essa pr\u00e1tica oferece uma s\u00e9rie de benef\u00edcios que v\u00e3o desde a melhoria da sa\u00fade mental at\u00e9 o desenvolvimento pessoal e social dos participantes. A m\u00fasica tem um poder \u00fanico de conectar as pessoas, estimular emo\u00e7\u00f5es e promover\u2026","rel":"","context":"Em &quot;Blog SABRA&quot;","block_context":{"text":"Blog SABRA","link":"https:\/\/www.sabra.org.br\/site\/category\/blog-sabra\/"},"img":{"alt_text":"","src":"","width":0,"height":0},"classes":[]},{"id":6154,"url":"https:\/\/www.sabra.org.br\/site\/cantar-no-chuveiro\/","url_meta":{"origin":789,"position":4},"title":"Benef\u00edcios de cantar no chuveiro","author":"M\u00e1rcio Miranda Pontes","date":"28 de outubro de 2022","format":false,"excerpt":"Voc\u00ea conhece os benef\u00edcios de cantar no chuveiro? Algumas pessoas n\u00e3o sabem, mas soltar a voz na hora do banho pode melhorar a nossa sa\u00fade mental e emocional. Saiba mais neste artigo!","rel":"","context":"Em &quot;Blog SABRA&quot;","block_context":{"text":"Blog SABRA","link":"https:\/\/www.sabra.org.br\/site\/category\/blog-sabra\/"},"img":{"alt_text":"cantar-chuveiro-voz-benef\u00edcio-melhor-ajuda","src":"https:\/\/i0.wp.com\/www.sabra.org.br\/site\/wp-content\/uploads\/2022\/10\/x-beneficios-de-cantar-no-chuveirojpg-20220908094423.jpg.jpg?resize=350%2C200&ssl=1","width":350,"height":200,"srcset":"https:\/\/i0.wp.com\/www.sabra.org.br\/site\/wp-content\/uploads\/2022\/10\/x-beneficios-de-cantar-no-chuveirojpg-20220908094423.jpg.jpg?resize=350%2C200&ssl=1 1x, https:\/\/i0.wp.com\/www.sabra.org.br\/site\/wp-content\/uploads\/2022\/10\/x-beneficios-de-cantar-no-chuveirojpg-20220908094423.jpg.jpg?resize=525%2C300&ssl=1 1.5x, https:\/\/i0.wp.com\/www.sabra.org.br\/site\/wp-content\/uploads\/2022\/10\/x-beneficios-de-cantar-no-chuveirojpg-20220908094423.jpg.jpg?resize=700%2C400&ssl=1 2x"},"classes":[]},{"id":609,"url":"https:\/\/www.sabra.org.br\/site\/os-beneficios-do-coral-para-a-saude-mente-e-corpo\/","url_meta":{"origin":789,"position":5},"title":"Os benef\u00edcios do coral para a sa\u00fade &#8211; mente e corpo","author":"M\u00e1rcio Miranda Pontes","date":"30 de agosto de 2017","format":false,"excerpt":"O coral \u00e9 uma atividade totalmente coletiva. Isso quer dizer que n\u00e3o h\u00e1 incentivo para a lideran\u00e7a ou destaques individuais.","rel":"","context":"Em &quot;Blog SABRA&quot;","block_context":{"text":"Blog SABRA","link":"https:\/\/www.sabra.org.br\/site\/category\/blog-sabra\/"},"img":{"alt_text":"cantar-coral-voz-instrumento-canto","src":"https:\/\/i0.wp.com\/www.sabra.org.br\/site\/wp-content\/uploads\/2017\/08\/Canto_Coral.jpg?resize=350%2C200&ssl=1","width":350,"height":200,"srcset":"https:\/\/i0.wp.com\/www.sabra.org.br\/site\/wp-content\/uploads\/2017\/08\/Canto_Coral.jpg?resize=350%2C200&ssl=1 1x, https:\/\/i0.wp.com\/www.sabra.org.br\/site\/wp-content\/uploads\/2017\/08\/Canto_Coral.jpg?resize=525%2C300&ssl=1 1.5x, https:\/\/i0.wp.com\/www.sabra.org.br\/site\/wp-content\/uploads\/2017\/08\/Canto_Coral.jpg?resize=700%2C400&ssl=1 2x"},"classes":[]}],"jetpack_likes_enabled":true,"jetpack_sharing_enabled":true,"jetpack_featured_media_url":"https:\/\/www.sabra.org.br\/site\/wp-content\/uploads\/2017\/11\/qual-e-a-melhor-idade-para-aprender-a-cantar-20171027170016.jpg.jpg","_links":{"self":[{"href":"https:\/\/www.sabra.org.br\/site\/wp-json\/wp\/v2\/posts\/789","targetHints":{"allow":["GET"]}}],"collection":[{"href":"https:\/\/www.sabra.org.br\/site\/wp-json\/wp\/v2\/posts"}],"about":[{"href":"https:\/\/www.sabra.org.br\/site\/wp-json\/wp\/v2\/types\/post"}],"author":[{"embeddable":true,"href":"https:\/\/www.sabra.org.br\/site\/wp-json\/wp\/v2\/users\/39"}],"replies":[{"embeddable":true,"href":"https:\/\/www.sabra.org.br\/site\/wp-json\/wp\/v2\/comments?post=789"}],"version-history":[{"count":0,"href":"https:\/\/www.sabra.org.br\/site\/wp-json\/wp\/v2\/posts\/789\/revisions"}],"wp:featuredmedia":[{"embeddable":true,"href":"https:\/\/www.sabra.org.br\/site\/wp-json\/wp\/v2\/media\/790"}],"wp:attachment":[{"href":"https:\/\/www.sabra.org.br\/site\/wp-json\/wp\/v2\/media?parent=789"}],"wp:term":[{"taxonomy":"category","embeddable":true,"href":"https:\/\/www.sabra.org.br\/site\/wp-json\/wp\/v2\/categories?post=789"},{"taxonomy":"post_tag","embeddable":true,"href":"https:\/\/www.sabra.org.br\/site\/wp-json\/wp\/v2\/tags?post=789"}],"curies":[{"name":"wp","href":"https:\/\/api.w.org\/{rel}","templated":true}]}}