{"id":8010,"date":"2023-09-21T09:16:09","date_gmt":"2023-09-21T12:16:09","guid":{"rendered":"https:\/\/www.sabra.org.br\/site\/?p=8010"},"modified":"2023-09-21T09:16:09","modified_gmt":"2023-09-21T12:16:09","slug":"livros-brasileiros-protagonizados-e-escritos-por-negros","status":"publish","type":"post","link":"https:\/\/www.sabra.org.br\/site\/livros-brasileiros-protagonizados-e-escritos-por-negros\/","title":{"rendered":"Livros brasileiros protagonizados e escritos por negros"},"content":{"rendered":"<p>A literatura brasileira \u00e9 bastante diversa, mas ainda assim o grande p\u00fablico desconhece autores e obras que giram em torno da tem\u00e1tica racial. Hoje vamos dar algumas dicas de livros escritos por autores negros brasileiros onde os negros tamb\u00e9m s\u00e3o protagonistas.<\/p>\n<h2>Torto Arado<\/h2>\n<p>Torto Arado \u00e9 um livro publicado em 2019 que conta a hist\u00f3ria das irm\u00e3s Bibiana e Belon\u00edsia. A sinopse do livro diz: &#8220;Nas profundezas do sert\u00e3o baiano, as irm\u00e3s Bibiana e Belon\u00edsia encontram uma velha e misteriosa faca na mala guardada sob a cama da av\u00f3. Ocorre ent\u00e3o um acidente. E para sempre suas vidas estar\u00e3o ligadas \u2014 a ponto de uma precisar ser a voz da outra&#8221;. O autor baiano <strong>Itamar Vieira Junior<\/strong> recebeu o Pr\u00eamio Jabuti de melhor Romance Liter\u00e1rio pela obra.<\/p>\n<h2>Quarto de Despejo<\/h2>\n<p>O livro Quarto de Despejo foi escrito por <strong>Carolina Maria de Jesus<\/strong> em forma de di\u00e1rio onde narra seu cotidiano triste e sofrido como catadora na Favela do Canind\u00e9, em S\u00e3o Paulo. O livro foi escrito entre os anos de 1955 e 1960 e se tornou uma das obras de refer\u00eancia para quem quer entender como o racismo estrutural funciona. A obra foi traduzida para mais de 15 idiomas e fez de Carolina uma autora celebrada e estudada mundialmente.<\/p>\n<h2>Olhos d\u2019\u00c1gua<\/h2>\n<p>A autora <strong>Concei\u00e7\u00e3o Evaristo<\/strong> \u00e9 uma das principais vozes negras no Brasil e, nesse livro, a autora aborda a pobreza e a viol\u00eancia que acometem a popula\u00e7\u00e3o negra no Pa\u00eds. A obra traz uma s\u00e9rie de contos em que mulheres s\u00e3o as protagonistas, com idades e conjunturas diversas. S\u00e3o abordados ainda os dilemas sexuais e existenciais enfrentadas pela comunidade afro-brasileira.<\/p>\n<h2>Amoras<\/h2>\n<p>O rapper <strong>Emicida<\/strong> \u00e9 um dos cantores brasileiros mais aclamados da atualidade e que sempre carrega um discurso de den\u00fancia e empoderamento em suas can\u00e7\u00f5es. Em Amoras, que \u00e9 seu primeiro livro infantil, o artista fala da import\u00e2ncia de nos reconhecermos no mundo e nos orgulharmos de quem somos.<\/p>\n<h2>Na minha pele<\/h2>\n<p>Neste livro o ator <strong>L\u00e1zaro Ramos<\/strong> conta, a partir das suas viv\u00eancias, diversas quest\u00f5es que transpassam n\u00e3o s\u00f3 a ra\u00e7a, mas ainda o g\u00eanero, a fam\u00edlia, religi\u00e3o e outros temas do cotidiano, trazendo reflex\u00f5es importantes sobre o papel de todos em uma sociedade que busca ser antirracista.<\/p>\n<h2>Um defeito de Cor<\/h2>\n<p><strong>Ana Maria Gon\u00e7alves<\/strong> trabalhava em uma ag\u00eancia de publicidade quando largou tudo para escrever seu primeiro romance e depois n\u00e3o parou mais. Um defeito de Cor conta a hist\u00f3ria de uma idosa africana, que viaja para o Brasil buscando seu filho que n\u00e3o v\u00ea h\u00e1 muitas d\u00e9cadas. A obra traz ainda um contexto hist\u00f3rico sobre a forma\u00e7\u00e3o do povo brasileiro.<\/p>\n<p>E ent\u00e3o, voc\u00ea j\u00e1 conhecia algum desses livros? J\u00e1 leu algum deles? A leitura de autores negros \u00e9 importante para que tenhamos a real no\u00e7\u00e3o das suas experi\u00eancias, principalmente pela fala que \u00e9 carregada de propriedade. Se voc\u00ea gostou da lista, salve para conferir mais tarde ou envie para um amigo que vai gostar dessas dicas tamb\u00e9m. E para mais conte\u00fados como esse, acesse sempre nosso blog.<\/p>\n<hr \/>\n<h2>Se voc\u00ea gostou deste post:<\/h2>\n<ul>\n<li>SIGA as nossas p\u00e1ginas nas redes sociais para acompanhar as nossas atualiza\u00e7\u00f5es: estamos no <a href=\"https:\/\/www.facebook.com\/sabrabrasil\" target=\"_blank\" rel=\"noopener\">Facebook<\/a>, no <a href=\"https:\/\/www.instagram.com\/sabrabrasil\/\" target=\"_blank\" rel=\"noopener\">Instagram<\/a>, no <a href=\"https:\/\/www.linkedin.com\/company\/25002088\" target=\"_blank\" rel=\"noopener\">LinkedIn<\/a>, no <a href=\"https:\/\/twitter.com\/ContatoSabra\" target=\"_blank\" rel=\"noopener\">Twitter<\/a> e no <a href=\"https:\/\/www.youtube.com\/channel\/UCJw-kbuEvzUNdeQf20Pa-eQ\" target=\"_blank\" rel=\"noopener\">YouTube<\/a>!<\/p>\n<\/li>\n<li>\n<p>CONHE\u00c7A o trabalho da Sociedade Art\u00edstica Brasileira (SABRA) e todas as iniciativas culturais e sociais que ela mant\u00e9m. <a href=\"https:\/\/www.sabra.org.br\/site\/acoes\/\" target=\"_blank\" rel=\"noopener\">Acesse nosso site!<\/a><\/p>\n<\/li>\n<li>\n<p>ENTRE EM CONTATO com a gente. E veja quais s\u00e3o as op\u00e7\u00f5es de ajuda na manuten\u00e7\u00e3o de nossas a\u00e7\u00f5es sociais e culturais. Basta acessar nossa p\u00e1gina <a href=\"https:\/\/www.sabra.org.br\/site\/doe-agora\/\" target=\"_blank\" rel=\"noopener\">Doe Agora!<\/a><\/p>\n<\/li>\n<li>\n<p>COMPARTILHE este texto nas suas redes sociais e ajude os seus amigos a tamb\u00e9m dominarem o assunto!<\/p>\n<\/li>\n<\/ul>\n<p>\u2013 Os projetos da @sabrabrasil s\u00e3o realizados com o patroci\u0301nio m\u00e1ster: @institutounimedbh, viabilizado pelo incentivo de mais de 5,3 mil m\u00e9dicos cooperados e colaboradores via Lei de Incentivo \u00e0 Cultura &#8211; @culturagovbr<\/p>\n<blockquote class=\"wp-embedded-content\" data-secret=\"HrDkZruf2v\"><p><a href=\"https:\/\/www.sabra.org.br\/site\/rock-mulheres-negras\/\">Saiba qual foi o papel das mulheres negras no rock<\/a><\/p><\/blockquote>\n<p><iframe class=\"wp-embedded-content\" sandbox=\"allow-scripts\" security=\"restricted\" style=\"position: absolute; clip: rect(1px, 1px, 1px, 1px);\" title=\"&#8220;Saiba qual foi o papel das mulheres negras no rock&#8221; &#8212; SABRA - Sociedade Art\u00edstica Brasileira\" src=\"https:\/\/www.sabra.org.br\/site\/rock-mulheres-negras\/embed\/#?secret=gKTLXVd9U1#?secret=HrDkZruf2v\" data-secret=\"HrDkZruf2v\" width=\"600\" height=\"338\" frameborder=\"0\" marginwidth=\"0\" marginheight=\"0\" scrolling=\"no\"><\/iframe><\/p>\n<p>Conte\u00fado por RedaWeb &#8211; <a href=\"https:\/\/redaweb.com.br\/conteudo\/marketing-de-conteudo\">Marketing de Conte\u00fado<\/a><\/p>\n","protected":false},"excerpt":{"rendered":"<p>A literatura brasileira \u00e9 bastante diversa, mas ainda assim o grande p\u00fablico desconhece autores e obras que giram em torno da tem\u00e1tica racial. Hoje vamos dar algumas dicas de livros escritos por autores negros brasileiros onde os negros tamb\u00e9m s\u00e3o protagonistas.<\/p>\n","protected":false},"author":39,"featured_media":8012,"comment_status":"closed","ping_status":"closed","sticky":false,"template":"","format":"standard","meta":{"jetpack_post_was_ever_published":false,"_jetpack_newsletter_access":"","_jetpack_dont_email_post_to_subs":false,"_jetpack_newsletter_tier_id":0,"_jetpack_memberships_contains_paywalled_content":false,"_jetpack_memberships_contains_paid_content":false,"footnotes":""},"categories":[1],"tags":[15,2757,3626,3623,8,3629,1285,3628,16,3519,1286,11,3622,9],"class_list":["post-8010","post","type-post","status-publish","format-standard","has-post-thumbnail","hentry","category-blog-sabra","tag-assistencia-social","tag-belo-horizonte","tag-cabo-frio","tag-campos-dos-goytacazes","tag-canto-coral","tag-contagem","tag-escola-de-musica-sabra","tag-ibirite","tag-musicalizacao-infantil","tag-nova-lima-2","tag-orquestra-infanto-juvenil-de-betim","tag-orquestra-sinfonica-de-betim","tag-raposos","tag-sociedade-artistica-brasileira"],"yoast_head":"<!-- This site is optimized with the Yoast SEO plugin v27.5 - https:\/\/yoast.com\/product\/yoast-seo-wordpress\/ -->\n<title>Livros brasileiros protagonizados e escritos por negros - SABRA - Sociedade Art\u00edstica Brasileira<\/title>\n<meta name=\"description\" content=\"Dicas de livros escritos por autores negros brasileiros onde os negros tamb\u00e9m s\u00e3o protagonistas. A tem\u00e1tica racial na literatura brasileira.\" \/>\n<meta name=\"robots\" content=\"index, follow, max-snippet:-1, max-image-preview:large, max-video-preview:-1\" \/>\n<link rel=\"canonical\" href=\"https:\/\/www.sabra.org.br\/site\/livros-brasileiros-protagonizados-e-escritos-por-negros\/\" \/>\n<meta property=\"og:locale\" content=\"pt_BR\" \/>\n<meta property=\"og:type\" content=\"article\" \/>\n<meta property=\"og:title\" content=\"Livros brasileiros protagonizados e escritos por negros - SABRA - Sociedade Art\u00edstica Brasileira\" \/>\n<meta property=\"og:description\" content=\"Dicas de livros escritos por autores negros brasileiros onde os negros tamb\u00e9m s\u00e3o protagonistas. A tem\u00e1tica racial na literatura brasileira.\" \/>\n<meta property=\"og:url\" content=\"https:\/\/www.sabra.org.br\/site\/livros-brasileiros-protagonizados-e-escritos-por-negros\/\" \/>\n<meta property=\"og:site_name\" content=\"SABRA - Sociedade Art\u00edstica Brasileira\" \/>\n<meta property=\"article:publisher\" content=\"https:\/\/www.facebook.com\/sabrabrasil\" \/>\n<meta property=\"article:published_time\" content=\"2023-09-21T12:16:09+00:00\" \/>\n<meta property=\"og:image\" content=\"https:\/\/www.sabra.org.br\/site\/wp-content\/uploads\/2023\/09\/x-livros-brasileiros-protagonizados-e-escritos-por-negros-20221124141249.jpg-jpg.webp\" \/>\n\t<meta property=\"og:image:width\" content=\"800\" \/>\n\t<meta property=\"og:image:height\" content=\"549\" \/>\n\t<meta property=\"og:image:type\" content=\"image\/jpeg\" \/>\n<meta name=\"author\" content=\"M\u00e1rcio Miranda Pontes\" \/>\n<meta name=\"twitter:card\" content=\"summary_large_image\" \/>\n<meta name=\"twitter:creator\" content=\"@ContatoSabra\" \/>\n<meta name=\"twitter:site\" content=\"@ContatoSabra\" \/>\n<meta name=\"twitter:label1\" content=\"Escrito por\" \/>\n\t<meta name=\"twitter:data1\" content=\"M\u00e1rcio Miranda Pontes\" \/>\n\t<meta name=\"twitter:label2\" content=\"Est. tempo de leitura\" \/>\n\t<meta name=\"twitter:data2\" content=\"4 minutos\" \/>\n<script type=\"application\/ld+json\" class=\"yoast-schema-graph\">{\"@context\":\"https:\\\/\\\/schema.org\",\"@graph\":[{\"@type\":\"Article\",\"@id\":\"https:\\\/\\\/www.sabra.org.br\\\/site\\\/livros-brasileiros-protagonizados-e-escritos-por-negros\\\/#article\",\"isPartOf\":{\"@id\":\"https:\\\/\\\/www.sabra.org.br\\\/site\\\/livros-brasileiros-protagonizados-e-escritos-por-negros\\\/\"},\"author\":{\"name\":\"M\u00e1rcio Miranda Pontes\",\"@id\":\"https:\\\/\\\/www.sabra.org.br\\\/site\\\/#\\\/schema\\\/person\\\/7d1d222c3c8891d4c37c7b41bf6315c2\"},\"headline\":\"Livros brasileiros protagonizados e escritos por negros\",\"datePublished\":\"2023-09-21T12:16:09+00:00\",\"mainEntityOfPage\":{\"@id\":\"https:\\\/\\\/www.sabra.org.br\\\/site\\\/livros-brasileiros-protagonizados-e-escritos-por-negros\\\/\"},\"wordCount\":702,\"publisher\":{\"@id\":\"https:\\\/\\\/www.sabra.org.br\\\/site\\\/#organization\"},\"image\":{\"@id\":\"https:\\\/\\\/www.sabra.org.br\\\/site\\\/livros-brasileiros-protagonizados-e-escritos-por-negros\\\/#primaryimage\"},\"thumbnailUrl\":\"https:\\\/\\\/www.sabra.org.br\\\/site\\\/wp-content\\\/uploads\\\/2023\\\/09\\\/x-livros-brasileiros-protagonizados-e-escritos-por-negros-20221124141249.jpg-jpg.webp\",\"keywords\":[\"Assist\u00eancia social\",\"Belo Horizonte\",\"Cabo Frio\",\"Campos dos Goytacazes\",\"Canto Coral\",\"Contagem\",\"Escola de Musica SABRA\",\"Ibirit\u00e9\",\"Musicaliza\u00e7\u00e3o Infantil\",\"nova lima\",\"Orquestra Infanto Juvenil de Betim\",\"Orquestra Sinf\u00f4nica de Betim\",\"Raposos\",\"Sociedade Art\u00edstica Brasileira\"],\"articleSection\":[\"Blog SABRA\"],\"inLanguage\":\"pt-BR\"},{\"@type\":\"WebPage\",\"@id\":\"https:\\\/\\\/www.sabra.org.br\\\/site\\\/livros-brasileiros-protagonizados-e-escritos-por-negros\\\/\",\"url\":\"https:\\\/\\\/www.sabra.org.br\\\/site\\\/livros-brasileiros-protagonizados-e-escritos-por-negros\\\/\",\"name\":\"Livros brasileiros protagonizados e escritos por negros - SABRA - Sociedade Art\u00edstica Brasileira\",\"isPartOf\":{\"@id\":\"https:\\\/\\\/www.sabra.org.br\\\/site\\\/#website\"},\"primaryImageOfPage\":{\"@id\":\"https:\\\/\\\/www.sabra.org.br\\\/site\\\/livros-brasileiros-protagonizados-e-escritos-por-negros\\\/#primaryimage\"},\"image\":{\"@id\":\"https:\\\/\\\/www.sabra.org.br\\\/site\\\/livros-brasileiros-protagonizados-e-escritos-por-negros\\\/#primaryimage\"},\"thumbnailUrl\":\"https:\\\/\\\/www.sabra.org.br\\\/site\\\/wp-content\\\/uploads\\\/2023\\\/09\\\/x-livros-brasileiros-protagonizados-e-escritos-por-negros-20221124141249.jpg-jpg.webp\",\"datePublished\":\"2023-09-21T12:16:09+00:00\",\"description\":\"Dicas de livros escritos por autores negros brasileiros onde os negros tamb\u00e9m s\u00e3o protagonistas. A tem\u00e1tica racial na literatura brasileira.\",\"breadcrumb\":{\"@id\":\"https:\\\/\\\/www.sabra.org.br\\\/site\\\/livros-brasileiros-protagonizados-e-escritos-por-negros\\\/#breadcrumb\"},\"inLanguage\":\"pt-BR\",\"potentialAction\":[{\"@type\":\"ReadAction\",\"target\":[\"https:\\\/\\\/www.sabra.org.br\\\/site\\\/livros-brasileiros-protagonizados-e-escritos-por-negros\\\/\"]}]},{\"@type\":\"ImageObject\",\"inLanguage\":\"pt-BR\",\"@id\":\"https:\\\/\\\/www.sabra.org.br\\\/site\\\/livros-brasileiros-protagonizados-e-escritos-por-negros\\\/#primaryimage\",\"url\":\"https:\\\/\\\/www.sabra.org.br\\\/site\\\/wp-content\\\/uploads\\\/2023\\\/09\\\/x-livros-brasileiros-protagonizados-e-escritos-por-negros-20221124141249.jpg-jpg.webp\",\"contentUrl\":\"https:\\\/\\\/www.sabra.org.br\\\/site\\\/wp-content\\\/uploads\\\/2023\\\/09\\\/x-livros-brasileiros-protagonizados-e-escritos-por-negros-20221124141249.jpg-jpg.webp\",\"width\":800,\"height\":549,\"caption\":\"Sociedade Art\u00edstica Brasileira SABRA\"},{\"@type\":\"BreadcrumbList\",\"@id\":\"https:\\\/\\\/www.sabra.org.br\\\/site\\\/livros-brasileiros-protagonizados-e-escritos-por-negros\\\/#breadcrumb\",\"itemListElement\":[{\"@type\":\"ListItem\",\"position\":1,\"name\":\"In\u00edcio\",\"item\":\"https:\\\/\\\/www.sabra.org.br\\\/site\\\/\"},{\"@type\":\"ListItem\",\"position\":2,\"name\":\"Livros brasileiros protagonizados e escritos por negros\"}]},{\"@type\":\"WebSite\",\"@id\":\"https:\\\/\\\/www.sabra.org.br\\\/site\\\/#website\",\"url\":\"https:\\\/\\\/www.sabra.org.br\\\/site\\\/\",\"name\":\"SABRA - Sociedade Art\u00edstica Brasileira\",\"description\":\"Escola de M\u00fasica, Orquestra Sinf\u00f4nica, Coral e Patrim\u00f4nio Cultural e Hist\u00f3rico\",\"publisher\":{\"@id\":\"https:\\\/\\\/www.sabra.org.br\\\/site\\\/#organization\"},\"potentialAction\":[{\"@type\":\"SearchAction\",\"target\":{\"@type\":\"EntryPoint\",\"urlTemplate\":\"https:\\\/\\\/www.sabra.org.br\\\/site\\\/?s={search_term_string}\"},\"query-input\":{\"@type\":\"PropertyValueSpecification\",\"valueRequired\":true,\"valueName\":\"search_term_string\"}}],\"inLanguage\":\"pt-BR\"},{\"@type\":\"Organization\",\"@id\":\"https:\\\/\\\/www.sabra.org.br\\\/site\\\/#organization\",\"name\":\"SOCIEDADE ART\u00cdSTICA BRASILEIRA SABRA\",\"alternateName\":\"SABRA\",\"url\":\"https:\\\/\\\/www.sabra.org.br\\\/site\\\/\",\"logo\":{\"@type\":\"ImageObject\",\"inLanguage\":\"pt-BR\",\"@id\":\"https:\\\/\\\/www.sabra.org.br\\\/site\\\/#\\\/schema\\\/logo\\\/image\\\/\",\"url\":\"https:\\\/\\\/www.sabra.org.br\\\/site\\\/wp-content\\\/uploads\\\/2019\\\/06\\\/cropped-Logo_SABRA-Copia-1.webp\",\"contentUrl\":\"https:\\\/\\\/www.sabra.org.br\\\/site\\\/wp-content\\\/uploads\\\/2019\\\/06\\\/cropped-Logo_SABRA-Copia-1.webp\",\"width\":400,\"height\":128,\"caption\":\"SOCIEDADE ART\u00cdSTICA BRASILEIRA SABRA\"},\"image\":{\"@id\":\"https:\\\/\\\/www.sabra.org.br\\\/site\\\/#\\\/schema\\\/logo\\\/image\\\/\"},\"sameAs\":[\"https:\\\/\\\/www.facebook.com\\\/sabrabrasil\",\"https:\\\/\\\/x.com\\\/ContatoSabra\",\"https:\\\/\\\/www.instagram.com\\\/sabrabrasil\\\/\",\"https:\\\/\\\/www.linkedin.com\\\/company\\\/25002088\\\/\",\"https:\\\/\\\/br.pinterest.com\\\/sociedadeartisticabrasileira\\\/\",\"https:\\\/\\\/www.youtube.com\\\/c\\\/sabrabrasil\"]},{\"@type\":\"Person\",\"@id\":\"https:\\\/\\\/www.sabra.org.br\\\/site\\\/#\\\/schema\\\/person\\\/7d1d222c3c8891d4c37c7b41bf6315c2\",\"name\":\"M\u00e1rcio Miranda Pontes\",\"image\":{\"@type\":\"ImageObject\",\"inLanguage\":\"pt-BR\",\"@id\":\"https:\\\/\\\/secure.gravatar.com\\\/avatar\\\/3b45f24496a7625a3a6c436688fbe20344faaeb2979658dc4a9921f984d7df9a?s=96&d=mm&r=g\",\"url\":\"https:\\\/\\\/secure.gravatar.com\\\/avatar\\\/3b45f24496a7625a3a6c436688fbe20344faaeb2979658dc4a9921f984d7df9a?s=96&d=mm&r=g\",\"contentUrl\":\"https:\\\/\\\/secure.gravatar.com\\\/avatar\\\/3b45f24496a7625a3a6c436688fbe20344faaeb2979658dc4a9921f984d7df9a?s=96&d=mm&r=g\",\"caption\":\"M\u00e1rcio Miranda Pontes\"},\"sameAs\":[\"http:\\\/\\\/www.sabra.org.br\"],\"url\":\"https:\\\/\\\/www.sabra.org.br\\\/site\\\/author\\\/marcio-miranda-pontes\\\/\"}]}<\/script>\n<!-- \/ Yoast SEO plugin. -->","yoast_head_json":{"title":"Livros brasileiros protagonizados e escritos por negros - SABRA - Sociedade Art\u00edstica Brasileira","description":"Dicas de livros escritos por autores negros brasileiros onde os negros tamb\u00e9m s\u00e3o protagonistas. A tem\u00e1tica racial na literatura brasileira.","robots":{"index":"index","follow":"follow","max-snippet":"max-snippet:-1","max-image-preview":"max-image-preview:large","max-video-preview":"max-video-preview:-1"},"canonical":"https:\/\/www.sabra.org.br\/site\/livros-brasileiros-protagonizados-e-escritos-por-negros\/","og_locale":"pt_BR","og_type":"article","og_title":"Livros brasileiros protagonizados e escritos por negros - SABRA - Sociedade Art\u00edstica Brasileira","og_description":"Dicas de livros escritos por autores negros brasileiros onde os negros tamb\u00e9m s\u00e3o protagonistas. A tem\u00e1tica racial na literatura brasileira.","og_url":"https:\/\/www.sabra.org.br\/site\/livros-brasileiros-protagonizados-e-escritos-por-negros\/","og_site_name":"SABRA - Sociedade Art\u00edstica Brasileira","article_publisher":"https:\/\/www.facebook.com\/sabrabrasil","article_published_time":"2023-09-21T12:16:09+00:00","og_image":[{"width":800,"height":549,"url":"https:\/\/www.sabra.org.br\/site\/wp-content\/uploads\/2023\/09\/x-livros-brasileiros-protagonizados-e-escritos-por-negros-20221124141249.jpg-jpg.webp","type":"image\/jpeg"}],"author":"M\u00e1rcio Miranda Pontes","twitter_card":"summary_large_image","twitter_creator":"@ContatoSabra","twitter_site":"@ContatoSabra","twitter_misc":{"Escrito por":"M\u00e1rcio Miranda Pontes","Est. tempo de leitura":"4 minutos"},"schema":{"@context":"https:\/\/schema.org","@graph":[{"@type":"Article","@id":"https:\/\/www.sabra.org.br\/site\/livros-brasileiros-protagonizados-e-escritos-por-negros\/#article","isPartOf":{"@id":"https:\/\/www.sabra.org.br\/site\/livros-brasileiros-protagonizados-e-escritos-por-negros\/"},"author":{"name":"M\u00e1rcio Miranda Pontes","@id":"https:\/\/www.sabra.org.br\/site\/#\/schema\/person\/7d1d222c3c8891d4c37c7b41bf6315c2"},"headline":"Livros brasileiros protagonizados e escritos por negros","datePublished":"2023-09-21T12:16:09+00:00","mainEntityOfPage":{"@id":"https:\/\/www.sabra.org.br\/site\/livros-brasileiros-protagonizados-e-escritos-por-negros\/"},"wordCount":702,"publisher":{"@id":"https:\/\/www.sabra.org.br\/site\/#organization"},"image":{"@id":"https:\/\/www.sabra.org.br\/site\/livros-brasileiros-protagonizados-e-escritos-por-negros\/#primaryimage"},"thumbnailUrl":"https:\/\/www.sabra.org.br\/site\/wp-content\/uploads\/2023\/09\/x-livros-brasileiros-protagonizados-e-escritos-por-negros-20221124141249.jpg-jpg.webp","keywords":["Assist\u00eancia social","Belo Horizonte","Cabo Frio","Campos dos Goytacazes","Canto Coral","Contagem","Escola de Musica SABRA","Ibirit\u00e9","Musicaliza\u00e7\u00e3o Infantil","nova lima","Orquestra Infanto Juvenil de Betim","Orquestra Sinf\u00f4nica de Betim","Raposos","Sociedade Art\u00edstica Brasileira"],"articleSection":["Blog SABRA"],"inLanguage":"pt-BR"},{"@type":"WebPage","@id":"https:\/\/www.sabra.org.br\/site\/livros-brasileiros-protagonizados-e-escritos-por-negros\/","url":"https:\/\/www.sabra.org.br\/site\/livros-brasileiros-protagonizados-e-escritos-por-negros\/","name":"Livros brasileiros protagonizados e escritos por negros - SABRA - Sociedade Art\u00edstica Brasileira","isPartOf":{"@id":"https:\/\/www.sabra.org.br\/site\/#website"},"primaryImageOfPage":{"@id":"https:\/\/www.sabra.org.br\/site\/livros-brasileiros-protagonizados-e-escritos-por-negros\/#primaryimage"},"image":{"@id":"https:\/\/www.sabra.org.br\/site\/livros-brasileiros-protagonizados-e-escritos-por-negros\/#primaryimage"},"thumbnailUrl":"https:\/\/www.sabra.org.br\/site\/wp-content\/uploads\/2023\/09\/x-livros-brasileiros-protagonizados-e-escritos-por-negros-20221124141249.jpg-jpg.webp","datePublished":"2023-09-21T12:16:09+00:00","description":"Dicas de livros escritos por autores negros brasileiros onde os negros tamb\u00e9m s\u00e3o protagonistas. A tem\u00e1tica racial na literatura brasileira.","breadcrumb":{"@id":"https:\/\/www.sabra.org.br\/site\/livros-brasileiros-protagonizados-e-escritos-por-negros\/#breadcrumb"},"inLanguage":"pt-BR","potentialAction":[{"@type":"ReadAction","target":["https:\/\/www.sabra.org.br\/site\/livros-brasileiros-protagonizados-e-escritos-por-negros\/"]}]},{"@type":"ImageObject","inLanguage":"pt-BR","@id":"https:\/\/www.sabra.org.br\/site\/livros-brasileiros-protagonizados-e-escritos-por-negros\/#primaryimage","url":"https:\/\/www.sabra.org.br\/site\/wp-content\/uploads\/2023\/09\/x-livros-brasileiros-protagonizados-e-escritos-por-negros-20221124141249.jpg-jpg.webp","contentUrl":"https:\/\/www.sabra.org.br\/site\/wp-content\/uploads\/2023\/09\/x-livros-brasileiros-protagonizados-e-escritos-por-negros-20221124141249.jpg-jpg.webp","width":800,"height":549,"caption":"Sociedade Art\u00edstica Brasileira SABRA"},{"@type":"BreadcrumbList","@id":"https:\/\/www.sabra.org.br\/site\/livros-brasileiros-protagonizados-e-escritos-por-negros\/#breadcrumb","itemListElement":[{"@type":"ListItem","position":1,"name":"In\u00edcio","item":"https:\/\/www.sabra.org.br\/site\/"},{"@type":"ListItem","position":2,"name":"Livros brasileiros protagonizados e escritos por negros"}]},{"@type":"WebSite","@id":"https:\/\/www.sabra.org.br\/site\/#website","url":"https:\/\/www.sabra.org.br\/site\/","name":"SABRA - Sociedade Art\u00edstica Brasileira","description":"Escola de M\u00fasica, Orquestra Sinf\u00f4nica, Coral e Patrim\u00f4nio Cultural e Hist\u00f3rico","publisher":{"@id":"https:\/\/www.sabra.org.br\/site\/#organization"},"potentialAction":[{"@type":"SearchAction","target":{"@type":"EntryPoint","urlTemplate":"https:\/\/www.sabra.org.br\/site\/?s={search_term_string}"},"query-input":{"@type":"PropertyValueSpecification","valueRequired":true,"valueName":"search_term_string"}}],"inLanguage":"pt-BR"},{"@type":"Organization","@id":"https:\/\/www.sabra.org.br\/site\/#organization","name":"SOCIEDADE ART\u00cdSTICA BRASILEIRA SABRA","alternateName":"SABRA","url":"https:\/\/www.sabra.org.br\/site\/","logo":{"@type":"ImageObject","inLanguage":"pt-BR","@id":"https:\/\/www.sabra.org.br\/site\/#\/schema\/logo\/image\/","url":"https:\/\/www.sabra.org.br\/site\/wp-content\/uploads\/2019\/06\/cropped-Logo_SABRA-Copia-1.webp","contentUrl":"https:\/\/www.sabra.org.br\/site\/wp-content\/uploads\/2019\/06\/cropped-Logo_SABRA-Copia-1.webp","width":400,"height":128,"caption":"SOCIEDADE ART\u00cdSTICA BRASILEIRA SABRA"},"image":{"@id":"https:\/\/www.sabra.org.br\/site\/#\/schema\/logo\/image\/"},"sameAs":["https:\/\/www.facebook.com\/sabrabrasil","https:\/\/x.com\/ContatoSabra","https:\/\/www.instagram.com\/sabrabrasil\/","https:\/\/www.linkedin.com\/company\/25002088\/","https:\/\/br.pinterest.com\/sociedadeartisticabrasileira\/","https:\/\/www.youtube.com\/c\/sabrabrasil"]},{"@type":"Person","@id":"https:\/\/www.sabra.org.br\/site\/#\/schema\/person\/7d1d222c3c8891d4c37c7b41bf6315c2","name":"M\u00e1rcio Miranda Pontes","image":{"@type":"ImageObject","inLanguage":"pt-BR","@id":"https:\/\/secure.gravatar.com\/avatar\/3b45f24496a7625a3a6c436688fbe20344faaeb2979658dc4a9921f984d7df9a?s=96&d=mm&r=g","url":"https:\/\/secure.gravatar.com\/avatar\/3b45f24496a7625a3a6c436688fbe20344faaeb2979658dc4a9921f984d7df9a?s=96&d=mm&r=g","contentUrl":"https:\/\/secure.gravatar.com\/avatar\/3b45f24496a7625a3a6c436688fbe20344faaeb2979658dc4a9921f984d7df9a?s=96&d=mm&r=g","caption":"M\u00e1rcio Miranda Pontes"},"sameAs":["http:\/\/www.sabra.org.br"],"url":"https:\/\/www.sabra.org.br\/site\/author\/marcio-miranda-pontes\/"}]}},"jetpack_featured_media_url":"https:\/\/www.sabra.org.br\/site\/wp-content\/uploads\/2023\/09\/x-livros-brasileiros-protagonizados-e-escritos-por-negros-20221124141249.jpg-jpg.webp","jetpack_shortlink":"https:\/\/wp.me\/p95j2Z-25c","jetpack-related-posts":[{"id":8274,"url":"https:\/\/www.sabra.org.br\/site\/livros-cinema\/","url_meta":{"origin":8010,"position":0},"title":"Dicas de boas adapta\u00e7\u00f5es de livros para o cinema","author":"M\u00e1rcio Miranda Pontes","date":"19 de outubro de 2023","format":false,"excerpt":"Sabe aquele filme que voc\u00ea amou? Ele pode ser uma adapta\u00e7\u00e3o de livro para o cinema. Hoje vamos dar cinco dicas de boas adapta\u00e7\u00f5es de livros para o cinema para voc\u00ea conferir.","rel":"","context":"Em &quot;Blog SABRA&quot;","block_context":{"text":"Blog SABRA","link":"https:\/\/www.sabra.org.br\/site\/category\/blog-sabra\/"},"img":{"alt_text":"sabra-m\u00fasica-hist\u00f3rias-livro-conta-filme-adapta\u00e7\u00e3o-cinema","src":"https:\/\/i0.wp.com\/www.sabra.org.br\/site\/wp-content\/uploads\/2023\/10\/x-dicas-de-boas-adaptacoes-de-livros-para-o-cinemajpg-20221124141249.jpg-jpg.webp?resize=350%2C200&ssl=1","width":350,"height":200,"srcset":"https:\/\/i0.wp.com\/www.sabra.org.br\/site\/wp-content\/uploads\/2023\/10\/x-dicas-de-boas-adaptacoes-de-livros-para-o-cinemajpg-20221124141249.jpg-jpg.webp?resize=350%2C200&ssl=1 1x, https:\/\/i0.wp.com\/www.sabra.org.br\/site\/wp-content\/uploads\/2023\/10\/x-dicas-de-boas-adaptacoes-de-livros-para-o-cinemajpg-20221124141249.jpg-jpg.webp?resize=525%2C300&ssl=1 1.5x, https:\/\/i0.wp.com\/www.sabra.org.br\/site\/wp-content\/uploads\/2023\/10\/x-dicas-de-boas-adaptacoes-de-livros-para-o-cinemajpg-20221124141249.jpg-jpg.webp?resize=700%2C400&ssl=1 2x"},"classes":[]},{"id":8100,"url":"https:\/\/www.sabra.org.br\/site\/historia-humana-livros\/","url_meta":{"origin":8010,"position":1},"title":"Livros cl\u00e1ssicos para voc\u00ea ler e se apaixonar","author":"M\u00e1rcio Miranda Pontes","date":"4 de outubro de 2023","format":false,"excerpt":"Venha se apaixonar pela magia atemporal das palavras que resistem \u00e0 passagem dos anos e continuam a cativar leitores com suas hist\u00f3rias imortais. Junte-se a n\u00f3s nesta jornada liter\u00e1ria enriquecedora e mergulhe na ess\u00eancia eterna da literatura cl\u00e1ssica.","rel":"","context":"Em &quot;Blog SABRA&quot;","block_context":{"text":"Blog SABRA","link":"https:\/\/www.sabra.org.br\/site\/category\/blog-sabra\/"},"img":{"alt_text":"sabra-m\u00fasica-explorar-hist\u00f3rias-humana-mundos-amor-livros","src":"https:\/\/i0.wp.com\/www.sabra.org.br\/site\/wp-content\/uploads\/2023\/10\/x-livros-classicos-para-voce-ler-e-se-apaixonar-20230804102938.jpg-jpg.webp?resize=350%2C200&ssl=1","width":350,"height":200,"srcset":"https:\/\/i0.wp.com\/www.sabra.org.br\/site\/wp-content\/uploads\/2023\/10\/x-livros-classicos-para-voce-ler-e-se-apaixonar-20230804102938.jpg-jpg.webp?resize=350%2C200&ssl=1 1x, https:\/\/i0.wp.com\/www.sabra.org.br\/site\/wp-content\/uploads\/2023\/10\/x-livros-classicos-para-voce-ler-e-se-apaixonar-20230804102938.jpg-jpg.webp?resize=525%2C300&ssl=1 1.5x, https:\/\/i0.wp.com\/www.sabra.org.br\/site\/wp-content\/uploads\/2023\/10\/x-livros-classicos-para-voce-ler-e-se-apaixonar-20230804102938.jpg-jpg.webp?resize=700%2C400&ssl=1 2x"},"classes":[]},{"id":6893,"url":"https:\/\/www.sabra.org.br\/site\/livros-de-musica\/","url_meta":{"origin":8010,"position":2},"title":"Dicas de livros sobre m\u00fasica mais populares em 2022","author":"M\u00e1rcio Miranda Pontes","date":"6 de abril de 2023","format":false,"excerpt":"Ouvir m\u00fasica e ler s\u00e3o fundamentais para a aquisi\u00e7\u00e3o de conhecimentos. Ler sobre m\u00fasica, ent\u00e3o, aumenta todos os benef\u00edcios poss\u00edveis das duas a\u00e7\u00f5es. Confira agora alguns livros que podem ampliar seus saberes sobre a hist\u00f3ria, desenvolvimento e demais caracter\u00edsticas das m\u00fasicas.","rel":"","context":"Em &quot;Blog SABRA&quot;","block_context":{"text":"Blog SABRA","link":"https:\/\/www.sabra.org.br\/site\/category\/blog-sabra\/"},"img":{"alt_text":"m\u00fasica-livros-brasileira-publicada","src":"https:\/\/i0.wp.com\/www.sabra.org.br\/site\/wp-content\/uploads\/2023\/04\/x-dicas-de-livros-mais-populares-em-20221027111319.jpg.jpg?resize=350%2C200&ssl=1","width":350,"height":200,"srcset":"https:\/\/i0.wp.com\/www.sabra.org.br\/site\/wp-content\/uploads\/2023\/04\/x-dicas-de-livros-mais-populares-em-20221027111319.jpg.jpg?resize=350%2C200&ssl=1 1x, https:\/\/i0.wp.com\/www.sabra.org.br\/site\/wp-content\/uploads\/2023\/04\/x-dicas-de-livros-mais-populares-em-20221027111319.jpg.jpg?resize=525%2C300&ssl=1 1.5x"},"classes":[]},{"id":2720,"url":"https:\/\/www.sabra.org.br\/site\/literatura\/","url_meta":{"origin":8010,"position":3},"title":"Literatura &#8211; Romances Brasileiros","author":"M\u00e1rcio Miranda Pontes","date":"3 de abril de 2020","format":false,"excerpt":"Poucas express\u00f5es art\u00edsticas refletem o talento e a criatividade brasileira como a literatura. Portanto, se voc\u00ea quer conhecer um pouco mais da riqueza liter\u00e1ria brasileira, confira 7 obras que est\u00e3o entre as melhores e mais importantes.","rel":"","context":"Em &quot;Blog SABRA&quot;","block_context":{"text":"Blog SABRA","link":"https:\/\/www.sabra.org.br\/site\/category\/blog-sabra\/"},"img":{"alt_text":"literatura-brasileira","src":"https:\/\/i0.wp.com\/www.sabra.org.br\/site\/wp-content\/uploads\/2020\/04\/os-x-melhores-e-mais-importantes-romances-brasileiros-20200110125630.jpg.jpg?resize=350%2C200&ssl=1","width":350,"height":200,"srcset":"https:\/\/i0.wp.com\/www.sabra.org.br\/site\/wp-content\/uploads\/2020\/04\/os-x-melhores-e-mais-importantes-romances-brasileiros-20200110125630.jpg.jpg?resize=350%2C200&ssl=1 1x, https:\/\/i0.wp.com\/www.sabra.org.br\/site\/wp-content\/uploads\/2020\/04\/os-x-melhores-e-mais-importantes-romances-brasileiros-20200110125630.jpg.jpg?resize=525%2C300&ssl=1 1.5x, https:\/\/i0.wp.com\/www.sabra.org.br\/site\/wp-content\/uploads\/2020\/04\/os-x-melhores-e-mais-importantes-romances-brasileiros-20200110125630.jpg.jpg?resize=700%2C400&ssl=1 2x"},"classes":[]},{"id":4135,"url":"https:\/\/www.sabra.org.br\/site\/livros-infanto-juvenis-de-escritores-brasileiros\/","url_meta":{"origin":8010,"position":4},"title":"Livros infanto juvenis de escritores brasileiros","author":"M\u00e1rcio Miranda Pontes","date":"26 de agosto de 2021","format":false,"excerpt":"Livros infanto juvenis de escritores brasileiros O contato com a literatura nacional deve iniciar na inf\u00e2ncia. Afinal, essa \u00e9 uma pr\u00e1tica que pode ampliar a criatividade, l\u00e9xico e poder de imagina\u00e7\u00e3o de uma pessoa. Tendo isso em mente, preparamos este conte\u00fado com o objetivo de apresentar quatro livros infanto juvenis\u2026","rel":"","context":"Em &quot;Blog SABRA&quot;","block_context":{"text":"Blog SABRA","link":"https:\/\/www.sabra.org.br\/site\/category\/blog-sabra\/"},"img":{"alt_text":"literatura-infanto-juvenil-livro-livros","src":"https:\/\/i0.wp.com\/www.sabra.org.br\/site\/wp-content\/uploads\/2021\/08\/x-melhores-livros-infanto-juvenis-de-escritores-brasileiros-20210803101037.jpg.jpg?resize=350%2C200&ssl=1","width":350,"height":200,"srcset":"https:\/\/i0.wp.com\/www.sabra.org.br\/site\/wp-content\/uploads\/2021\/08\/x-melhores-livros-infanto-juvenis-de-escritores-brasileiros-20210803101037.jpg.jpg?resize=350%2C200&ssl=1 1x, https:\/\/i0.wp.com\/www.sabra.org.br\/site\/wp-content\/uploads\/2021\/08\/x-melhores-livros-infanto-juvenis-de-escritores-brasileiros-20210803101037.jpg.jpg?resize=525%2C300&ssl=1 1.5x, https:\/\/i0.wp.com\/www.sabra.org.br\/site\/wp-content\/uploads\/2021\/08\/x-melhores-livros-infanto-juvenis-de-escritores-brasileiros-20210803101037.jpg.jpg?resize=700%2C400&ssl=1 2x"},"classes":[]},{"id":2896,"url":"https:\/\/www.sabra.org.br\/site\/compositores-brasileiros-mpb\/","url_meta":{"origin":8010,"position":5},"title":"Compositores brasileiros &#8211; MPB","author":"M\u00e1rcio Miranda Pontes","date":"30 de abril de 2020","format":false,"excerpt":"Ao longo das d\u00e9cadas, o Brasil escreveu sua hist\u00f3ria na m\u00fasica, gra\u00e7as aos irreverentes e talentosos artistas que contribu\u00edram para esse feito. Aqui, n\u00f3s listamos os livros sobre alguns dos principais nomes!","rel":"","context":"Em &quot;Blog SABRA&quot;","block_context":{"text":"Blog SABRA","link":"https:\/\/www.sabra.org.br\/site\/category\/blog-sabra\/"},"img":{"alt_text":"Compositores brasileiros - MPB","src":"https:\/\/i0.wp.com\/www.sabra.org.br\/site\/wp-content\/uploads\/2020\/04\/os-melhores-livros-para-os-fas-de-compositores-brasileiros-comecarem-a-ler-20200317174456.jpg.jpg?resize=350%2C200&ssl=1","width":350,"height":200,"srcset":"https:\/\/i0.wp.com\/www.sabra.org.br\/site\/wp-content\/uploads\/2020\/04\/os-melhores-livros-para-os-fas-de-compositores-brasileiros-comecarem-a-ler-20200317174456.jpg.jpg?resize=350%2C200&ssl=1 1x, https:\/\/i0.wp.com\/www.sabra.org.br\/site\/wp-content\/uploads\/2020\/04\/os-melhores-livros-para-os-fas-de-compositores-brasileiros-comecarem-a-ler-20200317174456.jpg.jpg?resize=525%2C300&ssl=1 1.5x, https:\/\/i0.wp.com\/www.sabra.org.br\/site\/wp-content\/uploads\/2020\/04\/os-melhores-livros-para-os-fas-de-compositores-brasileiros-comecarem-a-ler-20200317174456.jpg.jpg?resize=700%2C400&ssl=1 2x"},"classes":[]}],"jetpack_likes_enabled":true,"jetpack_sharing_enabled":true,"_links":{"self":[{"href":"https:\/\/www.sabra.org.br\/site\/wp-json\/wp\/v2\/posts\/8010","targetHints":{"allow":["GET"]}}],"collection":[{"href":"https:\/\/www.sabra.org.br\/site\/wp-json\/wp\/v2\/posts"}],"about":[{"href":"https:\/\/www.sabra.org.br\/site\/wp-json\/wp\/v2\/types\/post"}],"author":[{"embeddable":true,"href":"https:\/\/www.sabra.org.br\/site\/wp-json\/wp\/v2\/users\/39"}],"replies":[{"embeddable":true,"href":"https:\/\/www.sabra.org.br\/site\/wp-json\/wp\/v2\/comments?post=8010"}],"version-history":[{"count":0,"href":"https:\/\/www.sabra.org.br\/site\/wp-json\/wp\/v2\/posts\/8010\/revisions"}],"wp:featuredmedia":[{"embeddable":true,"href":"https:\/\/www.sabra.org.br\/site\/wp-json\/wp\/v2\/media\/8012"}],"wp:attachment":[{"href":"https:\/\/www.sabra.org.br\/site\/wp-json\/wp\/v2\/media?parent=8010"}],"wp:term":[{"taxonomy":"category","embeddable":true,"href":"https:\/\/www.sabra.org.br\/site\/wp-json\/wp\/v2\/categories?post=8010"},{"taxonomy":"post_tag","embeddable":true,"href":"https:\/\/www.sabra.org.br\/site\/wp-json\/wp\/v2\/tags?post=8010"}],"curies":[{"name":"wp","href":"https:\/\/api.w.org\/{rel}","templated":true}]}}