{"id":8064,"date":"2023-09-26T09:58:20","date_gmt":"2023-09-26T12:58:20","guid":{"rendered":"https:\/\/www.sabra.org.br\/site\/?p=8064"},"modified":"2025-04-18T10:51:24","modified_gmt":"2025-04-18T13:51:24","slug":"violao-acessorios","status":"publish","type":"post","link":"https:\/\/www.sabra.org.br\/site\/violao-acessorios\/","title":{"rendered":"Acess\u00f3rios essenciais para quem toca viol\u00e3o"},"content":{"rendered":"<p>O viol\u00e3o \u00e9 um instrumento que encanta e emociona atrav\u00e9s de suas notas harmoniosas e acordes vibrantes. Para os amantes da m\u00fasica, tocar viol\u00e3o \u00e9 uma forma de express\u00e3o \u00fanica, capaz de transmitir sentimentos profundos e conectar pessoas por meio do som. No entanto, al\u00e9m do pr\u00f3prio instrumento, alguns acess\u00f3rios s\u00e3o essenciais para aprimorar a qualidade do som, garantir a durabilidade do viol\u00e3o e proporcionar uma experi\u00eancia musical mais completa. Neste artigo, vamos explorar tr\u00eas categorias de acess\u00f3rios que todo m\u00fasico de viol\u00e3o deveria considerar incorporar ao seu kit.<\/p>\n<h2>Cordas de Qualidade: A Base da Sonoridade<\/h2>\n<p>As cordas s\u00e3o o elo direto entre a inspira\u00e7\u00e3o do m\u00fasico e o som que preenche o ambiente. Escolher as cordas certas para o seu viol\u00e3o \u00e9 crucial para definir o timbre e a proje\u00e7\u00e3o do instrumento. Existem diversos tipos de cordas dispon\u00edveis, cada uma oferecendo caracter\u00edsticas sonoras distintas.<\/p>\n<p>As cordas de nylon, por exemplo, s\u00e3o ideais para m\u00fasicos que buscam um som mais suave e mel\u00f3dico, enquanto as de a\u00e7o proporcionam um timbre mais brilhante e n\u00edtido. Al\u00e9m de escolher o material das cordas, \u00e9 importante considerar a espessura, que tamb\u00e9m influencia na sonoridade. Investir em cordas de qualidade \u00e9 essencial para manter o som do viol\u00e3o sempre vibrante e inspirador.<\/p>\n<h2>Afinador Digital: Precis\u00e3o em Cada Nota<\/h2>\n<p>A afina\u00e7\u00e3o \u00e9 um dos pilares fundamentais para produzir m\u00fasica de qualidade. Um viol\u00e3o desafinado pode prejudicar at\u00e9 mesmo as melhores interpreta\u00e7\u00f5es. \u00c9 aqui que entra o afinador digital, um acess\u00f3rio indispens\u00e1vel. Com a capacidade de detectar as frequ\u00eancias exatas das cordas e indicar se est\u00e3o afinadas ou n\u00e3o, o afinador digital oferece uma precis\u00e3o incompar\u00e1vel.<\/p>\n<p>Mesmo m\u00fasicos experientes se beneficiam com esse dispositivo, j\u00e1 que a varia\u00e7\u00e3o de temperatura e umidade pode influenciar na afina\u00e7\u00e3o do viol\u00e3o. Com um afinador digital sempre \u00e0 m\u00e3o, voc\u00ea garante que cada nota soe como deve ser, seja durante um ensaio solit\u00e1rio ou uma apresenta\u00e7\u00e3o emocionante.<\/p>\n<h2>Capotraste: Explorando Novas Possibilidades<\/h2>\n<p>O capotraste \u00e9 um acess\u00f3rio vers\u00e1til que expande as fronteiras da criatividade musical. Colocado sobre as casas do viol\u00e3o, o capotraste altera a afina\u00e7\u00e3o das cordas de forma instant\u00e2nea, possibilitando a execu\u00e7\u00e3o de acordes em diferentes tonalidades sem a necessidade de aprender novas posi\u00e7\u00f5es.<\/p>\n<p>Essa ferramenta \u00e9 particularmente \u00fatil para m\u00fasicos que desejam acompanhar vozes com registros variados ou explorar novas sonoridades. Al\u00e9m disso, o capotraste tamb\u00e9m pode ser utilizado como uma ferramenta de aprendizado, facilitando a transposi\u00e7\u00e3o de m\u00fasicas e o entendimento da rela\u00e7\u00e3o entre acordes em diferentes posi\u00e7\u00f5es.<\/p>\n<h3>A Melodia dos Detalhes<\/h3>\n<p>O mundo da m\u00fasica \u00e9 constru\u00eddo sobre detalhes que fazem toda a diferen\u00e7a. No universo do viol\u00e3o, os acess\u00f3rios mencionados &#8211; cordas de qualidade, afinador digital e capotraste &#8211; s\u00e3o os alicerces que sustentam uma experi\u00eancia musical enriquecedora. Ao investir nesses componentes essenciais, m\u00fasicos de todos os n\u00edveis podem elevar a qualidade de suas interpreta\u00e7\u00f5es, explorar novas nuances sonoras e garantir que cada nota ressoe com a devida precis\u00e3o.<\/p>\n<p>Portanto, lembre-se de que a jornada musical \u00e9 uma busca constante pela excel\u00eancia, e os acess\u00f3rios certos podem ser seus melhores aliados nesse caminho emocionante.<\/p>\n<p>Quer saber mais sobre como aprimorar sua jornada musical? <a href=\"https:\/\/www.sabra.org.br\/site\/acoes\/escola-de-musica\/blog-sabra\/\">Confira nossos outros artigos no blog<\/a>! Descubra dicas para melhorar sua t\u00e9cnica, explorar diferentes g\u00eaneros musicais e muito mais. <a href=\"https:\/\/www.sabra.org.br\/site\/acoes\/escola-de-musica\/blog-sabra\/\">Acesse agora<\/a> e continue evoluindo em sua jornada musical!<\/p>\n<blockquote class=\"wp-embedded-content\" data-secret=\"1FLo2cYWiJ\"><p><a href=\"https:\/\/www.sabra.org.br\/site\/manifestacoes-artisticas\/\">Manifesta\u00e7\u00f5es art\u00edsticas<\/a><\/p><\/blockquote>\n<p><iframe class=\"wp-embedded-content\" sandbox=\"allow-scripts\" security=\"restricted\" style=\"position: absolute; visibility: hidden;\" title=\"&#8220;Manifesta\u00e7\u00f5es art\u00edsticas&#8221; &#8212; SABRA - Sociedade Art\u00edstica Brasileira\" src=\"https:\/\/www.sabra.org.br\/site\/manifestacoes-artisticas\/embed\/#?secret=HJic9EkKFF#?secret=1FLo2cYWiJ\" data-secret=\"1FLo2cYWiJ\" width=\"600\" height=\"338\" frameborder=\"0\" marginwidth=\"0\" marginheight=\"0\" scrolling=\"no\"><\/iframe><\/p>\n<hr \/>\n<h2>Se voc\u00ea gostou deste post:<\/h2>\n<ul>\n<li>SIGA as nossas p\u00e1ginas nas redes sociais para acompanhar as nossas atualiza\u00e7\u00f5es: estamos no <a href=\"https:\/\/www.facebook.com\/sabrabrasil\" target=\"_blank\" rel=\"noopener\">Facebook<\/a>, no <a href=\"https:\/\/www.instagram.com\/sabrabrasil\/\" target=\"_blank\" rel=\"noopener\">Instagram<\/a>, no <a href=\"https:\/\/www.linkedin.com\/company\/25002088\" target=\"_blank\" rel=\"noopener\">LinkedIn<\/a>, no <a href=\"https:\/\/twitter.com\/ContatoSabra\" target=\"_blank\" rel=\"noopener\">Twitter<\/a> e no <a href=\"https:\/\/www.youtube.com\/channel\/UCJw-kbuEvzUNdeQf20Pa-eQ\" target=\"_blank\" rel=\"noopener\">YouTube<\/a>!<\/li>\n<li>CONHE\u00c7A o trabalho da Sociedade Art\u00edstica Brasileira (SABRA) e todas as iniciativas culturais e sociais que ela mant\u00e9m. <a href=\"https:\/\/www.sabra.org.br\/site\/acoes\/\" target=\"_blank\" rel=\"noopener\">Acesse nosso site!<\/a><\/li>\n<li>ENTRE EM CONTATO com a gente. E veja quais s\u00e3o as op\u00e7\u00f5es de ajuda na manuten\u00e7\u00e3o de nossas a\u00e7\u00f5es sociais e culturais. Basta acessar nossa p\u00e1gina <a href=\"https:\/\/www.sabra.org.br\/site\/doe-agora\/\" target=\"_blank\" rel=\"noopener\">Doe Agora!<\/a><\/li>\n<li>COMPARTILHE este texto nas suas redes sociais e ajude os seus amigos a tamb\u00e9m dominarem o assunto!<\/li>\n<\/ul>\n<p>\u2013 Os projetos da @sabrabrasil s\u00e3o realizados com o patroci\u0301nio m\u00e1ster: @institutounimedbh, viabilizado pelo incentivo de mais de 5,3 mil m\u00e9dicos cooperados e colaboradores via Lei de Incentivo \u00e0 Cultura &#8211; @culturagovbr<\/p>\n<blockquote class=\"wp-embedded-content\" data-secret=\"AUxyLP7pbb\"><p><a href=\"https:\/\/www.sabra.org.br\/site\/violao\/\">Viol\u00e3o cl\u00e1ssico X Viol\u00e3o popular: conhe\u00e7a as principais diferen\u00e7as entre eles<\/a><\/p><\/blockquote>\n<p><iframe class=\"wp-embedded-content\" sandbox=\"allow-scripts\" security=\"restricted\" style=\"position: absolute; visibility: hidden;\" title=\"&#8220;Viol\u00e3o cl\u00e1ssico X Viol\u00e3o popular: conhe\u00e7a as principais diferen\u00e7as entre eles&#8221; &#8212; SABRA - Sociedade Art\u00edstica Brasileira\" src=\"https:\/\/www.sabra.org.br\/site\/violao\/embed\/#?secret=My7r3UQ2GJ#?secret=AUxyLP7pbb\" data-secret=\"AUxyLP7pbb\" width=\"600\" height=\"338\" frameborder=\"0\" marginwidth=\"0\" marginheight=\"0\" scrolling=\"no\"><\/iframe><\/p>\n<p>Texto por: <a href=\"https:\/\/redaweb.com.br\/conteudo\/marketing-digital\">RedaWeb &#8211; Marketing Digital<\/a><\/p>\n","protected":false},"excerpt":{"rendered":"<p>Aperfei\u00e7oe sua paix\u00e3o pelo viol\u00e3o com os acess\u00f3rios essenciais que transformar\u00e3o sua m\u00fasica e a sua maneira de tocar! Explore o artigo completo em nosso blog e eleve sua jornada musical para novas alturas!<\/p>\n","protected":false},"author":39,"featured_media":8066,"comment_status":"closed","ping_status":"closed","sticky":false,"template":"","format":"standard","meta":{"jetpack_post_was_ever_published":false,"_jetpack_newsletter_access":"","_jetpack_dont_email_post_to_subs":false,"_jetpack_newsletter_tier_id":0,"_jetpack_memberships_contains_paywalled_content":false,"_jetpack_memberships_contains_paid_content":false,"footnotes":""},"categories":[1],"tags":[15,2757,3626,3623,8,3629,1285,3628,16,3519,1286,11,3622,9],"class_list":["post-8064","post","type-post","status-publish","format-standard","has-post-thumbnail","hentry","category-blog-sabra","tag-assistencia-social","tag-belo-horizonte","tag-cabo-frio","tag-campos-dos-goytacazes","tag-canto-coral","tag-contagem","tag-escola-de-musica-sabra","tag-ibirite","tag-musicalizacao-infantil","tag-nova-lima-2","tag-orquestra-infanto-juvenil-de-betim","tag-orquestra-sinfonica-de-betim","tag-raposos","tag-sociedade-artistica-brasileira"],"yoast_head":"<!-- This site is optimized with the Yoast SEO plugin v27.5 - https:\/\/yoast.com\/product\/yoast-seo-wordpress\/ -->\n<title>Acess\u00f3rios essenciais para quem toca viol\u00e3o - SABRA - Sociedade Art\u00edstica Brasileira<\/title>\n<meta name=\"description\" content=\"Aperfei\u00e7oe sua paix\u00e3o pelo viol\u00e3o com os acess\u00f3rios essenciais que transformar\u00e3o sua m\u00fasica e a sua maneira de tocar!\" \/>\n<meta name=\"robots\" content=\"index, follow, max-snippet:-1, max-image-preview:large, max-video-preview:-1\" \/>\n<link rel=\"canonical\" href=\"https:\/\/www.sabra.org.br\/site\/violao-acessorios\/\" \/>\n<meta property=\"og:locale\" content=\"pt_BR\" \/>\n<meta property=\"og:type\" content=\"article\" \/>\n<meta property=\"og:title\" content=\"Acess\u00f3rios essenciais para quem toca viol\u00e3o - SABRA - Sociedade Art\u00edstica Brasileira\" \/>\n<meta property=\"og:description\" content=\"Aperfei\u00e7oe sua paix\u00e3o pelo viol\u00e3o com os acess\u00f3rios essenciais que transformar\u00e3o sua m\u00fasica e a sua maneira de tocar!\" \/>\n<meta property=\"og:url\" content=\"https:\/\/www.sabra.org.br\/site\/violao-acessorios\/\" \/>\n<meta property=\"og:site_name\" content=\"SABRA - Sociedade Art\u00edstica Brasileira\" \/>\n<meta property=\"article:publisher\" content=\"https:\/\/www.facebook.com\/sabrabrasil\" \/>\n<meta property=\"article:published_time\" content=\"2023-09-26T12:58:20+00:00\" \/>\n<meta property=\"article:modified_time\" content=\"2025-04-18T13:51:24+00:00\" \/>\n<meta property=\"og:image\" content=\"https:\/\/www.sabra.org.br\/site\/wp-content\/uploads\/2023\/09\/acessorios-essenciais-para-quem-toca-violaojpg-20230804102938.jpg-jpg.webp\" \/>\n\t<meta property=\"og:image:width\" content=\"800\" \/>\n\t<meta property=\"og:image:height\" content=\"533\" \/>\n\t<meta property=\"og:image:type\" content=\"image\/jpeg\" \/>\n<meta name=\"author\" content=\"M\u00e1rcio Miranda Pontes\" \/>\n<meta name=\"twitter:card\" content=\"summary_large_image\" \/>\n<meta name=\"twitter:creator\" content=\"@ContatoSabra\" \/>\n<meta name=\"twitter:site\" content=\"@ContatoSabra\" \/>\n<meta name=\"twitter:label1\" content=\"Escrito por\" \/>\n\t<meta name=\"twitter:data1\" content=\"M\u00e1rcio Miranda Pontes\" \/>\n\t<meta name=\"twitter:label2\" content=\"Est. tempo de leitura\" \/>\n\t<meta name=\"twitter:data2\" content=\"4 minutos\" \/>\n<script type=\"application\/ld+json\" class=\"yoast-schema-graph\">{\"@context\":\"https:\\\/\\\/schema.org\",\"@graph\":[{\"@type\":\"Article\",\"@id\":\"https:\\\/\\\/www.sabra.org.br\\\/site\\\/violao-acessorios\\\/#article\",\"isPartOf\":{\"@id\":\"https:\\\/\\\/www.sabra.org.br\\\/site\\\/violao-acessorios\\\/\"},\"author\":{\"name\":\"M\u00e1rcio Miranda Pontes\",\"@id\":\"https:\\\/\\\/www.sabra.org.br\\\/site\\\/#\\\/schema\\\/person\\\/7d1d222c3c8891d4c37c7b41bf6315c2\"},\"headline\":\"Acess\u00f3rios essenciais para quem toca viol\u00e3o\",\"datePublished\":\"2023-09-26T12:58:20+00:00\",\"dateModified\":\"2025-04-18T13:51:24+00:00\",\"mainEntityOfPage\":{\"@id\":\"https:\\\/\\\/www.sabra.org.br\\\/site\\\/violao-acessorios\\\/\"},\"wordCount\":779,\"publisher\":{\"@id\":\"https:\\\/\\\/www.sabra.org.br\\\/site\\\/#organization\"},\"image\":{\"@id\":\"https:\\\/\\\/www.sabra.org.br\\\/site\\\/violao-acessorios\\\/#primaryimage\"},\"thumbnailUrl\":\"https:\\\/\\\/www.sabra.org.br\\\/site\\\/wp-content\\\/uploads\\\/2023\\\/09\\\/acessorios-essenciais-para-quem-toca-violaojpg-20230804102938.jpg-jpg.webp\",\"keywords\":[\"Assist\u00eancia social\",\"Belo Horizonte\",\"Cabo Frio\",\"Campos dos Goytacazes\",\"Canto Coral\",\"Contagem\",\"Escola de Musica SABRA\",\"Ibirit\u00e9\",\"Musicaliza\u00e7\u00e3o Infantil\",\"nova lima\",\"Orquestra Infanto Juvenil de Betim\",\"Orquestra Sinf\u00f4nica de Betim\",\"Raposos\",\"Sociedade Art\u00edstica Brasileira\"],\"articleSection\":[\"Blog SABRA\"],\"inLanguage\":\"pt-BR\"},{\"@type\":\"WebPage\",\"@id\":\"https:\\\/\\\/www.sabra.org.br\\\/site\\\/violao-acessorios\\\/\",\"url\":\"https:\\\/\\\/www.sabra.org.br\\\/site\\\/violao-acessorios\\\/\",\"name\":\"Acess\u00f3rios essenciais para quem toca viol\u00e3o - SABRA - Sociedade Art\u00edstica Brasileira\",\"isPartOf\":{\"@id\":\"https:\\\/\\\/www.sabra.org.br\\\/site\\\/#website\"},\"primaryImageOfPage\":{\"@id\":\"https:\\\/\\\/www.sabra.org.br\\\/site\\\/violao-acessorios\\\/#primaryimage\"},\"image\":{\"@id\":\"https:\\\/\\\/www.sabra.org.br\\\/site\\\/violao-acessorios\\\/#primaryimage\"},\"thumbnailUrl\":\"https:\\\/\\\/www.sabra.org.br\\\/site\\\/wp-content\\\/uploads\\\/2023\\\/09\\\/acessorios-essenciais-para-quem-toca-violaojpg-20230804102938.jpg-jpg.webp\",\"datePublished\":\"2023-09-26T12:58:20+00:00\",\"dateModified\":\"2025-04-18T13:51:24+00:00\",\"description\":\"Aperfei\u00e7oe sua paix\u00e3o pelo viol\u00e3o com os acess\u00f3rios essenciais que transformar\u00e3o sua m\u00fasica e a sua maneira de tocar!\",\"breadcrumb\":{\"@id\":\"https:\\\/\\\/www.sabra.org.br\\\/site\\\/violao-acessorios\\\/#breadcrumb\"},\"inLanguage\":\"pt-BR\",\"potentialAction\":[{\"@type\":\"ReadAction\",\"target\":[\"https:\\\/\\\/www.sabra.org.br\\\/site\\\/violao-acessorios\\\/\"]}]},{\"@type\":\"ImageObject\",\"inLanguage\":\"pt-BR\",\"@id\":\"https:\\\/\\\/www.sabra.org.br\\\/site\\\/violao-acessorios\\\/#primaryimage\",\"url\":\"https:\\\/\\\/www.sabra.org.br\\\/site\\\/wp-content\\\/uploads\\\/2023\\\/09\\\/acessorios-essenciais-para-quem-toca-violaojpg-20230804102938.jpg-jpg.webp\",\"contentUrl\":\"https:\\\/\\\/www.sabra.org.br\\\/site\\\/wp-content\\\/uploads\\\/2023\\\/09\\\/acessorios-essenciais-para-quem-toca-violaojpg-20230804102938.jpg-jpg.webp\",\"width\":800,\"height\":533,\"caption\":\"Sociedade Art\u00edstica Brasileira SABRA\"},{\"@type\":\"BreadcrumbList\",\"@id\":\"https:\\\/\\\/www.sabra.org.br\\\/site\\\/violao-acessorios\\\/#breadcrumb\",\"itemListElement\":[{\"@type\":\"ListItem\",\"position\":1,\"name\":\"In\u00edcio\",\"item\":\"https:\\\/\\\/www.sabra.org.br\\\/site\\\/\"},{\"@type\":\"ListItem\",\"position\":2,\"name\":\"Acess\u00f3rios essenciais para quem toca viol\u00e3o\"}]},{\"@type\":\"WebSite\",\"@id\":\"https:\\\/\\\/www.sabra.org.br\\\/site\\\/#website\",\"url\":\"https:\\\/\\\/www.sabra.org.br\\\/site\\\/\",\"name\":\"SABRA - Sociedade Art\u00edstica Brasileira\",\"description\":\"Escola de M\u00fasica, Orquestra Sinf\u00f4nica, Coral e Patrim\u00f4nio Cultural e Hist\u00f3rico\",\"publisher\":{\"@id\":\"https:\\\/\\\/www.sabra.org.br\\\/site\\\/#organization\"},\"potentialAction\":[{\"@type\":\"SearchAction\",\"target\":{\"@type\":\"EntryPoint\",\"urlTemplate\":\"https:\\\/\\\/www.sabra.org.br\\\/site\\\/?s={search_term_string}\"},\"query-input\":{\"@type\":\"PropertyValueSpecification\",\"valueRequired\":true,\"valueName\":\"search_term_string\"}}],\"inLanguage\":\"pt-BR\"},{\"@type\":\"Organization\",\"@id\":\"https:\\\/\\\/www.sabra.org.br\\\/site\\\/#organization\",\"name\":\"SOCIEDADE ART\u00cdSTICA BRASILEIRA SABRA\",\"alternateName\":\"SABRA\",\"url\":\"https:\\\/\\\/www.sabra.org.br\\\/site\\\/\",\"logo\":{\"@type\":\"ImageObject\",\"inLanguage\":\"pt-BR\",\"@id\":\"https:\\\/\\\/www.sabra.org.br\\\/site\\\/#\\\/schema\\\/logo\\\/image\\\/\",\"url\":\"https:\\\/\\\/www.sabra.org.br\\\/site\\\/wp-content\\\/uploads\\\/2019\\\/06\\\/cropped-Logo_SABRA-Copia-1.webp\",\"contentUrl\":\"https:\\\/\\\/www.sabra.org.br\\\/site\\\/wp-content\\\/uploads\\\/2019\\\/06\\\/cropped-Logo_SABRA-Copia-1.webp\",\"width\":400,\"height\":128,\"caption\":\"SOCIEDADE ART\u00cdSTICA BRASILEIRA SABRA\"},\"image\":{\"@id\":\"https:\\\/\\\/www.sabra.org.br\\\/site\\\/#\\\/schema\\\/logo\\\/image\\\/\"},\"sameAs\":[\"https:\\\/\\\/www.facebook.com\\\/sabrabrasil\",\"https:\\\/\\\/x.com\\\/ContatoSabra\",\"https:\\\/\\\/www.instagram.com\\\/sabrabrasil\\\/\",\"https:\\\/\\\/www.linkedin.com\\\/company\\\/25002088\\\/\",\"https:\\\/\\\/br.pinterest.com\\\/sociedadeartisticabrasileira\\\/\",\"https:\\\/\\\/www.youtube.com\\\/c\\\/sabrabrasil\"]},{\"@type\":\"Person\",\"@id\":\"https:\\\/\\\/www.sabra.org.br\\\/site\\\/#\\\/schema\\\/person\\\/7d1d222c3c8891d4c37c7b41bf6315c2\",\"name\":\"M\u00e1rcio Miranda Pontes\",\"image\":{\"@type\":\"ImageObject\",\"inLanguage\":\"pt-BR\",\"@id\":\"https:\\\/\\\/secure.gravatar.com\\\/avatar\\\/3b45f24496a7625a3a6c436688fbe20344faaeb2979658dc4a9921f984d7df9a?s=96&d=mm&r=g\",\"url\":\"https:\\\/\\\/secure.gravatar.com\\\/avatar\\\/3b45f24496a7625a3a6c436688fbe20344faaeb2979658dc4a9921f984d7df9a?s=96&d=mm&r=g\",\"contentUrl\":\"https:\\\/\\\/secure.gravatar.com\\\/avatar\\\/3b45f24496a7625a3a6c436688fbe20344faaeb2979658dc4a9921f984d7df9a?s=96&d=mm&r=g\",\"caption\":\"M\u00e1rcio Miranda Pontes\"},\"sameAs\":[\"http:\\\/\\\/www.sabra.org.br\"],\"url\":\"https:\\\/\\\/www.sabra.org.br\\\/site\\\/author\\\/marcio-miranda-pontes\\\/\"}]}<\/script>\n<!-- \/ Yoast SEO plugin. -->","yoast_head_json":{"title":"Acess\u00f3rios essenciais para quem toca viol\u00e3o - SABRA - Sociedade Art\u00edstica Brasileira","description":"Aperfei\u00e7oe sua paix\u00e3o pelo viol\u00e3o com os acess\u00f3rios essenciais que transformar\u00e3o sua m\u00fasica e a sua maneira de tocar!","robots":{"index":"index","follow":"follow","max-snippet":"max-snippet:-1","max-image-preview":"max-image-preview:large","max-video-preview":"max-video-preview:-1"},"canonical":"https:\/\/www.sabra.org.br\/site\/violao-acessorios\/","og_locale":"pt_BR","og_type":"article","og_title":"Acess\u00f3rios essenciais para quem toca viol\u00e3o - SABRA - Sociedade Art\u00edstica Brasileira","og_description":"Aperfei\u00e7oe sua paix\u00e3o pelo viol\u00e3o com os acess\u00f3rios essenciais que transformar\u00e3o sua m\u00fasica e a sua maneira de tocar!","og_url":"https:\/\/www.sabra.org.br\/site\/violao-acessorios\/","og_site_name":"SABRA - Sociedade Art\u00edstica Brasileira","article_publisher":"https:\/\/www.facebook.com\/sabrabrasil","article_published_time":"2023-09-26T12:58:20+00:00","article_modified_time":"2025-04-18T13:51:24+00:00","og_image":[{"width":800,"height":533,"url":"https:\/\/www.sabra.org.br\/site\/wp-content\/uploads\/2023\/09\/acessorios-essenciais-para-quem-toca-violaojpg-20230804102938.jpg-jpg.webp","type":"image\/jpeg"}],"author":"M\u00e1rcio Miranda Pontes","twitter_card":"summary_large_image","twitter_creator":"@ContatoSabra","twitter_site":"@ContatoSabra","twitter_misc":{"Escrito por":"M\u00e1rcio Miranda Pontes","Est. tempo de leitura":"4 minutos"},"schema":{"@context":"https:\/\/schema.org","@graph":[{"@type":"Article","@id":"https:\/\/www.sabra.org.br\/site\/violao-acessorios\/#article","isPartOf":{"@id":"https:\/\/www.sabra.org.br\/site\/violao-acessorios\/"},"author":{"name":"M\u00e1rcio Miranda Pontes","@id":"https:\/\/www.sabra.org.br\/site\/#\/schema\/person\/7d1d222c3c8891d4c37c7b41bf6315c2"},"headline":"Acess\u00f3rios essenciais para quem toca viol\u00e3o","datePublished":"2023-09-26T12:58:20+00:00","dateModified":"2025-04-18T13:51:24+00:00","mainEntityOfPage":{"@id":"https:\/\/www.sabra.org.br\/site\/violao-acessorios\/"},"wordCount":779,"publisher":{"@id":"https:\/\/www.sabra.org.br\/site\/#organization"},"image":{"@id":"https:\/\/www.sabra.org.br\/site\/violao-acessorios\/#primaryimage"},"thumbnailUrl":"https:\/\/www.sabra.org.br\/site\/wp-content\/uploads\/2023\/09\/acessorios-essenciais-para-quem-toca-violaojpg-20230804102938.jpg-jpg.webp","keywords":["Assist\u00eancia social","Belo Horizonte","Cabo Frio","Campos dos Goytacazes","Canto Coral","Contagem","Escola de Musica SABRA","Ibirit\u00e9","Musicaliza\u00e7\u00e3o Infantil","nova lima","Orquestra Infanto Juvenil de Betim","Orquestra Sinf\u00f4nica de Betim","Raposos","Sociedade Art\u00edstica Brasileira"],"articleSection":["Blog SABRA"],"inLanguage":"pt-BR"},{"@type":"WebPage","@id":"https:\/\/www.sabra.org.br\/site\/violao-acessorios\/","url":"https:\/\/www.sabra.org.br\/site\/violao-acessorios\/","name":"Acess\u00f3rios essenciais para quem toca viol\u00e3o - SABRA - Sociedade Art\u00edstica Brasileira","isPartOf":{"@id":"https:\/\/www.sabra.org.br\/site\/#website"},"primaryImageOfPage":{"@id":"https:\/\/www.sabra.org.br\/site\/violao-acessorios\/#primaryimage"},"image":{"@id":"https:\/\/www.sabra.org.br\/site\/violao-acessorios\/#primaryimage"},"thumbnailUrl":"https:\/\/www.sabra.org.br\/site\/wp-content\/uploads\/2023\/09\/acessorios-essenciais-para-quem-toca-violaojpg-20230804102938.jpg-jpg.webp","datePublished":"2023-09-26T12:58:20+00:00","dateModified":"2025-04-18T13:51:24+00:00","description":"Aperfei\u00e7oe sua paix\u00e3o pelo viol\u00e3o com os acess\u00f3rios essenciais que transformar\u00e3o sua m\u00fasica e a sua maneira de tocar!","breadcrumb":{"@id":"https:\/\/www.sabra.org.br\/site\/violao-acessorios\/#breadcrumb"},"inLanguage":"pt-BR","potentialAction":[{"@type":"ReadAction","target":["https:\/\/www.sabra.org.br\/site\/violao-acessorios\/"]}]},{"@type":"ImageObject","inLanguage":"pt-BR","@id":"https:\/\/www.sabra.org.br\/site\/violao-acessorios\/#primaryimage","url":"https:\/\/www.sabra.org.br\/site\/wp-content\/uploads\/2023\/09\/acessorios-essenciais-para-quem-toca-violaojpg-20230804102938.jpg-jpg.webp","contentUrl":"https:\/\/www.sabra.org.br\/site\/wp-content\/uploads\/2023\/09\/acessorios-essenciais-para-quem-toca-violaojpg-20230804102938.jpg-jpg.webp","width":800,"height":533,"caption":"Sociedade Art\u00edstica Brasileira SABRA"},{"@type":"BreadcrumbList","@id":"https:\/\/www.sabra.org.br\/site\/violao-acessorios\/#breadcrumb","itemListElement":[{"@type":"ListItem","position":1,"name":"In\u00edcio","item":"https:\/\/www.sabra.org.br\/site\/"},{"@type":"ListItem","position":2,"name":"Acess\u00f3rios essenciais para quem toca viol\u00e3o"}]},{"@type":"WebSite","@id":"https:\/\/www.sabra.org.br\/site\/#website","url":"https:\/\/www.sabra.org.br\/site\/","name":"SABRA - Sociedade Art\u00edstica Brasileira","description":"Escola de M\u00fasica, Orquestra Sinf\u00f4nica, Coral e Patrim\u00f4nio Cultural e Hist\u00f3rico","publisher":{"@id":"https:\/\/www.sabra.org.br\/site\/#organization"},"potentialAction":[{"@type":"SearchAction","target":{"@type":"EntryPoint","urlTemplate":"https:\/\/www.sabra.org.br\/site\/?s={search_term_string}"},"query-input":{"@type":"PropertyValueSpecification","valueRequired":true,"valueName":"search_term_string"}}],"inLanguage":"pt-BR"},{"@type":"Organization","@id":"https:\/\/www.sabra.org.br\/site\/#organization","name":"SOCIEDADE ART\u00cdSTICA BRASILEIRA SABRA","alternateName":"SABRA","url":"https:\/\/www.sabra.org.br\/site\/","logo":{"@type":"ImageObject","inLanguage":"pt-BR","@id":"https:\/\/www.sabra.org.br\/site\/#\/schema\/logo\/image\/","url":"https:\/\/www.sabra.org.br\/site\/wp-content\/uploads\/2019\/06\/cropped-Logo_SABRA-Copia-1.webp","contentUrl":"https:\/\/www.sabra.org.br\/site\/wp-content\/uploads\/2019\/06\/cropped-Logo_SABRA-Copia-1.webp","width":400,"height":128,"caption":"SOCIEDADE ART\u00cdSTICA BRASILEIRA SABRA"},"image":{"@id":"https:\/\/www.sabra.org.br\/site\/#\/schema\/logo\/image\/"},"sameAs":["https:\/\/www.facebook.com\/sabrabrasil","https:\/\/x.com\/ContatoSabra","https:\/\/www.instagram.com\/sabrabrasil\/","https:\/\/www.linkedin.com\/company\/25002088\/","https:\/\/br.pinterest.com\/sociedadeartisticabrasileira\/","https:\/\/www.youtube.com\/c\/sabrabrasil"]},{"@type":"Person","@id":"https:\/\/www.sabra.org.br\/site\/#\/schema\/person\/7d1d222c3c8891d4c37c7b41bf6315c2","name":"M\u00e1rcio Miranda Pontes","image":{"@type":"ImageObject","inLanguage":"pt-BR","@id":"https:\/\/secure.gravatar.com\/avatar\/3b45f24496a7625a3a6c436688fbe20344faaeb2979658dc4a9921f984d7df9a?s=96&d=mm&r=g","url":"https:\/\/secure.gravatar.com\/avatar\/3b45f24496a7625a3a6c436688fbe20344faaeb2979658dc4a9921f984d7df9a?s=96&d=mm&r=g","contentUrl":"https:\/\/secure.gravatar.com\/avatar\/3b45f24496a7625a3a6c436688fbe20344faaeb2979658dc4a9921f984d7df9a?s=96&d=mm&r=g","caption":"M\u00e1rcio Miranda Pontes"},"sameAs":["http:\/\/www.sabra.org.br"],"url":"https:\/\/www.sabra.org.br\/site\/author\/marcio-miranda-pontes\/"}]}},"jetpack_featured_media_url":"https:\/\/www.sabra.org.br\/site\/wp-content\/uploads\/2023\/09\/acessorios-essenciais-para-quem-toca-violaojpg-20230804102938.jpg-jpg.webp","jetpack_shortlink":"https:\/\/wp.me\/p95j2Z-264","jetpack-related-posts":[{"id":13102,"url":"https:\/\/www.sabra.org.br\/site\/descubra-qual-o-melhor-violao-para-iniciantes\/","url_meta":{"origin":8064,"position":0},"title":"Descubra qual o melhor viol\u00e3o para iniciantes","author":"","date":"22 de agosto de 2025","format":false,"excerpt":"Escolher o primeiro viol\u00e3o \u00e9 um passo crucial para qualquer iniciante. A variedade de op\u00e7\u00f5es pode ser assustadora, com diferentes tamanhos, materiais e estilos. Entender as caracter\u00edsticas de cada tipo de viol\u00e3o pode ajudar a tomar uma decis\u00e3o mais informada. A escolha do viol\u00e3o adequado pode facilitar o aprendizado e\u2026","rel":"","context":"Em &quot;Blog SABRA&quot;","block_context":{"text":"Blog SABRA","link":"https:\/\/www.sabra.org.br\/site\/category\/blog-sabra\/"},"img":{"alt_text":"","src":"","width":0,"height":0},"classes":[]},{"id":3221,"url":"https:\/\/www.sabra.org.br\/site\/instrumentos-corda\/","url_meta":{"origin":8064,"position":1},"title":"Instrumentos de corda","author":"M\u00e1rcio Miranda Pontes","date":"1 de novembro de 2020","format":false,"excerpt":"Apesar de conhecermos e sabermos tocar viol\u00e3o, guitarra ou v\u00e1rios outros instrumentos de corda, \u00e9 sempre interesse saber onde tudo come\u00e7ou. Descubra a origem de muitos desses instrumentos t\u00e3o conhecidos no universo musical.","rel":"","context":"Em &quot;Blog SABRA&quot;","block_context":{"text":"Blog SABRA","link":"https:\/\/www.sabra.org.br\/site\/category\/blog-sabra\/"},"img":{"alt_text":"instrumentos-corda","src":"https:\/\/i0.wp.com\/www.sabra.org.br\/site\/wp-content\/uploads\/2020\/11\/conheca-a-origem-dos-principais-instrumentos-de-corda-20201001161911.jpg.jpg?resize=350%2C200&ssl=1","width":350,"height":200,"srcset":"https:\/\/i0.wp.com\/www.sabra.org.br\/site\/wp-content\/uploads\/2020\/11\/conheca-a-origem-dos-principais-instrumentos-de-corda-20201001161911.jpg.jpg?resize=350%2C200&ssl=1 1x, https:\/\/i0.wp.com\/www.sabra.org.br\/site\/wp-content\/uploads\/2020\/11\/conheca-a-origem-dos-principais-instrumentos-de-corda-20201001161911.jpg.jpg?resize=525%2C300&ssl=1 1.5x, https:\/\/i0.wp.com\/www.sabra.org.br\/site\/wp-content\/uploads\/2020\/11\/conheca-a-origem-dos-principais-instrumentos-de-corda-20201001161911.jpg.jpg?resize=700%2C400&ssl=1 2x"},"classes":[]},{"id":13114,"url":"https:\/\/www.sabra.org.br\/site\/x-acessorios-essenciais-para-musicos-iniciantes\/","url_meta":{"origin":8064,"position":2},"title":"X acess\u00f3rios essenciais para m\u00fasicos iniciantes","author":"","date":"22 de agosto de 2025","format":false,"excerpt":"Come\u00e7ar a jornada musical pode ser uma experi\u00eancia empolgante e transformadora. No entanto, al\u00e9m do instrumento em si, existem v\u00e1rios acess\u00f3rios que podem facilitar a vida dos m\u00fasicos iniciantes, melhorando tanto a pr\u00e1tica quanto a performance. Estes acess\u00f3rios s\u00e3o fundamentais para aprimorar a t\u00e9cnica, manter o instrumento em boas condi\u00e7\u00f5es\u2026","rel":"","context":"Em &quot;Blog SABRA&quot;","block_context":{"text":"Blog SABRA","link":"https:\/\/www.sabra.org.br\/site\/category\/blog-sabra\/"},"img":{"alt_text":"","src":"","width":0,"height":0},"classes":[]},{"id":6867,"url":"https:\/\/www.sabra.org.br\/site\/violao\/","url_meta":{"origin":8064,"position":3},"title":"Viol\u00e3o cl\u00e1ssico X Viol\u00e3o popular: conhe\u00e7a as principais diferen\u00e7as entre eles","author":"M\u00e1rcio Miranda Pontes","date":"4 de abril de 2023","format":false,"excerpt":"Em uma roda de conversa, uma festa, uma reuni\u00e3o familiar ou com amigos, num show ou em qualquer outra situa\u00e7\u00e3o, as m\u00fasicas tocadas com viol\u00e3o podem estar presentes. Mas voc\u00ea sabe que h\u00e1 diferentes tipos de viol\u00e3o? Conhe\u00e7a mais sobre o popular e o cl\u00e1ssico.","rel":"","context":"Em &quot;Blog SABRA&quot;","block_context":{"text":"Blog SABRA","link":"https:\/\/www.sabra.org.br\/site\/category\/blog-sabra\/"},"img":{"alt_text":"m\u00fasica-viol\u00e3o-cl\u00e1ssico-instrumento-popular-sociais-tocar-conhecer","src":"https:\/\/i0.wp.com\/www.sabra.org.br\/site\/wp-content\/uploads\/2023\/04\/violao-classico-x-violao-popular-conheca-as-principais-diferencas-entre-eles-20221027111319.jpg.jpg?resize=350%2C200&ssl=1","width":350,"height":200,"srcset":"https:\/\/i0.wp.com\/www.sabra.org.br\/site\/wp-content\/uploads\/2023\/04\/violao-classico-x-violao-popular-conheca-as-principais-diferencas-entre-eles-20221027111319.jpg.jpg?resize=350%2C200&ssl=1 1x, https:\/\/i0.wp.com\/www.sabra.org.br\/site\/wp-content\/uploads\/2023\/04\/violao-classico-x-violao-popular-conheca-as-principais-diferencas-entre-eles-20221027111319.jpg.jpg?resize=525%2C300&ssl=1 1.5x, https:\/\/i0.wp.com\/www.sabra.org.br\/site\/wp-content\/uploads\/2023\/04\/violao-classico-x-violao-popular-conheca-as-principais-diferencas-entre-eles-20221027111319.jpg.jpg?resize=700%2C400&ssl=1 2x"},"classes":[]},{"id":3188,"url":"https:\/\/www.sabra.org.br\/site\/violao-violino-e-violoncelo\/","url_meta":{"origin":8064,"position":4},"title":"Viol\u00e3o, violino e violoncelo","author":"M\u00e1rcio Miranda Pontes","date":"21 de outubro de 2020","format":false,"excerpt":"Os instrumentos de corda possuem caracter\u00edsticas \u00fanicas, que influenciam na produ\u00e7\u00e3o do som e forma de aprendizado. Neste artigo, respondemos a d\u00favida de quantas cordas possuem o viol\u00e3o, violino e violoncelo, e separamos algumas curiosidades e particularidades de cada um. Confira.","rel":"","context":"Em &quot;Blog SABRA&quot;","block_context":{"text":"Blog SABRA","link":"https:\/\/www.sabra.org.br\/site\/category\/blog-sabra\/"},"img":{"alt_text":"viol\u00e3o-violino-violoncelo-instrumento-corda","src":"https:\/\/i0.wp.com\/www.sabra.org.br\/site\/wp-content\/uploads\/2020\/10\/violao-violino-e-violoncelo-quantas-cordas-cada-um-possui-20201001161911.jpg.jpg?resize=350%2C200&ssl=1","width":350,"height":200,"srcset":"https:\/\/i0.wp.com\/www.sabra.org.br\/site\/wp-content\/uploads\/2020\/10\/violao-violino-e-violoncelo-quantas-cordas-cada-um-possui-20201001161911.jpg.jpg?resize=350%2C200&ssl=1 1x, https:\/\/i0.wp.com\/www.sabra.org.br\/site\/wp-content\/uploads\/2020\/10\/violao-violino-e-violoncelo-quantas-cordas-cada-um-possui-20201001161911.jpg.jpg?resize=525%2C300&ssl=1 1.5x, https:\/\/i0.wp.com\/www.sabra.org.br\/site\/wp-content\/uploads\/2020\/10\/violao-violino-e-violoncelo-quantas-cordas-cada-um-possui-20201001161911.jpg.jpg?resize=700%2C400&ssl=1 2x"},"classes":[]},{"id":8563,"url":"https:\/\/www.sabra.org.br\/site\/calos-violao\/","url_meta":{"origin":8064,"position":5},"title":"Calos nos dedos para tocar viol\u00e3o?","author":"M\u00e1rcio Miranda Pontes","date":"28 de novembro de 2023","format":false,"excerpt":"O desenvolvimento de calos nas pontas dos dedos \u00e9 um processo natural e at\u00e9 necess\u00e1rio para a pr\u00e1tica de viol\u00e3o. Os calos facilitam o aprendizado do instrumento, na medida em que as cordas precisam ser fortemente pressionadas para se obter os sons desejados. Desse modo, quanto mais calejados os dedos,\u2026","rel":"","context":"Em &quot;Blog SABRA&quot;","block_context":{"text":"Blog SABRA","link":"https:\/\/www.sabra.org.br\/site\/category\/blog-sabra\/"},"img":{"alt_text":"sabra-m\u00fasica-instrumento-aprender-dedos-tocar-viol\u00e3o-calos-cordas-habilidades","src":"https:\/\/i0.wp.com\/www.sabra.org.br\/site\/wp-content\/uploads\/2023\/11\/por-que-e-necessario-ter-calos-nos-dedos-para-tocar-violaojpg-20221229103337.jpg-jpg.webp?resize=350%2C200&ssl=1","width":350,"height":200,"srcset":"https:\/\/i0.wp.com\/www.sabra.org.br\/site\/wp-content\/uploads\/2023\/11\/por-que-e-necessario-ter-calos-nos-dedos-para-tocar-violaojpg-20221229103337.jpg-jpg.webp?resize=350%2C200&ssl=1 1x, https:\/\/i0.wp.com\/www.sabra.org.br\/site\/wp-content\/uploads\/2023\/11\/por-que-e-necessario-ter-calos-nos-dedos-para-tocar-violaojpg-20221229103337.jpg-jpg.webp?resize=525%2C300&ssl=1 1.5x, https:\/\/i0.wp.com\/www.sabra.org.br\/site\/wp-content\/uploads\/2023\/11\/por-que-e-necessario-ter-calos-nos-dedos-para-tocar-violaojpg-20221229103337.jpg-jpg.webp?resize=700%2C400&ssl=1 2x"},"classes":[]}],"jetpack_likes_enabled":true,"jetpack_sharing_enabled":true,"_links":{"self":[{"href":"https:\/\/www.sabra.org.br\/site\/wp-json\/wp\/v2\/posts\/8064","targetHints":{"allow":["GET"]}}],"collection":[{"href":"https:\/\/www.sabra.org.br\/site\/wp-json\/wp\/v2\/posts"}],"about":[{"href":"https:\/\/www.sabra.org.br\/site\/wp-json\/wp\/v2\/types\/post"}],"author":[{"embeddable":true,"href":"https:\/\/www.sabra.org.br\/site\/wp-json\/wp\/v2\/users\/39"}],"replies":[{"embeddable":true,"href":"https:\/\/www.sabra.org.br\/site\/wp-json\/wp\/v2\/comments?post=8064"}],"version-history":[{"count":0,"href":"https:\/\/www.sabra.org.br\/site\/wp-json\/wp\/v2\/posts\/8064\/revisions"}],"wp:featuredmedia":[{"embeddable":true,"href":"https:\/\/www.sabra.org.br\/site\/wp-json\/wp\/v2\/media\/8066"}],"wp:attachment":[{"href":"https:\/\/www.sabra.org.br\/site\/wp-json\/wp\/v2\/media?parent=8064"}],"wp:term":[{"taxonomy":"category","embeddable":true,"href":"https:\/\/www.sabra.org.br\/site\/wp-json\/wp\/v2\/categories?post=8064"},{"taxonomy":"post_tag","embeddable":true,"href":"https:\/\/www.sabra.org.br\/site\/wp-json\/wp\/v2\/tags?post=8064"}],"curies":[{"name":"wp","href":"https:\/\/api.w.org\/{rel}","templated":true}]}}