{"id":8078,"date":"2023-09-27T11:19:12","date_gmt":"2023-09-27T14:19:12","guid":{"rendered":"https:\/\/www.sabra.org.br\/site\/?p=8078"},"modified":"2025-04-18T10:46:16","modified_gmt":"2025-04-18T13:46:16","slug":"literatura-diversidade","status":"publish","type":"post","link":"https:\/\/www.sabra.org.br\/site\/literatura-diversidade\/","title":{"rendered":"Preconceito liter\u00e1rio: ser leitor \u00e9 apenas ler os cl\u00e1ssicos?"},"content":{"rendered":"<p>Ser leitor \u00e9 uma aventura intelectual que nos permite explorar mundos, perspectivas e emo\u00e7\u00f5es atrav\u00e9s das palavras. Por\u00e9m, existe uma ideia preconcebida de que ser um leitor aut\u00eantico significa focar exclusivamente em cl\u00e1ssicos da literatura.<\/p>\n<p>Neste texto, vamos explorar essa no\u00e7\u00e3o, desmantelar o preconceito liter\u00e1rio e abrir os horizontes para uma abordagem mais diversificada e inclusiva da leitura. Seja voc\u00ea um amante da literatura ou algu\u00e9m em busca de enriquecer a educa\u00e7\u00e3o dos seus filhos, essa reflex\u00e3o \u00e9 para voc\u00ea.<\/p>\n<h2>A Riqueza da Diversidade Liter\u00e1ria: Al\u00e9m dos Cl\u00e1ssicos<\/h2>\n<p>A<strong> literatura<\/strong> \u00e9 um universo vasto e diversificado, repleto de autores, g\u00eaneros e estilos que representam <strong>diferentes culturas e \u00e9pocas<\/strong>. Enquanto os <strong>cl\u00e1ssicos da literatura<\/strong> certamente t\u00eam seu lugar, limitar a experi\u00eancia de leitura a eles \u00e9 como olhar para um c\u00e9u estrelado e ver apenas uma constela\u00e7\u00e3o. Ignorar as vozes contempor\u00e2neas, literatura de g\u00eanero, autores sub-representados e hist\u00f3rias atuais \u00e9 privar-se da oportunidade de mergulhar em experi\u00eancias liter\u00e1rias diversas e relevantes.<\/p>\n<h2>Desconstruindo o Preconceito Liter\u00e1rio: M\u00faltiplas Formas de Express\u00e3o<\/h2>\n<p>O <strong>preconceito liter\u00e1rio<\/strong> muitas vezes desvaloriza g\u00eaneros como a fic\u00e7\u00e3o cient\u00edfica, fantasia, romance e young adult, considerando-os inferiores aos cl\u00e1ssicos. No entanto, cada g\u00eanero tem sua pr\u00f3pria contribui\u00e7\u00e3o valiosa para a literatura.<\/p>\n<p>A<strong> fic\u00e7\u00e3o cient\u00edfica<\/strong> pode explorar quest\u00f5es sociais e tecnol\u00f3gicas, enquanto a fantasia transporta os leitores para mundos imagin\u00e1rios. Os <strong>romances<\/strong> tocam o cora\u00e7\u00e3o e a literatura jovem aborda temas relevantes para as pr\u00f3ximas gera\u00e7\u00f5es. \u00c9 importante reconhecer que cada g\u00eanero oferece uma perspectiva \u00fanica e enriquecedora.<\/p>\n<h2>A Literatura como Espelho da Sociedade: Reflex\u00e3o e Empatia<\/h2>\n<p>A<strong> literatura<\/strong> n\u00e3o \u00e9 apenas entretenimento; ela tamb\u00e9m atua como um espelho da sociedade. Autores contempor\u00e2neos abordam quest\u00f5es atuais, como diversidade, igualdade de g\u00eanero, identidade e justi\u00e7a social. Essas hist\u00f3rias oferecem oportunidades para a<strong> reflex\u00e3o profunda<\/strong> e para desenvolver a empatia ao se colocar no lugar de personagens com experi\u00eancias diferentes das nossas. Ignorar essas vozes \u00e9 perder a chance de expandir nossa compreens\u00e3o do mundo.<\/p>\n<h2>Enriquecendo a Educa\u00e7\u00e3o dos Filhos: Diversidade Liter\u00e1ria para Todas as Idades<\/h2>\n<p>Para pais focados na qualidade da educa\u00e7\u00e3o dos seus filhos, a diversidade liter\u00e1ria \u00e9 uma ferramenta poderosa. Ao expor as crian\u00e7as a uma variedade de autores, estilos e perspectivas desde cedo, voc\u00eas est\u00e3o ajudando-as a desenvolver a empatia, o pensamento cr\u00edtico e a compreens\u00e3o das complexidades do mundo. Al\u00e9m dos <strong>cl\u00e1ssicos<\/strong>, inclua livros que reflitam a diversidade cultural e as realidades do nosso tempo. Dessa forma, voc\u00eas estar\u00e3o preparando seus filhos para se tornarem cidad\u00e3os globais, bem informados.<\/p>\n<p>A <strong>literatura<\/strong> \u00e9 um tesouro que deve ser explorado em toda a sua diversidade. Seja ao explorar os cl\u00e1ssicos ou descobrir novos autores contempor\u00e2neos, cada livro oferece uma perspectiva \u00fanica e valiosa. Abra\u00e7ar a <strong>diversidade liter\u00e1ria<\/strong> \u00e9 enriquecer nossa compreens\u00e3o do mundo, desafiar nossas perspectivas e encontrar um senso mais profundo de conex\u00e3o com a humanidade. N\u00e3o se deixe prender por <strong>preconceitos liter\u00e1rios<\/strong>, em vez disso, abrace a riqueza e a complexidade que a literatura tem a oferecer.<\/p>\n<p>Para mais recursos sobre literatura diversificada e inclusiva, visite nosso <a href=\"https:\/\/www.sabra.org.br\/\">site<\/a>. L\u00e1 voc\u00ea encontrar\u00e1 informa\u00e7\u00f5es valiosas para enriquecer ainda mais sua jornada liter\u00e1ria.<\/p>\n<blockquote class=\"wp-embedded-content\" data-secret=\"kIL4JsmZff\"><p><a href=\"https:\/\/www.sabra.org.br\/site\/cursos-online\/\">Cursos de Arte e Cultura<\/a><\/p><\/blockquote>\n<p><iframe class=\"wp-embedded-content\" sandbox=\"allow-scripts\" security=\"restricted\" style=\"position: absolute; visibility: hidden;\" title=\"&#8220;Cursos de Arte e Cultura&#8221; &#8212; SABRA - Sociedade Art\u00edstica Brasileira\" src=\"https:\/\/www.sabra.org.br\/site\/cursos-online\/embed\/#?secret=MfJodPTDqP#?secret=kIL4JsmZff\" data-secret=\"kIL4JsmZff\" width=\"600\" height=\"338\" frameborder=\"0\" marginwidth=\"0\" marginheight=\"0\" scrolling=\"no\"><\/iframe><\/p>\n<hr \/>\n<h2>Se voc\u00ea gostou deste post:<\/h2>\n<ul>\n<li>SIGA as nossas p\u00e1ginas nas redes sociais para acompanhar as nossas atualiza\u00e7\u00f5es: estamos no <a href=\"https:\/\/www.facebook.com\/sabrabrasil\" target=\"_blank\" rel=\"noopener\">Facebook<\/a>, no <a href=\"https:\/\/www.instagram.com\/sabrabrasil\/\" target=\"_blank\" rel=\"noopener\">Instagram<\/a>, no <a href=\"https:\/\/www.linkedin.com\/company\/25002088\" target=\"_blank\" rel=\"noopener\">LinkedIn<\/a>, no <a href=\"https:\/\/twitter.com\/ContatoSabra\" target=\"_blank\" rel=\"noopener\">Twitter<\/a> e no <a href=\"https:\/\/www.youtube.com\/channel\/UCJw-kbuEvzUNdeQf20Pa-eQ\" target=\"_blank\" rel=\"noopener\">YouTube<\/a>!<\/li>\n<li>CONHE\u00c7A o trabalho da Sociedade Art\u00edstica Brasileira (SABRA) e todas as iniciativas culturais e sociais que ela mant\u00e9m. <a href=\"https:\/\/www.sabra.org.br\/site\/acoes\/\" target=\"_blank\" rel=\"noopener\">Acesse nosso site!<\/a><\/li>\n<li>ENTRE EM CONTATO com a gente. E veja quais s\u00e3o as op\u00e7\u00f5es de ajuda na manuten\u00e7\u00e3o de nossas a\u00e7\u00f5es sociais e culturais. Basta acessar nossa p\u00e1gina <a href=\"https:\/\/www.sabra.org.br\/site\/doe-agora\/\" target=\"_blank\" rel=\"noopener\">Doe Agora!<\/a><\/li>\n<li>COMPARTILHE este texto nas suas redes sociais e ajude os seus amigos a tamb\u00e9m dominarem o assunto!<\/li>\n<\/ul>\n<p>\u2013 Os projetos da @sabrabrasil s\u00e3o realizados com o patroci\u0301nio m\u00e1ster: @institutounimedbh, viabilizado pelo incentivo de mais de 5,3 mil m\u00e9dicos cooperados e colaboradores via Lei de Incentivo \u00e0 Cultura &#8211; @culturagovbr<\/p>\n<blockquote class=\"wp-embedded-content\" data-secret=\"11xzW9JvdY\"><p><a href=\"https:\/\/www.sabra.org.br\/site\/modernismo-brasileiro\/\">Saiba tudo sobre Modernismo no Brasil<\/a><\/p><\/blockquote>\n<p><iframe class=\"wp-embedded-content\" sandbox=\"allow-scripts\" security=\"restricted\" style=\"position: absolute; visibility: hidden;\" title=\"&#8220;Saiba tudo sobre Modernismo no Brasil&#8221; &#8212; SABRA - Sociedade Art\u00edstica Brasileira\" src=\"https:\/\/www.sabra.org.br\/site\/modernismo-brasileiro\/embed\/#?secret=dsWNdikKgw#?secret=11xzW9JvdY\" data-secret=\"11xzW9JvdY\" width=\"600\" height=\"338\" frameborder=\"0\" marginwidth=\"0\" marginheight=\"0\" scrolling=\"no\"><\/iframe><\/p>\n<p>Conte\u00fado por: <a href=\"https:\/\/redaweb.com.br\">Ag\u00eancia de Conte\u00fado RedaWeb<\/a><\/p>\n","protected":false},"excerpt":{"rendered":"<p>Quebrando Barreiras Liter\u00e1rias ser um leitor vai al\u00e9m dos Cl\u00e1ssicos! Descubra a diversidade liter\u00e1ria e como enriquecer a educa\u00e7\u00e3o dos seus filhos atrav\u00e9s da leitura! Explore, novos g\u00eaneros, vozes, contempor\u00e2neas e temas atuais na Literatura.<\/p>\n","protected":false},"author":39,"featured_media":8080,"comment_status":"closed","ping_status":"closed","sticky":false,"template":"","format":"standard","meta":{"jetpack_post_was_ever_published":false,"_jetpack_newsletter_access":"","_jetpack_dont_email_post_to_subs":false,"_jetpack_newsletter_tier_id":0,"_jetpack_memberships_contains_paywalled_content":false,"_jetpack_memberships_contains_paid_content":false,"footnotes":""},"categories":[1],"tags":[15,2757,3626,3623,8,3629,1285,3628,16,3519,1286,11,3622,9],"class_list":["post-8078","post","type-post","status-publish","format-standard","has-post-thumbnail","hentry","category-blog-sabra","tag-assistencia-social","tag-belo-horizonte","tag-cabo-frio","tag-campos-dos-goytacazes","tag-canto-coral","tag-contagem","tag-escola-de-musica-sabra","tag-ibirite","tag-musicalizacao-infantil","tag-nova-lima-2","tag-orquestra-infanto-juvenil-de-betim","tag-orquestra-sinfonica-de-betim","tag-raposos","tag-sociedade-artistica-brasileira"],"yoast_head":"<!-- This site is optimized with the Yoast SEO plugin v27.5 - https:\/\/yoast.com\/product\/yoast-seo-wordpress\/ -->\n<title>Preconceito liter\u00e1rio: ser leitor \u00e9 apenas ler os cl\u00e1ssicos? - SABRA - Sociedade Art\u00edstica Brasileira<\/title>\n<meta name=\"description\" content=\"Ser um leitor vai al\u00e9m dos Cl\u00e1ssicos! Explore novos g\u00eaneros, vozes, contempor\u00e2neas e temas atuais na Literatura.\" \/>\n<meta name=\"robots\" content=\"index, follow, max-snippet:-1, max-image-preview:large, max-video-preview:-1\" \/>\n<link rel=\"canonical\" href=\"https:\/\/www.sabra.org.br\/site\/literatura-diversidade\/\" \/>\n<meta property=\"og:locale\" content=\"pt_BR\" \/>\n<meta property=\"og:type\" content=\"article\" \/>\n<meta property=\"og:title\" content=\"Preconceito liter\u00e1rio: ser leitor \u00e9 apenas ler os cl\u00e1ssicos? - SABRA - Sociedade Art\u00edstica Brasileira\" \/>\n<meta property=\"og:description\" content=\"Ser um leitor vai al\u00e9m dos Cl\u00e1ssicos! Explore novos g\u00eaneros, vozes, contempor\u00e2neas e temas atuais na Literatura.\" \/>\n<meta property=\"og:url\" content=\"https:\/\/www.sabra.org.br\/site\/literatura-diversidade\/\" \/>\n<meta property=\"og:site_name\" content=\"SABRA - Sociedade Art\u00edstica Brasileira\" \/>\n<meta property=\"article:publisher\" content=\"https:\/\/www.facebook.com\/sabrabrasil\" \/>\n<meta property=\"article:published_time\" content=\"2023-09-27T14:19:12+00:00\" \/>\n<meta property=\"article:modified_time\" content=\"2025-04-18T13:46:16+00:00\" \/>\n<meta property=\"og:image\" content=\"https:\/\/www.sabra.org.br\/site\/wp-content\/uploads\/2023\/09\/preconceito-literario-ser-leitor-e-apenas-ler-os-classicos-20230804102938.jpg-jpg.webp\" \/>\n\t<meta property=\"og:image:width\" content=\"800\" \/>\n\t<meta property=\"og:image:height\" content=\"533\" \/>\n\t<meta property=\"og:image:type\" content=\"image\/jpeg\" \/>\n<meta name=\"author\" content=\"M\u00e1rcio Miranda Pontes\" \/>\n<meta name=\"twitter:card\" content=\"summary_large_image\" \/>\n<meta name=\"twitter:creator\" content=\"@ContatoSabra\" \/>\n<meta name=\"twitter:site\" content=\"@ContatoSabra\" \/>\n<meta name=\"twitter:label1\" content=\"Escrito por\" \/>\n\t<meta name=\"twitter:data1\" content=\"M\u00e1rcio Miranda Pontes\" \/>\n\t<meta name=\"twitter:label2\" content=\"Est. tempo de leitura\" \/>\n\t<meta name=\"twitter:data2\" content=\"4 minutos\" \/>\n<script type=\"application\/ld+json\" class=\"yoast-schema-graph\">{\"@context\":\"https:\\\/\\\/schema.org\",\"@graph\":[{\"@type\":\"Article\",\"@id\":\"https:\\\/\\\/www.sabra.org.br\\\/site\\\/literatura-diversidade\\\/#article\",\"isPartOf\":{\"@id\":\"https:\\\/\\\/www.sabra.org.br\\\/site\\\/literatura-diversidade\\\/\"},\"author\":{\"name\":\"M\u00e1rcio Miranda Pontes\",\"@id\":\"https:\\\/\\\/www.sabra.org.br\\\/site\\\/#\\\/schema\\\/person\\\/7d1d222c3c8891d4c37c7b41bf6315c2\"},\"headline\":\"Preconceito liter\u00e1rio: ser leitor \u00e9 apenas ler os cl\u00e1ssicos?\",\"datePublished\":\"2023-09-27T14:19:12+00:00\",\"dateModified\":\"2025-04-18T13:46:16+00:00\",\"mainEntityOfPage\":{\"@id\":\"https:\\\/\\\/www.sabra.org.br\\\/site\\\/literatura-diversidade\\\/\"},\"wordCount\":751,\"publisher\":{\"@id\":\"https:\\\/\\\/www.sabra.org.br\\\/site\\\/#organization\"},\"image\":{\"@id\":\"https:\\\/\\\/www.sabra.org.br\\\/site\\\/literatura-diversidade\\\/#primaryimage\"},\"thumbnailUrl\":\"https:\\\/\\\/www.sabra.org.br\\\/site\\\/wp-content\\\/uploads\\\/2023\\\/09\\\/preconceito-literario-ser-leitor-e-apenas-ler-os-classicos-20230804102938.jpg-jpg.webp\",\"keywords\":[\"Assist\u00eancia social\",\"Belo Horizonte\",\"Cabo Frio\",\"Campos dos Goytacazes\",\"Canto Coral\",\"Contagem\",\"Escola de Musica SABRA\",\"Ibirit\u00e9\",\"Musicaliza\u00e7\u00e3o Infantil\",\"nova lima\",\"Orquestra Infanto Juvenil de Betim\",\"Orquestra Sinf\u00f4nica de Betim\",\"Raposos\",\"Sociedade Art\u00edstica Brasileira\"],\"articleSection\":[\"Blog SABRA\"],\"inLanguage\":\"pt-BR\"},{\"@type\":\"WebPage\",\"@id\":\"https:\\\/\\\/www.sabra.org.br\\\/site\\\/literatura-diversidade\\\/\",\"url\":\"https:\\\/\\\/www.sabra.org.br\\\/site\\\/literatura-diversidade\\\/\",\"name\":\"Preconceito liter\u00e1rio: ser leitor \u00e9 apenas ler os cl\u00e1ssicos? - SABRA - Sociedade Art\u00edstica Brasileira\",\"isPartOf\":{\"@id\":\"https:\\\/\\\/www.sabra.org.br\\\/site\\\/#website\"},\"primaryImageOfPage\":{\"@id\":\"https:\\\/\\\/www.sabra.org.br\\\/site\\\/literatura-diversidade\\\/#primaryimage\"},\"image\":{\"@id\":\"https:\\\/\\\/www.sabra.org.br\\\/site\\\/literatura-diversidade\\\/#primaryimage\"},\"thumbnailUrl\":\"https:\\\/\\\/www.sabra.org.br\\\/site\\\/wp-content\\\/uploads\\\/2023\\\/09\\\/preconceito-literario-ser-leitor-e-apenas-ler-os-classicos-20230804102938.jpg-jpg.webp\",\"datePublished\":\"2023-09-27T14:19:12+00:00\",\"dateModified\":\"2025-04-18T13:46:16+00:00\",\"description\":\"Ser um leitor vai al\u00e9m dos Cl\u00e1ssicos! Explore novos g\u00eaneros, vozes, contempor\u00e2neas e temas atuais na Literatura.\",\"breadcrumb\":{\"@id\":\"https:\\\/\\\/www.sabra.org.br\\\/site\\\/literatura-diversidade\\\/#breadcrumb\"},\"inLanguage\":\"pt-BR\",\"potentialAction\":[{\"@type\":\"ReadAction\",\"target\":[\"https:\\\/\\\/www.sabra.org.br\\\/site\\\/literatura-diversidade\\\/\"]}]},{\"@type\":\"ImageObject\",\"inLanguage\":\"pt-BR\",\"@id\":\"https:\\\/\\\/www.sabra.org.br\\\/site\\\/literatura-diversidade\\\/#primaryimage\",\"url\":\"https:\\\/\\\/www.sabra.org.br\\\/site\\\/wp-content\\\/uploads\\\/2023\\\/09\\\/preconceito-literario-ser-leitor-e-apenas-ler-os-classicos-20230804102938.jpg-jpg.webp\",\"contentUrl\":\"https:\\\/\\\/www.sabra.org.br\\\/site\\\/wp-content\\\/uploads\\\/2023\\\/09\\\/preconceito-literario-ser-leitor-e-apenas-ler-os-classicos-20230804102938.jpg-jpg.webp\",\"width\":800,\"height\":533,\"caption\":\"Sociedade Art\u00edstica Brasileira SABRA\"},{\"@type\":\"BreadcrumbList\",\"@id\":\"https:\\\/\\\/www.sabra.org.br\\\/site\\\/literatura-diversidade\\\/#breadcrumb\",\"itemListElement\":[{\"@type\":\"ListItem\",\"position\":1,\"name\":\"In\u00edcio\",\"item\":\"https:\\\/\\\/www.sabra.org.br\\\/site\\\/\"},{\"@type\":\"ListItem\",\"position\":2,\"name\":\"Preconceito liter\u00e1rio: ser leitor \u00e9 apenas ler os cl\u00e1ssicos?\"}]},{\"@type\":\"WebSite\",\"@id\":\"https:\\\/\\\/www.sabra.org.br\\\/site\\\/#website\",\"url\":\"https:\\\/\\\/www.sabra.org.br\\\/site\\\/\",\"name\":\"SABRA - Sociedade Art\u00edstica Brasileira\",\"description\":\"Escola de M\u00fasica, Orquestra Sinf\u00f4nica, Coral e Patrim\u00f4nio Cultural e Hist\u00f3rico\",\"publisher\":{\"@id\":\"https:\\\/\\\/www.sabra.org.br\\\/site\\\/#organization\"},\"potentialAction\":[{\"@type\":\"SearchAction\",\"target\":{\"@type\":\"EntryPoint\",\"urlTemplate\":\"https:\\\/\\\/www.sabra.org.br\\\/site\\\/?s={search_term_string}\"},\"query-input\":{\"@type\":\"PropertyValueSpecification\",\"valueRequired\":true,\"valueName\":\"search_term_string\"}}],\"inLanguage\":\"pt-BR\"},{\"@type\":\"Organization\",\"@id\":\"https:\\\/\\\/www.sabra.org.br\\\/site\\\/#organization\",\"name\":\"SOCIEDADE ART\u00cdSTICA BRASILEIRA SABRA\",\"alternateName\":\"SABRA\",\"url\":\"https:\\\/\\\/www.sabra.org.br\\\/site\\\/\",\"logo\":{\"@type\":\"ImageObject\",\"inLanguage\":\"pt-BR\",\"@id\":\"https:\\\/\\\/www.sabra.org.br\\\/site\\\/#\\\/schema\\\/logo\\\/image\\\/\",\"url\":\"https:\\\/\\\/www.sabra.org.br\\\/site\\\/wp-content\\\/uploads\\\/2019\\\/06\\\/cropped-Logo_SABRA-Copia-1.webp\",\"contentUrl\":\"https:\\\/\\\/www.sabra.org.br\\\/site\\\/wp-content\\\/uploads\\\/2019\\\/06\\\/cropped-Logo_SABRA-Copia-1.webp\",\"width\":400,\"height\":128,\"caption\":\"SOCIEDADE ART\u00cdSTICA BRASILEIRA SABRA\"},\"image\":{\"@id\":\"https:\\\/\\\/www.sabra.org.br\\\/site\\\/#\\\/schema\\\/logo\\\/image\\\/\"},\"sameAs\":[\"https:\\\/\\\/www.facebook.com\\\/sabrabrasil\",\"https:\\\/\\\/x.com\\\/ContatoSabra\",\"https:\\\/\\\/www.instagram.com\\\/sabrabrasil\\\/\",\"https:\\\/\\\/www.linkedin.com\\\/company\\\/25002088\\\/\",\"https:\\\/\\\/br.pinterest.com\\\/sociedadeartisticabrasileira\\\/\",\"https:\\\/\\\/www.youtube.com\\\/c\\\/sabrabrasil\"]},{\"@type\":\"Person\",\"@id\":\"https:\\\/\\\/www.sabra.org.br\\\/site\\\/#\\\/schema\\\/person\\\/7d1d222c3c8891d4c37c7b41bf6315c2\",\"name\":\"M\u00e1rcio Miranda Pontes\",\"image\":{\"@type\":\"ImageObject\",\"inLanguage\":\"pt-BR\",\"@id\":\"https:\\\/\\\/secure.gravatar.com\\\/avatar\\\/3b45f24496a7625a3a6c436688fbe20344faaeb2979658dc4a9921f984d7df9a?s=96&d=mm&r=g\",\"url\":\"https:\\\/\\\/secure.gravatar.com\\\/avatar\\\/3b45f24496a7625a3a6c436688fbe20344faaeb2979658dc4a9921f984d7df9a?s=96&d=mm&r=g\",\"contentUrl\":\"https:\\\/\\\/secure.gravatar.com\\\/avatar\\\/3b45f24496a7625a3a6c436688fbe20344faaeb2979658dc4a9921f984d7df9a?s=96&d=mm&r=g\",\"caption\":\"M\u00e1rcio Miranda Pontes\"},\"sameAs\":[\"http:\\\/\\\/www.sabra.org.br\"],\"url\":\"https:\\\/\\\/www.sabra.org.br\\\/site\\\/author\\\/marcio-miranda-pontes\\\/\"}]}<\/script>\n<!-- \/ Yoast SEO plugin. -->","yoast_head_json":{"title":"Preconceito liter\u00e1rio: ser leitor \u00e9 apenas ler os cl\u00e1ssicos? - SABRA - Sociedade Art\u00edstica Brasileira","description":"Ser um leitor vai al\u00e9m dos Cl\u00e1ssicos! Explore novos g\u00eaneros, vozes, contempor\u00e2neas e temas atuais na Literatura.","robots":{"index":"index","follow":"follow","max-snippet":"max-snippet:-1","max-image-preview":"max-image-preview:large","max-video-preview":"max-video-preview:-1"},"canonical":"https:\/\/www.sabra.org.br\/site\/literatura-diversidade\/","og_locale":"pt_BR","og_type":"article","og_title":"Preconceito liter\u00e1rio: ser leitor \u00e9 apenas ler os cl\u00e1ssicos? - SABRA - Sociedade Art\u00edstica Brasileira","og_description":"Ser um leitor vai al\u00e9m dos Cl\u00e1ssicos! Explore novos g\u00eaneros, vozes, contempor\u00e2neas e temas atuais na Literatura.","og_url":"https:\/\/www.sabra.org.br\/site\/literatura-diversidade\/","og_site_name":"SABRA - Sociedade Art\u00edstica Brasileira","article_publisher":"https:\/\/www.facebook.com\/sabrabrasil","article_published_time":"2023-09-27T14:19:12+00:00","article_modified_time":"2025-04-18T13:46:16+00:00","og_image":[{"width":800,"height":533,"url":"https:\/\/www.sabra.org.br\/site\/wp-content\/uploads\/2023\/09\/preconceito-literario-ser-leitor-e-apenas-ler-os-classicos-20230804102938.jpg-jpg.webp","type":"image\/jpeg"}],"author":"M\u00e1rcio Miranda Pontes","twitter_card":"summary_large_image","twitter_creator":"@ContatoSabra","twitter_site":"@ContatoSabra","twitter_misc":{"Escrito por":"M\u00e1rcio Miranda Pontes","Est. tempo de leitura":"4 minutos"},"schema":{"@context":"https:\/\/schema.org","@graph":[{"@type":"Article","@id":"https:\/\/www.sabra.org.br\/site\/literatura-diversidade\/#article","isPartOf":{"@id":"https:\/\/www.sabra.org.br\/site\/literatura-diversidade\/"},"author":{"name":"M\u00e1rcio Miranda Pontes","@id":"https:\/\/www.sabra.org.br\/site\/#\/schema\/person\/7d1d222c3c8891d4c37c7b41bf6315c2"},"headline":"Preconceito liter\u00e1rio: ser leitor \u00e9 apenas ler os cl\u00e1ssicos?","datePublished":"2023-09-27T14:19:12+00:00","dateModified":"2025-04-18T13:46:16+00:00","mainEntityOfPage":{"@id":"https:\/\/www.sabra.org.br\/site\/literatura-diversidade\/"},"wordCount":751,"publisher":{"@id":"https:\/\/www.sabra.org.br\/site\/#organization"},"image":{"@id":"https:\/\/www.sabra.org.br\/site\/literatura-diversidade\/#primaryimage"},"thumbnailUrl":"https:\/\/www.sabra.org.br\/site\/wp-content\/uploads\/2023\/09\/preconceito-literario-ser-leitor-e-apenas-ler-os-classicos-20230804102938.jpg-jpg.webp","keywords":["Assist\u00eancia social","Belo Horizonte","Cabo Frio","Campos dos Goytacazes","Canto Coral","Contagem","Escola de Musica SABRA","Ibirit\u00e9","Musicaliza\u00e7\u00e3o Infantil","nova lima","Orquestra Infanto Juvenil de Betim","Orquestra Sinf\u00f4nica de Betim","Raposos","Sociedade Art\u00edstica Brasileira"],"articleSection":["Blog SABRA"],"inLanguage":"pt-BR"},{"@type":"WebPage","@id":"https:\/\/www.sabra.org.br\/site\/literatura-diversidade\/","url":"https:\/\/www.sabra.org.br\/site\/literatura-diversidade\/","name":"Preconceito liter\u00e1rio: ser leitor \u00e9 apenas ler os cl\u00e1ssicos? - SABRA - Sociedade Art\u00edstica Brasileira","isPartOf":{"@id":"https:\/\/www.sabra.org.br\/site\/#website"},"primaryImageOfPage":{"@id":"https:\/\/www.sabra.org.br\/site\/literatura-diversidade\/#primaryimage"},"image":{"@id":"https:\/\/www.sabra.org.br\/site\/literatura-diversidade\/#primaryimage"},"thumbnailUrl":"https:\/\/www.sabra.org.br\/site\/wp-content\/uploads\/2023\/09\/preconceito-literario-ser-leitor-e-apenas-ler-os-classicos-20230804102938.jpg-jpg.webp","datePublished":"2023-09-27T14:19:12+00:00","dateModified":"2025-04-18T13:46:16+00:00","description":"Ser um leitor vai al\u00e9m dos Cl\u00e1ssicos! Explore novos g\u00eaneros, vozes, contempor\u00e2neas e temas atuais na Literatura.","breadcrumb":{"@id":"https:\/\/www.sabra.org.br\/site\/literatura-diversidade\/#breadcrumb"},"inLanguage":"pt-BR","potentialAction":[{"@type":"ReadAction","target":["https:\/\/www.sabra.org.br\/site\/literatura-diversidade\/"]}]},{"@type":"ImageObject","inLanguage":"pt-BR","@id":"https:\/\/www.sabra.org.br\/site\/literatura-diversidade\/#primaryimage","url":"https:\/\/www.sabra.org.br\/site\/wp-content\/uploads\/2023\/09\/preconceito-literario-ser-leitor-e-apenas-ler-os-classicos-20230804102938.jpg-jpg.webp","contentUrl":"https:\/\/www.sabra.org.br\/site\/wp-content\/uploads\/2023\/09\/preconceito-literario-ser-leitor-e-apenas-ler-os-classicos-20230804102938.jpg-jpg.webp","width":800,"height":533,"caption":"Sociedade Art\u00edstica Brasileira SABRA"},{"@type":"BreadcrumbList","@id":"https:\/\/www.sabra.org.br\/site\/literatura-diversidade\/#breadcrumb","itemListElement":[{"@type":"ListItem","position":1,"name":"In\u00edcio","item":"https:\/\/www.sabra.org.br\/site\/"},{"@type":"ListItem","position":2,"name":"Preconceito liter\u00e1rio: ser leitor \u00e9 apenas ler os cl\u00e1ssicos?"}]},{"@type":"WebSite","@id":"https:\/\/www.sabra.org.br\/site\/#website","url":"https:\/\/www.sabra.org.br\/site\/","name":"SABRA - Sociedade Art\u00edstica Brasileira","description":"Escola de M\u00fasica, Orquestra Sinf\u00f4nica, Coral e Patrim\u00f4nio Cultural e Hist\u00f3rico","publisher":{"@id":"https:\/\/www.sabra.org.br\/site\/#organization"},"potentialAction":[{"@type":"SearchAction","target":{"@type":"EntryPoint","urlTemplate":"https:\/\/www.sabra.org.br\/site\/?s={search_term_string}"},"query-input":{"@type":"PropertyValueSpecification","valueRequired":true,"valueName":"search_term_string"}}],"inLanguage":"pt-BR"},{"@type":"Organization","@id":"https:\/\/www.sabra.org.br\/site\/#organization","name":"SOCIEDADE ART\u00cdSTICA BRASILEIRA SABRA","alternateName":"SABRA","url":"https:\/\/www.sabra.org.br\/site\/","logo":{"@type":"ImageObject","inLanguage":"pt-BR","@id":"https:\/\/www.sabra.org.br\/site\/#\/schema\/logo\/image\/","url":"https:\/\/www.sabra.org.br\/site\/wp-content\/uploads\/2019\/06\/cropped-Logo_SABRA-Copia-1.webp","contentUrl":"https:\/\/www.sabra.org.br\/site\/wp-content\/uploads\/2019\/06\/cropped-Logo_SABRA-Copia-1.webp","width":400,"height":128,"caption":"SOCIEDADE ART\u00cdSTICA BRASILEIRA SABRA"},"image":{"@id":"https:\/\/www.sabra.org.br\/site\/#\/schema\/logo\/image\/"},"sameAs":["https:\/\/www.facebook.com\/sabrabrasil","https:\/\/x.com\/ContatoSabra","https:\/\/www.instagram.com\/sabrabrasil\/","https:\/\/www.linkedin.com\/company\/25002088\/","https:\/\/br.pinterest.com\/sociedadeartisticabrasileira\/","https:\/\/www.youtube.com\/c\/sabrabrasil"]},{"@type":"Person","@id":"https:\/\/www.sabra.org.br\/site\/#\/schema\/person\/7d1d222c3c8891d4c37c7b41bf6315c2","name":"M\u00e1rcio Miranda Pontes","image":{"@type":"ImageObject","inLanguage":"pt-BR","@id":"https:\/\/secure.gravatar.com\/avatar\/3b45f24496a7625a3a6c436688fbe20344faaeb2979658dc4a9921f984d7df9a?s=96&d=mm&r=g","url":"https:\/\/secure.gravatar.com\/avatar\/3b45f24496a7625a3a6c436688fbe20344faaeb2979658dc4a9921f984d7df9a?s=96&d=mm&r=g","contentUrl":"https:\/\/secure.gravatar.com\/avatar\/3b45f24496a7625a3a6c436688fbe20344faaeb2979658dc4a9921f984d7df9a?s=96&d=mm&r=g","caption":"M\u00e1rcio Miranda Pontes"},"sameAs":["http:\/\/www.sabra.org.br"],"url":"https:\/\/www.sabra.org.br\/site\/author\/marcio-miranda-pontes\/"}]}},"jetpack_featured_media_url":"https:\/\/www.sabra.org.br\/site\/wp-content\/uploads\/2023\/09\/preconceito-literario-ser-leitor-e-apenas-ler-os-classicos-20230804102938.jpg-jpg.webp","jetpack_shortlink":"https:\/\/wp.me\/p95j2Z-26i","jetpack-related-posts":[{"id":8100,"url":"https:\/\/www.sabra.org.br\/site\/historia-humana-livros\/","url_meta":{"origin":8078,"position":0},"title":"Livros cl\u00e1ssicos para voc\u00ea ler e se apaixonar","author":"M\u00e1rcio Miranda Pontes","date":"4 de outubro de 2023","format":false,"excerpt":"Venha se apaixonar pela magia atemporal das palavras que resistem \u00e0 passagem dos anos e continuam a cativar leitores com suas hist\u00f3rias imortais. Junte-se a n\u00f3s nesta jornada liter\u00e1ria enriquecedora e mergulhe na ess\u00eancia eterna da literatura cl\u00e1ssica.","rel":"","context":"Em &quot;Blog SABRA&quot;","block_context":{"text":"Blog SABRA","link":"https:\/\/www.sabra.org.br\/site\/category\/blog-sabra\/"},"img":{"alt_text":"sabra-m\u00fasica-explorar-hist\u00f3rias-humana-mundos-amor-livros","src":"https:\/\/i0.wp.com\/www.sabra.org.br\/site\/wp-content\/uploads\/2023\/10\/x-livros-classicos-para-voce-ler-e-se-apaixonar-20230804102938.jpg-jpg.webp?resize=350%2C200&ssl=1","width":350,"height":200,"srcset":"https:\/\/i0.wp.com\/www.sabra.org.br\/site\/wp-content\/uploads\/2023\/10\/x-livros-classicos-para-voce-ler-e-se-apaixonar-20230804102938.jpg-jpg.webp?resize=350%2C200&ssl=1 1x, https:\/\/i0.wp.com\/www.sabra.org.br\/site\/wp-content\/uploads\/2023\/10\/x-livros-classicos-para-voce-ler-e-se-apaixonar-20230804102938.jpg-jpg.webp?resize=525%2C300&ssl=1 1.5x, https:\/\/i0.wp.com\/www.sabra.org.br\/site\/wp-content\/uploads\/2023\/10\/x-livros-classicos-para-voce-ler-e-se-apaixonar-20230804102938.jpg-jpg.webp?resize=700%2C400&ssl=1 2x"},"classes":[]},{"id":6289,"url":"https:\/\/www.sabra.org.br\/site\/literatura-brasileira-livro\/","url_meta":{"origin":8078,"position":1},"title":"Dia Nacional do Livro: cl\u00e1ssicos da literatura brasileira que voc\u00ea precisa ler","author":"M\u00e1rcio Miranda Pontes","date":"23 de novembro de 2022","format":false,"excerpt":"Em 29 de outubro se comemora o Dia Nacional do Livro. Em homenagem \u00e0 data, selecionamentos alguns cl\u00e1ssicos da literatura nacional que o amante da leitura n\u00e3o pode deixar de conhecer.","rel":"","context":"Em &quot;Blog SABRA&quot;","block_context":{"text":"Blog SABRA","link":"https:\/\/www.sabra.org.br\/site\/category\/blog-sabra\/"},"img":{"alt_text":"livro-brasileira-sociais","src":"https:\/\/i0.wp.com\/www.sabra.org.br\/site\/wp-content\/uploads\/2022\/11\/dia-nacional-do-livro-classicos-da-literatura-brasileira-que-voce-precisa-ler-20221007143620.jpg.jpg?resize=350%2C200&ssl=1","width":350,"height":200,"srcset":"https:\/\/i0.wp.com\/www.sabra.org.br\/site\/wp-content\/uploads\/2022\/11\/dia-nacional-do-livro-classicos-da-literatura-brasileira-que-voce-precisa-ler-20221007143620.jpg.jpg?resize=350%2C200&ssl=1 1x, https:\/\/i0.wp.com\/www.sabra.org.br\/site\/wp-content\/uploads\/2022\/11\/dia-nacional-do-livro-classicos-da-literatura-brasileira-que-voce-precisa-ler-20221007143620.jpg.jpg?resize=525%2C300&ssl=1 1.5x, https:\/\/i0.wp.com\/www.sabra.org.br\/site\/wp-content\/uploads\/2022\/11\/dia-nacional-do-livro-classicos-da-literatura-brasileira-que-voce-precisa-ler-20221007143620.jpg.jpg?resize=700%2C400&ssl=1 2x"},"classes":[]},{"id":9505,"url":"https:\/\/www.sabra.org.br\/site\/literatura-palavras\/","url_meta":{"origin":8078,"position":2},"title":"Sons em palavras: explorando a interse\u00e7\u00e3o musical na literatura","author":"M\u00e1rcio Miranda Pontes","date":"2 de maio de 2024","format":false,"excerpt":"Deixe-se envolver pela poesia da prosa e pela dan\u00e7a dos adjetivos enquanto exploramos como os elementos essenciais da linguagem musical ganham vida nas p\u00e1ginas escritas.","rel":"","context":"Em &quot;Blog SABRA&quot;","block_context":{"text":"Blog SABRA","link":"https:\/\/www.sabra.org.br\/site\/category\/blog-sabra\/"},"img":{"alt_text":"textos-fundamentais-sabra-m\u00fasica-palavras-criando-literatura-movimento-timbre-ritmo-sonora","src":"https:\/\/i0.wp.com\/www.sabra.org.br\/site\/wp-content\/uploads\/2024\/05\/sons-em-palavras-explorando-a-intersecao-musical-na-literaturajpg-20240229111914.jpg-jpg.webp?resize=350%2C200&ssl=1","width":350,"height":200,"srcset":"https:\/\/i0.wp.com\/www.sabra.org.br\/site\/wp-content\/uploads\/2024\/05\/sons-em-palavras-explorando-a-intersecao-musical-na-literaturajpg-20240229111914.jpg-jpg.webp?resize=350%2C200&ssl=1 1x, https:\/\/i0.wp.com\/www.sabra.org.br\/site\/wp-content\/uploads\/2024\/05\/sons-em-palavras-explorando-a-intersecao-musical-na-literaturajpg-20240229111914.jpg-jpg.webp?resize=525%2C300&ssl=1 1.5x, https:\/\/i0.wp.com\/www.sabra.org.br\/site\/wp-content\/uploads\/2024\/05\/sons-em-palavras-explorando-a-intersecao-musical-na-literaturajpg-20240229111914.jpg-jpg.webp?resize=700%2C400&ssl=1 2x"},"classes":[]},{"id":5351,"url":"https:\/\/www.sabra.org.br\/site\/literatura-2\/","url_meta":{"origin":8078,"position":3},"title":"Cl\u00e1ssicos da literatura que voc\u00ea pode ler de gra\u00e7a","author":"M\u00e1rcio Miranda Pontes","date":"14 de julho de 2022","format":false,"excerpt":"Que tal aproveitar seu tempo livre para ler alguns dos maiores cl\u00e1ssicos da literatura brasileira e mundial? Pois, saiba que muitos desses livros est\u00e3o dispon\u00edveis de maneira gratuita. Quer saber mais? Ent\u00e3o, venha conosco!","rel":"","context":"Em &quot;Blog SABRA&quot;","block_context":{"text":"Blog SABRA","link":"https:\/\/www.sabra.org.br\/site\/category\/blog-sabra\/"},"img":{"alt_text":"livro-cl\u00e1ssico-literatura-ler","src":"https:\/\/i0.wp.com\/www.sabra.org.br\/site\/wp-content\/uploads\/2022\/07\/x-classicos-da-literatura-que-voce-pode-ler-de-graca-20220513105253.jpg-1.jpg?resize=350%2C200&ssl=1","width":350,"height":200,"srcset":"https:\/\/i0.wp.com\/www.sabra.org.br\/site\/wp-content\/uploads\/2022\/07\/x-classicos-da-literatura-que-voce-pode-ler-de-graca-20220513105253.jpg-1.jpg?resize=350%2C200&ssl=1 1x, https:\/\/i0.wp.com\/www.sabra.org.br\/site\/wp-content\/uploads\/2022\/07\/x-classicos-da-literatura-que-voce-pode-ler-de-graca-20220513105253.jpg-1.jpg?resize=525%2C300&ssl=1 1.5x, https:\/\/i0.wp.com\/www.sabra.org.br\/site\/wp-content\/uploads\/2022\/07\/x-classicos-da-literatura-que-voce-pode-ler-de-graca-20220513105253.jpg-1.jpg?resize=700%2C400&ssl=1 2x"},"classes":[]},{"id":13261,"url":"https:\/\/www.sabra.org.br\/site\/leitura-na-ponta-dos-dedos-x-aplicativos-essenciais-para-todo-leitor\/","url_meta":{"origin":8078,"position":4},"title":"Leitura na ponta dos dedos: X aplicativos essenciais para todo leitor","author":"","date":"22 de agosto de 2025","format":false,"excerpt":"A leitura \u00e9 uma paix\u00e3o atemporal que tem evolu\u00eddo com o avan\u00e7o da tecnologia. Hoje em dia, os leitores t\u00eam a oportunidade de carregar uma biblioteca inteira no bolso, gra\u00e7as aos dispositivos m\u00f3veis e aplicativos dedicados \u00e0 leitura. Hoje, exploraremos 10 aplicativos essenciais para todo leitor que deseja aproveitar ao\u2026","rel":"","context":"Em &quot;Blog SABRA&quot;","block_context":{"text":"Blog SABRA","link":"https:\/\/www.sabra.org.br\/site\/category\/blog-sabra\/"},"img":{"alt_text":"","src":"","width":0,"height":0},"classes":[]},{"id":7325,"url":"https:\/\/www.sabra.org.br\/site\/compositores-classicos\/","url_meta":{"origin":8078,"position":5},"title":"Compositores cl\u00e1ssicos que voc\u00ea precisa conhecer","author":"M\u00e1rcio Miranda Pontes","date":"16 de junho de 2023","format":false,"excerpt":"Descubra os grandes mestres da m\u00fasica cl\u00e1ssica! Conhe\u00e7a X compositores cl\u00e1ssicos que deixaram um legado duradouro. Mergulhe no mundo da m\u00fasica erudita e desfrute das obras-primas que transcenderam o tempo.","rel":"","context":"Em &quot;Blog SABRA&quot;","block_context":{"text":"Blog SABRA","link":"https:\/\/www.sabra.org.br\/site\/category\/blog-sabra\/"},"img":{"alt_text":"compositores-m\u00fasica-cl\u00e1ssica-cultura-conhecer-sabra","src":"https:\/\/i0.wp.com\/www.sabra.org.br\/site\/wp-content\/uploads\/2023\/06\/x-compositores-classicos-que-voce-precisa-conhecerjpg-20230522113605.jpg-jpg.webp?resize=350%2C200&ssl=1","width":350,"height":200,"srcset":"https:\/\/i0.wp.com\/www.sabra.org.br\/site\/wp-content\/uploads\/2023\/06\/x-compositores-classicos-que-voce-precisa-conhecerjpg-20230522113605.jpg-jpg.webp?resize=350%2C200&ssl=1 1x, https:\/\/i0.wp.com\/www.sabra.org.br\/site\/wp-content\/uploads\/2023\/06\/x-compositores-classicos-que-voce-precisa-conhecerjpg-20230522113605.jpg-jpg.webp?resize=525%2C300&ssl=1 1.5x, https:\/\/i0.wp.com\/www.sabra.org.br\/site\/wp-content\/uploads\/2023\/06\/x-compositores-classicos-que-voce-precisa-conhecerjpg-20230522113605.jpg-jpg.webp?resize=700%2C400&ssl=1 2x"},"classes":[]}],"jetpack_likes_enabled":true,"jetpack_sharing_enabled":true,"_links":{"self":[{"href":"https:\/\/www.sabra.org.br\/site\/wp-json\/wp\/v2\/posts\/8078","targetHints":{"allow":["GET"]}}],"collection":[{"href":"https:\/\/www.sabra.org.br\/site\/wp-json\/wp\/v2\/posts"}],"about":[{"href":"https:\/\/www.sabra.org.br\/site\/wp-json\/wp\/v2\/types\/post"}],"author":[{"embeddable":true,"href":"https:\/\/www.sabra.org.br\/site\/wp-json\/wp\/v2\/users\/39"}],"replies":[{"embeddable":true,"href":"https:\/\/www.sabra.org.br\/site\/wp-json\/wp\/v2\/comments?post=8078"}],"version-history":[{"count":0,"href":"https:\/\/www.sabra.org.br\/site\/wp-json\/wp\/v2\/posts\/8078\/revisions"}],"wp:featuredmedia":[{"embeddable":true,"href":"https:\/\/www.sabra.org.br\/site\/wp-json\/wp\/v2\/media\/8080"}],"wp:attachment":[{"href":"https:\/\/www.sabra.org.br\/site\/wp-json\/wp\/v2\/media?parent=8078"}],"wp:term":[{"taxonomy":"category","embeddable":true,"href":"https:\/\/www.sabra.org.br\/site\/wp-json\/wp\/v2\/categories?post=8078"},{"taxonomy":"post_tag","embeddable":true,"href":"https:\/\/www.sabra.org.br\/site\/wp-json\/wp\/v2\/tags?post=8078"}],"curies":[{"name":"wp","href":"https:\/\/api.w.org\/{rel}","templated":true}]}}