{"id":817,"date":"2017-11-18T10:31:28","date_gmt":"2017-11-18T12:31:28","guid":{"rendered":"http:\/\/www.sabra.org.br\/site\/?p=817"},"modified":"2025-04-20T19:13:23","modified_gmt":"2025-04-20T22:13:23","slug":"musica-e-aliada-no-tratamento-de-criancas-e-jovens-com-deficit-de-atencao-tdah","status":"publish","type":"post","link":"https:\/\/www.sabra.org.br\/site\/musica-e-aliada-no-tratamento-de-criancas-e-jovens-com-deficit-de-atencao-tdah\/","title":{"rendered":"M\u00daSICA E D\u00c9FICIT DE ATEN\u00c7\u00c3O"},"content":{"rendered":"<h3>M\u00fasica \u00e9 aliada no tratamento de crian\u00e7as e jovens com D\u00e9ficit de Aten\u00e7\u00e3o (TDAH)<\/h3>\n<p>A m\u00fasica tem sido cada vez mais utilizada para auxiliar o tratamento de crian\u00e7as e jovens com D\u00e9ficit de Aten\u00e7\u00e3o (TDAH). Tanto cantar quanto ouvir m\u00fasica e tocar instrumentos tem apresentado \u00f3timos resultados. As atividades reduzem a ansiedade, aumentam a capacidade de foco e concentra\u00e7\u00e3o, provocam relaxamento e, com tudo isso, melhoram a qualidade de vida de quem sofre com TDAH.<\/p>\n<h3>O que \u00e9 TDAH?<\/h3>\n<p>O nome completo do TDAH \u00e9 Transtorno do Deficit de Aten\u00e7\u00e3o com Hiperatividade. \u00c9 um tipo de transtorno neurobiol\u00f3gico que se manifesta nos primeiros anos de vida das crian\u00e7as e, por isso, deve ser diagnosticado o quanto antes.<\/p>\n<p>Sintomas como a desaten\u00e7\u00e3o, a inquietude\/hiperatividade e a impulsividade podem aparecer em maior ou menor intensidade e de forma combinada ou isolada. Como esses elementos s\u00e3o comuns em crian\u00e7as en\u00e9rgicas e que n\u00e3o necessariamente sofrem de TDAH, o diagn\u00f3stico s\u00f3 pode ser fornecido por um m\u00e9dico \u2013 geralmente neurologista.<\/p>\n<p>Dados da Associa\u00e7\u00e3o Brasileira do Deficit de Aten\u00e7\u00e3o apontam que, no Brasil, cerca de 3% a 5% das crian\u00e7as possuem a s\u00edndrome. O principal medicamento para ajudar no controle dos sintomas \u00e9 metilfenidato, ou ritalina, como \u00e9 conhecida comercialmente.<\/p>\n<p>Apesar de o rem\u00e9dio ser controlado (tarja preta), uma pesquisa da Universidade Estadual do Rio de Janeiro (UERJ) relatou um aumento de 775% no consumo da ritalina entre os anos de 2002 e 2013, o que serve como um alerta para pais e m\u00e9dicos.<\/p>\n<h3>Como a m\u00fasica auxilia no tratamento?<\/h3>\n<p>Como j\u00e1 falamos, somente um especialista \u00e9 capaz de fazer uma avalia\u00e7\u00e3o correta e indicar o uso da ritalina. Por\u00e9m, os tratamentos alternativos ou complementares \u00e0 medicina alop\u00e1tica que utilizam a m\u00fasica tem apresentado resultados excelentes e est\u00e3o ajudando a melhorar a vida de quem sofre com TDAH.<\/p>\n<p>A musicoterapia, por exemplo, que \u00e9 uma interven\u00e7\u00e3o cl\u00ednica da \u00e1rea da sa\u00fade bastante eficaz no tratamento de diversos dist\u00farbios, tem o acompanhamento de um profissional graduado na \u00e1rea e que seguem m\u00e9todos e procedimentos cient\u00edficos de tratamento musical. Al\u00e9m disso, para ser atendido o paciente n\u00e3o precisa ter nenhum conhecimento musical pr\u00e9vio.<\/p>\n<p>Crian\u00e7as e jovens tamb\u00e9m podem desenvolver foco, disciplina e capacidade de concentra\u00e7\u00e3o aprendendo a tocar algum instrumento em aulas de m\u00fasica. Para dominar guitarra, bateria, viol\u00e3o e piano, por exemplo, o aluno precisa desenvolver v\u00e1rias habilidades, como a coordena\u00e7\u00e3o motora e a leitura de partituras, o que exige dedica\u00e7\u00e3o e aten\u00e7\u00e3o.<\/p>\n<p>Com o canto ocorre o mesmo processo. Coordenar respira\u00e7\u00e3o, afina\u00e7\u00e3o, controle da voz e harmonia com as vozes do coletivo estimula a sociabilidade, a disciplina, reduz os n\u00edveis de estresse e ansiedade (muito comuns em hiperativos) e, consequentemente, tamb\u00e9m impacta de forma positiva na autoestima e no bem-estar.<\/p>\n<p>Acontece que a m\u00fasica \u00e9 formada por padr\u00f5es e ritmo, que por sua vez s\u00e3o uma forma de estrutura, e o pensamento linear \u00e9 extremamente ben\u00e9fica e tranquilizante para o c\u00e9rebro de quem sofre com TDAH.<\/p>\n<p>Mas \u00e9 muito importante que a atividade seja levada para os hiperativos de maneira prazerosa, pois somente quando a pessoa sente prazer \u00e9 que o c\u00e9rebro dispara dopamina no corpo. Este neurotransmissor \u00e9 respons\u00e1vel pela aten\u00e7\u00e3o, mem\u00f3ria e motiva\u00e7\u00e3o, elementos em falta nos hiperativos e que estimulam o relaxamento e a calma.<\/p>\n<h3>Se voc\u00ea gostou deste post:<\/h3>\n<p>&#8211; siga as nossas p\u00e1ginas nas redes sociais para acompanhar as nossas atualiza\u00e7\u00f5es: estamos no <a href=\"https:\/\/www.facebook.com\/sabrabrasil\" target=\"_blank\" rel=\"noopener\">Facebook<\/a>, no <a href=\"https:\/\/www.instagram.com\/sabrabrasil\/\" target=\"_blank\" rel=\"noopener\">Instagram<\/a>, no <a href=\"https:\/\/www.linkedin.com\/company\/25002088\" target=\"_blank\" rel=\"noopener\">LinkedIn<\/a>, no <a href=\"https:\/\/twitter.com\/ContatoSabra\" target=\"_blank\" rel=\"noopener\">Twitter<\/a> e no <a href=\"https:\/\/www.youtube.com\/channel\/UCJw-kbuEvzUNdeQf20Pa-eQ\" target=\"_blank\" rel=\"noopener\">YouTube<\/a>!<\/p>\n<p>&#8211; Conhe\u00e7a o trabalho da Sociedade Art\u00edstica Brasileira (SABRA) e todas as iniciativas culturais e sociais que ela mant\u00e9m. <a href=\"https:\/\/www.sabra.org.br\/site\/acoes\/\" target=\"_blank\" rel=\"noopener\">Acesse nosso site!<\/a><\/p>\n<p>&#8211; entre em contato com a gente. E veja quais s\u00e3o as op\u00e7\u00f5es de ajuda na manuten\u00e7\u00e3o de nossas a\u00e7\u00f5es sociais e culturais. Basta acessar nossa p\u00e1gina <a href=\"https:\/\/www.sabra.org.br\/site\/doe-agora\/\" target=\"_blank\" rel=\"noopener\">Doe Agora!<\/a><\/p>\n<p>&#8211; Compartilhe este texto nas suas redes sociais e ajude os seus amigos a tamb\u00e9m dominarem o assunto!<\/p>\n","protected":false},"excerpt":{"rendered":"<p>M\u00fasica \u00e9 aliada no tratamento de crian\u00e7as e jovens com D\u00e9ficit de Aten\u00e7\u00e3o (TDAH) A m\u00fasica tem sido cada vez mais utilizada para auxiliar o&hellip;<\/p>\n","protected":false},"author":39,"featured_media":818,"comment_status":"closed","ping_status":"closed","sticky":false,"template":"","format":"standard","meta":{"jetpack_post_was_ever_published":false,"_jetpack_newsletter_access":"","_jetpack_dont_email_post_to_subs":false,"_jetpack_newsletter_tier_id":0,"_jetpack_memberships_contains_paywalled_content":false,"_jetpack_memberships_contains_paid_content":false,"footnotes":""},"categories":[1],"tags":[15,8,16,12,11,9],"class_list":["post-817","post","type-post","status-publish","format-standard","has-post-thumbnail","hentry","category-blog-sabra","tag-assistencia-social","tag-canto-coral","tag-musicalizacao-infantil","tag-oficina-musical-sabra","tag-orquestra-sinfonica-de-betim","tag-sociedade-artistica-brasileira"],"yoast_head":"<!-- This site is optimized with the Yoast SEO plugin v27.5 - https:\/\/yoast.com\/product\/yoast-seo-wordpress\/ -->\n<title>M\u00daSICA E D\u00c9FICIT DE ATEN\u00c7\u00c3O - SABRA - Sociedade Art\u00edstica Brasileira<\/title>\n<meta name=\"description\" content=\"A m\u00fasica tem sido cada vez mais utilizada para auxiliar o tratamento de crian\u00e7as e jovens com D\u00e9ficit de Aten\u00e7\u00e3o. Cantar, ouvir m\u00fasica e tocar instrumentos.\" \/>\n<meta name=\"robots\" content=\"index, follow, max-snippet:-1, max-image-preview:large, max-video-preview:-1\" \/>\n<link rel=\"canonical\" href=\"https:\/\/www.sabra.org.br\/site\/musica-e-aliada-no-tratamento-de-criancas-e-jovens-com-deficit-de-atencao-tdah\/\" \/>\n<meta property=\"og:locale\" content=\"pt_BR\" \/>\n<meta property=\"og:type\" content=\"article\" \/>\n<meta property=\"og:title\" content=\"M\u00daSICA E D\u00c9FICIT DE ATEN\u00c7\u00c3O - SABRA - Sociedade Art\u00edstica Brasileira\" \/>\n<meta property=\"og:description\" content=\"A m\u00fasica tem sido cada vez mais utilizada para auxiliar o tratamento de crian\u00e7as e jovens com D\u00e9ficit de Aten\u00e7\u00e3o. Cantar, ouvir m\u00fasica e tocar instrumentos.\" \/>\n<meta property=\"og:url\" content=\"https:\/\/www.sabra.org.br\/site\/musica-e-aliada-no-tratamento-de-criancas-e-jovens-com-deficit-de-atencao-tdah\/\" \/>\n<meta property=\"og:site_name\" content=\"SABRA - Sociedade Art\u00edstica Brasileira\" \/>\n<meta property=\"article:publisher\" content=\"https:\/\/www.facebook.com\/sabrabrasil\" \/>\n<meta property=\"article:published_time\" content=\"2017-11-18T12:31:28+00:00\" \/>\n<meta property=\"article:modified_time\" content=\"2025-04-20T22:13:23+00:00\" \/>\n<meta property=\"og:image\" content=\"https:\/\/www.sabra.org.br\/site\/wp-content\/uploads\/2017\/11\/musica-e-aliada-no-tratamento-de-criancas-e-jovens-com-deficit-de-atencao-tdah-20171027165936.jpg.jpg\" \/>\n\t<meta property=\"og:image:width\" content=\"724\" \/>\n\t<meta property=\"og:image:height\" content=\"483\" \/>\n\t<meta property=\"og:image:type\" content=\"image\/jpeg\" \/>\n<meta name=\"author\" content=\"M\u00e1rcio Miranda Pontes\" \/>\n<meta name=\"twitter:card\" content=\"summary_large_image\" \/>\n<meta name=\"twitter:creator\" content=\"@ContatoSabra\" \/>\n<meta name=\"twitter:site\" content=\"@ContatoSabra\" \/>\n<meta name=\"twitter:label1\" content=\"Escrito por\" \/>\n\t<meta name=\"twitter:data1\" content=\"M\u00e1rcio Miranda Pontes\" \/>\n\t<meta name=\"twitter:label2\" content=\"Est. tempo de leitura\" \/>\n\t<meta name=\"twitter:data2\" content=\"3 minutos\" \/>\n<script type=\"application\/ld+json\" class=\"yoast-schema-graph\">{\"@context\":\"https:\\\/\\\/schema.org\",\"@graph\":[{\"@type\":\"Article\",\"@id\":\"https:\\\/\\\/www.sabra.org.br\\\/site\\\/musica-e-aliada-no-tratamento-de-criancas-e-jovens-com-deficit-de-atencao-tdah\\\/#article\",\"isPartOf\":{\"@id\":\"https:\\\/\\\/www.sabra.org.br\\\/site\\\/musica-e-aliada-no-tratamento-de-criancas-e-jovens-com-deficit-de-atencao-tdah\\\/\"},\"author\":{\"name\":\"M\u00e1rcio Miranda Pontes\",\"@id\":\"https:\\\/\\\/www.sabra.org.br\\\/site\\\/#\\\/schema\\\/person\\\/7d1d222c3c8891d4c37c7b41bf6315c2\"},\"headline\":\"M\u00daSICA E D\u00c9FICIT DE ATEN\u00c7\u00c3O\",\"datePublished\":\"2017-11-18T12:31:28+00:00\",\"dateModified\":\"2025-04-20T22:13:23+00:00\",\"mainEntityOfPage\":{\"@id\":\"https:\\\/\\\/www.sabra.org.br\\\/site\\\/musica-e-aliada-no-tratamento-de-criancas-e-jovens-com-deficit-de-atencao-tdah\\\/\"},\"wordCount\":706,\"publisher\":{\"@id\":\"https:\\\/\\\/www.sabra.org.br\\\/site\\\/#organization\"},\"image\":{\"@id\":\"https:\\\/\\\/www.sabra.org.br\\\/site\\\/musica-e-aliada-no-tratamento-de-criancas-e-jovens-com-deficit-de-atencao-tdah\\\/#primaryimage\"},\"thumbnailUrl\":\"https:\\\/\\\/www.sabra.org.br\\\/site\\\/wp-content\\\/uploads\\\/2017\\\/11\\\/musica-e-aliada-no-tratamento-de-criancas-e-jovens-com-deficit-de-atencao-tdah-20171027165936.jpg.jpg\",\"keywords\":[\"Assist\u00eancia social\",\"Canto Coral\",\"Musicaliza\u00e7\u00e3o Infantil\",\"Oficina Musical SABRA\",\"Orquestra Sinf\u00f4nica de Betim\",\"Sociedade Art\u00edstica Brasileira\"],\"articleSection\":[\"Blog SABRA\"],\"inLanguage\":\"pt-BR\"},{\"@type\":\"WebPage\",\"@id\":\"https:\\\/\\\/www.sabra.org.br\\\/site\\\/musica-e-aliada-no-tratamento-de-criancas-e-jovens-com-deficit-de-atencao-tdah\\\/\",\"url\":\"https:\\\/\\\/www.sabra.org.br\\\/site\\\/musica-e-aliada-no-tratamento-de-criancas-e-jovens-com-deficit-de-atencao-tdah\\\/\",\"name\":\"M\u00daSICA E D\u00c9FICIT DE ATEN\u00c7\u00c3O - SABRA - Sociedade Art\u00edstica Brasileira\",\"isPartOf\":{\"@id\":\"https:\\\/\\\/www.sabra.org.br\\\/site\\\/#website\"},\"primaryImageOfPage\":{\"@id\":\"https:\\\/\\\/www.sabra.org.br\\\/site\\\/musica-e-aliada-no-tratamento-de-criancas-e-jovens-com-deficit-de-atencao-tdah\\\/#primaryimage\"},\"image\":{\"@id\":\"https:\\\/\\\/www.sabra.org.br\\\/site\\\/musica-e-aliada-no-tratamento-de-criancas-e-jovens-com-deficit-de-atencao-tdah\\\/#primaryimage\"},\"thumbnailUrl\":\"https:\\\/\\\/www.sabra.org.br\\\/site\\\/wp-content\\\/uploads\\\/2017\\\/11\\\/musica-e-aliada-no-tratamento-de-criancas-e-jovens-com-deficit-de-atencao-tdah-20171027165936.jpg.jpg\",\"datePublished\":\"2017-11-18T12:31:28+00:00\",\"dateModified\":\"2025-04-20T22:13:23+00:00\",\"description\":\"A m\u00fasica tem sido cada vez mais utilizada para auxiliar o tratamento de crian\u00e7as e jovens com D\u00e9ficit de Aten\u00e7\u00e3o. Cantar, ouvir m\u00fasica e tocar instrumentos.\",\"breadcrumb\":{\"@id\":\"https:\\\/\\\/www.sabra.org.br\\\/site\\\/musica-e-aliada-no-tratamento-de-criancas-e-jovens-com-deficit-de-atencao-tdah\\\/#breadcrumb\"},\"inLanguage\":\"pt-BR\",\"potentialAction\":[{\"@type\":\"ReadAction\",\"target\":[\"https:\\\/\\\/www.sabra.org.br\\\/site\\\/musica-e-aliada-no-tratamento-de-criancas-e-jovens-com-deficit-de-atencao-tdah\\\/\"]}]},{\"@type\":\"ImageObject\",\"inLanguage\":\"pt-BR\",\"@id\":\"https:\\\/\\\/www.sabra.org.br\\\/site\\\/musica-e-aliada-no-tratamento-de-criancas-e-jovens-com-deficit-de-atencao-tdah\\\/#primaryimage\",\"url\":\"https:\\\/\\\/www.sabra.org.br\\\/site\\\/wp-content\\\/uploads\\\/2017\\\/11\\\/musica-e-aliada-no-tratamento-de-criancas-e-jovens-com-deficit-de-atencao-tdah-20171027165936.jpg.jpg\",\"contentUrl\":\"https:\\\/\\\/www.sabra.org.br\\\/site\\\/wp-content\\\/uploads\\\/2017\\\/11\\\/musica-e-aliada-no-tratamento-de-criancas-e-jovens-com-deficit-de-atencao-tdah-20171027165936.jpg.jpg\",\"width\":724,\"height\":483,\"caption\":\"M\u00e1rcio Miranda Pontes\"},{\"@type\":\"BreadcrumbList\",\"@id\":\"https:\\\/\\\/www.sabra.org.br\\\/site\\\/musica-e-aliada-no-tratamento-de-criancas-e-jovens-com-deficit-de-atencao-tdah\\\/#breadcrumb\",\"itemListElement\":[{\"@type\":\"ListItem\",\"position\":1,\"name\":\"In\u00edcio\",\"item\":\"https:\\\/\\\/www.sabra.org.br\\\/site\\\/\"},{\"@type\":\"ListItem\",\"position\":2,\"name\":\"M\u00daSICA E D\u00c9FICIT DE ATEN\u00c7\u00c3O\"}]},{\"@type\":\"WebSite\",\"@id\":\"https:\\\/\\\/www.sabra.org.br\\\/site\\\/#website\",\"url\":\"https:\\\/\\\/www.sabra.org.br\\\/site\\\/\",\"name\":\"SABRA - Sociedade Art\u00edstica Brasileira\",\"description\":\"Escola de M\u00fasica, Orquestra Sinf\u00f4nica, Coral e Patrim\u00f4nio Cultural e Hist\u00f3rico\",\"publisher\":{\"@id\":\"https:\\\/\\\/www.sabra.org.br\\\/site\\\/#organization\"},\"potentialAction\":[{\"@type\":\"SearchAction\",\"target\":{\"@type\":\"EntryPoint\",\"urlTemplate\":\"https:\\\/\\\/www.sabra.org.br\\\/site\\\/?s={search_term_string}\"},\"query-input\":{\"@type\":\"PropertyValueSpecification\",\"valueRequired\":true,\"valueName\":\"search_term_string\"}}],\"inLanguage\":\"pt-BR\"},{\"@type\":\"Organization\",\"@id\":\"https:\\\/\\\/www.sabra.org.br\\\/site\\\/#organization\",\"name\":\"SOCIEDADE ART\u00cdSTICA BRASILEIRA SABRA\",\"alternateName\":\"SABRA\",\"url\":\"https:\\\/\\\/www.sabra.org.br\\\/site\\\/\",\"logo\":{\"@type\":\"ImageObject\",\"inLanguage\":\"pt-BR\",\"@id\":\"https:\\\/\\\/www.sabra.org.br\\\/site\\\/#\\\/schema\\\/logo\\\/image\\\/\",\"url\":\"https:\\\/\\\/www.sabra.org.br\\\/site\\\/wp-content\\\/uploads\\\/2019\\\/06\\\/cropped-Logo_SABRA-Copia-1.webp\",\"contentUrl\":\"https:\\\/\\\/www.sabra.org.br\\\/site\\\/wp-content\\\/uploads\\\/2019\\\/06\\\/cropped-Logo_SABRA-Copia-1.webp\",\"width\":400,\"height\":128,\"caption\":\"SOCIEDADE ART\u00cdSTICA BRASILEIRA SABRA\"},\"image\":{\"@id\":\"https:\\\/\\\/www.sabra.org.br\\\/site\\\/#\\\/schema\\\/logo\\\/image\\\/\"},\"sameAs\":[\"https:\\\/\\\/www.facebook.com\\\/sabrabrasil\",\"https:\\\/\\\/x.com\\\/ContatoSabra\",\"https:\\\/\\\/www.instagram.com\\\/sabrabrasil\\\/\",\"https:\\\/\\\/www.linkedin.com\\\/company\\\/25002088\\\/\",\"https:\\\/\\\/br.pinterest.com\\\/sociedadeartisticabrasileira\\\/\",\"https:\\\/\\\/www.youtube.com\\\/c\\\/sabrabrasil\"]},{\"@type\":\"Person\",\"@id\":\"https:\\\/\\\/www.sabra.org.br\\\/site\\\/#\\\/schema\\\/person\\\/7d1d222c3c8891d4c37c7b41bf6315c2\",\"name\":\"M\u00e1rcio Miranda Pontes\",\"image\":{\"@type\":\"ImageObject\",\"inLanguage\":\"pt-BR\",\"@id\":\"https:\\\/\\\/secure.gravatar.com\\\/avatar\\\/3b45f24496a7625a3a6c436688fbe20344faaeb2979658dc4a9921f984d7df9a?s=96&d=mm&r=g\",\"url\":\"https:\\\/\\\/secure.gravatar.com\\\/avatar\\\/3b45f24496a7625a3a6c436688fbe20344faaeb2979658dc4a9921f984d7df9a?s=96&d=mm&r=g\",\"contentUrl\":\"https:\\\/\\\/secure.gravatar.com\\\/avatar\\\/3b45f24496a7625a3a6c436688fbe20344faaeb2979658dc4a9921f984d7df9a?s=96&d=mm&r=g\",\"caption\":\"M\u00e1rcio Miranda Pontes\"},\"sameAs\":[\"http:\\\/\\\/www.sabra.org.br\"],\"url\":\"https:\\\/\\\/www.sabra.org.br\\\/site\\\/author\\\/marcio-miranda-pontes\\\/\"}]}<\/script>\n<!-- \/ Yoast SEO plugin. -->","yoast_head_json":{"title":"M\u00daSICA E D\u00c9FICIT DE ATEN\u00c7\u00c3O - SABRA - Sociedade Art\u00edstica Brasileira","description":"A m\u00fasica tem sido cada vez mais utilizada para auxiliar o tratamento de crian\u00e7as e jovens com D\u00e9ficit de Aten\u00e7\u00e3o. Cantar, ouvir m\u00fasica e tocar instrumentos.","robots":{"index":"index","follow":"follow","max-snippet":"max-snippet:-1","max-image-preview":"max-image-preview:large","max-video-preview":"max-video-preview:-1"},"canonical":"https:\/\/www.sabra.org.br\/site\/musica-e-aliada-no-tratamento-de-criancas-e-jovens-com-deficit-de-atencao-tdah\/","og_locale":"pt_BR","og_type":"article","og_title":"M\u00daSICA E D\u00c9FICIT DE ATEN\u00c7\u00c3O - SABRA - Sociedade Art\u00edstica Brasileira","og_description":"A m\u00fasica tem sido cada vez mais utilizada para auxiliar o tratamento de crian\u00e7as e jovens com D\u00e9ficit de Aten\u00e7\u00e3o. Cantar, ouvir m\u00fasica e tocar instrumentos.","og_url":"https:\/\/www.sabra.org.br\/site\/musica-e-aliada-no-tratamento-de-criancas-e-jovens-com-deficit-de-atencao-tdah\/","og_site_name":"SABRA - Sociedade Art\u00edstica Brasileira","article_publisher":"https:\/\/www.facebook.com\/sabrabrasil","article_published_time":"2017-11-18T12:31:28+00:00","article_modified_time":"2025-04-20T22:13:23+00:00","og_image":[{"width":724,"height":483,"url":"https:\/\/www.sabra.org.br\/site\/wp-content\/uploads\/2017\/11\/musica-e-aliada-no-tratamento-de-criancas-e-jovens-com-deficit-de-atencao-tdah-20171027165936.jpg.jpg","type":"image\/jpeg"}],"author":"M\u00e1rcio Miranda Pontes","twitter_card":"summary_large_image","twitter_creator":"@ContatoSabra","twitter_site":"@ContatoSabra","twitter_misc":{"Escrito por":"M\u00e1rcio Miranda Pontes","Est. tempo de leitura":"3 minutos"},"schema":{"@context":"https:\/\/schema.org","@graph":[{"@type":"Article","@id":"https:\/\/www.sabra.org.br\/site\/musica-e-aliada-no-tratamento-de-criancas-e-jovens-com-deficit-de-atencao-tdah\/#article","isPartOf":{"@id":"https:\/\/www.sabra.org.br\/site\/musica-e-aliada-no-tratamento-de-criancas-e-jovens-com-deficit-de-atencao-tdah\/"},"author":{"name":"M\u00e1rcio Miranda Pontes","@id":"https:\/\/www.sabra.org.br\/site\/#\/schema\/person\/7d1d222c3c8891d4c37c7b41bf6315c2"},"headline":"M\u00daSICA E D\u00c9FICIT DE ATEN\u00c7\u00c3O","datePublished":"2017-11-18T12:31:28+00:00","dateModified":"2025-04-20T22:13:23+00:00","mainEntityOfPage":{"@id":"https:\/\/www.sabra.org.br\/site\/musica-e-aliada-no-tratamento-de-criancas-e-jovens-com-deficit-de-atencao-tdah\/"},"wordCount":706,"publisher":{"@id":"https:\/\/www.sabra.org.br\/site\/#organization"},"image":{"@id":"https:\/\/www.sabra.org.br\/site\/musica-e-aliada-no-tratamento-de-criancas-e-jovens-com-deficit-de-atencao-tdah\/#primaryimage"},"thumbnailUrl":"https:\/\/www.sabra.org.br\/site\/wp-content\/uploads\/2017\/11\/musica-e-aliada-no-tratamento-de-criancas-e-jovens-com-deficit-de-atencao-tdah-20171027165936.jpg.jpg","keywords":["Assist\u00eancia social","Canto Coral","Musicaliza\u00e7\u00e3o Infantil","Oficina Musical SABRA","Orquestra Sinf\u00f4nica de Betim","Sociedade Art\u00edstica Brasileira"],"articleSection":["Blog SABRA"],"inLanguage":"pt-BR"},{"@type":"WebPage","@id":"https:\/\/www.sabra.org.br\/site\/musica-e-aliada-no-tratamento-de-criancas-e-jovens-com-deficit-de-atencao-tdah\/","url":"https:\/\/www.sabra.org.br\/site\/musica-e-aliada-no-tratamento-de-criancas-e-jovens-com-deficit-de-atencao-tdah\/","name":"M\u00daSICA E D\u00c9FICIT DE ATEN\u00c7\u00c3O - SABRA - Sociedade Art\u00edstica Brasileira","isPartOf":{"@id":"https:\/\/www.sabra.org.br\/site\/#website"},"primaryImageOfPage":{"@id":"https:\/\/www.sabra.org.br\/site\/musica-e-aliada-no-tratamento-de-criancas-e-jovens-com-deficit-de-atencao-tdah\/#primaryimage"},"image":{"@id":"https:\/\/www.sabra.org.br\/site\/musica-e-aliada-no-tratamento-de-criancas-e-jovens-com-deficit-de-atencao-tdah\/#primaryimage"},"thumbnailUrl":"https:\/\/www.sabra.org.br\/site\/wp-content\/uploads\/2017\/11\/musica-e-aliada-no-tratamento-de-criancas-e-jovens-com-deficit-de-atencao-tdah-20171027165936.jpg.jpg","datePublished":"2017-11-18T12:31:28+00:00","dateModified":"2025-04-20T22:13:23+00:00","description":"A m\u00fasica tem sido cada vez mais utilizada para auxiliar o tratamento de crian\u00e7as e jovens com D\u00e9ficit de Aten\u00e7\u00e3o. Cantar, ouvir m\u00fasica e tocar instrumentos.","breadcrumb":{"@id":"https:\/\/www.sabra.org.br\/site\/musica-e-aliada-no-tratamento-de-criancas-e-jovens-com-deficit-de-atencao-tdah\/#breadcrumb"},"inLanguage":"pt-BR","potentialAction":[{"@type":"ReadAction","target":["https:\/\/www.sabra.org.br\/site\/musica-e-aliada-no-tratamento-de-criancas-e-jovens-com-deficit-de-atencao-tdah\/"]}]},{"@type":"ImageObject","inLanguage":"pt-BR","@id":"https:\/\/www.sabra.org.br\/site\/musica-e-aliada-no-tratamento-de-criancas-e-jovens-com-deficit-de-atencao-tdah\/#primaryimage","url":"https:\/\/www.sabra.org.br\/site\/wp-content\/uploads\/2017\/11\/musica-e-aliada-no-tratamento-de-criancas-e-jovens-com-deficit-de-atencao-tdah-20171027165936.jpg.jpg","contentUrl":"https:\/\/www.sabra.org.br\/site\/wp-content\/uploads\/2017\/11\/musica-e-aliada-no-tratamento-de-criancas-e-jovens-com-deficit-de-atencao-tdah-20171027165936.jpg.jpg","width":724,"height":483,"caption":"M\u00e1rcio Miranda Pontes"},{"@type":"BreadcrumbList","@id":"https:\/\/www.sabra.org.br\/site\/musica-e-aliada-no-tratamento-de-criancas-e-jovens-com-deficit-de-atencao-tdah\/#breadcrumb","itemListElement":[{"@type":"ListItem","position":1,"name":"In\u00edcio","item":"https:\/\/www.sabra.org.br\/site\/"},{"@type":"ListItem","position":2,"name":"M\u00daSICA E D\u00c9FICIT DE ATEN\u00c7\u00c3O"}]},{"@type":"WebSite","@id":"https:\/\/www.sabra.org.br\/site\/#website","url":"https:\/\/www.sabra.org.br\/site\/","name":"SABRA - Sociedade Art\u00edstica Brasileira","description":"Escola de M\u00fasica, Orquestra Sinf\u00f4nica, Coral e Patrim\u00f4nio Cultural e Hist\u00f3rico","publisher":{"@id":"https:\/\/www.sabra.org.br\/site\/#organization"},"potentialAction":[{"@type":"SearchAction","target":{"@type":"EntryPoint","urlTemplate":"https:\/\/www.sabra.org.br\/site\/?s={search_term_string}"},"query-input":{"@type":"PropertyValueSpecification","valueRequired":true,"valueName":"search_term_string"}}],"inLanguage":"pt-BR"},{"@type":"Organization","@id":"https:\/\/www.sabra.org.br\/site\/#organization","name":"SOCIEDADE ART\u00cdSTICA BRASILEIRA SABRA","alternateName":"SABRA","url":"https:\/\/www.sabra.org.br\/site\/","logo":{"@type":"ImageObject","inLanguage":"pt-BR","@id":"https:\/\/www.sabra.org.br\/site\/#\/schema\/logo\/image\/","url":"https:\/\/www.sabra.org.br\/site\/wp-content\/uploads\/2019\/06\/cropped-Logo_SABRA-Copia-1.webp","contentUrl":"https:\/\/www.sabra.org.br\/site\/wp-content\/uploads\/2019\/06\/cropped-Logo_SABRA-Copia-1.webp","width":400,"height":128,"caption":"SOCIEDADE ART\u00cdSTICA BRASILEIRA SABRA"},"image":{"@id":"https:\/\/www.sabra.org.br\/site\/#\/schema\/logo\/image\/"},"sameAs":["https:\/\/www.facebook.com\/sabrabrasil","https:\/\/x.com\/ContatoSabra","https:\/\/www.instagram.com\/sabrabrasil\/","https:\/\/www.linkedin.com\/company\/25002088\/","https:\/\/br.pinterest.com\/sociedadeartisticabrasileira\/","https:\/\/www.youtube.com\/c\/sabrabrasil"]},{"@type":"Person","@id":"https:\/\/www.sabra.org.br\/site\/#\/schema\/person\/7d1d222c3c8891d4c37c7b41bf6315c2","name":"M\u00e1rcio Miranda Pontes","image":{"@type":"ImageObject","inLanguage":"pt-BR","@id":"https:\/\/secure.gravatar.com\/avatar\/3b45f24496a7625a3a6c436688fbe20344faaeb2979658dc4a9921f984d7df9a?s=96&d=mm&r=g","url":"https:\/\/secure.gravatar.com\/avatar\/3b45f24496a7625a3a6c436688fbe20344faaeb2979658dc4a9921f984d7df9a?s=96&d=mm&r=g","contentUrl":"https:\/\/secure.gravatar.com\/avatar\/3b45f24496a7625a3a6c436688fbe20344faaeb2979658dc4a9921f984d7df9a?s=96&d=mm&r=g","caption":"M\u00e1rcio Miranda Pontes"},"sameAs":["http:\/\/www.sabra.org.br"],"url":"https:\/\/www.sabra.org.br\/site\/author\/marcio-miranda-pontes\/"}]}},"jetpack_featured_media_url":"https:\/\/www.sabra.org.br\/site\/wp-content\/uploads\/2017\/11\/musica-e-aliada-no-tratamento-de-criancas-e-jovens-com-deficit-de-atencao-tdah-20171027165936.jpg.jpg","jetpack_shortlink":"https:\/\/wp.me\/p95j2Z-db","jetpack-related-posts":[{"id":13470,"url":"https:\/\/www.sabra.org.br\/site\/musica-e-tdah\/","url_meta":{"origin":817,"position":0},"title":"Benef\u00edcios que a m\u00fasica traz para as crian\u00e7as e jovens com D\u00e9ficit de Aten\u00e7\u00e3o","author":"M\u00e1rcio Miranda Pontes","date":"17 de maio de 2025","format":false,"excerpt":"Saiba como investir em m\u00fasica pode ser ben\u00e9fico para crian\u00e7as com TDAH e melhorar a aten\u00e7\u00e3o e a impulsividade.","rel":"","context":"Em &quot;Blog SABRA&quot;","block_context":{"text":"Blog SABRA","link":"https:\/\/www.sabra.org.br\/site\/category\/blog-sabra\/"},"img":{"alt_text":"","src":"","width":0,"height":0},"classes":[]},{"id":6972,"url":"https:\/\/www.sabra.org.br\/site\/musicograma\/","url_meta":{"origin":817,"position":1},"title":"Saiba o que \u00e9 musicograma e como fazer","author":"M\u00e1rcio Miranda Pontes","date":"24 de abril de 2023","format":false,"excerpt":"O musicograma \u00e9 uma ferramenta que utiliza o princ\u00edpio da aten\u00e7\u00e3o, al\u00e9m de outros elementos, inclusive visuais, para aprender uma can\u00e7\u00e3o. Essa proposta pedag\u00f3gico-musical \u00e9 muito utilizada na musicaliza\u00e7\u00e3o infantil. Hoje vamos falar um pouco mais dessa ferramenta e como voc\u00ea pode utilizar.","rel":"","context":"Em &quot;Blog SABRA&quot;","block_context":{"text":"Blog SABRA","link":"https:\/\/www.sabra.org.br\/site\/category\/blog-sabra\/"},"img":{"alt_text":"musicograma-m\u00fasica-utiliza-alunos","src":"https:\/\/i0.wp.com\/www.sabra.org.br\/site\/wp-content\/uploads\/2023\/04\/saiba-o-que-e-musicograma-e-como-fazerjpg-20221124141249.jpg.jpg?resize=350%2C200&ssl=1","width":350,"height":200,"srcset":"https:\/\/i0.wp.com\/www.sabra.org.br\/site\/wp-content\/uploads\/2023\/04\/saiba-o-que-e-musicograma-e-como-fazerjpg-20221124141249.jpg.jpg?resize=350%2C200&ssl=1 1x, https:\/\/i0.wp.com\/www.sabra.org.br\/site\/wp-content\/uploads\/2023\/04\/saiba-o-que-e-musicograma-e-como-fazerjpg-20221124141249.jpg.jpg?resize=525%2C300&ssl=1 1.5x"},"classes":[]},{"id":5859,"url":"https:\/\/www.sabra.org.br\/site\/musicoterapia-tratamento\/","url_meta":{"origin":817,"position":2},"title":"Como a musicoterapia auxilia no tratamento de doen\u00e7as?","author":"M\u00e1rcio Miranda Pontes","date":"13 de setembro de 2022","format":false,"excerpt":"Voc\u00ea j\u00e1 ouviu falar em musicoterapia? Al\u00e9m de auxiliar com as dores f\u00edsicas, esse tipo de terapia \u00e9 capaz de ajudar quem passa por quest\u00f5es psicol\u00f3gicas, tornando-se uma aliada no enfrentamento das mais variadas doen\u00e7as. Vamos descobrir mais sobre o assunto?","rel":"","context":"Em &quot;Blog SABRA&quot;","block_context":{"text":"Blog SABRA","link":"https:\/\/www.sabra.org.br\/site\/category\/blog-sabra\/"},"img":{"alt_text":"musicoterapia-musica-tratamento-paciente","src":"https:\/\/i0.wp.com\/www.sabra.org.br\/site\/wp-content\/uploads\/2022\/09\/como-a-musicoterapia-auxilia-no-tratamento-de-doencas-20220623120204.jpg.jpg?resize=350%2C200&ssl=1","width":350,"height":200,"srcset":"https:\/\/i0.wp.com\/www.sabra.org.br\/site\/wp-content\/uploads\/2022\/09\/como-a-musicoterapia-auxilia-no-tratamento-de-doencas-20220623120204.jpg.jpg?resize=350%2C200&ssl=1 1x, https:\/\/i0.wp.com\/www.sabra.org.br\/site\/wp-content\/uploads\/2022\/09\/como-a-musicoterapia-auxilia-no-tratamento-de-doencas-20220623120204.jpg.jpg?resize=525%2C300&ssl=1 1.5x, https:\/\/i0.wp.com\/www.sabra.org.br\/site\/wp-content\/uploads\/2022\/09\/como-a-musicoterapia-auxilia-no-tratamento-de-doencas-20220623120204.jpg.jpg?resize=700%2C400&ssl=1 2x"},"classes":[]},{"id":13140,"url":"https:\/\/www.sabra.org.br\/site\/saiba-como-os-projetos-sociais-conseguem-mobilizar-as-criancas-e-jovens\/","url_meta":{"origin":817,"position":3},"title":"Saiba como os projetos sociais conseguem mobilizar as crian\u00e7as e jovens","author":"","date":"22 de agosto de 2025","format":false,"excerpt":"Projetos sociais patrocinados pelo terceiro setor s\u00e3o essenciais, visto que chegam \u00e0s pessoas cujas necessidades b\u00e1sicas n\u00e3o s\u00e3o atendidas pelo Estado. Neste texto, destacaremos a import\u00e2ncia de projetos sociais que, educando, transformam crian\u00e7as e jovens em cidad\u00e3os mais conscientes e politicamente atuantes. Continue lendo! A import\u00e2ncia dos projetos sociais Por\u2026","rel":"","context":"Em &quot;Blog SABRA&quot;","block_context":{"text":"Blog SABRA","link":"https:\/\/www.sabra.org.br\/site\/category\/blog-sabra\/"},"img":{"alt_text":"","src":"","width":0,"height":0},"classes":[]},{"id":4036,"url":"https:\/\/www.sabra.org.br\/site\/desenvolvimento-cerebro\/","url_meta":{"origin":817,"position":4},"title":"A m\u00fasica ajuda no desenvolvimento do c\u00e9rebro?","author":"M\u00e1rcio Miranda Pontes","date":"20 de julho de 2021","format":false,"excerpt":"A m\u00fasica ajuda no desenvolvimento do c\u00e9rebro? Voc\u00ea sabia que a m\u00fasica ajuda, e muito, no desenvolvimento do c\u00e9rebro? Entenda por que o est\u00edmulo aos sons e aos instrumentos \u00e9 fundamental para as crian\u00e7as em idade de forma\u00e7\u00e3o.","rel":"","context":"Em &quot;Blog SABRA&quot;","block_context":{"text":"Blog SABRA","link":"https:\/\/www.sabra.org.br\/site\/category\/blog-sabra\/"},"img":{"alt_text":"c\u00e9rebro-desenvolvimento-m\u00fasica","src":"https:\/\/i0.wp.com\/www.sabra.org.br\/site\/wp-content\/uploads\/2021\/07\/a-musica-ajuda-no-desenvolvimento-do-cerebro-20210311095559.jpg.jpg?resize=350%2C200&ssl=1","width":350,"height":200,"srcset":"https:\/\/i0.wp.com\/www.sabra.org.br\/site\/wp-content\/uploads\/2021\/07\/a-musica-ajuda-no-desenvolvimento-do-cerebro-20210311095559.jpg.jpg?resize=350%2C200&ssl=1 1x, https:\/\/i0.wp.com\/www.sabra.org.br\/site\/wp-content\/uploads\/2021\/07\/a-musica-ajuda-no-desenvolvimento-do-cerebro-20210311095559.jpg.jpg?resize=525%2C300&ssl=1 1.5x, https:\/\/i0.wp.com\/www.sabra.org.br\/site\/wp-content\/uploads\/2021\/07\/a-musica-ajuda-no-desenvolvimento-do-cerebro-20210311095559.jpg.jpg?resize=700%2C400&ssl=1 2x"},"classes":[]},{"id":13183,"url":"https:\/\/www.sabra.org.br\/site\/os-beneficios-que-a-musica-traz-para-as-criancas-autistas\/","url_meta":{"origin":817,"position":5},"title":"Os benef\u00edcios que a m\u00fasica traz para as crian\u00e7as autistas","author":"","date":"22 de agosto de 2025","format":false,"excerpt":"A m\u00fasica pode ser utilizada em diferentes contextos e para diferentes prop\u00f3sitos. J\u00e1 foi comprovado que o uso da m\u00fasica em disciplinas tradicionais como ci\u00eancias, artes e matem\u00e1tica facilita o aprendizado, tornando-o l\u00fadico, al\u00e9m de fazer com que as aulas fiquem mais interessantes para os alunos, especialmente na educa\u00e7\u00e3o b\u00e1sica.\u2026","rel":"","context":"Em &quot;Blog SABRA&quot;","block_context":{"text":"Blog SABRA","link":"https:\/\/www.sabra.org.br\/site\/category\/blog-sabra\/"},"img":{"alt_text":"","src":"","width":0,"height":0},"classes":[]}],"jetpack_likes_enabled":true,"jetpack_sharing_enabled":true,"_links":{"self":[{"href":"https:\/\/www.sabra.org.br\/site\/wp-json\/wp\/v2\/posts\/817","targetHints":{"allow":["GET"]}}],"collection":[{"href":"https:\/\/www.sabra.org.br\/site\/wp-json\/wp\/v2\/posts"}],"about":[{"href":"https:\/\/www.sabra.org.br\/site\/wp-json\/wp\/v2\/types\/post"}],"author":[{"embeddable":true,"href":"https:\/\/www.sabra.org.br\/site\/wp-json\/wp\/v2\/users\/39"}],"replies":[{"embeddable":true,"href":"https:\/\/www.sabra.org.br\/site\/wp-json\/wp\/v2\/comments?post=817"}],"version-history":[{"count":0,"href":"https:\/\/www.sabra.org.br\/site\/wp-json\/wp\/v2\/posts\/817\/revisions"}],"wp:featuredmedia":[{"embeddable":true,"href":"https:\/\/www.sabra.org.br\/site\/wp-json\/wp\/v2\/media\/818"}],"wp:attachment":[{"href":"https:\/\/www.sabra.org.br\/site\/wp-json\/wp\/v2\/media?parent=817"}],"wp:term":[{"taxonomy":"category","embeddable":true,"href":"https:\/\/www.sabra.org.br\/site\/wp-json\/wp\/v2\/categories?post=817"},{"taxonomy":"post_tag","embeddable":true,"href":"https:\/\/www.sabra.org.br\/site\/wp-json\/wp\/v2\/tags?post=817"}],"curies":[{"name":"wp","href":"https:\/\/api.w.org\/{rel}","templated":true}]}}