{"id":822,"date":"2017-11-18T11:28:59","date_gmt":"2017-11-18T13:28:59","guid":{"rendered":"http:\/\/www.sabra.org.br\/site\/?p=822"},"modified":"2025-04-20T19:13:23","modified_gmt":"2025-04-20T22:13:23","slug":"concertos-com-a-orquestra-sinfonica-de-betim-ccbb-bh-novembro-2017","status":"publish","type":"post","link":"https:\/\/www.sabra.org.br\/site\/concertos-com-a-orquestra-sinfonica-de-betim-ccbb-bh-novembro-2017\/","title":{"rendered":"Concertos com a Orquestra Sinf\u00f4nica de Betim &#8211; CCBB-BH &#8211; novembro 2017"},"content":{"rendered":"<p>Na primeira apresenta\u00e7\u00e3o da s\u00e9rie de concertos, a Orquestra acompanhada de 4 jovens solistas executa obras de compositores como Stamitz, Haydn, Koussevitzky e Tchaikovsky.<\/p>\n<p>Sob a reg\u00eancia de M\u00e1rcio Miranda Pontes, a s\u00e9rie Concertos com a Orquestra Sinf\u00f4nica de Betim realiza em Belo Horizonte a primeira apresenta\u00e7\u00e3o no dia 29 de novembro, quarta-feira, \u00e0s 20 horas. Nesta edi\u00e7\u00e3o, o palco do Centro Cultural Banco do Brasil (CCBB) ir\u00e1 vibrar com obras de compositores famosos e com a participa\u00e7\u00e3o especial de quatro jovens solistas. Os projetos culturais t\u00eam patroc\u00ednio do Instituto Unimed-BH, viabilizado pelo incentivo de m\u00e9dicos cooperados e colaboradores por meio da Lei Federal de Incentivo a Cultura.<\/p>\n<p>O repert\u00f3rio inclui cl\u00e1ssicos como o Concerto para Viola (1\u00ba mov) de Stamitz, o Concerto para Trompete (1\u00ba mov) e Concerto para Obo\u00e9 (completo) do austr\u00edaco Haydn, o Concerto para Contrabaixo (3\u00ba mov) do russo Koussevitzky e Capriccio Italiano de Tchaikovsky. O concerto conta com a participa\u00e7\u00e3o especial dos jovens solistas: Alfredo Ribeiro &#8211; Contrabaixo, Daniel Amaral &#8211; Viola, Renzo Costa &#8211; Trompete e Rosana Guedes &#8211; Obo\u00e9.<\/p>\n<p>Ao todo, 74 instrumentistas com forma\u00e7\u00e3o sinf\u00f4nica completa (naipes das cordas, madeiras, metais e percuss\u00e3o) ser\u00e3o acompanhados por quatro solistas com idade entre 20 e 28 anos, que participam dos projetos de forma\u00e7\u00e3o t\u00e9cnica e art\u00edstica da Sociedade Art\u00edstica Brasileira (SABRA), institui\u00e7\u00e3o que mant\u00e9m a Orquestra Sinf\u00f4nica de Betim.<\/p>\n<p>Para esses jovens estudantes de m\u00fasica, a oportunidade de tocar ao lado de uma Orquestra \u00e9 rara, uma vez que nas escolas de m\u00fasica os solistas costumam praticar com o acompanhamento do piano.<\/p>\n<p>Os Concertos com a Orquestra Sinf\u00f4nica de Betim fazem parte das iniciativas da SABRA para proporcionar maior inclus\u00e3o social e disponibilizar capacita\u00e7\u00e3o, acesso e integra\u00e7\u00e3o ao mundo do trabalho para jovens m\u00fasicos. Al\u00e9m disso, a Institui\u00e7\u00e3o tamb\u00e9m atua para estimular a democratiza\u00e7\u00e3o e a populariza\u00e7\u00e3o da m\u00fasica erudita, uma vez que este tipo de obra cultural \u00e9 muito rica mas pouco acess\u00edvel para a maioria da popula\u00e7\u00e3o brasileira.<\/p>\n<p>&nbsp;<\/p>\n<h3>Sobre a SABRA<\/h3>\n<p>A <a href=\"https:\/\/www.sabra.org.br\/site\/sabra\/\" target=\"_blank\" rel=\"noopener\">Sociedade Art\u00edstica Brasileira<\/a> (SABRA) \u00e9 uma associa\u00e7\u00e3o civil, sem fins lucrativos, fundada em 2013, em Belo Horizonte tendo sua sede atualmente em Betim, Minas Gerais. A organiza\u00e7\u00e3o realiza diversas a\u00e7\u00f5es, como a edi\u00e7\u00e3o de manuscritos musicais antigos, e mant\u00e9m a Orquestra Sinf\u00f4nica de Betim, a Oficina Musical de Betim (que \u00e9 uma escola de m\u00fasica), o Coro e Orquestra de C\u00e2mara Lobo de Mesquita e grupos de corais adultos e infantis tanto em Belo Horizonte quanto em Betim. Atua no ensino e na profissionaliza\u00e7\u00e3o da m\u00fasica sinf\u00f4nica, de c\u00e2mara e coral, focando suas atividades principalmente em crian\u00e7as, adolescentes e jovens de maior vulnerabilidade social \u2013 apesar de haver tamb\u00e9m turmas adultas.<br \/>\nA institui\u00e7\u00e3o possui projeto registrado no Conselho Municipal de Assist\u00eancia Social de Betim e \u00e9 mantida por meio de doa\u00e7\u00f5es e patroc\u00ednios, que auxiliam na inclus\u00e3o social gratuita e continuada por meio de a\u00e7\u00f5es de prote\u00e7\u00e3o, inclus\u00e3o e integra\u00e7\u00e3o social dos alunos e participantes.<\/p>\n<p>Sobre a Orquestra Sinf\u00f4nica de Betim<br \/>\nA Orquestra Sinf\u00f4nica de Betim \u00e9 um projeto da SABRA que surgiu em 2014 como uma Orquestra de C\u00e2mara, composta somente por instrumentos da fam\u00edlia das cordas. No ano seguinte, a forma\u00e7\u00e3o sinf\u00f4nica teve in\u00edcio com a abertura de vagas para os outros naipes.<br \/>\nO projeto beneficia 74 jovens m\u00fasicos e estimula a profissionaliza\u00e7\u00e3o deles por meio de bolsas de incentivo e da forma\u00e7\u00e3o t\u00e9cnica e art\u00edstica. Desde a sua funda\u00e7\u00e3o, a Orquestra j\u00e1 empreendeu centenas de concertos e atingiu mais de 60 mil pessoas, entre p\u00fablico e artistas.<\/p>\n<h3>Instituto Unimed-BH<\/h3>\n<p>Associa\u00e7\u00e3o sem fins lucrativos, o Instituto Unimed-BH foi criado em 2003 com a miss\u00e3o de conduzir o programa de Responsabilidade Social Cooperativista da Unimed-BH. Os projetos desenvolvidos t\u00eam na sa\u00fade sua \u00e1rea priorit\u00e1ria, mas mant\u00eam interface com outros campos por meio de cinco linhas de a\u00e7\u00e3o: Comunidade, Meio ambiente, Voluntariado, Ado\u00e7\u00e3o de espa\u00e7os p\u00fablicos e Cultura.<br \/>\nEm 2016, mais de 1,4 milh\u00e3o de pessoas foram beneficiadas, direta e indiretamente, pelo Programa Cultural Unimed-BH. Mais de 4,5 mil m\u00e9dicos cooperados e colaboradores viabilizam este Programa ao escolher destinar parte do seu Imposto de Renda para o fomento de projetos socioculturais. A cada ano, as atividades conquistam aprova\u00e7\u00e3o e confian\u00e7a, ampliando-se as ades\u00f5es.<\/p>\n<p>&nbsp;<\/p>\n<h3>Minist\u00e9rio da Cultura, Instituto Unimed-BH e SABRA apresentam a s\u00e9rie:<\/h3>\n<p>Concertos com a Orquestra Sinf\u00f4nica de Betim no CCBB-BH<br \/>\nData: 29 de novembro, quarta-feira<br \/>\nHor\u00e1rio: 20 horas<br \/>\nReg\u00eancia: M\u00e1rcio Miranda Pontes<br \/>\nParticipa\u00e7\u00e3o especial dos solistas: Alfredo Ribeiro &#8211; Contrabaixo | Daniel Amaral &#8211; Viola | Renzo Costa &#8211; Trompete | Rosana Guedes &#8211; Obo\u00e9<br \/>\nPrograma: Stamitz, Haydn, Koussevitzky e Tchaikovsky<br \/>\nLocal: Centro Cultural Banco do Brasil &#8211; Pra\u00e7a da Liberdade, 450 &#8211; Funcion\u00e1rios, Belo Horizonte &#8211; MG<br \/>\nTelefone: (31) 3431-9400<br \/>\nValor dos ingressos: R$ 20,00 (inteira) e R$ 10,00 (meia)<\/p>\n<blockquote class=\"wp-embedded-content\" data-secret=\"7t8gREcrd1\"><p><a href=\"https:\/\/www.sabra.org.br\/site\/textos-fundamentais\/\">Textos fundamentais<\/a><\/p><\/blockquote>\n<p><iframe class=\"wp-embedded-content\" sandbox=\"allow-scripts\" security=\"restricted\" style=\"position: absolute; visibility: hidden;\" title=\"&#8220;Textos fundamentais&#8221; &#8212; SABRA - Sociedade Art\u00edstica Brasileira\" src=\"https:\/\/www.sabra.org.br\/site\/textos-fundamentais\/embed\/#?secret=1XFsk5BX3b#?secret=7t8gREcrd1\" data-secret=\"7t8gREcrd1\" width=\"600\" height=\"338\" frameborder=\"0\" marginwidth=\"0\" marginheight=\"0\" scrolling=\"no\"><\/iframe><\/p>\n<hr \/>\n<h2>Se voc\u00ea gostou deste post:<\/h2>\n<p>&#8211; SIGA as nossas p\u00e1ginas nas redes sociais para acompanhar as nossas atualiza\u00e7\u00f5es: estamos no <a href=\"https:\/\/www.facebook.com\/sabrabrasil\" target=\"_blank\" rel=\"noopener\">Facebook<\/a>, no <a href=\"https:\/\/www.instagram.com\/sabrabrasil\/\" target=\"_blank\" rel=\"noopener\">Instagram<\/a>, no <a href=\"https:\/\/www.linkedin.com\/company\/25002088\" target=\"_blank\" rel=\"noopener\">LinkedIn<\/a>, no <a href=\"https:\/\/x.com\/ContatoSabra\" target=\"_blank\" rel=\"noopener\">X<\/a> e no <a href=\"https:\/\/www.youtube.com\/channel\/UCJw-kbuEvzUNdeQf20Pa-eQ\" target=\"_blank\" rel=\"noopener\">YouTube<\/a>!<\/p>\n<p>&#8211; CONHE\u00c7A o trabalho da Sociedade Art\u00edstica Brasileira (SABRA) e todas as iniciativas culturais e sociais que ela mant\u00e9m. <a href=\"https:\/\/www.sabra.org.br\/site\/acoes\/\" target=\"_blank\" rel=\"noopener\">Acesse nosso site!<\/a><\/p>\n<p>&#8211; ENTRE EM CONTATO com a gente. E veja quais s\u00e3o as op\u00e7\u00f5es de ajuda na manuten\u00e7\u00e3o de nossas a\u00e7\u00f5es sociais e culturais. Basta acessar nossa p\u00e1gina <a href=\"https:\/\/www.sabra.org.br\/site\/doe-agora\/\" target=\"_blank\" rel=\"noopener\">Doe Agora!<\/a><\/p>\n<p>&#8211; COMPARTILHE este texto nas suas redes sociais e ajude os seus amigos a tamb\u00e9m dominarem o assunto!<\/p>\n<p>\u2013   Os projetos da @sabrabrasil s\u00e3o realizados com o patroci\u0301nio m\u00e1ster: @institutounimedbh, viabilizado pelo incentivo de mais de 5,7 mil m\u00e9dicos cooperados e colaboradores via Lei de Incentivo \u00e0 Cultura &#8211; @culturagovbr<\/p>\n","protected":false},"excerpt":{"rendered":"<p>Na primeira apresenta\u00e7\u00e3o da s\u00e9rie de concertos, a Orquestra acompanhada de 4 jovens solistas executa obras de compositores como Stamitz, Haydn, Koussevitzky e Tchaikovsky. Sob&hellip;<\/p>\n","protected":false},"author":39,"featured_media":823,"comment_status":"open","ping_status":"open","sticky":false,"template":"","format":"standard","meta":{"jetpack_post_was_ever_published":false,"_jetpack_newsletter_access":"","_jetpack_dont_email_post_to_subs":false,"_jetpack_newsletter_tier_id":0,"_jetpack_memberships_contains_paywalled_content":false,"_jetpack_memberships_contains_paid_content":false,"footnotes":""},"categories":[4],"tags":[15,8,16,12,11,9],"class_list":["post-822","post","type-post","status-publish","format-standard","has-post-thumbnail","hentry","category-noticias","tag-assistencia-social","tag-canto-coral","tag-musicalizacao-infantil","tag-oficina-musical-sabra","tag-orquestra-sinfonica-de-betim","tag-sociedade-artistica-brasileira"],"yoast_head":"<!-- This site is optimized with the Yoast SEO plugin v27.5 - https:\/\/yoast.com\/product\/yoast-seo-wordpress\/ -->\n<title>Concertos com a Orquestra Sinf\u00f4nica de Betim - CCBB-BH - novembro 2017 - SABRA - Sociedade Art\u00edstica Brasileira<\/title>\n<meta name=\"description\" content=\"Na primeira apresenta\u00e7\u00e3o da s\u00e9rie de concertos, a Orquestra acompanhada de 4 jovens solistas executa obras de compositores como Stamitz, Haydn, Koussevitzky e Tchaikovsky.\" \/>\n<meta name=\"robots\" content=\"index, follow, max-snippet:-1, max-image-preview:large, max-video-preview:-1\" \/>\n<link rel=\"canonical\" href=\"https:\/\/www.sabra.org.br\/site\/concertos-com-a-orquestra-sinfonica-de-betim-ccbb-bh-novembro-2017\/\" \/>\n<meta property=\"og:locale\" content=\"pt_BR\" \/>\n<meta property=\"og:type\" content=\"article\" \/>\n<meta property=\"og:title\" content=\"Concertos com a Orquestra Sinf\u00f4nica de Betim - CCBB-BH - novembro 2017 - SABRA - Sociedade Art\u00edstica Brasileira\" \/>\n<meta property=\"og:description\" content=\"Na primeira apresenta\u00e7\u00e3o da s\u00e9rie de concertos, a Orquestra acompanhada de 4 jovens solistas executa obras de compositores como Stamitz, Haydn, Koussevitzky e Tchaikovsky.\" \/>\n<meta property=\"og:url\" content=\"https:\/\/www.sabra.org.br\/site\/concertos-com-a-orquestra-sinfonica-de-betim-ccbb-bh-novembro-2017\/\" \/>\n<meta property=\"og:site_name\" content=\"SABRA - Sociedade Art\u00edstica Brasileira\" \/>\n<meta property=\"article:publisher\" content=\"https:\/\/www.facebook.com\/sabrabrasil\" \/>\n<meta property=\"article:published_time\" content=\"2017-11-18T13:28:59+00:00\" \/>\n<meta property=\"article:modified_time\" content=\"2025-04-20T22:13:23+00:00\" \/>\n<meta property=\"og:image\" content=\"https:\/\/www.sabra.org.br\/site\/wp-content\/uploads\/2017\/11\/IMG_6263.jpg\" \/>\n\t<meta property=\"og:image:width\" content=\"2048\" \/>\n\t<meta property=\"og:image:height\" content=\"1378\" \/>\n\t<meta property=\"og:image:type\" content=\"image\/jpeg\" \/>\n<meta name=\"author\" content=\"M\u00e1rcio Miranda Pontes\" \/>\n<meta name=\"twitter:card\" content=\"summary_large_image\" \/>\n<meta name=\"twitter:creator\" content=\"@ContatoSabra\" \/>\n<meta name=\"twitter:site\" content=\"@ContatoSabra\" \/>\n<meta name=\"twitter:label1\" content=\"Escrito por\" \/>\n\t<meta name=\"twitter:data1\" content=\"M\u00e1rcio Miranda Pontes\" \/>\n\t<meta name=\"twitter:label2\" content=\"Est. tempo de leitura\" \/>\n\t<meta name=\"twitter:data2\" content=\"5 minutos\" \/>\n<script type=\"application\/ld+json\" class=\"yoast-schema-graph\">{\"@context\":\"https:\\\/\\\/schema.org\",\"@graph\":[{\"@type\":\"Article\",\"@id\":\"https:\\\/\\\/www.sabra.org.br\\\/site\\\/concertos-com-a-orquestra-sinfonica-de-betim-ccbb-bh-novembro-2017\\\/#article\",\"isPartOf\":{\"@id\":\"https:\\\/\\\/www.sabra.org.br\\\/site\\\/concertos-com-a-orquestra-sinfonica-de-betim-ccbb-bh-novembro-2017\\\/\"},\"author\":{\"name\":\"M\u00e1rcio Miranda Pontes\",\"@id\":\"https:\\\/\\\/www.sabra.org.br\\\/site\\\/#\\\/schema\\\/person\\\/7d1d222c3c8891d4c37c7b41bf6315c2\"},\"headline\":\"Concertos com a Orquestra Sinf\u00f4nica de Betim &#8211; CCBB-BH &#8211; novembro 2017\",\"datePublished\":\"2017-11-18T13:28:59+00:00\",\"dateModified\":\"2025-04-20T22:13:23+00:00\",\"mainEntityOfPage\":{\"@id\":\"https:\\\/\\\/www.sabra.org.br\\\/site\\\/concertos-com-a-orquestra-sinfonica-de-betim-ccbb-bh-novembro-2017\\\/\"},\"wordCount\":1018,\"commentCount\":0,\"publisher\":{\"@id\":\"https:\\\/\\\/www.sabra.org.br\\\/site\\\/#organization\"},\"image\":{\"@id\":\"https:\\\/\\\/www.sabra.org.br\\\/site\\\/concertos-com-a-orquestra-sinfonica-de-betim-ccbb-bh-novembro-2017\\\/#primaryimage\"},\"thumbnailUrl\":\"https:\\\/\\\/www.sabra.org.br\\\/site\\\/wp-content\\\/uploads\\\/2017\\\/11\\\/IMG_6263.jpg\",\"keywords\":[\"Assist\u00eancia social\",\"Canto Coral\",\"Musicaliza\u00e7\u00e3o Infantil\",\"Oficina Musical SABRA\",\"Orquestra Sinf\u00f4nica de Betim\",\"Sociedade Art\u00edstica Brasileira\"],\"articleSection\":[\"Not\u00edcias\"],\"inLanguage\":\"pt-BR\",\"potentialAction\":[{\"@type\":\"CommentAction\",\"name\":\"Comment\",\"target\":[\"https:\\\/\\\/www.sabra.org.br\\\/site\\\/concertos-com-a-orquestra-sinfonica-de-betim-ccbb-bh-novembro-2017\\\/#respond\"]}]},{\"@type\":\"WebPage\",\"@id\":\"https:\\\/\\\/www.sabra.org.br\\\/site\\\/concertos-com-a-orquestra-sinfonica-de-betim-ccbb-bh-novembro-2017\\\/\",\"url\":\"https:\\\/\\\/www.sabra.org.br\\\/site\\\/concertos-com-a-orquestra-sinfonica-de-betim-ccbb-bh-novembro-2017\\\/\",\"name\":\"Concertos com a Orquestra Sinf\u00f4nica de Betim - CCBB-BH - novembro 2017 - SABRA - Sociedade Art\u00edstica Brasileira\",\"isPartOf\":{\"@id\":\"https:\\\/\\\/www.sabra.org.br\\\/site\\\/#website\"},\"primaryImageOfPage\":{\"@id\":\"https:\\\/\\\/www.sabra.org.br\\\/site\\\/concertos-com-a-orquestra-sinfonica-de-betim-ccbb-bh-novembro-2017\\\/#primaryimage\"},\"image\":{\"@id\":\"https:\\\/\\\/www.sabra.org.br\\\/site\\\/concertos-com-a-orquestra-sinfonica-de-betim-ccbb-bh-novembro-2017\\\/#primaryimage\"},\"thumbnailUrl\":\"https:\\\/\\\/www.sabra.org.br\\\/site\\\/wp-content\\\/uploads\\\/2017\\\/11\\\/IMG_6263.jpg\",\"datePublished\":\"2017-11-18T13:28:59+00:00\",\"dateModified\":\"2025-04-20T22:13:23+00:00\",\"description\":\"Na primeira apresenta\u00e7\u00e3o da s\u00e9rie de concertos, a Orquestra acompanhada de 4 jovens solistas executa obras de compositores como Stamitz, Haydn, Koussevitzky e Tchaikovsky.\",\"breadcrumb\":{\"@id\":\"https:\\\/\\\/www.sabra.org.br\\\/site\\\/concertos-com-a-orquestra-sinfonica-de-betim-ccbb-bh-novembro-2017\\\/#breadcrumb\"},\"inLanguage\":\"pt-BR\",\"potentialAction\":[{\"@type\":\"ReadAction\",\"target\":[\"https:\\\/\\\/www.sabra.org.br\\\/site\\\/concertos-com-a-orquestra-sinfonica-de-betim-ccbb-bh-novembro-2017\\\/\"]}]},{\"@type\":\"ImageObject\",\"inLanguage\":\"pt-BR\",\"@id\":\"https:\\\/\\\/www.sabra.org.br\\\/site\\\/concertos-com-a-orquestra-sinfonica-de-betim-ccbb-bh-novembro-2017\\\/#primaryimage\",\"url\":\"https:\\\/\\\/www.sabra.org.br\\\/site\\\/wp-content\\\/uploads\\\/2017\\\/11\\\/IMG_6263.jpg\",\"contentUrl\":\"https:\\\/\\\/www.sabra.org.br\\\/site\\\/wp-content\\\/uploads\\\/2017\\\/11\\\/IMG_6263.jpg\",\"width\":2048,\"height\":1378,\"caption\":\"Rosana Guedes - Obo\u00e9 Orquestra Sinf\u00f4nica de Betim\"},{\"@type\":\"BreadcrumbList\",\"@id\":\"https:\\\/\\\/www.sabra.org.br\\\/site\\\/concertos-com-a-orquestra-sinfonica-de-betim-ccbb-bh-novembro-2017\\\/#breadcrumb\",\"itemListElement\":[{\"@type\":\"ListItem\",\"position\":1,\"name\":\"In\u00edcio\",\"item\":\"https:\\\/\\\/www.sabra.org.br\\\/site\\\/\"},{\"@type\":\"ListItem\",\"position\":2,\"name\":\"Concertos com a Orquestra Sinf\u00f4nica de Betim &#8211; CCBB-BH &#8211; novembro 2017\"}]},{\"@type\":\"WebSite\",\"@id\":\"https:\\\/\\\/www.sabra.org.br\\\/site\\\/#website\",\"url\":\"https:\\\/\\\/www.sabra.org.br\\\/site\\\/\",\"name\":\"SABRA - Sociedade Art\u00edstica Brasileira\",\"description\":\"Escola de M\u00fasica, Orquestra Sinf\u00f4nica, Coral e Patrim\u00f4nio Cultural e Hist\u00f3rico\",\"publisher\":{\"@id\":\"https:\\\/\\\/www.sabra.org.br\\\/site\\\/#organization\"},\"potentialAction\":[{\"@type\":\"SearchAction\",\"target\":{\"@type\":\"EntryPoint\",\"urlTemplate\":\"https:\\\/\\\/www.sabra.org.br\\\/site\\\/?s={search_term_string}\"},\"query-input\":{\"@type\":\"PropertyValueSpecification\",\"valueRequired\":true,\"valueName\":\"search_term_string\"}}],\"inLanguage\":\"pt-BR\"},{\"@type\":\"Organization\",\"@id\":\"https:\\\/\\\/www.sabra.org.br\\\/site\\\/#organization\",\"name\":\"SOCIEDADE ART\u00cdSTICA BRASILEIRA SABRA\",\"alternateName\":\"SABRA\",\"url\":\"https:\\\/\\\/www.sabra.org.br\\\/site\\\/\",\"logo\":{\"@type\":\"ImageObject\",\"inLanguage\":\"pt-BR\",\"@id\":\"https:\\\/\\\/www.sabra.org.br\\\/site\\\/#\\\/schema\\\/logo\\\/image\\\/\",\"url\":\"https:\\\/\\\/www.sabra.org.br\\\/site\\\/wp-content\\\/uploads\\\/2019\\\/06\\\/cropped-Logo_SABRA-Copia-1.webp\",\"contentUrl\":\"https:\\\/\\\/www.sabra.org.br\\\/site\\\/wp-content\\\/uploads\\\/2019\\\/06\\\/cropped-Logo_SABRA-Copia-1.webp\",\"width\":400,\"height\":128,\"caption\":\"SOCIEDADE ART\u00cdSTICA BRASILEIRA SABRA\"},\"image\":{\"@id\":\"https:\\\/\\\/www.sabra.org.br\\\/site\\\/#\\\/schema\\\/logo\\\/image\\\/\"},\"sameAs\":[\"https:\\\/\\\/www.facebook.com\\\/sabrabrasil\",\"https:\\\/\\\/x.com\\\/ContatoSabra\",\"https:\\\/\\\/www.instagram.com\\\/sabrabrasil\\\/\",\"https:\\\/\\\/www.linkedin.com\\\/company\\\/25002088\\\/\",\"https:\\\/\\\/br.pinterest.com\\\/sociedadeartisticabrasileira\\\/\",\"https:\\\/\\\/www.youtube.com\\\/c\\\/sabrabrasil\"]},{\"@type\":\"Person\",\"@id\":\"https:\\\/\\\/www.sabra.org.br\\\/site\\\/#\\\/schema\\\/person\\\/7d1d222c3c8891d4c37c7b41bf6315c2\",\"name\":\"M\u00e1rcio Miranda Pontes\",\"image\":{\"@type\":\"ImageObject\",\"inLanguage\":\"pt-BR\",\"@id\":\"https:\\\/\\\/secure.gravatar.com\\\/avatar\\\/3b45f24496a7625a3a6c436688fbe20344faaeb2979658dc4a9921f984d7df9a?s=96&d=mm&r=g\",\"url\":\"https:\\\/\\\/secure.gravatar.com\\\/avatar\\\/3b45f24496a7625a3a6c436688fbe20344faaeb2979658dc4a9921f984d7df9a?s=96&d=mm&r=g\",\"contentUrl\":\"https:\\\/\\\/secure.gravatar.com\\\/avatar\\\/3b45f24496a7625a3a6c436688fbe20344faaeb2979658dc4a9921f984d7df9a?s=96&d=mm&r=g\",\"caption\":\"M\u00e1rcio Miranda Pontes\"},\"sameAs\":[\"http:\\\/\\\/www.sabra.org.br\"],\"url\":\"https:\\\/\\\/www.sabra.org.br\\\/site\\\/author\\\/marcio-miranda-pontes\\\/\"}]}<\/script>\n<!-- \/ Yoast SEO plugin. -->","yoast_head_json":{"title":"Concertos com a Orquestra Sinf\u00f4nica de Betim - CCBB-BH - novembro 2017 - SABRA - Sociedade Art\u00edstica Brasileira","description":"Na primeira apresenta\u00e7\u00e3o da s\u00e9rie de concertos, a Orquestra acompanhada de 4 jovens solistas executa obras de compositores como Stamitz, Haydn, Koussevitzky e Tchaikovsky.","robots":{"index":"index","follow":"follow","max-snippet":"max-snippet:-1","max-image-preview":"max-image-preview:large","max-video-preview":"max-video-preview:-1"},"canonical":"https:\/\/www.sabra.org.br\/site\/concertos-com-a-orquestra-sinfonica-de-betim-ccbb-bh-novembro-2017\/","og_locale":"pt_BR","og_type":"article","og_title":"Concertos com a Orquestra Sinf\u00f4nica de Betim - CCBB-BH - novembro 2017 - SABRA - Sociedade Art\u00edstica Brasileira","og_description":"Na primeira apresenta\u00e7\u00e3o da s\u00e9rie de concertos, a Orquestra acompanhada de 4 jovens solistas executa obras de compositores como Stamitz, Haydn, Koussevitzky e Tchaikovsky.","og_url":"https:\/\/www.sabra.org.br\/site\/concertos-com-a-orquestra-sinfonica-de-betim-ccbb-bh-novembro-2017\/","og_site_name":"SABRA - Sociedade Art\u00edstica Brasileira","article_publisher":"https:\/\/www.facebook.com\/sabrabrasil","article_published_time":"2017-11-18T13:28:59+00:00","article_modified_time":"2025-04-20T22:13:23+00:00","og_image":[{"width":2048,"height":1378,"url":"https:\/\/www.sabra.org.br\/site\/wp-content\/uploads\/2017\/11\/IMG_6263.jpg","type":"image\/jpeg"}],"author":"M\u00e1rcio Miranda Pontes","twitter_card":"summary_large_image","twitter_creator":"@ContatoSabra","twitter_site":"@ContatoSabra","twitter_misc":{"Escrito por":"M\u00e1rcio Miranda Pontes","Est. tempo de leitura":"5 minutos"},"schema":{"@context":"https:\/\/schema.org","@graph":[{"@type":"Article","@id":"https:\/\/www.sabra.org.br\/site\/concertos-com-a-orquestra-sinfonica-de-betim-ccbb-bh-novembro-2017\/#article","isPartOf":{"@id":"https:\/\/www.sabra.org.br\/site\/concertos-com-a-orquestra-sinfonica-de-betim-ccbb-bh-novembro-2017\/"},"author":{"name":"M\u00e1rcio Miranda Pontes","@id":"https:\/\/www.sabra.org.br\/site\/#\/schema\/person\/7d1d222c3c8891d4c37c7b41bf6315c2"},"headline":"Concertos com a Orquestra Sinf\u00f4nica de Betim &#8211; CCBB-BH &#8211; novembro 2017","datePublished":"2017-11-18T13:28:59+00:00","dateModified":"2025-04-20T22:13:23+00:00","mainEntityOfPage":{"@id":"https:\/\/www.sabra.org.br\/site\/concertos-com-a-orquestra-sinfonica-de-betim-ccbb-bh-novembro-2017\/"},"wordCount":1018,"commentCount":0,"publisher":{"@id":"https:\/\/www.sabra.org.br\/site\/#organization"},"image":{"@id":"https:\/\/www.sabra.org.br\/site\/concertos-com-a-orquestra-sinfonica-de-betim-ccbb-bh-novembro-2017\/#primaryimage"},"thumbnailUrl":"https:\/\/www.sabra.org.br\/site\/wp-content\/uploads\/2017\/11\/IMG_6263.jpg","keywords":["Assist\u00eancia social","Canto Coral","Musicaliza\u00e7\u00e3o Infantil","Oficina Musical SABRA","Orquestra Sinf\u00f4nica de Betim","Sociedade Art\u00edstica Brasileira"],"articleSection":["Not\u00edcias"],"inLanguage":"pt-BR","potentialAction":[{"@type":"CommentAction","name":"Comment","target":["https:\/\/www.sabra.org.br\/site\/concertos-com-a-orquestra-sinfonica-de-betim-ccbb-bh-novembro-2017\/#respond"]}]},{"@type":"WebPage","@id":"https:\/\/www.sabra.org.br\/site\/concertos-com-a-orquestra-sinfonica-de-betim-ccbb-bh-novembro-2017\/","url":"https:\/\/www.sabra.org.br\/site\/concertos-com-a-orquestra-sinfonica-de-betim-ccbb-bh-novembro-2017\/","name":"Concertos com a Orquestra Sinf\u00f4nica de Betim - CCBB-BH - novembro 2017 - SABRA - Sociedade Art\u00edstica Brasileira","isPartOf":{"@id":"https:\/\/www.sabra.org.br\/site\/#website"},"primaryImageOfPage":{"@id":"https:\/\/www.sabra.org.br\/site\/concertos-com-a-orquestra-sinfonica-de-betim-ccbb-bh-novembro-2017\/#primaryimage"},"image":{"@id":"https:\/\/www.sabra.org.br\/site\/concertos-com-a-orquestra-sinfonica-de-betim-ccbb-bh-novembro-2017\/#primaryimage"},"thumbnailUrl":"https:\/\/www.sabra.org.br\/site\/wp-content\/uploads\/2017\/11\/IMG_6263.jpg","datePublished":"2017-11-18T13:28:59+00:00","dateModified":"2025-04-20T22:13:23+00:00","description":"Na primeira apresenta\u00e7\u00e3o da s\u00e9rie de concertos, a Orquestra acompanhada de 4 jovens solistas executa obras de compositores como Stamitz, Haydn, Koussevitzky e Tchaikovsky.","breadcrumb":{"@id":"https:\/\/www.sabra.org.br\/site\/concertos-com-a-orquestra-sinfonica-de-betim-ccbb-bh-novembro-2017\/#breadcrumb"},"inLanguage":"pt-BR","potentialAction":[{"@type":"ReadAction","target":["https:\/\/www.sabra.org.br\/site\/concertos-com-a-orquestra-sinfonica-de-betim-ccbb-bh-novembro-2017\/"]}]},{"@type":"ImageObject","inLanguage":"pt-BR","@id":"https:\/\/www.sabra.org.br\/site\/concertos-com-a-orquestra-sinfonica-de-betim-ccbb-bh-novembro-2017\/#primaryimage","url":"https:\/\/www.sabra.org.br\/site\/wp-content\/uploads\/2017\/11\/IMG_6263.jpg","contentUrl":"https:\/\/www.sabra.org.br\/site\/wp-content\/uploads\/2017\/11\/IMG_6263.jpg","width":2048,"height":1378,"caption":"Rosana Guedes - Obo\u00e9 Orquestra Sinf\u00f4nica de Betim"},{"@type":"BreadcrumbList","@id":"https:\/\/www.sabra.org.br\/site\/concertos-com-a-orquestra-sinfonica-de-betim-ccbb-bh-novembro-2017\/#breadcrumb","itemListElement":[{"@type":"ListItem","position":1,"name":"In\u00edcio","item":"https:\/\/www.sabra.org.br\/site\/"},{"@type":"ListItem","position":2,"name":"Concertos com a Orquestra Sinf\u00f4nica de Betim &#8211; CCBB-BH &#8211; novembro 2017"}]},{"@type":"WebSite","@id":"https:\/\/www.sabra.org.br\/site\/#website","url":"https:\/\/www.sabra.org.br\/site\/","name":"SABRA - Sociedade Art\u00edstica Brasileira","description":"Escola de M\u00fasica, Orquestra Sinf\u00f4nica, Coral e Patrim\u00f4nio Cultural e Hist\u00f3rico","publisher":{"@id":"https:\/\/www.sabra.org.br\/site\/#organization"},"potentialAction":[{"@type":"SearchAction","target":{"@type":"EntryPoint","urlTemplate":"https:\/\/www.sabra.org.br\/site\/?s={search_term_string}"},"query-input":{"@type":"PropertyValueSpecification","valueRequired":true,"valueName":"search_term_string"}}],"inLanguage":"pt-BR"},{"@type":"Organization","@id":"https:\/\/www.sabra.org.br\/site\/#organization","name":"SOCIEDADE ART\u00cdSTICA BRASILEIRA SABRA","alternateName":"SABRA","url":"https:\/\/www.sabra.org.br\/site\/","logo":{"@type":"ImageObject","inLanguage":"pt-BR","@id":"https:\/\/www.sabra.org.br\/site\/#\/schema\/logo\/image\/","url":"https:\/\/www.sabra.org.br\/site\/wp-content\/uploads\/2019\/06\/cropped-Logo_SABRA-Copia-1.webp","contentUrl":"https:\/\/www.sabra.org.br\/site\/wp-content\/uploads\/2019\/06\/cropped-Logo_SABRA-Copia-1.webp","width":400,"height":128,"caption":"SOCIEDADE ART\u00cdSTICA BRASILEIRA SABRA"},"image":{"@id":"https:\/\/www.sabra.org.br\/site\/#\/schema\/logo\/image\/"},"sameAs":["https:\/\/www.facebook.com\/sabrabrasil","https:\/\/x.com\/ContatoSabra","https:\/\/www.instagram.com\/sabrabrasil\/","https:\/\/www.linkedin.com\/company\/25002088\/","https:\/\/br.pinterest.com\/sociedadeartisticabrasileira\/","https:\/\/www.youtube.com\/c\/sabrabrasil"]},{"@type":"Person","@id":"https:\/\/www.sabra.org.br\/site\/#\/schema\/person\/7d1d222c3c8891d4c37c7b41bf6315c2","name":"M\u00e1rcio Miranda Pontes","image":{"@type":"ImageObject","inLanguage":"pt-BR","@id":"https:\/\/secure.gravatar.com\/avatar\/3b45f24496a7625a3a6c436688fbe20344faaeb2979658dc4a9921f984d7df9a?s=96&d=mm&r=g","url":"https:\/\/secure.gravatar.com\/avatar\/3b45f24496a7625a3a6c436688fbe20344faaeb2979658dc4a9921f984d7df9a?s=96&d=mm&r=g","contentUrl":"https:\/\/secure.gravatar.com\/avatar\/3b45f24496a7625a3a6c436688fbe20344faaeb2979658dc4a9921f984d7df9a?s=96&d=mm&r=g","caption":"M\u00e1rcio Miranda Pontes"},"sameAs":["http:\/\/www.sabra.org.br"],"url":"https:\/\/www.sabra.org.br\/site\/author\/marcio-miranda-pontes\/"}]}},"jetpack_featured_media_url":"https:\/\/www.sabra.org.br\/site\/wp-content\/uploads\/2017\/11\/IMG_6263.jpg","jetpack_shortlink":"https:\/\/wp.me\/p95j2Z-dg","jetpack-related-posts":[{"id":1263,"url":"https:\/\/www.sabra.org.br\/site\/orquestra-sinfonica-de-betim-abre-temporada-no-ccbb-bh\/","url_meta":{"origin":822,"position":0},"title":"Orquestra Sinf\u00f4nica de Betim abre temporada no CCBB-BH","author":"M\u00e1rcio Miranda Pontes","date":"24 de abril de 2018","format":false,"excerpt":"Concertos ser\u00e3o realizados de abril o a dezembro com a presen\u00e7a de solistas e outros convidados Primeiro concerto da s\u00e9rie de apresenta\u00e7\u00f5es da Orquestra Sinf\u00f4nica de Betim Data: 25 de abril, quarta-feira Hor\u00e1rio: 20h Local: Centro Cultural Banco do Brasil \u2013 Belo Horizonte. Ingressos: R$ 20,00 (inteira) R$ 10,00 (meia)\u2026","rel":"","context":"Em &quot;Not\u00edcias&quot;","block_context":{"text":"Not\u00edcias","link":"https:\/\/www.sabra.org.br\/site\/category\/noticias\/"},"img":{"alt_text":"","src":"","width":0,"height":0},"classes":[]},{"id":1272,"url":"https:\/\/www.sabra.org.br\/site\/orquestra-sinfonica-de-betim-no-ccbb-bh-em-maio-de-2018\/","url_meta":{"origin":822,"position":1},"title":"Orquestra Sinf\u00f4nica de Betim no CCBB-BH em maio de 2018","author":"M\u00e1rcio Miranda Pontes","date":"8 de maio de 2018","format":false,"excerpt":"Minist\u00e9rio da Cultura, Instituto Unimed-BH e SABRA apresentam: Concerto com a Orquestra Sinf\u00f4nica de Betim e Coral Unimed-BH Concertos ser\u00e3o realizados de abril o a dezembro com a presen\u00e7a de solistas e outros convidados No segundo concerto da s\u00e9rie de apresenta\u00e7\u00f5es da Orquestra Sinf\u00f4nica de Betim e Coral Unimed-BH\u00a0homenageiam os\u2026","rel":"","context":"Em &quot;Not\u00edcias&quot;","block_context":{"text":"Not\u00edcias","link":"https:\/\/www.sabra.org.br\/site\/category\/noticias\/"},"img":{"alt_text":"","src":"https:\/\/i0.wp.com\/www.sabra.org.br\/site\/wp-content\/uploads\/2017\/03\/Coral-Unimed-BH.jpg?resize=350%2C200&ssl=1","width":350,"height":200},"classes":[]},{"id":585,"url":"https:\/\/www.sabra.org.br\/site\/concertos-com-a-orquestra-sinfonica-de-betim-20172018\/","url_meta":{"origin":822,"position":2},"title":"Concertos com a Orquestra Sinf\u00f4nica de Betim 2017\/2018","author":"M\u00e1rcio Miranda Pontes","date":"27 de agosto de 2017","format":false,"excerpt":"A Orquestra Sinf\u00f4nica de Betim foi selecionada pelo Banco do Brasil para compor a programa\u00e7\u00e3o do Centro Cultural Banco do Brasil de Belo Horizonte - CCBB-BH no per\u00edodo compreendido entre 1\u00ba de outubro de 2017 a 31 de dezembro de 2018. A proposta da Sociedade Art\u00edstica Brasileira \u00e9 a realiza\u00e7\u00e3o\u2026","rel":"","context":"Em &quot;Not\u00edcias&quot;","block_context":{"text":"Not\u00edcias","link":"https:\/\/www.sabra.org.br\/site\/category\/noticias\/"},"img":{"alt_text":"","src":"https:\/\/i0.wp.com\/www.sabra.org.br\/site\/wp-content\/uploads\/2017\/08\/522981_376787562367871_884994268_n.jpg?resize=350%2C200&ssl=1","width":350,"height":200,"srcset":"https:\/\/i0.wp.com\/www.sabra.org.br\/site\/wp-content\/uploads\/2017\/08\/522981_376787562367871_884994268_n.jpg?resize=350%2C200&ssl=1 1x, https:\/\/i0.wp.com\/www.sabra.org.br\/site\/wp-content\/uploads\/2017\/08\/522981_376787562367871_884994268_n.jpg?resize=525%2C300&ssl=1 1.5x, https:\/\/i0.wp.com\/www.sabra.org.br\/site\/wp-content\/uploads\/2017\/08\/522981_376787562367871_884994268_n.jpg?resize=700%2C400&ssl=1 2x"},"classes":[]},{"id":386,"url":"https:\/\/www.sabra.org.br\/site\/orquestra-sinfonica-de-betim-concertos-em-bh-e-betim\/","url_meta":{"origin":822,"position":3},"title":"Orquestra Sinf\u00f4nica de Betim &#8211; Concertos em BH e Betim","author":"M\u00e1rcio Miranda Pontes","date":"14 de outubro de 2016","format":false,"excerpt":"[vc_row][vc_column][vc_column_text css=\"\"] A Orquestra Sinf\u00f4nica de Betim realiza mais dois concertos de suas s\u00e9ries anuais. Em outubro ser\u00e3o apresentadas obras musicais que demonstram o funcionamento de seus naipes \u2013 percuss\u00e3o, metais, madeiras e cordas, al\u00e9m de sua integra\u00e7\u00e3o para a realiza\u00e7\u00e3o em conjunto de obras sinf\u00f4nicas. O primeiro ser\u00e1 \u00e0s\u2026","rel":"","context":"Em &quot;Not\u00edcias&quot;","block_context":{"text":"Not\u00edcias","link":"https:\/\/www.sabra.org.br\/site\/category\/noticias\/"},"img":{"alt_text":"","src":"","width":0,"height":0},"classes":[]},{"id":850,"url":"https:\/\/www.sabra.org.br\/site\/sexta-sinfonica-no-monte-carmo-shopping\/","url_meta":{"origin":822,"position":4},"title":"Sexta Sinf\u00f4nica no Monte Carmo Shopping","author":"M\u00e1rcio Miranda Pontes","date":"29 de novembro de 2017","format":false,"excerpt":"Orquestra Sinf\u00f4nica de Betim encerra a temporada da s\u00e9rie Sexta Sinf\u00f4nica Concertos foram realizados de mar\u00e7o a dezembro com a presen\u00e7a de solistas e outros convidados \u00a0 A Orquestra Sinf\u00f4nica de Betim encerra a s\u00e9rie de concertos \u201cSexta Sinf\u00f4nica\u201d, \u00e0s 15h do dia primeiro de dezembro, no Monte Carmo Shopping,\u2026","rel":"","context":"Em &quot;Not\u00edcias&quot;","block_context":{"text":"Not\u00edcias","link":"https:\/\/www.sabra.org.br\/site\/category\/noticias\/"},"img":{"alt_text":"Sociedade Art\u00edstica Brasileira SABRA","src":"https:\/\/i0.wp.com\/www.sabra.org.br\/site\/wp-content\/uploads\/2017\/11\/754A1986peq.jpg?resize=350%2C200&ssl=1","width":350,"height":200,"srcset":"https:\/\/i0.wp.com\/www.sabra.org.br\/site\/wp-content\/uploads\/2017\/11\/754A1986peq.jpg?resize=350%2C200&ssl=1 1x, https:\/\/i0.wp.com\/www.sabra.org.br\/site\/wp-content\/uploads\/2017\/11\/754A1986peq.jpg?resize=525%2C300&ssl=1 1.5x, https:\/\/i0.wp.com\/www.sabra.org.br\/site\/wp-content\/uploads\/2017\/11\/754A1986peq.jpg?resize=700%2C400&ssl=1 2x, https:\/\/i0.wp.com\/www.sabra.org.br\/site\/wp-content\/uploads\/2017\/11\/754A1986peq.jpg?resize=1050%2C600&ssl=1 3x"},"classes":[]},{"id":12433,"url":"https:\/\/www.sabra.org.br\/site\/textos-fundamentais-3\/","url_meta":{"origin":822,"position":5},"title":"Textos fundamentais 3","author":"M\u00e1rcio Miranda Pontes","date":"18 de abril de 2025","format":false,"excerpt":"https:\/\/www.sabra.org.br\/site\/sexta-sinfonica-em-maio-de-2018\/ https:\/\/www.sabra.org.br\/site\/orquestra-sinfonica-de-betim-abre-temporada-no-ccbb-bh\/ https:\/\/www.sabra.org.br\/site\/fundo-para-infancia-e-adolescencia\/ https:\/\/www.sabra.org.br\/site\/aprovados-para-o-curso-orquestra-sinfonica-de-betim-2018\/ https:\/\/www.sabra.org.br\/site\/inscricoes-abertas-para-o-curso-gratuito-de-musicalizacao-infantil\/ https:\/\/www.sabra.org.br\/site\/concerto-beneficente\/ https:\/\/www.sabra.org.br\/site\/natal-luz-promete-encantar-mariana\/ https:\/\/www.sabra.org.br\/site\/orquestra-sinfonica-de-betim-celebra-a-musica-lirica-em-concerto\/ https:\/\/www.sabra.org.br\/site\/sou-do-mundo-sou-minas-gerais\/ https:\/\/www.sabra.org.br\/site\/sexta-sinfonica-no-monte-carmo-shopping\/ https:\/\/www.sabra.org.br\/site\/concertos-com-a-orquestra-sinfonica-de-betim-ccbb-bh-novembro-2017\/ https:\/\/www.sabra.org.br\/site\/cronograma-orquestra-sinfonica-de-betim-11-e-122017\/ https:\/\/www.sabra.org.br\/site\/sexta-sinfonica-27102017\/ https:\/\/www.sabra.org.br\/site\/sexta-sinfonica-27-10-2017\/ https:\/\/www.sabra.org.br\/site\/sabra-no-conselho-municipal-de-assistencia-social-de-betim\/ https:\/\/www.sabra.org.br\/site\/sexta-sinfonica-setembro\/ https:\/\/www.sabra.org.br\/site\/doacoes-dos-correios-resultam-em-musica-para-criancas\/ https:\/\/www.sabra.org.br\/site\/concerto-na-praca-orquestra-sinfonica-de-betim-e-coral-unimed-bh\/ https:\/\/www.sabra.org.br\/site\/concertos-com-a-orquestra-sinfonica-de-betim-20172018\/ https:\/\/www.sabra.org.br\/site\/ensaio-pre-geral-do-concerto-para-trompa-de-r-strauss\/ \u00a0 \u00a0 \u00a0","rel":"","context":"Em &quot;Blog SABRA&quot;","block_context":{"text":"Blog SABRA","link":"https:\/\/www.sabra.org.br\/site\/category\/blog-sabra\/"},"img":{"alt_text":"","src":"","width":0,"height":0},"classes":[]}],"jetpack_likes_enabled":true,"jetpack_sharing_enabled":true,"_links":{"self":[{"href":"https:\/\/www.sabra.org.br\/site\/wp-json\/wp\/v2\/posts\/822","targetHints":{"allow":["GET"]}}],"collection":[{"href":"https:\/\/www.sabra.org.br\/site\/wp-json\/wp\/v2\/posts"}],"about":[{"href":"https:\/\/www.sabra.org.br\/site\/wp-json\/wp\/v2\/types\/post"}],"author":[{"embeddable":true,"href":"https:\/\/www.sabra.org.br\/site\/wp-json\/wp\/v2\/users\/39"}],"replies":[{"embeddable":true,"href":"https:\/\/www.sabra.org.br\/site\/wp-json\/wp\/v2\/comments?post=822"}],"version-history":[{"count":0,"href":"https:\/\/www.sabra.org.br\/site\/wp-json\/wp\/v2\/posts\/822\/revisions"}],"wp:featuredmedia":[{"embeddable":true,"href":"https:\/\/www.sabra.org.br\/site\/wp-json\/wp\/v2\/media\/823"}],"wp:attachment":[{"href":"https:\/\/www.sabra.org.br\/site\/wp-json\/wp\/v2\/media?parent=822"}],"wp:term":[{"taxonomy":"category","embeddable":true,"href":"https:\/\/www.sabra.org.br\/site\/wp-json\/wp\/v2\/categories?post=822"},{"taxonomy":"post_tag","embeddable":true,"href":"https:\/\/www.sabra.org.br\/site\/wp-json\/wp\/v2\/tags?post=822"}],"curies":[{"name":"wp","href":"https:\/\/api.w.org\/{rel}","templated":true}]}}