{"id":8563,"date":"2023-11-28T07:47:27","date_gmt":"2023-11-28T10:47:27","guid":{"rendered":"https:\/\/www.sabra.org.br\/site\/?p=8563"},"modified":"2023-11-28T07:47:27","modified_gmt":"2023-11-28T10:47:27","slug":"calos-violao","status":"publish","type":"post","link":"https:\/\/www.sabra.org.br\/site\/calos-violao\/","title":{"rendered":"Calos nos dedos para tocar viol\u00e3o?"},"content":{"rendered":"<p>Voc\u00ea sonha em aprender a tocar viol\u00e3o e n\u00e3o sabe por onde come\u00e7ar? Sabia que criar calos nos dedos \u00e9 fundamental para tocar bem?<\/p>\n<p>\u00c9 isso mesmo! Veja algumas dicas legais para te auxiliar nesse processo:<\/p>\n<h2>Por que devo aprender um instrumento?<\/h2>\n<p>Tocar um instrumento musical traz diversos benef\u00edcios. Estudos revelam que tocar um instrumento auxilia no desenvolvimento cognitivo de uma pessoa porque, para aprender a tocar, \u00e9 preciso utilizar v\u00e1rias habilidades e fun\u00e7\u00f5es do c\u00e9rebro fazendo com que ele fique em alta atividade.<\/p>\n<p>Ao aprender um instrumento voc\u00ea desenvolve habilidades motoras, de memoriza\u00e7\u00e3o, concentra\u00e7\u00e3o, foco, te faz ser mais perseverante, ajuda na gest\u00e3o de tempo, desenvolve habilidades de organiza\u00e7\u00e3o, habilidades matem\u00e1ticas (por causa do tempo e do ritmo), de compreens\u00e3o, habilidades sociais e disciplina.<\/p>\n<p>Al\u00e9m disso, tocar um instrumento traz o sentimento de realiza\u00e7\u00e3o, sucesso e felicidade, proporcionando ao c\u00e9rebro relaxamento e calma.<\/p>\n<p>Acima de tudo, aprender um instrumento pode aumentar o seu QI em at\u00e9 10%.<\/p>\n<h2>Aprender viol\u00e3o<\/h2>\n<p>O viol\u00e3o \u00e9 um instrumento com seis cordas que \u00e9 bastante popular. Muitas pessoas, quando desejam aprender a tocar algum instrumento, optam pelo viol\u00e3o pela facilidade de acesso ao instrumento e por ser f\u00e1cil de transportar.<\/p>\n<p>Tocar viol\u00e3o libera um horm\u00f4nio no c\u00e9rebro chamado dopamina, respons\u00e1vel pela sensa\u00e7\u00e3o de prazer e bem-estar.<\/p>\n<p>Nosso papel aqui \u00e9 te encorajar a aprender esse instrumento incr\u00edvel. No entanto, existem alguns desafios na aprendizagem, por isso \u00e9 necess\u00e1rio ter perseveran\u00e7a para ultrapassar as dificuldades que esse instrumento apresenta no come\u00e7o.<\/p>\n<p>Um desses desafios \u00e9 a dor nas pontas dos dedos. Para tocar, voc\u00ea precisa pressionar as cordas com sua m\u00e3o dominante para fazer as notas, a repeti\u00e7\u00e3o deste exerc\u00edcio acaba machucando as pontas dos dedos, principalmente se estiver aprendendo em um viol\u00e3o com cordas de a\u00e7o.<\/p>\n<p>\u00c9 nesse momento que muitas pessoas desistem, mas se voc\u00ea continuar, logo, seus dedos v\u00e3o criar uma casquinha de prote\u00e7\u00e3o, que far\u00e3o as pontas ficarem mais resistentes, e com o tempo, voc\u00ea n\u00e3o sentir\u00e1 mais dor.<\/p>\n<p>Esse processo se chama \u201ccalejar&#8221;, ou seja, ter calos nos dedos para que voc\u00ea possa tocar viol\u00e3o sem dificuldades.<\/p>\n<h2>Dicas para calejar os dedos<\/h2>\n<ul>\n<li>Comece aprendendo viol\u00e3o em cordas de nylon. Essas cordas s\u00e3o mais macias, ent\u00e3o n\u00e3o vai doer tanto. Mas se desejar criar calos mais rapidamente, o melhor mesmo \u00e9 utilizar a corda de a\u00e7o. Ela d\u00f3i mais, mas os calos se formam mais r\u00e1pido.<\/li>\n<li>Fa\u00e7a exerc\u00edcios b\u00e1sicos de dedilhado e repita v\u00e1rias vezes. Conforme voc\u00ea for executando o exerc\u00edcio, o seu corpo come\u00e7ar\u00e1 a produzir os calos para proteger os dedos. Vale lembrar que esse exerc\u00edcio deve ser feito todos os dias.<\/li>\n<li>Mantenha os dedos secos, a umidade (a \u00e1gua) atrapalha muito o processo de calejar os dedos porque amolece a pele.<\/li>\n<li>Utilize \u00e1lcool nos dedos, pois o \u00e1lcool diminui a umidade e facilita a forma\u00e7\u00e3o dos calos.<\/li>\n<\/ul>\n<p>Agora \u00e9 s\u00f3 pegar seu viol\u00e3o e colocar as dicas em pr\u00e1tica. N\u00e3o desista no processo, te garanto que valer\u00e1 a pena.<\/p>\n<p>Se gostou desse conte\u00fado, acesse muito mais <a href=\"https:\/\/www.sabra.org.br\/site\/\">clicando aqui<\/a>.<\/p>\n<hr \/>\n<h2>Se voc\u00ea gostou deste post:<\/h2>\n<ul>\n<li>SIGA as nossas p\u00e1ginas nas redes sociais para acompanhar as nossas atualiza\u00e7\u00f5es: estamos no <a href=\"https:\/\/www.facebook.com\/sabrabrasil\" target=\"_blank\" rel=\"noopener\">Facebook<\/a>, no <a href=\"https:\/\/www.instagram.com\/sabrabrasil\/\" target=\"_blank\" rel=\"noopener\">Instagram<\/a>, no <a href=\"https:\/\/www.linkedin.com\/company\/25002088\" target=\"_blank\" rel=\"noopener\">LinkedIn<\/a>, no <a href=\"https:\/\/twitter.com\/ContatoSabra\" target=\"_blank\" rel=\"noopener\">Twitter<\/a> e no <a href=\"https:\/\/www.youtube.com\/channel\/UCJw-kbuEvzUNdeQf20Pa-eQ\" target=\"_blank\" rel=\"noopener\">YouTube<\/a>!<\/p>\n<\/li>\n<li>\n<p>CONHE\u00c7A o trabalho da Sociedade Art\u00edstica Brasileira (SABRA) e todas as iniciativas culturais e sociais que ela mant\u00e9m. <a href=\"https:\/\/www.sabra.org.br\/site\/acoes\/\" target=\"_blank\" rel=\"noopener\">Acesse nosso site!<\/a><\/p>\n<\/li>\n<li>\n<p>ENTRE EM CONTATO com a gente. E veja quais s\u00e3o as op\u00e7\u00f5es de ajuda na manuten\u00e7\u00e3o de nossas a\u00e7\u00f5es sociais e culturais. Basta acessar nossa p\u00e1gina <a href=\"https:\/\/www.sabra.org.br\/site\/doe-agora\/\" target=\"_blank\" rel=\"noopener\">Doe Agora!<\/a><\/p>\n<\/li>\n<li>\n<p>COMPARTILHE este texto nas suas redes sociais e ajude os seus amigos a tamb\u00e9m dominarem o assunto!<\/p>\n<\/li>\n<\/ul>\n<p>\u2013 Os projetos da @sabrabrasil s\u00e3o realizados com o patroci\u0301nio m\u00e1ster: @institutounimedbh, viabilizado pelo incentivo de mais de 5,3 mil m\u00e9dicos cooperados e colaboradores via Lei de Incentivo \u00e0 Cultura &#8211; @culturagovbr<\/p>\n<blockquote class=\"wp-embedded-content\" data-secret=\"YWHSaY8GkG\"><p><a href=\"https:\/\/www.sabra.org.br\/site\/violao-violino-e-violoncelo\/\">Viol\u00e3o, violino e violoncelo<\/a><\/p><\/blockquote>\n<p><iframe class=\"wp-embedded-content\" sandbox=\"allow-scripts\" security=\"restricted\" style=\"position: absolute; clip: rect(1px, 1px, 1px, 1px);\" title=\"&#8220;Viol\u00e3o, violino e violoncelo&#8221; &#8212; SABRA - Sociedade Art\u00edstica Brasileira\" src=\"https:\/\/www.sabra.org.br\/site\/violao-violino-e-violoncelo\/embed\/#?secret=Ll2RbGDEtj#?secret=YWHSaY8GkG\" data-secret=\"YWHSaY8GkG\" width=\"600\" height=\"338\" frameborder=\"0\" marginwidth=\"0\" marginheight=\"0\" scrolling=\"no\"><\/iframe><\/p>\n<p>Texto por: <a href=\"https:\/\/redaweb.com.br\">RedaWeb<\/a><\/p>\n","protected":false},"excerpt":{"rendered":"<p>O desenvolvimento de calos nas pontas dos dedos \u00e9 um processo natural e at\u00e9 necess\u00e1rio para a pr\u00e1tica de viol\u00e3o. Os calos facilitam o aprendizado do instrumento, na medida em que as cordas precisam ser fortemente pressionadas para se obter os sons desejados. Desse modo, quanto mais calejados os dedos, mais prazeroso ser\u00e1 tocar viol\u00e3o, com menos dores nas pontas dos dedos.<\/p>\n","protected":false},"author":39,"featured_media":8565,"comment_status":"closed","ping_status":"closed","sticky":false,"template":"","format":"standard","meta":{"jetpack_post_was_ever_published":false,"_jetpack_newsletter_access":"","_jetpack_dont_email_post_to_subs":false,"_jetpack_newsletter_tier_id":0,"_jetpack_memberships_contains_paywalled_content":false,"_jetpack_memberships_contains_paid_content":false,"footnotes":""},"categories":[1],"tags":[15,2757,3626,3623,8,3629,1285,3628,16,3519,1286,11,3622,9],"class_list":["post-8563","post","type-post","status-publish","format-standard","has-post-thumbnail","hentry","category-blog-sabra","tag-assistencia-social","tag-belo-horizonte","tag-cabo-frio","tag-campos-dos-goytacazes","tag-canto-coral","tag-contagem","tag-escola-de-musica-sabra","tag-ibirite","tag-musicalizacao-infantil","tag-nova-lima-2","tag-orquestra-infanto-juvenil-de-betim","tag-orquestra-sinfonica-de-betim","tag-raposos","tag-sociedade-artistica-brasileira"],"yoast_head":"<!-- This site is optimized with the Yoast SEO plugin v27.5 - https:\/\/yoast.com\/product\/yoast-seo-wordpress\/ -->\n<title>Calos nos dedos para tocar viol\u00e3o? - SABRA - Sociedade Art\u00edstica Brasileira<\/title>\n<meta name=\"description\" content=\"O desenvolvimento de calos nas pontas dos dedos \u00e9 um processo natural e at\u00e9 necess\u00e1rio para a pr\u00e1tica de viol\u00e3o.\" \/>\n<meta name=\"robots\" content=\"index, follow, max-snippet:-1, max-image-preview:large, max-video-preview:-1\" \/>\n<link rel=\"canonical\" href=\"https:\/\/www.sabra.org.br\/site\/calos-violao\/\" \/>\n<meta property=\"og:locale\" content=\"pt_BR\" \/>\n<meta property=\"og:type\" content=\"article\" \/>\n<meta property=\"og:title\" content=\"Calos nos dedos para tocar viol\u00e3o? - SABRA - Sociedade Art\u00edstica Brasileira\" \/>\n<meta property=\"og:description\" content=\"O desenvolvimento de calos nas pontas dos dedos \u00e9 um processo natural e at\u00e9 necess\u00e1rio para a pr\u00e1tica de viol\u00e3o.\" \/>\n<meta property=\"og:url\" content=\"https:\/\/www.sabra.org.br\/site\/calos-violao\/\" \/>\n<meta property=\"og:site_name\" content=\"SABRA - Sociedade Art\u00edstica Brasileira\" \/>\n<meta property=\"article:publisher\" content=\"https:\/\/www.facebook.com\/sabrabrasil\" \/>\n<meta property=\"article:published_time\" content=\"2023-11-28T10:47:27+00:00\" \/>\n<meta property=\"og:image\" content=\"https:\/\/www.sabra.org.br\/site\/wp-content\/uploads\/2023\/11\/por-que-e-necessario-ter-calos-nos-dedos-para-tocar-violaojpg-20221229103337.jpg-jpg.webp\" \/>\n\t<meta property=\"og:image:width\" content=\"800\" \/>\n\t<meta property=\"og:image:height\" content=\"534\" \/>\n\t<meta property=\"og:image:type\" content=\"image\/jpeg\" \/>\n<meta name=\"author\" content=\"M\u00e1rcio Miranda Pontes\" \/>\n<meta name=\"twitter:card\" content=\"summary_large_image\" \/>\n<meta name=\"twitter:creator\" content=\"@ContatoSabra\" \/>\n<meta name=\"twitter:site\" content=\"@ContatoSabra\" \/>\n<meta name=\"twitter:label1\" content=\"Escrito por\" \/>\n\t<meta name=\"twitter:data1\" content=\"M\u00e1rcio Miranda Pontes\" \/>\n\t<meta name=\"twitter:label2\" content=\"Est. tempo de leitura\" \/>\n\t<meta name=\"twitter:data2\" content=\"4 minutos\" \/>\n<script type=\"application\/ld+json\" class=\"yoast-schema-graph\">{\"@context\":\"https:\\\/\\\/schema.org\",\"@graph\":[{\"@type\":\"Article\",\"@id\":\"https:\\\/\\\/www.sabra.org.br\\\/site\\\/calos-violao\\\/#article\",\"isPartOf\":{\"@id\":\"https:\\\/\\\/www.sabra.org.br\\\/site\\\/calos-violao\\\/\"},\"author\":{\"name\":\"M\u00e1rcio Miranda Pontes\",\"@id\":\"https:\\\/\\\/www.sabra.org.br\\\/site\\\/#\\\/schema\\\/person\\\/7d1d222c3c8891d4c37c7b41bf6315c2\"},\"headline\":\"Calos nos dedos para tocar viol\u00e3o?\",\"datePublished\":\"2023-11-28T10:47:27+00:00\",\"mainEntityOfPage\":{\"@id\":\"https:\\\/\\\/www.sabra.org.br\\\/site\\\/calos-violao\\\/\"},\"wordCount\":702,\"publisher\":{\"@id\":\"https:\\\/\\\/www.sabra.org.br\\\/site\\\/#organization\"},\"image\":{\"@id\":\"https:\\\/\\\/www.sabra.org.br\\\/site\\\/calos-violao\\\/#primaryimage\"},\"thumbnailUrl\":\"https:\\\/\\\/www.sabra.org.br\\\/site\\\/wp-content\\\/uploads\\\/2023\\\/11\\\/por-que-e-necessario-ter-calos-nos-dedos-para-tocar-violaojpg-20221229103337.jpg-jpg.webp\",\"keywords\":[\"Assist\u00eancia social\",\"Belo Horizonte\",\"Cabo Frio\",\"Campos dos Goytacazes\",\"Canto Coral\",\"Contagem\",\"Escola de Musica SABRA\",\"Ibirit\u00e9\",\"Musicaliza\u00e7\u00e3o Infantil\",\"nova lima\",\"Orquestra Infanto Juvenil de Betim\",\"Orquestra Sinf\u00f4nica de Betim\",\"Raposos\",\"Sociedade Art\u00edstica Brasileira\"],\"articleSection\":[\"Blog SABRA\"],\"inLanguage\":\"pt-BR\"},{\"@type\":\"WebPage\",\"@id\":\"https:\\\/\\\/www.sabra.org.br\\\/site\\\/calos-violao\\\/\",\"url\":\"https:\\\/\\\/www.sabra.org.br\\\/site\\\/calos-violao\\\/\",\"name\":\"Calos nos dedos para tocar viol\u00e3o? - SABRA - Sociedade Art\u00edstica Brasileira\",\"isPartOf\":{\"@id\":\"https:\\\/\\\/www.sabra.org.br\\\/site\\\/#website\"},\"primaryImageOfPage\":{\"@id\":\"https:\\\/\\\/www.sabra.org.br\\\/site\\\/calos-violao\\\/#primaryimage\"},\"image\":{\"@id\":\"https:\\\/\\\/www.sabra.org.br\\\/site\\\/calos-violao\\\/#primaryimage\"},\"thumbnailUrl\":\"https:\\\/\\\/www.sabra.org.br\\\/site\\\/wp-content\\\/uploads\\\/2023\\\/11\\\/por-que-e-necessario-ter-calos-nos-dedos-para-tocar-violaojpg-20221229103337.jpg-jpg.webp\",\"datePublished\":\"2023-11-28T10:47:27+00:00\",\"description\":\"O desenvolvimento de calos nas pontas dos dedos \u00e9 um processo natural e at\u00e9 necess\u00e1rio para a pr\u00e1tica de viol\u00e3o.\",\"breadcrumb\":{\"@id\":\"https:\\\/\\\/www.sabra.org.br\\\/site\\\/calos-violao\\\/#breadcrumb\"},\"inLanguage\":\"pt-BR\",\"potentialAction\":[{\"@type\":\"ReadAction\",\"target\":[\"https:\\\/\\\/www.sabra.org.br\\\/site\\\/calos-violao\\\/\"]}]},{\"@type\":\"ImageObject\",\"inLanguage\":\"pt-BR\",\"@id\":\"https:\\\/\\\/www.sabra.org.br\\\/site\\\/calos-violao\\\/#primaryimage\",\"url\":\"https:\\\/\\\/www.sabra.org.br\\\/site\\\/wp-content\\\/uploads\\\/2023\\\/11\\\/por-que-e-necessario-ter-calos-nos-dedos-para-tocar-violaojpg-20221229103337.jpg-jpg.webp\",\"contentUrl\":\"https:\\\/\\\/www.sabra.org.br\\\/site\\\/wp-content\\\/uploads\\\/2023\\\/11\\\/por-que-e-necessario-ter-calos-nos-dedos-para-tocar-violaojpg-20221229103337.jpg-jpg.webp\",\"width\":800,\"height\":534,\"caption\":\"Sociedade Art\u00edstica Brasileira SABRA\"},{\"@type\":\"BreadcrumbList\",\"@id\":\"https:\\\/\\\/www.sabra.org.br\\\/site\\\/calos-violao\\\/#breadcrumb\",\"itemListElement\":[{\"@type\":\"ListItem\",\"position\":1,\"name\":\"In\u00edcio\",\"item\":\"https:\\\/\\\/www.sabra.org.br\\\/site\\\/\"},{\"@type\":\"ListItem\",\"position\":2,\"name\":\"Calos nos dedos para tocar viol\u00e3o?\"}]},{\"@type\":\"WebSite\",\"@id\":\"https:\\\/\\\/www.sabra.org.br\\\/site\\\/#website\",\"url\":\"https:\\\/\\\/www.sabra.org.br\\\/site\\\/\",\"name\":\"SABRA - Sociedade Art\u00edstica Brasileira\",\"description\":\"Escola de M\u00fasica, Orquestra Sinf\u00f4nica, Coral e Patrim\u00f4nio Cultural e Hist\u00f3rico\",\"publisher\":{\"@id\":\"https:\\\/\\\/www.sabra.org.br\\\/site\\\/#organization\"},\"potentialAction\":[{\"@type\":\"SearchAction\",\"target\":{\"@type\":\"EntryPoint\",\"urlTemplate\":\"https:\\\/\\\/www.sabra.org.br\\\/site\\\/?s={search_term_string}\"},\"query-input\":{\"@type\":\"PropertyValueSpecification\",\"valueRequired\":true,\"valueName\":\"search_term_string\"}}],\"inLanguage\":\"pt-BR\"},{\"@type\":\"Organization\",\"@id\":\"https:\\\/\\\/www.sabra.org.br\\\/site\\\/#organization\",\"name\":\"SOCIEDADE ART\u00cdSTICA BRASILEIRA SABRA\",\"alternateName\":\"SABRA\",\"url\":\"https:\\\/\\\/www.sabra.org.br\\\/site\\\/\",\"logo\":{\"@type\":\"ImageObject\",\"inLanguage\":\"pt-BR\",\"@id\":\"https:\\\/\\\/www.sabra.org.br\\\/site\\\/#\\\/schema\\\/logo\\\/image\\\/\",\"url\":\"https:\\\/\\\/www.sabra.org.br\\\/site\\\/wp-content\\\/uploads\\\/2019\\\/06\\\/cropped-Logo_SABRA-Copia-1.webp\",\"contentUrl\":\"https:\\\/\\\/www.sabra.org.br\\\/site\\\/wp-content\\\/uploads\\\/2019\\\/06\\\/cropped-Logo_SABRA-Copia-1.webp\",\"width\":400,\"height\":128,\"caption\":\"SOCIEDADE ART\u00cdSTICA BRASILEIRA SABRA\"},\"image\":{\"@id\":\"https:\\\/\\\/www.sabra.org.br\\\/site\\\/#\\\/schema\\\/logo\\\/image\\\/\"},\"sameAs\":[\"https:\\\/\\\/www.facebook.com\\\/sabrabrasil\",\"https:\\\/\\\/x.com\\\/ContatoSabra\",\"https:\\\/\\\/www.instagram.com\\\/sabrabrasil\\\/\",\"https:\\\/\\\/www.linkedin.com\\\/company\\\/25002088\\\/\",\"https:\\\/\\\/br.pinterest.com\\\/sociedadeartisticabrasileira\\\/\",\"https:\\\/\\\/www.youtube.com\\\/c\\\/sabrabrasil\"]},{\"@type\":\"Person\",\"@id\":\"https:\\\/\\\/www.sabra.org.br\\\/site\\\/#\\\/schema\\\/person\\\/7d1d222c3c8891d4c37c7b41bf6315c2\",\"name\":\"M\u00e1rcio Miranda Pontes\",\"image\":{\"@type\":\"ImageObject\",\"inLanguage\":\"pt-BR\",\"@id\":\"https:\\\/\\\/secure.gravatar.com\\\/avatar\\\/3b45f24496a7625a3a6c436688fbe20344faaeb2979658dc4a9921f984d7df9a?s=96&d=mm&r=g\",\"url\":\"https:\\\/\\\/secure.gravatar.com\\\/avatar\\\/3b45f24496a7625a3a6c436688fbe20344faaeb2979658dc4a9921f984d7df9a?s=96&d=mm&r=g\",\"contentUrl\":\"https:\\\/\\\/secure.gravatar.com\\\/avatar\\\/3b45f24496a7625a3a6c436688fbe20344faaeb2979658dc4a9921f984d7df9a?s=96&d=mm&r=g\",\"caption\":\"M\u00e1rcio Miranda Pontes\"},\"sameAs\":[\"http:\\\/\\\/www.sabra.org.br\"],\"url\":\"https:\\\/\\\/www.sabra.org.br\\\/site\\\/author\\\/marcio-miranda-pontes\\\/\"}]}<\/script>\n<!-- \/ Yoast SEO plugin. -->","yoast_head_json":{"title":"Calos nos dedos para tocar viol\u00e3o? - SABRA - Sociedade Art\u00edstica Brasileira","description":"O desenvolvimento de calos nas pontas dos dedos \u00e9 um processo natural e at\u00e9 necess\u00e1rio para a pr\u00e1tica de viol\u00e3o.","robots":{"index":"index","follow":"follow","max-snippet":"max-snippet:-1","max-image-preview":"max-image-preview:large","max-video-preview":"max-video-preview:-1"},"canonical":"https:\/\/www.sabra.org.br\/site\/calos-violao\/","og_locale":"pt_BR","og_type":"article","og_title":"Calos nos dedos para tocar viol\u00e3o? - SABRA - Sociedade Art\u00edstica Brasileira","og_description":"O desenvolvimento de calos nas pontas dos dedos \u00e9 um processo natural e at\u00e9 necess\u00e1rio para a pr\u00e1tica de viol\u00e3o.","og_url":"https:\/\/www.sabra.org.br\/site\/calos-violao\/","og_site_name":"SABRA - Sociedade Art\u00edstica Brasileira","article_publisher":"https:\/\/www.facebook.com\/sabrabrasil","article_published_time":"2023-11-28T10:47:27+00:00","og_image":[{"width":800,"height":534,"url":"https:\/\/www.sabra.org.br\/site\/wp-content\/uploads\/2023\/11\/por-que-e-necessario-ter-calos-nos-dedos-para-tocar-violaojpg-20221229103337.jpg-jpg.webp","type":"image\/jpeg"}],"author":"M\u00e1rcio Miranda Pontes","twitter_card":"summary_large_image","twitter_creator":"@ContatoSabra","twitter_site":"@ContatoSabra","twitter_misc":{"Escrito por":"M\u00e1rcio Miranda Pontes","Est. tempo de leitura":"4 minutos"},"schema":{"@context":"https:\/\/schema.org","@graph":[{"@type":"Article","@id":"https:\/\/www.sabra.org.br\/site\/calos-violao\/#article","isPartOf":{"@id":"https:\/\/www.sabra.org.br\/site\/calos-violao\/"},"author":{"name":"M\u00e1rcio Miranda Pontes","@id":"https:\/\/www.sabra.org.br\/site\/#\/schema\/person\/7d1d222c3c8891d4c37c7b41bf6315c2"},"headline":"Calos nos dedos para tocar viol\u00e3o?","datePublished":"2023-11-28T10:47:27+00:00","mainEntityOfPage":{"@id":"https:\/\/www.sabra.org.br\/site\/calos-violao\/"},"wordCount":702,"publisher":{"@id":"https:\/\/www.sabra.org.br\/site\/#organization"},"image":{"@id":"https:\/\/www.sabra.org.br\/site\/calos-violao\/#primaryimage"},"thumbnailUrl":"https:\/\/www.sabra.org.br\/site\/wp-content\/uploads\/2023\/11\/por-que-e-necessario-ter-calos-nos-dedos-para-tocar-violaojpg-20221229103337.jpg-jpg.webp","keywords":["Assist\u00eancia social","Belo Horizonte","Cabo Frio","Campos dos Goytacazes","Canto Coral","Contagem","Escola de Musica SABRA","Ibirit\u00e9","Musicaliza\u00e7\u00e3o Infantil","nova lima","Orquestra Infanto Juvenil de Betim","Orquestra Sinf\u00f4nica de Betim","Raposos","Sociedade Art\u00edstica Brasileira"],"articleSection":["Blog SABRA"],"inLanguage":"pt-BR"},{"@type":"WebPage","@id":"https:\/\/www.sabra.org.br\/site\/calos-violao\/","url":"https:\/\/www.sabra.org.br\/site\/calos-violao\/","name":"Calos nos dedos para tocar viol\u00e3o? - SABRA - Sociedade Art\u00edstica Brasileira","isPartOf":{"@id":"https:\/\/www.sabra.org.br\/site\/#website"},"primaryImageOfPage":{"@id":"https:\/\/www.sabra.org.br\/site\/calos-violao\/#primaryimage"},"image":{"@id":"https:\/\/www.sabra.org.br\/site\/calos-violao\/#primaryimage"},"thumbnailUrl":"https:\/\/www.sabra.org.br\/site\/wp-content\/uploads\/2023\/11\/por-que-e-necessario-ter-calos-nos-dedos-para-tocar-violaojpg-20221229103337.jpg-jpg.webp","datePublished":"2023-11-28T10:47:27+00:00","description":"O desenvolvimento de calos nas pontas dos dedos \u00e9 um processo natural e at\u00e9 necess\u00e1rio para a pr\u00e1tica de viol\u00e3o.","breadcrumb":{"@id":"https:\/\/www.sabra.org.br\/site\/calos-violao\/#breadcrumb"},"inLanguage":"pt-BR","potentialAction":[{"@type":"ReadAction","target":["https:\/\/www.sabra.org.br\/site\/calos-violao\/"]}]},{"@type":"ImageObject","inLanguage":"pt-BR","@id":"https:\/\/www.sabra.org.br\/site\/calos-violao\/#primaryimage","url":"https:\/\/www.sabra.org.br\/site\/wp-content\/uploads\/2023\/11\/por-que-e-necessario-ter-calos-nos-dedos-para-tocar-violaojpg-20221229103337.jpg-jpg.webp","contentUrl":"https:\/\/www.sabra.org.br\/site\/wp-content\/uploads\/2023\/11\/por-que-e-necessario-ter-calos-nos-dedos-para-tocar-violaojpg-20221229103337.jpg-jpg.webp","width":800,"height":534,"caption":"Sociedade Art\u00edstica Brasileira SABRA"},{"@type":"BreadcrumbList","@id":"https:\/\/www.sabra.org.br\/site\/calos-violao\/#breadcrumb","itemListElement":[{"@type":"ListItem","position":1,"name":"In\u00edcio","item":"https:\/\/www.sabra.org.br\/site\/"},{"@type":"ListItem","position":2,"name":"Calos nos dedos para tocar viol\u00e3o?"}]},{"@type":"WebSite","@id":"https:\/\/www.sabra.org.br\/site\/#website","url":"https:\/\/www.sabra.org.br\/site\/","name":"SABRA - Sociedade Art\u00edstica Brasileira","description":"Escola de M\u00fasica, Orquestra Sinf\u00f4nica, Coral e Patrim\u00f4nio Cultural e Hist\u00f3rico","publisher":{"@id":"https:\/\/www.sabra.org.br\/site\/#organization"},"potentialAction":[{"@type":"SearchAction","target":{"@type":"EntryPoint","urlTemplate":"https:\/\/www.sabra.org.br\/site\/?s={search_term_string}"},"query-input":{"@type":"PropertyValueSpecification","valueRequired":true,"valueName":"search_term_string"}}],"inLanguage":"pt-BR"},{"@type":"Organization","@id":"https:\/\/www.sabra.org.br\/site\/#organization","name":"SOCIEDADE ART\u00cdSTICA BRASILEIRA SABRA","alternateName":"SABRA","url":"https:\/\/www.sabra.org.br\/site\/","logo":{"@type":"ImageObject","inLanguage":"pt-BR","@id":"https:\/\/www.sabra.org.br\/site\/#\/schema\/logo\/image\/","url":"https:\/\/www.sabra.org.br\/site\/wp-content\/uploads\/2019\/06\/cropped-Logo_SABRA-Copia-1.webp","contentUrl":"https:\/\/www.sabra.org.br\/site\/wp-content\/uploads\/2019\/06\/cropped-Logo_SABRA-Copia-1.webp","width":400,"height":128,"caption":"SOCIEDADE ART\u00cdSTICA BRASILEIRA SABRA"},"image":{"@id":"https:\/\/www.sabra.org.br\/site\/#\/schema\/logo\/image\/"},"sameAs":["https:\/\/www.facebook.com\/sabrabrasil","https:\/\/x.com\/ContatoSabra","https:\/\/www.instagram.com\/sabrabrasil\/","https:\/\/www.linkedin.com\/company\/25002088\/","https:\/\/br.pinterest.com\/sociedadeartisticabrasileira\/","https:\/\/www.youtube.com\/c\/sabrabrasil"]},{"@type":"Person","@id":"https:\/\/www.sabra.org.br\/site\/#\/schema\/person\/7d1d222c3c8891d4c37c7b41bf6315c2","name":"M\u00e1rcio Miranda Pontes","image":{"@type":"ImageObject","inLanguage":"pt-BR","@id":"https:\/\/secure.gravatar.com\/avatar\/3b45f24496a7625a3a6c436688fbe20344faaeb2979658dc4a9921f984d7df9a?s=96&d=mm&r=g","url":"https:\/\/secure.gravatar.com\/avatar\/3b45f24496a7625a3a6c436688fbe20344faaeb2979658dc4a9921f984d7df9a?s=96&d=mm&r=g","contentUrl":"https:\/\/secure.gravatar.com\/avatar\/3b45f24496a7625a3a6c436688fbe20344faaeb2979658dc4a9921f984d7df9a?s=96&d=mm&r=g","caption":"M\u00e1rcio Miranda Pontes"},"sameAs":["http:\/\/www.sabra.org.br"],"url":"https:\/\/www.sabra.org.br\/site\/author\/marcio-miranda-pontes\/"}]}},"jetpack_featured_media_url":"https:\/\/www.sabra.org.br\/site\/wp-content\/uploads\/2023\/11\/por-que-e-necessario-ter-calos-nos-dedos-para-tocar-violaojpg-20221229103337.jpg-jpg.webp","jetpack_shortlink":"https:\/\/wp.me\/p95j2Z-2e7","jetpack-related-posts":[{"id":13334,"url":"https:\/\/www.sabra.org.br\/site\/quarentena-um-otimo-momento-para-aprender-a-tocar-um-instrumento\/","url_meta":{"origin":8563,"position":0},"title":"Quarentena: um \u00f3timo momento para aprender a tocar um instrumento","author":"","date":"22 de agosto de 2025","format":false,"excerpt":"Com a quarentena causada pela Covid-19, muitas pessoas est\u00e3o procurando a melhor forma de usar o tempo livre. Investir em atividades, cursos e projetos que voc\u00ea sempre quis, mas nunca teve tempo, pode ser uma boa op\u00e7\u00e3o. Ainda melhor se for para aprender algo novo, como um instrumento musical. Ficou\u2026","rel":"","context":"Em &quot;Blog SABRA&quot;","block_context":{"text":"Blog SABRA","link":"https:\/\/www.sabra.org.br\/site\/category\/blog-sabra\/"},"img":{"alt_text":"","src":"","width":0,"height":0},"classes":[]},{"id":4495,"url":"https:\/\/www.sabra.org.br\/site\/tocar-flauta-doce\/","url_meta":{"origin":8563,"position":1},"title":"Qual \u00e9 a forma mais f\u00e1cil de aprender a tocar flauta?","author":"M\u00e1rcio Miranda Pontes","date":"30 de dezembro de 2021","format":false,"excerpt":"Voc\u00ea, assim como muitas pessoas, \u00e9 apaixonado por flauta e gostaria de aprender a toc\u00e1-la de forma f\u00e1cil? Se respondeu afirmativamente, leia o conte\u00fado a seguir. Nele, apresentamos algumas dicas que podem te ajudar.","rel":"","context":"Em &quot;Blog SABRA&quot;","block_context":{"text":"Blog SABRA","link":"https:\/\/www.sabra.org.br\/site\/category\/blog-sabra\/"},"img":{"alt_text":"flauta-instrumento-aprender-tocar","src":"https:\/\/i0.wp.com\/www.sabra.org.br\/site\/wp-content\/uploads\/2021\/12\/qual-e-a-forma-mais-facil-de-aprender-a-tocar-flauta-20211027111153.jpg.jpg?resize=350%2C200&ssl=1","width":350,"height":200,"srcset":"https:\/\/i0.wp.com\/www.sabra.org.br\/site\/wp-content\/uploads\/2021\/12\/qual-e-a-forma-mais-facil-de-aprender-a-tocar-flauta-20211027111153.jpg.jpg?resize=350%2C200&ssl=1 1x, https:\/\/i0.wp.com\/www.sabra.org.br\/site\/wp-content\/uploads\/2021\/12\/qual-e-a-forma-mais-facil-de-aprender-a-tocar-flauta-20211027111153.jpg.jpg?resize=525%2C300&ssl=1 1.5x, https:\/\/i0.wp.com\/www.sabra.org.br\/site\/wp-content\/uploads\/2021\/12\/qual-e-a-forma-mais-facil-de-aprender-a-tocar-flauta-20211027111153.jpg.jpg?resize=700%2C400&ssl=1 2x"},"classes":[]},{"id":7002,"url":"https:\/\/www.sabra.org.br\/site\/aprender-instrumento-2\/","url_meta":{"origin":8563,"position":2},"title":"Instrumentos mais f\u00e1ceis para se aprender a tocar","author":"M\u00e1rcio Miranda Pontes","date":"28 de abril de 2023","format":false,"excerpt":"Um dos instrumentos mais populares, o viol\u00e3o n\u00e3o \u00e9 um dos mais f\u00e1ceis para quem quer aprender a tocar algo. Descubra no texto abaixo os instrumentos mais f\u00e1ceis para iniciantes!","rel":"","context":"Em &quot;Blog SABRA&quot;","block_context":{"text":"Blog SABRA","link":"https:\/\/www.sabra.org.br\/site\/category\/blog-sabra\/"},"img":{"alt_text":"aprender-tocar-instrumento","src":"https:\/\/i0.wp.com\/www.sabra.org.br\/site\/wp-content\/uploads\/2023\/04\/instrumentos-mais-faceis-para-se-aprender-a-tocar-20171219145022.jpg.jpg?resize=350%2C200&ssl=1","width":350,"height":200,"srcset":"https:\/\/i0.wp.com\/www.sabra.org.br\/site\/wp-content\/uploads\/2023\/04\/instrumentos-mais-faceis-para-se-aprender-a-tocar-20171219145022.jpg.jpg?resize=350%2C200&ssl=1 1x, https:\/\/i0.wp.com\/www.sabra.org.br\/site\/wp-content\/uploads\/2023\/04\/instrumentos-mais-faceis-para-se-aprender-a-tocar-20171219145022.jpg.jpg?resize=525%2C300&ssl=1 1.5x, https:\/\/i0.wp.com\/www.sabra.org.br\/site\/wp-content\/uploads\/2023\/04\/instrumentos-mais-faceis-para-se-aprender-a-tocar-20171219145022.jpg.jpg?resize=700%2C400&ssl=1 2x, https:\/\/i0.wp.com\/www.sabra.org.br\/site\/wp-content\/uploads\/2023\/04\/instrumentos-mais-faceis-para-se-aprender-a-tocar-20171219145022.jpg.jpg?resize=1050%2C600&ssl=1 3x, https:\/\/i0.wp.com\/www.sabra.org.br\/site\/wp-content\/uploads\/2023\/04\/instrumentos-mais-faceis-para-se-aprender-a-tocar-20171219145022.jpg.jpg?resize=1400%2C800&ssl=1 4x"},"classes":[]},{"id":6939,"url":"https:\/\/www.sabra.org.br\/site\/aprender-youtube\/","url_meta":{"origin":8563,"position":3},"title":"Canais no Youtube para aprender a tocar instrumentos","author":"M\u00e1rcio Miranda Pontes","date":"17 de abril de 2023","format":false,"excerpt":"Aprender algo novo \u00e9 sempre muito bom e satisfat\u00f3rio. Voc\u00ea j\u00e1 pensou em aprender a tocar algum instrumento musical? Trouxemos aqui cinco canais no YouTube para aprender a tocar instrumentos que v\u00e3o facilitar o seu aprendizado nessa nova aventura.","rel":"","context":"Em &quot;Blog SABRA&quot;","block_context":{"text":"Blog SABRA","link":"https:\/\/www.sabra.org.br\/site\/category\/blog-sabra\/"},"img":{"alt_text":"canal-m\u00fasicos-instrumento-v\u00eddeos-aprender-aulas-cifra-canais-viol\u00e3o","src":"https:\/\/i0.wp.com\/www.sabra.org.br\/site\/wp-content\/uploads\/2023\/04\/canais-no-youtube-para-aprender-a-tocar-instrumentos-20221027111319.jpg.jpg?resize=350%2C200&ssl=1","width":350,"height":200,"srcset":"https:\/\/i0.wp.com\/www.sabra.org.br\/site\/wp-content\/uploads\/2023\/04\/canais-no-youtube-para-aprender-a-tocar-instrumentos-20221027111319.jpg.jpg?resize=350%2C200&ssl=1 1x, https:\/\/i0.wp.com\/www.sabra.org.br\/site\/wp-content\/uploads\/2023\/04\/canais-no-youtube-para-aprender-a-tocar-instrumentos-20221027111319.jpg.jpg?resize=525%2C300&ssl=1 1.5x"},"classes":[]},{"id":13103,"url":"https:\/\/www.sabra.org.br\/site\/x-dicas-de-como-tocar-violao-sendo-canhoto\/","url_meta":{"origin":8563,"position":4},"title":"X dicas de como tocar viol\u00e3o sendo canhoto","author":"","date":"22 de agosto de 2025","format":false,"excerpt":"Aprender a tocar viol\u00e3o \u00e9 uma jornada emocionante e gratificante, mas para os canhotos, pode haver desafios adicionais ao longo do caminho. Enquanto a maioria dos viol\u00f5es e m\u00e9todos de ensino s\u00e3o projetados para destros, os m\u00fasicos canhotos precisam de abordagens e recursos espec\u00edficos para se adaptarem e prosperarem. Desde\u2026","rel":"","context":"Em &quot;Blog SABRA&quot;","block_context":{"text":"Blog SABRA","link":"https:\/\/www.sabra.org.br\/site\/category\/blog-sabra\/"},"img":{"alt_text":"","src":"","width":0,"height":0},"classes":[]},{"id":7731,"url":"https:\/\/www.sabra.org.br\/site\/musicas-faceis-para-instrumento\/","url_meta":{"origin":8563,"position":5},"title":"10 musicas f\u00e1ceis para aprender a tocar","author":"M\u00e1rcio Miranda Pontes","date":"28 de julho de 2023","format":false,"excerpt":"Conhe\u00e7a 10 m\u00fasicas f\u00e1ceis para aprender a tocar. Aprender um novo instrumento \u00e9 uma jornada divertida, mas tamb\u00e9m desafiadora. Por isso, conhe\u00e7a as m\u00fasicas que v\u00e3o te ajudar neste processo.","rel":"","context":"Em &quot;Blog SABRA&quot;","block_context":{"text":"Blog SABRA","link":"https:\/\/www.sabra.org.br\/site\/category\/blog-sabra\/"},"img":{"alt_text":"sabra-m\u00fasica-aprender-acordes-instrumento-tocar-b\u00e1sicos-musicais-come\u00e7ar-pr\u00e1tica-progress\u00e3o","src":"https:\/\/i0.wp.com\/www.sabra.org.br\/site\/wp-content\/uploads\/2023\/07\/x-musicas-faceis-para-aprender-a-tocarjpg-20230504105610.jpg-jpg.webp?resize=350%2C200&ssl=1","width":350,"height":200,"srcset":"https:\/\/i0.wp.com\/www.sabra.org.br\/site\/wp-content\/uploads\/2023\/07\/x-musicas-faceis-para-aprender-a-tocarjpg-20230504105610.jpg-jpg.webp?resize=350%2C200&ssl=1 1x, https:\/\/i0.wp.com\/www.sabra.org.br\/site\/wp-content\/uploads\/2023\/07\/x-musicas-faceis-para-aprender-a-tocarjpg-20230504105610.jpg-jpg.webp?resize=525%2C300&ssl=1 1.5x, https:\/\/i0.wp.com\/www.sabra.org.br\/site\/wp-content\/uploads\/2023\/07\/x-musicas-faceis-para-aprender-a-tocarjpg-20230504105610.jpg-jpg.webp?resize=700%2C400&ssl=1 2x"},"classes":[]}],"jetpack_likes_enabled":true,"jetpack_sharing_enabled":true,"_links":{"self":[{"href":"https:\/\/www.sabra.org.br\/site\/wp-json\/wp\/v2\/posts\/8563","targetHints":{"allow":["GET"]}}],"collection":[{"href":"https:\/\/www.sabra.org.br\/site\/wp-json\/wp\/v2\/posts"}],"about":[{"href":"https:\/\/www.sabra.org.br\/site\/wp-json\/wp\/v2\/types\/post"}],"author":[{"embeddable":true,"href":"https:\/\/www.sabra.org.br\/site\/wp-json\/wp\/v2\/users\/39"}],"replies":[{"embeddable":true,"href":"https:\/\/www.sabra.org.br\/site\/wp-json\/wp\/v2\/comments?post=8563"}],"version-history":[{"count":0,"href":"https:\/\/www.sabra.org.br\/site\/wp-json\/wp\/v2\/posts\/8563\/revisions"}],"wp:featuredmedia":[{"embeddable":true,"href":"https:\/\/www.sabra.org.br\/site\/wp-json\/wp\/v2\/media\/8565"}],"wp:attachment":[{"href":"https:\/\/www.sabra.org.br\/site\/wp-json\/wp\/v2\/media?parent=8563"}],"wp:term":[{"taxonomy":"category","embeddable":true,"href":"https:\/\/www.sabra.org.br\/site\/wp-json\/wp\/v2\/categories?post=8563"},{"taxonomy":"post_tag","embeddable":true,"href":"https:\/\/www.sabra.org.br\/site\/wp-json\/wp\/v2\/tags?post=8563"}],"curies":[{"name":"wp","href":"https:\/\/api.w.org\/{rel}","templated":true}]}}