{"id":8643,"date":"2023-12-08T11:48:38","date_gmt":"2023-12-08T14:48:38","guid":{"rendered":"https:\/\/www.sabra.org.br\/site\/?p=8643"},"modified":"2025-04-18T11:08:32","modified_gmt":"2025-04-18T14:08:32","slug":"professor-aluno","status":"publish","type":"post","link":"https:\/\/www.sabra.org.br\/site\/professor-aluno\/","title":{"rendered":"Professor e Aluno: Por que essa rela\u00e7\u00e3o \u00e9 importante?"},"content":{"rendered":"<p>Debater a relev\u00e2ncia das institui\u00e7\u00f5es de ensino para al\u00e9m de uma transmiss\u00e3o de conhecimentos \u00e9 algo que precisamos fazer mais. Afinal, a educa\u00e7\u00e3o tem impacto em toda a sociedade, tanto para formar profissionais como cidad\u00e3os conscientes. Tudo isto \u00e9 poss\u00edvel gra\u00e7as \u00e0 rela\u00e7\u00e3o professor e aluno. Voc\u00ea j\u00e1 parou para pensar por que ela \u00e9 t\u00e3o importante? Independentemente da idade do estudante ou do n\u00edvel de forma\u00e7\u00e3o, n\u00e3o podemos menosprezar este v\u00ednculo.<\/p>\n<p>\u00c9 f\u00e1cil notar que quanto melhor for o relacionamento intra e extraclasse, maior a motiva\u00e7\u00e3o de ambas as partes, o que contribui para a absor\u00e7\u00e3o de conhecimento e inicia um caminho sem volta rumo ao pensamento cr\u00edtico. Significa, desta forma, investir em uma atua\u00e7\u00e3o em que mais do que incutir conhecimento, professores alimentam ideias &#8211; algo a se aplicar no mundo e na sociedade que nos cerca. Parafraseando Albert Einstein, a mente que decide se abrir a uma nova ideia nunca mais voltar\u00e1 ao tamanho original. \u00c9 assim que o professor tem a oportunidade de agir como um semeador do pensamento.<\/p>\n<h2>Professor e aluno: motiva\u00e7\u00e3o e pensamento cr\u00edtico<\/h2>\n<p>Uma boa pr\u00e1tica educativa \u00e9 fundamentada na troca de experi\u00eancias. Consequentemente, falamos de um cen\u00e1rio onde a figura do educador n\u00e3o pode ser distante e meramente funcional. Aulas de rob\u00f3tica e voltadas para um ensino que visa apenas fazer decorar informa\u00e7\u00e3o jamais ser\u00e3o capazes de motivar os estudantes. \u00c9 preciso criar uma conviv\u00eancia natural entre docentes e educandos. O papel motivador nasce de a\u00e7\u00f5es para engajamento, alimentadas pela capacidade de orat\u00f3ria e convencimento do professor.<\/p>\n<p>Deste modo, poder\u00e3o ser compartilhadas experi\u00eancias, opini\u00f5es e informa\u00e7\u00f5es de modo construtivo e respeitoso. Al\u00e9m de transmitir os conhecimentos que acumulou ao longo de sua forma\u00e7\u00e3o, o educador deve acender a chama da reflex\u00e3o. Atrav\u00e9s de um di\u00e1logo aberto, os discentes t\u00eam a oportunidade de aprender a se posicionar, opinando sobre diferentes assuntos, dempre de forma a privilegiar vis\u00f5es de mundo igualit\u00e1rias e tolerantes.<\/p>\n<h2>Di\u00e1logo e identifica\u00e7\u00e3o de dificuldades<\/h2>\n<p>A rela\u00e7\u00e3o professor e aluno \u00e9 tamb\u00e9m uma grande oportunidade para estimular a curiosidade. Sem ela, n\u00e3o h\u00e1 busca por conhecimento que possa ser sustentada. N\u00e3o h\u00e1 pensamento cr\u00edtico que possa ser colhido, uma vez que tenha sido semeado em terreno sem curiosidade ativa. \u00c9 inclusive neste cen\u00e1rio favor\u00e1vel que os estudantes poder\u00e3o dar a sua contribui\u00e7\u00e3o para a vida dos docentes. Pois h\u00e1 experi\u00eancias intergeracionais e \u00fanicas que podem ser apreendidas desta forma.<\/p>\n<p>N\u00e3o menos importante, \u00e9 o papel de reconhecimento de dificuldades enfrentadas por alguns membros do corpo discente. Afinal, sempre h\u00e1 aqueles estudantes que apresentam um desenvolvimento mais lento ou que precisam de mais aten\u00e7\u00e3o do professor. Sabemos que, muitas vezes, o des\u00e2nimo pelo desempenho ruim em uma mat\u00e9ria tende a prejudicar todo o resto. Ao reconhecer e prestar o apoio devido, professores evitam as evas\u00f5es futuras. O modo particular de aprendizado sendo respeitado, e servindo de est\u00edmulo renovado, abre espa\u00e7o para que o aluno evolua dentro de suas aptid\u00f5es naturais.<\/p>\n<h2>O que podemos concluir<\/h2>\n<p>N\u00e3o \u00e9 acaso que o cinema tenha explorado tantas vezes o poder construtivo da rela\u00e7\u00e3o entre professor e aluno. Seja atrav\u00e9s de obras como \u201cAo Mestre com Carinho\u201d ou \u201cSociedade dos Poetas Mortos\u201d, a fic\u00e7\u00e3o nos aponta uma conclus\u00e3o: o professor pode ser transformador na vida de um aluno. Este irradiar\u00e1 o que aprendeu na sua viv\u00eancia, levando os ensinamentos e atitudes aprendidas para toda a sociedade. Neste sentido, a sala de aula constr\u00f3i cidad\u00e3os melhores, e os professores s\u00e3o o alicerce desta edifica\u00e7\u00e3o.<\/p>\n<blockquote class=\"wp-embedded-content\" data-secret=\"ZBeWEu4Gw2\"><p><a href=\"https:\/\/www.sabra.org.br\/site\/arte-internet\/\">Arte na Internet<\/a><\/p><\/blockquote>\n<p><iframe class=\"wp-embedded-content\" sandbox=\"allow-scripts\" security=\"restricted\" style=\"position: absolute; visibility: hidden;\" title=\"&#8220;Arte na Internet&#8221; &#8212; SABRA - Sociedade Art\u00edstica Brasileira\" src=\"https:\/\/www.sabra.org.br\/site\/arte-internet\/embed\/#?secret=vfkLIDXXA4#?secret=ZBeWEu4Gw2\" data-secret=\"ZBeWEu4Gw2\" width=\"600\" height=\"338\" frameborder=\"0\" marginwidth=\"0\" marginheight=\"0\" scrolling=\"no\"><\/iframe><\/p>\n<hr \/>\n<h2>Se voc\u00ea gostou deste post:<\/h2>\n<ul>\n<li>SIGA as nossas p\u00e1ginas nas redes sociais para acompanhar as nossas atualiza\u00e7\u00f5es: estamos no <a href=\"https:\/\/www.facebook.com\/sabrabrasil\" target=\"_blank\" rel=\"noopener\">Facebook<\/a>, no <a href=\"https:\/\/www.instagram.com\/sabrabrasil\/\" target=\"_blank\" rel=\"noopener\">Instagram<\/a>, no <a href=\"https:\/\/www.linkedin.com\/company\/25002088\" target=\"_blank\" rel=\"noopener\">LinkedIn<\/a>, no <a href=\"https:\/\/twitter.com\/ContatoSabra\" target=\"_blank\" rel=\"noopener\">Twitter<\/a> e no <a href=\"https:\/\/www.youtube.com\/channel\/UCJw-kbuEvzUNdeQf20Pa-eQ\" target=\"_blank\" rel=\"noopener\">YouTube<\/a>!<\/li>\n<li>CONHE\u00c7A o trabalho da Sociedade Art\u00edstica Brasileira (SABRA) e todas as iniciativas culturais e sociais que ela mant\u00e9m. <a href=\"https:\/\/www.sabra.org.br\/site\/acoes\/\" target=\"_blank\" rel=\"noopener\">Acesse nosso site!<\/a><\/li>\n<li>ENTRE EM CONTATO com a gente. E veja quais s\u00e3o as op\u00e7\u00f5es de ajuda na manuten\u00e7\u00e3o de nossas a\u00e7\u00f5es sociais e culturais. Basta acessar nossa p\u00e1gina <a href=\"https:\/\/www.sabra.org.br\/site\/doe-agora\/\" target=\"_blank\" rel=\"noopener\">Doe Agora!<\/a><\/li>\n<li>COMPARTILHE este texto nas suas redes sociais e ajude os seus amigos a tamb\u00e9m dominarem o assunto!<\/li>\n<\/ul>\n<p>\u2013 Os projetos da @sabrabrasil s\u00e3o realizados com o patroci\u0301nio m\u00e1ster: @institutounimedbh, viabilizado pelo incentivo de mais de 5,3 mil m\u00e9dicos cooperados e colaboradores via Lei de Incentivo \u00e0 Cultura &#8211; @culturagovbr<\/p>\n<blockquote class=\"wp-embedded-content\" data-secret=\"BQudCdWpDy\"><p><a href=\"https:\/\/www.sabra.org.br\/site\/qual-o-papel-do-professor-na-educacao-musical-para-criancas\/\">Professor e educa\u00e7\u00e3o musical<\/a><\/p><\/blockquote>\n<p><iframe class=\"wp-embedded-content\" sandbox=\"allow-scripts\" security=\"restricted\" style=\"position: absolute; visibility: hidden;\" title=\"&#8220;Professor e educa\u00e7\u00e3o musical&#8221; &#8212; SABRA - Sociedade Art\u00edstica Brasileira\" src=\"https:\/\/www.sabra.org.br\/site\/qual-o-papel-do-professor-na-educacao-musical-para-criancas\/embed\/#?secret=G1xpBtcD4V#?secret=BQudCdWpDy\" data-secret=\"BQudCdWpDy\" width=\"600\" height=\"338\" frameborder=\"0\" marginwidth=\"0\" marginheight=\"0\" scrolling=\"no\"><\/iframe><\/p>\n<p>Criado por: <a href=\"https:\/\/redaweb.com.br\">Ag\u00eancia RedaWeb<\/a><\/p>\n","protected":false},"excerpt":{"rendered":"<p>O professor \u00e9 uma das principais refer\u00eancias na forma\u00e7\u00e3o de um aluno. Atrav\u00e9s dele, o aluno se desenvolve e consegue, muitas vezes, alcan\u00e7ar o seu m\u00e1ximo. Acesse este texto e entenda por que essa rela\u00e7\u00e3o entre professor e aluno \u00e9 t\u00e3o importante para ambos.<\/p>\n","protected":false},"author":39,"featured_media":8645,"comment_status":"closed","ping_status":"closed","sticky":false,"template":"","format":"standard","meta":{"jetpack_post_was_ever_published":false,"_jetpack_newsletter_access":"","_jetpack_dont_email_post_to_subs":false,"_jetpack_newsletter_tier_id":0,"_jetpack_memberships_contains_paywalled_content":false,"_jetpack_memberships_contains_paid_content":false,"footnotes":""},"categories":[1],"tags":[15,2757,3626,3623,8,3629,1285,3628,16,3519,1286,11,3622,9],"class_list":["post-8643","post","type-post","status-publish","format-standard","has-post-thumbnail","hentry","category-blog-sabra","tag-assistencia-social","tag-belo-horizonte","tag-cabo-frio","tag-campos-dos-goytacazes","tag-canto-coral","tag-contagem","tag-escola-de-musica-sabra","tag-ibirite","tag-musicalizacao-infantil","tag-nova-lima-2","tag-orquestra-infanto-juvenil-de-betim","tag-orquestra-sinfonica-de-betim","tag-raposos","tag-sociedade-artistica-brasileira"],"yoast_head":"<!-- This site is optimized with the Yoast SEO plugin v27.5 - https:\/\/yoast.com\/product\/yoast-seo-wordpress\/ -->\n<title>Professor e Aluno: Por que essa rela\u00e7\u00e3o \u00e9 importante? - SABRA - Sociedade Art\u00edstica Brasileira<\/title>\n<meta name=\"description\" content=\"O professor \u00e9 uma das principais refer\u00eancias na forma\u00e7\u00e3o educacional. Atrav\u00e9s dele, o aluno se desenvolve e consegue alcan\u00e7ar o seu m\u00e1ximo.\" \/>\n<meta name=\"robots\" content=\"index, follow, max-snippet:-1, max-image-preview:large, max-video-preview:-1\" \/>\n<link rel=\"canonical\" href=\"https:\/\/www.sabra.org.br\/site\/professor-aluno\/\" \/>\n<meta property=\"og:locale\" content=\"pt_BR\" \/>\n<meta property=\"og:type\" content=\"article\" \/>\n<meta property=\"og:title\" content=\"Professor e Aluno: Por que essa rela\u00e7\u00e3o \u00e9 importante? - SABRA - Sociedade Art\u00edstica Brasileira\" \/>\n<meta property=\"og:description\" content=\"O professor \u00e9 uma das principais refer\u00eancias na forma\u00e7\u00e3o educacional. Atrav\u00e9s dele, o aluno se desenvolve e consegue alcan\u00e7ar o seu m\u00e1ximo.\" \/>\n<meta property=\"og:url\" content=\"https:\/\/www.sabra.org.br\/site\/professor-aluno\/\" \/>\n<meta property=\"og:site_name\" content=\"SABRA - Sociedade Art\u00edstica Brasileira\" \/>\n<meta property=\"article:publisher\" content=\"https:\/\/www.facebook.com\/sabrabrasil\" \/>\n<meta property=\"article:published_time\" content=\"2023-12-08T14:48:38+00:00\" \/>\n<meta property=\"article:modified_time\" content=\"2025-04-18T14:08:32+00:00\" \/>\n<meta property=\"og:image\" content=\"https:\/\/www.sabra.org.br\/site\/wp-content\/uploads\/2023\/12\/professor-e-aluno-por-que-essa-relacao-e-importante-20181024171547.jpg-jpg.webp\" \/>\n\t<meta property=\"og:image:width\" content=\"800\" \/>\n\t<meta property=\"og:image:height\" content=\"533\" \/>\n\t<meta property=\"og:image:type\" content=\"image\/jpeg\" \/>\n<meta name=\"author\" content=\"M\u00e1rcio Miranda Pontes\" \/>\n<meta name=\"twitter:card\" content=\"summary_large_image\" \/>\n<meta name=\"twitter:creator\" content=\"@ContatoSabra\" \/>\n<meta name=\"twitter:site\" content=\"@ContatoSabra\" \/>\n<meta name=\"twitter:label1\" content=\"Escrito por\" \/>\n\t<meta name=\"twitter:data1\" content=\"M\u00e1rcio Miranda Pontes\" \/>\n\t<meta name=\"twitter:label2\" content=\"Est. tempo de leitura\" \/>\n\t<meta name=\"twitter:data2\" content=\"5 minutos\" \/>\n<script type=\"application\/ld+json\" class=\"yoast-schema-graph\">{\"@context\":\"https:\\\/\\\/schema.org\",\"@graph\":[{\"@type\":\"Article\",\"@id\":\"https:\\\/\\\/www.sabra.org.br\\\/site\\\/professor-aluno\\\/#article\",\"isPartOf\":{\"@id\":\"https:\\\/\\\/www.sabra.org.br\\\/site\\\/professor-aluno\\\/\"},\"author\":{\"name\":\"M\u00e1rcio Miranda Pontes\",\"@id\":\"https:\\\/\\\/www.sabra.org.br\\\/site\\\/#\\\/schema\\\/person\\\/7d1d222c3c8891d4c37c7b41bf6315c2\"},\"headline\":\"Professor e Aluno: Por que essa rela\u00e7\u00e3o \u00e9 importante?\",\"datePublished\":\"2023-12-08T14:48:38+00:00\",\"dateModified\":\"2025-04-18T14:08:32+00:00\",\"mainEntityOfPage\":{\"@id\":\"https:\\\/\\\/www.sabra.org.br\\\/site\\\/professor-aluno\\\/\"},\"wordCount\":804,\"publisher\":{\"@id\":\"https:\\\/\\\/www.sabra.org.br\\\/site\\\/#organization\"},\"image\":{\"@id\":\"https:\\\/\\\/www.sabra.org.br\\\/site\\\/professor-aluno\\\/#primaryimage\"},\"thumbnailUrl\":\"https:\\\/\\\/www.sabra.org.br\\\/site\\\/wp-content\\\/uploads\\\/2023\\\/12\\\/professor-e-aluno-por-que-essa-relacao-e-importante-20181024171547.jpg-jpg.webp\",\"keywords\":[\"Assist\u00eancia social\",\"Belo Horizonte\",\"Cabo Frio\",\"Campos dos Goytacazes\",\"Canto Coral\",\"Contagem\",\"Escola de Musica SABRA\",\"Ibirit\u00e9\",\"Musicaliza\u00e7\u00e3o Infantil\",\"nova lima\",\"Orquestra Infanto Juvenil de Betim\",\"Orquestra Sinf\u00f4nica de Betim\",\"Raposos\",\"Sociedade Art\u00edstica Brasileira\"],\"articleSection\":[\"Blog SABRA\"],\"inLanguage\":\"pt-BR\"},{\"@type\":\"WebPage\",\"@id\":\"https:\\\/\\\/www.sabra.org.br\\\/site\\\/professor-aluno\\\/\",\"url\":\"https:\\\/\\\/www.sabra.org.br\\\/site\\\/professor-aluno\\\/\",\"name\":\"Professor e Aluno: Por que essa rela\u00e7\u00e3o \u00e9 importante? - SABRA - Sociedade Art\u00edstica Brasileira\",\"isPartOf\":{\"@id\":\"https:\\\/\\\/www.sabra.org.br\\\/site\\\/#website\"},\"primaryImageOfPage\":{\"@id\":\"https:\\\/\\\/www.sabra.org.br\\\/site\\\/professor-aluno\\\/#primaryimage\"},\"image\":{\"@id\":\"https:\\\/\\\/www.sabra.org.br\\\/site\\\/professor-aluno\\\/#primaryimage\"},\"thumbnailUrl\":\"https:\\\/\\\/www.sabra.org.br\\\/site\\\/wp-content\\\/uploads\\\/2023\\\/12\\\/professor-e-aluno-por-que-essa-relacao-e-importante-20181024171547.jpg-jpg.webp\",\"datePublished\":\"2023-12-08T14:48:38+00:00\",\"dateModified\":\"2025-04-18T14:08:32+00:00\",\"description\":\"O professor \u00e9 uma das principais refer\u00eancias na forma\u00e7\u00e3o educacional. Atrav\u00e9s dele, o aluno se desenvolve e consegue alcan\u00e7ar o seu m\u00e1ximo.\",\"breadcrumb\":{\"@id\":\"https:\\\/\\\/www.sabra.org.br\\\/site\\\/professor-aluno\\\/#breadcrumb\"},\"inLanguage\":\"pt-BR\",\"potentialAction\":[{\"@type\":\"ReadAction\",\"target\":[\"https:\\\/\\\/www.sabra.org.br\\\/site\\\/professor-aluno\\\/\"]}]},{\"@type\":\"ImageObject\",\"inLanguage\":\"pt-BR\",\"@id\":\"https:\\\/\\\/www.sabra.org.br\\\/site\\\/professor-aluno\\\/#primaryimage\",\"url\":\"https:\\\/\\\/www.sabra.org.br\\\/site\\\/wp-content\\\/uploads\\\/2023\\\/12\\\/professor-e-aluno-por-que-essa-relacao-e-importante-20181024171547.jpg-jpg.webp\",\"contentUrl\":\"https:\\\/\\\/www.sabra.org.br\\\/site\\\/wp-content\\\/uploads\\\/2023\\\/12\\\/professor-e-aluno-por-que-essa-relacao-e-importante-20181024171547.jpg-jpg.webp\",\"width\":800,\"height\":533,\"caption\":\"Sociedade Art\u00edstica Brasileira SABRA\"},{\"@type\":\"BreadcrumbList\",\"@id\":\"https:\\\/\\\/www.sabra.org.br\\\/site\\\/professor-aluno\\\/#breadcrumb\",\"itemListElement\":[{\"@type\":\"ListItem\",\"position\":1,\"name\":\"In\u00edcio\",\"item\":\"https:\\\/\\\/www.sabra.org.br\\\/site\\\/\"},{\"@type\":\"ListItem\",\"position\":2,\"name\":\"Professor e Aluno: Por que essa rela\u00e7\u00e3o \u00e9 importante?\"}]},{\"@type\":\"WebSite\",\"@id\":\"https:\\\/\\\/www.sabra.org.br\\\/site\\\/#website\",\"url\":\"https:\\\/\\\/www.sabra.org.br\\\/site\\\/\",\"name\":\"SABRA - Sociedade Art\u00edstica Brasileira\",\"description\":\"Escola de M\u00fasica, Orquestra Sinf\u00f4nica, Coral e Patrim\u00f4nio Cultural e Hist\u00f3rico\",\"publisher\":{\"@id\":\"https:\\\/\\\/www.sabra.org.br\\\/site\\\/#organization\"},\"potentialAction\":[{\"@type\":\"SearchAction\",\"target\":{\"@type\":\"EntryPoint\",\"urlTemplate\":\"https:\\\/\\\/www.sabra.org.br\\\/site\\\/?s={search_term_string}\"},\"query-input\":{\"@type\":\"PropertyValueSpecification\",\"valueRequired\":true,\"valueName\":\"search_term_string\"}}],\"inLanguage\":\"pt-BR\"},{\"@type\":\"Organization\",\"@id\":\"https:\\\/\\\/www.sabra.org.br\\\/site\\\/#organization\",\"name\":\"SOCIEDADE ART\u00cdSTICA BRASILEIRA SABRA\",\"alternateName\":\"SABRA\",\"url\":\"https:\\\/\\\/www.sabra.org.br\\\/site\\\/\",\"logo\":{\"@type\":\"ImageObject\",\"inLanguage\":\"pt-BR\",\"@id\":\"https:\\\/\\\/www.sabra.org.br\\\/site\\\/#\\\/schema\\\/logo\\\/image\\\/\",\"url\":\"https:\\\/\\\/www.sabra.org.br\\\/site\\\/wp-content\\\/uploads\\\/2019\\\/06\\\/cropped-Logo_SABRA-Copia-1.webp\",\"contentUrl\":\"https:\\\/\\\/www.sabra.org.br\\\/site\\\/wp-content\\\/uploads\\\/2019\\\/06\\\/cropped-Logo_SABRA-Copia-1.webp\",\"width\":400,\"height\":128,\"caption\":\"SOCIEDADE ART\u00cdSTICA BRASILEIRA SABRA\"},\"image\":{\"@id\":\"https:\\\/\\\/www.sabra.org.br\\\/site\\\/#\\\/schema\\\/logo\\\/image\\\/\"},\"sameAs\":[\"https:\\\/\\\/www.facebook.com\\\/sabrabrasil\",\"https:\\\/\\\/x.com\\\/ContatoSabra\",\"https:\\\/\\\/www.instagram.com\\\/sabrabrasil\\\/\",\"https:\\\/\\\/www.linkedin.com\\\/company\\\/25002088\\\/\",\"https:\\\/\\\/br.pinterest.com\\\/sociedadeartisticabrasileira\\\/\",\"https:\\\/\\\/www.youtube.com\\\/c\\\/sabrabrasil\"]},{\"@type\":\"Person\",\"@id\":\"https:\\\/\\\/www.sabra.org.br\\\/site\\\/#\\\/schema\\\/person\\\/7d1d222c3c8891d4c37c7b41bf6315c2\",\"name\":\"M\u00e1rcio Miranda Pontes\",\"image\":{\"@type\":\"ImageObject\",\"inLanguage\":\"pt-BR\",\"@id\":\"https:\\\/\\\/secure.gravatar.com\\\/avatar\\\/3b45f24496a7625a3a6c436688fbe20344faaeb2979658dc4a9921f984d7df9a?s=96&d=mm&r=g\",\"url\":\"https:\\\/\\\/secure.gravatar.com\\\/avatar\\\/3b45f24496a7625a3a6c436688fbe20344faaeb2979658dc4a9921f984d7df9a?s=96&d=mm&r=g\",\"contentUrl\":\"https:\\\/\\\/secure.gravatar.com\\\/avatar\\\/3b45f24496a7625a3a6c436688fbe20344faaeb2979658dc4a9921f984d7df9a?s=96&d=mm&r=g\",\"caption\":\"M\u00e1rcio Miranda Pontes\"},\"sameAs\":[\"http:\\\/\\\/www.sabra.org.br\"],\"url\":\"https:\\\/\\\/www.sabra.org.br\\\/site\\\/author\\\/marcio-miranda-pontes\\\/\"}]}<\/script>\n<!-- \/ Yoast SEO plugin. -->","yoast_head_json":{"title":"Professor e Aluno: Por que essa rela\u00e7\u00e3o \u00e9 importante? - SABRA - Sociedade Art\u00edstica Brasileira","description":"O professor \u00e9 uma das principais refer\u00eancias na forma\u00e7\u00e3o educacional. Atrav\u00e9s dele, o aluno se desenvolve e consegue alcan\u00e7ar o seu m\u00e1ximo.","robots":{"index":"index","follow":"follow","max-snippet":"max-snippet:-1","max-image-preview":"max-image-preview:large","max-video-preview":"max-video-preview:-1"},"canonical":"https:\/\/www.sabra.org.br\/site\/professor-aluno\/","og_locale":"pt_BR","og_type":"article","og_title":"Professor e Aluno: Por que essa rela\u00e7\u00e3o \u00e9 importante? - SABRA - Sociedade Art\u00edstica Brasileira","og_description":"O professor \u00e9 uma das principais refer\u00eancias na forma\u00e7\u00e3o educacional. Atrav\u00e9s dele, o aluno se desenvolve e consegue alcan\u00e7ar o seu m\u00e1ximo.","og_url":"https:\/\/www.sabra.org.br\/site\/professor-aluno\/","og_site_name":"SABRA - Sociedade Art\u00edstica Brasileira","article_publisher":"https:\/\/www.facebook.com\/sabrabrasil","article_published_time":"2023-12-08T14:48:38+00:00","article_modified_time":"2025-04-18T14:08:32+00:00","og_image":[{"width":800,"height":533,"url":"https:\/\/www.sabra.org.br\/site\/wp-content\/uploads\/2023\/12\/professor-e-aluno-por-que-essa-relacao-e-importante-20181024171547.jpg-jpg.webp","type":"image\/jpeg"}],"author":"M\u00e1rcio Miranda Pontes","twitter_card":"summary_large_image","twitter_creator":"@ContatoSabra","twitter_site":"@ContatoSabra","twitter_misc":{"Escrito por":"M\u00e1rcio Miranda Pontes","Est. tempo de leitura":"5 minutos"},"schema":{"@context":"https:\/\/schema.org","@graph":[{"@type":"Article","@id":"https:\/\/www.sabra.org.br\/site\/professor-aluno\/#article","isPartOf":{"@id":"https:\/\/www.sabra.org.br\/site\/professor-aluno\/"},"author":{"name":"M\u00e1rcio Miranda Pontes","@id":"https:\/\/www.sabra.org.br\/site\/#\/schema\/person\/7d1d222c3c8891d4c37c7b41bf6315c2"},"headline":"Professor e Aluno: Por que essa rela\u00e7\u00e3o \u00e9 importante?","datePublished":"2023-12-08T14:48:38+00:00","dateModified":"2025-04-18T14:08:32+00:00","mainEntityOfPage":{"@id":"https:\/\/www.sabra.org.br\/site\/professor-aluno\/"},"wordCount":804,"publisher":{"@id":"https:\/\/www.sabra.org.br\/site\/#organization"},"image":{"@id":"https:\/\/www.sabra.org.br\/site\/professor-aluno\/#primaryimage"},"thumbnailUrl":"https:\/\/www.sabra.org.br\/site\/wp-content\/uploads\/2023\/12\/professor-e-aluno-por-que-essa-relacao-e-importante-20181024171547.jpg-jpg.webp","keywords":["Assist\u00eancia social","Belo Horizonte","Cabo Frio","Campos dos Goytacazes","Canto Coral","Contagem","Escola de Musica SABRA","Ibirit\u00e9","Musicaliza\u00e7\u00e3o Infantil","nova lima","Orquestra Infanto Juvenil de Betim","Orquestra Sinf\u00f4nica de Betim","Raposos","Sociedade Art\u00edstica Brasileira"],"articleSection":["Blog SABRA"],"inLanguage":"pt-BR"},{"@type":"WebPage","@id":"https:\/\/www.sabra.org.br\/site\/professor-aluno\/","url":"https:\/\/www.sabra.org.br\/site\/professor-aluno\/","name":"Professor e Aluno: Por que essa rela\u00e7\u00e3o \u00e9 importante? - SABRA - Sociedade Art\u00edstica Brasileira","isPartOf":{"@id":"https:\/\/www.sabra.org.br\/site\/#website"},"primaryImageOfPage":{"@id":"https:\/\/www.sabra.org.br\/site\/professor-aluno\/#primaryimage"},"image":{"@id":"https:\/\/www.sabra.org.br\/site\/professor-aluno\/#primaryimage"},"thumbnailUrl":"https:\/\/www.sabra.org.br\/site\/wp-content\/uploads\/2023\/12\/professor-e-aluno-por-que-essa-relacao-e-importante-20181024171547.jpg-jpg.webp","datePublished":"2023-12-08T14:48:38+00:00","dateModified":"2025-04-18T14:08:32+00:00","description":"O professor \u00e9 uma das principais refer\u00eancias na forma\u00e7\u00e3o educacional. Atrav\u00e9s dele, o aluno se desenvolve e consegue alcan\u00e7ar o seu m\u00e1ximo.","breadcrumb":{"@id":"https:\/\/www.sabra.org.br\/site\/professor-aluno\/#breadcrumb"},"inLanguage":"pt-BR","potentialAction":[{"@type":"ReadAction","target":["https:\/\/www.sabra.org.br\/site\/professor-aluno\/"]}]},{"@type":"ImageObject","inLanguage":"pt-BR","@id":"https:\/\/www.sabra.org.br\/site\/professor-aluno\/#primaryimage","url":"https:\/\/www.sabra.org.br\/site\/wp-content\/uploads\/2023\/12\/professor-e-aluno-por-que-essa-relacao-e-importante-20181024171547.jpg-jpg.webp","contentUrl":"https:\/\/www.sabra.org.br\/site\/wp-content\/uploads\/2023\/12\/professor-e-aluno-por-que-essa-relacao-e-importante-20181024171547.jpg-jpg.webp","width":800,"height":533,"caption":"Sociedade Art\u00edstica Brasileira SABRA"},{"@type":"BreadcrumbList","@id":"https:\/\/www.sabra.org.br\/site\/professor-aluno\/#breadcrumb","itemListElement":[{"@type":"ListItem","position":1,"name":"In\u00edcio","item":"https:\/\/www.sabra.org.br\/site\/"},{"@type":"ListItem","position":2,"name":"Professor e Aluno: Por que essa rela\u00e7\u00e3o \u00e9 importante?"}]},{"@type":"WebSite","@id":"https:\/\/www.sabra.org.br\/site\/#website","url":"https:\/\/www.sabra.org.br\/site\/","name":"SABRA - Sociedade Art\u00edstica Brasileira","description":"Escola de M\u00fasica, Orquestra Sinf\u00f4nica, Coral e Patrim\u00f4nio Cultural e Hist\u00f3rico","publisher":{"@id":"https:\/\/www.sabra.org.br\/site\/#organization"},"potentialAction":[{"@type":"SearchAction","target":{"@type":"EntryPoint","urlTemplate":"https:\/\/www.sabra.org.br\/site\/?s={search_term_string}"},"query-input":{"@type":"PropertyValueSpecification","valueRequired":true,"valueName":"search_term_string"}}],"inLanguage":"pt-BR"},{"@type":"Organization","@id":"https:\/\/www.sabra.org.br\/site\/#organization","name":"SOCIEDADE ART\u00cdSTICA BRASILEIRA SABRA","alternateName":"SABRA","url":"https:\/\/www.sabra.org.br\/site\/","logo":{"@type":"ImageObject","inLanguage":"pt-BR","@id":"https:\/\/www.sabra.org.br\/site\/#\/schema\/logo\/image\/","url":"https:\/\/www.sabra.org.br\/site\/wp-content\/uploads\/2019\/06\/cropped-Logo_SABRA-Copia-1.webp","contentUrl":"https:\/\/www.sabra.org.br\/site\/wp-content\/uploads\/2019\/06\/cropped-Logo_SABRA-Copia-1.webp","width":400,"height":128,"caption":"SOCIEDADE ART\u00cdSTICA BRASILEIRA SABRA"},"image":{"@id":"https:\/\/www.sabra.org.br\/site\/#\/schema\/logo\/image\/"},"sameAs":["https:\/\/www.facebook.com\/sabrabrasil","https:\/\/x.com\/ContatoSabra","https:\/\/www.instagram.com\/sabrabrasil\/","https:\/\/www.linkedin.com\/company\/25002088\/","https:\/\/br.pinterest.com\/sociedadeartisticabrasileira\/","https:\/\/www.youtube.com\/c\/sabrabrasil"]},{"@type":"Person","@id":"https:\/\/www.sabra.org.br\/site\/#\/schema\/person\/7d1d222c3c8891d4c37c7b41bf6315c2","name":"M\u00e1rcio Miranda Pontes","image":{"@type":"ImageObject","inLanguage":"pt-BR","@id":"https:\/\/secure.gravatar.com\/avatar\/3b45f24496a7625a3a6c436688fbe20344faaeb2979658dc4a9921f984d7df9a?s=96&d=mm&r=g","url":"https:\/\/secure.gravatar.com\/avatar\/3b45f24496a7625a3a6c436688fbe20344faaeb2979658dc4a9921f984d7df9a?s=96&d=mm&r=g","contentUrl":"https:\/\/secure.gravatar.com\/avatar\/3b45f24496a7625a3a6c436688fbe20344faaeb2979658dc4a9921f984d7df9a?s=96&d=mm&r=g","caption":"M\u00e1rcio Miranda Pontes"},"sameAs":["http:\/\/www.sabra.org.br"],"url":"https:\/\/www.sabra.org.br\/site\/author\/marcio-miranda-pontes\/"}]}},"jetpack_featured_media_url":"https:\/\/www.sabra.org.br\/site\/wp-content\/uploads\/2023\/12\/professor-e-aluno-por-que-essa-relacao-e-importante-20181024171547.jpg-jpg.webp","jetpack_shortlink":"https:\/\/wp.me\/p95j2Z-2fp","jetpack-related-posts":[{"id":7206,"url":"https:\/\/www.sabra.org.br\/site\/valorizacao-professor\/","url_meta":{"origin":8643,"position":0},"title":"A import\u00e2ncia da valoriza\u00e7\u00e3o do professor de ensino fundamental","author":"M\u00e1rcio Miranda Pontes","date":"25 de maio de 2023","format":false,"excerpt":"Valorizar o professor de ensino fundamental \u00e9 crucial para que este se desenvolva e consiga ajudar na forma\u00e7\u00e3o dos alunos, auxiliando-os a conquistar os seus objetivos. Leia este texto e tome consci\u00eancia dessa importante miss\u00e3o que deve ser abra\u00e7ada por todos!","rel":"","context":"Em &quot;Blog SABRA&quot;","block_context":{"text":"Blog SABRA","link":"https:\/\/www.sabra.org.br\/site\/category\/blog-sabra\/"},"img":{"alt_text":"professor-estudante-crian\u00e7a-fundamental-ensino-valorizar-motiva\u00e7\u00e3o-educa\u00e7\u00e3o-processo-sabra","src":"https:\/\/i0.wp.com\/www.sabra.org.br\/site\/wp-content\/uploads\/2023\/05\/a-importancia-da-valorizacao-do-professor-de-ensino-fundamental-20181024171547.jpg-jpg.webp?resize=350%2C200&ssl=1","width":350,"height":200,"srcset":"https:\/\/i0.wp.com\/www.sabra.org.br\/site\/wp-content\/uploads\/2023\/05\/a-importancia-da-valorizacao-do-professor-de-ensino-fundamental-20181024171547.jpg-jpg.webp?resize=350%2C200&ssl=1 1x, https:\/\/i0.wp.com\/www.sabra.org.br\/site\/wp-content\/uploads\/2023\/05\/a-importancia-da-valorizacao-do-professor-de-ensino-fundamental-20181024171547.jpg-jpg.webp?resize=525%2C300&ssl=1 1.5x, https:\/\/i0.wp.com\/www.sabra.org.br\/site\/wp-content\/uploads\/2023\/05\/a-importancia-da-valorizacao-do-professor-de-ensino-fundamental-20181024171547.jpg-jpg.webp?resize=700%2C400&ssl=1 2x"},"classes":[]},{"id":2043,"url":"https:\/\/www.sabra.org.br\/site\/qual-a-diferenca-entre-educacao-musical-e-musicalizacao\/","url_meta":{"origin":8643,"position":1},"title":"Educa\u00e7\u00e3o Musical e Musicaliza\u00e7\u00e3o.","author":"M\u00e1rcio Miranda Pontes","date":"21 de maio de 2019","format":false,"excerpt":"Entenda as diferen\u00e7as entre educa\u00e7\u00e3o musical e musicaliza\u00e7\u00e3o no ensino de m\u00fasica e suas aplica\u00e7\u00f5es culturais.","rel":"","context":"Em &quot;Blog SABRA&quot;","block_context":{"text":"Blog SABRA","link":"https:\/\/www.sabra.org.br\/site\/category\/blog-sabra\/"},"img":{"alt_text":"Educa\u00e7\u00e3o Musical Musicaliza\u00e7\u00e3o","src":"https:\/\/i0.wp.com\/www.sabra.org.br\/site\/wp-content\/uploads\/2019\/05\/qual-a-diferenca-entre-educacao-musical-e-musicalizacao-20181030105249.jpg.jpg?resize=350%2C200&ssl=1","width":350,"height":200,"srcset":"https:\/\/i0.wp.com\/www.sabra.org.br\/site\/wp-content\/uploads\/2019\/05\/qual-a-diferenca-entre-educacao-musical-e-musicalizacao-20181030105249.jpg.jpg?resize=350%2C200&ssl=1 1x, https:\/\/i0.wp.com\/www.sabra.org.br\/site\/wp-content\/uploads\/2019\/05\/qual-a-diferenca-entre-educacao-musical-e-musicalizacao-20181030105249.jpg.jpg?resize=525%2C300&ssl=1 1.5x, https:\/\/i0.wp.com\/www.sabra.org.br\/site\/wp-content\/uploads\/2019\/05\/qual-a-diferenca-entre-educacao-musical-e-musicalizacao-20181030105249.jpg.jpg?resize=700%2C400&ssl=1 2x"},"classes":[]},{"id":2211,"url":"https:\/\/www.sabra.org.br\/site\/heron\/","url_meta":{"origin":8643,"position":2},"title":"Heron Mota &#8211;  Depoimento","author":"M\u00e1rcio Miranda Pontes","date":"2 de agosto de 2019","format":false,"excerpt":"Depoimento dos pais de Heron Mota aluno da Escola de M\u00fasica SABRA em Betim - Curso de Musicaliza\u00e7\u00e3o Infantil e Pr\u00e1tica de Orquestra","rel":"","context":"Em &quot;Depoimentos&quot;","block_context":{"text":"Depoimentos","link":"https:\/\/www.sabra.org.br\/site\/category\/depoimentos\/"},"img":{"alt_text":"Heron","src":"https:\/\/i0.wp.com\/www.sabra.org.br\/site\/wp-content\/uploads\/2019\/07\/Heron3.jpeg?resize=350%2C200&ssl=1","width":350,"height":200,"srcset":"https:\/\/i0.wp.com\/www.sabra.org.br\/site\/wp-content\/uploads\/2019\/07\/Heron3.jpeg?resize=350%2C200&ssl=1 1x, https:\/\/i0.wp.com\/www.sabra.org.br\/site\/wp-content\/uploads\/2019\/07\/Heron3.jpeg?resize=525%2C300&ssl=1 1.5x, https:\/\/i0.wp.com\/www.sabra.org.br\/site\/wp-content\/uploads\/2019\/07\/Heron3.jpeg?resize=700%2C400&ssl=1 2x"},"classes":[]},{"id":1709,"url":"https:\/\/www.sabra.org.br\/site\/curso-gratuito-de-musicalizacao-infantil-2019\/","url_meta":{"origin":8643,"position":3},"title":"Curso Gratuito de Musicaliza\u00e7\u00e3o Infantil &#8211; 2019","author":"M\u00e1rcio Miranda Pontes","date":"21 de janeiro de 2019","format":false,"excerpt":"Entre os dias 25 e 28 de fevereiro, as inscri\u00e7\u00f5es estar\u00e3o abertas para o curso gratuito de musicaliza\u00e7\u00e3o infantil da SABRA. O p\u00fablico alvo s\u00e3o crian\u00e7as de oito a dez anos. Essa \u00e9 a porta de entrada para participar da Orquestra Infantil de Betim, fruto da parceria entre a Secretaria\u2026","rel":"","context":"Em &quot;Not\u00edcias&quot;","block_context":{"text":"Not\u00edcias","link":"https:\/\/www.sabra.org.br\/site\/category\/noticias\/"},"img":{"alt_text":"Musicaliza\u00e7\u00e3o Infantil Escola de M\u00fasica","src":"https:\/\/i0.wp.com\/www.sabra.org.br\/site\/wp-content\/uploads\/2019\/01\/Musicaliza%C3%A7%C3%A3o.jpg?resize=350%2C200&ssl=1","width":350,"height":200,"srcset":"https:\/\/i0.wp.com\/www.sabra.org.br\/site\/wp-content\/uploads\/2019\/01\/Musicaliza%C3%A7%C3%A3o.jpg?resize=350%2C200&ssl=1 1x, https:\/\/i0.wp.com\/www.sabra.org.br\/site\/wp-content\/uploads\/2019\/01\/Musicaliza%C3%A7%C3%A3o.jpg?resize=525%2C300&ssl=1 1.5x, https:\/\/i0.wp.com\/www.sabra.org.br\/site\/wp-content\/uploads\/2019\/01\/Musicaliza%C3%A7%C3%A3o.jpg?resize=700%2C400&ssl=1 2x"},"classes":[]},{"id":8657,"url":"https:\/\/www.sabra.org.br\/site\/ensino-estudantes\/","url_meta":{"origin":8643,"position":4},"title":"Saiba qual a import\u00e2ncia do professor na vida de um aluno de ensino fundamental","author":"M\u00e1rcio Miranda Pontes","date":"9 de dezembro de 2023","format":false,"excerpt":"Um professor cumpre n\u00e3o s\u00f3 a miss\u00e3o de facilitar o entendimento em assuntos diversos, mas tamb\u00e9m de estimular os alunos a alcan\u00e7arem o seu m\u00e1ximo. Acesse este texto e saiba qual a import\u00e2ncia desse profissional na vida de um aluno de ensino fundamental!","rel":"","context":"Em &quot;Blog SABRA&quot;","block_context":{"text":"Blog SABRA","link":"https:\/\/www.sabra.org.br\/site\/category\/blog-sabra\/"},"img":{"alt_text":"sabra-m\u00fasica-professor-aluno-ensino-estudantes-sociais-fundamental-acesso-ajuda-culturais-momento-vida","src":"https:\/\/i0.wp.com\/www.sabra.org.br\/site\/wp-content\/uploads\/2023\/12\/saiba-qual-a-importancia-do-professor-na-vida-de-um-aluno-de-ensino-fundamental-20181024171547.jpg-jpg.webp?resize=350%2C200&ssl=1","width":350,"height":200,"srcset":"https:\/\/i0.wp.com\/www.sabra.org.br\/site\/wp-content\/uploads\/2023\/12\/saiba-qual-a-importancia-do-professor-na-vida-de-um-aluno-de-ensino-fundamental-20181024171547.jpg-jpg.webp?resize=350%2C200&ssl=1 1x, https:\/\/i0.wp.com\/www.sabra.org.br\/site\/wp-content\/uploads\/2023\/12\/saiba-qual-a-importancia-do-professor-na-vida-de-um-aluno-de-ensino-fundamental-20181024171547.jpg-jpg.webp?resize=525%2C300&ssl=1 1.5x, https:\/\/i0.wp.com\/www.sabra.org.br\/site\/wp-content\/uploads\/2023\/12\/saiba-qual-a-importancia-do-professor-na-vida-de-um-aluno-de-ensino-fundamental-20181024171547.jpg-jpg.webp?resize=700%2C400&ssl=1 2x"},"classes":[]},{"id":7063,"url":"https:\/\/www.sabra.org.br\/site\/curso-regencia-sinfonica\/","url_meta":{"origin":8643,"position":5},"title":"Curso de Inicia\u00e7\u00e3o \u00e0 Reg\u00eancia Sinf\u00f4nica","author":"M\u00e1rcio Miranda Pontes","date":"3 de maio de 2023","format":false,"excerpt":"Ser o Regente de uma Orquestra Sinf\u00f4nica \u00e9 uma atividade que requer por parte de quem o faz muita dedica\u00e7\u00e3o e conhecimento. Por isso, \u00e9 indispens\u00e1vel investir em um curso de Inicia\u00e7\u00e3o \u00e0 Reg\u00eancia Sinf\u00f4nica.","rel":"","context":"Em &quot;Blog SABRA&quot;","block_context":{"text":"Blog SABRA","link":"https:\/\/www.sabra.org.br\/site\/category\/blog-sabra\/"},"img":{"alt_text":"m\u00fasica-curso-benef\u00edcio-crian\u00e7a-positiva-sinf\u00f4nica-cultural-inicia\u00e7\u00e3o","src":"https:\/\/i0.wp.com\/www.sabra.org.br\/site\/wp-content\/uploads\/2023\/05\/curso-de-iniciacao-a-regencia-sinfonica-20171229162457.jpg.jpg?resize=350%2C200&ssl=1","width":350,"height":200,"srcset":"https:\/\/i0.wp.com\/www.sabra.org.br\/site\/wp-content\/uploads\/2023\/05\/curso-de-iniciacao-a-regencia-sinfonica-20171229162457.jpg.jpg?resize=350%2C200&ssl=1 1x, https:\/\/i0.wp.com\/www.sabra.org.br\/site\/wp-content\/uploads\/2023\/05\/curso-de-iniciacao-a-regencia-sinfonica-20171229162457.jpg.jpg?resize=525%2C300&ssl=1 1.5x, https:\/\/i0.wp.com\/www.sabra.org.br\/site\/wp-content\/uploads\/2023\/05\/curso-de-iniciacao-a-regencia-sinfonica-20171229162457.jpg.jpg?resize=700%2C400&ssl=1 2x"},"classes":[]}],"jetpack_likes_enabled":true,"jetpack_sharing_enabled":true,"_links":{"self":[{"href":"https:\/\/www.sabra.org.br\/site\/wp-json\/wp\/v2\/posts\/8643","targetHints":{"allow":["GET"]}}],"collection":[{"href":"https:\/\/www.sabra.org.br\/site\/wp-json\/wp\/v2\/posts"}],"about":[{"href":"https:\/\/www.sabra.org.br\/site\/wp-json\/wp\/v2\/types\/post"}],"author":[{"embeddable":true,"href":"https:\/\/www.sabra.org.br\/site\/wp-json\/wp\/v2\/users\/39"}],"replies":[{"embeddable":true,"href":"https:\/\/www.sabra.org.br\/site\/wp-json\/wp\/v2\/comments?post=8643"}],"version-history":[{"count":0,"href":"https:\/\/www.sabra.org.br\/site\/wp-json\/wp\/v2\/posts\/8643\/revisions"}],"wp:featuredmedia":[{"embeddable":true,"href":"https:\/\/www.sabra.org.br\/site\/wp-json\/wp\/v2\/media\/8645"}],"wp:attachment":[{"href":"https:\/\/www.sabra.org.br\/site\/wp-json\/wp\/v2\/media?parent=8643"}],"wp:term":[{"taxonomy":"category","embeddable":true,"href":"https:\/\/www.sabra.org.br\/site\/wp-json\/wp\/v2\/categories?post=8643"},{"taxonomy":"post_tag","embeddable":true,"href":"https:\/\/www.sabra.org.br\/site\/wp-json\/wp\/v2\/tags?post=8643"}],"curies":[{"name":"wp","href":"https:\/\/api.w.org\/{rel}","templated":true}]}}