{"id":8698,"date":"2023-12-14T06:06:36","date_gmt":"2023-12-14T09:06:36","guid":{"rendered":"https:\/\/www.sabra.org.br\/site\/?p=8698"},"modified":"2025-04-18T11:03:52","modified_gmt":"2025-04-18T14:03:52","slug":"arte-problemas-emocionais","status":"publish","type":"post","link":"https:\/\/www.sabra.org.br\/site\/arte-problemas-emocionais\/","title":{"rendered":"Como a arte pode ajudar a aliviar problemas emocionais?"},"content":{"rendered":"<p>A arte \u00e9 uma das formas de dar sentido \u00e0 vida e pode ser uma grande aliada para quem sofre com quest\u00f5es de ordem emocional. Por meio das express\u00f5es art\u00edsticas, o indiv\u00edduo pode redirecionar sua mente para lidar melhor com os sentimentos que interferem na sua vida. Saiba como a arte pode ajudar a aliviar problemas emocionais.<\/p>\n<h2>A arte \u00e9 um ref\u00fagio para a mente<\/h2>\n<p>A arte \u00e9 um importante meio de aliviar diversos problemas emocionais como o estresse, a ansiedade e a depress\u00e3o. At\u00e9 mesmo quem foi diagnosticado com alguma doen\u00e7a f\u00edsica pode encontrar ref\u00fagio nas linguagens art\u00edsticas para lidar com os sentimentos de medo e ang\u00fastia.<\/p>\n<p>Isso porque um dos maiores benef\u00edcios propostos pelas atividades art\u00edsticas \u00e9 dar vaz\u00e3o aos sentimentos negativos. Diversos sentimentos como a dor, a tristeza, a ang\u00fastia, o medo, a raiva e at\u00e9 mesmo a felicidade podem ser percebidos e trabalhados quando a pessoa consegue dar vaz\u00e3o a eles por meio da arte.<\/p>\n<p>Outra vantagem \u00e9 a possibilidade de interagir com outras pessoas, participar de eventos, exposi\u00e7\u00f5es e, assim, ocupar a mente com atividades sadias.<\/p>\n<p>N\u00e3o s\u00f3 a m\u00fasica, mas as express\u00f5es art\u00edsticas como um todo ajudam as pessoas a expressarem seus sentimentos tanto para os outros como para elas mesmas. Assim, contribuem em seu processo de autoconhecimento. Tamb\u00e9m podem ser utilizadas por psic\u00f3logos como parte da terapia, para trazer um equil\u00edbrio emocional aos pacientes.<\/p>\n<p>Al\u00e9m disso, praticar alguma atividade art\u00edstica \u00e9 um \u00f3timo caminho para estimular o c\u00e9rebro. N\u00e3o \u00e9 a toa que algumas pesquisas encontraram evid\u00eancias de que a arte ajuda a retardar a diminui\u00e7\u00e3o de fun\u00e7\u00f5es cerebrais.<br \/>\nVeja algumas formas de usar a arte para aliviar problemas emocionais.<\/p>\n<h2>Os benef\u00edcios da arteterapia<\/h2>\n<p>A arteterapia \u00e9 uma forma de trabalhar os problemas emocionais j\u00e1 que o indiv\u00edduo \u00e9 estimulado a externalizar seus sentimentos por meio de alguma atividade. Pode ser por meio de diversas linguagens art\u00edsticas, como a pintura, o canto, o teatro, a escrita. O importante \u00e9 a pessoa escolher uma atividade que seja do seu interesse e exercitar a mente para chegar ao autoconhecimento. A terapia por meio das artes pode ser praticada por qualquer pessoa. A pessoa iniciar alguma atividade por conta pr\u00f3pria ou procurar a ajuda de um psic\u00f3logo que trabalhe com este tipo de terapia.<\/p>\n<h2>A musicoterapia e o est\u00edmulo cerebral<\/h2>\n<p>A m\u00fasica \u00e9 uma das linguagens mais \u00fateis no tratamento para aliviar problemas emocionais e psicol\u00f3gicos. Isso porque estimula \u00e1reas cerebrais capazes de diminuir sentimentos como a ansiedade, o estresse e, com isso, consegue equilibrar as fun\u00e7\u00f5es da mente e do organismo. N\u00e3o \u00e9 \u00e0 toa que diversos m\u00e9dicos indicam a musicoterapia para auxiliar no tratamento de diversas doen\u00e7as, tanto f\u00edsicas quanto mentais. A sensa\u00e7\u00e3o de relaxamento que os instrumentos musicais trazem \u00e9 utilizada em diversos tipos de terapia.<\/p>\n<p>Fazer alguma atividade art\u00edstica por si s\u00f3 j\u00e1 alivia qualquer tens\u00e3o. Al\u00e9m disso, o resultado do trabalho pode dar pistas sobre sentimentos e perturba\u00e7\u00f5es da mente. Pode ser uma letra de m\u00fasica, um desenho, uma escultura. O importante \u00e9 ouvir o que o seu corpo e mente est\u00e3o tentando te comunicar e externalizar esses sentimentos.<\/p>\n<p>N\u00e3o importa a sua idade, voc\u00ea pode encontrar na arte o al\u00edvio para diversos problemas emocionais.<\/p>\n<blockquote class=\"wp-embedded-content\" data-secret=\"k1q9oW7pGP\"><p><a href=\"https:\/\/www.sabra.org.br\/site\/musica-ao-redor-do-mundo\/\">M\u00fasica ao redor do mundo<\/a><\/p><\/blockquote>\n<p><iframe class=\"wp-embedded-content\" sandbox=\"allow-scripts\" security=\"restricted\" style=\"position: absolute; visibility: hidden;\" title=\"&#8220;M\u00fasica ao redor do mundo&#8221; &#8212; SABRA - Sociedade Art\u00edstica Brasileira\" src=\"https:\/\/www.sabra.org.br\/site\/musica-ao-redor-do-mundo\/embed\/#?secret=Vh4AciGR75#?secret=k1q9oW7pGP\" data-secret=\"k1q9oW7pGP\" width=\"600\" height=\"338\" frameborder=\"0\" marginwidth=\"0\" marginheight=\"0\" scrolling=\"no\"><\/iframe><\/p>\n<hr \/>\n<h2>Se voc\u00ea gostou deste post:<\/h2>\n<ul>\n<li>SIGA as nossas p\u00e1ginas nas redes sociais para acompanhar as nossas atualiza\u00e7\u00f5es: estamos no <a href=\"https:\/\/www.facebook.com\/sabrabrasil\" target=\"_blank\" rel=\"noopener\">Facebook<\/a>, no <a href=\"https:\/\/www.instagram.com\/sabrabrasil\/\" target=\"_blank\" rel=\"noopener\">Instagram<\/a>, no <a href=\"https:\/\/www.linkedin.com\/company\/25002088\" target=\"_blank\" rel=\"noopener\">LinkedIn<\/a>, no <a href=\"https:\/\/twitter.com\/ContatoSabra\" target=\"_blank\" rel=\"noopener\">Twitter<\/a> e no <a href=\"https:\/\/www.youtube.com\/channel\/UCJw-kbuEvzUNdeQf20Pa-eQ\" target=\"_blank\" rel=\"noopener\">YouTube<\/a>!<\/li>\n<li>CONHE\u00c7A o trabalho da Sociedade Art\u00edstica Brasileira (SABRA) e todas as iniciativas culturais e sociais que ela mant\u00e9m. <a href=\"https:\/\/www.sabra.org.br\/site\/acoes\/\" target=\"_blank\" rel=\"noopener\">Acesse nosso site!<\/a><\/li>\n<li>ENTRE EM CONTATO com a gente. E veja quais s\u00e3o as op\u00e7\u00f5es de ajuda na manuten\u00e7\u00e3o de nossas a\u00e7\u00f5es sociais e culturais. Basta acessar nossa p\u00e1gina <a href=\"https:\/\/www.sabra.org.br\/site\/doe-agora\/\" target=\"_blank\" rel=\"noopener\">Doe Agora!<\/a><\/li>\n<li>COMPARTILHE este texto nas suas redes sociais e ajude os seus amigos a tamb\u00e9m dominarem o assunto!<\/li>\n<\/ul>\n<p>\u2013 Os projetos da @sabrabrasil s\u00e3o realizados com o patroci\u0301nio m\u00e1ster: @institutounimedbh, viabilizado pelo incentivo de mais de 5,3 mil m\u00e9dicos cooperados e colaboradores via Lei de Incentivo \u00e0 Cultura &#8211; @culturagovbr<\/p>\n<blockquote class=\"wp-embedded-content\" data-secret=\"i1LzgtKDrO\"><p><a href=\"https:\/\/www.sabra.org.br\/site\/musica-saude\/\">M\u00fasica e sa\u00fade<\/a><\/p><\/blockquote>\n<p><iframe class=\"wp-embedded-content\" sandbox=\"allow-scripts\" security=\"restricted\" style=\"position: absolute; visibility: hidden;\" title=\"&#8220;M\u00fasica e sa\u00fade&#8221; &#8212; SABRA - Sociedade Art\u00edstica Brasileira\" src=\"https:\/\/www.sabra.org.br\/site\/musica-saude\/embed\/#?secret=zCfKMYL8ih#?secret=i1LzgtKDrO\" data-secret=\"i1LzgtKDrO\" width=\"600\" height=\"338\" frameborder=\"0\" marginwidth=\"0\" marginheight=\"0\" scrolling=\"no\"><\/iframe><\/p>\n<p>Conte\u00fado por RedaWeb &#8211; <a href=\"https:\/\/redaweb.com.br\/conteudo\/marketing-de-conteudo\">Marketing de Conte\u00fado<\/a><\/p>\n","protected":false},"excerpt":{"rendered":"<p>Os problemas emocionais v\u00eam sendo a queixa mais comum das pessoas nos \u00faltimos tempos. Voc\u00ea tamb\u00e9m sofre com eles? Sabia que a arte pode ajudar a aliviar os sintomas? Confira mais sobre o assunto no texto a seguir.<\/p>\n","protected":false},"author":39,"featured_media":8699,"comment_status":"closed","ping_status":"closed","sticky":false,"template":"","format":"standard","meta":{"jetpack_post_was_ever_published":false,"_jetpack_newsletter_access":"","_jetpack_dont_email_post_to_subs":false,"_jetpack_newsletter_tier_id":0,"_jetpack_memberships_contains_paywalled_content":false,"_jetpack_memberships_contains_paid_content":false,"footnotes":""},"categories":[1],"tags":[15,2757,3626,3623,8,3629,1285,3628,16,3519,1286,11,3622,9],"class_list":["post-8698","post","type-post","status-publish","format-standard","has-post-thumbnail","hentry","category-blog-sabra","tag-assistencia-social","tag-belo-horizonte","tag-cabo-frio","tag-campos-dos-goytacazes","tag-canto-coral","tag-contagem","tag-escola-de-musica-sabra","tag-ibirite","tag-musicalizacao-infantil","tag-nova-lima-2","tag-orquestra-infanto-juvenil-de-betim","tag-orquestra-sinfonica-de-betim","tag-raposos","tag-sociedade-artistica-brasileira"],"yoast_head":"<!-- This site is optimized with the Yoast SEO plugin v27.5 - https:\/\/yoast.com\/product\/yoast-seo-wordpress\/ -->\n<title>Como a arte pode ajudar a aliviar problemas emocionais? - SABRA - Sociedade Art\u00edstica Brasileira<\/title>\n<meta name=\"description\" content=\"Os problemas emocionais v\u00eam sendo a queixa mais comum das pessoas nos \u00faltimos tempos. Sabia que a arte pode ajudar a aliviar os sintomas?\" \/>\n<meta name=\"robots\" content=\"index, follow, max-snippet:-1, max-image-preview:large, max-video-preview:-1\" \/>\n<link rel=\"canonical\" href=\"https:\/\/www.sabra.org.br\/site\/arte-problemas-emocionais\/\" \/>\n<meta property=\"og:locale\" content=\"pt_BR\" \/>\n<meta property=\"og:type\" content=\"article\" \/>\n<meta property=\"og:title\" content=\"Como a arte pode ajudar a aliviar problemas emocionais? - SABRA - Sociedade Art\u00edstica Brasileira\" \/>\n<meta property=\"og:description\" content=\"Os problemas emocionais v\u00eam sendo a queixa mais comum das pessoas nos \u00faltimos tempos. Sabia que a arte pode ajudar a aliviar os sintomas?\" \/>\n<meta property=\"og:url\" content=\"https:\/\/www.sabra.org.br\/site\/arte-problemas-emocionais\/\" \/>\n<meta property=\"og:site_name\" content=\"SABRA - Sociedade Art\u00edstica Brasileira\" \/>\n<meta property=\"article:publisher\" content=\"https:\/\/www.facebook.com\/sabrabrasil\" \/>\n<meta property=\"article:published_time\" content=\"2023-12-14T09:06:36+00:00\" \/>\n<meta property=\"article:modified_time\" content=\"2025-04-18T14:03:52+00:00\" \/>\n<meta property=\"og:image\" content=\"https:\/\/www.sabra.org.br\/site\/wp-content\/uploads\/2023\/12\/como-a-arte-pode-ajudar-a-aliviar-problemas-emocionais-20181030105249.jpg-jpg.webp\" \/>\n\t<meta property=\"og:image:width\" content=\"800\" \/>\n\t<meta property=\"og:image:height\" content=\"533\" \/>\n\t<meta property=\"og:image:type\" content=\"image\/jpeg\" \/>\n<meta name=\"author\" content=\"M\u00e1rcio Miranda Pontes\" \/>\n<meta name=\"twitter:card\" content=\"summary_large_image\" \/>\n<meta name=\"twitter:creator\" content=\"@ContatoSabra\" \/>\n<meta name=\"twitter:site\" content=\"@ContatoSabra\" \/>\n<meta name=\"twitter:label1\" content=\"Escrito por\" \/>\n\t<meta name=\"twitter:data1\" content=\"M\u00e1rcio Miranda Pontes\" \/>\n\t<meta name=\"twitter:label2\" content=\"Est. tempo de leitura\" \/>\n\t<meta name=\"twitter:data2\" content=\"4 minutos\" \/>\n<script type=\"application\/ld+json\" class=\"yoast-schema-graph\">{\"@context\":\"https:\\\/\\\/schema.org\",\"@graph\":[{\"@type\":\"Article\",\"@id\":\"https:\\\/\\\/www.sabra.org.br\\\/site\\\/arte-problemas-emocionais\\\/#article\",\"isPartOf\":{\"@id\":\"https:\\\/\\\/www.sabra.org.br\\\/site\\\/arte-problemas-emocionais\\\/\"},\"author\":{\"name\":\"M\u00e1rcio Miranda Pontes\",\"@id\":\"https:\\\/\\\/www.sabra.org.br\\\/site\\\/#\\\/schema\\\/person\\\/7d1d222c3c8891d4c37c7b41bf6315c2\"},\"headline\":\"Como a arte pode ajudar a aliviar problemas emocionais?\",\"datePublished\":\"2023-12-14T09:06:36+00:00\",\"dateModified\":\"2025-04-18T14:03:52+00:00\",\"mainEntityOfPage\":{\"@id\":\"https:\\\/\\\/www.sabra.org.br\\\/site\\\/arte-problemas-emocionais\\\/\"},\"wordCount\":742,\"publisher\":{\"@id\":\"https:\\\/\\\/www.sabra.org.br\\\/site\\\/#organization\"},\"image\":{\"@id\":\"https:\\\/\\\/www.sabra.org.br\\\/site\\\/arte-problemas-emocionais\\\/#primaryimage\"},\"thumbnailUrl\":\"https:\\\/\\\/www.sabra.org.br\\\/site\\\/wp-content\\\/uploads\\\/2023\\\/12\\\/como-a-arte-pode-ajudar-a-aliviar-problemas-emocionais-20181030105249.jpg-jpg.webp\",\"keywords\":[\"Assist\u00eancia social\",\"Belo Horizonte\",\"Cabo Frio\",\"Campos dos Goytacazes\",\"Canto Coral\",\"Contagem\",\"Escola de Musica SABRA\",\"Ibirit\u00e9\",\"Musicaliza\u00e7\u00e3o Infantil\",\"nova lima\",\"Orquestra Infanto Juvenil de Betim\",\"Orquestra Sinf\u00f4nica de Betim\",\"Raposos\",\"Sociedade Art\u00edstica Brasileira\"],\"articleSection\":[\"Blog SABRA\"],\"inLanguage\":\"pt-BR\"},{\"@type\":\"WebPage\",\"@id\":\"https:\\\/\\\/www.sabra.org.br\\\/site\\\/arte-problemas-emocionais\\\/\",\"url\":\"https:\\\/\\\/www.sabra.org.br\\\/site\\\/arte-problemas-emocionais\\\/\",\"name\":\"Como a arte pode ajudar a aliviar problemas emocionais? - SABRA - Sociedade Art\u00edstica Brasileira\",\"isPartOf\":{\"@id\":\"https:\\\/\\\/www.sabra.org.br\\\/site\\\/#website\"},\"primaryImageOfPage\":{\"@id\":\"https:\\\/\\\/www.sabra.org.br\\\/site\\\/arte-problemas-emocionais\\\/#primaryimage\"},\"image\":{\"@id\":\"https:\\\/\\\/www.sabra.org.br\\\/site\\\/arte-problemas-emocionais\\\/#primaryimage\"},\"thumbnailUrl\":\"https:\\\/\\\/www.sabra.org.br\\\/site\\\/wp-content\\\/uploads\\\/2023\\\/12\\\/como-a-arte-pode-ajudar-a-aliviar-problemas-emocionais-20181030105249.jpg-jpg.webp\",\"datePublished\":\"2023-12-14T09:06:36+00:00\",\"dateModified\":\"2025-04-18T14:03:52+00:00\",\"description\":\"Os problemas emocionais v\u00eam sendo a queixa mais comum das pessoas nos \u00faltimos tempos. Sabia que a arte pode ajudar a aliviar os sintomas?\",\"breadcrumb\":{\"@id\":\"https:\\\/\\\/www.sabra.org.br\\\/site\\\/arte-problemas-emocionais\\\/#breadcrumb\"},\"inLanguage\":\"pt-BR\",\"potentialAction\":[{\"@type\":\"ReadAction\",\"target\":[\"https:\\\/\\\/www.sabra.org.br\\\/site\\\/arte-problemas-emocionais\\\/\"]}]},{\"@type\":\"ImageObject\",\"inLanguage\":\"pt-BR\",\"@id\":\"https:\\\/\\\/www.sabra.org.br\\\/site\\\/arte-problemas-emocionais\\\/#primaryimage\",\"url\":\"https:\\\/\\\/www.sabra.org.br\\\/site\\\/wp-content\\\/uploads\\\/2023\\\/12\\\/como-a-arte-pode-ajudar-a-aliviar-problemas-emocionais-20181030105249.jpg-jpg.webp\",\"contentUrl\":\"https:\\\/\\\/www.sabra.org.br\\\/site\\\/wp-content\\\/uploads\\\/2023\\\/12\\\/como-a-arte-pode-ajudar-a-aliviar-problemas-emocionais-20181030105249.jpg-jpg.webp\",\"width\":800,\"height\":533,\"caption\":\"Sociedade Art\u00edstica Brasileira SABRA\"},{\"@type\":\"BreadcrumbList\",\"@id\":\"https:\\\/\\\/www.sabra.org.br\\\/site\\\/arte-problemas-emocionais\\\/#breadcrumb\",\"itemListElement\":[{\"@type\":\"ListItem\",\"position\":1,\"name\":\"In\u00edcio\",\"item\":\"https:\\\/\\\/www.sabra.org.br\\\/site\\\/\"},{\"@type\":\"ListItem\",\"position\":2,\"name\":\"Como a arte pode ajudar a aliviar problemas emocionais?\"}]},{\"@type\":\"WebSite\",\"@id\":\"https:\\\/\\\/www.sabra.org.br\\\/site\\\/#website\",\"url\":\"https:\\\/\\\/www.sabra.org.br\\\/site\\\/\",\"name\":\"SABRA - Sociedade Art\u00edstica Brasileira\",\"description\":\"Escola de M\u00fasica, Orquestra Sinf\u00f4nica, Coral e Patrim\u00f4nio Cultural e Hist\u00f3rico\",\"publisher\":{\"@id\":\"https:\\\/\\\/www.sabra.org.br\\\/site\\\/#organization\"},\"potentialAction\":[{\"@type\":\"SearchAction\",\"target\":{\"@type\":\"EntryPoint\",\"urlTemplate\":\"https:\\\/\\\/www.sabra.org.br\\\/site\\\/?s={search_term_string}\"},\"query-input\":{\"@type\":\"PropertyValueSpecification\",\"valueRequired\":true,\"valueName\":\"search_term_string\"}}],\"inLanguage\":\"pt-BR\"},{\"@type\":\"Organization\",\"@id\":\"https:\\\/\\\/www.sabra.org.br\\\/site\\\/#organization\",\"name\":\"SOCIEDADE ART\u00cdSTICA BRASILEIRA SABRA\",\"alternateName\":\"SABRA\",\"url\":\"https:\\\/\\\/www.sabra.org.br\\\/site\\\/\",\"logo\":{\"@type\":\"ImageObject\",\"inLanguage\":\"pt-BR\",\"@id\":\"https:\\\/\\\/www.sabra.org.br\\\/site\\\/#\\\/schema\\\/logo\\\/image\\\/\",\"url\":\"https:\\\/\\\/www.sabra.org.br\\\/site\\\/wp-content\\\/uploads\\\/2019\\\/06\\\/cropped-Logo_SABRA-Copia-1.webp\",\"contentUrl\":\"https:\\\/\\\/www.sabra.org.br\\\/site\\\/wp-content\\\/uploads\\\/2019\\\/06\\\/cropped-Logo_SABRA-Copia-1.webp\",\"width\":400,\"height\":128,\"caption\":\"SOCIEDADE ART\u00cdSTICA BRASILEIRA SABRA\"},\"image\":{\"@id\":\"https:\\\/\\\/www.sabra.org.br\\\/site\\\/#\\\/schema\\\/logo\\\/image\\\/\"},\"sameAs\":[\"https:\\\/\\\/www.facebook.com\\\/sabrabrasil\",\"https:\\\/\\\/x.com\\\/ContatoSabra\",\"https:\\\/\\\/www.instagram.com\\\/sabrabrasil\\\/\",\"https:\\\/\\\/www.linkedin.com\\\/company\\\/25002088\\\/\",\"https:\\\/\\\/br.pinterest.com\\\/sociedadeartisticabrasileira\\\/\",\"https:\\\/\\\/www.youtube.com\\\/c\\\/sabrabrasil\"]},{\"@type\":\"Person\",\"@id\":\"https:\\\/\\\/www.sabra.org.br\\\/site\\\/#\\\/schema\\\/person\\\/7d1d222c3c8891d4c37c7b41bf6315c2\",\"name\":\"M\u00e1rcio Miranda Pontes\",\"image\":{\"@type\":\"ImageObject\",\"inLanguage\":\"pt-BR\",\"@id\":\"https:\\\/\\\/secure.gravatar.com\\\/avatar\\\/3b45f24496a7625a3a6c436688fbe20344faaeb2979658dc4a9921f984d7df9a?s=96&d=mm&r=g\",\"url\":\"https:\\\/\\\/secure.gravatar.com\\\/avatar\\\/3b45f24496a7625a3a6c436688fbe20344faaeb2979658dc4a9921f984d7df9a?s=96&d=mm&r=g\",\"contentUrl\":\"https:\\\/\\\/secure.gravatar.com\\\/avatar\\\/3b45f24496a7625a3a6c436688fbe20344faaeb2979658dc4a9921f984d7df9a?s=96&d=mm&r=g\",\"caption\":\"M\u00e1rcio Miranda Pontes\"},\"sameAs\":[\"http:\\\/\\\/www.sabra.org.br\"],\"url\":\"https:\\\/\\\/www.sabra.org.br\\\/site\\\/author\\\/marcio-miranda-pontes\\\/\"}]}<\/script>\n<!-- \/ Yoast SEO plugin. -->","yoast_head_json":{"title":"Como a arte pode ajudar a aliviar problemas emocionais? - SABRA - Sociedade Art\u00edstica Brasileira","description":"Os problemas emocionais v\u00eam sendo a queixa mais comum das pessoas nos \u00faltimos tempos. Sabia que a arte pode ajudar a aliviar os sintomas?","robots":{"index":"index","follow":"follow","max-snippet":"max-snippet:-1","max-image-preview":"max-image-preview:large","max-video-preview":"max-video-preview:-1"},"canonical":"https:\/\/www.sabra.org.br\/site\/arte-problemas-emocionais\/","og_locale":"pt_BR","og_type":"article","og_title":"Como a arte pode ajudar a aliviar problemas emocionais? - SABRA - Sociedade Art\u00edstica Brasileira","og_description":"Os problemas emocionais v\u00eam sendo a queixa mais comum das pessoas nos \u00faltimos tempos. Sabia que a arte pode ajudar a aliviar os sintomas?","og_url":"https:\/\/www.sabra.org.br\/site\/arte-problemas-emocionais\/","og_site_name":"SABRA - Sociedade Art\u00edstica Brasileira","article_publisher":"https:\/\/www.facebook.com\/sabrabrasil","article_published_time":"2023-12-14T09:06:36+00:00","article_modified_time":"2025-04-18T14:03:52+00:00","og_image":[{"width":800,"height":533,"url":"https:\/\/www.sabra.org.br\/site\/wp-content\/uploads\/2023\/12\/como-a-arte-pode-ajudar-a-aliviar-problemas-emocionais-20181030105249.jpg-jpg.webp","type":"image\/jpeg"}],"author":"M\u00e1rcio Miranda Pontes","twitter_card":"summary_large_image","twitter_creator":"@ContatoSabra","twitter_site":"@ContatoSabra","twitter_misc":{"Escrito por":"M\u00e1rcio Miranda Pontes","Est. tempo de leitura":"4 minutos"},"schema":{"@context":"https:\/\/schema.org","@graph":[{"@type":"Article","@id":"https:\/\/www.sabra.org.br\/site\/arte-problemas-emocionais\/#article","isPartOf":{"@id":"https:\/\/www.sabra.org.br\/site\/arte-problemas-emocionais\/"},"author":{"name":"M\u00e1rcio Miranda Pontes","@id":"https:\/\/www.sabra.org.br\/site\/#\/schema\/person\/7d1d222c3c8891d4c37c7b41bf6315c2"},"headline":"Como a arte pode ajudar a aliviar problemas emocionais?","datePublished":"2023-12-14T09:06:36+00:00","dateModified":"2025-04-18T14:03:52+00:00","mainEntityOfPage":{"@id":"https:\/\/www.sabra.org.br\/site\/arte-problemas-emocionais\/"},"wordCount":742,"publisher":{"@id":"https:\/\/www.sabra.org.br\/site\/#organization"},"image":{"@id":"https:\/\/www.sabra.org.br\/site\/arte-problemas-emocionais\/#primaryimage"},"thumbnailUrl":"https:\/\/www.sabra.org.br\/site\/wp-content\/uploads\/2023\/12\/como-a-arte-pode-ajudar-a-aliviar-problemas-emocionais-20181030105249.jpg-jpg.webp","keywords":["Assist\u00eancia social","Belo Horizonte","Cabo Frio","Campos dos Goytacazes","Canto Coral","Contagem","Escola de Musica SABRA","Ibirit\u00e9","Musicaliza\u00e7\u00e3o Infantil","nova lima","Orquestra Infanto Juvenil de Betim","Orquestra Sinf\u00f4nica de Betim","Raposos","Sociedade Art\u00edstica Brasileira"],"articleSection":["Blog SABRA"],"inLanguage":"pt-BR"},{"@type":"WebPage","@id":"https:\/\/www.sabra.org.br\/site\/arte-problemas-emocionais\/","url":"https:\/\/www.sabra.org.br\/site\/arte-problemas-emocionais\/","name":"Como a arte pode ajudar a aliviar problemas emocionais? - SABRA - Sociedade Art\u00edstica Brasileira","isPartOf":{"@id":"https:\/\/www.sabra.org.br\/site\/#website"},"primaryImageOfPage":{"@id":"https:\/\/www.sabra.org.br\/site\/arte-problemas-emocionais\/#primaryimage"},"image":{"@id":"https:\/\/www.sabra.org.br\/site\/arte-problemas-emocionais\/#primaryimage"},"thumbnailUrl":"https:\/\/www.sabra.org.br\/site\/wp-content\/uploads\/2023\/12\/como-a-arte-pode-ajudar-a-aliviar-problemas-emocionais-20181030105249.jpg-jpg.webp","datePublished":"2023-12-14T09:06:36+00:00","dateModified":"2025-04-18T14:03:52+00:00","description":"Os problemas emocionais v\u00eam sendo a queixa mais comum das pessoas nos \u00faltimos tempos. Sabia que a arte pode ajudar a aliviar os sintomas?","breadcrumb":{"@id":"https:\/\/www.sabra.org.br\/site\/arte-problemas-emocionais\/#breadcrumb"},"inLanguage":"pt-BR","potentialAction":[{"@type":"ReadAction","target":["https:\/\/www.sabra.org.br\/site\/arte-problemas-emocionais\/"]}]},{"@type":"ImageObject","inLanguage":"pt-BR","@id":"https:\/\/www.sabra.org.br\/site\/arte-problemas-emocionais\/#primaryimage","url":"https:\/\/www.sabra.org.br\/site\/wp-content\/uploads\/2023\/12\/como-a-arte-pode-ajudar-a-aliviar-problemas-emocionais-20181030105249.jpg-jpg.webp","contentUrl":"https:\/\/www.sabra.org.br\/site\/wp-content\/uploads\/2023\/12\/como-a-arte-pode-ajudar-a-aliviar-problemas-emocionais-20181030105249.jpg-jpg.webp","width":800,"height":533,"caption":"Sociedade Art\u00edstica Brasileira SABRA"},{"@type":"BreadcrumbList","@id":"https:\/\/www.sabra.org.br\/site\/arte-problemas-emocionais\/#breadcrumb","itemListElement":[{"@type":"ListItem","position":1,"name":"In\u00edcio","item":"https:\/\/www.sabra.org.br\/site\/"},{"@type":"ListItem","position":2,"name":"Como a arte pode ajudar a aliviar problemas emocionais?"}]},{"@type":"WebSite","@id":"https:\/\/www.sabra.org.br\/site\/#website","url":"https:\/\/www.sabra.org.br\/site\/","name":"SABRA - Sociedade Art\u00edstica Brasileira","description":"Escola de M\u00fasica, Orquestra Sinf\u00f4nica, Coral e Patrim\u00f4nio Cultural e Hist\u00f3rico","publisher":{"@id":"https:\/\/www.sabra.org.br\/site\/#organization"},"potentialAction":[{"@type":"SearchAction","target":{"@type":"EntryPoint","urlTemplate":"https:\/\/www.sabra.org.br\/site\/?s={search_term_string}"},"query-input":{"@type":"PropertyValueSpecification","valueRequired":true,"valueName":"search_term_string"}}],"inLanguage":"pt-BR"},{"@type":"Organization","@id":"https:\/\/www.sabra.org.br\/site\/#organization","name":"SOCIEDADE ART\u00cdSTICA BRASILEIRA SABRA","alternateName":"SABRA","url":"https:\/\/www.sabra.org.br\/site\/","logo":{"@type":"ImageObject","inLanguage":"pt-BR","@id":"https:\/\/www.sabra.org.br\/site\/#\/schema\/logo\/image\/","url":"https:\/\/www.sabra.org.br\/site\/wp-content\/uploads\/2019\/06\/cropped-Logo_SABRA-Copia-1.webp","contentUrl":"https:\/\/www.sabra.org.br\/site\/wp-content\/uploads\/2019\/06\/cropped-Logo_SABRA-Copia-1.webp","width":400,"height":128,"caption":"SOCIEDADE ART\u00cdSTICA BRASILEIRA SABRA"},"image":{"@id":"https:\/\/www.sabra.org.br\/site\/#\/schema\/logo\/image\/"},"sameAs":["https:\/\/www.facebook.com\/sabrabrasil","https:\/\/x.com\/ContatoSabra","https:\/\/www.instagram.com\/sabrabrasil\/","https:\/\/www.linkedin.com\/company\/25002088\/","https:\/\/br.pinterest.com\/sociedadeartisticabrasileira\/","https:\/\/www.youtube.com\/c\/sabrabrasil"]},{"@type":"Person","@id":"https:\/\/www.sabra.org.br\/site\/#\/schema\/person\/7d1d222c3c8891d4c37c7b41bf6315c2","name":"M\u00e1rcio Miranda Pontes","image":{"@type":"ImageObject","inLanguage":"pt-BR","@id":"https:\/\/secure.gravatar.com\/avatar\/3b45f24496a7625a3a6c436688fbe20344faaeb2979658dc4a9921f984d7df9a?s=96&d=mm&r=g","url":"https:\/\/secure.gravatar.com\/avatar\/3b45f24496a7625a3a6c436688fbe20344faaeb2979658dc4a9921f984d7df9a?s=96&d=mm&r=g","contentUrl":"https:\/\/secure.gravatar.com\/avatar\/3b45f24496a7625a3a6c436688fbe20344faaeb2979658dc4a9921f984d7df9a?s=96&d=mm&r=g","caption":"M\u00e1rcio Miranda Pontes"},"sameAs":["http:\/\/www.sabra.org.br"],"url":"https:\/\/www.sabra.org.br\/site\/author\/marcio-miranda-pontes\/"}]}},"jetpack_featured_media_url":"https:\/\/www.sabra.org.br\/site\/wp-content\/uploads\/2023\/12\/como-a-arte-pode-ajudar-a-aliviar-problemas-emocionais-20181030105249.jpg-jpg.webp","jetpack_shortlink":"https:\/\/wp.me\/p95j2Z-2gi","jetpack-related-posts":[{"id":3147,"url":"https:\/\/www.sabra.org.br\/site\/manifestacoes-artisticas\/","url_meta":{"origin":8698,"position":0},"title":"Manifesta\u00e7\u00f5es art\u00edsticas","author":"M\u00e1rcio Miranda Pontes","date":"12 de outubro de 2020","format":false,"excerpt":"As express\u00f5es art\u00edsticas s\u00e3o mais do que apenas uma maneira de colocar em categorias tudo o que enxergamos como arte. Na verdade, tais express\u00f5es s\u00e3o capazes de nos mostrar al\u00e9m do superficial, deixando claro o qu\u00e3o gigantesco pode ser esse universo. Voc\u00ea quer descobrir um pouco mais sobre o assunto?\u2026","rel":"","context":"Em &quot;Blog SABRA&quot;","block_context":{"text":"Blog SABRA","link":"https:\/\/www.sabra.org.br\/site\/category\/blog-sabra\/"},"img":{"alt_text":"manifestacoes artisticas","src":"https:\/\/i0.wp.com\/www.sabra.org.br\/site\/wp-content\/uploads\/2020\/10\/conheca-as-principais-manifestacoes-artisticas-que-existem-20201001161911.jpg.jpg?resize=350%2C200&ssl=1","width":350,"height":200,"srcset":"https:\/\/i0.wp.com\/www.sabra.org.br\/site\/wp-content\/uploads\/2020\/10\/conheca-as-principais-manifestacoes-artisticas-que-existem-20201001161911.jpg.jpg?resize=350%2C200&ssl=1 1x, https:\/\/i0.wp.com\/www.sabra.org.br\/site\/wp-content\/uploads\/2020\/10\/conheca-as-principais-manifestacoes-artisticas-que-existem-20201001161911.jpg.jpg?resize=525%2C300&ssl=1 1.5x, https:\/\/i0.wp.com\/www.sabra.org.br\/site\/wp-content\/uploads\/2020\/10\/conheca-as-principais-manifestacoes-artisticas-que-existem-20201001161911.jpg.jpg?resize=700%2C400&ssl=1 2x"},"classes":[]},{"id":2385,"url":"https:\/\/www.sabra.org.br\/site\/inteligencia-emocional-das-criancas\/","url_meta":{"origin":8698,"position":1},"title":"Intelig\u00eancia emocional das crian\u00e7as","author":"M\u00e1rcio Miranda Pontes","date":"22 de outubro de 2019","format":false,"excerpt":"A intelig\u00eancia emocional \u00e9 a capacidade de reconhecer e lidar com as suas emo\u00e7\u00f5es e a dos que est\u00e3o ao seu redor. Como a arte a desenvolve nas crian\u00e7as?","rel":"","context":"Em &quot;Blog SABRA&quot;","block_context":{"text":"Blog SABRA","link":"https:\/\/www.sabra.org.br\/site\/category\/blog-sabra\/"},"img":{"alt_text":"inteligencia-emocional-crian\u00e7a","src":"https:\/\/i0.wp.com\/www.sabra.org.br\/site\/wp-content\/uploads\/2019\/10\/saiba-como-a-arte-pode-ajudar-no-desenvolvimento-da-inteligencia-emocional-das-criancas-20190913142412.jpg.jpg?resize=350%2C200&ssl=1","width":350,"height":200,"srcset":"https:\/\/i0.wp.com\/www.sabra.org.br\/site\/wp-content\/uploads\/2019\/10\/saiba-como-a-arte-pode-ajudar-no-desenvolvimento-da-inteligencia-emocional-das-criancas-20190913142412.jpg.jpg?resize=350%2C200&ssl=1 1x, https:\/\/i0.wp.com\/www.sabra.org.br\/site\/wp-content\/uploads\/2019\/10\/saiba-como-a-arte-pode-ajudar-no-desenvolvimento-da-inteligencia-emocional-das-criancas-20190913142412.jpg.jpg?resize=525%2C300&ssl=1 1.5x, https:\/\/i0.wp.com\/www.sabra.org.br\/site\/wp-content\/uploads\/2019\/10\/saiba-como-a-arte-pode-ajudar-no-desenvolvimento-da-inteligencia-emocional-das-criancas-20190913142412.jpg.jpg?resize=700%2C400&ssl=1 2x"},"classes":[]},{"id":1629,"url":"https:\/\/www.sabra.org.br\/site\/papel-da-arte-na-formacao-da-sociedade\/","url_meta":{"origin":8698,"position":2},"title":"FORMA\u00c7\u00c3O DA SOCIEDADE E ARTE","author":"M\u00e1rcio Miranda Pontes","date":"13 de novembro de 2018","format":false,"excerpt":"Qual o papel da arte na forma\u00e7\u00e3o da sociedade? H\u00e1 no homem uma grande necessidade de se expressar, desde a era pr\u00e9-hist\u00f3rica. A arte permite que emo\u00e7\u00f5es e sentimentos venham \u00e0 tona, sendo este o seu papel na forma\u00e7\u00e3o da sociedade: dar o sustento que ela necessita, ao garantir que\u2026","rel":"","context":"Em &quot;Blog SABRA&quot;","block_context":{"text":"Blog SABRA","link":"https:\/\/www.sabra.org.br\/site\/category\/blog-sabra\/"},"img":{"alt_text":"Forma\u00e7\u00e3o da Sociedade e Arte","src":"https:\/\/i0.wp.com\/www.sabra.org.br\/site\/wp-content\/uploads\/2018\/11\/qual-o-papel-da-arte-na-formacao-da-sociedade-20180705134730.jpg.jpg?resize=350%2C200&ssl=1","width":350,"height":200,"srcset":"https:\/\/i0.wp.com\/www.sabra.org.br\/site\/wp-content\/uploads\/2018\/11\/qual-o-papel-da-arte-na-formacao-da-sociedade-20180705134730.jpg.jpg?resize=350%2C200&ssl=1 1x, https:\/\/i0.wp.com\/www.sabra.org.br\/site\/wp-content\/uploads\/2018\/11\/qual-o-papel-da-arte-na-formacao-da-sociedade-20180705134730.jpg.jpg?resize=525%2C300&ssl=1 1.5x, https:\/\/i0.wp.com\/www.sabra.org.br\/site\/wp-content\/uploads\/2018\/11\/qual-o-papel-da-arte-na-formacao-da-sociedade-20180705134730.jpg.jpg?resize=700%2C400&ssl=1 2x"},"classes":[]},{"id":8682,"url":"https:\/\/www.sabra.org.br\/site\/danca-beneficios\/","url_meta":{"origin":8698,"position":3},"title":"Benef\u00edcios da dan\u00e7a para o desenvolvimento corporal","author":"M\u00e1rcio Miranda Pontes","date":"13 de dezembro de 2023","format":false,"excerpt":"A dan\u00e7a, al\u00e9m de ser uma pr\u00e1tica extremamente divertida e prazerosa, ainda pode ajudar em outro aspecto muito importante para a sa\u00fade humana: o desenvolvimento corporal. Saiba mais sobre o assunto no texto a seguir:","rel":"","context":"Em &quot;Blog SABRA&quot;","block_context":{"text":"Blog SABRA","link":"https:\/\/www.sabra.org.br\/site\/category\/blog-sabra\/"},"img":{"alt_text":"sabra-m\u00fasica-dan\u00e7a-ajuda-atividade-melhorias-benef\u00edcios-estresse","src":"https:\/\/i0.wp.com\/www.sabra.org.br\/site\/wp-content\/uploads\/2023\/12\/x-beneficios-da-danca-para-o-desenvolvimento-corporal-20181030105249.jpg-jpg.webp?resize=350%2C200&ssl=1","width":350,"height":200,"srcset":"https:\/\/i0.wp.com\/www.sabra.org.br\/site\/wp-content\/uploads\/2023\/12\/x-beneficios-da-danca-para-o-desenvolvimento-corporal-20181030105249.jpg-jpg.webp?resize=350%2C200&ssl=1 1x, https:\/\/i0.wp.com\/www.sabra.org.br\/site\/wp-content\/uploads\/2023\/12\/x-beneficios-da-danca-para-o-desenvolvimento-corporal-20181030105249.jpg-jpg.webp?resize=525%2C300&ssl=1 1.5x, https:\/\/i0.wp.com\/www.sabra.org.br\/site\/wp-content\/uploads\/2023\/12\/x-beneficios-da-danca-para-o-desenvolvimento-corporal-20181030105249.jpg-jpg.webp?resize=700%2C400&ssl=1 2x"},"classes":[]},{"id":13333,"url":"https:\/\/www.sabra.org.br\/site\/a-musica-como-aliada-no-tratamento-contra-a-ansiedade\/","url_meta":{"origin":8698,"position":4},"title":"A m\u00fasica como aliada no tratamento contra a ansiedade","author":"","date":"22 de agosto de 2025","format":false,"excerpt":"Desde os tempos da Gr\u00e9cia Antiga a m\u00fasica tem sido usada para curar a mente e o corpo e, ao longo da cultura nativa americana, existem mais de 1.500 can\u00e7\u00f5es que s\u00e3o usadas para esses fins, tornando a musicoterapia uma estrat\u00e9gia eficaz para diferentes pacientes, inclusive os que passaram por\u2026","rel":"","context":"Em &quot;Blog SABRA&quot;","block_context":{"text":"Blog SABRA","link":"https:\/\/www.sabra.org.br\/site\/category\/blog-sabra\/"},"img":{"alt_text":"","src":"","width":0,"height":0},"classes":[]},{"id":13201,"url":"https:\/\/www.sabra.org.br\/site\/explorando-a-intersecao-entre-arte-e-educacao-de-qualidade\/","url_meta":{"origin":8698,"position":5},"title":"Explorando a interse\u00e7\u00e3o entre Arte e educa\u00e7\u00e3o de qualidade","author":"","date":"22 de agosto de 2025","format":false,"excerpt":"A intera\u00e7\u00e3o entre arte e educa\u00e7\u00e3o \u00e9 uma combina\u00e7\u00e3o poderosa que pode moldar experi\u00eancias de aprendizado e enriquecer o desenvolvimento integral dos alunos. A arte transcende os limites da sala de aula tradicional, proporcionando um terreno f\u00e9rtil para a express\u00e3o criativa, o pensamento cr\u00edtico e a aprecia\u00e7\u00e3o est\u00e9tica. Neste texto,\u2026","rel":"","context":"Em &quot;Blog SABRA&quot;","block_context":{"text":"Blog SABRA","link":"https:\/\/www.sabra.org.br\/site\/category\/blog-sabra\/"},"img":{"alt_text":"","src":"","width":0,"height":0},"classes":[]}],"jetpack_likes_enabled":true,"jetpack_sharing_enabled":true,"_links":{"self":[{"href":"https:\/\/www.sabra.org.br\/site\/wp-json\/wp\/v2\/posts\/8698","targetHints":{"allow":["GET"]}}],"collection":[{"href":"https:\/\/www.sabra.org.br\/site\/wp-json\/wp\/v2\/posts"}],"about":[{"href":"https:\/\/www.sabra.org.br\/site\/wp-json\/wp\/v2\/types\/post"}],"author":[{"embeddable":true,"href":"https:\/\/www.sabra.org.br\/site\/wp-json\/wp\/v2\/users\/39"}],"replies":[{"embeddable":true,"href":"https:\/\/www.sabra.org.br\/site\/wp-json\/wp\/v2\/comments?post=8698"}],"version-history":[{"count":0,"href":"https:\/\/www.sabra.org.br\/site\/wp-json\/wp\/v2\/posts\/8698\/revisions"}],"wp:featuredmedia":[{"embeddable":true,"href":"https:\/\/www.sabra.org.br\/site\/wp-json\/wp\/v2\/media\/8699"}],"wp:attachment":[{"href":"https:\/\/www.sabra.org.br\/site\/wp-json\/wp\/v2\/media?parent=8698"}],"wp:term":[{"taxonomy":"category","embeddable":true,"href":"https:\/\/www.sabra.org.br\/site\/wp-json\/wp\/v2\/categories?post=8698"},{"taxonomy":"post_tag","embeddable":true,"href":"https:\/\/www.sabra.org.br\/site\/wp-json\/wp\/v2\/tags?post=8698"}],"curies":[{"name":"wp","href":"https:\/\/api.w.org\/{rel}","templated":true}]}}