{"id":8745,"date":"2023-12-18T07:56:34","date_gmt":"2023-12-18T10:56:34","guid":{"rendered":"https:\/\/www.sabra.org.br\/site\/?p=8745"},"modified":"2025-04-18T10:21:59","modified_gmt":"2025-04-18T13:21:59","slug":"cultura-jovem","status":"publish","type":"post","link":"https:\/\/www.sabra.org.br\/site\/cultura-jovem\/","title":{"rendered":"Por que investir na cultura perif\u00e9rica?"},"content":{"rendered":"<p>A cultura da periferia exerce um papel importante socialmente, principalmente com crian\u00e7as e jovens. A m\u00fasica e a arte dentro da periferia cumprem um papel de recupera\u00e7\u00e3o da autoestima e reconhecimento de uma exist\u00eancia que \u00e9 socialmente negada e exclu\u00edda. O jovem perif\u00e9rico v\u00ea na arte uma possibilidade de se fazer ouvir, de contar sua pr\u00f3pria hist\u00f3ria e ter sua realidade vinculada a uma manifesta\u00e7\u00e3o onde ele se reconhe\u00e7a e fa\u00e7a outros se reconhecerem.<\/p>\n<p>A cultura proporciona um caminho alternativo ao da viol\u00eancia e drogas, valorizando produ\u00e7\u00f5es da periferia, um jovem pode garantir sua renda oferecendo o que se \u00e9 produzido culturalmente onde mora. Quem consegue crescer e ter outra realidade devido a express\u00e3o art\u00edstica que produz acaba virando refer\u00eancia entre os jovens que a partir disso procuram se inserir em programas sociais e manifesta\u00e7\u00f5es culturais que acontecem.<\/p>\n<h2>A import\u00e2ncia da cultura no cotidiano do jovem<\/h2>\n<p>A cultura de forma geral influencia a realidade de diversas crian\u00e7as e jovens. Al\u00e9m de dar um norte sobre sua identidade e valores \u00e9 uma maneira tamb\u00e9m de manter crian\u00e7as politizadas e integradas na sociedade. Essa busca por representatividade nas express\u00f5es art\u00edsticas pode ser muito significativa, principalmente aqueles que acham que cultura se restringe ao controle da classe dominante. Essa situa\u00e7\u00e3o de domina\u00e7\u00e3o muda quando os pr\u00f3prios produtores dessa cultura v\u00eam da periferia.<\/p>\n<p>Para al\u00e9m do fator socioecon\u00f4mico a arte tem o dever social de incluir e integrar o jovem a uma atividade de pertencimento. As manifesta\u00e7\u00f5es culturais permitem a express\u00e3o e distra\u00e7\u00e3o do jovem da sua realidade seja ela qual for e \u00e9 um bom conforto se encontrar em sua arte &#8211; al\u00e9m de muitas vezes oferecer um outro caminho, diferente do que lhe foi apresentado em seu conv\u00edvio social. \u00c9 necess\u00e1rio incentivar o jovem para que encontre dentro da cultura alguma maneira de se expressar que supra sua necessidade de identifica\u00e7\u00e3o, para que ele se veja na arte e a produza tamb\u00e9m.<\/p>\n<h3>A integra\u00e7\u00e3o social do jovem a partir da cultura perif\u00e9rica<\/h3>\n<p>A cultura hegem\u00f4nica predominada pelos economicamente mais favorecidos \u00e9 que acabou criando esse movimento de contracultura e resist\u00eancia vindo das periferias. Entre os diferentes tipos de arte que podem se encaixar nessa domina\u00e7\u00e3o temos o teatro, os desenhos e ilustra\u00e7\u00f5es, a capoeira, a dan\u00e7a de rua, o hip hop e os outros diversos g\u00eaneros musicais que acabam sendo produzidos por crian\u00e7as e adolescentes da periferia. Investir na arte que vem de pessoas socialmente exclu\u00eddas \u00e9 importante para que a cultura deles permane\u00e7am eternizadas em suas obras e para o protagonismo social, dando voz e espa\u00e7o a quem vem sendo historicamente negado.<\/p>\n<p>Neste sentido, a m\u00fasica instrumental pode ser uma boa distra\u00e7\u00e3o na vida de um jovem perif\u00e9rico, bem como pode ser uma \u00f3tima carreira na qual ele se dedique e se encontre. A cultura perif\u00e9rica proporciona essa sensa\u00e7\u00e3o de autonomia e responsabilidade, por exemplo, ter que estudar m\u00fasica, ensaiar, apresentar concertos tudo isso toma tempo e comprometimento. Essa rotina garante ao jovem um contato cultural que o integra mais facilmente na sociedade, assim como pode coloc\u00e1-lo dentro do mercado de trabalho com a mesma facilidade.<\/p>\n<blockquote class=\"wp-embedded-content\" data-secret=\"tk4WfkAatf\"><p><a href=\"https:\/\/www.sabra.org.br\/site\/dicas-percepcao-musical\/\">Dicas de Percep\u00e7\u00e3o Musical<\/a><\/p><\/blockquote>\n<p><iframe class=\"wp-embedded-content\" sandbox=\"allow-scripts\" security=\"restricted\" style=\"position: absolute; visibility: hidden;\" title=\"&#8220;Dicas de Percep\u00e7\u00e3o Musical&#8221; &#8212; SABRA - Sociedade Art\u00edstica Brasileira\" src=\"https:\/\/www.sabra.org.br\/site\/dicas-percepcao-musical\/embed\/#?secret=8GGOe6Y4QX#?secret=tk4WfkAatf\" data-secret=\"tk4WfkAatf\" width=\"600\" height=\"338\" frameborder=\"0\" marginwidth=\"0\" marginheight=\"0\" scrolling=\"no\"><\/iframe><\/p>\n<hr \/>\n<h2>Se voc\u00ea gostou deste post:<\/h2>\n<ul>\n<li>SIGA as nossas p\u00e1ginas nas redes sociais para acompanhar as nossas atualiza\u00e7\u00f5es: estamos no <a href=\"https:\/\/www.facebook.com\/sabrabrasil\" target=\"_blank\" rel=\"noopener\">Facebook<\/a>, no <a href=\"https:\/\/www.instagram.com\/sabrabrasil\/\" target=\"_blank\" rel=\"noopener\">Instagram<\/a>, no <a href=\"https:\/\/www.linkedin.com\/company\/25002088\" target=\"_blank\" rel=\"noopener\">LinkedIn<\/a>, no <a href=\"https:\/\/twitter.com\/ContatoSabra\" target=\"_blank\" rel=\"noopener\">Twitter<\/a> e no <a href=\"https:\/\/www.youtube.com\/channel\/UCJw-kbuEvzUNdeQf20Pa-eQ\" target=\"_blank\" rel=\"noopener\">YouTube<\/a>!<\/li>\n<li>CONHE\u00c7A o trabalho da Sociedade Art\u00edstica Brasileira (SABRA) e todas as iniciativas culturais e sociais que ela mant\u00e9m. <a href=\"https:\/\/www.sabra.org.br\/site\/acoes\/\" target=\"_blank\" rel=\"noopener\">Acesse nosso site!<\/a><\/li>\n<li>ENTRE EM CONTATO com a gente. E veja quais s\u00e3o as op\u00e7\u00f5es de ajuda na manuten\u00e7\u00e3o de nossas a\u00e7\u00f5es sociais e culturais. Basta acessar nossa p\u00e1gina <a href=\"https:\/\/www.sabra.org.br\/site\/doe-agora\/\" target=\"_blank\" rel=\"noopener\">Doe Agora!<\/a><\/li>\n<li>COMPARTILHE este texto nas suas redes sociais e ajude os seus amigos a tamb\u00e9m dominarem o assunto!<\/li>\n<\/ul>\n<p>\u2013 Os projetos da @sabrabrasil s\u00e3o realizados com o patroci\u0301nio m\u00e1ster: @institutounimedbh, viabilizado pelo incentivo de mais de 5,3 mil m\u00e9dicos cooperados e colaboradores via Lei de Incentivo \u00e0 Cultura &#8211; @culturagovbr<\/p>\n<blockquote class=\"wp-embedded-content\" data-secret=\"xxLxS0ENOX\"><p><a href=\"https:\/\/www.sabra.org.br\/site\/musica-periferias\/\">A m\u00fasica como express\u00e3o cultural das periferias brasileiras<\/a><\/p><\/blockquote>\n<p><iframe class=\"wp-embedded-content\" sandbox=\"allow-scripts\" security=\"restricted\" style=\"position: absolute; visibility: hidden;\" title=\"&#8220;A m\u00fasica como express\u00e3o cultural das periferias brasileiras&#8221; &#8212; SABRA - Sociedade Art\u00edstica Brasileira\" src=\"https:\/\/www.sabra.org.br\/site\/musica-periferias\/embed\/#?secret=Qm3gBhAjOQ#?secret=xxLxS0ENOX\" data-secret=\"xxLxS0ENOX\" width=\"600\" height=\"338\" frameborder=\"0\" marginwidth=\"0\" marginheight=\"0\" scrolling=\"no\"><\/iframe><\/p>\n<p>Conte\u00fado por: <a href=\"https:\/\/redaweb.com.br\">Ag\u00eancia de Conte\u00fado RedaWeb<\/a><\/p>\n","protected":false},"excerpt":{"rendered":"<p>A cultura perif\u00e9rica, assim como qualquer outra cultura, possui seus aspectos e nuances que fazem dela uma cultura \u00fanica. No texto a seguir, voc\u00ea confere um pouco mais sobre a import\u00e2ncia de investir na cultura perif\u00e9rica.<\/p>\n","protected":false},"author":39,"featured_media":8747,"comment_status":"closed","ping_status":"closed","sticky":false,"template":"","format":"standard","meta":{"jetpack_post_was_ever_published":false,"_jetpack_newsletter_access":"","_jetpack_dont_email_post_to_subs":false,"_jetpack_newsletter_tier_id":0,"_jetpack_memberships_contains_paywalled_content":false,"_jetpack_memberships_contains_paid_content":false,"footnotes":""},"categories":[1],"tags":[15,2757,3626,3623,8,3629,1285,3628,16,3519,1286,11,3622,9],"class_list":["post-8745","post","type-post","status-publish","format-standard","has-post-thumbnail","hentry","category-blog-sabra","tag-assistencia-social","tag-belo-horizonte","tag-cabo-frio","tag-campos-dos-goytacazes","tag-canto-coral","tag-contagem","tag-escola-de-musica-sabra","tag-ibirite","tag-musicalizacao-infantil","tag-nova-lima-2","tag-orquestra-infanto-juvenil-de-betim","tag-orquestra-sinfonica-de-betim","tag-raposos","tag-sociedade-artistica-brasileira"],"yoast_head":"<!-- This site is optimized with the Yoast SEO plugin v27.5 - https:\/\/yoast.com\/product\/yoast-seo-wordpress\/ -->\n<title>Por que investir na cultura perif\u00e9rica? - SABRA - Sociedade Art\u00edstica Brasileira<\/title>\n<meta name=\"description\" content=\"O jovem na cultura perif\u00e9rica, assim como qualquer outra cultura, possui seus aspectos e nuances que fazem dela uma cultura \u00fanica.\" \/>\n<meta name=\"robots\" content=\"index, follow, max-snippet:-1, max-image-preview:large, max-video-preview:-1\" \/>\n<link rel=\"canonical\" href=\"https:\/\/www.sabra.org.br\/site\/cultura-jovem\/\" \/>\n<meta property=\"og:locale\" content=\"pt_BR\" \/>\n<meta property=\"og:type\" content=\"article\" \/>\n<meta property=\"og:title\" content=\"Por que investir na cultura perif\u00e9rica? - SABRA - Sociedade Art\u00edstica Brasileira\" \/>\n<meta property=\"og:description\" content=\"O jovem na cultura perif\u00e9rica, assim como qualquer outra cultura, possui seus aspectos e nuances que fazem dela uma cultura \u00fanica.\" \/>\n<meta property=\"og:url\" content=\"https:\/\/www.sabra.org.br\/site\/cultura-jovem\/\" \/>\n<meta property=\"og:site_name\" content=\"SABRA - Sociedade Art\u00edstica Brasileira\" \/>\n<meta property=\"article:publisher\" content=\"https:\/\/www.facebook.com\/sabrabrasil\" \/>\n<meta property=\"article:published_time\" content=\"2023-12-18T10:56:34+00:00\" \/>\n<meta property=\"article:modified_time\" content=\"2025-04-18T13:21:59+00:00\" \/>\n<meta property=\"og:image\" content=\"https:\/\/www.sabra.org.br\/site\/wp-content\/uploads\/2023\/12\/por-que-investir-na-cultura-periferica-20181030105249.jpg-jpg.webp\" \/>\n\t<meta property=\"og:image:width\" content=\"800\" \/>\n\t<meta property=\"og:image:height\" content=\"454\" \/>\n\t<meta property=\"og:image:type\" content=\"image\/jpeg\" \/>\n<meta name=\"author\" content=\"M\u00e1rcio Miranda Pontes\" \/>\n<meta name=\"twitter:card\" content=\"summary_large_image\" \/>\n<meta name=\"twitter:creator\" content=\"@ContatoSabra\" \/>\n<meta name=\"twitter:site\" content=\"@ContatoSabra\" \/>\n<meta name=\"twitter:label1\" content=\"Escrito por\" \/>\n\t<meta name=\"twitter:data1\" content=\"M\u00e1rcio Miranda Pontes\" \/>\n\t<meta name=\"twitter:label2\" content=\"Est. tempo de leitura\" \/>\n\t<meta name=\"twitter:data2\" content=\"4 minutos\" \/>\n<script type=\"application\/ld+json\" class=\"yoast-schema-graph\">{\"@context\":\"https:\\\/\\\/schema.org\",\"@graph\":[{\"@type\":\"Article\",\"@id\":\"https:\\\/\\\/www.sabra.org.br\\\/site\\\/cultura-jovem\\\/#article\",\"isPartOf\":{\"@id\":\"https:\\\/\\\/www.sabra.org.br\\\/site\\\/cultura-jovem\\\/\"},\"author\":{\"name\":\"M\u00e1rcio Miranda Pontes\",\"@id\":\"https:\\\/\\\/www.sabra.org.br\\\/site\\\/#\\\/schema\\\/person\\\/7d1d222c3c8891d4c37c7b41bf6315c2\"},\"headline\":\"Por que investir na cultura perif\u00e9rica?\",\"datePublished\":\"2023-12-18T10:56:34+00:00\",\"dateModified\":\"2025-04-18T13:21:59+00:00\",\"mainEntityOfPage\":{\"@id\":\"https:\\\/\\\/www.sabra.org.br\\\/site\\\/cultura-jovem\\\/\"},\"wordCount\":734,\"publisher\":{\"@id\":\"https:\\\/\\\/www.sabra.org.br\\\/site\\\/#organization\"},\"image\":{\"@id\":\"https:\\\/\\\/www.sabra.org.br\\\/site\\\/cultura-jovem\\\/#primaryimage\"},\"thumbnailUrl\":\"https:\\\/\\\/www.sabra.org.br\\\/site\\\/wp-content\\\/uploads\\\/2023\\\/12\\\/por-que-investir-na-cultura-periferica-20181030105249.jpg-jpg.webp\",\"keywords\":[\"Assist\u00eancia social\",\"Belo Horizonte\",\"Cabo Frio\",\"Campos dos Goytacazes\",\"Canto Coral\",\"Contagem\",\"Escola de Musica SABRA\",\"Ibirit\u00e9\",\"Musicaliza\u00e7\u00e3o Infantil\",\"nova lima\",\"Orquestra Infanto Juvenil de Betim\",\"Orquestra Sinf\u00f4nica de Betim\",\"Raposos\",\"Sociedade Art\u00edstica Brasileira\"],\"articleSection\":[\"Blog SABRA\"],\"inLanguage\":\"pt-BR\"},{\"@type\":\"WebPage\",\"@id\":\"https:\\\/\\\/www.sabra.org.br\\\/site\\\/cultura-jovem\\\/\",\"url\":\"https:\\\/\\\/www.sabra.org.br\\\/site\\\/cultura-jovem\\\/\",\"name\":\"Por que investir na cultura perif\u00e9rica? - SABRA - Sociedade Art\u00edstica Brasileira\",\"isPartOf\":{\"@id\":\"https:\\\/\\\/www.sabra.org.br\\\/site\\\/#website\"},\"primaryImageOfPage\":{\"@id\":\"https:\\\/\\\/www.sabra.org.br\\\/site\\\/cultura-jovem\\\/#primaryimage\"},\"image\":{\"@id\":\"https:\\\/\\\/www.sabra.org.br\\\/site\\\/cultura-jovem\\\/#primaryimage\"},\"thumbnailUrl\":\"https:\\\/\\\/www.sabra.org.br\\\/site\\\/wp-content\\\/uploads\\\/2023\\\/12\\\/por-que-investir-na-cultura-periferica-20181030105249.jpg-jpg.webp\",\"datePublished\":\"2023-12-18T10:56:34+00:00\",\"dateModified\":\"2025-04-18T13:21:59+00:00\",\"description\":\"O jovem na cultura perif\u00e9rica, assim como qualquer outra cultura, possui seus aspectos e nuances que fazem dela uma cultura \u00fanica.\",\"breadcrumb\":{\"@id\":\"https:\\\/\\\/www.sabra.org.br\\\/site\\\/cultura-jovem\\\/#breadcrumb\"},\"inLanguage\":\"pt-BR\",\"potentialAction\":[{\"@type\":\"ReadAction\",\"target\":[\"https:\\\/\\\/www.sabra.org.br\\\/site\\\/cultura-jovem\\\/\"]}]},{\"@type\":\"ImageObject\",\"inLanguage\":\"pt-BR\",\"@id\":\"https:\\\/\\\/www.sabra.org.br\\\/site\\\/cultura-jovem\\\/#primaryimage\",\"url\":\"https:\\\/\\\/www.sabra.org.br\\\/site\\\/wp-content\\\/uploads\\\/2023\\\/12\\\/por-que-investir-na-cultura-periferica-20181030105249.jpg-jpg.webp\",\"contentUrl\":\"https:\\\/\\\/www.sabra.org.br\\\/site\\\/wp-content\\\/uploads\\\/2023\\\/12\\\/por-que-investir-na-cultura-periferica-20181030105249.jpg-jpg.webp\",\"width\":800,\"height\":454,\"caption\":\"Sociedade Art\u00edstica Brasileira SABRA\"},{\"@type\":\"BreadcrumbList\",\"@id\":\"https:\\\/\\\/www.sabra.org.br\\\/site\\\/cultura-jovem\\\/#breadcrumb\",\"itemListElement\":[{\"@type\":\"ListItem\",\"position\":1,\"name\":\"In\u00edcio\",\"item\":\"https:\\\/\\\/www.sabra.org.br\\\/site\\\/\"},{\"@type\":\"ListItem\",\"position\":2,\"name\":\"Por que investir na cultura perif\u00e9rica?\"}]},{\"@type\":\"WebSite\",\"@id\":\"https:\\\/\\\/www.sabra.org.br\\\/site\\\/#website\",\"url\":\"https:\\\/\\\/www.sabra.org.br\\\/site\\\/\",\"name\":\"SABRA - Sociedade Art\u00edstica Brasileira\",\"description\":\"Escola de M\u00fasica, Orquestra Sinf\u00f4nica, Coral e Patrim\u00f4nio Cultural e Hist\u00f3rico\",\"publisher\":{\"@id\":\"https:\\\/\\\/www.sabra.org.br\\\/site\\\/#organization\"},\"potentialAction\":[{\"@type\":\"SearchAction\",\"target\":{\"@type\":\"EntryPoint\",\"urlTemplate\":\"https:\\\/\\\/www.sabra.org.br\\\/site\\\/?s={search_term_string}\"},\"query-input\":{\"@type\":\"PropertyValueSpecification\",\"valueRequired\":true,\"valueName\":\"search_term_string\"}}],\"inLanguage\":\"pt-BR\"},{\"@type\":\"Organization\",\"@id\":\"https:\\\/\\\/www.sabra.org.br\\\/site\\\/#organization\",\"name\":\"SOCIEDADE ART\u00cdSTICA BRASILEIRA SABRA\",\"alternateName\":\"SABRA\",\"url\":\"https:\\\/\\\/www.sabra.org.br\\\/site\\\/\",\"logo\":{\"@type\":\"ImageObject\",\"inLanguage\":\"pt-BR\",\"@id\":\"https:\\\/\\\/www.sabra.org.br\\\/site\\\/#\\\/schema\\\/logo\\\/image\\\/\",\"url\":\"https:\\\/\\\/www.sabra.org.br\\\/site\\\/wp-content\\\/uploads\\\/2019\\\/06\\\/cropped-Logo_SABRA-Copia-1.webp\",\"contentUrl\":\"https:\\\/\\\/www.sabra.org.br\\\/site\\\/wp-content\\\/uploads\\\/2019\\\/06\\\/cropped-Logo_SABRA-Copia-1.webp\",\"width\":400,\"height\":128,\"caption\":\"SOCIEDADE ART\u00cdSTICA BRASILEIRA SABRA\"},\"image\":{\"@id\":\"https:\\\/\\\/www.sabra.org.br\\\/site\\\/#\\\/schema\\\/logo\\\/image\\\/\"},\"sameAs\":[\"https:\\\/\\\/www.facebook.com\\\/sabrabrasil\",\"https:\\\/\\\/x.com\\\/ContatoSabra\",\"https:\\\/\\\/www.instagram.com\\\/sabrabrasil\\\/\",\"https:\\\/\\\/www.linkedin.com\\\/company\\\/25002088\\\/\",\"https:\\\/\\\/br.pinterest.com\\\/sociedadeartisticabrasileira\\\/\",\"https:\\\/\\\/www.youtube.com\\\/c\\\/sabrabrasil\"]},{\"@type\":\"Person\",\"@id\":\"https:\\\/\\\/www.sabra.org.br\\\/site\\\/#\\\/schema\\\/person\\\/7d1d222c3c8891d4c37c7b41bf6315c2\",\"name\":\"M\u00e1rcio Miranda Pontes\",\"image\":{\"@type\":\"ImageObject\",\"inLanguage\":\"pt-BR\",\"@id\":\"https:\\\/\\\/secure.gravatar.com\\\/avatar\\\/3b45f24496a7625a3a6c436688fbe20344faaeb2979658dc4a9921f984d7df9a?s=96&d=mm&r=g\",\"url\":\"https:\\\/\\\/secure.gravatar.com\\\/avatar\\\/3b45f24496a7625a3a6c436688fbe20344faaeb2979658dc4a9921f984d7df9a?s=96&d=mm&r=g\",\"contentUrl\":\"https:\\\/\\\/secure.gravatar.com\\\/avatar\\\/3b45f24496a7625a3a6c436688fbe20344faaeb2979658dc4a9921f984d7df9a?s=96&d=mm&r=g\",\"caption\":\"M\u00e1rcio Miranda Pontes\"},\"sameAs\":[\"http:\\\/\\\/www.sabra.org.br\"],\"url\":\"https:\\\/\\\/www.sabra.org.br\\\/site\\\/author\\\/marcio-miranda-pontes\\\/\"}]}<\/script>\n<!-- \/ Yoast SEO plugin. -->","yoast_head_json":{"title":"Por que investir na cultura perif\u00e9rica? - SABRA - Sociedade Art\u00edstica Brasileira","description":"O jovem na cultura perif\u00e9rica, assim como qualquer outra cultura, possui seus aspectos e nuances que fazem dela uma cultura \u00fanica.","robots":{"index":"index","follow":"follow","max-snippet":"max-snippet:-1","max-image-preview":"max-image-preview:large","max-video-preview":"max-video-preview:-1"},"canonical":"https:\/\/www.sabra.org.br\/site\/cultura-jovem\/","og_locale":"pt_BR","og_type":"article","og_title":"Por que investir na cultura perif\u00e9rica? - SABRA - Sociedade Art\u00edstica Brasileira","og_description":"O jovem na cultura perif\u00e9rica, assim como qualquer outra cultura, possui seus aspectos e nuances que fazem dela uma cultura \u00fanica.","og_url":"https:\/\/www.sabra.org.br\/site\/cultura-jovem\/","og_site_name":"SABRA - Sociedade Art\u00edstica Brasileira","article_publisher":"https:\/\/www.facebook.com\/sabrabrasil","article_published_time":"2023-12-18T10:56:34+00:00","article_modified_time":"2025-04-18T13:21:59+00:00","og_image":[{"width":800,"height":454,"url":"https:\/\/www.sabra.org.br\/site\/wp-content\/uploads\/2023\/12\/por-que-investir-na-cultura-periferica-20181030105249.jpg-jpg.webp","type":"image\/jpeg"}],"author":"M\u00e1rcio Miranda Pontes","twitter_card":"summary_large_image","twitter_creator":"@ContatoSabra","twitter_site":"@ContatoSabra","twitter_misc":{"Escrito por":"M\u00e1rcio Miranda Pontes","Est. tempo de leitura":"4 minutos"},"schema":{"@context":"https:\/\/schema.org","@graph":[{"@type":"Article","@id":"https:\/\/www.sabra.org.br\/site\/cultura-jovem\/#article","isPartOf":{"@id":"https:\/\/www.sabra.org.br\/site\/cultura-jovem\/"},"author":{"name":"M\u00e1rcio Miranda Pontes","@id":"https:\/\/www.sabra.org.br\/site\/#\/schema\/person\/7d1d222c3c8891d4c37c7b41bf6315c2"},"headline":"Por que investir na cultura perif\u00e9rica?","datePublished":"2023-12-18T10:56:34+00:00","dateModified":"2025-04-18T13:21:59+00:00","mainEntityOfPage":{"@id":"https:\/\/www.sabra.org.br\/site\/cultura-jovem\/"},"wordCount":734,"publisher":{"@id":"https:\/\/www.sabra.org.br\/site\/#organization"},"image":{"@id":"https:\/\/www.sabra.org.br\/site\/cultura-jovem\/#primaryimage"},"thumbnailUrl":"https:\/\/www.sabra.org.br\/site\/wp-content\/uploads\/2023\/12\/por-que-investir-na-cultura-periferica-20181030105249.jpg-jpg.webp","keywords":["Assist\u00eancia social","Belo Horizonte","Cabo Frio","Campos dos Goytacazes","Canto Coral","Contagem","Escola de Musica SABRA","Ibirit\u00e9","Musicaliza\u00e7\u00e3o Infantil","nova lima","Orquestra Infanto Juvenil de Betim","Orquestra Sinf\u00f4nica de Betim","Raposos","Sociedade Art\u00edstica Brasileira"],"articleSection":["Blog SABRA"],"inLanguage":"pt-BR"},{"@type":"WebPage","@id":"https:\/\/www.sabra.org.br\/site\/cultura-jovem\/","url":"https:\/\/www.sabra.org.br\/site\/cultura-jovem\/","name":"Por que investir na cultura perif\u00e9rica? - SABRA - Sociedade Art\u00edstica Brasileira","isPartOf":{"@id":"https:\/\/www.sabra.org.br\/site\/#website"},"primaryImageOfPage":{"@id":"https:\/\/www.sabra.org.br\/site\/cultura-jovem\/#primaryimage"},"image":{"@id":"https:\/\/www.sabra.org.br\/site\/cultura-jovem\/#primaryimage"},"thumbnailUrl":"https:\/\/www.sabra.org.br\/site\/wp-content\/uploads\/2023\/12\/por-que-investir-na-cultura-periferica-20181030105249.jpg-jpg.webp","datePublished":"2023-12-18T10:56:34+00:00","dateModified":"2025-04-18T13:21:59+00:00","description":"O jovem na cultura perif\u00e9rica, assim como qualquer outra cultura, possui seus aspectos e nuances que fazem dela uma cultura \u00fanica.","breadcrumb":{"@id":"https:\/\/www.sabra.org.br\/site\/cultura-jovem\/#breadcrumb"},"inLanguage":"pt-BR","potentialAction":[{"@type":"ReadAction","target":["https:\/\/www.sabra.org.br\/site\/cultura-jovem\/"]}]},{"@type":"ImageObject","inLanguage":"pt-BR","@id":"https:\/\/www.sabra.org.br\/site\/cultura-jovem\/#primaryimage","url":"https:\/\/www.sabra.org.br\/site\/wp-content\/uploads\/2023\/12\/por-que-investir-na-cultura-periferica-20181030105249.jpg-jpg.webp","contentUrl":"https:\/\/www.sabra.org.br\/site\/wp-content\/uploads\/2023\/12\/por-que-investir-na-cultura-periferica-20181030105249.jpg-jpg.webp","width":800,"height":454,"caption":"Sociedade Art\u00edstica Brasileira SABRA"},{"@type":"BreadcrumbList","@id":"https:\/\/www.sabra.org.br\/site\/cultura-jovem\/#breadcrumb","itemListElement":[{"@type":"ListItem","position":1,"name":"In\u00edcio","item":"https:\/\/www.sabra.org.br\/site\/"},{"@type":"ListItem","position":2,"name":"Por que investir na cultura perif\u00e9rica?"}]},{"@type":"WebSite","@id":"https:\/\/www.sabra.org.br\/site\/#website","url":"https:\/\/www.sabra.org.br\/site\/","name":"SABRA - Sociedade Art\u00edstica Brasileira","description":"Escola de M\u00fasica, Orquestra Sinf\u00f4nica, Coral e Patrim\u00f4nio Cultural e Hist\u00f3rico","publisher":{"@id":"https:\/\/www.sabra.org.br\/site\/#organization"},"potentialAction":[{"@type":"SearchAction","target":{"@type":"EntryPoint","urlTemplate":"https:\/\/www.sabra.org.br\/site\/?s={search_term_string}"},"query-input":{"@type":"PropertyValueSpecification","valueRequired":true,"valueName":"search_term_string"}}],"inLanguage":"pt-BR"},{"@type":"Organization","@id":"https:\/\/www.sabra.org.br\/site\/#organization","name":"SOCIEDADE ART\u00cdSTICA BRASILEIRA SABRA","alternateName":"SABRA","url":"https:\/\/www.sabra.org.br\/site\/","logo":{"@type":"ImageObject","inLanguage":"pt-BR","@id":"https:\/\/www.sabra.org.br\/site\/#\/schema\/logo\/image\/","url":"https:\/\/www.sabra.org.br\/site\/wp-content\/uploads\/2019\/06\/cropped-Logo_SABRA-Copia-1.webp","contentUrl":"https:\/\/www.sabra.org.br\/site\/wp-content\/uploads\/2019\/06\/cropped-Logo_SABRA-Copia-1.webp","width":400,"height":128,"caption":"SOCIEDADE ART\u00cdSTICA BRASILEIRA SABRA"},"image":{"@id":"https:\/\/www.sabra.org.br\/site\/#\/schema\/logo\/image\/"},"sameAs":["https:\/\/www.facebook.com\/sabrabrasil","https:\/\/x.com\/ContatoSabra","https:\/\/www.instagram.com\/sabrabrasil\/","https:\/\/www.linkedin.com\/company\/25002088\/","https:\/\/br.pinterest.com\/sociedadeartisticabrasileira\/","https:\/\/www.youtube.com\/c\/sabrabrasil"]},{"@type":"Person","@id":"https:\/\/www.sabra.org.br\/site\/#\/schema\/person\/7d1d222c3c8891d4c37c7b41bf6315c2","name":"M\u00e1rcio Miranda Pontes","image":{"@type":"ImageObject","inLanguage":"pt-BR","@id":"https:\/\/secure.gravatar.com\/avatar\/3b45f24496a7625a3a6c436688fbe20344faaeb2979658dc4a9921f984d7df9a?s=96&d=mm&r=g","url":"https:\/\/secure.gravatar.com\/avatar\/3b45f24496a7625a3a6c436688fbe20344faaeb2979658dc4a9921f984d7df9a?s=96&d=mm&r=g","contentUrl":"https:\/\/secure.gravatar.com\/avatar\/3b45f24496a7625a3a6c436688fbe20344faaeb2979658dc4a9921f984d7df9a?s=96&d=mm&r=g","caption":"M\u00e1rcio Miranda Pontes"},"sameAs":["http:\/\/www.sabra.org.br"],"url":"https:\/\/www.sabra.org.br\/site\/author\/marcio-miranda-pontes\/"}]}},"jetpack_featured_media_url":"https:\/\/www.sabra.org.br\/site\/wp-content\/uploads\/2023\/12\/por-que-investir-na-cultura-periferica-20181030105249.jpg-jpg.webp","jetpack_shortlink":"https:\/\/wp.me\/p95j2Z-2h3","jetpack-related-posts":[{"id":1899,"url":"https:\/\/www.sabra.org.br\/site\/incentivo\/","url_meta":{"origin":8745,"position":0},"title":"Incentivo","author":"M\u00e1rcio Miranda Pontes","date":"17 de abril de 2019","format":false,"excerpt":"projetos sociais sociais projetos educa\u00e7\u00e3o musical redes sociais","rel":"","context":"Em &quot;Blog SABRA&quot;","block_context":{"text":"Blog SABRA","link":"https:\/\/www.sabra.org.br\/site\/category\/blog-sabra\/"},"img":{"alt_text":"Incentivo","src":"https:\/\/i0.wp.com\/www.sabra.org.br\/site\/wp-content\/uploads\/2019\/04\/projetos-sociais-entenda-porque-o-incentivo-e-importante-20181109101935.jpg.jpg?resize=350%2C200&ssl=1","width":350,"height":200,"srcset":"https:\/\/i0.wp.com\/www.sabra.org.br\/site\/wp-content\/uploads\/2019\/04\/projetos-sociais-entenda-porque-o-incentivo-e-importante-20181109101935.jpg.jpg?resize=350%2C200&ssl=1 1x, https:\/\/i0.wp.com\/www.sabra.org.br\/site\/wp-content\/uploads\/2019\/04\/projetos-sociais-entenda-porque-o-incentivo-e-importante-20181109101935.jpg.jpg?resize=525%2C300&ssl=1 1.5x, https:\/\/i0.wp.com\/www.sabra.org.br\/site\/wp-content\/uploads\/2019\/04\/projetos-sociais-entenda-porque-o-incentivo-e-importante-20181109101935.jpg.jpg?resize=700%2C400&ssl=1 2x"},"classes":[]},{"id":7107,"url":"https:\/\/www.sabra.org.br\/site\/orquestra-sinfonica-curso\/","url_meta":{"origin":8745,"position":1},"title":"Curso de Orquestra Sinf\u00f4nica","author":"M\u00e1rcio Miranda Pontes","date":"11 de maio de 2023","format":false,"excerpt":"N\u00e3o \u00e9 segredo para ningu\u00e9m que a perfeita simetria \u00e9 o que rege uma orquestra sinf\u00f4nica (depois do regente, \u00e9 claro). E, para isso, \u00e9 indispens\u00e1vel investir em um curso de Orquestra Sinf\u00f4nica. Saiba mais sobre o assunto.","rel":"","context":"Em &quot;Blog SABRA&quot;","block_context":{"text":"Blog SABRA","link":"https:\/\/www.sabra.org.br\/site\/category\/blog-sabra\/"},"img":{"alt_text":"m\u00fasica-orquestra-curso-sociais-trabalha-culturais-sinf\u00f4nica","src":"https:\/\/i0.wp.com\/www.sabra.org.br\/site\/wp-content\/uploads\/2023\/05\/curso-de-orquestra-sinfonica-20171229162457.jpg-jpg.webp?resize=350%2C200&ssl=1","width":350,"height":200,"srcset":"https:\/\/i0.wp.com\/www.sabra.org.br\/site\/wp-content\/uploads\/2023\/05\/curso-de-orquestra-sinfonica-20171229162457.jpg-jpg.webp?resize=350%2C200&ssl=1 1x, https:\/\/i0.wp.com\/www.sabra.org.br\/site\/wp-content\/uploads\/2023\/05\/curso-de-orquestra-sinfonica-20171229162457.jpg-jpg.webp?resize=525%2C300&ssl=1 1.5x"},"classes":[]},{"id":7280,"url":"https:\/\/www.sabra.org.br\/site\/vida-jovens\/","url_meta":{"origin":8745,"position":2},"title":"Quais os benef\u00edcios que uma a\u00e7\u00e3o social traz para as vida dos jovens?","author":"M\u00e1rcio Miranda Pontes","date":"6 de junho de 2023","format":false,"excerpt":"Al\u00e9m de integra\u00e7\u00e3o social, voc\u00ea sabia que uma a\u00e7\u00e3o social pode ajudar os jovens a desenvolverem seu lado human\u00edstico e solid\u00e1rio, contribuindo para se tornarem pessoas melhores? Conhe\u00e7a no texto abaixo outros benef\u00edcios que uma a\u00e7\u00e3o social pode proporcionar aos jovens!","rel":"","context":"Em &quot;Blog SABRA&quot;","block_context":{"text":"Blog SABRA","link":"https:\/\/www.sabra.org.br\/site\/category\/blog-sabra\/"},"img":{"alt_text":"culturais-jovens-vida-orquestra-sociais-musical-social-sabra","src":"https:\/\/i0.wp.com\/www.sabra.org.br\/site\/wp-content\/uploads\/2023\/06\/quais-os-beneficios-que-uma-acao-social-traz-para-as-vida-dos-jovens-20181024171547.jpg-jpg.webp?resize=350%2C200&ssl=1","width":350,"height":200,"srcset":"https:\/\/i0.wp.com\/www.sabra.org.br\/site\/wp-content\/uploads\/2023\/06\/quais-os-beneficios-que-uma-acao-social-traz-para-as-vida-dos-jovens-20181024171547.jpg-jpg.webp?resize=350%2C200&ssl=1 1x, https:\/\/i0.wp.com\/www.sabra.org.br\/site\/wp-content\/uploads\/2023\/06\/quais-os-beneficios-que-uma-acao-social-traz-para-as-vida-dos-jovens-20181024171547.jpg-jpg.webp?resize=525%2C300&ssl=1 1.5x, https:\/\/i0.wp.com\/www.sabra.org.br\/site\/wp-content\/uploads\/2023\/06\/quais-os-beneficios-que-uma-acao-social-traz-para-as-vida-dos-jovens-20181024171547.jpg-jpg.webp?resize=700%2C400&ssl=1 2x"},"classes":[]},{"id":7302,"url":"https:\/\/www.sabra.org.br\/site\/danca-artistico\/","url_meta":{"origin":8745,"position":3},"title":"Como a dan\u00e7a pode auxiliar no processo de aprendizagem?","author":"M\u00e1rcio Miranda Pontes","date":"12 de junho de 2023","format":false,"excerpt":"A pr\u00e1tica da dan\u00e7a, al\u00e9m de ser muito prazerosa, ainda pode auxiliar no processo de aprendizagem das crian\u00e7as. \u00c9 uma arte que busca trazer todos os sentimentos, emo\u00e7\u00f5es e particularidades de cada indiv\u00edduo. Confira o texto a seguir. Boa leitura!","rel":"","context":"Em &quot;Blog SABRA&quot;","block_context":{"text":"Blog SABRA","link":"https:\/\/www.sabra.org.br\/site\/category\/blog-sabra\/"},"img":{"alt_text":"dan\u00e7a-art\u00edstico-emo\u00e7\u00f5es-indiv\u00edduo-melhora-sociais-sabra","src":"https:\/\/i0.wp.com\/www.sabra.org.br\/site\/wp-content\/uploads\/2023\/06\/como-a-danca-pode-auxiliar-no-processo-de-aprendizagem-20181109101935.jpg-jpg.webp?resize=350%2C200&ssl=1","width":350,"height":200,"srcset":"https:\/\/i0.wp.com\/www.sabra.org.br\/site\/wp-content\/uploads\/2023\/06\/como-a-danca-pode-auxiliar-no-processo-de-aprendizagem-20181109101935.jpg-jpg.webp?resize=350%2C200&ssl=1 1x, https:\/\/i0.wp.com\/www.sabra.org.br\/site\/wp-content\/uploads\/2023\/06\/como-a-danca-pode-auxiliar-no-processo-de-aprendizagem-20181109101935.jpg-jpg.webp?resize=525%2C300&ssl=1 1.5x, https:\/\/i0.wp.com\/www.sabra.org.br\/site\/wp-content\/uploads\/2023\/06\/como-a-danca-pode-auxiliar-no-processo-de-aprendizagem-20181109101935.jpg-jpg.webp?resize=700%2C400&ssl=1 2x"},"classes":[]},{"id":2194,"url":"https:\/\/www.sabra.org.br\/site\/transformacao-social\/","url_meta":{"origin":8745,"position":4},"title":"Transforma\u00e7\u00e3o Social","author":"M\u00e1rcio Miranda Pontes","date":"1 de julho de 2019","format":false,"excerpt":"sociedade art\u00edstica brasileira sabra constru\u00e7\u00e3o do pr\u00f3prio futuro transforma\u00e7\u00e3o social mercado de trabalho sociedade art\u00edstica brasileira","rel":"","context":"Em &quot;Blog SABRA&quot;","block_context":{"text":"Blog SABRA","link":"https:\/\/www.sabra.org.br\/site\/category\/blog-sabra\/"},"img":{"alt_text":"Transforma\u00e7\u00e3o social","src":"https:\/\/i0.wp.com\/www.sabra.org.br\/site\/wp-content\/uploads\/2019\/07\/transformacao-social-entenda-o-que-e-e-como-ela-impacta-na-sociedade-20181024171547-1.jpg-1.jpg?resize=350%2C200&ssl=1","width":350,"height":200,"srcset":"https:\/\/i0.wp.com\/www.sabra.org.br\/site\/wp-content\/uploads\/2019\/07\/transformacao-social-entenda-o-que-e-e-como-ela-impacta-na-sociedade-20181024171547-1.jpg-1.jpg?resize=350%2C200&ssl=1 1x, https:\/\/i0.wp.com\/www.sabra.org.br\/site\/wp-content\/uploads\/2019\/07\/transformacao-social-entenda-o-que-e-e-como-ela-impacta-na-sociedade-20181024171547-1.jpg-1.jpg?resize=525%2C300&ssl=1 1.5x, https:\/\/i0.wp.com\/www.sabra.org.br\/site\/wp-content\/uploads\/2019\/07\/transformacao-social-entenda-o-que-e-e-como-ela-impacta-na-sociedade-20181024171547-1.jpg-1.jpg?resize=700%2C400&ssl=1 2x"},"classes":[]},{"id":1909,"url":"https:\/\/www.sabra.org.br\/site\/como-o-assistente-social-pode-auxiliar-no-desenvolvimento-da-juventude\/","url_meta":{"origin":8745,"position":5},"title":"Como o Assistente Social pode auxiliar no desenvolvimento da juventude?","author":"M\u00e1rcio Miranda Pontes","date":"8 de maio de 2019","format":false,"excerpt":"assistente social pol\u00edticas p\u00fablicas social sociais jovens enfrentam","rel":"","context":"Em &quot;Blog SABRA&quot;","block_context":{"text":"Blog SABRA","link":"https:\/\/www.sabra.org.br\/site\/category\/blog-sabra\/"},"img":{"alt_text":"Assistente social juventude","src":"https:\/\/i0.wp.com\/www.sabra.org.br\/site\/wp-content\/uploads\/2019\/05\/como-o-assistente-social-pode-auxiliar-no-desenvolvimento-dos-jovens-de-periferia-20181029144609.jpg.jpg?resize=350%2C200&ssl=1","width":350,"height":200,"srcset":"https:\/\/i0.wp.com\/www.sabra.org.br\/site\/wp-content\/uploads\/2019\/05\/como-o-assistente-social-pode-auxiliar-no-desenvolvimento-dos-jovens-de-periferia-20181029144609.jpg.jpg?resize=350%2C200&ssl=1 1x, https:\/\/i0.wp.com\/www.sabra.org.br\/site\/wp-content\/uploads\/2019\/05\/como-o-assistente-social-pode-auxiliar-no-desenvolvimento-dos-jovens-de-periferia-20181029144609.jpg.jpg?resize=525%2C300&ssl=1 1.5x, https:\/\/i0.wp.com\/www.sabra.org.br\/site\/wp-content\/uploads\/2019\/05\/como-o-assistente-social-pode-auxiliar-no-desenvolvimento-dos-jovens-de-periferia-20181029144609.jpg.jpg?resize=700%2C400&ssl=1 2x"},"classes":[]}],"jetpack_likes_enabled":true,"jetpack_sharing_enabled":true,"_links":{"self":[{"href":"https:\/\/www.sabra.org.br\/site\/wp-json\/wp\/v2\/posts\/8745","targetHints":{"allow":["GET"]}}],"collection":[{"href":"https:\/\/www.sabra.org.br\/site\/wp-json\/wp\/v2\/posts"}],"about":[{"href":"https:\/\/www.sabra.org.br\/site\/wp-json\/wp\/v2\/types\/post"}],"author":[{"embeddable":true,"href":"https:\/\/www.sabra.org.br\/site\/wp-json\/wp\/v2\/users\/39"}],"replies":[{"embeddable":true,"href":"https:\/\/www.sabra.org.br\/site\/wp-json\/wp\/v2\/comments?post=8745"}],"version-history":[{"count":0,"href":"https:\/\/www.sabra.org.br\/site\/wp-json\/wp\/v2\/posts\/8745\/revisions"}],"wp:featuredmedia":[{"embeddable":true,"href":"https:\/\/www.sabra.org.br\/site\/wp-json\/wp\/v2\/media\/8747"}],"wp:attachment":[{"href":"https:\/\/www.sabra.org.br\/site\/wp-json\/wp\/v2\/media?parent=8745"}],"wp:term":[{"taxonomy":"category","embeddable":true,"href":"https:\/\/www.sabra.org.br\/site\/wp-json\/wp\/v2\/categories?post=8745"},{"taxonomy":"post_tag","embeddable":true,"href":"https:\/\/www.sabra.org.br\/site\/wp-json\/wp\/v2\/tags?post=8745"}],"curies":[{"name":"wp","href":"https:\/\/api.w.org\/{rel}","templated":true}]}}