{"id":8975,"date":"2024-03-06T12:20:18","date_gmt":"2024-03-06T15:20:18","guid":{"rendered":"https:\/\/www.sabra.org.br\/site\/?p=8975"},"modified":"2024-03-06T12:20:18","modified_gmt":"2024-03-06T15:20:18","slug":"criancas-desenvolvimento","status":"publish","type":"post","link":"https:\/\/www.sabra.org.br\/site\/criancas-desenvolvimento\/","title":{"rendered":"Entenda a import\u00e2ncia da m\u00fasica para o desenvolvimento da linguagem na educa\u00e7\u00e3o infantil"},"content":{"rendered":"<p>A m\u00fasica \u00e9 uma ferramenta poderosa no processo de desenvolvimento das crian\u00e7as, desempenhando um papel fundamental na educa\u00e7\u00e3o infantil. Al\u00e9m de proporcionar momentos de divers\u00e3o e entretenimento, a m\u00fasica exerce uma influ\u00eancia significativa no desenvolvimento da linguagem e em v\u00e1rias outras \u00e1reas do desenvolvimento infantil. Neste artigo, vamos explorar a import\u00e2ncia da m\u00fasica na educa\u00e7\u00e3o infantil, destacando como ela contribui para a coordena\u00e7\u00e3o motora, habilidades socioemocionais, percep\u00e7\u00e3o sonora e alfabetiza\u00e7\u00e3o das crian\u00e7as.<\/p>\n<h2>Estimulando a Coordena\u00e7\u00e3o Motora<\/h2>\n<p>Desde tenra idade, as crian\u00e7as s\u00e3o naturalmente atra\u00eddas pela m\u00fasica. Elas balan\u00e7am o corpo, batem palmas e mexem os p\u00e9s intuitivamente ao som de uma melodia. Esses movimentos espont\u00e2neos s\u00e3o essenciais para o desenvolvimento da coordena\u00e7\u00e3o motora das crian\u00e7as. A m\u00fasica ajuda a aprimorar o controle sobre os m\u00fasculos e aperfei\u00e7oar a destreza das m\u00e3os e dos p\u00e9s. Dan\u00e7ar ao som de uma m\u00fasica, por exemplo, estimula o equil\u00edbrio e a no\u00e7\u00e3o de espa\u00e7o das crian\u00e7as, contribuindo para seu desenvolvimento f\u00edsico e motor.<\/p>\n<h2>Est\u00edmulo \u00e0s Habilidades Socioemocionais<\/h2>\n<p>Al\u00e9m do aspecto f\u00edsico, a m\u00fasica tamb\u00e9m desempenha um papel crucial no desenvolvimento das habilidades socioemocionais das crian\u00e7as. Cantar em grupo, compartilhar instrumentos musicais e criar m\u00fasica coletivamente s\u00e3o atividades que promovem a coopera\u00e7\u00e3o, a comunica\u00e7\u00e3o e a empatia entre as crian\u00e7as. A m\u00fasica permite que as crian\u00e7as expressem suas emo\u00e7\u00f5es de maneira saud\u00e1vel, ajudando-as a entender e lidar com seus sentimentos. Essa express\u00e3o emocional atrav\u00e9s da m\u00fasica \u00e9 especialmente importante na educa\u00e7\u00e3o infantil, pois as crian\u00e7as est\u00e3o aprendendo a reconhecer e nomear suas emo\u00e7\u00f5es.<\/p>\n<h2>Aprimorando a Percep\u00e7\u00e3o Sonora<\/h2>\n<p>A m\u00fasica \u00e9 uma linguagem universal que estimula a percep\u00e7\u00e3o sonora das crian\u00e7as. Ao ouvir diferentes instrumentos, ritmos e melodias, as crian\u00e7as desenvolvem suas habilidades auditivas e sua capacidade de distinguir sons. Isso \u00e9 fundamental para o desenvolvimento da linguagem, uma vez que a audi\u00e7\u00e3o \u00e9 uma parte crucial do processo de aprendizado da fala. Al\u00e9m disso, a m\u00fasica tamb\u00e9m ajuda as crian\u00e7as a desenvolverem a capacidade de concentra\u00e7\u00e3o e aten\u00e7\u00e3o, pois precisam prestar aten\u00e7\u00e3o aos detalhes sonoros e acompanhar o ritmo da m\u00fasica.<\/p>\n<h2>Auxiliando na Alfabetiza\u00e7\u00e3o Infantil<\/h2>\n<p>A rela\u00e7\u00e3o entre a m\u00fasica e a alfabetiza\u00e7\u00e3o infantil \u00e9 profunda e significativa. A m\u00fasica ajuda as crian\u00e7as a desenvolverem habilidades fonol\u00f3gicas, que s\u00e3o essenciais para o processo de leitura e escrita. Cantar m\u00fasicas com rimas e repeti\u00e7\u00f5es, por exemplo, ajuda as crian\u00e7as a identificar padr\u00f5es sonoros e a reconhecer a estrutura das palavras. Isso facilita a transi\u00e7\u00e3o para a leitura, uma vez que as crian\u00e7as j\u00e1 est\u00e3o familiarizadas com os sons da l\u00edngua. Al\u00e9m disso, a m\u00fasica tamb\u00e9m pode ser utilizada como uma ferramenta mnem\u00f4nica, auxiliando na memoriza\u00e7\u00e3o de conceitos e informa\u00e7\u00f5es.<\/p>\n<h2>Diversifica\u00e7\u00e3o Cultural e Criatividade<\/h2>\n<p>A m\u00fasica tamb\u00e9m proporciona \u00e0s crian\u00e7as a oportunidade de explorar diferentes culturas e tradi\u00e7\u00f5es. Ao ouvirem m\u00fasicas de diferentes partes do mundo, as crian\u00e7as expandem seus horizontes e desenvolvem uma aprecia\u00e7\u00e3o pela diversidade cultural. Isso \u00e9 importante para promover a toler\u00e2ncia e o respeito pelas diferen\u00e7as desde cedo.<\/p>\n<p>A m\u00fasica desempenha um papel crucial no desenvolvimento da linguagem na educa\u00e7\u00e3o infantil. Ela estimula a coordena\u00e7\u00e3o motora, promove habilidades socioemocionais, aprimora a percep\u00e7\u00e3o sonora e auxilia na alfabetiza\u00e7\u00e3o das crian\u00e7as.<\/p>\n<hr \/>\n<h2>Se voc\u00ea gostou deste post:<\/h2>\n<ul>\n<li>SIGA as nossas p\u00e1ginas nas redes sociais para acompanhar as nossas atualiza\u00e7\u00f5es: estamos no <a href=\"https:\/\/www.facebook.com\/sabrabrasil\" target=\"_blank\" rel=\"noopener\">Facebook<\/a>, no <a href=\"https:\/\/www.instagram.com\/sabrabrasil\/\" target=\"_blank\" rel=\"noopener\">Instagram<\/a>, no <a href=\"https:\/\/www.linkedin.com\/company\/25002088\" target=\"_blank\" rel=\"noopener\">LinkedIn<\/a>, no <a href=\"https:\/\/twitter.com\/ContatoSabra\" target=\"_blank\" rel=\"noopener\">Twitter<\/a> e no <a href=\"https:\/\/www.youtube.com\/channel\/UCJw-kbuEvzUNdeQf20Pa-eQ\" target=\"_blank\" rel=\"noopener\">YouTube<\/a>!<\/p>\n<\/li>\n<li>\n<p>CONHE\u00c7A o trabalho da Sociedade Art\u00edstica Brasileira (SABRA) e todas as iniciativas culturais e sociais que ela mant\u00e9m. <a href=\"https:\/\/www.sabra.org.br\/site\/acoes\/\" target=\"_blank\" rel=\"noopener\">Acesse nosso site!<\/a><\/p>\n<\/li>\n<li>\n<p>ENTRE EM CONTATO com a gente. E veja quais s\u00e3o as op\u00e7\u00f5es de ajuda na manuten\u00e7\u00e3o de nossas a\u00e7\u00f5es sociais e culturais. Basta acessar nossa p\u00e1gina <a href=\"https:\/\/www.sabra.org.br\/site\/doe-agora\/\" target=\"_blank\" rel=\"noopener\">Doe Agora!<\/a><\/p>\n<\/li>\n<li>\n<p>COMPARTILHE este texto nas suas redes sociais e ajude os seus amigos a tamb\u00e9m dominarem o assunto!<\/p>\n<\/li>\n<\/ul>\n<p>\u2013 Os projetos da @sabrabrasil s\u00e3o realizados com o patroci\u0301nio m\u00e1ster: @institutounimedbh, viabilizado pelo incentivo de mais de 5,3 mil m\u00e9dicos cooperados e colaboradores via Lei de Incentivo \u00e0 Cultura &#8211; @culturagovbr<\/p>\n<blockquote class=\"wp-embedded-content\" data-secret=\"0LtmeSeNSc\"><p><a href=\"https:\/\/www.sabra.org.br\/site\/musica-e-alfabetizacao-como-os-dois-se-relacionam\/\">Alfabetiza\u00e7\u00e3o e M\u00fasica<\/a><\/p><\/blockquote>\n<p><iframe class=\"wp-embedded-content\" sandbox=\"allow-scripts\" security=\"restricted\" style=\"position: absolute; visibility: hidden;\" title=\"&#8220;Alfabetiza\u00e7\u00e3o e M\u00fasica&#8221; &#8212; SABRA - Sociedade Art\u00edstica Brasileira\" src=\"https:\/\/www.sabra.org.br\/site\/musica-e-alfabetizacao-como-os-dois-se-relacionam\/embed\/#?secret=Ej41IfgznR#?secret=0LtmeSeNSc\" data-secret=\"0LtmeSeNSc\" width=\"600\" height=\"338\" frameborder=\"0\" marginwidth=\"0\" marginheight=\"0\" scrolling=\"no\"><\/iframe><\/p>\n<p>Conte\u00fado por: <a href=\"https:\/\/redaweb.com.br\">Ag\u00eancia de Conte\u00fado RedaWeb<\/a><\/p>\n","protected":false},"excerpt":{"rendered":"<p>Voc\u00ea j\u00e1 parou para pensar na import\u00e2ncia da m\u00fasica na vida das crian\u00e7as? A m\u00fasica vai muito al\u00e9m de ser apenas uma fonte de entretenimento; ela desempenha um papel fundamental no desenvolvimento das habilidades das crian\u00e7as, principalmente na educa\u00e7\u00e3o infantil.<\/p>\n","protected":false},"author":39,"featured_media":8979,"comment_status":"closed","ping_status":"closed","sticky":false,"template":"","format":"standard","meta":{"jetpack_post_was_ever_published":false,"_jetpack_newsletter_access":"","_jetpack_dont_email_post_to_subs":false,"_jetpack_newsletter_tier_id":0,"_jetpack_memberships_contains_paywalled_content":false,"_jetpack_memberships_contains_paid_content":false,"footnotes":""},"categories":[1],"tags":[],"class_list":["post-8975","post","type-post","status-publish","format-standard","has-post-thumbnail","hentry","category-blog-sabra"],"yoast_head":"<!-- This site is optimized with the Yoast SEO plugin v27.5 - https:\/\/yoast.com\/product\/yoast-seo-wordpress\/ -->\n<title>- SABRA - Sociedade Art\u00edstica Brasileira M\u00fasica para o desenvolvimento da linguagem na educa\u00e7\u00e3o infantil<\/title>\n<meta name=\"description\" content=\"Voc\u00ea j\u00e1 parou para pensar na import\u00e2ncia da m\u00fasica na vida das crian\u00e7as? No desenvolvimento das habilidades?\" \/>\n<meta name=\"robots\" content=\"index, follow, max-snippet:-1, max-image-preview:large, max-video-preview:-1\" \/>\n<link rel=\"canonical\" href=\"https:\/\/www.sabra.org.br\/site\/criancas-desenvolvimento\/\" \/>\n<meta property=\"og:locale\" content=\"pt_BR\" \/>\n<meta property=\"og:type\" content=\"article\" \/>\n<meta property=\"og:title\" content=\"- SABRA - Sociedade Art\u00edstica Brasileira M\u00fasica para o desenvolvimento da linguagem na educa\u00e7\u00e3o infantil\" \/>\n<meta property=\"og:description\" content=\"Voc\u00ea j\u00e1 parou para pensar na import\u00e2ncia da m\u00fasica na vida das crian\u00e7as? No desenvolvimento das habilidades?\" \/>\n<meta property=\"og:url\" content=\"https:\/\/www.sabra.org.br\/site\/criancas-desenvolvimento\/\" \/>\n<meta property=\"og:site_name\" content=\"SABRA - Sociedade Art\u00edstica Brasileira\" \/>\n<meta property=\"article:publisher\" content=\"https:\/\/www.facebook.com\/sabrabrasil\" \/>\n<meta property=\"article:published_time\" content=\"2024-03-06T15:20:18+00:00\" \/>\n<meta property=\"og:image\" content=\"https:\/\/www.sabra.org.br\/site\/wp-content\/uploads\/2024\/03\/entenda-a-importancia-da-musica-para-o-desenvolvimento-da-linguagem-na-educacao-infantiljpg-20240130121258.jpg-jpg.webp\" \/>\n\t<meta property=\"og:image:width\" content=\"800\" \/>\n\t<meta property=\"og:image:height\" content=\"533\" \/>\n\t<meta property=\"og:image:type\" content=\"image\/jpeg\" \/>\n<meta name=\"author\" content=\"M\u00e1rcio Miranda Pontes\" \/>\n<meta name=\"twitter:card\" content=\"summary_large_image\" \/>\n<meta name=\"twitter:creator\" content=\"@ContatoSabra\" \/>\n<meta name=\"twitter:site\" content=\"@ContatoSabra\" \/>\n<meta name=\"twitter:label1\" content=\"Escrito por\" \/>\n\t<meta name=\"twitter:data1\" content=\"M\u00e1rcio Miranda Pontes\" \/>\n\t<meta name=\"twitter:label2\" content=\"Est. tempo de leitura\" \/>\n\t<meta name=\"twitter:data2\" content=\"4 minutos\" \/>\n<script type=\"application\/ld+json\" class=\"yoast-schema-graph\">{\"@context\":\"https:\\\/\\\/schema.org\",\"@graph\":[{\"@type\":\"Article\",\"@id\":\"https:\\\/\\\/www.sabra.org.br\\\/site\\\/criancas-desenvolvimento\\\/#article\",\"isPartOf\":{\"@id\":\"https:\\\/\\\/www.sabra.org.br\\\/site\\\/criancas-desenvolvimento\\\/\"},\"author\":{\"name\":\"M\u00e1rcio Miranda Pontes\",\"@id\":\"https:\\\/\\\/www.sabra.org.br\\\/site\\\/#\\\/schema\\\/person\\\/7d1d222c3c8891d4c37c7b41bf6315c2\"},\"headline\":\"Entenda a import\u00e2ncia da m\u00fasica para o desenvolvimento da linguagem na educa\u00e7\u00e3o infantil\",\"datePublished\":\"2024-03-06T15:20:18+00:00\",\"mainEntityOfPage\":{\"@id\":\"https:\\\/\\\/www.sabra.org.br\\\/site\\\/criancas-desenvolvimento\\\/\"},\"wordCount\":792,\"publisher\":{\"@id\":\"https:\\\/\\\/www.sabra.org.br\\\/site\\\/#organization\"},\"image\":{\"@id\":\"https:\\\/\\\/www.sabra.org.br\\\/site\\\/criancas-desenvolvimento\\\/#primaryimage\"},\"thumbnailUrl\":\"https:\\\/\\\/www.sabra.org.br\\\/site\\\/wp-content\\\/uploads\\\/2024\\\/03\\\/entenda-a-importancia-da-musica-para-o-desenvolvimento-da-linguagem-na-educacao-infantiljpg-20240130121258.jpg-jpg.webp\",\"articleSection\":[\"Blog SABRA\"],\"inLanguage\":\"pt-BR\"},{\"@type\":\"WebPage\",\"@id\":\"https:\\\/\\\/www.sabra.org.br\\\/site\\\/criancas-desenvolvimento\\\/\",\"url\":\"https:\\\/\\\/www.sabra.org.br\\\/site\\\/criancas-desenvolvimento\\\/\",\"name\":\"- SABRA - Sociedade Art\u00edstica Brasileira M\u00fasica para o desenvolvimento da linguagem na educa\u00e7\u00e3o infantil\",\"isPartOf\":{\"@id\":\"https:\\\/\\\/www.sabra.org.br\\\/site\\\/#website\"},\"primaryImageOfPage\":{\"@id\":\"https:\\\/\\\/www.sabra.org.br\\\/site\\\/criancas-desenvolvimento\\\/#primaryimage\"},\"image\":{\"@id\":\"https:\\\/\\\/www.sabra.org.br\\\/site\\\/criancas-desenvolvimento\\\/#primaryimage\"},\"thumbnailUrl\":\"https:\\\/\\\/www.sabra.org.br\\\/site\\\/wp-content\\\/uploads\\\/2024\\\/03\\\/entenda-a-importancia-da-musica-para-o-desenvolvimento-da-linguagem-na-educacao-infantiljpg-20240130121258.jpg-jpg.webp\",\"datePublished\":\"2024-03-06T15:20:18+00:00\",\"description\":\"Voc\u00ea j\u00e1 parou para pensar na import\u00e2ncia da m\u00fasica na vida das crian\u00e7as? No desenvolvimento das habilidades?\",\"breadcrumb\":{\"@id\":\"https:\\\/\\\/www.sabra.org.br\\\/site\\\/criancas-desenvolvimento\\\/#breadcrumb\"},\"inLanguage\":\"pt-BR\",\"potentialAction\":[{\"@type\":\"ReadAction\",\"target\":[\"https:\\\/\\\/www.sabra.org.br\\\/site\\\/criancas-desenvolvimento\\\/\"]}]},{\"@type\":\"ImageObject\",\"inLanguage\":\"pt-BR\",\"@id\":\"https:\\\/\\\/www.sabra.org.br\\\/site\\\/criancas-desenvolvimento\\\/#primaryimage\",\"url\":\"https:\\\/\\\/www.sabra.org.br\\\/site\\\/wp-content\\\/uploads\\\/2024\\\/03\\\/entenda-a-importancia-da-musica-para-o-desenvolvimento-da-linguagem-na-educacao-infantiljpg-20240130121258.jpg-jpg.webp\",\"contentUrl\":\"https:\\\/\\\/www.sabra.org.br\\\/site\\\/wp-content\\\/uploads\\\/2024\\\/03\\\/entenda-a-importancia-da-musica-para-o-desenvolvimento-da-linguagem-na-educacao-infantiljpg-20240130121258.jpg-jpg.webp\",\"width\":800,\"height\":533,\"caption\":\"Sociedade Art\u00edstica Brasileira\"},{\"@type\":\"BreadcrumbList\",\"@id\":\"https:\\\/\\\/www.sabra.org.br\\\/site\\\/criancas-desenvolvimento\\\/#breadcrumb\",\"itemListElement\":[{\"@type\":\"ListItem\",\"position\":1,\"name\":\"In\u00edcio\",\"item\":\"https:\\\/\\\/www.sabra.org.br\\\/site\\\/\"},{\"@type\":\"ListItem\",\"position\":2,\"name\":\"Entenda a import\u00e2ncia da m\u00fasica para o desenvolvimento da linguagem na educa\u00e7\u00e3o infantil\"}]},{\"@type\":\"WebSite\",\"@id\":\"https:\\\/\\\/www.sabra.org.br\\\/site\\\/#website\",\"url\":\"https:\\\/\\\/www.sabra.org.br\\\/site\\\/\",\"name\":\"SABRA - Sociedade Art\u00edstica Brasileira\",\"description\":\"Escola de M\u00fasica, Orquestra Sinf\u00f4nica, Coral e Patrim\u00f4nio Cultural e Hist\u00f3rico\",\"publisher\":{\"@id\":\"https:\\\/\\\/www.sabra.org.br\\\/site\\\/#organization\"},\"potentialAction\":[{\"@type\":\"SearchAction\",\"target\":{\"@type\":\"EntryPoint\",\"urlTemplate\":\"https:\\\/\\\/www.sabra.org.br\\\/site\\\/?s={search_term_string}\"},\"query-input\":{\"@type\":\"PropertyValueSpecification\",\"valueRequired\":true,\"valueName\":\"search_term_string\"}}],\"inLanguage\":\"pt-BR\"},{\"@type\":\"Organization\",\"@id\":\"https:\\\/\\\/www.sabra.org.br\\\/site\\\/#organization\",\"name\":\"SOCIEDADE ART\u00cdSTICA BRASILEIRA SABRA\",\"alternateName\":\"SABRA\",\"url\":\"https:\\\/\\\/www.sabra.org.br\\\/site\\\/\",\"logo\":{\"@type\":\"ImageObject\",\"inLanguage\":\"pt-BR\",\"@id\":\"https:\\\/\\\/www.sabra.org.br\\\/site\\\/#\\\/schema\\\/logo\\\/image\\\/\",\"url\":\"https:\\\/\\\/www.sabra.org.br\\\/site\\\/wp-content\\\/uploads\\\/2019\\\/06\\\/cropped-Logo_SABRA-Copia-1.webp\",\"contentUrl\":\"https:\\\/\\\/www.sabra.org.br\\\/site\\\/wp-content\\\/uploads\\\/2019\\\/06\\\/cropped-Logo_SABRA-Copia-1.webp\",\"width\":400,\"height\":128,\"caption\":\"SOCIEDADE ART\u00cdSTICA BRASILEIRA SABRA\"},\"image\":{\"@id\":\"https:\\\/\\\/www.sabra.org.br\\\/site\\\/#\\\/schema\\\/logo\\\/image\\\/\"},\"sameAs\":[\"https:\\\/\\\/www.facebook.com\\\/sabrabrasil\",\"https:\\\/\\\/x.com\\\/ContatoSabra\",\"https:\\\/\\\/www.instagram.com\\\/sabrabrasil\\\/\",\"https:\\\/\\\/www.linkedin.com\\\/company\\\/25002088\\\/\",\"https:\\\/\\\/br.pinterest.com\\\/sociedadeartisticabrasileira\\\/\",\"https:\\\/\\\/www.youtube.com\\\/c\\\/sabrabrasil\"]},{\"@type\":\"Person\",\"@id\":\"https:\\\/\\\/www.sabra.org.br\\\/site\\\/#\\\/schema\\\/person\\\/7d1d222c3c8891d4c37c7b41bf6315c2\",\"name\":\"M\u00e1rcio Miranda Pontes\",\"image\":{\"@type\":\"ImageObject\",\"inLanguage\":\"pt-BR\",\"@id\":\"https:\\\/\\\/secure.gravatar.com\\\/avatar\\\/3b45f24496a7625a3a6c436688fbe20344faaeb2979658dc4a9921f984d7df9a?s=96&d=mm&r=g\",\"url\":\"https:\\\/\\\/secure.gravatar.com\\\/avatar\\\/3b45f24496a7625a3a6c436688fbe20344faaeb2979658dc4a9921f984d7df9a?s=96&d=mm&r=g\",\"contentUrl\":\"https:\\\/\\\/secure.gravatar.com\\\/avatar\\\/3b45f24496a7625a3a6c436688fbe20344faaeb2979658dc4a9921f984d7df9a?s=96&d=mm&r=g\",\"caption\":\"M\u00e1rcio Miranda Pontes\"},\"sameAs\":[\"http:\\\/\\\/www.sabra.org.br\"],\"url\":\"https:\\\/\\\/www.sabra.org.br\\\/site\\\/author\\\/marcio-miranda-pontes\\\/\"}]}<\/script>\n<!-- \/ Yoast SEO plugin. -->","yoast_head_json":{"title":"- SABRA - Sociedade Art\u00edstica Brasileira M\u00fasica para o desenvolvimento da linguagem na educa\u00e7\u00e3o infantil","description":"Voc\u00ea j\u00e1 parou para pensar na import\u00e2ncia da m\u00fasica na vida das crian\u00e7as? No desenvolvimento das habilidades?","robots":{"index":"index","follow":"follow","max-snippet":"max-snippet:-1","max-image-preview":"max-image-preview:large","max-video-preview":"max-video-preview:-1"},"canonical":"https:\/\/www.sabra.org.br\/site\/criancas-desenvolvimento\/","og_locale":"pt_BR","og_type":"article","og_title":"- SABRA - Sociedade Art\u00edstica Brasileira M\u00fasica para o desenvolvimento da linguagem na educa\u00e7\u00e3o infantil","og_description":"Voc\u00ea j\u00e1 parou para pensar na import\u00e2ncia da m\u00fasica na vida das crian\u00e7as? No desenvolvimento das habilidades?","og_url":"https:\/\/www.sabra.org.br\/site\/criancas-desenvolvimento\/","og_site_name":"SABRA - Sociedade Art\u00edstica Brasileira","article_publisher":"https:\/\/www.facebook.com\/sabrabrasil","article_published_time":"2024-03-06T15:20:18+00:00","og_image":[{"width":800,"height":533,"url":"https:\/\/www.sabra.org.br\/site\/wp-content\/uploads\/2024\/03\/entenda-a-importancia-da-musica-para-o-desenvolvimento-da-linguagem-na-educacao-infantiljpg-20240130121258.jpg-jpg.webp","type":"image\/jpeg"}],"author":"M\u00e1rcio Miranda Pontes","twitter_card":"summary_large_image","twitter_creator":"@ContatoSabra","twitter_site":"@ContatoSabra","twitter_misc":{"Escrito por":"M\u00e1rcio Miranda Pontes","Est. tempo de leitura":"4 minutos"},"schema":{"@context":"https:\/\/schema.org","@graph":[{"@type":"Article","@id":"https:\/\/www.sabra.org.br\/site\/criancas-desenvolvimento\/#article","isPartOf":{"@id":"https:\/\/www.sabra.org.br\/site\/criancas-desenvolvimento\/"},"author":{"name":"M\u00e1rcio Miranda Pontes","@id":"https:\/\/www.sabra.org.br\/site\/#\/schema\/person\/7d1d222c3c8891d4c37c7b41bf6315c2"},"headline":"Entenda a import\u00e2ncia da m\u00fasica para o desenvolvimento da linguagem na educa\u00e7\u00e3o infantil","datePublished":"2024-03-06T15:20:18+00:00","mainEntityOfPage":{"@id":"https:\/\/www.sabra.org.br\/site\/criancas-desenvolvimento\/"},"wordCount":792,"publisher":{"@id":"https:\/\/www.sabra.org.br\/site\/#organization"},"image":{"@id":"https:\/\/www.sabra.org.br\/site\/criancas-desenvolvimento\/#primaryimage"},"thumbnailUrl":"https:\/\/www.sabra.org.br\/site\/wp-content\/uploads\/2024\/03\/entenda-a-importancia-da-musica-para-o-desenvolvimento-da-linguagem-na-educacao-infantiljpg-20240130121258.jpg-jpg.webp","articleSection":["Blog SABRA"],"inLanguage":"pt-BR"},{"@type":"WebPage","@id":"https:\/\/www.sabra.org.br\/site\/criancas-desenvolvimento\/","url":"https:\/\/www.sabra.org.br\/site\/criancas-desenvolvimento\/","name":"- SABRA - Sociedade Art\u00edstica Brasileira M\u00fasica para o desenvolvimento da linguagem na educa\u00e7\u00e3o infantil","isPartOf":{"@id":"https:\/\/www.sabra.org.br\/site\/#website"},"primaryImageOfPage":{"@id":"https:\/\/www.sabra.org.br\/site\/criancas-desenvolvimento\/#primaryimage"},"image":{"@id":"https:\/\/www.sabra.org.br\/site\/criancas-desenvolvimento\/#primaryimage"},"thumbnailUrl":"https:\/\/www.sabra.org.br\/site\/wp-content\/uploads\/2024\/03\/entenda-a-importancia-da-musica-para-o-desenvolvimento-da-linguagem-na-educacao-infantiljpg-20240130121258.jpg-jpg.webp","datePublished":"2024-03-06T15:20:18+00:00","description":"Voc\u00ea j\u00e1 parou para pensar na import\u00e2ncia da m\u00fasica na vida das crian\u00e7as? No desenvolvimento das habilidades?","breadcrumb":{"@id":"https:\/\/www.sabra.org.br\/site\/criancas-desenvolvimento\/#breadcrumb"},"inLanguage":"pt-BR","potentialAction":[{"@type":"ReadAction","target":["https:\/\/www.sabra.org.br\/site\/criancas-desenvolvimento\/"]}]},{"@type":"ImageObject","inLanguage":"pt-BR","@id":"https:\/\/www.sabra.org.br\/site\/criancas-desenvolvimento\/#primaryimage","url":"https:\/\/www.sabra.org.br\/site\/wp-content\/uploads\/2024\/03\/entenda-a-importancia-da-musica-para-o-desenvolvimento-da-linguagem-na-educacao-infantiljpg-20240130121258.jpg-jpg.webp","contentUrl":"https:\/\/www.sabra.org.br\/site\/wp-content\/uploads\/2024\/03\/entenda-a-importancia-da-musica-para-o-desenvolvimento-da-linguagem-na-educacao-infantiljpg-20240130121258.jpg-jpg.webp","width":800,"height":533,"caption":"Sociedade Art\u00edstica Brasileira"},{"@type":"BreadcrumbList","@id":"https:\/\/www.sabra.org.br\/site\/criancas-desenvolvimento\/#breadcrumb","itemListElement":[{"@type":"ListItem","position":1,"name":"In\u00edcio","item":"https:\/\/www.sabra.org.br\/site\/"},{"@type":"ListItem","position":2,"name":"Entenda a import\u00e2ncia da m\u00fasica para o desenvolvimento da linguagem na educa\u00e7\u00e3o infantil"}]},{"@type":"WebSite","@id":"https:\/\/www.sabra.org.br\/site\/#website","url":"https:\/\/www.sabra.org.br\/site\/","name":"SABRA - Sociedade Art\u00edstica Brasileira","description":"Escola de M\u00fasica, Orquestra Sinf\u00f4nica, Coral e Patrim\u00f4nio Cultural e Hist\u00f3rico","publisher":{"@id":"https:\/\/www.sabra.org.br\/site\/#organization"},"potentialAction":[{"@type":"SearchAction","target":{"@type":"EntryPoint","urlTemplate":"https:\/\/www.sabra.org.br\/site\/?s={search_term_string}"},"query-input":{"@type":"PropertyValueSpecification","valueRequired":true,"valueName":"search_term_string"}}],"inLanguage":"pt-BR"},{"@type":"Organization","@id":"https:\/\/www.sabra.org.br\/site\/#organization","name":"SOCIEDADE ART\u00cdSTICA BRASILEIRA SABRA","alternateName":"SABRA","url":"https:\/\/www.sabra.org.br\/site\/","logo":{"@type":"ImageObject","inLanguage":"pt-BR","@id":"https:\/\/www.sabra.org.br\/site\/#\/schema\/logo\/image\/","url":"https:\/\/www.sabra.org.br\/site\/wp-content\/uploads\/2019\/06\/cropped-Logo_SABRA-Copia-1.webp","contentUrl":"https:\/\/www.sabra.org.br\/site\/wp-content\/uploads\/2019\/06\/cropped-Logo_SABRA-Copia-1.webp","width":400,"height":128,"caption":"SOCIEDADE ART\u00cdSTICA BRASILEIRA SABRA"},"image":{"@id":"https:\/\/www.sabra.org.br\/site\/#\/schema\/logo\/image\/"},"sameAs":["https:\/\/www.facebook.com\/sabrabrasil","https:\/\/x.com\/ContatoSabra","https:\/\/www.instagram.com\/sabrabrasil\/","https:\/\/www.linkedin.com\/company\/25002088\/","https:\/\/br.pinterest.com\/sociedadeartisticabrasileira\/","https:\/\/www.youtube.com\/c\/sabrabrasil"]},{"@type":"Person","@id":"https:\/\/www.sabra.org.br\/site\/#\/schema\/person\/7d1d222c3c8891d4c37c7b41bf6315c2","name":"M\u00e1rcio Miranda Pontes","image":{"@type":"ImageObject","inLanguage":"pt-BR","@id":"https:\/\/secure.gravatar.com\/avatar\/3b45f24496a7625a3a6c436688fbe20344faaeb2979658dc4a9921f984d7df9a?s=96&d=mm&r=g","url":"https:\/\/secure.gravatar.com\/avatar\/3b45f24496a7625a3a6c436688fbe20344faaeb2979658dc4a9921f984d7df9a?s=96&d=mm&r=g","contentUrl":"https:\/\/secure.gravatar.com\/avatar\/3b45f24496a7625a3a6c436688fbe20344faaeb2979658dc4a9921f984d7df9a?s=96&d=mm&r=g","caption":"M\u00e1rcio Miranda Pontes"},"sameAs":["http:\/\/www.sabra.org.br"],"url":"https:\/\/www.sabra.org.br\/site\/author\/marcio-miranda-pontes\/"}]}},"jetpack_featured_media_url":"https:\/\/www.sabra.org.br\/site\/wp-content\/uploads\/2024\/03\/entenda-a-importancia-da-musica-para-o-desenvolvimento-da-linguagem-na-educacao-infantiljpg-20240130121258.jpg-jpg.webp","jetpack_shortlink":"https:\/\/wp.me\/p95j2Z-2kL","jetpack-related-posts":[{"id":13306,"url":"https:\/\/www.sabra.org.br\/site\/os-beneficios-da-musicalizacao-na-educacao-infantil-uma-abordagem-completa\/","url_meta":{"origin":8975,"position":0},"title":"Os benef\u00edcios da musicaliza\u00e7\u00e3o na educa\u00e7\u00e3o infantil: uma abordagem completa","author":"","date":"22 de agosto de 2025","format":false,"excerpt":"A m\u00fasica desempenha um papel fundamental no desenvolvimento das crian\u00e7as, especialmente na educa\u00e7\u00e3o infantil. A musicaliza\u00e7\u00e3o, que consiste na introdu\u00e7\u00e3o da m\u00fasica de forma l\u00fadica e educativa, traz in\u00fameros benef\u00edcios para as crian\u00e7as em seu desenvolvimento cognitivo, emocional, social e motor. Neste artigo, exploraremos de forma abrangente os benef\u00edcios da\u2026","rel":"","context":"Em &quot;Blog SABRA&quot;","block_context":{"text":"Blog SABRA","link":"https:\/\/www.sabra.org.br\/site\/category\/blog-sabra\/"},"img":{"alt_text":"","src":"","width":0,"height":0},"classes":[]},{"id":13084,"url":"https:\/\/www.sabra.org.br\/site\/como-a-musicalizacao-infantil-estimula-a-criatividade-e-a-coordenacao-motora\/","url_meta":{"origin":8975,"position":1},"title":"Como a musicaliza\u00e7\u00e3o infantil estimula a criatividade e a coordena\u00e7\u00e3o motora?","author":"","date":"22 de agosto de 2025","format":false,"excerpt":"A musicaliza\u00e7\u00e3o infantil \u00e9 um processo educativo que utiliza a m\u00fasica como ferramenta para desenvolver habilidades cognitivas, motoras e emocionais nas crian\u00e7as. Este m\u00e9todo vai al\u00e9m do simples aprendizado de notas musicais ou can\u00e7\u00f5es; trata-se de uma abordagem integral que incorpora movimentos corporais, improvisa\u00e7\u00e3o e explora\u00e7\u00e3o sonora. Estudos t\u00eam demonstrado\u2026","rel":"","context":"Em &quot;Blog SABRA&quot;","block_context":{"text":"Blog SABRA","link":"https:\/\/www.sabra.org.br\/site\/category\/blog-sabra\/"},"img":{"alt_text":"","src":"","width":0,"height":0},"classes":[]},{"id":1591,"url":"https:\/\/www.sabra.org.br\/site\/musica-na-educacao-infantil\/","url_meta":{"origin":8975,"position":2},"title":"M\u00fasica na Educa\u00e7\u00e3o Infantil","author":"M\u00e1rcio Miranda Pontes","date":"22 de outubro de 2018","format":false,"excerpt":"Motivos para inserir m\u00fasica na educa\u00e7\u00e3o infantil H\u00e1 doze anos, a Lei de Diretrizes e Bases da Educa\u00e7\u00e3o foi alterada para que a m\u00fasica se tornasse conte\u00fado obrigat\u00f3rio em toda a educa\u00e7\u00e3o b\u00e1sica. No entanto, esta importante ferramenta ainda \u00e9 um tanto negligenciada nas escolas. A educa\u00e7\u00e3o musical vai muito\u2026","rel":"","context":"Em &quot;Blog SABRA&quot;","block_context":{"text":"Blog SABRA","link":"https:\/\/www.sabra.org.br\/site\/category\/blog-sabra\/"},"img":{"alt_text":"M\u00fasica na Educa\u00e7\u00e3o Infantil","src":"https:\/\/i0.wp.com\/www.sabra.org.br\/site\/wp-content\/uploads\/2018\/10\/x-motivos-para-inserir-musica-na-educacao-infantil-20180705134730.jpg.jpg?resize=350%2C200&ssl=1","width":350,"height":200,"srcset":"https:\/\/i0.wp.com\/www.sabra.org.br\/site\/wp-content\/uploads\/2018\/10\/x-motivos-para-inserir-musica-na-educacao-infantil-20180705134730.jpg.jpg?resize=350%2C200&ssl=1 1x, https:\/\/i0.wp.com\/www.sabra.org.br\/site\/wp-content\/uploads\/2018\/10\/x-motivos-para-inserir-musica-na-educacao-infantil-20180705134730.jpg.jpg?resize=525%2C300&ssl=1 1.5x, https:\/\/i0.wp.com\/www.sabra.org.br\/site\/wp-content\/uploads\/2018\/10\/x-motivos-para-inserir-musica-na-educacao-infantil-20180705134730.jpg.jpg?resize=700%2C400&ssl=1 2x"},"classes":[]},{"id":3692,"url":"https:\/\/www.sabra.org.br\/site\/criancas\/","url_meta":{"origin":8975,"position":3},"title":"Entenda como a m\u00fasica melhora o desenvolvimento das crian\u00e7as","author":"M\u00e1rcio Miranda Pontes","date":"18 de fevereiro de 2021","format":false,"excerpt":"Escola de Musica SABRA, Orquestra Sinf\u00f4nica de Betim, Sociedade Art\u00edstica Brasileira, Musicaliza\u00e7\u00e3o Infantil, Assistencia Social, Canto Coral, Orquestra Infanto Juvenil de Betim, Nova Lima","rel":"","context":"Em &quot;Blog SABRA&quot;","block_context":{"text":"Blog SABRA","link":"https:\/\/www.sabra.org.br\/site\/category\/blog-sabra\/"},"img":{"alt_text":"crian\u00e7as","src":"https:\/\/i0.wp.com\/www.sabra.org.br\/site\/wp-content\/uploads\/2021\/02\/entenda-como-a-musica-melhora-o-desenvolvimento-das-criancas-20210203092956.jpg.jpg?resize=350%2C200&ssl=1","width":350,"height":200,"srcset":"https:\/\/i0.wp.com\/www.sabra.org.br\/site\/wp-content\/uploads\/2021\/02\/entenda-como-a-musica-melhora-o-desenvolvimento-das-criancas-20210203092956.jpg.jpg?resize=350%2C200&ssl=1 1x, https:\/\/i0.wp.com\/www.sabra.org.br\/site\/wp-content\/uploads\/2021\/02\/entenda-como-a-musica-melhora-o-desenvolvimento-das-criancas-20210203092956.jpg.jpg?resize=525%2C300&ssl=1 1.5x, https:\/\/i0.wp.com\/www.sabra.org.br\/site\/wp-content\/uploads\/2021\/02\/entenda-como-a-musica-melhora-o-desenvolvimento-das-criancas-20210203092956.jpg.jpg?resize=700%2C400&ssl=1 2x"},"classes":[]},{"id":13928,"url":"https:\/\/www.sabra.org.br\/site\/crianca-musicalizacao\/","url_meta":{"origin":8975,"position":4},"title":"A import\u00e2ncia da musicaliza\u00e7\u00e3o infantil para o desenvolvimento cognitivo e social","author":"M\u00e1rcio Miranda Pontes","date":"8 de junho de 2025","format":false,"excerpt":"Saiba como a musicaliza\u00e7\u00e3o contribui para o desenvolvimento integral das crian\u00e7as, ativando \u00e1reas do c\u00e9rebro de forma intensa","rel":"","context":"Em &quot;Blog SABRA&quot;","block_context":{"text":"Blog SABRA","link":"https:\/\/www.sabra.org.br\/site\/category\/blog-sabra\/"},"img":{"alt_text":"crian\u00e7a-musicaliza\u00e7\u00e3o-desenvolvimento-infantil-m\u00fasica-sociais","src":"https:\/\/i0.wp.com\/www.sabra.org.br\/site\/wp-content\/uploads\/2025\/06\/A-importancia-da-musicalizacao-infantil-para-o-desenvolvimento-cognitivo-e-social.jpg?resize=350%2C200&ssl=1","width":350,"height":200,"srcset":"https:\/\/i0.wp.com\/www.sabra.org.br\/site\/wp-content\/uploads\/2025\/06\/A-importancia-da-musicalizacao-infantil-para-o-desenvolvimento-cognitivo-e-social.jpg?resize=350%2C200&ssl=1 1x, https:\/\/i0.wp.com\/www.sabra.org.br\/site\/wp-content\/uploads\/2025\/06\/A-importancia-da-musicalizacao-infantil-para-o-desenvolvimento-cognitivo-e-social.jpg?resize=525%2C300&ssl=1 1.5x, https:\/\/i0.wp.com\/www.sabra.org.br\/site\/wp-content\/uploads\/2025\/06\/A-importancia-da-musicalizacao-infantil-para-o-desenvolvimento-cognitivo-e-social.jpg?resize=700%2C400&ssl=1 2x"},"classes":[]},{"id":2364,"url":"https:\/\/www.sabra.org.br\/site\/musica-para-bebes\/","url_meta":{"origin":8975,"position":5},"title":"M\u00fasica para os beb\u00eas","author":"M\u00e1rcio Miranda Pontes","date":"4 de outubro de 2019","format":false,"excerpt":"Ouvir m\u00fasica \u00e9 uma del\u00edcia a qualquer momento do dia. Voc\u00ea sabia que a m\u00fasica tamb\u00e9m faz muito bem para os beb\u00eas? Conhe\u00e7a na mat\u00e9ria benef\u00edcios da m\u00fasica para os beb\u00eas!","rel":"","context":"Em &quot;Blog SABRA&quot;","block_context":{"text":"Blog SABRA","link":"https:\/\/www.sabra.org.br\/site\/category\/blog-sabra\/"},"img":{"alt_text":"musica-bebes","src":"https:\/\/i0.wp.com\/www.sabra.org.br\/site\/wp-content\/uploads\/2019\/10\/x-beneficios-das-musicas-para-os-bebes-20171219145022.jpg.jpg?resize=350%2C200&ssl=1","width":350,"height":200,"srcset":"https:\/\/i0.wp.com\/www.sabra.org.br\/site\/wp-content\/uploads\/2019\/10\/x-beneficios-das-musicas-para-os-bebes-20171219145022.jpg.jpg?resize=350%2C200&ssl=1 1x, https:\/\/i0.wp.com\/www.sabra.org.br\/site\/wp-content\/uploads\/2019\/10\/x-beneficios-das-musicas-para-os-bebes-20171219145022.jpg.jpg?resize=525%2C300&ssl=1 1.5x, https:\/\/i0.wp.com\/www.sabra.org.br\/site\/wp-content\/uploads\/2019\/10\/x-beneficios-das-musicas-para-os-bebes-20171219145022.jpg.jpg?resize=700%2C400&ssl=1 2x, https:\/\/i0.wp.com\/www.sabra.org.br\/site\/wp-content\/uploads\/2019\/10\/x-beneficios-das-musicas-para-os-bebes-20171219145022.jpg.jpg?resize=1050%2C600&ssl=1 3x"},"classes":[]}],"jetpack_likes_enabled":true,"jetpack_sharing_enabled":true,"_links":{"self":[{"href":"https:\/\/www.sabra.org.br\/site\/wp-json\/wp\/v2\/posts\/8975","targetHints":{"allow":["GET"]}}],"collection":[{"href":"https:\/\/www.sabra.org.br\/site\/wp-json\/wp\/v2\/posts"}],"about":[{"href":"https:\/\/www.sabra.org.br\/site\/wp-json\/wp\/v2\/types\/post"}],"author":[{"embeddable":true,"href":"https:\/\/www.sabra.org.br\/site\/wp-json\/wp\/v2\/users\/39"}],"replies":[{"embeddable":true,"href":"https:\/\/www.sabra.org.br\/site\/wp-json\/wp\/v2\/comments?post=8975"}],"version-history":[{"count":0,"href":"https:\/\/www.sabra.org.br\/site\/wp-json\/wp\/v2\/posts\/8975\/revisions"}],"wp:featuredmedia":[{"embeddable":true,"href":"https:\/\/www.sabra.org.br\/site\/wp-json\/wp\/v2\/media\/8979"}],"wp:attachment":[{"href":"https:\/\/www.sabra.org.br\/site\/wp-json\/wp\/v2\/media?parent=8975"}],"wp:term":[{"taxonomy":"category","embeddable":true,"href":"https:\/\/www.sabra.org.br\/site\/wp-json\/wp\/v2\/categories?post=8975"},{"taxonomy":"post_tag","embeddable":true,"href":"https:\/\/www.sabra.org.br\/site\/wp-json\/wp\/v2\/tags?post=8975"}],"curies":[{"name":"wp","href":"https:\/\/api.w.org\/{rel}","templated":true}]}}