{"id":9103,"date":"2024-03-21T20:30:04","date_gmt":"2024-03-21T23:30:04","guid":{"rendered":"https:\/\/www.sabra.org.br\/site\/?p=9103"},"modified":"2024-03-21T20:32:11","modified_gmt":"2024-03-21T23:32:11","slug":"exercicios-fisicos","status":"publish","type":"post","link":"https:\/\/www.sabra.org.br\/site\/exercicios-fisicos\/","title":{"rendered":"Exerc\u00edcios e M\u00fasica: uma combina\u00e7\u00e3o perfeita"},"content":{"rendered":"<p>A m\u00fasica tem desempenhado um papel significativo na vida das pessoas ao longo dos s\u00e9culos. Ela \u00e9 uma forma de express\u00e3o art\u00edstica que pode influenciar nosso humor, pensamentos e emo\u00e7\u00f5es. Al\u00e9m disso, a m\u00fasica tamb\u00e9m pode desempenhar um papel importante na pr\u00e1tica de exerc\u00edcios f\u00edsicos. Neste texto, exploraremos os diversos benef\u00edcios que a m\u00fasica pode proporcionar durante a atividade f\u00edsica, desde o aumento da motiva\u00e7\u00e3o at\u00e9 a melhoria do desempenho.<\/p>\n<h2>Eleva\u00e7\u00e3o do Esp\u00edrito e Motiva\u00e7\u00e3o<\/h2>\n<p>Um dos benef\u00edcios mais evidentes da m\u00fasica durante o exerc\u00edcio f\u00edsico \u00e9 a capacidade de elevar o esp\u00edrito e aumentar a motiva\u00e7\u00e3o. Muitas pessoas relatam que, ao ouvir m\u00fasicas animadas e empolgantes, sentem-se mais dispostas e motivadas a se exercitar. A m\u00fasica tem o poder de criar um ambiente emocionalmente positivo, o que pode fazer com que a atividade f\u00edsica pare\u00e7a menos cansativa e mais prazerosa.<\/p>\n<p>Estudos cient\u00edficos mostraram que a m\u00fasica com um ritmo r\u00e1pido e uma batida constante pode aumentar a frequ\u00eancia card\u00edaca e a respira\u00e7\u00e3o, o que pode ser ben\u00e9fico para exerc\u00edcios de alta intensidade, como corrida ou levantamento de peso. Al\u00e9m disso, a m\u00fasica pode distrair a mente dos sentimentos de fadiga, permitindo que voc\u00ea se concentre mais na atividade em si e menos na sensa\u00e7\u00e3o de cansa\u00e7o.<\/p>\n<h2>Aumento da Capacidade de Aten\u00e7\u00e3o<\/h2>\n<p>Outro benef\u00edcio da m\u00fasica durante o exerc\u00edcio \u00e9 o aumento da capacidade de aten\u00e7\u00e3o. Muitas vezes, durante atividades repetitivas, como corrida em esteira ou ciclismo, nossa mente pode vagar e perder o foco. A m\u00fasica pode servir como uma esp\u00e9cie de est\u00edmulo constante, mantendo nossa mente envolvida na atividade f\u00edsica.<\/p>\n<p>A escolha das m\u00fasicas certas pode criar um ambiente mental positivo, ajudando a manter o foco e a concentra\u00e7\u00e3o. Muitos atletas de alto desempenho utilizam a m\u00fasica como uma ferramenta para melhorar seu desempenho e manter a aten\u00e7\u00e3o durante treinos rigorosos.<\/p>\n<h2>Melhoria do Humor<\/h2>\n<p>A m\u00fasica tamb\u00e9m tem o poder de melhorar o humor das pessoas durante o exerc\u00edcio. Isso ocorre porque a m\u00fasica pode desencadear a libera\u00e7\u00e3o de neurotransmissores como a dopamina, que est\u00e3o associados \u00e0 sensa\u00e7\u00e3o de felicidade e bem-estar. Quando nos sentimos bem durante o exerc\u00edcio, somos mais propensos a continuar e a desfrutar da atividade.<\/p>\n<h2>Aumento da Produ\u00e7\u00e3o no Trabalho<\/h2>\n<p>A m\u00fasica n\u00e3o beneficia apenas a pr\u00e1tica de exerc\u00edcios f\u00edsicos; ela tamb\u00e9m pode melhorar a produtividade no trabalho. Muitas empresas t\u00eam adotado a m\u00fasica como parte do ambiente de trabalho, pois ela pode aumentar a motiva\u00e7\u00e3o e a concentra\u00e7\u00e3o dos funcion\u00e1rios.<\/p>\n<p>A m\u00fasica de fundo suave e instrumental, por exemplo, tem sido associada a um aumento na efici\u00eancia e na qualidade do trabalho. Ela pode ajudar a reduzir o estresse e criar um ambiente de trabalho mais agrad\u00e1vel, o que, por sua vez, pode levar a uma maior produ\u00e7\u00e3o.<\/p>\n<p>A m\u00fasica tem o poder de transformar a experi\u00eancia da pr\u00e1tica de exerc\u00edcios f\u00edsicos. Ela pode elevar o esp\u00edrito, aumentar a motiva\u00e7\u00e3o, melhorar o humor e aumentar a capacidade de aten\u00e7\u00e3o. Al\u00e9m disso, a m\u00fasica n\u00e3o se limita apenas ao ambiente esportivo; ela tamb\u00e9m pode melhorar a produtividade no trabalho e em outras \u00e1reas da vida.<\/p>\n<hr \/>\n<h2>Se voc\u00ea gostou deste post:<\/h2>\n<ul>\n<li>SIGA as nossas p\u00e1ginas nas redes sociais para acompanhar as nossas atualiza\u00e7\u00f5es: estamos no <a href=\"https:\/\/www.facebook.com\/sabrabrasil\" target=\"_blank\" rel=\"noopener\">Facebook<\/a>, no <a href=\"https:\/\/www.instagram.com\/sabrabrasil\/\" target=\"_blank\" rel=\"noopener\">Instagram<\/a>, no <a href=\"https:\/\/www.linkedin.com\/company\/25002088\" target=\"_blank\" rel=\"noopener\">LinkedIn<\/a>, no <a href=\"https:\/\/twitter.com\/ContatoSabra\" target=\"_blank\" rel=\"noopener\">Twitter<\/a> e no <a href=\"https:\/\/www.youtube.com\/channel\/UCJw-kbuEvzUNdeQf20Pa-eQ\" target=\"_blank\" rel=\"noopener\">YouTube<\/a>!<\/p>\n<\/li>\n<li>\n<p>CONHE\u00c7A o trabalho da Sociedade Art\u00edstica Brasileira (SABRA) e todas as iniciativas culturais e sociais que ela mant\u00e9m. <a href=\"https:\/\/www.sabra.org.br\/site\/acoes\/\" target=\"_blank\" rel=\"noopener\">Acesse nosso site!<\/a><\/p>\n<\/li>\n<li>\n<p>ENTRE EM CONTATO com a gente. E veja quais s\u00e3o as op\u00e7\u00f5es de ajuda na manuten\u00e7\u00e3o de nossas a\u00e7\u00f5es sociais e culturais. Basta acessar nossa p\u00e1gina <a href=\"https:\/\/www.sabra.org.br\/site\/doe-agora\/\" target=\"_blank\" rel=\"noopener\">Doe Agora!<\/a><\/p>\n<\/li>\n<li>\n<p>COMPARTILHE este texto nas suas redes sociais e ajude os seus amigos a tamb\u00e9m dominarem o assunto!<\/p>\n<\/li>\n<\/ul>\n<p>\u2013 Os projetos da @sabrabrasil s\u00e3o realizados com o patroci\u0301nio m\u00e1ster: @institutounimedbh, viabilizado pelo incentivo de mais de 5,3 mil m\u00e9dicos cooperados e colaboradores via Lei de Incentivo \u00e0 Cultura &#8211; @culturagovbr<\/p>\n<blockquote class=\"wp-embedded-content\" data-secret=\"Qrfk76vhJY\"><p><a href=\"https:\/\/www.sabra.org.br\/site\/musica-ajuda-saude\/\">Benef\u00edcios da m\u00fasica para a sa\u00fade mental<\/a><\/p><\/blockquote>\n<p><iframe class=\"wp-embedded-content\" sandbox=\"allow-scripts\" security=\"restricted\" style=\"position: absolute; clip: rect(1px, 1px, 1px, 1px);\" title=\"&#8220;Benef\u00edcios da m\u00fasica para a sa\u00fade mental&#8221; &#8212; SABRA - Sociedade Art\u00edstica Brasileira\" src=\"https:\/\/www.sabra.org.br\/site\/musica-ajuda-saude\/embed\/#?secret=9d8qXiJYIu#?secret=Qrfk76vhJY\" data-secret=\"Qrfk76vhJY\" width=\"600\" height=\"338\" frameborder=\"0\" marginwidth=\"0\" marginheight=\"0\" scrolling=\"no\"><\/iframe><\/p>\n<p>Texto por: <a href=\"https:\/\/redaweb.com.br\/conteudo\/marketing-digital\">RedaWeb &#8211; Marketing Digital<\/a><\/p>\n","protected":false},"excerpt":{"rendered":"<p>A m\u00fasica tem desempenhado um papel significativo na vida das pessoas ao longo dos s\u00e9culos. Ela \u00e9 uma forma de express\u00e3o art\u00edstica que pode influenciar&hellip;<\/p>\n","protected":false},"author":39,"featured_media":9104,"comment_status":"closed","ping_status":"closed","sticky":false,"template":"","format":"standard","meta":{"jetpack_post_was_ever_published":false,"_jetpack_newsletter_access":"","_jetpack_dont_email_post_to_subs":false,"_jetpack_newsletter_tier_id":0,"_jetpack_memberships_contains_paywalled_content":false,"_jetpack_memberships_contains_paid_content":false,"footnotes":""},"categories":[1],"tags":[15,2757,3626,3623,8,3629,1285,3628,16,3519,1286,11,3622,9],"class_list":["post-9103","post","type-post","status-publish","format-standard","has-post-thumbnail","hentry","category-blog-sabra","tag-assistencia-social","tag-belo-horizonte","tag-cabo-frio","tag-campos-dos-goytacazes","tag-canto-coral","tag-contagem","tag-escola-de-musica-sabra","tag-ibirite","tag-musicalizacao-infantil","tag-nova-lima-2","tag-orquestra-infanto-juvenil-de-betim","tag-orquestra-sinfonica-de-betim","tag-raposos","tag-sociedade-artistica-brasileira"],"yoast_head":"<!-- This site is optimized with the Yoast SEO plugin v27.5 - https:\/\/yoast.com\/product\/yoast-seo-wordpress\/ -->\n<title>Exerc\u00edcios e M\u00fasica: Uma Combina\u00e7\u00e3o Perfeita - SABRA - Sociedade Art\u00edstica Brasileira<\/title>\n<meta name=\"description\" content=\"A m\u00fasica pode transformar seus exerc\u00edcios f\u00edsicos. Conhe\u00e7a os benef\u00edcios de se exercitar com m\u00fasica e melhore sua motiva\u00e7\u00e3o e desempenho.\" \/>\n<meta name=\"robots\" content=\"index, follow, max-snippet:-1, max-image-preview:large, max-video-preview:-1\" \/>\n<link rel=\"canonical\" href=\"https:\/\/www.sabra.org.br\/site\/exercicios-fisicos\/\" \/>\n<meta property=\"og:locale\" content=\"pt_BR\" \/>\n<meta property=\"og:type\" content=\"article\" \/>\n<meta property=\"og:title\" content=\"Exerc\u00edcios e M\u00fasica: Uma Combina\u00e7\u00e3o Perfeita - SABRA - Sociedade Art\u00edstica Brasileira\" \/>\n<meta property=\"og:description\" content=\"A m\u00fasica pode transformar seus exerc\u00edcios f\u00edsicos. Conhe\u00e7a os benef\u00edcios de se exercitar com m\u00fasica e melhore sua motiva\u00e7\u00e3o e desempenho.\" \/>\n<meta property=\"og:url\" content=\"https:\/\/www.sabra.org.br\/site\/exercicios-fisicos\/\" \/>\n<meta property=\"og:site_name\" content=\"SABRA - Sociedade Art\u00edstica Brasileira\" \/>\n<meta property=\"article:publisher\" content=\"https:\/\/www.facebook.com\/sabrabrasil\" \/>\n<meta property=\"article:published_time\" content=\"2024-03-21T23:30:04+00:00\" \/>\n<meta property=\"article:modified_time\" content=\"2024-03-21T23:32:11+00:00\" \/>\n<meta property=\"og:image\" content=\"https:\/\/www.sabra.org.br\/site\/wp-content\/uploads\/2024\/03\/os-beneficios-da-musica-para-a-pratica-de-exercicios-fisicosjpg-20240130121258.jpg-jpg.webp\" \/>\n\t<meta property=\"og:image:width\" content=\"800\" \/>\n\t<meta property=\"og:image:height\" content=\"533\" \/>\n\t<meta property=\"og:image:type\" content=\"image\/jpeg\" \/>\n<meta name=\"author\" content=\"M\u00e1rcio Miranda Pontes\" \/>\n<meta name=\"twitter:card\" content=\"summary_large_image\" \/>\n<meta name=\"twitter:creator\" content=\"@ContatoSabra\" \/>\n<meta name=\"twitter:site\" content=\"@ContatoSabra\" \/>\n<meta name=\"twitter:label1\" content=\"Escrito por\" \/>\n\t<meta name=\"twitter:data1\" content=\"M\u00e1rcio Miranda Pontes\" \/>\n\t<meta name=\"twitter:label2\" content=\"Est. tempo de leitura\" \/>\n\t<meta name=\"twitter:data2\" content=\"4 minutos\" \/>\n<script type=\"application\/ld+json\" class=\"yoast-schema-graph\">{\"@context\":\"https:\\\/\\\/schema.org\",\"@graph\":[{\"@type\":\"Article\",\"@id\":\"https:\\\/\\\/www.sabra.org.br\\\/site\\\/exercicios-fisicos\\\/#article\",\"isPartOf\":{\"@id\":\"https:\\\/\\\/www.sabra.org.br\\\/site\\\/exercicios-fisicos\\\/\"},\"author\":{\"name\":\"M\u00e1rcio Miranda Pontes\",\"@id\":\"https:\\\/\\\/www.sabra.org.br\\\/site\\\/#\\\/schema\\\/person\\\/7d1d222c3c8891d4c37c7b41bf6315c2\"},\"headline\":\"Exerc\u00edcios e M\u00fasica: uma combina\u00e7\u00e3o perfeita\",\"datePublished\":\"2024-03-21T23:30:04+00:00\",\"dateModified\":\"2024-03-21T23:32:11+00:00\",\"mainEntityOfPage\":{\"@id\":\"https:\\\/\\\/www.sabra.org.br\\\/site\\\/exercicios-fisicos\\\/\"},\"wordCount\":757,\"publisher\":{\"@id\":\"https:\\\/\\\/www.sabra.org.br\\\/site\\\/#organization\"},\"image\":{\"@id\":\"https:\\\/\\\/www.sabra.org.br\\\/site\\\/exercicios-fisicos\\\/#primaryimage\"},\"thumbnailUrl\":\"https:\\\/\\\/www.sabra.org.br\\\/site\\\/wp-content\\\/uploads\\\/2024\\\/03\\\/os-beneficios-da-musica-para-a-pratica-de-exercicios-fisicosjpg-20240130121258.jpg-jpg.webp\",\"keywords\":[\"Assist\u00eancia social\",\"Belo Horizonte\",\"Cabo Frio\",\"Campos dos Goytacazes\",\"Canto Coral\",\"Contagem\",\"Escola de Musica SABRA\",\"Ibirit\u00e9\",\"Musicaliza\u00e7\u00e3o Infantil\",\"nova lima\",\"Orquestra Infanto Juvenil de Betim\",\"Orquestra Sinf\u00f4nica de Betim\",\"Raposos\",\"Sociedade Art\u00edstica Brasileira\"],\"articleSection\":[\"Blog SABRA\"],\"inLanguage\":\"pt-BR\"},{\"@type\":\"WebPage\",\"@id\":\"https:\\\/\\\/www.sabra.org.br\\\/site\\\/exercicios-fisicos\\\/\",\"url\":\"https:\\\/\\\/www.sabra.org.br\\\/site\\\/exercicios-fisicos\\\/\",\"name\":\"Exerc\u00edcios e M\u00fasica: Uma Combina\u00e7\u00e3o Perfeita - SABRA - Sociedade Art\u00edstica Brasileira\",\"isPartOf\":{\"@id\":\"https:\\\/\\\/www.sabra.org.br\\\/site\\\/#website\"},\"primaryImageOfPage\":{\"@id\":\"https:\\\/\\\/www.sabra.org.br\\\/site\\\/exercicios-fisicos\\\/#primaryimage\"},\"image\":{\"@id\":\"https:\\\/\\\/www.sabra.org.br\\\/site\\\/exercicios-fisicos\\\/#primaryimage\"},\"thumbnailUrl\":\"https:\\\/\\\/www.sabra.org.br\\\/site\\\/wp-content\\\/uploads\\\/2024\\\/03\\\/os-beneficios-da-musica-para-a-pratica-de-exercicios-fisicosjpg-20240130121258.jpg-jpg.webp\",\"datePublished\":\"2024-03-21T23:30:04+00:00\",\"dateModified\":\"2024-03-21T23:32:11+00:00\",\"description\":\"A m\u00fasica pode transformar seus exerc\u00edcios f\u00edsicos. Conhe\u00e7a os benef\u00edcios de se exercitar com m\u00fasica e melhore sua motiva\u00e7\u00e3o e desempenho.\",\"breadcrumb\":{\"@id\":\"https:\\\/\\\/www.sabra.org.br\\\/site\\\/exercicios-fisicos\\\/#breadcrumb\"},\"inLanguage\":\"pt-BR\",\"potentialAction\":[{\"@type\":\"ReadAction\",\"target\":[\"https:\\\/\\\/www.sabra.org.br\\\/site\\\/exercicios-fisicos\\\/\"]}]},{\"@type\":\"ImageObject\",\"inLanguage\":\"pt-BR\",\"@id\":\"https:\\\/\\\/www.sabra.org.br\\\/site\\\/exercicios-fisicos\\\/#primaryimage\",\"url\":\"https:\\\/\\\/www.sabra.org.br\\\/site\\\/wp-content\\\/uploads\\\/2024\\\/03\\\/os-beneficios-da-musica-para-a-pratica-de-exercicios-fisicosjpg-20240130121258.jpg-jpg.webp\",\"contentUrl\":\"https:\\\/\\\/www.sabra.org.br\\\/site\\\/wp-content\\\/uploads\\\/2024\\\/03\\\/os-beneficios-da-musica-para-a-pratica-de-exercicios-fisicosjpg-20240130121258.jpg-jpg.webp\",\"width\":800,\"height\":533,\"caption\":\"Sociedade Art\u00edstica Brasileira SABRA\"},{\"@type\":\"BreadcrumbList\",\"@id\":\"https:\\\/\\\/www.sabra.org.br\\\/site\\\/exercicios-fisicos\\\/#breadcrumb\",\"itemListElement\":[{\"@type\":\"ListItem\",\"position\":1,\"name\":\"In\u00edcio\",\"item\":\"https:\\\/\\\/www.sabra.org.br\\\/site\\\/\"},{\"@type\":\"ListItem\",\"position\":2,\"name\":\"Exerc\u00edcios e M\u00fasica: uma combina\u00e7\u00e3o perfeita\"}]},{\"@type\":\"WebSite\",\"@id\":\"https:\\\/\\\/www.sabra.org.br\\\/site\\\/#website\",\"url\":\"https:\\\/\\\/www.sabra.org.br\\\/site\\\/\",\"name\":\"SABRA - Sociedade Art\u00edstica Brasileira\",\"description\":\"Escola de M\u00fasica, Orquestra Sinf\u00f4nica, Coral e Patrim\u00f4nio Cultural e Hist\u00f3rico\",\"publisher\":{\"@id\":\"https:\\\/\\\/www.sabra.org.br\\\/site\\\/#organization\"},\"potentialAction\":[{\"@type\":\"SearchAction\",\"target\":{\"@type\":\"EntryPoint\",\"urlTemplate\":\"https:\\\/\\\/www.sabra.org.br\\\/site\\\/?s={search_term_string}\"},\"query-input\":{\"@type\":\"PropertyValueSpecification\",\"valueRequired\":true,\"valueName\":\"search_term_string\"}}],\"inLanguage\":\"pt-BR\"},{\"@type\":\"Organization\",\"@id\":\"https:\\\/\\\/www.sabra.org.br\\\/site\\\/#organization\",\"name\":\"SOCIEDADE ART\u00cdSTICA BRASILEIRA SABRA\",\"alternateName\":\"SABRA\",\"url\":\"https:\\\/\\\/www.sabra.org.br\\\/site\\\/\",\"logo\":{\"@type\":\"ImageObject\",\"inLanguage\":\"pt-BR\",\"@id\":\"https:\\\/\\\/www.sabra.org.br\\\/site\\\/#\\\/schema\\\/logo\\\/image\\\/\",\"url\":\"https:\\\/\\\/www.sabra.org.br\\\/site\\\/wp-content\\\/uploads\\\/2019\\\/06\\\/cropped-Logo_SABRA-Copia-1.webp\",\"contentUrl\":\"https:\\\/\\\/www.sabra.org.br\\\/site\\\/wp-content\\\/uploads\\\/2019\\\/06\\\/cropped-Logo_SABRA-Copia-1.webp\",\"width\":400,\"height\":128,\"caption\":\"SOCIEDADE ART\u00cdSTICA BRASILEIRA SABRA\"},\"image\":{\"@id\":\"https:\\\/\\\/www.sabra.org.br\\\/site\\\/#\\\/schema\\\/logo\\\/image\\\/\"},\"sameAs\":[\"https:\\\/\\\/www.facebook.com\\\/sabrabrasil\",\"https:\\\/\\\/x.com\\\/ContatoSabra\",\"https:\\\/\\\/www.instagram.com\\\/sabrabrasil\\\/\",\"https:\\\/\\\/www.linkedin.com\\\/company\\\/25002088\\\/\",\"https:\\\/\\\/br.pinterest.com\\\/sociedadeartisticabrasileira\\\/\",\"https:\\\/\\\/www.youtube.com\\\/c\\\/sabrabrasil\"]},{\"@type\":\"Person\",\"@id\":\"https:\\\/\\\/www.sabra.org.br\\\/site\\\/#\\\/schema\\\/person\\\/7d1d222c3c8891d4c37c7b41bf6315c2\",\"name\":\"M\u00e1rcio Miranda Pontes\",\"image\":{\"@type\":\"ImageObject\",\"inLanguage\":\"pt-BR\",\"@id\":\"https:\\\/\\\/secure.gravatar.com\\\/avatar\\\/3b45f24496a7625a3a6c436688fbe20344faaeb2979658dc4a9921f984d7df9a?s=96&d=mm&r=g\",\"url\":\"https:\\\/\\\/secure.gravatar.com\\\/avatar\\\/3b45f24496a7625a3a6c436688fbe20344faaeb2979658dc4a9921f984d7df9a?s=96&d=mm&r=g\",\"contentUrl\":\"https:\\\/\\\/secure.gravatar.com\\\/avatar\\\/3b45f24496a7625a3a6c436688fbe20344faaeb2979658dc4a9921f984d7df9a?s=96&d=mm&r=g\",\"caption\":\"M\u00e1rcio Miranda Pontes\"},\"sameAs\":[\"http:\\\/\\\/www.sabra.org.br\"],\"url\":\"https:\\\/\\\/www.sabra.org.br\\\/site\\\/author\\\/marcio-miranda-pontes\\\/\"}]}<\/script>\n<!-- \/ Yoast SEO plugin. -->","yoast_head_json":{"title":"Exerc\u00edcios e M\u00fasica: Uma Combina\u00e7\u00e3o Perfeita - SABRA - Sociedade Art\u00edstica Brasileira","description":"A m\u00fasica pode transformar seus exerc\u00edcios f\u00edsicos. Conhe\u00e7a os benef\u00edcios de se exercitar com m\u00fasica e melhore sua motiva\u00e7\u00e3o e desempenho.","robots":{"index":"index","follow":"follow","max-snippet":"max-snippet:-1","max-image-preview":"max-image-preview:large","max-video-preview":"max-video-preview:-1"},"canonical":"https:\/\/www.sabra.org.br\/site\/exercicios-fisicos\/","og_locale":"pt_BR","og_type":"article","og_title":"Exerc\u00edcios e M\u00fasica: Uma Combina\u00e7\u00e3o Perfeita - SABRA - Sociedade Art\u00edstica Brasileira","og_description":"A m\u00fasica pode transformar seus exerc\u00edcios f\u00edsicos. Conhe\u00e7a os benef\u00edcios de se exercitar com m\u00fasica e melhore sua motiva\u00e7\u00e3o e desempenho.","og_url":"https:\/\/www.sabra.org.br\/site\/exercicios-fisicos\/","og_site_name":"SABRA - Sociedade Art\u00edstica Brasileira","article_publisher":"https:\/\/www.facebook.com\/sabrabrasil","article_published_time":"2024-03-21T23:30:04+00:00","article_modified_time":"2024-03-21T23:32:11+00:00","og_image":[{"width":800,"height":533,"url":"https:\/\/www.sabra.org.br\/site\/wp-content\/uploads\/2024\/03\/os-beneficios-da-musica-para-a-pratica-de-exercicios-fisicosjpg-20240130121258.jpg-jpg.webp","type":"image\/jpeg"}],"author":"M\u00e1rcio Miranda Pontes","twitter_card":"summary_large_image","twitter_creator":"@ContatoSabra","twitter_site":"@ContatoSabra","twitter_misc":{"Escrito por":"M\u00e1rcio Miranda Pontes","Est. tempo de leitura":"4 minutos"},"schema":{"@context":"https:\/\/schema.org","@graph":[{"@type":"Article","@id":"https:\/\/www.sabra.org.br\/site\/exercicios-fisicos\/#article","isPartOf":{"@id":"https:\/\/www.sabra.org.br\/site\/exercicios-fisicos\/"},"author":{"name":"M\u00e1rcio Miranda Pontes","@id":"https:\/\/www.sabra.org.br\/site\/#\/schema\/person\/7d1d222c3c8891d4c37c7b41bf6315c2"},"headline":"Exerc\u00edcios e M\u00fasica: uma combina\u00e7\u00e3o perfeita","datePublished":"2024-03-21T23:30:04+00:00","dateModified":"2024-03-21T23:32:11+00:00","mainEntityOfPage":{"@id":"https:\/\/www.sabra.org.br\/site\/exercicios-fisicos\/"},"wordCount":757,"publisher":{"@id":"https:\/\/www.sabra.org.br\/site\/#organization"},"image":{"@id":"https:\/\/www.sabra.org.br\/site\/exercicios-fisicos\/#primaryimage"},"thumbnailUrl":"https:\/\/www.sabra.org.br\/site\/wp-content\/uploads\/2024\/03\/os-beneficios-da-musica-para-a-pratica-de-exercicios-fisicosjpg-20240130121258.jpg-jpg.webp","keywords":["Assist\u00eancia social","Belo Horizonte","Cabo Frio","Campos dos Goytacazes","Canto Coral","Contagem","Escola de Musica SABRA","Ibirit\u00e9","Musicaliza\u00e7\u00e3o Infantil","nova lima","Orquestra Infanto Juvenil de Betim","Orquestra Sinf\u00f4nica de Betim","Raposos","Sociedade Art\u00edstica Brasileira"],"articleSection":["Blog SABRA"],"inLanguage":"pt-BR"},{"@type":"WebPage","@id":"https:\/\/www.sabra.org.br\/site\/exercicios-fisicos\/","url":"https:\/\/www.sabra.org.br\/site\/exercicios-fisicos\/","name":"Exerc\u00edcios e M\u00fasica: Uma Combina\u00e7\u00e3o Perfeita - SABRA - Sociedade Art\u00edstica Brasileira","isPartOf":{"@id":"https:\/\/www.sabra.org.br\/site\/#website"},"primaryImageOfPage":{"@id":"https:\/\/www.sabra.org.br\/site\/exercicios-fisicos\/#primaryimage"},"image":{"@id":"https:\/\/www.sabra.org.br\/site\/exercicios-fisicos\/#primaryimage"},"thumbnailUrl":"https:\/\/www.sabra.org.br\/site\/wp-content\/uploads\/2024\/03\/os-beneficios-da-musica-para-a-pratica-de-exercicios-fisicosjpg-20240130121258.jpg-jpg.webp","datePublished":"2024-03-21T23:30:04+00:00","dateModified":"2024-03-21T23:32:11+00:00","description":"A m\u00fasica pode transformar seus exerc\u00edcios f\u00edsicos. Conhe\u00e7a os benef\u00edcios de se exercitar com m\u00fasica e melhore sua motiva\u00e7\u00e3o e desempenho.","breadcrumb":{"@id":"https:\/\/www.sabra.org.br\/site\/exercicios-fisicos\/#breadcrumb"},"inLanguage":"pt-BR","potentialAction":[{"@type":"ReadAction","target":["https:\/\/www.sabra.org.br\/site\/exercicios-fisicos\/"]}]},{"@type":"ImageObject","inLanguage":"pt-BR","@id":"https:\/\/www.sabra.org.br\/site\/exercicios-fisicos\/#primaryimage","url":"https:\/\/www.sabra.org.br\/site\/wp-content\/uploads\/2024\/03\/os-beneficios-da-musica-para-a-pratica-de-exercicios-fisicosjpg-20240130121258.jpg-jpg.webp","contentUrl":"https:\/\/www.sabra.org.br\/site\/wp-content\/uploads\/2024\/03\/os-beneficios-da-musica-para-a-pratica-de-exercicios-fisicosjpg-20240130121258.jpg-jpg.webp","width":800,"height":533,"caption":"Sociedade Art\u00edstica Brasileira SABRA"},{"@type":"BreadcrumbList","@id":"https:\/\/www.sabra.org.br\/site\/exercicios-fisicos\/#breadcrumb","itemListElement":[{"@type":"ListItem","position":1,"name":"In\u00edcio","item":"https:\/\/www.sabra.org.br\/site\/"},{"@type":"ListItem","position":2,"name":"Exerc\u00edcios e M\u00fasica: uma combina\u00e7\u00e3o perfeita"}]},{"@type":"WebSite","@id":"https:\/\/www.sabra.org.br\/site\/#website","url":"https:\/\/www.sabra.org.br\/site\/","name":"SABRA - Sociedade Art\u00edstica Brasileira","description":"Escola de M\u00fasica, Orquestra Sinf\u00f4nica, Coral e Patrim\u00f4nio Cultural e Hist\u00f3rico","publisher":{"@id":"https:\/\/www.sabra.org.br\/site\/#organization"},"potentialAction":[{"@type":"SearchAction","target":{"@type":"EntryPoint","urlTemplate":"https:\/\/www.sabra.org.br\/site\/?s={search_term_string}"},"query-input":{"@type":"PropertyValueSpecification","valueRequired":true,"valueName":"search_term_string"}}],"inLanguage":"pt-BR"},{"@type":"Organization","@id":"https:\/\/www.sabra.org.br\/site\/#organization","name":"SOCIEDADE ART\u00cdSTICA BRASILEIRA SABRA","alternateName":"SABRA","url":"https:\/\/www.sabra.org.br\/site\/","logo":{"@type":"ImageObject","inLanguage":"pt-BR","@id":"https:\/\/www.sabra.org.br\/site\/#\/schema\/logo\/image\/","url":"https:\/\/www.sabra.org.br\/site\/wp-content\/uploads\/2019\/06\/cropped-Logo_SABRA-Copia-1.webp","contentUrl":"https:\/\/www.sabra.org.br\/site\/wp-content\/uploads\/2019\/06\/cropped-Logo_SABRA-Copia-1.webp","width":400,"height":128,"caption":"SOCIEDADE ART\u00cdSTICA BRASILEIRA SABRA"},"image":{"@id":"https:\/\/www.sabra.org.br\/site\/#\/schema\/logo\/image\/"},"sameAs":["https:\/\/www.facebook.com\/sabrabrasil","https:\/\/x.com\/ContatoSabra","https:\/\/www.instagram.com\/sabrabrasil\/","https:\/\/www.linkedin.com\/company\/25002088\/","https:\/\/br.pinterest.com\/sociedadeartisticabrasileira\/","https:\/\/www.youtube.com\/c\/sabrabrasil"]},{"@type":"Person","@id":"https:\/\/www.sabra.org.br\/site\/#\/schema\/person\/7d1d222c3c8891d4c37c7b41bf6315c2","name":"M\u00e1rcio Miranda Pontes","image":{"@type":"ImageObject","inLanguage":"pt-BR","@id":"https:\/\/secure.gravatar.com\/avatar\/3b45f24496a7625a3a6c436688fbe20344faaeb2979658dc4a9921f984d7df9a?s=96&d=mm&r=g","url":"https:\/\/secure.gravatar.com\/avatar\/3b45f24496a7625a3a6c436688fbe20344faaeb2979658dc4a9921f984d7df9a?s=96&d=mm&r=g","contentUrl":"https:\/\/secure.gravatar.com\/avatar\/3b45f24496a7625a3a6c436688fbe20344faaeb2979658dc4a9921f984d7df9a?s=96&d=mm&r=g","caption":"M\u00e1rcio Miranda Pontes"},"sameAs":["http:\/\/www.sabra.org.br"],"url":"https:\/\/www.sabra.org.br\/site\/author\/marcio-miranda-pontes\/"}]}},"jetpack_featured_media_url":"https:\/\/www.sabra.org.br\/site\/wp-content\/uploads\/2024\/03\/os-beneficios-da-musica-para-a-pratica-de-exercicios-fisicosjpg-20240130121258.jpg-jpg.webp","jetpack_shortlink":"https:\/\/wp.me\/p95j2Z-2mP","jetpack-related-posts":[{"id":9347,"url":"https:\/\/www.sabra.org.br\/site\/atividade-fisica\/","url_meta":{"origin":9103,"position":0},"title":"O impacto da m\u00fasica na motiva\u00e7\u00e3o e no desempenho atl\u00e9tico","author":"M\u00e1rcio Miranda Pontes","date":"18 de abril de 2024","format":false,"excerpt":"Descubra como o ritmo envolvente pode aumentar sua concentra\u00e7\u00e3o, energia e resist\u00eancia, levando voc\u00ea a ultrapassar seus limites como nunca antes. N\u00e3o perca a oportunidade de elevar sua performance!","rel":"","context":"Em &quot;Blog SABRA&quot;","block_context":{"text":"Blog SABRA","link":"https:\/\/www.sabra.org.br\/site\/category\/blog-sabra\/"},"img":{"alt_text":"sabra-m\u00fasica-atividade-desempenha-f\u00edsica-motiva\u00e7\u00e3o-ritmo-ajudar-atletas-atl\u00e9tico-pr\u00e1tica","src":"https:\/\/i0.wp.com\/www.sabra.org.br\/site\/wp-content\/uploads\/2024\/04\/o-impacto-da-musica-na-motivacao-e-no-desempenho-atleticojpg-20240229111914.jpg-jpg.webp?resize=350%2C200&ssl=1","width":350,"height":200,"srcset":"https:\/\/i0.wp.com\/www.sabra.org.br\/site\/wp-content\/uploads\/2024\/04\/o-impacto-da-musica-na-motivacao-e-no-desempenho-atleticojpg-20240229111914.jpg-jpg.webp?resize=350%2C200&ssl=1 1x, https:\/\/i0.wp.com\/www.sabra.org.br\/site\/wp-content\/uploads\/2024\/04\/o-impacto-da-musica-na-motivacao-e-no-desempenho-atleticojpg-20240229111914.jpg-jpg.webp?resize=525%2C300&ssl=1 1.5x, https:\/\/i0.wp.com\/www.sabra.org.br\/site\/wp-content\/uploads\/2024\/04\/o-impacto-da-musica-na-motivacao-e-no-desempenho-atleticojpg-20240229111914.jpg-jpg.webp?resize=700%2C400&ssl=1 2x"},"classes":[]},{"id":8578,"url":"https:\/\/www.sabra.org.br\/site\/criatividade-vidas\/","url_meta":{"origin":9103,"position":1},"title":"Estimulando a criatividade com m\u00fasica","author":"M\u00e1rcio Miranda Pontes","date":"29 de novembro de 2023","format":false,"excerpt":"M\u00fasica e criatividade est\u00e3o fortemente relacionadas. Uma mente que tem contato com m\u00fasicas pode ser muito mais criativa, al\u00e9m de v\u00e1rios outros benef\u00edcios poss\u00edveis. Saiba mais como a m\u00fasica pode contribuir para otimizar a sua criatividade.","rel":"","context":"Em &quot;Blog SABRA&quot;","block_context":{"text":"Blog SABRA","link":"https:\/\/www.sabra.org.br\/site\/category\/blog-sabra\/"},"img":{"alt_text":"sabra-m\u00fasica-criatividade-vidas","src":"https:\/\/i0.wp.com\/www.sabra.org.br\/site\/wp-content\/uploads\/2023\/11\/estimulando-a-criatividade-com-musica-20221229103337.jpg-jpg.webp?resize=350%2C200&ssl=1","width":350,"height":200,"srcset":"https:\/\/i0.wp.com\/www.sabra.org.br\/site\/wp-content\/uploads\/2023\/11\/estimulando-a-criatividade-com-musica-20221229103337.jpg-jpg.webp?resize=350%2C200&ssl=1 1x, https:\/\/i0.wp.com\/www.sabra.org.br\/site\/wp-content\/uploads\/2023\/11\/estimulando-a-criatividade-com-musica-20221229103337.jpg-jpg.webp?resize=525%2C300&ssl=1 1.5x, https:\/\/i0.wp.com\/www.sabra.org.br\/site\/wp-content\/uploads\/2023\/11\/estimulando-a-criatividade-com-musica-20221229103337.jpg-jpg.webp?resize=700%2C400&ssl=1 2x"},"classes":[]},{"id":9296,"url":"https:\/\/www.sabra.org.br\/site\/produtividade-trabalho\/","url_meta":{"origin":9103,"position":2},"title":"A rela\u00e7\u00e3o entre m\u00fasica e produtividade no ambiente de trabalho","author":"M\u00e1rcio Miranda Pontes","date":"12 de abril de 2024","format":false,"excerpt":"Se voc\u00ea busca maneiras inovadoras de impulsionar a efici\u00eancia e o bem-estar no local de trabalho, este \u00e9 um artigo que n\u00e3o pode perder. Prepare-se para descobrir como a m\u00fasica pode se tornar sua aliada na busca por um ambiente de trabalho mais produtivo e inspirador!","rel":"","context":"Em &quot;Blog SABRA&quot;","block_context":{"text":"Blog SABRA","link":"https:\/\/www.sabra.org.br\/site\/category\/blog-sabra\/"},"img":{"alt_text":"sabra-m\u00fasica-trabalho-ambiente-funcion\u00e1rios-produtividade-criatividade-desempenho","src":"https:\/\/i0.wp.com\/www.sabra.org.br\/site\/wp-content\/uploads\/2024\/04\/a-relacao-entre-musica-e-produtividade-no-ambiente-de-trabalho-20240229111914.jpg-jpg.webp?resize=350%2C200&ssl=1","width":350,"height":200,"srcset":"https:\/\/i0.wp.com\/www.sabra.org.br\/site\/wp-content\/uploads\/2024\/04\/a-relacao-entre-musica-e-produtividade-no-ambiente-de-trabalho-20240229111914.jpg-jpg.webp?resize=350%2C200&ssl=1 1x, https:\/\/i0.wp.com\/www.sabra.org.br\/site\/wp-content\/uploads\/2024\/04\/a-relacao-entre-musica-e-produtividade-no-ambiente-de-trabalho-20240229111914.jpg-jpg.webp?resize=525%2C300&ssl=1 1.5x, https:\/\/i0.wp.com\/www.sabra.org.br\/site\/wp-content\/uploads\/2024\/04\/a-relacao-entre-musica-e-produtividade-no-ambiente-de-trabalho-20240229111914.jpg-jpg.webp?resize=700%2C400&ssl=1 2x"},"classes":[]},{"id":13386,"url":"https:\/\/www.sabra.org.br\/site\/estilos-exercicios\/","url_meta":{"origin":9103,"position":3},"title":"Os melhores estilos musicais para fazer exerc\u00edcios","author":"M\u00e1rcio Miranda Pontes","date":"12 de junho de 2025","format":false,"excerpt":"Os estilos musicais s\u00e3o aliados poderosos para quem deseja melhorar a qualidade dos treinos e fidelizar-se \u00e0 atividade f\u00edsica.","rel":"","context":"Em &quot;Blog SABRA&quot;","block_context":{"text":"Blog SABRA","link":"https:\/\/www.sabra.org.br\/site\/category\/blog-sabra\/"},"img":{"alt_text":"","src":"","width":0,"height":0},"classes":[]},{"id":9025,"url":"https:\/\/www.sabra.org.br\/site\/adultos-comunicacao\/","url_meta":{"origin":9103,"position":4},"title":"Benef\u00edcios da m\u00fasica para a sa\u00fade f\u00edsica e mental dos adultos","author":"M\u00e1rcio Miranda Pontes","date":"12 de mar\u00e7o de 2024","format":false,"excerpt":"Prepare-se para uma jornada que o levar\u00e1 por um mundo encantador de sons e melodias, revelando como a m\u00fasica pode ser uma aliada poderosa na busca pelo bem-estar e pela felicidade.","rel":"","context":"Em &quot;Blog SABRA&quot;","block_context":{"text":"Blog SABRA","link":"https:\/\/www.sabra.org.br\/site\/category\/blog-sabra\/"},"img":{"alt_text":"sabra-m\u00fasica-adultos-comunica\u00e7\u00e3o-criatividade-melhoria-sociais-ansiedade-culturas-vida","src":"https:\/\/i0.wp.com\/www.sabra.org.br\/site\/wp-content\/uploads\/2024\/03\/x-beneficios-da-musica-para-a-saude-fisica-e-mental-dos-adultosjpg-20240130121258.jpg-jpg.webp?resize=350%2C200&ssl=1","width":350,"height":200,"srcset":"https:\/\/i0.wp.com\/www.sabra.org.br\/site\/wp-content\/uploads\/2024\/03\/x-beneficios-da-musica-para-a-saude-fisica-e-mental-dos-adultosjpg-20240130121258.jpg-jpg.webp?resize=350%2C200&ssl=1 1x, https:\/\/i0.wp.com\/www.sabra.org.br\/site\/wp-content\/uploads\/2024\/03\/x-beneficios-da-musica-para-a-saude-fisica-e-mental-dos-adultosjpg-20240130121258.jpg-jpg.webp?resize=525%2C300&ssl=1 1.5x, https:\/\/i0.wp.com\/www.sabra.org.br\/site\/wp-content\/uploads\/2024\/03\/x-beneficios-da-musica-para-a-saude-fisica-e-mental-dos-adultosjpg-20240130121258.jpg-jpg.webp?resize=700%2C400&ssl=1 2x"},"classes":[]},{"id":8942,"url":"https:\/\/www.sabra.org.br\/site\/musica-vocabulario-ingles\/","url_meta":{"origin":9103,"position":5},"title":"Como a m\u00fasica pode melhorar o seu vocabul\u00e1rio em ingl\u00eas?","author":"M\u00e1rcio Miranda Pontes","date":"4 de mar\u00e7o de 2024","format":false,"excerpt":"Voc\u00ea ama m\u00fasica e deseja aprimorar suas habilidades em ingl\u00eas de maneira divertida e eficaz? Descubra como a melodia pode se tornar sua aliada no aprendizado de vocabul\u00e1rio em ingl\u00eas!","rel":"","context":"Em &quot;Blog SABRA&quot;","block_context":{"text":"Blog SABRA","link":"https:\/\/www.sabra.org.br\/site\/category\/blog-sabra\/"},"img":{"alt_text":"sabra-m\u00fasica-vocabul\u00e1rio-aprendizado-ingl\u00eas-palavras","src":"https:\/\/i0.wp.com\/www.sabra.org.br\/site\/wp-content\/uploads\/2024\/03\/como-a-musica-pode-melhorar-o-seu-vocabulario-em-inglesjpg-20240130121258.jpg-jpg.webp?resize=350%2C200&ssl=1","width":350,"height":200,"srcset":"https:\/\/i0.wp.com\/www.sabra.org.br\/site\/wp-content\/uploads\/2024\/03\/como-a-musica-pode-melhorar-o-seu-vocabulario-em-inglesjpg-20240130121258.jpg-jpg.webp?resize=350%2C200&ssl=1 1x, https:\/\/i0.wp.com\/www.sabra.org.br\/site\/wp-content\/uploads\/2024\/03\/como-a-musica-pode-melhorar-o-seu-vocabulario-em-inglesjpg-20240130121258.jpg-jpg.webp?resize=525%2C300&ssl=1 1.5x, https:\/\/i0.wp.com\/www.sabra.org.br\/site\/wp-content\/uploads\/2024\/03\/como-a-musica-pode-melhorar-o-seu-vocabulario-em-inglesjpg-20240130121258.jpg-jpg.webp?resize=700%2C400&ssl=1 2x"},"classes":[]}],"jetpack_likes_enabled":true,"jetpack_sharing_enabled":true,"_links":{"self":[{"href":"https:\/\/www.sabra.org.br\/site\/wp-json\/wp\/v2\/posts\/9103","targetHints":{"allow":["GET"]}}],"collection":[{"href":"https:\/\/www.sabra.org.br\/site\/wp-json\/wp\/v2\/posts"}],"about":[{"href":"https:\/\/www.sabra.org.br\/site\/wp-json\/wp\/v2\/types\/post"}],"author":[{"embeddable":true,"href":"https:\/\/www.sabra.org.br\/site\/wp-json\/wp\/v2\/users\/39"}],"replies":[{"embeddable":true,"href":"https:\/\/www.sabra.org.br\/site\/wp-json\/wp\/v2\/comments?post=9103"}],"version-history":[{"count":0,"href":"https:\/\/www.sabra.org.br\/site\/wp-json\/wp\/v2\/posts\/9103\/revisions"}],"wp:featuredmedia":[{"embeddable":true,"href":"https:\/\/www.sabra.org.br\/site\/wp-json\/wp\/v2\/media\/9104"}],"wp:attachment":[{"href":"https:\/\/www.sabra.org.br\/site\/wp-json\/wp\/v2\/media?parent=9103"}],"wp:term":[{"taxonomy":"category","embeddable":true,"href":"https:\/\/www.sabra.org.br\/site\/wp-json\/wp\/v2\/categories?post=9103"},{"taxonomy":"post_tag","embeddable":true,"href":"https:\/\/www.sabra.org.br\/site\/wp-json\/wp\/v2\/tags?post=9103"}],"curies":[{"name":"wp","href":"https:\/\/api.w.org\/{rel}","templated":true}]}}