{"id":9114,"date":"2024-03-22T05:43:41","date_gmt":"2024-03-22T08:43:41","guid":{"rendered":"https:\/\/www.sabra.org.br\/site\/?p=9114"},"modified":"2025-04-18T09:45:50","modified_gmt":"2025-04-18T12:45:50","slug":"eletronica-moda","status":"publish","type":"post","link":"https:\/\/www.sabra.org.br\/site\/eletronica-moda\/","title":{"rendered":"Eletr\u00f4nica na Moda: A Sinergia entre Sintetizadores e Passarelas"},"content":{"rendered":"<p>Raf Simons, Diesel, Balenciaga, Dries Van Noten, Chlo\u00e9&#8230; a lista de marcas que fizeram refer\u00eancia \u00e0s festas, mais especificamente \u00e0s festas de m\u00fasica eletr\u00f4nica, foi extensa nesta temporada da moda. Diversos designers t\u00eam escolhido fazer suas apresenta\u00e7\u00f5es em boates, e algumas marcas j\u00e1 incorporaram ao seu DNA o estilo clubber, com sua abordagem Do It Yourself (fa\u00e7a voc\u00ea mesmo), que busca a liberdade e a constru\u00e7\u00e3o de uma identidade pr\u00f3pria na noite. Em resumo, a sinergia entre os sintetizadores e a passarela est\u00e1 mais forte do que nunca. Mas para entender essa conex\u00e3o, \u00e9 importante voltar \u00e0s ra\u00edzes, l\u00e1 na d\u00e9cada de 1970, quando o movimento clubber teve origem.<\/p>\n<h2>A Ascens\u00e3o da M\u00fasica Eletr\u00f4nica<\/h2>\n<p>Para compreender a rela\u00e7\u00e3o entre a m\u00fasica eletr\u00f4nica e a moda clubber, \u00e9 essencial tra\u00e7ar uma r\u00e1pida linha do tempo da m\u00fasica eletr\u00f4nica. Esse g\u00eanero musical \u00e9 caracterizado por uma diversidade de estilos que se originaram em diferentes lugares, culminando no que conhecemos hoje como m\u00fasica eletr\u00f4nica de dan\u00e7a. Por exemplo, o House nasceu em Chicago nos anos 1970 e foi fortemente influenciado pela m\u00fasica Disco, tendo suas ra\u00edzes na cultura negra e LGBT. O Trance, por sua vez, surgiu como uma varia\u00e7\u00e3o mais mel\u00f3dica e psicod\u00e9lica e se tornou a trilha sonora das raves em locais abertos. Enquanto isso, o Techno emergiu em Detroit nos anos 1980, combinando influ\u00eancias da m\u00fasica afro-americana com uma vis\u00e3o futurista.<\/p>\n<p>Esses estilos musicais se desenvolveram e se fundiram em in\u00fameras vertentes, dando origem \u00e0 diversidade sonora que apreciamos hoje. Embora a m\u00fasica eletr\u00f4nica tenha evolu\u00eddo musicalmente, o que permanece constante \u00e9 sua influ\u00eancia na moda e na cultura clubber.<\/p>\n<h2>O Estilo Clubber<\/h2>\n<p>A est\u00e9tica do movimento clubber \u00e9 t\u00e3o diversa quanto a m\u00fasica que o inspirou. Cada subg\u00eanero da m\u00fasica eletr\u00f4nica de dan\u00e7a deu origem a uma abordagem distinta \u00e0 moda. O House, por exemplo, mant\u00e9m uma est\u00e9tica quase retr\u00f4, evocando a era Disco com roupas brilhantes e extravagantes. Enquanto isso, o Trance \u00e9 sin\u00f4nimo de tie-dye e cores fluorescentes, perfeito para raves ao ar livre. J\u00e1 o Techno reflete uma est\u00e9tica mais industrial, lembrando a cidade de Detroit com sua heran\u00e7a na ind\u00fastria automobil\u00edstica.<\/p>\n<h2>A D\u00e9cada de 1990<\/h2>\n<p>Nos anos 1990, a cultura clubber n\u00e3o s\u00f3 ganhou for\u00e7a no cen\u00e1rio global, como tamb\u00e9m deixou sua marca no Brasil, principalmente em S\u00e3o Paulo, nas regi\u00f5es da Rua Augusta e dos Jardins. Boates como Hells, Massivo e Madame Sat\u00e3 tornaram-se pontos de encontro para os entusiastas da m\u00fasica eletr\u00f4nica. Nessa \u00e9poca, a cena clubber era liderada por indiv\u00edduos da comunidade LGBT , que encontraram na m\u00fasica e na moda uma forma de expressar sua liberdade de g\u00eanero e orienta\u00e7\u00e3o sexual.<\/p>\n<p>O Brasil viu o surgimento dos cybermanos, jovens que traziam um estilo futurista da periferia, com piercings, sneakers, pe\u00e7as camufladas e uma atitude \u00fanica. Eles contribu\u00edram significativamente para a diversidade da cena clubber brasileira, enriquecendo ainda mais o caldeir\u00e3o de estilos e influ\u00eancias.<\/p>\n<p>A m\u00fasica eletr\u00f4nica e a moda clubber t\u00eam uma rela\u00e7\u00e3o intr\u00ednseca que perdura ao longo das d\u00e9cadas. A m\u00fasica eletr\u00f4nica inspira a est\u00e9tica clubber, que valoriza a individualidade, a liberdade de express\u00e3o e a criatividade. \u00c0 medida que marcas de moda e designers incorporam elementos da cena clubber em suas cole\u00e7\u00f5es e desfiles, a sinergia entre m\u00fasica e moda continua a prosperar.<\/p>\n<blockquote class=\"wp-embedded-content\" data-secret=\"FvOJnS8mBg\"><p><a href=\"https:\/\/www.sabra.org.br\/site\/motivos-para-voce-auxiliar-criancas-carentes-ao-inves-de-pagar-imposto-de-renda-doacoes\/\">Imposto de Renda: hora de pagar<\/a><\/p><\/blockquote>\n<p><iframe class=\"wp-embedded-content\" sandbox=\"allow-scripts\" security=\"restricted\" style=\"position: absolute; visibility: hidden;\" title=\"&#8220;Imposto de Renda: hora de pagar&#8221; &#8212; SABRA - Sociedade Art\u00edstica Brasileira\" src=\"https:\/\/www.sabra.org.br\/site\/motivos-para-voce-auxiliar-criancas-carentes-ao-inves-de-pagar-imposto-de-renda-doacoes\/embed\/#?secret=RnH7r9rPEI#?secret=FvOJnS8mBg\" data-secret=\"FvOJnS8mBg\" width=\"600\" height=\"338\" frameborder=\"0\" marginwidth=\"0\" marginheight=\"0\" scrolling=\"no\"><\/iframe><\/p>\n<hr \/>\n<h2>Se voc\u00ea gostou deste post:<\/h2>\n<ul>\n<li>SIGA as nossas p\u00e1ginas nas redes sociais para acompanhar as nossas atualiza\u00e7\u00f5es: estamos no <a href=\"https:\/\/www.facebook.com\/sabrabrasil\" target=\"_blank\" rel=\"noopener\">Facebook<\/a>, no <a href=\"https:\/\/www.instagram.com\/sabrabrasil\/\" target=\"_blank\" rel=\"noopener\">Instagram<\/a>, no <a href=\"https:\/\/www.linkedin.com\/company\/25002088\" target=\"_blank\" rel=\"noopener\">LinkedIn<\/a>, no <a href=\"https:\/\/twitter.com\/ContatoSabra\" target=\"_blank\" rel=\"noopener\">Twitter<\/a> e no <a href=\"https:\/\/www.youtube.com\/channel\/UCJw-kbuEvzUNdeQf20Pa-eQ\" target=\"_blank\" rel=\"noopener\">YouTube<\/a>!<\/li>\n<li>CONHE\u00c7A o trabalho da Sociedade Art\u00edstica Brasileira (SABRA) e todas as iniciativas culturais e sociais que ela mant\u00e9m. <a href=\"https:\/\/www.sabra.org.br\/site\/acoes\/\" target=\"_blank\" rel=\"noopener\">Acesse nosso site!<\/a><\/li>\n<li>ENTRE EM CONTATO com a gente. E veja quais s\u00e3o as op\u00e7\u00f5es de ajuda na manuten\u00e7\u00e3o de nossas a\u00e7\u00f5es sociais e culturais. Basta acessar nossa p\u00e1gina <a href=\"https:\/\/www.sabra.org.br\/site\/doe-agora\/\" target=\"_blank\" rel=\"noopener\">Doe Agora!<\/a><\/li>\n<li>COMPARTILHE este texto nas suas redes sociais e ajude os seus amigos a tamb\u00e9m dominarem o assunto!<\/li>\n<\/ul>\n<p>\u2013 Os projetos da @sabrabrasil s\u00e3o realizados com o patroci\u0301nio m\u00e1ster: @institutounimedbh, viabilizado pelo incentivo de mais de 5,3 mil m\u00e9dicos cooperados e colaboradores via Lei de Incentivo \u00e0 Cultura &#8211; @culturagovbr<\/p>\n<blockquote class=\"wp-embedded-content\" data-secret=\"CMQh1NRnS5\"><p><a href=\"https:\/\/www.sabra.org.br\/site\/musica-eletronica\/\">M\u00fasica eletr\u00f4nica: Porque esse estilo foi abra\u00e7ado pelos jovens<\/a><\/p><\/blockquote>\n<p><iframe class=\"wp-embedded-content\" sandbox=\"allow-scripts\" security=\"restricted\" style=\"position: absolute; visibility: hidden;\" title=\"&#8220;M\u00fasica eletr\u00f4nica: Porque esse estilo foi abra\u00e7ado pelos jovens&#8221; &#8212; SABRA - Sociedade Art\u00edstica Brasileira\" src=\"https:\/\/www.sabra.org.br\/site\/musica-eletronica\/embed\/#?secret=9t1VhVH1H9#?secret=CMQh1NRnS5\" data-secret=\"CMQh1NRnS5\" width=\"600\" height=\"338\" frameborder=\"0\" marginwidth=\"0\" marginheight=\"0\" scrolling=\"no\"><\/iframe><\/p>\n<p>Texto por: <a href=\"https:\/\/redaweb.com.br\/conteudo\/marketing-digital\">RedaWeb &#8211; Marketing Digital<\/a><\/p>\n","protected":false},"excerpt":{"rendered":"<p>Eletr\u00f4nica na Moda: A Sinergia entre Sintetizadores e Passarelas<\/p>\n<p>Descubra como a m\u00fasica eletr\u00f4nica, com suas batidas cativantes e diversidade sonora, inspirou uma revolu\u00e7\u00e3o na moda, levando \u00e0 cria\u00e7\u00e3o do estilo clubber, uma celebra\u00e7\u00e3o da liberdade, individualidade e criatividade.<\/p>\n","protected":false},"author":39,"featured_media":9115,"comment_status":"closed","ping_status":"closed","sticky":false,"template":"","format":"standard","meta":{"jetpack_post_was_ever_published":false,"_jetpack_newsletter_access":"","_jetpack_dont_email_post_to_subs":false,"_jetpack_newsletter_tier_id":0,"_jetpack_memberships_contains_paywalled_content":false,"_jetpack_memberships_contains_paid_content":false,"footnotes":""},"categories":[1],"tags":[15,2757,3626,3623,8,3629,1285,3628,16,3519,1286,11,3622,9],"class_list":["post-9114","post","type-post","status-publish","format-standard","has-post-thumbnail","hentry","category-blog-sabra","tag-assistencia-social","tag-belo-horizonte","tag-cabo-frio","tag-campos-dos-goytacazes","tag-canto-coral","tag-contagem","tag-escola-de-musica-sabra","tag-ibirite","tag-musicalizacao-infantil","tag-nova-lima-2","tag-orquestra-infanto-juvenil-de-betim","tag-orquestra-sinfonica-de-betim","tag-raposos","tag-sociedade-artistica-brasileira"],"yoast_head":"<!-- This site is optimized with the Yoast SEO plugin v27.5 - https:\/\/yoast.com\/product\/yoast-seo-wordpress\/ -->\n<title>Eletr\u00f4nica na Moda: A Sinergia entre Sintetizadores e Passarelas - SABRA - Sociedade Art\u00edstica Brasileira<\/title>\n<meta name=\"description\" content=\"Descubra a conex\u00e3o entre m\u00fasica eletr\u00f4nica e moda clubber e entenda como marcas famosas est\u00e3o incorporando esse estilo \u00fanico nas passarelas.\" \/>\n<meta name=\"robots\" content=\"index, follow, max-snippet:-1, max-image-preview:large, max-video-preview:-1\" \/>\n<link rel=\"canonical\" href=\"https:\/\/www.sabra.org.br\/site\/eletronica-moda\/\" \/>\n<meta property=\"og:locale\" content=\"pt_BR\" \/>\n<meta property=\"og:type\" content=\"article\" \/>\n<meta property=\"og:title\" content=\"Eletr\u00f4nica na Moda: A Sinergia entre Sintetizadores e Passarelas - SABRA - Sociedade Art\u00edstica Brasileira\" \/>\n<meta property=\"og:description\" content=\"Descubra a conex\u00e3o entre m\u00fasica eletr\u00f4nica e moda clubber e entenda como marcas famosas est\u00e3o incorporando esse estilo \u00fanico nas passarelas.\" \/>\n<meta property=\"og:url\" content=\"https:\/\/www.sabra.org.br\/site\/eletronica-moda\/\" \/>\n<meta property=\"og:site_name\" content=\"SABRA - Sociedade Art\u00edstica Brasileira\" \/>\n<meta property=\"article:publisher\" content=\"https:\/\/www.facebook.com\/sabrabrasil\" \/>\n<meta property=\"article:published_time\" content=\"2024-03-22T08:43:41+00:00\" \/>\n<meta property=\"article:modified_time\" content=\"2025-04-18T12:45:50+00:00\" \/>\n<meta property=\"og:image\" content=\"https:\/\/www.sabra.org.br\/site\/wp-content\/uploads\/2024\/03\/ritmo-e-estetica-a-trajetoria-da-musica-eletronica-e-sua-relacao-com-a-industria-da-modajpg-20240130121258.jpg-jpg.webp\" \/>\n\t<meta property=\"og:image:width\" content=\"800\" \/>\n\t<meta property=\"og:image:height\" content=\"533\" \/>\n\t<meta property=\"og:image:type\" content=\"image\/jpeg\" \/>\n<meta name=\"author\" content=\"M\u00e1rcio Miranda Pontes\" \/>\n<meta name=\"twitter:card\" content=\"summary_large_image\" \/>\n<meta name=\"twitter:creator\" content=\"@ContatoSabra\" \/>\n<meta name=\"twitter:site\" content=\"@ContatoSabra\" \/>\n<meta name=\"twitter:label1\" content=\"Escrito por\" \/>\n\t<meta name=\"twitter:data1\" content=\"M\u00e1rcio Miranda Pontes\" \/>\n\t<meta name=\"twitter:label2\" content=\"Est. tempo de leitura\" \/>\n\t<meta name=\"twitter:data2\" content=\"4 minutos\" \/>\n<script type=\"application\/ld+json\" class=\"yoast-schema-graph\">{\"@context\":\"https:\\\/\\\/schema.org\",\"@graph\":[{\"@type\":\"Article\",\"@id\":\"https:\\\/\\\/www.sabra.org.br\\\/site\\\/eletronica-moda\\\/#article\",\"isPartOf\":{\"@id\":\"https:\\\/\\\/www.sabra.org.br\\\/site\\\/eletronica-moda\\\/\"},\"author\":{\"name\":\"M\u00e1rcio Miranda Pontes\",\"@id\":\"https:\\\/\\\/www.sabra.org.br\\\/site\\\/#\\\/schema\\\/person\\\/7d1d222c3c8891d4c37c7b41bf6315c2\"},\"headline\":\"Eletr\u00f4nica na Moda: A Sinergia entre Sintetizadores e Passarelas\",\"datePublished\":\"2024-03-22T08:43:41+00:00\",\"dateModified\":\"2025-04-18T12:45:50+00:00\",\"mainEntityOfPage\":{\"@id\":\"https:\\\/\\\/www.sabra.org.br\\\/site\\\/eletronica-moda\\\/\"},\"wordCount\":780,\"publisher\":{\"@id\":\"https:\\\/\\\/www.sabra.org.br\\\/site\\\/#organization\"},\"image\":{\"@id\":\"https:\\\/\\\/www.sabra.org.br\\\/site\\\/eletronica-moda\\\/#primaryimage\"},\"thumbnailUrl\":\"https:\\\/\\\/www.sabra.org.br\\\/site\\\/wp-content\\\/uploads\\\/2024\\\/03\\\/ritmo-e-estetica-a-trajetoria-da-musica-eletronica-e-sua-relacao-com-a-industria-da-modajpg-20240130121258.jpg-jpg.webp\",\"keywords\":[\"Assist\u00eancia social\",\"Belo Horizonte\",\"Cabo Frio\",\"Campos dos Goytacazes\",\"Canto Coral\",\"Contagem\",\"Escola de Musica SABRA\",\"Ibirit\u00e9\",\"Musicaliza\u00e7\u00e3o Infantil\",\"nova lima\",\"Orquestra Infanto Juvenil de Betim\",\"Orquestra Sinf\u00f4nica de Betim\",\"Raposos\",\"Sociedade Art\u00edstica Brasileira\"],\"articleSection\":[\"Blog SABRA\"],\"inLanguage\":\"pt-BR\"},{\"@type\":\"WebPage\",\"@id\":\"https:\\\/\\\/www.sabra.org.br\\\/site\\\/eletronica-moda\\\/\",\"url\":\"https:\\\/\\\/www.sabra.org.br\\\/site\\\/eletronica-moda\\\/\",\"name\":\"Eletr\u00f4nica na Moda: A Sinergia entre Sintetizadores e Passarelas - SABRA - Sociedade Art\u00edstica Brasileira\",\"isPartOf\":{\"@id\":\"https:\\\/\\\/www.sabra.org.br\\\/site\\\/#website\"},\"primaryImageOfPage\":{\"@id\":\"https:\\\/\\\/www.sabra.org.br\\\/site\\\/eletronica-moda\\\/#primaryimage\"},\"image\":{\"@id\":\"https:\\\/\\\/www.sabra.org.br\\\/site\\\/eletronica-moda\\\/#primaryimage\"},\"thumbnailUrl\":\"https:\\\/\\\/www.sabra.org.br\\\/site\\\/wp-content\\\/uploads\\\/2024\\\/03\\\/ritmo-e-estetica-a-trajetoria-da-musica-eletronica-e-sua-relacao-com-a-industria-da-modajpg-20240130121258.jpg-jpg.webp\",\"datePublished\":\"2024-03-22T08:43:41+00:00\",\"dateModified\":\"2025-04-18T12:45:50+00:00\",\"description\":\"Descubra a conex\u00e3o entre m\u00fasica eletr\u00f4nica e moda clubber e entenda como marcas famosas est\u00e3o incorporando esse estilo \u00fanico nas passarelas.\",\"breadcrumb\":{\"@id\":\"https:\\\/\\\/www.sabra.org.br\\\/site\\\/eletronica-moda\\\/#breadcrumb\"},\"inLanguage\":\"pt-BR\",\"potentialAction\":[{\"@type\":\"ReadAction\",\"target\":[\"https:\\\/\\\/www.sabra.org.br\\\/site\\\/eletronica-moda\\\/\"]}]},{\"@type\":\"ImageObject\",\"inLanguage\":\"pt-BR\",\"@id\":\"https:\\\/\\\/www.sabra.org.br\\\/site\\\/eletronica-moda\\\/#primaryimage\",\"url\":\"https:\\\/\\\/www.sabra.org.br\\\/site\\\/wp-content\\\/uploads\\\/2024\\\/03\\\/ritmo-e-estetica-a-trajetoria-da-musica-eletronica-e-sua-relacao-com-a-industria-da-modajpg-20240130121258.jpg-jpg.webp\",\"contentUrl\":\"https:\\\/\\\/www.sabra.org.br\\\/site\\\/wp-content\\\/uploads\\\/2024\\\/03\\\/ritmo-e-estetica-a-trajetoria-da-musica-eletronica-e-sua-relacao-com-a-industria-da-modajpg-20240130121258.jpg-jpg.webp\",\"width\":800,\"height\":533,\"caption\":\"Sociedade Art\u00edstica Brasileira SABRA\"},{\"@type\":\"BreadcrumbList\",\"@id\":\"https:\\\/\\\/www.sabra.org.br\\\/site\\\/eletronica-moda\\\/#breadcrumb\",\"itemListElement\":[{\"@type\":\"ListItem\",\"position\":1,\"name\":\"In\u00edcio\",\"item\":\"https:\\\/\\\/www.sabra.org.br\\\/site\\\/\"},{\"@type\":\"ListItem\",\"position\":2,\"name\":\"Eletr\u00f4nica na Moda: A Sinergia entre Sintetizadores e Passarelas\"}]},{\"@type\":\"WebSite\",\"@id\":\"https:\\\/\\\/www.sabra.org.br\\\/site\\\/#website\",\"url\":\"https:\\\/\\\/www.sabra.org.br\\\/site\\\/\",\"name\":\"SABRA - Sociedade Art\u00edstica Brasileira\",\"description\":\"Escola de M\u00fasica, Orquestra Sinf\u00f4nica, Coral e Patrim\u00f4nio Cultural e Hist\u00f3rico\",\"publisher\":{\"@id\":\"https:\\\/\\\/www.sabra.org.br\\\/site\\\/#organization\"},\"potentialAction\":[{\"@type\":\"SearchAction\",\"target\":{\"@type\":\"EntryPoint\",\"urlTemplate\":\"https:\\\/\\\/www.sabra.org.br\\\/site\\\/?s={search_term_string}\"},\"query-input\":{\"@type\":\"PropertyValueSpecification\",\"valueRequired\":true,\"valueName\":\"search_term_string\"}}],\"inLanguage\":\"pt-BR\"},{\"@type\":\"Organization\",\"@id\":\"https:\\\/\\\/www.sabra.org.br\\\/site\\\/#organization\",\"name\":\"SOCIEDADE ART\u00cdSTICA BRASILEIRA SABRA\",\"alternateName\":\"SABRA\",\"url\":\"https:\\\/\\\/www.sabra.org.br\\\/site\\\/\",\"logo\":{\"@type\":\"ImageObject\",\"inLanguage\":\"pt-BR\",\"@id\":\"https:\\\/\\\/www.sabra.org.br\\\/site\\\/#\\\/schema\\\/logo\\\/image\\\/\",\"url\":\"https:\\\/\\\/www.sabra.org.br\\\/site\\\/wp-content\\\/uploads\\\/2019\\\/06\\\/cropped-Logo_SABRA-Copia-1.webp\",\"contentUrl\":\"https:\\\/\\\/www.sabra.org.br\\\/site\\\/wp-content\\\/uploads\\\/2019\\\/06\\\/cropped-Logo_SABRA-Copia-1.webp\",\"width\":400,\"height\":128,\"caption\":\"SOCIEDADE ART\u00cdSTICA BRASILEIRA SABRA\"},\"image\":{\"@id\":\"https:\\\/\\\/www.sabra.org.br\\\/site\\\/#\\\/schema\\\/logo\\\/image\\\/\"},\"sameAs\":[\"https:\\\/\\\/www.facebook.com\\\/sabrabrasil\",\"https:\\\/\\\/x.com\\\/ContatoSabra\",\"https:\\\/\\\/www.instagram.com\\\/sabrabrasil\\\/\",\"https:\\\/\\\/www.linkedin.com\\\/company\\\/25002088\\\/\",\"https:\\\/\\\/br.pinterest.com\\\/sociedadeartisticabrasileira\\\/\",\"https:\\\/\\\/www.youtube.com\\\/c\\\/sabrabrasil\"]},{\"@type\":\"Person\",\"@id\":\"https:\\\/\\\/www.sabra.org.br\\\/site\\\/#\\\/schema\\\/person\\\/7d1d222c3c8891d4c37c7b41bf6315c2\",\"name\":\"M\u00e1rcio Miranda Pontes\",\"image\":{\"@type\":\"ImageObject\",\"inLanguage\":\"pt-BR\",\"@id\":\"https:\\\/\\\/secure.gravatar.com\\\/avatar\\\/3b45f24496a7625a3a6c436688fbe20344faaeb2979658dc4a9921f984d7df9a?s=96&d=mm&r=g\",\"url\":\"https:\\\/\\\/secure.gravatar.com\\\/avatar\\\/3b45f24496a7625a3a6c436688fbe20344faaeb2979658dc4a9921f984d7df9a?s=96&d=mm&r=g\",\"contentUrl\":\"https:\\\/\\\/secure.gravatar.com\\\/avatar\\\/3b45f24496a7625a3a6c436688fbe20344faaeb2979658dc4a9921f984d7df9a?s=96&d=mm&r=g\",\"caption\":\"M\u00e1rcio Miranda Pontes\"},\"sameAs\":[\"http:\\\/\\\/www.sabra.org.br\"],\"url\":\"https:\\\/\\\/www.sabra.org.br\\\/site\\\/author\\\/marcio-miranda-pontes\\\/\"}]}<\/script>\n<!-- \/ Yoast SEO plugin. -->","yoast_head_json":{"title":"Eletr\u00f4nica na Moda: A Sinergia entre Sintetizadores e Passarelas - SABRA - Sociedade Art\u00edstica Brasileira","description":"Descubra a conex\u00e3o entre m\u00fasica eletr\u00f4nica e moda clubber e entenda como marcas famosas est\u00e3o incorporando esse estilo \u00fanico nas passarelas.","robots":{"index":"index","follow":"follow","max-snippet":"max-snippet:-1","max-image-preview":"max-image-preview:large","max-video-preview":"max-video-preview:-1"},"canonical":"https:\/\/www.sabra.org.br\/site\/eletronica-moda\/","og_locale":"pt_BR","og_type":"article","og_title":"Eletr\u00f4nica na Moda: A Sinergia entre Sintetizadores e Passarelas - SABRA - Sociedade Art\u00edstica Brasileira","og_description":"Descubra a conex\u00e3o entre m\u00fasica eletr\u00f4nica e moda clubber e entenda como marcas famosas est\u00e3o incorporando esse estilo \u00fanico nas passarelas.","og_url":"https:\/\/www.sabra.org.br\/site\/eletronica-moda\/","og_site_name":"SABRA - Sociedade Art\u00edstica Brasileira","article_publisher":"https:\/\/www.facebook.com\/sabrabrasil","article_published_time":"2024-03-22T08:43:41+00:00","article_modified_time":"2025-04-18T12:45:50+00:00","og_image":[{"width":800,"height":533,"url":"https:\/\/www.sabra.org.br\/site\/wp-content\/uploads\/2024\/03\/ritmo-e-estetica-a-trajetoria-da-musica-eletronica-e-sua-relacao-com-a-industria-da-modajpg-20240130121258.jpg-jpg.webp","type":"image\/jpeg"}],"author":"M\u00e1rcio Miranda Pontes","twitter_card":"summary_large_image","twitter_creator":"@ContatoSabra","twitter_site":"@ContatoSabra","twitter_misc":{"Escrito por":"M\u00e1rcio Miranda Pontes","Est. tempo de leitura":"4 minutos"},"schema":{"@context":"https:\/\/schema.org","@graph":[{"@type":"Article","@id":"https:\/\/www.sabra.org.br\/site\/eletronica-moda\/#article","isPartOf":{"@id":"https:\/\/www.sabra.org.br\/site\/eletronica-moda\/"},"author":{"name":"M\u00e1rcio Miranda Pontes","@id":"https:\/\/www.sabra.org.br\/site\/#\/schema\/person\/7d1d222c3c8891d4c37c7b41bf6315c2"},"headline":"Eletr\u00f4nica na Moda: A Sinergia entre Sintetizadores e Passarelas","datePublished":"2024-03-22T08:43:41+00:00","dateModified":"2025-04-18T12:45:50+00:00","mainEntityOfPage":{"@id":"https:\/\/www.sabra.org.br\/site\/eletronica-moda\/"},"wordCount":780,"publisher":{"@id":"https:\/\/www.sabra.org.br\/site\/#organization"},"image":{"@id":"https:\/\/www.sabra.org.br\/site\/eletronica-moda\/#primaryimage"},"thumbnailUrl":"https:\/\/www.sabra.org.br\/site\/wp-content\/uploads\/2024\/03\/ritmo-e-estetica-a-trajetoria-da-musica-eletronica-e-sua-relacao-com-a-industria-da-modajpg-20240130121258.jpg-jpg.webp","keywords":["Assist\u00eancia social","Belo Horizonte","Cabo Frio","Campos dos Goytacazes","Canto Coral","Contagem","Escola de Musica SABRA","Ibirit\u00e9","Musicaliza\u00e7\u00e3o Infantil","nova lima","Orquestra Infanto Juvenil de Betim","Orquestra Sinf\u00f4nica de Betim","Raposos","Sociedade Art\u00edstica Brasileira"],"articleSection":["Blog SABRA"],"inLanguage":"pt-BR"},{"@type":"WebPage","@id":"https:\/\/www.sabra.org.br\/site\/eletronica-moda\/","url":"https:\/\/www.sabra.org.br\/site\/eletronica-moda\/","name":"Eletr\u00f4nica na Moda: A Sinergia entre Sintetizadores e Passarelas - SABRA - Sociedade Art\u00edstica Brasileira","isPartOf":{"@id":"https:\/\/www.sabra.org.br\/site\/#website"},"primaryImageOfPage":{"@id":"https:\/\/www.sabra.org.br\/site\/eletronica-moda\/#primaryimage"},"image":{"@id":"https:\/\/www.sabra.org.br\/site\/eletronica-moda\/#primaryimage"},"thumbnailUrl":"https:\/\/www.sabra.org.br\/site\/wp-content\/uploads\/2024\/03\/ritmo-e-estetica-a-trajetoria-da-musica-eletronica-e-sua-relacao-com-a-industria-da-modajpg-20240130121258.jpg-jpg.webp","datePublished":"2024-03-22T08:43:41+00:00","dateModified":"2025-04-18T12:45:50+00:00","description":"Descubra a conex\u00e3o entre m\u00fasica eletr\u00f4nica e moda clubber e entenda como marcas famosas est\u00e3o incorporando esse estilo \u00fanico nas passarelas.","breadcrumb":{"@id":"https:\/\/www.sabra.org.br\/site\/eletronica-moda\/#breadcrumb"},"inLanguage":"pt-BR","potentialAction":[{"@type":"ReadAction","target":["https:\/\/www.sabra.org.br\/site\/eletronica-moda\/"]}]},{"@type":"ImageObject","inLanguage":"pt-BR","@id":"https:\/\/www.sabra.org.br\/site\/eletronica-moda\/#primaryimage","url":"https:\/\/www.sabra.org.br\/site\/wp-content\/uploads\/2024\/03\/ritmo-e-estetica-a-trajetoria-da-musica-eletronica-e-sua-relacao-com-a-industria-da-modajpg-20240130121258.jpg-jpg.webp","contentUrl":"https:\/\/www.sabra.org.br\/site\/wp-content\/uploads\/2024\/03\/ritmo-e-estetica-a-trajetoria-da-musica-eletronica-e-sua-relacao-com-a-industria-da-modajpg-20240130121258.jpg-jpg.webp","width":800,"height":533,"caption":"Sociedade Art\u00edstica Brasileira SABRA"},{"@type":"BreadcrumbList","@id":"https:\/\/www.sabra.org.br\/site\/eletronica-moda\/#breadcrumb","itemListElement":[{"@type":"ListItem","position":1,"name":"In\u00edcio","item":"https:\/\/www.sabra.org.br\/site\/"},{"@type":"ListItem","position":2,"name":"Eletr\u00f4nica na Moda: A Sinergia entre Sintetizadores e Passarelas"}]},{"@type":"WebSite","@id":"https:\/\/www.sabra.org.br\/site\/#website","url":"https:\/\/www.sabra.org.br\/site\/","name":"SABRA - Sociedade Art\u00edstica Brasileira","description":"Escola de M\u00fasica, Orquestra Sinf\u00f4nica, Coral e Patrim\u00f4nio Cultural e Hist\u00f3rico","publisher":{"@id":"https:\/\/www.sabra.org.br\/site\/#organization"},"potentialAction":[{"@type":"SearchAction","target":{"@type":"EntryPoint","urlTemplate":"https:\/\/www.sabra.org.br\/site\/?s={search_term_string}"},"query-input":{"@type":"PropertyValueSpecification","valueRequired":true,"valueName":"search_term_string"}}],"inLanguage":"pt-BR"},{"@type":"Organization","@id":"https:\/\/www.sabra.org.br\/site\/#organization","name":"SOCIEDADE ART\u00cdSTICA BRASILEIRA SABRA","alternateName":"SABRA","url":"https:\/\/www.sabra.org.br\/site\/","logo":{"@type":"ImageObject","inLanguage":"pt-BR","@id":"https:\/\/www.sabra.org.br\/site\/#\/schema\/logo\/image\/","url":"https:\/\/www.sabra.org.br\/site\/wp-content\/uploads\/2019\/06\/cropped-Logo_SABRA-Copia-1.webp","contentUrl":"https:\/\/www.sabra.org.br\/site\/wp-content\/uploads\/2019\/06\/cropped-Logo_SABRA-Copia-1.webp","width":400,"height":128,"caption":"SOCIEDADE ART\u00cdSTICA BRASILEIRA SABRA"},"image":{"@id":"https:\/\/www.sabra.org.br\/site\/#\/schema\/logo\/image\/"},"sameAs":["https:\/\/www.facebook.com\/sabrabrasil","https:\/\/x.com\/ContatoSabra","https:\/\/www.instagram.com\/sabrabrasil\/","https:\/\/www.linkedin.com\/company\/25002088\/","https:\/\/br.pinterest.com\/sociedadeartisticabrasileira\/","https:\/\/www.youtube.com\/c\/sabrabrasil"]},{"@type":"Person","@id":"https:\/\/www.sabra.org.br\/site\/#\/schema\/person\/7d1d222c3c8891d4c37c7b41bf6315c2","name":"M\u00e1rcio Miranda Pontes","image":{"@type":"ImageObject","inLanguage":"pt-BR","@id":"https:\/\/secure.gravatar.com\/avatar\/3b45f24496a7625a3a6c436688fbe20344faaeb2979658dc4a9921f984d7df9a?s=96&d=mm&r=g","url":"https:\/\/secure.gravatar.com\/avatar\/3b45f24496a7625a3a6c436688fbe20344faaeb2979658dc4a9921f984d7df9a?s=96&d=mm&r=g","contentUrl":"https:\/\/secure.gravatar.com\/avatar\/3b45f24496a7625a3a6c436688fbe20344faaeb2979658dc4a9921f984d7df9a?s=96&d=mm&r=g","caption":"M\u00e1rcio Miranda Pontes"},"sameAs":["http:\/\/www.sabra.org.br"],"url":"https:\/\/www.sabra.org.br\/site\/author\/marcio-miranda-pontes\/"}]}},"jetpack_featured_media_url":"https:\/\/www.sabra.org.br\/site\/wp-content\/uploads\/2024\/03\/ritmo-e-estetica-a-trajetoria-da-musica-eletronica-e-sua-relacao-com-a-industria-da-modajpg-20240130121258.jpg-jpg.webp","jetpack_shortlink":"https:\/\/wp.me\/p95j2Z-2n0","jetpack-related-posts":[{"id":3681,"url":"https:\/\/www.sabra.org.br\/site\/musica-eletronica\/","url_meta":{"origin":9114,"position":0},"title":"M\u00fasica eletr\u00f4nica: Porque esse estilo foi abra\u00e7ado pelos jovens","author":"M\u00e1rcio Miranda Pontes","date":"9 de fevereiro de 2021","format":false,"excerpt":"Estilo musical que faz parte da rotina dos jovens e domina a vida noturna em v\u00e1rias partes do mundo, a m\u00fasica eletr\u00f4nica \u00e9 um som criado ou modificado atrav\u00e9s de instrumentos eletr\u00f4nicos e equipamentos espec\u00edficos baseados em recursos digitais. Esse tipo de som se baseia atualmente em uma fuga da\u2026","rel":"","context":"Em &quot;Blog SABRA&quot;","block_context":{"text":"Blog SABRA","link":"https:\/\/www.sabra.org.br\/site\/category\/blog-sabra\/"},"img":{"alt_text":"m\u00fasica eletr\u00f4nica","src":"https:\/\/i0.wp.com\/www.sabra.org.br\/site\/wp-content\/uploads\/2021\/02\/musica-eletronica-porque-esse-estilo-foi-abracado-pelos-jovens-20210125102928.jpg.jpg?resize=350%2C200&ssl=1","width":350,"height":200,"srcset":"https:\/\/i0.wp.com\/www.sabra.org.br\/site\/wp-content\/uploads\/2021\/02\/musica-eletronica-porque-esse-estilo-foi-abracado-pelos-jovens-20210125102928.jpg.jpg?resize=350%2C200&ssl=1 1x, https:\/\/i0.wp.com\/www.sabra.org.br\/site\/wp-content\/uploads\/2021\/02\/musica-eletronica-porque-esse-estilo-foi-abracado-pelos-jovens-20210125102928.jpg.jpg?resize=525%2C300&ssl=1 1.5x, https:\/\/i0.wp.com\/www.sabra.org.br\/site\/wp-content\/uploads\/2021\/02\/musica-eletronica-porque-esse-estilo-foi-abracado-pelos-jovens-20210125102928.jpg.jpg?resize=700%2C400&ssl=1 2x"},"classes":[]},{"id":9144,"url":"https:\/\/www.sabra.org.br\/site\/generos-edm-trap\/","url_meta":{"origin":9114,"position":1},"title":"EDM e trap: A ascens\u00e3o de novos g\u00eaneros musicais","author":"M\u00e1rcio Miranda Pontes","date":"26 de mar\u00e7o de 2024","format":false,"excerpt":"Descubra a eletrizante jornada musical dos g\u00eaneros EDM e Trap! Explore suas origens, caracter\u00edsticas \u00fanicas e o impacto global que est\u00e3o causando na cena musical contempor\u00e2nea. Uma viagem sonora que transcende fronteiras e gera\u00e7\u00f5es.","rel":"","context":"Em &quot;Blog SABRA&quot;","block_context":{"text":"Blog SABRA","link":"https:\/\/www.sabra.org.br\/site\/category\/blog-sabra\/"},"img":{"alt_text":"sabra-m\u00fasica-EMD-g\u00eaneros-trap-eletr\u00f4nicas-cultura-music-sociais-artistas","src":"https:\/\/i0.wp.com\/www.sabra.org.br\/site\/wp-content\/uploads\/2024\/03\/a-ascensao-de-novos-generos-musicais-como-o-edm-e-o-trapjpg-20240130121258.jpg-jpg.webp?resize=350%2C200&ssl=1","width":350,"height":200,"srcset":"https:\/\/i0.wp.com\/www.sabra.org.br\/site\/wp-content\/uploads\/2024\/03\/a-ascensao-de-novos-generos-musicais-como-o-edm-e-o-trapjpg-20240130121258.jpg-jpg.webp?resize=350%2C200&ssl=1 1x, https:\/\/i0.wp.com\/www.sabra.org.br\/site\/wp-content\/uploads\/2024\/03\/a-ascensao-de-novos-generos-musicais-como-o-edm-e-o-trapjpg-20240130121258.jpg-jpg.webp?resize=525%2C300&ssl=1 1.5x, https:\/\/i0.wp.com\/www.sabra.org.br\/site\/wp-content\/uploads\/2024\/03\/a-ascensao-de-novos-generos-musicais-como-o-edm-e-o-trapjpg-20240130121258.jpg-jpg.webp?resize=700%2C400&ssl=1 2x"},"classes":[]},{"id":13047,"url":"https:\/\/www.sabra.org.br\/site\/entendendo-a-importancia-dos-arranjos-orquestrais-na-musica-moderna\/","url_meta":{"origin":9114,"position":2},"title":"Entendendo a import\u00e2ncia dos arranjos orquestrais na m\u00fasica moderna","author":"","date":"22 de agosto de 2025","format":false,"excerpt":"Os arranjos orquestrais desempenham um papel fundamental na m\u00fasica moderna, acrescentando profundidade, textura e complexidade a diferentes g\u00eaneros musicais. Embora a orquestra seja tradicionalmente associada \u00e0 m\u00fasica cl\u00e1ssica, sua integra\u00e7\u00e3o em estilos contempor\u00e2neos, como o pop, rock, eletr\u00f4nico e at\u00e9 hip-hop, tem redefinido a maneira como a m\u00fasica \u00e9 produzida\u2026","rel":"","context":"Em &quot;Blog SABRA&quot;","block_context":{"text":"Blog SABRA","link":"https:\/\/www.sabra.org.br\/site\/category\/blog-sabra\/"},"img":{"alt_text":"","src":"","width":0,"height":0},"classes":[]},{"id":13400,"url":"https:\/\/www.sabra.org.br\/site\/eletronico-estilo\/","url_meta":{"origin":9114,"position":3},"title":"Eletr\u00f4nico \u00e9 considerado um estilo musical?","author":"M\u00e1rcio Miranda Pontes","date":"9 de junho de 2025","format":false,"excerpt":"Conhe\u00e7a o eletr\u00f4nico, sua hist\u00f3ria e como ele influencia a m\u00fasica popular de hoje, indo al\u00e9m de simples remixes.","rel":"","context":"Em &quot;Blog SABRA&quot;","block_context":{"text":"Blog SABRA","link":"https:\/\/www.sabra.org.br\/site\/category\/blog-sabra\/"},"img":{"alt_text":"","src":"","width":0,"height":0},"classes":[]},{"id":13238,"url":"https:\/\/www.sabra.org.br\/site\/entenda-como-os-instrumentos-musicais-sao-usados-em-generos-musicais-populares\/","url_meta":{"origin":9114,"position":4},"title":"Entenda como os instrumentos musicais s\u00e3o usados em g\u00eaneros musicais populares","author":"","date":"22 de agosto de 2025","format":false,"excerpt":"A m\u00fasica \u00e9 uma forma de express\u00e3o universal que desempenha um papel fundamental na cultura e na vida das pessoas em todo o mundo. Ela \u00e9 diversificada e se manifesta em uma infinidade de g\u00eaneros musicais, cada um com sua pr\u00f3pria identidade sonora e estilo \u00fanico. Um dos elementos mais\u2026","rel":"","context":"Em &quot;Blog SABRA&quot;","block_context":{"text":"Blog SABRA","link":"https:\/\/www.sabra.org.br\/site\/category\/blog-sabra\/"},"img":{"alt_text":"","src":"","width":0,"height":0},"classes":[]},{"id":4479,"url":"https:\/\/www.sabra.org.br\/site\/natal-2021\/","url_meta":{"origin":9114,"position":5},"title":"Feliz Natal e 2022 novo em folha","author":"M\u00e1rcio Miranda Pontes","date":"24 de dezembro de 2021","format":false,"excerpt":"Desejamos um *feliz e aben\u00e7oado Natal*. E que seu 2022 seja mais *leve,* mais *alegre,* mais *pr\u00f3spero,* mais *saud\u00e1vel* e *cercado das pessoas que voc\u00ea ama.* *Boas Festas!* Forte abra\u00e7o, Liliana, M\u00e1rcio Miranda Pontes e equipe *SABRA*","rel":"","context":"Em &quot;Not\u00edcias&quot;","block_context":{"text":"Not\u00edcias","link":"https:\/\/www.sabra.org.br\/site\/category\/noticias\/"},"img":{"alt_text":"natal-2022","src":"https:\/\/i0.wp.com\/www.sabra.org.br\/site\/wp-content\/uploads\/2021\/12\/2022.jpg?resize=350%2C200&ssl=1","width":350,"height":200,"srcset":"https:\/\/i0.wp.com\/www.sabra.org.br\/site\/wp-content\/uploads\/2021\/12\/2022.jpg?resize=350%2C200&ssl=1 1x, https:\/\/i0.wp.com\/www.sabra.org.br\/site\/wp-content\/uploads\/2021\/12\/2022.jpg?resize=525%2C300&ssl=1 1.5x, https:\/\/i0.wp.com\/www.sabra.org.br\/site\/wp-content\/uploads\/2021\/12\/2022.jpg?resize=700%2C400&ssl=1 2x, https:\/\/i0.wp.com\/www.sabra.org.br\/site\/wp-content\/uploads\/2021\/12\/2022.jpg?resize=1050%2C600&ssl=1 3x"},"classes":[]}],"jetpack_likes_enabled":true,"jetpack_sharing_enabled":true,"_links":{"self":[{"href":"https:\/\/www.sabra.org.br\/site\/wp-json\/wp\/v2\/posts\/9114","targetHints":{"allow":["GET"]}}],"collection":[{"href":"https:\/\/www.sabra.org.br\/site\/wp-json\/wp\/v2\/posts"}],"about":[{"href":"https:\/\/www.sabra.org.br\/site\/wp-json\/wp\/v2\/types\/post"}],"author":[{"embeddable":true,"href":"https:\/\/www.sabra.org.br\/site\/wp-json\/wp\/v2\/users\/39"}],"replies":[{"embeddable":true,"href":"https:\/\/www.sabra.org.br\/site\/wp-json\/wp\/v2\/comments?post=9114"}],"version-history":[{"count":0,"href":"https:\/\/www.sabra.org.br\/site\/wp-json\/wp\/v2\/posts\/9114\/revisions"}],"wp:featuredmedia":[{"embeddable":true,"href":"https:\/\/www.sabra.org.br\/site\/wp-json\/wp\/v2\/media\/9115"}],"wp:attachment":[{"href":"https:\/\/www.sabra.org.br\/site\/wp-json\/wp\/v2\/media?parent=9114"}],"wp:term":[{"taxonomy":"category","embeddable":true,"href":"https:\/\/www.sabra.org.br\/site\/wp-json\/wp\/v2\/categories?post=9114"},{"taxonomy":"post_tag","embeddable":true,"href":"https:\/\/www.sabra.org.br\/site\/wp-json\/wp\/v2\/tags?post=9114"}],"curies":[{"name":"wp","href":"https:\/\/api.w.org\/{rel}","templated":true}]}}