{"id":9211,"date":"2024-04-02T09:55:13","date_gmt":"2024-04-02T12:55:13","guid":{"rendered":"https:\/\/www.sabra.org.br\/site\/?p=9211"},"modified":"2025-04-18T09:38:04","modified_gmt":"2025-04-18T12:38:04","slug":"jovens-e-musica","status":"publish","type":"post","link":"https:\/\/www.sabra.org.br\/site\/jovens-e-musica\/","title":{"rendered":"Jovens e a Influ\u00eancia Transformadora da M\u00fasica"},"content":{"rendered":"<p>A m\u00fasica \u00e9 uma manifesta\u00e7\u00e3o art\u00edstica que tem desempenhado um papel significativo na forma\u00e7\u00e3o da identidade cultural dos jovens ao longo das gera\u00e7\u00f5es. Ela transcende fronteiras geogr\u00e1ficas e culturais, conectando-se com as experi\u00eancias individuais e coletivas dos jovens de todo o mundo. Neste texto, exploraremos como a m\u00fasica influencia a constru\u00e7\u00e3o da identidade cultural dos jovens, destacando sua capacidade de estabelecer trocas, experimentar, se relacionar, divertir-se, produzir, sonhar e, em \u00faltima inst\u00e2ncia, falar das identidades pessoais e dos diferentes modos de ser jovem.<\/p>\n<h2>A linguagem universal da m\u00fasica<\/h2>\n<p>A m\u00fasica \u00e9 uma linguagem universal que n\u00e3o conhece barreiras lingu\u00edsticas. Ela possui o poder de transcender diferen\u00e7as culturais, conectando-se diretamente aos sentimentos e emo\u00e7\u00f5es das pessoas. Os jovens, em particular, encontram na m\u00fasica uma maneira de se comunicar e se expressar, independentemente de onde estejam no mundo. Isso cria um senso de pertencimento a uma cultura global, onde a m\u00fasica serve como um elo comum.<\/p>\n<h2>Explorando a diversidade cultural<\/h2>\n<p>A m\u00fasica tamb\u00e9m desempenha um papel fundamental na explora\u00e7\u00e3o da diversidade cultural. Os jovens t\u00eam acesso a uma ampla variedade de g\u00eaneros musicais, instrumentos e tradi\u00e7\u00f5es de todo o mundo. Ao explorar essas diferentes formas de express\u00e3o musical, os jovens ampliam seus horizontes culturais e aprendem a apreciar as riquezas da diversidade humana. A m\u00fasica \u00e9 uma ponte que permite que os jovens mergulhem em culturas distintas e, assim, ampliem seus horizontes.<\/p>\n<h2>A m\u00fasica como forma de experimenta\u00e7\u00e3o<\/h2>\n<p>A m\u00fasica tamb\u00e9m serve como um meio de experimenta\u00e7\u00e3o para os jovens. Muitos deles se envolvem na cria\u00e7\u00e3o de m\u00fasicas, na composi\u00e7\u00e3o de letras e na produ\u00e7\u00e3o de suas pr\u00f3prias faixas. Isso n\u00e3o apenas estimula a criatividade, mas tamb\u00e9m permite que os jovens explorem diferentes aspectos de suas personalidades. Atrav\u00e9s da m\u00fasica, eles podem experimentar diferentes estilos e express\u00f5es, muitas vezes refletindo seus pr\u00f3prios processos de autodescoberta.<\/p>\n<h2>Rela\u00e7\u00f5es e conex\u00f5es por meio da m\u00fasica<\/h2>\n<p>A m\u00fasica desempenha um papel crucial na constru\u00e7\u00e3o de relacionamentos entre os jovens. Festivais, concertos e eventos musicais tornam-se espa\u00e7os de encontro, onde os jovens se conectam com outros que compartilham seus interesses musicais. Amizades s\u00e3o formadas, comunidades s\u00e3o estabelecidas e relacionamentos rom\u00e2nticos podem florescer a partir da paix\u00e3o compartilhada pela m\u00fasica. A m\u00fasica cria la\u00e7os que transcendem as diferen\u00e7as sociais e culturais, proporcionando uma sensa\u00e7\u00e3o de pertencimento.<\/p>\n<h2>Divers\u00e3o e escapismo<\/h2>\n<p>A m\u00fasica tamb\u00e9m oferece aos jovens uma forma de divers\u00e3o e escapismo. Em um mundo muitas vezes repleto de desafios e press\u00f5es, a m\u00fasica proporciona um ref\u00fagio onde os jovens podem se perder em suas melodias favoritas e esquecer temporariamente as preocupa\u00e7\u00f5es do dia a dia. Ela pode ser uma fonte de alegria, conforto e al\u00edvio do estresse, tornando-se uma parte vital da vida de muitos jovens.<\/p>\n<p>A influ\u00eancia da m\u00fasica na forma\u00e7\u00e3o da identidade cultural dos jovens \u00e9 ineg\u00e1vel. Ela proporciona uma maneira de se conectar com outras culturas, experimentar diferentes aspectos da personalidade, estabelecer relacionamentos significativos e expressar emo\u00e7\u00f5es profundas. A m\u00fasica n\u00e3o apenas reflete a identidade dos jovens, mas tamb\u00e9m a molda, permitindo-lhes explorar quem s\u00e3o e quem desejam ser em um mundo cada vez mais diversificado e globalizado.<\/p>\n<blockquote class=\"wp-embedded-content\" data-secret=\"nFzRxckxsa\"><p><a href=\"https:\/\/www.sabra.org.br\/site\/instituicao-social-e-sociedade\/\">Institui\u00e7\u00e3o social e sociedade<\/a><\/p><\/blockquote>\n<p><iframe class=\"wp-embedded-content\" sandbox=\"allow-scripts\" security=\"restricted\" style=\"position: absolute; visibility: hidden;\" title=\"&#8220;Institui\u00e7\u00e3o social e sociedade&#8221; &#8212; SABRA - Sociedade Art\u00edstica Brasileira\" src=\"https:\/\/www.sabra.org.br\/site\/instituicao-social-e-sociedade\/embed\/#?secret=rtke1UXq2W#?secret=nFzRxckxsa\" data-secret=\"nFzRxckxsa\" width=\"600\" height=\"338\" frameborder=\"0\" marginwidth=\"0\" marginheight=\"0\" scrolling=\"no\"><\/iframe><\/p>\n<hr \/>\n<h2>Se voc\u00ea gostou deste post:<\/h2>\n<ul>\n<li>SIGA as nossas p\u00e1ginas nas redes sociais para acompanhar as nossas atualiza\u00e7\u00f5es: estamos no <a href=\"https:\/\/www.facebook.com\/sabrabrasil\" target=\"_blank\" rel=\"noopener\">Facebook<\/a>, no <a href=\"https:\/\/www.instagram.com\/sabrabrasil\/\" target=\"_blank\" rel=\"noopener\">Instagram<\/a>, no <a href=\"https:\/\/www.linkedin.com\/company\/25002088\" target=\"_blank\" rel=\"noopener\">LinkedIn<\/a>, no <a href=\"https:\/\/twitter.com\/ContatoSabra\" target=\"_blank\" rel=\"noopener\">Twitter<\/a> e no <a href=\"https:\/\/www.youtube.com\/channel\/UCJw-kbuEvzUNdeQf20Pa-eQ\" target=\"_blank\" rel=\"noopener\">YouTube<\/a>!<\/li>\n<li>CONHE\u00c7A o trabalho da Sociedade Art\u00edstica Brasileira (SABRA) e todas as iniciativas culturais e sociais que ela mant\u00e9m. <a href=\"https:\/\/www.sabra.org.br\/site\/acoes\/\" target=\"_blank\" rel=\"noopener\">Acesse nosso site!<\/a><\/li>\n<li>ENTRE EM CONTATO com a gente. E veja quais s\u00e3o as op\u00e7\u00f5es de ajuda na manuten\u00e7\u00e3o de nossas a\u00e7\u00f5es sociais e culturais. Basta acessar nossa p\u00e1gina <a href=\"https:\/\/www.sabra.org.br\/site\/doe-agora\/\" target=\"_blank\" rel=\"noopener\">Doe Agora!<\/a><\/li>\n<li>COMPARTILHE este texto nas suas redes sociais e ajude os seus amigos a tamb\u00e9m dominarem o assunto!<\/li>\n<\/ul>\n<p>\u2013 Os projetos da @sabrabrasil s\u00e3o realizados com o patroci\u0301nio m\u00e1ster: @institutounimedbh, viabilizado pelo incentivo de mais de 5,3 mil m\u00e9dicos cooperados e colaboradores via Lei de Incentivo \u00e0 Cultura &#8211; @culturagovbr<\/p>\n<blockquote class=\"wp-embedded-content\" data-secret=\"631ojtojJ9\"><p><a href=\"https:\/\/www.sabra.org.br\/site\/projetos-sociais-contribuem-para-o-desenvolvimento-dos-jovens\/\">PROJETOS SOCIAIS E JUVENTUDE<\/a><\/p><\/blockquote>\n<p><iframe class=\"wp-embedded-content\" sandbox=\"allow-scripts\" security=\"restricted\" style=\"position: absolute; visibility: hidden;\" title=\"&#8220;PROJETOS SOCIAIS E JUVENTUDE&#8221; &#8212; SABRA - Sociedade Art\u00edstica Brasileira\" src=\"https:\/\/www.sabra.org.br\/site\/projetos-sociais-contribuem-para-o-desenvolvimento-dos-jovens\/embed\/#?secret=uYc260XT9p#?secret=631ojtojJ9\" data-secret=\"631ojtojJ9\" width=\"600\" height=\"338\" frameborder=\"0\" marginwidth=\"0\" marginheight=\"0\" scrolling=\"no\"><\/iframe><\/p>\n<p>Conte\u00fado por: <a href=\"https:\/\/redaweb.com.br\">Ag\u00eancia de Conte\u00fado RedaWeb<\/a><\/p>\n","protected":false},"excerpt":{"rendered":"<p>Explore como a m\u00fasica tem o poder de estabelecer trocas, experimentar, se relacionar e produzir identidades culturais entre os jovens.<\/p>\n","protected":false},"author":39,"featured_media":9212,"comment_status":"closed","ping_status":"closed","sticky":false,"template":"","format":"standard","meta":{"jetpack_post_was_ever_published":false,"_jetpack_newsletter_access":"","_jetpack_dont_email_post_to_subs":false,"_jetpack_newsletter_tier_id":0,"_jetpack_memberships_contains_paywalled_content":false,"_jetpack_memberships_contains_paid_content":false,"footnotes":""},"categories":[1],"tags":[15,2757,3626,3623,8,3629,1285,3628,16,3519,1286,11,3622,9],"class_list":["post-9211","post","type-post","status-publish","format-standard","has-post-thumbnail","hentry","category-blog-sabra","tag-assistencia-social","tag-belo-horizonte","tag-cabo-frio","tag-campos-dos-goytacazes","tag-canto-coral","tag-contagem","tag-escola-de-musica-sabra","tag-ibirite","tag-musicalizacao-infantil","tag-nova-lima-2","tag-orquestra-infanto-juvenil-de-betim","tag-orquestra-sinfonica-de-betim","tag-raposos","tag-sociedade-artistica-brasileira"],"yoast_head":"<!-- This site is optimized with the Yoast SEO plugin v27.5 - https:\/\/yoast.com\/product\/yoast-seo-wordpress\/ -->\n<title>Jovens e a Influ\u00eancia Transformadora da M\u00fasica - SABRA - Sociedade Art\u00edstica Brasileira<\/title>\n<meta name=\"description\" content=\"Explore como a m\u00fasica tem o poder de estabelecer trocas, experimentar, se relacionar e produzir identidades culturais entre os jovens.\" \/>\n<meta name=\"robots\" content=\"index, follow, max-snippet:-1, max-image-preview:large, max-video-preview:-1\" \/>\n<link rel=\"canonical\" href=\"https:\/\/www.sabra.org.br\/site\/jovens-e-musica\/\" \/>\n<meta property=\"og:locale\" content=\"pt_BR\" \/>\n<meta property=\"og:type\" content=\"article\" \/>\n<meta property=\"og:title\" content=\"Jovens e a Influ\u00eancia Transformadora da M\u00fasica - SABRA - Sociedade Art\u00edstica Brasileira\" \/>\n<meta property=\"og:description\" content=\"Explore como a m\u00fasica tem o poder de estabelecer trocas, experimentar, se relacionar e produzir identidades culturais entre os jovens.\" \/>\n<meta property=\"og:url\" content=\"https:\/\/www.sabra.org.br\/site\/jovens-e-musica\/\" \/>\n<meta property=\"og:site_name\" content=\"SABRA - Sociedade Art\u00edstica Brasileira\" \/>\n<meta property=\"article:publisher\" content=\"https:\/\/www.facebook.com\/sabrabrasil\" \/>\n<meta property=\"article:published_time\" content=\"2024-04-02T12:55:13+00:00\" \/>\n<meta property=\"article:modified_time\" content=\"2025-04-18T12:38:04+00:00\" \/>\n<meta property=\"og:image\" content=\"https:\/\/www.sabra.org.br\/site\/wp-content\/uploads\/2024\/04\/a-influencia-da-musica-na-formacao-da-identidade-cultural-dos-jovensjpg-20240130121258.jpg-jpg.webp\" \/>\n\t<meta property=\"og:image:width\" content=\"800\" \/>\n\t<meta property=\"og:image:height\" content=\"533\" \/>\n\t<meta property=\"og:image:type\" content=\"image\/jpeg\" \/>\n<meta name=\"author\" content=\"M\u00e1rcio Miranda Pontes\" \/>\n<meta name=\"twitter:card\" content=\"summary_large_image\" \/>\n<meta name=\"twitter:creator\" content=\"@ContatoSabra\" \/>\n<meta name=\"twitter:site\" content=\"@ContatoSabra\" \/>\n<meta name=\"twitter:label1\" content=\"Escrito por\" \/>\n\t<meta name=\"twitter:data1\" content=\"M\u00e1rcio Miranda Pontes\" \/>\n\t<meta name=\"twitter:label2\" content=\"Est. tempo de leitura\" \/>\n\t<meta name=\"twitter:data2\" content=\"4 minutos\" \/>\n<script type=\"application\/ld+json\" class=\"yoast-schema-graph\">{\"@context\":\"https:\\\/\\\/schema.org\",\"@graph\":[{\"@type\":\"Article\",\"@id\":\"https:\\\/\\\/www.sabra.org.br\\\/site\\\/jovens-e-musica\\\/#article\",\"isPartOf\":{\"@id\":\"https:\\\/\\\/www.sabra.org.br\\\/site\\\/jovens-e-musica\\\/\"},\"author\":{\"name\":\"M\u00e1rcio Miranda Pontes\",\"@id\":\"https:\\\/\\\/www.sabra.org.br\\\/site\\\/#\\\/schema\\\/person\\\/7d1d222c3c8891d4c37c7b41bf6315c2\"},\"headline\":\"Jovens e a Influ\u00eancia Transformadora da M\u00fasica\",\"datePublished\":\"2024-04-02T12:55:13+00:00\",\"dateModified\":\"2025-04-18T12:38:04+00:00\",\"mainEntityOfPage\":{\"@id\":\"https:\\\/\\\/www.sabra.org.br\\\/site\\\/jovens-e-musica\\\/\"},\"wordCount\":755,\"publisher\":{\"@id\":\"https:\\\/\\\/www.sabra.org.br\\\/site\\\/#organization\"},\"image\":{\"@id\":\"https:\\\/\\\/www.sabra.org.br\\\/site\\\/jovens-e-musica\\\/#primaryimage\"},\"thumbnailUrl\":\"https:\\\/\\\/www.sabra.org.br\\\/site\\\/wp-content\\\/uploads\\\/2024\\\/04\\\/a-influencia-da-musica-na-formacao-da-identidade-cultural-dos-jovensjpg-20240130121258.jpg-jpg.webp\",\"keywords\":[\"Assist\u00eancia social\",\"Belo Horizonte\",\"Cabo Frio\",\"Campos dos Goytacazes\",\"Canto Coral\",\"Contagem\",\"Escola de Musica SABRA\",\"Ibirit\u00e9\",\"Musicaliza\u00e7\u00e3o Infantil\",\"nova lima\",\"Orquestra Infanto Juvenil de Betim\",\"Orquestra Sinf\u00f4nica de Betim\",\"Raposos\",\"Sociedade Art\u00edstica Brasileira\"],\"articleSection\":[\"Blog SABRA\"],\"inLanguage\":\"pt-BR\"},{\"@type\":\"WebPage\",\"@id\":\"https:\\\/\\\/www.sabra.org.br\\\/site\\\/jovens-e-musica\\\/\",\"url\":\"https:\\\/\\\/www.sabra.org.br\\\/site\\\/jovens-e-musica\\\/\",\"name\":\"Jovens e a Influ\u00eancia Transformadora da M\u00fasica - SABRA - Sociedade Art\u00edstica Brasileira\",\"isPartOf\":{\"@id\":\"https:\\\/\\\/www.sabra.org.br\\\/site\\\/#website\"},\"primaryImageOfPage\":{\"@id\":\"https:\\\/\\\/www.sabra.org.br\\\/site\\\/jovens-e-musica\\\/#primaryimage\"},\"image\":{\"@id\":\"https:\\\/\\\/www.sabra.org.br\\\/site\\\/jovens-e-musica\\\/#primaryimage\"},\"thumbnailUrl\":\"https:\\\/\\\/www.sabra.org.br\\\/site\\\/wp-content\\\/uploads\\\/2024\\\/04\\\/a-influencia-da-musica-na-formacao-da-identidade-cultural-dos-jovensjpg-20240130121258.jpg-jpg.webp\",\"datePublished\":\"2024-04-02T12:55:13+00:00\",\"dateModified\":\"2025-04-18T12:38:04+00:00\",\"description\":\"Explore como a m\u00fasica tem o poder de estabelecer trocas, experimentar, se relacionar e produzir identidades culturais entre os jovens.\",\"breadcrumb\":{\"@id\":\"https:\\\/\\\/www.sabra.org.br\\\/site\\\/jovens-e-musica\\\/#breadcrumb\"},\"inLanguage\":\"pt-BR\",\"potentialAction\":[{\"@type\":\"ReadAction\",\"target\":[\"https:\\\/\\\/www.sabra.org.br\\\/site\\\/jovens-e-musica\\\/\"]}]},{\"@type\":\"ImageObject\",\"inLanguage\":\"pt-BR\",\"@id\":\"https:\\\/\\\/www.sabra.org.br\\\/site\\\/jovens-e-musica\\\/#primaryimage\",\"url\":\"https:\\\/\\\/www.sabra.org.br\\\/site\\\/wp-content\\\/uploads\\\/2024\\\/04\\\/a-influencia-da-musica-na-formacao-da-identidade-cultural-dos-jovensjpg-20240130121258.jpg-jpg.webp\",\"contentUrl\":\"https:\\\/\\\/www.sabra.org.br\\\/site\\\/wp-content\\\/uploads\\\/2024\\\/04\\\/a-influencia-da-musica-na-formacao-da-identidade-cultural-dos-jovensjpg-20240130121258.jpg-jpg.webp\",\"width\":800,\"height\":533,\"caption\":\"Sociedade Art\u00edstica Brasileira SABRA\"},{\"@type\":\"BreadcrumbList\",\"@id\":\"https:\\\/\\\/www.sabra.org.br\\\/site\\\/jovens-e-musica\\\/#breadcrumb\",\"itemListElement\":[{\"@type\":\"ListItem\",\"position\":1,\"name\":\"In\u00edcio\",\"item\":\"https:\\\/\\\/www.sabra.org.br\\\/site\\\/\"},{\"@type\":\"ListItem\",\"position\":2,\"name\":\"Jovens e a Influ\u00eancia Transformadora da M\u00fasica\"}]},{\"@type\":\"WebSite\",\"@id\":\"https:\\\/\\\/www.sabra.org.br\\\/site\\\/#website\",\"url\":\"https:\\\/\\\/www.sabra.org.br\\\/site\\\/\",\"name\":\"SABRA - Sociedade Art\u00edstica Brasileira\",\"description\":\"Escola de M\u00fasica, Orquestra Sinf\u00f4nica, Coral e Patrim\u00f4nio Cultural e Hist\u00f3rico\",\"publisher\":{\"@id\":\"https:\\\/\\\/www.sabra.org.br\\\/site\\\/#organization\"},\"potentialAction\":[{\"@type\":\"SearchAction\",\"target\":{\"@type\":\"EntryPoint\",\"urlTemplate\":\"https:\\\/\\\/www.sabra.org.br\\\/site\\\/?s={search_term_string}\"},\"query-input\":{\"@type\":\"PropertyValueSpecification\",\"valueRequired\":true,\"valueName\":\"search_term_string\"}}],\"inLanguage\":\"pt-BR\"},{\"@type\":\"Organization\",\"@id\":\"https:\\\/\\\/www.sabra.org.br\\\/site\\\/#organization\",\"name\":\"SOCIEDADE ART\u00cdSTICA BRASILEIRA SABRA\",\"alternateName\":\"SABRA\",\"url\":\"https:\\\/\\\/www.sabra.org.br\\\/site\\\/\",\"logo\":{\"@type\":\"ImageObject\",\"inLanguage\":\"pt-BR\",\"@id\":\"https:\\\/\\\/www.sabra.org.br\\\/site\\\/#\\\/schema\\\/logo\\\/image\\\/\",\"url\":\"https:\\\/\\\/www.sabra.org.br\\\/site\\\/wp-content\\\/uploads\\\/2019\\\/06\\\/cropped-Logo_SABRA-Copia-1.webp\",\"contentUrl\":\"https:\\\/\\\/www.sabra.org.br\\\/site\\\/wp-content\\\/uploads\\\/2019\\\/06\\\/cropped-Logo_SABRA-Copia-1.webp\",\"width\":400,\"height\":128,\"caption\":\"SOCIEDADE ART\u00cdSTICA BRASILEIRA SABRA\"},\"image\":{\"@id\":\"https:\\\/\\\/www.sabra.org.br\\\/site\\\/#\\\/schema\\\/logo\\\/image\\\/\"},\"sameAs\":[\"https:\\\/\\\/www.facebook.com\\\/sabrabrasil\",\"https:\\\/\\\/x.com\\\/ContatoSabra\",\"https:\\\/\\\/www.instagram.com\\\/sabrabrasil\\\/\",\"https:\\\/\\\/www.linkedin.com\\\/company\\\/25002088\\\/\",\"https:\\\/\\\/br.pinterest.com\\\/sociedadeartisticabrasileira\\\/\",\"https:\\\/\\\/www.youtube.com\\\/c\\\/sabrabrasil\"]},{\"@type\":\"Person\",\"@id\":\"https:\\\/\\\/www.sabra.org.br\\\/site\\\/#\\\/schema\\\/person\\\/7d1d222c3c8891d4c37c7b41bf6315c2\",\"name\":\"M\u00e1rcio Miranda Pontes\",\"image\":{\"@type\":\"ImageObject\",\"inLanguage\":\"pt-BR\",\"@id\":\"https:\\\/\\\/secure.gravatar.com\\\/avatar\\\/3b45f24496a7625a3a6c436688fbe20344faaeb2979658dc4a9921f984d7df9a?s=96&d=mm&r=g\",\"url\":\"https:\\\/\\\/secure.gravatar.com\\\/avatar\\\/3b45f24496a7625a3a6c436688fbe20344faaeb2979658dc4a9921f984d7df9a?s=96&d=mm&r=g\",\"contentUrl\":\"https:\\\/\\\/secure.gravatar.com\\\/avatar\\\/3b45f24496a7625a3a6c436688fbe20344faaeb2979658dc4a9921f984d7df9a?s=96&d=mm&r=g\",\"caption\":\"M\u00e1rcio Miranda Pontes\"},\"sameAs\":[\"http:\\\/\\\/www.sabra.org.br\"],\"url\":\"https:\\\/\\\/www.sabra.org.br\\\/site\\\/author\\\/marcio-miranda-pontes\\\/\"}]}<\/script>\n<!-- \/ Yoast SEO plugin. -->","yoast_head_json":{"title":"Jovens e a Influ\u00eancia Transformadora da M\u00fasica - SABRA - Sociedade Art\u00edstica Brasileira","description":"Explore como a m\u00fasica tem o poder de estabelecer trocas, experimentar, se relacionar e produzir identidades culturais entre os jovens.","robots":{"index":"index","follow":"follow","max-snippet":"max-snippet:-1","max-image-preview":"max-image-preview:large","max-video-preview":"max-video-preview:-1"},"canonical":"https:\/\/www.sabra.org.br\/site\/jovens-e-musica\/","og_locale":"pt_BR","og_type":"article","og_title":"Jovens e a Influ\u00eancia Transformadora da M\u00fasica - SABRA - Sociedade Art\u00edstica Brasileira","og_description":"Explore como a m\u00fasica tem o poder de estabelecer trocas, experimentar, se relacionar e produzir identidades culturais entre os jovens.","og_url":"https:\/\/www.sabra.org.br\/site\/jovens-e-musica\/","og_site_name":"SABRA - Sociedade Art\u00edstica Brasileira","article_publisher":"https:\/\/www.facebook.com\/sabrabrasil","article_published_time":"2024-04-02T12:55:13+00:00","article_modified_time":"2025-04-18T12:38:04+00:00","og_image":[{"width":800,"height":533,"url":"https:\/\/www.sabra.org.br\/site\/wp-content\/uploads\/2024\/04\/a-influencia-da-musica-na-formacao-da-identidade-cultural-dos-jovensjpg-20240130121258.jpg-jpg.webp","type":"image\/jpeg"}],"author":"M\u00e1rcio Miranda Pontes","twitter_card":"summary_large_image","twitter_creator":"@ContatoSabra","twitter_site":"@ContatoSabra","twitter_misc":{"Escrito por":"M\u00e1rcio Miranda Pontes","Est. tempo de leitura":"4 minutos"},"schema":{"@context":"https:\/\/schema.org","@graph":[{"@type":"Article","@id":"https:\/\/www.sabra.org.br\/site\/jovens-e-musica\/#article","isPartOf":{"@id":"https:\/\/www.sabra.org.br\/site\/jovens-e-musica\/"},"author":{"name":"M\u00e1rcio Miranda Pontes","@id":"https:\/\/www.sabra.org.br\/site\/#\/schema\/person\/7d1d222c3c8891d4c37c7b41bf6315c2"},"headline":"Jovens e a Influ\u00eancia Transformadora da M\u00fasica","datePublished":"2024-04-02T12:55:13+00:00","dateModified":"2025-04-18T12:38:04+00:00","mainEntityOfPage":{"@id":"https:\/\/www.sabra.org.br\/site\/jovens-e-musica\/"},"wordCount":755,"publisher":{"@id":"https:\/\/www.sabra.org.br\/site\/#organization"},"image":{"@id":"https:\/\/www.sabra.org.br\/site\/jovens-e-musica\/#primaryimage"},"thumbnailUrl":"https:\/\/www.sabra.org.br\/site\/wp-content\/uploads\/2024\/04\/a-influencia-da-musica-na-formacao-da-identidade-cultural-dos-jovensjpg-20240130121258.jpg-jpg.webp","keywords":["Assist\u00eancia social","Belo Horizonte","Cabo Frio","Campos dos Goytacazes","Canto Coral","Contagem","Escola de Musica SABRA","Ibirit\u00e9","Musicaliza\u00e7\u00e3o Infantil","nova lima","Orquestra Infanto Juvenil de Betim","Orquestra Sinf\u00f4nica de Betim","Raposos","Sociedade Art\u00edstica Brasileira"],"articleSection":["Blog SABRA"],"inLanguage":"pt-BR"},{"@type":"WebPage","@id":"https:\/\/www.sabra.org.br\/site\/jovens-e-musica\/","url":"https:\/\/www.sabra.org.br\/site\/jovens-e-musica\/","name":"Jovens e a Influ\u00eancia Transformadora da M\u00fasica - SABRA - Sociedade Art\u00edstica Brasileira","isPartOf":{"@id":"https:\/\/www.sabra.org.br\/site\/#website"},"primaryImageOfPage":{"@id":"https:\/\/www.sabra.org.br\/site\/jovens-e-musica\/#primaryimage"},"image":{"@id":"https:\/\/www.sabra.org.br\/site\/jovens-e-musica\/#primaryimage"},"thumbnailUrl":"https:\/\/www.sabra.org.br\/site\/wp-content\/uploads\/2024\/04\/a-influencia-da-musica-na-formacao-da-identidade-cultural-dos-jovensjpg-20240130121258.jpg-jpg.webp","datePublished":"2024-04-02T12:55:13+00:00","dateModified":"2025-04-18T12:38:04+00:00","description":"Explore como a m\u00fasica tem o poder de estabelecer trocas, experimentar, se relacionar e produzir identidades culturais entre os jovens.","breadcrumb":{"@id":"https:\/\/www.sabra.org.br\/site\/jovens-e-musica\/#breadcrumb"},"inLanguage":"pt-BR","potentialAction":[{"@type":"ReadAction","target":["https:\/\/www.sabra.org.br\/site\/jovens-e-musica\/"]}]},{"@type":"ImageObject","inLanguage":"pt-BR","@id":"https:\/\/www.sabra.org.br\/site\/jovens-e-musica\/#primaryimage","url":"https:\/\/www.sabra.org.br\/site\/wp-content\/uploads\/2024\/04\/a-influencia-da-musica-na-formacao-da-identidade-cultural-dos-jovensjpg-20240130121258.jpg-jpg.webp","contentUrl":"https:\/\/www.sabra.org.br\/site\/wp-content\/uploads\/2024\/04\/a-influencia-da-musica-na-formacao-da-identidade-cultural-dos-jovensjpg-20240130121258.jpg-jpg.webp","width":800,"height":533,"caption":"Sociedade Art\u00edstica Brasileira SABRA"},{"@type":"BreadcrumbList","@id":"https:\/\/www.sabra.org.br\/site\/jovens-e-musica\/#breadcrumb","itemListElement":[{"@type":"ListItem","position":1,"name":"In\u00edcio","item":"https:\/\/www.sabra.org.br\/site\/"},{"@type":"ListItem","position":2,"name":"Jovens e a Influ\u00eancia Transformadora da M\u00fasica"}]},{"@type":"WebSite","@id":"https:\/\/www.sabra.org.br\/site\/#website","url":"https:\/\/www.sabra.org.br\/site\/","name":"SABRA - Sociedade Art\u00edstica Brasileira","description":"Escola de M\u00fasica, Orquestra Sinf\u00f4nica, Coral e Patrim\u00f4nio Cultural e Hist\u00f3rico","publisher":{"@id":"https:\/\/www.sabra.org.br\/site\/#organization"},"potentialAction":[{"@type":"SearchAction","target":{"@type":"EntryPoint","urlTemplate":"https:\/\/www.sabra.org.br\/site\/?s={search_term_string}"},"query-input":{"@type":"PropertyValueSpecification","valueRequired":true,"valueName":"search_term_string"}}],"inLanguage":"pt-BR"},{"@type":"Organization","@id":"https:\/\/www.sabra.org.br\/site\/#organization","name":"SOCIEDADE ART\u00cdSTICA BRASILEIRA SABRA","alternateName":"SABRA","url":"https:\/\/www.sabra.org.br\/site\/","logo":{"@type":"ImageObject","inLanguage":"pt-BR","@id":"https:\/\/www.sabra.org.br\/site\/#\/schema\/logo\/image\/","url":"https:\/\/www.sabra.org.br\/site\/wp-content\/uploads\/2019\/06\/cropped-Logo_SABRA-Copia-1.webp","contentUrl":"https:\/\/www.sabra.org.br\/site\/wp-content\/uploads\/2019\/06\/cropped-Logo_SABRA-Copia-1.webp","width":400,"height":128,"caption":"SOCIEDADE ART\u00cdSTICA BRASILEIRA SABRA"},"image":{"@id":"https:\/\/www.sabra.org.br\/site\/#\/schema\/logo\/image\/"},"sameAs":["https:\/\/www.facebook.com\/sabrabrasil","https:\/\/x.com\/ContatoSabra","https:\/\/www.instagram.com\/sabrabrasil\/","https:\/\/www.linkedin.com\/company\/25002088\/","https:\/\/br.pinterest.com\/sociedadeartisticabrasileira\/","https:\/\/www.youtube.com\/c\/sabrabrasil"]},{"@type":"Person","@id":"https:\/\/www.sabra.org.br\/site\/#\/schema\/person\/7d1d222c3c8891d4c37c7b41bf6315c2","name":"M\u00e1rcio Miranda Pontes","image":{"@type":"ImageObject","inLanguage":"pt-BR","@id":"https:\/\/secure.gravatar.com\/avatar\/3b45f24496a7625a3a6c436688fbe20344faaeb2979658dc4a9921f984d7df9a?s=96&d=mm&r=g","url":"https:\/\/secure.gravatar.com\/avatar\/3b45f24496a7625a3a6c436688fbe20344faaeb2979658dc4a9921f984d7df9a?s=96&d=mm&r=g","contentUrl":"https:\/\/secure.gravatar.com\/avatar\/3b45f24496a7625a3a6c436688fbe20344faaeb2979658dc4a9921f984d7df9a?s=96&d=mm&r=g","caption":"M\u00e1rcio Miranda Pontes"},"sameAs":["http:\/\/www.sabra.org.br"],"url":"https:\/\/www.sabra.org.br\/site\/author\/marcio-miranda-pontes\/"}]}},"jetpack_featured_media_url":"https:\/\/www.sabra.org.br\/site\/wp-content\/uploads\/2024\/04\/a-influencia-da-musica-na-formacao-da-identidade-cultural-dos-jovensjpg-20240130121258.jpg-jpg.webp","jetpack_shortlink":"https:\/\/wp.me\/p95j2Z-2oz","jetpack-related-posts":[{"id":2194,"url":"https:\/\/www.sabra.org.br\/site\/transformacao-social\/","url_meta":{"origin":9211,"position":0},"title":"Transforma\u00e7\u00e3o Social","author":"M\u00e1rcio Miranda Pontes","date":"1 de julho de 2019","format":false,"excerpt":"sociedade art\u00edstica brasileira sabra constru\u00e7\u00e3o do pr\u00f3prio futuro transforma\u00e7\u00e3o social mercado de trabalho sociedade art\u00edstica brasileira","rel":"","context":"Em &quot;Blog SABRA&quot;","block_context":{"text":"Blog SABRA","link":"https:\/\/www.sabra.org.br\/site\/category\/blog-sabra\/"},"img":{"alt_text":"Transforma\u00e7\u00e3o social","src":"https:\/\/i0.wp.com\/www.sabra.org.br\/site\/wp-content\/uploads\/2019\/07\/transformacao-social-entenda-o-que-e-e-como-ela-impacta-na-sociedade-20181024171547-1.jpg-1.jpg?resize=350%2C200&ssl=1","width":350,"height":200,"srcset":"https:\/\/i0.wp.com\/www.sabra.org.br\/site\/wp-content\/uploads\/2019\/07\/transformacao-social-entenda-o-que-e-e-como-ela-impacta-na-sociedade-20181024171547-1.jpg-1.jpg?resize=350%2C200&ssl=1 1x, https:\/\/i0.wp.com\/www.sabra.org.br\/site\/wp-content\/uploads\/2019\/07\/transformacao-social-entenda-o-que-e-e-como-ela-impacta-na-sociedade-20181024171547-1.jpg-1.jpg?resize=525%2C300&ssl=1 1.5x, https:\/\/i0.wp.com\/www.sabra.org.br\/site\/wp-content\/uploads\/2019\/07\/transformacao-social-entenda-o-que-e-e-como-ela-impacta-na-sociedade-20181024171547-1.jpg-1.jpg?resize=700%2C400&ssl=1 2x"},"classes":[]},{"id":7138,"url":"https:\/\/www.sabra.org.br\/site\/jovem-solista\/","url_meta":{"origin":9211,"position":1},"title":"Premio Jovem Solista da Orquestra Sinfonica de Betim","author":"M\u00e1rcio Miranda Pontes","date":"16 de maio de 2023","format":false,"excerpt":"Estimular a competi\u00e7\u00e3o musical \u00e9 uma excelente maneira de incentivar de forma saud\u00e1vel que os indiv\u00edduos disputem entre si sem que hajam desentendimentos ou algo do tipo. Conhe\u00e7a um pouco mais sobre o Premio Jovem Solista da Orquestra Sinfonica de Betim","rel":"","context":"Em &quot;Blog SABRA&quot;","block_context":{"text":"Blog SABRA","link":"https:\/\/www.sabra.org.br\/site\/category\/blog-sabra\/"},"img":{"alt_text":"m\u00fasica-orquestra-betim-sinf\u00f4nica-pr\u00eamio-solista-art\u00edtica-jovem-jovens-projetos-proporcionar-sabra","src":"https:\/\/i0.wp.com\/www.sabra.org.br\/site\/wp-content\/uploads\/2023\/05\/premio-jovem-solista-da-orquestra-sinfonica-de-betim-20171229162457.jpg-jpg.webp?resize=350%2C200&ssl=1","width":350,"height":200,"srcset":"https:\/\/i0.wp.com\/www.sabra.org.br\/site\/wp-content\/uploads\/2023\/05\/premio-jovem-solista-da-orquestra-sinfonica-de-betim-20171229162457.jpg-jpg.webp?resize=350%2C200&ssl=1 1x, https:\/\/i0.wp.com\/www.sabra.org.br\/site\/wp-content\/uploads\/2023\/05\/premio-jovem-solista-da-orquestra-sinfonica-de-betim-20171229162457.jpg-jpg.webp?resize=525%2C300&ssl=1 1.5x, https:\/\/i0.wp.com\/www.sabra.org.br\/site\/wp-content\/uploads\/2023\/05\/premio-jovem-solista-da-orquestra-sinfonica-de-betim-20171229162457.jpg-jpg.webp?resize=700%2C400&ssl=1 2x"},"classes":[]},{"id":13935,"url":"https:\/\/www.sabra.org.br\/site\/orquestra-betim\/","url_meta":{"origin":9211,"position":2},"title":"Orquestra Sinf\u00f4nica de Betim: um patrim\u00f4nio cultural em constante evolu\u00e7\u00e3o","author":"M\u00e1rcio Miranda Pontes","date":"8 de junho de 2025","format":false,"excerpt":"Descubra como a Orquestra Sinf\u00f4nica de Betim se tornou um s\u00edmbolo de inclus\u00e3o e valoriza\u00e7\u00e3o da arte na regi\u00e3o metropolitana.","rel":"","context":"Em &quot;Blog SABRA&quot;","block_context":{"text":"Blog SABRA","link":"https:\/\/www.sabra.org.br\/site\/category\/blog-sabra\/"},"img":{"alt_text":"cultura-m\u00fasica-orquestra-betim-sociais-art\u00edstica-novos-sinf\u00f4nica-social","src":"https:\/\/i0.wp.com\/www.sabra.org.br\/site\/wp-content\/uploads\/2025\/06\/Orquestra-Sinfonica-de-Betim-um-patrimonio-cultural-em-constante-evolucao.jpg?resize=350%2C200&ssl=1","width":350,"height":200,"srcset":"https:\/\/i0.wp.com\/www.sabra.org.br\/site\/wp-content\/uploads\/2025\/06\/Orquestra-Sinfonica-de-Betim-um-patrimonio-cultural-em-constante-evolucao.jpg?resize=350%2C200&ssl=1 1x, https:\/\/i0.wp.com\/www.sabra.org.br\/site\/wp-content\/uploads\/2025\/06\/Orquestra-Sinfonica-de-Betim-um-patrimonio-cultural-em-constante-evolucao.jpg?resize=525%2C300&ssl=1 1.5x, https:\/\/i0.wp.com\/www.sabra.org.br\/site\/wp-content\/uploads\/2025\/06\/Orquestra-Sinfonica-de-Betim-um-patrimonio-cultural-em-constante-evolucao.jpg?resize=700%2C400&ssl=1 2x"},"classes":[]},{"id":7755,"url":"https:\/\/www.sabra.org.br\/site\/sabra-ajuda\/","url_meta":{"origin":9211,"position":3},"title":"Saiba como a Sociedade Art\u00edstica Brasileira pode ajudar voc\u00ea","author":"M\u00e1rcio Miranda Pontes","date":"2 de agosto de 2023","format":false,"excerpt":"Focada em promover inclus\u00e3o social e enriquecimento cultural atrav\u00e9s da m\u00fasica, a SABRA, Sociedade Art\u00edstica Brasileira utiliza a arte e a m\u00fasica para transformar a nossa sociedade. Leia o texto e saiba mais sobre o nosso trabalho.","rel":"","context":"Em &quot;Blog SABRA&quot;","block_context":{"text":"Blog SABRA","link":"https:\/\/www.sabra.org.br\/site\/category\/blog-sabra\/"},"img":{"alt_text":"sabra-m\u00fasica-culturais-sociais-social-trabalhamos-buscamos-jovens","src":"https:\/\/i0.wp.com\/www.sabra.org.br\/site\/wp-content\/uploads\/2023\/08\/saiba-como-a-sociedade-artistica-brasileira-pode-ajudar-vocejpg-20230504105610-1.jpg-1-jpg.webp?resize=350%2C200&ssl=1","width":350,"height":200,"srcset":"https:\/\/i0.wp.com\/www.sabra.org.br\/site\/wp-content\/uploads\/2023\/08\/saiba-como-a-sociedade-artistica-brasileira-pode-ajudar-vocejpg-20230504105610-1.jpg-1-jpg.webp?resize=350%2C200&ssl=1 1x, https:\/\/i0.wp.com\/www.sabra.org.br\/site\/wp-content\/uploads\/2023\/08\/saiba-como-a-sociedade-artistica-brasileira-pode-ajudar-vocejpg-20230504105610-1.jpg-1-jpg.webp?resize=525%2C300&ssl=1 1.5x, https:\/\/i0.wp.com\/www.sabra.org.br\/site\/wp-content\/uploads\/2023\/08\/saiba-como-a-sociedade-artistica-brasileira-pode-ajudar-vocejpg-20230504105610-1.jpg-1-jpg.webp?resize=700%2C400&ssl=1 2x"},"classes":[]},{"id":822,"url":"https:\/\/www.sabra.org.br\/site\/concertos-com-a-orquestra-sinfonica-de-betim-ccbb-bh-novembro-2017\/","url_meta":{"origin":9211,"position":4},"title":"Concertos com a Orquestra Sinf\u00f4nica de Betim &#8211; CCBB-BH &#8211; novembro 2017","author":"M\u00e1rcio Miranda Pontes","date":"18 de novembro de 2017","format":false,"excerpt":"Na primeira apresenta\u00e7\u00e3o da s\u00e9rie de concertos, a Orquestra acompanhada de 4 jovens solistas executa obras de compositores como Stamitz, Haydn, Koussevitzky e Tchaikovsky. Sob a reg\u00eancia de M\u00e1rcio Miranda Pontes, a s\u00e9rie Concertos com a Orquestra Sinf\u00f4nica de Betim realiza em Belo Horizonte a primeira apresenta\u00e7\u00e3o no dia 29\u2026","rel":"","context":"Em &quot;Not\u00edcias&quot;","block_context":{"text":"Not\u00edcias","link":"https:\/\/www.sabra.org.br\/site\/category\/noticias\/"},"img":{"alt_text":"Concertos","src":"https:\/\/i0.wp.com\/www.sabra.org.br\/site\/wp-content\/uploads\/2017\/11\/IMG_6263.jpg?resize=350%2C200&ssl=1","width":350,"height":200,"srcset":"https:\/\/i0.wp.com\/www.sabra.org.br\/site\/wp-content\/uploads\/2017\/11\/IMG_6263.jpg?resize=350%2C200&ssl=1 1x, https:\/\/i0.wp.com\/www.sabra.org.br\/site\/wp-content\/uploads\/2017\/11\/IMG_6263.jpg?resize=525%2C300&ssl=1 1.5x, https:\/\/i0.wp.com\/www.sabra.org.br\/site\/wp-content\/uploads\/2017\/11\/IMG_6263.jpg?resize=700%2C400&ssl=1 2x, https:\/\/i0.wp.com\/www.sabra.org.br\/site\/wp-content\/uploads\/2017\/11\/IMG_6263.jpg?resize=1050%2C600&ssl=1 3x, https:\/\/i0.wp.com\/www.sabra.org.br\/site\/wp-content\/uploads\/2017\/11\/IMG_6263.jpg?resize=1400%2C800&ssl=1 4x"},"classes":[]},{"id":1729,"url":"https:\/\/www.sabra.org.br\/site\/projetos-sociais-transformacao-de-vidas\/","url_meta":{"origin":9211,"position":5},"title":"PROJETOS SOCIAIS &#8211; TRANSFORMA\u00c7\u00c3O DE VIDAS","author":"M\u00e1rcio Miranda Pontes","date":"14 de fevereiro de 2019","format":false,"excerpt":"Diante de um Estado que n\u00e3o \u00e9 capaz de oferecer plena assist\u00eancia aos mais necessitados, os projetos sociais se transformam em ferramentas muito \u00fateis na transforma\u00e7\u00e3o de vidas. A cada dia que passa, iniciativas que estimulam pessoas e jovens a estarem mais em contato com cultura est\u00e3o presentes em todo\u2026","rel":"","context":"Em &quot;Blog SABRA&quot;","block_context":{"text":"Blog SABRA","link":"https:\/\/www.sabra.org.br\/site\/category\/blog-sabra\/"},"img":{"alt_text":"Transforma\u00e7\u00e3o de vida","src":"https:\/\/i0.wp.com\/www.sabra.org.br\/site\/wp-content\/uploads\/2019\/02\/projetos-sociais-como-uma-ferramenta-de-transformacao-de-vidas-20180918131645.jpg.jpg?resize=350%2C200&ssl=1","width":350,"height":200,"srcset":"https:\/\/i0.wp.com\/www.sabra.org.br\/site\/wp-content\/uploads\/2019\/02\/projetos-sociais-como-uma-ferramenta-de-transformacao-de-vidas-20180918131645.jpg.jpg?resize=350%2C200&ssl=1 1x, https:\/\/i0.wp.com\/www.sabra.org.br\/site\/wp-content\/uploads\/2019\/02\/projetos-sociais-como-uma-ferramenta-de-transformacao-de-vidas-20180918131645.jpg.jpg?resize=525%2C300&ssl=1 1.5x, https:\/\/i0.wp.com\/www.sabra.org.br\/site\/wp-content\/uploads\/2019\/02\/projetos-sociais-como-uma-ferramenta-de-transformacao-de-vidas-20180918131645.jpg.jpg?resize=700%2C400&ssl=1 2x"},"classes":[]}],"jetpack_likes_enabled":true,"jetpack_sharing_enabled":true,"_links":{"self":[{"href":"https:\/\/www.sabra.org.br\/site\/wp-json\/wp\/v2\/posts\/9211","targetHints":{"allow":["GET"]}}],"collection":[{"href":"https:\/\/www.sabra.org.br\/site\/wp-json\/wp\/v2\/posts"}],"about":[{"href":"https:\/\/www.sabra.org.br\/site\/wp-json\/wp\/v2\/types\/post"}],"author":[{"embeddable":true,"href":"https:\/\/www.sabra.org.br\/site\/wp-json\/wp\/v2\/users\/39"}],"replies":[{"embeddable":true,"href":"https:\/\/www.sabra.org.br\/site\/wp-json\/wp\/v2\/comments?post=9211"}],"version-history":[{"count":0,"href":"https:\/\/www.sabra.org.br\/site\/wp-json\/wp\/v2\/posts\/9211\/revisions"}],"wp:featuredmedia":[{"embeddable":true,"href":"https:\/\/www.sabra.org.br\/site\/wp-json\/wp\/v2\/media\/9212"}],"wp:attachment":[{"href":"https:\/\/www.sabra.org.br\/site\/wp-json\/wp\/v2\/media?parent=9211"}],"wp:term":[{"taxonomy":"category","embeddable":true,"href":"https:\/\/www.sabra.org.br\/site\/wp-json\/wp\/v2\/categories?post=9211"},{"taxonomy":"post_tag","embeddable":true,"href":"https:\/\/www.sabra.org.br\/site\/wp-json\/wp\/v2\/tags?post=9211"}],"curies":[{"name":"wp","href":"https:\/\/api.w.org\/{rel}","templated":true}]}}