{"id":9539,"date":"2024-05-08T12:03:29","date_gmt":"2024-05-08T15:03:29","guid":{"rendered":"https:\/\/www.sabra.org.br\/site\/?p=9539"},"modified":"2024-05-08T12:12:17","modified_gmt":"2024-05-08T15:12:17","slug":"lista-contagem-2024","status":"publish","type":"post","link":"https:\/\/www.sabra.org.br\/site\/lista-contagem-2024\/","title":{"rendered":"Resultado Cursos de M\u00fasica em Contagem"},"content":{"rendered":"<p>A SOCIEDADE ART\u00cdSTICA BRASILEIRA \u2013 SABRA, parabeniza todos os 356 inscritos(as) no Edital SABRA 003\/2024 e publica as listas dos alunos que iniciar\u00e3o imediatamente e a de espera por vagas durante o ano letivo.<\/p>\n<p>Alguns cursos de instrumentos espec\u00edficos n\u00e3o ser\u00e3o ofertados neste ano. Por este motivo foram criadas turmas de Musicaliza\u00e7\u00e3o Infantil, Juvenil e Adulto com o objetivo de disponibilizar a sondagem e desenvolvimento de aptid\u00f5es art\u00edstico-musicais e a disponibiliza\u00e7\u00e3o de repert\u00f3rio musical amplo e de qualidade.<\/p>\n<p>A lista de alunos que iniciar\u00e3o as aulas imediatamente apresenta o dia e hor\u00e1rio da primeira aula. Na ocasi\u00e3o poder\u00e3o ser realizados ajustes nos dias e hor\u00e1rios.<\/p>\n<p>Local: Rua Bernardo Monteiro, 105 &#8211; 2\u00ba andar &#8211; Centro &#8211; Contagem &#8211; MG<\/p>\n<h2>Lista de alunos da Escola de M\u00fasica Sabra &#8211; Contagem &#8211; 2024<\/h2>\n<table width=\"0\">\n<tbody>\n<tr>\n<td width=\"623\"><strong>Nome completo<\/strong><\/td>\n<td width=\"247\"><strong>Dia e Hor\u00e1rio da 1\u00aa aula<\/strong><\/td>\n<\/tr>\n<tr>\n<td width=\"623\">Agnes Pereira da Silva<\/td>\n<td width=\"247\">Aguardar confirma\u00e7\u00e3o<\/td>\n<\/tr>\n<tr>\n<td width=\"623\">Alessandro Luiz da Silva<\/td>\n<td width=\"247\">13\/05 &#8211; 18:30 hs<\/td>\n<\/tr>\n<tr>\n<td width=\"623\">Alice Aguiar Rosa de Andrade<\/td>\n<td width=\"247\">15\/05 &#8211; 18:30 hs<\/td>\n<\/tr>\n<tr>\n<td width=\"623\">Alice Alves de Oliveira<\/td>\n<td width=\"247\">15\/05 &#8211; 14:15 hs<\/td>\n<\/tr>\n<tr>\n<td width=\"623\">Alice Lopes Mendes<\/td>\n<td width=\"247\">15\/05 &#8211; 08:50 hs<\/td>\n<\/tr>\n<tr>\n<td width=\"623\">Alice Vict\u00f3ria Gomes Moraes<\/td>\n<td width=\"247\">Aguardar confirma\u00e7\u00e3o<\/td>\n<\/tr>\n<tr>\n<td width=\"623\">Alicia Bragioni Alves<\/td>\n<td width=\"247\">16\/05 &#8211; 09:50 hs<\/td>\n<\/tr>\n<tr>\n<td width=\"623\">Aline Correa Braga<\/td>\n<td width=\"247\">14\/05 &#8211; 18:30 hs<\/td>\n<\/tr>\n<tr>\n<td width=\"623\">Amanda Ketlen Medeiros Souza Fernandes<\/td>\n<td width=\"247\">15\/05 &#8211; 19:15 hs<\/td>\n<\/tr>\n<tr>\n<td width=\"623\">Amilton Candido da Silva Filho<\/td>\n<td width=\"247\">15\/05 &#8211; 09:50 hs<\/td>\n<\/tr>\n<tr>\n<td width=\"623\">Ana Carolina de Paula Schirmer<\/td>\n<td width=\"247\">15\/05 &#8211; 18:30 hs<\/td>\n<\/tr>\n<tr>\n<td width=\"623\">Ana Carolina Viana dos Santos<\/td>\n<td width=\"247\">13\/05 &#8211; 08:00 hs<\/td>\n<\/tr>\n<tr>\n<td width=\"623\">Ana Clara Borges\u00a0 de Paula<\/td>\n<td width=\"247\">Aguardar confirma\u00e7\u00e3o<\/td>\n<\/tr>\n<tr>\n<td width=\"623\">Ana Clara Tolentino Muniz<\/td>\n<td width=\"247\">14\/05 &#8211; 15:20 hs<\/td>\n<\/tr>\n<tr>\n<td width=\"623\">Ana Luisa de Almeida Sampaio<\/td>\n<td width=\"247\">15\/05 &#8211; 14:15 hs<\/td>\n<\/tr>\n<tr>\n<td width=\"623\">Ana Luiza da Cruz Ara\u00fajo<\/td>\n<td width=\"247\">14\/05 &#8211; 18:30 hs<\/td>\n<\/tr>\n<tr>\n<td width=\"623\">Ana Luiza dos Santos<\/td>\n<td width=\"247\">14\/05 &#8211; 20:15 hs<\/td>\n<\/tr>\n<tr>\n<td width=\"623\">Ana Luiza Moreira Raimundo<\/td>\n<td width=\"247\">14\/05 &#8211; 19:15 hs<\/td>\n<\/tr>\n<tr>\n<td width=\"623\">Ana Marcela de Paula Silva<\/td>\n<td width=\"247\">15\/05 &#8211; 09:50 hs<\/td>\n<\/tr>\n<tr>\n<td width=\"623\">Ana Paula Maria da Silva<\/td>\n<td width=\"247\">13\/05 &#8211; 13:30 hs<\/td>\n<\/tr>\n<tr>\n<td width=\"623\">Ana Paula Moura dos Santos Ferreira<\/td>\n<td width=\"247\">13\/05 &#8211; 13:30 hs<\/td>\n<\/tr>\n<tr>\n<td width=\"623\">Ana Paula Pacheco<\/td>\n<td width=\"247\">13\/05 &#8211; 19:15 hs<\/td>\n<\/tr>\n<tr>\n<td width=\"623\">Anderson Roberto da Silva<\/td>\n<td width=\"247\">16\/05 &#8211; 18:30 hs<\/td>\n<\/tr>\n<tr>\n<td width=\"623\">Ang\u00e9lica Silva de Souza Liberato<\/td>\n<td width=\"247\">15\/05 &#8211; 19:15 hs<\/td>\n<\/tr>\n<tr>\n<td width=\"623\">Anna Cl\u00e1udia Carvalho Pereira<\/td>\n<td width=\"247\">13\/05 &#8211; 15:20 hs<\/td>\n<\/tr>\n<tr>\n<td width=\"623\">Anna Livia Ferreira Reis<\/td>\n<td width=\"247\">13\/05 &#8211; 08:50 hs<\/td>\n<\/tr>\n<tr>\n<td width=\"623\">Anthony Gabriel Ot\u00e1vio Santana Ribeiro<\/td>\n<td width=\"247\">14\/05 &#8211; 18:30 hs<\/td>\n<\/tr>\n<tr>\n<td width=\"623\">Ant\u00f4nio Carlos dos prazeres<\/td>\n<td width=\"247\">16\/05 &#8211; 19:15 hs<\/td>\n<\/tr>\n<tr>\n<td width=\"623\">Ant\u00f4nio Rodrigues Francisco<\/td>\n<td width=\"247\">13\/05 &#8211; 19:15 hs<\/td>\n<\/tr>\n<tr>\n<td width=\"623\">Ariadne luana da Silva<\/td>\n<td width=\"247\">16\/05 &#8211; 08:00 hs<\/td>\n<\/tr>\n<tr>\n<td width=\"623\">Arthur Cardoso Barbosa<\/td>\n<td width=\"247\">14\/05 &#8211; 10:45 hs<\/td>\n<\/tr>\n<tr>\n<td width=\"623\">Arthur Henrique da Silva Pinho<\/td>\n<td width=\"247\">15\/05 &#8211; 13:30 hs<\/td>\n<\/tr>\n<tr>\n<td width=\"623\">Arthur Parreiras Ribeiro Souza<\/td>\n<td width=\"247\">13\/05 &#8211; 14:15 hs<\/td>\n<\/tr>\n<tr>\n<td width=\"623\">Ayra Mendes Chaves Cruz<\/td>\n<td width=\"247\">13\/05 &#8211; 15:20 hs<\/td>\n<\/tr>\n<tr>\n<td width=\"623\">Ayra Mendes Chaves Cruz<\/td>\n<td width=\"247\">Aguardar confirma\u00e7\u00e3o<\/td>\n<\/tr>\n<tr>\n<td width=\"623\">B\u00e1rbara Gomes Doria<\/td>\n<td width=\"247\">15\/05 &#8211; 18:30 hs<\/td>\n<\/tr>\n<tr>\n<td width=\"623\">Bernardo Almeida Souza<\/td>\n<td width=\"247\">14\/05 &#8211; 14:15 hs<\/td>\n<\/tr>\n<tr>\n<td width=\"623\">BianK\u00ednia Fernandes Pessoa<\/td>\n<td width=\"247\">16\/05 &#8211; 08:50 hs<\/td>\n<\/tr>\n<tr>\n<td width=\"623\">Brener Goncalves Teixeira<\/td>\n<td width=\"247\">15\/05 &#8211; 18:30 hs<\/td>\n<\/tr>\n<tr>\n<td width=\"623\">Bryan Gon\u00e7alves Serra<\/td>\n<td width=\"247\">14\/05 &#8211; 13:30 hs<\/td>\n<\/tr>\n<tr>\n<td width=\"623\">Calebe Wagson Pereira<\/td>\n<td width=\"247\">Aguardar confirma\u00e7\u00e3o<\/td>\n<\/tr>\n<tr>\n<td width=\"623\">Carla Candido Ribeiro<\/td>\n<td width=\"247\">13\/05 &#8211; 13:30 hs<\/td>\n<\/tr>\n<tr>\n<td width=\"623\">Carlos Henrique Campos da Silva<\/td>\n<td width=\"247\">15\/05 &#8211; 20:15 hs<\/td>\n<\/tr>\n<tr>\n<td width=\"623\">Carm\u00e9lia Pacifica Ribeiro<\/td>\n<td width=\"247\">15\/05 &#8211; 19:15 hs<\/td>\n<\/tr>\n<tr>\n<td width=\"623\">Caroline Maria da Silva<\/td>\n<td width=\"247\">13\/05 &#8211; 13:30 hs<\/td>\n<\/tr>\n<tr>\n<td width=\"623\">C\u00e1ssia Pinto Coelho Dias<\/td>\n<td width=\"247\">15\/05 &#8211; 19:15 hs<\/td>\n<\/tr>\n<tr>\n<td width=\"623\">C\u00e1ssio Carvalho de Ara\u00fajo<\/td>\n<td width=\"247\">16\/05 &#8211; 18:30 hs<\/td>\n<\/tr>\n<tr>\n<td width=\"623\">Catarina Teresa Fernandes Lobato<\/td>\n<td width=\"247\">14\/05 &#8211; 13:30 hs<\/td>\n<\/tr>\n<tr>\n<td width=\"623\">Cec\u00edlia Fontes Machado<\/td>\n<td width=\"247\">14\/05 &#8211; 18:30 hs<\/td>\n<\/tr>\n<tr>\n<td width=\"623\">Cec\u00edlia Gondim Teodoro<\/td>\n<td width=\"247\">16\/05 &#8211; 08:00 hs<\/td>\n<\/tr>\n<tr>\n<td width=\"623\">Clara Sophie Linda Santana Ribeiro<\/td>\n<td width=\"247\">14\/05 &#8211; 20:15 hs<\/td>\n<\/tr>\n<tr>\n<td width=\"623\">Cleonice de Asssis Pereira<\/td>\n<td width=\"247\">13\/05 &#8211; 20:15 hs<\/td>\n<\/tr>\n<tr>\n<td width=\"623\">Cleuza Ferreira de Oliveira Gomes de Amorim<\/td>\n<td width=\"247\">13\/05 &#8211; 09:50 hs<\/td>\n<\/tr>\n<tr>\n<td width=\"623\">Cristiane Lima da Silva<\/td>\n<td width=\"247\">13\/05 &#8211; 08:00 hs<\/td>\n<\/tr>\n<tr>\n<td width=\"623\">Daniel Alc\u00e2ntara Martins da Silveira<\/td>\n<td width=\"247\">15\/05 &#8211; 08:50 hs<\/td>\n<\/tr>\n<tr>\n<td width=\"623\">Daniela Correa Braga<\/td>\n<td width=\"247\">13\/05 &#8211; 20:15 hs<\/td>\n<\/tr>\n<tr>\n<td width=\"623\">Davi Henrique Mattos Ahtangelo<\/td>\n<td width=\"247\">16\/05 &#8211; 08:50 hs<\/td>\n<\/tr>\n<tr>\n<td width=\"623\">Davi Lucca Sousa Gomes Martins<\/td>\n<td width=\"247\">14\/05 &#8211; 19:15 hs<\/td>\n<\/tr>\n<tr>\n<td width=\"623\">Davi Oliveira Silva<\/td>\n<td width=\"247\">14\/05 &#8211; 18:30 hs<\/td>\n<\/tr>\n<tr>\n<td width=\"623\">Davi Ribeiro Gon\u00e7alves<\/td>\n<td width=\"247\">14\/05 &#8211; 19:15 hs<\/td>\n<\/tr>\n<tr>\n<td width=\"623\">David S\u00e9rgio Fernandes Cardoso<\/td>\n<td width=\"247\">Aguardar confirma\u00e7\u00e3o<\/td>\n<\/tr>\n<tr>\n<td width=\"623\">D\u00e9bora Lopes Fernandes<\/td>\n<td width=\"247\">13\/05 &#8211; 18:30 hs<\/td>\n<\/tr>\n<tr>\n<td width=\"623\">Deborah vit\u00f3ria Sousa Silva<\/td>\n<td width=\"247\">13\/05 &#8211; 15:20 hs<\/td>\n<\/tr>\n<tr>\n<td width=\"623\">Denis Luiz Santana Ferreira<\/td>\n<td width=\"247\">13\/05 &#8211; 19:15 hs<\/td>\n<\/tr>\n<tr>\n<td width=\"623\">Diego Ferreira Ferris<\/td>\n<td width=\"247\">13\/05 &#8211; 14:15 hs<\/td>\n<\/tr>\n<tr>\n<td width=\"623\">\u00c9ber Souza da Silva<\/td>\n<td width=\"247\">16\/05 &#8211; 08:50 hs<\/td>\n<\/tr>\n<tr>\n<td width=\"623\">Edgar Teixeira da Silva<\/td>\n<td width=\"247\">16\/05 &#8211; 19:15 hs<\/td>\n<\/tr>\n<tr>\n<td width=\"623\">Edina Maria Quaresma<\/td>\n<td width=\"247\">13\/05 &#8211; 20:15 hs<\/td>\n<\/tr>\n<tr>\n<td width=\"623\">Edinara Kelly Nonato<\/td>\n<td width=\"247\">15\/05 &#8211; 15:20 hs<\/td>\n<\/tr>\n<tr>\n<td width=\"623\">Eduarda de Paula Souza Nascimento<\/td>\n<td width=\"247\">16\/05 &#8211; 08:00 hs<\/td>\n<\/tr>\n<tr>\n<td width=\"623\">Elis Marques de Araujo<\/td>\n<td width=\"247\">13\/05 &#8211; 09:50 hs<\/td>\n<\/tr>\n<tr>\n<td width=\"623\">Emanuelle Ara\u00fajo Silva Almeida<\/td>\n<td width=\"247\">13\/05 &#8211; 08:50 hs<\/td>\n<\/tr>\n<tr>\n<td width=\"623\">Emanuelle de Souza Cirilo<\/td>\n<td width=\"247\">Aguardar confirma\u00e7\u00e3o<\/td>\n<\/tr>\n<tr>\n<td width=\"623\">Emilly Vit\u00f3ria de Almeida Silva Pio<\/td>\n<td width=\"247\">14\/05 &#8211; 19:15 hs<\/td>\n<\/tr>\n<tr>\n<td width=\"623\">Enzo Davi Souza Araujo<\/td>\n<td width=\"247\">14\/05 &#8211; 13:30 hs<\/td>\n<\/tr>\n<tr>\n<td width=\"623\">Enzo emanuek de Souza Liberato<\/td>\n<td width=\"247\">13\/05 &#8211; 14:15 hs<\/td>\n<\/tr>\n<tr>\n<td width=\"623\">Enzo Gabriel Fernandes serra<\/td>\n<td width=\"247\">14\/05 &#8211; 13:30 hs<\/td>\n<\/tr>\n<tr>\n<td width=\"623\">Enzo Lucca Filgueiras Hott<\/td>\n<td width=\"247\">15\/05 &#8211; 14:15 hs<\/td>\n<\/tr>\n<tr>\n<td width=\"623\">Eric Sartorelli Parreiras Machado<\/td>\n<td width=\"247\">16\/05 &#8211; 10:45 hs<\/td>\n<\/tr>\n<tr>\n<td width=\"623\">Erick Cardoso Braz Lopes<\/td>\n<td width=\"247\">13\/05 &#8211; 14:15 hs<\/td>\n<\/tr>\n<tr>\n<td width=\"623\">Estefani Caroline Freitas De Souza<\/td>\n<td width=\"247\">13\/05 &#8211; 18:30 hs<\/td>\n<\/tr>\n<tr>\n<td width=\"623\">Ester Gon\u00e7alves Moreira<\/td>\n<td width=\"247\">15\/05 &#8211; 08:50 hs<\/td>\n<\/tr>\n<tr>\n<td width=\"623\">Ester Isabel Gonzaga Coelho<\/td>\n<td width=\"247\">16\/05 &#8211; 08:50 hs<\/td>\n<\/tr>\n<tr>\n<td width=\"623\">Esther Mariane Amorim<\/td>\n<td width=\"247\">14\/05 &#8211; 19:15 hs<\/td>\n<\/tr>\n<tr>\n<td width=\"623\">Euler Charles santos<\/td>\n<td width=\"247\">16\/05 &#8211; 19:15 hs<\/td>\n<\/tr>\n<tr>\n<td width=\"623\">Evanir Soares de Souza Guimar\u00e3es<\/td>\n<td width=\"247\">15\/05 &#8211; 20:15 hs<\/td>\n<\/tr>\n<tr>\n<td width=\"623\">Evelyn Kamille Souza Cardoso<\/td>\n<td width=\"247\">15\/05 &#8211; 14:15 hs<\/td>\n<\/tr>\n<tr>\n<td width=\"623\">Fabiana Silva Chaves<\/td>\n<td width=\"247\">Aguardar confirma\u00e7\u00e3o<\/td>\n<\/tr>\n<tr>\n<td width=\"623\">Felipe Mendes da Cunha<\/td>\n<td width=\"247\">14\/05 &#8211; 15:20 hs<\/td>\n<\/tr>\n<tr>\n<td width=\"623\">Fernando Rodrigues de Souza<\/td>\n<td width=\"247\">13\/05 &#8211; 09:50 hs<\/td>\n<\/tr>\n<tr>\n<td width=\"623\">Fhanne Fourbeth Nunes Santana<\/td>\n<td width=\"247\">15\/05 &#8211; 20:15 hs<\/td>\n<\/tr>\n<tr>\n<td width=\"623\">Filipe Telles le\u00e3o de Oliveira<\/td>\n<td width=\"247\">16\/05 &#8211; 19:15 hs<\/td>\n<\/tr>\n<tr>\n<td width=\"623\">Fl\u00e1via Fernandes dos Santos Silva<\/td>\n<td width=\"247\">13\/05 &#8211; 09:50 hs<\/td>\n<\/tr>\n<tr>\n<td width=\"623\">Francismar Gildson Ferreira<\/td>\n<td width=\"247\">16\/05 &#8211; 20:15 hs<\/td>\n<\/tr>\n<tr>\n<td width=\"623\">Gabriel Alves\u00a0 Silva<\/td>\n<td width=\"247\">16\/05 &#8211; 08:50 hs<\/td>\n<\/tr>\n<tr>\n<td width=\"623\">Gabriel Cardoso de Souza<\/td>\n<td width=\"247\">13\/05 &#8211; 13:30 hs<\/td>\n<\/tr>\n<tr>\n<td width=\"623\">Gabriel Lucas Aguiar Souza<\/td>\n<td width=\"247\">15\/05 &#8211; 08:50 hs<\/td>\n<\/tr>\n<tr>\n<td width=\"623\">Gabriel Ribeiro de S\u00e1<\/td>\n<td width=\"247\">13\/05 &#8211; 08:50 hs<\/td>\n<\/tr>\n<tr>\n<td width=\"623\">Gabriel Telles le\u00e3o de oliveira<\/td>\n<td width=\"247\">16\/05 &#8211; 20:15 hs<\/td>\n<\/tr>\n<tr>\n<td width=\"623\">Gabriela Lorena Barbosa Silva<\/td>\n<td width=\"247\">15\/05 &#8211; 09:50 hs<\/td>\n<\/tr>\n<tr>\n<td width=\"623\">Gabriella Brant Sechi<\/td>\n<td width=\"247\">13\/05 &#8211; 08:00 hs<\/td>\n<\/tr>\n<tr>\n<td width=\"623\">Gabriella Darc Afonso de Oliveira<\/td>\n<td width=\"247\">13\/05 &#8211; 13:30 hs<\/td>\n<\/tr>\n<tr>\n<td width=\"623\">Gabriella Gomes de Camargo Corr\u00eaa<\/td>\n<td width=\"247\">13\/05 &#8211; 08:50 hs<\/td>\n<\/tr>\n<tr>\n<td width=\"623\">Geronimo santos Martins<\/td>\n<td width=\"247\">14\/05 &#8211; 10:45 hs<\/td>\n<\/tr>\n<tr>\n<td width=\"623\">Giovana Chaves Rezende Martins<\/td>\n<td width=\"247\">14\/05 &#8211; 15:20 hs<\/td>\n<\/tr>\n<tr>\n<td width=\"623\">Giovanna Rafaela Costa de Oliveira<\/td>\n<td width=\"247\">Aguardar confirma\u00e7\u00e3o<\/td>\n<\/tr>\n<tr>\n<td width=\"623\">Gisele Ramos dos Santos da Rocha<\/td>\n<td width=\"247\">15\/05 &#8211; 19:15 hs<\/td>\n<\/tr>\n<tr>\n<td width=\"623\">Gislaine Rosa dos Santos<\/td>\n<td width=\"247\">13\/05 &#8211; 19:15 hs<\/td>\n<\/tr>\n<tr>\n<td width=\"623\">Glaucia Helena de Souza<\/td>\n<td width=\"247\">15\/05 &#8211; 20:15 hs<\/td>\n<\/tr>\n<tr>\n<td width=\"623\">Graziele Nat\u00e1lia de Oliveira<\/td>\n<td width=\"247\">16\/05 &#8211; 20:15 hs<\/td>\n<\/tr>\n<tr>\n<td width=\"623\">Greiciane de Oliveira Pereira<\/td>\n<td width=\"247\">13\/05 &#8211; 08:50 hs<\/td>\n<\/tr>\n<tr>\n<td width=\"623\">Guilherme Victor Ventura<\/td>\n<td width=\"247\">Aguardar confirma\u00e7\u00e3o<\/td>\n<\/tr>\n<tr>\n<td width=\"623\">Gumercindo De F\u00e1tima Silva<\/td>\n<td width=\"247\">15\/05 &#8211; 15:20 hs<\/td>\n<\/tr>\n<tr>\n<td width=\"623\">Gustavo Torres Diniz<\/td>\n<td width=\"247\">13\/05 &#8211; 08:00 hs<\/td>\n<\/tr>\n<tr>\n<td width=\"623\">Hannah Cardoso Barbosa<\/td>\n<td width=\"247\">16\/05 &#8211; 20:15 hs<\/td>\n<\/tr>\n<tr>\n<td width=\"623\">Hellen arruda fantini<\/td>\n<td width=\"247\">Aguardar confirma\u00e7\u00e3o<\/td>\n<\/tr>\n<tr>\n<td width=\"623\">Henrique Filgueiras Hott<\/td>\n<td width=\"247\">14\/05 &#8211; 13:30 hs<\/td>\n<\/tr>\n<tr>\n<td width=\"623\">Henrique Marinho Lima<\/td>\n<td width=\"247\">Aguardar confirma\u00e7\u00e3o<\/td>\n<\/tr>\n<tr>\n<td width=\"623\">Humberto Assun\u00e7\u00e3o Serpa<\/td>\n<td width=\"247\">15\/05 &#8211; 18:30 hs<\/td>\n<\/tr>\n<tr>\n<td width=\"623\">Iago Camargos Henriques Guerra<\/td>\n<td width=\"247\">16\/05 &#8211; 08:50 hs<\/td>\n<\/tr>\n<tr>\n<td width=\"623\">Iasmin de Souza lino<\/td>\n<td width=\"247\">16\/05 &#8211; 10:45 hs<\/td>\n<\/tr>\n<tr>\n<td width=\"623\">Irislene Gomes Ara\u00fajo<\/td>\n<td width=\"247\">13\/05 &#8211; 13:30 hs<\/td>\n<\/tr>\n<tr>\n<td width=\"623\">Isabela Andrade Oliveira<\/td>\n<td width=\"247\">15\/05 &#8211; 08:50 hs<\/td>\n<\/tr>\n<tr>\n<td width=\"623\">Isabela Christina Alves da Silva<\/td>\n<td width=\"247\">Aguardar confirma\u00e7\u00e3o<\/td>\n<\/tr>\n<tr>\n<td width=\"623\">Isaque de Souza Lino<\/td>\n<td width=\"247\">14\/05 &#8211; 15:20 hs<\/td>\n<\/tr>\n<tr>\n<td width=\"623\">Italo Demetrios Souza Gl\u00f3ria<\/td>\n<td width=\"247\">13\/05 &#8211; 08:50 hs<\/td>\n<\/tr>\n<tr>\n<td width=\"623\">Izabela Cristina de Oliveira Eduardo<\/td>\n<td width=\"247\">16\/05 &#8211; 08:00 hs<\/td>\n<\/tr>\n<tr>\n<td width=\"623\">Izaias Silveira Santos<\/td>\n<td width=\"247\">15\/05 &#8211; 19:15 hs<\/td>\n<\/tr>\n<tr>\n<td width=\"623\">Jaine de F\u00e1tima Alves da silva<\/td>\n<td width=\"247\">15\/05 &#8211; 08:00 hs<\/td>\n<\/tr>\n<tr>\n<td width=\"623\">Jeanne Ribeiro Camargo<\/td>\n<td width=\"247\">15\/05 &#8211; 09:50 hs<\/td>\n<\/tr>\n<tr>\n<td width=\"623\">J\u00e9ssica M\u00e1rcia Rodrigues Generoso<\/td>\n<td width=\"247\">15\/05 &#8211; 19:15 hs<\/td>\n<\/tr>\n<tr>\n<td width=\"623\">Jhonata Pedro de Paula Silva<\/td>\n<td width=\"247\">14\/05 &#8211; 19:15 hs<\/td>\n<\/tr>\n<tr>\n<td width=\"623\">Jhonata Pedro de Paula Silva<\/td>\n<td width=\"247\">Aguardar confirma\u00e7\u00e3o<\/td>\n<\/tr>\n<tr>\n<td width=\"623\">Jo\u00e3o Pedro Lemos Evaristo Gon\u00e7alves<\/td>\n<td width=\"247\">14\/05 &#8211; 14:15 hs<\/td>\n<\/tr>\n<tr>\n<td width=\"623\">Jo\u00e3o Renato de Souza Xavier<\/td>\n<td width=\"247\">16\/05 &#8211; 08:00 hs<\/td>\n<\/tr>\n<tr>\n<td width=\"623\">Joel Porfirio Lucas<\/td>\n<td width=\"247\">16\/05 &#8211; 19:15 hs<\/td>\n<\/tr>\n<tr>\n<td width=\"623\">Jonathas Soares Oliveira<\/td>\n<td width=\"247\">13\/05 &#8211; 18:30 hs<\/td>\n<\/tr>\n<tr>\n<td width=\"623\">Jos\u00e9 Luiz da Silva Marques<\/td>\n<td width=\"247\">14\/05 &#8211; 20:15 hs<\/td>\n<\/tr>\n<tr>\n<td width=\"623\">Jos\u00e9 Luiz da Silva Marques<\/td>\n<td width=\"247\">Aguardar confirma\u00e7\u00e3o<\/td>\n<\/tr>\n<tr>\n<td width=\"623\">Josiane Pinheiro Araujo dos Santos<\/td>\n<td width=\"247\">13\/05 &#8211; 08:00 hs<\/td>\n<\/tr>\n<tr>\n<td width=\"623\">Josino Lopes da Silva<\/td>\n<td width=\"247\">13\/05 &#8211; 08:50 hs<\/td>\n<\/tr>\n<tr>\n<td width=\"623\">J\u00falia Alves Silva<\/td>\n<td width=\"247\">14\/05 &#8211; 18:30 hs<\/td>\n<\/tr>\n<tr>\n<td width=\"623\">J\u00falia Andrade Castro<\/td>\n<td width=\"247\">14\/05 &#8211; 20:15 hs<\/td>\n<\/tr>\n<tr>\n<td width=\"623\">J\u00falia Mara Souza Figueiredo<\/td>\n<td width=\"247\">13\/05 &#8211; 15:20 hs<\/td>\n<\/tr>\n<tr>\n<td width=\"623\">La\u00eds Almeida de Carvalho Cruz<\/td>\n<td width=\"247\">16\/05 &#8211; 08:00 hs<\/td>\n<\/tr>\n<tr>\n<td width=\"623\">La\u00eds Aryanne da Silva<\/td>\n<td width=\"247\">Aguardar confirma\u00e7\u00e3o<\/td>\n<\/tr>\n<tr>\n<td width=\"623\">Lais Valentina Mattos<\/td>\n<td width=\"247\">16\/05 &#8211; 08:50 hs<\/td>\n<\/tr>\n<tr>\n<td width=\"623\">Lara de Paula Teixeira Cardoso<\/td>\n<td width=\"247\">13\/05 &#8211; 15:20 hs<\/td>\n<\/tr>\n<tr>\n<td width=\"623\">Larissa Roberta de Oliveira Paes<\/td>\n<td width=\"247\">15\/05 &#8211; 15:20 hs<\/td>\n<\/tr>\n<tr>\n<td width=\"623\">Larissa Valentina Hipolito Ferreira<\/td>\n<td width=\"247\">15\/05 &#8211; 14:15 hs<\/td>\n<\/tr>\n<tr>\n<td width=\"623\">Laudiceia de Paula schirmer<\/td>\n<td width=\"247\">13\/05 &#8211; 19:15 hs<\/td>\n<\/tr>\n<tr>\n<td width=\"623\">Laura de F\u00e1tima Oliveira Gra\u00e7as<\/td>\n<td width=\"247\">Aguardar confirma\u00e7\u00e3o<\/td>\n<\/tr>\n<tr>\n<td width=\"623\">Laura Emanuelly Ferreira de Souza<\/td>\n<td width=\"247\">16\/05 &#8211; 09:50 hs<\/td>\n<\/tr>\n<tr>\n<td width=\"623\">Laura Magalh\u00e3es Diniz<\/td>\n<td width=\"247\">16\/05 &#8211; 08:50 hs<\/td>\n<\/tr>\n<tr>\n<td width=\"623\">Laura Massula Campos Guimar\u00e3es<\/td>\n<td width=\"247\">13\/05 &#8211; 14:15 hs<\/td>\n<\/tr>\n<tr>\n<td width=\"623\">Leonardo Gon\u00e7alves Miranda<\/td>\n<td width=\"247\">14\/05 &#8211; 10:45 hs<\/td>\n<\/tr>\n<tr>\n<td width=\"623\">Let\u00edcia Azevedo Cota Barbosa<\/td>\n<td width=\"247\">14\/05 &#8211; 19:15 hs<\/td>\n<\/tr>\n<tr>\n<td width=\"623\">Let\u00edcia Parreiras Simas<\/td>\n<td width=\"247\">16\/05 &#8211; 09:50 hs<\/td>\n<\/tr>\n<tr>\n<td width=\"623\">Letycia Evelin Silva Pr\u00edncipe<\/td>\n<td width=\"247\">14\/05 &#8211; 18:30 hs<\/td>\n<\/tr>\n<tr>\n<td width=\"623\">Lila Peres Braga<\/td>\n<td width=\"247\">16\/05 &#8211; 08:00 hs<\/td>\n<\/tr>\n<tr>\n<td width=\"623\">Liliane Fernandes dos Santos<\/td>\n<td width=\"247\">15\/05 &#8211; 20:15 hs<\/td>\n<\/tr>\n<tr>\n<td width=\"623\">Liz Martins Teixeira<\/td>\n<td width=\"247\">14\/05 &#8211; 18:30 hs<\/td>\n<\/tr>\n<tr>\n<td width=\"623\">Lorena Souza Guimar\u00e3es<\/td>\n<td width=\"247\">15\/05 &#8211; 18:30 hs<\/td>\n<\/tr>\n<tr>\n<td width=\"623\">Lucas Bernardo Lima Torres<\/td>\n<td width=\"247\">Aguardar confirma\u00e7\u00e3o<\/td>\n<\/tr>\n<tr>\n<td width=\"623\">Lucas Bernardo Lima Torres<\/td>\n<td width=\"247\">16\/05 &#8211; 18:30 hs<\/td>\n<\/tr>\n<tr>\n<td width=\"623\">Luciana Teodora da silva<\/td>\n<td width=\"247\">14\/05 &#8211; 19:15 hs<\/td>\n<\/tr>\n<tr>\n<td width=\"623\">Luciano Junior da Silva Partina<\/td>\n<td width=\"247\">13\/05 &#8211; 18:30 hs<\/td>\n<\/tr>\n<tr>\n<td width=\"623\">L\u00facio Heleno Ferreira<\/td>\n<td width=\"247\">13\/05 &#8211; 19:15 hs<\/td>\n<\/tr>\n<tr>\n<td width=\"623\">Ludmila Karen Avelar Soares<\/td>\n<td width=\"247\">16\/05 &#8211; 20:15 hs<\/td>\n<\/tr>\n<tr>\n<td width=\"623\">Luigi Garcia Lima do Couto<\/td>\n<td width=\"247\">13\/05 &#8211; 15:20 hs<\/td>\n<\/tr>\n<tr>\n<td width=\"623\">Luiz Paulo Ramos Campos<\/td>\n<td width=\"247\">15\/05 &#8211; 18:30 hs<\/td>\n<\/tr>\n<tr>\n<td width=\"623\">Luiza Caroline Portes de Oliveira<\/td>\n<td width=\"247\">14\/05 &#8211; 13:30 hs<\/td>\n<\/tr>\n<tr>\n<td width=\"623\">Luiza Diaquines Barboza<\/td>\n<td width=\"247\">13\/05 &#8211; 14:15 hs<\/td>\n<\/tr>\n<tr>\n<td width=\"623\">Luna Aya Chaves dos Santos<\/td>\n<td width=\"247\">14\/05 &#8211; 18:30 hs<\/td>\n<\/tr>\n<tr>\n<td width=\"623\">Marcelo da Silva Pimenta dos Reis<\/td>\n<td width=\"247\">16\/05 &#8211; 08:00 hs<\/td>\n<\/tr>\n<tr>\n<td width=\"623\">Marci Maria Moraes Pedrosa<\/td>\n<td width=\"247\">13\/05 &#8211; 09:50 hs<\/td>\n<\/tr>\n<tr>\n<td width=\"623\">M\u00e1rcio C\u00e9sar dos Reis<\/td>\n<td width=\"247\">14\/05 &#8211; 13:30 hs<\/td>\n<\/tr>\n<tr>\n<td width=\"623\">Marco Antonio Rodrigues<\/td>\n<td width=\"247\">15\/05 &#8211; 08:00 hs<\/td>\n<\/tr>\n<tr>\n<td width=\"623\">Marco Antonio Rodrigues Filho<\/td>\n<td width=\"247\">Aguardar confirma\u00e7\u00e3o<\/td>\n<\/tr>\n<tr>\n<td width=\"623\">Maria Alice Barbosa Lage<\/td>\n<td width=\"247\">15\/05 &#8211; 08:00 hs<\/td>\n<\/tr>\n<tr>\n<td width=\"623\">Maria Cec\u00edlia Pereira Torres<\/td>\n<td width=\"247\">15\/05 &#8211; 18:30 hs<\/td>\n<\/tr>\n<tr>\n<td width=\"623\">Maria Eduarda de Oliveira Marques chiodi<\/td>\n<td width=\"247\">14\/05 &#8211; 19:15 hs<\/td>\n<\/tr>\n<tr>\n<td width=\"623\">Maria Eduarda Fernandes Cardoso<\/td>\n<td width=\"247\">Aguardar confirma\u00e7\u00e3o<\/td>\n<\/tr>\n<tr>\n<td width=\"623\">Maria Eduarda Oliveira Santos<\/td>\n<td width=\"247\">16\/05 &#8211; 09:50 hs<\/td>\n<\/tr>\n<tr>\n<td width=\"623\">Maria Flor Alves Lopes de Melo<\/td>\n<td width=\"247\">14\/05 &#8211; 18:30 hs<\/td>\n<\/tr>\n<tr>\n<td width=\"623\">Maria Luiza Tolentino Muniz<\/td>\n<td width=\"247\">14\/05 &#8211; 14:15 hs<\/td>\n<\/tr>\n<tr>\n<td width=\"623\">Maria Vit\u00f3ria de Lima Meireles<\/td>\n<td width=\"247\">14\/05 &#8211; 15:20 hs<\/td>\n<\/tr>\n<tr>\n<td width=\"623\">Mateus Henrique M Gomes<\/td>\n<td width=\"247\">14\/05 &#8211; 15:20 hs<\/td>\n<\/tr>\n<tr>\n<td width=\"623\">Matheus miguel neves do santos<\/td>\n<td width=\"247\">16\/05 &#8211; 10:45 hs<\/td>\n<\/tr>\n<tr>\n<td width=\"623\">Mauro Luiz Vieira<\/td>\n<td width=\"247\">16\/05 &#8211; 19:15 hs<\/td>\n<\/tr>\n<tr>\n<td width=\"623\">Melissa Barbosa Machado<\/td>\n<td width=\"247\">15\/05 &#8211; 18:30 hs<\/td>\n<\/tr>\n<tr>\n<td width=\"623\">Melissa Pinto Coelho Dias Resende<\/td>\n<td width=\"247\">14\/05 &#8211; 20:15 hs<\/td>\n<\/tr>\n<tr>\n<td width=\"623\">Melissa Sousa Silva<\/td>\n<td width=\"247\">14\/05 &#8211; 14:15 hs<\/td>\n<\/tr>\n<tr>\n<td width=\"623\">Michele Cristiane Reis<\/td>\n<td width=\"247\">13\/05 &#8211; 08:00 hs<\/td>\n<\/tr>\n<tr>\n<td width=\"623\">Michelly de Fatima Fernandes Cardoso dos Santos<\/td>\n<td width=\"247\">13\/05 &#8211; 19:15 hs<\/td>\n<\/tr>\n<tr>\n<td width=\"623\">Miguel Afonso Pereira Lopes<\/td>\n<td width=\"247\">15\/05 &#8211; 18:30 hs<\/td>\n<\/tr>\n<tr>\n<td width=\"623\">Miguel da Costa Sales Caetano<\/td>\n<td width=\"247\">16\/05 &#8211; 18:30 hs<\/td>\n<\/tr>\n<tr>\n<td width=\"623\">Miguel Marinho Lima<\/td>\n<td width=\"247\">14\/05 &#8211; 18:30 hs<\/td>\n<\/tr>\n<tr>\n<td width=\"623\">Miguel Moreira Raimundo<\/td>\n<td width=\"247\">14\/05 &#8211; 18:30 hs<\/td>\n<\/tr>\n<tr>\n<td width=\"623\">Miguel Phillip Corr\u00eaa Mendes<\/td>\n<td width=\"247\">16\/05 &#8211; 09:50 hs<\/td>\n<\/tr>\n<tr>\n<td width=\"623\">Miguel Vila Costa de Moraes Baiotto<\/td>\n<td width=\"247\">Aguardar confirma\u00e7\u00e3o<\/td>\n<\/tr>\n<tr>\n<td width=\"623\">Milene Esteves Marinho Lima<\/td>\n<td width=\"247\">13\/05 &#8211; 20:15 hs<\/td>\n<\/tr>\n<tr>\n<td width=\"623\">Milton c\u00e9sar pereira de Ara\u00fajo<\/td>\n<td width=\"247\">13\/05 &#8211; 08:50 hs<\/td>\n<\/tr>\n<tr>\n<td width=\"623\">Nat\u00e3 Alves Pio Maciel Souza<\/td>\n<td width=\"247\">Aguardar confirma\u00e7\u00e3o<\/td>\n<\/tr>\n<tr>\n<td width=\"623\">Nat\u00e1lia Aparecida Rocha Pereira<\/td>\n<td width=\"247\">Aguardar confirma\u00e7\u00e3o<\/td>\n<\/tr>\n<tr>\n<td width=\"623\">Nickolas Caetano saliba<\/td>\n<td width=\"247\">16\/05 &#8211; 08:00 hs<\/td>\n<\/tr>\n<tr>\n<td width=\"623\">Nickolas Martins<\/td>\n<td width=\"247\">13\/05 &#8211; 08:00 hs<\/td>\n<\/tr>\n<tr>\n<td width=\"623\">Nivia Maria Lemos Evaristo<\/td>\n<td width=\"247\">15\/05 &#8211; 15:20 hs<\/td>\n<\/tr>\n<tr>\n<td width=\"623\">Oliver Freitas de Miranda<\/td>\n<td width=\"247\">13\/05 &#8211; 14:15 hs<\/td>\n<\/tr>\n<tr>\n<td width=\"623\">Orlando Rozado Costa Junior<\/td>\n<td width=\"247\">15\/05 &#8211; 20:15 hs<\/td>\n<\/tr>\n<tr>\n<td width=\"623\">Paola Ferreira Machado<\/td>\n<td width=\"247\">Aguardar confirma\u00e7\u00e3o<\/td>\n<\/tr>\n<tr>\n<td width=\"623\">Pedro Antunes Trindade<\/td>\n<td width=\"247\">16\/05 &#8211; 08:00 hs<\/td>\n<\/tr>\n<tr>\n<td width=\"623\">Pedro Arthur de Almeida Silva pio<\/td>\n<td width=\"247\">16\/05 &#8211; 18:30 hs<\/td>\n<\/tr>\n<tr>\n<td width=\"623\">Pedro Henrique de Oliveira<\/td>\n<td width=\"247\">Aguardar confirma\u00e7\u00e3o<\/td>\n<\/tr>\n<tr>\n<td width=\"623\">Pedro Henrique Lulli Mendes<\/td>\n<td width=\"247\">Aguardar confirma\u00e7\u00e3o<\/td>\n<\/tr>\n<tr>\n<td width=\"623\">Pedro Mauro Borges da Cruz<\/td>\n<td width=\"247\">16\/05 &#8211; 08:50 hs<\/td>\n<\/tr>\n<tr>\n<td width=\"623\">Pedro Tiago da Silva Marques<\/td>\n<td width=\"247\">14\/05 &#8211; 19:15 hs<\/td>\n<\/tr>\n<tr>\n<td width=\"623\">Pedro Tiago da Silva Marques<\/td>\n<td width=\"247\">Aguardar confirma\u00e7\u00e3o<\/td>\n<\/tr>\n<tr>\n<td width=\"623\">Priscila Marques Silva<\/td>\n<td width=\"247\">15\/05 &#8211; 19:15 hs<\/td>\n<\/tr>\n<tr>\n<td width=\"623\">Priscilla Silva<\/td>\n<td width=\"247\">15\/05 &#8211; 20:15 hs<\/td>\n<\/tr>\n<tr>\n<td width=\"623\">Rafael Goulart Alves Gon\u00e7alves<\/td>\n<td width=\"247\">14\/05 &#8211; 14:15 hs<\/td>\n<\/tr>\n<tr>\n<td width=\"623\">Rafael Oliveira de Menezes<\/td>\n<td width=\"247\">16\/05 &#8211; 10:45 hs<\/td>\n<\/tr>\n<tr>\n<td width=\"623\">Rafaela L\u00fazio dos Santos<\/td>\n<td width=\"247\">14\/05 &#8211; 19:15 hs<\/td>\n<\/tr>\n<tr>\n<td width=\"623\">Raissa dos Santos Silva<\/td>\n<td width=\"247\">13\/05 &#8211; 13:30 hs<\/td>\n<\/tr>\n<tr>\n<td width=\"623\">Raphael Henrique Fernandes Cardoso<\/td>\n<td width=\"247\">Aguardar confirma\u00e7\u00e3o<\/td>\n<\/tr>\n<tr>\n<td width=\"623\">Rebeca Allana Souza Pinto<\/td>\n<td width=\"247\">Aguardar confirma\u00e7\u00e3o<\/td>\n<\/tr>\n<tr>\n<td width=\"623\">Renata dos Santos Gualberto<\/td>\n<td width=\"247\">16\/05 &#8211; 19:15 hs<\/td>\n<\/tr>\n<tr>\n<td width=\"623\">Renato da Rocha<\/td>\n<td width=\"247\">13\/05 &#8211; 08:00 hs<\/td>\n<\/tr>\n<tr>\n<td width=\"623\">Rian Ferreira Gomes<\/td>\n<td width=\"247\">13\/05 &#8211; 15:20 hs<\/td>\n<\/tr>\n<tr>\n<td width=\"623\">Richard Bruno da Matta Filismino<\/td>\n<td width=\"247\">15\/05 &#8211; 14:15 hs<\/td>\n<\/tr>\n<tr>\n<td width=\"623\">Ricthielle Nielsen Martins<\/td>\n<td width=\"247\">16\/05 &#8211; 20:15 hs<\/td>\n<\/tr>\n<tr>\n<td width=\"623\">Rodrigo Silva Corr\u00eaa<\/td>\n<td width=\"247\">13\/05 &#8211; 09:50 hs<\/td>\n<\/tr>\n<tr>\n<td width=\"623\">Rog\u00e9rio J. Vieira Jr<\/td>\n<td width=\"247\">16\/05 &#8211; 18:30 hs<\/td>\n<\/tr>\n<tr>\n<td width=\"623\">Romulo Morais e Silva<\/td>\n<td width=\"247\">13\/05 &#8211; 08:00 hs<\/td>\n<\/tr>\n<tr>\n<td width=\"623\">Rosangela Barbosa Fl\u00e1vio<\/td>\n<td width=\"247\">Aguardar confirma\u00e7\u00e3o<\/td>\n<\/tr>\n<tr>\n<td width=\"623\">Ros\u00e2nia Rodrigues de Lisboa<\/td>\n<td width=\"247\">13\/05 &#8211; 20:15 hs<\/td>\n<\/tr>\n<tr>\n<td width=\"623\">Ryan Souza Pereira<\/td>\n<td width=\"247\">13\/05 &#8211; 14:15 hs<\/td>\n<\/tr>\n<tr>\n<td width=\"623\">Samuel Fernandes Abreu da Silva<\/td>\n<td width=\"247\">16\/05 &#8211; 10:45 hs<\/td>\n<\/tr>\n<tr>\n<td width=\"623\">Samuel Tavares Santos<\/td>\n<td width=\"247\">14\/05 &#8211; 20:15 hs<\/td>\n<\/tr>\n<tr>\n<td width=\"623\">Sara Caroline Silva<\/td>\n<td width=\"247\">14\/05 &#8211; 19:15 hs<\/td>\n<\/tr>\n<tr>\n<td width=\"623\">Sara Sofia lulli Dias Malaquias<\/td>\n<td width=\"247\">16\/05 &#8211; 09:50 hs<\/td>\n<\/tr>\n<tr>\n<td width=\"623\">S\u00e9rgio Cardoso Dos Santos Fernandes<\/td>\n<td width=\"247\">13\/05 &#8211; 19:15 hs<\/td>\n<\/tr>\n<tr>\n<td width=\"623\">Sileide Aparecida Lopes Ferreira<\/td>\n<td width=\"247\">16\/05 &#8211; 19:15 hs<\/td>\n<\/tr>\n<tr>\n<td width=\"623\">Silvana Messias dos Santos Neubaner<\/td>\n<td width=\"247\">Aguardar confirma\u00e7\u00e3o<\/td>\n<\/tr>\n<tr>\n<td width=\"623\">Sofia Guimar\u00e3es Castro de Souza<\/td>\n<td width=\"247\">15\/05 &#8211; 15:20 hs<\/td>\n<\/tr>\n<tr>\n<td width=\"623\">Sofia L\u00facia Ricaldoni Andr\u00e9<\/td>\n<td width=\"247\">14\/05 &#8211; 18:30 hs<\/td>\n<\/tr>\n<tr>\n<td width=\"623\">S\u00f4nia Aparecida Nascimento dos prazeres<\/td>\n<td width=\"247\">15\/05 &#8211; 20:15 hs<\/td>\n<\/tr>\n<tr>\n<td width=\"623\">Sophia Maciel Gripp Zallio<\/td>\n<td width=\"247\">14\/05 &#8211; 14:15 hs<\/td>\n<\/tr>\n<tr>\n<td width=\"623\">Sthephany de Oliveira Alves<\/td>\n<td width=\"247\">13\/05 &#8211; 13:30 hs<\/td>\n<\/tr>\n<tr>\n<td width=\"623\">sthephany de oliveira alves<\/td>\n<td width=\"247\">15\/05 &#8211; 15:20 hs<\/td>\n<\/tr>\n<tr>\n<td width=\"623\">Suellen Santos Neubaner<\/td>\n<td width=\"247\">13\/05 &#8211; 15:20 hs<\/td>\n<\/tr>\n<tr>\n<td width=\"623\">Thaina Thalita de Lacerda<\/td>\n<td width=\"247\">15\/05 &#8211; 18:30 hs<\/td>\n<\/tr>\n<tr>\n<td width=\"623\">Tha\u00eds Portes Dutra<\/td>\n<td width=\"247\">15\/05 &#8211; 19:15 hs<\/td>\n<\/tr>\n<tr>\n<td width=\"623\">Thales Frade Silva<\/td>\n<td width=\"247\">13\/05 &#8211; 08:00 hs<\/td>\n<\/tr>\n<tr>\n<td width=\"623\">Thayna Silva Rabelo<\/td>\n<td width=\"247\">15\/05 &#8211; 19:15 hs<\/td>\n<\/tr>\n<tr>\n<td width=\"623\">Thays lorrayne<\/td>\n<td width=\"247\">13\/05 &#8211; 08:50 hs<\/td>\n<\/tr>\n<tr>\n<td width=\"623\">Tiago Teot\u00f4nio da Silva<\/td>\n<td width=\"247\">14\/05 &#8211; 13:30 hs<\/td>\n<\/tr>\n<tr>\n<td width=\"623\">Valentina Nascimento Soares<\/td>\n<td width=\"247\">14\/05 &#8211; 18:30 hs<\/td>\n<\/tr>\n<tr>\n<td width=\"623\">Valeska Assun\u00e7\u00e3o Santos<\/td>\n<td width=\"247\">13\/05 &#8211; 20:15 hs<\/td>\n<\/tr>\n<tr>\n<td width=\"623\">Vanessa Adriane Sousa<\/td>\n<td width=\"247\">13\/05 &#8211; 20:15 hs<\/td>\n<\/tr>\n<tr>\n<td width=\"623\">Vera Cristina Ferreira Rocha<\/td>\n<td width=\"247\">15\/05 &#8211; 20:15 hs<\/td>\n<\/tr>\n<tr>\n<td width=\"623\">Vera L\u00facia Cesario Coelho<\/td>\n<td width=\"247\">13\/05 &#8211; 13:30 hs<\/td>\n<\/tr>\n<tr>\n<td width=\"623\">Vera L\u00facia Ces\u00e1rio Coelho<\/td>\n<td width=\"247\">15\/05 &#8211; 13:30 hs<\/td>\n<\/tr>\n<tr>\n<td width=\"623\">Verita Perp\u00e9tua Saraiva<\/td>\n<td width=\"247\">13\/05 &#8211; 18:30 hs<\/td>\n<\/tr>\n<tr>\n<td width=\"623\">Victor Gabriel de Almeida Rocha<\/td>\n<td width=\"247\">14\/05 &#8211; 15:20 hs<\/td>\n<\/tr>\n<tr>\n<td width=\"623\">Vit\u00f3ria Bispo Umbelino<\/td>\n<td width=\"247\">13\/05 &#8211; 18:30 hs<\/td>\n<\/tr>\n<tr>\n<td width=\"623\">Vit\u00f3ria de Jesus Oliveira da Silva<\/td>\n<td width=\"247\">15\/05 &#8211; 15:20 hs<\/td>\n<\/tr>\n<tr>\n<td width=\"623\">Viviane Gomes de Camargo Corr\u00eaa<\/td>\n<td width=\"247\">13\/05 &#8211; 13:30 hs<\/td>\n<\/tr>\n<tr>\n<td width=\"623\">Wanderleia Aparecida Alves de Souza<\/td>\n<td width=\"247\">15\/05 &#8211; 20:15 hs<\/td>\n<\/tr>\n<tr>\n<td width=\"623\">Wanderson Leandro Gomes Rodrigues<\/td>\n<td width=\"247\">13\/05 &#8211; 18:30 hs<\/td>\n<\/tr>\n<tr>\n<td width=\"623\">Wellington de Oliveira Campos<\/td>\n<td width=\"247\">13\/05 &#8211; 19:15 hs<\/td>\n<\/tr>\n<tr>\n<td width=\"623\">Wesley de Oliveira Quirino<\/td>\n<td width=\"247\">13\/05 &#8211; 18:30 hs<\/td>\n<\/tr>\n<tr>\n<td width=\"623\">Wesley Thiago dos Santos Neubaner<\/td>\n<td width=\"247\">15\/05 &#8211; 19:15 hs<\/td>\n<\/tr>\n<tr>\n<td width=\"623\">Willer Davidson Moreira<\/td>\n<td width=\"247\">15\/05 &#8211; 19:15 hs<\/td>\n<\/tr>\n<tr>\n<td width=\"623\">Yandra Gon\u00e7alves Serra<\/td>\n<td width=\"247\">14\/05 &#8211; 14:15 hs<\/td>\n<\/tr>\n<tr>\n<td width=\"623\">Yasmim Lopes de Brito Borges<\/td>\n<td width=\"247\">14\/05 &#8211; 15:20 hs<\/td>\n<\/tr>\n<tr>\n<td width=\"623\">Yasmim Lopes de Brito Borges<\/td>\n<td width=\"247\">Aguardar confirma\u00e7\u00e3o<\/td>\n<\/tr>\n<tr>\n<td width=\"623\">Yasmin Cristine da Silva Pereira<\/td>\n<td width=\"247\">14\/05 &#8211; 19:15 hs<\/td>\n<\/tr>\n<tr>\n<td width=\"623\">Yasmin Emanuelle de Paula Lopes<\/td>\n<td width=\"247\">13\/05 &#8211; 15:20 hs<\/td>\n<\/tr>\n<tr>\n<td width=\"623\">Yasmin Emanuelly Ferreira<\/td>\n<td width=\"247\">16\/05 &#8211; 08:50 hs<\/td>\n<\/tr>\n<tr>\n<td width=\"623\">Yasmin Luiza Silva Santos<\/td>\n<td width=\"247\">16\/05 &#8211; 10:45 hs<\/td>\n<\/tr>\n<\/tbody>\n<\/table>\n<h2>Lista de espera<\/h2>\n<table width=\"0\">\n<tbody>\n<tr>\n<td width=\"369\"><strong>Nome completo<\/strong><\/td>\n<\/tr>\n<tr>\n<td width=\"369\">Adriana Torres dos Santos<\/td>\n<\/tr>\n<tr>\n<td width=\"369\">Aline de F\u00e1tima Silva<\/td>\n<\/tr>\n<tr>\n<td width=\"369\">Aline Ferreira Pinto<\/td>\n<\/tr>\n<tr>\n<td width=\"369\">Ana Cleide Campos Amorim Silva<\/td>\n<\/tr>\n<tr>\n<td width=\"369\">Ana Paula Lizardo Silva<\/td>\n<\/tr>\n<tr>\n<td width=\"369\">Ana Paula Macedo de Matos<\/td>\n<\/tr>\n<tr>\n<td width=\"369\">Andrea Mattos<\/td>\n<\/tr>\n<tr>\n<td width=\"369\">Audiana Alves Souza<\/td>\n<\/tr>\n<tr>\n<td width=\"369\">Camila Gon\u00e7alves<\/td>\n<\/tr>\n<tr>\n<td width=\"369\">Camila Martins<\/td>\n<\/tr>\n<tr>\n<td width=\"369\">Carlos Renato de Almeida<\/td>\n<\/tr>\n<tr>\n<td width=\"369\">Carolina Franco Leal<\/td>\n<\/tr>\n<tr>\n<td width=\"369\">Clara Vielmi Fortes<\/td>\n<\/tr>\n<tr>\n<td width=\"369\">Claudenice Louren\u00e7o da Silva<\/td>\n<\/tr>\n<tr>\n<td width=\"369\">Daiane Aparecida Alves da Silva<\/td>\n<\/tr>\n<tr>\n<td width=\"369\">Dane Ertes Cardoso de Oliveira<\/td>\n<\/tr>\n<tr>\n<td width=\"369\">Davi Araujo Dourado<\/td>\n<\/tr>\n<tr>\n<td width=\"369\">Davi Kennedy Oliveira<\/td>\n<\/tr>\n<tr>\n<td width=\"369\">Davi Miguel Evangelista<\/td>\n<\/tr>\n<tr>\n<td width=\"369\">Dayana da Silva Campos<\/td>\n<\/tr>\n<tr>\n<td width=\"369\">D\u00e9bora Cristina Almeida Lemos Melo<\/td>\n<\/tr>\n<tr>\n<td width=\"369\">Edna Santos<\/td>\n<\/tr>\n<tr>\n<td width=\"369\">Ednaldo Ventura De Andrade<\/td>\n<\/tr>\n<tr>\n<td width=\"369\">Elisa Nonato Diniz<\/td>\n<\/tr>\n<tr>\n<td width=\"369\">Everaldo Junio Pinheiro da silca<\/td>\n<\/tr>\n<tr>\n<td width=\"369\">Fabio Renato Dias<\/td>\n<\/tr>\n<tr>\n<td width=\"369\">Fabr\u00edcio Gomes Damasceno<\/td>\n<\/tr>\n<tr>\n<td width=\"369\">Fl\u00e1via Guimar\u00e3es Tomaz De Souza<\/td>\n<\/tr>\n<tr>\n<td width=\"369\">Francisco Carlos da Silva Junior<\/td>\n<\/tr>\n<tr>\n<td width=\"369\">Gabriel Mattos Mour\u00e3o de avila Aguiar<\/td>\n<\/tr>\n<tr>\n<td width=\"369\">Giovanna Maria de Amorim Parreiras<\/td>\n<\/tr>\n<tr>\n<td width=\"369\">Gu\u00edtalo Hugo Machado Dos Santos<\/td>\n<\/tr>\n<tr>\n<td width=\"369\">Helena Tchissola Pinto Vieira Dias<\/td>\n<\/tr>\n<tr>\n<td width=\"369\">Ilza Maria Gon\u00e7alves<\/td>\n<\/tr>\n<tr>\n<td width=\"369\">Jo\u00e3o Pedro Gesteira Santos<\/td>\n<\/tr>\n<tr>\n<td width=\"369\">J\u00falia Castro Alves da Silva<\/td>\n<\/tr>\n<tr>\n<td width=\"369\">Juliane Dos Reis Souza<\/td>\n<\/tr>\n<tr>\n<td width=\"369\">Julio S\u00e9rgio Da Silva<\/td>\n<\/tr>\n<tr>\n<td width=\"369\">J\u00fanio Alves Martins<\/td>\n<\/tr>\n<tr>\n<td width=\"369\">Laura Goulart Alves<\/td>\n<\/tr>\n<tr>\n<td width=\"369\">Leonardo Miranda Santos<\/td>\n<\/tr>\n<tr>\n<td width=\"369\">L\u00edvia Silva de Souza<\/td>\n<\/tr>\n<tr>\n<td width=\"369\">L\u00edvia Souza Azevedo<\/td>\n<\/tr>\n<tr>\n<td width=\"369\">Lu\u00edsa Cl\u00e1udia Barbosa Lima<\/td>\n<\/tr>\n<tr>\n<td width=\"369\">Maria Eduarda\u00a0 Silva Pederssoli<\/td>\n<\/tr>\n<tr>\n<td width=\"369\">Mariana Quadros da Cunha<\/td>\n<\/tr>\n<tr>\n<td width=\"369\">Maxwell da Rocha<\/td>\n<\/tr>\n<tr>\n<td width=\"369\">Mirele Adriane Ferreira<\/td>\n<\/tr>\n<tr>\n<td width=\"369\">Natalia marilia Gonzaga da Silva<\/td>\n<\/tr>\n<tr>\n<td width=\"369\">Neide Maria de Souza<\/td>\n<\/tr>\n<tr>\n<td width=\"369\">Neuzete Ribeiro dos Santos Pena<\/td>\n<\/tr>\n<tr>\n<td width=\"369\">Paulo Mateus Caetano Gon\u00e7alves<\/td>\n<\/tr>\n<tr>\n<td width=\"369\">Randley Gon\u00e7alves Ven\u00e2ncio<\/td>\n<\/tr>\n<tr>\n<td width=\"369\">Ravi Rocha de Queiroz<\/td>\n<\/tr>\n<tr>\n<td width=\"369\">Rog\u00e9rio Janu\u00e1rio Vieira<\/td>\n<\/tr>\n<tr>\n<td width=\"369\">Samuel Arcanjo Mendes Sousa<\/td>\n<\/tr>\n<tr>\n<td width=\"369\">Sofia Harumi Peixoto Sagawa<\/td>\n<\/tr>\n<tr>\n<td width=\"369\">tatiana ferreira dos santos correa<\/td>\n<\/tr>\n<tr>\n<td width=\"369\">Taynara Luiza de Jesus Pinheiro<\/td>\n<\/tr>\n<tr>\n<td width=\"369\">Vanessa Soares dos Santos<\/td>\n<\/tr>\n<tr>\n<td width=\"369\">Vinicius Augusto Pessamilio<\/td>\n<\/tr>\n<tr>\n<td width=\"369\">Walisson Vin\u00edcio dos Santos<\/td>\n<\/tr>\n<\/tbody>\n<\/table>\n<p>&nbsp;<\/p>\n<hr \/>\n<h2>Se voc\u00ea gostou deste post:<\/h2>\n<ul>\n<li>SIGA as nossas p\u00e1ginas nas redes sociais para acompanhar as nossas atualiza\u00e7\u00f5es: estamos no <a href=\"https:\/\/www.facebook.com\/sabrabrasil\" target=\"_blank\" rel=\"noopener\">Facebook<\/a>, no <a href=\"https:\/\/www.instagram.com\/sabrabrasil\/\" target=\"_blank\" rel=\"noopener\">Instagram<\/a>, no <a href=\"https:\/\/www.linkedin.com\/company\/25002088\" target=\"_blank\" rel=\"noopener\">LinkedIn<\/a>, no <a href=\"https:\/\/twitter.com\/ContatoSabra\" target=\"_blank\" rel=\"noopener\">Twitter<\/a> e no <a href=\"https:\/\/www.youtube.com\/channel\/UCJw-kbuEvzUNdeQf20Pa-eQ\" target=\"_blank\" rel=\"noopener\">YouTube<\/a>!<\/p>\n<\/li>\n<li>\n<p>CONHE\u00c7A o trabalho da Sociedade Art\u00edstica Brasileira (SABRA) e todas as iniciativas culturais e sociais que ela mant\u00e9m. <a href=\"https:\/\/www.sabra.org.br\/site\/acoes\/\" target=\"_blank\" rel=\"noopener\">Acesse nosso site!<\/a><\/p>\n<\/li>\n<li>\n<p>ENTRE EM CONTATO com a gente. E veja quais s\u00e3o as op\u00e7\u00f5es de ajuda na manuten\u00e7\u00e3o de nossas a\u00e7\u00f5es sociais e culturais. Basta acessar nossa p\u00e1gina <a href=\"https:\/\/www.sabra.org.br\/site\/doe-agora\/\" target=\"_blank\" rel=\"noopener\">Doe Agora!<\/a><\/p>\n<\/li>\n<li>\n<p>COMPARTILHE este texto nas suas redes sociais e ajude os seus amigos a tamb\u00e9m dominarem o assunto!<\/p>\n<\/li>\n<\/ul>\n<p>\u2013 Os projetos da @sabrabrasil s\u00e3o realizados com o patroci\u0301nio m\u00e1ster: @institutounimedbh, viabilizado pelo incentivo de mais de 5,6 mil m\u00e9dicos cooperados e colaboradores via Lei de Incentivo \u00e0 Cultura &#8211; @culturagovbr<\/p>\n<blockquote class=\"wp-embedded-content\" data-secret=\"byzNhetma4\"><p><a href=\"https:\/\/www.sabra.org.br\/site\/biografia-musicos\/\">Biografias de m\u00fasicos brasileiros<\/a><\/p><\/blockquote>\n<p><iframe class=\"wp-embedded-content\" sandbox=\"allow-scripts\" security=\"restricted\" style=\"position: absolute; visibility: hidden;\" title=\"&#8220;Biografias de m\u00fasicos brasileiros&#8221; &#8212; SABRA - Sociedade Art\u00edstica Brasileira\" src=\"https:\/\/www.sabra.org.br\/site\/biografia-musicos\/embed\/#?secret=RkCmRmoqqS#?secret=byzNhetma4\" data-secret=\"byzNhetma4\" width=\"600\" height=\"338\" frameborder=\"0\" marginwidth=\"0\" marginheight=\"0\" scrolling=\"no\"><\/iframe><\/p>\n","protected":false},"excerpt":{"rendered":"<p>Lista de alunos aprovados para os cursos de m\u00fasica oferecidos pela SABRA. Confira datas e hor\u00e1rios das aulas.<\/p>\n","protected":false},"author":39,"featured_media":9543,"comment_status":"open","ping_status":"open","sticky":false,"template":"","format":"standard","meta":{"jetpack_post_was_ever_published":false,"_jetpack_newsletter_access":"","_jetpack_dont_email_post_to_subs":false,"_jetpack_newsletter_tier_id":0,"_jetpack_memberships_contains_paywalled_content":false,"_jetpack_memberships_contains_paid_content":false,"footnotes":""},"categories":[1,4],"tags":[],"class_list":["post-9539","post","type-post","status-publish","format-standard","has-post-thumbnail","hentry","category-blog-sabra","category-noticias"],"yoast_head":"<!-- This site is optimized with the Yoast SEO plugin v27.5 - https:\/\/yoast.com\/product\/yoast-seo-wordpress\/ -->\n<title>Resultado Cursos de M\u00fasica em Contagem - SABRA - Sociedade Art\u00edstica Brasileira<\/title>\n<meta name=\"description\" content=\"Lista de alunos aprovados para os cursos de m\u00fasica oferecidos pela SABRA. Confira datas e hor\u00e1rios das aulas.\" \/>\n<meta name=\"robots\" content=\"index, follow, max-snippet:-1, max-image-preview:large, max-video-preview:-1\" \/>\n<link rel=\"canonical\" href=\"https:\/\/www.sabra.org.br\/site\/lista-contagem-2024\/\" \/>\n<meta property=\"og:locale\" content=\"pt_BR\" \/>\n<meta property=\"og:type\" content=\"article\" \/>\n<meta property=\"og:title\" content=\"Resultado Cursos de M\u00fasica em Contagem - SABRA - Sociedade Art\u00edstica Brasileira\" \/>\n<meta property=\"og:description\" content=\"Lista de alunos aprovados para os cursos de m\u00fasica oferecidos pela SABRA. Confira datas e hor\u00e1rios das aulas.\" \/>\n<meta property=\"og:url\" content=\"https:\/\/www.sabra.org.br\/site\/lista-contagem-2024\/\" \/>\n<meta property=\"og:site_name\" content=\"SABRA - Sociedade Art\u00edstica Brasileira\" \/>\n<meta property=\"article:publisher\" content=\"https:\/\/www.facebook.com\/sabrabrasil\" \/>\n<meta property=\"article:published_time\" content=\"2024-05-08T15:03:29+00:00\" \/>\n<meta property=\"article:modified_time\" content=\"2024-05-08T15:12:17+00:00\" \/>\n<meta property=\"og:image\" content=\"https:\/\/www.sabra.org.br\/site\/wp-content\/uploads\/2024\/05\/Aprovados-curso-de-musica-contagem-1.png\" \/>\n\t<meta property=\"og:image:width\" content=\"773\" \/>\n\t<meta property=\"og:image:height\" content=\"212\" \/>\n\t<meta property=\"og:image:type\" content=\"image\/png\" \/>\n<meta name=\"author\" content=\"M\u00e1rcio Miranda Pontes\" \/>\n<meta name=\"twitter:card\" content=\"summary_large_image\" \/>\n<meta name=\"twitter:creator\" content=\"@ContatoSabra\" \/>\n<meta name=\"twitter:site\" content=\"@ContatoSabra\" \/>\n<meta name=\"twitter:label1\" content=\"Escrito por\" \/>\n\t<meta name=\"twitter:data1\" content=\"M\u00e1rcio Miranda Pontes\" \/>\n\t<meta name=\"twitter:label2\" content=\"Est. tempo de leitura\" \/>\n\t<meta name=\"twitter:data2\" content=\"14 minutos\" \/>\n<script type=\"application\/ld+json\" class=\"yoast-schema-graph\">{\"@context\":\"https:\\\/\\\/schema.org\",\"@graph\":[{\"@type\":\"Article\",\"@id\":\"https:\\\/\\\/www.sabra.org.br\\\/site\\\/lista-contagem-2024\\\/#article\",\"isPartOf\":{\"@id\":\"https:\\\/\\\/www.sabra.org.br\\\/site\\\/lista-contagem-2024\\\/\"},\"author\":{\"name\":\"M\u00e1rcio Miranda Pontes\",\"@id\":\"https:\\\/\\\/www.sabra.org.br\\\/site\\\/#\\\/schema\\\/person\\\/7d1d222c3c8891d4c37c7b41bf6315c2\"},\"headline\":\"Resultado Cursos de M\u00fasica em Contagem\",\"datePublished\":\"2024-05-08T15:03:29+00:00\",\"dateModified\":\"2024-05-08T15:12:17+00:00\",\"mainEntityOfPage\":{\"@id\":\"https:\\\/\\\/www.sabra.org.br\\\/site\\\/lista-contagem-2024\\\/\"},\"wordCount\":2376,\"commentCount\":6,\"publisher\":{\"@id\":\"https:\\\/\\\/www.sabra.org.br\\\/site\\\/#organization\"},\"image\":{\"@id\":\"https:\\\/\\\/www.sabra.org.br\\\/site\\\/lista-contagem-2024\\\/#primaryimage\"},\"thumbnailUrl\":\"https:\\\/\\\/www.sabra.org.br\\\/site\\\/wp-content\\\/uploads\\\/2024\\\/05\\\/Aprovados-curso-de-musica-contagem-1.png\",\"articleSection\":[\"Blog SABRA\",\"Not\u00edcias\"],\"inLanguage\":\"pt-BR\",\"potentialAction\":[{\"@type\":\"CommentAction\",\"name\":\"Comment\",\"target\":[\"https:\\\/\\\/www.sabra.org.br\\\/site\\\/lista-contagem-2024\\\/#respond\"]}]},{\"@type\":\"WebPage\",\"@id\":\"https:\\\/\\\/www.sabra.org.br\\\/site\\\/lista-contagem-2024\\\/\",\"url\":\"https:\\\/\\\/www.sabra.org.br\\\/site\\\/lista-contagem-2024\\\/\",\"name\":\"Resultado Cursos de M\u00fasica em Contagem - SABRA - Sociedade Art\u00edstica Brasileira\",\"isPartOf\":{\"@id\":\"https:\\\/\\\/www.sabra.org.br\\\/site\\\/#website\"},\"primaryImageOfPage\":{\"@id\":\"https:\\\/\\\/www.sabra.org.br\\\/site\\\/lista-contagem-2024\\\/#primaryimage\"},\"image\":{\"@id\":\"https:\\\/\\\/www.sabra.org.br\\\/site\\\/lista-contagem-2024\\\/#primaryimage\"},\"thumbnailUrl\":\"https:\\\/\\\/www.sabra.org.br\\\/site\\\/wp-content\\\/uploads\\\/2024\\\/05\\\/Aprovados-curso-de-musica-contagem-1.png\",\"datePublished\":\"2024-05-08T15:03:29+00:00\",\"dateModified\":\"2024-05-08T15:12:17+00:00\",\"description\":\"Lista de alunos aprovados para os cursos de m\u00fasica oferecidos pela SABRA. Confira datas e hor\u00e1rios das aulas.\",\"breadcrumb\":{\"@id\":\"https:\\\/\\\/www.sabra.org.br\\\/site\\\/lista-contagem-2024\\\/#breadcrumb\"},\"inLanguage\":\"pt-BR\",\"potentialAction\":[{\"@type\":\"ReadAction\",\"target\":[\"https:\\\/\\\/www.sabra.org.br\\\/site\\\/lista-contagem-2024\\\/\"]}]},{\"@type\":\"ImageObject\",\"inLanguage\":\"pt-BR\",\"@id\":\"https:\\\/\\\/www.sabra.org.br\\\/site\\\/lista-contagem-2024\\\/#primaryimage\",\"url\":\"https:\\\/\\\/www.sabra.org.br\\\/site\\\/wp-content\\\/uploads\\\/2024\\\/05\\\/Aprovados-curso-de-musica-contagem-1.png\",\"contentUrl\":\"https:\\\/\\\/www.sabra.org.br\\\/site\\\/wp-content\\\/uploads\\\/2024\\\/05\\\/Aprovados-curso-de-musica-contagem-1.png\",\"width\":773,\"height\":212,\"caption\":\"Sociedade Art\u00edstica Brasileira SABRA\"},{\"@type\":\"BreadcrumbList\",\"@id\":\"https:\\\/\\\/www.sabra.org.br\\\/site\\\/lista-contagem-2024\\\/#breadcrumb\",\"itemListElement\":[{\"@type\":\"ListItem\",\"position\":1,\"name\":\"In\u00edcio\",\"item\":\"https:\\\/\\\/www.sabra.org.br\\\/site\\\/\"},{\"@type\":\"ListItem\",\"position\":2,\"name\":\"Resultado Cursos de M\u00fasica em Contagem\"}]},{\"@type\":\"WebSite\",\"@id\":\"https:\\\/\\\/www.sabra.org.br\\\/site\\\/#website\",\"url\":\"https:\\\/\\\/www.sabra.org.br\\\/site\\\/\",\"name\":\"SABRA - Sociedade Art\u00edstica Brasileira\",\"description\":\"Escola de M\u00fasica, Orquestra Sinf\u00f4nica, Coral e Patrim\u00f4nio Cultural e Hist\u00f3rico\",\"publisher\":{\"@id\":\"https:\\\/\\\/www.sabra.org.br\\\/site\\\/#organization\"},\"potentialAction\":[{\"@type\":\"SearchAction\",\"target\":{\"@type\":\"EntryPoint\",\"urlTemplate\":\"https:\\\/\\\/www.sabra.org.br\\\/site\\\/?s={search_term_string}\"},\"query-input\":{\"@type\":\"PropertyValueSpecification\",\"valueRequired\":true,\"valueName\":\"search_term_string\"}}],\"inLanguage\":\"pt-BR\"},{\"@type\":\"Organization\",\"@id\":\"https:\\\/\\\/www.sabra.org.br\\\/site\\\/#organization\",\"name\":\"SOCIEDADE ART\u00cdSTICA BRASILEIRA SABRA\",\"alternateName\":\"SABRA\",\"url\":\"https:\\\/\\\/www.sabra.org.br\\\/site\\\/\",\"logo\":{\"@type\":\"ImageObject\",\"inLanguage\":\"pt-BR\",\"@id\":\"https:\\\/\\\/www.sabra.org.br\\\/site\\\/#\\\/schema\\\/logo\\\/image\\\/\",\"url\":\"https:\\\/\\\/www.sabra.org.br\\\/site\\\/wp-content\\\/uploads\\\/2019\\\/06\\\/cropped-Logo_SABRA-Copia-1.webp\",\"contentUrl\":\"https:\\\/\\\/www.sabra.org.br\\\/site\\\/wp-content\\\/uploads\\\/2019\\\/06\\\/cropped-Logo_SABRA-Copia-1.webp\",\"width\":400,\"height\":128,\"caption\":\"SOCIEDADE ART\u00cdSTICA BRASILEIRA SABRA\"},\"image\":{\"@id\":\"https:\\\/\\\/www.sabra.org.br\\\/site\\\/#\\\/schema\\\/logo\\\/image\\\/\"},\"sameAs\":[\"https:\\\/\\\/www.facebook.com\\\/sabrabrasil\",\"https:\\\/\\\/x.com\\\/ContatoSabra\",\"https:\\\/\\\/www.instagram.com\\\/sabrabrasil\\\/\",\"https:\\\/\\\/www.linkedin.com\\\/company\\\/25002088\\\/\",\"https:\\\/\\\/br.pinterest.com\\\/sociedadeartisticabrasileira\\\/\",\"https:\\\/\\\/www.youtube.com\\\/c\\\/sabrabrasil\"]},{\"@type\":\"Person\",\"@id\":\"https:\\\/\\\/www.sabra.org.br\\\/site\\\/#\\\/schema\\\/person\\\/7d1d222c3c8891d4c37c7b41bf6315c2\",\"name\":\"M\u00e1rcio Miranda Pontes\",\"image\":{\"@type\":\"ImageObject\",\"inLanguage\":\"pt-BR\",\"@id\":\"https:\\\/\\\/secure.gravatar.com\\\/avatar\\\/3b45f24496a7625a3a6c436688fbe20344faaeb2979658dc4a9921f984d7df9a?s=96&d=mm&r=g\",\"url\":\"https:\\\/\\\/secure.gravatar.com\\\/avatar\\\/3b45f24496a7625a3a6c436688fbe20344faaeb2979658dc4a9921f984d7df9a?s=96&d=mm&r=g\",\"contentUrl\":\"https:\\\/\\\/secure.gravatar.com\\\/avatar\\\/3b45f24496a7625a3a6c436688fbe20344faaeb2979658dc4a9921f984d7df9a?s=96&d=mm&r=g\",\"caption\":\"M\u00e1rcio Miranda Pontes\"},\"sameAs\":[\"http:\\\/\\\/www.sabra.org.br\"],\"url\":\"https:\\\/\\\/www.sabra.org.br\\\/site\\\/author\\\/marcio-miranda-pontes\\\/\"}]}<\/script>\n<!-- \/ Yoast SEO plugin. -->","yoast_head_json":{"title":"Resultado Cursos de M\u00fasica em Contagem - SABRA - Sociedade Art\u00edstica Brasileira","description":"Lista de alunos aprovados para os cursos de m\u00fasica oferecidos pela SABRA. Confira datas e hor\u00e1rios das aulas.","robots":{"index":"index","follow":"follow","max-snippet":"max-snippet:-1","max-image-preview":"max-image-preview:large","max-video-preview":"max-video-preview:-1"},"canonical":"https:\/\/www.sabra.org.br\/site\/lista-contagem-2024\/","og_locale":"pt_BR","og_type":"article","og_title":"Resultado Cursos de M\u00fasica em Contagem - SABRA - Sociedade Art\u00edstica Brasileira","og_description":"Lista de alunos aprovados para os cursos de m\u00fasica oferecidos pela SABRA. Confira datas e hor\u00e1rios das aulas.","og_url":"https:\/\/www.sabra.org.br\/site\/lista-contagem-2024\/","og_site_name":"SABRA - Sociedade Art\u00edstica Brasileira","article_publisher":"https:\/\/www.facebook.com\/sabrabrasil","article_published_time":"2024-05-08T15:03:29+00:00","article_modified_time":"2024-05-08T15:12:17+00:00","og_image":[{"width":773,"height":212,"url":"https:\/\/www.sabra.org.br\/site\/wp-content\/uploads\/2024\/05\/Aprovados-curso-de-musica-contagem-1.png","type":"image\/png"}],"author":"M\u00e1rcio Miranda Pontes","twitter_card":"summary_large_image","twitter_creator":"@ContatoSabra","twitter_site":"@ContatoSabra","twitter_misc":{"Escrito por":"M\u00e1rcio Miranda Pontes","Est. tempo de leitura":"14 minutos"},"schema":{"@context":"https:\/\/schema.org","@graph":[{"@type":"Article","@id":"https:\/\/www.sabra.org.br\/site\/lista-contagem-2024\/#article","isPartOf":{"@id":"https:\/\/www.sabra.org.br\/site\/lista-contagem-2024\/"},"author":{"name":"M\u00e1rcio Miranda Pontes","@id":"https:\/\/www.sabra.org.br\/site\/#\/schema\/person\/7d1d222c3c8891d4c37c7b41bf6315c2"},"headline":"Resultado Cursos de M\u00fasica em Contagem","datePublished":"2024-05-08T15:03:29+00:00","dateModified":"2024-05-08T15:12:17+00:00","mainEntityOfPage":{"@id":"https:\/\/www.sabra.org.br\/site\/lista-contagem-2024\/"},"wordCount":2376,"commentCount":6,"publisher":{"@id":"https:\/\/www.sabra.org.br\/site\/#organization"},"image":{"@id":"https:\/\/www.sabra.org.br\/site\/lista-contagem-2024\/#primaryimage"},"thumbnailUrl":"https:\/\/www.sabra.org.br\/site\/wp-content\/uploads\/2024\/05\/Aprovados-curso-de-musica-contagem-1.png","articleSection":["Blog SABRA","Not\u00edcias"],"inLanguage":"pt-BR","potentialAction":[{"@type":"CommentAction","name":"Comment","target":["https:\/\/www.sabra.org.br\/site\/lista-contagem-2024\/#respond"]}]},{"@type":"WebPage","@id":"https:\/\/www.sabra.org.br\/site\/lista-contagem-2024\/","url":"https:\/\/www.sabra.org.br\/site\/lista-contagem-2024\/","name":"Resultado Cursos de M\u00fasica em Contagem - SABRA - Sociedade Art\u00edstica Brasileira","isPartOf":{"@id":"https:\/\/www.sabra.org.br\/site\/#website"},"primaryImageOfPage":{"@id":"https:\/\/www.sabra.org.br\/site\/lista-contagem-2024\/#primaryimage"},"image":{"@id":"https:\/\/www.sabra.org.br\/site\/lista-contagem-2024\/#primaryimage"},"thumbnailUrl":"https:\/\/www.sabra.org.br\/site\/wp-content\/uploads\/2024\/05\/Aprovados-curso-de-musica-contagem-1.png","datePublished":"2024-05-08T15:03:29+00:00","dateModified":"2024-05-08T15:12:17+00:00","description":"Lista de alunos aprovados para os cursos de m\u00fasica oferecidos pela SABRA. Confira datas e hor\u00e1rios das aulas.","breadcrumb":{"@id":"https:\/\/www.sabra.org.br\/site\/lista-contagem-2024\/#breadcrumb"},"inLanguage":"pt-BR","potentialAction":[{"@type":"ReadAction","target":["https:\/\/www.sabra.org.br\/site\/lista-contagem-2024\/"]}]},{"@type":"ImageObject","inLanguage":"pt-BR","@id":"https:\/\/www.sabra.org.br\/site\/lista-contagem-2024\/#primaryimage","url":"https:\/\/www.sabra.org.br\/site\/wp-content\/uploads\/2024\/05\/Aprovados-curso-de-musica-contagem-1.png","contentUrl":"https:\/\/www.sabra.org.br\/site\/wp-content\/uploads\/2024\/05\/Aprovados-curso-de-musica-contagem-1.png","width":773,"height":212,"caption":"Sociedade Art\u00edstica Brasileira SABRA"},{"@type":"BreadcrumbList","@id":"https:\/\/www.sabra.org.br\/site\/lista-contagem-2024\/#breadcrumb","itemListElement":[{"@type":"ListItem","position":1,"name":"In\u00edcio","item":"https:\/\/www.sabra.org.br\/site\/"},{"@type":"ListItem","position":2,"name":"Resultado Cursos de M\u00fasica em Contagem"}]},{"@type":"WebSite","@id":"https:\/\/www.sabra.org.br\/site\/#website","url":"https:\/\/www.sabra.org.br\/site\/","name":"SABRA - Sociedade Art\u00edstica Brasileira","description":"Escola de M\u00fasica, Orquestra Sinf\u00f4nica, Coral e Patrim\u00f4nio Cultural e Hist\u00f3rico","publisher":{"@id":"https:\/\/www.sabra.org.br\/site\/#organization"},"potentialAction":[{"@type":"SearchAction","target":{"@type":"EntryPoint","urlTemplate":"https:\/\/www.sabra.org.br\/site\/?s={search_term_string}"},"query-input":{"@type":"PropertyValueSpecification","valueRequired":true,"valueName":"search_term_string"}}],"inLanguage":"pt-BR"},{"@type":"Organization","@id":"https:\/\/www.sabra.org.br\/site\/#organization","name":"SOCIEDADE ART\u00cdSTICA BRASILEIRA SABRA","alternateName":"SABRA","url":"https:\/\/www.sabra.org.br\/site\/","logo":{"@type":"ImageObject","inLanguage":"pt-BR","@id":"https:\/\/www.sabra.org.br\/site\/#\/schema\/logo\/image\/","url":"https:\/\/www.sabra.org.br\/site\/wp-content\/uploads\/2019\/06\/cropped-Logo_SABRA-Copia-1.webp","contentUrl":"https:\/\/www.sabra.org.br\/site\/wp-content\/uploads\/2019\/06\/cropped-Logo_SABRA-Copia-1.webp","width":400,"height":128,"caption":"SOCIEDADE ART\u00cdSTICA BRASILEIRA SABRA"},"image":{"@id":"https:\/\/www.sabra.org.br\/site\/#\/schema\/logo\/image\/"},"sameAs":["https:\/\/www.facebook.com\/sabrabrasil","https:\/\/x.com\/ContatoSabra","https:\/\/www.instagram.com\/sabrabrasil\/","https:\/\/www.linkedin.com\/company\/25002088\/","https:\/\/br.pinterest.com\/sociedadeartisticabrasileira\/","https:\/\/www.youtube.com\/c\/sabrabrasil"]},{"@type":"Person","@id":"https:\/\/www.sabra.org.br\/site\/#\/schema\/person\/7d1d222c3c8891d4c37c7b41bf6315c2","name":"M\u00e1rcio Miranda Pontes","image":{"@type":"ImageObject","inLanguage":"pt-BR","@id":"https:\/\/secure.gravatar.com\/avatar\/3b45f24496a7625a3a6c436688fbe20344faaeb2979658dc4a9921f984d7df9a?s=96&d=mm&r=g","url":"https:\/\/secure.gravatar.com\/avatar\/3b45f24496a7625a3a6c436688fbe20344faaeb2979658dc4a9921f984d7df9a?s=96&d=mm&r=g","contentUrl":"https:\/\/secure.gravatar.com\/avatar\/3b45f24496a7625a3a6c436688fbe20344faaeb2979658dc4a9921f984d7df9a?s=96&d=mm&r=g","caption":"M\u00e1rcio Miranda Pontes"},"sameAs":["http:\/\/www.sabra.org.br"],"url":"https:\/\/www.sabra.org.br\/site\/author\/marcio-miranda-pontes\/"}]}},"jetpack_featured_media_url":"https:\/\/www.sabra.org.br\/site\/wp-content\/uploads\/2024\/05\/Aprovados-curso-de-musica-contagem-1.png","jetpack_shortlink":"https:\/\/wp.me\/p95j2Z-2tR","jetpack-related-posts":[{"id":14059,"url":"https:\/\/www.sabra.org.br\/site\/audicao-contagem-julho25\/","url_meta":{"origin":9539,"position":0},"title":"Audi\u00e7\u00e3o de alunos da Sabra celebra transforma\u00e7\u00e3o pela m\u00fasica\u00a0","author":"M\u00e1rcio Miranda Pontes","date":"9 de julho de 2025","format":false,"excerpt":"Evento gratuito na Pra\u00e7a da Jaboticaba marca a trajet\u00f3ria de jovens m\u00fasicos formados pela Escola de M\u00fasica SABRA \u00a0 Contagem, julho de 2025 \u2013 A Escola de M\u00fasica SABRA, em parceria com o Minist\u00e9rio da Cultura, a Prefeitura Municipal de Contagem e com patroc\u00ednio m\u00e1ster do Instituto Unimed-BH, realizar\u00e1 um\u2026","rel":"","context":"Em &quot;Not\u00edcias&quot;","block_context":{"text":"Not\u00edcias","link":"https:\/\/www.sabra.org.br\/site\/category\/noticias\/"},"img":{"alt_text":"audi\u00e7\u00e3o-contagem-julho-2025-sabra-escola-de-m\u00fasica","src":"https:\/\/i0.wp.com\/www.sabra.org.br\/site\/wp-content\/uploads\/2025\/07\/Folder-audicao-julho-contagem.jpg?resize=350%2C200&ssl=1","width":350,"height":200,"srcset":"https:\/\/i0.wp.com\/www.sabra.org.br\/site\/wp-content\/uploads\/2025\/07\/Folder-audicao-julho-contagem.jpg?resize=350%2C200&ssl=1 1x, https:\/\/i0.wp.com\/www.sabra.org.br\/site\/wp-content\/uploads\/2025\/07\/Folder-audicao-julho-contagem.jpg?resize=525%2C300&ssl=1 1.5x, https:\/\/i0.wp.com\/www.sabra.org.br\/site\/wp-content\/uploads\/2025\/07\/Folder-audicao-julho-contagem.jpg?resize=700%2C400&ssl=1 2x"},"classes":[]},{"id":7693,"url":"https:\/\/www.sabra.org.br\/site\/novidades-da-escola-de-musica-sabra-em-agosto\/","url_meta":{"origin":9539,"position":1},"title":"Escola de M\u00fasica Sabra amplia atua\u00e7\u00e3o em Contagem","author":"M\u00e1rcio Miranda Pontes","date":"25 de julho de 2023","format":false,"excerpt":"No dia 1\u00ba de agosto, a Sociedade Art\u00edstica Brasileira e a Associa\u00e7\u00e3o Eldorado de Apoio \u00e0 Vida celebram Termo de Parceria que tem por objetivo a expans\u00e3o da Escola de M\u00fasica em Contagem","rel":"","context":"Em &quot;Not\u00edcias&quot;","block_context":{"text":"Not\u00edcias","link":"https:\/\/www.sabra.org.br\/site\/category\/noticias\/"},"img":{"alt_text":"educa\u00e7\u00e3o-inclusiva-musicaliza\u00e7\u00e3o-musicoterapia-sabra-m\u00fasica-contagem-escola-unimed-bh-musicaliza\u00e7\u00e3o-cultura-gratuita-meio-trabalho-crian\u00e7as-curso-incentivo-apoio-associa\u00e7\u00e3o-brasileira-cooperados-instituto-m\u00e9dicos","src":"https:\/\/i0.wp.com\/www.sabra.org.br\/site\/wp-content\/uploads\/2023\/07\/qual-a-importancia-da-arte-na-educacao-inclusiva-20180705134730-jpg.webp?resize=350%2C200&ssl=1","width":350,"height":200,"srcset":"https:\/\/i0.wp.com\/www.sabra.org.br\/site\/wp-content\/uploads\/2023\/07\/qual-a-importancia-da-arte-na-educacao-inclusiva-20180705134730-jpg.webp?resize=350%2C200&ssl=1 1x, https:\/\/i0.wp.com\/www.sabra.org.br\/site\/wp-content\/uploads\/2023\/07\/qual-a-importancia-da-arte-na-educacao-inclusiva-20180705134730-jpg.webp?resize=525%2C300&ssl=1 1.5x, https:\/\/i0.wp.com\/www.sabra.org.br\/site\/wp-content\/uploads\/2023\/07\/qual-a-importancia-da-arte-na-educacao-inclusiva-20180705134730-jpg.webp?resize=700%2C400&ssl=1 2x"},"classes":[]},{"id":11411,"url":"https:\/\/www.sabra.org.br\/site\/musicalizacao-coral-infantil-2025\/","url_meta":{"origin":9539,"position":2},"title":"SABRA cursos gratuitos de musicaliza\u00e7\u00e3o e coral infantil","author":"M\u00e1rcio Miranda Pontes","date":"13 de mar\u00e7o de 2025","format":false,"excerpt":"Participe do projeto 'M\u00fasica Inclusiva' e conhe\u00e7a os cursos de musicaliza\u00e7\u00e3o dispon\u00edveis para todas as idades.","rel":"","context":"Em &quot;Not\u00edcias&quot;","block_context":{"text":"Not\u00edcias","link":"https:\/\/www.sabra.org.br\/site\/category\/noticias\/"},"img":{"alt_text":"musicaliza\u00e7\u00e3o-coral-infantil-curso b\u00e1sico de m\u00fasica-curso intermedi\u00e1rio de m\u00fasica","src":"https:\/\/i0.wp.com\/www.sabra.org.br\/site\/wp-content\/uploads\/2025\/03\/Musicalizacao.jpg?resize=350%2C200&ssl=1","width":350,"height":200,"srcset":"https:\/\/i0.wp.com\/www.sabra.org.br\/site\/wp-content\/uploads\/2025\/03\/Musicalizacao.jpg?resize=350%2C200&ssl=1 1x, https:\/\/i0.wp.com\/www.sabra.org.br\/site\/wp-content\/uploads\/2025\/03\/Musicalizacao.jpg?resize=525%2C300&ssl=1 1.5x, https:\/\/i0.wp.com\/www.sabra.org.br\/site\/wp-content\/uploads\/2025\/03\/Musicalizacao.jpg?resize=700%2C400&ssl=1 2x, https:\/\/i0.wp.com\/www.sabra.org.br\/site\/wp-content\/uploads\/2025\/03\/Musicalizacao.jpg?resize=1050%2C600&ssl=1 3x, https:\/\/i0.wp.com\/www.sabra.org.br\/site\/wp-content\/uploads\/2025\/03\/Musicalizacao.jpg?resize=1400%2C800&ssl=1 4x"},"classes":[]},{"id":6770,"url":"https:\/\/www.sabra.org.br\/site\/musicalizacao2023\/","url_meta":{"origin":9539,"position":3},"title":"Musicaliza\u00e7\u00e3o e Coral Infantil","author":"M\u00e1rcio Miranda Pontes","date":"21 de mar\u00e7o de 2023","format":false,"excerpt":"A Sociedade Art\u00edstica Brasileira (SABRA) est\u00e1 selecionando estudantes para o Curso de Musicaliza\u00e7\u00e3o Infantil. S\u00e3o 620 vagas. Podem participar estudantes regularmente matriculados no 2\u00ba \u00a0ano do Ensino Fundamental I. As inscri\u00e7\u00f5es come\u00e7am no dia 21 e v\u00e3o at\u00e9 30 de mar\u00e7o.","rel":"","context":"Em &quot;Not\u00edcias&quot;","block_context":{"text":"Not\u00edcias","link":"https:\/\/www.sabra.org.br\/site\/category\/noticias\/"},"img":{"alt_text":"Musicaliza\u00e7\u00e3o-violino-viola-cordas-sabra","src":"https:\/\/i0.wp.com\/www.sabra.org.br\/site\/wp-content\/uploads\/2023\/03\/Musicalizacao-2.jpg?resize=350%2C200&ssl=1","width":350,"height":200,"srcset":"https:\/\/i0.wp.com\/www.sabra.org.br\/site\/wp-content\/uploads\/2023\/03\/Musicalizacao-2.jpg?resize=350%2C200&ssl=1 1x, https:\/\/i0.wp.com\/www.sabra.org.br\/site\/wp-content\/uploads\/2023\/03\/Musicalizacao-2.jpg?resize=525%2C300&ssl=1 1.5x, https:\/\/i0.wp.com\/www.sabra.org.br\/site\/wp-content\/uploads\/2023\/03\/Musicalizacao-2.jpg?resize=700%2C400&ssl=1 2x, https:\/\/i0.wp.com\/www.sabra.org.br\/site\/wp-content\/uploads\/2023\/03\/Musicalizacao-2.jpg?resize=1050%2C600&ssl=1 3x, https:\/\/i0.wp.com\/www.sabra.org.br\/site\/wp-content\/uploads\/2023\/03\/Musicalizacao-2.jpg?resize=1400%2C800&ssl=1 4x"},"classes":[]},{"id":8056,"url":"https:\/\/www.sabra.org.br\/site\/sabra-concerto\/","url_meta":{"origin":9539,"position":4},"title":"SABRA promove Concerto Noturno.","author":"M\u00e1rcio Miranda Pontes","date":"25 de setembro de 2023","format":false,"excerpt":"SABRA promove Concerto Noturno com diversos grupos musicais para comemorar seus 10 anos de funda\u00e7\u00e3o. O evento acontece no pr\u00f3ximo dia 28 de setembro, , \u00e0s 19h30no Sal\u00e3o de Eventos do CAR em Betim.","rel":"","context":"Em &quot;Blog SABRA&quot;","block_context":{"text":"Blog SABRA","link":"https:\/\/www.sabra.org.br\/site\/category\/blog-sabra\/"},"img":{"alt_text":"sabra-m\u00fasica-coral-meio-concerto-cultura-trabalho-betim-cooperado-escola-evento-incentivo-sinf\u00f4nica-projeto-social","src":"https:\/\/i0.wp.com\/www.sabra.org.br\/site\/wp-content\/uploads\/2023\/09\/unnamed-jpg.webp?resize=350%2C200&ssl=1","width":350,"height":200,"srcset":"https:\/\/i0.wp.com\/www.sabra.org.br\/site\/wp-content\/uploads\/2023\/09\/unnamed-jpg.webp?resize=350%2C200&ssl=1 1x, https:\/\/i0.wp.com\/www.sabra.org.br\/site\/wp-content\/uploads\/2023\/09\/unnamed-jpg.webp?resize=525%2C300&ssl=1 1.5x, https:\/\/i0.wp.com\/www.sabra.org.br\/site\/wp-content\/uploads\/2023\/09\/unnamed-jpg.webp?resize=700%2C400&ssl=1 2x, https:\/\/i0.wp.com\/www.sabra.org.br\/site\/wp-content\/uploads\/2023\/09\/unnamed-jpg.webp?resize=1050%2C600&ssl=1 3x"},"classes":[]},{"id":7250,"url":"https:\/\/www.sabra.org.br\/site\/concerto-orquestra\/","url_meta":{"origin":9539,"position":5},"title":"Nova s\u00e9rie de concertos com a Orquestra Sinf\u00f4nica de Betim","author":"M\u00e1rcio Miranda Pontes","date":"2 de junho de 2023","format":false,"excerpt":"Voc\u00ea sabia que a m\u00fasica pode ser uma excelente aliada do ensino de ci\u00eancias para as crian\u00e7as na escola? \u00c9 isso mesmo! Quer saber como isso acontece? Confira o texto a seguir!","rel":"","context":"Em &quot;Not\u00edcias&quot;","block_context":{"text":"Not\u00edcias","link":"https:\/\/www.sabra.org.br\/site\/category\/noticias\/"},"img":{"alt_text":"orquestra-sinf\u00f4nica-betim-juvenil-infantil-infanto-sabra-concerto","src":"https:\/\/i0.wp.com\/www.sabra.org.br\/site\/wp-content\/uploads\/2022\/12\/IMG_9406-scaled.jpg?resize=350%2C200&ssl=1","width":350,"height":200,"srcset":"https:\/\/i0.wp.com\/www.sabra.org.br\/site\/wp-content\/uploads\/2022\/12\/IMG_9406-scaled.jpg?resize=350%2C200&ssl=1 1x, https:\/\/i0.wp.com\/www.sabra.org.br\/site\/wp-content\/uploads\/2022\/12\/IMG_9406-scaled.jpg?resize=525%2C300&ssl=1 1.5x, https:\/\/i0.wp.com\/www.sabra.org.br\/site\/wp-content\/uploads\/2022\/12\/IMG_9406-scaled.jpg?resize=700%2C400&ssl=1 2x, https:\/\/i0.wp.com\/www.sabra.org.br\/site\/wp-content\/uploads\/2022\/12\/IMG_9406-scaled.jpg?resize=1050%2C600&ssl=1 3x, https:\/\/i0.wp.com\/www.sabra.org.br\/site\/wp-content\/uploads\/2022\/12\/IMG_9406-scaled.jpg?resize=1400%2C800&ssl=1 4x"},"classes":[]}],"jetpack_likes_enabled":true,"jetpack_sharing_enabled":true,"_links":{"self":[{"href":"https:\/\/www.sabra.org.br\/site\/wp-json\/wp\/v2\/posts\/9539","targetHints":{"allow":["GET"]}}],"collection":[{"href":"https:\/\/www.sabra.org.br\/site\/wp-json\/wp\/v2\/posts"}],"about":[{"href":"https:\/\/www.sabra.org.br\/site\/wp-json\/wp\/v2\/types\/post"}],"author":[{"embeddable":true,"href":"https:\/\/www.sabra.org.br\/site\/wp-json\/wp\/v2\/users\/39"}],"replies":[{"embeddable":true,"href":"https:\/\/www.sabra.org.br\/site\/wp-json\/wp\/v2\/comments?post=9539"}],"version-history":[{"count":0,"href":"https:\/\/www.sabra.org.br\/site\/wp-json\/wp\/v2\/posts\/9539\/revisions"}],"wp:featuredmedia":[{"embeddable":true,"href":"https:\/\/www.sabra.org.br\/site\/wp-json\/wp\/v2\/media\/9543"}],"wp:attachment":[{"href":"https:\/\/www.sabra.org.br\/site\/wp-json\/wp\/v2\/media?parent=9539"}],"wp:term":[{"taxonomy":"category","embeddable":true,"href":"https:\/\/www.sabra.org.br\/site\/wp-json\/wp\/v2\/categories?post=9539"},{"taxonomy":"post_tag","embeddable":true,"href":"https:\/\/www.sabra.org.br\/site\/wp-json\/wp\/v2\/tags?post=9539"}],"curies":[{"name":"wp","href":"https:\/\/api.w.org\/{rel}","templated":true}]}}