{"id":9590,"date":"2024-05-17T09:04:49","date_gmt":"2024-05-17T12:04:49","guid":{"rendered":"https:\/\/www.sabra.org.br\/site\/?p=9590"},"modified":"2024-05-17T09:08:36","modified_gmt":"2024-05-17T12:08:36","slug":"orquestra-sinfonica-contagem-2024","status":"publish","type":"post","link":"https:\/\/www.sabra.org.br\/site\/orquestra-sinfonica-contagem-2024\/","title":{"rendered":"Orquestra Sinf\u00f4nica: Curso Gratuito em Contagem"},"content":{"rendered":"<p><em>Aulas de pr\u00e1tica de Orquestra Sinf\u00f4nica s\u00e3o gratuitas e voltadas a estudantes do ensino superior ou a m\u00fasicos rec\u00e9m-formados.<\/em><\/p>\n<p>A Escola de M\u00fasica da Sociedade Art\u00edstica Brasileira (SABRA) est\u00e1 com inscri\u00e7\u00f5es abertas para o curso de Orquestra Sinf\u00f4nica, com aulas presenciais de junho a setembro de 2024, em Contagem. O curso \u00e9 inteiramente gratuito e oferece 46 vagas, sendo 44 para instrumentistas e 2 para assistentes de produ\u00e7\u00e3o. O projeto \u00e9 realizado com recursos da Lei Rouanet, conta com o patroc\u00ednio do Instituto Unimed-BH, por meio da doa\u00e7\u00e3o de pessoas f\u00edsicas e com o apoio e parceria da Secretaria Municipal de Cultura de Contagem, Prefeitura Municipal de Contagem.<\/p>\n<h2>Para participar, os candidatos devem ter:<\/h2>\n<ul>\n<li>No m\u00ednimo 16 anos completos;<\/li>\n<li>Resid\u00eancia comprovada na Regi\u00e3o Metropolitana de Belo Horizonte;<\/li>\n<li>Conhecimento e aceita\u00e7\u00e3o integral do edital.<\/li>\n<\/ul>\n<h2>As inscri\u00e7\u00f5es est\u00e3o abertas de 16 a 31 de maio de 2024.<\/h2>\n<p>Os interessados devem preencher o formul\u00e1rio online dispon\u00edvel no site da SABRA (<a href=\"https:\/\/www.sabra.org.br\/site\/editais\/\">https:\/\/www.sabra.org.br\/site\/editais\/<\/a>) e anexar os documentos exigidos.<\/p>\n<p>A sele\u00e7\u00e3o dos candidatos ser\u00e1 realizada por meio da an\u00e1lise de v\u00eddeos e entrevistas. Os instrumentistas enviar\u00e3o v\u00eddeos com a execu\u00e7\u00e3o de trechos de obras e escalas, enquanto os assistentes de produ\u00e7\u00e3o responder\u00e3o a uma pergunta sobre sua motiva\u00e7\u00e3o para a vaga.<\/p>\n<p>Os candidatos selecionados receber\u00e3o uma bolsa incentivo mensal, al\u00e9m de outros benef\u00edcios como ajuda de custo para transporte e comunica\u00e7\u00e3o. As bolsas incentivo variam de R$ 1.100 a R$ 1.600.<\/p>\n<h2>Orquestra Sinf\u00f4nica de Contagem<\/h2>\n<p>Segundo o maestro M\u00e1rcio Miranda Pontes, Presidente da SABRA, &#8220;as atividades do curso Orquestra Sinf\u00f4nica de Contagem tem potencial para contribuir para a forma\u00e7\u00e3o de plateia para a m\u00fasica sinf\u00f4nica em Contagem, proporcionado acesso a um bem cultural quase inacess\u00edvel a grande parte da popula\u00e7\u00e3o, e para a qualifica\u00e7\u00e3o profissional de jovens m\u00fasicos.&#8221;<\/p>\n<p>Para mais informa\u00e7\u00f5es, consulte o edital completo no site da SABRA.<\/p>\n<p>N\u00e3o perca essa oportunidade de aprimorar seus conhecimentos musicais e participar de uma das mais importantes orquestras sinf\u00f4nicas do Brasil!<\/p>\n<p><strong>Sobre a Escola de M\u00fasica SABRA:<\/strong><\/p>\n<p>A Sociedade Art\u00edstica Brasileira SABRA \u00e9 uma institui\u00e7\u00e3o sem fins lucrativos que oferece ensino musical de qualidade para crian\u00e7as, adolescentes, jovens e adultos, independentemente de sua classe social ou origem. Desde sua funda\u00e7\u00e3o em 2013, a escola tem como miss\u00e3o democratizar o acesso \u00e0 m\u00fasica e promover a forma\u00e7\u00e3o de cidad\u00e3os conscientes e cr\u00edticos. Para tanto, oferece uma gama completa de cursos para todas as idades, desde a musicaliza\u00e7\u00e3o infantil at\u00e9 orquestras sinf\u00f4nicas e grupos instrumentais de c\u00e2mara. A escola tamb\u00e9m promove concertos did\u00e1ticos e apresenta\u00e7\u00f5es p\u00fablicas gratuitas, levando a m\u00fasica de qualidade para toda a comunidade.<\/p>\n<p>As atividades da SABRA s\u00e3o financiadas por meio da Lei Federal de Incentivo \u00e0 Cultura, com o patroc\u00ednio do Instituto Unimed-BH, viabilizado pelo incentivo de mais de 5,6 mil m\u00e9dicos cooperados e colaboradores da Unimed-BH. A escola tamb\u00e9m conta com a parceria da Prefeitura Municipal de Contagem (Secretaria Municipal de Cultura) e da Associa\u00e7\u00e3o Eldorado de Apoio \u00e0 Vida.<\/p>\n<p>&nbsp;<\/p>\n<p><strong>Sobre o Instituto Unimed-BH <\/strong><\/p>\n<p>O Instituto Unimed-BH completou 20 anos em 2023. A associa\u00e7\u00e3o sem fins lucrativos foi criada em 2003 e, desde ent\u00e3o, desenvolve projetos socioculturais e socioambientais visando \u00e0 forma\u00e7\u00e3o da cidadania, estimulando o bem-estar e a qualidade de vida das pessoas, fomentando a economia criativa, valorizando espa\u00e7os p\u00fablicos e o meio ambiente. Ao longo de sua hist\u00f3ria, o Instituto destinou mais de R$ 170 milh\u00f5es por meio das leis de incentivo municipal e federal, fundos do idoso e da crian\u00e7a e do adolescente, com o apoio de mais de 5,6 mil m\u00e9dicos cooperados e colaboradores da Unimed-BH. Em 2022, mais de 9,3 mil postos de trabalho foram gerados e 1,6 milh\u00e3o de pessoas foram alcan\u00e7adas por meio de projetos em cinco linhas de atua\u00e7\u00e3o: Comunidade, Voluntariado, Meio Ambiente, Ado\u00e7\u00e3o de Espa\u00e7os P\u00fablicos e Cultura, que est\u00e3o alinhados aos Objetivos de Desenvolvimento Sustent\u00e1vel da Agenda 2030.<\/p>\n<p><strong>\u00a0<\/strong><\/p>\n<p><strong>Servi\u00e7o:<\/strong> <strong><u>Curso de Orquestra Sinf\u00f4nica (em Contagem)<\/u><\/strong><\/p>\n<p>Inscri\u00e7\u00f5es de 16 a 31 de maio de 2024<\/p>\n<p>Residentes na RMBH, acima de 16 anos<\/p>\n<p>46 vagas, bolsas de R$ 1.100 a R$ 1.600<\/p>\n<p><a href=\"http:\/\/www.institutounimedbh.com.br\/\">Edital dispon\u00edvel em www.sabra.org.br\/site\/editais<\/a><\/p>\n<hr \/>\n<h2>Se voc\u00ea gostou deste post:<\/h2>\n<ul>\n<li>SIGA as nossas p\u00e1ginas nas redes sociais para acompanhar as nossas atualiza\u00e7\u00f5es: estamos no <a href=\"https:\/\/www.facebook.com\/sabrabrasil\" target=\"_blank\" rel=\"noopener\">Facebook<\/a>, no <a href=\"https:\/\/www.instagram.com\/sabrabrasil\/\" target=\"_blank\" rel=\"noopener\">Instagram<\/a>, no <a href=\"https:\/\/www.linkedin.com\/company\/25002088\" target=\"_blank\" rel=\"noopener\">LinkedIn<\/a>, no <a href=\"https:\/\/twitter.com\/ContatoSabra\" target=\"_blank\" rel=\"noopener\">Twitter<\/a> e no <a href=\"https:\/\/www.youtube.com\/channel\/UCJw-kbuEvzUNdeQf20Pa-eQ\" target=\"_blank\" rel=\"noopener\">YouTube<\/a>!<\/p>\n<\/li>\n<li>\n<p>CONHE\u00c7A o trabalho da Sociedade Art\u00edstica Brasileira (SABRA) e todas as iniciativas culturais e sociais que ela mant\u00e9m. <a href=\"https:\/\/www.sabra.org.br\/site\/acoes\/\" target=\"_blank\" rel=\"noopener\">Acesse nosso site!<\/a><\/p>\n<\/li>\n<li>\n<p>ENTRE EM CONTATO com a gente. E veja quais s\u00e3o as op\u00e7\u00f5es de ajuda na manuten\u00e7\u00e3o de nossas a\u00e7\u00f5es sociais e culturais. Basta acessar nossa p\u00e1gina <a href=\"https:\/\/www.sabra.org.br\/site\/doe-agora\/\" target=\"_blank\" rel=\"noopener\">Doe Agora!<\/a><\/p>\n<\/li>\n<li>\n<p>COMPARTILHE este texto nas suas redes sociais e ajude os seus amigos a tamb\u00e9m dominarem o assunto!<\/p>\n<\/li>\n<\/ul>\n<p>\u2013 Os projetos da @sabrabrasil s\u00e3o realizados com o patroci\u0301nio m\u00e1ster: @institutounimedbh, viabilizado pelo incentivo de mais de 5,6 mil m\u00e9dicos cooperados e colaboradores via Lei de Incentivo \u00e0 Cultura &#8211; @culturagovbr<\/p>\n<blockquote class=\"wp-embedded-content\" data-secret=\"14S9vMCLM8\"><p><a href=\"https:\/\/www.sabra.org.br\/site\/novidades-da-escola-de-musica-sabra-em-agosto\/\">Escola de M\u00fasica Sabra amplia atua\u00e7\u00e3o em Contagem<\/a><\/p><\/blockquote>\n<p><iframe class=\"wp-embedded-content\" sandbox=\"allow-scripts\" security=\"restricted\" style=\"position: absolute; visibility: hidden;\" title=\"&#8220;Escola de M\u00fasica Sabra amplia atua\u00e7\u00e3o em Contagem&#8221; &#8212; SABRA - Sociedade Art\u00edstica Brasileira\" src=\"https:\/\/www.sabra.org.br\/site\/novidades-da-escola-de-musica-sabra-em-agosto\/embed\/#?secret=cKJw57gfs0#?secret=14S9vMCLM8\" data-secret=\"14S9vMCLM8\" width=\"600\" height=\"338\" frameborder=\"0\" marginwidth=\"0\" marginheight=\"0\" scrolling=\"no\"><\/iframe><\/p>\n","protected":false},"excerpt":{"rendered":"<p>Participe do curso gratuito de Orquestra Sinf\u00f4nica da Escola de M\u00fasica da SABRA em Contagem. O curso oferece bolsas incentivo. e as inscri\u00e7\u00f5es abertas est\u00e3o abertas de 16 a 31 de maio de 2024.<\/p>\n","protected":false},"author":39,"featured_media":9591,"comment_status":"open","ping_status":"open","sticky":false,"template":"","format":"standard","meta":{"jetpack_post_was_ever_published":false,"_jetpack_newsletter_access":"","_jetpack_dont_email_post_to_subs":false,"_jetpack_newsletter_tier_id":0,"_jetpack_memberships_contains_paywalled_content":false,"_jetpack_memberships_contains_paid_content":false,"footnotes":""},"categories":[4],"tags":[15,2757,3626,3623,8,3629,1285,3628,16,3519,1286,11,3622,9],"class_list":["post-9590","post","type-post","status-publish","format-standard","has-post-thumbnail","hentry","category-noticias","tag-assistencia-social","tag-belo-horizonte","tag-cabo-frio","tag-campos-dos-goytacazes","tag-canto-coral","tag-contagem","tag-escola-de-musica-sabra","tag-ibirite","tag-musicalizacao-infantil","tag-nova-lima-2","tag-orquestra-infanto-juvenil-de-betim","tag-orquestra-sinfonica-de-betim","tag-raposos","tag-sociedade-artistica-brasileira"],"yoast_head":"<!-- This site is optimized with the Yoast SEO plugin v27.5 - https:\/\/yoast.com\/product\/yoast-seo-wordpress\/ -->\n<title>Orquestra Sinf\u00f4nica: Curso Gratuito em Contagem - SABRA - Sociedade Art\u00edstica Brasileira<\/title>\n<meta name=\"description\" content=\"Participe do curso gratuito de Orquestra Sinf\u00f4nica da Escola de M\u00fasica da SABRA em Contagem. Inscri\u00e7\u00f5es abertas de 16 a 31 de maio de 2024.\" \/>\n<meta name=\"robots\" content=\"index, follow, max-snippet:-1, max-image-preview:large, max-video-preview:-1\" \/>\n<link rel=\"canonical\" href=\"https:\/\/www.sabra.org.br\/site\/orquestra-sinfonica-contagem-2024\/\" \/>\n<meta property=\"og:locale\" content=\"pt_BR\" \/>\n<meta property=\"og:type\" content=\"article\" \/>\n<meta property=\"og:title\" content=\"Orquestra Sinf\u00f4nica: Curso Gratuito em Contagem - SABRA - Sociedade Art\u00edstica Brasileira\" \/>\n<meta property=\"og:description\" content=\"Participe do curso gratuito de Orquestra Sinf\u00f4nica da Escola de M\u00fasica da SABRA em Contagem. Inscri\u00e7\u00f5es abertas de 16 a 31 de maio de 2024.\" \/>\n<meta property=\"og:url\" content=\"https:\/\/www.sabra.org.br\/site\/orquestra-sinfonica-contagem-2024\/\" \/>\n<meta property=\"og:site_name\" content=\"SABRA - Sociedade Art\u00edstica Brasileira\" \/>\n<meta property=\"article:publisher\" content=\"https:\/\/www.facebook.com\/sabrabrasil\" \/>\n<meta property=\"article:published_time\" content=\"2024-05-17T12:04:49+00:00\" \/>\n<meta property=\"article:modified_time\" content=\"2024-05-17T12:08:36+00:00\" \/>\n<meta property=\"og:image\" content=\"https:\/\/www.sabra.org.br\/site\/wp-content\/uploads\/2024\/05\/2024-05-16-CursoOrqSinfonicaContagem-jpg.webp\" \/>\n\t<meta property=\"og:image:width\" content=\"1080\" \/>\n\t<meta property=\"og:image:height\" content=\"1080\" \/>\n\t<meta property=\"og:image:type\" content=\"image\/jpeg\" \/>\n<meta name=\"author\" content=\"M\u00e1rcio Miranda Pontes\" \/>\n<meta name=\"twitter:card\" content=\"summary_large_image\" \/>\n<meta name=\"twitter:creator\" content=\"@ContatoSabra\" \/>\n<meta name=\"twitter:site\" content=\"@ContatoSabra\" \/>\n<meta name=\"twitter:label1\" content=\"Escrito por\" \/>\n\t<meta name=\"twitter:data1\" content=\"M\u00e1rcio Miranda Pontes\" \/>\n\t<meta name=\"twitter:label2\" content=\"Est. tempo de leitura\" \/>\n\t<meta name=\"twitter:data2\" content=\"5 minutos\" \/>\n<script type=\"application\/ld+json\" class=\"yoast-schema-graph\">{\"@context\":\"https:\\\/\\\/schema.org\",\"@graph\":[{\"@type\":\"Article\",\"@id\":\"https:\\\/\\\/www.sabra.org.br\\\/site\\\/orquestra-sinfonica-contagem-2024\\\/#article\",\"isPartOf\":{\"@id\":\"https:\\\/\\\/www.sabra.org.br\\\/site\\\/orquestra-sinfonica-contagem-2024\\\/\"},\"author\":{\"name\":\"M\u00e1rcio Miranda Pontes\",\"@id\":\"https:\\\/\\\/www.sabra.org.br\\\/site\\\/#\\\/schema\\\/person\\\/7d1d222c3c8891d4c37c7b41bf6315c2\"},\"headline\":\"Orquestra Sinf\u00f4nica: Curso Gratuito em Contagem\",\"datePublished\":\"2024-05-17T12:04:49+00:00\",\"dateModified\":\"2024-05-17T12:08:36+00:00\",\"mainEntityOfPage\":{\"@id\":\"https:\\\/\\\/www.sabra.org.br\\\/site\\\/orquestra-sinfonica-contagem-2024\\\/\"},\"wordCount\":890,\"commentCount\":7,\"publisher\":{\"@id\":\"https:\\\/\\\/www.sabra.org.br\\\/site\\\/#organization\"},\"image\":{\"@id\":\"https:\\\/\\\/www.sabra.org.br\\\/site\\\/orquestra-sinfonica-contagem-2024\\\/#primaryimage\"},\"thumbnailUrl\":\"https:\\\/\\\/www.sabra.org.br\\\/site\\\/wp-content\\\/uploads\\\/2024\\\/05\\\/2024-05-16-CursoOrqSinfonicaContagem-jpg.webp\",\"keywords\":[\"Assist\u00eancia social\",\"Belo Horizonte\",\"Cabo Frio\",\"Campos dos Goytacazes\",\"Canto Coral\",\"Contagem\",\"Escola de Musica SABRA\",\"Ibirit\u00e9\",\"Musicaliza\u00e7\u00e3o Infantil\",\"nova lima\",\"Orquestra Infanto Juvenil de Betim\",\"Orquestra Sinf\u00f4nica de Betim\",\"Raposos\",\"Sociedade Art\u00edstica Brasileira\"],\"articleSection\":[\"Not\u00edcias\"],\"inLanguage\":\"pt-BR\",\"potentialAction\":[{\"@type\":\"CommentAction\",\"name\":\"Comment\",\"target\":[\"https:\\\/\\\/www.sabra.org.br\\\/site\\\/orquestra-sinfonica-contagem-2024\\\/#respond\"]}]},{\"@type\":\"WebPage\",\"@id\":\"https:\\\/\\\/www.sabra.org.br\\\/site\\\/orquestra-sinfonica-contagem-2024\\\/\",\"url\":\"https:\\\/\\\/www.sabra.org.br\\\/site\\\/orquestra-sinfonica-contagem-2024\\\/\",\"name\":\"Orquestra Sinf\u00f4nica: Curso Gratuito em Contagem - SABRA - Sociedade Art\u00edstica Brasileira\",\"isPartOf\":{\"@id\":\"https:\\\/\\\/www.sabra.org.br\\\/site\\\/#website\"},\"primaryImageOfPage\":{\"@id\":\"https:\\\/\\\/www.sabra.org.br\\\/site\\\/orquestra-sinfonica-contagem-2024\\\/#primaryimage\"},\"image\":{\"@id\":\"https:\\\/\\\/www.sabra.org.br\\\/site\\\/orquestra-sinfonica-contagem-2024\\\/#primaryimage\"},\"thumbnailUrl\":\"https:\\\/\\\/www.sabra.org.br\\\/site\\\/wp-content\\\/uploads\\\/2024\\\/05\\\/2024-05-16-CursoOrqSinfonicaContagem-jpg.webp\",\"datePublished\":\"2024-05-17T12:04:49+00:00\",\"dateModified\":\"2024-05-17T12:08:36+00:00\",\"description\":\"Participe do curso gratuito de Orquestra Sinf\u00f4nica da Escola de M\u00fasica da SABRA em Contagem. Inscri\u00e7\u00f5es abertas de 16 a 31 de maio de 2024.\",\"breadcrumb\":{\"@id\":\"https:\\\/\\\/www.sabra.org.br\\\/site\\\/orquestra-sinfonica-contagem-2024\\\/#breadcrumb\"},\"inLanguage\":\"pt-BR\",\"potentialAction\":[{\"@type\":\"ReadAction\",\"target\":[\"https:\\\/\\\/www.sabra.org.br\\\/site\\\/orquestra-sinfonica-contagem-2024\\\/\"]}]},{\"@type\":\"ImageObject\",\"inLanguage\":\"pt-BR\",\"@id\":\"https:\\\/\\\/www.sabra.org.br\\\/site\\\/orquestra-sinfonica-contagem-2024\\\/#primaryimage\",\"url\":\"https:\\\/\\\/www.sabra.org.br\\\/site\\\/wp-content\\\/uploads\\\/2024\\\/05\\\/2024-05-16-CursoOrqSinfonicaContagem-jpg.webp\",\"contentUrl\":\"https:\\\/\\\/www.sabra.org.br\\\/site\\\/wp-content\\\/uploads\\\/2024\\\/05\\\/2024-05-16-CursoOrqSinfonicaContagem-jpg.webp\",\"width\":1080,\"height\":1080,\"caption\":\"Sociedade Art\u00edstica Brasileira SABRA\"},{\"@type\":\"BreadcrumbList\",\"@id\":\"https:\\\/\\\/www.sabra.org.br\\\/site\\\/orquestra-sinfonica-contagem-2024\\\/#breadcrumb\",\"itemListElement\":[{\"@type\":\"ListItem\",\"position\":1,\"name\":\"In\u00edcio\",\"item\":\"https:\\\/\\\/www.sabra.org.br\\\/site\\\/\"},{\"@type\":\"ListItem\",\"position\":2,\"name\":\"Orquestra Sinf\u00f4nica: Curso Gratuito em Contagem\"}]},{\"@type\":\"WebSite\",\"@id\":\"https:\\\/\\\/www.sabra.org.br\\\/site\\\/#website\",\"url\":\"https:\\\/\\\/www.sabra.org.br\\\/site\\\/\",\"name\":\"SABRA - Sociedade Art\u00edstica Brasileira\",\"description\":\"Escola de M\u00fasica, Orquestra Sinf\u00f4nica, Coral e Patrim\u00f4nio Cultural e Hist\u00f3rico\",\"publisher\":{\"@id\":\"https:\\\/\\\/www.sabra.org.br\\\/site\\\/#organization\"},\"potentialAction\":[{\"@type\":\"SearchAction\",\"target\":{\"@type\":\"EntryPoint\",\"urlTemplate\":\"https:\\\/\\\/www.sabra.org.br\\\/site\\\/?s={search_term_string}\"},\"query-input\":{\"@type\":\"PropertyValueSpecification\",\"valueRequired\":true,\"valueName\":\"search_term_string\"}}],\"inLanguage\":\"pt-BR\"},{\"@type\":\"Organization\",\"@id\":\"https:\\\/\\\/www.sabra.org.br\\\/site\\\/#organization\",\"name\":\"SOCIEDADE ART\u00cdSTICA BRASILEIRA SABRA\",\"alternateName\":\"SABRA\",\"url\":\"https:\\\/\\\/www.sabra.org.br\\\/site\\\/\",\"logo\":{\"@type\":\"ImageObject\",\"inLanguage\":\"pt-BR\",\"@id\":\"https:\\\/\\\/www.sabra.org.br\\\/site\\\/#\\\/schema\\\/logo\\\/image\\\/\",\"url\":\"https:\\\/\\\/www.sabra.org.br\\\/site\\\/wp-content\\\/uploads\\\/2019\\\/06\\\/cropped-Logo_SABRA-Copia-1.webp\",\"contentUrl\":\"https:\\\/\\\/www.sabra.org.br\\\/site\\\/wp-content\\\/uploads\\\/2019\\\/06\\\/cropped-Logo_SABRA-Copia-1.webp\",\"width\":400,\"height\":128,\"caption\":\"SOCIEDADE ART\u00cdSTICA BRASILEIRA SABRA\"},\"image\":{\"@id\":\"https:\\\/\\\/www.sabra.org.br\\\/site\\\/#\\\/schema\\\/logo\\\/image\\\/\"},\"sameAs\":[\"https:\\\/\\\/www.facebook.com\\\/sabrabrasil\",\"https:\\\/\\\/x.com\\\/ContatoSabra\",\"https:\\\/\\\/www.instagram.com\\\/sabrabrasil\\\/\",\"https:\\\/\\\/www.linkedin.com\\\/company\\\/25002088\\\/\",\"https:\\\/\\\/br.pinterest.com\\\/sociedadeartisticabrasileira\\\/\",\"https:\\\/\\\/www.youtube.com\\\/c\\\/sabrabrasil\"]},{\"@type\":\"Person\",\"@id\":\"https:\\\/\\\/www.sabra.org.br\\\/site\\\/#\\\/schema\\\/person\\\/7d1d222c3c8891d4c37c7b41bf6315c2\",\"name\":\"M\u00e1rcio Miranda Pontes\",\"image\":{\"@type\":\"ImageObject\",\"inLanguage\":\"pt-BR\",\"@id\":\"https:\\\/\\\/secure.gravatar.com\\\/avatar\\\/3b45f24496a7625a3a6c436688fbe20344faaeb2979658dc4a9921f984d7df9a?s=96&d=mm&r=g\",\"url\":\"https:\\\/\\\/secure.gravatar.com\\\/avatar\\\/3b45f24496a7625a3a6c436688fbe20344faaeb2979658dc4a9921f984d7df9a?s=96&d=mm&r=g\",\"contentUrl\":\"https:\\\/\\\/secure.gravatar.com\\\/avatar\\\/3b45f24496a7625a3a6c436688fbe20344faaeb2979658dc4a9921f984d7df9a?s=96&d=mm&r=g\",\"caption\":\"M\u00e1rcio Miranda Pontes\"},\"sameAs\":[\"http:\\\/\\\/www.sabra.org.br\"],\"url\":\"https:\\\/\\\/www.sabra.org.br\\\/site\\\/author\\\/marcio-miranda-pontes\\\/\"}]}<\/script>\n<!-- \/ Yoast SEO plugin. -->","yoast_head_json":{"title":"Orquestra Sinf\u00f4nica: Curso Gratuito em Contagem - SABRA - Sociedade Art\u00edstica Brasileira","description":"Participe do curso gratuito de Orquestra Sinf\u00f4nica da Escola de M\u00fasica da SABRA em Contagem. Inscri\u00e7\u00f5es abertas de 16 a 31 de maio de 2024.","robots":{"index":"index","follow":"follow","max-snippet":"max-snippet:-1","max-image-preview":"max-image-preview:large","max-video-preview":"max-video-preview:-1"},"canonical":"https:\/\/www.sabra.org.br\/site\/orquestra-sinfonica-contagem-2024\/","og_locale":"pt_BR","og_type":"article","og_title":"Orquestra Sinf\u00f4nica: Curso Gratuito em Contagem - SABRA - Sociedade Art\u00edstica Brasileira","og_description":"Participe do curso gratuito de Orquestra Sinf\u00f4nica da Escola de M\u00fasica da SABRA em Contagem. Inscri\u00e7\u00f5es abertas de 16 a 31 de maio de 2024.","og_url":"https:\/\/www.sabra.org.br\/site\/orquestra-sinfonica-contagem-2024\/","og_site_name":"SABRA - Sociedade Art\u00edstica Brasileira","article_publisher":"https:\/\/www.facebook.com\/sabrabrasil","article_published_time":"2024-05-17T12:04:49+00:00","article_modified_time":"2024-05-17T12:08:36+00:00","og_image":[{"width":1080,"height":1080,"url":"https:\/\/www.sabra.org.br\/site\/wp-content\/uploads\/2024\/05\/2024-05-16-CursoOrqSinfonicaContagem-jpg.webp","type":"image\/jpeg"}],"author":"M\u00e1rcio Miranda Pontes","twitter_card":"summary_large_image","twitter_creator":"@ContatoSabra","twitter_site":"@ContatoSabra","twitter_misc":{"Escrito por":"M\u00e1rcio Miranda Pontes","Est. tempo de leitura":"5 minutos"},"schema":{"@context":"https:\/\/schema.org","@graph":[{"@type":"Article","@id":"https:\/\/www.sabra.org.br\/site\/orquestra-sinfonica-contagem-2024\/#article","isPartOf":{"@id":"https:\/\/www.sabra.org.br\/site\/orquestra-sinfonica-contagem-2024\/"},"author":{"name":"M\u00e1rcio Miranda Pontes","@id":"https:\/\/www.sabra.org.br\/site\/#\/schema\/person\/7d1d222c3c8891d4c37c7b41bf6315c2"},"headline":"Orquestra Sinf\u00f4nica: Curso Gratuito em Contagem","datePublished":"2024-05-17T12:04:49+00:00","dateModified":"2024-05-17T12:08:36+00:00","mainEntityOfPage":{"@id":"https:\/\/www.sabra.org.br\/site\/orquestra-sinfonica-contagem-2024\/"},"wordCount":890,"commentCount":7,"publisher":{"@id":"https:\/\/www.sabra.org.br\/site\/#organization"},"image":{"@id":"https:\/\/www.sabra.org.br\/site\/orquestra-sinfonica-contagem-2024\/#primaryimage"},"thumbnailUrl":"https:\/\/www.sabra.org.br\/site\/wp-content\/uploads\/2024\/05\/2024-05-16-CursoOrqSinfonicaContagem-jpg.webp","keywords":["Assist\u00eancia social","Belo Horizonte","Cabo Frio","Campos dos Goytacazes","Canto Coral","Contagem","Escola de Musica SABRA","Ibirit\u00e9","Musicaliza\u00e7\u00e3o Infantil","nova lima","Orquestra Infanto Juvenil de Betim","Orquestra Sinf\u00f4nica de Betim","Raposos","Sociedade Art\u00edstica Brasileira"],"articleSection":["Not\u00edcias"],"inLanguage":"pt-BR","potentialAction":[{"@type":"CommentAction","name":"Comment","target":["https:\/\/www.sabra.org.br\/site\/orquestra-sinfonica-contagem-2024\/#respond"]}]},{"@type":"WebPage","@id":"https:\/\/www.sabra.org.br\/site\/orquestra-sinfonica-contagem-2024\/","url":"https:\/\/www.sabra.org.br\/site\/orquestra-sinfonica-contagem-2024\/","name":"Orquestra Sinf\u00f4nica: Curso Gratuito em Contagem - SABRA - Sociedade Art\u00edstica Brasileira","isPartOf":{"@id":"https:\/\/www.sabra.org.br\/site\/#website"},"primaryImageOfPage":{"@id":"https:\/\/www.sabra.org.br\/site\/orquestra-sinfonica-contagem-2024\/#primaryimage"},"image":{"@id":"https:\/\/www.sabra.org.br\/site\/orquestra-sinfonica-contagem-2024\/#primaryimage"},"thumbnailUrl":"https:\/\/www.sabra.org.br\/site\/wp-content\/uploads\/2024\/05\/2024-05-16-CursoOrqSinfonicaContagem-jpg.webp","datePublished":"2024-05-17T12:04:49+00:00","dateModified":"2024-05-17T12:08:36+00:00","description":"Participe do curso gratuito de Orquestra Sinf\u00f4nica da Escola de M\u00fasica da SABRA em Contagem. Inscri\u00e7\u00f5es abertas de 16 a 31 de maio de 2024.","breadcrumb":{"@id":"https:\/\/www.sabra.org.br\/site\/orquestra-sinfonica-contagem-2024\/#breadcrumb"},"inLanguage":"pt-BR","potentialAction":[{"@type":"ReadAction","target":["https:\/\/www.sabra.org.br\/site\/orquestra-sinfonica-contagem-2024\/"]}]},{"@type":"ImageObject","inLanguage":"pt-BR","@id":"https:\/\/www.sabra.org.br\/site\/orquestra-sinfonica-contagem-2024\/#primaryimage","url":"https:\/\/www.sabra.org.br\/site\/wp-content\/uploads\/2024\/05\/2024-05-16-CursoOrqSinfonicaContagem-jpg.webp","contentUrl":"https:\/\/www.sabra.org.br\/site\/wp-content\/uploads\/2024\/05\/2024-05-16-CursoOrqSinfonicaContagem-jpg.webp","width":1080,"height":1080,"caption":"Sociedade Art\u00edstica Brasileira SABRA"},{"@type":"BreadcrumbList","@id":"https:\/\/www.sabra.org.br\/site\/orquestra-sinfonica-contagem-2024\/#breadcrumb","itemListElement":[{"@type":"ListItem","position":1,"name":"In\u00edcio","item":"https:\/\/www.sabra.org.br\/site\/"},{"@type":"ListItem","position":2,"name":"Orquestra Sinf\u00f4nica: Curso Gratuito em Contagem"}]},{"@type":"WebSite","@id":"https:\/\/www.sabra.org.br\/site\/#website","url":"https:\/\/www.sabra.org.br\/site\/","name":"SABRA - Sociedade Art\u00edstica Brasileira","description":"Escola de M\u00fasica, Orquestra Sinf\u00f4nica, Coral e Patrim\u00f4nio Cultural e Hist\u00f3rico","publisher":{"@id":"https:\/\/www.sabra.org.br\/site\/#organization"},"potentialAction":[{"@type":"SearchAction","target":{"@type":"EntryPoint","urlTemplate":"https:\/\/www.sabra.org.br\/site\/?s={search_term_string}"},"query-input":{"@type":"PropertyValueSpecification","valueRequired":true,"valueName":"search_term_string"}}],"inLanguage":"pt-BR"},{"@type":"Organization","@id":"https:\/\/www.sabra.org.br\/site\/#organization","name":"SOCIEDADE ART\u00cdSTICA BRASILEIRA SABRA","alternateName":"SABRA","url":"https:\/\/www.sabra.org.br\/site\/","logo":{"@type":"ImageObject","inLanguage":"pt-BR","@id":"https:\/\/www.sabra.org.br\/site\/#\/schema\/logo\/image\/","url":"https:\/\/www.sabra.org.br\/site\/wp-content\/uploads\/2019\/06\/cropped-Logo_SABRA-Copia-1.webp","contentUrl":"https:\/\/www.sabra.org.br\/site\/wp-content\/uploads\/2019\/06\/cropped-Logo_SABRA-Copia-1.webp","width":400,"height":128,"caption":"SOCIEDADE ART\u00cdSTICA BRASILEIRA SABRA"},"image":{"@id":"https:\/\/www.sabra.org.br\/site\/#\/schema\/logo\/image\/"},"sameAs":["https:\/\/www.facebook.com\/sabrabrasil","https:\/\/x.com\/ContatoSabra","https:\/\/www.instagram.com\/sabrabrasil\/","https:\/\/www.linkedin.com\/company\/25002088\/","https:\/\/br.pinterest.com\/sociedadeartisticabrasileira\/","https:\/\/www.youtube.com\/c\/sabrabrasil"]},{"@type":"Person","@id":"https:\/\/www.sabra.org.br\/site\/#\/schema\/person\/7d1d222c3c8891d4c37c7b41bf6315c2","name":"M\u00e1rcio Miranda Pontes","image":{"@type":"ImageObject","inLanguage":"pt-BR","@id":"https:\/\/secure.gravatar.com\/avatar\/3b45f24496a7625a3a6c436688fbe20344faaeb2979658dc4a9921f984d7df9a?s=96&d=mm&r=g","url":"https:\/\/secure.gravatar.com\/avatar\/3b45f24496a7625a3a6c436688fbe20344faaeb2979658dc4a9921f984d7df9a?s=96&d=mm&r=g","contentUrl":"https:\/\/secure.gravatar.com\/avatar\/3b45f24496a7625a3a6c436688fbe20344faaeb2979658dc4a9921f984d7df9a?s=96&d=mm&r=g","caption":"M\u00e1rcio Miranda Pontes"},"sameAs":["http:\/\/www.sabra.org.br"],"url":"https:\/\/www.sabra.org.br\/site\/author\/marcio-miranda-pontes\/"}]}},"jetpack_featured_media_url":"https:\/\/www.sabra.org.br\/site\/wp-content\/uploads\/2024\/05\/2024-05-16-CursoOrqSinfonicaContagem-jpg.webp","jetpack_shortlink":"https:\/\/wp.me\/p95j2Z-2uG","jetpack-related-posts":[{"id":6773,"url":"https:\/\/www.sabra.org.br\/site\/orquestra2023\/","url_meta":{"origin":9590,"position":0},"title":"Orquestra Sinf\u00f4nica de Betim 2023","author":"M\u00e1rcio Miranda Pontes","date":"21 de mar\u00e7o de 2023","format":false,"excerpt":"A Sociedade Art\u00edstica Brasileira (SABRA) est\u00e1 com vagas abertas para o curso de Orquestra Sinf\u00f4nica. S\u00e3o 55 vagas abertas, sendo 53 para instrumentistas e duas para assistente de produ\u00e7\u00e3o. Podem participar candidatos com 16 anos ou mais, que morem na Regi\u00e3o Metropolitana de Belo Horizonte. \u00c9 preciso comprovar conhecimento dos\u2026","rel":"","context":"Em &quot;Not\u00edcias&quot;","block_context":{"text":"Not\u00edcias","link":"https:\/\/www.sabra.org.br\/site\/category\/noticias\/"},"img":{"alt_text":"orquestra-sinf\u00f4nica-sabra-betim-escola-m\u00fasica","src":"https:\/\/i0.wp.com\/www.sabra.org.br\/site\/wp-content\/uploads\/2023\/03\/Orquestra-Sinfonica-1.jpg?resize=350%2C200&ssl=1","width":350,"height":200,"srcset":"https:\/\/i0.wp.com\/www.sabra.org.br\/site\/wp-content\/uploads\/2023\/03\/Orquestra-Sinfonica-1.jpg?resize=350%2C200&ssl=1 1x, https:\/\/i0.wp.com\/www.sabra.org.br\/site\/wp-content\/uploads\/2023\/03\/Orquestra-Sinfonica-1.jpg?resize=525%2C300&ssl=1 1.5x, https:\/\/i0.wp.com\/www.sabra.org.br\/site\/wp-content\/uploads\/2023\/03\/Orquestra-Sinfonica-1.jpg?resize=700%2C400&ssl=1 2x, https:\/\/i0.wp.com\/www.sabra.org.br\/site\/wp-content\/uploads\/2023\/03\/Orquestra-Sinfonica-1.jpg?resize=1050%2C600&ssl=1 3x, https:\/\/i0.wp.com\/www.sabra.org.br\/site\/wp-content\/uploads\/2023\/03\/Orquestra-Sinfonica-1.jpg?resize=1400%2C800&ssl=1 4x"},"classes":[]},{"id":2418,"url":"https:\/\/www.sabra.org.br\/site\/curso-de-musicalizacao-infantil-gratuito\/","url_meta":{"origin":9590,"position":1},"title":"Curso Gratuito de Musicaliza\u00e7\u00e3o Infantil em Betim &#8211; 2020","author":"M\u00e1rcio Miranda Pontes","date":"7 de fevereiro de 2020","format":false,"excerpt":"A Sociedade Art\u00edstica Brasileira SABRA est\u00e1 oferecendo vagas para o Curso Gratuito de Musicaliza\u00e7\u00e3o Infantil em Betim. Vagas apenas para crian\u00e7as regularmente matriculadas no 2\u00ba ou 3\u00ba ano do Ensino Fundamental.","rel":"","context":"Em &quot;Not\u00edcias&quot;","block_context":{"text":"Not\u00edcias","link":"https:\/\/www.sabra.org.br\/site\/category\/noticias\/"},"img":{"alt_text":"Musicaliza\u00e7\u00e3o Infantil Escola de M\u00fasica","src":"https:\/\/i0.wp.com\/www.sabra.org.br\/site\/wp-content\/uploads\/2019\/01\/Musicaliza%C3%A7%C3%A3o.jpg?resize=350%2C200&ssl=1","width":350,"height":200,"srcset":"https:\/\/i0.wp.com\/www.sabra.org.br\/site\/wp-content\/uploads\/2019\/01\/Musicaliza%C3%A7%C3%A3o.jpg?resize=350%2C200&ssl=1 1x, https:\/\/i0.wp.com\/www.sabra.org.br\/site\/wp-content\/uploads\/2019\/01\/Musicaliza%C3%A7%C3%A3o.jpg?resize=525%2C300&ssl=1 1.5x, https:\/\/i0.wp.com\/www.sabra.org.br\/site\/wp-content\/uploads\/2019\/01\/Musicaliza%C3%A7%C3%A3o.jpg?resize=700%2C400&ssl=1 2x"},"classes":[]},{"id":9422,"url":"https:\/\/www.sabra.org.br\/site\/curso-gratuito-contagem\/","url_meta":{"origin":9590,"position":2},"title":"Curso de M\u00fasica Gratuito em Contagem: Inscri\u00e7\u00f5es Abertas","author":"M\u00e1rcio Miranda Pontes","date":"24 de abril de 2024","format":false,"excerpt":"A Escola de M\u00fasica SABRA , com o patroc\u00ednio do Instituto Unimed-BH e parceria da Secretaria Municipal de Cultura de Contagem, abre inscri\u00e7\u00f5es para o Curso B\u00e1sico de M\u00fasica gratuito, com 200 vagas dispon\u00edveis para crian\u00e7as, adolescentes, jovens e adultos.","rel":"","context":"Em &quot;Not\u00edcias&quot;","block_context":{"text":"Not\u00edcias","link":"https:\/\/www.sabra.org.br\/site\/category\/noticias\/"},"img":{"alt_text":"sabra-m\u00fasica-escola-curso-gratuito-unimed-bh-contagem-inscri\u00e7\u00f5es-instituto-meio-qualidade","src":"https:\/\/i0.wp.com\/www.sabra.org.br\/site\/wp-content\/uploads\/2024\/04\/Inscricoes-contagem-2024-jpg.webp?resize=350%2C200&ssl=1","width":350,"height":200,"srcset":"https:\/\/i0.wp.com\/www.sabra.org.br\/site\/wp-content\/uploads\/2024\/04\/Inscricoes-contagem-2024-jpg.webp?resize=350%2C200&ssl=1 1x, https:\/\/i0.wp.com\/www.sabra.org.br\/site\/wp-content\/uploads\/2024\/04\/Inscricoes-contagem-2024-jpg.webp?resize=525%2C300&ssl=1 1.5x, https:\/\/i0.wp.com\/www.sabra.org.br\/site\/wp-content\/uploads\/2024\/04\/Inscricoes-contagem-2024-jpg.webp?resize=700%2C400&ssl=1 2x, https:\/\/i0.wp.com\/www.sabra.org.br\/site\/wp-content\/uploads\/2024\/04\/Inscricoes-contagem-2024-jpg.webp?resize=1050%2C600&ssl=1 3x"},"classes":[]},{"id":6770,"url":"https:\/\/www.sabra.org.br\/site\/musicalizacao2023\/","url_meta":{"origin":9590,"position":3},"title":"Musicaliza\u00e7\u00e3o e Coral Infantil","author":"M\u00e1rcio Miranda Pontes","date":"21 de mar\u00e7o de 2023","format":false,"excerpt":"A Sociedade Art\u00edstica Brasileira (SABRA) est\u00e1 selecionando estudantes para o Curso de Musicaliza\u00e7\u00e3o Infantil. S\u00e3o 620 vagas. Podem participar estudantes regularmente matriculados no 2\u00ba \u00a0ano do Ensino Fundamental I. As inscri\u00e7\u00f5es come\u00e7am no dia 21 e v\u00e3o at\u00e9 30 de mar\u00e7o.","rel":"","context":"Em &quot;Not\u00edcias&quot;","block_context":{"text":"Not\u00edcias","link":"https:\/\/www.sabra.org.br\/site\/category\/noticias\/"},"img":{"alt_text":"Musicaliza\u00e7\u00e3o-violino-viola-cordas-sabra","src":"https:\/\/i0.wp.com\/www.sabra.org.br\/site\/wp-content\/uploads\/2023\/03\/Musicalizacao-2.jpg?resize=350%2C200&ssl=1","width":350,"height":200,"srcset":"https:\/\/i0.wp.com\/www.sabra.org.br\/site\/wp-content\/uploads\/2023\/03\/Musicalizacao-2.jpg?resize=350%2C200&ssl=1 1x, https:\/\/i0.wp.com\/www.sabra.org.br\/site\/wp-content\/uploads\/2023\/03\/Musicalizacao-2.jpg?resize=525%2C300&ssl=1 1.5x, https:\/\/i0.wp.com\/www.sabra.org.br\/site\/wp-content\/uploads\/2023\/03\/Musicalizacao-2.jpg?resize=700%2C400&ssl=1 2x, https:\/\/i0.wp.com\/www.sabra.org.br\/site\/wp-content\/uploads\/2023\/03\/Musicalizacao-2.jpg?resize=1050%2C600&ssl=1 3x, https:\/\/i0.wp.com\/www.sabra.org.br\/site\/wp-content\/uploads\/2023\/03\/Musicalizacao-2.jpg?resize=1400%2C800&ssl=1 4x"},"classes":[]},{"id":4787,"url":"https:\/\/www.sabra.org.br\/site\/resultado-edital-010-2022-orquestra-sinfonica\/","url_meta":{"origin":9590,"position":4},"title":"Resultado Edital 010\/2022 &#8211; Orquestra Sinf\u00f4nica","author":"M\u00e1rcio Miranda Pontes","date":"2 de mar\u00e7o de 2022","format":false,"excerpt":"Confira o resultado do Edital 010\/2022 e veja a lista dos aprovados para o curso da Orquestra Sinf\u00f4nica de Betim.","rel":"","context":"Em &quot;Blog SABRA&quot;","block_context":{"text":"Blog SABRA","link":"https:\/\/www.sabra.org.br\/site\/category\/blog-sabra\/"},"img":{"alt_text":"sabra-m\u00fasica-sinestesia-experi\u00eancias-sensoriais-sentidos-sinest\u00e9sica-associados-cor-exploraremos-musical-percep\u00e7\u00f5es-resultado-edital","src":"https:\/\/i0.wp.com\/www.sabra.org.br\/site\/wp-content\/uploads\/2024\/04\/a-conexao-entre-a-musica-e-as-experiencias-sensoriais-na-sinestesia-20240229111914.jpg-jpg.webp?resize=350%2C200&ssl=1","width":350,"height":200,"srcset":"https:\/\/i0.wp.com\/www.sabra.org.br\/site\/wp-content\/uploads\/2024\/04\/a-conexao-entre-a-musica-e-as-experiencias-sensoriais-na-sinestesia-20240229111914.jpg-jpg.webp?resize=350%2C200&ssl=1 1x, https:\/\/i0.wp.com\/www.sabra.org.br\/site\/wp-content\/uploads\/2024\/04\/a-conexao-entre-a-musica-e-as-experiencias-sensoriais-na-sinestesia-20240229111914.jpg-jpg.webp?resize=525%2C300&ssl=1 1.5x, https:\/\/i0.wp.com\/www.sabra.org.br\/site\/wp-content\/uploads\/2024\/04\/a-conexao-entre-a-musica-e-as-experiencias-sensoriais-na-sinestesia-20240229111914.jpg-jpg.webp?resize=700%2C400&ssl=1 2x"},"classes":[]},{"id":7107,"url":"https:\/\/www.sabra.org.br\/site\/orquestra-sinfonica-curso\/","url_meta":{"origin":9590,"position":5},"title":"Curso de Orquestra Sinf\u00f4nica","author":"M\u00e1rcio Miranda Pontes","date":"11 de maio de 2023","format":false,"excerpt":"N\u00e3o \u00e9 segredo para ningu\u00e9m que a perfeita simetria \u00e9 o que rege uma orquestra sinf\u00f4nica (depois do regente, \u00e9 claro). E, para isso, \u00e9 indispens\u00e1vel investir em um curso de Orquestra Sinf\u00f4nica. Saiba mais sobre o assunto.","rel":"","context":"Em &quot;Blog SABRA&quot;","block_context":{"text":"Blog SABRA","link":"https:\/\/www.sabra.org.br\/site\/category\/blog-sabra\/"},"img":{"alt_text":"m\u00fasica-orquestra-curso-sociais-trabalha-culturais-sinf\u00f4nica","src":"https:\/\/i0.wp.com\/www.sabra.org.br\/site\/wp-content\/uploads\/2023\/05\/curso-de-orquestra-sinfonica-20171229162457.jpg-jpg.webp?resize=350%2C200&ssl=1","width":350,"height":200,"srcset":"https:\/\/i0.wp.com\/www.sabra.org.br\/site\/wp-content\/uploads\/2023\/05\/curso-de-orquestra-sinfonica-20171229162457.jpg-jpg.webp?resize=350%2C200&ssl=1 1x, https:\/\/i0.wp.com\/www.sabra.org.br\/site\/wp-content\/uploads\/2023\/05\/curso-de-orquestra-sinfonica-20171229162457.jpg-jpg.webp?resize=525%2C300&ssl=1 1.5x"},"classes":[]}],"jetpack_likes_enabled":true,"jetpack_sharing_enabled":true,"_links":{"self":[{"href":"https:\/\/www.sabra.org.br\/site\/wp-json\/wp\/v2\/posts\/9590","targetHints":{"allow":["GET"]}}],"collection":[{"href":"https:\/\/www.sabra.org.br\/site\/wp-json\/wp\/v2\/posts"}],"about":[{"href":"https:\/\/www.sabra.org.br\/site\/wp-json\/wp\/v2\/types\/post"}],"author":[{"embeddable":true,"href":"https:\/\/www.sabra.org.br\/site\/wp-json\/wp\/v2\/users\/39"}],"replies":[{"embeddable":true,"href":"https:\/\/www.sabra.org.br\/site\/wp-json\/wp\/v2\/comments?post=9590"}],"version-history":[{"count":0,"href":"https:\/\/www.sabra.org.br\/site\/wp-json\/wp\/v2\/posts\/9590\/revisions"}],"wp:featuredmedia":[{"embeddable":true,"href":"https:\/\/www.sabra.org.br\/site\/wp-json\/wp\/v2\/media\/9591"}],"wp:attachment":[{"href":"https:\/\/www.sabra.org.br\/site\/wp-json\/wp\/v2\/media?parent=9590"}],"wp:term":[{"taxonomy":"category","embeddable":true,"href":"https:\/\/www.sabra.org.br\/site\/wp-json\/wp\/v2\/categories?post=9590"},{"taxonomy":"post_tag","embeddable":true,"href":"https:\/\/www.sabra.org.br\/site\/wp-json\/wp\/v2\/tags?post=9590"}],"curies":[{"name":"wp","href":"https:\/\/api.w.org\/{rel}","templated":true}]}}