{"id":9724,"date":"2024-06-11T06:36:25","date_gmt":"2024-06-11T09:36:25","guid":{"rendered":"https:\/\/www.sabra.org.br\/site\/?p=9724"},"modified":"2025-04-18T09:06:12","modified_gmt":"2025-04-18T12:06:12","slug":"edicao-gravacao","status":"publish","type":"post","link":"https:\/\/www.sabra.org.br\/site\/edicao-gravacao\/","title":{"rendered":"Edi\u00e7\u00e3o e grava\u00e7\u00e3o de sua pr\u00f3pria m\u00fasica: No\u00e7\u00f5es b\u00e1sicas"},"content":{"rendered":"<p>Grava\u00e7\u00e3o e edita\u00e7\u00e3o de <strong>sua pr\u00f3pria m\u00fasica<\/strong> pode parecer uma tarefa intimidante para iniciantes, mas com o equipamento certo e algumas t\u00e9cnicas b\u00e1sicas, \u00e9 poss\u00edvel criar grava\u00e7\u00f5es de qualidade em casa. Neste guia, abordaremos os fundamentos para ajud\u00e1-lo a come\u00e7ar nessa jornada criativa.<\/p>\n<h2>Escolha do Equipamento Adequado<\/h2>\n<p>O primeiro passo \u00e9 garantir que voc\u00ea tenha o <strong>equipamento b\u00e1sico <\/strong>necess\u00e1rio para a grava\u00e7\u00e3o de \u00e1udio. Isso inclui um computador com software de grava\u00e7\u00e3o e edi\u00e7\u00e3o, uma interface de \u00e1udio para conectar instrumentos e microfones, microfones de qualidade adequada para suas necessidades e fones de ouvido para monitoramento.<\/p>\n<h2>Configura\u00e7\u00e3o do Espa\u00e7o de Grava\u00e7\u00e3o<\/h2>\n<p>Um <strong>ambiente adequado<\/strong> \u00e9 essencial para garantir a qualidade das suas grava\u00e7\u00f5es. Escolha uma sala tranquila, livre de ru\u00eddos externos, e considere o tratamento ac\u00fastico para minimizar reflex\u00f5es indesejadas. Posicione os microfones corretamente para capturar o melhor som poss\u00edvel de cada fonte sonora.<\/p>\n<h2>T\u00e9cnicas de Grava\u00e7\u00e3o<\/h2>\n<p>Ao <strong>gravar instrumentos ou vocais<\/strong>, \u00e9 importante capturar o melhor desempenho poss\u00edvel desde o in\u00edcio. Isso inclui ajustar os n\u00edveis de entrada corretamente para evitar distor\u00e7\u00e3o e garantir uma faixa din\u00e2mica adequada. Experimente diferentes posicionamentos de microfone para encontrar o som desejado e fa\u00e7a v\u00e1rias tomadas para ter op\u00e7\u00f5es na fase de edi\u00e7\u00e3o.<\/p>\n<h2>Edi\u00e7\u00e3o de \u00c1udio<\/h2>\n<p>Ap\u00f3s a grava\u00e7\u00e3o, o <strong>processo de edi\u00e7\u00e3o<\/strong> permite refinar e aprimorar suas faixas. Isso inclui tarefas como cortar partes indesejadas, ajustar o tempo e o tom, e adicionar efeitos como reverbera\u00e7\u00e3o e equaliza\u00e7\u00e3o. Utilize o software de edi\u00e7\u00e3o de \u00e1udio para realizar essas tarefas de maneira precisa e eficiente.<\/p>\n<h2>Mixagem e Masteriza\u00e7\u00e3o<\/h2>\n<p>A <strong>mixagem envolve equilibrar os diferentes elementos da m\u00fasica<\/strong>, como instrumentos e vocais, para criar uma mistura coesa e equilibrada. Isso inclui ajustar o volume, panor\u00e2mica e equaliza\u00e7\u00e3o de cada faixa. Ap\u00f3s a mixagem, a masteriza\u00e7\u00e3o \u00e9 o processo final de prepara\u00e7\u00e3o da m\u00fasica para distribui\u00e7\u00e3o, garantindo consist\u00eancia de volume e qualidade sonora em diferentes dispositivos de reprodu\u00e7\u00e3o.<\/p>\n<h2>Pr\u00e1tica e Experimenta\u00e7\u00e3o<\/h2>\n<p>Gravar e <strong>editar m\u00fasica \u00e9 uma habilidade <\/strong>que melhora com a pr\u00e1tica e a experimenta\u00e7\u00e3o. N\u00e3o tenha medo de tentar coisas novas e explorar diferentes t\u00e9cnicas e ferramentas. A cada projeto, voc\u00ea aprender\u00e1 e aprimorar\u00e1 suas habilidades, desenvolvendo seu pr\u00f3prio estilo e abordagem \u00fanica. A criatividade e a perseveran\u00e7a s\u00e3o fundamentais para alcan\u00e7ar o sucesso na jornada de grava\u00e7\u00e3o e edi\u00e7\u00e3o de m\u00fasica, permitindo que voc\u00ea transforme suas ideias em obras sonoras memor\u00e1veis.<\/p>\n<h2>Recursos de Aprendizagem<\/h2>\n<p>Existem in\u00fameros recursos dispon\u00edveis para ajud\u00e1-lo a aprimorar suas habilidades de grava\u00e7\u00e3o e edi\u00e7\u00e3o de m\u00fasica. Isso inclui tutoriais online, cursos especializados, livros e comunidades de m\u00fasicos onde voc\u00ea pode compartilhar experi\u00eancias e obter feedback. Dedique tempo para explorar esses recursos e expandir seu conhecimento.<\/p>\n<p>Com o <strong>equipamento certo, t\u00e9cnicas b\u00e1sicas e muita pr\u00e1tica<\/strong>, voc\u00ea pode criar grava\u00e7\u00f5es de qualidade profissional em casa. Lembre-se de dedicar tempo para aprender e experimentar, e n\u00e3o tenha medo de cometer erros no processo. Com o tempo, voc\u00ea desenvolver\u00e1 suas habilidades e alcan\u00e7ar\u00e1 resultados cada vez melhores.<\/p>\n<p>Explore<a href=\"https:\/\/www.sabra.org.br\/site\/\"> nosso site<\/a> agora para descobrir mais dicas e recursos para aprimorar suas habilidades de grava\u00e7\u00e3o e edi\u00e7\u00e3o de m\u00fasica.<\/p>\n<blockquote class=\"wp-embedded-content\" data-secret=\"Vuf9e0vTm5\"><p><a href=\"https:\/\/www.sabra.org.br\/site\/doacoes-atraves-do-imposto-de-renda\/\">Doa\u00e7\u00f5es atrav\u00e9s do Imposto de Renda<\/a><\/p><\/blockquote>\n<p><iframe class=\"wp-embedded-content\" sandbox=\"allow-scripts\" security=\"restricted\" style=\"position: absolute; visibility: hidden;\" title=\"&#8220;Doa\u00e7\u00f5es atrav\u00e9s do Imposto de Renda&#8221; &#8212; SABRA - Sociedade Art\u00edstica Brasileira\" src=\"https:\/\/www.sabra.org.br\/site\/doacoes-atraves-do-imposto-de-renda\/embed\/#?secret=YWfLMHJ9Nc#?secret=Vuf9e0vTm5\" data-secret=\"Vuf9e0vTm5\" width=\"600\" height=\"338\" frameborder=\"0\" marginwidth=\"0\" marginheight=\"0\" scrolling=\"no\"><\/iframe><\/p>\n<hr \/>\n<h2>Se voc\u00ea gostou deste post:<\/h2>\n<ul>\n<li>SIGA as nossas p\u00e1ginas nas redes sociais para acompanhar as nossas atualiza\u00e7\u00f5es: estamos no <a href=\"https:\/\/www.facebook.com\/sabrabrasil\" target=\"_blank\" rel=\"noopener\">Facebook<\/a>, no <a href=\"https:\/\/www.instagram.com\/sabrabrasil\/\" target=\"_blank\" rel=\"noopener\">Instagram<\/a>, no <a href=\"https:\/\/www.linkedin.com\/company\/25002088\" target=\"_blank\" rel=\"noopener\">LinkedIn<\/a>, no <a href=\"https:\/\/twitter.com\/ContatoSabra\" target=\"_blank\" rel=\"noopener\">Twitter<\/a> e no <a href=\"https:\/\/www.youtube.com\/channel\/UCJw-kbuEvzUNdeQf20Pa-eQ\" target=\"_blank\" rel=\"noopener\">YouTube<\/a>!<\/li>\n<li>CONHE\u00c7A o trabalho da Sociedade Art\u00edstica Brasileira (SABRA) e todas as iniciativas culturais e sociais que ela mant\u00e9m. <a href=\"https:\/\/www.sabra.org.br\/site\/acoes\/\" target=\"_blank\" rel=\"noopener\">Acesse nosso site!<\/a><\/li>\n<li>ENTRE EM CONTATO com a gente. E veja quais s\u00e3o as op\u00e7\u00f5es de ajuda na manuten\u00e7\u00e3o de nossas a\u00e7\u00f5es sociais e culturais. Basta acessar nossa p\u00e1gina <a href=\"https:\/\/www.sabra.org.br\/site\/doe-agora\/\" target=\"_blank\" rel=\"noopener\">Doe Agora!<\/a><\/li>\n<li>COMPARTILHE este texto nas suas redes sociais e ajude os seus amigos a tamb\u00e9m dominarem o assunto!<\/li>\n<\/ul>\n<p>\u2013 Os projetos da @sabrabrasil s\u00e3o realizados com o patroci\u0301nio m\u00e1ster: @institutounimedbh, viabilizado pelo incentivo de mais de 5,6 mil m\u00e9dicos cooperados e colaboradores via Lei de Incentivo \u00e0 Cultura &#8211; @culturagovbr<\/p>\n<blockquote class=\"wp-embedded-content\" data-secret=\"9Y7T7SqC2U\"><p><a href=\"https:\/\/www.sabra.org.br\/site\/tecnologia-digital\/\">A influ\u00eancia da tecnologia na cria\u00e7\u00e3o, produ\u00e7\u00e3o e distribui\u00e7\u00e3o de m\u00fasica<\/a><\/p><\/blockquote>\n<p><iframe class=\"wp-embedded-content\" sandbox=\"allow-scripts\" security=\"restricted\" style=\"position: absolute; visibility: hidden;\" title=\"&#8220;A influ\u00eancia da tecnologia na cria\u00e7\u00e3o, produ\u00e7\u00e3o e distribui\u00e7\u00e3o de m\u00fasica&#8221; &#8212; SABRA - Sociedade Art\u00edstica Brasileira\" src=\"https:\/\/www.sabra.org.br\/site\/tecnologia-digital\/embed\/#?secret=8DD56uD9FK#?secret=9Y7T7SqC2U\" data-secret=\"9Y7T7SqC2U\" width=\"600\" height=\"338\" frameborder=\"0\" marginwidth=\"0\" marginheight=\"0\" scrolling=\"no\"><\/iframe><\/p>\n<p>Conte\u00fado por: <a href=\"https:\/\/redaweb.com.br\">Ag\u00eancia de Marketing RedaWeb<\/a><\/p>\n","protected":false},"excerpt":{"rendered":"<p>Descubra como gravar e editar sua pr\u00f3pria m\u00fasica como um profissional! Nosso guia abrange tudo, desde equipamento b\u00e1sico at\u00e9 t\u00e9cnicas avan\u00e7adas de mixagem. Liberte sua criatividade e mergulhe no mundo da produ\u00e7\u00e3o musical.<\/p>\n","protected":false},"author":39,"featured_media":9725,"comment_status":"closed","ping_status":"closed","sticky":false,"template":"","format":"standard","meta":{"jetpack_post_was_ever_published":false,"_jetpack_newsletter_access":"","_jetpack_dont_email_post_to_subs":false,"_jetpack_newsletter_tier_id":0,"_jetpack_memberships_contains_paywalled_content":false,"_jetpack_memberships_contains_paid_content":false,"footnotes":""},"categories":[1],"tags":[15,2757,3626,3623,8,3629,1285,3628,16,3519,1286,11,3622,9],"class_list":["post-9724","post","type-post","status-publish","format-standard","has-post-thumbnail","hentry","category-blog-sabra","tag-assistencia-social","tag-belo-horizonte","tag-cabo-frio","tag-campos-dos-goytacazes","tag-canto-coral","tag-contagem","tag-escola-de-musica-sabra","tag-ibirite","tag-musicalizacao-infantil","tag-nova-lima-2","tag-orquestra-infanto-juvenil-de-betim","tag-orquestra-sinfonica-de-betim","tag-raposos","tag-sociedade-artistica-brasileira"],"yoast_head":"<!-- This site is optimized with the Yoast SEO plugin v27.5 - https:\/\/yoast.com\/product\/yoast-seo-wordpress\/ -->\n<title>Edi\u00e7\u00e3o e grava\u00e7\u00e3o de sua pr\u00f3pria m\u00fasica: No\u00e7\u00f5es b\u00e1sicas - SABRA - Sociedade Art\u00edstica Brasileira<\/title>\n<meta name=\"description\" content=\"Guia completo para grava\u00e7\u00e3o e edi\u00e7\u00e3o de m\u00fasica. Saiba como come\u00e7ar sua jornada criativa e criar grava\u00e7\u00f5es de qualidade em casa.\" \/>\n<meta name=\"robots\" content=\"index, follow, max-snippet:-1, max-image-preview:large, max-video-preview:-1\" \/>\n<link rel=\"canonical\" href=\"https:\/\/www.sabra.org.br\/site\/edicao-gravacao\/\" \/>\n<meta property=\"og:locale\" content=\"pt_BR\" \/>\n<meta property=\"og:type\" content=\"article\" \/>\n<meta property=\"og:title\" content=\"Edi\u00e7\u00e3o e grava\u00e7\u00e3o de sua pr\u00f3pria m\u00fasica: No\u00e7\u00f5es b\u00e1sicas - SABRA - Sociedade Art\u00edstica Brasileira\" \/>\n<meta property=\"og:description\" content=\"Guia completo para grava\u00e7\u00e3o e edi\u00e7\u00e3o de m\u00fasica. Saiba como come\u00e7ar sua jornada criativa e criar grava\u00e7\u00f5es de qualidade em casa.\" \/>\n<meta property=\"og:url\" content=\"https:\/\/www.sabra.org.br\/site\/edicao-gravacao\/\" \/>\n<meta property=\"og:site_name\" content=\"SABRA - Sociedade Art\u00edstica Brasileira\" \/>\n<meta property=\"article:publisher\" content=\"https:\/\/www.facebook.com\/sabrabrasil\" \/>\n<meta property=\"article:published_time\" content=\"2024-06-11T09:36:25+00:00\" \/>\n<meta property=\"article:modified_time\" content=\"2025-04-18T12:06:12+00:00\" \/>\n<meta property=\"og:image\" content=\"https:\/\/www.sabra.org.br\/site\/wp-content\/uploads\/2024\/06\/nocoes-basicas-para-gravar-e-editar-sua-propria-musicajpg-20240411091445.jpg-jpg.webp\" \/>\n\t<meta property=\"og:image:width\" content=\"800\" \/>\n\t<meta property=\"og:image:height\" content=\"533\" \/>\n\t<meta property=\"og:image:type\" content=\"image\/jpeg\" \/>\n<meta name=\"author\" content=\"M\u00e1rcio Miranda Pontes\" \/>\n<meta name=\"twitter:card\" content=\"summary_large_image\" \/>\n<meta name=\"twitter:creator\" content=\"@ContatoSabra\" \/>\n<meta name=\"twitter:site\" content=\"@ContatoSabra\" \/>\n<meta name=\"twitter:label1\" content=\"Escrito por\" \/>\n\t<meta name=\"twitter:data1\" content=\"M\u00e1rcio Miranda Pontes\" \/>\n\t<meta name=\"twitter:label2\" content=\"Est. tempo de leitura\" \/>\n\t<meta name=\"twitter:data2\" content=\"4 minutos\" \/>\n<script type=\"application\/ld+json\" class=\"yoast-schema-graph\">{\"@context\":\"https:\\\/\\\/schema.org\",\"@graph\":[{\"@type\":\"Article\",\"@id\":\"https:\\\/\\\/www.sabra.org.br\\\/site\\\/edicao-gravacao\\\/#article\",\"isPartOf\":{\"@id\":\"https:\\\/\\\/www.sabra.org.br\\\/site\\\/edicao-gravacao\\\/\"},\"author\":{\"name\":\"M\u00e1rcio Miranda Pontes\",\"@id\":\"https:\\\/\\\/www.sabra.org.br\\\/site\\\/#\\\/schema\\\/person\\\/7d1d222c3c8891d4c37c7b41bf6315c2\"},\"headline\":\"Edi\u00e7\u00e3o e grava\u00e7\u00e3o de sua pr\u00f3pria m\u00fasica: No\u00e7\u00f5es b\u00e1sicas\",\"datePublished\":\"2024-06-11T09:36:25+00:00\",\"dateModified\":\"2025-04-18T12:06:12+00:00\",\"mainEntityOfPage\":{\"@id\":\"https:\\\/\\\/www.sabra.org.br\\\/site\\\/edicao-gravacao\\\/\"},\"wordCount\":759,\"publisher\":{\"@id\":\"https:\\\/\\\/www.sabra.org.br\\\/site\\\/#organization\"},\"image\":{\"@id\":\"https:\\\/\\\/www.sabra.org.br\\\/site\\\/edicao-gravacao\\\/#primaryimage\"},\"thumbnailUrl\":\"https:\\\/\\\/www.sabra.org.br\\\/site\\\/wp-content\\\/uploads\\\/2024\\\/06\\\/nocoes-basicas-para-gravar-e-editar-sua-propria-musicajpg-20240411091445.jpg-jpg.webp\",\"keywords\":[\"Assist\u00eancia social\",\"Belo Horizonte\",\"Cabo Frio\",\"Campos dos Goytacazes\",\"Canto Coral\",\"Contagem\",\"Escola de Musica SABRA\",\"Ibirit\u00e9\",\"Musicaliza\u00e7\u00e3o Infantil\",\"nova lima\",\"Orquestra Infanto Juvenil de Betim\",\"Orquestra Sinf\u00f4nica de Betim\",\"Raposos\",\"Sociedade Art\u00edstica Brasileira\"],\"articleSection\":[\"Blog SABRA\"],\"inLanguage\":\"pt-BR\"},{\"@type\":\"WebPage\",\"@id\":\"https:\\\/\\\/www.sabra.org.br\\\/site\\\/edicao-gravacao\\\/\",\"url\":\"https:\\\/\\\/www.sabra.org.br\\\/site\\\/edicao-gravacao\\\/\",\"name\":\"Edi\u00e7\u00e3o e grava\u00e7\u00e3o de sua pr\u00f3pria m\u00fasica: No\u00e7\u00f5es b\u00e1sicas - SABRA - Sociedade Art\u00edstica Brasileira\",\"isPartOf\":{\"@id\":\"https:\\\/\\\/www.sabra.org.br\\\/site\\\/#website\"},\"primaryImageOfPage\":{\"@id\":\"https:\\\/\\\/www.sabra.org.br\\\/site\\\/edicao-gravacao\\\/#primaryimage\"},\"image\":{\"@id\":\"https:\\\/\\\/www.sabra.org.br\\\/site\\\/edicao-gravacao\\\/#primaryimage\"},\"thumbnailUrl\":\"https:\\\/\\\/www.sabra.org.br\\\/site\\\/wp-content\\\/uploads\\\/2024\\\/06\\\/nocoes-basicas-para-gravar-e-editar-sua-propria-musicajpg-20240411091445.jpg-jpg.webp\",\"datePublished\":\"2024-06-11T09:36:25+00:00\",\"dateModified\":\"2025-04-18T12:06:12+00:00\",\"description\":\"Guia completo para grava\u00e7\u00e3o e edi\u00e7\u00e3o de m\u00fasica. Saiba como come\u00e7ar sua jornada criativa e criar grava\u00e7\u00f5es de qualidade em casa.\",\"breadcrumb\":{\"@id\":\"https:\\\/\\\/www.sabra.org.br\\\/site\\\/edicao-gravacao\\\/#breadcrumb\"},\"inLanguage\":\"pt-BR\",\"potentialAction\":[{\"@type\":\"ReadAction\",\"target\":[\"https:\\\/\\\/www.sabra.org.br\\\/site\\\/edicao-gravacao\\\/\"]}]},{\"@type\":\"ImageObject\",\"inLanguage\":\"pt-BR\",\"@id\":\"https:\\\/\\\/www.sabra.org.br\\\/site\\\/edicao-gravacao\\\/#primaryimage\",\"url\":\"https:\\\/\\\/www.sabra.org.br\\\/site\\\/wp-content\\\/uploads\\\/2024\\\/06\\\/nocoes-basicas-para-gravar-e-editar-sua-propria-musicajpg-20240411091445.jpg-jpg.webp\",\"contentUrl\":\"https:\\\/\\\/www.sabra.org.br\\\/site\\\/wp-content\\\/uploads\\\/2024\\\/06\\\/nocoes-basicas-para-gravar-e-editar-sua-propria-musicajpg-20240411091445.jpg-jpg.webp\",\"width\":800,\"height\":533,\"caption\":\"Sociedade Art\u00edstica Brasileira SABRA\"},{\"@type\":\"BreadcrumbList\",\"@id\":\"https:\\\/\\\/www.sabra.org.br\\\/site\\\/edicao-gravacao\\\/#breadcrumb\",\"itemListElement\":[{\"@type\":\"ListItem\",\"position\":1,\"name\":\"In\u00edcio\",\"item\":\"https:\\\/\\\/www.sabra.org.br\\\/site\\\/\"},{\"@type\":\"ListItem\",\"position\":2,\"name\":\"Edi\u00e7\u00e3o e grava\u00e7\u00e3o de sua pr\u00f3pria m\u00fasica: No\u00e7\u00f5es b\u00e1sicas\"}]},{\"@type\":\"WebSite\",\"@id\":\"https:\\\/\\\/www.sabra.org.br\\\/site\\\/#website\",\"url\":\"https:\\\/\\\/www.sabra.org.br\\\/site\\\/\",\"name\":\"SABRA - Sociedade Art\u00edstica Brasileira\",\"description\":\"Escola de M\u00fasica, Orquestra Sinf\u00f4nica, Coral e Patrim\u00f4nio Cultural e Hist\u00f3rico\",\"publisher\":{\"@id\":\"https:\\\/\\\/www.sabra.org.br\\\/site\\\/#organization\"},\"potentialAction\":[{\"@type\":\"SearchAction\",\"target\":{\"@type\":\"EntryPoint\",\"urlTemplate\":\"https:\\\/\\\/www.sabra.org.br\\\/site\\\/?s={search_term_string}\"},\"query-input\":{\"@type\":\"PropertyValueSpecification\",\"valueRequired\":true,\"valueName\":\"search_term_string\"}}],\"inLanguage\":\"pt-BR\"},{\"@type\":\"Organization\",\"@id\":\"https:\\\/\\\/www.sabra.org.br\\\/site\\\/#organization\",\"name\":\"SOCIEDADE ART\u00cdSTICA BRASILEIRA SABRA\",\"alternateName\":\"SABRA\",\"url\":\"https:\\\/\\\/www.sabra.org.br\\\/site\\\/\",\"logo\":{\"@type\":\"ImageObject\",\"inLanguage\":\"pt-BR\",\"@id\":\"https:\\\/\\\/www.sabra.org.br\\\/site\\\/#\\\/schema\\\/logo\\\/image\\\/\",\"url\":\"https:\\\/\\\/www.sabra.org.br\\\/site\\\/wp-content\\\/uploads\\\/2019\\\/06\\\/cropped-Logo_SABRA-Copia-1.webp\",\"contentUrl\":\"https:\\\/\\\/www.sabra.org.br\\\/site\\\/wp-content\\\/uploads\\\/2019\\\/06\\\/cropped-Logo_SABRA-Copia-1.webp\",\"width\":400,\"height\":128,\"caption\":\"SOCIEDADE ART\u00cdSTICA BRASILEIRA SABRA\"},\"image\":{\"@id\":\"https:\\\/\\\/www.sabra.org.br\\\/site\\\/#\\\/schema\\\/logo\\\/image\\\/\"},\"sameAs\":[\"https:\\\/\\\/www.facebook.com\\\/sabrabrasil\",\"https:\\\/\\\/x.com\\\/ContatoSabra\",\"https:\\\/\\\/www.instagram.com\\\/sabrabrasil\\\/\",\"https:\\\/\\\/www.linkedin.com\\\/company\\\/25002088\\\/\",\"https:\\\/\\\/br.pinterest.com\\\/sociedadeartisticabrasileira\\\/\",\"https:\\\/\\\/www.youtube.com\\\/c\\\/sabrabrasil\"]},{\"@type\":\"Person\",\"@id\":\"https:\\\/\\\/www.sabra.org.br\\\/site\\\/#\\\/schema\\\/person\\\/7d1d222c3c8891d4c37c7b41bf6315c2\",\"name\":\"M\u00e1rcio Miranda Pontes\",\"image\":{\"@type\":\"ImageObject\",\"inLanguage\":\"pt-BR\",\"@id\":\"https:\\\/\\\/secure.gravatar.com\\\/avatar\\\/3b45f24496a7625a3a6c436688fbe20344faaeb2979658dc4a9921f984d7df9a?s=96&d=mm&r=g\",\"url\":\"https:\\\/\\\/secure.gravatar.com\\\/avatar\\\/3b45f24496a7625a3a6c436688fbe20344faaeb2979658dc4a9921f984d7df9a?s=96&d=mm&r=g\",\"contentUrl\":\"https:\\\/\\\/secure.gravatar.com\\\/avatar\\\/3b45f24496a7625a3a6c436688fbe20344faaeb2979658dc4a9921f984d7df9a?s=96&d=mm&r=g\",\"caption\":\"M\u00e1rcio Miranda Pontes\"},\"sameAs\":[\"http:\\\/\\\/www.sabra.org.br\"],\"url\":\"https:\\\/\\\/www.sabra.org.br\\\/site\\\/author\\\/marcio-miranda-pontes\\\/\"}]}<\/script>\n<!-- \/ Yoast SEO plugin. -->","yoast_head_json":{"title":"Edi\u00e7\u00e3o e grava\u00e7\u00e3o de sua pr\u00f3pria m\u00fasica: No\u00e7\u00f5es b\u00e1sicas - SABRA - Sociedade Art\u00edstica Brasileira","description":"Guia completo para grava\u00e7\u00e3o e edi\u00e7\u00e3o de m\u00fasica. Saiba como come\u00e7ar sua jornada criativa e criar grava\u00e7\u00f5es de qualidade em casa.","robots":{"index":"index","follow":"follow","max-snippet":"max-snippet:-1","max-image-preview":"max-image-preview:large","max-video-preview":"max-video-preview:-1"},"canonical":"https:\/\/www.sabra.org.br\/site\/edicao-gravacao\/","og_locale":"pt_BR","og_type":"article","og_title":"Edi\u00e7\u00e3o e grava\u00e7\u00e3o de sua pr\u00f3pria m\u00fasica: No\u00e7\u00f5es b\u00e1sicas - SABRA - Sociedade Art\u00edstica Brasileira","og_description":"Guia completo para grava\u00e7\u00e3o e edi\u00e7\u00e3o de m\u00fasica. Saiba como come\u00e7ar sua jornada criativa e criar grava\u00e7\u00f5es de qualidade em casa.","og_url":"https:\/\/www.sabra.org.br\/site\/edicao-gravacao\/","og_site_name":"SABRA - Sociedade Art\u00edstica Brasileira","article_publisher":"https:\/\/www.facebook.com\/sabrabrasil","article_published_time":"2024-06-11T09:36:25+00:00","article_modified_time":"2025-04-18T12:06:12+00:00","og_image":[{"width":800,"height":533,"url":"https:\/\/www.sabra.org.br\/site\/wp-content\/uploads\/2024\/06\/nocoes-basicas-para-gravar-e-editar-sua-propria-musicajpg-20240411091445.jpg-jpg.webp","type":"image\/jpeg"}],"author":"M\u00e1rcio Miranda Pontes","twitter_card":"summary_large_image","twitter_creator":"@ContatoSabra","twitter_site":"@ContatoSabra","twitter_misc":{"Escrito por":"M\u00e1rcio Miranda Pontes","Est. tempo de leitura":"4 minutos"},"schema":{"@context":"https:\/\/schema.org","@graph":[{"@type":"Article","@id":"https:\/\/www.sabra.org.br\/site\/edicao-gravacao\/#article","isPartOf":{"@id":"https:\/\/www.sabra.org.br\/site\/edicao-gravacao\/"},"author":{"name":"M\u00e1rcio Miranda Pontes","@id":"https:\/\/www.sabra.org.br\/site\/#\/schema\/person\/7d1d222c3c8891d4c37c7b41bf6315c2"},"headline":"Edi\u00e7\u00e3o e grava\u00e7\u00e3o de sua pr\u00f3pria m\u00fasica: No\u00e7\u00f5es b\u00e1sicas","datePublished":"2024-06-11T09:36:25+00:00","dateModified":"2025-04-18T12:06:12+00:00","mainEntityOfPage":{"@id":"https:\/\/www.sabra.org.br\/site\/edicao-gravacao\/"},"wordCount":759,"publisher":{"@id":"https:\/\/www.sabra.org.br\/site\/#organization"},"image":{"@id":"https:\/\/www.sabra.org.br\/site\/edicao-gravacao\/#primaryimage"},"thumbnailUrl":"https:\/\/www.sabra.org.br\/site\/wp-content\/uploads\/2024\/06\/nocoes-basicas-para-gravar-e-editar-sua-propria-musicajpg-20240411091445.jpg-jpg.webp","keywords":["Assist\u00eancia social","Belo Horizonte","Cabo Frio","Campos dos Goytacazes","Canto Coral","Contagem","Escola de Musica SABRA","Ibirit\u00e9","Musicaliza\u00e7\u00e3o Infantil","nova lima","Orquestra Infanto Juvenil de Betim","Orquestra Sinf\u00f4nica de Betim","Raposos","Sociedade Art\u00edstica Brasileira"],"articleSection":["Blog SABRA"],"inLanguage":"pt-BR"},{"@type":"WebPage","@id":"https:\/\/www.sabra.org.br\/site\/edicao-gravacao\/","url":"https:\/\/www.sabra.org.br\/site\/edicao-gravacao\/","name":"Edi\u00e7\u00e3o e grava\u00e7\u00e3o de sua pr\u00f3pria m\u00fasica: No\u00e7\u00f5es b\u00e1sicas - SABRA - Sociedade Art\u00edstica Brasileira","isPartOf":{"@id":"https:\/\/www.sabra.org.br\/site\/#website"},"primaryImageOfPage":{"@id":"https:\/\/www.sabra.org.br\/site\/edicao-gravacao\/#primaryimage"},"image":{"@id":"https:\/\/www.sabra.org.br\/site\/edicao-gravacao\/#primaryimage"},"thumbnailUrl":"https:\/\/www.sabra.org.br\/site\/wp-content\/uploads\/2024\/06\/nocoes-basicas-para-gravar-e-editar-sua-propria-musicajpg-20240411091445.jpg-jpg.webp","datePublished":"2024-06-11T09:36:25+00:00","dateModified":"2025-04-18T12:06:12+00:00","description":"Guia completo para grava\u00e7\u00e3o e edi\u00e7\u00e3o de m\u00fasica. Saiba como come\u00e7ar sua jornada criativa e criar grava\u00e7\u00f5es de qualidade em casa.","breadcrumb":{"@id":"https:\/\/www.sabra.org.br\/site\/edicao-gravacao\/#breadcrumb"},"inLanguage":"pt-BR","potentialAction":[{"@type":"ReadAction","target":["https:\/\/www.sabra.org.br\/site\/edicao-gravacao\/"]}]},{"@type":"ImageObject","inLanguage":"pt-BR","@id":"https:\/\/www.sabra.org.br\/site\/edicao-gravacao\/#primaryimage","url":"https:\/\/www.sabra.org.br\/site\/wp-content\/uploads\/2024\/06\/nocoes-basicas-para-gravar-e-editar-sua-propria-musicajpg-20240411091445.jpg-jpg.webp","contentUrl":"https:\/\/www.sabra.org.br\/site\/wp-content\/uploads\/2024\/06\/nocoes-basicas-para-gravar-e-editar-sua-propria-musicajpg-20240411091445.jpg-jpg.webp","width":800,"height":533,"caption":"Sociedade Art\u00edstica Brasileira SABRA"},{"@type":"BreadcrumbList","@id":"https:\/\/www.sabra.org.br\/site\/edicao-gravacao\/#breadcrumb","itemListElement":[{"@type":"ListItem","position":1,"name":"In\u00edcio","item":"https:\/\/www.sabra.org.br\/site\/"},{"@type":"ListItem","position":2,"name":"Edi\u00e7\u00e3o e grava\u00e7\u00e3o de sua pr\u00f3pria m\u00fasica: No\u00e7\u00f5es b\u00e1sicas"}]},{"@type":"WebSite","@id":"https:\/\/www.sabra.org.br\/site\/#website","url":"https:\/\/www.sabra.org.br\/site\/","name":"SABRA - Sociedade Art\u00edstica Brasileira","description":"Escola de M\u00fasica, Orquestra Sinf\u00f4nica, Coral e Patrim\u00f4nio Cultural e Hist\u00f3rico","publisher":{"@id":"https:\/\/www.sabra.org.br\/site\/#organization"},"potentialAction":[{"@type":"SearchAction","target":{"@type":"EntryPoint","urlTemplate":"https:\/\/www.sabra.org.br\/site\/?s={search_term_string}"},"query-input":{"@type":"PropertyValueSpecification","valueRequired":true,"valueName":"search_term_string"}}],"inLanguage":"pt-BR"},{"@type":"Organization","@id":"https:\/\/www.sabra.org.br\/site\/#organization","name":"SOCIEDADE ART\u00cdSTICA BRASILEIRA SABRA","alternateName":"SABRA","url":"https:\/\/www.sabra.org.br\/site\/","logo":{"@type":"ImageObject","inLanguage":"pt-BR","@id":"https:\/\/www.sabra.org.br\/site\/#\/schema\/logo\/image\/","url":"https:\/\/www.sabra.org.br\/site\/wp-content\/uploads\/2019\/06\/cropped-Logo_SABRA-Copia-1.webp","contentUrl":"https:\/\/www.sabra.org.br\/site\/wp-content\/uploads\/2019\/06\/cropped-Logo_SABRA-Copia-1.webp","width":400,"height":128,"caption":"SOCIEDADE ART\u00cdSTICA BRASILEIRA SABRA"},"image":{"@id":"https:\/\/www.sabra.org.br\/site\/#\/schema\/logo\/image\/"},"sameAs":["https:\/\/www.facebook.com\/sabrabrasil","https:\/\/x.com\/ContatoSabra","https:\/\/www.instagram.com\/sabrabrasil\/","https:\/\/www.linkedin.com\/company\/25002088\/","https:\/\/br.pinterest.com\/sociedadeartisticabrasileira\/","https:\/\/www.youtube.com\/c\/sabrabrasil"]},{"@type":"Person","@id":"https:\/\/www.sabra.org.br\/site\/#\/schema\/person\/7d1d222c3c8891d4c37c7b41bf6315c2","name":"M\u00e1rcio Miranda Pontes","image":{"@type":"ImageObject","inLanguage":"pt-BR","@id":"https:\/\/secure.gravatar.com\/avatar\/3b45f24496a7625a3a6c436688fbe20344faaeb2979658dc4a9921f984d7df9a?s=96&d=mm&r=g","url":"https:\/\/secure.gravatar.com\/avatar\/3b45f24496a7625a3a6c436688fbe20344faaeb2979658dc4a9921f984d7df9a?s=96&d=mm&r=g","contentUrl":"https:\/\/secure.gravatar.com\/avatar\/3b45f24496a7625a3a6c436688fbe20344faaeb2979658dc4a9921f984d7df9a?s=96&d=mm&r=g","caption":"M\u00e1rcio Miranda Pontes"},"sameAs":["http:\/\/www.sabra.org.br"],"url":"https:\/\/www.sabra.org.br\/site\/author\/marcio-miranda-pontes\/"}]}},"jetpack_featured_media_url":"https:\/\/www.sabra.org.br\/site\/wp-content\/uploads\/2024\/06\/nocoes-basicas-para-gravar-e-editar-sua-propria-musicajpg-20240411091445.jpg-jpg.webp","jetpack_shortlink":"https:\/\/wp.me\/p95j2Z-2wQ","jetpack-related-posts":[{"id":13025,"url":"https:\/\/www.sabra.org.br\/site\/x-dicas-para-gravar-musicas-acusticas-com-clareza\/","url_meta":{"origin":9724,"position":0},"title":"X dicas para gravar m\u00fasicas ac\u00fasticas com clareza","author":"","date":"22 de agosto de 2025","format":false,"excerpt":"Gravar m\u00fasicas ac\u00fasticas pode ser um desafio t\u00e9cnico e art\u00edstico. \u00c9 um estilo que demanda aten\u00e7\u00e3o aos detalhes, especialmente quando se trata de capturar a riqueza e a sutileza dos sons naturais. Para garantir clareza e qualidade sonora em suas grava\u00e7\u00f5es ac\u00fasticas, \u00e9 necess\u00e1rio levar em considera\u00e7\u00e3o v\u00e1rios fatores, como\u2026","rel":"","context":"Em &quot;Blog SABRA&quot;","block_context":{"text":"Blog SABRA","link":"https:\/\/www.sabra.org.br\/site\/category\/blog-sabra\/"},"img":{"alt_text":"","src":"","width":0,"height":0},"classes":[]},{"id":13842,"url":"https:\/\/www.sabra.org.br\/site\/microfone\/","url_meta":{"origin":9724,"position":1},"title":"Saiba como escolher o melhor microfone para gravar sua m\u00fasica em casa","author":"M\u00e1rcio Miranda Pontes","date":"8 de junho de 2025","format":false,"excerpt":"Grave m\u00fasicas em casa com qualidade. Entenda a import\u00e2ncia do microfone e fa\u00e7a a escolha certa para seu home studio.","rel":"","context":"Em &quot;Blog SABRA&quot;","block_context":{"text":"Blog SABRA","link":"https:\/\/www.sabra.org.br\/site\/category\/blog-sabra\/"},"img":{"alt_text":"","src":"","width":0,"height":0},"classes":[]},{"id":13267,"url":"https:\/\/www.sabra.org.br\/site\/producao-musical-em-casa-como-criar-musica-com-equipamentos-ao-seu-alcance\/","url_meta":{"origin":9724,"position":2},"title":"Produ\u00e7\u00e3o musical em casa: como criar m\u00fasica com equipamentos ao seu alcance?","author":"","date":"22 de agosto de 2025","format":false,"excerpt":"A produ\u00e7\u00e3o musical em casa tornou-se uma realidade acess\u00edvel a qualquer aspirante a m\u00fasico ou produtor nos dias de hoje. Com a evolu\u00e7\u00e3o da tecnologia, a redu\u00e7\u00e3o de custos e a disponibilidade de recursos online, \u00e9 poss\u00edvel criar m\u00fasica de alta qualidade sem a necessidade de um est\u00fadio profissional. O\u2026","rel":"","context":"Em &quot;Blog SABRA&quot;","block_context":{"text":"Blog SABRA","link":"https:\/\/www.sabra.org.br\/site\/category\/blog-sabra\/"},"img":{"alt_text":"","src":"","width":0,"height":0},"classes":[]},{"id":13064,"url":"https:\/\/www.sabra.org.br\/site\/como-fazer-a-producao-musical-de-um-album-do-zero\/","url_meta":{"origin":9724,"position":3},"title":"Como fazer a produ\u00e7\u00e3o musical de um \u00e1lbum do zero?","author":"","date":"22 de agosto de 2025","format":false,"excerpt":"Produzir um \u00e1lbum musical do zero \u00e9 uma tarefa que exige uma combina\u00e7\u00e3o de criatividade, conhecimento t\u00e9cnico e organiza\u00e7\u00e3o. Para muitos, \u00e9 um sonho concretizar um projeto que re\u00fana suas composi\u00e7\u00f5es e que represente uma express\u00e3o art\u00edstica completa. No entanto, o processo de produ\u00e7\u00e3o musical envolve uma s\u00e9rie de etapas\u2026","rel":"","context":"Em &quot;Blog SABRA&quot;","block_context":{"text":"Blog SABRA","link":"https:\/\/www.sabra.org.br\/site\/category\/blog-sabra\/"},"img":{"alt_text":"","src":"","width":0,"height":0},"classes":[]},{"id":9240,"url":"https:\/\/www.sabra.org.br\/site\/tecnologia-digital\/","url_meta":{"origin":9724,"position":4},"title":"A influ\u00eancia da tecnologia na cria\u00e7\u00e3o, produ\u00e7\u00e3o e distribui\u00e7\u00e3o de m\u00fasica","author":"M\u00e1rcio Miranda Pontes","date":"17 de abril de 2024","format":false,"excerpt":"Explore conosco a influ\u00eancia transformadora da tecnologia na produ\u00e7\u00e3o musical, inova\u00e7\u00f5es nos instrumentos, distribui\u00e7\u00e3o digital e os desafios e oportunidades enfrentados pelos artistas neste novo cen\u00e1rio.","rel":"","context":"Em &quot;Blog SABRA&quot;","block_context":{"text":"Blog SABRA","link":"https:\/\/www.sabra.org.br\/site\/category\/blog-sabra\/"},"img":{"alt_text":"sabra-m\u00fasica-tecnologia-digital-produ\u00e7\u00e3o-music-oferecem","src":"https:\/\/i0.wp.com\/www.sabra.org.br\/site\/wp-content\/uploads\/2024\/04\/a-influencia-da-tecnologia-na-criacao-producao-e-distribuicao-de-musicajpg-20240229111914.jpg-jpg.webp?resize=350%2C200&ssl=1","width":350,"height":200,"srcset":"https:\/\/i0.wp.com\/www.sabra.org.br\/site\/wp-content\/uploads\/2024\/04\/a-influencia-da-tecnologia-na-criacao-producao-e-distribuicao-de-musicajpg-20240229111914.jpg-jpg.webp?resize=350%2C200&ssl=1 1x, https:\/\/i0.wp.com\/www.sabra.org.br\/site\/wp-content\/uploads\/2024\/04\/a-influencia-da-tecnologia-na-criacao-producao-e-distribuicao-de-musicajpg-20240229111914.jpg-jpg.webp?resize=525%2C300&ssl=1 1.5x, https:\/\/i0.wp.com\/www.sabra.org.br\/site\/wp-content\/uploads\/2024\/04\/a-influencia-da-tecnologia-na-criacao-producao-e-distribuicao-de-musicajpg-20240229111914.jpg-jpg.webp?resize=700%2C400&ssl=1 2x"},"classes":[]},{"id":13052,"url":"https:\/\/www.sabra.org.br\/site\/descubra-como-gravar-vocais-em-camadas-para-criar-coros-poderosos\/","url_meta":{"origin":9724,"position":5},"title":"Descubra como gravar vocais em camadas para criar coros poderosos","author":"","date":"22 de agosto de 2025","format":false,"excerpt":"Gravar vocais em camadas \u00e9 uma t\u00e9cnica utilizada para criar coros poderosos e cheios de textura, proporcionando profundidade e riqueza \u00e0 m\u00fasica. Esse m\u00e9todo consiste em gravar a mesma parte vocal v\u00e1rias vezes e sobrepor as diferentes grava\u00e7\u00f5es para gerar um efeito de multiplica\u00e7\u00e3o, criando uma sensa\u00e7\u00e3o de \"v\u00e1rias vozes\"\u2026","rel":"","context":"Em &quot;Blog SABRA&quot;","block_context":{"text":"Blog SABRA","link":"https:\/\/www.sabra.org.br\/site\/category\/blog-sabra\/"},"img":{"alt_text":"","src":"","width":0,"height":0},"classes":[]}],"jetpack_likes_enabled":true,"jetpack_sharing_enabled":true,"_links":{"self":[{"href":"https:\/\/www.sabra.org.br\/site\/wp-json\/wp\/v2\/posts\/9724","targetHints":{"allow":["GET"]}}],"collection":[{"href":"https:\/\/www.sabra.org.br\/site\/wp-json\/wp\/v2\/posts"}],"about":[{"href":"https:\/\/www.sabra.org.br\/site\/wp-json\/wp\/v2\/types\/post"}],"author":[{"embeddable":true,"href":"https:\/\/www.sabra.org.br\/site\/wp-json\/wp\/v2\/users\/39"}],"replies":[{"embeddable":true,"href":"https:\/\/www.sabra.org.br\/site\/wp-json\/wp\/v2\/comments?post=9724"}],"version-history":[{"count":0,"href":"https:\/\/www.sabra.org.br\/site\/wp-json\/wp\/v2\/posts\/9724\/revisions"}],"wp:featuredmedia":[{"embeddable":true,"href":"https:\/\/www.sabra.org.br\/site\/wp-json\/wp\/v2\/media\/9725"}],"wp:attachment":[{"href":"https:\/\/www.sabra.org.br\/site\/wp-json\/wp\/v2\/media?parent=9724"}],"wp:term":[{"taxonomy":"category","embeddable":true,"href":"https:\/\/www.sabra.org.br\/site\/wp-json\/wp\/v2\/categories?post=9724"},{"taxonomy":"post_tag","embeddable":true,"href":"https:\/\/www.sabra.org.br\/site\/wp-json\/wp\/v2\/tags?post=9724"}],"curies":[{"name":"wp","href":"https:\/\/api.w.org\/{rel}","templated":true}]}}