{"id":9790,"date":"2024-06-27T09:57:52","date_gmt":"2024-06-27T12:57:52","guid":{"rendered":"https:\/\/www.sabra.org.br\/site\/?p=9790"},"modified":"2025-04-18T08:57:44","modified_gmt":"2025-04-18T11:57:44","slug":"ajudar-criancas","status":"publish","type":"post","link":"https:\/\/www.sabra.org.br\/site\/ajudar-criancas\/","title":{"rendered":"Saiba como a doa\u00e7\u00e3o atrav\u00e9s do IRPF pode mudar a vida das crian\u00e7as carentes"},"content":{"rendered":"<p>O seu poder de mudar a vida de crian\u00e7as carentes \u00e9 muito maior do que voc\u00ea pode imaginar!<\/p>\n<h2>\u00c9 poss\u00edvel ajudar sem gastar nada!<\/h2>\n<p>Como transformar o destino de crian\u00e7as e jovens marginalizados e em situa\u00e7\u00e3o de vulnerabilidade social? Talvez voc\u00ea pense que para fazer, de fato, alguma diferen\u00e7a, precisaria desembolsar um dinheiro que n\u00e3o tem. Ou ent\u00e3o, encontrar tempo para ir pessoalmente at\u00e9 as comunidades carentes oferecer algum tipo de ajuda. E o tempo tamb\u00e9m \u00e9 um recurso escasso, certo?<\/p>\n<p>Pois existe uma forma muito mais f\u00e1cil, que n\u00e3o exige o seu dinheiro e nem o seu tempo e mesmo assim \u00e9 capaz de recuperar o futuro de milhares de crian\u00e7as e adolescentes. Basta doar o seu Imposto de Renda para os fundos como o FIA (Fundo para Inf\u00e2ncia e Adolesc\u00eancia).<\/p>\n<h2>O papel do FIA na promo\u00e7\u00e3o de um futuro melhor para crian\u00e7as e adolescentes<\/h2>\n<p>Fundos como o FIA possibilitam que projetos de resgate social sejam tirados do papel e aconte\u00e7am na pr\u00e1tica. Gra\u00e7as a eles, crian\u00e7as que at\u00e9 ent\u00e3o mal tinham acesso \u00e0 educa\u00e7\u00e3o b\u00e1sica, podem desfrutar da educa\u00e7\u00e3o musical. Adolescentes que passavam seu tempo ocioso nas ruas podem participar de uma atividade construtiva, como um coral ou uma orquestra sinf\u00f4nica.<\/p>\n<p>Com a sua doa\u00e7\u00e3o, o p\u00fablico beneficiado por esses projetos vai descobrir que o horizonte est\u00e1 muito al\u00e9m daquilo que eles pensavam! Que no mundo existe muito mais do que pobreza e falta de condi\u00e7\u00f5es de vida digna! Que t\u00eam o direito de sonhar com o futuro que quiserem, porque ele pode acontecer.<\/p>\n<h2>Fa\u00e7a o bem na vida de algu\u00e9m<\/h2>\n<p>A maior transforma\u00e7\u00e3o que voc\u00ea pode realizar na vida de uma crian\u00e7a n\u00e3o \u00e9 dar a ela um brinquedo que nunca teve ou ajudar a fam\u00edlia com uma cesta b\u00e1sica. Esses gestos s\u00e3o importantes e solid\u00e1rios, mas nada se compara com a chance de mostrar a essa crian\u00e7a que ela pode ter uma vida melhor.<\/p>\n<p>J\u00e1 explicamos por aqui em detalhes como o contribuinte deve proceder para doar parte do seu Imposto de Renda para projetos sociais, 3% ou 8%. N\u00e3o importa se ao final da declara\u00e7\u00e3o voc\u00ea ter\u00e1 um valor a pagar ou a restituir, sempre fazemos quest\u00e3o de frisar que essa doa\u00e7\u00e3o j\u00e1 estar\u00e1 inclusa no valor. Para quem tem que pagar, em vez de destinar todo o dinheiro ao governo, uma parte ir\u00e1 para o local escolhido. E para quem tem a receber, a restitui\u00e7\u00e3o ser\u00e1 integral, cobrindo a doa\u00e7\u00e3o.<\/p>\n<p>Sabe o que isso significa? Que voc\u00ea n\u00e3o tem absolutamente nada a perder! Mas as crian\u00e7as t\u00eam muito a ganhar! O futuro do Brasil depende de iniciativas como o FIA e de pessoas que colaborem com ela. Venha conosco tirar ajudar a tirar as futuras gera\u00e7\u00f5es da marginalidade e do descaso. Vamos alimentar a alma dessas crian\u00e7as e adolescentes com cultura e preencher o seu tempo com atividades saud\u00e1veis que v\u00e3o lev\u00e1-las a um futuro mais promissor.<\/p>\n<p>Seja solid\u00e1rio e nos ajude a dar oportunidade a quem n\u00e3o nasceu com ela. \u00c9 s\u00f3 preencher a declara\u00e7\u00e3o de IRPF completa informando a sua inten\u00e7\u00e3o de doar e pronto, voc\u00ea j\u00e1 estar\u00e1 ajudando! Toda crian\u00e7a merece uma vida digna, vamos proporcion\u00e1-la \u00e0quelas que ainda n\u00e3o t\u00eam.<\/p>\n<blockquote class=\"wp-embedded-content\" data-secret=\"ylrQ3KTwhT\"><p><a href=\"https:\/\/www.sabra.org.br\/site\/musica-na-educacao-infantil\/\">M\u00fasica na Educa\u00e7\u00e3o Infantil<\/a><\/p><\/blockquote>\n<p><iframe class=\"wp-embedded-content\" sandbox=\"allow-scripts\" security=\"restricted\" style=\"position: absolute; visibility: hidden;\" title=\"&#8220;M\u00fasica na Educa\u00e7\u00e3o Infantil&#8221; &#8212; SABRA - Sociedade Art\u00edstica Brasileira\" src=\"https:\/\/www.sabra.org.br\/site\/musica-na-educacao-infantil\/embed\/#?secret=6twBFAIFyW#?secret=ylrQ3KTwhT\" data-secret=\"ylrQ3KTwhT\" width=\"600\" height=\"338\" frameborder=\"0\" marginwidth=\"0\" marginheight=\"0\" scrolling=\"no\"><\/iframe><\/p>\n<hr \/>\n<h2>Se voc\u00ea gostou deste post:<\/h2>\n<ul>\n<li>SIGA as nossas p\u00e1ginas nas redes sociais para acompanhar as nossas atualiza\u00e7\u00f5es: estamos no <a href=\"https:\/\/www.facebook.com\/sabrabrasil\" target=\"_blank\" rel=\"noopener\">Facebook<\/a>, no <a href=\"https:\/\/www.instagram.com\/sabrabrasil\/\" target=\"_blank\" rel=\"noopener\">Instagram<\/a>, no <a href=\"https:\/\/www.linkedin.com\/company\/25002088\" target=\"_blank\" rel=\"noopener\">LinkedIn<\/a>, no <a href=\"https:\/\/twitter.com\/ContatoSabra\" target=\"_blank\" rel=\"noopener\">Twitter<\/a> e no <a href=\"https:\/\/www.youtube.com\/channel\/UCJw-kbuEvzUNdeQf20Pa-eQ\" target=\"_blank\" rel=\"noopener\">YouTube<\/a>!<\/li>\n<li>CONHE\u00c7A o trabalho da Sociedade Art\u00edstica Brasileira (SABRA) e todas as iniciativas culturais e sociais que ela mant\u00e9m. <a href=\"https:\/\/www.sabra.org.br\/site\/acoes\/\" target=\"_blank\" rel=\"noopener\">Acesse nosso site!<\/a><\/li>\n<li>ENTRE EM CONTATO com a gente. E veja quais s\u00e3o as op\u00e7\u00f5es de ajuda na manuten\u00e7\u00e3o de nossas a\u00e7\u00f5es sociais e culturais. Basta acessar nossa p\u00e1gina <a href=\"https:\/\/www.sabra.org.br\/site\/doe-agora\/\" target=\"_blank\" rel=\"noopener\">Doe Agora!<\/a><\/li>\n<li>COMPARTILHE este texto nas suas redes sociais e ajude os seus amigos a tamb\u00e9m dominarem o assunto!<\/li>\n<\/ul>\n<p>\u2013 Os projetos da @sabrabrasil s\u00e3o realizados com o patroci\u0301nio m\u00e1ster: @institutounimedbh, viabilizado pelo incentivo de mais de 5,6 mil m\u00e9dicos cooperados e colaboradores via Lei de Incentivo \u00e0 Cultura &#8211; @culturagovbr<\/p>\n<blockquote class=\"wp-embedded-content\" data-secret=\"5v9XcvvYFA\"><p><a href=\"https:\/\/www.sabra.org.br\/site\/crianca\/\">A import\u00e2ncia do investimento na m\u00fasica para crian\u00e7as de comunidades carentes<\/a><\/p><\/blockquote>\n<p><iframe class=\"wp-embedded-content\" sandbox=\"allow-scripts\" security=\"restricted\" style=\"position: absolute; visibility: hidden;\" title=\"&#8220;A import\u00e2ncia do investimento na m\u00fasica para crian\u00e7as de comunidades carentes&#8221; &#8212; SABRA - Sociedade Art\u00edstica Brasileira\" src=\"https:\/\/www.sabra.org.br\/site\/crianca\/embed\/#?secret=WWsRxY921X#?secret=5v9XcvvYFA\" data-secret=\"5v9XcvvYFA\" width=\"600\" height=\"338\" frameborder=\"0\" marginwidth=\"0\" marginheight=\"0\" scrolling=\"no\"><\/iframe><\/p>\n<p>Conte\u00fado por: <a href=\"https:\/\/redaweb.com.br\">Ag\u00eancia de Marketing RedaWeb<\/a><\/p>\n","protected":false},"excerpt":{"rendered":"<p>Doe seu Imposto de Renda para fundos como o FIA e transforme o futuro de crian\u00e7as e adolescentes em situa\u00e7\u00e3o de vulnerabilidade social.<\/p>\n","protected":false},"author":39,"featured_media":9805,"comment_status":"closed","ping_status":"closed","sticky":false,"template":"","format":"standard","meta":{"jetpack_post_was_ever_published":false,"_jetpack_newsletter_access":"","_jetpack_dont_email_post_to_subs":false,"_jetpack_newsletter_tier_id":0,"_jetpack_memberships_contains_paywalled_content":false,"_jetpack_memberships_contains_paid_content":false,"footnotes":""},"categories":[1],"tags":[15,2757,3626,3623,8,3629,1285,3628,16,3519,1286,11,3622,9],"class_list":["post-9790","post","type-post","status-publish","format-standard","has-post-thumbnail","hentry","category-blog-sabra","tag-assistencia-social","tag-belo-horizonte","tag-cabo-frio","tag-campos-dos-goytacazes","tag-canto-coral","tag-contagem","tag-escola-de-musica-sabra","tag-ibirite","tag-musicalizacao-infantil","tag-nova-lima-2","tag-orquestra-infanto-juvenil-de-betim","tag-orquestra-sinfonica-de-betim","tag-raposos","tag-sociedade-artistica-brasileira"],"yoast_head":"<!-- This site is optimized with the Yoast SEO plugin v27.5 - https:\/\/yoast.com\/product\/yoast-seo-wordpress\/ -->\n<title>Fa\u00e7a a Diferen\u00e7a: Contribua para o Futuro de Crian\u00e7as Carentes - SABRA - Sociedade Art\u00edstica Brasileira<\/title>\n<meta name=\"description\" content=\"Doe seu Imposto de Renda para fundos como o FIA e transforme o futuro de crian\u00e7as e adolescentes em situa\u00e7\u00e3o de vulnerabilidade social.\" \/>\n<meta name=\"robots\" content=\"index, follow, max-snippet:-1, max-image-preview:large, max-video-preview:-1\" \/>\n<link rel=\"canonical\" href=\"https:\/\/www.sabra.org.br\/site\/ajudar-criancas\/\" \/>\n<meta property=\"og:locale\" content=\"pt_BR\" \/>\n<meta property=\"og:type\" content=\"article\" \/>\n<meta property=\"og:title\" content=\"Fa\u00e7a a Diferen\u00e7a: Contribua para o Futuro de Crian\u00e7as Carentes - SABRA - Sociedade Art\u00edstica Brasileira\" \/>\n<meta property=\"og:description\" content=\"Doe seu Imposto de Renda para fundos como o FIA e transforme o futuro de crian\u00e7as e adolescentes em situa\u00e7\u00e3o de vulnerabilidade social.\" \/>\n<meta property=\"og:url\" content=\"https:\/\/www.sabra.org.br\/site\/ajudar-criancas\/\" \/>\n<meta property=\"og:site_name\" content=\"SABRA - Sociedade Art\u00edstica Brasileira\" \/>\n<meta property=\"article:publisher\" content=\"https:\/\/www.facebook.com\/sabrabrasil\" \/>\n<meta property=\"article:published_time\" content=\"2024-06-27T12:57:52+00:00\" \/>\n<meta property=\"article:modified_time\" content=\"2025-04-18T11:57:44+00:00\" \/>\n<meta property=\"og:image\" content=\"https:\/\/www.sabra.org.br\/site\/wp-content\/uploads\/2024\/06\/saiba-como-a-doacao-atraves-do-irpf-pode-mudar-a-vida-das-criancas-carentes-20181109101935.jpg-jpg.webp\" \/>\n\t<meta property=\"og:image:width\" content=\"800\" \/>\n\t<meta property=\"og:image:height\" content=\"623\" \/>\n\t<meta property=\"og:image:type\" content=\"image\/jpeg\" \/>\n<meta name=\"author\" content=\"M\u00e1rcio Miranda Pontes\" \/>\n<meta name=\"twitter:card\" content=\"summary_large_image\" \/>\n<meta name=\"twitter:creator\" content=\"@ContatoSabra\" \/>\n<meta name=\"twitter:site\" content=\"@ContatoSabra\" \/>\n<meta name=\"twitter:label1\" content=\"Escrito por\" \/>\n\t<meta name=\"twitter:data1\" content=\"M\u00e1rcio Miranda Pontes\" \/>\n\t<meta name=\"twitter:label2\" content=\"Est. tempo de leitura\" \/>\n\t<meta name=\"twitter:data2\" content=\"4 minutos\" \/>\n<script type=\"application\/ld+json\" class=\"yoast-schema-graph\">{\"@context\":\"https:\\\/\\\/schema.org\",\"@graph\":[{\"@type\":\"Article\",\"@id\":\"https:\\\/\\\/www.sabra.org.br\\\/site\\\/ajudar-criancas\\\/#article\",\"isPartOf\":{\"@id\":\"https:\\\/\\\/www.sabra.org.br\\\/site\\\/ajudar-criancas\\\/\"},\"author\":{\"name\":\"M\u00e1rcio Miranda Pontes\",\"@id\":\"https:\\\/\\\/www.sabra.org.br\\\/site\\\/#\\\/schema\\\/person\\\/7d1d222c3c8891d4c37c7b41bf6315c2\"},\"headline\":\"Saiba como a doa\u00e7\u00e3o atrav\u00e9s do IRPF pode mudar a vida das crian\u00e7as carentes\",\"datePublished\":\"2024-06-27T12:57:52+00:00\",\"dateModified\":\"2025-04-18T11:57:44+00:00\",\"mainEntityOfPage\":{\"@id\":\"https:\\\/\\\/www.sabra.org.br\\\/site\\\/ajudar-criancas\\\/\"},\"wordCount\":760,\"publisher\":{\"@id\":\"https:\\\/\\\/www.sabra.org.br\\\/site\\\/#organization\"},\"image\":{\"@id\":\"https:\\\/\\\/www.sabra.org.br\\\/site\\\/ajudar-criancas\\\/#primaryimage\"},\"thumbnailUrl\":\"https:\\\/\\\/www.sabra.org.br\\\/site\\\/wp-content\\\/uploads\\\/2024\\\/06\\\/saiba-como-a-doacao-atraves-do-irpf-pode-mudar-a-vida-das-criancas-carentes-20181109101935.jpg-jpg.webp\",\"keywords\":[\"Assist\u00eancia social\",\"Belo Horizonte\",\"Cabo Frio\",\"Campos dos Goytacazes\",\"Canto Coral\",\"Contagem\",\"Escola de Musica SABRA\",\"Ibirit\u00e9\",\"Musicaliza\u00e7\u00e3o Infantil\",\"nova lima\",\"Orquestra Infanto Juvenil de Betim\",\"Orquestra Sinf\u00f4nica de Betim\",\"Raposos\",\"Sociedade Art\u00edstica Brasileira\"],\"articleSection\":[\"Blog SABRA\"],\"inLanguage\":\"pt-BR\"},{\"@type\":\"WebPage\",\"@id\":\"https:\\\/\\\/www.sabra.org.br\\\/site\\\/ajudar-criancas\\\/\",\"url\":\"https:\\\/\\\/www.sabra.org.br\\\/site\\\/ajudar-criancas\\\/\",\"name\":\"Fa\u00e7a a Diferen\u00e7a: Contribua para o Futuro de Crian\u00e7as Carentes - SABRA - Sociedade Art\u00edstica Brasileira\",\"isPartOf\":{\"@id\":\"https:\\\/\\\/www.sabra.org.br\\\/site\\\/#website\"},\"primaryImageOfPage\":{\"@id\":\"https:\\\/\\\/www.sabra.org.br\\\/site\\\/ajudar-criancas\\\/#primaryimage\"},\"image\":{\"@id\":\"https:\\\/\\\/www.sabra.org.br\\\/site\\\/ajudar-criancas\\\/#primaryimage\"},\"thumbnailUrl\":\"https:\\\/\\\/www.sabra.org.br\\\/site\\\/wp-content\\\/uploads\\\/2024\\\/06\\\/saiba-como-a-doacao-atraves-do-irpf-pode-mudar-a-vida-das-criancas-carentes-20181109101935.jpg-jpg.webp\",\"datePublished\":\"2024-06-27T12:57:52+00:00\",\"dateModified\":\"2025-04-18T11:57:44+00:00\",\"description\":\"Doe seu Imposto de Renda para fundos como o FIA e transforme o futuro de crian\u00e7as e adolescentes em situa\u00e7\u00e3o de vulnerabilidade social.\",\"breadcrumb\":{\"@id\":\"https:\\\/\\\/www.sabra.org.br\\\/site\\\/ajudar-criancas\\\/#breadcrumb\"},\"inLanguage\":\"pt-BR\",\"potentialAction\":[{\"@type\":\"ReadAction\",\"target\":[\"https:\\\/\\\/www.sabra.org.br\\\/site\\\/ajudar-criancas\\\/\"]}]},{\"@type\":\"ImageObject\",\"inLanguage\":\"pt-BR\",\"@id\":\"https:\\\/\\\/www.sabra.org.br\\\/site\\\/ajudar-criancas\\\/#primaryimage\",\"url\":\"https:\\\/\\\/www.sabra.org.br\\\/site\\\/wp-content\\\/uploads\\\/2024\\\/06\\\/saiba-como-a-doacao-atraves-do-irpf-pode-mudar-a-vida-das-criancas-carentes-20181109101935.jpg-jpg.webp\",\"contentUrl\":\"https:\\\/\\\/www.sabra.org.br\\\/site\\\/wp-content\\\/uploads\\\/2024\\\/06\\\/saiba-como-a-doacao-atraves-do-irpf-pode-mudar-a-vida-das-criancas-carentes-20181109101935.jpg-jpg.webp\",\"width\":800,\"height\":623,\"caption\":\"Sociedade Art\u00edstica Brasileira SABRA\"},{\"@type\":\"BreadcrumbList\",\"@id\":\"https:\\\/\\\/www.sabra.org.br\\\/site\\\/ajudar-criancas\\\/#breadcrumb\",\"itemListElement\":[{\"@type\":\"ListItem\",\"position\":1,\"name\":\"In\u00edcio\",\"item\":\"https:\\\/\\\/www.sabra.org.br\\\/site\\\/\"},{\"@type\":\"ListItem\",\"position\":2,\"name\":\"Saiba como a doa\u00e7\u00e3o atrav\u00e9s do IRPF pode mudar a vida das crian\u00e7as carentes\"}]},{\"@type\":\"WebSite\",\"@id\":\"https:\\\/\\\/www.sabra.org.br\\\/site\\\/#website\",\"url\":\"https:\\\/\\\/www.sabra.org.br\\\/site\\\/\",\"name\":\"SABRA - Sociedade Art\u00edstica Brasileira\",\"description\":\"Escola de M\u00fasica, Orquestra Sinf\u00f4nica, Coral e Patrim\u00f4nio Cultural e Hist\u00f3rico\",\"publisher\":{\"@id\":\"https:\\\/\\\/www.sabra.org.br\\\/site\\\/#organization\"},\"potentialAction\":[{\"@type\":\"SearchAction\",\"target\":{\"@type\":\"EntryPoint\",\"urlTemplate\":\"https:\\\/\\\/www.sabra.org.br\\\/site\\\/?s={search_term_string}\"},\"query-input\":{\"@type\":\"PropertyValueSpecification\",\"valueRequired\":true,\"valueName\":\"search_term_string\"}}],\"inLanguage\":\"pt-BR\"},{\"@type\":\"Organization\",\"@id\":\"https:\\\/\\\/www.sabra.org.br\\\/site\\\/#organization\",\"name\":\"SOCIEDADE ART\u00cdSTICA BRASILEIRA SABRA\",\"alternateName\":\"SABRA\",\"url\":\"https:\\\/\\\/www.sabra.org.br\\\/site\\\/\",\"logo\":{\"@type\":\"ImageObject\",\"inLanguage\":\"pt-BR\",\"@id\":\"https:\\\/\\\/www.sabra.org.br\\\/site\\\/#\\\/schema\\\/logo\\\/image\\\/\",\"url\":\"https:\\\/\\\/www.sabra.org.br\\\/site\\\/wp-content\\\/uploads\\\/2019\\\/06\\\/cropped-Logo_SABRA-Copia-1.webp\",\"contentUrl\":\"https:\\\/\\\/www.sabra.org.br\\\/site\\\/wp-content\\\/uploads\\\/2019\\\/06\\\/cropped-Logo_SABRA-Copia-1.webp\",\"width\":400,\"height\":128,\"caption\":\"SOCIEDADE ART\u00cdSTICA BRASILEIRA SABRA\"},\"image\":{\"@id\":\"https:\\\/\\\/www.sabra.org.br\\\/site\\\/#\\\/schema\\\/logo\\\/image\\\/\"},\"sameAs\":[\"https:\\\/\\\/www.facebook.com\\\/sabrabrasil\",\"https:\\\/\\\/x.com\\\/ContatoSabra\",\"https:\\\/\\\/www.instagram.com\\\/sabrabrasil\\\/\",\"https:\\\/\\\/www.linkedin.com\\\/company\\\/25002088\\\/\",\"https:\\\/\\\/br.pinterest.com\\\/sociedadeartisticabrasileira\\\/\",\"https:\\\/\\\/www.youtube.com\\\/c\\\/sabrabrasil\"]},{\"@type\":\"Person\",\"@id\":\"https:\\\/\\\/www.sabra.org.br\\\/site\\\/#\\\/schema\\\/person\\\/7d1d222c3c8891d4c37c7b41bf6315c2\",\"name\":\"M\u00e1rcio Miranda Pontes\",\"image\":{\"@type\":\"ImageObject\",\"inLanguage\":\"pt-BR\",\"@id\":\"https:\\\/\\\/secure.gravatar.com\\\/avatar\\\/3b45f24496a7625a3a6c436688fbe20344faaeb2979658dc4a9921f984d7df9a?s=96&d=mm&r=g\",\"url\":\"https:\\\/\\\/secure.gravatar.com\\\/avatar\\\/3b45f24496a7625a3a6c436688fbe20344faaeb2979658dc4a9921f984d7df9a?s=96&d=mm&r=g\",\"contentUrl\":\"https:\\\/\\\/secure.gravatar.com\\\/avatar\\\/3b45f24496a7625a3a6c436688fbe20344faaeb2979658dc4a9921f984d7df9a?s=96&d=mm&r=g\",\"caption\":\"M\u00e1rcio Miranda Pontes\"},\"sameAs\":[\"http:\\\/\\\/www.sabra.org.br\"],\"url\":\"https:\\\/\\\/www.sabra.org.br\\\/site\\\/author\\\/marcio-miranda-pontes\\\/\"}]}<\/script>\n<!-- \/ Yoast SEO plugin. -->","yoast_head_json":{"title":"Fa\u00e7a a Diferen\u00e7a: Contribua para o Futuro de Crian\u00e7as Carentes - SABRA - Sociedade Art\u00edstica Brasileira","description":"Doe seu Imposto de Renda para fundos como o FIA e transforme o futuro de crian\u00e7as e adolescentes em situa\u00e7\u00e3o de vulnerabilidade social.","robots":{"index":"index","follow":"follow","max-snippet":"max-snippet:-1","max-image-preview":"max-image-preview:large","max-video-preview":"max-video-preview:-1"},"canonical":"https:\/\/www.sabra.org.br\/site\/ajudar-criancas\/","og_locale":"pt_BR","og_type":"article","og_title":"Fa\u00e7a a Diferen\u00e7a: Contribua para o Futuro de Crian\u00e7as Carentes - SABRA - Sociedade Art\u00edstica Brasileira","og_description":"Doe seu Imposto de Renda para fundos como o FIA e transforme o futuro de crian\u00e7as e adolescentes em situa\u00e7\u00e3o de vulnerabilidade social.","og_url":"https:\/\/www.sabra.org.br\/site\/ajudar-criancas\/","og_site_name":"SABRA - Sociedade Art\u00edstica Brasileira","article_publisher":"https:\/\/www.facebook.com\/sabrabrasil","article_published_time":"2024-06-27T12:57:52+00:00","article_modified_time":"2025-04-18T11:57:44+00:00","og_image":[{"width":800,"height":623,"url":"https:\/\/www.sabra.org.br\/site\/wp-content\/uploads\/2024\/06\/saiba-como-a-doacao-atraves-do-irpf-pode-mudar-a-vida-das-criancas-carentes-20181109101935.jpg-jpg.webp","type":"image\/jpeg"}],"author":"M\u00e1rcio Miranda Pontes","twitter_card":"summary_large_image","twitter_creator":"@ContatoSabra","twitter_site":"@ContatoSabra","twitter_misc":{"Escrito por":"M\u00e1rcio Miranda Pontes","Est. tempo de leitura":"4 minutos"},"schema":{"@context":"https:\/\/schema.org","@graph":[{"@type":"Article","@id":"https:\/\/www.sabra.org.br\/site\/ajudar-criancas\/#article","isPartOf":{"@id":"https:\/\/www.sabra.org.br\/site\/ajudar-criancas\/"},"author":{"name":"M\u00e1rcio Miranda Pontes","@id":"https:\/\/www.sabra.org.br\/site\/#\/schema\/person\/7d1d222c3c8891d4c37c7b41bf6315c2"},"headline":"Saiba como a doa\u00e7\u00e3o atrav\u00e9s do IRPF pode mudar a vida das crian\u00e7as carentes","datePublished":"2024-06-27T12:57:52+00:00","dateModified":"2025-04-18T11:57:44+00:00","mainEntityOfPage":{"@id":"https:\/\/www.sabra.org.br\/site\/ajudar-criancas\/"},"wordCount":760,"publisher":{"@id":"https:\/\/www.sabra.org.br\/site\/#organization"},"image":{"@id":"https:\/\/www.sabra.org.br\/site\/ajudar-criancas\/#primaryimage"},"thumbnailUrl":"https:\/\/www.sabra.org.br\/site\/wp-content\/uploads\/2024\/06\/saiba-como-a-doacao-atraves-do-irpf-pode-mudar-a-vida-das-criancas-carentes-20181109101935.jpg-jpg.webp","keywords":["Assist\u00eancia social","Belo Horizonte","Cabo Frio","Campos dos Goytacazes","Canto Coral","Contagem","Escola de Musica SABRA","Ibirit\u00e9","Musicaliza\u00e7\u00e3o Infantil","nova lima","Orquestra Infanto Juvenil de Betim","Orquestra Sinf\u00f4nica de Betim","Raposos","Sociedade Art\u00edstica Brasileira"],"articleSection":["Blog SABRA"],"inLanguage":"pt-BR"},{"@type":"WebPage","@id":"https:\/\/www.sabra.org.br\/site\/ajudar-criancas\/","url":"https:\/\/www.sabra.org.br\/site\/ajudar-criancas\/","name":"Fa\u00e7a a Diferen\u00e7a: Contribua para o Futuro de Crian\u00e7as Carentes - SABRA - Sociedade Art\u00edstica Brasileira","isPartOf":{"@id":"https:\/\/www.sabra.org.br\/site\/#website"},"primaryImageOfPage":{"@id":"https:\/\/www.sabra.org.br\/site\/ajudar-criancas\/#primaryimage"},"image":{"@id":"https:\/\/www.sabra.org.br\/site\/ajudar-criancas\/#primaryimage"},"thumbnailUrl":"https:\/\/www.sabra.org.br\/site\/wp-content\/uploads\/2024\/06\/saiba-como-a-doacao-atraves-do-irpf-pode-mudar-a-vida-das-criancas-carentes-20181109101935.jpg-jpg.webp","datePublished":"2024-06-27T12:57:52+00:00","dateModified":"2025-04-18T11:57:44+00:00","description":"Doe seu Imposto de Renda para fundos como o FIA e transforme o futuro de crian\u00e7as e adolescentes em situa\u00e7\u00e3o de vulnerabilidade social.","breadcrumb":{"@id":"https:\/\/www.sabra.org.br\/site\/ajudar-criancas\/#breadcrumb"},"inLanguage":"pt-BR","potentialAction":[{"@type":"ReadAction","target":["https:\/\/www.sabra.org.br\/site\/ajudar-criancas\/"]}]},{"@type":"ImageObject","inLanguage":"pt-BR","@id":"https:\/\/www.sabra.org.br\/site\/ajudar-criancas\/#primaryimage","url":"https:\/\/www.sabra.org.br\/site\/wp-content\/uploads\/2024\/06\/saiba-como-a-doacao-atraves-do-irpf-pode-mudar-a-vida-das-criancas-carentes-20181109101935.jpg-jpg.webp","contentUrl":"https:\/\/www.sabra.org.br\/site\/wp-content\/uploads\/2024\/06\/saiba-como-a-doacao-atraves-do-irpf-pode-mudar-a-vida-das-criancas-carentes-20181109101935.jpg-jpg.webp","width":800,"height":623,"caption":"Sociedade Art\u00edstica Brasileira SABRA"},{"@type":"BreadcrumbList","@id":"https:\/\/www.sabra.org.br\/site\/ajudar-criancas\/#breadcrumb","itemListElement":[{"@type":"ListItem","position":1,"name":"In\u00edcio","item":"https:\/\/www.sabra.org.br\/site\/"},{"@type":"ListItem","position":2,"name":"Saiba como a doa\u00e7\u00e3o atrav\u00e9s do IRPF pode mudar a vida das crian\u00e7as carentes"}]},{"@type":"WebSite","@id":"https:\/\/www.sabra.org.br\/site\/#website","url":"https:\/\/www.sabra.org.br\/site\/","name":"SABRA - Sociedade Art\u00edstica Brasileira","description":"Escola de M\u00fasica, Orquestra Sinf\u00f4nica, Coral e Patrim\u00f4nio Cultural e Hist\u00f3rico","publisher":{"@id":"https:\/\/www.sabra.org.br\/site\/#organization"},"potentialAction":[{"@type":"SearchAction","target":{"@type":"EntryPoint","urlTemplate":"https:\/\/www.sabra.org.br\/site\/?s={search_term_string}"},"query-input":{"@type":"PropertyValueSpecification","valueRequired":true,"valueName":"search_term_string"}}],"inLanguage":"pt-BR"},{"@type":"Organization","@id":"https:\/\/www.sabra.org.br\/site\/#organization","name":"SOCIEDADE ART\u00cdSTICA BRASILEIRA SABRA","alternateName":"SABRA","url":"https:\/\/www.sabra.org.br\/site\/","logo":{"@type":"ImageObject","inLanguage":"pt-BR","@id":"https:\/\/www.sabra.org.br\/site\/#\/schema\/logo\/image\/","url":"https:\/\/www.sabra.org.br\/site\/wp-content\/uploads\/2019\/06\/cropped-Logo_SABRA-Copia-1.webp","contentUrl":"https:\/\/www.sabra.org.br\/site\/wp-content\/uploads\/2019\/06\/cropped-Logo_SABRA-Copia-1.webp","width":400,"height":128,"caption":"SOCIEDADE ART\u00cdSTICA BRASILEIRA SABRA"},"image":{"@id":"https:\/\/www.sabra.org.br\/site\/#\/schema\/logo\/image\/"},"sameAs":["https:\/\/www.facebook.com\/sabrabrasil","https:\/\/x.com\/ContatoSabra","https:\/\/www.instagram.com\/sabrabrasil\/","https:\/\/www.linkedin.com\/company\/25002088\/","https:\/\/br.pinterest.com\/sociedadeartisticabrasileira\/","https:\/\/www.youtube.com\/c\/sabrabrasil"]},{"@type":"Person","@id":"https:\/\/www.sabra.org.br\/site\/#\/schema\/person\/7d1d222c3c8891d4c37c7b41bf6315c2","name":"M\u00e1rcio Miranda Pontes","image":{"@type":"ImageObject","inLanguage":"pt-BR","@id":"https:\/\/secure.gravatar.com\/avatar\/3b45f24496a7625a3a6c436688fbe20344faaeb2979658dc4a9921f984d7df9a?s=96&d=mm&r=g","url":"https:\/\/secure.gravatar.com\/avatar\/3b45f24496a7625a3a6c436688fbe20344faaeb2979658dc4a9921f984d7df9a?s=96&d=mm&r=g","contentUrl":"https:\/\/secure.gravatar.com\/avatar\/3b45f24496a7625a3a6c436688fbe20344faaeb2979658dc4a9921f984d7df9a?s=96&d=mm&r=g","caption":"M\u00e1rcio Miranda Pontes"},"sameAs":["http:\/\/www.sabra.org.br"],"url":"https:\/\/www.sabra.org.br\/site\/author\/marcio-miranda-pontes\/"}]}},"jetpack_featured_media_url":"https:\/\/www.sabra.org.br\/site\/wp-content\/uploads\/2024\/06\/saiba-como-a-doacao-atraves-do-irpf-pode-mudar-a-vida-das-criancas-carentes-20181109101935.jpg-jpg.webp","jetpack_shortlink":"https:\/\/wp.me\/p95j2Z-2xU","jetpack-related-posts":[{"id":1864,"url":"https:\/\/www.sabra.org.br\/site\/fundo-da-infancia-e-adolescencia-entenda-como-funciona\/","url_meta":{"origin":9790,"position":0},"title":"Fundo da Inf\u00e2ncia e Adolesc\u00eancia: Entenda como funciona","author":"M\u00e1rcio Miranda Pontes","date":"5 de abril de 2019","format":false,"excerpt":"crian\u00e7as e adolescentes crian\u00e7a e do adolescente inf\u00e2ncia e adolesc\u00eancia fia recursos financeiros","rel":"","context":"Em &quot;Blog SABRA&quot;","block_context":{"text":"Blog SABRA","link":"https:\/\/www.sabra.org.br\/site\/category\/blog-sabra\/"},"img":{"alt_text":"fundo da infancia e adolescencia","src":"https:\/\/i0.wp.com\/www.sabra.org.br\/site\/wp-content\/uploads\/2019\/04\/fundo-da-infancia-e-adolescencia-entenda-como-funciona-20181109101935.jpg-1.jpg?resize=350%2C200&ssl=1","width":350,"height":200,"srcset":"https:\/\/i0.wp.com\/www.sabra.org.br\/site\/wp-content\/uploads\/2019\/04\/fundo-da-infancia-e-adolescencia-entenda-como-funciona-20181109101935.jpg-1.jpg?resize=350%2C200&ssl=1 1x, https:\/\/i0.wp.com\/www.sabra.org.br\/site\/wp-content\/uploads\/2019\/04\/fundo-da-infancia-e-adolescencia-entenda-como-funciona-20181109101935.jpg-1.jpg?resize=525%2C300&ssl=1 1.5x, https:\/\/i0.wp.com\/www.sabra.org.br\/site\/wp-content\/uploads\/2019\/04\/fundo-da-infancia-e-adolescencia-entenda-como-funciona-20181109101935.jpg-1.jpg?resize=700%2C400&ssl=1 2x"},"classes":[]},{"id":1902,"url":"https:\/\/www.sabra.org.br\/site\/motivos-para-voce-auxiliar-criancas-carentes-ao-inves-de-pagar-imposto-de-renda-doacoes\/","url_meta":{"origin":9790,"position":1},"title":"Imposto de Renda: hora de pagar","author":"M\u00e1rcio Miranda Pontes","date":"29 de abril de 2019","format":false,"excerpt":"imposto de renda crian\u00e7as carentes crian\u00e7as e adolescentes receita federal responsabilidade social","rel":"","context":"Em &quot;Blog SABRA&quot;","block_context":{"text":"Blog SABRA","link":"https:\/\/www.sabra.org.br\/site\/category\/blog-sabra\/"},"img":{"alt_text":"Imposto de Renda","src":"https:\/\/i0.wp.com\/www.sabra.org.br\/site\/wp-content\/uploads\/2019\/04\/x-motivos-para-voce-auxiliar-criancas-carentes-ao-inves-de-pagar-imposto-20181109101935.jpg.jpg?resize=350%2C200&ssl=1","width":350,"height":200,"srcset":"https:\/\/i0.wp.com\/www.sabra.org.br\/site\/wp-content\/uploads\/2019\/04\/x-motivos-para-voce-auxiliar-criancas-carentes-ao-inves-de-pagar-imposto-20181109101935.jpg.jpg?resize=350%2C200&ssl=1 1x, https:\/\/i0.wp.com\/www.sabra.org.br\/site\/wp-content\/uploads\/2019\/04\/x-motivos-para-voce-auxiliar-criancas-carentes-ao-inves-de-pagar-imposto-20181109101935.jpg.jpg?resize=525%2C300&ssl=1 1.5x, https:\/\/i0.wp.com\/www.sabra.org.br\/site\/wp-content\/uploads\/2019\/04\/x-motivos-para-voce-auxiliar-criancas-carentes-ao-inves-de-pagar-imposto-20181109101935.jpg.jpg?resize=700%2C400&ssl=1 2x"},"classes":[]},{"id":1827,"url":"https:\/\/www.sabra.org.br\/site\/doacoes-para-o-fia\/","url_meta":{"origin":9790,"position":2},"title":"Doa\u00e7\u00f5es para o FIA","author":"M\u00e1rcio Miranda Pontes","date":"23 de mar\u00e7o de 2019","format":false,"excerpt":"imposto de renda inf\u00e2ncia e adolesc\u00eancia crian\u00e7as e adolescentes orquestra sinf\u00f4nica vai receber","rel":"","context":"Em &quot;Blog SABRA&quot;","block_context":{"text":"Blog SABRA","link":"https:\/\/www.sabra.org.br\/site\/category\/blog-sabra\/"},"img":{"alt_text":"FIA","src":"https:\/\/i0.wp.com\/www.sabra.org.br\/site\/wp-content\/uploads\/2019\/03\/fundo-da-infancia-e-adolescencia-entenda-como-funciona-20181109101935.jpg.jpg?resize=350%2C200&ssl=1","width":350,"height":200,"srcset":"https:\/\/i0.wp.com\/www.sabra.org.br\/site\/wp-content\/uploads\/2019\/03\/fundo-da-infancia-e-adolescencia-entenda-como-funciona-20181109101935.jpg.jpg?resize=350%2C200&ssl=1 1x, https:\/\/i0.wp.com\/www.sabra.org.br\/site\/wp-content\/uploads\/2019\/03\/fundo-da-infancia-e-adolescencia-entenda-como-funciona-20181109101935.jpg.jpg?resize=525%2C300&ssl=1 1.5x, https:\/\/i0.wp.com\/www.sabra.org.br\/site\/wp-content\/uploads\/2019\/03\/fundo-da-infancia-e-adolescencia-entenda-como-funciona-20181109101935.jpg.jpg?resize=700%2C400&ssl=1 2x"},"classes":[]},{"id":3793,"url":"https:\/\/www.sabra.org.br\/site\/crianca\/","url_meta":{"origin":9790,"position":3},"title":"A import\u00e2ncia do investimento na m\u00fasica para crian\u00e7as de comunidades carentes","author":"M\u00e1rcio Miranda Pontes","date":"15 de abril de 2021","format":false,"excerpt":"Mesmo em comunidades carentes, crian\u00e7as com acesso \u00e0 m\u00fasica podem desenvolver habilidades e compet\u00eancias importantes para a vida, ainda que n\u00e3o haja uma educa\u00e7\u00e3o eficiente. Confira o nosso post de hoje e entenda as in\u00fameras vantagens da m\u00fasica para crian\u00e7as sob condi\u00e7\u00f5es prec\u00e1rias de vida.","rel":"","context":"Em &quot;Blog SABRA&quot;","block_context":{"text":"Blog SABRA","link":"https:\/\/www.sabra.org.br\/site\/category\/blog-sabra\/"},"img":{"alt_text":"crian\u00e7a-crianca-desenvolvimento","src":"https:\/\/i0.wp.com\/www.sabra.org.br\/site\/wp-content\/uploads\/2021\/04\/a-importancia-do-investimento-na-musica-para-criancas-de-comunidades-carentes-20210203092956.jpg.jpg?resize=350%2C200&ssl=1","width":350,"height":200,"srcset":"https:\/\/i0.wp.com\/www.sabra.org.br\/site\/wp-content\/uploads\/2021\/04\/a-importancia-do-investimento-na-musica-para-criancas-de-comunidades-carentes-20210203092956.jpg.jpg?resize=350%2C200&ssl=1 1x, https:\/\/i0.wp.com\/www.sabra.org.br\/site\/wp-content\/uploads\/2021\/04\/a-importancia-do-investimento-na-musica-para-criancas-de-comunidades-carentes-20210203092956.jpg.jpg?resize=525%2C300&ssl=1 1.5x, https:\/\/i0.wp.com\/www.sabra.org.br\/site\/wp-content\/uploads\/2021\/04\/a-importancia-do-investimento-na-musica-para-criancas-de-comunidades-carentes-20210203092956.jpg.jpg?resize=700%2C400&ssl=1 2x"},"classes":[]},{"id":9827,"url":"https:\/\/www.sabra.org.br\/site\/adolescencia-crianca-fia-violoncelo\/","url_meta":{"origin":9790,"position":4},"title":"Como os recursos do FIA ajudaram na aquisi\u00e7\u00e3o de violoncelos para a SABRA?","author":"M\u00e1rcio Miranda Pontes","date":"1 de julho de 2024","format":false,"excerpt":"Descubra como a destina\u00e7\u00e3o do Imposto de Renda para o FIA pode ajudar crian\u00e7as e adolescentes carentes em todo o Brasil.","rel":"","context":"Em &quot;Blog SABRA&quot;","block_context":{"text":"Blog SABRA","link":"https:\/\/www.sabra.org.br\/site\/category\/blog-sabra\/"},"img":{"alt_text":"sabra-m\u00fasica-adolesc\u00eancia-crian\u00e7as-fundo-receber-sociais-violoncelos","src":"https:\/\/i0.wp.com\/www.sabra.org.br\/site\/wp-content\/uploads\/2024\/07\/como-os-recursos-do-fia-ajudaram-na-aquisicao-de-violoncelos-para-a-sabra-20181109101935.jpg-jpg.webp?resize=350%2C200&ssl=1","width":350,"height":200,"srcset":"https:\/\/i0.wp.com\/www.sabra.org.br\/site\/wp-content\/uploads\/2024\/07\/como-os-recursos-do-fia-ajudaram-na-aquisicao-de-violoncelos-para-a-sabra-20181109101935.jpg-jpg.webp?resize=350%2C200&ssl=1 1x, https:\/\/i0.wp.com\/www.sabra.org.br\/site\/wp-content\/uploads\/2024\/07\/como-os-recursos-do-fia-ajudaram-na-aquisicao-de-violoncelos-para-a-sabra-20181109101935.jpg-jpg.webp?resize=525%2C300&ssl=1 1.5x, https:\/\/i0.wp.com\/www.sabra.org.br\/site\/wp-content\/uploads\/2024\/07\/como-os-recursos-do-fia-ajudaram-na-aquisicao-de-violoncelos-para-a-sabra-20181109101935.jpg-jpg.webp?resize=700%2C400&ssl=1 2x"},"classes":[]},{"id":2281,"url":"https:\/\/www.sabra.org.br\/site\/crianca-desenvolvimento-social\/","url_meta":{"origin":9790,"position":5},"title":"Crian\u00e7a e Desenvolvimento Social","author":"M\u00e1rcio Miranda Pontes","date":"1 de agosto de 2019","format":false,"excerpt":"Desenvolver socialmente a crian\u00e7a \u00e9 fundamental para que ela cres\u00e7a sabendo se relacionar com as pessoas e com o mundo em geral. \u00c9 uma forma de prepar\u00e1-la para o mundo.","rel":"","context":"Em &quot;Blog SABRA&quot;","block_context":{"text":"Blog SABRA","link":"https:\/\/www.sabra.org.br\/site\/category\/blog-sabra\/"},"img":{"alt_text":"crian\u00e7a-desenvolvimento-social","src":"https:\/\/i0.wp.com\/www.sabra.org.br\/site\/wp-content\/uploads\/2019\/08\/a-importancia-do-desenvolvimento-social-para-as-criancas-20190318102744.jpg.jpg?resize=350%2C200&ssl=1","width":350,"height":200,"srcset":"https:\/\/i0.wp.com\/www.sabra.org.br\/site\/wp-content\/uploads\/2019\/08\/a-importancia-do-desenvolvimento-social-para-as-criancas-20190318102744.jpg.jpg?resize=350%2C200&ssl=1 1x, https:\/\/i0.wp.com\/www.sabra.org.br\/site\/wp-content\/uploads\/2019\/08\/a-importancia-do-desenvolvimento-social-para-as-criancas-20190318102744.jpg.jpg?resize=525%2C300&ssl=1 1.5x, https:\/\/i0.wp.com\/www.sabra.org.br\/site\/wp-content\/uploads\/2019\/08\/a-importancia-do-desenvolvimento-social-para-as-criancas-20190318102744.jpg.jpg?resize=700%2C400&ssl=1 2x"},"classes":[]}],"jetpack_likes_enabled":true,"jetpack_sharing_enabled":true,"_links":{"self":[{"href":"https:\/\/www.sabra.org.br\/site\/wp-json\/wp\/v2\/posts\/9790","targetHints":{"allow":["GET"]}}],"collection":[{"href":"https:\/\/www.sabra.org.br\/site\/wp-json\/wp\/v2\/posts"}],"about":[{"href":"https:\/\/www.sabra.org.br\/site\/wp-json\/wp\/v2\/types\/post"}],"author":[{"embeddable":true,"href":"https:\/\/www.sabra.org.br\/site\/wp-json\/wp\/v2\/users\/39"}],"replies":[{"embeddable":true,"href":"https:\/\/www.sabra.org.br\/site\/wp-json\/wp\/v2\/comments?post=9790"}],"version-history":[{"count":0,"href":"https:\/\/www.sabra.org.br\/site\/wp-json\/wp\/v2\/posts\/9790\/revisions"}],"wp:featuredmedia":[{"embeddable":true,"href":"https:\/\/www.sabra.org.br\/site\/wp-json\/wp\/v2\/media\/9805"}],"wp:attachment":[{"href":"https:\/\/www.sabra.org.br\/site\/wp-json\/wp\/v2\/media?parent=9790"}],"wp:term":[{"taxonomy":"category","embeddable":true,"href":"https:\/\/www.sabra.org.br\/site\/wp-json\/wp\/v2\/categories?post=9790"},{"taxonomy":"post_tag","embeddable":true,"href":"https:\/\/www.sabra.org.br\/site\/wp-json\/wp\/v2\/tags?post=9790"}],"curies":[{"name":"wp","href":"https:\/\/api.w.org\/{rel}","templated":true}]}}