{"id":9845,"date":"2024-07-19T08:38:58","date_gmt":"2024-07-19T11:38:58","guid":{"rendered":"https:\/\/www.sabra.org.br\/site\/?p=9845"},"modified":"2024-07-19T08:38:58","modified_gmt":"2024-07-19T11:38:58","slug":"expressao-corporal","status":"publish","type":"post","link":"https:\/\/www.sabra.org.br\/site\/expressao-corporal\/","title":{"rendered":"Express\u00e3o Corporal: Conhe\u00e7a os seus benef\u00edcios"},"content":{"rendered":"<p>A express\u00e3o corporal \u00e9 definida, principalmente, pela capacidade de utilizar o corpo para se comunicar. Assim, h\u00e1 diferentes n\u00edveis de desenvolvimento da express\u00e3o corporal, eles s\u00e3o influenciados pelo grau de consci\u00eancia que uma pessoa tem do pr\u00f3prio corpo.<\/p>\n<p>H\u00e1 diversas atividades que contribuem para o desenvolvimento dessa habilidade: o teatro, a dan\u00e7a, os esportes, a m\u00fasica, entre outros. De maneira geral, a express\u00e3o corporal est\u00e1 ligada \u00e0 capacidade de se autoperceber, de transmitir mensagens adequadas em cada contexto e n\u00e3o apenas \u00e0 express\u00e3o art\u00edstica.<\/p>\n<p>Al\u00e9m disso, de modo indireto, todas as atividades envolvidas no desenvolvimento da capacidade de se expressar corporalmente propiciam o amadurecimento de outras habilidades que fazem parte da express\u00e3o corporal: a coordena\u00e7\u00e3o motora, a postura adequada, o equil\u00edbrio, a autoestima, o autoconhecimento, entre outras.<\/p>\n<p>Veja a seguir quais s\u00e3o os benef\u00edcios de realizar atividades que permitam elevar a capacidade de se expressar por meio do pr\u00f3prio corpo. Vamos l\u00e1!<\/p>\n<h2>Rela\u00e7\u00f5es interpessoais<\/h2>\n<p>Quanto menor \u00e9 o grau de consci\u00eancia corporal de um indiv\u00edduo, mais \u00f3bvias s\u00e3o as suas inten\u00e7\u00f5es e, sobretudo seus medos e inseguran\u00e7as, para as outras pessoas que est\u00e3o assistindo.<\/p>\n<p>Como a express\u00e3o corporal \u00e9 resultado de um processo emocional interno, n\u00e3o \u00e9 dif\u00edcil perceber que algu\u00e9m est\u00e1 inseguro e apreensivo, por exemplo, em uma entrevista de emprego ou apresenta\u00e7\u00e3o de um semin\u00e1rio, devido aos gestos feitos e a postura adotada.<\/p>\n<p>Assim, o transparecer da inseguran\u00e7a denota um autocontrole menor que pode ser lido erroneamente como despreparo ou fraqueza. Nesse ponto, aqueles que conseguem utilizar o seu corpo como meio de diminuir a resist\u00eancia que possa existir em um ambiente, influenciar os outros ou transmitir uma imagem positiva est\u00e3o em vantagem.<\/p>\n<p>Todo o processo de leitura corporal que as pessoas fazem umas sobre as outras ocorre, na maior parte do tempo, de maneira inconsciente. Assim, n\u00e3o se trata do fato que todos est\u00e3o analisando todos, mas, certamente, a impress\u00e3o obtida perpassa pela express\u00e3o corporal que cada um apresenta.<\/p>\n<h2>Equil\u00edbrio e coordena\u00e7\u00e3o motora<\/h2>\n<p>Com a exposi\u00e7\u00e3o ao aprendizado de novos movimentos e a liberdade de explorar diferentes formas de express\u00e3o corporal, cria-se uma esp\u00e9cie de repert\u00f3rio de express\u00e3o do corpo que pode ser utilizado em diferentes ambientes e para diferentes prop\u00f3sitos.<\/p>\n<p>De forma an\u00e1loga, \u00e9 como ampliar o vocabul\u00e1rio: se t\u00eam \u00e0 disposi\u00e7\u00e3o diferentes palavras e express\u00f5es que s\u00e3o requisitadas a depender do contexto de comunica\u00e7\u00e3o.<\/p>\n<p>Dessa maneira, at\u00e9 mesmo o aprendizado inicial de outras atividades que envolvem o corpo se torna facilitado. O equil\u00edbrio adquirido tamb\u00e9m \u00e9 maior, pois \u00e9 fruto de um processo sistem\u00e1tico de tomada de consci\u00eancia sobre os pr\u00f3prios movimentos.<\/p>\n<h2>Desconstru\u00e7\u00e3o de padr\u00f5es e liberdade de express\u00e3o<\/h2>\n<p>A forma de se portar corporalmente \u00e9 um dos atributos aprendidos no meio social. Assim, tamb\u00e9m \u00e9 uma fonte de informa\u00e7\u00e3o sobre o hist\u00f3rico de uma pessoa, bem como a sua forma de ver, lidar e interagir com o mundo.<\/p>\n<p>Como a express\u00e3o corporal \u00e9 influenciada diretamente pelo grau de consci\u00eancia que um indiv\u00edduo tem do pr\u00f3prio corpo, as atividades que a envolvem tamb\u00e9m d\u00e3o uma oportunidade para trazer luz para esse processo e para criar novas formas de express\u00e3o.<\/p>\n<p>Por fim, vale ressaltar que, com o desenvolvimento da express\u00e3o corporal, as manifesta\u00e7\u00f5es e express\u00f5es da personalidade passam a ser mais genu\u00ednas e maduras, pois nascem de uma integra\u00e7\u00e3o maior entre mente e corpo.<\/p>\n<hr \/>\n<h2>Se voc\u00ea gostou deste post:<\/h2>\n<ul>\n<li>SIGA as nossas p\u00e1ginas nas redes sociais para acompanhar as nossas atualiza\u00e7\u00f5es: estamos no <a href=\"https:\/\/www.facebook.com\/sabrabrasil\" target=\"_blank\" rel=\"noopener\">Facebook<\/a>, no <a href=\"https:\/\/www.instagram.com\/sabrabrasil\/\" target=\"_blank\" rel=\"noopener\">Instagram<\/a>, no <a href=\"https:\/\/www.linkedin.com\/company\/25002088\" target=\"_blank\" rel=\"noopener\">LinkedIn<\/a>, no <a href=\"https:\/\/twitter.com\/ContatoSabra\" target=\"_blank\" rel=\"noopener\">Twitter<\/a> e no <a href=\"https:\/\/www.youtube.com\/channel\/UCJw-kbuEvzUNdeQf20Pa-eQ\" target=\"_blank\" rel=\"noopener\">YouTube<\/a>!<\/p>\n<\/li>\n<li>\n<p>CONHE\u00c7A o trabalho da Sociedade Art\u00edstica Brasileira (SABRA) e todas as iniciativas culturais e sociais que ela mant\u00e9m. <a href=\"https:\/\/www.sabra.org.br\/site\/acoes\/\" target=\"_blank\" rel=\"noopener\">Acesse nosso site!<\/a><\/p>\n<\/li>\n<li>\n<p>ENTRE EM CONTATO com a gente. E veja quais s\u00e3o as op\u00e7\u00f5es de ajuda na manuten\u00e7\u00e3o de nossas a\u00e7\u00f5es sociais e culturais. Basta acessar nossa p\u00e1gina <a href=\"https:\/\/www.sabra.org.br\/site\/doe-agora\/\" target=\"_blank\" rel=\"noopener\">Doe Agora!<\/a><\/p>\n<\/li>\n<li>\n<p>COMPARTILHE este texto nas suas redes sociais e ajude os seus amigos a tamb\u00e9m dominarem o assunto!<\/p>\n<\/li>\n<\/ul>\n<p>\u2013 Os projetos da @sabrabrasil s\u00e3o realizados com o patroci\u0301nio m\u00e1ster: @institutounimedbh, viabilizado pelo incentivo de mais de 5,6 mil m\u00e9dicos cooperados e colaboradores via Lei de Incentivo \u00e0 Cultura &#8211; @culturagovbr<\/p>\n<p><strong>https:\/\/www.sabra.org.br\/site\/consciencia-ambiental\/<\/strong><br \/>\nTexto por: <a href=\"https:\/\/redaweb.com.br\">RedaWeb<\/a><\/p>\n","protected":false},"excerpt":{"rendered":"<p>Explore a express\u00e3o corporal e seus diversos n\u00edveis de desenvolvimento. Descubra como essa habilidade pode transformar sua vida.<\/p>\n","protected":false},"author":39,"featured_media":9898,"comment_status":"closed","ping_status":"closed","sticky":false,"template":"","format":"standard","meta":{"jetpack_post_was_ever_published":false,"_jetpack_newsletter_access":"","_jetpack_dont_email_post_to_subs":false,"_jetpack_newsletter_tier_id":0,"_jetpack_memberships_contains_paywalled_content":false,"_jetpack_memberships_contains_paid_content":false,"footnotes":""},"categories":[1],"tags":[15,2757,3626,3623,8,3629,1285,3628,16,3519,1286,11,3622,9],"class_list":["post-9845","post","type-post","status-publish","format-standard","has-post-thumbnail","hentry","category-blog-sabra","tag-assistencia-social","tag-belo-horizonte","tag-cabo-frio","tag-campos-dos-goytacazes","tag-canto-coral","tag-contagem","tag-escola-de-musica-sabra","tag-ibirite","tag-musicalizacao-infantil","tag-nova-lima-2","tag-orquestra-infanto-juvenil-de-betim","tag-orquestra-sinfonica-de-betim","tag-raposos","tag-sociedade-artistica-brasileira"],"yoast_head":"<!-- This site is optimized with the Yoast SEO plugin v27.5 - https:\/\/yoast.com\/product\/yoast-seo-wordpress\/ -->\n<title>Express\u00e3o Corporal: Conhe\u00e7a os seus benef\u00edcios - SABRA - Sociedade Art\u00edstica Brasileira<\/title>\n<meta name=\"description\" content=\"Explore a express\u00e3o corporal e seus diversos n\u00edveis de desenvolvimento. Descubra como essa habilidade pode transformar sua vida.\" \/>\n<meta name=\"robots\" content=\"index, follow, max-snippet:-1, max-image-preview:large, max-video-preview:-1\" \/>\n<link rel=\"canonical\" href=\"https:\/\/www.sabra.org.br\/site\/expressao-corporal\/\" \/>\n<meta property=\"og:locale\" content=\"pt_BR\" \/>\n<meta property=\"og:type\" content=\"article\" \/>\n<meta property=\"og:title\" content=\"Express\u00e3o Corporal: Conhe\u00e7a os seus benef\u00edcios - SABRA - Sociedade Art\u00edstica Brasileira\" \/>\n<meta property=\"og:description\" content=\"Explore a express\u00e3o corporal e seus diversos n\u00edveis de desenvolvimento. Descubra como essa habilidade pode transformar sua vida.\" \/>\n<meta property=\"og:url\" content=\"https:\/\/www.sabra.org.br\/site\/expressao-corporal\/\" \/>\n<meta property=\"og:site_name\" content=\"SABRA - Sociedade Art\u00edstica Brasileira\" \/>\n<meta property=\"article:publisher\" content=\"https:\/\/www.facebook.com\/sabrabrasil\" \/>\n<meta property=\"article:published_time\" content=\"2024-07-19T11:38:58+00:00\" \/>\n<meta property=\"og:image\" content=\"https:\/\/www.sabra.org.br\/site\/wp-content\/uploads\/2024\/07\/expressao-corporal-conheca-os-seus-beneficios-20190114103708.jpg-jpg.webp\" \/>\n\t<meta property=\"og:image:width\" content=\"800\" \/>\n\t<meta property=\"og:image:height\" content=\"534\" \/>\n\t<meta property=\"og:image:type\" content=\"image\/jpeg\" \/>\n<meta name=\"author\" content=\"M\u00e1rcio Miranda Pontes\" \/>\n<meta name=\"twitter:card\" content=\"summary_large_image\" \/>\n<meta name=\"twitter:creator\" content=\"@ContatoSabra\" \/>\n<meta name=\"twitter:site\" content=\"@ContatoSabra\" \/>\n<meta name=\"twitter:label1\" content=\"Escrito por\" \/>\n\t<meta name=\"twitter:data1\" content=\"M\u00e1rcio Miranda Pontes\" \/>\n\t<meta name=\"twitter:label2\" content=\"Est. tempo de leitura\" \/>\n\t<meta name=\"twitter:data2\" content=\"4 minutos\" \/>\n<script type=\"application\/ld+json\" class=\"yoast-schema-graph\">{\"@context\":\"https:\\\/\\\/schema.org\",\"@graph\":[{\"@type\":\"Article\",\"@id\":\"https:\\\/\\\/www.sabra.org.br\\\/site\\\/expressao-corporal\\\/#article\",\"isPartOf\":{\"@id\":\"https:\\\/\\\/www.sabra.org.br\\\/site\\\/expressao-corporal\\\/\"},\"author\":{\"name\":\"M\u00e1rcio Miranda Pontes\",\"@id\":\"https:\\\/\\\/www.sabra.org.br\\\/site\\\/#\\\/schema\\\/person\\\/7d1d222c3c8891d4c37c7b41bf6315c2\"},\"headline\":\"Express\u00e3o Corporal: Conhe\u00e7a os seus benef\u00edcios\",\"datePublished\":\"2024-07-19T11:38:58+00:00\",\"mainEntityOfPage\":{\"@id\":\"https:\\\/\\\/www.sabra.org.br\\\/site\\\/expressao-corporal\\\/\"},\"wordCount\":770,\"publisher\":{\"@id\":\"https:\\\/\\\/www.sabra.org.br\\\/site\\\/#organization\"},\"image\":{\"@id\":\"https:\\\/\\\/www.sabra.org.br\\\/site\\\/expressao-corporal\\\/#primaryimage\"},\"thumbnailUrl\":\"https:\\\/\\\/www.sabra.org.br\\\/site\\\/wp-content\\\/uploads\\\/2024\\\/07\\\/expressao-corporal-conheca-os-seus-beneficios-20190114103708.jpg-jpg.webp\",\"keywords\":[\"Assist\u00eancia social\",\"Belo Horizonte\",\"Cabo Frio\",\"Campos dos Goytacazes\",\"Canto Coral\",\"Contagem\",\"Escola de Musica SABRA\",\"Ibirit\u00e9\",\"Musicaliza\u00e7\u00e3o Infantil\",\"nova lima\",\"Orquestra Infanto Juvenil de Betim\",\"Orquestra Sinf\u00f4nica de Betim\",\"Raposos\",\"Sociedade Art\u00edstica Brasileira\"],\"articleSection\":[\"Blog SABRA\"],\"inLanguage\":\"pt-BR\"},{\"@type\":\"WebPage\",\"@id\":\"https:\\\/\\\/www.sabra.org.br\\\/site\\\/expressao-corporal\\\/\",\"url\":\"https:\\\/\\\/www.sabra.org.br\\\/site\\\/expressao-corporal\\\/\",\"name\":\"Express\u00e3o Corporal: Conhe\u00e7a os seus benef\u00edcios - SABRA - Sociedade Art\u00edstica Brasileira\",\"isPartOf\":{\"@id\":\"https:\\\/\\\/www.sabra.org.br\\\/site\\\/#website\"},\"primaryImageOfPage\":{\"@id\":\"https:\\\/\\\/www.sabra.org.br\\\/site\\\/expressao-corporal\\\/#primaryimage\"},\"image\":{\"@id\":\"https:\\\/\\\/www.sabra.org.br\\\/site\\\/expressao-corporal\\\/#primaryimage\"},\"thumbnailUrl\":\"https:\\\/\\\/www.sabra.org.br\\\/site\\\/wp-content\\\/uploads\\\/2024\\\/07\\\/expressao-corporal-conheca-os-seus-beneficios-20190114103708.jpg-jpg.webp\",\"datePublished\":\"2024-07-19T11:38:58+00:00\",\"description\":\"Explore a express\u00e3o corporal e seus diversos n\u00edveis de desenvolvimento. Descubra como essa habilidade pode transformar sua vida.\",\"breadcrumb\":{\"@id\":\"https:\\\/\\\/www.sabra.org.br\\\/site\\\/expressao-corporal\\\/#breadcrumb\"},\"inLanguage\":\"pt-BR\",\"potentialAction\":[{\"@type\":\"ReadAction\",\"target\":[\"https:\\\/\\\/www.sabra.org.br\\\/site\\\/expressao-corporal\\\/\"]}]},{\"@type\":\"ImageObject\",\"inLanguage\":\"pt-BR\",\"@id\":\"https:\\\/\\\/www.sabra.org.br\\\/site\\\/expressao-corporal\\\/#primaryimage\",\"url\":\"https:\\\/\\\/www.sabra.org.br\\\/site\\\/wp-content\\\/uploads\\\/2024\\\/07\\\/expressao-corporal-conheca-os-seus-beneficios-20190114103708.jpg-jpg.webp\",\"contentUrl\":\"https:\\\/\\\/www.sabra.org.br\\\/site\\\/wp-content\\\/uploads\\\/2024\\\/07\\\/expressao-corporal-conheca-os-seus-beneficios-20190114103708.jpg-jpg.webp\",\"width\":800,\"height\":534,\"caption\":\"Sociedade Art\u00edstica Brasileira SABRA\"},{\"@type\":\"BreadcrumbList\",\"@id\":\"https:\\\/\\\/www.sabra.org.br\\\/site\\\/expressao-corporal\\\/#breadcrumb\",\"itemListElement\":[{\"@type\":\"ListItem\",\"position\":1,\"name\":\"In\u00edcio\",\"item\":\"https:\\\/\\\/www.sabra.org.br\\\/site\\\/\"},{\"@type\":\"ListItem\",\"position\":2,\"name\":\"Express\u00e3o Corporal: Conhe\u00e7a os seus benef\u00edcios\"}]},{\"@type\":\"WebSite\",\"@id\":\"https:\\\/\\\/www.sabra.org.br\\\/site\\\/#website\",\"url\":\"https:\\\/\\\/www.sabra.org.br\\\/site\\\/\",\"name\":\"SABRA - Sociedade Art\u00edstica Brasileira\",\"description\":\"Escola de M\u00fasica, Orquestra Sinf\u00f4nica, Coral e Patrim\u00f4nio Cultural e Hist\u00f3rico\",\"publisher\":{\"@id\":\"https:\\\/\\\/www.sabra.org.br\\\/site\\\/#organization\"},\"potentialAction\":[{\"@type\":\"SearchAction\",\"target\":{\"@type\":\"EntryPoint\",\"urlTemplate\":\"https:\\\/\\\/www.sabra.org.br\\\/site\\\/?s={search_term_string}\"},\"query-input\":{\"@type\":\"PropertyValueSpecification\",\"valueRequired\":true,\"valueName\":\"search_term_string\"}}],\"inLanguage\":\"pt-BR\"},{\"@type\":\"Organization\",\"@id\":\"https:\\\/\\\/www.sabra.org.br\\\/site\\\/#organization\",\"name\":\"SOCIEDADE ART\u00cdSTICA BRASILEIRA SABRA\",\"alternateName\":\"SABRA\",\"url\":\"https:\\\/\\\/www.sabra.org.br\\\/site\\\/\",\"logo\":{\"@type\":\"ImageObject\",\"inLanguage\":\"pt-BR\",\"@id\":\"https:\\\/\\\/www.sabra.org.br\\\/site\\\/#\\\/schema\\\/logo\\\/image\\\/\",\"url\":\"https:\\\/\\\/www.sabra.org.br\\\/site\\\/wp-content\\\/uploads\\\/2019\\\/06\\\/cropped-Logo_SABRA-Copia-1.webp\",\"contentUrl\":\"https:\\\/\\\/www.sabra.org.br\\\/site\\\/wp-content\\\/uploads\\\/2019\\\/06\\\/cropped-Logo_SABRA-Copia-1.webp\",\"width\":400,\"height\":128,\"caption\":\"SOCIEDADE ART\u00cdSTICA BRASILEIRA SABRA\"},\"image\":{\"@id\":\"https:\\\/\\\/www.sabra.org.br\\\/site\\\/#\\\/schema\\\/logo\\\/image\\\/\"},\"sameAs\":[\"https:\\\/\\\/www.facebook.com\\\/sabrabrasil\",\"https:\\\/\\\/x.com\\\/ContatoSabra\",\"https:\\\/\\\/www.instagram.com\\\/sabrabrasil\\\/\",\"https:\\\/\\\/www.linkedin.com\\\/company\\\/25002088\\\/\",\"https:\\\/\\\/br.pinterest.com\\\/sociedadeartisticabrasileira\\\/\",\"https:\\\/\\\/www.youtube.com\\\/c\\\/sabrabrasil\"]},{\"@type\":\"Person\",\"@id\":\"https:\\\/\\\/www.sabra.org.br\\\/site\\\/#\\\/schema\\\/person\\\/7d1d222c3c8891d4c37c7b41bf6315c2\",\"name\":\"M\u00e1rcio Miranda Pontes\",\"image\":{\"@type\":\"ImageObject\",\"inLanguage\":\"pt-BR\",\"@id\":\"https:\\\/\\\/secure.gravatar.com\\\/avatar\\\/3b45f24496a7625a3a6c436688fbe20344faaeb2979658dc4a9921f984d7df9a?s=96&d=mm&r=g\",\"url\":\"https:\\\/\\\/secure.gravatar.com\\\/avatar\\\/3b45f24496a7625a3a6c436688fbe20344faaeb2979658dc4a9921f984d7df9a?s=96&d=mm&r=g\",\"contentUrl\":\"https:\\\/\\\/secure.gravatar.com\\\/avatar\\\/3b45f24496a7625a3a6c436688fbe20344faaeb2979658dc4a9921f984d7df9a?s=96&d=mm&r=g\",\"caption\":\"M\u00e1rcio Miranda Pontes\"},\"sameAs\":[\"http:\\\/\\\/www.sabra.org.br\"],\"url\":\"https:\\\/\\\/www.sabra.org.br\\\/site\\\/author\\\/marcio-miranda-pontes\\\/\"}]}<\/script>\n<!-- \/ Yoast SEO plugin. -->","yoast_head_json":{"title":"Express\u00e3o Corporal: Conhe\u00e7a os seus benef\u00edcios - SABRA - Sociedade Art\u00edstica Brasileira","description":"Explore a express\u00e3o corporal e seus diversos n\u00edveis de desenvolvimento. Descubra como essa habilidade pode transformar sua vida.","robots":{"index":"index","follow":"follow","max-snippet":"max-snippet:-1","max-image-preview":"max-image-preview:large","max-video-preview":"max-video-preview:-1"},"canonical":"https:\/\/www.sabra.org.br\/site\/expressao-corporal\/","og_locale":"pt_BR","og_type":"article","og_title":"Express\u00e3o Corporal: Conhe\u00e7a os seus benef\u00edcios - SABRA - Sociedade Art\u00edstica Brasileira","og_description":"Explore a express\u00e3o corporal e seus diversos n\u00edveis de desenvolvimento. Descubra como essa habilidade pode transformar sua vida.","og_url":"https:\/\/www.sabra.org.br\/site\/expressao-corporal\/","og_site_name":"SABRA - Sociedade Art\u00edstica Brasileira","article_publisher":"https:\/\/www.facebook.com\/sabrabrasil","article_published_time":"2024-07-19T11:38:58+00:00","og_image":[{"width":800,"height":534,"url":"https:\/\/www.sabra.org.br\/site\/wp-content\/uploads\/2024\/07\/expressao-corporal-conheca-os-seus-beneficios-20190114103708.jpg-jpg.webp","type":"image\/jpeg"}],"author":"M\u00e1rcio Miranda Pontes","twitter_card":"summary_large_image","twitter_creator":"@ContatoSabra","twitter_site":"@ContatoSabra","twitter_misc":{"Escrito por":"M\u00e1rcio Miranda Pontes","Est. tempo de leitura":"4 minutos"},"schema":{"@context":"https:\/\/schema.org","@graph":[{"@type":"Article","@id":"https:\/\/www.sabra.org.br\/site\/expressao-corporal\/#article","isPartOf":{"@id":"https:\/\/www.sabra.org.br\/site\/expressao-corporal\/"},"author":{"name":"M\u00e1rcio Miranda Pontes","@id":"https:\/\/www.sabra.org.br\/site\/#\/schema\/person\/7d1d222c3c8891d4c37c7b41bf6315c2"},"headline":"Express\u00e3o Corporal: Conhe\u00e7a os seus benef\u00edcios","datePublished":"2024-07-19T11:38:58+00:00","mainEntityOfPage":{"@id":"https:\/\/www.sabra.org.br\/site\/expressao-corporal\/"},"wordCount":770,"publisher":{"@id":"https:\/\/www.sabra.org.br\/site\/#organization"},"image":{"@id":"https:\/\/www.sabra.org.br\/site\/expressao-corporal\/#primaryimage"},"thumbnailUrl":"https:\/\/www.sabra.org.br\/site\/wp-content\/uploads\/2024\/07\/expressao-corporal-conheca-os-seus-beneficios-20190114103708.jpg-jpg.webp","keywords":["Assist\u00eancia social","Belo Horizonte","Cabo Frio","Campos dos Goytacazes","Canto Coral","Contagem","Escola de Musica SABRA","Ibirit\u00e9","Musicaliza\u00e7\u00e3o Infantil","nova lima","Orquestra Infanto Juvenil de Betim","Orquestra Sinf\u00f4nica de Betim","Raposos","Sociedade Art\u00edstica Brasileira"],"articleSection":["Blog SABRA"],"inLanguage":"pt-BR"},{"@type":"WebPage","@id":"https:\/\/www.sabra.org.br\/site\/expressao-corporal\/","url":"https:\/\/www.sabra.org.br\/site\/expressao-corporal\/","name":"Express\u00e3o Corporal: Conhe\u00e7a os seus benef\u00edcios - SABRA - Sociedade Art\u00edstica Brasileira","isPartOf":{"@id":"https:\/\/www.sabra.org.br\/site\/#website"},"primaryImageOfPage":{"@id":"https:\/\/www.sabra.org.br\/site\/expressao-corporal\/#primaryimage"},"image":{"@id":"https:\/\/www.sabra.org.br\/site\/expressao-corporal\/#primaryimage"},"thumbnailUrl":"https:\/\/www.sabra.org.br\/site\/wp-content\/uploads\/2024\/07\/expressao-corporal-conheca-os-seus-beneficios-20190114103708.jpg-jpg.webp","datePublished":"2024-07-19T11:38:58+00:00","description":"Explore a express\u00e3o corporal e seus diversos n\u00edveis de desenvolvimento. Descubra como essa habilidade pode transformar sua vida.","breadcrumb":{"@id":"https:\/\/www.sabra.org.br\/site\/expressao-corporal\/#breadcrumb"},"inLanguage":"pt-BR","potentialAction":[{"@type":"ReadAction","target":["https:\/\/www.sabra.org.br\/site\/expressao-corporal\/"]}]},{"@type":"ImageObject","inLanguage":"pt-BR","@id":"https:\/\/www.sabra.org.br\/site\/expressao-corporal\/#primaryimage","url":"https:\/\/www.sabra.org.br\/site\/wp-content\/uploads\/2024\/07\/expressao-corporal-conheca-os-seus-beneficios-20190114103708.jpg-jpg.webp","contentUrl":"https:\/\/www.sabra.org.br\/site\/wp-content\/uploads\/2024\/07\/expressao-corporal-conheca-os-seus-beneficios-20190114103708.jpg-jpg.webp","width":800,"height":534,"caption":"Sociedade Art\u00edstica Brasileira SABRA"},{"@type":"BreadcrumbList","@id":"https:\/\/www.sabra.org.br\/site\/expressao-corporal\/#breadcrumb","itemListElement":[{"@type":"ListItem","position":1,"name":"In\u00edcio","item":"https:\/\/www.sabra.org.br\/site\/"},{"@type":"ListItem","position":2,"name":"Express\u00e3o Corporal: Conhe\u00e7a os seus benef\u00edcios"}]},{"@type":"WebSite","@id":"https:\/\/www.sabra.org.br\/site\/#website","url":"https:\/\/www.sabra.org.br\/site\/","name":"SABRA - Sociedade Art\u00edstica Brasileira","description":"Escola de M\u00fasica, Orquestra Sinf\u00f4nica, Coral e Patrim\u00f4nio Cultural e Hist\u00f3rico","publisher":{"@id":"https:\/\/www.sabra.org.br\/site\/#organization"},"potentialAction":[{"@type":"SearchAction","target":{"@type":"EntryPoint","urlTemplate":"https:\/\/www.sabra.org.br\/site\/?s={search_term_string}"},"query-input":{"@type":"PropertyValueSpecification","valueRequired":true,"valueName":"search_term_string"}}],"inLanguage":"pt-BR"},{"@type":"Organization","@id":"https:\/\/www.sabra.org.br\/site\/#organization","name":"SOCIEDADE ART\u00cdSTICA BRASILEIRA SABRA","alternateName":"SABRA","url":"https:\/\/www.sabra.org.br\/site\/","logo":{"@type":"ImageObject","inLanguage":"pt-BR","@id":"https:\/\/www.sabra.org.br\/site\/#\/schema\/logo\/image\/","url":"https:\/\/www.sabra.org.br\/site\/wp-content\/uploads\/2019\/06\/cropped-Logo_SABRA-Copia-1.webp","contentUrl":"https:\/\/www.sabra.org.br\/site\/wp-content\/uploads\/2019\/06\/cropped-Logo_SABRA-Copia-1.webp","width":400,"height":128,"caption":"SOCIEDADE ART\u00cdSTICA BRASILEIRA SABRA"},"image":{"@id":"https:\/\/www.sabra.org.br\/site\/#\/schema\/logo\/image\/"},"sameAs":["https:\/\/www.facebook.com\/sabrabrasil","https:\/\/x.com\/ContatoSabra","https:\/\/www.instagram.com\/sabrabrasil\/","https:\/\/www.linkedin.com\/company\/25002088\/","https:\/\/br.pinterest.com\/sociedadeartisticabrasileira\/","https:\/\/www.youtube.com\/c\/sabrabrasil"]},{"@type":"Person","@id":"https:\/\/www.sabra.org.br\/site\/#\/schema\/person\/7d1d222c3c8891d4c37c7b41bf6315c2","name":"M\u00e1rcio Miranda Pontes","image":{"@type":"ImageObject","inLanguage":"pt-BR","@id":"https:\/\/secure.gravatar.com\/avatar\/3b45f24496a7625a3a6c436688fbe20344faaeb2979658dc4a9921f984d7df9a?s=96&d=mm&r=g","url":"https:\/\/secure.gravatar.com\/avatar\/3b45f24496a7625a3a6c436688fbe20344faaeb2979658dc4a9921f984d7df9a?s=96&d=mm&r=g","contentUrl":"https:\/\/secure.gravatar.com\/avatar\/3b45f24496a7625a3a6c436688fbe20344faaeb2979658dc4a9921f984d7df9a?s=96&d=mm&r=g","caption":"M\u00e1rcio Miranda Pontes"},"sameAs":["http:\/\/www.sabra.org.br"],"url":"https:\/\/www.sabra.org.br\/site\/author\/marcio-miranda-pontes\/"}]}},"jetpack_featured_media_url":"https:\/\/www.sabra.org.br\/site\/wp-content\/uploads\/2024\/07\/expressao-corporal-conheca-os-seus-beneficios-20190114103708.jpg-jpg.webp","jetpack_shortlink":"https:\/\/wp.me\/p95j2Z-2yN","jetpack-related-posts":[{"id":9886,"url":"https:\/\/www.sabra.org.br\/site\/criancas-expressao-corporal\/","url_meta":{"origin":9845,"position":0},"title":"Como a express\u00e3o corporal pode ser aplicada no dia a dia das crian\u00e7as?","author":"M\u00e1rcio Miranda Pontes","date":"19 de julho de 2024","format":false,"excerpt":"Descubra a import\u00e2ncia da express\u00e3o corporal na inf\u00e2ncia. Saiba como gestos e movimentos podem auxiliar no desenvolvimento das crian\u00e7as.","rel":"","context":"Em &quot;Blog SABRA&quot;","block_context":{"text":"Blog SABRA","link":"https:\/\/www.sabra.org.br\/site\/category\/blog-sabra\/"},"img":{"alt_text":"sabra-m\u00fasica-crian\u00e7as-express\u00e3o-corporal-empresa","src":"https:\/\/i0.wp.com\/www.sabra.org.br\/site\/wp-content\/uploads\/2024\/07\/como-a-expressao-corporal-pode-ser-aplicada-no-dia-a-dia-das-criancas-20190114103708.jpg-jpg.webp?resize=350%2C200&ssl=1","width":350,"height":200,"srcset":"https:\/\/i0.wp.com\/www.sabra.org.br\/site\/wp-content\/uploads\/2024\/07\/como-a-expressao-corporal-pode-ser-aplicada-no-dia-a-dia-das-criancas-20190114103708.jpg-jpg.webp?resize=350%2C200&ssl=1 1x, https:\/\/i0.wp.com\/www.sabra.org.br\/site\/wp-content\/uploads\/2024\/07\/como-a-expressao-corporal-pode-ser-aplicada-no-dia-a-dia-das-criancas-20190114103708.jpg-jpg.webp?resize=525%2C300&ssl=1 1.5x, https:\/\/i0.wp.com\/www.sabra.org.br\/site\/wp-content\/uploads\/2024\/07\/como-a-expressao-corporal-pode-ser-aplicada-no-dia-a-dia-das-criancas-20190114103708.jpg-jpg.webp?resize=700%2C400&ssl=1 2x"},"classes":[]},{"id":13137,"url":"https:\/\/www.sabra.org.br\/site\/por-que-e-importante-para-as-criancas-desenvolverem-a-expressao-corporal\/","url_meta":{"origin":9845,"position":1},"title":"Por que \u00e9 importante para as crian\u00e7as desenvolverem a express\u00e3o corporal?","author":"","date":"22 de agosto de 2025","format":false,"excerpt":"Ao longo da vida, aprendemos que o nosso corpo fala tanto quanto a boca. As express\u00f5es e os gestos s\u00e3o uma ferramenta poderosa de comunica\u00e7\u00e3o. Mas essa percep\u00e7\u00e3o n\u00e3o vem propriamente da fase adulta: \u00e9 na inf\u00e2ncia que desenvolvemos nosso processo de express\u00e3o corporal. \u00c9 a partir do pr\u00f3prio corpo\u2026","rel":"","context":"Em &quot;Blog SABRA&quot;","block_context":{"text":"Blog SABRA","link":"https:\/\/www.sabra.org.br\/site\/category\/blog-sabra\/"},"img":{"alt_text":"","src":"","width":0,"height":0},"classes":[]},{"id":9786,"url":"https:\/\/www.sabra.org.br\/site\/corpo-danca-expressao-corporal\/","url_meta":{"origin":9845,"position":2},"title":"Corpo: dan\u00e7a como ferramenta de express\u00e3o corporal","author":"M\u00e1rcio Miranda Pontes","date":"1 de julho de 2024","format":false,"excerpt":"Descubra a rela\u00e7\u00e3o entre dan\u00e7a e express\u00e3o corporal. Entenda como a dan\u00e7a utiliza o corpo como canal de comunica\u00e7\u00e3o de ideias e emo\u00e7\u00f5es.","rel":"","context":"Em &quot;Blog SABRA&quot;","block_context":{"text":"Blog SABRA","link":"https:\/\/www.sabra.org.br\/site\/category\/blog-sabra\/"},"img":{"alt_text":"sabra-m\u00fasica-dan\u00e7a-corpo-expressar-sociais","src":"https:\/\/i0.wp.com\/www.sabra.org.br\/site\/wp-content\/uploads\/2024\/06\/a-danca-como-ferramenta-de-expressao-corporal-20181109101935.jpg-jpg.webp?resize=350%2C200&ssl=1","width":350,"height":200,"srcset":"https:\/\/i0.wp.com\/www.sabra.org.br\/site\/wp-content\/uploads\/2024\/06\/a-danca-como-ferramenta-de-expressao-corporal-20181109101935.jpg-jpg.webp?resize=350%2C200&ssl=1 1x, https:\/\/i0.wp.com\/www.sabra.org.br\/site\/wp-content\/uploads\/2024\/06\/a-danca-como-ferramenta-de-expressao-corporal-20181109101935.jpg-jpg.webp?resize=525%2C300&ssl=1 1.5x, https:\/\/i0.wp.com\/www.sabra.org.br\/site\/wp-content\/uploads\/2024\/06\/a-danca-como-ferramenta-de-expressao-corporal-20181109101935.jpg-jpg.webp?resize=700%2C400&ssl=1 2x"},"classes":[]},{"id":7830,"url":"https:\/\/www.sabra.org.br\/site\/criatividade-infantil\/","url_meta":{"origin":9845,"position":3},"title":"Criatividade em harmonia: Passos para estimular a express\u00e3o infantil","author":"M\u00e1rcio Miranda Pontes","date":"17 de agosto de 2023","format":false,"excerpt":"Descubra 6 passos essenciais para estimular a criatividade e express\u00e3o infantil de forma harmoniosa! Confira agora mesmo como proporcionar um ambiente enriquecedor e encorajar as crian\u00e7as a explorarem suas habilidades criativas.","rel":"","context":"Em &quot;Blog SABRA&quot;","block_context":{"text":"Blog SABRA","link":"https:\/\/www.sabra.org.br\/site\/category\/blog-sabra\/"},"img":{"alt_text":"sabra-m\u00fasica-express\u00e3o-crian\u00e7as-estimula-criatividade-incentivada-explorar-proporcione-infantil","src":"https:\/\/i0.wp.com\/www.sabra.org.br\/site\/wp-content\/uploads\/2023\/08\/criatividade-em-harmonia-x-passos-para-estimular-a-expressao-infantiljpg-20230628095402.jpg-jpg.webp?resize=350%2C200&ssl=1","width":350,"height":200,"srcset":"https:\/\/i0.wp.com\/www.sabra.org.br\/site\/wp-content\/uploads\/2023\/08\/criatividade-em-harmonia-x-passos-para-estimular-a-expressao-infantiljpg-20230628095402.jpg-jpg.webp?resize=350%2C200&ssl=1 1x, https:\/\/i0.wp.com\/www.sabra.org.br\/site\/wp-content\/uploads\/2023\/08\/criatividade-em-harmonia-x-passos-para-estimular-a-expressao-infantiljpg-20230628095402.jpg-jpg.webp?resize=525%2C300&ssl=1 1.5x, https:\/\/i0.wp.com\/www.sabra.org.br\/site\/wp-content\/uploads\/2023\/08\/criatividade-em-harmonia-x-passos-para-estimular-a-expressao-infantiljpg-20230628095402.jpg-jpg.webp?resize=700%2C400&ssl=1 2x"},"classes":[]},{"id":2077,"url":"https:\/\/www.sabra.org.br\/site\/corpo-e-espaco\/","url_meta":{"origin":9845,"position":4},"title":"Movimento Corporal e M\u00fasica","author":"M\u00e1rcio Miranda Pontes","date":"24 de maio de 2019","format":false,"excerpt":"Descubra como a consci\u00eancia corporal afeta sua mente e espa\u00e7o. Entenda a rela\u00e7\u00e3o entre corpo e percep\u00e7\u00e3o.","rel":"","context":"Em &quot;Blog SABRA&quot;","block_context":{"text":"Blog SABRA","link":"https:\/\/www.sabra.org.br\/site\/category\/blog-sabra\/"},"img":{"alt_text":"Movimento Corporal e M\u00fasica","src":"https:\/\/i0.wp.com\/www.sabra.org.br\/site\/wp-content\/uploads\/2019\/05\/a-relacao-da-musica-com-movimentos-corporais-20181030105249.jpg.jpg?resize=350%2C200&ssl=1","width":350,"height":200,"srcset":"https:\/\/i0.wp.com\/www.sabra.org.br\/site\/wp-content\/uploads\/2019\/05\/a-relacao-da-musica-com-movimentos-corporais-20181030105249.jpg.jpg?resize=350%2C200&ssl=1 1x, https:\/\/i0.wp.com\/www.sabra.org.br\/site\/wp-content\/uploads\/2019\/05\/a-relacao-da-musica-com-movimentos-corporais-20181030105249.jpg.jpg?resize=525%2C300&ssl=1 1.5x, https:\/\/i0.wp.com\/www.sabra.org.br\/site\/wp-content\/uploads\/2019\/05\/a-relacao-da-musica-com-movimentos-corporais-20181030105249.jpg.jpg?resize=700%2C400&ssl=1 2x"},"classes":[]},{"id":13442,"url":"https:\/\/www.sabra.org.br\/site\/arte-crianca\/","url_meta":{"origin":9845,"position":5},"title":"Como as express\u00f5es art\u00edsticas influenciam no aprendizado de crian\u00e7as e adolescentes?","author":"M\u00e1rcio Miranda Pontes","date":"4 de junho de 2025","format":false,"excerpt":"Entenda como a arte impacta o desenvolvimento das crian\u00e7as e sua import\u00e2ncia nas escolas brasileiras para a educa\u00e7\u00e3o integral.","rel":"","context":"Em &quot;Blog SABRA&quot;","block_context":{"text":"Blog SABRA","link":"https:\/\/www.sabra.org.br\/site\/category\/blog-sabra\/"},"img":{"alt_text":"","src":"","width":0,"height":0},"classes":[]}],"jetpack_likes_enabled":true,"jetpack_sharing_enabled":true,"_links":{"self":[{"href":"https:\/\/www.sabra.org.br\/site\/wp-json\/wp\/v2\/posts\/9845","targetHints":{"allow":["GET"]}}],"collection":[{"href":"https:\/\/www.sabra.org.br\/site\/wp-json\/wp\/v2\/posts"}],"about":[{"href":"https:\/\/www.sabra.org.br\/site\/wp-json\/wp\/v2\/types\/post"}],"author":[{"embeddable":true,"href":"https:\/\/www.sabra.org.br\/site\/wp-json\/wp\/v2\/users\/39"}],"replies":[{"embeddable":true,"href":"https:\/\/www.sabra.org.br\/site\/wp-json\/wp\/v2\/comments?post=9845"}],"version-history":[{"count":0,"href":"https:\/\/www.sabra.org.br\/site\/wp-json\/wp\/v2\/posts\/9845\/revisions"}],"wp:featuredmedia":[{"embeddable":true,"href":"https:\/\/www.sabra.org.br\/site\/wp-json\/wp\/v2\/media\/9898"}],"wp:attachment":[{"href":"https:\/\/www.sabra.org.br\/site\/wp-json\/wp\/v2\/media?parent=9845"}],"wp:term":[{"taxonomy":"category","embeddable":true,"href":"https:\/\/www.sabra.org.br\/site\/wp-json\/wp\/v2\/categories?post=9845"},{"taxonomy":"post_tag","embeddable":true,"href":"https:\/\/www.sabra.org.br\/site\/wp-json\/wp\/v2\/tags?post=9845"}],"curies":[{"name":"wp","href":"https:\/\/api.w.org\/{rel}","templated":true}]}}